{"id":48295,"date":"2021-11-23T08:48:44","date_gmt":"2021-11-23T07:48:44","guid":{"rendered":"https:\/\/exaudi.org\/venerable-doroteo-hernandez-impulsor-en-la-formacion-del-laicado\/"},"modified":"2021-11-23T08:48:44","modified_gmt":"2021-11-23T07:48:44","slug":"venerable-doroteo-hernandez-impulsor-en-la-formacion-del-laicado","status":"publish","type":"post","link":"https:\/\/exaudi.org\/es\/venerable-doroteo-hernandez-impulsor-en-la-formacion-del-laicado\/","title":{"rendered":"Venerable Doroteo Hern\u00e1ndez: Impulsor en la formaci\u00f3n del laicado"},"content":{"rendered":"<p>\u201cEncontrar\u00e1s la vida dando vida, la esperanza dando esperanza y el amor amando\u201d es el mensaje que comparte el <a href=\"https:\/\/exaudidev.wpengine.com\/es\/papa-chipre-grecia\/\" target=\"_blank\" rel=\"noopener\">Papa Francisco<\/a> en su primera exhortaci\u00f3n apost\u00f3lica <a href=\"https:\/\/www.vatican.va\/content\/francesco\/es\/apost_exhortations\/documents\/papa-francesco_esortazione-ap_20131124_evangelii-gaudium.html\" target=\"_blank\" rel=\"noopener\"><em>Evangelli Gaudium<\/em><\/a>. Una misi\u00f3n que las integrantes del instituto secular Cruzada Evang\u00e9lica, llevan adelante en la casa hogar Santa Clara, ubicada en Pachacamac, al sur de Lima.<\/p>\n<figure id=\"attachment_41309\" aria-describedby=\"caption-attachment-41309\" style=\"width: 159px\" class=\"wp-caption alignleft\"><img loading=\"lazy\" decoding=\"async\" class=\"size-medium wp-image-41309\" src=\"https:\/\/exaudi.org\/wp-content\/uploads\/2022\/01\/WhatsApp-Image-2021-11-21-at-17.20.21-1-1-159x300.jpeg\" alt=\"\" width=\"159\" height=\"300\" \/><figcaption id=\"caption-attachment-41309\" class=\"wp-caption-text\">Mar\u00eda del Carmen Mart\u00ednez \u00a9 Esther N\u00fa\u00f1ez<\/figcaption><\/figure>\n<p>Inspiradas por el carisma de su fundador, el venerable sacerdote espa\u00f1ol, Doroteo Hern\u00e1ndez Vera, quien el \u00faltimo 6 de noviembre cumpli\u00f3 30 a\u00f1os de su partida a la casa del padre, las hermanas consagradas con los cuatro votos de pobreza, castidad, obediencia y apostolado tocan la carne del hermano con el ung\u00fcento del amor, de la misericordia y la ternura, como lo se\u00f1ala el Sumo P<span style=\"color: #222222; font-size: 15px;\">ont\u00edfice en el documento mencionado l\u00edneas arriba.<\/span><\/p>\n<h4><strong>\u201cCasa hogar\u201d en marcha<\/strong><\/h4>\n<p>No existe una relaci\u00f3n autentica con Dios, sin una relaci\u00f3n aut\u00e9ntica con los dem\u00e1s (EG. n 91); este camino consiste en encontrarse con el otro acept\u00e1ndolo como compa\u00f1ero de camino. \u201cAprender a descubrir a Jes\u00fas en el rostro de los dem\u00e1s, en su voz, en sus reclamos\u201d, destaca el santo padre.<\/p>\n<p>As\u00ed lo han entendido Mar\u00eda del Carmen Mart\u00ednez Jesuraga y Anastasie Lupondji Ngosa, actual directora local, de la casa hogar Santa Clara, centro de promoci\u00f3n evang\u00e9lica, que alberga a ni\u00f1as de las zonas m\u00e1s vulnerables del pa\u00eds andino.<\/p>\n<p>En el hogar las ni\u00f1as aprenden a cocinar nutritivo de las m\u00e1s experimentadas, entre otros quehaceres, se les ense\u00f1a costura; primero a mano, y luego utilizan las m\u00e1quinas de coser. Otro grupo pone en pr\u00e1ctica su creatividad en el tejido, cosmetolog\u00eda y reposter\u00eda. As\u00ed, van turnando sus responsabilidades dentro de la casa.<\/p>\n<h4><strong>Una vida en misi\u00f3n<\/strong><\/h4>\n<figure id=\"attachment_41306\" aria-describedby=\"caption-attachment-41306\" style=\"width: 300px\" class=\"wp-caption alignright\"><img loading=\"lazy\" decoding=\"async\" class=\"size-medium wp-image-41306\" src=\"https:\/\/exaudi.org\/wp-content\/uploads\/2022\/01\/WhatsApp-Image-2021-11-21-at-17.21.55-1-1-300x170.jpeg\" alt=\"\" width=\"300\" height=\"170\" \/><figcaption id=\"caption-attachment-41306\" class=\"wp-caption-text\">Misa de acci\u00f3n de gracias \u00a9 Esther N\u00fa\u00f1ez<\/figcaption><\/figure>\n<p>Tras las huellas de Doroteo Hern\u00e1ndez, la cruzada evang\u00e9lica Mar\u00eda del Carmen entrega su vida a la misi\u00f3n en tierras peruanas. Natural de Santander, Espa\u00f1a, desde hace 50 a\u00f1os decidi\u00f3 abrir su coraz\u00f3n al servicio de los dem\u00e1s.<\/p>\n<p>\u201cTodo por Jes\u00fas y por las almas\u201d es el lema que la acompa\u00f1\u00f3 durante la acci\u00f3n de gracias celebrada por el regalo que trae a su vida servir durante cincuenta a\u00f1os a los m\u00e1s vulnerables, desde que realiz\u00f3 sus votos perpetuos el 15 de agosto de 1971.<\/p>\n<p>Al cumplir los 18 a\u00f1os ingres\u00f3 al instituto secular Cruzada Evang\u00e9lica para ofrecer su vida a quienes m\u00e1s lo necesitan. Desde entonces, vive atenta al carisma de su fundador: \u201cbuscar hacer lo ordinario, extraordinariamente bien hecho\u201d.<\/p>\n<h4><strong>Siempre en camino<\/strong><\/h4>\n<figure id=\"attachment_41303\" aria-describedby=\"caption-attachment-41303\" style=\"width: 300px\" class=\"wp-caption alignleft\"><img loading=\"lazy\" decoding=\"async\" class=\"size-medium wp-image-41303\" src=\"https:\/\/exaudi.org\/wp-content\/uploads\/2022\/01\/WhatsApp-Image-2021-11-21-at-17.29.53-1-1-300x169.jpeg\" alt=\"\" width=\"300\" height=\"169\" \/><figcaption id=\"caption-attachment-41303\" class=\"wp-caption-text\">Entrevista con Mar\u00eda del Carmen Mart\u00ednez \u00a9 Esther N\u00fa\u00f1ez<\/figcaption><\/figure>\n<p>Cuando la mitad de la poblaci\u00f3n de Santander, en Espa\u00f1a, ard\u00eda en llamas, acept\u00f3 ser directora del antiguo hip\u00f3dromo visitado por los reyes espa\u00f1oles, adecuado para asistir a los afectados por este desastre, ocurrido en el a\u00f1o 1941. En ese lugar se estableci\u00f3 por primera vez el instituto, para atender con especial cuidado a los ni\u00f1os, a solicitud de los miembros de Acci\u00f3n Cat\u00f3lica confiesa en una entrevista exclusiva a <a href=\"https:\/\/exaudidev.wpengine.com\/es\/author\/esthernunez\/\" target=\"_blank\" rel=\"noopener\">Esther N\u00fa\u00f1ez<\/a>, colaboradora de Exaudi. Decidida a seguir adelante, siempre al servicio de la educaci\u00f3n de quienes no tienen oportunidades, lleg\u00f3 al Per\u00fa en 1985, cuando las huestes de las fuerzas subversivas azotaban al pa\u00eds.<\/p>\n<p>Con 22 a\u00f1os de servicio en la docencia ense\u00f1\u00f3 educaci\u00f3n religiosa en el colegio Fe y Alegr\u00eda de San Juan de Lurigancho en Lima, una de las zonas m\u00e1s vulnerables. Ya suman m\u00e1s de 30 a\u00f1os de permanencia en el Per\u00fa, en ese transcurso forj\u00f3 generaciones de ni\u00f1as, algunas de ellas enamoradas tambi\u00e9n de esta misi\u00f3n.<\/p>\n<p>Es por eso que, en nuestros d\u00edas la labor de los laicos consagrados se hace cada vez m\u00e1s necesaria para evangelizar desde una Iglesia en salida.<\/p>\n","protected":false},"excerpt":{"rendered":"<p>30 a\u00f1os de su muerte. Cruzadas evang\u00e9licas en camino de misi\u00f3n<\/p>\n","protected":false},"author":39,"featured_media":48299,"comment_status":"open","ping_status":"open","sticky":false,"template":"","format":"standard","meta":{"_acf_changed":false,"_crdt_document":"","inline_featured_image":false,"footnotes":""},"categories":[76,74,298],"tags":[5463],"class_list":["post-48295","post","type-post","status-publish","format-standard","has-post-thumbnail","hentry","category-arte-y-cultura","category-iglesia-y-mundo","category-ultimas-noticias","tag-venerable-doroteo-hernandez"],"acf":[],"yoast_head":"<!-- This site is optimized with the Yoast SEO plugin v27.5 - https:\/\/yoast.com\/product\/yoast-seo-wordpress\/ -->\n<title>Venerable Doroteo Hern\u00e1ndez: Impulsor en la formaci\u00f3n del laicado &#8211; Exaudi<\/title>\n<meta name=\"description\" content=\"El Venerable Doroteo Hern\u00e1ndez fue un impulsor en la formaci\u00f3n del laicado de inspiraci\u00f3n apost\u00f3lica y cuya misi\u00f3n contin\u00faa.\" \/>\n<meta name=\"robots\" content=\"index, follow, max-snippet:-1, max-image-preview:large, max-video-preview:-1\" \/>\n<link rel=\"canonical\" href=\"https:\/\/exaudi.org\/es\/venerable-doroteo-hernandez-impulsor-en-la-formacion-del-laicado\/\" \/>\n<meta property=\"og:locale\" content=\"es_ES\" \/>\n<meta property=\"og:type\" content=\"article\" \/>\n<meta property=\"og:title\" content=\"Venerable Doroteo Hern\u00e1ndez: Impulsor en la formaci\u00f3n del laicado &#8211; Exaudi\" \/>\n<meta property=\"og:description\" content=\"El Venerable Doroteo Hern\u00e1ndez fue un impulsor en la formaci\u00f3n del laicado de inspiraci\u00f3n apost\u00f3lica y cuya misi\u00f3n contin\u00faa.\" \/>\n<meta property=\"og:url\" content=\"https:\/\/exaudi.org\/es\/venerable-doroteo-hernandez-impulsor-en-la-formacion-del-laicado\/\" \/>\n<meta property=\"og:site_name\" content=\"Exaudi\" \/>\n<meta property=\"article:publisher\" content=\"https:\/\/www.facebook.com\/ExaudiNews\" \/>\n<meta property=\"article:published_time\" content=\"2021-11-23T07:48:44+00:00\" \/>\n<meta property=\"og:image\" content=\"https:\/\/exaudi.org\/wp-content\/uploads\/2022\/01\/Disen\u0303o-sin-ti\u0301tulo-1-17-e1637681730794.jpg\" \/>\n\t<meta property=\"og:image:width\" content=\"764\" \/>\n\t<meta property=\"og:image:height\" content=\"443\" \/>\n\t<meta property=\"og:image:type\" content=\"image\/jpeg\" \/>\n<meta name=\"author\" content=\"Esther N\u00fa\u00f1ez\" \/>\n<meta name=\"twitter:card\" content=\"summary_large_image\" \/>\n<meta name=\"twitter:creator\" content=\"@Exaudi_News\" \/>\n<meta name=\"twitter:site\" content=\"@Exaudi_News\" \/>\n<meta name=\"twitter:label1\" content=\"Escrito por\" \/>\n\t<meta name=\"twitter:data1\" content=\"Esther N\u00fa\u00f1ez\" \/>\n\t<meta name=\"twitter:label2\" content=\"Tiempo de lectura\" \/>\n\t<meta name=\"twitter:data2\" content=\"4 minutos\" \/>\n<script type=\"application\/ld+json\" class=\"yoast-schema-graph\">{\"@context\":\"https:\\\/\\\/schema.org\",\"@graph\":[{\"@type\":\"Article\",\"@id\":\"https:\\\/\\\/exaudi.org\\\/es\\\/venerable-doroteo-hernandez-impulsor-en-la-formacion-del-laicado\\\/#article\",\"isPartOf\":{\"@id\":\"https:\\\/\\\/exaudi.org\\\/es\\\/venerable-doroteo-hernandez-impulsor-en-la-formacion-del-laicado\\\/\"},\"author\":{\"name\":\"Esther N\u00fa\u00f1ez\",\"@id\":\"https:\\\/\\\/exaudi.org\\\/#\\\/schema\\\/person\\\/7105d7735b2bf8c31e7cf8784351ebbc\"},\"headline\":\"Venerable Doroteo Hern\u00e1ndez: Impulsor en la formaci\u00f3n del laicado\",\"datePublished\":\"2021-11-23T07:48:44+00:00\",\"mainEntityOfPage\":{\"@id\":\"https:\\\/\\\/exaudi.org\\\/es\\\/venerable-doroteo-hernandez-impulsor-en-la-formacion-del-laicado\\\/\"},\"wordCount\":708,\"commentCount\":0,\"image\":{\"@id\":\"https:\\\/\\\/exaudi.org\\\/es\\\/venerable-doroteo-hernandez-impulsor-en-la-formacion-del-laicado\\\/#primaryimage\"},\"thumbnailUrl\":\"https:\\\/\\\/exaudi.org\\\/wp-content\\\/uploads\\\/2022\\\/01\\\/Disen\u0303o-sin-ti\u0301tulo-1-17-e1637681730794.jpg\",\"keywords\":[\"Venerable Doroteo Hern\u00e1ndez\"],\"articleSection\":[\"Arte y Cultura\",\"Iglesia y Mundo\",\"\u00daltimas noticias\"],\"inLanguage\":\"es\",\"potentialAction\":[{\"@type\":\"CommentAction\",\"name\":\"Comment\",\"target\":[\"https:\\\/\\\/exaudi.org\\\/es\\\/venerable-doroteo-hernandez-impulsor-en-la-formacion-del-laicado\\\/#respond\"]}]},{\"@type\":\"WebPage\",\"@id\":\"https:\\\/\\\/exaudi.org\\\/es\\\/venerable-doroteo-hernandez-impulsor-en-la-formacion-del-laicado\\\/\",\"url\":\"https:\\\/\\\/exaudi.org\\\/es\\\/venerable-doroteo-hernandez-impulsor-en-la-formacion-del-laicado\\\/\",\"name\":\"Venerable Doroteo Hern\u00e1ndez: Impulsor en la formaci\u00f3n del laicado &#8211; Exaudi\",\"isPartOf\":{\"@id\":\"https:\\\/\\\/exaudi.org\\\/#website\"},\"primaryImageOfPage\":{\"@id\":\"https:\\\/\\\/exaudi.org\\\/es\\\/venerable-doroteo-hernandez-impulsor-en-la-formacion-del-laicado\\\/#primaryimage\"},\"image\":{\"@id\":\"https:\\\/\\\/exaudi.org\\\/es\\\/venerable-doroteo-hernandez-impulsor-en-la-formacion-del-laicado\\\/#primaryimage\"},\"thumbnailUrl\":\"https:\\\/\\\/exaudi.org\\\/wp-content\\\/uploads\\\/2022\\\/01\\\/Disen\u0303o-sin-ti\u0301tulo-1-17-e1637681730794.jpg\",\"datePublished\":\"2021-11-23T07:48:44+00:00\",\"author\":{\"@id\":\"https:\\\/\\\/exaudi.org\\\/#\\\/schema\\\/person\\\/7105d7735b2bf8c31e7cf8784351ebbc\"},\"description\":\"El Venerable Doroteo Hern\u00e1ndez fue un impulsor en la formaci\u00f3n del laicado de inspiraci\u00f3n apost\u00f3lica y cuya misi\u00f3n contin\u00faa.\",\"breadcrumb\":{\"@id\":\"https:\\\/\\\/exaudi.org\\\/es\\\/venerable-doroteo-hernandez-impulsor-en-la-formacion-del-laicado\\\/#breadcrumb\"},\"inLanguage\":\"es\",\"potentialAction\":[{\"@type\":\"ReadAction\",\"target\":[\"https:\\\/\\\/exaudi.org\\\/es\\\/venerable-doroteo-hernandez-impulsor-en-la-formacion-del-laicado\\\/\"]}]},{\"@type\":\"ImageObject\",\"inLanguage\":\"es\",\"@id\":\"https:\\\/\\\/exaudi.org\\\/es\\\/venerable-doroteo-hernandez-impulsor-en-la-formacion-del-laicado\\\/#primaryimage\",\"url\":\"https:\\\/\\\/exaudi.org\\\/wp-content\\\/uploads\\\/2022\\\/01\\\/Disen\u0303o-sin-ti\u0301tulo-1-17-e1637681730794.jpg\",\"contentUrl\":\"https:\\\/\\\/exaudi.org\\\/wp-content\\\/uploads\\\/2022\\\/01\\\/Disen\u0303o-sin-ti\u0301tulo-1-17-e1637681730794.jpg\",\"width\":764,\"height\":443,\"caption\":\"Venerable Doroteo Hern\u00e1ndez \u00a9 Instituto secular Cruzada Evang\u00e9lica\"},{\"@type\":\"BreadcrumbList\",\"@id\":\"https:\\\/\\\/exaudi.org\\\/es\\\/venerable-doroteo-hernandez-impulsor-en-la-formacion-del-laicado\\\/#breadcrumb\",\"itemListElement\":[{\"@type\":\"ListItem\",\"position\":1,\"name\":\"Portada\",\"item\":\"https:\\\/\\\/exaudi.org\\\/es\\\/\"},{\"@type\":\"ListItem\",\"position\":2,\"name\":\"Venerable Doroteo Hern\u00e1ndez: Impulsor en la formaci\u00f3n del laicado\"}]},{\"@type\":\"WebSite\",\"@id\":\"https:\\\/\\\/exaudi.org\\\/#website\",\"url\":\"https:\\\/\\\/exaudi.org\\\/\",\"name\":\"Exaudi\",\"description\":\"News\",\"potentialAction\":[{\"@type\":\"SearchAction\",\"target\":{\"@type\":\"EntryPoint\",\"urlTemplate\":\"https:\\\/\\\/exaudi.org\\\/?s={search_term_string}\"},\"query-input\":{\"@type\":\"PropertyValueSpecification\",\"valueRequired\":true,\"valueName\":\"search_term_string\"}}],\"inLanguage\":\"es\"},{\"@type\":\"Person\",\"@id\":\"https:\\\/\\\/exaudi.org\\\/#\\\/schema\\\/person\\\/7105d7735b2bf8c31e7cf8784351ebbc\",\"name\":\"Esther N\u00fa\u00f1ez\",\"image\":{\"@type\":\"ImageObject\",\"inLanguage\":\"es\",\"@id\":\"https:\\\/\\\/secure.gravatar.com\\\/avatar\\\/856566533d218d9d7b852b03a545bc963463ade36cec448d0cba38a2d59be800?s=96&d=mm&r=g\",\"url\":\"https:\\\/\\\/secure.gravatar.com\\\/avatar\\\/856566533d218d9d7b852b03a545bc963463ade36cec448d0cba38a2d59be800?s=96&d=mm&r=g\",\"contentUrl\":\"https:\\\/\\\/secure.gravatar.com\\\/avatar\\\/856566533d218d9d7b852b03a545bc963463ade36cec448d0cba38a2d59be800?s=96&d=mm&r=g\",\"caption\":\"Esther N\u00fa\u00f1ez\"},\"description\":\"Lima, Per\u00fa Periodista colegiada con ejercicio de la profesi\u00f3n desde 2001. Licenciada en periodismo por la Universidad Jaime Bausate y Meza, de Lima. Estudios complementarios en Teolog\u00eda, Filosof\u00eda, Comunicaci\u00f3n Digital; as\u00ed como en Conducci\u00f3n de noticieros y producci\u00f3n audiovisual. Con preparaci\u00f3n adicional en doctrina social de la Iglesia, comunicaci\u00f3n institucional en el sector p\u00fablico y eclesial. Ha ejercido tareas como imagen institucional en la Oficina de Educaci\u00f3n de la Conferencia Episcopal Peruana. Asimismo, Jefa de prensa de un canal y editora de dos revistas impresas. Experiencia en la realizaci\u00f3n de talleres de redacci\u00f3n, as\u00ed como en corresponsal\u00edas de agencias y portales web, direcci\u00f3n, producci\u00f3n y conducci\u00f3n de programas de radio y televisi\u00f3n. Desde 2020 colabora como periodista en el Instituto de Radio y Televisi\u00f3n del Per\u00fa.\",\"url\":\"https:\\\/\\\/exaudi.org\\\/es\\\/author\\\/esthernunez\\\/\"}]}<\/script>\n<!-- \/ Yoast SEO plugin. -->","yoast_head_json":{"title":"Venerable Doroteo Hern\u00e1ndez: Impulsor en la formaci\u00f3n del laicado &#8211; Exaudi","description":"El Venerable Doroteo Hern\u00e1ndez fue un impulsor en la formaci\u00f3n del laicado de inspiraci\u00f3n apost\u00f3lica y cuya misi\u00f3n contin\u00faa.","robots":{"index":"index","follow":"follow","max-snippet":"max-snippet:-1","max-image-preview":"max-image-preview:large","max-video-preview":"max-video-preview:-1"},"canonical":"https:\/\/exaudi.org\/es\/venerable-doroteo-hernandez-impulsor-en-la-formacion-del-laicado\/","og_locale":"es_ES","og_type":"article","og_title":"Venerable Doroteo Hern\u00e1ndez: Impulsor en la formaci\u00f3n del laicado &#8211; Exaudi","og_description":"El Venerable Doroteo Hern\u00e1ndez fue un impulsor en la formaci\u00f3n del laicado de inspiraci\u00f3n apost\u00f3lica y cuya misi\u00f3n contin\u00faa.","og_url":"https:\/\/exaudi.org\/es\/venerable-doroteo-hernandez-impulsor-en-la-formacion-del-laicado\/","og_site_name":"Exaudi","article_publisher":"https:\/\/www.facebook.com\/ExaudiNews","article_published_time":"2021-11-23T07:48:44+00:00","og_image":[{"width":764,"height":443,"url":"https:\/\/exaudi.org\/wp-content\/uploads\/2022\/01\/Disen\u0303o-sin-ti\u0301tulo-1-17-e1637681730794.jpg","type":"image\/jpeg"}],"author":"Esther N\u00fa\u00f1ez","twitter_card":"summary_large_image","twitter_creator":"@Exaudi_News","twitter_site":"@Exaudi_News","twitter_misc":{"Escrito por":"Esther N\u00fa\u00f1ez","Tiempo de lectura":"4 minutos"},"schema":{"@context":"https:\/\/schema.org","@graph":[{"@type":"Article","@id":"https:\/\/exaudi.org\/es\/venerable-doroteo-hernandez-impulsor-en-la-formacion-del-laicado\/#article","isPartOf":{"@id":"https:\/\/exaudi.org\/es\/venerable-doroteo-hernandez-impulsor-en-la-formacion-del-laicado\/"},"author":{"name":"Esther N\u00fa\u00f1ez","@id":"https:\/\/exaudi.org\/#\/schema\/person\/7105d7735b2bf8c31e7cf8784351ebbc"},"headline":"Venerable Doroteo Hern\u00e1ndez: Impulsor en la formaci\u00f3n del laicado","datePublished":"2021-11-23T07:48:44+00:00","mainEntityOfPage":{"@id":"https:\/\/exaudi.org\/es\/venerable-doroteo-hernandez-impulsor-en-la-formacion-del-laicado\/"},"wordCount":708,"commentCount":0,"image":{"@id":"https:\/\/exaudi.org\/es\/venerable-doroteo-hernandez-impulsor-en-la-formacion-del-laicado\/#primaryimage"},"thumbnailUrl":"https:\/\/exaudi.org\/wp-content\/uploads\/2022\/01\/Disen\u0303o-sin-ti\u0301tulo-1-17-e1637681730794.jpg","keywords":["Venerable Doroteo Hern\u00e1ndez"],"articleSection":["Arte y Cultura","Iglesia y Mundo","\u00daltimas noticias"],"inLanguage":"es","potentialAction":[{"@type":"CommentAction","name":"Comment","target":["https:\/\/exaudi.org\/es\/venerable-doroteo-hernandez-impulsor-en-la-formacion-del-laicado\/#respond"]}]},{"@type":"WebPage","@id":"https:\/\/exaudi.org\/es\/venerable-doroteo-hernandez-impulsor-en-la-formacion-del-laicado\/","url":"https:\/\/exaudi.org\/es\/venerable-doroteo-hernandez-impulsor-en-la-formacion-del-laicado\/","name":"Venerable Doroteo Hern\u00e1ndez: Impulsor en la formaci\u00f3n del laicado &#8211; Exaudi","isPartOf":{"@id":"https:\/\/exaudi.org\/#website"},"primaryImageOfPage":{"@id":"https:\/\/exaudi.org\/es\/venerable-doroteo-hernandez-impulsor-en-la-formacion-del-laicado\/#primaryimage"},"image":{"@id":"https:\/\/exaudi.org\/es\/venerable-doroteo-hernandez-impulsor-en-la-formacion-del-laicado\/#primaryimage"},"thumbnailUrl":"https:\/\/exaudi.org\/wp-content\/uploads\/2022\/01\/Disen\u0303o-sin-ti\u0301tulo-1-17-e1637681730794.jpg","datePublished":"2021-11-23T07:48:44+00:00","author":{"@id":"https:\/\/exaudi.org\/#\/schema\/person\/7105d7735b2bf8c31e7cf8784351ebbc"},"description":"El Venerable Doroteo Hern\u00e1ndez fue un impulsor en la formaci\u00f3n del laicado de inspiraci\u00f3n apost\u00f3lica y cuya misi\u00f3n contin\u00faa.","breadcrumb":{"@id":"https:\/\/exaudi.org\/es\/venerable-doroteo-hernandez-impulsor-en-la-formacion-del-laicado\/#breadcrumb"},"inLanguage":"es","potentialAction":[{"@type":"ReadAction","target":["https:\/\/exaudi.org\/es\/venerable-doroteo-hernandez-impulsor-en-la-formacion-del-laicado\/"]}]},{"@type":"ImageObject","inLanguage":"es","@id":"https:\/\/exaudi.org\/es\/venerable-doroteo-hernandez-impulsor-en-la-formacion-del-laicado\/#primaryimage","url":"https:\/\/exaudi.org\/wp-content\/uploads\/2022\/01\/Disen\u0303o-sin-ti\u0301tulo-1-17-e1637681730794.jpg","contentUrl":"https:\/\/exaudi.org\/wp-content\/uploads\/2022\/01\/Disen\u0303o-sin-ti\u0301tulo-1-17-e1637681730794.jpg","width":764,"height":443,"caption":"Venerable Doroteo Hern\u00e1ndez \u00a9 Instituto secular Cruzada Evang\u00e9lica"},{"@type":"BreadcrumbList","@id":"https:\/\/exaudi.org\/es\/venerable-doroteo-hernandez-impulsor-en-la-formacion-del-laicado\/#breadcrumb","itemListElement":[{"@type":"ListItem","position":1,"name":"Portada","item":"https:\/\/exaudi.org\/es\/"},{"@type":"ListItem","position":2,"name":"Venerable Doroteo Hern\u00e1ndez: Impulsor en la formaci\u00f3n del laicado"}]},{"@type":"WebSite","@id":"https:\/\/exaudi.org\/#website","url":"https:\/\/exaudi.org\/","name":"Exaudi","description":"News","potentialAction":[{"@type":"SearchAction","target":{"@type":"EntryPoint","urlTemplate":"https:\/\/exaudi.org\/?s={search_term_string}"},"query-input":{"@type":"PropertyValueSpecification","valueRequired":true,"valueName":"search_term_string"}}],"inLanguage":"es"},{"@type":"Person","@id":"https:\/\/exaudi.org\/#\/schema\/person\/7105d7735b2bf8c31e7cf8784351ebbc","name":"Esther N\u00fa\u00f1ez","image":{"@type":"ImageObject","inLanguage":"es","@id":"https:\/\/secure.gravatar.com\/avatar\/856566533d218d9d7b852b03a545bc963463ade36cec448d0cba38a2d59be800?s=96&d=mm&r=g","url":"https:\/\/secure.gravatar.com\/avatar\/856566533d218d9d7b852b03a545bc963463ade36cec448d0cba38a2d59be800?s=96&d=mm&r=g","contentUrl":"https:\/\/secure.gravatar.com\/avatar\/856566533d218d9d7b852b03a545bc963463ade36cec448d0cba38a2d59be800?s=96&d=mm&r=g","caption":"Esther N\u00fa\u00f1ez"},"description":"Lima, Per\u00fa Periodista colegiada con ejercicio de la profesi\u00f3n desde 2001. Licenciada en periodismo por la Universidad Jaime Bausate y Meza, de Lima. Estudios complementarios en Teolog\u00eda, Filosof\u00eda, Comunicaci\u00f3n Digital; as\u00ed como en Conducci\u00f3n de noticieros y producci\u00f3n audiovisual. Con preparaci\u00f3n adicional en doctrina social de la Iglesia, comunicaci\u00f3n institucional en el sector p\u00fablico y eclesial. Ha ejercido tareas como imagen institucional en la Oficina de Educaci\u00f3n de la Conferencia Episcopal Peruana. Asimismo, Jefa de prensa de un canal y editora de dos revistas impresas. Experiencia en la realizaci\u00f3n de talleres de redacci\u00f3n, as\u00ed como en corresponsal\u00edas de agencias y portales web, direcci\u00f3n, producci\u00f3n y conducci\u00f3n de programas de radio y televisi\u00f3n. Desde 2020 colabora como periodista en el Instituto de Radio y Televisi\u00f3n del Per\u00fa.","url":"https:\/\/exaudi.org\/es\/author\/esthernunez\/"}]}},"jetpack_featured_media_url":"https:\/\/exaudi.org\/wp-content\/uploads\/2022\/01\/Disen\u0303o-sin-ti\u0301tulo-1-17-e1637681730794.jpg","jetpack_shortlink":"https:\/\/wp.me\/pgKjF2-cyX","_links":{"self":[{"href":"https:\/\/exaudi.org\/es\/wp-json\/wp\/v2\/posts\/48295","targetHints":{"allow":["GET"]}}],"collection":[{"href":"https:\/\/exaudi.org\/es\/wp-json\/wp\/v2\/posts"}],"about":[{"href":"https:\/\/exaudi.org\/es\/wp-json\/wp\/v2\/types\/post"}],"author":[{"embeddable":true,"href":"https:\/\/exaudi.org\/es\/wp-json\/wp\/v2\/users\/39"}],"replies":[{"embeddable":true,"href":"https:\/\/exaudi.org\/es\/wp-json\/wp\/v2\/comments?post=48295"}],"version-history":[{"count":0,"href":"https:\/\/exaudi.org\/es\/wp-json\/wp\/v2\/posts\/48295\/revisions"}],"wp:featuredmedia":[{"embeddable":true,"href":"https:\/\/exaudi.org\/es\/wp-json\/wp\/v2\/media\/48299"}],"wp:attachment":[{"href":"https:\/\/exaudi.org\/es\/wp-json\/wp\/v2\/media?parent=48295"}],"wp:term":[{"taxonomy":"category","embeddable":true,"href":"https:\/\/exaudi.org\/es\/wp-json\/wp\/v2\/categories?post=48295"},{"taxonomy":"post_tag","embeddable":true,"href":"https:\/\/exaudi.org\/es\/wp-json\/wp\/v2\/tags?post=48295"}],"curies":[{"name":"wp","href":"https:\/\/api.w.org\/{rel}","templated":true}]}}