{"id":48091,"date":"2022-01-05T12:52:52","date_gmt":"2022-01-05T11:52:52","guid":{"rendered":"https:\/\/exaudi.org\/?p=48091"},"modified":"2022-01-06T12:38:54","modified_gmt":"2022-01-06T11:38:54","slug":"adopcion-amor-paternidad-maternidad","status":"publish","type":"post","link":"https:\/\/exaudi.org\/es\/adopcion-amor-paternidad-maternidad\/","title":{"rendered":"La adopci\u00f3n, forma elevada de amor de paternidad y maternidad"},"content":{"rendered":"<p>La adopci\u00f3n \u201cest\u00e1 entre las formas m\u00e1s altas de amor de paternidad y maternidad\u201d,\u00a0 ha dicho el Papa Francisco en su catequesis.<\/p>\n<p>En <a href=\"https:\/\/exaudi.org\/es\/que-todos-puedan-experimentar-el-amor-de-un-padre-y-de-una-madre\/\" target=\"_blank\" rel=\"noopener\">la audiencia general de hoy<\/a>, mi\u00e9rcoles 5 de enero de 2022, celebrada en el Aula Pablo VI del Vaticano, el Santo Padre ha continuado con el ciclo de catequesis sobre san Jos\u00e9, reflexionado sobre el tema: \u201cSan Jos\u00e9, padre putativo de Jes\u00fas\u201d<a href=\"https:\/\/www.vatican.va\/archive\/ESL0506\/_INDEX.HTM\">(Lectura: Mt 1,20b-21).<\/a><\/p>\n<h2>San Jos\u00e9, padre oficial de Jes\u00fas<\/h2>\n<p><img loading=\"lazy\" decoding=\"async\" class=\"alignleft wp-image-48095 size-medium\" src=\"https:\/\/exaudi.org\/wp-content\/uploads\/2022\/01\/cq5dam.web_.800.800-3-300x200.jpeg\" alt=\"adopci\u00f3n amor paternidad maternidad\" width=\"300\" height=\"200\" srcset=\"https:\/\/exaudi.org\/wp-content\/uploads\/2022\/01\/cq5dam.web_.800.800-3-300x200.jpeg 300w, https:\/\/exaudi.org\/wp-content\/uploads\/2022\/01\/cq5dam.web_.800.800-3-770x513.jpeg 770w, https:\/\/exaudi.org\/wp-content\/uploads\/2022\/01\/cq5dam.web_.800.800-3-360x240.jpeg?crop=1 360w, https:\/\/exaudi.org\/wp-content\/uploads\/2022\/01\/cq5dam.web_.800.800-3-500x333.jpeg 500w, https:\/\/exaudi.org\/wp-content\/uploads\/2022\/01\/cq5dam.web_.800.800-3-370x247.jpeg 370w, https:\/\/exaudi.org\/wp-content\/uploads\/2022\/01\/cq5dam.web_.800.800-3-293x195.jpeg 293w, https:\/\/exaudi.org\/wp-content\/uploads\/2022\/01\/cq5dam.web_.800.800-3-120x80.jpeg 120w, https:\/\/exaudi.org\/wp-content\/uploads\/2022\/01\/cq5dam.web_.800.800-3-240x160.jpeg 240w, https:\/\/exaudi.org\/wp-content\/uploads\/2022\/01\/cq5dam.web_.800.800-3-390x260.jpeg 390w, https:\/\/exaudi.org\/wp-content\/uploads\/2022\/01\/cq5dam.web_.800.800-3.jpeg 800w\" sizes=\"auto, (max-width: 300px) 100vw, 300px\" \/>Efectivamente, en sus palabras, Francisco se refiri\u00f3 a la figura de Jos\u00e9 como padre de Jes\u00fas. Para ello, remite a los evangelistas Mateo y Lucas que lo presentan \u201ccomo padre putativo de Jes\u00fas y no como padre biol\u00f3gico. Mateo lo precisa, evitando la f\u00f3rmula \u2018engendr\u00f3\u2019, utilizada en la genealog\u00eda para todos los antepasados de Jes\u00fas; pero lo define como \u2018el esposo de Mar\u00eda, de la que naci\u00f3 Jes\u00fas, llamado Cristo\u2019 (1,16). Mientras que Lucas lo afirma diciendo que era padre de Jes\u00fas \u2018seg\u00fan se cre\u00eda\u2019 (3,23), es decir, aparec\u00eda como padre\u201d.<\/p>\n<p>El Santo Padre se\u00f1ala que como padre oficial de Jes\u00fas, \u201cJos\u00e9 ejerce el derecho de imponer el nombre al hijo, reconoci\u00e9ndolo jur\u00eddicamente. Jur\u00eddicamente es el padre, pero no generativamente, no lo engendr\u00f3\u201d.\u00a0 \u201cAntiguamente, el nombre era el compendio de la identidad de una persona. Cambiar el nombre significaba cambiarse a s\u00ed mismos, como en el caso de Abram, cuyo nombre Dios cambia en \u2018Abraham\u2019, que significa \u2018padre de muchos\u2019, porque \u2013dice el Libro del G\u00e9nesis\u2013 ser\u00e1s padre de una muchedumbre de pueblos\u201d (17,5).<\/p>\n<h2>El nombre de Jes\u00fas<\/h2>\n<p><img loading=\"lazy\" decoding=\"async\" class=\"alignright wp-image-48098 size-medium\" src=\"https:\/\/exaudi.org\/wp-content\/uploads\/2022\/01\/cq5dam.web_.800.800-2-1-300x200.jpeg\" alt=\"adopci\u00f3n amor paternidad maternidad\" width=\"300\" height=\"200\" srcset=\"https:\/\/exaudi.org\/wp-content\/uploads\/2022\/01\/cq5dam.web_.800.800-2-1-300x200.jpeg 300w, https:\/\/exaudi.org\/wp-content\/uploads\/2022\/01\/cq5dam.web_.800.800-2-1-770x513.jpeg 770w, https:\/\/exaudi.org\/wp-content\/uploads\/2022\/01\/cq5dam.web_.800.800-2-1-360x240.jpeg?crop=1 360w, https:\/\/exaudi.org\/wp-content\/uploads\/2022\/01\/cq5dam.web_.800.800-2-1-500x333.jpeg 500w, https:\/\/exaudi.org\/wp-content\/uploads\/2022\/01\/cq5dam.web_.800.800-2-1-370x247.jpeg 370w, https:\/\/exaudi.org\/wp-content\/uploads\/2022\/01\/cq5dam.web_.800.800-2-1-293x195.jpeg 293w, https:\/\/exaudi.org\/wp-content\/uploads\/2022\/01\/cq5dam.web_.800.800-2-1-120x80.jpeg 120w, https:\/\/exaudi.org\/wp-content\/uploads\/2022\/01\/cq5dam.web_.800.800-2-1-240x160.jpeg 240w, https:\/\/exaudi.org\/wp-content\/uploads\/2022\/01\/cq5dam.web_.800.800-2-1-390x260.jpeg 390w, https:\/\/exaudi.org\/wp-content\/uploads\/2022\/01\/cq5dam.web_.800.800-2-1.jpeg 800w\" sizes=\"auto, (max-width: 300px) 100vw, 300px\" \/>El Papa describe tambi\u00e9n que \u201cJos\u00e9 sabe ya que para el hijo de Mar\u00eda hay un nombre preparado por Dios \u2015el nombre a Jes\u00fas se lo da el verdadero padre de Jes\u00fas, Dios\u2015 el nombre \u2018Jes\u00fas\u2019, que significa \u2018El Se\u00f1or salva\u2019, como le explica el \u00c1ngel: \u2018porque \u00e9l salvar\u00e1 a su pueblo de sus pecados\u2019\u201d (<em>Mt<\/em> 1,21).<\/p>\n<p>\u201cEste aspecto particular de la figura de Jos\u00e9 nos permite hoy hacer una reflexi\u00f3n sobre la paternidad y sobre la maternidad\u201d, a\u00f1ade. As\u00ed, Su Santidad reconoce como una cuesti\u00f3n muy importante la de pensar en la paternidad actualmente. \u201cPorque nosotros vivimos en una \u00e9poca de notoria orfandad. Es curioso: nuestra civilizaci\u00f3n es un poco hu\u00e9rfana, y se siente, esta orfandad. Que la figura de San Jos\u00e9 nos ayude a entender c\u00f3mo se resuelve el sentido de orfandad que hoy nos hace tanto da\u00f1o\u201d.<\/p>\n<p>En este sentido, el Pont\u00edfice subraya que \u201cno basta con traer al mundo a un hijo para decir que uno es padre o madre. \u2018Nadie nace padre, sino que se hace. Y no se hace s\u00f3lo por traer un hijo al mundo, sino por hacerse cargo de \u00e9l responsablemente\u201d. \u201cTodas las veces que alguien asume la responsabilidad de la vida de otro, en cierto sentido ejercita la paternidad respecto a \u00e9l\u201d (Carta ap.\u00a0<em><a href=\"https:\/\/www.vatican.va\/content\/francesco\/es\/apost_letters\/documents\/papa-francesco-lettera-ap_20201208_patris-corde.html\">Patris corde<\/a><\/em>), destaca.<\/p>\n<h2>La adopci\u00f3n, una actitud generosa y hermosa<\/h2>\n<p><img loading=\"lazy\" decoding=\"async\" class=\"alignleft wp-image-48107 size-medium\" src=\"https:\/\/exaudi.org\/wp-content\/uploads\/2022\/01\/cq5dam.web_.800.800-4-1-300x200.jpeg\" alt=\"\" width=\"300\" height=\"200\" srcset=\"https:\/\/exaudi.org\/wp-content\/uploads\/2022\/01\/cq5dam.web_.800.800-4-1-300x200.jpeg 300w, https:\/\/exaudi.org\/wp-content\/uploads\/2022\/01\/cq5dam.web_.800.800-4-1-770x513.jpeg 770w, https:\/\/exaudi.org\/wp-content\/uploads\/2022\/01\/cq5dam.web_.800.800-4-1-360x240.jpeg?crop=1 360w, https:\/\/exaudi.org\/wp-content\/uploads\/2022\/01\/cq5dam.web_.800.800-4-1-500x333.jpeg 500w, https:\/\/exaudi.org\/wp-content\/uploads\/2022\/01\/cq5dam.web_.800.800-4-1-370x247.jpeg 370w, https:\/\/exaudi.org\/wp-content\/uploads\/2022\/01\/cq5dam.web_.800.800-4-1-293x195.jpeg 293w, https:\/\/exaudi.org\/wp-content\/uploads\/2022\/01\/cq5dam.web_.800.800-4-1-120x80.jpeg 120w, https:\/\/exaudi.org\/wp-content\/uploads\/2022\/01\/cq5dam.web_.800.800-4-1-240x160.jpeg 240w, https:\/\/exaudi.org\/wp-content\/uploads\/2022\/01\/cq5dam.web_.800.800-4-1-390x260.jpeg 390w, https:\/\/exaudi.org\/wp-content\/uploads\/2022\/01\/cq5dam.web_.800.800-4-1.jpeg 800w\" sizes=\"auto, (max-width: 300px) 100vw, 300px\" \/>Sobre la paternidad, el Obispo de Roma recuerda a \u201ctodos aquellos que se abren a acoger la vida a trav\u00e9s de la v\u00eda de la adopci\u00f3n, que es una actitud muy generosa y hermosa. Jos\u00e9 nos muestra que este tipo de v\u00ednculo no es secundario, no es una alternativa. Este tipo de elecci\u00f3n est\u00e1 entre las formas m\u00e1s altas de amor y de paternidad y maternidad. \u00a1Cu\u00e1ntos ni\u00f1os en el mundo esperan que alguien cuide de ellos!\u201d.<\/p>\n<p>Asimismo, el Sucesor de Pedro habla sobre \u2018el invierno demogr\u00e1fico\u2019 que existe en la actualidad, \u201cla gente no quiere tener hijos, o solamente uno y nada m\u00e1s. Y muchas parejas no tienen hijos porque no quieren o tienen solamente uno porque no quieren otros, pero tienen dos perros, dos gatos\u2026 S\u00ed, perros y gatos ocupan el lugar de los hijos. S\u00ed, hace re\u00edr, lo entiendo, pero es la realidad. Y este hecho de renegar de la paternidad y la maternidad nos rebaja, nos quita humanidad. Y as\u00ed la civilizaci\u00f3n se vuelve m\u00e1s vieja y sin humanidad, porque se pierde la riqueza de la paternidad y de la maternidad\u201d.<\/p>\n<h2>Protecci\u00f3n y ayuda a los enfermos de orfandad<\/h2>\n<p><img loading=\"lazy\" decoding=\"async\" class=\"alignright wp-image-48104 size-medium\" src=\"https:\/\/exaudi.org\/wp-content\/uploads\/2022\/01\/cq5dam.web_.800.800-8-300x200.jpeg\" alt=\"adopci\u00f3n amor paternidad maternidad\" width=\"300\" height=\"200\" srcset=\"https:\/\/exaudi.org\/wp-content\/uploads\/2022\/01\/cq5dam.web_.800.800-8-300x200.jpeg 300w, https:\/\/exaudi.org\/wp-content\/uploads\/2022\/01\/cq5dam.web_.800.800-8-770x513.jpeg 770w, https:\/\/exaudi.org\/wp-content\/uploads\/2022\/01\/cq5dam.web_.800.800-8-360x240.jpeg?crop=1 360w, https:\/\/exaudi.org\/wp-content\/uploads\/2022\/01\/cq5dam.web_.800.800-8-500x333.jpeg 500w, https:\/\/exaudi.org\/wp-content\/uploads\/2022\/01\/cq5dam.web_.800.800-8-370x247.jpeg 370w, https:\/\/exaudi.org\/wp-content\/uploads\/2022\/01\/cq5dam.web_.800.800-8-293x195.jpeg 293w, https:\/\/exaudi.org\/wp-content\/uploads\/2022\/01\/cq5dam.web_.800.800-8-120x80.jpeg 120w, https:\/\/exaudi.org\/wp-content\/uploads\/2022\/01\/cq5dam.web_.800.800-8-240x160.jpeg 240w, https:\/\/exaudi.org\/wp-content\/uploads\/2022\/01\/cq5dam.web_.800.800-8-390x260.jpeg 390w, https:\/\/exaudi.org\/wp-content\/uploads\/2022\/01\/cq5dam.web_.800.800-8.jpeg 800w\" sizes=\"auto, (max-width: 300px) 100vw, 300px\" \/>En su catequesis el Papa tambi\u00e9n se refiere a \u201cla paternidad espiritual para quien se consagra a Dios y la maternidad espiritual; pero quien vive en el mundo y se casa, debe pensar en tener hijos, en dar la vida, porque ser\u00e1n ellos los que les cerrar\u00e1n los ojos, los que pensar\u00e1n en su futuro\u201d. As\u00ed, el Santo Padre invita a aquellos que no puedan tener hijos piensen en la adopci\u00f3n: \u201cEs un riesgo, s\u00ed: tener un hijo siempre es un riesgo, tanto si es natural como si es por adopci\u00f3n. Pero es m\u00e1s arriesgado no tenerlos. M\u00e1s arriesgado es negar la paternidad, negar la maternidad, tanto la real como la espiritual\u201d.<\/p>\n<p>Finalmente, Francisco pide rezar \u201cpara que nadie se sienta privado de un v\u00ednculo de amor paterno y para aquellos que est\u00e1n enfermos de orfandad, que vayan adelante sin este sentimiento tan feo\u201d. \u201cQue san Jos\u00e9 pueda ejercer su protecci\u00f3n y su ayuda sobre los hu\u00e9rfanos\u201d, ha concluido.<\/p>\n<p>A continuaci\u00f3n, sigue la catequesis completa del Santo Padre ofrecida por la Oficina de Prensa de la Santa Sede.<\/p>\n<p>***<\/p>\n<h2><strong>Catequesis sobre san Jos\u00e9 6.\u00a0<em>San Jos\u00e9, el padre putativo de Jes\u00fas<\/em><\/strong><\/h2>\n<p><em>Queridos hermanos y hermanas, \u00a1buenos d\u00edas!<\/em><\/p>\n<p><img loading=\"lazy\" decoding=\"async\" class=\"size-medium wp-image-48133 alignleft\" src=\"https:\/\/exaudi.org\/wp-content\/uploads\/2022\/01\/cq5dam.web_.800.800-2-2-300x200.jpeg\" alt=\"\" width=\"300\" height=\"200\" srcset=\"https:\/\/exaudi.org\/wp-content\/uploads\/2022\/01\/cq5dam.web_.800.800-2-2-300x200.jpeg 300w, https:\/\/exaudi.org\/wp-content\/uploads\/2022\/01\/cq5dam.web_.800.800-2-2-770x513.jpeg 770w, https:\/\/exaudi.org\/wp-content\/uploads\/2022\/01\/cq5dam.web_.800.800-2-2-360x240.jpeg?crop=1 360w, https:\/\/exaudi.org\/wp-content\/uploads\/2022\/01\/cq5dam.web_.800.800-2-2-500x333.jpeg 500w, https:\/\/exaudi.org\/wp-content\/uploads\/2022\/01\/cq5dam.web_.800.800-2-2-370x247.jpeg 370w, https:\/\/exaudi.org\/wp-content\/uploads\/2022\/01\/cq5dam.web_.800.800-2-2-293x195.jpeg 293w, https:\/\/exaudi.org\/wp-content\/uploads\/2022\/01\/cq5dam.web_.800.800-2-2-120x80.jpeg 120w, https:\/\/exaudi.org\/wp-content\/uploads\/2022\/01\/cq5dam.web_.800.800-2-2-240x160.jpeg 240w, https:\/\/exaudi.org\/wp-content\/uploads\/2022\/01\/cq5dam.web_.800.800-2-2-390x260.jpeg 390w, https:\/\/exaudi.org\/wp-content\/uploads\/2022\/01\/cq5dam.web_.800.800-2-2.jpeg 800w\" sizes=\"auto, (max-width: 300px) 100vw, 300px\" \/>Hoy meditaremos sobre san Jos\u00e9 como padre de Jes\u00fas. Los Evangelistas Mateo y Lucas lo presentan como padre putativo de Jes\u00fas y no como padre biol\u00f3gico. Mateo lo precisa, evitando la f\u00f3rmula \u201cengendr\u00f3\u201d, utilizada en la genealog\u00eda para todos los antepasados de Jes\u00fas; pero lo define como \u201cel esposo de Mar\u00eda, de la que naci\u00f3 Jes\u00fas, llamado Cristo\u201d (1,16). Mientras que Lucas lo afirma diciendo que era padre de Jes\u00fas \u201cseg\u00fan se cre\u00eda\u201d (3,23), es decir, aparec\u00eda como padre.<\/p>\n<p>Para comprender la paternidad putativa o legal de Jos\u00e9, es necesario tener presente que antiguamente en Oriente era muy frecuente, m\u00e1s de lo que es en nuestros d\u00edas, el instituto de la adopci\u00f3n. Pensemos en el caso com\u00fan en Israel del \u201clevirato\u201d, as\u00ed formulado en el Deuteronomio: \u201cSi varios hermanos viven juntos y uno de ellos muere sin tener hijos, la mujer del difunto no se casar\u00e1 fuera con un hombre de familia extra\u00f1a. Su cu\u00f1ado se llegar\u00e1 a ella, ejercer\u00e1 su levirato tom\u00e1ndola por esposa, y el primog\u00e9nito que ella d\u00e9 a luz llevar\u00e1 el nombre de su hermano difunto; as\u00ed su nombre no se borrar\u00e1 de Israel\u201d (25,5-6). En otras palabras, el padre de ese hijo es el cu\u00f1ado, pero el padre legal sigue siendo el difunto, que atribuye al neonato todos los derechos hereditarios. El objetivo de esta ley era doble: asegurar la descendencia al difunto y la conservaci\u00f3n del patrimonio.<\/p>\n<p><img loading=\"lazy\" decoding=\"async\" class=\"size-medium wp-image-48130 alignright\" src=\"https:\/\/exaudi.org\/wp-content\/uploads\/2022\/01\/SFO4941-1-300x200.jpg\" alt=\"\" width=\"300\" height=\"200\" srcset=\"https:\/\/exaudi.org\/wp-content\/uploads\/2022\/01\/SFO4941-1-300x200.jpg 300w, https:\/\/exaudi.org\/wp-content\/uploads\/2022\/01\/SFO4941-1-1024x683.jpg 1024w, https:\/\/exaudi.org\/wp-content\/uploads\/2022\/01\/SFO4941-1-770x513.jpg 770w, https:\/\/exaudi.org\/wp-content\/uploads\/2022\/01\/SFO4941-1-1536x1024.jpg 1536w, https:\/\/exaudi.org\/wp-content\/uploads\/2022\/01\/SFO4941-1-2048x1365.jpg 2048w, https:\/\/exaudi.org\/wp-content\/uploads\/2022\/01\/SFO4941-1-360x240.jpg?crop=1 360w, https:\/\/exaudi.org\/wp-content\/uploads\/2022\/01\/SFO4941-1-500x333.jpg 500w, https:\/\/exaudi.org\/wp-content\/uploads\/2022\/01\/SFO4941-1-1155x770.jpg 1155w, https:\/\/exaudi.org\/wp-content\/uploads\/2022\/01\/SFO4941-1-370x247.jpg 370w, https:\/\/exaudi.org\/wp-content\/uploads\/2022\/01\/SFO4941-1-293x195.jpg 293w, https:\/\/exaudi.org\/wp-content\/uploads\/2022\/01\/SFO4941-1-1400x933.jpg 1400w, https:\/\/exaudi.org\/wp-content\/uploads\/2022\/01\/SFO4941-1-120x80.jpg 120w, https:\/\/exaudi.org\/wp-content\/uploads\/2022\/01\/SFO4941-1-240x160.jpg 240w, https:\/\/exaudi.org\/wp-content\/uploads\/2022\/01\/SFO4941-1-390x260.jpg 390w\" sizes=\"auto, (max-width: 300px) 100vw, 300px\" \/>Como padre oficial de Jes\u00fas, Jos\u00e9 ejerce el derecho de imponer el nombre al hijo, reconoci\u00e9ndolo jur\u00eddicamente. Jur\u00eddicamente es el padre, pero no generativamente, no lo engendr\u00f3. Antiguamente, el nombre era el compendio de la identidad de una persona. Cambiar el nombre significaba cambiarse a s\u00ed mismos, como en el caso de Abram, cuyo nombre Dios cambia en \u201cAbraham\u201d, que significa \u201cpadre de muchos\u201d, \u201cporque \u2013dice el Libro del G\u00e9nesis\u2013 ser\u00e1s padre de una muchedumbre de pueblos\u201d (17,5). \u00a0As\u00ed para Jacob, que es llamado \u201cIsrael\u201d, que significa \u201cel que lucha con Dios\u201d, porque luch\u00f3 con Dios para obligarlo a darle la bendici\u00f3n (cf.\u00a0<em>Gn<\/em>\u00a032,29; 35,10).<\/p>\n<p>Pero sobre todo dar el nombre a alguien o a algo significaba afirmar la propia autoridad sobre lo que era denominado, como hizo Ad\u00e1n cuando dio un nombre a todos los animales (cf.\u00a0<em>Gn<\/em> 2,19-20). Jos\u00e9 sabe ya que para el hijo de Mar\u00eda hay un nombre preparado por Dios \u2015el nombre a Jes\u00fas se lo da el verdadero padre de Jes\u00fas, Dios\u2015 el nombre \u201cJes\u00fas\u201d, que significa \u201cEl Se\u00f1or salva\u201d, como le explica el \u00c1ngel: \u201cporque \u00e9l salvar\u00e1 a su pueblo de sus pecados\u201d (<em>Mt<\/em>\u00a01,21). Este aspecto particular de la figura de Jos\u00e9 nos permite hoy hacer una reflexi\u00f3n sobre la paternidad y sobre la maternidad.<\/p>\n<p><img loading=\"lazy\" decoding=\"async\" class=\"size-medium wp-image-48136 alignleft\" src=\"https:\/\/exaudi.org\/wp-content\/uploads\/2022\/01\/cq5dam.web_.800.800-1-1-300x200.jpeg\" alt=\"\" width=\"300\" height=\"200\" srcset=\"https:\/\/exaudi.org\/wp-content\/uploads\/2022\/01\/cq5dam.web_.800.800-1-1-300x200.jpeg 300w, https:\/\/exaudi.org\/wp-content\/uploads\/2022\/01\/cq5dam.web_.800.800-1-1-770x513.jpeg 770w, https:\/\/exaudi.org\/wp-content\/uploads\/2022\/01\/cq5dam.web_.800.800-1-1-360x240.jpeg?crop=1 360w, https:\/\/exaudi.org\/wp-content\/uploads\/2022\/01\/cq5dam.web_.800.800-1-1-500x333.jpeg 500w, https:\/\/exaudi.org\/wp-content\/uploads\/2022\/01\/cq5dam.web_.800.800-1-1-370x247.jpeg 370w, https:\/\/exaudi.org\/wp-content\/uploads\/2022\/01\/cq5dam.web_.800.800-1-1-293x195.jpeg 293w, https:\/\/exaudi.org\/wp-content\/uploads\/2022\/01\/cq5dam.web_.800.800-1-1-120x80.jpeg 120w, https:\/\/exaudi.org\/wp-content\/uploads\/2022\/01\/cq5dam.web_.800.800-1-1-240x160.jpeg 240w, https:\/\/exaudi.org\/wp-content\/uploads\/2022\/01\/cq5dam.web_.800.800-1-1-390x260.jpeg 390w, https:\/\/exaudi.org\/wp-content\/uploads\/2022\/01\/cq5dam.web_.800.800-1-1.jpeg 800w\" sizes=\"auto, (max-width: 300px) 100vw, 300px\" \/>Y esto creo que es muy importante: pensar en la paternidad, hoy. Porque nosotros vivimos en una \u00e9poca de notoria orfandad. Es curioso: nuestra civilizaci\u00f3n es un poco hu\u00e9rfana, y se siente, esta orfandad. Que la figura de San Jos\u00e9 nos ayude a entender c\u00f3mo se resuelve el sentido de orfandad que hoy nos hace tanto da\u00f1o.<\/p>\n<p>No basta con traer al mundo a un hijo para decir que uno es padre o madre. \u201cNadie nace padre, sino que se hace. Y no se hace s\u00f3lo por traer un hijo al mundo, sino por hacerse cargo de \u00e9l responsablemente. Todas las veces que alguien asume la responsabilidad de la vida de otro, en cierto sentido ejercita la paternidad respecto a \u00e9l\u201d (Carta ap.\u00a0<em><a href=\"https:\/\/www.vatican.va\/content\/francesco\/es\/apost_letters\/documents\/papa-francesco-lettera-ap_20201208_patris-corde.html\">Patris corde<\/a><\/em>). Pienso de modo particular en todos aquellos que se abren a acoger la vida a trav\u00e9s de la v\u00eda de la adopci\u00f3n, que es una actitud muy generosa y hermosa. Jos\u00e9 nos muestra que este tipo de v\u00ednculo no es secundario, no es una alternativa. Este tipo de elecci\u00f3n est\u00e1 entre las formas m\u00e1s altas de amor y de paternidad y maternidad.<\/p>\n<p>\u00a1Cu\u00e1ntos ni\u00f1os en el mundo esperan que alguien cuide de ellos! Y cu\u00e1ntos c\u00f3nyuges desean ser padres y madres y no lo consiguen por motivos biol\u00f3gicos; o, incluso teniendo ya hijos, quieren compartir el afecto familiar con quien no lo tiene. No hay que tener miedo de elegir la v\u00eda de la adopci\u00f3n, de asumir el \u201criesgo\u201d de la acogida. \u00a0Y hoy con la orfandad tambi\u00e9n hay un cierto ego\u00edsmo. El otro d\u00eda, hablaba sobre el invierno demogr\u00e1fico que hay hoy: la gente no quiere tener hijos, o solamente uno y nada m\u00e1s. Y muchas parejas no tienen hijos porque no quieren o tienen solamente uno porque no quieren otros, pero tienen dos perros, dos gatos\u2026 S\u00ed, perros y gatos ocupan el lugar de los hijos. S\u00ed, hace re\u00edr, lo entiendo, pero es la realidad. Y este hecho de renegar de la paternidad y la maternidad nos rebaja, nos quita humanidad.<\/p>\n<p><img loading=\"lazy\" decoding=\"async\" class=\"size-medium wp-image-48124 alignright\" src=\"https:\/\/exaudi.org\/wp-content\/uploads\/2022\/01\/DSC6633-300x200.jpg\" alt=\"\" width=\"300\" height=\"200\" srcset=\"https:\/\/exaudi.org\/wp-content\/uploads\/2022\/01\/DSC6633-300x200.jpg 300w, https:\/\/exaudi.org\/wp-content\/uploads\/2022\/01\/DSC6633-1024x683.jpg 1024w, https:\/\/exaudi.org\/wp-content\/uploads\/2022\/01\/DSC6633-770x513.jpg 770w, https:\/\/exaudi.org\/wp-content\/uploads\/2022\/01\/DSC6633-1536x1024.jpg 1536w, https:\/\/exaudi.org\/wp-content\/uploads\/2022\/01\/DSC6633-2048x1365.jpg 2048w, https:\/\/exaudi.org\/wp-content\/uploads\/2022\/01\/DSC6633-360x240.jpg?crop=1 360w, https:\/\/exaudi.org\/wp-content\/uploads\/2022\/01\/DSC6633-500x333.jpg 500w, https:\/\/exaudi.org\/wp-content\/uploads\/2022\/01\/DSC6633-1155x770.jpg 1155w, https:\/\/exaudi.org\/wp-content\/uploads\/2022\/01\/DSC6633-370x247.jpg 370w, https:\/\/exaudi.org\/wp-content\/uploads\/2022\/01\/DSC6633-293x195.jpg 293w, https:\/\/exaudi.org\/wp-content\/uploads\/2022\/01\/DSC6633-1400x933.jpg 1400w, https:\/\/exaudi.org\/wp-content\/uploads\/2022\/01\/DSC6633-120x80.jpg 120w, https:\/\/exaudi.org\/wp-content\/uploads\/2022\/01\/DSC6633-240x160.jpg 240w, https:\/\/exaudi.org\/wp-content\/uploads\/2022\/01\/DSC6633-390x260.jpg 390w\" sizes=\"auto, (max-width: 300px) 100vw, 300px\" \/>Y as\u00ed la civilizaci\u00f3n se vuelve m\u00e1s vieja y sin humanidad, porque se pierde la riqueza de la paternidad y de la maternidad. Y sufre la Patria, que no tiene hijos y \u2015como dec\u00eda uno de manera un poco humor\u00edstica\u2015 \u201cy ahora que no hay hijos, \u00bfqui\u00e9n pagar\u00e1 los impuestos para mi pensi\u00f3n? \u00bfQui\u00e9n se har\u00e1 cargo de m\u00ed?\u201d: re\u00eda, pero es la verdad. Yo le pido a san Jos\u00e9 la gracia de despertar las conciencias y pensar en esto: en tener hijos. La paternidad y la maternidad son la plenitud de la vida de una persona. Pensad en esto. Es cierto, est\u00e1 la paternidad espiritual para quien se consagra a Dios y la maternidad espiritual; pero quien vive en el mundo y se casa, debe pensar en tener hijos, en dar la vida, porque ser\u00e1n ellos los que les cerrar\u00e1n los ojos, los que pensar\u00e1n en su futuro. Y, si no pod\u00e9is tener hijos, pensad en la adopci\u00f3n. Es un riesgo, s\u00ed: tener un hijo siempre es un riesgo, tanto si es natural como si es por adopci\u00f3n. Pero es m\u00e1s arriesgado no tenerlos. M\u00e1s arriesgado es negar la paternidad, negar la maternidad, tanto la real como la espiritual. A un hombre y una mujer que voluntariamente no desarrollan el sentido de la paternidad y de la maternidad, les falta algo principal, importante. Pensad en esto, por favor.<\/p>\n<p><img loading=\"lazy\" decoding=\"async\" class=\"size-medium wp-image-48142 alignleft\" src=\"https:\/\/exaudi.org\/wp-content\/uploads\/2022\/01\/DSC5045-300x200.jpg\" alt=\"\" width=\"300\" height=\"200\" srcset=\"https:\/\/exaudi.org\/wp-content\/uploads\/2022\/01\/DSC5045-300x200.jpg 300w, https:\/\/exaudi.org\/wp-content\/uploads\/2022\/01\/DSC5045-1024x683.jpg 1024w, https:\/\/exaudi.org\/wp-content\/uploads\/2022\/01\/DSC5045-770x513.jpg 770w, https:\/\/exaudi.org\/wp-content\/uploads\/2022\/01\/DSC5045-1536x1024.jpg 1536w, https:\/\/exaudi.org\/wp-content\/uploads\/2022\/01\/DSC5045-2048x1365.jpg 2048w, https:\/\/exaudi.org\/wp-content\/uploads\/2022\/01\/DSC5045-360x240.jpg?crop=1 360w, https:\/\/exaudi.org\/wp-content\/uploads\/2022\/01\/DSC5045-500x333.jpg 500w, https:\/\/exaudi.org\/wp-content\/uploads\/2022\/01\/DSC5045-1155x770.jpg 1155w, https:\/\/exaudi.org\/wp-content\/uploads\/2022\/01\/DSC5045-370x247.jpg 370w, https:\/\/exaudi.org\/wp-content\/uploads\/2022\/01\/DSC5045-293x195.jpg 293w, https:\/\/exaudi.org\/wp-content\/uploads\/2022\/01\/DSC5045-1400x933.jpg 1400w, https:\/\/exaudi.org\/wp-content\/uploads\/2022\/01\/DSC5045-120x80.jpg 120w, https:\/\/exaudi.org\/wp-content\/uploads\/2022\/01\/DSC5045-240x160.jpg 240w, https:\/\/exaudi.org\/wp-content\/uploads\/2022\/01\/DSC5045-390x260.jpg 390w\" sizes=\"auto, (max-width: 300px) 100vw, 300px\" \/>Deseo que las instituciones est\u00e9n siempre listas para ayudar en este sentido de la adopci\u00f3n, vigilando con seriedad, pero tambi\u00e9n simplificando el procedimiento necesario para que se pueda cumplir el sue\u00f1o de tantos peque\u00f1os que necesitan una familia, y de tantos esposos que desean donarse en el amor. Hace tiempo escuch\u00e9 el testimonio de una persona, un doctor \u2015importante su labor\u2015 no ten\u00eda hijos y con su mujer decidieron adoptar uno. Y cuando lleg\u00f3 el momento, les ofrecieron uno y les dijeron: \u201cPero no sabemos c\u00f3mo ir\u00e1 la salud de este. Tal vez puede tener alguna enfermedad\u201d. Y \u00e9l, que lo hab\u00eda visto, dijo: \u201cSi usted me hubiera preguntado esto antes de entrar, tal vez le hubiera dicho que no. Pero lo he visto: me lo llevo\u201d. Este es el deseo de ser padre, de ser madre, tambi\u00e9n con la adopci\u00f3n. No tem\u00e1is esto.<\/p>\n<p>Rezo para que nadie se sienta privado de un v\u00ednculo de amor paterno. Y aquellos que est\u00e1n enfermos de orfandad, que vayan adelante sin este sentimiento tan feo. \u00a0Que san Jos\u00e9 pueda ejercer su protecci\u00f3n y su ayuda sobre los hu\u00e9rfanos; e interceda por las parejas que desean tener un hijo. Por ello, recemos juntos:<\/p>\n<p>San Jos\u00e9,<br \/>\nt\u00fa que has amado a Jes\u00fas con amor de padre,<br \/>\nhazte cercano a tantos ni\u00f1os que no tienen familia<br \/>\ny desean un padre y una madre.<br \/>\nSost\u00e9n a los c\u00f3nyuges que no consiguen tener hijos,<br \/>\nay\u00fadalos a descubrir, a trav\u00e9s de este sufrimiento, un proyecto m\u00e1s grande.<br \/>\nHaz que a nadie le falte una casa, un v\u00ednculo,<br \/>\nuna persona que cuide de \u00e9l o de ella;<br \/>\ny sana el ego\u00edsmo de quien se cierra a la vida,<br \/>\npara que abra el coraz\u00f3n al amor. Am\u00e9n.<\/p>\n","protected":false},"excerpt":{"rendered":"<p>Catequesis completa del Santo Padre<\/p>\n","protected":false},"author":81,"featured_media":48114,"comment_status":"closed","ping_status":"closed","sticky":false,"template":"","format":"standard","meta":{"_acf_changed":false,"_crdt_document":"","inline_featured_image":false,"footnotes":""},"categories":[112,68],"tags":[179,158,4953],"class_list":["post-48091","post","type-post","status-publish","format-standard","has-post-thumbnail","hentry","category-audiencia-general","category-leon-xiv","tag-audiencia-general","tag-papa-francisco","tag-trending-es"],"acf":[],"yoast_head":"<!-- This site is optimized with the Yoast SEO plugin v27.4 - https:\/\/yoast.com\/product\/yoast-seo-wordpress\/ -->\n<title>La adopci\u00f3n, forma elevada de amor de paternidad y maternidad &#8211; Exaudi<\/title>\n<meta name=\"description\" content=\"La adopci\u00f3n \u201cest\u00e1 entre las formas m\u00e1s altas de amor y de paternidad y maternidad\u201d indic\u00f3 el Papa Francisco en su catequesis.\" \/>\n<meta name=\"robots\" content=\"index, follow, max-snippet:-1, max-image-preview:large, max-video-preview:-1\" \/>\n<link rel=\"canonical\" href=\"https:\/\/exaudi.org\/es\/adopcion-amor-paternidad-maternidad\/\" \/>\n<meta property=\"og:locale\" content=\"es_ES\" \/>\n<meta property=\"og:type\" content=\"article\" \/>\n<meta property=\"og:title\" content=\"La adopci\u00f3n, forma elevada de amor de paternidad y maternidad &#8211; Exaudi\" \/>\n<meta property=\"og:description\" content=\"La adopci\u00f3n \u201cest\u00e1 entre las formas m\u00e1s altas de amor y de paternidad y maternidad\u201d indic\u00f3 el Papa Francisco en su catequesis.\" \/>\n<meta property=\"og:url\" content=\"https:\/\/exaudi.org\/es\/adopcion-amor-paternidad-maternidad\/\" \/>\n<meta property=\"og:site_name\" content=\"Exaudi\" \/>\n<meta property=\"article:publisher\" content=\"https:\/\/www.facebook.com\/ExaudiNews\" \/>\n<meta property=\"article:published_time\" content=\"2022-01-05T11:52:52+00:00\" \/>\n<meta property=\"article:modified_time\" content=\"2022-01-06T11:38:54+00:00\" \/>\n<meta property=\"og:image\" content=\"https:\/\/exaudi.org\/wp-content\/uploads\/2022\/01\/VM050122104144_0342.jpg\" \/>\n\t<meta property=\"og:image:width\" content=\"2481\" \/>\n\t<meta property=\"og:image:height\" content=\"1654\" \/>\n\t<meta property=\"og:image:type\" content=\"image\/jpeg\" \/>\n<meta name=\"author\" content=\"Alba Montalvo\" \/>\n<meta name=\"twitter:card\" content=\"summary_large_image\" \/>\n<meta name=\"twitter:creator\" content=\"@Exaudi_News\" \/>\n<meta name=\"twitter:site\" content=\"@Exaudi_News\" \/>\n<meta name=\"twitter:label1\" content=\"Escrito por\" \/>\n\t<meta name=\"twitter:data1\" content=\"Alba Montalvo\" \/>\n\t<meta name=\"twitter:label2\" content=\"Tiempo de lectura\" \/>\n\t<meta name=\"twitter:data2\" content=\"12 minutos\" \/>\n<script type=\"application\/ld+json\" class=\"yoast-schema-graph\">{\"@context\":\"https:\\\/\\\/schema.org\",\"@graph\":[{\"@type\":\"Article\",\"@id\":\"https:\\\/\\\/exaudi.org\\\/es\\\/adopcion-amor-paternidad-maternidad\\\/#article\",\"isPartOf\":{\"@id\":\"https:\\\/\\\/exaudi.org\\\/es\\\/adopcion-amor-paternidad-maternidad\\\/\"},\"author\":{\"name\":\"Alba Montalvo\",\"@id\":\"https:\\\/\\\/exaudi.org\\\/#\\\/schema\\\/person\\\/fc7b3cbb6f4d66ebcb53bf601d7b7eb1\"},\"headline\":\"La adopci\u00f3n, forma elevada de amor de paternidad y maternidad\",\"datePublished\":\"2022-01-05T11:52:52+00:00\",\"dateModified\":\"2022-01-06T11:38:54+00:00\",\"mainEntityOfPage\":{\"@id\":\"https:\\\/\\\/exaudi.org\\\/es\\\/adopcion-amor-paternidad-maternidad\\\/\"},\"wordCount\":2334,\"image\":{\"@id\":\"https:\\\/\\\/exaudi.org\\\/es\\\/adopcion-amor-paternidad-maternidad\\\/#primaryimage\"},\"thumbnailUrl\":\"https:\\\/\\\/exaudi.org\\\/wp-content\\\/uploads\\\/2022\\\/01\\\/VM050122104144_0342.jpg\",\"keywords\":[\"audiencia general\",\"papa francisco\",\"Trending\"],\"articleSection\":[\"Audiencia General\",\"Le\u00f3n XIV\"],\"inLanguage\":\"es\"},{\"@type\":\"WebPage\",\"@id\":\"https:\\\/\\\/exaudi.org\\\/es\\\/adopcion-amor-paternidad-maternidad\\\/\",\"url\":\"https:\\\/\\\/exaudi.org\\\/es\\\/adopcion-amor-paternidad-maternidad\\\/\",\"name\":\"La adopci\u00f3n, forma elevada de amor de paternidad y maternidad &#8211; Exaudi\",\"isPartOf\":{\"@id\":\"https:\\\/\\\/exaudi.org\\\/#website\"},\"primaryImageOfPage\":{\"@id\":\"https:\\\/\\\/exaudi.org\\\/es\\\/adopcion-amor-paternidad-maternidad\\\/#primaryimage\"},\"image\":{\"@id\":\"https:\\\/\\\/exaudi.org\\\/es\\\/adopcion-amor-paternidad-maternidad\\\/#primaryimage\"},\"thumbnailUrl\":\"https:\\\/\\\/exaudi.org\\\/wp-content\\\/uploads\\\/2022\\\/01\\\/VM050122104144_0342.jpg\",\"datePublished\":\"2022-01-05T11:52:52+00:00\",\"dateModified\":\"2022-01-06T11:38:54+00:00\",\"author\":{\"@id\":\"https:\\\/\\\/exaudi.org\\\/#\\\/schema\\\/person\\\/fc7b3cbb6f4d66ebcb53bf601d7b7eb1\"},\"description\":\"La adopci\u00f3n \u201cest\u00e1 entre las formas m\u00e1s altas de amor y de paternidad y maternidad\u201d indic\u00f3 el Papa Francisco en su catequesis.\",\"breadcrumb\":{\"@id\":\"https:\\\/\\\/exaudi.org\\\/es\\\/adopcion-amor-paternidad-maternidad\\\/#breadcrumb\"},\"inLanguage\":\"es\",\"potentialAction\":[{\"@type\":\"ReadAction\",\"target\":[\"https:\\\/\\\/exaudi.org\\\/es\\\/adopcion-amor-paternidad-maternidad\\\/\"]}]},{\"@type\":\"ImageObject\",\"inLanguage\":\"es\",\"@id\":\"https:\\\/\\\/exaudi.org\\\/es\\\/adopcion-amor-paternidad-maternidad\\\/#primaryimage\",\"url\":\"https:\\\/\\\/exaudi.org\\\/wp-content\\\/uploads\\\/2022\\\/01\\\/VM050122104144_0342.jpg\",\"contentUrl\":\"https:\\\/\\\/exaudi.org\\\/wp-content\\\/uploads\\\/2022\\\/01\\\/VM050122104144_0342.jpg\",\"width\":2481,\"height\":1654,\"caption\":\"Audiencia General del Papa Francisco, 5 enero 2022 \u00a9 Vatican Media\"},{\"@type\":\"BreadcrumbList\",\"@id\":\"https:\\\/\\\/exaudi.org\\\/es\\\/adopcion-amor-paternidad-maternidad\\\/#breadcrumb\",\"itemListElement\":[{\"@type\":\"ListItem\",\"position\":1,\"name\":\"Portada\",\"item\":\"https:\\\/\\\/exaudi.org\\\/es\\\/\"},{\"@type\":\"ListItem\",\"position\":2,\"name\":\"La adopci\u00f3n, forma elevada de amor de paternidad y maternidad\"}]},{\"@type\":\"WebSite\",\"@id\":\"https:\\\/\\\/exaudi.org\\\/#website\",\"url\":\"https:\\\/\\\/exaudi.org\\\/\",\"name\":\"Exaudi\",\"description\":\"News\",\"potentialAction\":[{\"@type\":\"SearchAction\",\"target\":{\"@type\":\"EntryPoint\",\"urlTemplate\":\"https:\\\/\\\/exaudi.org\\\/?s={search_term_string}\"},\"query-input\":{\"@type\":\"PropertyValueSpecification\",\"valueRequired\":true,\"valueName\":\"search_term_string\"}}],\"inLanguage\":\"es\"},{\"@type\":\"Person\",\"@id\":\"https:\\\/\\\/exaudi.org\\\/#\\\/schema\\\/person\\\/fc7b3cbb6f4d66ebcb53bf601d7b7eb1\",\"name\":\"Alba Montalvo\",\"image\":{\"@type\":\"ImageObject\",\"inLanguage\":\"es\",\"@id\":\"https:\\\/\\\/secure.gravatar.com\\\/avatar\\\/1e8c522219a5df52d143b7baf13997ffd4f1814ca862efe7af11a13849275021?s=96&d=mm&r=g\",\"url\":\"https:\\\/\\\/secure.gravatar.com\\\/avatar\\\/1e8c522219a5df52d143b7baf13997ffd4f1814ca862efe7af11a13849275021?s=96&d=mm&r=g\",\"contentUrl\":\"https:\\\/\\\/secure.gravatar.com\\\/avatar\\\/1e8c522219a5df52d143b7baf13997ffd4f1814ca862efe7af11a13849275021?s=96&d=mm&r=g\",\"caption\":\"Alba Montalvo\"},\"description\":\"Licenciada en Periodismo y M\u00e1ster en Periodismo Social. Mi trayectoria profesional ha estado siempre vinculada al \u00e1mbito de la comunicaci\u00f3n en el entorno digital. He trabajado como productora, gestora de contenidos estrat\u00e9gicos para redes y entrevistadora en la Fundaci\u00f3n Mater Mundi TV. Madrile\u00f1a de nacimiento, actualmente vivo en M\u00e1laga.\",\"url\":\"https:\\\/\\\/exaudi.org\\\/es\\\/author\\\/amontalvoexaudi-org\\\/\"}]}<\/script>\n<!-- \/ Yoast SEO plugin. -->","yoast_head_json":{"title":"La adopci\u00f3n, forma elevada de amor de paternidad y maternidad &#8211; Exaudi","description":"La adopci\u00f3n \u201cest\u00e1 entre las formas m\u00e1s altas de amor y de paternidad y maternidad\u201d indic\u00f3 el Papa Francisco en su catequesis.","robots":{"index":"index","follow":"follow","max-snippet":"max-snippet:-1","max-image-preview":"max-image-preview:large","max-video-preview":"max-video-preview:-1"},"canonical":"https:\/\/exaudi.org\/es\/adopcion-amor-paternidad-maternidad\/","og_locale":"es_ES","og_type":"article","og_title":"La adopci\u00f3n, forma elevada de amor de paternidad y maternidad &#8211; Exaudi","og_description":"La adopci\u00f3n \u201cest\u00e1 entre las formas m\u00e1s altas de amor y de paternidad y maternidad\u201d indic\u00f3 el Papa Francisco en su catequesis.","og_url":"https:\/\/exaudi.org\/es\/adopcion-amor-paternidad-maternidad\/","og_site_name":"Exaudi","article_publisher":"https:\/\/www.facebook.com\/ExaudiNews","article_published_time":"2022-01-05T11:52:52+00:00","article_modified_time":"2022-01-06T11:38:54+00:00","og_image":[{"width":2481,"height":1654,"url":"https:\/\/exaudi.org\/wp-content\/uploads\/2022\/01\/VM050122104144_0342.jpg","type":"image\/jpeg"}],"author":"Alba Montalvo","twitter_card":"summary_large_image","twitter_creator":"@Exaudi_News","twitter_site":"@Exaudi_News","twitter_misc":{"Escrito por":"Alba Montalvo","Tiempo de lectura":"12 minutos"},"schema":{"@context":"https:\/\/schema.org","@graph":[{"@type":"Article","@id":"https:\/\/exaudi.org\/es\/adopcion-amor-paternidad-maternidad\/#article","isPartOf":{"@id":"https:\/\/exaudi.org\/es\/adopcion-amor-paternidad-maternidad\/"},"author":{"name":"Alba Montalvo","@id":"https:\/\/exaudi.org\/#\/schema\/person\/fc7b3cbb6f4d66ebcb53bf601d7b7eb1"},"headline":"La adopci\u00f3n, forma elevada de amor de paternidad y maternidad","datePublished":"2022-01-05T11:52:52+00:00","dateModified":"2022-01-06T11:38:54+00:00","mainEntityOfPage":{"@id":"https:\/\/exaudi.org\/es\/adopcion-amor-paternidad-maternidad\/"},"wordCount":2334,"image":{"@id":"https:\/\/exaudi.org\/es\/adopcion-amor-paternidad-maternidad\/#primaryimage"},"thumbnailUrl":"https:\/\/exaudi.org\/wp-content\/uploads\/2022\/01\/VM050122104144_0342.jpg","keywords":["audiencia general","papa francisco","Trending"],"articleSection":["Audiencia General","Le\u00f3n XIV"],"inLanguage":"es"},{"@type":"WebPage","@id":"https:\/\/exaudi.org\/es\/adopcion-amor-paternidad-maternidad\/","url":"https:\/\/exaudi.org\/es\/adopcion-amor-paternidad-maternidad\/","name":"La adopci\u00f3n, forma elevada de amor de paternidad y maternidad &#8211; Exaudi","isPartOf":{"@id":"https:\/\/exaudi.org\/#website"},"primaryImageOfPage":{"@id":"https:\/\/exaudi.org\/es\/adopcion-amor-paternidad-maternidad\/#primaryimage"},"image":{"@id":"https:\/\/exaudi.org\/es\/adopcion-amor-paternidad-maternidad\/#primaryimage"},"thumbnailUrl":"https:\/\/exaudi.org\/wp-content\/uploads\/2022\/01\/VM050122104144_0342.jpg","datePublished":"2022-01-05T11:52:52+00:00","dateModified":"2022-01-06T11:38:54+00:00","author":{"@id":"https:\/\/exaudi.org\/#\/schema\/person\/fc7b3cbb6f4d66ebcb53bf601d7b7eb1"},"description":"La adopci\u00f3n \u201cest\u00e1 entre las formas m\u00e1s altas de amor y de paternidad y maternidad\u201d indic\u00f3 el Papa Francisco en su catequesis.","breadcrumb":{"@id":"https:\/\/exaudi.org\/es\/adopcion-amor-paternidad-maternidad\/#breadcrumb"},"inLanguage":"es","potentialAction":[{"@type":"ReadAction","target":["https:\/\/exaudi.org\/es\/adopcion-amor-paternidad-maternidad\/"]}]},{"@type":"ImageObject","inLanguage":"es","@id":"https:\/\/exaudi.org\/es\/adopcion-amor-paternidad-maternidad\/#primaryimage","url":"https:\/\/exaudi.org\/wp-content\/uploads\/2022\/01\/VM050122104144_0342.jpg","contentUrl":"https:\/\/exaudi.org\/wp-content\/uploads\/2022\/01\/VM050122104144_0342.jpg","width":2481,"height":1654,"caption":"Audiencia General del Papa Francisco, 5 enero 2022 \u00a9 Vatican Media"},{"@type":"BreadcrumbList","@id":"https:\/\/exaudi.org\/es\/adopcion-amor-paternidad-maternidad\/#breadcrumb","itemListElement":[{"@type":"ListItem","position":1,"name":"Portada","item":"https:\/\/exaudi.org\/es\/"},{"@type":"ListItem","position":2,"name":"La adopci\u00f3n, forma elevada de amor de paternidad y maternidad"}]},{"@type":"WebSite","@id":"https:\/\/exaudi.org\/#website","url":"https:\/\/exaudi.org\/","name":"Exaudi","description":"News","potentialAction":[{"@type":"SearchAction","target":{"@type":"EntryPoint","urlTemplate":"https:\/\/exaudi.org\/?s={search_term_string}"},"query-input":{"@type":"PropertyValueSpecification","valueRequired":true,"valueName":"search_term_string"}}],"inLanguage":"es"},{"@type":"Person","@id":"https:\/\/exaudi.org\/#\/schema\/person\/fc7b3cbb6f4d66ebcb53bf601d7b7eb1","name":"Alba Montalvo","image":{"@type":"ImageObject","inLanguage":"es","@id":"https:\/\/secure.gravatar.com\/avatar\/1e8c522219a5df52d143b7baf13997ffd4f1814ca862efe7af11a13849275021?s=96&d=mm&r=g","url":"https:\/\/secure.gravatar.com\/avatar\/1e8c522219a5df52d143b7baf13997ffd4f1814ca862efe7af11a13849275021?s=96&d=mm&r=g","contentUrl":"https:\/\/secure.gravatar.com\/avatar\/1e8c522219a5df52d143b7baf13997ffd4f1814ca862efe7af11a13849275021?s=96&d=mm&r=g","caption":"Alba Montalvo"},"description":"Licenciada en Periodismo y M\u00e1ster en Periodismo Social. Mi trayectoria profesional ha estado siempre vinculada al \u00e1mbito de la comunicaci\u00f3n en el entorno digital. He trabajado como productora, gestora de contenidos estrat\u00e9gicos para redes y entrevistadora en la Fundaci\u00f3n Mater Mundi TV. Madrile\u00f1a de nacimiento, actualmente vivo en M\u00e1laga.","url":"https:\/\/exaudi.org\/es\/author\/amontalvoexaudi-org\/"}]}},"jetpack_featured_media_url":"https:\/\/exaudi.org\/wp-content\/uploads\/2022\/01\/VM050122104144_0342.jpg","jetpack_shortlink":"https:\/\/wp.me\/pgKjF2-cvF","_links":{"self":[{"href":"https:\/\/exaudi.org\/es\/wp-json\/wp\/v2\/posts\/48091","targetHints":{"allow":["GET"]}}],"collection":[{"href":"https:\/\/exaudi.org\/es\/wp-json\/wp\/v2\/posts"}],"about":[{"href":"https:\/\/exaudi.org\/es\/wp-json\/wp\/v2\/types\/post"}],"author":[{"embeddable":true,"href":"https:\/\/exaudi.org\/es\/wp-json\/wp\/v2\/users\/81"}],"replies":[{"embeddable":true,"href":"https:\/\/exaudi.org\/es\/wp-json\/wp\/v2\/comments?post=48091"}],"version-history":[{"count":0,"href":"https:\/\/exaudi.org\/es\/wp-json\/wp\/v2\/posts\/48091\/revisions"}],"wp:featuredmedia":[{"embeddable":true,"href":"https:\/\/exaudi.org\/es\/wp-json\/wp\/v2\/media\/48114"}],"wp:attachment":[{"href":"https:\/\/exaudi.org\/es\/wp-json\/wp\/v2\/media?parent=48091"}],"wp:term":[{"taxonomy":"category","embeddable":true,"href":"https:\/\/exaudi.org\/es\/wp-json\/wp\/v2\/categories?post=48091"},{"taxonomy":"post_tag","embeddable":true,"href":"https:\/\/exaudi.org\/es\/wp-json\/wp\/v2\/tags?post=48091"}],"curies":[{"name":"wp","href":"https:\/\/api.w.org\/{rel}","templated":true}]}}