{"id":48020,"date":"2022-01-04T12:13:15","date_gmt":"2022-01-04T11:13:15","guid":{"rendered":"https:\/\/exaudi.org\/?p=48020"},"modified":"2022-01-05T09:46:54","modified_gmt":"2022-01-05T08:46:54","slug":"crecer-en-servicio-y-cercania-a-las-personas-enfermas","status":"publish","type":"post","link":"https:\/\/exaudi.org\/es\/crecer-en-servicio-y-cercania-a-las-personas-enfermas\/","title":{"rendered":"\u201cCrecer en servicio y cercan\u00eda\u201d a las personas enfermas"},"content":{"rendered":"<p>El Papa Francisco desea que la XXX Jornada Mundial del Enfermo \u201cpueda ayudarnos a crecer en el servicio y en la cercan\u00eda a las personas enfermas y a sus familias\u201d.<\/p>\n<p>Hoy, 4 de enero de 2021, se ha publicado el mensaje del Santo Padre con motivo de la XXX Jornada Mundial del Enfermo, que se celebra el 11 de febrero, memoria lit\u00fargica de la Sant\u00edsima Virgen Mar\u00eda de Lourdes, sobre el tema \u201c\u2019Sean misericordiosos as\u00ed como el Padre de ustedes es misericordioso\u2019 (<a href=\"https:\/\/www.sanpablo.es\/libro-pueblo-de-dios\/la-biblia\/nuevo-testamento\/evangelio-segun-san-lucas\/6\" target=\"_blank\" rel=\"noopener\">Lc 6,36<\/a>). Estar al lado de los que sufren en un camino de caridad\u201d.<\/p>\n<p>Al comienzo de su mensaje, el Papa recuerda que hace 30 a\u00f1os, \u201c<a href=\"https:\/\/exaudi.org\/es\/san-juan-pablo-ii-papa-nuevo-milenio\/\" target=\"_blank\" rel=\"noopener\">san Juan Pablo II<\/a> instituy\u00f3 la Jornada Mundial del Enfermo para sensibilizar al Pueblo de Dios, a las instituciones sanitarias cat\u00f3licas y a la sociedad civil sobre la necesidad de asistir a los enfermos y a quienes los cuidan\u201d.<\/p>\n<p>\u201cEstamos agradecidos al Se\u00f1or por el camino realizado en las Iglesias locales de todo el mundo durante estos a\u00f1os. Se ha avanzado bastante, pero todav\u00eda queda mucho camino por recorrer para garantizar a todas las personas enfermas, principalmente en los lugares y en las situaciones de mayor pobreza y exclusi\u00f3n, la atenci\u00f3n sanitaria que necesitan, as\u00ed como el acompa\u00f1amiento pastoral para que puedan vivir el tiempo de la enfermedad unidos a Cristo crucificado y resucitado\u201d, remarca.<\/p>\n<h2><strong>\u201cMisericordiosos como el Padre\u201d<\/strong><\/h2>\n<p>En el primer apartado del mensaje, \u201cmisericordiosos como el Padre\u201d, Francisco apunta que el citado t\u00edtulo para esta XXX Jornada \u201cnos hace volver la mirada hacia Dios \u2018rico en misericordia\u2019 (<em>Ef<\/em> 2,4), que siempre mira a sus hijos con amor de padre, incluso cuando estos se alejan de \u00c9l. De hecho, la misericordia es el nombre de Dios por excelencia, que manifiesta su naturaleza, no como un sentimiento ocasional, sino como fuerza presente en todo lo que \u00c9l realiza. Es fuerza y ternura a la vez. Por eso, podemos afirmar con asombro y gratitud que la misericordia de Dios tiene en s\u00ed misma tanto la dimensi\u00f3n de la paternidad como la de la maternidad (cf. <em>Is<\/em> 49,15), porque \u00c9l nos cuida con la fuerza de un padre y con la ternura de una madre, siempre dispuesto a darnos nueva vida en el Esp\u00edritu Santo\u201d.<\/p>\n<h2><strong>\u201cJes\u00fas, misericordia del Padre\u201d<\/strong><\/h2>\n<p>En el segundo punto, \u201cJes\u00fas, misericordia del Padre\u201d, Pont\u00edfice describe que \u201cel testigo supremo del amor misericordioso del Padre a los enfermos es su Hijo unig\u00e9nito\u201d, resaltando cu\u00e1ntas veces en el Evangelio, Jes\u00fas se encuentra con estas personas. Asimismo, la obra principal de la misi\u00f3n de los ap\u00f3stoles, es anunciar el Evangelio y a curar a los enfermos.<\/p>\n<p>\u201cCuando una persona experimenta en su propia carne la fragilidad y el sufrimiento a causa de la enfermedad, tambi\u00e9n su coraz\u00f3n se entristece, el miedo crece, los interrogantes se multiplican; hallar respuesta a la pregunta sobre el sentido de todo lo que sucede es cada vez m\u00e1s urgente\u201d (\u2026), indica el Obispo de Roma. De ah\u00ed \u201cla importancia de contar con la presencia de testigos de la caridad de Dios que derramen sobre las heridas de los enfermos el aceite de la consolaci\u00f3n y el vino de la esperanza, siguiendo el ejemplo de Jes\u00fas, misericordia del Padre\u201d.<\/p>\n<h2><strong>\u201cTocar la carne sufriente de Cristo\u201d<\/strong><\/h2>\n<p>En el tercer apartado, \u201cTocar la carne sufriente de Cristo\u201d, el Sucesor de Pedro apunta que \u201cla invitaci\u00f3n de Jes\u00fas a ser misericordiosos como el Padre adquiere un significado particular para los agentes sanitarios\u201d y dirige su pensamiento al personal sanitario y voluntarios que asisten a los enfermos: \u201cQueridos agentes sanitarios, su servicio al lado de los enfermos, realizado con amor y competencia, trasciende los l\u00edmites de la profesi\u00f3n para convertirse en una misi\u00f3n. Sus manos, que tocan la carne sufriente de Cristo, pueden ser signo de las manos misericordiosas del Padre. Sean conscientes de la gran dignidad de su profesi\u00f3n, como tambi\u00e9n de la responsabilidad que esta conlleva\u201d.<\/p>\n<p>\u201cBendigamos al Se\u00f1or por los progresos que la ciencia m\u00e9dica ha realizado, sobre todo en estos \u00faltimos tiempos\u201d, expone Su Santidad, al mismo tiempo que subraya que \u201cel enfermo es siempre m\u00e1s importante que su enfermedad y por eso cada enfoque terap\u00e9utico no puede prescindir de escuchar al paciente, de su historia, de sus angustias y de sus miedos\u201d.<\/p>\n<p>En este sentido, insiste en que \u201cincluso cuando no es posible curar, siempre es posible cuidar, siempre es posible consolar, siempre es posible hacer sentir una cercan\u00eda que muestra inter\u00e9s por la persona antes que por su patolog\u00eda\u201d. Por eso, prosigue, \u201cespero que la formaci\u00f3n profesional capacite a los agentes sanitarios para saber escuchar y relacionarse con el enfermo\u201d<em>.<\/em><\/p>\n<h2><strong>\u201cLos centros de asistencia sanitaria, casas de misericordia\u201d<\/strong><\/h2>\n<p>En cuarto lugar, el Papa Francisco habla de \u201cLos centros de asistencia sanitaria, casas de misericordia\u201d. A lo largo de los siglos, \u201cla misericordia hacia los enfermos ha llevado a la comunidad cristiana a abrir innumerables \u2018posadas del buen samaritano\u2019, para acoger y curar a enfermos de todo tipo, sobre todo a aquellos que no encontraban respuesta a sus necesidades sanitarias, debido a la pobreza o a la exclusi\u00f3n social, o por las dificultades a la hora de tratar ciertas patolog\u00edas\u201d.<\/p>\n<p>Ahora, el Santo Padre piensa \u201csobre todo en los habitantes de las zonas m\u00e1s pobres del planeta, donde a veces hay que recorrer largas distancias para encontrar centros de asistencia sanitaria que, a pesar de contar con recursos limitados, ofrecen todo lo que tienen a su disposici\u00f3n\u201d, pues \u201ca\u00fan queda un largo camino por recorrer y en algunos pa\u00edses recibir un tratamiento adecuado sigue siendo un lujo\u201d. Lo demuestra, por ejemplo, la falta de disponibilidad de vacunas contra el virus del Covid-19 en los pa\u00edses m\u00e1s pobres; pero a\u00fan m\u00e1s la falta de tratamientos para patolog\u00edas que requieren medicamentos mucho m\u00e1s sencillos.<\/p>\n<p>En este contexto, \u201cdeseo reafirmar la importancia de las instituciones sanitarias cat\u00f3licas: son un tesoro precioso que hay que custodiar y sostener; su presencia ha caracterizado la historia de la Iglesia por su cercan\u00eda a los enfermos m\u00e1s pobres y a las situaciones m\u00e1s olvidadas\u201d (\u2026). En una \u00e9poca como la actual, contin\u00faa, \u201cen la que la cultura del descarte est\u00e1 muy difundida y a la vida no siempre se le reconoce la dignidad de ser acogida y vivida, estas estructuras, como casas de la misericordia, pueden ser un ejemplo en la protecci\u00f3n y el cuidado de toda existencia, aun de la m\u00e1s fr\u00e1gil, desde su concepci\u00f3n hasta su t\u00e9rmino natural\u201d.<\/p>\n<h2><strong>\u201cLa misericordia pastoral: presencia y cercan\u00eda\u201d<\/strong><\/h2>\n<p>En quinto lugar, Francisco se refiere a \u201cLa misericordia pastoral: presencia y cercan\u00eda\u201d. A este prop\u00f3sito, recuerda \u201cque la cercan\u00eda a los enfermos y su cuidado pastoral no s\u00f3lo es tarea de algunos ministros espec\u00edficamente dedicados a ello; visitar a los enfermos es una invitaci\u00f3n que Cristo hace a todos sus disc\u00edpulos. \u00a1Cu\u00e1ntos enfermos y cu\u00e1ntas personas ancianas viven en sus casas y esperan una visita!\u201d.<\/p>\n<p>Finalmente, el Obispo de Roma encomienda a \u201ctodos los enfermos y sus familias a la intercesi\u00f3n de Mar\u00eda, Salud de los enfermos. Que unidos a Cristo, que lleva sobre s\u00ed el dolor del mundo, puedan encontrar sentido, consuelo y confianza. Rezo por todos los agentes sanitarios para que, llenos de misericordia, ofrezcan a los pacientes, adem\u00e1s de los cuidados adecuados, su cercan\u00eda fraterna\u201d.<\/p>\n<p>A continuaci\u00f3n, sigue el mensaje completo del Sucesor de Pedro.<\/p>\n<p>***<\/p>\n<h2><strong>Mensaje del Santo Padre<\/strong><\/h2>\n<p>\u201c<em>Sean misericordiosos as\u00ed como el Padre de ustedes es misericordioso<\/em>\u201d<em> (Lc 6,36). Estar al lado de los que sufren en un camino de caridad<\/em><\/p>\n<p>Queridos hermanos y hermanas:<\/p>\n<p>Hace treinta a\u00f1os, san Juan Pablo II instituy\u00f3 la Jornada Mundial del Enfermo para sensibilizar al Pueblo de Dios, a las instituciones sanitarias cat\u00f3licas y a la sociedad civil sobre la necesidad de asistir a los enfermos y a quienes los cuidan.<sup>[1]<\/sup><\/p>\n<p>Estamos agradecidos al Se\u00f1or por el camino realizado en las Iglesias locales de todo el mundo durante estos a\u00f1os. Se ha avanzado bastante, pero todav\u00eda queda mucho camino por recorrer para garantizar a todas las personas enfermas, principalmente en los lugares y en las situaciones de mayor pobreza y exclusi\u00f3n, la atenci\u00f3n sanitaria que necesitan, as\u00ed como el acompa\u00f1amiento pastoral para que puedan vivir el tiempo de la enfermedad unidos a Cristo crucificado y resucitado. Que la XXX Jornada Mundial del Enfermo \u2014cuya celebraci\u00f3n conclusiva no tendr\u00e1 lugar en Arequipa, Per\u00fa, debido a la pandemia, sino en la Bas\u00edlica de San Pedro en el Vaticano\u2014 pueda ayudarnos a crecer en el servicio y en la cercan\u00eda a las personas enfermas y a sus familias.<\/p>\n<ol>\n<li><em> Misericordiosos como el Padre<\/em><\/li>\n<\/ol>\n<p>El tema elegido para esta trig\u00e9sima Jornada, \u201c<em>Sean misericordiosos as\u00ed como el Padre de ustedes es misericordioso<\/em>\u201d<em>\u00a0<\/em>(<em>Lc<\/em>\u00a06,36), nos hace volver la mirada hacia Dios \u201crico en misericordia\u201d (<em>Ef<\/em>\u00a02,4), que siempre mira a sus hijos con amor de padre, incluso cuando estos se alejan de \u00c9l. De hecho, la misericordia es el nombre de Dios por excelencia, que manifiesta su naturaleza, no como un sentimiento ocasional, sino como fuerza presente en todo lo que \u00c9l realiza. Es fuerza y ternura a la vez. Por eso, podemos afirmar con asombro y gratitud que la misericordia de Dios tiene en s\u00ed misma tanto la dimensi\u00f3n de la paternidad como la de la maternidad (cf.\u00a0<em>Is<\/em>\u00a049,15), porque \u00c9l nos cuida con la fuerza de un padre y con la ternura de una madre, siempre dispuesto a darnos nueva vida en el Esp\u00edritu Santo.<\/p>\n<ol start=\"2\">\n<li><em> Jes\u00fas, misericordia del Padre<\/em><\/li>\n<\/ol>\n<p>El testigo supremo del amor misericordioso del Padre a los enfermos es su Hijo unig\u00e9nito. \u00a1Cu\u00e1ntas veces los Evangelios nos narran los encuentros de Jes\u00fas con personas que padecen diversas enfermedades! \u00c9l \u201crecorr\u00eda toda Galilea ense\u00f1ando en las sinagogas de los jud\u00edos, proclamando la Buena Noticia del Reino y sanando todas las enfermedades y dolencias de la gente\u201d (<em>Mt<\/em>\u00a04,23). Podemos preguntarnos: \u00bfpor qu\u00e9 esta atenci\u00f3n particular de Jes\u00fas hacia los enfermos, hasta tal punto que se convierte tambi\u00e9n en la obra principal de la misi\u00f3n de los ap\u00f3stoles, enviados por el Maestro a anunciar el Evangelio y a curar a los enfermos? (cf.\u00a0<em>Lc<\/em>\u00a09,2).<\/p>\n<p>Un pensador del siglo XX nos sugiere una motivaci\u00f3n: \u201cEl dolor a\u00edsla completamente y es de este aislamiento absoluto del que surge la llamada al otro, la invocaci\u00f3n al otro\u201d.<sup>[2]<\/sup>\u00a0Cuando una persona experimenta en su propia carne la fragilidad y el sufrimiento a causa de la enfermedad, tambi\u00e9n su coraz\u00f3n se entristece, el miedo crece, los interrogantes se multiplican; hallar respuesta a la pregunta sobre el sentido de todo lo que sucede es cada vez m\u00e1s urgente. C\u00f3mo no recordar, a este respecto, a los numerosos enfermos que, durante este tiempo de pandemia, han vivido en la soledad de una unidad de cuidados intensivos la \u00faltima etapa de su existencia atendidos, sin lugar a dudas, por agentes sanitarios generosos, pero lejos de sus seres queridos y de las personas m\u00e1s importantes de su vida terrenal. He aqu\u00ed, pues, la importancia de contar con la presencia de testigos de la caridad de Dios que derramen sobre las heridas de los enfermos el aceite de la consolaci\u00f3n y el vino de la esperanza, siguiendo el ejemplo de Jes\u00fas, misericordia del Padre.<sup>[3]<\/sup><\/p>\n<ol start=\"3\">\n<li><em> Tocar la carne sufriente de Cristo<\/em><\/li>\n<\/ol>\n<p>La invitaci\u00f3n de Jes\u00fas a ser misericordiosos como el Padre adquiere un significado particular para los agentes sanitarios. Pienso en los m\u00e9dicos, los enfermeros, los t\u00e9cnicos de laboratorio, en el personal encargado de asistir y cuidar a los enfermos, as\u00ed como en los numerosos voluntarios que donan un tiempo precioso a quienes sufren. Queridos agentes sanitarios, su servicio al lado de los enfermos, realizado con amor y competencia, trasciende los l\u00edmites de la profesi\u00f3n para convertirse en una misi\u00f3n. Sus manos, que tocan la carne sufriente de Cristo, pueden ser signo de las manos misericordiosas del Padre. Sean conscientes de la gran dignidad de su profesi\u00f3n, como tambi\u00e9n de la responsabilidad que esta conlleva.<\/p>\n<p>Bendigamos al Se\u00f1or por los progresos que la ciencia m\u00e9dica ha realizado, sobre todo en estos \u00faltimos tiempos. Las nuevas tecnolog\u00edas han permitido desarrollar tratamientos que son muy beneficiosos para las personas enfermas; la investigaci\u00f3n sigue aportando su valiosa contribuci\u00f3n para erradicar enfermedades antiguas y nuevas; la medicina de rehabilitaci\u00f3n ha desarrollado significativamente sus conocimientos y competencias. Todo esto, sin embargo, no debe hacernos olvidar la singularidad de cada persona enferma, con su dignidad y sus fragilidades.<sup>[4]<\/sup>\u00a0El enfermo es siempre m\u00e1s importante que su enfermedad y por eso cada enfoque terap\u00e9utico no puede prescindir de escuchar al paciente, de su historia, de sus angustias y de sus miedos. Incluso cuando no es posible curar, siempre es posible cuidar, siempre es posible consolar, siempre es posible hacer sentir una cercan\u00eda que muestra inter\u00e9s por la persona antes que por su patolog\u00eda. Por eso espero que la formaci\u00f3n profesional capacite a los agentes sanitarios para saber escuchar y relacionarse con el enfermo<em>.<\/em><\/p>\n<ol start=\"4\">\n<li><em> Los centros de asistencia sanitaria, casas de misericordia<\/em><\/li>\n<\/ol>\n<p>La Jornada Mundial del Enfermo tambi\u00e9n es una ocasi\u00f3n propicia para centrar nuestra atenci\u00f3n en los centros de asistencia sanitaria. A lo largo de los siglos, la misericordia hacia los enfermos ha llevado a la comunidad cristiana a abrir innumerables \u201cposadas del buen samaritano\u201d, para acoger y curar a enfermos de todo tipo, sobre todo a aquellos que no encontraban respuesta a sus necesidades sanitarias, debido a la pobreza o a la exclusi\u00f3n social, o por las dificultades a la hora de tratar ciertas patolog\u00edas. En estas situaciones son sobre todo los ni\u00f1os, los ancianos y las personas m\u00e1s fr\u00e1giles quienes sufren las peores consecuencias. Muchos misioneros, misericordiosos como el Padre, acompa\u00f1aron el anuncio del Evangelio con la construcci\u00f3n de hospitales, dispensarios y centros de salud. Son obras valiosas mediante las cuales la caridad cristiana ha tomado forma y el amor de Cristo, testimoniado por sus disc\u00edpulos, se ha vuelto m\u00e1s cre\u00edble. Pienso sobre todo en los habitantes de las zonas m\u00e1s pobres del planeta, donde a veces hay que recorrer largas distancias para encontrar centros de asistencia sanitaria que, a pesar de contar con recursos limitados, ofrecen todo lo que tienen a su disposici\u00f3n. A\u00fan queda un largo camino por recorrer y en algunos pa\u00edses recibir un tratamiento adecuado sigue siendo un lujo. Lo demuestra, por ejemplo, la falta de disponibilidad de vacunas contra el virus del Covid-19 en los pa\u00edses m\u00e1s pobres; pero a\u00fan m\u00e1s la falta de tratamientos para patolog\u00edas que requieren medicamentos mucho m\u00e1s sencillos.<\/p>\n<p>En este contexto, deseo reafirmar la importancia de las instituciones sanitarias cat\u00f3licas: son un tesoro precioso que hay que custodiar y sostener; su presencia ha caracterizado la historia de la Iglesia por su cercan\u00eda a los enfermos m\u00e1s pobres y a las situaciones m\u00e1s olvidadas.<sup>[5]<\/sup>\u00a0\u00a1Cu\u00e1ntos fundadores de familias religiosas han sabido escuchar el grito de hermanos y hermanas que no dispon\u00edan de acceso a los tratamientos sanitarios o que no estaban bien atendidos y se han entregado a su servicio! A\u00fan hoy en d\u00eda, incluso en los pa\u00edses m\u00e1s desarrollados, su presencia es una bendici\u00f3n, porque siempre pueden ofrecer, adem\u00e1s del cuidado del cuerpo con toda la pericia necesaria, tambi\u00e9n aquella caridad gracias a la cual el enfermo y sus familiares ocupan un lugar central. En una \u00e9poca en la que la cultura del descarte est\u00e1 muy difundida y a la vida no siempre se le reconoce la dignidad de ser acogida y vivida, estas estructuras, como casas de la misericordia, pueden ser un ejemplo en la protecci\u00f3n y el cuidado de toda existencia, aun de la m\u00e1s fr\u00e1gil, desde su concepci\u00f3n hasta su t\u00e9rmino natural.<\/p>\n<ol start=\"5\">\n<li><em> La misericordia pastoral: presencia y cercan\u00eda<\/em><\/li>\n<\/ol>\n<p>A lo largo de estos treinta a\u00f1os el servicio indispensable que realiza la pastoral de la salud se ha reconocido cada vez m\u00e1s. Si la peor discriminaci\u00f3n que padecen los pobres \u2014y los enfermos son pobres en salud\u2014 es la falta de atenci\u00f3n espiritual, no podemos dejar de ofrecerles la cercan\u00eda de Dios, su bendici\u00f3n, su Palabra, la celebraci\u00f3n de los sacramentos y la propuesta de un camino de crecimiento y maduraci\u00f3n en la fe.<sup>[6]<\/sup>\u00a0A este prop\u00f3sito, quisiera recordar que la cercan\u00eda a los enfermos y su cuidado pastoral no s\u00f3lo es tarea de algunos ministros espec\u00edficamente dedicados a ello; visitar a los enfermos es una invitaci\u00f3n que Cristo hace a todos sus disc\u00edpulos. \u00a1Cu\u00e1ntos enfermos y cu\u00e1ntas personas ancianas viven en sus casas y esperan una visita! El ministerio de la consolaci\u00f3n es responsabilidad de todo bautizado, consciente de la palabra de Jes\u00fas: \u201cEstuve enfermo y me visitaron\u201d (<em>Mt<\/em>\u00a025,36).<\/p>\n<p>Queridos hermanos y hermanas, encomiendo todos los enfermos y sus familias a la intercesi\u00f3n de Mar\u00eda, Salud de los enfermos. Que unidos a Cristo, que lleva sobre s\u00ed el dolor del mundo, puedan encontrar sentido, consuelo y confianza. Rezo por todos los agentes sanitarios para que, llenos de misericordia, ofrezcan a los pacientes, adem\u00e1s de los cuidados adecuados, su cercan\u00eda fraterna.<\/p>\n<p>A todos les imparto con afecto la Bendici\u00f3n Apost\u00f3lica.<\/p>\n<p>Roma, San Juan de Letr\u00e1n, 10 de diciembre de 2021, Memoria de la Bienaventurada Virgen Mar\u00eda de Loreto.<\/p>\n<p>FRANCISCO<\/p>\n<p>_______________________<\/p>\n<p><sup>[1]<\/sup>\u00a0Cf.\u00a0<em>Carta al Cardenal Fiorenzo Angelini, Presidente del Consejo Pontificio para la Pastoral de los Agentes Sanitarios, con ocasi\u00f3n de la instituci\u00f3n de la Jornada Mundial del Enfermo<\/em>\u00a0(13 mayo 1992).<\/p>\n<p><sup>[2]<\/sup>\u00a0E. L\u00e9vinas, \u201c\u00a0<em>Une \u00e9thique de la souffrance<\/em>\u00a0\u201d, en\u00a0<em>Souffrances. <\/em><em>Corps et \u00e2me, \u00e9preuves partag\u00e9es<\/em>, J.-M. von Kaenel edit., Autrement, Par\u00eds 1994, pp. 133-135.<\/p>\n<p><sup>[3]<\/sup>\u00a0Cf.\u00a0<em>Misal Romano<\/em>, Prefacio Com\u00fan VIII,\u00a0<em>Jes\u00fas, buen samaritano<\/em>.<\/p>\n<p><sup>[4]<\/sup>\u00a0Cf.\u00a0<em>Discurso a la Federaci\u00f3n Nacional de los Colegios de M\u00e9dicos y Cirujanos Dentales<\/em>\u00a0(20 septiembre 2019).<\/p>\n<p><sup>[5]<\/sup>\u00a0Cf. \u00c1<em>ngelus<\/em>\u00a0desde el Policl\u00ednico \u201cGemelli\u201d de Roma (11 julio 2021).<\/p>\n<p><sup>[6]<\/sup>\u00a0Cf. Exhort. ap.\u00a0<em>Evangelii gaudium<\/em>\u00a0(24 noviembre 2013), 200.<\/p>\n<p><strong>\u00a9 Librer\u00eda Editora Vaticana<\/strong><\/p>\n","protected":false},"excerpt":{"rendered":"<p>Mensaje del Santo Padre para la XXX Jornada Mundial del Enfermo<\/p>\n","protected":false},"author":5,"featured_media":48025,"comment_status":"closed","ping_status":"closed","sticky":false,"template":"","format":"standard","meta":{"_acf_changed":false,"_crdt_document":"","inline_featured_image":false,"footnotes":""},"categories":[68,118],"tags":[158,4953,5441],"class_list":["post-48020","post","type-post","status-publish","format-standard","has-post-thumbnail","hentry","category-leon-xiv","category-mensajes","tag-papa-francisco","tag-trending-es","tag-xxx-jornada-mundial-del-enfermo"],"acf":[],"yoast_head":"<!-- This site is optimized with the Yoast SEO plugin v27.5 - https:\/\/yoast.com\/product\/yoast-seo-wordpress\/ -->\n<title>\u201cCrecer en servicio y cercan\u00eda\u201d a las personas enfermas &#8211; Exaudi<\/title>\n<meta name=\"description\" content=\"El Papa desea que la XXX Jornada Mundial del Enfermo ayude &quot;a crecer en el servicio y en la cercan\u00eda a las personas enfermas y a sus familias&quot;\" \/>\n<meta name=\"robots\" content=\"index, follow, max-snippet:-1, max-image-preview:large, max-video-preview:-1\" \/>\n<link rel=\"canonical\" href=\"https:\/\/exaudi.org\/es\/crecer-en-servicio-y-cercania-a-las-personas-enfermas\/\" \/>\n<meta property=\"og:locale\" content=\"es_ES\" \/>\n<meta property=\"og:type\" content=\"article\" \/>\n<meta property=\"og:title\" content=\"\u201cCrecer en servicio y cercan\u00eda\u201d a las personas enfermas &#8211; Exaudi\" \/>\n<meta property=\"og:description\" content=\"El Papa desea que la XXX Jornada Mundial del Enfermo ayude &quot;a crecer en el servicio y en la cercan\u00eda a las personas enfermas y a sus familias&quot;\" \/>\n<meta property=\"og:url\" content=\"https:\/\/exaudi.org\/es\/crecer-en-servicio-y-cercania-a-las-personas-enfermas\/\" \/>\n<meta property=\"og:site_name\" content=\"Exaudi\" \/>\n<meta property=\"article:publisher\" content=\"https:\/\/www.facebook.com\/ExaudiNews\" \/>\n<meta property=\"article:published_time\" content=\"2022-01-04T11:13:15+00:00\" \/>\n<meta property=\"article:modified_time\" content=\"2022-01-05T08:46:54+00:00\" \/>\n<meta property=\"og:image\" content=\"https:\/\/exaudi.org\/wp-content\/uploads\/2022\/01\/El-Papa-Francisco-con-un-enfermo.jpeg\" \/>\n\t<meta property=\"og:image:width\" content=\"1280\" \/>\n\t<meta property=\"og:image:height\" content=\"844\" \/>\n\t<meta property=\"og:image:type\" content=\"image\/jpeg\" \/>\n<meta name=\"author\" content=\"Larissa I. L\u00f3pez\" \/>\n<meta name=\"twitter:card\" content=\"summary_large_image\" \/>\n<meta name=\"twitter:creator\" content=\"@Exaudi_News\" \/>\n<meta name=\"twitter:site\" content=\"@Exaudi_News\" \/>\n<meta name=\"twitter:label1\" content=\"Escrito por\" \/>\n\t<meta name=\"twitter:data1\" content=\"Larissa I. L\u00f3pez\" \/>\n\t<meta name=\"twitter:label2\" content=\"Tiempo de lectura\" \/>\n\t<meta name=\"twitter:data2\" content=\"16 minutos\" \/>\n<script type=\"application\/ld+json\" class=\"yoast-schema-graph\">{\"@context\":\"https:\\\/\\\/schema.org\",\"@graph\":[{\"@type\":\"Article\",\"@id\":\"https:\\\/\\\/exaudi.org\\\/es\\\/crecer-en-servicio-y-cercania-a-las-personas-enfermas\\\/#article\",\"isPartOf\":{\"@id\":\"https:\\\/\\\/exaudi.org\\\/es\\\/crecer-en-servicio-y-cercania-a-las-personas-enfermas\\\/\"},\"author\":{\"name\":\"Larissa I. L\u00f3pez\",\"@id\":\"https:\\\/\\\/exaudi.org\\\/#\\\/schema\\\/person\\\/7d2f77db033c2c0929edfab6dbe8c588\"},\"headline\":\"\u201cCrecer en servicio y cercan\u00eda\u201d a las personas enfermas\",\"datePublished\":\"2022-01-04T11:13:15+00:00\",\"dateModified\":\"2022-01-05T08:46:54+00:00\",\"mainEntityOfPage\":{\"@id\":\"https:\\\/\\\/exaudi.org\\\/es\\\/crecer-en-servicio-y-cercania-a-las-personas-enfermas\\\/\"},\"wordCount\":3119,\"image\":{\"@id\":\"https:\\\/\\\/exaudi.org\\\/es\\\/crecer-en-servicio-y-cercania-a-las-personas-enfermas\\\/#primaryimage\"},\"thumbnailUrl\":\"https:\\\/\\\/exaudi.org\\\/wp-content\\\/uploads\\\/2022\\\/01\\\/El-Papa-Francisco-con-un-enfermo.jpeg\",\"keywords\":[\"papa francisco\",\"Trending\",\"XXX Jornada Mundial del Enfermo\"],\"articleSection\":[\"Le\u00f3n XIV\",\"Mensajes\"],\"inLanguage\":\"es\"},{\"@type\":\"WebPage\",\"@id\":\"https:\\\/\\\/exaudi.org\\\/es\\\/crecer-en-servicio-y-cercania-a-las-personas-enfermas\\\/\",\"url\":\"https:\\\/\\\/exaudi.org\\\/es\\\/crecer-en-servicio-y-cercania-a-las-personas-enfermas\\\/\",\"name\":\"\u201cCrecer en servicio y cercan\u00eda\u201d a las personas enfermas &#8211; Exaudi\",\"isPartOf\":{\"@id\":\"https:\\\/\\\/exaudi.org\\\/#website\"},\"primaryImageOfPage\":{\"@id\":\"https:\\\/\\\/exaudi.org\\\/es\\\/crecer-en-servicio-y-cercania-a-las-personas-enfermas\\\/#primaryimage\"},\"image\":{\"@id\":\"https:\\\/\\\/exaudi.org\\\/es\\\/crecer-en-servicio-y-cercania-a-las-personas-enfermas\\\/#primaryimage\"},\"thumbnailUrl\":\"https:\\\/\\\/exaudi.org\\\/wp-content\\\/uploads\\\/2022\\\/01\\\/El-Papa-Francisco-con-un-enfermo.jpeg\",\"datePublished\":\"2022-01-04T11:13:15+00:00\",\"dateModified\":\"2022-01-05T08:46:54+00:00\",\"author\":{\"@id\":\"https:\\\/\\\/exaudi.org\\\/#\\\/schema\\\/person\\\/7d2f77db033c2c0929edfab6dbe8c588\"},\"description\":\"El Papa desea que la XXX Jornada Mundial del Enfermo ayude \\\"a crecer en el servicio y en la cercan\u00eda a las personas enfermas y a sus familias\\\"\",\"breadcrumb\":{\"@id\":\"https:\\\/\\\/exaudi.org\\\/es\\\/crecer-en-servicio-y-cercania-a-las-personas-enfermas\\\/#breadcrumb\"},\"inLanguage\":\"es\",\"potentialAction\":[{\"@type\":\"ReadAction\",\"target\":[\"https:\\\/\\\/exaudi.org\\\/es\\\/crecer-en-servicio-y-cercania-a-las-personas-enfermas\\\/\"]}]},{\"@type\":\"ImageObject\",\"inLanguage\":\"es\",\"@id\":\"https:\\\/\\\/exaudi.org\\\/es\\\/crecer-en-servicio-y-cercania-a-las-personas-enfermas\\\/#primaryimage\",\"url\":\"https:\\\/\\\/exaudi.org\\\/wp-content\\\/uploads\\\/2022\\\/01\\\/El-Papa-Francisco-con-un-enfermo.jpeg\",\"contentUrl\":\"https:\\\/\\\/exaudi.org\\\/wp-content\\\/uploads\\\/2022\\\/01\\\/El-Papa-Francisco-con-un-enfermo.jpeg\",\"width\":1280,\"height\":844,\"caption\":\"El Papa Francisco con un enfermo \u00a9 Vatican Media\"},{\"@type\":\"BreadcrumbList\",\"@id\":\"https:\\\/\\\/exaudi.org\\\/es\\\/crecer-en-servicio-y-cercania-a-las-personas-enfermas\\\/#breadcrumb\",\"itemListElement\":[{\"@type\":\"ListItem\",\"position\":1,\"name\":\"Portada\",\"item\":\"https:\\\/\\\/exaudi.org\\\/es\\\/\"},{\"@type\":\"ListItem\",\"position\":2,\"name\":\"\u201cCrecer en servicio y cercan\u00eda\u201d a las personas enfermas\"}]},{\"@type\":\"WebSite\",\"@id\":\"https:\\\/\\\/exaudi.org\\\/#website\",\"url\":\"https:\\\/\\\/exaudi.org\\\/\",\"name\":\"Exaudi\",\"description\":\"News\",\"potentialAction\":[{\"@type\":\"SearchAction\",\"target\":{\"@type\":\"EntryPoint\",\"urlTemplate\":\"https:\\\/\\\/exaudi.org\\\/?s={search_term_string}\"},\"query-input\":{\"@type\":\"PropertyValueSpecification\",\"valueRequired\":true,\"valueName\":\"search_term_string\"}}],\"inLanguage\":\"es\"},{\"@type\":\"Person\",\"@id\":\"https:\\\/\\\/exaudi.org\\\/#\\\/schema\\\/person\\\/7d2f77db033c2c0929edfab6dbe8c588\",\"name\":\"Larissa I. L\u00f3pez\",\"image\":{\"@type\":\"ImageObject\",\"inLanguage\":\"es\",\"@id\":\"https:\\\/\\\/secure.gravatar.com\\\/avatar\\\/db3ef399ff343d0bb9d25dc5198bc8ece5ac6d621eca79876697a354dabc1e3f?s=96&d=mm&r=g\",\"url\":\"https:\\\/\\\/secure.gravatar.com\\\/avatar\\\/db3ef399ff343d0bb9d25dc5198bc8ece5ac6d621eca79876697a354dabc1e3f?s=96&d=mm&r=g\",\"contentUrl\":\"https:\\\/\\\/secure.gravatar.com\\\/avatar\\\/db3ef399ff343d0bb9d25dc5198bc8ece5ac6d621eca79876697a354dabc1e3f?s=96&d=mm&r=g\",\"caption\":\"Larissa I. L\u00f3pez\"},\"description\":\"Doctora en Comunicaci\u00f3n. Mi trayectoria profesional ha transcurrido entre el \u00e1mbito de la comunicaci\u00f3n y el de la docencia. En los \u00faltimos a\u00f1os, he trabajado como coordinadora y redactora de la edici\u00f3n de ZENIT en espa\u00f1ol. Como profesora, he impartido clases en la universidad y en centros de FP y bachillerato. Cordobesa de nacimiento, tambi\u00e9n he vivido en Sevilla, Madrid y Roma\",\"url\":\"https:\\\/\\\/exaudi.org\\\/es\\\/author\\\/llopezexaudi-org\\\/\"}]}<\/script>\n<!-- \/ Yoast SEO plugin. -->","yoast_head_json":{"title":"\u201cCrecer en servicio y cercan\u00eda\u201d a las personas enfermas &#8211; Exaudi","description":"El Papa desea que la XXX Jornada Mundial del Enfermo ayude \"a crecer en el servicio y en la cercan\u00eda a las personas enfermas y a sus familias\"","robots":{"index":"index","follow":"follow","max-snippet":"max-snippet:-1","max-image-preview":"max-image-preview:large","max-video-preview":"max-video-preview:-1"},"canonical":"https:\/\/exaudi.org\/es\/crecer-en-servicio-y-cercania-a-las-personas-enfermas\/","og_locale":"es_ES","og_type":"article","og_title":"\u201cCrecer en servicio y cercan\u00eda\u201d a las personas enfermas &#8211; Exaudi","og_description":"El Papa desea que la XXX Jornada Mundial del Enfermo ayude \"a crecer en el servicio y en la cercan\u00eda a las personas enfermas y a sus familias\"","og_url":"https:\/\/exaudi.org\/es\/crecer-en-servicio-y-cercania-a-las-personas-enfermas\/","og_site_name":"Exaudi","article_publisher":"https:\/\/www.facebook.com\/ExaudiNews","article_published_time":"2022-01-04T11:13:15+00:00","article_modified_time":"2022-01-05T08:46:54+00:00","og_image":[{"width":1280,"height":844,"url":"https:\/\/exaudi.org\/wp-content\/uploads\/2022\/01\/El-Papa-Francisco-con-un-enfermo.jpeg","type":"image\/jpeg"}],"author":"Larissa I. L\u00f3pez","twitter_card":"summary_large_image","twitter_creator":"@Exaudi_News","twitter_site":"@Exaudi_News","twitter_misc":{"Escrito por":"Larissa I. L\u00f3pez","Tiempo de lectura":"16 minutos"},"schema":{"@context":"https:\/\/schema.org","@graph":[{"@type":"Article","@id":"https:\/\/exaudi.org\/es\/crecer-en-servicio-y-cercania-a-las-personas-enfermas\/#article","isPartOf":{"@id":"https:\/\/exaudi.org\/es\/crecer-en-servicio-y-cercania-a-las-personas-enfermas\/"},"author":{"name":"Larissa I. L\u00f3pez","@id":"https:\/\/exaudi.org\/#\/schema\/person\/7d2f77db033c2c0929edfab6dbe8c588"},"headline":"\u201cCrecer en servicio y cercan\u00eda\u201d a las personas enfermas","datePublished":"2022-01-04T11:13:15+00:00","dateModified":"2022-01-05T08:46:54+00:00","mainEntityOfPage":{"@id":"https:\/\/exaudi.org\/es\/crecer-en-servicio-y-cercania-a-las-personas-enfermas\/"},"wordCount":3119,"image":{"@id":"https:\/\/exaudi.org\/es\/crecer-en-servicio-y-cercania-a-las-personas-enfermas\/#primaryimage"},"thumbnailUrl":"https:\/\/exaudi.org\/wp-content\/uploads\/2022\/01\/El-Papa-Francisco-con-un-enfermo.jpeg","keywords":["papa francisco","Trending","XXX Jornada Mundial del Enfermo"],"articleSection":["Le\u00f3n XIV","Mensajes"],"inLanguage":"es"},{"@type":"WebPage","@id":"https:\/\/exaudi.org\/es\/crecer-en-servicio-y-cercania-a-las-personas-enfermas\/","url":"https:\/\/exaudi.org\/es\/crecer-en-servicio-y-cercania-a-las-personas-enfermas\/","name":"\u201cCrecer en servicio y cercan\u00eda\u201d a las personas enfermas &#8211; Exaudi","isPartOf":{"@id":"https:\/\/exaudi.org\/#website"},"primaryImageOfPage":{"@id":"https:\/\/exaudi.org\/es\/crecer-en-servicio-y-cercania-a-las-personas-enfermas\/#primaryimage"},"image":{"@id":"https:\/\/exaudi.org\/es\/crecer-en-servicio-y-cercania-a-las-personas-enfermas\/#primaryimage"},"thumbnailUrl":"https:\/\/exaudi.org\/wp-content\/uploads\/2022\/01\/El-Papa-Francisco-con-un-enfermo.jpeg","datePublished":"2022-01-04T11:13:15+00:00","dateModified":"2022-01-05T08:46:54+00:00","author":{"@id":"https:\/\/exaudi.org\/#\/schema\/person\/7d2f77db033c2c0929edfab6dbe8c588"},"description":"El Papa desea que la XXX Jornada Mundial del Enfermo ayude \"a crecer en el servicio y en la cercan\u00eda a las personas enfermas y a sus familias\"","breadcrumb":{"@id":"https:\/\/exaudi.org\/es\/crecer-en-servicio-y-cercania-a-las-personas-enfermas\/#breadcrumb"},"inLanguage":"es","potentialAction":[{"@type":"ReadAction","target":["https:\/\/exaudi.org\/es\/crecer-en-servicio-y-cercania-a-las-personas-enfermas\/"]}]},{"@type":"ImageObject","inLanguage":"es","@id":"https:\/\/exaudi.org\/es\/crecer-en-servicio-y-cercania-a-las-personas-enfermas\/#primaryimage","url":"https:\/\/exaudi.org\/wp-content\/uploads\/2022\/01\/El-Papa-Francisco-con-un-enfermo.jpeg","contentUrl":"https:\/\/exaudi.org\/wp-content\/uploads\/2022\/01\/El-Papa-Francisco-con-un-enfermo.jpeg","width":1280,"height":844,"caption":"El Papa Francisco con un enfermo \u00a9 Vatican Media"},{"@type":"BreadcrumbList","@id":"https:\/\/exaudi.org\/es\/crecer-en-servicio-y-cercania-a-las-personas-enfermas\/#breadcrumb","itemListElement":[{"@type":"ListItem","position":1,"name":"Portada","item":"https:\/\/exaudi.org\/es\/"},{"@type":"ListItem","position":2,"name":"\u201cCrecer en servicio y cercan\u00eda\u201d a las personas enfermas"}]},{"@type":"WebSite","@id":"https:\/\/exaudi.org\/#website","url":"https:\/\/exaudi.org\/","name":"Exaudi","description":"News","potentialAction":[{"@type":"SearchAction","target":{"@type":"EntryPoint","urlTemplate":"https:\/\/exaudi.org\/?s={search_term_string}"},"query-input":{"@type":"PropertyValueSpecification","valueRequired":true,"valueName":"search_term_string"}}],"inLanguage":"es"},{"@type":"Person","@id":"https:\/\/exaudi.org\/#\/schema\/person\/7d2f77db033c2c0929edfab6dbe8c588","name":"Larissa I. L\u00f3pez","image":{"@type":"ImageObject","inLanguage":"es","@id":"https:\/\/secure.gravatar.com\/avatar\/db3ef399ff343d0bb9d25dc5198bc8ece5ac6d621eca79876697a354dabc1e3f?s=96&d=mm&r=g","url":"https:\/\/secure.gravatar.com\/avatar\/db3ef399ff343d0bb9d25dc5198bc8ece5ac6d621eca79876697a354dabc1e3f?s=96&d=mm&r=g","contentUrl":"https:\/\/secure.gravatar.com\/avatar\/db3ef399ff343d0bb9d25dc5198bc8ece5ac6d621eca79876697a354dabc1e3f?s=96&d=mm&r=g","caption":"Larissa I. L\u00f3pez"},"description":"Doctora en Comunicaci\u00f3n. Mi trayectoria profesional ha transcurrido entre el \u00e1mbito de la comunicaci\u00f3n y el de la docencia. En los \u00faltimos a\u00f1os, he trabajado como coordinadora y redactora de la edici\u00f3n de ZENIT en espa\u00f1ol. Como profesora, he impartido clases en la universidad y en centros de FP y bachillerato. Cordobesa de nacimiento, tambi\u00e9n he vivido en Sevilla, Madrid y Roma","url":"https:\/\/exaudi.org\/es\/author\/llopezexaudi-org\/"}]}},"jetpack_featured_media_url":"https:\/\/exaudi.org\/wp-content\/uploads\/2022\/01\/El-Papa-Francisco-con-un-enfermo.jpeg","jetpack_shortlink":"https:\/\/wp.me\/pgKjF2-cuw","_links":{"self":[{"href":"https:\/\/exaudi.org\/es\/wp-json\/wp\/v2\/posts\/48020","targetHints":{"allow":["GET"]}}],"collection":[{"href":"https:\/\/exaudi.org\/es\/wp-json\/wp\/v2\/posts"}],"about":[{"href":"https:\/\/exaudi.org\/es\/wp-json\/wp\/v2\/types\/post"}],"author":[{"embeddable":true,"href":"https:\/\/exaudi.org\/es\/wp-json\/wp\/v2\/users\/5"}],"replies":[{"embeddable":true,"href":"https:\/\/exaudi.org\/es\/wp-json\/wp\/v2\/comments?post=48020"}],"version-history":[{"count":0,"href":"https:\/\/exaudi.org\/es\/wp-json\/wp\/v2\/posts\/48020\/revisions"}],"wp:featuredmedia":[{"embeddable":true,"href":"https:\/\/exaudi.org\/es\/wp-json\/wp\/v2\/media\/48025"}],"wp:attachment":[{"href":"https:\/\/exaudi.org\/es\/wp-json\/wp\/v2\/media?parent=48020"}],"wp:term":[{"taxonomy":"category","embeddable":true,"href":"https:\/\/exaudi.org\/es\/wp-json\/wp\/v2\/categories?post=48020"},{"taxonomy":"post_tag","embeddable":true,"href":"https:\/\/exaudi.org\/es\/wp-json\/wp\/v2\/tags?post=48020"}],"curies":[{"name":"wp","href":"https:\/\/api.w.org\/{rel}","templated":true}]}}