{"id":47878,"date":"2022-01-03T10:23:07","date_gmt":"2022-01-03T09:23:07","guid":{"rendered":"https:\/\/exaudi.org\/?p=47878"},"modified":"2022-01-03T11:26:37","modified_gmt":"2022-01-03T10:26:37","slug":"argentina-el-papa-reza-por-perez-esquivel","status":"publish","type":"post","link":"https:\/\/exaudi.org\/es\/argentina-el-papa-reza-por-perez-esquivel\/","title":{"rendered":"Argentina: El Papa reza por salud de P\u00e9rez Esquivel"},"content":{"rendered":"<p>El Papa Francisco hizo llegar, a trav\u00e9s del obispo de Mar de la Plata (Argentina), Mons. Gabriel Mestre, unas l\u00edneas afectuosas donde asegura su oraci\u00f3n por la salud de Adolfo P\u00e9rez Esquivel, Premio Nobel de la Paz, informa la <a href=\"https:\/\/www.obispado-mdp.org.ar\/a\/\" target=\"_blank\" rel=\"noopener\">di\u00f3cesis de Mar de la Plata<\/a> en una nota.<\/p>\n<figure id=\"attachment_47895\" aria-describedby=\"caption-attachment-47895\" style=\"width: 300px\" class=\"wp-caption alignleft\"><img loading=\"lazy\" decoding=\"async\" class=\"size-medium wp-image-47895\" src=\"https:\/\/exaudi.org\/wp-content\/uploads\/2022\/01\/papa-perez-esquivel-300x266.png\" alt=\"\" width=\"300\" height=\"266\" srcset=\"https:\/\/exaudi.org\/wp-content\/uploads\/2022\/01\/papa-perez-esquivel-300x266.png 300w, https:\/\/exaudi.org\/wp-content\/uploads\/2022\/01\/papa-perez-esquivel-500x443.png 500w, https:\/\/exaudi.org\/wp-content\/uploads\/2022\/01\/papa-perez-esquivel-293x259.png 293w, https:\/\/exaudi.org\/wp-content\/uploads\/2022\/01\/papa-perez-esquivel-390x345.png 390w, https:\/\/exaudi.org\/wp-content\/uploads\/2022\/01\/papa-perez-esquivel.png 627w\" sizes=\"auto, (max-width: 300px) 100vw, 300px\" \/><figcaption id=\"caption-attachment-47895\" class=\"wp-caption-text\">Letras del Papa Francisco a Adolfo P\u00e9rez Esquivel \u00a9 Di\u00f3cesis Mar de la Plata<\/figcaption><\/figure>\n<p>\u201cQuerido hermano: Monse\u00f1or Mestre me avis\u00f3 de tu problema de salud. Por medio de estas l\u00edneas te aseguro mi cercan\u00eda y mi oraci\u00f3n por tu pronto establecimiento. Saludos a tu esposa. Que Jes\u00fas te bendiga y la Virgen Santa te cuide\u201d, son las palabras de pu\u00f1o y letra que el Santo Padre le ha dedicado desde Santa Marta el 2 de enero de 2021.<\/p>\n<h2><strong>Visita del obispo<\/strong><\/h2>\n<p>De acuerdo a la misma fuente el s\u00e1bado 1 de enero por la noche monse\u00f1or Gabriel Mestre \u201cvisit\u00f3 en el nosocomio de internaci\u00f3n a P\u00e9rez Esquivel. All\u00ed estuvo dialogando y rezando con \u00e9l quien recibi\u00f3 el sacramento de la Unci\u00f3n de los Enfermos. Nuestro obispo diocesano nos invita a orar por la pronta recuperaci\u00f3n de este argentino comprometido con la paz, el bien com\u00fan y los derechos humanos\u201d.<\/p>\n<p>Adolfo P\u00e9rez Esquivel, de 90 a\u00f1os, recibi\u00f3 el Premio Nobel de la Paz en 1980, en virtud de su compromiso con los pobres y oprimidos de Latinoam\u00e9rica. Seg\u00fan el diario argentino La Naci\u00f3n, permanece internado en esta ciudad y es sometido a estudios para constatar gravedad del cuadro y posibles secuelas de lo que, en principio, fuentes m\u00e9dicas indicaron al diario argentino que podr\u00eda tratarse de un accidente cerebro vascular (ACV).<\/p>\n<h2><strong>Comunicado de la familia<\/strong><\/h2>\n<p>\u201cAdolfo se encuentra bien de \u00e1nimo, estuvo caminando y almorz\u00f3. Los estudios realizados hasta ahora dieron buenos resultados\u201d, inform\u00f3 oficialmente la familia P\u00e9rez Esquivel y SERPAJ, (Servicio Paz y Justicia de Argentina que \u00e9l preside) en las redes sociales. \u201cPor precauci\u00f3n, se quedar\u00e1 en observaci\u00f3n 24 hs. con an\u00e1lisis complementarios para ver su evoluci\u00f3n. Cualquier novedad les estaremos haciendo saber. Agradecemos la preocupaci\u00f3n y a quienes se han comunicado con nosotros preguntando por Adolfo\u201d, se lee.<\/p>\n<p>\u201cAl igual que Uds. esperamos y deseamos su pronta mejor\u00eda. Les mantendremos informados ante cualquier novedad\u201d, concluye el informe.<\/p>\n","protected":false},"excerpt":{"rendered":"<p>Premio Nobel de la Paz, hospitalizado en Mar de la Plata<\/p>\n","protected":false},"author":5,"featured_media":47892,"comment_status":"closed","ping_status":"closed","sticky":false,"template":"","format":"standard","meta":{"_acf_changed":false,"_crdt_document":"","inline_featured_image":false,"footnotes":""},"categories":[68],"tags":[5423,158,4953],"class_list":["post-47878","post","type-post","status-publish","format-standard","has-post-thumbnail","hentry","category-leon-xiv","tag-adolfo-perez-esquivel","tag-papa-francisco","tag-trending-es"],"acf":[],"yoast_head":"<!-- This site is optimized with the Yoast SEO plugin v27.5 - https:\/\/yoast.com\/product\/yoast-seo-wordpress\/ -->\n<title>Argentina: El Papa reza por salud de P\u00e9rez Esquivel &#8211; Exaudi<\/title>\n<meta name=\"description\" content=\"El Papa hizo llegar, a trav\u00e9s del obispo de Mar de la Plata (Argentina), unas l\u00edneas donde asegura su oraci\u00f3n a Adolfo P\u00e9rez Esquivel\" \/>\n<meta name=\"robots\" content=\"index, follow, max-snippet:-1, max-image-preview:large, max-video-preview:-1\" \/>\n<link rel=\"canonical\" href=\"https:\/\/exaudi.org\/es\/argentina-el-papa-reza-por-perez-esquivel\/\" \/>\n<meta property=\"og:locale\" content=\"es_ES\" \/>\n<meta property=\"og:type\" content=\"article\" \/>\n<meta property=\"og:title\" content=\"Argentina: El Papa reza por salud de P\u00e9rez Esquivel &#8211; Exaudi\" \/>\n<meta property=\"og:description\" content=\"El Papa hizo llegar, a trav\u00e9s del obispo de Mar de la Plata (Argentina), unas l\u00edneas donde asegura su oraci\u00f3n a Adolfo P\u00e9rez Esquivel\" \/>\n<meta property=\"og:url\" content=\"https:\/\/exaudi.org\/es\/argentina-el-papa-reza-por-perez-esquivel\/\" \/>\n<meta property=\"og:site_name\" content=\"Exaudi\" \/>\n<meta property=\"article:publisher\" content=\"https:\/\/www.facebook.com\/ExaudiNews\" \/>\n<meta property=\"article:published_time\" content=\"2022-01-03T09:23:07+00:00\" \/>\n<meta property=\"article:modified_time\" content=\"2022-01-03T10:26:37+00:00\" \/>\n<meta property=\"og:image\" content=\"https:\/\/exaudi.org\/wp-content\/uploads\/2022\/01\/Remini20220103102931123.jpg\" \/>\n\t<meta property=\"og:image:width\" content=\"1500\" \/>\n\t<meta property=\"og:image:height\" content=\"842\" \/>\n\t<meta property=\"og:image:type\" content=\"image\/jpeg\" \/>\n<meta name=\"author\" content=\"Larissa I. L\u00f3pez\" \/>\n<meta name=\"twitter:card\" content=\"summary_large_image\" \/>\n<meta name=\"twitter:creator\" content=\"@Exaudi_News\" \/>\n<meta name=\"twitter:site\" content=\"@Exaudi_News\" \/>\n<meta name=\"twitter:label1\" content=\"Escrito por\" \/>\n\t<meta name=\"twitter:data1\" content=\"Larissa I. L\u00f3pez\" \/>\n\t<meta name=\"twitter:label2\" content=\"Tiempo de lectura\" \/>\n\t<meta name=\"twitter:data2\" content=\"2 minutos\" \/>\n<script type=\"application\/ld+json\" class=\"yoast-schema-graph\">{\"@context\":\"https:\\\/\\\/schema.org\",\"@graph\":[{\"@type\":\"Article\",\"@id\":\"https:\\\/\\\/exaudi.org\\\/es\\\/argentina-el-papa-reza-por-perez-esquivel\\\/#article\",\"isPartOf\":{\"@id\":\"https:\\\/\\\/exaudi.org\\\/es\\\/argentina-el-papa-reza-por-perez-esquivel\\\/\"},\"author\":{\"name\":\"Larissa I. L\u00f3pez\",\"@id\":\"https:\\\/\\\/exaudi.org\\\/#\\\/schema\\\/person\\\/7d2f77db033c2c0929edfab6dbe8c588\"},\"headline\":\"Argentina: El Papa reza por salud de P\u00e9rez Esquivel\",\"datePublished\":\"2022-01-03T09:23:07+00:00\",\"dateModified\":\"2022-01-03T10:26:37+00:00\",\"mainEntityOfPage\":{\"@id\":\"https:\\\/\\\/exaudi.org\\\/es\\\/argentina-el-papa-reza-por-perez-esquivel\\\/\"},\"wordCount\":411,\"image\":{\"@id\":\"https:\\\/\\\/exaudi.org\\\/es\\\/argentina-el-papa-reza-por-perez-esquivel\\\/#primaryimage\"},\"thumbnailUrl\":\"https:\\\/\\\/exaudi.org\\\/wp-content\\\/uploads\\\/2022\\\/01\\\/Remini20220103102931123.jpg\",\"keywords\":[\"Adolfo P\u00e9rez Esquivel\",\"papa francisco\",\"Trending\"],\"articleSection\":[\"Le\u00f3n XIV\"],\"inLanguage\":\"es\"},{\"@type\":\"WebPage\",\"@id\":\"https:\\\/\\\/exaudi.org\\\/es\\\/argentina-el-papa-reza-por-perez-esquivel\\\/\",\"url\":\"https:\\\/\\\/exaudi.org\\\/es\\\/argentina-el-papa-reza-por-perez-esquivel\\\/\",\"name\":\"Argentina: El Papa reza por salud de P\u00e9rez Esquivel &#8211; Exaudi\",\"isPartOf\":{\"@id\":\"https:\\\/\\\/exaudi.org\\\/#website\"},\"primaryImageOfPage\":{\"@id\":\"https:\\\/\\\/exaudi.org\\\/es\\\/argentina-el-papa-reza-por-perez-esquivel\\\/#primaryimage\"},\"image\":{\"@id\":\"https:\\\/\\\/exaudi.org\\\/es\\\/argentina-el-papa-reza-por-perez-esquivel\\\/#primaryimage\"},\"thumbnailUrl\":\"https:\\\/\\\/exaudi.org\\\/wp-content\\\/uploads\\\/2022\\\/01\\\/Remini20220103102931123.jpg\",\"datePublished\":\"2022-01-03T09:23:07+00:00\",\"dateModified\":\"2022-01-03T10:26:37+00:00\",\"author\":{\"@id\":\"https:\\\/\\\/exaudi.org\\\/#\\\/schema\\\/person\\\/7d2f77db033c2c0929edfab6dbe8c588\"},\"description\":\"El Papa hizo llegar, a trav\u00e9s del obispo de Mar de la Plata (Argentina), unas l\u00edneas donde asegura su oraci\u00f3n a Adolfo P\u00e9rez Esquivel\",\"breadcrumb\":{\"@id\":\"https:\\\/\\\/exaudi.org\\\/es\\\/argentina-el-papa-reza-por-perez-esquivel\\\/#breadcrumb\"},\"inLanguage\":\"es\",\"potentialAction\":[{\"@type\":\"ReadAction\",\"target\":[\"https:\\\/\\\/exaudi.org\\\/es\\\/argentina-el-papa-reza-por-perez-esquivel\\\/\"]}]},{\"@type\":\"ImageObject\",\"inLanguage\":\"es\",\"@id\":\"https:\\\/\\\/exaudi.org\\\/es\\\/argentina-el-papa-reza-por-perez-esquivel\\\/#primaryimage\",\"url\":\"https:\\\/\\\/exaudi.org\\\/wp-content\\\/uploads\\\/2022\\\/01\\\/Remini20220103102931123.jpg\",\"contentUrl\":\"https:\\\/\\\/exaudi.org\\\/wp-content\\\/uploads\\\/2022\\\/01\\\/Remini20220103102931123.jpg\",\"width\":1500,\"height\":842,\"caption\":\"El Papa Francisco y Adolfo P\u00e9rez Esquivel \u00a9 Vatican Media\"},{\"@type\":\"BreadcrumbList\",\"@id\":\"https:\\\/\\\/exaudi.org\\\/es\\\/argentina-el-papa-reza-por-perez-esquivel\\\/#breadcrumb\",\"itemListElement\":[{\"@type\":\"ListItem\",\"position\":1,\"name\":\"Portada\",\"item\":\"https:\\\/\\\/exaudi.org\\\/es\\\/\"},{\"@type\":\"ListItem\",\"position\":2,\"name\":\"Argentina: El Papa reza por salud de P\u00e9rez Esquivel\"}]},{\"@type\":\"WebSite\",\"@id\":\"https:\\\/\\\/exaudi.org\\\/#website\",\"url\":\"https:\\\/\\\/exaudi.org\\\/\",\"name\":\"Exaudi\",\"description\":\"News\",\"potentialAction\":[{\"@type\":\"SearchAction\",\"target\":{\"@type\":\"EntryPoint\",\"urlTemplate\":\"https:\\\/\\\/exaudi.org\\\/?s={search_term_string}\"},\"query-input\":{\"@type\":\"PropertyValueSpecification\",\"valueRequired\":true,\"valueName\":\"search_term_string\"}}],\"inLanguage\":\"es\"},{\"@type\":\"Person\",\"@id\":\"https:\\\/\\\/exaudi.org\\\/#\\\/schema\\\/person\\\/7d2f77db033c2c0929edfab6dbe8c588\",\"name\":\"Larissa I. L\u00f3pez\",\"image\":{\"@type\":\"ImageObject\",\"inLanguage\":\"es\",\"@id\":\"https:\\\/\\\/secure.gravatar.com\\\/avatar\\\/db3ef399ff343d0bb9d25dc5198bc8ece5ac6d621eca79876697a354dabc1e3f?s=96&d=mm&r=g\",\"url\":\"https:\\\/\\\/secure.gravatar.com\\\/avatar\\\/db3ef399ff343d0bb9d25dc5198bc8ece5ac6d621eca79876697a354dabc1e3f?s=96&d=mm&r=g\",\"contentUrl\":\"https:\\\/\\\/secure.gravatar.com\\\/avatar\\\/db3ef399ff343d0bb9d25dc5198bc8ece5ac6d621eca79876697a354dabc1e3f?s=96&d=mm&r=g\",\"caption\":\"Larissa I. L\u00f3pez\"},\"description\":\"Doctora en Comunicaci\u00f3n. Mi trayectoria profesional ha transcurrido entre el \u00e1mbito de la comunicaci\u00f3n y el de la docencia. En los \u00faltimos a\u00f1os, he trabajado como coordinadora y redactora de la edici\u00f3n de ZENIT en espa\u00f1ol. Como profesora, he impartido clases en la universidad y en centros de FP y bachillerato. Cordobesa de nacimiento, tambi\u00e9n he vivido en Sevilla, Madrid y Roma\",\"url\":\"https:\\\/\\\/exaudi.org\\\/es\\\/author\\\/llopezexaudi-org\\\/\"}]}<\/script>\n<!-- \/ Yoast SEO plugin. -->","yoast_head_json":{"title":"Argentina: El Papa reza por salud de P\u00e9rez Esquivel &#8211; Exaudi","description":"El Papa hizo llegar, a trav\u00e9s del obispo de Mar de la Plata (Argentina), unas l\u00edneas donde asegura su oraci\u00f3n a Adolfo P\u00e9rez Esquivel","robots":{"index":"index","follow":"follow","max-snippet":"max-snippet:-1","max-image-preview":"max-image-preview:large","max-video-preview":"max-video-preview:-1"},"canonical":"https:\/\/exaudi.org\/es\/argentina-el-papa-reza-por-perez-esquivel\/","og_locale":"es_ES","og_type":"article","og_title":"Argentina: El Papa reza por salud de P\u00e9rez Esquivel &#8211; Exaudi","og_description":"El Papa hizo llegar, a trav\u00e9s del obispo de Mar de la Plata (Argentina), unas l\u00edneas donde asegura su oraci\u00f3n a Adolfo P\u00e9rez Esquivel","og_url":"https:\/\/exaudi.org\/es\/argentina-el-papa-reza-por-perez-esquivel\/","og_site_name":"Exaudi","article_publisher":"https:\/\/www.facebook.com\/ExaudiNews","article_published_time":"2022-01-03T09:23:07+00:00","article_modified_time":"2022-01-03T10:26:37+00:00","og_image":[{"width":1500,"height":842,"url":"https:\/\/exaudi.org\/wp-content\/uploads\/2022\/01\/Remini20220103102931123.jpg","type":"image\/jpeg"}],"author":"Larissa I. L\u00f3pez","twitter_card":"summary_large_image","twitter_creator":"@Exaudi_News","twitter_site":"@Exaudi_News","twitter_misc":{"Escrito por":"Larissa I. L\u00f3pez","Tiempo de lectura":"2 minutos"},"schema":{"@context":"https:\/\/schema.org","@graph":[{"@type":"Article","@id":"https:\/\/exaudi.org\/es\/argentina-el-papa-reza-por-perez-esquivel\/#article","isPartOf":{"@id":"https:\/\/exaudi.org\/es\/argentina-el-papa-reza-por-perez-esquivel\/"},"author":{"name":"Larissa I. L\u00f3pez","@id":"https:\/\/exaudi.org\/#\/schema\/person\/7d2f77db033c2c0929edfab6dbe8c588"},"headline":"Argentina: El Papa reza por salud de P\u00e9rez Esquivel","datePublished":"2022-01-03T09:23:07+00:00","dateModified":"2022-01-03T10:26:37+00:00","mainEntityOfPage":{"@id":"https:\/\/exaudi.org\/es\/argentina-el-papa-reza-por-perez-esquivel\/"},"wordCount":411,"image":{"@id":"https:\/\/exaudi.org\/es\/argentina-el-papa-reza-por-perez-esquivel\/#primaryimage"},"thumbnailUrl":"https:\/\/exaudi.org\/wp-content\/uploads\/2022\/01\/Remini20220103102931123.jpg","keywords":["Adolfo P\u00e9rez Esquivel","papa francisco","Trending"],"articleSection":["Le\u00f3n XIV"],"inLanguage":"es"},{"@type":"WebPage","@id":"https:\/\/exaudi.org\/es\/argentina-el-papa-reza-por-perez-esquivel\/","url":"https:\/\/exaudi.org\/es\/argentina-el-papa-reza-por-perez-esquivel\/","name":"Argentina: El Papa reza por salud de P\u00e9rez Esquivel &#8211; Exaudi","isPartOf":{"@id":"https:\/\/exaudi.org\/#website"},"primaryImageOfPage":{"@id":"https:\/\/exaudi.org\/es\/argentina-el-papa-reza-por-perez-esquivel\/#primaryimage"},"image":{"@id":"https:\/\/exaudi.org\/es\/argentina-el-papa-reza-por-perez-esquivel\/#primaryimage"},"thumbnailUrl":"https:\/\/exaudi.org\/wp-content\/uploads\/2022\/01\/Remini20220103102931123.jpg","datePublished":"2022-01-03T09:23:07+00:00","dateModified":"2022-01-03T10:26:37+00:00","author":{"@id":"https:\/\/exaudi.org\/#\/schema\/person\/7d2f77db033c2c0929edfab6dbe8c588"},"description":"El Papa hizo llegar, a trav\u00e9s del obispo de Mar de la Plata (Argentina), unas l\u00edneas donde asegura su oraci\u00f3n a Adolfo P\u00e9rez Esquivel","breadcrumb":{"@id":"https:\/\/exaudi.org\/es\/argentina-el-papa-reza-por-perez-esquivel\/#breadcrumb"},"inLanguage":"es","potentialAction":[{"@type":"ReadAction","target":["https:\/\/exaudi.org\/es\/argentina-el-papa-reza-por-perez-esquivel\/"]}]},{"@type":"ImageObject","inLanguage":"es","@id":"https:\/\/exaudi.org\/es\/argentina-el-papa-reza-por-perez-esquivel\/#primaryimage","url":"https:\/\/exaudi.org\/wp-content\/uploads\/2022\/01\/Remini20220103102931123.jpg","contentUrl":"https:\/\/exaudi.org\/wp-content\/uploads\/2022\/01\/Remini20220103102931123.jpg","width":1500,"height":842,"caption":"El Papa Francisco y Adolfo P\u00e9rez Esquivel \u00a9 Vatican Media"},{"@type":"BreadcrumbList","@id":"https:\/\/exaudi.org\/es\/argentina-el-papa-reza-por-perez-esquivel\/#breadcrumb","itemListElement":[{"@type":"ListItem","position":1,"name":"Portada","item":"https:\/\/exaudi.org\/es\/"},{"@type":"ListItem","position":2,"name":"Argentina: El Papa reza por salud de P\u00e9rez Esquivel"}]},{"@type":"WebSite","@id":"https:\/\/exaudi.org\/#website","url":"https:\/\/exaudi.org\/","name":"Exaudi","description":"News","potentialAction":[{"@type":"SearchAction","target":{"@type":"EntryPoint","urlTemplate":"https:\/\/exaudi.org\/?s={search_term_string}"},"query-input":{"@type":"PropertyValueSpecification","valueRequired":true,"valueName":"search_term_string"}}],"inLanguage":"es"},{"@type":"Person","@id":"https:\/\/exaudi.org\/#\/schema\/person\/7d2f77db033c2c0929edfab6dbe8c588","name":"Larissa I. L\u00f3pez","image":{"@type":"ImageObject","inLanguage":"es","@id":"https:\/\/secure.gravatar.com\/avatar\/db3ef399ff343d0bb9d25dc5198bc8ece5ac6d621eca79876697a354dabc1e3f?s=96&d=mm&r=g","url":"https:\/\/secure.gravatar.com\/avatar\/db3ef399ff343d0bb9d25dc5198bc8ece5ac6d621eca79876697a354dabc1e3f?s=96&d=mm&r=g","contentUrl":"https:\/\/secure.gravatar.com\/avatar\/db3ef399ff343d0bb9d25dc5198bc8ece5ac6d621eca79876697a354dabc1e3f?s=96&d=mm&r=g","caption":"Larissa I. L\u00f3pez"},"description":"Doctora en Comunicaci\u00f3n. Mi trayectoria profesional ha transcurrido entre el \u00e1mbito de la comunicaci\u00f3n y el de la docencia. En los \u00faltimos a\u00f1os, he trabajado como coordinadora y redactora de la edici\u00f3n de ZENIT en espa\u00f1ol. Como profesora, he impartido clases en la universidad y en centros de FP y bachillerato. Cordobesa de nacimiento, tambi\u00e9n he vivido en Sevilla, Madrid y Roma","url":"https:\/\/exaudi.org\/es\/author\/llopezexaudi-org\/"}]}},"jetpack_featured_media_url":"https:\/\/exaudi.org\/wp-content\/uploads\/2022\/01\/Remini20220103102931123.jpg","jetpack_shortlink":"https:\/\/wp.me\/pgKjF2-cse","_links":{"self":[{"href":"https:\/\/exaudi.org\/es\/wp-json\/wp\/v2\/posts\/47878","targetHints":{"allow":["GET"]}}],"collection":[{"href":"https:\/\/exaudi.org\/es\/wp-json\/wp\/v2\/posts"}],"about":[{"href":"https:\/\/exaudi.org\/es\/wp-json\/wp\/v2\/types\/post"}],"author":[{"embeddable":true,"href":"https:\/\/exaudi.org\/es\/wp-json\/wp\/v2\/users\/5"}],"replies":[{"embeddable":true,"href":"https:\/\/exaudi.org\/es\/wp-json\/wp\/v2\/comments?post=47878"}],"version-history":[{"count":0,"href":"https:\/\/exaudi.org\/es\/wp-json\/wp\/v2\/posts\/47878\/revisions"}],"wp:featuredmedia":[{"embeddable":true,"href":"https:\/\/exaudi.org\/es\/wp-json\/wp\/v2\/media\/47892"}],"wp:attachment":[{"href":"https:\/\/exaudi.org\/es\/wp-json\/wp\/v2\/media?parent=47878"}],"wp:term":[{"taxonomy":"category","embeddable":true,"href":"https:\/\/exaudi.org\/es\/wp-json\/wp\/v2\/categories?post=47878"},{"taxonomy":"post_tag","embeddable":true,"href":"https:\/\/exaudi.org\/es\/wp-json\/wp\/v2\/tags?post=47878"}],"curies":[{"name":"wp","href":"https:\/\/api.w.org\/{rel}","templated":true}]}}