{"id":47858,"date":"2022-01-02T16:23:28","date_gmt":"2022-01-02T15:23:28","guid":{"rendered":"https:\/\/exaudi.org\/?p=47858"},"modified":"2022-01-04T10:11:24","modified_gmt":"2022-01-04T09:11:24","slug":"el-papa-en-el-angelus-invitemos-al-senor-a-entrar-en-nosotros","status":"publish","type":"post","link":"https:\/\/exaudi.org\/es\/el-papa-en-el-angelus-invitemos-al-senor-a-entrar-en-nosotros\/","title":{"rendered":"El Papa en el \u00c1ngelus: \u201cInvitemos al Se\u00f1or a entrar en nosotros\u201d"},"content":{"rendered":"<p>Tras el rezo del <a href=\"https:\/\/exaudi.org\/es\/paradoja-que-explica-la-navidad-el-verbo-se-hizo-carne\/\" target=\"_blank\" rel=\"noopener\">\u00c1ngelus<\/a>, de este domingo, 2 de enero de 2022, el Papa salud\u00f3 a los fieles y peregrinos reunidos en la plaza de San Pedro exhortando a que \u201cinvitemos al Se\u00f1or a entrar en nosotros, a venir a nuestra realidad, por fea que sea, como un establo\u201d<\/p>\n<p>A continuaci\u00f3n, siguen las palabras del Papa despu\u00e9s de la oraci\u00f3n mariana, ofrecidas por la <a href=\"https:\/\/www.vatican.va\/news_services\/press\/index_sp.htm\" target=\"_blank\" rel=\"noopener\">Oficina de Prensa de la Santa Sede<\/a>:<\/p>\n<p>***<\/p>\n<p><strong>Palabras del Papa<\/strong><\/p>\n<p><em>Queridos hermanos y hermanas:<\/em><\/p>\n<p>Dirijo de coraz\u00f3n mi saludo a todos ustedes, fieles de Roma y peregrinos venidos de Italia y de otros pa\u00edses: veo banderas polacas, brasile\u00f1as, uruguayas, argentinas, paraguayas, colombianas y venezolanas: \u00a1bienvenidos a todos!<\/p>\n<p>Saludo a las familias, a las asociaciones, a los grupos parroquiales, especialmente a los de Postioma y Porcellengo, en la di\u00f3cesis de Treviso, as\u00ed como a los adolescentes de la Federaci\u00f3n\u00a0<em>Regnum Christi<\/em>\u00a0y a los chicos de la Inmaculada.<\/p>\n<p>En este primer domingo del a\u00f1o renuevo a todos mis deseos de paz y de bien en el Se\u00f1or. En los momentos felices y en los tristes, encomend\u00e9monos a \u00c9l, que es nuestra fuerza y nuestra esperanza. Y no lo olviden: invitemos al Se\u00f1or a entrar en nosotros, a venir a nuestra realidad, por fea que sea, como un establo: \u201cSe\u00f1or, yo no querr\u00eda que t\u00fa entraras, pero m\u00edralo, qu\u00e9date cerca\u201d. Hagamos esto.<\/p>\n<p>Les deseo un buen domingo y buen almuerzo. Y no se olviden de rezar por m\u00ed. \u00a1Hasta pronto!<\/p>\n","protected":false},"excerpt":{"rendered":"<p>Palabras despu\u00e9s del \u00c1ngelus<\/p>\n","protected":false},"author":7,"featured_media":47859,"comment_status":"closed","ping_status":"closed","sticky":false,"template":"","format":"standard","meta":{"_acf_changed":false,"_crdt_document":"","inline_featured_image":false,"footnotes":""},"categories":[70],"tags":[5418],"class_list":["post-47858","post","type-post","status-publish","format-standard","has-post-thumbnail","hentry","category-angelus-es","tag-angelus-2-enero-2022"],"acf":[],"yoast_head":"<!-- This site is optimized with the Yoast SEO plugin v27.4 - https:\/\/yoast.com\/product\/yoast-seo-wordpress\/ -->\n<title>El Papa en el \u00c1ngelus: \u201cInvitemos al Se\u00f1or a entrar en nosotros\u201d &#8211; Exaudi<\/title>\n<meta name=\"description\" content=\"Tras el rezo del \u00c1ngelus, el Papa salud\u00f3 a los fieles y peregrinos reunidos exhortando a que \u201cinvitemos al Se\u00f1or a entrar en nosotros\u201d.\" \/>\n<meta name=\"robots\" content=\"index, follow, max-snippet:-1, max-image-preview:large, max-video-preview:-1\" \/>\n<link rel=\"canonical\" href=\"https:\/\/exaudi.org\/es\/el-papa-en-el-angelus-invitemos-al-senor-a-entrar-en-nosotros\/\" \/>\n<meta property=\"og:locale\" content=\"es_ES\" \/>\n<meta property=\"og:type\" content=\"article\" \/>\n<meta property=\"og:title\" content=\"El Papa en el \u00c1ngelus: \u201cInvitemos al Se\u00f1or a entrar en nosotros\u201d &#8211; Exaudi\" \/>\n<meta property=\"og:description\" content=\"Tras el rezo del \u00c1ngelus, el Papa salud\u00f3 a los fieles y peregrinos reunidos exhortando a que \u201cinvitemos al Se\u00f1or a entrar en nosotros\u201d.\" \/>\n<meta property=\"og:url\" content=\"https:\/\/exaudi.org\/es\/el-papa-en-el-angelus-invitemos-al-senor-a-entrar-en-nosotros\/\" \/>\n<meta property=\"og:site_name\" content=\"Exaudi\" \/>\n<meta property=\"article:publisher\" content=\"https:\/\/www.facebook.com\/ExaudiNews\" \/>\n<meta property=\"article:published_time\" content=\"2022-01-02T15:23:28+00:00\" \/>\n<meta property=\"article:modified_time\" content=\"2022-01-04T09:11:24+00:00\" \/>\n<meta property=\"og:image\" content=\"https:\/\/exaudi.org\/wp-content\/uploads\/2022\/01\/Angelus-2-enero-2022-1-scaled.jpg\" \/>\n\t<meta property=\"og:image:width\" content=\"2560\" \/>\n\t<meta property=\"og:image:height\" content=\"1707\" \/>\n\t<meta property=\"og:image:type\" content=\"image\/jpeg\" \/>\n<meta name=\"author\" content=\"Raquel Anillo\" \/>\n<meta name=\"twitter:card\" content=\"summary_large_image\" \/>\n<meta name=\"twitter:creator\" content=\"@Exaudi_News\" \/>\n<meta name=\"twitter:site\" content=\"@Exaudi_News\" \/>\n<meta name=\"twitter:label1\" content=\"Escrito por\" \/>\n\t<meta name=\"twitter:data1\" content=\"Raquel Anillo\" \/>\n\t<meta name=\"twitter:label2\" content=\"Tiempo de lectura\" \/>\n\t<meta name=\"twitter:data2\" content=\"2 minutos\" \/>\n<script type=\"application\/ld+json\" class=\"yoast-schema-graph\">{\"@context\":\"https:\\\/\\\/schema.org\",\"@graph\":[{\"@type\":\"Article\",\"@id\":\"https:\\\/\\\/exaudi.org\\\/es\\\/el-papa-en-el-angelus-invitemos-al-senor-a-entrar-en-nosotros\\\/#article\",\"isPartOf\":{\"@id\":\"https:\\\/\\\/exaudi.org\\\/es\\\/el-papa-en-el-angelus-invitemos-al-senor-a-entrar-en-nosotros\\\/\"},\"author\":{\"name\":\"Raquel Anillo\",\"@id\":\"https:\\\/\\\/exaudi.org\\\/#\\\/schema\\\/person\\\/6ff0af358a606d657c4b1b6e0d5c85cb\"},\"headline\":\"El Papa en el \u00c1ngelus: \u201cInvitemos al Se\u00f1or a entrar en nosotros\u201d\",\"datePublished\":\"2022-01-02T15:23:28+00:00\",\"dateModified\":\"2022-01-04T09:11:24+00:00\",\"mainEntityOfPage\":{\"@id\":\"https:\\\/\\\/exaudi.org\\\/es\\\/el-papa-en-el-angelus-invitemos-al-senor-a-entrar-en-nosotros\\\/\"},\"wordCount\":271,\"image\":{\"@id\":\"https:\\\/\\\/exaudi.org\\\/es\\\/el-papa-en-el-angelus-invitemos-al-senor-a-entrar-en-nosotros\\\/#primaryimage\"},\"thumbnailUrl\":\"https:\\\/\\\/exaudi.org\\\/wp-content\\\/uploads\\\/2022\\\/01\\\/Angelus-2-enero-2022-1-scaled.jpg\",\"keywords\":[\"\u00c1ngelus 2 enero 2022\"],\"articleSection\":[\"\u00c1ngelus\"],\"inLanguage\":\"es\"},{\"@type\":\"WebPage\",\"@id\":\"https:\\\/\\\/exaudi.org\\\/es\\\/el-papa-en-el-angelus-invitemos-al-senor-a-entrar-en-nosotros\\\/\",\"url\":\"https:\\\/\\\/exaudi.org\\\/es\\\/el-papa-en-el-angelus-invitemos-al-senor-a-entrar-en-nosotros\\\/\",\"name\":\"El Papa en el \u00c1ngelus: \u201cInvitemos al Se\u00f1or a entrar en nosotros\u201d &#8211; Exaudi\",\"isPartOf\":{\"@id\":\"https:\\\/\\\/exaudi.org\\\/#website\"},\"primaryImageOfPage\":{\"@id\":\"https:\\\/\\\/exaudi.org\\\/es\\\/el-papa-en-el-angelus-invitemos-al-senor-a-entrar-en-nosotros\\\/#primaryimage\"},\"image\":{\"@id\":\"https:\\\/\\\/exaudi.org\\\/es\\\/el-papa-en-el-angelus-invitemos-al-senor-a-entrar-en-nosotros\\\/#primaryimage\"},\"thumbnailUrl\":\"https:\\\/\\\/exaudi.org\\\/wp-content\\\/uploads\\\/2022\\\/01\\\/Angelus-2-enero-2022-1-scaled.jpg\",\"datePublished\":\"2022-01-02T15:23:28+00:00\",\"dateModified\":\"2022-01-04T09:11:24+00:00\",\"author\":{\"@id\":\"https:\\\/\\\/exaudi.org\\\/#\\\/schema\\\/person\\\/6ff0af358a606d657c4b1b6e0d5c85cb\"},\"description\":\"Tras el rezo del \u00c1ngelus, el Papa salud\u00f3 a los fieles y peregrinos reunidos exhortando a que \u201cinvitemos al Se\u00f1or a entrar en nosotros\u201d.\",\"breadcrumb\":{\"@id\":\"https:\\\/\\\/exaudi.org\\\/es\\\/el-papa-en-el-angelus-invitemos-al-senor-a-entrar-en-nosotros\\\/#breadcrumb\"},\"inLanguage\":\"es\",\"potentialAction\":[{\"@type\":\"ReadAction\",\"target\":[\"https:\\\/\\\/exaudi.org\\\/es\\\/el-papa-en-el-angelus-invitemos-al-senor-a-entrar-en-nosotros\\\/\"]}]},{\"@type\":\"ImageObject\",\"inLanguage\":\"es\",\"@id\":\"https:\\\/\\\/exaudi.org\\\/es\\\/el-papa-en-el-angelus-invitemos-al-senor-a-entrar-en-nosotros\\\/#primaryimage\",\"url\":\"https:\\\/\\\/exaudi.org\\\/wp-content\\\/uploads\\\/2022\\\/01\\\/Angelus-2-enero-2022-1-scaled.jpg\",\"contentUrl\":\"https:\\\/\\\/exaudi.org\\\/wp-content\\\/uploads\\\/2022\\\/01\\\/Angelus-2-enero-2022-1-scaled.jpg\",\"width\":2560,\"height\":1707,\"caption\":\"\u00c1ngelus 9 enero 2022 \u00a9 Vatican Media\"},{\"@type\":\"BreadcrumbList\",\"@id\":\"https:\\\/\\\/exaudi.org\\\/es\\\/el-papa-en-el-angelus-invitemos-al-senor-a-entrar-en-nosotros\\\/#breadcrumb\",\"itemListElement\":[{\"@type\":\"ListItem\",\"position\":1,\"name\":\"Portada\",\"item\":\"https:\\\/\\\/exaudi.org\\\/es\\\/\"},{\"@type\":\"ListItem\",\"position\":2,\"name\":\"El Papa en el \u00c1ngelus: \u201cInvitemos al Se\u00f1or a entrar en nosotros\u201d\"}]},{\"@type\":\"WebSite\",\"@id\":\"https:\\\/\\\/exaudi.org\\\/#website\",\"url\":\"https:\\\/\\\/exaudi.org\\\/\",\"name\":\"Exaudi\",\"description\":\"News\",\"potentialAction\":[{\"@type\":\"SearchAction\",\"target\":{\"@type\":\"EntryPoint\",\"urlTemplate\":\"https:\\\/\\\/exaudi.org\\\/?s={search_term_string}\"},\"query-input\":{\"@type\":\"PropertyValueSpecification\",\"valueRequired\":true,\"valueName\":\"search_term_string\"}}],\"inLanguage\":\"es\"},{\"@type\":\"Person\",\"@id\":\"https:\\\/\\\/exaudi.org\\\/#\\\/schema\\\/person\\\/6ff0af358a606d657c4b1b6e0d5c85cb\",\"name\":\"Raquel Anillo\",\"image\":{\"@type\":\"ImageObject\",\"inLanguage\":\"es\",\"@id\":\"https:\\\/\\\/secure.gravatar.com\\\/avatar\\\/7f88757c095badfcf277fb437d860f221e7a4fb83008b887cccb1f1299f66efb?s=96&d=mm&r=g\",\"url\":\"https:\\\/\\\/secure.gravatar.com\\\/avatar\\\/7f88757c095badfcf277fb437d860f221e7a4fb83008b887cccb1f1299f66efb?s=96&d=mm&r=g\",\"contentUrl\":\"https:\\\/\\\/secure.gravatar.com\\\/avatar\\\/7f88757c095badfcf277fb437d860f221e7a4fb83008b887cccb1f1299f66efb?s=96&d=mm&r=g\",\"caption\":\"Raquel Anillo\"},\"description\":\"Casada. Comprometida con la Iglesia. Traductora e int\u00e9rprete para la Comunidad Emmanuel, especialmente para las sesiones internacionales de Paray le Monial (Francia) 1986 al 2005. Colaboradora de Zenit de 2012-2014 y de 2017-2020 como traductora.\",\"url\":\"https:\\\/\\\/exaudi.org\\\/es\\\/author\\\/ranilloexaudi-org\\\/\"}]}<\/script>\n<!-- \/ Yoast SEO plugin. -->","yoast_head_json":{"title":"El Papa en el \u00c1ngelus: \u201cInvitemos al Se\u00f1or a entrar en nosotros\u201d &#8211; Exaudi","description":"Tras el rezo del \u00c1ngelus, el Papa salud\u00f3 a los fieles y peregrinos reunidos exhortando a que \u201cinvitemos al Se\u00f1or a entrar en nosotros\u201d.","robots":{"index":"index","follow":"follow","max-snippet":"max-snippet:-1","max-image-preview":"max-image-preview:large","max-video-preview":"max-video-preview:-1"},"canonical":"https:\/\/exaudi.org\/es\/el-papa-en-el-angelus-invitemos-al-senor-a-entrar-en-nosotros\/","og_locale":"es_ES","og_type":"article","og_title":"El Papa en el \u00c1ngelus: \u201cInvitemos al Se\u00f1or a entrar en nosotros\u201d &#8211; Exaudi","og_description":"Tras el rezo del \u00c1ngelus, el Papa salud\u00f3 a los fieles y peregrinos reunidos exhortando a que \u201cinvitemos al Se\u00f1or a entrar en nosotros\u201d.","og_url":"https:\/\/exaudi.org\/es\/el-papa-en-el-angelus-invitemos-al-senor-a-entrar-en-nosotros\/","og_site_name":"Exaudi","article_publisher":"https:\/\/www.facebook.com\/ExaudiNews","article_published_time":"2022-01-02T15:23:28+00:00","article_modified_time":"2022-01-04T09:11:24+00:00","og_image":[{"width":2560,"height":1707,"url":"https:\/\/exaudi.org\/wp-content\/uploads\/2022\/01\/Angelus-2-enero-2022-1-scaled.jpg","type":"image\/jpeg"}],"author":"Raquel Anillo","twitter_card":"summary_large_image","twitter_creator":"@Exaudi_News","twitter_site":"@Exaudi_News","twitter_misc":{"Escrito por":"Raquel Anillo","Tiempo de lectura":"2 minutos"},"schema":{"@context":"https:\/\/schema.org","@graph":[{"@type":"Article","@id":"https:\/\/exaudi.org\/es\/el-papa-en-el-angelus-invitemos-al-senor-a-entrar-en-nosotros\/#article","isPartOf":{"@id":"https:\/\/exaudi.org\/es\/el-papa-en-el-angelus-invitemos-al-senor-a-entrar-en-nosotros\/"},"author":{"name":"Raquel Anillo","@id":"https:\/\/exaudi.org\/#\/schema\/person\/6ff0af358a606d657c4b1b6e0d5c85cb"},"headline":"El Papa en el \u00c1ngelus: \u201cInvitemos al Se\u00f1or a entrar en nosotros\u201d","datePublished":"2022-01-02T15:23:28+00:00","dateModified":"2022-01-04T09:11:24+00:00","mainEntityOfPage":{"@id":"https:\/\/exaudi.org\/es\/el-papa-en-el-angelus-invitemos-al-senor-a-entrar-en-nosotros\/"},"wordCount":271,"image":{"@id":"https:\/\/exaudi.org\/es\/el-papa-en-el-angelus-invitemos-al-senor-a-entrar-en-nosotros\/#primaryimage"},"thumbnailUrl":"https:\/\/exaudi.org\/wp-content\/uploads\/2022\/01\/Angelus-2-enero-2022-1-scaled.jpg","keywords":["\u00c1ngelus 2 enero 2022"],"articleSection":["\u00c1ngelus"],"inLanguage":"es"},{"@type":"WebPage","@id":"https:\/\/exaudi.org\/es\/el-papa-en-el-angelus-invitemos-al-senor-a-entrar-en-nosotros\/","url":"https:\/\/exaudi.org\/es\/el-papa-en-el-angelus-invitemos-al-senor-a-entrar-en-nosotros\/","name":"El Papa en el \u00c1ngelus: \u201cInvitemos al Se\u00f1or a entrar en nosotros\u201d &#8211; Exaudi","isPartOf":{"@id":"https:\/\/exaudi.org\/#website"},"primaryImageOfPage":{"@id":"https:\/\/exaudi.org\/es\/el-papa-en-el-angelus-invitemos-al-senor-a-entrar-en-nosotros\/#primaryimage"},"image":{"@id":"https:\/\/exaudi.org\/es\/el-papa-en-el-angelus-invitemos-al-senor-a-entrar-en-nosotros\/#primaryimage"},"thumbnailUrl":"https:\/\/exaudi.org\/wp-content\/uploads\/2022\/01\/Angelus-2-enero-2022-1-scaled.jpg","datePublished":"2022-01-02T15:23:28+00:00","dateModified":"2022-01-04T09:11:24+00:00","author":{"@id":"https:\/\/exaudi.org\/#\/schema\/person\/6ff0af358a606d657c4b1b6e0d5c85cb"},"description":"Tras el rezo del \u00c1ngelus, el Papa salud\u00f3 a los fieles y peregrinos reunidos exhortando a que \u201cinvitemos al Se\u00f1or a entrar en nosotros\u201d.","breadcrumb":{"@id":"https:\/\/exaudi.org\/es\/el-papa-en-el-angelus-invitemos-al-senor-a-entrar-en-nosotros\/#breadcrumb"},"inLanguage":"es","potentialAction":[{"@type":"ReadAction","target":["https:\/\/exaudi.org\/es\/el-papa-en-el-angelus-invitemos-al-senor-a-entrar-en-nosotros\/"]}]},{"@type":"ImageObject","inLanguage":"es","@id":"https:\/\/exaudi.org\/es\/el-papa-en-el-angelus-invitemos-al-senor-a-entrar-en-nosotros\/#primaryimage","url":"https:\/\/exaudi.org\/wp-content\/uploads\/2022\/01\/Angelus-2-enero-2022-1-scaled.jpg","contentUrl":"https:\/\/exaudi.org\/wp-content\/uploads\/2022\/01\/Angelus-2-enero-2022-1-scaled.jpg","width":2560,"height":1707,"caption":"\u00c1ngelus 9 enero 2022 \u00a9 Vatican Media"},{"@type":"BreadcrumbList","@id":"https:\/\/exaudi.org\/es\/el-papa-en-el-angelus-invitemos-al-senor-a-entrar-en-nosotros\/#breadcrumb","itemListElement":[{"@type":"ListItem","position":1,"name":"Portada","item":"https:\/\/exaudi.org\/es\/"},{"@type":"ListItem","position":2,"name":"El Papa en el \u00c1ngelus: \u201cInvitemos al Se\u00f1or a entrar en nosotros\u201d"}]},{"@type":"WebSite","@id":"https:\/\/exaudi.org\/#website","url":"https:\/\/exaudi.org\/","name":"Exaudi","description":"News","potentialAction":[{"@type":"SearchAction","target":{"@type":"EntryPoint","urlTemplate":"https:\/\/exaudi.org\/?s={search_term_string}"},"query-input":{"@type":"PropertyValueSpecification","valueRequired":true,"valueName":"search_term_string"}}],"inLanguage":"es"},{"@type":"Person","@id":"https:\/\/exaudi.org\/#\/schema\/person\/6ff0af358a606d657c4b1b6e0d5c85cb","name":"Raquel Anillo","image":{"@type":"ImageObject","inLanguage":"es","@id":"https:\/\/secure.gravatar.com\/avatar\/7f88757c095badfcf277fb437d860f221e7a4fb83008b887cccb1f1299f66efb?s=96&d=mm&r=g","url":"https:\/\/secure.gravatar.com\/avatar\/7f88757c095badfcf277fb437d860f221e7a4fb83008b887cccb1f1299f66efb?s=96&d=mm&r=g","contentUrl":"https:\/\/secure.gravatar.com\/avatar\/7f88757c095badfcf277fb437d860f221e7a4fb83008b887cccb1f1299f66efb?s=96&d=mm&r=g","caption":"Raquel Anillo"},"description":"Casada. Comprometida con la Iglesia. Traductora e int\u00e9rprete para la Comunidad Emmanuel, especialmente para las sesiones internacionales de Paray le Monial (Francia) 1986 al 2005. Colaboradora de Zenit de 2012-2014 y de 2017-2020 como traductora.","url":"https:\/\/exaudi.org\/es\/author\/ranilloexaudi-org\/"}]}},"jetpack_featured_media_url":"https:\/\/exaudi.org\/wp-content\/uploads\/2022\/01\/Angelus-2-enero-2022-1-scaled.jpg","jetpack_shortlink":"https:\/\/wp.me\/pgKjF2-crU","_links":{"self":[{"href":"https:\/\/exaudi.org\/es\/wp-json\/wp\/v2\/posts\/47858","targetHints":{"allow":["GET"]}}],"collection":[{"href":"https:\/\/exaudi.org\/es\/wp-json\/wp\/v2\/posts"}],"about":[{"href":"https:\/\/exaudi.org\/es\/wp-json\/wp\/v2\/types\/post"}],"author":[{"embeddable":true,"href":"https:\/\/exaudi.org\/es\/wp-json\/wp\/v2\/users\/7"}],"replies":[{"embeddable":true,"href":"https:\/\/exaudi.org\/es\/wp-json\/wp\/v2\/comments?post=47858"}],"version-history":[{"count":0,"href":"https:\/\/exaudi.org\/es\/wp-json\/wp\/v2\/posts\/47858\/revisions"}],"wp:featuredmedia":[{"embeddable":true,"href":"https:\/\/exaudi.org\/es\/wp-json\/wp\/v2\/media\/47859"}],"wp:attachment":[{"href":"https:\/\/exaudi.org\/es\/wp-json\/wp\/v2\/media?parent=47858"}],"wp:term":[{"taxonomy":"category","embeddable":true,"href":"https:\/\/exaudi.org\/es\/wp-json\/wp\/v2\/categories?post=47858"},{"taxonomy":"post_tag","embeddable":true,"href":"https:\/\/exaudi.org\/es\/wp-json\/wp\/v2\/tags?post=47858"}],"curies":[{"name":"wp","href":"https:\/\/api.w.org\/{rel}","templated":true}]}}