{"id":47828,"date":"2022-01-01T16:16:13","date_gmt":"2022-01-01T15:16:13","guid":{"rendered":"https:\/\/exaudi.org\/?p=47828"},"modified":"2022-01-03T12:16:03","modified_gmt":"2022-01-03T11:16:03","slug":"el-papa-deseo-a-todos-la-paz-en-este-comienzo-de-ano","status":"publish","type":"post","link":"https:\/\/exaudi.org\/es\/el-papa-deseo-a-todos-la-paz-en-este-comienzo-de-ano\/","title":{"rendered":"El Papa dese\u00f3 a todos la paz en este comienzo de a\u00f1o"},"content":{"rendered":"<p>Tras el rezo del <a href=\"https:\/\/exaudi.org\/es\/maria-acuesta-a-jesus-en-el-pesebre-poniendolo-a-disposicion-de-todos\/\" target=\"_blank\" rel=\"noopener\">\u00c1ngelus<\/a>, de este s\u00e1bado 1 de enero de 2022, dedicado a Mar\u00eda Madre de Dios, el Papa comienza su saludo de a\u00f1o nuevo deseando \u201ca todos la paz, que es el compendio de todo bien: la paz\u201d. . A continuaci\u00f3n, salud\u00f3 cordialmente y con gratitud al se\u00f1or presidente de la Rep\u00fablica Italiana, Sergio Mattarella, asegurando su oraci\u00f3n por \u00e9l y por el pueblo italiano<\/p>\n<p>El Santo Padre agradeci\u00f3 \u201clas iniciativas promovidas en el mundo con ocasi\u00f3n de esta Jornada, Mundial de la Paz, compatiblemente con la situaci\u00f3n de la pandemia; en particular, la Vigilia celebrada ayer por la noche en la catedral de Savona como expresi\u00f3n de la Iglesia en Italia\u201d.<\/p>\n<p>El Papa Francisco salud\u00f3 \u201ca los participantes en la manifestaci\u00f3n <em>Paz en todas las tierras<\/em>, organizada por la Comunidad de San Egidio aqu\u00ed en Roma y en muchas partes del mundo\u201d.<\/p>\n<p>Por \u00faltimo, se dirigi\u00f3 a los fieles y peregrinos reunidos en la plaza de San Pedro, deseando a todos un \u00a1Feliz a\u00f1o!<\/p>\n<p>A continuaci\u00f3n, siguen las palabras del Papa despu\u00e9s de la oraci\u00f3n mariana, ofrecidas por la Oficina de Prensa de la Santa Sede:<\/p>\n<p>***<\/p>\n<h4><strong>Palabras del Papa <\/strong><\/h4>\n<p><em>Queridos hermanos y hermanas:<\/em><\/p>\n<p>Al comienzo del a\u00f1o nuevo deseo a todos la paz, que es el compendio de todo bien: la paz. Saludo cordialmente y con gratitud al se\u00f1or presidente de la Rep\u00fablica Italiana, Sergio Mattarella, y aseguro mi oraci\u00f3n por \u00e9l y por el pueblo italiano. Hoy se celebra el\u00a0<a href=\"https:\/\/www.vatican.va\/content\/paul-vi\/es\/messages\/peace\/documents\/hf_p-vi_mes_19671208_i-world-day-for-peace.html\">D\u00eda Mundial de la Paz, iniciado por San Pablo VI en 1968<\/a>. En el\u00a0<a href=\"https:\/\/www.vatican.va\/content\/francesco\/es\/messages\/peace\/documents\/20211208-messaggio-55giornatamondiale-pace2022.html\">Mensaje de este a\u00f1o<\/a>\u00a0subray\u00e9 que la paz se construye con el di\u00e1logo entre las generaciones, con la educaci\u00f3n y con el trabajo. Sin estos tres elementos, faltan los cimientos. Agradezco todas las iniciativas promovidas en el mundo con ocasi\u00f3n de esta Jornada, compatiblemente con la situaci\u00f3n de la pandemia; en particular, la Vigilia celebrada ayer por la noche en la catedral de Savona como expresi\u00f3n de la Iglesia en Italia.<\/p>\n<p>Saludo a los participantes en la manifestaci\u00f3n \u201cPaz en todas las tierras\u201d, organizada por la Comunidad de San Egidio aqu\u00ed en Roma y en muchas partes del mundo \u2013 \u00a1son buenos estos de San Egidio, son buenos! \u2013 en colaboraci\u00f3n con las di\u00f3cesis y las parroquias. \u00a1Gracias por su presencia y por su compromiso!<\/p>\n<p>\u00a1Y saludo a todos ustedes, queridos romanos y peregrinos! Saludo a los j\u00f3venes de Curtatone, a las familias de Forlimpopoli, a los fieles de Padua y a los de Comun Nuovo, cerca de Sotto il Monte \u2013 patria de\u00a0<a href=\"https:\/\/www.vatican.va\/content\/john-xxiii\/es.html\">San Juan XXIII<\/a>, el Papa de la Enc\u00edclica\u00a0<em><a href=\"https:\/\/www.vatican.va\/content\/john-xxiii\/es\/encyclicals\/documents\/hf_j-xxiii_enc_11041963_pacem.html\">Pacem in terris<\/a><\/em>, \u00a1m\u00e1s actual que nunca! Pero vayamos a casa pensando: \u00a1paz, paz, paz! Se necesita la paz. Hoy estaba viendo la imagen en el programa de televisi\u00f3n \u201cA Tu (Su) imagen\u201d, sobre la guerra, sobre los desplazados, sobre las miserias&#8230; Pero esto ocurre hoy en el mundo. \u00a1Queremos paz!<\/p>\n<p>\u00a1Mis mejores deseos para todos! Por favor, no se olviden de rezar por m\u00ed. \u00a1Feliz a\u00f1o! Que tengan un buen almuerzo y hasta ma\u00f1ana. \u00a1Bravos!<\/p>\n<p>&nbsp;<\/p>\n","protected":false},"excerpt":{"rendered":"<p>Palabras despu\u00e9s de la oraci\u00f3n mariana<\/p>\n","protected":false},"author":7,"featured_media":47829,"comment_status":"closed","ping_status":"closed","sticky":false,"template":"","format":"standard","meta":{"_acf_changed":false,"_crdt_document":"","inline_featured_image":false,"footnotes":""},"categories":[70],"tags":[5415],"class_list":["post-47828","post","type-post","status-publish","format-standard","has-post-thumbnail","hentry","category-angelus-es","tag-angelus-1-enero-2022"],"acf":[],"yoast_head":"<!-- This site is optimized with the Yoast SEO plugin v27.4 - https:\/\/yoast.com\/product\/yoast-seo-wordpress\/ -->\n<title>El Papa dese\u00f3 a todos la paz en este comienzo de a\u00f1o &#8211; Exaudi<\/title>\n<meta name=\"description\" content=\"Tras el rezo del \u00c1ngelus, el Papa comienza su saludo de a\u00f1o nuevo deseando \u201ca todos la paz, que es el compendio de todo bien: la paz\u201d.\" \/>\n<meta name=\"robots\" content=\"index, follow, max-snippet:-1, max-image-preview:large, max-video-preview:-1\" \/>\n<link rel=\"canonical\" href=\"https:\/\/exaudi.org\/es\/el-papa-deseo-a-todos-la-paz-en-este-comienzo-de-ano\/\" \/>\n<meta property=\"og:locale\" content=\"es_ES\" \/>\n<meta property=\"og:type\" content=\"article\" \/>\n<meta property=\"og:title\" content=\"El Papa dese\u00f3 a todos la paz en este comienzo de a\u00f1o &#8211; Exaudi\" \/>\n<meta property=\"og:description\" content=\"Tras el rezo del \u00c1ngelus, el Papa comienza su saludo de a\u00f1o nuevo deseando \u201ca todos la paz, que es el compendio de todo bien: la paz\u201d.\" \/>\n<meta property=\"og:url\" content=\"https:\/\/exaudi.org\/es\/el-papa-deseo-a-todos-la-paz-en-este-comienzo-de-ano\/\" \/>\n<meta property=\"og:site_name\" content=\"Exaudi\" \/>\n<meta property=\"article:publisher\" content=\"https:\/\/www.facebook.com\/ExaudiNews\" \/>\n<meta property=\"article:published_time\" content=\"2022-01-01T15:16:13+00:00\" \/>\n<meta property=\"article:modified_time\" content=\"2022-01-03T11:16:03+00:00\" \/>\n<meta property=\"og:image\" content=\"https:\/\/exaudi.org\/wp-content\/uploads\/2022\/01\/Angelus-1-enero-2022-1-1.jpeg\" \/>\n\t<meta property=\"og:image:width\" content=\"1000\" \/>\n\t<meta property=\"og:image:height\" content=\"666\" \/>\n\t<meta property=\"og:image:type\" content=\"image\/jpeg\" \/>\n<meta name=\"author\" content=\"Raquel Anillo\" \/>\n<meta name=\"twitter:card\" content=\"summary_large_image\" \/>\n<meta name=\"twitter:creator\" content=\"@Exaudi_News\" \/>\n<meta name=\"twitter:site\" content=\"@Exaudi_News\" \/>\n<meta name=\"twitter:label1\" content=\"Escrito por\" \/>\n\t<meta name=\"twitter:data1\" content=\"Raquel Anillo\" \/>\n\t<meta name=\"twitter:label2\" content=\"Tiempo de lectura\" \/>\n\t<meta name=\"twitter:data2\" content=\"3 minutos\" \/>\n<script type=\"application\/ld+json\" class=\"yoast-schema-graph\">{\"@context\":\"https:\\\/\\\/schema.org\",\"@graph\":[{\"@type\":\"Article\",\"@id\":\"https:\\\/\\\/exaudi.org\\\/es\\\/el-papa-deseo-a-todos-la-paz-en-este-comienzo-de-ano\\\/#article\",\"isPartOf\":{\"@id\":\"https:\\\/\\\/exaudi.org\\\/es\\\/el-papa-deseo-a-todos-la-paz-en-este-comienzo-de-ano\\\/\"},\"author\":{\"name\":\"Raquel Anillo\",\"@id\":\"https:\\\/\\\/exaudi.org\\\/#\\\/schema\\\/person\\\/6ff0af358a606d657c4b1b6e0d5c85cb\"},\"headline\":\"El Papa dese\u00f3 a todos la paz en este comienzo de a\u00f1o\",\"datePublished\":\"2022-01-01T15:16:13+00:00\",\"dateModified\":\"2022-01-03T11:16:03+00:00\",\"mainEntityOfPage\":{\"@id\":\"https:\\\/\\\/exaudi.org\\\/es\\\/el-papa-deseo-a-todos-la-paz-en-este-comienzo-de-ano\\\/\"},\"wordCount\":549,\"image\":{\"@id\":\"https:\\\/\\\/exaudi.org\\\/es\\\/el-papa-deseo-a-todos-la-paz-en-este-comienzo-de-ano\\\/#primaryimage\"},\"thumbnailUrl\":\"https:\\\/\\\/exaudi.org\\\/wp-content\\\/uploads\\\/2022\\\/01\\\/Angelus-1-enero-2022-1-1.jpeg\",\"keywords\":[\"\u00c1ngelus 1 enero 2022\"],\"articleSection\":[\"\u00c1ngelus\"],\"inLanguage\":\"es\"},{\"@type\":\"WebPage\",\"@id\":\"https:\\\/\\\/exaudi.org\\\/es\\\/el-papa-deseo-a-todos-la-paz-en-este-comienzo-de-ano\\\/\",\"url\":\"https:\\\/\\\/exaudi.org\\\/es\\\/el-papa-deseo-a-todos-la-paz-en-este-comienzo-de-ano\\\/\",\"name\":\"El Papa dese\u00f3 a todos la paz en este comienzo de a\u00f1o &#8211; Exaudi\",\"isPartOf\":{\"@id\":\"https:\\\/\\\/exaudi.org\\\/#website\"},\"primaryImageOfPage\":{\"@id\":\"https:\\\/\\\/exaudi.org\\\/es\\\/el-papa-deseo-a-todos-la-paz-en-este-comienzo-de-ano\\\/#primaryimage\"},\"image\":{\"@id\":\"https:\\\/\\\/exaudi.org\\\/es\\\/el-papa-deseo-a-todos-la-paz-en-este-comienzo-de-ano\\\/#primaryimage\"},\"thumbnailUrl\":\"https:\\\/\\\/exaudi.org\\\/wp-content\\\/uploads\\\/2022\\\/01\\\/Angelus-1-enero-2022-1-1.jpeg\",\"datePublished\":\"2022-01-01T15:16:13+00:00\",\"dateModified\":\"2022-01-03T11:16:03+00:00\",\"author\":{\"@id\":\"https:\\\/\\\/exaudi.org\\\/#\\\/schema\\\/person\\\/6ff0af358a606d657c4b1b6e0d5c85cb\"},\"description\":\"Tras el rezo del \u00c1ngelus, el Papa comienza su saludo de a\u00f1o nuevo deseando \u201ca todos la paz, que es el compendio de todo bien: la paz\u201d.\",\"breadcrumb\":{\"@id\":\"https:\\\/\\\/exaudi.org\\\/es\\\/el-papa-deseo-a-todos-la-paz-en-este-comienzo-de-ano\\\/#breadcrumb\"},\"inLanguage\":\"es\",\"potentialAction\":[{\"@type\":\"ReadAction\",\"target\":[\"https:\\\/\\\/exaudi.org\\\/es\\\/el-papa-deseo-a-todos-la-paz-en-este-comienzo-de-ano\\\/\"]}]},{\"@type\":\"ImageObject\",\"inLanguage\":\"es\",\"@id\":\"https:\\\/\\\/exaudi.org\\\/es\\\/el-papa-deseo-a-todos-la-paz-en-este-comienzo-de-ano\\\/#primaryimage\",\"url\":\"https:\\\/\\\/exaudi.org\\\/wp-content\\\/uploads\\\/2022\\\/01\\\/Angelus-1-enero-2022-1-1.jpeg\",\"contentUrl\":\"https:\\\/\\\/exaudi.org\\\/wp-content\\\/uploads\\\/2022\\\/01\\\/Angelus-1-enero-2022-1-1.jpeg\",\"width\":1000,\"height\":666,\"caption\":\"\u00c1ngelus 1 enero 2022 \u00a9 Vatican Media\"},{\"@type\":\"BreadcrumbList\",\"@id\":\"https:\\\/\\\/exaudi.org\\\/es\\\/el-papa-deseo-a-todos-la-paz-en-este-comienzo-de-ano\\\/#breadcrumb\",\"itemListElement\":[{\"@type\":\"ListItem\",\"position\":1,\"name\":\"Portada\",\"item\":\"https:\\\/\\\/exaudi.org\\\/es\\\/\"},{\"@type\":\"ListItem\",\"position\":2,\"name\":\"El Papa dese\u00f3 a todos la paz en este comienzo de a\u00f1o\"}]},{\"@type\":\"WebSite\",\"@id\":\"https:\\\/\\\/exaudi.org\\\/#website\",\"url\":\"https:\\\/\\\/exaudi.org\\\/\",\"name\":\"Exaudi\",\"description\":\"News\",\"potentialAction\":[{\"@type\":\"SearchAction\",\"target\":{\"@type\":\"EntryPoint\",\"urlTemplate\":\"https:\\\/\\\/exaudi.org\\\/?s={search_term_string}\"},\"query-input\":{\"@type\":\"PropertyValueSpecification\",\"valueRequired\":true,\"valueName\":\"search_term_string\"}}],\"inLanguage\":\"es\"},{\"@type\":\"Person\",\"@id\":\"https:\\\/\\\/exaudi.org\\\/#\\\/schema\\\/person\\\/6ff0af358a606d657c4b1b6e0d5c85cb\",\"name\":\"Raquel Anillo\",\"image\":{\"@type\":\"ImageObject\",\"inLanguage\":\"es\",\"@id\":\"https:\\\/\\\/secure.gravatar.com\\\/avatar\\\/7f88757c095badfcf277fb437d860f221e7a4fb83008b887cccb1f1299f66efb?s=96&d=mm&r=g\",\"url\":\"https:\\\/\\\/secure.gravatar.com\\\/avatar\\\/7f88757c095badfcf277fb437d860f221e7a4fb83008b887cccb1f1299f66efb?s=96&d=mm&r=g\",\"contentUrl\":\"https:\\\/\\\/secure.gravatar.com\\\/avatar\\\/7f88757c095badfcf277fb437d860f221e7a4fb83008b887cccb1f1299f66efb?s=96&d=mm&r=g\",\"caption\":\"Raquel Anillo\"},\"description\":\"Casada. Comprometida con la Iglesia. Traductora e int\u00e9rprete para la Comunidad Emmanuel, especialmente para las sesiones internacionales de Paray le Monial (Francia) 1986 al 2005. Colaboradora de Zenit de 2012-2014 y de 2017-2020 como traductora.\",\"url\":\"https:\\\/\\\/exaudi.org\\\/es\\\/author\\\/ranilloexaudi-org\\\/\"}]}<\/script>\n<!-- \/ Yoast SEO plugin. -->","yoast_head_json":{"title":"El Papa dese\u00f3 a todos la paz en este comienzo de a\u00f1o &#8211; Exaudi","description":"Tras el rezo del \u00c1ngelus, el Papa comienza su saludo de a\u00f1o nuevo deseando \u201ca todos la paz, que es el compendio de todo bien: la paz\u201d.","robots":{"index":"index","follow":"follow","max-snippet":"max-snippet:-1","max-image-preview":"max-image-preview:large","max-video-preview":"max-video-preview:-1"},"canonical":"https:\/\/exaudi.org\/es\/el-papa-deseo-a-todos-la-paz-en-este-comienzo-de-ano\/","og_locale":"es_ES","og_type":"article","og_title":"El Papa dese\u00f3 a todos la paz en este comienzo de a\u00f1o &#8211; Exaudi","og_description":"Tras el rezo del \u00c1ngelus, el Papa comienza su saludo de a\u00f1o nuevo deseando \u201ca todos la paz, que es el compendio de todo bien: la paz\u201d.","og_url":"https:\/\/exaudi.org\/es\/el-papa-deseo-a-todos-la-paz-en-este-comienzo-de-ano\/","og_site_name":"Exaudi","article_publisher":"https:\/\/www.facebook.com\/ExaudiNews","article_published_time":"2022-01-01T15:16:13+00:00","article_modified_time":"2022-01-03T11:16:03+00:00","og_image":[{"width":1000,"height":666,"url":"https:\/\/exaudi.org\/wp-content\/uploads\/2022\/01\/Angelus-1-enero-2022-1-1.jpeg","type":"image\/jpeg"}],"author":"Raquel Anillo","twitter_card":"summary_large_image","twitter_creator":"@Exaudi_News","twitter_site":"@Exaudi_News","twitter_misc":{"Escrito por":"Raquel Anillo","Tiempo de lectura":"3 minutos"},"schema":{"@context":"https:\/\/schema.org","@graph":[{"@type":"Article","@id":"https:\/\/exaudi.org\/es\/el-papa-deseo-a-todos-la-paz-en-este-comienzo-de-ano\/#article","isPartOf":{"@id":"https:\/\/exaudi.org\/es\/el-papa-deseo-a-todos-la-paz-en-este-comienzo-de-ano\/"},"author":{"name":"Raquel Anillo","@id":"https:\/\/exaudi.org\/#\/schema\/person\/6ff0af358a606d657c4b1b6e0d5c85cb"},"headline":"El Papa dese\u00f3 a todos la paz en este comienzo de a\u00f1o","datePublished":"2022-01-01T15:16:13+00:00","dateModified":"2022-01-03T11:16:03+00:00","mainEntityOfPage":{"@id":"https:\/\/exaudi.org\/es\/el-papa-deseo-a-todos-la-paz-en-este-comienzo-de-ano\/"},"wordCount":549,"image":{"@id":"https:\/\/exaudi.org\/es\/el-papa-deseo-a-todos-la-paz-en-este-comienzo-de-ano\/#primaryimage"},"thumbnailUrl":"https:\/\/exaudi.org\/wp-content\/uploads\/2022\/01\/Angelus-1-enero-2022-1-1.jpeg","keywords":["\u00c1ngelus 1 enero 2022"],"articleSection":["\u00c1ngelus"],"inLanguage":"es"},{"@type":"WebPage","@id":"https:\/\/exaudi.org\/es\/el-papa-deseo-a-todos-la-paz-en-este-comienzo-de-ano\/","url":"https:\/\/exaudi.org\/es\/el-papa-deseo-a-todos-la-paz-en-este-comienzo-de-ano\/","name":"El Papa dese\u00f3 a todos la paz en este comienzo de a\u00f1o &#8211; Exaudi","isPartOf":{"@id":"https:\/\/exaudi.org\/#website"},"primaryImageOfPage":{"@id":"https:\/\/exaudi.org\/es\/el-papa-deseo-a-todos-la-paz-en-este-comienzo-de-ano\/#primaryimage"},"image":{"@id":"https:\/\/exaudi.org\/es\/el-papa-deseo-a-todos-la-paz-en-este-comienzo-de-ano\/#primaryimage"},"thumbnailUrl":"https:\/\/exaudi.org\/wp-content\/uploads\/2022\/01\/Angelus-1-enero-2022-1-1.jpeg","datePublished":"2022-01-01T15:16:13+00:00","dateModified":"2022-01-03T11:16:03+00:00","author":{"@id":"https:\/\/exaudi.org\/#\/schema\/person\/6ff0af358a606d657c4b1b6e0d5c85cb"},"description":"Tras el rezo del \u00c1ngelus, el Papa comienza su saludo de a\u00f1o nuevo deseando \u201ca todos la paz, que es el compendio de todo bien: la paz\u201d.","breadcrumb":{"@id":"https:\/\/exaudi.org\/es\/el-papa-deseo-a-todos-la-paz-en-este-comienzo-de-ano\/#breadcrumb"},"inLanguage":"es","potentialAction":[{"@type":"ReadAction","target":["https:\/\/exaudi.org\/es\/el-papa-deseo-a-todos-la-paz-en-este-comienzo-de-ano\/"]}]},{"@type":"ImageObject","inLanguage":"es","@id":"https:\/\/exaudi.org\/es\/el-papa-deseo-a-todos-la-paz-en-este-comienzo-de-ano\/#primaryimage","url":"https:\/\/exaudi.org\/wp-content\/uploads\/2022\/01\/Angelus-1-enero-2022-1-1.jpeg","contentUrl":"https:\/\/exaudi.org\/wp-content\/uploads\/2022\/01\/Angelus-1-enero-2022-1-1.jpeg","width":1000,"height":666,"caption":"\u00c1ngelus 1 enero 2022 \u00a9 Vatican Media"},{"@type":"BreadcrumbList","@id":"https:\/\/exaudi.org\/es\/el-papa-deseo-a-todos-la-paz-en-este-comienzo-de-ano\/#breadcrumb","itemListElement":[{"@type":"ListItem","position":1,"name":"Portada","item":"https:\/\/exaudi.org\/es\/"},{"@type":"ListItem","position":2,"name":"El Papa dese\u00f3 a todos la paz en este comienzo de a\u00f1o"}]},{"@type":"WebSite","@id":"https:\/\/exaudi.org\/#website","url":"https:\/\/exaudi.org\/","name":"Exaudi","description":"News","potentialAction":[{"@type":"SearchAction","target":{"@type":"EntryPoint","urlTemplate":"https:\/\/exaudi.org\/?s={search_term_string}"},"query-input":{"@type":"PropertyValueSpecification","valueRequired":true,"valueName":"search_term_string"}}],"inLanguage":"es"},{"@type":"Person","@id":"https:\/\/exaudi.org\/#\/schema\/person\/6ff0af358a606d657c4b1b6e0d5c85cb","name":"Raquel Anillo","image":{"@type":"ImageObject","inLanguage":"es","@id":"https:\/\/secure.gravatar.com\/avatar\/7f88757c095badfcf277fb437d860f221e7a4fb83008b887cccb1f1299f66efb?s=96&d=mm&r=g","url":"https:\/\/secure.gravatar.com\/avatar\/7f88757c095badfcf277fb437d860f221e7a4fb83008b887cccb1f1299f66efb?s=96&d=mm&r=g","contentUrl":"https:\/\/secure.gravatar.com\/avatar\/7f88757c095badfcf277fb437d860f221e7a4fb83008b887cccb1f1299f66efb?s=96&d=mm&r=g","caption":"Raquel Anillo"},"description":"Casada. Comprometida con la Iglesia. Traductora e int\u00e9rprete para la Comunidad Emmanuel, especialmente para las sesiones internacionales de Paray le Monial (Francia) 1986 al 2005. Colaboradora de Zenit de 2012-2014 y de 2017-2020 como traductora.","url":"https:\/\/exaudi.org\/es\/author\/ranilloexaudi-org\/"}]}},"jetpack_featured_media_url":"https:\/\/exaudi.org\/wp-content\/uploads\/2022\/01\/Angelus-1-enero-2022-1-1.jpeg","jetpack_shortlink":"https:\/\/wp.me\/pgKjF2-crq","_links":{"self":[{"href":"https:\/\/exaudi.org\/es\/wp-json\/wp\/v2\/posts\/47828","targetHints":{"allow":["GET"]}}],"collection":[{"href":"https:\/\/exaudi.org\/es\/wp-json\/wp\/v2\/posts"}],"about":[{"href":"https:\/\/exaudi.org\/es\/wp-json\/wp\/v2\/types\/post"}],"author":[{"embeddable":true,"href":"https:\/\/exaudi.org\/es\/wp-json\/wp\/v2\/users\/7"}],"replies":[{"embeddable":true,"href":"https:\/\/exaudi.org\/es\/wp-json\/wp\/v2\/comments?post=47828"}],"version-history":[{"count":0,"href":"https:\/\/exaudi.org\/es\/wp-json\/wp\/v2\/posts\/47828\/revisions"}],"wp:featuredmedia":[{"embeddable":true,"href":"https:\/\/exaudi.org\/es\/wp-json\/wp\/v2\/media\/47829"}],"wp:attachment":[{"href":"https:\/\/exaudi.org\/es\/wp-json\/wp\/v2\/media?parent=47828"}],"wp:term":[{"taxonomy":"category","embeddable":true,"href":"https:\/\/exaudi.org\/es\/wp-json\/wp\/v2\/categories?post=47828"},{"taxonomy":"post_tag","embeddable":true,"href":"https:\/\/exaudi.org\/es\/wp-json\/wp\/v2\/tags?post=47828"}],"curies":[{"name":"wp","href":"https:\/\/api.w.org\/{rel}","templated":true}]}}