{"id":47819,"date":"2022-01-01T14:12:29","date_gmt":"2022-01-01T13:12:29","guid":{"rendered":"https:\/\/exaudi.org\/?p=47819"},"modified":"2022-01-04T10:11:09","modified_gmt":"2022-01-04T09:11:09","slug":"maria-acuesta-a-jesus-en-el-pesebre-mirarlo-acogerlo-adorarlo","status":"publish","type":"post","link":"https:\/\/exaudi.org\/es\/maria-acuesta-a-jesus-en-el-pesebre-mirarlo-acogerlo-adorarlo\/","title":{"rendered":"Mar\u00eda invita a mirar, acoger y adorar a Jes\u00fas"},"content":{"rendered":"<p>En el <a href=\"https:\/\/exaudi.org\/es\/el-papa-deseo-a-todos-la-paz-en-este-comienzo-de-ano\/\" target=\"_blank\" rel=\"noopener\">\u00c1ngelus<\/a> de este s\u00e1bado, 1 de enero de 2022, <a href=\"https:\/\/exaudi.org\/es\/santa-maria-madre-de-dios-luz-esperanza\/\" target=\"_blank\" rel=\"noopener\">solemnidad de Mar\u00eda Madre de Di<\/a>os, el Papa Francisco se detiene en una imagen extra\u00edda del Evangelio de hoy: Mar\u00eda, que acaba de depositar a Jes\u00fas en el pesebre.<\/p>\n<p>Imagen &#8211; explica el Pont\u00edfice &#8211; que demuestra que \u201cNuestra Se\u00f1ora no se reserva a su Hijo, sino que nos lo presenta; no lo estrecha s\u00f3lo en sus brazos, sino que lo deposita para invitarnos a mirarlo, a acogerlo y a adorarlo\u201d. Y, contin\u00faa, \u201cal colocarlo ante nuestros ojos, sin decir una palabra, nos da un mensaje estupendo: Dios est\u00e1 cerca, al alcance de la mano. No viene con el poder de quien quiere ser temido, sino con la fragilidad de quien pide ser amado; no juzga desde lo alto de un trono, sino que nos mira desde abajo como un hermano, m\u00e1s a\u00fan, como un hijo\u201d.<\/p>\n<p>A continuaci\u00f3n, siguen las palabras del Papa antes de la oraci\u00f3n mariana, ofrecidas por la <a href=\"https:\/\/www.vatican.va\/news_services\/press\/index_sp.htm\" target=\"_blank\" rel=\"noopener\">Oficina de Prensa de la Santa Sede:<\/a><\/p>\n<p>***<\/p>\n<h2><strong>Palabras del Santo Padre<\/strong><\/h2>\n<p><em>Queridos hermanos y hermanas, \u00a1buenos d\u00edas! \u00a1Feliz A\u00f1o Nuevo!<\/em><\/p>\n<p>Comenzamos el a\u00f1o nuevo encomend\u00e1ndolo a Mar\u00eda Madre de Dios. El Evangelio de la liturgia de hoy habla de ella, remiti\u00e9ndonos nuevamente al encanto del pesebre. Los pastores van sin demora hacia la gruta y \u00bfqu\u00e9 encuentran? Encuentran \u2013 dice el texto \u2013 \u201ca Mar\u00eda, a Jos\u00e9 y al ni\u00f1o acostado en el pesebre\u201d (<em>Lc<\/em>\u00a02, 16). Deteng\u00e1monos en esta escena e imaginemos a Mar\u00eda que, como mam\u00e1 tierna y cuidadosa, acaba de depositar a Jes\u00fas en el pesebre. En ese colocar suavemente podemos ver un don hecho a nosotros: la Virgen no tiene al Hijo para s\u00ed misma, sino que nos lo presenta; no lo estrecha s\u00f3lo en sus brazos, sino que lo deposita para invitarnos a mirarlo, a acogerlo y a adorarlo. He aqu\u00ed la maternidad de Mar\u00eda: el Hijo que ha nacido nos lo ofrece a todos nosotros. Siempre dando al Hijo, se\u00f1alando al Hijo, jam\u00e1s permaneciendo el Hijo como algo propio, no. Es as\u00ed durante toda la vida de Jes\u00fas.<\/p>\n<p>Y al colocarlo ante nuestros ojos, sin decir ninguna palabra, nos da un mensaje estupendo: Dios est\u00e1 cerca, a nuestro alcance. No viene con el poder de quien quiere ser temido, sino con la fragilidad de quien pide ser amado; no nos juzga desde lo alto de un trono, sino que nos mira desde abajo como a un hermano, m\u00e1s a\u00fan, como un hijo. Nace peque\u00f1o y necesitado para que nadie deba avergonzarse jam\u00e1s de s\u00ed mismo: precisamente cuando experimentamos nuestra debilidad y nuestra fragilidad, podemos sentir a Dios a\u00fan m\u00e1s cerca, porque se nos ha presentado as\u00ed, d\u00e9bil y fr\u00e1gil. Es el Dios-ni\u00f1o que nace para no excluir a nadie. Para hacer que nos convirtamos todos en hermanos y hermanas.<\/p>\n<p>As\u00ed pues: el nuevo a\u00f1o comienza con Dios que, en los brazos de su Madre y acostado en un pesebre, nos anima con ternura. Tenemos necesidad de este aliciente. Vivimos a\u00fan tiempos inciertos y dif\u00edciles a causa de la pandemia. Son muchos los que est\u00e1n atemorizados por el futuro y agobiados por las situaciones sociales, los problemas personales, los peligros que provienen de la crisis ecol\u00f3gica, de las injusticias y de los desequilibrios econ\u00f3micos planetarios. Mirando a Mar\u00eda con su Hijo en brazos, pienso en las j\u00f3venes madres y en sus hijos que huyen de las guerras y de las carest\u00edas o que esperan en los campos de refugiados. Son muchos. Y contemplando a Mar\u00eda que coloca a Jes\u00fas en el pesebre, poni\u00e9ndolo a disposici\u00f3n de todos, recordamos que el mundo cambia y la vida de todos mejora s\u00f3lo si nos ponemos a disposici\u00f3n de los dem\u00e1s, sin esperar que sean ellos los que comiencen a hacerlo. Si nos convertimos en artesanos de la fraternidad, podremos tejer los hilos de un mundo lacerado por guerras y violencias.<\/p>\n<p>Hoy se celebra el D\u00eda Mundial de la Paz. La paz \u201ces tanto un don de lo alto como el fruto de un compromiso compartido\u201d (<em><a href=\"https:\/\/www.vatican.va\/content\/francesco\/es\/messages\/peace\/documents\/20211208-messaggio-55giornatamondiale-pace2022.html\">Mensaje para la LV Jornada Mundial de la Paz<\/a>, 1<\/em>).\u00a0<em>Don<\/em>\u00a0de lo alto: debe ser implorada por Jes\u00fas, porque solos no somos capaces de custodiarla. S\u00f3lo podemos construir verdaderamente la paz si la tenemos en nuestro coraz\u00f3n, s\u00f3lo si la recibimos del Pr\u00edncipe de la paz. Pero la paz es tambi\u00e9n nuestro\u00a0<em>compromiso<\/em>: nos pide dar el primer paso, nos pide gestos concretos. Se construye con la atenci\u00f3n a los \u00faltimos, con la promoci\u00f3n de la justicia, con el valor del perd\u00f3n, que apaga el fuego del odio. Y tambi\u00e9n necesita una mirada positiva: que siempre se mire \u2013 en la Iglesia como en la sociedad \u2013 no el mal que nos divide, sino \u00a1el bien que puede unirnos! No sirve abatirse y quejarse, sino arremangarse para construir la paz. Que la Madre de Dios, Reina de la paz, al comienzo de este a\u00f1o obtenga la concordia para nuestros corazones y para el mundo entero.<\/p>\n","protected":false},"excerpt":{"rendered":"<p>Palabras antes del \u00c1ngelus<\/p>\n","protected":false},"author":92,"featured_media":47823,"comment_status":"closed","ping_status":"closed","sticky":false,"template":"","format":"standard","meta":{"_acf_changed":false,"_crdt_document":"","inline_featured_image":false,"footnotes":""},"categories":[70],"tags":[5415],"class_list":["post-47819","post","type-post","status-publish","format-standard","has-post-thumbnail","hentry","category-angelus-es","tag-angelus-1-enero-2022"],"acf":[],"yoast_head":"<!-- This site is optimized with the Yoast SEO plugin v27.4 - https:\/\/yoast.com\/product\/yoast-seo-wordpress\/ -->\n<title>Mar\u00eda invita a mirar, acoger y adorar a Jes\u00fas &#8211; Exaudi<\/title>\n<meta name=\"description\" content=\"En el \u00c1ngelus de este s\u00e1bado, 1 de enero de 2022, el Papa se detiene en el Evangelio: Mar\u00eda, que acaba de depositar a Jes\u00fas en el pesebre.\" \/>\n<meta name=\"robots\" content=\"index, follow, max-snippet:-1, max-image-preview:large, max-video-preview:-1\" \/>\n<link rel=\"canonical\" href=\"https:\/\/exaudi.org\/es\/maria-acuesta-a-jesus-en-el-pesebre-mirarlo-acogerlo-adorarlo\/\" \/>\n<meta property=\"og:locale\" content=\"es_ES\" \/>\n<meta property=\"og:type\" content=\"article\" \/>\n<meta property=\"og:title\" content=\"Mar\u00eda invita a mirar, acoger y adorar a Jes\u00fas &#8211; Exaudi\" \/>\n<meta property=\"og:description\" content=\"En el \u00c1ngelus de este s\u00e1bado, 1 de enero de 2022, el Papa se detiene en el Evangelio: Mar\u00eda, que acaba de depositar a Jes\u00fas en el pesebre.\" \/>\n<meta property=\"og:url\" content=\"https:\/\/exaudi.org\/es\/maria-acuesta-a-jesus-en-el-pesebre-mirarlo-acogerlo-adorarlo\/\" \/>\n<meta property=\"og:site_name\" content=\"Exaudi\" \/>\n<meta property=\"article:publisher\" content=\"https:\/\/www.facebook.com\/ExaudiNews\" \/>\n<meta property=\"article:published_time\" content=\"2022-01-01T13:12:29+00:00\" \/>\n<meta property=\"article:modified_time\" content=\"2022-01-04T09:11:09+00:00\" \/>\n<meta property=\"og:image\" content=\"https:\/\/exaudi.org\/wp-content\/uploads\/2022\/01\/Angelus-1-enero-2022-1.jpeg\" \/>\n\t<meta property=\"og:image:width\" content=\"1200\" \/>\n\t<meta property=\"og:image:height\" content=\"800\" \/>\n\t<meta property=\"og:image:type\" content=\"image\/jpeg\" \/>\n<meta name=\"author\" content=\"Federico Cenci\" \/>\n<meta name=\"twitter:card\" content=\"summary_large_image\" \/>\n<meta name=\"twitter:creator\" content=\"@Exaudi_News\" \/>\n<meta name=\"twitter:site\" content=\"@Exaudi_News\" \/>\n<meta name=\"twitter:label1\" content=\"Escrito por\" \/>\n\t<meta name=\"twitter:data1\" content=\"Federico Cenci\" \/>\n\t<meta name=\"twitter:label2\" content=\"Tiempo de lectura\" \/>\n\t<meta name=\"twitter:data2\" content=\"4 minutos\" \/>\n<script type=\"application\/ld+json\" class=\"yoast-schema-graph\">{\"@context\":\"https:\\\/\\\/schema.org\",\"@graph\":[{\"@type\":\"Article\",\"@id\":\"https:\\\/\\\/exaudi.org\\\/es\\\/maria-acuesta-a-jesus-en-el-pesebre-mirarlo-acogerlo-adorarlo\\\/#article\",\"isPartOf\":{\"@id\":\"https:\\\/\\\/exaudi.org\\\/es\\\/maria-acuesta-a-jesus-en-el-pesebre-mirarlo-acogerlo-adorarlo\\\/\"},\"author\":{\"name\":\"Federico Cenci\",\"@id\":\"https:\\\/\\\/exaudi.org\\\/#\\\/schema\\\/person\\\/9dff50a782978e4538a59610667e2b74\"},\"headline\":\"Mar\u00eda invita a mirar, acoger y adorar a Jes\u00fas\",\"datePublished\":\"2022-01-01T13:12:29+00:00\",\"dateModified\":\"2022-01-04T09:11:09+00:00\",\"mainEntityOfPage\":{\"@id\":\"https:\\\/\\\/exaudi.org\\\/es\\\/maria-acuesta-a-jesus-en-el-pesebre-mirarlo-acogerlo-adorarlo\\\/\"},\"wordCount\":893,\"image\":{\"@id\":\"https:\\\/\\\/exaudi.org\\\/es\\\/maria-acuesta-a-jesus-en-el-pesebre-mirarlo-acogerlo-adorarlo\\\/#primaryimage\"},\"thumbnailUrl\":\"https:\\\/\\\/exaudi.org\\\/wp-content\\\/uploads\\\/2022\\\/01\\\/Angelus-1-enero-2022-1.jpeg\",\"keywords\":[\"\u00c1ngelus 1 enero 2022\"],\"articleSection\":[\"\u00c1ngelus\"],\"inLanguage\":\"es\"},{\"@type\":\"WebPage\",\"@id\":\"https:\\\/\\\/exaudi.org\\\/es\\\/maria-acuesta-a-jesus-en-el-pesebre-mirarlo-acogerlo-adorarlo\\\/\",\"url\":\"https:\\\/\\\/exaudi.org\\\/es\\\/maria-acuesta-a-jesus-en-el-pesebre-mirarlo-acogerlo-adorarlo\\\/\",\"name\":\"Mar\u00eda invita a mirar, acoger y adorar a Jes\u00fas &#8211; Exaudi\",\"isPartOf\":{\"@id\":\"https:\\\/\\\/exaudi.org\\\/#website\"},\"primaryImageOfPage\":{\"@id\":\"https:\\\/\\\/exaudi.org\\\/es\\\/maria-acuesta-a-jesus-en-el-pesebre-mirarlo-acogerlo-adorarlo\\\/#primaryimage\"},\"image\":{\"@id\":\"https:\\\/\\\/exaudi.org\\\/es\\\/maria-acuesta-a-jesus-en-el-pesebre-mirarlo-acogerlo-adorarlo\\\/#primaryimage\"},\"thumbnailUrl\":\"https:\\\/\\\/exaudi.org\\\/wp-content\\\/uploads\\\/2022\\\/01\\\/Angelus-1-enero-2022-1.jpeg\",\"datePublished\":\"2022-01-01T13:12:29+00:00\",\"dateModified\":\"2022-01-04T09:11:09+00:00\",\"author\":{\"@id\":\"https:\\\/\\\/exaudi.org\\\/#\\\/schema\\\/person\\\/9dff50a782978e4538a59610667e2b74\"},\"description\":\"En el \u00c1ngelus de este s\u00e1bado, 1 de enero de 2022, el Papa se detiene en el Evangelio: Mar\u00eda, que acaba de depositar a Jes\u00fas en el pesebre.\",\"breadcrumb\":{\"@id\":\"https:\\\/\\\/exaudi.org\\\/es\\\/maria-acuesta-a-jesus-en-el-pesebre-mirarlo-acogerlo-adorarlo\\\/#breadcrumb\"},\"inLanguage\":\"es\",\"potentialAction\":[{\"@type\":\"ReadAction\",\"target\":[\"https:\\\/\\\/exaudi.org\\\/es\\\/maria-acuesta-a-jesus-en-el-pesebre-mirarlo-acogerlo-adorarlo\\\/\"]}]},{\"@type\":\"ImageObject\",\"inLanguage\":\"es\",\"@id\":\"https:\\\/\\\/exaudi.org\\\/es\\\/maria-acuesta-a-jesus-en-el-pesebre-mirarlo-acogerlo-adorarlo\\\/#primaryimage\",\"url\":\"https:\\\/\\\/exaudi.org\\\/wp-content\\\/uploads\\\/2022\\\/01\\\/Angelus-1-enero-2022-1.jpeg\",\"contentUrl\":\"https:\\\/\\\/exaudi.org\\\/wp-content\\\/uploads\\\/2022\\\/01\\\/Angelus-1-enero-2022-1.jpeg\",\"width\":1200,\"height\":800,\"caption\":\"\u00c1ngelus 1 enero 2022 \u00a9 Vatican Media\"},{\"@type\":\"BreadcrumbList\",\"@id\":\"https:\\\/\\\/exaudi.org\\\/es\\\/maria-acuesta-a-jesus-en-el-pesebre-mirarlo-acogerlo-adorarlo\\\/#breadcrumb\",\"itemListElement\":[{\"@type\":\"ListItem\",\"position\":1,\"name\":\"Portada\",\"item\":\"https:\\\/\\\/exaudi.org\\\/es\\\/\"},{\"@type\":\"ListItem\",\"position\":2,\"name\":\"Mar\u00eda invita a mirar, acoger y adorar a Jes\u00fas\"}]},{\"@type\":\"WebSite\",\"@id\":\"https:\\\/\\\/exaudi.org\\\/#website\",\"url\":\"https:\\\/\\\/exaudi.org\\\/\",\"name\":\"Exaudi\",\"description\":\"News\",\"potentialAction\":[{\"@type\":\"SearchAction\",\"target\":{\"@type\":\"EntryPoint\",\"urlTemplate\":\"https:\\\/\\\/exaudi.org\\\/?s={search_term_string}\"},\"query-input\":{\"@type\":\"PropertyValueSpecification\",\"valueRequired\":true,\"valueName\":\"search_term_string\"}}],\"inLanguage\":\"es\"},{\"@type\":\"Person\",\"@id\":\"https:\\\/\\\/exaudi.org\\\/#\\\/schema\\\/person\\\/9dff50a782978e4538a59610667e2b74\",\"name\":\"Federico Cenci\",\"image\":{\"@type\":\"ImageObject\",\"inLanguage\":\"es\",\"@id\":\"https:\\\/\\\/secure.gravatar.com\\\/avatar\\\/535f77b8447d05f39d4ca941654f7a7b7d712f3d72f0b4b185747785f5a8e745?s=96&d=mm&r=g\",\"url\":\"https:\\\/\\\/secure.gravatar.com\\\/avatar\\\/535f77b8447d05f39d4ca941654f7a7b7d712f3d72f0b4b185747785f5a8e745?s=96&d=mm&r=g\",\"contentUrl\":\"https:\\\/\\\/secure.gravatar.com\\\/avatar\\\/535f77b8447d05f39d4ca941654f7a7b7d712f3d72f0b4b185747785f5a8e745?s=96&d=mm&r=g\",\"caption\":\"Federico Cenci\"},\"url\":\"https:\\\/\\\/exaudi.org\\\/es\\\/author\\\/fcenci\\\/\"}]}<\/script>\n<!-- \/ Yoast SEO plugin. -->","yoast_head_json":{"title":"Mar\u00eda invita a mirar, acoger y adorar a Jes\u00fas &#8211; Exaudi","description":"En el \u00c1ngelus de este s\u00e1bado, 1 de enero de 2022, el Papa se detiene en el Evangelio: Mar\u00eda, que acaba de depositar a Jes\u00fas en el pesebre.","robots":{"index":"index","follow":"follow","max-snippet":"max-snippet:-1","max-image-preview":"max-image-preview:large","max-video-preview":"max-video-preview:-1"},"canonical":"https:\/\/exaudi.org\/es\/maria-acuesta-a-jesus-en-el-pesebre-mirarlo-acogerlo-adorarlo\/","og_locale":"es_ES","og_type":"article","og_title":"Mar\u00eda invita a mirar, acoger y adorar a Jes\u00fas &#8211; Exaudi","og_description":"En el \u00c1ngelus de este s\u00e1bado, 1 de enero de 2022, el Papa se detiene en el Evangelio: Mar\u00eda, que acaba de depositar a Jes\u00fas en el pesebre.","og_url":"https:\/\/exaudi.org\/es\/maria-acuesta-a-jesus-en-el-pesebre-mirarlo-acogerlo-adorarlo\/","og_site_name":"Exaudi","article_publisher":"https:\/\/www.facebook.com\/ExaudiNews","article_published_time":"2022-01-01T13:12:29+00:00","article_modified_time":"2022-01-04T09:11:09+00:00","og_image":[{"width":1200,"height":800,"url":"https:\/\/exaudi.org\/wp-content\/uploads\/2022\/01\/Angelus-1-enero-2022-1.jpeg","type":"image\/jpeg"}],"author":"Federico Cenci","twitter_card":"summary_large_image","twitter_creator":"@Exaudi_News","twitter_site":"@Exaudi_News","twitter_misc":{"Escrito por":"Federico Cenci","Tiempo de lectura":"4 minutos"},"schema":{"@context":"https:\/\/schema.org","@graph":[{"@type":"Article","@id":"https:\/\/exaudi.org\/es\/maria-acuesta-a-jesus-en-el-pesebre-mirarlo-acogerlo-adorarlo\/#article","isPartOf":{"@id":"https:\/\/exaudi.org\/es\/maria-acuesta-a-jesus-en-el-pesebre-mirarlo-acogerlo-adorarlo\/"},"author":{"name":"Federico Cenci","@id":"https:\/\/exaudi.org\/#\/schema\/person\/9dff50a782978e4538a59610667e2b74"},"headline":"Mar\u00eda invita a mirar, acoger y adorar a Jes\u00fas","datePublished":"2022-01-01T13:12:29+00:00","dateModified":"2022-01-04T09:11:09+00:00","mainEntityOfPage":{"@id":"https:\/\/exaudi.org\/es\/maria-acuesta-a-jesus-en-el-pesebre-mirarlo-acogerlo-adorarlo\/"},"wordCount":893,"image":{"@id":"https:\/\/exaudi.org\/es\/maria-acuesta-a-jesus-en-el-pesebre-mirarlo-acogerlo-adorarlo\/#primaryimage"},"thumbnailUrl":"https:\/\/exaudi.org\/wp-content\/uploads\/2022\/01\/Angelus-1-enero-2022-1.jpeg","keywords":["\u00c1ngelus 1 enero 2022"],"articleSection":["\u00c1ngelus"],"inLanguage":"es"},{"@type":"WebPage","@id":"https:\/\/exaudi.org\/es\/maria-acuesta-a-jesus-en-el-pesebre-mirarlo-acogerlo-adorarlo\/","url":"https:\/\/exaudi.org\/es\/maria-acuesta-a-jesus-en-el-pesebre-mirarlo-acogerlo-adorarlo\/","name":"Mar\u00eda invita a mirar, acoger y adorar a Jes\u00fas &#8211; Exaudi","isPartOf":{"@id":"https:\/\/exaudi.org\/#website"},"primaryImageOfPage":{"@id":"https:\/\/exaudi.org\/es\/maria-acuesta-a-jesus-en-el-pesebre-mirarlo-acogerlo-adorarlo\/#primaryimage"},"image":{"@id":"https:\/\/exaudi.org\/es\/maria-acuesta-a-jesus-en-el-pesebre-mirarlo-acogerlo-adorarlo\/#primaryimage"},"thumbnailUrl":"https:\/\/exaudi.org\/wp-content\/uploads\/2022\/01\/Angelus-1-enero-2022-1.jpeg","datePublished":"2022-01-01T13:12:29+00:00","dateModified":"2022-01-04T09:11:09+00:00","author":{"@id":"https:\/\/exaudi.org\/#\/schema\/person\/9dff50a782978e4538a59610667e2b74"},"description":"En el \u00c1ngelus de este s\u00e1bado, 1 de enero de 2022, el Papa se detiene en el Evangelio: Mar\u00eda, que acaba de depositar a Jes\u00fas en el pesebre.","breadcrumb":{"@id":"https:\/\/exaudi.org\/es\/maria-acuesta-a-jesus-en-el-pesebre-mirarlo-acogerlo-adorarlo\/#breadcrumb"},"inLanguage":"es","potentialAction":[{"@type":"ReadAction","target":["https:\/\/exaudi.org\/es\/maria-acuesta-a-jesus-en-el-pesebre-mirarlo-acogerlo-adorarlo\/"]}]},{"@type":"ImageObject","inLanguage":"es","@id":"https:\/\/exaudi.org\/es\/maria-acuesta-a-jesus-en-el-pesebre-mirarlo-acogerlo-adorarlo\/#primaryimage","url":"https:\/\/exaudi.org\/wp-content\/uploads\/2022\/01\/Angelus-1-enero-2022-1.jpeg","contentUrl":"https:\/\/exaudi.org\/wp-content\/uploads\/2022\/01\/Angelus-1-enero-2022-1.jpeg","width":1200,"height":800,"caption":"\u00c1ngelus 1 enero 2022 \u00a9 Vatican Media"},{"@type":"BreadcrumbList","@id":"https:\/\/exaudi.org\/es\/maria-acuesta-a-jesus-en-el-pesebre-mirarlo-acogerlo-adorarlo\/#breadcrumb","itemListElement":[{"@type":"ListItem","position":1,"name":"Portada","item":"https:\/\/exaudi.org\/es\/"},{"@type":"ListItem","position":2,"name":"Mar\u00eda invita a mirar, acoger y adorar a Jes\u00fas"}]},{"@type":"WebSite","@id":"https:\/\/exaudi.org\/#website","url":"https:\/\/exaudi.org\/","name":"Exaudi","description":"News","potentialAction":[{"@type":"SearchAction","target":{"@type":"EntryPoint","urlTemplate":"https:\/\/exaudi.org\/?s={search_term_string}"},"query-input":{"@type":"PropertyValueSpecification","valueRequired":true,"valueName":"search_term_string"}}],"inLanguage":"es"},{"@type":"Person","@id":"https:\/\/exaudi.org\/#\/schema\/person\/9dff50a782978e4538a59610667e2b74","name":"Federico Cenci","image":{"@type":"ImageObject","inLanguage":"es","@id":"https:\/\/secure.gravatar.com\/avatar\/535f77b8447d05f39d4ca941654f7a7b7d712f3d72f0b4b185747785f5a8e745?s=96&d=mm&r=g","url":"https:\/\/secure.gravatar.com\/avatar\/535f77b8447d05f39d4ca941654f7a7b7d712f3d72f0b4b185747785f5a8e745?s=96&d=mm&r=g","contentUrl":"https:\/\/secure.gravatar.com\/avatar\/535f77b8447d05f39d4ca941654f7a7b7d712f3d72f0b4b185747785f5a8e745?s=96&d=mm&r=g","caption":"Federico Cenci"},"url":"https:\/\/exaudi.org\/es\/author\/fcenci\/"}]}},"jetpack_featured_media_url":"https:\/\/exaudi.org\/wp-content\/uploads\/2022\/01\/Angelus-1-enero-2022-1.jpeg","jetpack_shortlink":"https:\/\/wp.me\/pgKjF2-crh","_links":{"self":[{"href":"https:\/\/exaudi.org\/es\/wp-json\/wp\/v2\/posts\/47819","targetHints":{"allow":["GET"]}}],"collection":[{"href":"https:\/\/exaudi.org\/es\/wp-json\/wp\/v2\/posts"}],"about":[{"href":"https:\/\/exaudi.org\/es\/wp-json\/wp\/v2\/types\/post"}],"author":[{"embeddable":true,"href":"https:\/\/exaudi.org\/es\/wp-json\/wp\/v2\/users\/92"}],"replies":[{"embeddable":true,"href":"https:\/\/exaudi.org\/es\/wp-json\/wp\/v2\/comments?post=47819"}],"version-history":[{"count":0,"href":"https:\/\/exaudi.org\/es\/wp-json\/wp\/v2\/posts\/47819\/revisions"}],"wp:featuredmedia":[{"embeddable":true,"href":"https:\/\/exaudi.org\/es\/wp-json\/wp\/v2\/media\/47823"}],"wp:attachment":[{"href":"https:\/\/exaudi.org\/es\/wp-json\/wp\/v2\/media?parent=47819"}],"wp:term":[{"taxonomy":"category","embeddable":true,"href":"https:\/\/exaudi.org\/es\/wp-json\/wp\/v2\/categories?post=47819"},{"taxonomy":"post_tag","embeddable":true,"href":"https:\/\/exaudi.org\/es\/wp-json\/wp\/v2\/tags?post=47819"}],"curies":[{"name":"wp","href":"https:\/\/api.w.org\/{rel}","templated":true}]}}