{"id":47575,"date":"2021-12-29T16:44:17","date_gmt":"2021-12-29T15:44:17","guid":{"rendered":"https:\/\/exaudi.org\/?p=47575"},"modified":"2021-12-30T14:27:50","modified_gmt":"2021-12-30T13:27:50","slug":"vaticano-instalado-codigo-qr-en-el-monumento-a-los-migrantes","status":"publish","type":"post","link":"https:\/\/exaudi.org\/es\/vaticano-instalado-codigo-qr-en-el-monumento-a-los-migrantes\/","title":{"rendered":"Vaticano: Instalado c\u00f3digo QR en el monumento a los migrantes"},"content":{"rendered":"<p><em>Angels Unawares<\/em> es el monumento dedicado a los migrantes, obra del artista canadiense Timothy P. Schmalz. Al monumento se le ha instalado un c\u00f3digo QR para que los visitantes puedan conocer mejor la realidad de los <a href=\"https:\/\/exaudi.org\/es\/papa-dolor-sufrimento-miugrantes\/\" target=\"_blank\" rel=\"noopener\">migrantes y refugiados<\/a> a trav\u00e9s de las ense\u00f1anzas del Papa Francisco. As\u00ed ha informado en una nota la secci\u00f3n de migrantes y refugiados del Vaticano.<\/p>\n<p>De acuerdo a la nota, la escultura <em>Angels Unawares<\/em> fue inaugurada por Su Santidad en septiembre de 2019, cuando se celebr\u00f3 la 105\u00aa Jornada Mundial del Emigrante y del Refugiado. Desde entonces, esta gran obra de arte ha sido vista por millones de personas que visitan la Plaza de San Pedro cada a\u00f1o. Ahora se ha a\u00f1adido una peque\u00f1a placa con un c\u00f3digo QR que dirige a los visitantes a un contenido digital que explica la representaci\u00f3n art\u00edstica.<\/p>\n<p>Se puede acceder a la p\u00e1gina web de <a href=\"https:\/\/angelsunawares.org\/es\/\" target=\"_blank\" rel=\"noopener\"><em>Angels Unawares<\/em><\/a>, disponible en seis idiomas (ingl\u00e9s, espa\u00f1ol, franc\u00e9s, portugu\u00e9s y alem\u00e1n), escaneando el QR con un tel\u00e9fono m\u00f3vil. Los visitantes de la escultura podr\u00e1n conocer m\u00e1s sobre el artista, la obra y su historia. Al mismo tiempo, a trav\u00e9s de las ense\u00f1anzas del Pont\u00edfice , podr\u00e1n apreciar la realidad de los migrantes y refugiados.<\/p>\n<p>\u201cHemos decidido incorporar la informaci\u00f3n cultural y las ense\u00f1anzas de la Iglesia de los \u00faltimos a\u00f1os para ayudar a que todos los turistas y visitantes del Vaticano se conviertan tambi\u00e9n en peregrinos\u201d, afirma el cardenal Michael Czerny, subsecretario de la Secci\u00f3n de Migrantes y Refugiados. Con este nuevo c\u00f3digo QR se pretende ayudar a apreciar la escultura y pasar a una lectura m\u00e1s profunda, ayudando a concienciar sobre la realidad de la movilidad humana a lo largo de los tiempos que se expresa art\u00edsticamente.<\/p>\n<p>En la nota tambi\u00e9n se informa que la obra del artista canadiense Timothy P. Schmalz representa una multitud muy diversa de personas, desde la Sagrada Familia hasta las v\u00edctimas de la esclavitud moderna. Del centro surgen un par de alas de \u00e1ngel, que ilustran la presencia de lo sagrado. La escultura se inspira en un pasaje b\u00edblico: \u201cNo os olvid\u00e9is de hospedar a los extra\u00f1os, porque as\u00ed algunos han hospedado a los \u00e1ngeles sin saberlo\u201d (Hebreos 13:2 en la traducci\u00f3n de la Reina Valera).<\/p>\n<p>Cabe resaltar que la situaci\u00f3n de las personas vulnerables que se desplazan es una gran preocupaci\u00f3n para el Santo Padre. \u201cLos fieles cat\u00f3licos est\u00e1n llamados a trabajar juntos, cada uno en medio de su propia comunidad, para que la Iglesia sea cada vez m\u00e1s inclusiva\u201d, record\u00f3 en la Jornada Mundial del Emigrante y del Refugiado de 2021. En su reciente viaje apost\u00f3lico a Chipre y Grecia, Francisco exhort\u00f3: \u201cNuestra pecaminosidad nos lleva a pensar: &#8216;\u00a1Esos pobres, esos pobres!&#8217;, y con esas palabras, &#8216;pobres&#8217;, lo borramos todo. Esta es la guerra de hoy: el sufrimiento de nuestros hermanos y hermanas, que no podemos pasar en silencio (&#8230;) No podemos callar y mirar hacia otro lado en medio de esta cultura de la indiferencia.\u201d<\/p>\n<h2>Acerca de la Secci\u00f3n de Migrantes y Refugiados<\/h2>\n<p>La <a href=\"https:\/\/migrants-refugees.va\/\">Secci\u00f3n Migrantes y Refugiados<\/a> es una peque\u00f1a oficina pastoral de la Santa Sede, dirigida personalmente por el Papa Francisco, que trabaja para ayudar a la Iglesia en todo el mundo a acompa\u00f1ar a las personas vulnerables en movimiento, incluyendo a los desplazados forzosos por conflictos, desastres naturales, persecuci\u00f3n o pobreza extrema, refugiados y v\u00edctimas de la trata de personas.<\/p>\n<h2>Sobre el autor<\/h2>\n<p>Desde hace m\u00e1s de 25 a\u00f1os, el artista canadiense Timothy P. Schmalz esculpe piezas de bronce a gran escala, muchas de ellas ya instaladas en todo el mundo y algunas en iglesias hist\u00f3ricas de Roma. Una de las m\u00e1s queridas es \u201cJes\u00fas sin techo\u201d, que se encuentra en el Vaticano frente a su Oficina de Caridad Papal. Timothy busca crear obras de arte \u00e9picas que conecten con el espectador a trav\u00e9s del dise\u00f1o y el detalle, que conmuevan a nivel emocional y espiritual, y que adem\u00e1s permitan a todos sentirse de alguna manera parte de la obra.<\/p>\n","protected":false},"excerpt":{"rendered":"<p>La escultura Angels Unawares fue inaugurada por el Papa en septiembre de 2019<\/p>\n","protected":false},"author":81,"featured_media":47574,"comment_status":"closed","ping_status":"closed","sticky":false,"template":"","format":"standard","meta":{"_acf_changed":false,"_crdt_document":"","inline_featured_image":false,"footnotes":""},"categories":[132],"tags":[1964,158,272],"class_list":["post-47575","post","type-post","status-publish","format-standard","has-post-thumbnail","hentry","category-vaticano-es","tag-migrantes","tag-papa-francisco","tag-vaticano-es"],"acf":[],"yoast_head":"<!-- This site is optimized with the Yoast SEO plugin v27.4 - https:\/\/yoast.com\/product\/yoast-seo-wordpress\/ -->\n<title>Vaticano: Instalado c\u00f3digo QR en el monumento a los migrantes &#8211; Exaudi<\/title>\n<meta name=\"description\" content=\"Vaticano: Instalado c\u00f3digo QR en el monumento a los migrantes para que los visitantes conozcan mejor su realidad.\" \/>\n<meta name=\"robots\" content=\"index, follow, max-snippet:-1, max-image-preview:large, max-video-preview:-1\" \/>\n<link rel=\"canonical\" href=\"https:\/\/exaudi.org\/es\/vaticano-instalado-codigo-qr-en-el-monumento-a-los-migrantes\/\" \/>\n<meta property=\"og:locale\" content=\"es_ES\" \/>\n<meta property=\"og:type\" content=\"article\" \/>\n<meta property=\"og:title\" content=\"Vaticano: Instalado c\u00f3digo QR en el monumento a los migrantes &#8211; Exaudi\" \/>\n<meta property=\"og:description\" content=\"Vaticano: Instalado c\u00f3digo QR en el monumento a los migrantes para que los visitantes conozcan mejor su realidad.\" \/>\n<meta property=\"og:url\" content=\"https:\/\/exaudi.org\/es\/vaticano-instalado-codigo-qr-en-el-monumento-a-los-migrantes\/\" \/>\n<meta property=\"og:site_name\" content=\"Exaudi\" \/>\n<meta property=\"article:publisher\" content=\"https:\/\/www.facebook.com\/ExaudiNews\" \/>\n<meta property=\"article:published_time\" content=\"2021-12-29T15:44:17+00:00\" \/>\n<meta property=\"article:modified_time\" content=\"2021-12-30T13:27:50+00:00\" \/>\n<meta property=\"og:image\" content=\"https:\/\/exaudi.org\/wp-content\/uploads\/2021\/12\/cq5dam.thumbnail.cropped.1500.844-23.jpeg\" \/>\n\t<meta property=\"og:image:width\" content=\"1280\" \/>\n\t<meta property=\"og:image:height\" content=\"720\" \/>\n\t<meta property=\"og:image:type\" content=\"image\/jpeg\" \/>\n<meta name=\"author\" content=\"Alba Montalvo\" \/>\n<meta name=\"twitter:card\" content=\"summary_large_image\" \/>\n<meta name=\"twitter:creator\" content=\"@Exaudi_News\" \/>\n<meta name=\"twitter:site\" content=\"@Exaudi_News\" \/>\n<meta name=\"twitter:label1\" content=\"Escrito por\" \/>\n\t<meta name=\"twitter:data1\" content=\"Alba Montalvo\" \/>\n\t<meta name=\"twitter:label2\" content=\"Tiempo de lectura\" \/>\n\t<meta name=\"twitter:data2\" content=\"4 minutos\" \/>\n<script type=\"application\/ld+json\" class=\"yoast-schema-graph\">{\"@context\":\"https:\\\/\\\/schema.org\",\"@graph\":[{\"@type\":\"Article\",\"@id\":\"https:\\\/\\\/exaudi.org\\\/es\\\/vaticano-instalado-codigo-qr-en-el-monumento-a-los-migrantes\\\/#article\",\"isPartOf\":{\"@id\":\"https:\\\/\\\/exaudi.org\\\/es\\\/vaticano-instalado-codigo-qr-en-el-monumento-a-los-migrantes\\\/\"},\"author\":{\"name\":\"Alba Montalvo\",\"@id\":\"https:\\\/\\\/exaudi.org\\\/#\\\/schema\\\/person\\\/fc7b3cbb6f4d66ebcb53bf601d7b7eb1\"},\"headline\":\"Vaticano: Instalado c\u00f3digo QR en el monumento a los migrantes\",\"datePublished\":\"2021-12-29T15:44:17+00:00\",\"dateModified\":\"2021-12-30T13:27:50+00:00\",\"mainEntityOfPage\":{\"@id\":\"https:\\\/\\\/exaudi.org\\\/es\\\/vaticano-instalado-codigo-qr-en-el-monumento-a-los-migrantes\\\/\"},\"wordCount\":722,\"image\":{\"@id\":\"https:\\\/\\\/exaudi.org\\\/es\\\/vaticano-instalado-codigo-qr-en-el-monumento-a-los-migrantes\\\/#primaryimage\"},\"thumbnailUrl\":\"https:\\\/\\\/exaudi.org\\\/wp-content\\\/uploads\\\/2021\\\/12\\\/cq5dam.thumbnail.cropped.1500.844-23.jpeg\",\"keywords\":[\"Migrantes\",\"papa francisco\",\"Vaticano\"],\"articleSection\":[\"Vaticano\"],\"inLanguage\":\"es\"},{\"@type\":\"WebPage\",\"@id\":\"https:\\\/\\\/exaudi.org\\\/es\\\/vaticano-instalado-codigo-qr-en-el-monumento-a-los-migrantes\\\/\",\"url\":\"https:\\\/\\\/exaudi.org\\\/es\\\/vaticano-instalado-codigo-qr-en-el-monumento-a-los-migrantes\\\/\",\"name\":\"Vaticano: Instalado c\u00f3digo QR en el monumento a los migrantes &#8211; Exaudi\",\"isPartOf\":{\"@id\":\"https:\\\/\\\/exaudi.org\\\/#website\"},\"primaryImageOfPage\":{\"@id\":\"https:\\\/\\\/exaudi.org\\\/es\\\/vaticano-instalado-codigo-qr-en-el-monumento-a-los-migrantes\\\/#primaryimage\"},\"image\":{\"@id\":\"https:\\\/\\\/exaudi.org\\\/es\\\/vaticano-instalado-codigo-qr-en-el-monumento-a-los-migrantes\\\/#primaryimage\"},\"thumbnailUrl\":\"https:\\\/\\\/exaudi.org\\\/wp-content\\\/uploads\\\/2021\\\/12\\\/cq5dam.thumbnail.cropped.1500.844-23.jpeg\",\"datePublished\":\"2021-12-29T15:44:17+00:00\",\"dateModified\":\"2021-12-30T13:27:50+00:00\",\"author\":{\"@id\":\"https:\\\/\\\/exaudi.org\\\/#\\\/schema\\\/person\\\/fc7b3cbb6f4d66ebcb53bf601d7b7eb1\"},\"description\":\"Vaticano: Instalado c\u00f3digo QR en el monumento a los migrantes para que los visitantes conozcan mejor su realidad.\",\"breadcrumb\":{\"@id\":\"https:\\\/\\\/exaudi.org\\\/es\\\/vaticano-instalado-codigo-qr-en-el-monumento-a-los-migrantes\\\/#breadcrumb\"},\"inLanguage\":\"es\",\"potentialAction\":[{\"@type\":\"ReadAction\",\"target\":[\"https:\\\/\\\/exaudi.org\\\/es\\\/vaticano-instalado-codigo-qr-en-el-monumento-a-los-migrantes\\\/\"]}]},{\"@type\":\"ImageObject\",\"inLanguage\":\"es\",\"@id\":\"https:\\\/\\\/exaudi.org\\\/es\\\/vaticano-instalado-codigo-qr-en-el-monumento-a-los-migrantes\\\/#primaryimage\",\"url\":\"https:\\\/\\\/exaudi.org\\\/wp-content\\\/uploads\\\/2021\\\/12\\\/cq5dam.thumbnail.cropped.1500.844-23.jpeg\",\"contentUrl\":\"https:\\\/\\\/exaudi.org\\\/wp-content\\\/uploads\\\/2021\\\/12\\\/cq5dam.thumbnail.cropped.1500.844-23.jpeg\",\"width\":1280,\"height\":720,\"caption\":\"Angels Unwares, la escultura dedicada a los migrantes del artista canadiense Timothy P. Schmalz en la Plaza de San Pedro \u00a9 Vatican Media\"},{\"@type\":\"BreadcrumbList\",\"@id\":\"https:\\\/\\\/exaudi.org\\\/es\\\/vaticano-instalado-codigo-qr-en-el-monumento-a-los-migrantes\\\/#breadcrumb\",\"itemListElement\":[{\"@type\":\"ListItem\",\"position\":1,\"name\":\"Portada\",\"item\":\"https:\\\/\\\/exaudi.org\\\/es\\\/\"},{\"@type\":\"ListItem\",\"position\":2,\"name\":\"Vaticano: Instalado c\u00f3digo QR en el monumento a los migrantes\"}]},{\"@type\":\"WebSite\",\"@id\":\"https:\\\/\\\/exaudi.org\\\/#website\",\"url\":\"https:\\\/\\\/exaudi.org\\\/\",\"name\":\"Exaudi\",\"description\":\"News\",\"potentialAction\":[{\"@type\":\"SearchAction\",\"target\":{\"@type\":\"EntryPoint\",\"urlTemplate\":\"https:\\\/\\\/exaudi.org\\\/?s={search_term_string}\"},\"query-input\":{\"@type\":\"PropertyValueSpecification\",\"valueRequired\":true,\"valueName\":\"search_term_string\"}}],\"inLanguage\":\"es\"},{\"@type\":\"Person\",\"@id\":\"https:\\\/\\\/exaudi.org\\\/#\\\/schema\\\/person\\\/fc7b3cbb6f4d66ebcb53bf601d7b7eb1\",\"name\":\"Alba Montalvo\",\"image\":{\"@type\":\"ImageObject\",\"inLanguage\":\"es\",\"@id\":\"https:\\\/\\\/secure.gravatar.com\\\/avatar\\\/1e8c522219a5df52d143b7baf13997ffd4f1814ca862efe7af11a13849275021?s=96&d=mm&r=g\",\"url\":\"https:\\\/\\\/secure.gravatar.com\\\/avatar\\\/1e8c522219a5df52d143b7baf13997ffd4f1814ca862efe7af11a13849275021?s=96&d=mm&r=g\",\"contentUrl\":\"https:\\\/\\\/secure.gravatar.com\\\/avatar\\\/1e8c522219a5df52d143b7baf13997ffd4f1814ca862efe7af11a13849275021?s=96&d=mm&r=g\",\"caption\":\"Alba Montalvo\"},\"description\":\"Licenciada en Periodismo y M\u00e1ster en Periodismo Social. Mi trayectoria profesional ha estado siempre vinculada al \u00e1mbito de la comunicaci\u00f3n en el entorno digital. He trabajado como productora, gestora de contenidos estrat\u00e9gicos para redes y entrevistadora en la Fundaci\u00f3n Mater Mundi TV. Madrile\u00f1a de nacimiento, actualmente vivo en M\u00e1laga.\",\"url\":\"https:\\\/\\\/exaudi.org\\\/es\\\/author\\\/amontalvoexaudi-org\\\/\"}]}<\/script>\n<!-- \/ Yoast SEO plugin. -->","yoast_head_json":{"title":"Vaticano: Instalado c\u00f3digo QR en el monumento a los migrantes &#8211; Exaudi","description":"Vaticano: Instalado c\u00f3digo QR en el monumento a los migrantes para que los visitantes conozcan mejor su realidad.","robots":{"index":"index","follow":"follow","max-snippet":"max-snippet:-1","max-image-preview":"max-image-preview:large","max-video-preview":"max-video-preview:-1"},"canonical":"https:\/\/exaudi.org\/es\/vaticano-instalado-codigo-qr-en-el-monumento-a-los-migrantes\/","og_locale":"es_ES","og_type":"article","og_title":"Vaticano: Instalado c\u00f3digo QR en el monumento a los migrantes &#8211; Exaudi","og_description":"Vaticano: Instalado c\u00f3digo QR en el monumento a los migrantes para que los visitantes conozcan mejor su realidad.","og_url":"https:\/\/exaudi.org\/es\/vaticano-instalado-codigo-qr-en-el-monumento-a-los-migrantes\/","og_site_name":"Exaudi","article_publisher":"https:\/\/www.facebook.com\/ExaudiNews","article_published_time":"2021-12-29T15:44:17+00:00","article_modified_time":"2021-12-30T13:27:50+00:00","og_image":[{"width":1280,"height":720,"url":"https:\/\/exaudi.org\/wp-content\/uploads\/2021\/12\/cq5dam.thumbnail.cropped.1500.844-23.jpeg","type":"image\/jpeg"}],"author":"Alba Montalvo","twitter_card":"summary_large_image","twitter_creator":"@Exaudi_News","twitter_site":"@Exaudi_News","twitter_misc":{"Escrito por":"Alba Montalvo","Tiempo de lectura":"4 minutos"},"schema":{"@context":"https:\/\/schema.org","@graph":[{"@type":"Article","@id":"https:\/\/exaudi.org\/es\/vaticano-instalado-codigo-qr-en-el-monumento-a-los-migrantes\/#article","isPartOf":{"@id":"https:\/\/exaudi.org\/es\/vaticano-instalado-codigo-qr-en-el-monumento-a-los-migrantes\/"},"author":{"name":"Alba Montalvo","@id":"https:\/\/exaudi.org\/#\/schema\/person\/fc7b3cbb6f4d66ebcb53bf601d7b7eb1"},"headline":"Vaticano: Instalado c\u00f3digo QR en el monumento a los migrantes","datePublished":"2021-12-29T15:44:17+00:00","dateModified":"2021-12-30T13:27:50+00:00","mainEntityOfPage":{"@id":"https:\/\/exaudi.org\/es\/vaticano-instalado-codigo-qr-en-el-monumento-a-los-migrantes\/"},"wordCount":722,"image":{"@id":"https:\/\/exaudi.org\/es\/vaticano-instalado-codigo-qr-en-el-monumento-a-los-migrantes\/#primaryimage"},"thumbnailUrl":"https:\/\/exaudi.org\/wp-content\/uploads\/2021\/12\/cq5dam.thumbnail.cropped.1500.844-23.jpeg","keywords":["Migrantes","papa francisco","Vaticano"],"articleSection":["Vaticano"],"inLanguage":"es"},{"@type":"WebPage","@id":"https:\/\/exaudi.org\/es\/vaticano-instalado-codigo-qr-en-el-monumento-a-los-migrantes\/","url":"https:\/\/exaudi.org\/es\/vaticano-instalado-codigo-qr-en-el-monumento-a-los-migrantes\/","name":"Vaticano: Instalado c\u00f3digo QR en el monumento a los migrantes &#8211; Exaudi","isPartOf":{"@id":"https:\/\/exaudi.org\/#website"},"primaryImageOfPage":{"@id":"https:\/\/exaudi.org\/es\/vaticano-instalado-codigo-qr-en-el-monumento-a-los-migrantes\/#primaryimage"},"image":{"@id":"https:\/\/exaudi.org\/es\/vaticano-instalado-codigo-qr-en-el-monumento-a-los-migrantes\/#primaryimage"},"thumbnailUrl":"https:\/\/exaudi.org\/wp-content\/uploads\/2021\/12\/cq5dam.thumbnail.cropped.1500.844-23.jpeg","datePublished":"2021-12-29T15:44:17+00:00","dateModified":"2021-12-30T13:27:50+00:00","author":{"@id":"https:\/\/exaudi.org\/#\/schema\/person\/fc7b3cbb6f4d66ebcb53bf601d7b7eb1"},"description":"Vaticano: Instalado c\u00f3digo QR en el monumento a los migrantes para que los visitantes conozcan mejor su realidad.","breadcrumb":{"@id":"https:\/\/exaudi.org\/es\/vaticano-instalado-codigo-qr-en-el-monumento-a-los-migrantes\/#breadcrumb"},"inLanguage":"es","potentialAction":[{"@type":"ReadAction","target":["https:\/\/exaudi.org\/es\/vaticano-instalado-codigo-qr-en-el-monumento-a-los-migrantes\/"]}]},{"@type":"ImageObject","inLanguage":"es","@id":"https:\/\/exaudi.org\/es\/vaticano-instalado-codigo-qr-en-el-monumento-a-los-migrantes\/#primaryimage","url":"https:\/\/exaudi.org\/wp-content\/uploads\/2021\/12\/cq5dam.thumbnail.cropped.1500.844-23.jpeg","contentUrl":"https:\/\/exaudi.org\/wp-content\/uploads\/2021\/12\/cq5dam.thumbnail.cropped.1500.844-23.jpeg","width":1280,"height":720,"caption":"Angels Unwares, la escultura dedicada a los migrantes del artista canadiense Timothy P. Schmalz en la Plaza de San Pedro \u00a9 Vatican Media"},{"@type":"BreadcrumbList","@id":"https:\/\/exaudi.org\/es\/vaticano-instalado-codigo-qr-en-el-monumento-a-los-migrantes\/#breadcrumb","itemListElement":[{"@type":"ListItem","position":1,"name":"Portada","item":"https:\/\/exaudi.org\/es\/"},{"@type":"ListItem","position":2,"name":"Vaticano: Instalado c\u00f3digo QR en el monumento a los migrantes"}]},{"@type":"WebSite","@id":"https:\/\/exaudi.org\/#website","url":"https:\/\/exaudi.org\/","name":"Exaudi","description":"News","potentialAction":[{"@type":"SearchAction","target":{"@type":"EntryPoint","urlTemplate":"https:\/\/exaudi.org\/?s={search_term_string}"},"query-input":{"@type":"PropertyValueSpecification","valueRequired":true,"valueName":"search_term_string"}}],"inLanguage":"es"},{"@type":"Person","@id":"https:\/\/exaudi.org\/#\/schema\/person\/fc7b3cbb6f4d66ebcb53bf601d7b7eb1","name":"Alba Montalvo","image":{"@type":"ImageObject","inLanguage":"es","@id":"https:\/\/secure.gravatar.com\/avatar\/1e8c522219a5df52d143b7baf13997ffd4f1814ca862efe7af11a13849275021?s=96&d=mm&r=g","url":"https:\/\/secure.gravatar.com\/avatar\/1e8c522219a5df52d143b7baf13997ffd4f1814ca862efe7af11a13849275021?s=96&d=mm&r=g","contentUrl":"https:\/\/secure.gravatar.com\/avatar\/1e8c522219a5df52d143b7baf13997ffd4f1814ca862efe7af11a13849275021?s=96&d=mm&r=g","caption":"Alba Montalvo"},"description":"Licenciada en Periodismo y M\u00e1ster en Periodismo Social. Mi trayectoria profesional ha estado siempre vinculada al \u00e1mbito de la comunicaci\u00f3n en el entorno digital. He trabajado como productora, gestora de contenidos estrat\u00e9gicos para redes y entrevistadora en la Fundaci\u00f3n Mater Mundi TV. Madrile\u00f1a de nacimiento, actualmente vivo en M\u00e1laga.","url":"https:\/\/exaudi.org\/es\/author\/amontalvoexaudi-org\/"}]}},"jetpack_featured_media_url":"https:\/\/exaudi.org\/wp-content\/uploads\/2021\/12\/cq5dam.thumbnail.cropped.1500.844-23.jpeg","jetpack_shortlink":"https:\/\/wp.me\/pgKjF2-cnl","_links":{"self":[{"href":"https:\/\/exaudi.org\/es\/wp-json\/wp\/v2\/posts\/47575","targetHints":{"allow":["GET"]}}],"collection":[{"href":"https:\/\/exaudi.org\/es\/wp-json\/wp\/v2\/posts"}],"about":[{"href":"https:\/\/exaudi.org\/es\/wp-json\/wp\/v2\/types\/post"}],"author":[{"embeddable":true,"href":"https:\/\/exaudi.org\/es\/wp-json\/wp\/v2\/users\/81"}],"replies":[{"embeddable":true,"href":"https:\/\/exaudi.org\/es\/wp-json\/wp\/v2\/comments?post=47575"}],"version-history":[{"count":0,"href":"https:\/\/exaudi.org\/es\/wp-json\/wp\/v2\/posts\/47575\/revisions"}],"wp:featuredmedia":[{"embeddable":true,"href":"https:\/\/exaudi.org\/es\/wp-json\/wp\/v2\/media\/47574"}],"wp:attachment":[{"href":"https:\/\/exaudi.org\/es\/wp-json\/wp\/v2\/media?parent=47575"}],"wp:term":[{"taxonomy":"category","embeddable":true,"href":"https:\/\/exaudi.org\/es\/wp-json\/wp\/v2\/categories?post=47575"},{"taxonomy":"post_tag","embeddable":true,"href":"https:\/\/exaudi.org\/es\/wp-json\/wp\/v2\/tags?post=47575"}],"curies":[{"name":"wp","href":"https:\/\/api.w.org\/{rel}","templated":true}]}}