{"id":47509,"date":"2021-12-29T09:36:22","date_gmt":"2021-12-29T08:36:22","guid":{"rendered":"https:\/\/exaudi.org\/?p=47509"},"modified":"2021-12-29T09:55:09","modified_gmt":"2021-12-29T08:55:09","slug":"cardenal-arizmendi-otro-pais-en-fraternidad-y-paz","status":"publish","type":"post","link":"https:\/\/exaudi.org\/es\/cardenal-arizmendi-otro-pais-en-fraternidad-y-paz\/","title":{"rendered":"Cardenal Arizmendi: Otro pa\u00eds, en fraternidad y paz"},"content":{"rendered":"<p>El\u00a0<a href=\"https:\/\/exaudi.org\/es\/author\/felipearizmendi\/\" target=\"_blank\" rel=\"noopener\">cardenal\u00a0Felipe Arizmendi Esquivel<\/a>, obispo em\u00e9rito de San Crist\u00f3bal de Las Casas y responsable de la Doctrina de la Fe en la\u00a0<a href=\"https:\/\/www.cem.org.mx\/\" target=\"_blank\" rel=\"noopener\">Conferencia del Episcopado Mexicano<\/a> (CEM), ofrece a los lectores de Exaudi su art\u00edculo semanal titulado \u201cOtro pa\u00eds, en fraternidad y paz\u201d.<\/p>\n<p>***<\/p>\n<p><strong>VER<\/strong><\/p>\n<p>Nos llama la atenci\u00f3n y nos preocupa la gran cantidad de migrantes que huyen de la violencia y de la pobreza en sus pa\u00edses, y tratan de llegar a Estados Unidos; pero lo mismo sucede con paisanos nuestros, que igualmente escapan de las amenazas de muerte que reciben por parte de grupos armados, narcotraficantes o extorsionadores. Hay j\u00f3venes que, para no ser reclutados para fines ilegales y arbitrarios, dejan su pueblo natal y se esconden en otras ciudades o en El Norte. Nuestro gobierno federal no enfrenta con toda la fuerza institucional este problema, que no es privativo de algunos lugares, sino casi generalizado en el pa\u00eds. Se dice que \u201cprimero los pobres\u201d, pero \u00e9stos son quienes m\u00e1s est\u00e1n sufriendo los abusos de esos grupos, que van tomando m\u00e1s y m\u00e1s fuerza, pues no hay quien los contenga. Esa es la peor amenaza a la democracia. \u00a1Sin paz social, no es posible la vida!<\/p>\n<p>Nuestros pueblitos viv\u00edan en paz y tranquilidad. Hay pobrezas y carencias, pero se pod\u00eda trabajar y disfrutar sin tantas angustias. Hab\u00eda convivencia social y pac\u00edfica. Se hac\u00edan las fiestas sin sobresaltos. Ahora todo ha cambiado. Vivimos con desconfianza, porque en cualquier momento pueden llegar esos grupos antisociales a extorsionarte, a amenazarte, a secuestrarte y a exigirte cantidades de dinero para dejarte vivir y trabajar. Si te dejan trabajar, es para que peri\u00f3dicamente les entregues, en efectivo, la cantidad que ellos arbitrariamente te imponen. Se hace lo que ellos determinan y casi nada se puede mover sin su consentimiento. Viven del trabajo de los dem\u00e1s, incluso del trabajo de los pobres. Y como andan con armas largas, todos nos sentimos indefensos y desprotegidos. Muchos de nuestros parientes y paisanos que viven en las ciudades ya no quieren venir a su pueblo, ni siquiera para las fiestas. Las autoridades oficiales, que debieran protegernos, se defienden diciendo que nadie pone una denuncia para que ellos puedan proceder. Les hemos dicho que no esperen esas denuncias, pues nadie se atreve a hacerlas, ya que se expondr\u00edan a ser asesinados. Eso de \u201catacar las causas de la violencia y la migraci\u00f3n facilitando trabajo y estudio para los j\u00f3venes\u201d est\u00e1 muy bien, y ojal\u00e1 se siga haciendo, pero mientras nuestros pueblos viven en zozobra constante, y ni qui\u00e9n los defienda.<\/p>\n<p>Por lo contrario, \u00a1qu\u00e9 bonito es convivir en paz en la familia y en el pueblo! Aunque con las restricciones impuestas por la pandemia actual, disfrutamos mucho cuando nos reunimos para celebrar tanto Navidad y A\u00f1o Nuevo, como cumplea\u00f1os, aniversarios y otras fiestas. Cualquier motivo es bueno para estar juntos. Comentamos sobre esos grupos que alteran nuestra paz familiar y comunitaria, pero nos sentimos fuertes y animados estando juntos y unidos. \u00a1Nada se compara a vivir en paz y unidad! Es lo mejor que podemos desear y anhelar para nuestras familias y para todos los dem\u00e1s.<\/p>\n<p><strong>PENSAR<\/strong><\/p>\n<p>El Papa Francisco, en su enc\u00edclica <a href=\"https:\/\/www.vatican.va\/content\/francesco\/es\/encyclicals\/documents\/papa-francesco_20201003_enciclica-fratelli-tutti.html\" target=\"_blank\" rel=\"noopener\"><em>Fratelli tutti,<\/em><\/a> nos dice:<\/p>\n<p>\u201cEn el mundo actual los sentimientos de pertenencia a una misma humanidad se debilitan, y el sue\u00f1o de construir juntos la justicia y la paz parece una utop\u00eda de otras \u00e9pocas. Vemos c\u00f3mo impera una indiferencia c\u00f3moda, fr\u00eda y globalizada\u201d (30).<\/p>\n<p>\u201cNo tenemos que esperar todo de los que nos gobiernan; ser\u00eda infantil. Gozamos de un espacio de corresponsabilidad capaz de iniciar y generar nuevos procesos y transformaciones. Seamos parte activa en la rehabilitaci\u00f3n y el auxilio de las sociedades heridas. Hoy estamos ante la gran oportunidad de manifestar nuestra esencia fraterna, de ser otros buenos samaritanos que carguen sobre s\u00ed el dolor de los fracasos, en vez de acentuar odios y resentimientos. S\u00f3lo falta el deseo gratuito, puro y simple de querer ser pueblo, de ser constantes e incansables en la labor de incluir, de integrar, de levantar al ca\u00eddo. Que otros sigan pensando en la pol\u00edtica o en la econom\u00eda para sus juegos de poder. Alimentemos lo bueno y pong\u00e1monos al servicio del bien\u201d (77).<\/p>\n<p>\u201cEs posible comenzar de abajo y de a uno, pugnar por lo m\u00e1s concreto y local, hasta el \u00faltimo rinc\u00f3n de la patria y del mundo. Busquemos a otros y hag\u00e1monos cargo de la realidad que nos corresponde sin miedo al dolor o a la impotencia, porque all\u00ed est\u00e1 todo lo bueno que Dios ha sembrado en el coraz\u00f3n del ser humano.\u00a0Renunciemos a la mezquindad y al resentimiento de los internismos est\u00e9riles, de los enfrentamientos sin fin\u201d (78). \u201cEs posible aceptar el desaf\u00edo de so\u00f1ar y pensar en otra humanidad\u201d (127).<\/p>\n<p>\u201cLos creyentes pensamos que, sin una apertura al Padre de todos, no habr\u00e1 razones s\u00f3lidas y estables para el llamado a la fraternidad. Estamos convencidos de que s\u00f3lo con esta conciencia de hijos que no son hu\u00e9rfanos podemos vivir en paz entre nosotros\u201d (272). \u201cLos\u00a0l\u00edderes\u00a0religiosos estamos llamados a ser aut\u00e9nticos \u201cdialogantes\u201d, a trabajar en la construcci\u00f3n de la paz, como aut\u00e9nticos mediadores. Cada uno de nosotros est\u00e1 llamado a ser un artesano de la paz, uniendo y no dividiendo, extinguiendo el odio y no conserv\u00e1ndolo, abriendo las sendas del di\u00e1logo y no levantando nuevos muros\u201d (284).<\/p>\n<p><strong>\u00a0<\/strong><strong>ACTUAR<\/strong><\/p>\n<p>Los gobernantes tienen obligaci\u00f3n constitucional de proteger al pueblo de esos grupos armados que siembran miedo y terror por todas partes. Pero cada quien hagamos lo que podamos, empezando por conservar la paz en nuestra propia familia y nuestro pueblo, evitando violencias, ofensas y golpes. Si alguien puede hablar con una autoridad, h\u00e1gale sentir lo que sufren nuestros pueblos. Si podemos entrevistarnos con alg\u00fan l\u00edder de esos grupos, invit\u00e9mosle a la conversi\u00f3n. Y hagamos nuestra la oraci\u00f3n compuesta por el Papa Francisco, sobre todo con ocasi\u00f3n del nuevo a\u00f1o que est\u00e1 por iniciar, y que anhelamos sea de paz y fraternidad.<\/p>\n<p>Se\u00f1or y Padre de la humanidad,<br \/>\nque creaste a todos los seres humanos con la misma dignidad,<br \/>\ninfunde en nuestros corazones un esp\u00edritu fraternal.<br \/>\nInsp\u00edranos un sue\u00f1o de reencuentro, de di\u00e1logo, de justicia y de paz.<br \/>\nImp\u00falsanos a crear sociedades m\u00e1s sanas<br \/>\ny un mundo m\u00e1s digno,<br \/>\nsin hambre, sin pobreza, sin violencia, sin guerras.<\/p>\n<p>Que nuestro coraz\u00f3n se abra<br \/>\na todos los pueblos y naciones de la tierra,<br \/>\npara reconocer el bien y la belleza<br \/>\nque sembraste en cada uno,<br \/>\npara estrechar lazos de unidad, de proyectos comunes,<br \/>\nde esperanzas compartidas. Am\u00e9n.<\/p>\n<audio class=\"wp-audio-shortcode\" id=\"audio-47509-1\" preload=\"none\" style=\"width: 100%;\" controls=\"controls\"><source type=\"audio\/mpeg\" src=\"https:\/\/exaudi.org\/wp-content\/uploads\/2021\/12\/Arti\u0301culo-29-dic.mp3?_=1\" \/><a href=\"https:\/\/exaudi.org\/wp-content\/uploads\/2021\/12\/Arti\u0301culo-29-dic.mp3\">https:\/\/exaudi.org\/wp-content\/uploads\/2021\/12\/Arti\u0301culo-29-dic.mp3<\/a><\/audio>\n","protected":false},"excerpt":{"rendered":"<p>\u201cPrimero los pobres\u201d<\/p>\n","protected":false},"author":24,"featured_media":47511,"comment_status":"closed","ping_status":"closed","sticky":false,"template":"","format":"standard","meta":{"_acf_changed":false,"_crdt_document":"","inline_featured_image":false,"footnotes":""},"categories":[130],"tags":[1643,4953],"class_list":["post-47509","post","type-post","status-publish","format-standard","has-post-thumbnail","hentry","category-voces","tag-cardenal-arizmendi","tag-trending-es"],"acf":[],"yoast_head":"<!-- This site is optimized with the Yoast SEO plugin v27.5 - https:\/\/yoast.com\/product\/yoast-seo-wordpress\/ -->\n<title>Cardenal Arizmendi: Otro pa\u00eds, en fraternidad y paz &#8211; Exaudi<\/title>\n<meta name=\"description\" content=\"El\u00a0cardenal\u00a0Felipe Arizmendi Esquivel, ofrece su art\u00edculo semanal titulado \u201cOtro pa\u00eds, en fraternidad y paz\u201d.\" \/>\n<meta name=\"robots\" content=\"index, follow, max-snippet:-1, max-image-preview:large, max-video-preview:-1\" \/>\n<link rel=\"canonical\" href=\"https:\/\/exaudi.org\/es\/cardenal-arizmendi-otro-pais-en-fraternidad-y-paz\/\" \/>\n<meta property=\"og:locale\" content=\"es_ES\" \/>\n<meta property=\"og:type\" content=\"article\" \/>\n<meta property=\"og:title\" content=\"Cardenal Arizmendi: Otro pa\u00eds, en fraternidad y paz &#8211; Exaudi\" \/>\n<meta property=\"og:description\" content=\"El\u00a0cardenal\u00a0Felipe Arizmendi Esquivel, ofrece su art\u00edculo semanal titulado \u201cOtro pa\u00eds, en fraternidad y paz\u201d.\" \/>\n<meta property=\"og:url\" content=\"https:\/\/exaudi.org\/es\/cardenal-arizmendi-otro-pais-en-fraternidad-y-paz\/\" \/>\n<meta property=\"og:site_name\" content=\"Exaudi\" \/>\n<meta property=\"article:publisher\" content=\"https:\/\/www.facebook.com\/ExaudiNews\" \/>\n<meta property=\"article:published_time\" content=\"2021-12-29T08:36:22+00:00\" \/>\n<meta property=\"article:modified_time\" content=\"2021-12-29T08:55:09+00:00\" \/>\n<meta property=\"og:image\" content=\"https:\/\/exaudi.org\/wp-content\/uploads\/2021\/12\/Disen\u0303o-sin-ti\u0301tulo-84.jpg\" \/>\n\t<meta property=\"og:image:width\" content=\"1500\" \/>\n\t<meta property=\"og:image:height\" content=\"1000\" \/>\n\t<meta property=\"og:image:type\" content=\"image\/jpeg\" \/>\n<meta name=\"author\" content=\"Cardenal Felipe Arizmendi\" \/>\n<meta name=\"twitter:card\" content=\"summary_large_image\" \/>\n<meta name=\"twitter:creator\" content=\"@Exaudi_News\" \/>\n<meta name=\"twitter:site\" content=\"@Exaudi_News\" \/>\n<meta name=\"twitter:label1\" content=\"Escrito por\" \/>\n\t<meta name=\"twitter:data1\" content=\"Cardenal Felipe Arizmendi\" \/>\n\t<meta name=\"twitter:label2\" content=\"Tiempo de lectura\" \/>\n\t<meta name=\"twitter:data2\" content=\"5 minutos\" \/>\n<script type=\"application\/ld+json\" class=\"yoast-schema-graph\">{\"@context\":\"https:\\\/\\\/schema.org\",\"@graph\":[{\"@type\":\"Article\",\"@id\":\"https:\\\/\\\/exaudi.org\\\/es\\\/cardenal-arizmendi-otro-pais-en-fraternidad-y-paz\\\/#article\",\"isPartOf\":{\"@id\":\"https:\\\/\\\/exaudi.org\\\/es\\\/cardenal-arizmendi-otro-pais-en-fraternidad-y-paz\\\/\"},\"author\":{\"name\":\"Cardenal Felipe Arizmendi\",\"@id\":\"https:\\\/\\\/exaudi.org\\\/#\\\/schema\\\/person\\\/c7d223f87e58f1105d044d8da1439102\"},\"headline\":\"Cardenal Arizmendi: Otro pa\u00eds, en fraternidad y paz\",\"datePublished\":\"2021-12-29T08:36:22+00:00\",\"dateModified\":\"2021-12-29T08:55:09+00:00\",\"mainEntityOfPage\":{\"@id\":\"https:\\\/\\\/exaudi.org\\\/es\\\/cardenal-arizmendi-otro-pais-en-fraternidad-y-paz\\\/\"},\"wordCount\":1171,\"image\":{\"@id\":\"https:\\\/\\\/exaudi.org\\\/es\\\/cardenal-arizmendi-otro-pais-en-fraternidad-y-paz\\\/#primaryimage\"},\"thumbnailUrl\":\"https:\\\/\\\/exaudi.org\\\/wp-content\\\/uploads\\\/2021\\\/12\\\/Disen\u0303o-sin-ti\u0301tulo-84.jpg\",\"keywords\":[\"Cardenal Arizmendi\",\"Trending\"],\"articleSection\":[\"Voces\"],\"inLanguage\":\"es\"},{\"@type\":\"WebPage\",\"@id\":\"https:\\\/\\\/exaudi.org\\\/es\\\/cardenal-arizmendi-otro-pais-en-fraternidad-y-paz\\\/\",\"url\":\"https:\\\/\\\/exaudi.org\\\/es\\\/cardenal-arizmendi-otro-pais-en-fraternidad-y-paz\\\/\",\"name\":\"Cardenal Arizmendi: Otro pa\u00eds, en fraternidad y paz &#8211; Exaudi\",\"isPartOf\":{\"@id\":\"https:\\\/\\\/exaudi.org\\\/#website\"},\"primaryImageOfPage\":{\"@id\":\"https:\\\/\\\/exaudi.org\\\/es\\\/cardenal-arizmendi-otro-pais-en-fraternidad-y-paz\\\/#primaryimage\"},\"image\":{\"@id\":\"https:\\\/\\\/exaudi.org\\\/es\\\/cardenal-arizmendi-otro-pais-en-fraternidad-y-paz\\\/#primaryimage\"},\"thumbnailUrl\":\"https:\\\/\\\/exaudi.org\\\/wp-content\\\/uploads\\\/2021\\\/12\\\/Disen\u0303o-sin-ti\u0301tulo-84.jpg\",\"datePublished\":\"2021-12-29T08:36:22+00:00\",\"dateModified\":\"2021-12-29T08:55:09+00:00\",\"author\":{\"@id\":\"https:\\\/\\\/exaudi.org\\\/#\\\/schema\\\/person\\\/c7d223f87e58f1105d044d8da1439102\"},\"description\":\"El\u00a0cardenal\u00a0Felipe Arizmendi Esquivel, ofrece su art\u00edculo semanal titulado \u201cOtro pa\u00eds, en fraternidad y paz\u201d.\",\"breadcrumb\":{\"@id\":\"https:\\\/\\\/exaudi.org\\\/es\\\/cardenal-arizmendi-otro-pais-en-fraternidad-y-paz\\\/#breadcrumb\"},\"inLanguage\":\"es\",\"potentialAction\":[{\"@type\":\"ReadAction\",\"target\":[\"https:\\\/\\\/exaudi.org\\\/es\\\/cardenal-arizmendi-otro-pais-en-fraternidad-y-paz\\\/\"]}]},{\"@type\":\"ImageObject\",\"inLanguage\":\"es\",\"@id\":\"https:\\\/\\\/exaudi.org\\\/es\\\/cardenal-arizmendi-otro-pais-en-fraternidad-y-paz\\\/#primaryimage\",\"url\":\"https:\\\/\\\/exaudi.org\\\/wp-content\\\/uploads\\\/2021\\\/12\\\/Disen\u0303o-sin-ti\u0301tulo-84.jpg\",\"contentUrl\":\"https:\\\/\\\/exaudi.org\\\/wp-content\\\/uploads\\\/2021\\\/12\\\/Disen\u0303o-sin-ti\u0301tulo-84.jpg\",\"width\":1500,\"height\":1000,\"caption\":\"Huida de migrantes \u00a9 Canva\"},{\"@type\":\"BreadcrumbList\",\"@id\":\"https:\\\/\\\/exaudi.org\\\/es\\\/cardenal-arizmendi-otro-pais-en-fraternidad-y-paz\\\/#breadcrumb\",\"itemListElement\":[{\"@type\":\"ListItem\",\"position\":1,\"name\":\"Portada\",\"item\":\"https:\\\/\\\/exaudi.org\\\/es\\\/\"},{\"@type\":\"ListItem\",\"position\":2,\"name\":\"Cardenal Arizmendi: Otro pa\u00eds, en fraternidad y paz\"}]},{\"@type\":\"WebSite\",\"@id\":\"https:\\\/\\\/exaudi.org\\\/#website\",\"url\":\"https:\\\/\\\/exaudi.org\\\/\",\"name\":\"Exaudi\",\"description\":\"News\",\"potentialAction\":[{\"@type\":\"SearchAction\",\"target\":{\"@type\":\"EntryPoint\",\"urlTemplate\":\"https:\\\/\\\/exaudi.org\\\/?s={search_term_string}\"},\"query-input\":{\"@type\":\"PropertyValueSpecification\",\"valueRequired\":true,\"valueName\":\"search_term_string\"}}],\"inLanguage\":\"es\"},{\"@type\":\"Person\",\"@id\":\"https:\\\/\\\/exaudi.org\\\/#\\\/schema\\\/person\\\/c7d223f87e58f1105d044d8da1439102\",\"name\":\"Cardenal Felipe Arizmendi\",\"image\":{\"@type\":\"ImageObject\",\"inLanguage\":\"es\",\"@id\":\"https:\\\/\\\/secure.gravatar.com\\\/avatar\\\/4ffc5520d896b86d39346168903de33a17ef0f23d16de0ff45062c1ff422ed2f?s=96&d=mm&r=g\",\"url\":\"https:\\\/\\\/secure.gravatar.com\\\/avatar\\\/4ffc5520d896b86d39346168903de33a17ef0f23d16de0ff45062c1ff422ed2f?s=96&d=mm&r=g\",\"contentUrl\":\"https:\\\/\\\/secure.gravatar.com\\\/avatar\\\/4ffc5520d896b86d39346168903de33a17ef0f23d16de0ff45062c1ff422ed2f?s=96&d=mm&r=g\",\"caption\":\"Cardenal Felipe Arizmendi\"},\"description\":\"Nacido en Chiltepec el 1 de mayo de 1940. Estudi\u00f3 Humanidades y Filosof\u00eda en el Seminario de Toluca, de 1952 a 1959. Curs\u00f3 la Teolog\u00eda en la Universidad Pontificia de Salamanca, Espa\u00f1a, de 1959 a 1963, obteniendo la licenciatura en Teolog\u00eda Dogm\u00e1tica. Por su cuenta, se especializ\u00f3 en Liturgia. Fue ordenado sacerdote el 25 de agosto de 1963 en Toluca. Sirvi\u00f3 como Vicario Parroquial en tres parroquias por tres a\u00f1os y medio y fue p\u00e1rroco de una comunidad ind\u00edgena otom\u00ed, de 1967 a 1970. Fue Director Espiritual del Seminario de Toluca por diez a\u00f1os, y Rector del mismo de 1981 a 1991. El 7 de marzo de 1991, fue ordenado obispo de la di\u00f3cesis de Tapachula, donde estuvo hasta el 30 de abril del a\u00f1o 2000. El 1 de mayo del 2000, inici\u00f3 su ministerio episcopal como XLVI obispo de la di\u00f3cesis de San Crist\u00f3bal de las Casas, Chiapas, una de las di\u00f3cesis m\u00e1s antiguas de M\u00e9xico, erigida en 1539; all\u00ed sirvi\u00f3 por casi 18 a\u00f1os. Ha ocupado diversos cargos en la Conferencia del Episcopado Mexicano y en el CELAM. El 3 de noviembre de 2017, el Papa Francisco le acept\u00f3, por edad, su renuncia al servicio episcopal en esta di\u00f3cesis, que entreg\u00f3 a su sucesor el 3 de enero de 2018. Desde entonces, reside en la ciudad de Toluca. Desde 1979, escribe art\u00edculos de actualidad en varios medios religiosos y civiles. Es autor de varias publicaciones.\",\"url\":\"https:\\\/\\\/exaudi.org\\\/es\\\/author\\\/felipearizmendi\\\/\"}]}<\/script>\n<!-- \/ Yoast SEO plugin. -->","yoast_head_json":{"title":"Cardenal Arizmendi: Otro pa\u00eds, en fraternidad y paz &#8211; Exaudi","description":"El\u00a0cardenal\u00a0Felipe Arizmendi Esquivel, ofrece su art\u00edculo semanal titulado \u201cOtro pa\u00eds, en fraternidad y paz\u201d.","robots":{"index":"index","follow":"follow","max-snippet":"max-snippet:-1","max-image-preview":"max-image-preview:large","max-video-preview":"max-video-preview:-1"},"canonical":"https:\/\/exaudi.org\/es\/cardenal-arizmendi-otro-pais-en-fraternidad-y-paz\/","og_locale":"es_ES","og_type":"article","og_title":"Cardenal Arizmendi: Otro pa\u00eds, en fraternidad y paz &#8211; Exaudi","og_description":"El\u00a0cardenal\u00a0Felipe Arizmendi Esquivel, ofrece su art\u00edculo semanal titulado \u201cOtro pa\u00eds, en fraternidad y paz\u201d.","og_url":"https:\/\/exaudi.org\/es\/cardenal-arizmendi-otro-pais-en-fraternidad-y-paz\/","og_site_name":"Exaudi","article_publisher":"https:\/\/www.facebook.com\/ExaudiNews","article_published_time":"2021-12-29T08:36:22+00:00","article_modified_time":"2021-12-29T08:55:09+00:00","og_image":[{"width":1500,"height":1000,"url":"https:\/\/exaudi.org\/wp-content\/uploads\/2021\/12\/Disen\u0303o-sin-ti\u0301tulo-84.jpg","type":"image\/jpeg"}],"author":"Cardenal Felipe Arizmendi","twitter_card":"summary_large_image","twitter_creator":"@Exaudi_News","twitter_site":"@Exaudi_News","twitter_misc":{"Escrito por":"Cardenal Felipe Arizmendi","Tiempo de lectura":"5 minutos"},"schema":{"@context":"https:\/\/schema.org","@graph":[{"@type":"Article","@id":"https:\/\/exaudi.org\/es\/cardenal-arizmendi-otro-pais-en-fraternidad-y-paz\/#article","isPartOf":{"@id":"https:\/\/exaudi.org\/es\/cardenal-arizmendi-otro-pais-en-fraternidad-y-paz\/"},"author":{"name":"Cardenal Felipe Arizmendi","@id":"https:\/\/exaudi.org\/#\/schema\/person\/c7d223f87e58f1105d044d8da1439102"},"headline":"Cardenal Arizmendi: Otro pa\u00eds, en fraternidad y paz","datePublished":"2021-12-29T08:36:22+00:00","dateModified":"2021-12-29T08:55:09+00:00","mainEntityOfPage":{"@id":"https:\/\/exaudi.org\/es\/cardenal-arizmendi-otro-pais-en-fraternidad-y-paz\/"},"wordCount":1171,"image":{"@id":"https:\/\/exaudi.org\/es\/cardenal-arizmendi-otro-pais-en-fraternidad-y-paz\/#primaryimage"},"thumbnailUrl":"https:\/\/exaudi.org\/wp-content\/uploads\/2021\/12\/Disen\u0303o-sin-ti\u0301tulo-84.jpg","keywords":["Cardenal Arizmendi","Trending"],"articleSection":["Voces"],"inLanguage":"es"},{"@type":"WebPage","@id":"https:\/\/exaudi.org\/es\/cardenal-arizmendi-otro-pais-en-fraternidad-y-paz\/","url":"https:\/\/exaudi.org\/es\/cardenal-arizmendi-otro-pais-en-fraternidad-y-paz\/","name":"Cardenal Arizmendi: Otro pa\u00eds, en fraternidad y paz &#8211; Exaudi","isPartOf":{"@id":"https:\/\/exaudi.org\/#website"},"primaryImageOfPage":{"@id":"https:\/\/exaudi.org\/es\/cardenal-arizmendi-otro-pais-en-fraternidad-y-paz\/#primaryimage"},"image":{"@id":"https:\/\/exaudi.org\/es\/cardenal-arizmendi-otro-pais-en-fraternidad-y-paz\/#primaryimage"},"thumbnailUrl":"https:\/\/exaudi.org\/wp-content\/uploads\/2021\/12\/Disen\u0303o-sin-ti\u0301tulo-84.jpg","datePublished":"2021-12-29T08:36:22+00:00","dateModified":"2021-12-29T08:55:09+00:00","author":{"@id":"https:\/\/exaudi.org\/#\/schema\/person\/c7d223f87e58f1105d044d8da1439102"},"description":"El\u00a0cardenal\u00a0Felipe Arizmendi Esquivel, ofrece su art\u00edculo semanal titulado \u201cOtro pa\u00eds, en fraternidad y paz\u201d.","breadcrumb":{"@id":"https:\/\/exaudi.org\/es\/cardenal-arizmendi-otro-pais-en-fraternidad-y-paz\/#breadcrumb"},"inLanguage":"es","potentialAction":[{"@type":"ReadAction","target":["https:\/\/exaudi.org\/es\/cardenal-arizmendi-otro-pais-en-fraternidad-y-paz\/"]}]},{"@type":"ImageObject","inLanguage":"es","@id":"https:\/\/exaudi.org\/es\/cardenal-arizmendi-otro-pais-en-fraternidad-y-paz\/#primaryimage","url":"https:\/\/exaudi.org\/wp-content\/uploads\/2021\/12\/Disen\u0303o-sin-ti\u0301tulo-84.jpg","contentUrl":"https:\/\/exaudi.org\/wp-content\/uploads\/2021\/12\/Disen\u0303o-sin-ti\u0301tulo-84.jpg","width":1500,"height":1000,"caption":"Huida de migrantes \u00a9 Canva"},{"@type":"BreadcrumbList","@id":"https:\/\/exaudi.org\/es\/cardenal-arizmendi-otro-pais-en-fraternidad-y-paz\/#breadcrumb","itemListElement":[{"@type":"ListItem","position":1,"name":"Portada","item":"https:\/\/exaudi.org\/es\/"},{"@type":"ListItem","position":2,"name":"Cardenal Arizmendi: Otro pa\u00eds, en fraternidad y paz"}]},{"@type":"WebSite","@id":"https:\/\/exaudi.org\/#website","url":"https:\/\/exaudi.org\/","name":"Exaudi","description":"News","potentialAction":[{"@type":"SearchAction","target":{"@type":"EntryPoint","urlTemplate":"https:\/\/exaudi.org\/?s={search_term_string}"},"query-input":{"@type":"PropertyValueSpecification","valueRequired":true,"valueName":"search_term_string"}}],"inLanguage":"es"},{"@type":"Person","@id":"https:\/\/exaudi.org\/#\/schema\/person\/c7d223f87e58f1105d044d8da1439102","name":"Cardenal Felipe Arizmendi","image":{"@type":"ImageObject","inLanguage":"es","@id":"https:\/\/secure.gravatar.com\/avatar\/4ffc5520d896b86d39346168903de33a17ef0f23d16de0ff45062c1ff422ed2f?s=96&d=mm&r=g","url":"https:\/\/secure.gravatar.com\/avatar\/4ffc5520d896b86d39346168903de33a17ef0f23d16de0ff45062c1ff422ed2f?s=96&d=mm&r=g","contentUrl":"https:\/\/secure.gravatar.com\/avatar\/4ffc5520d896b86d39346168903de33a17ef0f23d16de0ff45062c1ff422ed2f?s=96&d=mm&r=g","caption":"Cardenal Felipe Arizmendi"},"description":"Nacido en Chiltepec el 1 de mayo de 1940. Estudi\u00f3 Humanidades y Filosof\u00eda en el Seminario de Toluca, de 1952 a 1959. Curs\u00f3 la Teolog\u00eda en la Universidad Pontificia de Salamanca, Espa\u00f1a, de 1959 a 1963, obteniendo la licenciatura en Teolog\u00eda Dogm\u00e1tica. Por su cuenta, se especializ\u00f3 en Liturgia. Fue ordenado sacerdote el 25 de agosto de 1963 en Toluca. Sirvi\u00f3 como Vicario Parroquial en tres parroquias por tres a\u00f1os y medio y fue p\u00e1rroco de una comunidad ind\u00edgena otom\u00ed, de 1967 a 1970. Fue Director Espiritual del Seminario de Toluca por diez a\u00f1os, y Rector del mismo de 1981 a 1991. El 7 de marzo de 1991, fue ordenado obispo de la di\u00f3cesis de Tapachula, donde estuvo hasta el 30 de abril del a\u00f1o 2000. El 1 de mayo del 2000, inici\u00f3 su ministerio episcopal como XLVI obispo de la di\u00f3cesis de San Crist\u00f3bal de las Casas, Chiapas, una de las di\u00f3cesis m\u00e1s antiguas de M\u00e9xico, erigida en 1539; all\u00ed sirvi\u00f3 por casi 18 a\u00f1os. Ha ocupado diversos cargos en la Conferencia del Episcopado Mexicano y en el CELAM. El 3 de noviembre de 2017, el Papa Francisco le acept\u00f3, por edad, su renuncia al servicio episcopal en esta di\u00f3cesis, que entreg\u00f3 a su sucesor el 3 de enero de 2018. Desde entonces, reside en la ciudad de Toluca. Desde 1979, escribe art\u00edculos de actualidad en varios medios religiosos y civiles. Es autor de varias publicaciones.","url":"https:\/\/exaudi.org\/es\/author\/felipearizmendi\/"}]}},"jetpack_featured_media_url":"https:\/\/exaudi.org\/wp-content\/uploads\/2021\/12\/Disen\u0303o-sin-ti\u0301tulo-84.jpg","jetpack_shortlink":"https:\/\/wp.me\/pgKjF2-cmh","_links":{"self":[{"href":"https:\/\/exaudi.org\/es\/wp-json\/wp\/v2\/posts\/47509","targetHints":{"allow":["GET"]}}],"collection":[{"href":"https:\/\/exaudi.org\/es\/wp-json\/wp\/v2\/posts"}],"about":[{"href":"https:\/\/exaudi.org\/es\/wp-json\/wp\/v2\/types\/post"}],"author":[{"embeddable":true,"href":"https:\/\/exaudi.org\/es\/wp-json\/wp\/v2\/users\/24"}],"replies":[{"embeddable":true,"href":"https:\/\/exaudi.org\/es\/wp-json\/wp\/v2\/comments?post=47509"}],"version-history":[{"count":0,"href":"https:\/\/exaudi.org\/es\/wp-json\/wp\/v2\/posts\/47509\/revisions"}],"wp:featuredmedia":[{"embeddable":true,"href":"https:\/\/exaudi.org\/es\/wp-json\/wp\/v2\/media\/47511"}],"wp:attachment":[{"href":"https:\/\/exaudi.org\/es\/wp-json\/wp\/v2\/media?parent=47509"}],"wp:term":[{"taxonomy":"category","embeddable":true,"href":"https:\/\/exaudi.org\/es\/wp-json\/wp\/v2\/categories?post=47509"},{"taxonomy":"post_tag","embeddable":true,"href":"https:\/\/exaudi.org\/es\/wp-json\/wp\/v2\/tags?post=47509"}],"curies":[{"name":"wp","href":"https:\/\/api.w.org\/{rel}","templated":true}]}}