{"id":47397,"date":"2021-12-30T08:00:33","date_gmt":"2021-12-30T07:00:33","guid":{"rendered":"https:\/\/exaudi.org\/?p=47397"},"modified":"2021-12-27T11:30:22","modified_gmt":"2021-12-27T10:30:22","slug":"camino-de-fe-epifania-del-senor-reflexion-de-mons-enrique-diaz","status":"publish","type":"post","link":"https:\/\/exaudi.org\/es\/camino-de-fe-epifania-del-senor-reflexion-de-mons-enrique-diaz\/","title":{"rendered":"Camino de Fe Epifan\u00eda del Se\u00f1or: Reflexi\u00f3n de Mons. Enrique D\u00edaz"},"content":{"rendered":"<p><a href=\"https:\/\/exaudi.org\/es\/author\/enriquediaz\/\" target=\"_blank\" rel=\"noopener noreferrer\">Monse\u00f1or Enrique D\u00edaz D\u00edaz<\/a> comparte con los lectores de Exaudi su reflexi\u00f3n sobre el Evangelio del pr\u00f3ximo 2 de enero de 2021, titulado \u201cCamino de Fe Epifan\u00eda del Se\u00f1or\u201d.<\/p>\n<p>***<\/p>\n<p>Isa\u00edas 60, 1-6: <em>\u201cLa gloria del Se\u00f1or alborea sobre ti\u201d<\/em><\/p>\n<p><em>\u00a0<\/em>Salmo 71. <em>\u201cQue te adoren, Se\u00f1or, todos los pueblos\u201d<\/em><\/p>\n<p>Efesios 3, 2-3. 5-6: <em>\u201cTambi\u00e9n los paganos participan de la misma herencia que nosotros\u201d<\/em><\/p>\n<p><em>\u00a0<\/em>San Mateo 2, 1-12: <em>\u201cHemos venido de oriente para adorar al rey de los jud\u00edos\u201d<\/em><\/p>\n<p>Hoy es un d\u00eda de ideales, de sue\u00f1os, de esfuerzo y de mucha fe. Hoy celebramos la popular fiesta de los Santos Reyes que a duras penas se sostiene en nuestras familias frente a la apabullante invasi\u00f3n del superfluo y gordo Santa Claus, ajeno a nuestras costumbres. La fiesta de la Epifan\u00eda encierra un rico contenido teol\u00f3gico que no debemos perder. No en vano es la fiesta m\u00e1s importante de muchas iglesias orientales. Epifan\u00eda significa \u201cmanifestaci\u00f3n\u201d. En este d\u00eda revivimos el momento en el que Dios se manifiesta a los gentiles, es decir, cuando el Se\u00f1or abre las puertas de su Reino a todos los hombres, sean o no hebreos. Hasta que Cristo nace los que no eran descendientes de Abrah\u00e1n no pod\u00edan entrar en el Reino de Dios. Eran \u201cpaganos\u201d, raza impura cuya cercan\u00eda manchaba a tal grado que no se pod\u00eda entrar en sus casas sin quedar impuros ante Dios. Todo esto desaparece, el Se\u00f1or destruye estas fronteras. Con el nacimiento de Cristo una nueva estrella se enciende en lo alto de los cielos, su luz brilla con claridad y fuerza, es un signo visible del amor de Dios, de su llamada insistente y persuasiva para que todos y cada uno sigamos el camino marcado por la luz de la fe en Cristo, un camino distinto para cada uno, pero abierto para todos ya que a todos nos llama Dios a ser iluminados por su luz y por su amor.<\/p>\n<p>San Mateo nos lo manifiesta de una manera excepcional en la narraci\u00f3n emocionante de los Magos de Oriente. \u00bfEs una historia real o es un cuento de ni\u00f1os? Yo dir\u00eda que es un cuento del Ni\u00f1o Dios a los ni\u00f1os del Reino. Mateo hace teolog\u00eda al modo oriental ense\u00f1ando\u00a0 que ese Ni\u00f1o ante el que se postran hombres venidos de lejanas tierras es el mismo de que habla Isa\u00edas. Y al mismo tiempo nos descubre lo mismo que \u00a0San Juan en el pr\u00f3logo de su evangelio: \u201cQue vino a los suyos (los jud\u00edos) y no le recibieron\u201d. Ninguna autoridad religiosa o civil se postra ante el Ni\u00f1o Dios, s\u00f3lo aquellos Magos venidos del Oriente. San Mateo m\u00e1s que historia hace teolog\u00eda, esa \u201cciencia de los ni\u00f1os\u201d, las gentes sencillas y humildes, los peque\u00f1os a los que el Padre revela los infinitos misterios del reino. Para entender y entrar en el Reino de los cielos tenemos que hacernos como ni\u00f1os, no puede entrar nadie que no nazca de nuevo comenzando por ser ni\u00f1o otra vez. La Teolog\u00eda no vive en gruesos y dif\u00edciles libros, se estudia de rodillas, postrados, como los Magos se pusieron ante el Ni\u00f1o. San Mateo nos presenta en su relato todo el camino de la fe: b\u00fasqueda inquieta, apertura, aceptaci\u00f3n, caminar con perseverancia en medio de las dificultades y los problemas, discernimiento y finalmente adoraci\u00f3n profunda y humilde ante el misterio del Ni\u00f1o.<\/p>\n<p>Ciertamente <a href=\"https:\/\/exaudi.org\/es\/epifania-homilia-papa-francisco-2021\/\" target=\"_blank\" rel=\"noopener\">Epifan\u00eda<\/a> es manifestaci\u00f3n del Se\u00f1or pero no queda en el pasado. Todos los d\u00edas se nos manifiesta el Se\u00f1or, todos los d\u00edas Dios amanece sobre nuestras vidas. Lo importante es que seamos capaces de verlo, que lo veamos en el pobre que sufre y en el rico que comparte sus bienes, en nuestros \u00e9xitos y en nuestros fracasos. El disc\u00edpulo sabe descubrir a Dios en medio de los acontecimientos de cada d\u00eda. Muchas veces necesitaremos que una estrella nos gu\u00ede, que la luz de Dios se haga m\u00e1s visible a trav\u00e9s de signos especiales. Dios siempre est\u00e1 amaneciendo sobre nuestras vidas, lo importante es que tengamos los ojos y el coraz\u00f3n limpios, para saber ver a Dios a trav\u00e9s de los acontecimientos exteriores. Tambi\u00e9n debemos pensar que Dios quiere valerse, a veces, de cada uno de nosotros para que seamos luz y estrella que oriente el camino de los dem\u00e1s. Con mucha humildad y con mucha generosidad, ofreciendo, no imponiendo, viviendo, m\u00e1s que hablando. La luz de Dios, su estrella, cuando se hace presente, de verdad, en nuestras vidas, nos llena de una alegr\u00eda interior y profunda. Saber que la luz de nuestra vida orienta por el buen camino a otras personas nos da confianza y alegr\u00eda.<\/p>\n<p>Hoy es el d\u00eda de las estrellas. D\u00eda de la ilusi\u00f3n del que cree en lo maravilloso, del que entiende el asombro que hay en el titilar de una estrella, del que se aventura en el camino de buscar al Ni\u00f1o reci\u00e9n nacido, del que no desprecia la luz vacilante de la estrella de la Fe y sabe descubrir en el rostro del peque\u00f1o Ni\u00f1o, al \u201cDios con nosotros\u201d y con alegr\u00eda se postra ante \u00c9l y le entrega todo lo que tiene. Y despu\u00e9s de contemplarlo y adorarlo, no sigue los mismos caminos de Herodes, del poder, de la seguridad, de la envidia, sino \u201cemprende los nuevos caminos\u201d que le han ense\u00f1ado los dos luceros que lo miraron con amor. En el d\u00eda de Epifan\u00eda surgen muchos retos que debemos asumir con responsabilidad y valent\u00eda: \u00bfTengo un ideal por el cual vale la pena luchar? \u00bfC\u00f3mo estoy abriendo mi coraz\u00f3n a todos los hombres? \u00bfC\u00f3mo lograremos superar las divisiones y los individualismos en que nos ha encerrado este mundo neoliberal? \u00bfC\u00f3mo voy siguiendo el camino de la fe?<\/p>\n<p>Se\u00f1or, Dios nuestro, que por medio de una estrella diste a conocer en este d\u00eda, a todos los pueblos, el nacimiento de tu Hijo, concede a los que ya te conocemos por la fe, descubrir en cada rostro de hombre, mujer o ni\u00f1o, el rostro de Jes\u00fas hecho hermano nuestro. Am\u00e9n.<\/p>\n<audio class=\"wp-audio-shortcode\" id=\"audio-47397-1\" preload=\"none\" style=\"width: 100%;\" controls=\"controls\"><source type=\"audio\/mpeg\" src=\"https:\/\/exaudi.org\/wp-content\/uploads\/2021\/12\/2-Enero.mp3?_=1\" \/><a href=\"https:\/\/exaudi.org\/wp-content\/uploads\/2021\/12\/2-Enero.mp3\">https:\/\/exaudi.org\/wp-content\/uploads\/2021\/12\/2-Enero.mp3<\/a><\/audio>\n","protected":false},"excerpt":{"rendered":"<p>La fiesta de la Epifan\u00eda encierra un rico contenido teol\u00f3gico <\/p>\n","protected":false},"author":25,"featured_media":47398,"comment_status":"closed","ping_status":"closed","sticky":false,"template":"","format":"standard","meta":{"_acf_changed":false,"_crdt_document":"","inline_featured_image":false,"footnotes":""},"categories":[96],"tags":[172,363],"class_list":["post-47397","post","type-post","status-publish","format-standard","has-post-thumbnail","hentry","category-espiritualidad","tag-epifania-del-senor","tag-monsenor-enrique-diaz"],"acf":[],"yoast_head":"<!-- This site is optimized with the Yoast SEO plugin v27.5 - https:\/\/yoast.com\/product\/yoast-seo-wordpress\/ -->\n<title>Camino de Fe Epifan\u00eda del Se\u00f1or: Reflexi\u00f3n de Mons. Enrique D\u00edaz &#8211; Exaudi<\/title>\n<meta name=\"description\" content=\"En su reflexi\u00f3n sobre el Evangelio monse\u00f1or Enrique D\u00edaz se centra en el tema Camino de Fe Epifan\u00eda del Se\u00f1or.\" \/>\n<meta name=\"robots\" content=\"index, follow, max-snippet:-1, max-image-preview:large, max-video-preview:-1\" \/>\n<link rel=\"canonical\" href=\"https:\/\/exaudi.org\/es\/camino-de-fe-epifania-del-senor-reflexion-de-mons-enrique-diaz\/\" \/>\n<meta property=\"og:locale\" content=\"es_ES\" \/>\n<meta property=\"og:type\" content=\"article\" \/>\n<meta property=\"og:title\" content=\"Camino de Fe Epifan\u00eda del Se\u00f1or: Reflexi\u00f3n de Mons. Enrique D\u00edaz &#8211; Exaudi\" \/>\n<meta property=\"og:description\" content=\"En su reflexi\u00f3n sobre el Evangelio monse\u00f1or Enrique D\u00edaz se centra en el tema Camino de Fe Epifan\u00eda del Se\u00f1or.\" \/>\n<meta property=\"og:url\" content=\"https:\/\/exaudi.org\/es\/camino-de-fe-epifania-del-senor-reflexion-de-mons-enrique-diaz\/\" \/>\n<meta property=\"og:site_name\" content=\"Exaudi\" \/>\n<meta property=\"article:publisher\" content=\"https:\/\/www.facebook.com\/ExaudiNews\" \/>\n<meta property=\"article:published_time\" content=\"2021-12-30T07:00:33+00:00\" \/>\n<meta property=\"og:image\" content=\"https:\/\/exaudi.org\/wp-content\/uploads\/2021\/12\/Disen\u0303o-sin-ti\u0301tulo-79.jpg\" \/>\n\t<meta property=\"og:image:width\" content=\"991\" \/>\n\t<meta property=\"og:image:height\" content=\"771\" \/>\n\t<meta property=\"og:image:type\" content=\"image\/jpeg\" \/>\n<meta name=\"author\" content=\"Enrique D\u00edaz\" \/>\n<meta name=\"twitter:card\" content=\"summary_large_image\" \/>\n<meta name=\"twitter:creator\" content=\"@Exaudi_News\" \/>\n<meta name=\"twitter:site\" content=\"@Exaudi_News\" \/>\n<meta name=\"twitter:label1\" content=\"Escrito por\" \/>\n\t<meta name=\"twitter:data1\" content=\"Enrique D\u00edaz\" \/>\n\t<meta name=\"twitter:label2\" content=\"Tiempo de lectura\" \/>\n\t<meta name=\"twitter:data2\" content=\"5 minutos\" \/>\n<script type=\"application\/ld+json\" class=\"yoast-schema-graph\">{\"@context\":\"https:\\\/\\\/schema.org\",\"@graph\":[{\"@type\":\"Article\",\"@id\":\"https:\\\/\\\/exaudi.org\\\/es\\\/camino-de-fe-epifania-del-senor-reflexion-de-mons-enrique-diaz\\\/#article\",\"isPartOf\":{\"@id\":\"https:\\\/\\\/exaudi.org\\\/es\\\/camino-de-fe-epifania-del-senor-reflexion-de-mons-enrique-diaz\\\/\"},\"author\":{\"name\":\"Enrique D\u00edaz\",\"@id\":\"https:\\\/\\\/exaudi.org\\\/#\\\/schema\\\/person\\\/c02ffbd10830fa375f6882f7dcf1844d\"},\"headline\":\"Camino de Fe Epifan\u00eda del Se\u00f1or: Reflexi\u00f3n de Mons. Enrique D\u00edaz\",\"datePublished\":\"2021-12-30T07:00:33+00:00\",\"mainEntityOfPage\":{\"@id\":\"https:\\\/\\\/exaudi.org\\\/es\\\/camino-de-fe-epifania-del-senor-reflexion-de-mons-enrique-diaz\\\/\"},\"wordCount\":1105,\"image\":{\"@id\":\"https:\\\/\\\/exaudi.org\\\/es\\\/camino-de-fe-epifania-del-senor-reflexion-de-mons-enrique-diaz\\\/#primaryimage\"},\"thumbnailUrl\":\"https:\\\/\\\/exaudi.org\\\/wp-content\\\/uploads\\\/2021\\\/12\\\/Disen\u0303o-sin-ti\u0301tulo-79.jpg\",\"keywords\":[\"epifan\u00eda del se\u00f1or\",\"Monse\u00f1or Enrique D\u00edaz\"],\"articleSection\":[\"Espiritualidad\"],\"inLanguage\":\"es\"},{\"@type\":\"WebPage\",\"@id\":\"https:\\\/\\\/exaudi.org\\\/es\\\/camino-de-fe-epifania-del-senor-reflexion-de-mons-enrique-diaz\\\/\",\"url\":\"https:\\\/\\\/exaudi.org\\\/es\\\/camino-de-fe-epifania-del-senor-reflexion-de-mons-enrique-diaz\\\/\",\"name\":\"Camino de Fe Epifan\u00eda del Se\u00f1or: Reflexi\u00f3n de Mons. Enrique D\u00edaz &#8211; Exaudi\",\"isPartOf\":{\"@id\":\"https:\\\/\\\/exaudi.org\\\/#website\"},\"primaryImageOfPage\":{\"@id\":\"https:\\\/\\\/exaudi.org\\\/es\\\/camino-de-fe-epifania-del-senor-reflexion-de-mons-enrique-diaz\\\/#primaryimage\"},\"image\":{\"@id\":\"https:\\\/\\\/exaudi.org\\\/es\\\/camino-de-fe-epifania-del-senor-reflexion-de-mons-enrique-diaz\\\/#primaryimage\"},\"thumbnailUrl\":\"https:\\\/\\\/exaudi.org\\\/wp-content\\\/uploads\\\/2021\\\/12\\\/Disen\u0303o-sin-ti\u0301tulo-79.jpg\",\"datePublished\":\"2021-12-30T07:00:33+00:00\",\"author\":{\"@id\":\"https:\\\/\\\/exaudi.org\\\/#\\\/schema\\\/person\\\/c02ffbd10830fa375f6882f7dcf1844d\"},\"description\":\"En su reflexi\u00f3n sobre el Evangelio monse\u00f1or Enrique D\u00edaz se centra en el tema Camino de Fe Epifan\u00eda del Se\u00f1or.\",\"breadcrumb\":{\"@id\":\"https:\\\/\\\/exaudi.org\\\/es\\\/camino-de-fe-epifania-del-senor-reflexion-de-mons-enrique-diaz\\\/#breadcrumb\"},\"inLanguage\":\"es\",\"potentialAction\":[{\"@type\":\"ReadAction\",\"target\":[\"https:\\\/\\\/exaudi.org\\\/es\\\/camino-de-fe-epifania-del-senor-reflexion-de-mons-enrique-diaz\\\/\"]}]},{\"@type\":\"ImageObject\",\"inLanguage\":\"es\",\"@id\":\"https:\\\/\\\/exaudi.org\\\/es\\\/camino-de-fe-epifania-del-senor-reflexion-de-mons-enrique-diaz\\\/#primaryimage\",\"url\":\"https:\\\/\\\/exaudi.org\\\/wp-content\\\/uploads\\\/2021\\\/12\\\/Disen\u0303o-sin-ti\u0301tulo-79.jpg\",\"contentUrl\":\"https:\\\/\\\/exaudi.org\\\/wp-content\\\/uploads\\\/2021\\\/12\\\/Disen\u0303o-sin-ti\u0301tulo-79.jpg\",\"width\":991,\"height\":771,\"caption\":\"Epifan\u00eda del Se\u00f1or \u00a9 Cathopic\"},{\"@type\":\"BreadcrumbList\",\"@id\":\"https:\\\/\\\/exaudi.org\\\/es\\\/camino-de-fe-epifania-del-senor-reflexion-de-mons-enrique-diaz\\\/#breadcrumb\",\"itemListElement\":[{\"@type\":\"ListItem\",\"position\":1,\"name\":\"Portada\",\"item\":\"https:\\\/\\\/exaudi.org\\\/es\\\/\"},{\"@type\":\"ListItem\",\"position\":2,\"name\":\"Camino de Fe Epifan\u00eda del Se\u00f1or: Reflexi\u00f3n de Mons. Enrique D\u00edaz\"}]},{\"@type\":\"WebSite\",\"@id\":\"https:\\\/\\\/exaudi.org\\\/#website\",\"url\":\"https:\\\/\\\/exaudi.org\\\/\",\"name\":\"Exaudi\",\"description\":\"News\",\"potentialAction\":[{\"@type\":\"SearchAction\",\"target\":{\"@type\":\"EntryPoint\",\"urlTemplate\":\"https:\\\/\\\/exaudi.org\\\/?s={search_term_string}\"},\"query-input\":{\"@type\":\"PropertyValueSpecification\",\"valueRequired\":true,\"valueName\":\"search_term_string\"}}],\"inLanguage\":\"es\"},{\"@type\":\"Person\",\"@id\":\"https:\\\/\\\/exaudi.org\\\/#\\\/schema\\\/person\\\/c02ffbd10830fa375f6882f7dcf1844d\",\"name\":\"Enrique D\u00edaz\",\"image\":{\"@type\":\"ImageObject\",\"inLanguage\":\"es\",\"@id\":\"https:\\\/\\\/secure.gravatar.com\\\/avatar\\\/7ca10be5325a95d04b74082d68ba605aa69611eb0f68f47096cb1bc349873284?s=96&d=mm&r=g\",\"url\":\"https:\\\/\\\/secure.gravatar.com\\\/avatar\\\/7ca10be5325a95d04b74082d68ba605aa69611eb0f68f47096cb1bc349873284?s=96&d=mm&r=g\",\"contentUrl\":\"https:\\\/\\\/secure.gravatar.com\\\/avatar\\\/7ca10be5325a95d04b74082d68ba605aa69611eb0f68f47096cb1bc349873284?s=96&d=mm&r=g\",\"caption\":\"Enrique D\u00edaz\"},\"description\":\"Naci\u00f3 en Huandacareo, Michoac\u00e1n, M\u00e9xico, en 1952. Realiz\u00f3 sus estudios de Filosof\u00eda y Teolog\u00eda en el Seminario de Morelia. Ordenado di\u00e1cono el 22 de mayo de 1977, y presb\u00edtero el 23 de octubre del mismo a\u00f1o. Obtuvo la Licenciatura en Sagrada Escritura en el Pontificio Instituto B\u00edblico en Roma. Ha desarrollado m\u00faltiples encargos pastorales como el de capell\u00e1n de la rector\u00eda de las Tres Aves Mar\u00edas; responsable de la Pastoral B\u00edblica Diocesana y director de la Escuela B\u00edblica en Morelia; maestro de Biblia en el Seminario Conciliar de Morelia, p\u00e1rroco de la Parroquia de Nuestra Se\u00f1ora de Guadalupe, Col. Guadalupe, Morelia; o vicario episcopal para la Zona de Nuestra Se\u00f1ora de la Luz, P\u00e1tzcuaro. Ordenado obispo auxiliar de san Crist\u00f3bal de las Casas en 2003. En la Conferencia Episcopal form\u00f3 parte de las Comisiones de Biblia, Diaconado y Ministerios Laicales. Fue responsable de las Dimensiones de Ministerios Laicales, de Educaci\u00f3n y Cultura. Ha participado en encuentros latinoamericanos y mundiales sobre el Diaconado Permanente. Actualmente es el responsable de la Dimensi\u00f3n de Pastoral de la Cultura. Particip\u00f3 como Miembro del S\u00ednodo de Obispos sobre la Palabra de Dios en la Vida y Misi\u00f3n de la Iglesia en Roma, en 2008. Recibi\u00f3 el nombramiento de obispo coadjutor de San Crist\u00f3bal de las Casas en 2014. Nombrado II obispo de Irapuato el d\u00eda 11 de marzo, tom\u00f3 posesi\u00f3n el 19 de Mayo. Colabora en varias revistas y publicaciones sobre todo con la reflexi\u00f3n diaria y dominical tanto en audio como escrita.\",\"url\":\"https:\\\/\\\/exaudi.org\\\/es\\\/author\\\/enriquediaz\\\/\"}]}<\/script>\n<!-- \/ Yoast SEO plugin. -->","yoast_head_json":{"title":"Camino de Fe Epifan\u00eda del Se\u00f1or: Reflexi\u00f3n de Mons. Enrique D\u00edaz &#8211; Exaudi","description":"En su reflexi\u00f3n sobre el Evangelio monse\u00f1or Enrique D\u00edaz se centra en el tema Camino de Fe Epifan\u00eda del Se\u00f1or.","robots":{"index":"index","follow":"follow","max-snippet":"max-snippet:-1","max-image-preview":"max-image-preview:large","max-video-preview":"max-video-preview:-1"},"canonical":"https:\/\/exaudi.org\/es\/camino-de-fe-epifania-del-senor-reflexion-de-mons-enrique-diaz\/","og_locale":"es_ES","og_type":"article","og_title":"Camino de Fe Epifan\u00eda del Se\u00f1or: Reflexi\u00f3n de Mons. Enrique D\u00edaz &#8211; Exaudi","og_description":"En su reflexi\u00f3n sobre el Evangelio monse\u00f1or Enrique D\u00edaz se centra en el tema Camino de Fe Epifan\u00eda del Se\u00f1or.","og_url":"https:\/\/exaudi.org\/es\/camino-de-fe-epifania-del-senor-reflexion-de-mons-enrique-diaz\/","og_site_name":"Exaudi","article_publisher":"https:\/\/www.facebook.com\/ExaudiNews","article_published_time":"2021-12-30T07:00:33+00:00","og_image":[{"width":991,"height":771,"url":"https:\/\/exaudi.org\/wp-content\/uploads\/2021\/12\/Disen\u0303o-sin-ti\u0301tulo-79.jpg","type":"image\/jpeg"}],"author":"Enrique D\u00edaz","twitter_card":"summary_large_image","twitter_creator":"@Exaudi_News","twitter_site":"@Exaudi_News","twitter_misc":{"Escrito por":"Enrique D\u00edaz","Tiempo de lectura":"5 minutos"},"schema":{"@context":"https:\/\/schema.org","@graph":[{"@type":"Article","@id":"https:\/\/exaudi.org\/es\/camino-de-fe-epifania-del-senor-reflexion-de-mons-enrique-diaz\/#article","isPartOf":{"@id":"https:\/\/exaudi.org\/es\/camino-de-fe-epifania-del-senor-reflexion-de-mons-enrique-diaz\/"},"author":{"name":"Enrique D\u00edaz","@id":"https:\/\/exaudi.org\/#\/schema\/person\/c02ffbd10830fa375f6882f7dcf1844d"},"headline":"Camino de Fe Epifan\u00eda del Se\u00f1or: Reflexi\u00f3n de Mons. Enrique D\u00edaz","datePublished":"2021-12-30T07:00:33+00:00","mainEntityOfPage":{"@id":"https:\/\/exaudi.org\/es\/camino-de-fe-epifania-del-senor-reflexion-de-mons-enrique-diaz\/"},"wordCount":1105,"image":{"@id":"https:\/\/exaudi.org\/es\/camino-de-fe-epifania-del-senor-reflexion-de-mons-enrique-diaz\/#primaryimage"},"thumbnailUrl":"https:\/\/exaudi.org\/wp-content\/uploads\/2021\/12\/Disen\u0303o-sin-ti\u0301tulo-79.jpg","keywords":["epifan\u00eda del se\u00f1or","Monse\u00f1or Enrique D\u00edaz"],"articleSection":["Espiritualidad"],"inLanguage":"es"},{"@type":"WebPage","@id":"https:\/\/exaudi.org\/es\/camino-de-fe-epifania-del-senor-reflexion-de-mons-enrique-diaz\/","url":"https:\/\/exaudi.org\/es\/camino-de-fe-epifania-del-senor-reflexion-de-mons-enrique-diaz\/","name":"Camino de Fe Epifan\u00eda del Se\u00f1or: Reflexi\u00f3n de Mons. Enrique D\u00edaz &#8211; Exaudi","isPartOf":{"@id":"https:\/\/exaudi.org\/#website"},"primaryImageOfPage":{"@id":"https:\/\/exaudi.org\/es\/camino-de-fe-epifania-del-senor-reflexion-de-mons-enrique-diaz\/#primaryimage"},"image":{"@id":"https:\/\/exaudi.org\/es\/camino-de-fe-epifania-del-senor-reflexion-de-mons-enrique-diaz\/#primaryimage"},"thumbnailUrl":"https:\/\/exaudi.org\/wp-content\/uploads\/2021\/12\/Disen\u0303o-sin-ti\u0301tulo-79.jpg","datePublished":"2021-12-30T07:00:33+00:00","author":{"@id":"https:\/\/exaudi.org\/#\/schema\/person\/c02ffbd10830fa375f6882f7dcf1844d"},"description":"En su reflexi\u00f3n sobre el Evangelio monse\u00f1or Enrique D\u00edaz se centra en el tema Camino de Fe Epifan\u00eda del Se\u00f1or.","breadcrumb":{"@id":"https:\/\/exaudi.org\/es\/camino-de-fe-epifania-del-senor-reflexion-de-mons-enrique-diaz\/#breadcrumb"},"inLanguage":"es","potentialAction":[{"@type":"ReadAction","target":["https:\/\/exaudi.org\/es\/camino-de-fe-epifania-del-senor-reflexion-de-mons-enrique-diaz\/"]}]},{"@type":"ImageObject","inLanguage":"es","@id":"https:\/\/exaudi.org\/es\/camino-de-fe-epifania-del-senor-reflexion-de-mons-enrique-diaz\/#primaryimage","url":"https:\/\/exaudi.org\/wp-content\/uploads\/2021\/12\/Disen\u0303o-sin-ti\u0301tulo-79.jpg","contentUrl":"https:\/\/exaudi.org\/wp-content\/uploads\/2021\/12\/Disen\u0303o-sin-ti\u0301tulo-79.jpg","width":991,"height":771,"caption":"Epifan\u00eda del Se\u00f1or \u00a9 Cathopic"},{"@type":"BreadcrumbList","@id":"https:\/\/exaudi.org\/es\/camino-de-fe-epifania-del-senor-reflexion-de-mons-enrique-diaz\/#breadcrumb","itemListElement":[{"@type":"ListItem","position":1,"name":"Portada","item":"https:\/\/exaudi.org\/es\/"},{"@type":"ListItem","position":2,"name":"Camino de Fe Epifan\u00eda del Se\u00f1or: Reflexi\u00f3n de Mons. Enrique D\u00edaz"}]},{"@type":"WebSite","@id":"https:\/\/exaudi.org\/#website","url":"https:\/\/exaudi.org\/","name":"Exaudi","description":"News","potentialAction":[{"@type":"SearchAction","target":{"@type":"EntryPoint","urlTemplate":"https:\/\/exaudi.org\/?s={search_term_string}"},"query-input":{"@type":"PropertyValueSpecification","valueRequired":true,"valueName":"search_term_string"}}],"inLanguage":"es"},{"@type":"Person","@id":"https:\/\/exaudi.org\/#\/schema\/person\/c02ffbd10830fa375f6882f7dcf1844d","name":"Enrique D\u00edaz","image":{"@type":"ImageObject","inLanguage":"es","@id":"https:\/\/secure.gravatar.com\/avatar\/7ca10be5325a95d04b74082d68ba605aa69611eb0f68f47096cb1bc349873284?s=96&d=mm&r=g","url":"https:\/\/secure.gravatar.com\/avatar\/7ca10be5325a95d04b74082d68ba605aa69611eb0f68f47096cb1bc349873284?s=96&d=mm&r=g","contentUrl":"https:\/\/secure.gravatar.com\/avatar\/7ca10be5325a95d04b74082d68ba605aa69611eb0f68f47096cb1bc349873284?s=96&d=mm&r=g","caption":"Enrique D\u00edaz"},"description":"Naci\u00f3 en Huandacareo, Michoac\u00e1n, M\u00e9xico, en 1952. Realiz\u00f3 sus estudios de Filosof\u00eda y Teolog\u00eda en el Seminario de Morelia. Ordenado di\u00e1cono el 22 de mayo de 1977, y presb\u00edtero el 23 de octubre del mismo a\u00f1o. Obtuvo la Licenciatura en Sagrada Escritura en el Pontificio Instituto B\u00edblico en Roma. Ha desarrollado m\u00faltiples encargos pastorales como el de capell\u00e1n de la rector\u00eda de las Tres Aves Mar\u00edas; responsable de la Pastoral B\u00edblica Diocesana y director de la Escuela B\u00edblica en Morelia; maestro de Biblia en el Seminario Conciliar de Morelia, p\u00e1rroco de la Parroquia de Nuestra Se\u00f1ora de Guadalupe, Col. Guadalupe, Morelia; o vicario episcopal para la Zona de Nuestra Se\u00f1ora de la Luz, P\u00e1tzcuaro. Ordenado obispo auxiliar de san Crist\u00f3bal de las Casas en 2003. En la Conferencia Episcopal form\u00f3 parte de las Comisiones de Biblia, Diaconado y Ministerios Laicales. Fue responsable de las Dimensiones de Ministerios Laicales, de Educaci\u00f3n y Cultura. Ha participado en encuentros latinoamericanos y mundiales sobre el Diaconado Permanente. Actualmente es el responsable de la Dimensi\u00f3n de Pastoral de la Cultura. Particip\u00f3 como Miembro del S\u00ednodo de Obispos sobre la Palabra de Dios en la Vida y Misi\u00f3n de la Iglesia en Roma, en 2008. Recibi\u00f3 el nombramiento de obispo coadjutor de San Crist\u00f3bal de las Casas en 2014. Nombrado II obispo de Irapuato el d\u00eda 11 de marzo, tom\u00f3 posesi\u00f3n el 19 de Mayo. Colabora en varias revistas y publicaciones sobre todo con la reflexi\u00f3n diaria y dominical tanto en audio como escrita.","url":"https:\/\/exaudi.org\/es\/author\/enriquediaz\/"}]}},"jetpack_featured_media_url":"https:\/\/exaudi.org\/wp-content\/uploads\/2021\/12\/Disen\u0303o-sin-ti\u0301tulo-79.jpg","jetpack_shortlink":"https:\/\/wp.me\/pgKjF2-ckt","_links":{"self":[{"href":"https:\/\/exaudi.org\/es\/wp-json\/wp\/v2\/posts\/47397","targetHints":{"allow":["GET"]}}],"collection":[{"href":"https:\/\/exaudi.org\/es\/wp-json\/wp\/v2\/posts"}],"about":[{"href":"https:\/\/exaudi.org\/es\/wp-json\/wp\/v2\/types\/post"}],"author":[{"embeddable":true,"href":"https:\/\/exaudi.org\/es\/wp-json\/wp\/v2\/users\/25"}],"replies":[{"embeddable":true,"href":"https:\/\/exaudi.org\/es\/wp-json\/wp\/v2\/comments?post=47397"}],"version-history":[{"count":0,"href":"https:\/\/exaudi.org\/es\/wp-json\/wp\/v2\/posts\/47397\/revisions"}],"wp:featuredmedia":[{"embeddable":true,"href":"https:\/\/exaudi.org\/es\/wp-json\/wp\/v2\/media\/47398"}],"wp:attachment":[{"href":"https:\/\/exaudi.org\/es\/wp-json\/wp\/v2\/media?parent=47397"}],"wp:term":[{"taxonomy":"category","embeddable":true,"href":"https:\/\/exaudi.org\/es\/wp-json\/wp\/v2\/categories?post=47397"},{"taxonomy":"post_tag","embeddable":true,"href":"https:\/\/exaudi.org\/es\/wp-json\/wp\/v2\/tags?post=47397"}],"curies":[{"name":"wp","href":"https:\/\/api.w.org\/{rel}","templated":true}]}}