{"id":47220,"date":"2021-12-30T08:00:20","date_gmt":"2021-12-30T07:00:20","guid":{"rendered":"https:\/\/exaudi.org\/?p=47220"},"modified":"2022-01-03T12:22:23","modified_gmt":"2022-01-03T11:22:23","slug":"eres-santo-un-llamado-para-trabajar-a-diario","status":"publish","type":"post","link":"https:\/\/exaudi.org\/es\/eres-santo-un-llamado-para-trabajar-a-diario\/","title":{"rendered":"\u00bfEres Santo?"},"content":{"rendered":"<p>\u201c\u00bfEres Santo?\u201d es el t\u00edtulo del art\u00edculo de <a href=\"https:\/\/exaudi.org\/es\/author\/raulortiz\/\">Ra\u00fal Ortiz Toro<\/a>, sacerdote de la\u00a0<a href=\"https:\/\/notasamablesalapalabra.blogspot.com\/\">arquidi\u00f3cesis de Ibagu\u00e9<\/a>, Colombia, y director del Departamento de Doctrina y Promoci\u00f3n de la Unidad y del Di\u00e1logo de la\u00a0<a href=\"https:\/\/www.cec.org.co\/\">Conferencia Episcopal Colombiana<\/a>, en el que reflexiona sobre la santidad.<\/p>\n<p>***<\/p>\n<p>Generalmente, cuando le pregunto a una persona: \u00bfEres santo? Suele abrir los ojos, en se\u00f1al de admiraci\u00f3n y un poco confusa responde radicalmente: \u201cNo\u201d. Se nos ha ense\u00f1ado que el santo no peca, no camina por los senderos tortuosos de las liviandades humanas: desde el ego\u00edsmo hasta la sonrisa. Porque tambi\u00e9n, un santo, seg\u00fan el imaginario, no puede divertirse, ni siquiera sanamente, porque se le ve mal. Hay toda una ideolog\u00eda alrededor de la santidad que no nos ha dejado creer la verdad de que hemos sido llamados a ella. El Concilio Vaticano II lo expres\u00f3 con voz solemne en el numeral 40 de la Constituci\u00f3n <em>Lumen Gentium<\/em> (Luz de las Naciones): \u201cTodos los fieles, de cualquier estado o condici\u00f3n, est\u00e1n llamados a la plenitud de la vida cristiana y a la perfecci\u00f3n de la caridad y esta santidad suscita un nivel de vida m\u00e1s humano incluso en la sociedad terrena\u201d. Escuchando al Concilio podemos decir que todos, desde el momento de nuestro bautismo, tenemos un llamado a la Santidad que debemos trabajar en el diario vivir, con el hermoso objetivo de alcanzar un nivel de vida m\u00e1s humano.<\/p>\n<p>Un poco m\u00e1s adelante, el Concilio resume la santidad en el deber de \u201centregarse con toda el alma a la gloria de Dios y el servicio del pr\u00f3jimo\u201d. En primer lugar: \u00bfQu\u00e9 es la gloria de Dios? Dec\u00eda san Ireneo (<em>Adversus haereses<\/em>, 4, 20, 7) que \u201cLa gloria de Dios es el hombre viviente\u201d o sea nosotros, como imagen y semejanza de Dios somos su gloria y en la medida que nos acercamos al ideal de Cristo descubrimos la gracia que el Se\u00f1or nos transmite. En t\u00e9rminos espec\u00edficos nosotros no le \u201cdamos\u201d gloria a Dios pues no podemos aportarle nada al Creador, pero somos su gloria en la medida en la que nos hacemos \u201cCristiformes\u201d, o sea: ofrecemos nuestros sufrimientos, perdonamos al que nos ofende, vivimos las bienaventuranzas, etc. La segunda exigencia de la santidad es estar al servicio del pr\u00f3jimo, ver en el rostro de Cristo en las personas, desde las que nos incomodan hasta las que queremos profundamente, para servirlas con amor, y como el Se\u00f1or, \u201csanar sus heridas con el aceite del consuelo y con el vino de la esperanza\u201d como lo refiere el Prefacio Com\u00fan VIII del Misal Romano.<\/p>\n<p>Finalmente, quiero terminar con las palabras de san Juan Pablo II en la Audiencia del 23 de marzo de 1983 que nos resume maravillosamente este tema: \u201cLa santidad cristiana no consiste en ser impecables, sino en la lucha por no ceder y volver a levantarse siempre, despu\u00e9s de cada ca\u00edda. Y no deriva tanto de la fuerza de voluntad del hombre, sino m\u00e1s bien del esfuerzo por no obstaculizar nunca la acci\u00f3n de la gracia en la propia alma, y ser, m\u00e1s bien, sus humildes colaboradores\u201d.<\/p>\n<p>Qu\u00e9 hermosas palabras llenas de consuelo y esperanza. El santo no es el que nunca peca, sino que el que sabe aceptar sus limitaciones humanas, se pone en manos de Dios y grita, como Pedro en el mar de la tormenta: \u201cSe\u00f1or, s\u00e1lvame\u201d (Mateo 14,30) y se pone el empe\u00f1o de tomar las medidas necesarias en su vida para no dejarse hundir.<\/p>\n<p>La solemnidad de Todos los Santos (1 de noviembre) es una invitaci\u00f3n a vivir la Santidad que muchos han asumido en sus vidas. Dec\u00eda san Agust\u00edn: \u201cLo que \u00e9stos y \u00e9stas pudieron, \u00bfPor qu\u00e9 yo no?\u201d En esa Comuni\u00f3n de los Santos se encuentran desde los santos declarados como tales por la Iglesia hasta los Santos an\u00f3nimos, tantas personas con el coraz\u00f3n de Cristo que pasaron a la eternidad manifestando al mundo la gloria de Dios y ayudando a su pr\u00f3jimo. All\u00ed tambi\u00e9n cabemos nosotros, con nuestro esfuerzo por ser santos; por lo tanto, es nuestra fiesta.<\/p>\n","protected":false},"excerpt":{"rendered":"<p>Un llamado para trabajar a diario<\/p>\n","protected":false},"author":76,"featured_media":47585,"comment_status":"closed","ping_status":"closed","sticky":false,"template":"","format":"standard","meta":{"_acf_changed":false,"_crdt_document":"","inline_featured_image":false,"footnotes":""},"categories":[72],"tags":[5327,5328],"class_list":["post-47220","post","type-post","status-publish","format-standard","has-post-thumbnail","hentry","category-analisis","tag-raul-ortiz-toro","tag-santo-es"],"acf":[],"yoast_head":"<!-- This site is optimized with the Yoast SEO plugin v27.5 - https:\/\/yoast.com\/product\/yoast-seo-wordpress\/ -->\n<title>\u00bfEres Santo? &#8211; Exaudi<\/title>\n<meta name=\"description\" content=\"\u00bfEres Santo? el t\u00edtulo del art\u00edculo del padre Ra\u00fal Ortiz Toro, en el que reflexiona sobre la santidad, un llamado que hay que trabajar a diario.\" \/>\n<meta name=\"robots\" content=\"index, follow, max-snippet:-1, max-image-preview:large, max-video-preview:-1\" \/>\n<link rel=\"canonical\" href=\"https:\/\/exaudi.org\/es\/eres-santo-un-llamado-para-trabajar-a-diario\/\" \/>\n<meta property=\"og:locale\" content=\"es_ES\" \/>\n<meta property=\"og:type\" content=\"article\" \/>\n<meta property=\"og:title\" content=\"\u00bfEres Santo? &#8211; Exaudi\" \/>\n<meta property=\"og:description\" content=\"\u00bfEres Santo? el t\u00edtulo del art\u00edculo del padre Ra\u00fal Ortiz Toro, en el que reflexiona sobre la santidad, un llamado que hay que trabajar a diario.\" \/>\n<meta property=\"og:url\" content=\"https:\/\/exaudi.org\/es\/eres-santo-un-llamado-para-trabajar-a-diario\/\" \/>\n<meta property=\"og:site_name\" content=\"Exaudi\" \/>\n<meta property=\"article:publisher\" content=\"https:\/\/www.facebook.com\/ExaudiNews\" \/>\n<meta property=\"article:published_time\" content=\"2021-12-30T07:00:20+00:00\" \/>\n<meta property=\"article:modified_time\" content=\"2022-01-03T11:22:23+00:00\" \/>\n<meta property=\"og:image\" content=\"https:\/\/exaudi.org\/wp-content\/uploads\/2021\/12\/Disen\u0303o-sin-ti\u0301tulo-85.jpg\" \/>\n\t<meta property=\"og:image:width\" content=\"1500\" \/>\n\t<meta property=\"og:image:height\" content=\"1000\" \/>\n\t<meta property=\"og:image:type\" content=\"image\/jpeg\" \/>\n<meta name=\"author\" content=\"Ra\u00fal Ortiz\" \/>\n<meta name=\"twitter:card\" content=\"summary_large_image\" \/>\n<meta name=\"twitter:creator\" content=\"@Exaudi_News\" \/>\n<meta name=\"twitter:site\" content=\"@Exaudi_News\" \/>\n<meta name=\"twitter:label1\" content=\"Escrito por\" \/>\n\t<meta name=\"twitter:data1\" content=\"Ra\u00fal Ortiz\" \/>\n\t<meta name=\"twitter:label2\" content=\"Tiempo de lectura\" \/>\n\t<meta name=\"twitter:data2\" content=\"4 minutos\" \/>\n<script type=\"application\/ld+json\" class=\"yoast-schema-graph\">{\"@context\":\"https:\\\/\\\/schema.org\",\"@graph\":[{\"@type\":\"Article\",\"@id\":\"https:\\\/\\\/exaudi.org\\\/es\\\/eres-santo-un-llamado-para-trabajar-a-diario\\\/#article\",\"isPartOf\":{\"@id\":\"https:\\\/\\\/exaudi.org\\\/es\\\/eres-santo-un-llamado-para-trabajar-a-diario\\\/\"},\"author\":{\"name\":\"Ra\u00fal Ortiz\",\"@id\":\"https:\\\/\\\/exaudi.org\\\/#\\\/schema\\\/person\\\/5750695c88ce87fd1866557e739071da\"},\"headline\":\"\u00bfEres Santo?\",\"datePublished\":\"2021-12-30T07:00:20+00:00\",\"dateModified\":\"2022-01-03T11:22:23+00:00\",\"mainEntityOfPage\":{\"@id\":\"https:\\\/\\\/exaudi.org\\\/es\\\/eres-santo-un-llamado-para-trabajar-a-diario\\\/\"},\"wordCount\":709,\"image\":{\"@id\":\"https:\\\/\\\/exaudi.org\\\/es\\\/eres-santo-un-llamado-para-trabajar-a-diario\\\/#primaryimage\"},\"thumbnailUrl\":\"https:\\\/\\\/exaudi.org\\\/wp-content\\\/uploads\\\/2021\\\/12\\\/Disen\u0303o-sin-ti\u0301tulo-85.jpg\",\"keywords\":[\"Ra\u00fal Ortiz Toro\",\"Santo\"],\"articleSection\":[\"An\u00e1lisis\"],\"inLanguage\":\"es\"},{\"@type\":\"WebPage\",\"@id\":\"https:\\\/\\\/exaudi.org\\\/es\\\/eres-santo-un-llamado-para-trabajar-a-diario\\\/\",\"url\":\"https:\\\/\\\/exaudi.org\\\/es\\\/eres-santo-un-llamado-para-trabajar-a-diario\\\/\",\"name\":\"\u00bfEres Santo? &#8211; Exaudi\",\"isPartOf\":{\"@id\":\"https:\\\/\\\/exaudi.org\\\/#website\"},\"primaryImageOfPage\":{\"@id\":\"https:\\\/\\\/exaudi.org\\\/es\\\/eres-santo-un-llamado-para-trabajar-a-diario\\\/#primaryimage\"},\"image\":{\"@id\":\"https:\\\/\\\/exaudi.org\\\/es\\\/eres-santo-un-llamado-para-trabajar-a-diario\\\/#primaryimage\"},\"thumbnailUrl\":\"https:\\\/\\\/exaudi.org\\\/wp-content\\\/uploads\\\/2021\\\/12\\\/Disen\u0303o-sin-ti\u0301tulo-85.jpg\",\"datePublished\":\"2021-12-30T07:00:20+00:00\",\"dateModified\":\"2022-01-03T11:22:23+00:00\",\"author\":{\"@id\":\"https:\\\/\\\/exaudi.org\\\/#\\\/schema\\\/person\\\/5750695c88ce87fd1866557e739071da\"},\"description\":\"\u00bfEres Santo? el t\u00edtulo del art\u00edculo del padre Ra\u00fal Ortiz Toro, en el que reflexiona sobre la santidad, un llamado que hay que trabajar a diario.\",\"breadcrumb\":{\"@id\":\"https:\\\/\\\/exaudi.org\\\/es\\\/eres-santo-un-llamado-para-trabajar-a-diario\\\/#breadcrumb\"},\"inLanguage\":\"es\",\"potentialAction\":[{\"@type\":\"ReadAction\",\"target\":[\"https:\\\/\\\/exaudi.org\\\/es\\\/eres-santo-un-llamado-para-trabajar-a-diario\\\/\"]}]},{\"@type\":\"ImageObject\",\"inLanguage\":\"es\",\"@id\":\"https:\\\/\\\/exaudi.org\\\/es\\\/eres-santo-un-llamado-para-trabajar-a-diario\\\/#primaryimage\",\"url\":\"https:\\\/\\\/exaudi.org\\\/wp-content\\\/uploads\\\/2021\\\/12\\\/Disen\u0303o-sin-ti\u0301tulo-85.jpg\",\"contentUrl\":\"https:\\\/\\\/exaudi.org\\\/wp-content\\\/uploads\\\/2021\\\/12\\\/Disen\u0303o-sin-ti\u0301tulo-85.jpg\",\"width\":1500,\"height\":1000,\"caption\":\"Llamados a ser santos \u00a9 Canva\"},{\"@type\":\"BreadcrumbList\",\"@id\":\"https:\\\/\\\/exaudi.org\\\/es\\\/eres-santo-un-llamado-para-trabajar-a-diario\\\/#breadcrumb\",\"itemListElement\":[{\"@type\":\"ListItem\",\"position\":1,\"name\":\"Portada\",\"item\":\"https:\\\/\\\/exaudi.org\\\/es\\\/\"},{\"@type\":\"ListItem\",\"position\":2,\"name\":\"\u00bfEres Santo?\"}]},{\"@type\":\"WebSite\",\"@id\":\"https:\\\/\\\/exaudi.org\\\/#website\",\"url\":\"https:\\\/\\\/exaudi.org\\\/\",\"name\":\"Exaudi\",\"description\":\"News\",\"potentialAction\":[{\"@type\":\"SearchAction\",\"target\":{\"@type\":\"EntryPoint\",\"urlTemplate\":\"https:\\\/\\\/exaudi.org\\\/?s={search_term_string}\"},\"query-input\":{\"@type\":\"PropertyValueSpecification\",\"valueRequired\":true,\"valueName\":\"search_term_string\"}}],\"inLanguage\":\"es\"},{\"@type\":\"Person\",\"@id\":\"https:\\\/\\\/exaudi.org\\\/#\\\/schema\\\/person\\\/5750695c88ce87fd1866557e739071da\",\"name\":\"Ra\u00fal Ortiz\",\"image\":{\"@type\":\"ImageObject\",\"inLanguage\":\"es\",\"@id\":\"https:\\\/\\\/secure.gravatar.com\\\/avatar\\\/04bdb04b875206501473ff2ea121588ebf5c572571d83a12b845eccb7d7e3d26?s=96&d=mm&r=g\",\"url\":\"https:\\\/\\\/secure.gravatar.com\\\/avatar\\\/04bdb04b875206501473ff2ea121588ebf5c572571d83a12b845eccb7d7e3d26?s=96&d=mm&r=g\",\"contentUrl\":\"https:\\\/\\\/secure.gravatar.com\\\/avatar\\\/04bdb04b875206501473ff2ea121588ebf5c572571d83a12b845eccb7d7e3d26?s=96&d=mm&r=g\",\"caption\":\"Ra\u00fal Ortiz\"},\"description\":\"Nacido en Pereira, Risaralda, Colombia, el 30 de junio de 1980. Ordenado para la arquidi\u00f3cesis de Ibagu\u00e9 el 21 de noviembre de 2009. Curs\u00f3 los estudios filos\u00f3ficos en el Seminario Mayor Mar\u00eda Inmaculada de Ibagu\u00e9; los teol\u00f3gicos en la Universidad Pontificia Regina Apostolorum de Roma. Licenciado en Teolog\u00eda y especialista en Teolog\u00eda Patr\u00edstica e Historia de la Teolog\u00eda por la Pontificia Universidad Gregoriana de Roma. Ha sido vicario parroquial, p\u00e1rroco, rector eclesi\u00e1stico de un santuario, profesor del Seminario, director de un Instituto de Teolog\u00eda y Pastoral, y de una emisora cat\u00f3lica. Escritor de 7 libros de historia regional de la Iglesia para las arquidi\u00f3cesis de Popay\u00e1n e Ibagu\u00e9 y la di\u00f3cesis de Pereira\",\"url\":\"https:\\\/\\\/exaudi.org\\\/es\\\/author\\\/raulortiz\\\/\"}]}<\/script>\n<!-- \/ Yoast SEO plugin. -->","yoast_head_json":{"title":"\u00bfEres Santo? &#8211; Exaudi","description":"\u00bfEres Santo? el t\u00edtulo del art\u00edculo del padre Ra\u00fal Ortiz Toro, en el que reflexiona sobre la santidad, un llamado que hay que trabajar a diario.","robots":{"index":"index","follow":"follow","max-snippet":"max-snippet:-1","max-image-preview":"max-image-preview:large","max-video-preview":"max-video-preview:-1"},"canonical":"https:\/\/exaudi.org\/es\/eres-santo-un-llamado-para-trabajar-a-diario\/","og_locale":"es_ES","og_type":"article","og_title":"\u00bfEres Santo? &#8211; Exaudi","og_description":"\u00bfEres Santo? el t\u00edtulo del art\u00edculo del padre Ra\u00fal Ortiz Toro, en el que reflexiona sobre la santidad, un llamado que hay que trabajar a diario.","og_url":"https:\/\/exaudi.org\/es\/eres-santo-un-llamado-para-trabajar-a-diario\/","og_site_name":"Exaudi","article_publisher":"https:\/\/www.facebook.com\/ExaudiNews","article_published_time":"2021-12-30T07:00:20+00:00","article_modified_time":"2022-01-03T11:22:23+00:00","og_image":[{"width":1500,"height":1000,"url":"https:\/\/exaudi.org\/wp-content\/uploads\/2021\/12\/Disen\u0303o-sin-ti\u0301tulo-85.jpg","type":"image\/jpeg"}],"author":"Ra\u00fal Ortiz","twitter_card":"summary_large_image","twitter_creator":"@Exaudi_News","twitter_site":"@Exaudi_News","twitter_misc":{"Escrito por":"Ra\u00fal Ortiz","Tiempo de lectura":"4 minutos"},"schema":{"@context":"https:\/\/schema.org","@graph":[{"@type":"Article","@id":"https:\/\/exaudi.org\/es\/eres-santo-un-llamado-para-trabajar-a-diario\/#article","isPartOf":{"@id":"https:\/\/exaudi.org\/es\/eres-santo-un-llamado-para-trabajar-a-diario\/"},"author":{"name":"Ra\u00fal Ortiz","@id":"https:\/\/exaudi.org\/#\/schema\/person\/5750695c88ce87fd1866557e739071da"},"headline":"\u00bfEres Santo?","datePublished":"2021-12-30T07:00:20+00:00","dateModified":"2022-01-03T11:22:23+00:00","mainEntityOfPage":{"@id":"https:\/\/exaudi.org\/es\/eres-santo-un-llamado-para-trabajar-a-diario\/"},"wordCount":709,"image":{"@id":"https:\/\/exaudi.org\/es\/eres-santo-un-llamado-para-trabajar-a-diario\/#primaryimage"},"thumbnailUrl":"https:\/\/exaudi.org\/wp-content\/uploads\/2021\/12\/Disen\u0303o-sin-ti\u0301tulo-85.jpg","keywords":["Ra\u00fal Ortiz Toro","Santo"],"articleSection":["An\u00e1lisis"],"inLanguage":"es"},{"@type":"WebPage","@id":"https:\/\/exaudi.org\/es\/eres-santo-un-llamado-para-trabajar-a-diario\/","url":"https:\/\/exaudi.org\/es\/eres-santo-un-llamado-para-trabajar-a-diario\/","name":"\u00bfEres Santo? &#8211; Exaudi","isPartOf":{"@id":"https:\/\/exaudi.org\/#website"},"primaryImageOfPage":{"@id":"https:\/\/exaudi.org\/es\/eres-santo-un-llamado-para-trabajar-a-diario\/#primaryimage"},"image":{"@id":"https:\/\/exaudi.org\/es\/eres-santo-un-llamado-para-trabajar-a-diario\/#primaryimage"},"thumbnailUrl":"https:\/\/exaudi.org\/wp-content\/uploads\/2021\/12\/Disen\u0303o-sin-ti\u0301tulo-85.jpg","datePublished":"2021-12-30T07:00:20+00:00","dateModified":"2022-01-03T11:22:23+00:00","author":{"@id":"https:\/\/exaudi.org\/#\/schema\/person\/5750695c88ce87fd1866557e739071da"},"description":"\u00bfEres Santo? el t\u00edtulo del art\u00edculo del padre Ra\u00fal Ortiz Toro, en el que reflexiona sobre la santidad, un llamado que hay que trabajar a diario.","breadcrumb":{"@id":"https:\/\/exaudi.org\/es\/eres-santo-un-llamado-para-trabajar-a-diario\/#breadcrumb"},"inLanguage":"es","potentialAction":[{"@type":"ReadAction","target":["https:\/\/exaudi.org\/es\/eres-santo-un-llamado-para-trabajar-a-diario\/"]}]},{"@type":"ImageObject","inLanguage":"es","@id":"https:\/\/exaudi.org\/es\/eres-santo-un-llamado-para-trabajar-a-diario\/#primaryimage","url":"https:\/\/exaudi.org\/wp-content\/uploads\/2021\/12\/Disen\u0303o-sin-ti\u0301tulo-85.jpg","contentUrl":"https:\/\/exaudi.org\/wp-content\/uploads\/2021\/12\/Disen\u0303o-sin-ti\u0301tulo-85.jpg","width":1500,"height":1000,"caption":"Llamados a ser santos \u00a9 Canva"},{"@type":"BreadcrumbList","@id":"https:\/\/exaudi.org\/es\/eres-santo-un-llamado-para-trabajar-a-diario\/#breadcrumb","itemListElement":[{"@type":"ListItem","position":1,"name":"Portada","item":"https:\/\/exaudi.org\/es\/"},{"@type":"ListItem","position":2,"name":"\u00bfEres Santo?"}]},{"@type":"WebSite","@id":"https:\/\/exaudi.org\/#website","url":"https:\/\/exaudi.org\/","name":"Exaudi","description":"News","potentialAction":[{"@type":"SearchAction","target":{"@type":"EntryPoint","urlTemplate":"https:\/\/exaudi.org\/?s={search_term_string}"},"query-input":{"@type":"PropertyValueSpecification","valueRequired":true,"valueName":"search_term_string"}}],"inLanguage":"es"},{"@type":"Person","@id":"https:\/\/exaudi.org\/#\/schema\/person\/5750695c88ce87fd1866557e739071da","name":"Ra\u00fal Ortiz","image":{"@type":"ImageObject","inLanguage":"es","@id":"https:\/\/secure.gravatar.com\/avatar\/04bdb04b875206501473ff2ea121588ebf5c572571d83a12b845eccb7d7e3d26?s=96&d=mm&r=g","url":"https:\/\/secure.gravatar.com\/avatar\/04bdb04b875206501473ff2ea121588ebf5c572571d83a12b845eccb7d7e3d26?s=96&d=mm&r=g","contentUrl":"https:\/\/secure.gravatar.com\/avatar\/04bdb04b875206501473ff2ea121588ebf5c572571d83a12b845eccb7d7e3d26?s=96&d=mm&r=g","caption":"Ra\u00fal Ortiz"},"description":"Nacido en Pereira, Risaralda, Colombia, el 30 de junio de 1980. Ordenado para la arquidi\u00f3cesis de Ibagu\u00e9 el 21 de noviembre de 2009. Curs\u00f3 los estudios filos\u00f3ficos en el Seminario Mayor Mar\u00eda Inmaculada de Ibagu\u00e9; los teol\u00f3gicos en la Universidad Pontificia Regina Apostolorum de Roma. Licenciado en Teolog\u00eda y especialista en Teolog\u00eda Patr\u00edstica e Historia de la Teolog\u00eda por la Pontificia Universidad Gregoriana de Roma. Ha sido vicario parroquial, p\u00e1rroco, rector eclesi\u00e1stico de un santuario, profesor del Seminario, director de un Instituto de Teolog\u00eda y Pastoral, y de una emisora cat\u00f3lica. Escritor de 7 libros de historia regional de la Iglesia para las arquidi\u00f3cesis de Popay\u00e1n e Ibagu\u00e9 y la di\u00f3cesis de Pereira","url":"https:\/\/exaudi.org\/es\/author\/raulortiz\/"}]}},"jetpack_featured_media_url":"https:\/\/exaudi.org\/wp-content\/uploads\/2021\/12\/Disen\u0303o-sin-ti\u0301tulo-85.jpg","jetpack_shortlink":"https:\/\/wp.me\/pgKjF2-chC","_links":{"self":[{"href":"https:\/\/exaudi.org\/es\/wp-json\/wp\/v2\/posts\/47220","targetHints":{"allow":["GET"]}}],"collection":[{"href":"https:\/\/exaudi.org\/es\/wp-json\/wp\/v2\/posts"}],"about":[{"href":"https:\/\/exaudi.org\/es\/wp-json\/wp\/v2\/types\/post"}],"author":[{"embeddable":true,"href":"https:\/\/exaudi.org\/es\/wp-json\/wp\/v2\/users\/76"}],"replies":[{"embeddable":true,"href":"https:\/\/exaudi.org\/es\/wp-json\/wp\/v2\/comments?post=47220"}],"version-history":[{"count":0,"href":"https:\/\/exaudi.org\/es\/wp-json\/wp\/v2\/posts\/47220\/revisions"}],"wp:featuredmedia":[{"embeddable":true,"href":"https:\/\/exaudi.org\/es\/wp-json\/wp\/v2\/media\/47585"}],"wp:attachment":[{"href":"https:\/\/exaudi.org\/es\/wp-json\/wp\/v2\/media?parent=47220"}],"wp:term":[{"taxonomy":"category","embeddable":true,"href":"https:\/\/exaudi.org\/es\/wp-json\/wp\/v2\/categories?post=47220"},{"taxonomy":"post_tag","embeddable":true,"href":"https:\/\/exaudi.org\/es\/wp-json\/wp\/v2\/tags?post=47220"}],"curies":[{"name":"wp","href":"https:\/\/api.w.org\/{rel}","templated":true}]}}