{"id":46750,"date":"2021-12-22T10:39:12","date_gmt":"2021-12-22T09:39:12","guid":{"rendered":"https:\/\/exaudi.org\/?p=46750"},"modified":"2022-01-03T10:57:23","modified_gmt":"2022-01-03T09:57:23","slug":"rusia-el-papa-se-reune-con-el-metropolitano-hilarion","status":"publish","type":"post","link":"https:\/\/exaudi.org\/es\/rusia-el-papa-se-reune-con-el-metropolitano-hilarion\/","title":{"rendered":"Rusia: El Papa se re\u00fane con el metropolitano Hilari\u00f3n"},"content":{"rendered":"<p>Esta ma\u00f1ana, antes de la <a href=\"https:\/\/exaudi.org\/es\/llevar-a-belen-a-los-pobres-que-son-sacramento-de-cristo\/\" target=\"_blank\" rel=\"noopener\">audiencia general<\/a>, a las 7:50 horas, el Papa Francisco se reuni\u00f3 \u201cen esp\u00edritu de fraternidad\u201d con el metropolitano de Volokolamsk, Hilari\u00f3n Alfeyev, presidente del Departamento de Relaciones Exteriores del Patriarcado de Mosc\u00fa (Rusia), en el estudio del Aula Pablo VI. As\u00ed inform\u00f3 el director de la Oficina de Prensa de la Santa Sede hoy, 22 de diciembre de 2021.<\/p>\n<p><img loading=\"lazy\" decoding=\"async\" class=\"size-medium wp-image-46819 alignleft\" src=\"https:\/\/exaudi.org\/wp-content\/uploads\/2021\/12\/DSC1293-300x200.jpg\" alt=\"\" width=\"300\" height=\"200\" srcset=\"https:\/\/exaudi.org\/wp-content\/uploads\/2021\/12\/DSC1293-300x200.jpg 300w, https:\/\/exaudi.org\/wp-content\/uploads\/2021\/12\/DSC1293-1024x683.jpg 1024w, https:\/\/exaudi.org\/wp-content\/uploads\/2021\/12\/DSC1293-770x513.jpg 770w, https:\/\/exaudi.org\/wp-content\/uploads\/2021\/12\/DSC1293-1536x1024.jpg 1536w, https:\/\/exaudi.org\/wp-content\/uploads\/2021\/12\/DSC1293-2048x1365.jpg 2048w, https:\/\/exaudi.org\/wp-content\/uploads\/2021\/12\/DSC1293-360x240.jpg?crop=1 360w, https:\/\/exaudi.org\/wp-content\/uploads\/2021\/12\/DSC1293-500x333.jpg 500w, https:\/\/exaudi.org\/wp-content\/uploads\/2021\/12\/DSC1293-1155x770.jpg 1155w, https:\/\/exaudi.org\/wp-content\/uploads\/2021\/12\/DSC1293-370x247.jpg 370w, https:\/\/exaudi.org\/wp-content\/uploads\/2021\/12\/DSC1293-293x195.jpg 293w, https:\/\/exaudi.org\/wp-content\/uploads\/2021\/12\/DSC1293-1400x933.jpg 1400w, https:\/\/exaudi.org\/wp-content\/uploads\/2021\/12\/DSC1293-120x80.jpg 120w, https:\/\/exaudi.org\/wp-content\/uploads\/2021\/12\/DSC1293-240x160.jpg 240w, https:\/\/exaudi.org\/wp-content\/uploads\/2021\/12\/DSC1293-390x260.jpg 390w\" sizes=\"auto, (max-width: 300px) 100vw, 300px\" \/>\u201cDurante la conversaci\u00f3n, que se desarroll\u00f3 en un esp\u00edritu de fraternidad, se debatieron una serie de cuestiones que son motivo de preocupaci\u00f3n com\u00fan y para las que existe un compromiso com\u00fan de buscar respuestas humanas y espirituales concretas\u201d, se lee en el comunicado.<\/p>\n<p>Durante el encuentro, \u201cel Santo Padre pudo agradecer los mejores deseos por su 85\u00ba cumplea\u00f1os, tra\u00eddos por el metropolitano Hilari\u00f3n en su nombre y en el del Patriarca Kirill\u201d. Por su parte, \u201cel Papa expres\u00f3 sentimientos de afecto y cercan\u00eda a la Iglesia rusa y a su patriarca Kirill, que recientemente cumpli\u00f3 75 a\u00f1os, recordando con gratitud el camino de fraternidad realizado juntos y la conversaci\u00f3n mantenida en La Habana en 2016\u201d.<\/p>\n<h2><strong>Intercambio de regalos<\/strong><\/h2>\n<p><img loading=\"lazy\" decoding=\"async\" class=\"size-medium wp-image-46831 alignright\" src=\"https:\/\/exaudi.org\/wp-content\/uploads\/2021\/12\/DSC1319-300x200.jpg\" alt=\"\" width=\"300\" height=\"200\" srcset=\"https:\/\/exaudi.org\/wp-content\/uploads\/2021\/12\/DSC1319-300x200.jpg 300w, https:\/\/exaudi.org\/wp-content\/uploads\/2021\/12\/DSC1319-1024x683.jpg 1024w, https:\/\/exaudi.org\/wp-content\/uploads\/2021\/12\/DSC1319-770x513.jpg 770w, https:\/\/exaudi.org\/wp-content\/uploads\/2021\/12\/DSC1319-1536x1024.jpg 1536w, https:\/\/exaudi.org\/wp-content\/uploads\/2021\/12\/DSC1319-2048x1365.jpg 2048w, https:\/\/exaudi.org\/wp-content\/uploads\/2021\/12\/DSC1319-360x240.jpg?crop=1 360w, https:\/\/exaudi.org\/wp-content\/uploads\/2021\/12\/DSC1319-500x333.jpg 500w, https:\/\/exaudi.org\/wp-content\/uploads\/2021\/12\/DSC1319-1155x770.jpg 1155w, https:\/\/exaudi.org\/wp-content\/uploads\/2021\/12\/DSC1319-370x247.jpg 370w, https:\/\/exaudi.org\/wp-content\/uploads\/2021\/12\/DSC1319-293x195.jpg 293w, https:\/\/exaudi.org\/wp-content\/uploads\/2021\/12\/DSC1319-1400x933.jpg 1400w, https:\/\/exaudi.org\/wp-content\/uploads\/2021\/12\/DSC1319-120x80.jpg 120w, https:\/\/exaudi.org\/wp-content\/uploads\/2021\/12\/DSC1319-240x160.jpg 240w, https:\/\/exaudi.org\/wp-content\/uploads\/2021\/12\/DSC1319-390x260.jpg 390w\" sizes=\"auto, (max-width: 300px) 100vw, 300px\" \/>Al final, Francisco e Hilarion intercambiaron regalos. De acuerdo a la Santa Sede, \u201cde parte de Su Eminencia Hilari\u00f3n un icono de Nuestra Se\u00f1ora \u2018del Signo\u2019, y por parte del Santo Padre \u201cun mosaico que representa a Nuestra Se\u00f1ora \u2018<em>synkatabasis <\/em>de Dios\u2019, as\u00ed como vol\u00famenes de documentos papales, el Mensaje de Paz para 2022 y el <a href=\"https:\/\/www.vatican.va\/content\/francesco\/es\/travels\/2019\/outside\/documents\/papa-francesco_20190204_documento-fratellanza-umana.html\" target=\"_blank\" rel=\"noopener\">Documento sobre la Fraternidad Humana<\/a>\u201d.<\/p>\n<p>\u201cPoco antes de las 8:50, el Papa y el metropolitano se despidieron\u201d, concluye el comunicado.<\/p>\n<h2><strong>El Papa, dispuesto a ir a Mosc\u00fa<\/strong><\/h2>\n<p><img loading=\"lazy\" decoding=\"async\" class=\"alignleft wp-image-46828 size-full\" src=\"https:\/\/exaudi.org\/wp-content\/uploads\/2021\/12\/DSC1394-scaled.jpg\" alt=\"\" width=\"1707\" height=\"2560\" srcset=\"https:\/\/exaudi.org\/wp-content\/uploads\/2021\/12\/DSC1394-scaled.jpg 1707w, https:\/\/exaudi.org\/wp-content\/uploads\/2021\/12\/DSC1394-200x300.jpg 200w, https:\/\/exaudi.org\/wp-content\/uploads\/2021\/12\/DSC1394-683x1024.jpg 683w, https:\/\/exaudi.org\/wp-content\/uploads\/2021\/12\/DSC1394-770x1155.jpg 770w, https:\/\/exaudi.org\/wp-content\/uploads\/2021\/12\/DSC1394-1024x1536.jpg 1024w, https:\/\/exaudi.org\/wp-content\/uploads\/2021\/12\/DSC1394-1365x2048.jpg 1365w, https:\/\/exaudi.org\/wp-content\/uploads\/2021\/12\/DSC1394-500x750.jpg 500w, https:\/\/exaudi.org\/wp-content\/uploads\/2021\/12\/DSC1394-293x440.jpg 293w, https:\/\/exaudi.org\/wp-content\/uploads\/2021\/12\/DSC1394-1400x2100.jpg 1400w, https:\/\/exaudi.org\/wp-content\/uploads\/2021\/12\/DSC1394-390x585.jpg 390w\" sizes=\"auto, (max-width: 1707px) 100vw, 1707px\" \/>En la <a href=\"https:\/\/exaudi.org\/es\/papa-vuelo-regreso-moscu\/\" target=\"_blank\" rel=\"noopener\">rueda de prensa del viaje de vuelta de su \u00faltimo viaje apost\u00f3lico a Chipre Grecia<\/a>, el Pont\u00edfice habl\u00f3 de las relaciones con la Iglesia Ortodoxa y sobre este encuentro con el presidente del Departamento de Relaciones Exteriores del Patriarcado de Mosc\u00fa : \u201cEn el horizonte no muy lejano est\u00e1 un encuentro con el Patriarca Kyrill (Cirilo), creo que la semana que viene Hilari\u00f3n vendr\u00e1 a verme para acordar un posible encuentro\u201d.<\/p>\n<p>Y a\u00f1adi\u00f3 \u201cyo estoy siempre dispuesto a ir a Mosc\u00fa, para dialogar con un hermano. Para dialogar con un hermano no hay protocolos, un hermano ortodoxo que se llame Cirilo, Crist\u00f3stomo, Jer\u00f3nimo, y cuando nos encontramos no bailamos el minu\u00e9, nos decimos las cosas a la cara, pero como hermanos. Y es bueno ver a los hermanos discutiendo porque pertenecen a la misma madre, la Madre Iglesia (\u2026).<\/p>\n","protected":false},"excerpt":{"rendered":"<p>Encuentro \u201cen esp\u00edritu de fraternidad\u201d con el representante del Patriarcado Ortodoxo de Mosc\u00fa<\/p>\n","protected":false},"author":5,"featured_media":46822,"comment_status":"closed","ping_status":"closed","sticky":false,"template":"","format":"standard","meta":{"_acf_changed":false,"_crdt_document":"","inline_featured_image":false,"footnotes":""},"categories":[68],"tags":[5290,158,5291,4953],"class_list":["post-46750","post","type-post","status-publish","format-standard","has-post-thumbnail","hentry","category-leon-xiv","tag-metropolitano-hilarion","tag-papa-francisco","tag-patriarcado-ortodoxo-de-moscu","tag-trending-es"],"acf":[],"yoast_head":"<!-- This site is optimized with the Yoast SEO plugin v27.5 - https:\/\/yoast.com\/product\/yoast-seo-wordpress\/ -->\n<title>Rusia: El Papa se re\u00fane con el metropolitano Hilari\u00f3n &#8211; Exaudi<\/title>\n<meta name=\"description\" content=\"El Papa se reuni\u00f3 con el metropolitano Hilari\u00f3n, presidente del Departamento de Relaciones Exteriores del Patriarcado de Mosc\u00fa (Rusia)\" \/>\n<meta name=\"robots\" content=\"index, follow, max-snippet:-1, max-image-preview:large, max-video-preview:-1\" \/>\n<link rel=\"canonical\" href=\"https:\/\/exaudi.org\/es\/rusia-el-papa-se-reune-con-el-metropolitano-hilarion\/\" \/>\n<meta property=\"og:locale\" content=\"es_ES\" \/>\n<meta property=\"og:type\" content=\"article\" \/>\n<meta property=\"og:title\" content=\"Rusia: El Papa se re\u00fane con el metropolitano Hilari\u00f3n &#8211; Exaudi\" \/>\n<meta property=\"og:description\" content=\"El Papa se reuni\u00f3 con el metropolitano Hilari\u00f3n, presidente del Departamento de Relaciones Exteriores del Patriarcado de Mosc\u00fa (Rusia)\" \/>\n<meta property=\"og:url\" content=\"https:\/\/exaudi.org\/es\/rusia-el-papa-se-reune-con-el-metropolitano-hilarion\/\" \/>\n<meta property=\"og:site_name\" content=\"Exaudi\" \/>\n<meta property=\"article:publisher\" content=\"https:\/\/www.facebook.com\/ExaudiNews\" \/>\n<meta property=\"article:published_time\" content=\"2021-12-22T09:39:12+00:00\" \/>\n<meta property=\"article:modified_time\" content=\"2022-01-03T09:57:23+00:00\" \/>\n<meta property=\"og:image\" content=\"https:\/\/exaudi.org\/wp-content\/uploads\/2021\/12\/DSC1403-1-scaled.jpg\" \/>\n\t<meta property=\"og:image:width\" content=\"2560\" \/>\n\t<meta property=\"og:image:height\" content=\"1707\" \/>\n\t<meta property=\"og:image:type\" content=\"image\/jpeg\" \/>\n<meta name=\"author\" content=\"Larissa I. L\u00f3pez\" \/>\n<meta name=\"twitter:card\" content=\"summary_large_image\" \/>\n<meta name=\"twitter:creator\" content=\"@Exaudi_News\" \/>\n<meta name=\"twitter:site\" content=\"@Exaudi_News\" \/>\n<meta name=\"twitter:label1\" content=\"Escrito por\" \/>\n\t<meta name=\"twitter:data1\" content=\"Larissa I. L\u00f3pez\" \/>\n\t<meta name=\"twitter:label2\" content=\"Tiempo de lectura\" \/>\n\t<meta name=\"twitter:data2\" content=\"3 minutos\" \/>\n<script type=\"application\/ld+json\" class=\"yoast-schema-graph\">{\"@context\":\"https:\\\/\\\/schema.org\",\"@graph\":[{\"@type\":\"Article\",\"@id\":\"https:\\\/\\\/exaudi.org\\\/es\\\/rusia-el-papa-se-reune-con-el-metropolitano-hilarion\\\/#article\",\"isPartOf\":{\"@id\":\"https:\\\/\\\/exaudi.org\\\/es\\\/rusia-el-papa-se-reune-con-el-metropolitano-hilarion\\\/\"},\"author\":{\"name\":\"Larissa I. L\u00f3pez\",\"@id\":\"https:\\\/\\\/exaudi.org\\\/#\\\/schema\\\/person\\\/7d2f77db033c2c0929edfab6dbe8c588\"},\"headline\":\"Rusia: El Papa se re\u00fane con el metropolitano Hilari\u00f3n\",\"datePublished\":\"2021-12-22T09:39:12+00:00\",\"dateModified\":\"2022-01-03T09:57:23+00:00\",\"mainEntityOfPage\":{\"@id\":\"https:\\\/\\\/exaudi.org\\\/es\\\/rusia-el-papa-se-reune-con-el-metropolitano-hilarion\\\/\"},\"wordCount\":431,\"image\":{\"@id\":\"https:\\\/\\\/exaudi.org\\\/es\\\/rusia-el-papa-se-reune-con-el-metropolitano-hilarion\\\/#primaryimage\"},\"thumbnailUrl\":\"https:\\\/\\\/exaudi.org\\\/wp-content\\\/uploads\\\/2021\\\/12\\\/DSC1403-1-scaled.jpg\",\"keywords\":[\"Metropolitano Hilari\u00f3n\",\"papa francisco\",\"Patriarcado ortodoxo de Mosc\u00fa\",\"Trending\"],\"articleSection\":[\"Le\u00f3n XIV\"],\"inLanguage\":\"es\"},{\"@type\":\"WebPage\",\"@id\":\"https:\\\/\\\/exaudi.org\\\/es\\\/rusia-el-papa-se-reune-con-el-metropolitano-hilarion\\\/\",\"url\":\"https:\\\/\\\/exaudi.org\\\/es\\\/rusia-el-papa-se-reune-con-el-metropolitano-hilarion\\\/\",\"name\":\"Rusia: El Papa se re\u00fane con el metropolitano Hilari\u00f3n &#8211; Exaudi\",\"isPartOf\":{\"@id\":\"https:\\\/\\\/exaudi.org\\\/#website\"},\"primaryImageOfPage\":{\"@id\":\"https:\\\/\\\/exaudi.org\\\/es\\\/rusia-el-papa-se-reune-con-el-metropolitano-hilarion\\\/#primaryimage\"},\"image\":{\"@id\":\"https:\\\/\\\/exaudi.org\\\/es\\\/rusia-el-papa-se-reune-con-el-metropolitano-hilarion\\\/#primaryimage\"},\"thumbnailUrl\":\"https:\\\/\\\/exaudi.org\\\/wp-content\\\/uploads\\\/2021\\\/12\\\/DSC1403-1-scaled.jpg\",\"datePublished\":\"2021-12-22T09:39:12+00:00\",\"dateModified\":\"2022-01-03T09:57:23+00:00\",\"author\":{\"@id\":\"https:\\\/\\\/exaudi.org\\\/#\\\/schema\\\/person\\\/7d2f77db033c2c0929edfab6dbe8c588\"},\"description\":\"El Papa se reuni\u00f3 con el metropolitano Hilari\u00f3n, presidente del Departamento de Relaciones Exteriores del Patriarcado de Mosc\u00fa (Rusia)\",\"breadcrumb\":{\"@id\":\"https:\\\/\\\/exaudi.org\\\/es\\\/rusia-el-papa-se-reune-con-el-metropolitano-hilarion\\\/#breadcrumb\"},\"inLanguage\":\"es\",\"potentialAction\":[{\"@type\":\"ReadAction\",\"target\":[\"https:\\\/\\\/exaudi.org\\\/es\\\/rusia-el-papa-se-reune-con-el-metropolitano-hilarion\\\/\"]}]},{\"@type\":\"ImageObject\",\"inLanguage\":\"es\",\"@id\":\"https:\\\/\\\/exaudi.org\\\/es\\\/rusia-el-papa-se-reune-con-el-metropolitano-hilarion\\\/#primaryimage\",\"url\":\"https:\\\/\\\/exaudi.org\\\/wp-content\\\/uploads\\\/2021\\\/12\\\/DSC1403-1-scaled.jpg\",\"contentUrl\":\"https:\\\/\\\/exaudi.org\\\/wp-content\\\/uploads\\\/2021\\\/12\\\/DSC1403-1-scaled.jpg\",\"width\":2560,\"height\":1707,\"caption\":\"El Papa Francisco con el metropolitano Hilari\u00f3n, 22 dic. 2021 \u00a9 Vatican Media\"},{\"@type\":\"BreadcrumbList\",\"@id\":\"https:\\\/\\\/exaudi.org\\\/es\\\/rusia-el-papa-se-reune-con-el-metropolitano-hilarion\\\/#breadcrumb\",\"itemListElement\":[{\"@type\":\"ListItem\",\"position\":1,\"name\":\"Portada\",\"item\":\"https:\\\/\\\/exaudi.org\\\/es\\\/\"},{\"@type\":\"ListItem\",\"position\":2,\"name\":\"Rusia: El Papa se re\u00fane con el metropolitano Hilari\u00f3n\"}]},{\"@type\":\"WebSite\",\"@id\":\"https:\\\/\\\/exaudi.org\\\/#website\",\"url\":\"https:\\\/\\\/exaudi.org\\\/\",\"name\":\"Exaudi\",\"description\":\"News\",\"potentialAction\":[{\"@type\":\"SearchAction\",\"target\":{\"@type\":\"EntryPoint\",\"urlTemplate\":\"https:\\\/\\\/exaudi.org\\\/?s={search_term_string}\"},\"query-input\":{\"@type\":\"PropertyValueSpecification\",\"valueRequired\":true,\"valueName\":\"search_term_string\"}}],\"inLanguage\":\"es\"},{\"@type\":\"Person\",\"@id\":\"https:\\\/\\\/exaudi.org\\\/#\\\/schema\\\/person\\\/7d2f77db033c2c0929edfab6dbe8c588\",\"name\":\"Larissa I. L\u00f3pez\",\"image\":{\"@type\":\"ImageObject\",\"inLanguage\":\"es\",\"@id\":\"https:\\\/\\\/secure.gravatar.com\\\/avatar\\\/db3ef399ff343d0bb9d25dc5198bc8ece5ac6d621eca79876697a354dabc1e3f?s=96&d=mm&r=g\",\"url\":\"https:\\\/\\\/secure.gravatar.com\\\/avatar\\\/db3ef399ff343d0bb9d25dc5198bc8ece5ac6d621eca79876697a354dabc1e3f?s=96&d=mm&r=g\",\"contentUrl\":\"https:\\\/\\\/secure.gravatar.com\\\/avatar\\\/db3ef399ff343d0bb9d25dc5198bc8ece5ac6d621eca79876697a354dabc1e3f?s=96&d=mm&r=g\",\"caption\":\"Larissa I. L\u00f3pez\"},\"description\":\"Doctora en Comunicaci\u00f3n. Mi trayectoria profesional ha transcurrido entre el \u00e1mbito de la comunicaci\u00f3n y el de la docencia. En los \u00faltimos a\u00f1os, he trabajado como coordinadora y redactora de la edici\u00f3n de ZENIT en espa\u00f1ol. Como profesora, he impartido clases en la universidad y en centros de FP y bachillerato. Cordobesa de nacimiento, tambi\u00e9n he vivido en Sevilla, Madrid y Roma\",\"url\":\"https:\\\/\\\/exaudi.org\\\/es\\\/author\\\/llopezexaudi-org\\\/\"}]}<\/script>\n<!-- \/ Yoast SEO plugin. -->","yoast_head_json":{"title":"Rusia: El Papa se re\u00fane con el metropolitano Hilari\u00f3n &#8211; Exaudi","description":"El Papa se reuni\u00f3 con el metropolitano Hilari\u00f3n, presidente del Departamento de Relaciones Exteriores del Patriarcado de Mosc\u00fa (Rusia)","robots":{"index":"index","follow":"follow","max-snippet":"max-snippet:-1","max-image-preview":"max-image-preview:large","max-video-preview":"max-video-preview:-1"},"canonical":"https:\/\/exaudi.org\/es\/rusia-el-papa-se-reune-con-el-metropolitano-hilarion\/","og_locale":"es_ES","og_type":"article","og_title":"Rusia: El Papa se re\u00fane con el metropolitano Hilari\u00f3n &#8211; Exaudi","og_description":"El Papa se reuni\u00f3 con el metropolitano Hilari\u00f3n, presidente del Departamento de Relaciones Exteriores del Patriarcado de Mosc\u00fa (Rusia)","og_url":"https:\/\/exaudi.org\/es\/rusia-el-papa-se-reune-con-el-metropolitano-hilarion\/","og_site_name":"Exaudi","article_publisher":"https:\/\/www.facebook.com\/ExaudiNews","article_published_time":"2021-12-22T09:39:12+00:00","article_modified_time":"2022-01-03T09:57:23+00:00","og_image":[{"width":2560,"height":1707,"url":"https:\/\/exaudi.org\/wp-content\/uploads\/2021\/12\/DSC1403-1-scaled.jpg","type":"image\/jpeg"}],"author":"Larissa I. L\u00f3pez","twitter_card":"summary_large_image","twitter_creator":"@Exaudi_News","twitter_site":"@Exaudi_News","twitter_misc":{"Escrito por":"Larissa I. L\u00f3pez","Tiempo de lectura":"3 minutos"},"schema":{"@context":"https:\/\/schema.org","@graph":[{"@type":"Article","@id":"https:\/\/exaudi.org\/es\/rusia-el-papa-se-reune-con-el-metropolitano-hilarion\/#article","isPartOf":{"@id":"https:\/\/exaudi.org\/es\/rusia-el-papa-se-reune-con-el-metropolitano-hilarion\/"},"author":{"name":"Larissa I. L\u00f3pez","@id":"https:\/\/exaudi.org\/#\/schema\/person\/7d2f77db033c2c0929edfab6dbe8c588"},"headline":"Rusia: El Papa se re\u00fane con el metropolitano Hilari\u00f3n","datePublished":"2021-12-22T09:39:12+00:00","dateModified":"2022-01-03T09:57:23+00:00","mainEntityOfPage":{"@id":"https:\/\/exaudi.org\/es\/rusia-el-papa-se-reune-con-el-metropolitano-hilarion\/"},"wordCount":431,"image":{"@id":"https:\/\/exaudi.org\/es\/rusia-el-papa-se-reune-con-el-metropolitano-hilarion\/#primaryimage"},"thumbnailUrl":"https:\/\/exaudi.org\/wp-content\/uploads\/2021\/12\/DSC1403-1-scaled.jpg","keywords":["Metropolitano Hilari\u00f3n","papa francisco","Patriarcado ortodoxo de Mosc\u00fa","Trending"],"articleSection":["Le\u00f3n XIV"],"inLanguage":"es"},{"@type":"WebPage","@id":"https:\/\/exaudi.org\/es\/rusia-el-papa-se-reune-con-el-metropolitano-hilarion\/","url":"https:\/\/exaudi.org\/es\/rusia-el-papa-se-reune-con-el-metropolitano-hilarion\/","name":"Rusia: El Papa se re\u00fane con el metropolitano Hilari\u00f3n &#8211; Exaudi","isPartOf":{"@id":"https:\/\/exaudi.org\/#website"},"primaryImageOfPage":{"@id":"https:\/\/exaudi.org\/es\/rusia-el-papa-se-reune-con-el-metropolitano-hilarion\/#primaryimage"},"image":{"@id":"https:\/\/exaudi.org\/es\/rusia-el-papa-se-reune-con-el-metropolitano-hilarion\/#primaryimage"},"thumbnailUrl":"https:\/\/exaudi.org\/wp-content\/uploads\/2021\/12\/DSC1403-1-scaled.jpg","datePublished":"2021-12-22T09:39:12+00:00","dateModified":"2022-01-03T09:57:23+00:00","author":{"@id":"https:\/\/exaudi.org\/#\/schema\/person\/7d2f77db033c2c0929edfab6dbe8c588"},"description":"El Papa se reuni\u00f3 con el metropolitano Hilari\u00f3n, presidente del Departamento de Relaciones Exteriores del Patriarcado de Mosc\u00fa (Rusia)","breadcrumb":{"@id":"https:\/\/exaudi.org\/es\/rusia-el-papa-se-reune-con-el-metropolitano-hilarion\/#breadcrumb"},"inLanguage":"es","potentialAction":[{"@type":"ReadAction","target":["https:\/\/exaudi.org\/es\/rusia-el-papa-se-reune-con-el-metropolitano-hilarion\/"]}]},{"@type":"ImageObject","inLanguage":"es","@id":"https:\/\/exaudi.org\/es\/rusia-el-papa-se-reune-con-el-metropolitano-hilarion\/#primaryimage","url":"https:\/\/exaudi.org\/wp-content\/uploads\/2021\/12\/DSC1403-1-scaled.jpg","contentUrl":"https:\/\/exaudi.org\/wp-content\/uploads\/2021\/12\/DSC1403-1-scaled.jpg","width":2560,"height":1707,"caption":"El Papa Francisco con el metropolitano Hilari\u00f3n, 22 dic. 2021 \u00a9 Vatican Media"},{"@type":"BreadcrumbList","@id":"https:\/\/exaudi.org\/es\/rusia-el-papa-se-reune-con-el-metropolitano-hilarion\/#breadcrumb","itemListElement":[{"@type":"ListItem","position":1,"name":"Portada","item":"https:\/\/exaudi.org\/es\/"},{"@type":"ListItem","position":2,"name":"Rusia: El Papa se re\u00fane con el metropolitano Hilari\u00f3n"}]},{"@type":"WebSite","@id":"https:\/\/exaudi.org\/#website","url":"https:\/\/exaudi.org\/","name":"Exaudi","description":"News","potentialAction":[{"@type":"SearchAction","target":{"@type":"EntryPoint","urlTemplate":"https:\/\/exaudi.org\/?s={search_term_string}"},"query-input":{"@type":"PropertyValueSpecification","valueRequired":true,"valueName":"search_term_string"}}],"inLanguage":"es"},{"@type":"Person","@id":"https:\/\/exaudi.org\/#\/schema\/person\/7d2f77db033c2c0929edfab6dbe8c588","name":"Larissa I. L\u00f3pez","image":{"@type":"ImageObject","inLanguage":"es","@id":"https:\/\/secure.gravatar.com\/avatar\/db3ef399ff343d0bb9d25dc5198bc8ece5ac6d621eca79876697a354dabc1e3f?s=96&d=mm&r=g","url":"https:\/\/secure.gravatar.com\/avatar\/db3ef399ff343d0bb9d25dc5198bc8ece5ac6d621eca79876697a354dabc1e3f?s=96&d=mm&r=g","contentUrl":"https:\/\/secure.gravatar.com\/avatar\/db3ef399ff343d0bb9d25dc5198bc8ece5ac6d621eca79876697a354dabc1e3f?s=96&d=mm&r=g","caption":"Larissa I. L\u00f3pez"},"description":"Doctora en Comunicaci\u00f3n. Mi trayectoria profesional ha transcurrido entre el \u00e1mbito de la comunicaci\u00f3n y el de la docencia. En los \u00faltimos a\u00f1os, he trabajado como coordinadora y redactora de la edici\u00f3n de ZENIT en espa\u00f1ol. Como profesora, he impartido clases en la universidad y en centros de FP y bachillerato. Cordobesa de nacimiento, tambi\u00e9n he vivido en Sevilla, Madrid y Roma","url":"https:\/\/exaudi.org\/es\/author\/llopezexaudi-org\/"}]}},"jetpack_featured_media_url":"https:\/\/exaudi.org\/wp-content\/uploads\/2021\/12\/DSC1403-1-scaled.jpg","jetpack_shortlink":"https:\/\/wp.me\/pgKjF2-ca2","_links":{"self":[{"href":"https:\/\/exaudi.org\/es\/wp-json\/wp\/v2\/posts\/46750","targetHints":{"allow":["GET"]}}],"collection":[{"href":"https:\/\/exaudi.org\/es\/wp-json\/wp\/v2\/posts"}],"about":[{"href":"https:\/\/exaudi.org\/es\/wp-json\/wp\/v2\/types\/post"}],"author":[{"embeddable":true,"href":"https:\/\/exaudi.org\/es\/wp-json\/wp\/v2\/users\/5"}],"replies":[{"embeddable":true,"href":"https:\/\/exaudi.org\/es\/wp-json\/wp\/v2\/comments?post=46750"}],"version-history":[{"count":0,"href":"https:\/\/exaudi.org\/es\/wp-json\/wp\/v2\/posts\/46750\/revisions"}],"wp:featuredmedia":[{"embeddable":true,"href":"https:\/\/exaudi.org\/es\/wp-json\/wp\/v2\/media\/46822"}],"wp:attachment":[{"href":"https:\/\/exaudi.org\/es\/wp-json\/wp\/v2\/media?parent=46750"}],"wp:term":[{"taxonomy":"category","embeddable":true,"href":"https:\/\/exaudi.org\/es\/wp-json\/wp\/v2\/categories?post=46750"},{"taxonomy":"post_tag","embeddable":true,"href":"https:\/\/exaudi.org\/es\/wp-json\/wp\/v2\/tags?post=46750"}],"curies":[{"name":"wp","href":"https:\/\/api.w.org\/{rel}","templated":true}]}}