{"id":46505,"date":"2021-12-20T11:29:26","date_gmt":"2021-12-20T10:29:26","guid":{"rendered":"https:\/\/exaudi.org\/?p=46505"},"modified":"2021-12-20T12:23:29","modified_gmt":"2021-12-20T11:23:29","slug":"xli-premio-mundial-fernando-rielo-de-poesia-mistica-tiene-ganador","status":"publish","type":"post","link":"https:\/\/exaudi.org\/es\/xli-premio-mundial-fernando-rielo-de-poesia-mistica-tiene-ganador\/","title":{"rendered":"XLI Premio Mundial Fernando Rielo de Poes\u00eda M\u00edstica tiene ganador"},"content":{"rendered":"<p><em>Donde m\u00e1s amanece<\/em>, de Daniel Cotta Lobato (C\u00f3rdoba, ESPA\u00d1A) gana el <a href=\"https:\/\/exaudi.org\/es\/xli-premio-mundial-fernando-rielo-de-poesia-mistica-ya-tiene-finalistas\/\" target=\"_blank\" rel=\"noopener\">XLI Premio Mundial Fernando Rielo de Poes\u00eda M\u00edstica<\/a>. La proclamaci\u00f3n de la obra ganadora ha tenido lugar en un acto p\u00fablico desarrollado en formato online este s\u00e1bado 18 de diciembre, a las 17h de Europa, seg\u00fan ha informado una nota de la fundaci\u00f3n.<\/p>\n<p>Con el poemario <em>Donde m\u00e1s amanece<\/em>, Daniel Cotta Lobato ha obtenido el XLI Premio Mundial Fernando Rielo de Poes\u00eda M\u00edstica, con una dotaci\u00f3n de 7.000 \u20ac, la edici\u00f3n de la obra y una medalla conmemorativa. La obra ha sido seleccionada de entre 267 poemarios procedentes de 28 pa\u00edses.<\/p>\n<p>Seg\u00fan informa la propia fundaci\u00f3n, la obra ganadora, <em>Donde m\u00e1s amanece<\/em>, est\u00e1 formada por sonetos, algunas d\u00e9cimas endecas\u00edlabas y composiciones no estr\u00f3ficas, que explora la presencia escondida de Dios en la cotidianeidad e indaga en sus claves m\u00e1s \u00edntimas. El poeta sabe descubrir, en medio de la roma realidad, el asombro de lo sobrenatural, y nos proporciona a menudo finales sorpresivos, que nos sumergen en una atm\u00f3sfera celestial.<\/p>\n<p>En dicha obra el yo l\u00edrico que habla se hace pr\u00f3jimo en un texto expansivo. El poemario se constituye en un cuaderno de bit\u00e1cora universal, en el que el yo po\u00e9tico es todos los hombres y mujeres, todas las historias, como en un abrazo abarcador. Esa experiencia brota de la adhesi\u00f3n a Dios, quien es todo en todos; es una m\u00edstica de la fraternidad, del amor desinteresado del samaritano<\/p>\n<p>El presidente de la <a href=\"https:\/\/rielo.com\/\" target=\"_blank\" rel=\"noopener\">Fundaci\u00f3n Fernando Rielo<\/a>, el padre Jes\u00fas Fern\u00e1ndez Hern\u00e1ndez, en su mensaje dirigido a todos los asistentes afirm\u00f3: \u201cla poes\u00eda, en opini\u00f3n de Fernando Rielo, nace con el hombre\u201d. \u201cD\u00e9bese esta grandeza del lenguaje a que la poes\u00eda recrea lo que no puede hacer la ciencia: el doliente pensamiento de una criatura humana que no logra descifrar el misterio de s\u00ed misma\u201d<a href=\"#_ftn1\" name=\"_ftnref1\"><sup>[1]<\/sup><\/a>. La poes\u00eda est\u00e1 en el interior del ser humano, pero \u201cse hace poema cuando los m\u00faltiples recursos de una lengua se ponen en funci\u00f3n de las escogidas im\u00e1genes est\u00e9ticas que evocan la verdad, la bondad y la belleza del llanto del amor\u201d<a href=\"#_ftn2\" name=\"_ftnref2\"><sup>[2]<\/sup><\/a>\u201c.<\/p>\n<p>M\u00e1s adelante a\u00f1ad\u00eda: \u201cEste premio mundial de poes\u00eda m\u00edstica, en sus 41 a\u00f1os de existencia, ha tenido la misi\u00f3n de hacer frente a una \u201cpoes\u00eda d\u00e9bil\u201d, que ha estado huyendo del natural esfuerzo y de la exigencia interior de inspiraci\u00f3n. \u201cLa inspiraci\u00f3n \u2014ven\u00eda a decir Federico Garc\u00eda Lorca\u2014 est\u00e1 bien, pero realmente m\u00e1s te vale que te pille trabajando\u201d. Suyas son las palabras textuales: \u201cSi es verdad que soy poeta por la gracia de Dios, tambi\u00e9n lo es que lo soy por la gracia de la t\u00e9cnica y del esfuerzo\u201d<a href=\"#_ftn3\" name=\"_ftnref3\"><sup>[3]<\/sup><\/a>\u201c<\/p>\n<p>Para concluir, el presidente del premio recordaba las palabras exhortativas con las que Fernando Rielo terminaba su discurso del Premio Mundial de Poes\u00eda M\u00edstica de 1990: \u201cConvoco a los j\u00f3venes para alzaros de nuevo, como en tiempos antiguos, a descubrir la vida m\u00edstica hasta alcanzar con incesante paso la cima de esa uni\u00f3n que san Juan de la Cruz define por total transformaci\u00f3n de amor en el Amado donde vuestra alma quede, cuanto se puede en esta vida, hecha divina. Caminad recogidos por los tres regios claustros o potencias que digo del alma y su virtud: una mente formada en fe, una voluntad formada en esperanza, y una libertad formada en el amor\u201d<a href=\"#_ftn4\" name=\"_ftnref4\"><sup>[4]<\/sup><\/a>.<\/p>\n<h2>Los otros <strong>finalistas<\/strong> fueron<\/h2>\n<p>Adela Guerrero Collazos (Cali, Colombia), Carlos Gonz\u00e1lez Garc\u00eda (Fresnedillas de la Oliva, Madrid, Espa\u00f1a), Edgardo Alarc\u00f3n Romero (Curic\u00f3, Chile), Jes\u00fas Antonio Loya Gonz\u00e1lez (Chihuahua, M\u00e9xico), Jes\u00fas Mart\u00ednez Garc\u00eda (Zaragoza, Espa\u00f1a), Porfirio Salazar (Cocl\u00e9, Panam\u00e1), Robert M. Randolph (Carmichaels, Pensilvania, Estados Unidos) y Rosa Catarina Pi\u00f1eiro Fari\u00f1a (Vilagarc\u00eda de Arousa, Pontevedra, Espa\u00f1a)<em>.<\/em><\/p>\n<p>El Jurado estuvo conformado por D. Jes\u00fas Fern\u00e1ndez Hern\u00e1ndez, Presidente de la Fundaci\u00f3n y del Jurado; el Dr. D. Dar\u00edo Villanueva Prieto, miembro de la Real Academia Espa\u00f1ola y Catedr\u00e1tico de Teor\u00eda de la Literatura y Literatura Comparada de la Universidad de Santiago de Compostela. Desde octubre de 2020 Profesor em\u00e9rito de la misma; Dr. D. Santiago Acosta Aide, Rector de la Universidad T\u00e9cnica Particular de Loja, y cr\u00edtico literario; D. David Gregory Murray, Cr\u00edtico literario y el Dr. D. Jos\u00e9 M\u00aa L\u00f3pez Sevillano, Secretario Permanente del Premio.<\/p>\n<p>La presente edidic\u00f3n del Premio ha contado con un amplio Comit\u00e9 de Honor conformado por el Excmo. y Rvdmo. Sr. D. Carlos Osoro Sierra, Cardenal Arzobispo de Madrid, y Presidente del Comit\u00e9 de Honor; el Excmo. Sr. D. Luis Mar\u00eda Anson, Miembro de la Real Academia Espa\u00f1ola; Excma. Sra. Dra. D\u00aa Aurora Egido Mart\u00ednez, Secretaria de la Real Academia Espa\u00f1ola; el Excmo. Sr. Dr. D. Luis Alberto de Cuenca, miembro de la Real Academia de la Historia y poeta; la Excma. Sra.\u00a0 Dra. D\u00aa Mirian de las Mercedes Cort\u00e9s Di\u00e9guez, Rectora Magn\u00edfica de la Universidad Pontificia de Salamanca; el Excmo. Sr. Dr. D. Javier Prades L\u00f3pez, Rector Magn\u00edfico de la Universidad Eclesi\u00e1stica San D\u00e1maso; el Excmo. Sr. D. Juan Van-Halen Acedo, poeta y Presidente de la Asociaci\u00f3n de Escritores y Artistas Espa\u00f1oles; el Excmo. Sr. D. Ram\u00f3n Pernas L\u00f3pez, escritor. Miembro de la Academia Pontificia Auriense-Mindoniense de San Rosendo; el Excmo. Sr. Dr. D. Jes\u00fas Mu\u00f1oz Diez, prorrector de la Universidad Pontifica de Ecuador Sede Ibarra; la Excma. Sra. Dra. D\u00aa Luj\u00e1n Gonz\u00e1lez Portela, Prorrector de la Universidad Pontidfica de Ecuador Sede Santo Domingo; el Ilmo. Sr. Dr. D. Andr\u00e9s S\u00e1nchez Robayna, poeta y Catedr\u00e1tico de la Universidad de La Laguna; el Ilmo. Sr. D. Jaime Siles Ruiz, poeta y Catedr\u00e1tico de la Universidad de Valencia, y el Dr. D. Francisco Javier Sancho, Director del Centro Internacional Teresiano Sanjuanista.<\/p>\n<p>Esta XLI edici\u00f3n, es la segunda ocasi\u00f3n en que el Acto del fallo ha debido realizarse de forma on-line, lo que ha facilitado la asistencia de numerosas personas de pa\u00edses de todo el mundo. El prestigio adquirido a lo largo de estos 41 a\u00f1os ha hecho posible que se haya celebrado en sedes tan relevantes como la UNESCO, la ONU, el Campidoglio del Ayuntamiento de Roma, la Sala G\u00f3tica del Ayuntamiento de Colonia, la Embajada de Espa\u00f1a ante la Santa Sede, el Instituto Cervantes en sus sedes de Roma y Nueva York, o la Universidad Pontificia de Salamanca entre otras.<\/p>\n<p>Por \u00faltimo, el car\u00e1cter ecum\u00e9nico del premio ha hecho que lo hayan obtenido poetas de distintas confesiones religiosas, demostrando la capacidad de la poes\u00eda m\u00edstica para unir a las culturas y a las religiones.<\/p>\n<h2><strong>Breves notas biogr\u00e1ficas de Daniel Cotta Lobato (1974 )<\/strong><\/h2>\n<p><strong>\u00a0<\/strong><strong>Daniel Cotta Lobato\u00a0<\/strong>naci\u00f3 en M\u00e1laga en 1974, aunque reside en C\u00f3rdoba desde 2008. Es Licenciado en Filolog\u00eda Hisp\u00e1nica y ejerce en la actualidad como profesor de Lengua en el instituto Nuevas Poblaciones de La Carlota (C\u00f3rdoba).<\/p>\n<p>En el campo de la narrativa, ha publicado tres libros: la s\u00e1tira\u00a0<em>Videojugarse la vida\u00a0<\/em>(Funambulista, 2012), la novela hist\u00f3rica\u00a0<em>Verdugos de la media luna\u00a0<\/em>(Almuzara, 2018) y la novela infantil\u00a0<em>El duende de los videojuegos\u00a0<\/em>(Premium, 2019), que obtuvo el Premio de Narrativa Infantil y Juvenil de la Diputaci\u00f3n de C\u00f3rdoba en 2017.<\/p>\n<p>Como poeta, ha publicado\u00a0<em>Beethoven explicado para sordos\u00a0<\/em>(Diputaci\u00f3n de C\u00f3rdoba, 2016),\u00a0<em>Alma inmortalmente enferma\u00a0<\/em>(De Torres, 2017),\u00a0<em>Como si nada\u00a0<\/em>(Libros Canto y Cuento, 2017),\u00a0<em>Dios a media voz\u00a0<\/em>(Gollar\u00edn, 2019), ganador del Premio San Juan de la Cruz de Poes\u00eda M\u00edstica de Caravaca;\u00a0<em>El beso de buenas noches\u00a0<\/em>(Renacimiento, 2020);\u00a0<em>Alpinistas de Marte<\/em>\u00a0(Pre-Textos, 2020), ganador del Premio Internacional de Poes\u00eda Antonio Oliver Belm\u00e1s; y\u00a0<em>Alumbramiento\u00a0<\/em>(Adon\u00e1is, 2021).<\/p>\n<p>Como dramaturgo, ha publicado\u00a0<em>Amni\u00f3tica\u00a0<\/em>(Libros Canto y Cuento, 2020), cuya adaptaci\u00f3n por Jos\u00e9 Mateos ha sido representada en Jerez, Sevilla, M\u00e1laga y otros escenarios de la geograf\u00eda espa\u00f1ola.<\/p>\n<p>Como ensayista, ha escrito en colaboraci\u00f3n con Enrique Gallud Jardiel la obra humor\u00edstica\u00a0<em>El arte a juicio<\/em>\u00a0(\u00c9ride Ediciones, 2021).<\/p>\n<p>____________________<\/p>\n<p><a href=\"#_ftnref1\" name=\"_ftn1\">[1]<\/a> Fernando Rielo, Mensaje, 6 de diciembre de 1985.<\/p>\n<p><a href=\"#_ftnref2\" name=\"_ftn2\">[2]<\/a> Fernando Rielo, Mensaje, 13 de diciembre de 2000.<\/p>\n<p><a href=\"#_ftnref3\" name=\"_ftn3\">[3]<\/a> F. Garc\u00eda Lorca, <em>Obras completas, <\/em>vol. III, (Barcelona,1997), 308.<\/p>\n<p><a href=\"#_ftnref4\" name=\"_ftn4\">[4]<\/a> Fernando Rielo, Mensaje, 10 de diciembre de 1990.<\/p>\n","protected":false},"excerpt":{"rendered":"<p> Daniel Cotta Lobato con su obra &#8216;Donde m\u00e1s amanece&#8217;<\/p>\n","protected":false},"author":81,"featured_media":46507,"comment_status":"closed","ping_status":"closed","sticky":false,"template":"","format":"standard","meta":{"_acf_changed":false,"_crdt_document":"","inline_featured_image":false,"footnotes":""},"categories":[76],"tags":[5277],"class_list":["post-46505","post","type-post","status-publish","format-standard","has-post-thumbnail","hentry","category-arte-y-cultura","tag-xli-premio-mundial-fernando-rielo-de-poesia-mistica"],"acf":[],"yoast_head":"<!-- This site is optimized with the Yoast SEO plugin v27.4 - https:\/\/yoast.com\/product\/yoast-seo-wordpress\/ -->\n<title>XLI Premio Mundial Fernando Rielo de Poes\u00eda M\u00edstica tiene ganador &#8211; Exaudi<\/title>\n<meta name=\"description\" content=\"Donde m\u00e1s amanece, de Daniel Cotta Lobato (C\u00f3rdoba, ESPA\u00d1A) gana el XLI Premio Mundial Fernando Rielo de Poes\u00eda M\u00edstica.\" \/>\n<meta name=\"robots\" content=\"index, follow, max-snippet:-1, max-image-preview:large, max-video-preview:-1\" \/>\n<link rel=\"canonical\" href=\"https:\/\/exaudi.org\/es\/xli-premio-mundial-fernando-rielo-de-poesia-mistica-tiene-ganador\/\" \/>\n<meta property=\"og:locale\" content=\"es_ES\" \/>\n<meta property=\"og:type\" content=\"article\" \/>\n<meta property=\"og:title\" content=\"XLI Premio Mundial Fernando Rielo de Poes\u00eda M\u00edstica tiene ganador &#8211; Exaudi\" \/>\n<meta property=\"og:description\" content=\"Donde m\u00e1s amanece, de Daniel Cotta Lobato (C\u00f3rdoba, ESPA\u00d1A) gana el XLI Premio Mundial Fernando Rielo de Poes\u00eda M\u00edstica.\" \/>\n<meta property=\"og:url\" content=\"https:\/\/exaudi.org\/es\/xli-premio-mundial-fernando-rielo-de-poesia-mistica-tiene-ganador\/\" \/>\n<meta property=\"og:site_name\" content=\"Exaudi\" \/>\n<meta property=\"article:publisher\" content=\"https:\/\/www.facebook.com\/ExaudiNews\" \/>\n<meta property=\"article:published_time\" content=\"2021-12-20T10:29:26+00:00\" \/>\n<meta property=\"article:modified_time\" content=\"2021-12-20T11:23:29+00:00\" \/>\n<meta property=\"og:image\" content=\"https:\/\/exaudi.org\/wp-content\/uploads\/2021\/12\/Daniel-Cotta-Lobato-scaled.jpg\" \/>\n\t<meta property=\"og:image:width\" content=\"2560\" \/>\n\t<meta property=\"og:image:height\" content=\"1707\" \/>\n\t<meta property=\"og:image:type\" content=\"image\/jpeg\" \/>\n<meta name=\"author\" content=\"Alba Montalvo\" \/>\n<meta name=\"twitter:card\" content=\"summary_large_image\" \/>\n<meta name=\"twitter:creator\" content=\"@Exaudi_News\" \/>\n<meta name=\"twitter:site\" content=\"@Exaudi_News\" \/>\n<meta name=\"twitter:label1\" content=\"Escrito por\" \/>\n\t<meta name=\"twitter:data1\" content=\"Alba Montalvo\" \/>\n\t<meta name=\"twitter:label2\" content=\"Tiempo de lectura\" \/>\n\t<meta name=\"twitter:data2\" content=\"6 minutos\" \/>\n<script type=\"application\/ld+json\" class=\"yoast-schema-graph\">{\"@context\":\"https:\\\/\\\/schema.org\",\"@graph\":[{\"@type\":\"Article\",\"@id\":\"https:\\\/\\\/exaudi.org\\\/es\\\/xli-premio-mundial-fernando-rielo-de-poesia-mistica-tiene-ganador\\\/#article\",\"isPartOf\":{\"@id\":\"https:\\\/\\\/exaudi.org\\\/es\\\/xli-premio-mundial-fernando-rielo-de-poesia-mistica-tiene-ganador\\\/\"},\"author\":{\"name\":\"Alba Montalvo\",\"@id\":\"https:\\\/\\\/exaudi.org\\\/#\\\/schema\\\/person\\\/fc7b3cbb6f4d66ebcb53bf601d7b7eb1\"},\"headline\":\"XLI Premio Mundial Fernando Rielo de Poes\u00eda M\u00edstica tiene ganador\",\"datePublished\":\"2021-12-20T10:29:26+00:00\",\"dateModified\":\"2021-12-20T11:23:29+00:00\",\"mainEntityOfPage\":{\"@id\":\"https:\\\/\\\/exaudi.org\\\/es\\\/xli-premio-mundial-fernando-rielo-de-poesia-mistica-tiene-ganador\\\/\"},\"wordCount\":1439,\"image\":{\"@id\":\"https:\\\/\\\/exaudi.org\\\/es\\\/xli-premio-mundial-fernando-rielo-de-poesia-mistica-tiene-ganador\\\/#primaryimage\"},\"thumbnailUrl\":\"https:\\\/\\\/exaudi.org\\\/wp-content\\\/uploads\\\/2021\\\/12\\\/Daniel-Cotta-Lobato-scaled.jpg\",\"keywords\":[\"XLI Premio Mundial Fernando Rielo de Poes\u00eda M\u00edstica\"],\"articleSection\":[\"Arte y Cultura\"],\"inLanguage\":\"es\"},{\"@type\":\"WebPage\",\"@id\":\"https:\\\/\\\/exaudi.org\\\/es\\\/xli-premio-mundial-fernando-rielo-de-poesia-mistica-tiene-ganador\\\/\",\"url\":\"https:\\\/\\\/exaudi.org\\\/es\\\/xli-premio-mundial-fernando-rielo-de-poesia-mistica-tiene-ganador\\\/\",\"name\":\"XLI Premio Mundial Fernando Rielo de Poes\u00eda M\u00edstica tiene ganador &#8211; Exaudi\",\"isPartOf\":{\"@id\":\"https:\\\/\\\/exaudi.org\\\/#website\"},\"primaryImageOfPage\":{\"@id\":\"https:\\\/\\\/exaudi.org\\\/es\\\/xli-premio-mundial-fernando-rielo-de-poesia-mistica-tiene-ganador\\\/#primaryimage\"},\"image\":{\"@id\":\"https:\\\/\\\/exaudi.org\\\/es\\\/xli-premio-mundial-fernando-rielo-de-poesia-mistica-tiene-ganador\\\/#primaryimage\"},\"thumbnailUrl\":\"https:\\\/\\\/exaudi.org\\\/wp-content\\\/uploads\\\/2021\\\/12\\\/Daniel-Cotta-Lobato-scaled.jpg\",\"datePublished\":\"2021-12-20T10:29:26+00:00\",\"dateModified\":\"2021-12-20T11:23:29+00:00\",\"author\":{\"@id\":\"https:\\\/\\\/exaudi.org\\\/#\\\/schema\\\/person\\\/fc7b3cbb6f4d66ebcb53bf601d7b7eb1\"},\"description\":\"Donde m\u00e1s amanece, de Daniel Cotta Lobato (C\u00f3rdoba, ESPA\u00d1A) gana el XLI Premio Mundial Fernando Rielo de Poes\u00eda M\u00edstica.\",\"breadcrumb\":{\"@id\":\"https:\\\/\\\/exaudi.org\\\/es\\\/xli-premio-mundial-fernando-rielo-de-poesia-mistica-tiene-ganador\\\/#breadcrumb\"},\"inLanguage\":\"es\",\"potentialAction\":[{\"@type\":\"ReadAction\",\"target\":[\"https:\\\/\\\/exaudi.org\\\/es\\\/xli-premio-mundial-fernando-rielo-de-poesia-mistica-tiene-ganador\\\/\"]}]},{\"@type\":\"ImageObject\",\"inLanguage\":\"es\",\"@id\":\"https:\\\/\\\/exaudi.org\\\/es\\\/xli-premio-mundial-fernando-rielo-de-poesia-mistica-tiene-ganador\\\/#primaryimage\",\"url\":\"https:\\\/\\\/exaudi.org\\\/wp-content\\\/uploads\\\/2021\\\/12\\\/Daniel-Cotta-Lobato-scaled.jpg\",\"contentUrl\":\"https:\\\/\\\/exaudi.org\\\/wp-content\\\/uploads\\\/2021\\\/12\\\/Daniel-Cotta-Lobato-scaled.jpg\",\"width\":2560,\"height\":1707,\"caption\":\"El ganador, Daniel Cotta Lobato con su obra Donde m\u00e1s amanece \u00a9 Fundaci\u00f3n Fernando Rielo de Poes\u00eda M\u00edsticaFundaci\u00f3n\"},{\"@type\":\"BreadcrumbList\",\"@id\":\"https:\\\/\\\/exaudi.org\\\/es\\\/xli-premio-mundial-fernando-rielo-de-poesia-mistica-tiene-ganador\\\/#breadcrumb\",\"itemListElement\":[{\"@type\":\"ListItem\",\"position\":1,\"name\":\"Portada\",\"item\":\"https:\\\/\\\/exaudi.org\\\/es\\\/\"},{\"@type\":\"ListItem\",\"position\":2,\"name\":\"XLI Premio Mundial Fernando Rielo de Poes\u00eda M\u00edstica tiene ganador\"}]},{\"@type\":\"WebSite\",\"@id\":\"https:\\\/\\\/exaudi.org\\\/#website\",\"url\":\"https:\\\/\\\/exaudi.org\\\/\",\"name\":\"Exaudi\",\"description\":\"News\",\"potentialAction\":[{\"@type\":\"SearchAction\",\"target\":{\"@type\":\"EntryPoint\",\"urlTemplate\":\"https:\\\/\\\/exaudi.org\\\/?s={search_term_string}\"},\"query-input\":{\"@type\":\"PropertyValueSpecification\",\"valueRequired\":true,\"valueName\":\"search_term_string\"}}],\"inLanguage\":\"es\"},{\"@type\":\"Person\",\"@id\":\"https:\\\/\\\/exaudi.org\\\/#\\\/schema\\\/person\\\/fc7b3cbb6f4d66ebcb53bf601d7b7eb1\",\"name\":\"Alba Montalvo\",\"image\":{\"@type\":\"ImageObject\",\"inLanguage\":\"es\",\"@id\":\"https:\\\/\\\/secure.gravatar.com\\\/avatar\\\/1e8c522219a5df52d143b7baf13997ffd4f1814ca862efe7af11a13849275021?s=96&d=mm&r=g\",\"url\":\"https:\\\/\\\/secure.gravatar.com\\\/avatar\\\/1e8c522219a5df52d143b7baf13997ffd4f1814ca862efe7af11a13849275021?s=96&d=mm&r=g\",\"contentUrl\":\"https:\\\/\\\/secure.gravatar.com\\\/avatar\\\/1e8c522219a5df52d143b7baf13997ffd4f1814ca862efe7af11a13849275021?s=96&d=mm&r=g\",\"caption\":\"Alba Montalvo\"},\"description\":\"Licenciada en Periodismo y M\u00e1ster en Periodismo Social. Mi trayectoria profesional ha estado siempre vinculada al \u00e1mbito de la comunicaci\u00f3n en el entorno digital. He trabajado como productora, gestora de contenidos estrat\u00e9gicos para redes y entrevistadora en la Fundaci\u00f3n Mater Mundi TV. Madrile\u00f1a de nacimiento, actualmente vivo en M\u00e1laga.\",\"url\":\"https:\\\/\\\/exaudi.org\\\/es\\\/author\\\/amontalvoexaudi-org\\\/\"}]}<\/script>\n<!-- \/ Yoast SEO plugin. -->","yoast_head_json":{"title":"XLI Premio Mundial Fernando Rielo de Poes\u00eda M\u00edstica tiene ganador &#8211; Exaudi","description":"Donde m\u00e1s amanece, de Daniel Cotta Lobato (C\u00f3rdoba, ESPA\u00d1A) gana el XLI Premio Mundial Fernando Rielo de Poes\u00eda M\u00edstica.","robots":{"index":"index","follow":"follow","max-snippet":"max-snippet:-1","max-image-preview":"max-image-preview:large","max-video-preview":"max-video-preview:-1"},"canonical":"https:\/\/exaudi.org\/es\/xli-premio-mundial-fernando-rielo-de-poesia-mistica-tiene-ganador\/","og_locale":"es_ES","og_type":"article","og_title":"XLI Premio Mundial Fernando Rielo de Poes\u00eda M\u00edstica tiene ganador &#8211; Exaudi","og_description":"Donde m\u00e1s amanece, de Daniel Cotta Lobato (C\u00f3rdoba, ESPA\u00d1A) gana el XLI Premio Mundial Fernando Rielo de Poes\u00eda M\u00edstica.","og_url":"https:\/\/exaudi.org\/es\/xli-premio-mundial-fernando-rielo-de-poesia-mistica-tiene-ganador\/","og_site_name":"Exaudi","article_publisher":"https:\/\/www.facebook.com\/ExaudiNews","article_published_time":"2021-12-20T10:29:26+00:00","article_modified_time":"2021-12-20T11:23:29+00:00","og_image":[{"width":2560,"height":1707,"url":"https:\/\/exaudi.org\/wp-content\/uploads\/2021\/12\/Daniel-Cotta-Lobato-scaled.jpg","type":"image\/jpeg"}],"author":"Alba Montalvo","twitter_card":"summary_large_image","twitter_creator":"@Exaudi_News","twitter_site":"@Exaudi_News","twitter_misc":{"Escrito por":"Alba Montalvo","Tiempo de lectura":"6 minutos"},"schema":{"@context":"https:\/\/schema.org","@graph":[{"@type":"Article","@id":"https:\/\/exaudi.org\/es\/xli-premio-mundial-fernando-rielo-de-poesia-mistica-tiene-ganador\/#article","isPartOf":{"@id":"https:\/\/exaudi.org\/es\/xli-premio-mundial-fernando-rielo-de-poesia-mistica-tiene-ganador\/"},"author":{"name":"Alba Montalvo","@id":"https:\/\/exaudi.org\/#\/schema\/person\/fc7b3cbb6f4d66ebcb53bf601d7b7eb1"},"headline":"XLI Premio Mundial Fernando Rielo de Poes\u00eda M\u00edstica tiene ganador","datePublished":"2021-12-20T10:29:26+00:00","dateModified":"2021-12-20T11:23:29+00:00","mainEntityOfPage":{"@id":"https:\/\/exaudi.org\/es\/xli-premio-mundial-fernando-rielo-de-poesia-mistica-tiene-ganador\/"},"wordCount":1439,"image":{"@id":"https:\/\/exaudi.org\/es\/xli-premio-mundial-fernando-rielo-de-poesia-mistica-tiene-ganador\/#primaryimage"},"thumbnailUrl":"https:\/\/exaudi.org\/wp-content\/uploads\/2021\/12\/Daniel-Cotta-Lobato-scaled.jpg","keywords":["XLI Premio Mundial Fernando Rielo de Poes\u00eda M\u00edstica"],"articleSection":["Arte y Cultura"],"inLanguage":"es"},{"@type":"WebPage","@id":"https:\/\/exaudi.org\/es\/xli-premio-mundial-fernando-rielo-de-poesia-mistica-tiene-ganador\/","url":"https:\/\/exaudi.org\/es\/xli-premio-mundial-fernando-rielo-de-poesia-mistica-tiene-ganador\/","name":"XLI Premio Mundial Fernando Rielo de Poes\u00eda M\u00edstica tiene ganador &#8211; Exaudi","isPartOf":{"@id":"https:\/\/exaudi.org\/#website"},"primaryImageOfPage":{"@id":"https:\/\/exaudi.org\/es\/xli-premio-mundial-fernando-rielo-de-poesia-mistica-tiene-ganador\/#primaryimage"},"image":{"@id":"https:\/\/exaudi.org\/es\/xli-premio-mundial-fernando-rielo-de-poesia-mistica-tiene-ganador\/#primaryimage"},"thumbnailUrl":"https:\/\/exaudi.org\/wp-content\/uploads\/2021\/12\/Daniel-Cotta-Lobato-scaled.jpg","datePublished":"2021-12-20T10:29:26+00:00","dateModified":"2021-12-20T11:23:29+00:00","author":{"@id":"https:\/\/exaudi.org\/#\/schema\/person\/fc7b3cbb6f4d66ebcb53bf601d7b7eb1"},"description":"Donde m\u00e1s amanece, de Daniel Cotta Lobato (C\u00f3rdoba, ESPA\u00d1A) gana el XLI Premio Mundial Fernando Rielo de Poes\u00eda M\u00edstica.","breadcrumb":{"@id":"https:\/\/exaudi.org\/es\/xli-premio-mundial-fernando-rielo-de-poesia-mistica-tiene-ganador\/#breadcrumb"},"inLanguage":"es","potentialAction":[{"@type":"ReadAction","target":["https:\/\/exaudi.org\/es\/xli-premio-mundial-fernando-rielo-de-poesia-mistica-tiene-ganador\/"]}]},{"@type":"ImageObject","inLanguage":"es","@id":"https:\/\/exaudi.org\/es\/xli-premio-mundial-fernando-rielo-de-poesia-mistica-tiene-ganador\/#primaryimage","url":"https:\/\/exaudi.org\/wp-content\/uploads\/2021\/12\/Daniel-Cotta-Lobato-scaled.jpg","contentUrl":"https:\/\/exaudi.org\/wp-content\/uploads\/2021\/12\/Daniel-Cotta-Lobato-scaled.jpg","width":2560,"height":1707,"caption":"El ganador, Daniel Cotta Lobato con su obra Donde m\u00e1s amanece \u00a9 Fundaci\u00f3n Fernando Rielo de Poes\u00eda M\u00edsticaFundaci\u00f3n"},{"@type":"BreadcrumbList","@id":"https:\/\/exaudi.org\/es\/xli-premio-mundial-fernando-rielo-de-poesia-mistica-tiene-ganador\/#breadcrumb","itemListElement":[{"@type":"ListItem","position":1,"name":"Portada","item":"https:\/\/exaudi.org\/es\/"},{"@type":"ListItem","position":2,"name":"XLI Premio Mundial Fernando Rielo de Poes\u00eda M\u00edstica tiene ganador"}]},{"@type":"WebSite","@id":"https:\/\/exaudi.org\/#website","url":"https:\/\/exaudi.org\/","name":"Exaudi","description":"News","potentialAction":[{"@type":"SearchAction","target":{"@type":"EntryPoint","urlTemplate":"https:\/\/exaudi.org\/?s={search_term_string}"},"query-input":{"@type":"PropertyValueSpecification","valueRequired":true,"valueName":"search_term_string"}}],"inLanguage":"es"},{"@type":"Person","@id":"https:\/\/exaudi.org\/#\/schema\/person\/fc7b3cbb6f4d66ebcb53bf601d7b7eb1","name":"Alba Montalvo","image":{"@type":"ImageObject","inLanguage":"es","@id":"https:\/\/secure.gravatar.com\/avatar\/1e8c522219a5df52d143b7baf13997ffd4f1814ca862efe7af11a13849275021?s=96&d=mm&r=g","url":"https:\/\/secure.gravatar.com\/avatar\/1e8c522219a5df52d143b7baf13997ffd4f1814ca862efe7af11a13849275021?s=96&d=mm&r=g","contentUrl":"https:\/\/secure.gravatar.com\/avatar\/1e8c522219a5df52d143b7baf13997ffd4f1814ca862efe7af11a13849275021?s=96&d=mm&r=g","caption":"Alba Montalvo"},"description":"Licenciada en Periodismo y M\u00e1ster en Periodismo Social. Mi trayectoria profesional ha estado siempre vinculada al \u00e1mbito de la comunicaci\u00f3n en el entorno digital. He trabajado como productora, gestora de contenidos estrat\u00e9gicos para redes y entrevistadora en la Fundaci\u00f3n Mater Mundi TV. Madrile\u00f1a de nacimiento, actualmente vivo en M\u00e1laga.","url":"https:\/\/exaudi.org\/es\/author\/amontalvoexaudi-org\/"}]}},"jetpack_featured_media_url":"https:\/\/exaudi.org\/wp-content\/uploads\/2021\/12\/Daniel-Cotta-Lobato-scaled.jpg","jetpack_shortlink":"https:\/\/wp.me\/pgKjF2-c65","_links":{"self":[{"href":"https:\/\/exaudi.org\/es\/wp-json\/wp\/v2\/posts\/46505","targetHints":{"allow":["GET"]}}],"collection":[{"href":"https:\/\/exaudi.org\/es\/wp-json\/wp\/v2\/posts"}],"about":[{"href":"https:\/\/exaudi.org\/es\/wp-json\/wp\/v2\/types\/post"}],"author":[{"embeddable":true,"href":"https:\/\/exaudi.org\/es\/wp-json\/wp\/v2\/users\/81"}],"replies":[{"embeddable":true,"href":"https:\/\/exaudi.org\/es\/wp-json\/wp\/v2\/comments?post=46505"}],"version-history":[{"count":0,"href":"https:\/\/exaudi.org\/es\/wp-json\/wp\/v2\/posts\/46505\/revisions"}],"wp:featuredmedia":[{"embeddable":true,"href":"https:\/\/exaudi.org\/es\/wp-json\/wp\/v2\/media\/46507"}],"wp:attachment":[{"href":"https:\/\/exaudi.org\/es\/wp-json\/wp\/v2\/media?parent=46505"}],"wp:term":[{"taxonomy":"category","embeddable":true,"href":"https:\/\/exaudi.org\/es\/wp-json\/wp\/v2\/categories?post=46505"},{"taxonomy":"post_tag","embeddable":true,"href":"https:\/\/exaudi.org\/es\/wp-json\/wp\/v2\/tags?post=46505"}],"curies":[{"name":"wp","href":"https:\/\/api.w.org\/{rel}","templated":true}]}}