{"id":46478,"date":"2021-12-20T09:13:11","date_gmt":"2021-12-20T08:13:11","guid":{"rendered":"https:\/\/exaudi.org\/?p=46478"},"modified":"2021-12-22T08:57:48","modified_gmt":"2021-12-22T07:57:48","slug":"la-santa-sede-responde-a-las-preguntas-sobre-la-misa-tradicional","status":"publish","type":"post","link":"https:\/\/exaudi.org\/es\/la-santa-sede-responde-a-las-preguntas-sobre-la-misa-tradicional\/","title":{"rendered":"La Santa Sede responde a las preguntas sobre la Misa tradicional"},"content":{"rendered":"<p>La Santa Sede respondi\u00f3 el s\u00e1bado 18 de diciembre de 2021 a las preguntas que han surgido sobre la celebraci\u00f3n de la Misa tradicional.<\/p>\n<p>Once\u00a0<em>dubia\u00a0<\/em>(dudas) se han planteado sobre la aplicaci\u00f3n del\u00a0<em><a href=\"https:\/\/exaudi.org\/es\/motu-proprio-del-papa-traditionis-custodes-altura-mensaje\/\">Motu proprio<\/a><\/em>\u00a0<em>Traditionis custodes<\/em>\u00a0mediante el cual en julio de 2021 el Papa Francisco promulg\u00f3 nuevas normas sobre el uso de los libros lit\u00fargicos en uso antes de la reforma promulgada por el Concilio Vaticano II, inform\u00f3 Vatican News.\u00a0<a href=\"https:\/\/www.vatican.va\/roman_curia\/congregations\/ccdds\/documents\/rc_con_ccdds_doc_20211204_responsa-ad-dubia-tradizionis-custodes_sp.html\">Publicado el 18 de diciembre en el sitio web de la Congregaci\u00f3n para el Culto Divino<\/a>\u00a0est\u00e1n las <em>dubia <\/em>recibidas de los obispos y las <em>responsa <\/em>(respuestas) del dicasterio a las preguntas m\u00e1s recurrentes aprobadas por el Papa que aclaran algunos puntos del <em>Motu proprio<\/em>. Cada respuesta va acompa\u00f1ada de explicaciones.<\/p>\n<p>Las <em>dubia<\/em> y las <em>responsa<\/em> van a su vez acompa\u00f1adas de una carta a los presidentes de las Conferencias Episcopales del Prefecto de la Congregaci\u00f3n, Mons. Arthur Roche, que explica la orientaci\u00f3n adoptada: \u201cToda norma prescrita tiene siempre la \u00fanica finalidad de preservar el don de la comuni\u00f3n eclesial caminando juntos, con la convicci\u00f3n de la mente y del coraz\u00f3n, en la direcci\u00f3n indicada por el Santo Padre\u201d.<\/p>\n<p>Tal y como explica el medio vaticano, la primera cuesti\u00f3n se refiere a la posibilidad de celebrar con el rito preconciliar en una iglesia parroquial en caso de que no haya posibilidad de encontrar una iglesia, oratorio o capilla para el grupo de fieles que utiliza el Misal de 1962. El <em>Motu proprio<\/em> exclu\u00eda, para subrayar que la Misa con el rito anterior es una concesi\u00f3n limitada y no forma parte de la vida ordinaria de la comunidad parroquial. La respuesta es afirmativa, pero s\u00f3lo si se comprueba la imposibilidad de utilizar otra iglesia y sin fijar la celebraci\u00f3n en el horario de las Misas parroquiales, evitando adem\u00e1s que coincida con las actividades pastorales de la parroquia. Estas indicaciones, explica la respuesta, no pretenden marginar a los fieles vinculados al rito anterior, sino recordarles \u201cque se trata de una concesi\u00f3n por su bien\u201d y no \u201cuna oportunidad para promover el rito anterior\u201d que ya no est\u00e1 en vigor.<\/p>\n<h2><strong>Los sacramentos en el rito antiguo<\/strong><\/h2>\n<p>El segundo \u201c<em>dubium<\/em>\u201d se refiere a la posibilidad de celebrar no s\u00f3lo la Eucarist\u00eda (con el Misal Romano de 1962, objeto de la concesi\u00f3n) sino tambi\u00e9n los dem\u00e1s sacramentos previstos por el\u00a0<em>Rituale Romanum<\/em>\u00a0(la \u00faltima\u00a0<em>editio typica<\/em>\u00a0es de 1952) y el\u00a0<em>Pontificale Romanum<\/em>, precedentes a la reforma lit\u00fargica. En primer lugar, recordamos que el\u00a0<em>Rituale Romanum<\/em>\u00a0abarca los sacramentos del bautismo, la penitencia, el matrimonio, la unci\u00f3n de los enfermos y los sacramentales como las exequias.<\/p>\n<p>El <em>Pontificale Romanum<\/em>, en cambio, se refiere a los sacramentos presididos por el obispo, es decir, la confirmaci\u00f3n y las ordenaciones. La respuesta es negativa: de hecho, la autoridad de la Santa Sede considera que, para avanzar en la direcci\u00f3n indicada por Francisco, no se debe conceder la posibilidad de utilizar los libros lit\u00fargicos abolidos y se debe acompa\u00f1ar a los fieles \u201chacia una plena comprensi\u00f3n del valor de la forma ritual\u201d surgida de la reforma lit\u00fargica.<\/p>\n<p>Sin embargo, hay algunas distinciones importantes. El \u201c<em>responsum<\/em>\u201d especifica que s\u00f3lo se podr\u00e1 utilizar el Ritual anterior en las \u201cparroquias personales can\u00f3nicamente erigidas\u201d, es decir, exclusivamente en las parroquias ya establecidas por el obispo y dedicadas a los fieles vinculados al rito antiguo. Pero ni siquiera en estas parroquias se permitir\u00e1 utilizar el\u00a0<em>Pontificale<\/em>\u00a0para las confirmaciones y ordenaciones. La raz\u00f3n de esta prohibici\u00f3n, en lo que respecta a la confirmaci\u00f3n, se explica por el hecho de que precisamente esa f\u00f3rmula del sacramento de la confirmaci\u00f3n fue modificada por San Pablo VI y, por lo tanto, no se considera oportuno utilizar la f\u00f3rmula abolida, dado que ha sufrido cambios sustanciales.<\/p>\n<h2><strong>La concelebraci\u00f3n<\/strong><\/h2>\n<p>Otra cuesti\u00f3n se refiere a la posibilidad de seguir utilizando el Misal antiguo por parte de aquellos sacerdotes que no reconocen la validez y legitimidad de la concelebraci\u00f3n, neg\u00e1ndose a concelebrar en particular la Misa Crismal con el obispo el Jueves Santo.<\/p>\n<p>La respuesta es negativa, pero antes de revocar la concesi\u00f3n, se pide al obispo \u201cque entable con el presb\u00edtero una discusi\u00f3n fraterna, que corrobore que esta actitud no excluya la validez y legitimidad de la reforma lit\u00fargica\u201d, del Concilio Vaticano II y del Magisterio de los Papas. El obispo, antes de revocar la concesi\u00f3n, deber\u00e1 ofrecer al sacerdote el tiempo necesario para una \u201cconfrontaci\u00f3n sincera\u201d, invit\u00e1ndole a vivir la concelebraci\u00f3n.<\/p>\n<h2><strong>Las lecturas en la traducci\u00f3n autorizada<\/strong><\/h2>\n<p>A la pregunta sobre si en las Misas de rito antiguo es posible utilizar el texto completo de la Biblia, eligiendo de ah\u00ed las partes indicadas en el Misal, la Santa Sede responde que s\u00ed. El Misal antiguo conten\u00eda no s\u00f3lo el rito sino tambi\u00e9n las Lecturas del d\u00eda, mientras que despu\u00e9s de la reforma el Misal con las r\u00fabricas y las oraciones se separ\u00f3 del Leccionario con los textos de la Escritura.<\/p>\n<p>Dado que el <em>Motu Proprio<\/em> del Papa Francisco prescribe que las Lecturas &#8211; en lat\u00edn en el antiguo Misal &#8211; se proclamen siempre en las lenguas de cada pa\u00eds, se autoriza el uso de la Biblia en la traducci\u00f3n aprobada por cada Conferencia Episcopal para su uso lit\u00fargico. En cambio, no se autoriza la publicaci\u00f3n de leccionarios en las lenguas locales con el ciclo de Lecturas previsto por el rito antiguo.<\/p>\n<h2><strong>Autorizaci\u00f3n de la Santa Sede a los sacerdotes<\/strong><\/h2>\n<p>La quinta cuesti\u00f3n se refiere a la consulta a la Santa Sede por parte del obispo antes de responder afirmativamente a la petici\u00f3n de un sacerdote ordenado despu\u00e9s del 16 de julio de 2021 que pretende celebrar en el rito antiguo. La respuesta explica que en estos casos las concesiones deben ser autorizadas por la Santa Sede. La aclaraci\u00f3n era necesaria porque la versi\u00f3n italiana del Motu proprio del Papa Francisco afirmaba que el obispo, antes de conceder la autorizaci\u00f3n, \u201cconsultar\u00e1 a la Sede Apost\u00f3lica\u201d.<\/p>\n<p>En el texto en lat\u00edn del documento, que es el oficial, se explica claramente que antes de otorgar cualquier concesi\u00f3n para nuevos sacerdotes, el obispo debe ser autorizado por Roma. La Congregaci\u00f3n para el Culto Divino anima a todos los formadores de los seminarios a acompa\u00f1ar a los futuros di\u00e1conos y sacerdotes a comprender y experimentar la riqueza de la reforma lit\u00fargica.<\/p>\n<h2><strong>Tiempo, territorio y autorizaciones<\/strong><\/h2>\n<p>A la pregunta sobre si el obispo puede conceder el permiso de uso del Misal antiguo por un periodo de tiempo determinado, de modo que pueda realizar una revisi\u00f3n, la Santa Sede responde afirmativamente. La Santa Sede tambi\u00e9n responde afirmativamente a la pregunta sobre si la concesi\u00f3n est\u00e1 vinculada \u00fanicamente al territorio de su di\u00f3cesis. En el \u201c<em>responsum<\/em>\u201d a otro \u201c<em>dubium<\/em>\u201d se especifica que, en caso de ausencia o imposibilidad del sacerdote autorizado, la persona que lo sustituya debe tener tambi\u00e9n la autorizaci\u00f3n formal para utilizar el Misal antiguo. La autorizaci\u00f3n tambi\u00e9n es necesaria para los di\u00e1conos y ministros instituidos que participan en la celebraci\u00f3n de la Misa preconciliar.<\/p>\n<h2><strong>No hay celebraciones dobles<\/strong><\/h2>\n<p>Las preguntas d\u00e9cima y und\u00e9cima se refieren a la posibilidad de \u201c<em>binazione<\/em>\u201d. En el primer caso, no se autoriza a un sacerdote p\u00e1rroco o capell\u00e1n que en los d\u00edas laborales haya ya celebrado para sus fieles con el nuevo rito, celebrar de nuevo en el antiguo rito, ni con un grupo ni en privado. La doble celebraci\u00f3n en d\u00edas laborables s\u00f3lo se permite por razones pastorales que no se dan en este caso, pues los fieles ya han tenido la oportunidad de participar en la Eucarist\u00eda celebrada seg\u00fan el Misal resultante de la reforma postconciliar.<\/p>\n<p>Finalmente, a la pregunta sobre si un sacerdote autorizado a usar el Misal antiguo que ya ha celebrado seg\u00fan este rito para un grupo de fieles puede celebrar una segunda Misa con el mismo rito para otro grupo, la respuesta es no. De hecho, no hay ninguna \u201cjusta causa\u201d o \u201cnecesidad pastoral\u201d, dado que los fieles tienen la posibilidad de participar en la Eucarist\u00eda en la forma ritual actual.<\/p>\n<p>Puedes leer el texto completo en <a href=\"https:\/\/press.vatican.va\/content\/salastampa\/it\/bollettino\/pubblico\/2021\/12\/18\/0860\/01814.html\">este enlace<\/a><\/p>\n","protected":false},"excerpt":{"rendered":"<p>Publicado el 18 de diciembre en el sitio web de la Congregaci\u00f3n para el Culto Divino<\/p>\n","protected":false},"author":15,"featured_media":46479,"comment_status":"closed","ping_status":"closed","sticky":false,"template":"","format":"standard","meta":{"_acf_changed":false,"_crdt_document":"","inline_featured_image":false,"footnotes":""},"categories":[132],"tags":[5273,1891,4953],"class_list":["post-46478","post","type-post","status-publish","format-standard","has-post-thumbnail","hentry","category-vaticano-es","tag-misa-tradicional","tag-santa-sede","tag-trending-es"],"acf":[],"yoast_head":"<!-- This site is optimized with the Yoast SEO plugin v27.4 - https:\/\/yoast.com\/product\/yoast-seo-wordpress\/ -->\n<title>La Santa Sede responde a las preguntas sobre la Misa tradicional &#8211; Exaudi<\/title>\n<meta name=\"description\" content=\"Preguntas sobre la misa tradicional publicadas el 18 de diciembre en la p\u00e1gina web de la Congregaci\u00f3n para el Culto Divino La Santa Sede.\" \/>\n<meta name=\"robots\" content=\"index, follow, max-snippet:-1, max-image-preview:large, max-video-preview:-1\" \/>\n<link rel=\"canonical\" href=\"https:\/\/exaudi.org\/es\/la-santa-sede-responde-a-las-preguntas-sobre-la-misa-tradicional\/\" \/>\n<meta property=\"og:locale\" content=\"es_ES\" \/>\n<meta property=\"og:type\" content=\"article\" \/>\n<meta property=\"og:title\" content=\"La Santa Sede responde a las preguntas sobre la Misa tradicional &#8211; Exaudi\" \/>\n<meta property=\"og:description\" content=\"Preguntas sobre la misa tradicional publicadas el 18 de diciembre en la p\u00e1gina web de la Congregaci\u00f3n para el Culto Divino La Santa Sede.\" \/>\n<meta property=\"og:url\" content=\"https:\/\/exaudi.org\/es\/la-santa-sede-responde-a-las-preguntas-sobre-la-misa-tradicional\/\" \/>\n<meta property=\"og:site_name\" content=\"Exaudi\" \/>\n<meta property=\"article:publisher\" content=\"https:\/\/www.facebook.com\/ExaudiNews\" \/>\n<meta property=\"article:author\" content=\"https:\/\/www.facebook.com\/ExaudiNoticias\/\" \/>\n<meta property=\"article:published_time\" content=\"2021-12-20T08:13:11+00:00\" \/>\n<meta property=\"article:modified_time\" content=\"2021-12-22T07:57:48+00:00\" \/>\n<meta property=\"og:image\" content=\"https:\/\/exaudi.org\/wp-content\/uploads\/2021\/12\/Disen\u0303o-sin-ti\u0301tulo-66.jpg\" \/>\n\t<meta property=\"og:image:width\" content=\"991\" \/>\n\t<meta property=\"og:image:height\" content=\"771\" \/>\n\t<meta property=\"og:image:type\" content=\"image\/jpeg\" \/>\n<meta name=\"author\" content=\"Exaudi Redacci\u00f3n\" \/>\n<meta name=\"twitter:card\" content=\"summary_large_image\" \/>\n<meta name=\"twitter:creator\" content=\"@Exaudi_noticias\" \/>\n<meta name=\"twitter:site\" content=\"@Exaudi_News\" \/>\n<meta name=\"twitter:label1\" content=\"Escrito por\" \/>\n\t<meta name=\"twitter:data1\" content=\"Exaudi Redacci\u00f3n\" \/>\n\t<meta name=\"twitter:label2\" content=\"Tiempo de lectura\" \/>\n\t<meta name=\"twitter:data2\" content=\"6 minutos\" \/>\n<script type=\"application\/ld+json\" class=\"yoast-schema-graph\">{\"@context\":\"https:\\\/\\\/schema.org\",\"@graph\":[{\"@type\":\"Article\",\"@id\":\"https:\\\/\\\/exaudi.org\\\/es\\\/la-santa-sede-responde-a-las-preguntas-sobre-la-misa-tradicional\\\/#article\",\"isPartOf\":{\"@id\":\"https:\\\/\\\/exaudi.org\\\/es\\\/la-santa-sede-responde-a-las-preguntas-sobre-la-misa-tradicional\\\/\"},\"author\":{\"name\":\"Exaudi Redacci\u00f3n\",\"@id\":\"https:\\\/\\\/exaudi.org\\\/#\\\/schema\\\/person\\\/f5fc8f063065e38742da7afe15f25df7\"},\"headline\":\"La Santa Sede responde a las preguntas sobre la Misa tradicional\",\"datePublished\":\"2021-12-20T08:13:11+00:00\",\"dateModified\":\"2021-12-22T07:57:48+00:00\",\"mainEntityOfPage\":{\"@id\":\"https:\\\/\\\/exaudi.org\\\/es\\\/la-santa-sede-responde-a-las-preguntas-sobre-la-misa-tradicional\\\/\"},\"wordCount\":1434,\"image\":{\"@id\":\"https:\\\/\\\/exaudi.org\\\/es\\\/la-santa-sede-responde-a-las-preguntas-sobre-la-misa-tradicional\\\/#primaryimage\"},\"thumbnailUrl\":\"https:\\\/\\\/exaudi.org\\\/wp-content\\\/uploads\\\/2021\\\/12\\\/Disen\u0303o-sin-ti\u0301tulo-66.jpg\",\"keywords\":[\"misa tradicional\",\"Santa Sede\",\"Trending\"],\"articleSection\":[\"Vaticano\"],\"inLanguage\":\"es\"},{\"@type\":\"WebPage\",\"@id\":\"https:\\\/\\\/exaudi.org\\\/es\\\/la-santa-sede-responde-a-las-preguntas-sobre-la-misa-tradicional\\\/\",\"url\":\"https:\\\/\\\/exaudi.org\\\/es\\\/la-santa-sede-responde-a-las-preguntas-sobre-la-misa-tradicional\\\/\",\"name\":\"La Santa Sede responde a las preguntas sobre la Misa tradicional &#8211; Exaudi\",\"isPartOf\":{\"@id\":\"https:\\\/\\\/exaudi.org\\\/#website\"},\"primaryImageOfPage\":{\"@id\":\"https:\\\/\\\/exaudi.org\\\/es\\\/la-santa-sede-responde-a-las-preguntas-sobre-la-misa-tradicional\\\/#primaryimage\"},\"image\":{\"@id\":\"https:\\\/\\\/exaudi.org\\\/es\\\/la-santa-sede-responde-a-las-preguntas-sobre-la-misa-tradicional\\\/#primaryimage\"},\"thumbnailUrl\":\"https:\\\/\\\/exaudi.org\\\/wp-content\\\/uploads\\\/2021\\\/12\\\/Disen\u0303o-sin-ti\u0301tulo-66.jpg\",\"datePublished\":\"2021-12-20T08:13:11+00:00\",\"dateModified\":\"2021-12-22T07:57:48+00:00\",\"author\":{\"@id\":\"https:\\\/\\\/exaudi.org\\\/#\\\/schema\\\/person\\\/f5fc8f063065e38742da7afe15f25df7\"},\"description\":\"Preguntas sobre la misa tradicional publicadas el 18 de diciembre en la p\u00e1gina web de la Congregaci\u00f3n para el Culto Divino La Santa Sede.\",\"breadcrumb\":{\"@id\":\"https:\\\/\\\/exaudi.org\\\/es\\\/la-santa-sede-responde-a-las-preguntas-sobre-la-misa-tradicional\\\/#breadcrumb\"},\"inLanguage\":\"es\",\"potentialAction\":[{\"@type\":\"ReadAction\",\"target\":[\"https:\\\/\\\/exaudi.org\\\/es\\\/la-santa-sede-responde-a-las-preguntas-sobre-la-misa-tradicional\\\/\"]}]},{\"@type\":\"ImageObject\",\"inLanguage\":\"es\",\"@id\":\"https:\\\/\\\/exaudi.org\\\/es\\\/la-santa-sede-responde-a-las-preguntas-sobre-la-misa-tradicional\\\/#primaryimage\",\"url\":\"https:\\\/\\\/exaudi.org\\\/wp-content\\\/uploads\\\/2021\\\/12\\\/Disen\u0303o-sin-ti\u0301tulo-66.jpg\",\"contentUrl\":\"https:\\\/\\\/exaudi.org\\\/wp-content\\\/uploads\\\/2021\\\/12\\\/Disen\u0303o-sin-ti\u0301tulo-66.jpg\",\"width\":991,\"height\":771,\"caption\":\"Santa Misa \u00a9 Canva\"},{\"@type\":\"BreadcrumbList\",\"@id\":\"https:\\\/\\\/exaudi.org\\\/es\\\/la-santa-sede-responde-a-las-preguntas-sobre-la-misa-tradicional\\\/#breadcrumb\",\"itemListElement\":[{\"@type\":\"ListItem\",\"position\":1,\"name\":\"Portada\",\"item\":\"https:\\\/\\\/exaudi.org\\\/es\\\/\"},{\"@type\":\"ListItem\",\"position\":2,\"name\":\"La Santa Sede responde a las preguntas sobre la Misa tradicional\"}]},{\"@type\":\"WebSite\",\"@id\":\"https:\\\/\\\/exaudi.org\\\/#website\",\"url\":\"https:\\\/\\\/exaudi.org\\\/\",\"name\":\"Exaudi\",\"description\":\"News\",\"potentialAction\":[{\"@type\":\"SearchAction\",\"target\":{\"@type\":\"EntryPoint\",\"urlTemplate\":\"https:\\\/\\\/exaudi.org\\\/?s={search_term_string}\"},\"query-input\":{\"@type\":\"PropertyValueSpecification\",\"valueRequired\":true,\"valueName\":\"search_term_string\"}}],\"inLanguage\":\"es\"},{\"@type\":\"Person\",\"@id\":\"https:\\\/\\\/exaudi.org\\\/#\\\/schema\\\/person\\\/f5fc8f063065e38742da7afe15f25df7\",\"name\":\"Exaudi Redacci\u00f3n\",\"image\":{\"@type\":\"ImageObject\",\"inLanguage\":\"es\",\"@id\":\"https:\\\/\\\/secure.gravatar.com\\\/avatar\\\/fe0f6a059fb68d9b3e11bc5850dd4899b1c7492091a3cb6dd9b01b56ad828be2?s=96&d=mm&r=g\",\"url\":\"https:\\\/\\\/secure.gravatar.com\\\/avatar\\\/fe0f6a059fb68d9b3e11bc5850dd4899b1c7492091a3cb6dd9b01b56ad828be2?s=96&d=mm&r=g\",\"contentUrl\":\"https:\\\/\\\/secure.gravatar.com\\\/avatar\\\/fe0f6a059fb68d9b3e11bc5850dd4899b1c7492091a3cb6dd9b01b56ad828be2?s=96&d=mm&r=g\",\"caption\":\"Exaudi Redacci\u00f3n\"},\"description\":\"\u00bfQu\u00e9 es Exaudi News? Exaudi News es un medio de comunicaci\u00f3n cat\u00f3lico internacional que informa, forma y transforma, diariamente en espa\u00f1ol, ingl\u00e9s e italiano. A trav\u00e9s de noticias, art\u00edculos de an\u00e1lisis y transmisiones en directo de los eventos del Papa, Exaudi busca fortalecer la unidad de los cristianos y contribuir a la evangelizaci\u00f3n del mundo, siempre guiados por la doctrina social de la Iglesia. Trabajamos para acercar la verdad y los valores cristianos a cada rinc\u00f3n del planeta. \u00a1Ay\u00fadanos a transformar el mundo con Exaudi! En Exaudi creemos que la evangelizaci\u00f3n y la informaci\u00f3n de calidad pueden cambiar vidas. Para continuar con nuestra misi\u00f3n y expandir nuestro alcance, necesitamos tu ayuda. Adem\u00e1s, buscamos personas comprometidas que deseen unirse a nuestro equipo. Con tu apoyo, lograremos llegar a m\u00e1s personas, difundir el mensaje de Cristo y reforzar la unidad de los cristianos. \u00bfTe unes a nuestra misi\u00f3n? Para m\u00e1s informaci\u00f3n sobre c\u00f3mo colaborar, visita Exaudi.org\\\/es o cont\u00e1ctanos directamente: info@exaudi.org Exaudi: Informa, forma y transforma.\",\"sameAs\":[\"https:\\\/\\\/www.facebook.com\\\/ExaudiNoticias\\\/\",\"https:\\\/\\\/www.instagram.com\\\/exaudi_noticias\\\/\",\"https:\\\/\\\/x.com\\\/Exaudi_noticias\",\"https:\\\/\\\/www.youtube.com\\\/@exaudicatholicnews\"],\"url\":\"https:\\\/\\\/exaudi.org\\\/es\\\/author\\\/redaccionexaudi\\\/\"}]}<\/script>\n<!-- \/ Yoast SEO plugin. -->","yoast_head_json":{"title":"La Santa Sede responde a las preguntas sobre la Misa tradicional &#8211; Exaudi","description":"Preguntas sobre la misa tradicional publicadas el 18 de diciembre en la p\u00e1gina web de la Congregaci\u00f3n para el Culto Divino La Santa Sede.","robots":{"index":"index","follow":"follow","max-snippet":"max-snippet:-1","max-image-preview":"max-image-preview:large","max-video-preview":"max-video-preview:-1"},"canonical":"https:\/\/exaudi.org\/es\/la-santa-sede-responde-a-las-preguntas-sobre-la-misa-tradicional\/","og_locale":"es_ES","og_type":"article","og_title":"La Santa Sede responde a las preguntas sobre la Misa tradicional &#8211; Exaudi","og_description":"Preguntas sobre la misa tradicional publicadas el 18 de diciembre en la p\u00e1gina web de la Congregaci\u00f3n para el Culto Divino La Santa Sede.","og_url":"https:\/\/exaudi.org\/es\/la-santa-sede-responde-a-las-preguntas-sobre-la-misa-tradicional\/","og_site_name":"Exaudi","article_publisher":"https:\/\/www.facebook.com\/ExaudiNews","article_author":"https:\/\/www.facebook.com\/ExaudiNoticias\/","article_published_time":"2021-12-20T08:13:11+00:00","article_modified_time":"2021-12-22T07:57:48+00:00","og_image":[{"width":991,"height":771,"url":"https:\/\/exaudi.org\/wp-content\/uploads\/2021\/12\/Disen\u0303o-sin-ti\u0301tulo-66.jpg","type":"image\/jpeg"}],"author":"Exaudi Redacci\u00f3n","twitter_card":"summary_large_image","twitter_creator":"@Exaudi_noticias","twitter_site":"@Exaudi_News","twitter_misc":{"Escrito por":"Exaudi Redacci\u00f3n","Tiempo de lectura":"6 minutos"},"schema":{"@context":"https:\/\/schema.org","@graph":[{"@type":"Article","@id":"https:\/\/exaudi.org\/es\/la-santa-sede-responde-a-las-preguntas-sobre-la-misa-tradicional\/#article","isPartOf":{"@id":"https:\/\/exaudi.org\/es\/la-santa-sede-responde-a-las-preguntas-sobre-la-misa-tradicional\/"},"author":{"name":"Exaudi Redacci\u00f3n","@id":"https:\/\/exaudi.org\/#\/schema\/person\/f5fc8f063065e38742da7afe15f25df7"},"headline":"La Santa Sede responde a las preguntas sobre la Misa tradicional","datePublished":"2021-12-20T08:13:11+00:00","dateModified":"2021-12-22T07:57:48+00:00","mainEntityOfPage":{"@id":"https:\/\/exaudi.org\/es\/la-santa-sede-responde-a-las-preguntas-sobre-la-misa-tradicional\/"},"wordCount":1434,"image":{"@id":"https:\/\/exaudi.org\/es\/la-santa-sede-responde-a-las-preguntas-sobre-la-misa-tradicional\/#primaryimage"},"thumbnailUrl":"https:\/\/exaudi.org\/wp-content\/uploads\/2021\/12\/Disen\u0303o-sin-ti\u0301tulo-66.jpg","keywords":["misa tradicional","Santa Sede","Trending"],"articleSection":["Vaticano"],"inLanguage":"es"},{"@type":"WebPage","@id":"https:\/\/exaudi.org\/es\/la-santa-sede-responde-a-las-preguntas-sobre-la-misa-tradicional\/","url":"https:\/\/exaudi.org\/es\/la-santa-sede-responde-a-las-preguntas-sobre-la-misa-tradicional\/","name":"La Santa Sede responde a las preguntas sobre la Misa tradicional &#8211; Exaudi","isPartOf":{"@id":"https:\/\/exaudi.org\/#website"},"primaryImageOfPage":{"@id":"https:\/\/exaudi.org\/es\/la-santa-sede-responde-a-las-preguntas-sobre-la-misa-tradicional\/#primaryimage"},"image":{"@id":"https:\/\/exaudi.org\/es\/la-santa-sede-responde-a-las-preguntas-sobre-la-misa-tradicional\/#primaryimage"},"thumbnailUrl":"https:\/\/exaudi.org\/wp-content\/uploads\/2021\/12\/Disen\u0303o-sin-ti\u0301tulo-66.jpg","datePublished":"2021-12-20T08:13:11+00:00","dateModified":"2021-12-22T07:57:48+00:00","author":{"@id":"https:\/\/exaudi.org\/#\/schema\/person\/f5fc8f063065e38742da7afe15f25df7"},"description":"Preguntas sobre la misa tradicional publicadas el 18 de diciembre en la p\u00e1gina web de la Congregaci\u00f3n para el Culto Divino La Santa Sede.","breadcrumb":{"@id":"https:\/\/exaudi.org\/es\/la-santa-sede-responde-a-las-preguntas-sobre-la-misa-tradicional\/#breadcrumb"},"inLanguage":"es","potentialAction":[{"@type":"ReadAction","target":["https:\/\/exaudi.org\/es\/la-santa-sede-responde-a-las-preguntas-sobre-la-misa-tradicional\/"]}]},{"@type":"ImageObject","inLanguage":"es","@id":"https:\/\/exaudi.org\/es\/la-santa-sede-responde-a-las-preguntas-sobre-la-misa-tradicional\/#primaryimage","url":"https:\/\/exaudi.org\/wp-content\/uploads\/2021\/12\/Disen\u0303o-sin-ti\u0301tulo-66.jpg","contentUrl":"https:\/\/exaudi.org\/wp-content\/uploads\/2021\/12\/Disen\u0303o-sin-ti\u0301tulo-66.jpg","width":991,"height":771,"caption":"Santa Misa \u00a9 Canva"},{"@type":"BreadcrumbList","@id":"https:\/\/exaudi.org\/es\/la-santa-sede-responde-a-las-preguntas-sobre-la-misa-tradicional\/#breadcrumb","itemListElement":[{"@type":"ListItem","position":1,"name":"Portada","item":"https:\/\/exaudi.org\/es\/"},{"@type":"ListItem","position":2,"name":"La Santa Sede responde a las preguntas sobre la Misa tradicional"}]},{"@type":"WebSite","@id":"https:\/\/exaudi.org\/#website","url":"https:\/\/exaudi.org\/","name":"Exaudi","description":"News","potentialAction":[{"@type":"SearchAction","target":{"@type":"EntryPoint","urlTemplate":"https:\/\/exaudi.org\/?s={search_term_string}"},"query-input":{"@type":"PropertyValueSpecification","valueRequired":true,"valueName":"search_term_string"}}],"inLanguage":"es"},{"@type":"Person","@id":"https:\/\/exaudi.org\/#\/schema\/person\/f5fc8f063065e38742da7afe15f25df7","name":"Exaudi Redacci\u00f3n","image":{"@type":"ImageObject","inLanguage":"es","@id":"https:\/\/secure.gravatar.com\/avatar\/fe0f6a059fb68d9b3e11bc5850dd4899b1c7492091a3cb6dd9b01b56ad828be2?s=96&d=mm&r=g","url":"https:\/\/secure.gravatar.com\/avatar\/fe0f6a059fb68d9b3e11bc5850dd4899b1c7492091a3cb6dd9b01b56ad828be2?s=96&d=mm&r=g","contentUrl":"https:\/\/secure.gravatar.com\/avatar\/fe0f6a059fb68d9b3e11bc5850dd4899b1c7492091a3cb6dd9b01b56ad828be2?s=96&d=mm&r=g","caption":"Exaudi Redacci\u00f3n"},"description":"\u00bfQu\u00e9 es Exaudi News? Exaudi News es un medio de comunicaci\u00f3n cat\u00f3lico internacional que informa, forma y transforma, diariamente en espa\u00f1ol, ingl\u00e9s e italiano. A trav\u00e9s de noticias, art\u00edculos de an\u00e1lisis y transmisiones en directo de los eventos del Papa, Exaudi busca fortalecer la unidad de los cristianos y contribuir a la evangelizaci\u00f3n del mundo, siempre guiados por la doctrina social de la Iglesia. Trabajamos para acercar la verdad y los valores cristianos a cada rinc\u00f3n del planeta. \u00a1Ay\u00fadanos a transformar el mundo con Exaudi! En Exaudi creemos que la evangelizaci\u00f3n y la informaci\u00f3n de calidad pueden cambiar vidas. Para continuar con nuestra misi\u00f3n y expandir nuestro alcance, necesitamos tu ayuda. Adem\u00e1s, buscamos personas comprometidas que deseen unirse a nuestro equipo. Con tu apoyo, lograremos llegar a m\u00e1s personas, difundir el mensaje de Cristo y reforzar la unidad de los cristianos. \u00bfTe unes a nuestra misi\u00f3n? Para m\u00e1s informaci\u00f3n sobre c\u00f3mo colaborar, visita Exaudi.org\/es o cont\u00e1ctanos directamente: info@exaudi.org Exaudi: Informa, forma y transforma.","sameAs":["https:\/\/www.facebook.com\/ExaudiNoticias\/","https:\/\/www.instagram.com\/exaudi_noticias\/","https:\/\/x.com\/Exaudi_noticias","https:\/\/www.youtube.com\/@exaudicatholicnews"],"url":"https:\/\/exaudi.org\/es\/author\/redaccionexaudi\/"}]}},"jetpack_featured_media_url":"https:\/\/exaudi.org\/wp-content\/uploads\/2021\/12\/Disen\u0303o-sin-ti\u0301tulo-66.jpg","jetpack_shortlink":"https:\/\/wp.me\/pgKjF2-c5E","_links":{"self":[{"href":"https:\/\/exaudi.org\/es\/wp-json\/wp\/v2\/posts\/46478","targetHints":{"allow":["GET"]}}],"collection":[{"href":"https:\/\/exaudi.org\/es\/wp-json\/wp\/v2\/posts"}],"about":[{"href":"https:\/\/exaudi.org\/es\/wp-json\/wp\/v2\/types\/post"}],"author":[{"embeddable":true,"href":"https:\/\/exaudi.org\/es\/wp-json\/wp\/v2\/users\/15"}],"replies":[{"embeddable":true,"href":"https:\/\/exaudi.org\/es\/wp-json\/wp\/v2\/comments?post=46478"}],"version-history":[{"count":0,"href":"https:\/\/exaudi.org\/es\/wp-json\/wp\/v2\/posts\/46478\/revisions"}],"wp:featuredmedia":[{"embeddable":true,"href":"https:\/\/exaudi.org\/es\/wp-json\/wp\/v2\/media\/46479"}],"wp:attachment":[{"href":"https:\/\/exaudi.org\/es\/wp-json\/wp\/v2\/media?parent=46478"}],"wp:term":[{"taxonomy":"category","embeddable":true,"href":"https:\/\/exaudi.org\/es\/wp-json\/wp\/v2\/categories?post=46478"},{"taxonomy":"post_tag","embeddable":true,"href":"https:\/\/exaudi.org\/es\/wp-json\/wp\/v2\/tags?post=46478"}],"curies":[{"name":"wp","href":"https:\/\/api.w.org\/{rel}","templated":true}]}}