{"id":46310,"date":"2021-12-20T08:00:46","date_gmt":"2021-12-20T07:00:46","guid":{"rendered":"https:\/\/exaudi.org\/?p=46310"},"modified":"2021-12-20T17:37:43","modified_gmt":"2021-12-20T16:37:43","slug":"teologia-para-millennials-los-85-de-francisco","status":"publish","type":"post","link":"https:\/\/exaudi.org\/es\/teologia-para-millennials-los-85-de-francisco\/","title":{"rendered":"Teolog\u00eda para Millennials: Los 85 de Francisco"},"content":{"rendered":"<p>Hoy, lunes 20 de diciembre de 2021, en \u201c<a href=\"https:\/\/teologiaparamillennials.com\/\">Teolog\u00eda para Millennials<\/a>\u201d, el sacerdote mexicano\u00a0<a href=\"https:\/\/exaudi.org\/es\/author\/padremarioarroyo\/\">Mario Arroyo Mart\u00ednez<\/a>, comparte con los lectores de Exaudi su art\u00edculo semanal titulado \u201cLos 85 de Francisco\u201d, donde reflexiona sobre la vida del Papa Francisco, Jorge Mario Bergoglio tras haber cumplido <a href=\"https:\/\/exaudi.org\/es\/feliz-85-cumpleanos-papa-francisco\/\" target=\"_blank\" rel=\"noopener\">el pasado 17 de diciembre 85 a\u00f1os<\/a>.<\/p>\n<p>***<\/p>\n<p>Jorge Mario Bergoglio cumpli\u00f3 este 17 de diciembre 85 a\u00f1os, la edad que ten\u00eda Benedicto XVI al renunciar, casi la edad de San Juan Pablo II al fallecer (84 a\u00f1os, 11 meses). Como se puede ver, una edad crucial. Pero, a pesar de su reciente intervenci\u00f3n quir\u00fargica y a que tiene un pulm\u00f3n funcionando a media capacidad \u2013le extirparon un l\u00f3bulo del pulm\u00f3n derecho cuando ten\u00eda 21 a\u00f1os-al Papa se le ve en plena forma, metido al 100% en los graves problemas de la humanidad y en los desaf\u00edos de la Iglesia.<\/p>\n<p>En efecto, Francisco ha metido nuevamente a la Iglesia en el gran debate contempor\u00e1neo, siendo una voz escuchada en lo referente al cambio clim\u00e1tico o a la crisis de los migrantes, por citar s\u00f3lo dos rubros donde su intervenci\u00f3n ha sido decidida y ampliamente reconocida. Le ha plantado cara, con humildad y decisi\u00f3n, a la crisis de pederastia en la Iglesia; pero no se ha limitado a ser un apagafuegos en este aspecto, pues ha relanzado a la Iglesia a un decidido apostolado: \u201cla Iglesia en salida\u201d como le gusta llamarla, y ha vuelto en ese intento, a lo esencial, a anunciar con nuevos br\u00edos, a Jes\u00fas de Nazaret a un mundo cansado.<\/p>\n<p>Francisco, con sus gestos, ha dado una nueva fisonom\u00eda al papado. En efecto, son paradigm\u00e1ticas y ejemplares las im\u00e1genes de todo un Papa lav\u00e1ndoles los pies a un grupo de delincuentes en una prisi\u00f3n; o departiendo con los \u201csin techo\u201d el d\u00eda de su cumplea\u00f1os; o bes\u00e1ndoles los pies a un grupo de dirigentes africanos suplic\u00e1ndoles que pongan fin a una guerra fratricida. Digamos que, por gestos elocuentes, no se queda corto su pontificado, todo lo contrario. Y, esos gestos, no forman parte de una estudiada campa\u00f1a medi\u00e1tica, sino que son aut\u00e9nticos, pues ya los viv\u00eda siendo arzobispo de Buenos Aires. S\u00f3lo los ha llevado a la Sede de Pedro, y ah\u00ed han tenido un efecto multiplicador, que confronta a la Iglesia misma, de forma que todos nos sentimos inclinados a salir de nuestra zona de confort al encuentro del hermano que sufre; todos nos sentimos interpelados a contribuir para hacer de este mundo un mejor lugar, luchando contra las estructuras de pecado o, en positivo, para edificar la civilizaci\u00f3n del amor.<\/p>\n<p>El Papa Francisco tambi\u00e9n ha tenido muy presentes a los de su edad desde el principio del pontificado. Ha denunciado con fuerza a la \u201ccultura del descarte\u201d, siendo los ancianos los primeros olvidados o relegados por una sociedad marcadamente individualista, donde lo que cuenta es el \u201cyo\u201d y sus apetencias. Parad\u00f3jicamente ahora es un anciano el protagonista, un anciano con una inmensa capacidad de convocatoria de j\u00f3venes a trav\u00e9s de las <em>Jornadas Mundiales de la Juventud<\/em> que le ha tocado presidir. Un anciano con alma joven que clama para que no se les arranque a los j\u00f3venes la esperanza, que se dirige a un mundo donde tantas veces los j\u00f3venes ya enfrentan le vida con un coraz\u00f3n cansado; el alto y creciente \u00edndice de suicidios juveniles no permiten exagerar este punto. Un anciano que invita a los j\u00f3venes a entablar el di\u00e1logo con sus abuelos para que sean conscientes de sus ra\u00edces y no sean desarraigados y por tanto f\u00e1cilmente manipulables.<\/p>\n<p>Por todo lo anterior, no nos queda sino agradecerle a Francisco su fidelidad a Dios, a la Iglesia, a la humanidad. Agradecerle y, \u00bfpor qu\u00e9 no?, admirar su vitalidad espiritual, su empuje, sus enfoques directos, claros, esperanzadores. Es, sin lugar a dudas, un ejemplo de vida lograda. Desde la altura de sus 85 a\u00f1os puede verse toda su vida con cierta perspectiva, y se puede concluir que ha valido la pena, que todo ese esfuerzo y sacrificio han producido dos realidades estrechamente emparentadas: una vida feliz \u2013la de Jorge Mario Bergoglio- y una vida fecunda; nos ense\u00f1a as\u00ed c\u00f3mo vida feliz y vida fecunda, van de la mano. \u00bfEl secreto? Una vida de fe, de esperanza, de caridad.<\/p>\n<p>\u00bfQu\u00e9 podemos hacer en consecuencia? Agradecer a Dios el habernos dado un pastor como Francisco, con su vida a la par feliz y fecunda. Rezar por \u00e9l, pues el peso de la Iglesia y del mundo que se ha echado sobre sus espaldas es muy grande, y no podemos permitir que lo lleve solo, sino que se encuentre respaldado por nuestras oraciones. \u201cRezad por m\u00ed\u201d es su insistente petici\u00f3n y no nos queda m\u00e1s remedio que acogerla con generosidad. Y aprender de \u00e9l c\u00f3mo una vida de fe es una vida fecunda, una vida que vale la pena, una vida plena, una vida feliz.<\/p>\n","protected":false},"excerpt":{"rendered":"<p>Reflexi\u00f3n sobre la vida de Jorge Mario Bergoglio tras su cumplea\u00f1os<\/p>\n","protected":false},"author":22,"featured_media":46588,"comment_status":"closed","ping_status":"closed","sticky":false,"template":"","format":"standard","meta":{"_acf_changed":false,"_crdt_document":"","inline_featured_image":false,"footnotes":""},"categories":[130],"tags":[5256,158,459,4953],"class_list":["post-46310","post","type-post","status-publish","format-standard","has-post-thumbnail","hentry","category-voces","tag-jorge-mario-bergoglio","tag-papa-francisco","tag-teologia-para-millennials","tag-trending-es"],"acf":[],"yoast_head":"<!-- This site is optimized with the Yoast SEO plugin v27.5 - https:\/\/yoast.com\/product\/yoast-seo-wordpress\/ -->\n<title>Teolog\u00eda para Millennials: Los 85 de Francisco &#8211; Exaudi<\/title>\n<meta name=\"description\" content=\"El padre Mario Arroyo ofrece su art\u00edculo semanal titulado \u201cLos 85 de Francisco\u201d, donde reflexiona sobre sobre la vida del Papa Francisco.\" \/>\n<meta name=\"robots\" content=\"index, follow, max-snippet:-1, max-image-preview:large, max-video-preview:-1\" \/>\n<link rel=\"canonical\" href=\"https:\/\/exaudi.org\/es\/teologia-para-millennials-los-85-de-francisco\/\" \/>\n<meta property=\"og:locale\" content=\"es_ES\" \/>\n<meta property=\"og:type\" content=\"article\" \/>\n<meta property=\"og:title\" content=\"Teolog\u00eda para Millennials: Los 85 de Francisco &#8211; Exaudi\" \/>\n<meta property=\"og:description\" content=\"El padre Mario Arroyo ofrece su art\u00edculo semanal titulado \u201cLos 85 de Francisco\u201d, donde reflexiona sobre sobre la vida del Papa Francisco.\" \/>\n<meta property=\"og:url\" content=\"https:\/\/exaudi.org\/es\/teologia-para-millennials-los-85-de-francisco\/\" \/>\n<meta property=\"og:site_name\" content=\"Exaudi\" \/>\n<meta property=\"article:publisher\" content=\"https:\/\/www.facebook.com\/ExaudiNews\" \/>\n<meta property=\"article:published_time\" content=\"2021-12-20T07:00:46+00:00\" \/>\n<meta property=\"article:modified_time\" content=\"2021-12-20T16:37:43+00:00\" \/>\n<meta property=\"og:image\" content=\"https:\/\/exaudi.org\/wp-content\/uploads\/2021\/12\/cq5dam.thumbnail.cropped.1500.844-17.jpeg\" \/>\n\t<meta property=\"og:image:width\" content=\"1280\" \/>\n\t<meta property=\"og:image:height\" content=\"844\" \/>\n\t<meta property=\"og:image:type\" content=\"image\/jpeg\" \/>\n<meta name=\"author\" content=\"Mario Arroyo\" \/>\n<meta name=\"twitter:card\" content=\"summary_large_image\" \/>\n<meta name=\"twitter:creator\" content=\"@Exaudi_News\" \/>\n<meta name=\"twitter:site\" content=\"@Exaudi_News\" \/>\n<meta name=\"twitter:label1\" content=\"Escrito por\" \/>\n\t<meta name=\"twitter:data1\" content=\"Mario Arroyo\" \/>\n\t<meta name=\"twitter:label2\" content=\"Tiempo de lectura\" \/>\n\t<meta name=\"twitter:data2\" content=\"4 minutos\" \/>\n<script type=\"application\/ld+json\" class=\"yoast-schema-graph\">{\"@context\":\"https:\\\/\\\/schema.org\",\"@graph\":[{\"@type\":\"Article\",\"@id\":\"https:\\\/\\\/exaudi.org\\\/es\\\/teologia-para-millennials-los-85-de-francisco\\\/#article\",\"isPartOf\":{\"@id\":\"https:\\\/\\\/exaudi.org\\\/es\\\/teologia-para-millennials-los-85-de-francisco\\\/\"},\"author\":{\"name\":\"Mario Arroyo\",\"@id\":\"https:\\\/\\\/exaudi.org\\\/#\\\/schema\\\/person\\\/2195e6e643f4a07a343345d49e4e6985\"},\"headline\":\"Teolog\u00eda para Millennials: Los 85 de Francisco\",\"datePublished\":\"2021-12-20T07:00:46+00:00\",\"dateModified\":\"2021-12-20T16:37:43+00:00\",\"mainEntityOfPage\":{\"@id\":\"https:\\\/\\\/exaudi.org\\\/es\\\/teologia-para-millennials-los-85-de-francisco\\\/\"},\"wordCount\":861,\"image\":{\"@id\":\"https:\\\/\\\/exaudi.org\\\/es\\\/teologia-para-millennials-los-85-de-francisco\\\/#primaryimage\"},\"thumbnailUrl\":\"https:\\\/\\\/exaudi.org\\\/wp-content\\\/uploads\\\/2021\\\/12\\\/cq5dam.thumbnail.cropped.1500.844-17.jpeg\",\"keywords\":[\"Jorge Mario Bergoglio\",\"papa francisco\",\"Teolog\u00eda para Millennials\",\"Trending\"],\"articleSection\":[\"Voces\"],\"inLanguage\":\"es\"},{\"@type\":\"WebPage\",\"@id\":\"https:\\\/\\\/exaudi.org\\\/es\\\/teologia-para-millennials-los-85-de-francisco\\\/\",\"url\":\"https:\\\/\\\/exaudi.org\\\/es\\\/teologia-para-millennials-los-85-de-francisco\\\/\",\"name\":\"Teolog\u00eda para Millennials: Los 85 de Francisco &#8211; Exaudi\",\"isPartOf\":{\"@id\":\"https:\\\/\\\/exaudi.org\\\/#website\"},\"primaryImageOfPage\":{\"@id\":\"https:\\\/\\\/exaudi.org\\\/es\\\/teologia-para-millennials-los-85-de-francisco\\\/#primaryimage\"},\"image\":{\"@id\":\"https:\\\/\\\/exaudi.org\\\/es\\\/teologia-para-millennials-los-85-de-francisco\\\/#primaryimage\"},\"thumbnailUrl\":\"https:\\\/\\\/exaudi.org\\\/wp-content\\\/uploads\\\/2021\\\/12\\\/cq5dam.thumbnail.cropped.1500.844-17.jpeg\",\"datePublished\":\"2021-12-20T07:00:46+00:00\",\"dateModified\":\"2021-12-20T16:37:43+00:00\",\"author\":{\"@id\":\"https:\\\/\\\/exaudi.org\\\/#\\\/schema\\\/person\\\/2195e6e643f4a07a343345d49e4e6985\"},\"description\":\"El padre Mario Arroyo ofrece su art\u00edculo semanal titulado \u201cLos 85 de Francisco\u201d, donde reflexiona sobre sobre la vida del Papa Francisco.\",\"breadcrumb\":{\"@id\":\"https:\\\/\\\/exaudi.org\\\/es\\\/teologia-para-millennials-los-85-de-francisco\\\/#breadcrumb\"},\"inLanguage\":\"es\",\"potentialAction\":[{\"@type\":\"ReadAction\",\"target\":[\"https:\\\/\\\/exaudi.org\\\/es\\\/teologia-para-millennials-los-85-de-francisco\\\/\"]}]},{\"@type\":\"ImageObject\",\"inLanguage\":\"es\",\"@id\":\"https:\\\/\\\/exaudi.org\\\/es\\\/teologia-para-millennials-los-85-de-francisco\\\/#primaryimage\",\"url\":\"https:\\\/\\\/exaudi.org\\\/wp-content\\\/uploads\\\/2021\\\/12\\\/cq5dam.thumbnail.cropped.1500.844-17.jpeg\",\"contentUrl\":\"https:\\\/\\\/exaudi.org\\\/wp-content\\\/uploads\\\/2021\\\/12\\\/cq5dam.thumbnail.cropped.1500.844-17.jpeg\",\"width\":1280,\"height\":844,\"caption\":\"Papa Francisco \u00a9 Vatican Media\"},{\"@type\":\"BreadcrumbList\",\"@id\":\"https:\\\/\\\/exaudi.org\\\/es\\\/teologia-para-millennials-los-85-de-francisco\\\/#breadcrumb\",\"itemListElement\":[{\"@type\":\"ListItem\",\"position\":1,\"name\":\"Portada\",\"item\":\"https:\\\/\\\/exaudi.org\\\/es\\\/\"},{\"@type\":\"ListItem\",\"position\":2,\"name\":\"Teolog\u00eda para Millennials: Los 85 de Francisco\"}]},{\"@type\":\"WebSite\",\"@id\":\"https:\\\/\\\/exaudi.org\\\/#website\",\"url\":\"https:\\\/\\\/exaudi.org\\\/\",\"name\":\"Exaudi\",\"description\":\"News\",\"potentialAction\":[{\"@type\":\"SearchAction\",\"target\":{\"@type\":\"EntryPoint\",\"urlTemplate\":\"https:\\\/\\\/exaudi.org\\\/?s={search_term_string}\"},\"query-input\":{\"@type\":\"PropertyValueSpecification\",\"valueRequired\":true,\"valueName\":\"search_term_string\"}}],\"inLanguage\":\"es\"},{\"@type\":\"Person\",\"@id\":\"https:\\\/\\\/exaudi.org\\\/#\\\/schema\\\/person\\\/2195e6e643f4a07a343345d49e4e6985\",\"name\":\"Mario Arroyo\",\"image\":{\"@type\":\"ImageObject\",\"inLanguage\":\"es\",\"@id\":\"https:\\\/\\\/secure.gravatar.com\\\/avatar\\\/0e2dddc1d3bf207409f5b4d542cef9a9955ad497448376a1621fcb1df592d137?s=96&d=mm&r=g\",\"url\":\"https:\\\/\\\/secure.gravatar.com\\\/avatar\\\/0e2dddc1d3bf207409f5b4d542cef9a9955ad497448376a1621fcb1df592d137?s=96&d=mm&r=g\",\"contentUrl\":\"https:\\\/\\\/secure.gravatar.com\\\/avatar\\\/0e2dddc1d3bf207409f5b4d542cef9a9955ad497448376a1621fcb1df592d137?s=96&d=mm&r=g\",\"caption\":\"Mario Arroyo\"},\"description\":\"Licenciado en Filosof\u00eda por la Universidad Panamericana, M\u00e9xico 1996, ostenta el bachiller en Teolog\u00eda por la Pontificia Universidad de la Santa Cruz, Roma 1999. Doctor en Filosof\u00eda por la Pontificia Universidad de la Santa Cruz, Roma 2002. Ordenado sacerdote en Torreciudad, Espa\u00f1a, en 2002. Autor de: Poder, Dinero y Santidad, Lima 2012; Ciencia y Fe. Un equilibrio posible, UCSS, Lima 2015; Ciencia y Fe. Situaci\u00f3n actual, Facultad de Teolog\u00eda Pontificia y Civil de Lima, Lima 2016; La Iglesia y los Homosexuales. Un falso conflicto, Facultad de Teolog\u00eda Pontificia y Civil de Lima, Lima 2017. Coautor de Dios Busca al Hombre, CDSCO, Lima 2013; Neurona mata esp\u00edritu, Amazon, Lima 2018; Teolog\u00eda para Millennials, Amazon, Lima 2018. El padre Mario es columnista de los portales peruanos Cr\u00f3nica Viva, La abeja y Lucidez, as\u00ed como de los peri\u00f3dicos mexicanos Mural, Expreso, del portal mexicano Vox Fides y de ZENIT. Capell\u00e1n de la Universidad de Piura, Campus de Lima durante los cursos 2017 y 2018. Actualmente, profesor de Teolog\u00eda en la Universidad Panamericana, Ciudad de M\u00e9xico.\",\"url\":\"https:\\\/\\\/exaudi.org\\\/es\\\/author\\\/padremarioarroyo\\\/\"}]}<\/script>\n<!-- \/ Yoast SEO plugin. -->","yoast_head_json":{"title":"Teolog\u00eda para Millennials: Los 85 de Francisco &#8211; Exaudi","description":"El padre Mario Arroyo ofrece su art\u00edculo semanal titulado \u201cLos 85 de Francisco\u201d, donde reflexiona sobre sobre la vida del Papa Francisco.","robots":{"index":"index","follow":"follow","max-snippet":"max-snippet:-1","max-image-preview":"max-image-preview:large","max-video-preview":"max-video-preview:-1"},"canonical":"https:\/\/exaudi.org\/es\/teologia-para-millennials-los-85-de-francisco\/","og_locale":"es_ES","og_type":"article","og_title":"Teolog\u00eda para Millennials: Los 85 de Francisco &#8211; Exaudi","og_description":"El padre Mario Arroyo ofrece su art\u00edculo semanal titulado \u201cLos 85 de Francisco\u201d, donde reflexiona sobre sobre la vida del Papa Francisco.","og_url":"https:\/\/exaudi.org\/es\/teologia-para-millennials-los-85-de-francisco\/","og_site_name":"Exaudi","article_publisher":"https:\/\/www.facebook.com\/ExaudiNews","article_published_time":"2021-12-20T07:00:46+00:00","article_modified_time":"2021-12-20T16:37:43+00:00","og_image":[{"width":1280,"height":844,"url":"https:\/\/exaudi.org\/wp-content\/uploads\/2021\/12\/cq5dam.thumbnail.cropped.1500.844-17.jpeg","type":"image\/jpeg"}],"author":"Mario Arroyo","twitter_card":"summary_large_image","twitter_creator":"@Exaudi_News","twitter_site":"@Exaudi_News","twitter_misc":{"Escrito por":"Mario Arroyo","Tiempo de lectura":"4 minutos"},"schema":{"@context":"https:\/\/schema.org","@graph":[{"@type":"Article","@id":"https:\/\/exaudi.org\/es\/teologia-para-millennials-los-85-de-francisco\/#article","isPartOf":{"@id":"https:\/\/exaudi.org\/es\/teologia-para-millennials-los-85-de-francisco\/"},"author":{"name":"Mario Arroyo","@id":"https:\/\/exaudi.org\/#\/schema\/person\/2195e6e643f4a07a343345d49e4e6985"},"headline":"Teolog\u00eda para Millennials: Los 85 de Francisco","datePublished":"2021-12-20T07:00:46+00:00","dateModified":"2021-12-20T16:37:43+00:00","mainEntityOfPage":{"@id":"https:\/\/exaudi.org\/es\/teologia-para-millennials-los-85-de-francisco\/"},"wordCount":861,"image":{"@id":"https:\/\/exaudi.org\/es\/teologia-para-millennials-los-85-de-francisco\/#primaryimage"},"thumbnailUrl":"https:\/\/exaudi.org\/wp-content\/uploads\/2021\/12\/cq5dam.thumbnail.cropped.1500.844-17.jpeg","keywords":["Jorge Mario Bergoglio","papa francisco","Teolog\u00eda para Millennials","Trending"],"articleSection":["Voces"],"inLanguage":"es"},{"@type":"WebPage","@id":"https:\/\/exaudi.org\/es\/teologia-para-millennials-los-85-de-francisco\/","url":"https:\/\/exaudi.org\/es\/teologia-para-millennials-los-85-de-francisco\/","name":"Teolog\u00eda para Millennials: Los 85 de Francisco &#8211; Exaudi","isPartOf":{"@id":"https:\/\/exaudi.org\/#website"},"primaryImageOfPage":{"@id":"https:\/\/exaudi.org\/es\/teologia-para-millennials-los-85-de-francisco\/#primaryimage"},"image":{"@id":"https:\/\/exaudi.org\/es\/teologia-para-millennials-los-85-de-francisco\/#primaryimage"},"thumbnailUrl":"https:\/\/exaudi.org\/wp-content\/uploads\/2021\/12\/cq5dam.thumbnail.cropped.1500.844-17.jpeg","datePublished":"2021-12-20T07:00:46+00:00","dateModified":"2021-12-20T16:37:43+00:00","author":{"@id":"https:\/\/exaudi.org\/#\/schema\/person\/2195e6e643f4a07a343345d49e4e6985"},"description":"El padre Mario Arroyo ofrece su art\u00edculo semanal titulado \u201cLos 85 de Francisco\u201d, donde reflexiona sobre sobre la vida del Papa Francisco.","breadcrumb":{"@id":"https:\/\/exaudi.org\/es\/teologia-para-millennials-los-85-de-francisco\/#breadcrumb"},"inLanguage":"es","potentialAction":[{"@type":"ReadAction","target":["https:\/\/exaudi.org\/es\/teologia-para-millennials-los-85-de-francisco\/"]}]},{"@type":"ImageObject","inLanguage":"es","@id":"https:\/\/exaudi.org\/es\/teologia-para-millennials-los-85-de-francisco\/#primaryimage","url":"https:\/\/exaudi.org\/wp-content\/uploads\/2021\/12\/cq5dam.thumbnail.cropped.1500.844-17.jpeg","contentUrl":"https:\/\/exaudi.org\/wp-content\/uploads\/2021\/12\/cq5dam.thumbnail.cropped.1500.844-17.jpeg","width":1280,"height":844,"caption":"Papa Francisco \u00a9 Vatican Media"},{"@type":"BreadcrumbList","@id":"https:\/\/exaudi.org\/es\/teologia-para-millennials-los-85-de-francisco\/#breadcrumb","itemListElement":[{"@type":"ListItem","position":1,"name":"Portada","item":"https:\/\/exaudi.org\/es\/"},{"@type":"ListItem","position":2,"name":"Teolog\u00eda para Millennials: Los 85 de Francisco"}]},{"@type":"WebSite","@id":"https:\/\/exaudi.org\/#website","url":"https:\/\/exaudi.org\/","name":"Exaudi","description":"News","potentialAction":[{"@type":"SearchAction","target":{"@type":"EntryPoint","urlTemplate":"https:\/\/exaudi.org\/?s={search_term_string}"},"query-input":{"@type":"PropertyValueSpecification","valueRequired":true,"valueName":"search_term_string"}}],"inLanguage":"es"},{"@type":"Person","@id":"https:\/\/exaudi.org\/#\/schema\/person\/2195e6e643f4a07a343345d49e4e6985","name":"Mario Arroyo","image":{"@type":"ImageObject","inLanguage":"es","@id":"https:\/\/secure.gravatar.com\/avatar\/0e2dddc1d3bf207409f5b4d542cef9a9955ad497448376a1621fcb1df592d137?s=96&d=mm&r=g","url":"https:\/\/secure.gravatar.com\/avatar\/0e2dddc1d3bf207409f5b4d542cef9a9955ad497448376a1621fcb1df592d137?s=96&d=mm&r=g","contentUrl":"https:\/\/secure.gravatar.com\/avatar\/0e2dddc1d3bf207409f5b4d542cef9a9955ad497448376a1621fcb1df592d137?s=96&d=mm&r=g","caption":"Mario Arroyo"},"description":"Licenciado en Filosof\u00eda por la Universidad Panamericana, M\u00e9xico 1996, ostenta el bachiller en Teolog\u00eda por la Pontificia Universidad de la Santa Cruz, Roma 1999. Doctor en Filosof\u00eda por la Pontificia Universidad de la Santa Cruz, Roma 2002. Ordenado sacerdote en Torreciudad, Espa\u00f1a, en 2002. Autor de: Poder, Dinero y Santidad, Lima 2012; Ciencia y Fe. Un equilibrio posible, UCSS, Lima 2015; Ciencia y Fe. Situaci\u00f3n actual, Facultad de Teolog\u00eda Pontificia y Civil de Lima, Lima 2016; La Iglesia y los Homosexuales. Un falso conflicto, Facultad de Teolog\u00eda Pontificia y Civil de Lima, Lima 2017. Coautor de Dios Busca al Hombre, CDSCO, Lima 2013; Neurona mata esp\u00edritu, Amazon, Lima 2018; Teolog\u00eda para Millennials, Amazon, Lima 2018. El padre Mario es columnista de los portales peruanos Cr\u00f3nica Viva, La abeja y Lucidez, as\u00ed como de los peri\u00f3dicos mexicanos Mural, Expreso, del portal mexicano Vox Fides y de ZENIT. Capell\u00e1n de la Universidad de Piura, Campus de Lima durante los cursos 2017 y 2018. Actualmente, profesor de Teolog\u00eda en la Universidad Panamericana, Ciudad de M\u00e9xico.","url":"https:\/\/exaudi.org\/es\/author\/padremarioarroyo\/"}]}},"jetpack_featured_media_url":"https:\/\/exaudi.org\/wp-content\/uploads\/2021\/12\/cq5dam.thumbnail.cropped.1500.844-17.jpeg","jetpack_shortlink":"https:\/\/wp.me\/pgKjF2-c2W","_links":{"self":[{"href":"https:\/\/exaudi.org\/es\/wp-json\/wp\/v2\/posts\/46310","targetHints":{"allow":["GET"]}}],"collection":[{"href":"https:\/\/exaudi.org\/es\/wp-json\/wp\/v2\/posts"}],"about":[{"href":"https:\/\/exaudi.org\/es\/wp-json\/wp\/v2\/types\/post"}],"author":[{"embeddable":true,"href":"https:\/\/exaudi.org\/es\/wp-json\/wp\/v2\/users\/22"}],"replies":[{"embeddable":true,"href":"https:\/\/exaudi.org\/es\/wp-json\/wp\/v2\/comments?post=46310"}],"version-history":[{"count":0,"href":"https:\/\/exaudi.org\/es\/wp-json\/wp\/v2\/posts\/46310\/revisions"}],"wp:featuredmedia":[{"embeddable":true,"href":"https:\/\/exaudi.org\/es\/wp-json\/wp\/v2\/media\/46588"}],"wp:attachment":[{"href":"https:\/\/exaudi.org\/es\/wp-json\/wp\/v2\/media?parent=46310"}],"wp:term":[{"taxonomy":"category","embeddable":true,"href":"https:\/\/exaudi.org\/es\/wp-json\/wp\/v2\/categories?post=46310"},{"taxonomy":"post_tag","embeddable":true,"href":"https:\/\/exaudi.org\/es\/wp-json\/wp\/v2\/tags?post=46310"}],"curies":[{"name":"wp","href":"https:\/\/api.w.org\/{rel}","templated":true}]}}