{"id":46217,"date":"2021-12-21T09:30:27","date_gmt":"2021-12-21T08:30:27","guid":{"rendered":"https:\/\/exaudi.org\/?p=46217"},"modified":"2021-12-22T13:14:55","modified_gmt":"2021-12-22T12:14:55","slug":"un-belen-diferente-en-la-catedral-de-san-dionisio-atenas","status":"publish","type":"post","link":"https:\/\/exaudi.org\/es\/un-belen-diferente-en-la-catedral-de-san-dionisio-atenas\/","title":{"rendered":"\u201cUn Bel\u00e9n diferente\u201d en la catedral de San Dionisio, Atenas"},"content":{"rendered":"<p>\u201cUn Bel\u00e9n diferente\u201d en la <a href=\"https:\/\/saintdenis.gr\/en\/\" target=\"_blank\" rel=\"noopener\">catedral de San Dioniso, Atenas<\/a>. Compartimos este art\u00edculo con el testimonio de <a href=\"https:\/\/exaudi.org\/es\/visita-del-papa-a-grecia-inyeccion-de-esperanza\/\" target=\"_blank\" rel=\"noopener\">Ivette Valle Konstantopoulou<\/a>, arquitecta responsable del dise\u00f1o del Bel\u00e9n en la catedral cat\u00f3lica de la capital griega, donde recientemente\u00a0el Papa Francisco, en su viaje apost\u00f3lico al pa\u00eds heleno, <a href=\"https:\/\/exaudi.org\/es\/grecia-encuentro-del-papa-francisco-con-la-comunidad-catolica\/\" target=\"_blank\" rel=\"noopener\">se reuni\u00f3 con los obispos, sacerdotes, religiosos y religiosas, seminaristas y catequistas.<\/a><\/p>\n<p>***<\/p>\n<figure id=\"attachment_46576\" aria-describedby=\"caption-attachment-46576\" style=\"width: 223px\" class=\"wp-caption alignleft\"><img loading=\"lazy\" decoding=\"async\" class=\"size-medium wp-image-46576\" src=\"https:\/\/exaudi.org\/wp-content\/uploads\/2021\/12\/ivette-223x300.jpg\" alt=\"presepe\" width=\"223\" height=\"300\" srcset=\"https:\/\/exaudi.org\/wp-content\/uploads\/2021\/12\/ivette-223x300.jpg 223w, https:\/\/exaudi.org\/wp-content\/uploads\/2021\/12\/ivette-760x1024.jpg 760w, https:\/\/exaudi.org\/wp-content\/uploads\/2021\/12\/ivette-770x1037.jpg 770w, https:\/\/exaudi.org\/wp-content\/uploads\/2021\/12\/ivette-1140x1536.jpg 1140w, https:\/\/exaudi.org\/wp-content\/uploads\/2021\/12\/ivette-1520x2048.jpg 1520w, https:\/\/exaudi.org\/wp-content\/uploads\/2021\/12\/ivette-500x673.jpg 500w, https:\/\/exaudi.org\/wp-content\/uploads\/2021\/12\/ivette-293x395.jpg 293w, https:\/\/exaudi.org\/wp-content\/uploads\/2021\/12\/ivette-1400x1886.jpg 1400w, https:\/\/exaudi.org\/wp-content\/uploads\/2021\/12\/ivette-390x525.jpg 390w, https:\/\/exaudi.org\/wp-content\/uploads\/2021\/12\/ivette-scaled.jpg 1901w\" sizes=\"auto, (max-width: 223px) 100vw, 223px\" \/><figcaption id=\"caption-attachment-46576\" class=\"wp-caption-text\">Ivette V. Konstantopoulou<\/figcaption><\/figure>\n<p>Tuve la oportunidad de colaborar con el P. Giorgos Dagas cuando era p\u00e1rroco de la Iglesia Cat\u00f3lica de San Andr\u00e9s en Patras. Realizamos un pesebre que era un modelo de dimensiones 8&#215;2 m con edificios caracter\u00edsticos de la ciudad hechos a escala. La idea central era acoger el mensaje navide\u00f1o en nuestro coraz\u00f3n, las personas de hoy en nuestro lugar. Como Patras es una ciudad portuaria, en la primera edici\u00f3n del Bel\u00e9n, la sagrada familia llegaba a esta ciudad dentro de un barco y los habitantes llegaban a recibirles.<\/p>\n<figure id=\"attachment_46243\" aria-describedby=\"caption-attachment-46243\" style=\"width: 300px\" class=\"wp-caption alignright\"><img loading=\"lazy\" decoding=\"async\" class=\"wp-image-46243 size-medium\" src=\"https:\/\/exaudi.org\/wp-content\/uploads\/2021\/12\/IMG-20211204-Alex-Osana-Ivette-Valle-Jesusa-Stanislao-Michail-Provelengios-para-Exaudi-1-300x151.jpg\" alt=\"Bel\u00e9n catedral Atenas\" width=\"300\" height=\"151\" srcset=\"https:\/\/exaudi.org\/wp-content\/uploads\/2021\/12\/IMG-20211204-Alex-Osana-Ivette-Valle-Jesusa-Stanislao-Michail-Provelengios-para-Exaudi-1-300x151.jpg 300w, https:\/\/exaudi.org\/wp-content\/uploads\/2021\/12\/IMG-20211204-Alex-Osana-Ivette-Valle-Jesusa-Stanislao-Michail-Provelengios-para-Exaudi-1-1024x516.jpg 1024w, https:\/\/exaudi.org\/wp-content\/uploads\/2021\/12\/IMG-20211204-Alex-Osana-Ivette-Valle-Jesusa-Stanislao-Michail-Provelengios-para-Exaudi-1-770x388.jpg 770w, https:\/\/exaudi.org\/wp-content\/uploads\/2021\/12\/IMG-20211204-Alex-Osana-Ivette-Valle-Jesusa-Stanislao-Michail-Provelengios-para-Exaudi-1-500x252.jpg 500w, https:\/\/exaudi.org\/wp-content\/uploads\/2021\/12\/IMG-20211204-Alex-Osana-Ivette-Valle-Jesusa-Stanislao-Michail-Provelengios-para-Exaudi-1-585x293.jpg 585w, https:\/\/exaudi.org\/wp-content\/uploads\/2021\/12\/IMG-20211204-Alex-Osana-Ivette-Valle-Jesusa-Stanislao-Michail-Provelengios-para-Exaudi-1-1170x585.jpg 1170w, https:\/\/exaudi.org\/wp-content\/uploads\/2021\/12\/IMG-20211204-Alex-Osana-Ivette-Valle-Jesusa-Stanislao-Michail-Provelengios-para-Exaudi-1-293x148.jpg 293w, https:\/\/exaudi.org\/wp-content\/uploads\/2021\/12\/IMG-20211204-Alex-Osana-Ivette-Valle-Jesusa-Stanislao-Michail-Provelengios-para-Exaudi-1-1400x705.jpg 1400w, https:\/\/exaudi.org\/wp-content\/uploads\/2021\/12\/IMG-20211204-Alex-Osana-Ivette-Valle-Jesusa-Stanislao-Michail-Provelengios-para-Exaudi-1-390x196.jpg 390w, https:\/\/exaudi.org\/wp-content\/uploads\/2021\/12\/IMG-20211204-Alex-Osana-Ivette-Valle-Jesusa-Stanislao-Michail-Provelengios-para-Exaudi-1.jpg 1422w\" sizes=\"auto, (max-width: 300px) 100vw, 300px\" \/><figcaption id=\"caption-attachment-46243\" class=\"wp-caption-text\">Alex Osana, Ivette Valle, Jesusa Stanislao y Michail Provelengios \u00a9 Ivette V. Konstantopoulou<\/figcaption><\/figure>\n<p>Despu\u00e9s se introdujo el concepto del puente del tiempo a trav\u00e9s del cual los ap\u00f3stoles trajeron el mensaje del cristianismo a estas tierras, con especial referencia a San Andr\u00e9s, patrono de la ciudad, quien llegaba a la ciudad en ese barco.\u00a0 El tercer a\u00f1o se incluy\u00f3 el Bel\u00e9n tradicional para hacerlo destacar e indicar que desde ah\u00ed part\u00eda el mensaje de la navidad hasta llegar a nuestros d\u00edas a la ciudad actual donde la Sagrada Familia se \u201cconfund\u00eda\u201d en medio de nosotros. Durante los tres a\u00f1os (2017-2019) que mantuvimos esta instalaci\u00f3n art\u00edstica, el proyecto evolucion\u00f3 recibiendo buenas cr\u00edticas. Tanto la comunidad local como muchos otros lo visitaron.\u00a0 (Para ver im\u00e1genes y los art\u00edculos escritos al respecto se puede consultar las ediciones digitales del peri\u00f3dico \u201c<em>\u03a0\u03b1\u03c4\u03c1\u03b9\u03bd\u03bf\u03af<\/em> <em>\u039f\u03c1\u03af\u03b6\u03bf\u03bd\u03c4\u03b5\u03c2<\/em>\u201d que se encuentra en la secci\u00f3n de Archivos (\u0391\u03c1\u03c7\u03b5\u03af\u03b1) de la p\u00e1gina digital de la parroquia catheclpatra.gr, tomos (\u03c4\u03b5\u03cd\u03c7\u03bf\u03c2) 141, 147, 153).<\/p>\n<figure id=\"attachment_46613\" aria-describedby=\"caption-attachment-46613\" style=\"width: 300px\" class=\"wp-caption alignleft\"><img loading=\"lazy\" decoding=\"async\" class=\"size-medium wp-image-46613\" src=\"https:\/\/exaudi.org\/wp-content\/uploads\/2021\/12\/padre-Giorgo-papa-Francisco-Vatican-Media-1-300x200.jpeg\" alt=\"\" width=\"300\" height=\"200\" srcset=\"https:\/\/exaudi.org\/wp-content\/uploads\/2021\/12\/padre-Giorgo-papa-Francisco-Vatican-Media-1-300x200.jpeg 300w, https:\/\/exaudi.org\/wp-content\/uploads\/2021\/12\/padre-Giorgo-papa-Francisco-Vatican-Media-1-770x513.jpeg 770w, https:\/\/exaudi.org\/wp-content\/uploads\/2021\/12\/padre-Giorgo-papa-Francisco-Vatican-Media-1-360x240.jpeg?crop=1 360w, https:\/\/exaudi.org\/wp-content\/uploads\/2021\/12\/padre-Giorgo-papa-Francisco-Vatican-Media-1-500x333.jpeg 500w, https:\/\/exaudi.org\/wp-content\/uploads\/2021\/12\/padre-Giorgo-papa-Francisco-Vatican-Media-1-370x247.jpeg 370w, https:\/\/exaudi.org\/wp-content\/uploads\/2021\/12\/padre-Giorgo-papa-Francisco-Vatican-Media-1-293x195.jpeg 293w, https:\/\/exaudi.org\/wp-content\/uploads\/2021\/12\/padre-Giorgo-papa-Francisco-Vatican-Media-1-120x80.jpeg 120w, https:\/\/exaudi.org\/wp-content\/uploads\/2021\/12\/padre-Giorgo-papa-Francisco-Vatican-Media-1-240x160.jpeg 240w, https:\/\/exaudi.org\/wp-content\/uploads\/2021\/12\/padre-Giorgo-papa-Francisco-Vatican-Media-1-390x260.jpeg 390w, https:\/\/exaudi.org\/wp-content\/uploads\/2021\/12\/padre-Giorgo-papa-Francisco-Vatican-Media-1.jpeg 800w\" sizes=\"auto, (max-width: 300px) 100vw, 300px\" \/><figcaption id=\"caption-attachment-46613\" class=\"wp-caption-text\">Padre Giorgos con el Papa Francisco \u00a9 Vatican Media<\/figcaption><\/figure>\n<p>En 2020, el P. Giorgos se convirti\u00f3 en p\u00e1rroco de la catedral de San Dionisio en Atenas y muchas cosas cambiaron. Con la pandemia, solo pudimos ver la Misa de Navidad de 2020 a trav\u00e9s de los canales de <em>Youtube<\/em> de nuestras parroquias. Algunas velas colocadas en los lugares de los fieles nos dieron consuelo.<\/p>\n<p>Un d\u00eda, el P. Giorgos me llam\u00f3 para preguntarme la escala de los edificios del Bel\u00e9n de Patras porque quer\u00eda hacer uno equivalente para Atenas en la Navidad de 2021. Como se acercaba la temporada Navide\u00f1a de 2020, le prepar\u00e9 una postal como en a\u00f1os anteriores, con una idea relacionada con el pesebre la cual le gust\u00f3 mucho. Luego, me pidi\u00f3 que le sugiriera algunos edificios para el Bel\u00e9n, y como hab\u00eda vivido en Atenas hace a\u00f1os, y adem\u00e1s hab\u00eda participado en un concurso de arquitectura y urbanismo para la mejora de la ciudad, abrac\u00e9 la idea ya que los edificios que propuse se encuentran en el \u00e1rea del concurso en el centro de la ciudad. Prepar\u00e9 mi propuesta en forma de boceto hecho a mano y una presentaci\u00f3n <em>Powerpoint<\/em>.<\/p>\n<p>\u00c9l se hab\u00eda puesto en contacto con una oficina de arquitectura y el arquitecto Michail Provelengios de dicho despacho tambi\u00e9n acept\u00f3 mi propuesta. Tuvimos algunas reuniones para discutir los detalles del proyecto. Su oficina se encarg\u00f3 del dise\u00f1o y producci\u00f3n de los modelos y con un esp\u00edritu de buena cooperaci\u00f3n se desarroll\u00f3 esta instalaci\u00f3n art\u00edstica que un grupo de voluntarios se comprometi\u00f3 a implementar.<\/p>\n<figure id=\"attachment_46261\" aria-describedby=\"caption-attachment-46261\" style=\"width: 300px\" class=\"wp-caption alignright\"><img loading=\"lazy\" decoding=\"async\" class=\"wp-image-46261 size-medium\" src=\"https:\/\/exaudi.org\/wp-content\/uploads\/2021\/12\/WhatsApp-Image-2021-12-16-at-10.56.18-1-300x225.jpeg\" alt=\"Bel\u00e9n catedral Atenas\" width=\"300\" height=\"225\" srcset=\"https:\/\/exaudi.org\/wp-content\/uploads\/2021\/12\/WhatsApp-Image-2021-12-16-at-10.56.18-1-300x225.jpeg 300w, https:\/\/exaudi.org\/wp-content\/uploads\/2021\/12\/WhatsApp-Image-2021-12-16-at-10.56.18-1-1024x768.jpeg 1024w, https:\/\/exaudi.org\/wp-content\/uploads\/2021\/12\/WhatsApp-Image-2021-12-16-at-10.56.18-1-770x578.jpeg 770w, https:\/\/exaudi.org\/wp-content\/uploads\/2021\/12\/WhatsApp-Image-2021-12-16-at-10.56.18-1-500x375.jpeg 500w, https:\/\/exaudi.org\/wp-content\/uploads\/2021\/12\/WhatsApp-Image-2021-12-16-at-10.56.18-1-293x220.jpeg 293w, https:\/\/exaudi.org\/wp-content\/uploads\/2021\/12\/WhatsApp-Image-2021-12-16-at-10.56.18-1-390x293.jpeg 390w, https:\/\/exaudi.org\/wp-content\/uploads\/2021\/12\/WhatsApp-Image-2021-12-16-at-10.56.18-1.jpeg 1280w\" sizes=\"auto, (max-width: 300px) 100vw, 300px\" \/><figcaption id=\"caption-attachment-46261\" class=\"wp-caption-text\">\u00a9 Ivette V. Konstantopoulou<\/figcaption><\/figure>\n<p>Mantuvimos el pesebre tradicional de a\u00f1os anteriores al inicio del proyecto haciendo solo un cambio en las monta\u00f1as del paisaje que fueron reemplazadas por una imagen real de las monta\u00f1as de Bel\u00e9n, que luego evolucionan en la imponente colina de Lycabettus en el centro de Atenas. Intencionalmente, los paneles con las im\u00e1genes de estas monta\u00f1as se dimensionaron de tal manera que aparte de encajar armoniosamente en el conjunto, dejan ver en la parte superior las estaciones del V\u00eda Crucis del templo, como un recordatorio de la raz\u00f3n para la cual Jes\u00fas quiso venir a nacer entre nosotros.<\/p>\n<p>Estas im\u00e1genes se convierten en una fuerte ayuda visual para cualquier peregrino que visite la catedral y que con un esp\u00edritu de recogimiento se detenga a contemplar estos elementos que en su conjunto constituyen un Bel\u00e9n moderno. Lo que queremos destacar es que la Navidad no es un acontecimiento que recordamos con nostalgia y se queda en el pasado.<\/p>\n<figure id=\"attachment_46610\" aria-describedby=\"caption-attachment-46610\" style=\"width: 224px\" class=\"wp-caption alignleft\"><img loading=\"lazy\" decoding=\"async\" class=\"size-medium wp-image-46610\" src=\"https:\/\/exaudi.org\/wp-content\/uploads\/2021\/12\/Alexandros-Osana-224x300.jpg\" alt=\"\" width=\"224\" height=\"300\" srcset=\"https:\/\/exaudi.org\/wp-content\/uploads\/2021\/12\/Alexandros-Osana-224x300.jpg 224w, https:\/\/exaudi.org\/wp-content\/uploads\/2021\/12\/Alexandros-Osana-766x1024.jpg 766w, https:\/\/exaudi.org\/wp-content\/uploads\/2021\/12\/Alexandros-Osana-770x1029.jpg 770w, https:\/\/exaudi.org\/wp-content\/uploads\/2021\/12\/Alexandros-Osana-500x668.jpg 500w, https:\/\/exaudi.org\/wp-content\/uploads\/2021\/12\/Alexandros-Osana-293x392.jpg 293w, https:\/\/exaudi.org\/wp-content\/uploads\/2021\/12\/Alexandros-Osana-390x521.jpg 390w, https:\/\/exaudi.org\/wp-content\/uploads\/2021\/12\/Alexandros-Osana.jpg 868w\" sizes=\"auto, (max-width: 224px) 100vw, 224px\" \/><figcaption id=\"caption-attachment-46610\" class=\"wp-caption-text\">\u00a9 Alexandros Osana<\/figcaption><\/figure>\n<p>La Sagrada Familia en figuras a gran escala, iluminada con colores c\u00e1lidos y la luz de la estrella de Bel\u00e9n nos invitan en el portal a que vayamos a adorar al ni\u00f1o y luego en el otro extremo, en la plaza donde se encuentra el \u00e1rbol de navidad, una sagrada familia de madera, de mayor escala que las figuras comunes, hecha por artesanos de Bel\u00e9n nos hace sentir su presencia en medio de nosotros.\u00a0 Hemos tenido el cuidado de que las figuras est\u00e9n orientadas en direcci\u00f3n al lugar donde el mensaje de la buena nueva es proclamado, procurando dar un poco de car\u00e1cter a las figuras ya que encontramos a un sacerdote cat\u00f3lico (el padre Giorgos) a la entrada de la catedral, uno ortodoxo en la respectiva catedral ortodoxa, una banda y hasta un vendedor de casta\u00f1os.<\/p>\n<figure id=\"attachment_46631\" aria-describedby=\"caption-attachment-46631\" style=\"width: 300px\" class=\"wp-caption alignright\"><img loading=\"lazy\" decoding=\"async\" class=\"wp-image-46631 size-medium\" src=\"https:\/\/exaudi.org\/wp-content\/uploads\/2021\/12\/detalle-en-perspectiva-Nefeli-1-300x135.jpg\" alt=\"Bel\u00e9n catedral Atenas\" width=\"300\" height=\"135\" srcset=\"https:\/\/exaudi.org\/wp-content\/uploads\/2021\/12\/detalle-en-perspectiva-Nefeli-1-300x135.jpg 300w, https:\/\/exaudi.org\/wp-content\/uploads\/2021\/12\/detalle-en-perspectiva-Nefeli-1-1024x461.jpg 1024w, https:\/\/exaudi.org\/wp-content\/uploads\/2021\/12\/detalle-en-perspectiva-Nefeli-1-770x347.jpg 770w, https:\/\/exaudi.org\/wp-content\/uploads\/2021\/12\/detalle-en-perspectiva-Nefeli-1-500x225.jpg 500w, https:\/\/exaudi.org\/wp-content\/uploads\/2021\/12\/detalle-en-perspectiva-Nefeli-1-1155x522.jpg 1155w, https:\/\/exaudi.org\/wp-content\/uploads\/2021\/12\/detalle-en-perspectiva-Nefeli-1-293x132.jpg 293w, https:\/\/exaudi.org\/wp-content\/uploads\/2021\/12\/detalle-en-perspectiva-Nefeli-1-390x176.jpg 390w, https:\/\/exaudi.org\/wp-content\/uploads\/2021\/12\/detalle-en-perspectiva-Nefeli-1.jpg 1160w\" sizes=\"auto, (max-width: 300px) 100vw, 300px\" \/><figcaption id=\"caption-attachment-46631\" class=\"wp-caption-text\">\u00a9 Nefeli Roussou<\/figcaption><\/figure>\n<p>Los edificios que representan nuestras actividades laborales, tienen abiertas sus puertas en se\u00f1al de bienvenida al mensaje de la navidad. Un cartel con las im\u00e1genes de los edificios del Bel\u00e9n de Patras constituye mi firma en este proyecto.\u00a0 Lo dem\u00e1s, cada visitante encontrar\u00e1 lo que Jes\u00fas tiene que decirle en su coraz\u00f3n. Un fuerte mensaje se transmite desde Atenas en un a\u00f1o bendecido donde fue visitada por el Papa Francisco (4-6 de diciembre de 2021).<\/p>\n<p>A continuaci\u00f3n, transcribo la traducci\u00f3n al espa\u00f1ol de la hoja volante que los visitantes pueden llevarse consigo con la descripci\u00f3n del proyecto.<\/p>\n<h2><strong>El pesebre de la c<\/strong><strong>atedral de San Dionisio<\/strong><\/h2>\n<p>En la representaci\u00f3n moderna de la ciudad, los atenienses tambi\u00e9n llegan a recibir al gran Ap\u00f3stol, dejando que el mensaje navide\u00f1o de la encarnaci\u00f3n les inunde el coraz\u00f3n.<\/p>\n<figure id=\"attachment_46622\" aria-describedby=\"caption-attachment-46622\" style=\"width: 300px\" class=\"wp-caption alignleft\"><img loading=\"lazy\" decoding=\"async\" class=\"wp-image-46622 size-medium\" src=\"https:\/\/exaudi.org\/wp-content\/uploads\/2021\/12\/Alex5-1-300x224.jpg\" alt=\"Bel\u00e9n catedral Atenas\" width=\"300\" height=\"224\" srcset=\"https:\/\/exaudi.org\/wp-content\/uploads\/2021\/12\/Alex5-1-300x224.jpg 300w, https:\/\/exaudi.org\/wp-content\/uploads\/2021\/12\/Alex5-1-1024x766.jpg 1024w, https:\/\/exaudi.org\/wp-content\/uploads\/2021\/12\/Alex5-1-770x576.jpg 770w, https:\/\/exaudi.org\/wp-content\/uploads\/2021\/12\/Alex5-1-500x374.jpg 500w, https:\/\/exaudi.org\/wp-content\/uploads\/2021\/12\/Alex5-1-293x219.jpg 293w, https:\/\/exaudi.org\/wp-content\/uploads\/2021\/12\/Alex5-1-390x292.jpg 390w, https:\/\/exaudi.org\/wp-content\/uploads\/2021\/12\/Alex5-1.jpg 1160w\" sizes=\"auto, (max-width: 300px) 100vw, 300px\" \/><figcaption id=\"caption-attachment-46622\" class=\"wp-caption-text\">\u00a9 Alex Osana<\/figcaption><\/figure>\n<p>En verdad, \u00bfcu\u00e1l es el sentido de que celebremos el nacimiento de Jes\u00fas en Bel\u00e9n que sucedi\u00f3 hace dos mil a\u00f1os, si nosotros, la gente de nuestro tiempo no dejamos que el mensaje de Navidad entre a nuestros corazones? Como recordar\u00e1n, Jos\u00e9 buscaba encontrar desesperadamente una habitaci\u00f3n en una posada, porque su esposa Mar\u00eda dar\u00eda a luz en cualquier momento. En ninguna parte hab\u00eda lugar para que Jes\u00fas naciera, porque todos los sitios estaban llenos. Aquella noche en Bel\u00e9n solo el pobre pesebre dijo \u201cs\u00ed\u201d, mientras que todos los dem\u00e1s lugares dijeron \u201cno\u201d. Y Cristo, que es humilde, no despreci\u00f3 al pesebre sino que entr\u00f3 en \u00e9l para nacer.<\/p>\n<p>La misma pregunta nos dirige Jes\u00fas a nosotros hoy: \u201c\u00bfTienes un poco de espacio para m\u00ed en tu coraz\u00f3n para que entre?\u201d Muy a menudo queremos decir \u201cs\u00ed\u201d, pero las obligaciones de la vida (profesional, familiar y otras) nos han hecho que corramos tanto que por desgracia nos hemos olvidado de dejar un poco de espacio en nuestros corazones, para dar un poco de tiempo de nuestra vida a Jes\u00fas. As\u00ed, cuando llega y llama a nuestra puerta, nos encuentra ocupados y lo echamos, tal como sucedi\u00f3 aquella noche.<\/p>\n<figure id=\"attachment_46616\" aria-describedby=\"caption-attachment-46616\" style=\"width: 300px\" class=\"wp-caption alignright\"><img loading=\"lazy\" decoding=\"async\" class=\"size-medium wp-image-46616\" src=\"https:\/\/exaudi.org\/wp-content\/uploads\/2021\/12\/Alex-Osana-1-Syntagma-1-300x224.jpg\" alt=\"\" width=\"300\" height=\"224\" srcset=\"https:\/\/exaudi.org\/wp-content\/uploads\/2021\/12\/Alex-Osana-1-Syntagma-1-300x224.jpg 300w, https:\/\/exaudi.org\/wp-content\/uploads\/2021\/12\/Alex-Osana-1-Syntagma-1-1024x766.jpg 1024w, https:\/\/exaudi.org\/wp-content\/uploads\/2021\/12\/Alex-Osana-1-Syntagma-1-770x576.jpg 770w, https:\/\/exaudi.org\/wp-content\/uploads\/2021\/12\/Alex-Osana-1-Syntagma-1-500x374.jpg 500w, https:\/\/exaudi.org\/wp-content\/uploads\/2021\/12\/Alex-Osana-1-Syntagma-1-293x219.jpg 293w, https:\/\/exaudi.org\/wp-content\/uploads\/2021\/12\/Alex-Osana-1-Syntagma-1-390x292.jpg 390w, https:\/\/exaudi.org\/wp-content\/uploads\/2021\/12\/Alex-Osana-1-Syntagma-1.jpg 1160w\" sizes=\"auto, (max-width: 300px) 100vw, 300px\" \/><figcaption id=\"caption-attachment-46616\" class=\"wp-caption-text\">\u00a9 Alex Osana<\/figcaption><\/figure>\n<p>El pesebre de este a\u00f1o por lo tanto muestra el giro del hombre moderno en contra de esta tendencia. Tal vez puedas reconocerte en las figuras de la escena. Tal vez sea hora de que dejemos finalmente a Jes\u00fas entrar en nuestro coraz\u00f3n, para dar este paso que hemos deseado dar durante mucho tiempo pero siempre lo pospon\u00edamos. \u00a1El tiempo ha llegado!<\/p>\n<div style=\"width: 640px;\" class=\"wp-video\"><video class=\"wp-video-shortcode\" id=\"video-46217-1\" width=\"640\" height=\"352\" preload=\"metadata\" controls=\"controls\"><source type=\"video\/mp4\" src=\"https:\/\/exaudi.org\/wp-content\/uploads\/2021\/12\/WhatsApp-Video-2021-12-16-at-10.49.18.mp4?_=1\" \/><a href=\"https:\/\/exaudi.org\/wp-content\/uploads\/2021\/12\/WhatsApp-Video-2021-12-16-at-10.49.18.mp4\">https:\/\/exaudi.org\/wp-content\/uploads\/2021\/12\/WhatsApp-Video-2021-12-16-at-10.49.18.mp4<\/a><\/video><\/div>\n","protected":false},"excerpt":{"rendered":"<p>Francisco estuvo recientemente en este templo cat\u00f3lico griego<\/p>\n","protected":false},"author":86,"featured_media":46662,"comment_status":"closed","ping_status":"closed","sticky":false,"template":"","format":"standard","meta":{"_acf_changed":false,"_crdt_document":"","inline_featured_image":false,"footnotes":""},"categories":[98],"tags":[5089,4699,5250,4395,158],"class_list":["post-46217","post","type-post","status-publish","format-standard","has-post-thumbnail","hentry","category-testimonios","tag-atenas","tag-belen","tag-catedral-de-san-dionisio","tag-grecia","tag-papa-francisco"],"acf":[],"yoast_head":"<!-- This site is optimized with the Yoast SEO plugin v27.4 - https:\/\/yoast.com\/product\/yoast-seo-wordpress\/ -->\n<title>\u201cUn Bel\u00e9n diferente\u201d en la catedral de San Dionisio, Atenas &#8211; Exaudi<\/title>\n<meta name=\"description\" content=\"\u201cUn Bel\u00e9n diferente\u201d en la catedral de San Dioniso, Atenas. Art\u00edculo de Ivette Valle Konstantopoulou, arquitecta responsable del dise\u00f1o del\" \/>\n<meta name=\"robots\" content=\"index, follow, max-snippet:-1, max-image-preview:large, max-video-preview:-1\" \/>\n<link rel=\"canonical\" href=\"https:\/\/exaudi.org\/es\/un-belen-diferente-en-la-catedral-de-san-dionisio-atenas\/\" \/>\n<meta property=\"og:locale\" content=\"es_ES\" \/>\n<meta property=\"og:type\" content=\"article\" \/>\n<meta property=\"og:title\" content=\"\u201cUn Bel\u00e9n diferente\u201d en la catedral de San Dionisio, Atenas &#8211; Exaudi\" \/>\n<meta property=\"og:description\" content=\"\u201cUn Bel\u00e9n diferente\u201d en la catedral de San Dioniso, Atenas. Art\u00edculo de Ivette Valle Konstantopoulou, arquitecta responsable del dise\u00f1o del\" \/>\n<meta property=\"og:url\" content=\"https:\/\/exaudi.org\/es\/un-belen-diferente-en-la-catedral-de-san-dionisio-atenas\/\" \/>\n<meta property=\"og:site_name\" content=\"Exaudi\" \/>\n<meta property=\"article:publisher\" content=\"https:\/\/www.facebook.com\/ExaudiNews\" \/>\n<meta property=\"article:published_time\" content=\"2021-12-21T08:30:27+00:00\" \/>\n<meta property=\"article:modified_time\" content=\"2021-12-22T12:14:55+00:00\" \/>\n<meta property=\"og:image\" content=\"https:\/\/exaudi.org\/wp-content\/uploads\/2021\/12\/FOTO-PRINCIPAL-ARTICULO-NACIMIENTO-4.jpg\" \/>\n\t<meta property=\"og:image:width\" content=\"1160\" \/>\n\t<meta property=\"og:image:height\" content=\"522\" \/>\n\t<meta property=\"og:image:type\" content=\"image\/jpeg\" \/>\n<meta name=\"author\" content=\"Ivette V. Konstantopoulou\" \/>\n<meta name=\"twitter:card\" content=\"summary_large_image\" \/>\n<meta name=\"twitter:creator\" content=\"@Exaudi_News\" \/>\n<meta name=\"twitter:site\" content=\"@Exaudi_News\" \/>\n<meta name=\"twitter:label1\" content=\"Escrito por\" \/>\n\t<meta name=\"twitter:data1\" content=\"Ivette V. Konstantopoulou\" \/>\n\t<meta name=\"twitter:label2\" content=\"Tiempo de lectura\" \/>\n\t<meta name=\"twitter:data2\" content=\"8 minutos\" \/>\n<script type=\"application\/ld+json\" class=\"yoast-schema-graph\">{\"@context\":\"https:\\\/\\\/schema.org\",\"@graph\":[{\"@type\":\"Article\",\"@id\":\"https:\\\/\\\/exaudi.org\\\/es\\\/un-belen-diferente-en-la-catedral-de-san-dionisio-atenas\\\/#article\",\"isPartOf\":{\"@id\":\"https:\\\/\\\/exaudi.org\\\/es\\\/un-belen-diferente-en-la-catedral-de-san-dionisio-atenas\\\/\"},\"author\":{\"name\":\"Ivette V. Konstantopoulou\",\"@id\":\"https:\\\/\\\/exaudi.org\\\/#\\\/schema\\\/person\\\/75e7139b5b1bb88c79bf3b4e96428a5c\"},\"headline\":\"\u201cUn Bel\u00e9n diferente\u201d en la catedral de San Dionisio, Atenas\",\"datePublished\":\"2021-12-21T08:30:27+00:00\",\"dateModified\":\"2021-12-22T12:14:55+00:00\",\"mainEntityOfPage\":{\"@id\":\"https:\\\/\\\/exaudi.org\\\/es\\\/un-belen-diferente-en-la-catedral-de-san-dionisio-atenas\\\/\"},\"wordCount\":1447,\"image\":{\"@id\":\"https:\\\/\\\/exaudi.org\\\/es\\\/un-belen-diferente-en-la-catedral-de-san-dionisio-atenas\\\/#primaryimage\"},\"thumbnailUrl\":\"https:\\\/\\\/exaudi.org\\\/wp-content\\\/uploads\\\/2021\\\/12\\\/FOTO-PRINCIPAL-ARTICULO-NACIMIENTO-4.jpg\",\"keywords\":[\"Atenas\",\"Bel\u00e9n\",\"Catedral de San Dionisio\",\"Grecia\",\"papa francisco\"],\"articleSection\":[\"Testimonios\"],\"inLanguage\":\"es\"},{\"@type\":\"WebPage\",\"@id\":\"https:\\\/\\\/exaudi.org\\\/es\\\/un-belen-diferente-en-la-catedral-de-san-dionisio-atenas\\\/\",\"url\":\"https:\\\/\\\/exaudi.org\\\/es\\\/un-belen-diferente-en-la-catedral-de-san-dionisio-atenas\\\/\",\"name\":\"\u201cUn Bel\u00e9n diferente\u201d en la catedral de San Dionisio, Atenas &#8211; Exaudi\",\"isPartOf\":{\"@id\":\"https:\\\/\\\/exaudi.org\\\/#website\"},\"primaryImageOfPage\":{\"@id\":\"https:\\\/\\\/exaudi.org\\\/es\\\/un-belen-diferente-en-la-catedral-de-san-dionisio-atenas\\\/#primaryimage\"},\"image\":{\"@id\":\"https:\\\/\\\/exaudi.org\\\/es\\\/un-belen-diferente-en-la-catedral-de-san-dionisio-atenas\\\/#primaryimage\"},\"thumbnailUrl\":\"https:\\\/\\\/exaudi.org\\\/wp-content\\\/uploads\\\/2021\\\/12\\\/FOTO-PRINCIPAL-ARTICULO-NACIMIENTO-4.jpg\",\"datePublished\":\"2021-12-21T08:30:27+00:00\",\"dateModified\":\"2021-12-22T12:14:55+00:00\",\"author\":{\"@id\":\"https:\\\/\\\/exaudi.org\\\/#\\\/schema\\\/person\\\/75e7139b5b1bb88c79bf3b4e96428a5c\"},\"description\":\"\u201cUn Bel\u00e9n diferente\u201d en la catedral de San Dioniso, Atenas. Art\u00edculo de Ivette Valle Konstantopoulou, arquitecta responsable del dise\u00f1o del\",\"breadcrumb\":{\"@id\":\"https:\\\/\\\/exaudi.org\\\/es\\\/un-belen-diferente-en-la-catedral-de-san-dionisio-atenas\\\/#breadcrumb\"},\"inLanguage\":\"es\",\"potentialAction\":[{\"@type\":\"ReadAction\",\"target\":[\"https:\\\/\\\/exaudi.org\\\/es\\\/un-belen-diferente-en-la-catedral-de-san-dionisio-atenas\\\/\"]}]},{\"@type\":\"ImageObject\",\"inLanguage\":\"es\",\"@id\":\"https:\\\/\\\/exaudi.org\\\/es\\\/un-belen-diferente-en-la-catedral-de-san-dionisio-atenas\\\/#primaryimage\",\"url\":\"https:\\\/\\\/exaudi.org\\\/wp-content\\\/uploads\\\/2021\\\/12\\\/FOTO-PRINCIPAL-ARTICULO-NACIMIENTO-4.jpg\",\"contentUrl\":\"https:\\\/\\\/exaudi.org\\\/wp-content\\\/uploads\\\/2021\\\/12\\\/FOTO-PRINCIPAL-ARTICULO-NACIMIENTO-4.jpg\",\"width\":1160,\"height\":522,\"caption\":\"Bel\u00e9n en la catedral de San Dionisio, Atenas \u00a9 Nefeli Roussou\"},{\"@type\":\"BreadcrumbList\",\"@id\":\"https:\\\/\\\/exaudi.org\\\/es\\\/un-belen-diferente-en-la-catedral-de-san-dionisio-atenas\\\/#breadcrumb\",\"itemListElement\":[{\"@type\":\"ListItem\",\"position\":1,\"name\":\"Portada\",\"item\":\"https:\\\/\\\/exaudi.org\\\/es\\\/\"},{\"@type\":\"ListItem\",\"position\":2,\"name\":\"\u201cUn Bel\u00e9n diferente\u201d en la catedral de San Dionisio, Atenas\"}]},{\"@type\":\"WebSite\",\"@id\":\"https:\\\/\\\/exaudi.org\\\/#website\",\"url\":\"https:\\\/\\\/exaudi.org\\\/\",\"name\":\"Exaudi\",\"description\":\"News\",\"potentialAction\":[{\"@type\":\"SearchAction\",\"target\":{\"@type\":\"EntryPoint\",\"urlTemplate\":\"https:\\\/\\\/exaudi.org\\\/?s={search_term_string}\"},\"query-input\":{\"@type\":\"PropertyValueSpecification\",\"valueRequired\":true,\"valueName\":\"search_term_string\"}}],\"inLanguage\":\"es\"},{\"@type\":\"Person\",\"@id\":\"https:\\\/\\\/exaudi.org\\\/#\\\/schema\\\/person\\\/75e7139b5b1bb88c79bf3b4e96428a5c\",\"name\":\"Ivette V. Konstantopoulou\",\"image\":{\"@type\":\"ImageObject\",\"inLanguage\":\"es\",\"@id\":\"https:\\\/\\\/secure.gravatar.com\\\/avatar\\\/4859825c64061a3eab8db0a889fbb4b7b24e0e7d38266ea89c06b73860c00c0a?s=96&d=mm&r=g\",\"url\":\"https:\\\/\\\/secure.gravatar.com\\\/avatar\\\/4859825c64061a3eab8db0a889fbb4b7b24e0e7d38266ea89c06b73860c00c0a?s=96&d=mm&r=g\",\"contentUrl\":\"https:\\\/\\\/secure.gravatar.com\\\/avatar\\\/4859825c64061a3eab8db0a889fbb4b7b24e0e7d38266ea89c06b73860c00c0a?s=96&d=mm&r=g\",\"caption\":\"Ivette V. Konstantopoulou\"},\"url\":\"https:\\\/\\\/exaudi.org\\\/es\\\/author\\\/ivettekonstantopoulou\\\/\"}]}<\/script>\n<!-- \/ Yoast SEO plugin. -->","yoast_head_json":{"title":"\u201cUn Bel\u00e9n diferente\u201d en la catedral de San Dionisio, Atenas &#8211; Exaudi","description":"\u201cUn Bel\u00e9n diferente\u201d en la catedral de San Dioniso, Atenas. Art\u00edculo de Ivette Valle Konstantopoulou, arquitecta responsable del dise\u00f1o del","robots":{"index":"index","follow":"follow","max-snippet":"max-snippet:-1","max-image-preview":"max-image-preview:large","max-video-preview":"max-video-preview:-1"},"canonical":"https:\/\/exaudi.org\/es\/un-belen-diferente-en-la-catedral-de-san-dionisio-atenas\/","og_locale":"es_ES","og_type":"article","og_title":"\u201cUn Bel\u00e9n diferente\u201d en la catedral de San Dionisio, Atenas &#8211; Exaudi","og_description":"\u201cUn Bel\u00e9n diferente\u201d en la catedral de San Dioniso, Atenas. Art\u00edculo de Ivette Valle Konstantopoulou, arquitecta responsable del dise\u00f1o del","og_url":"https:\/\/exaudi.org\/es\/un-belen-diferente-en-la-catedral-de-san-dionisio-atenas\/","og_site_name":"Exaudi","article_publisher":"https:\/\/www.facebook.com\/ExaudiNews","article_published_time":"2021-12-21T08:30:27+00:00","article_modified_time":"2021-12-22T12:14:55+00:00","og_image":[{"width":1160,"height":522,"url":"https:\/\/exaudi.org\/wp-content\/uploads\/2021\/12\/FOTO-PRINCIPAL-ARTICULO-NACIMIENTO-4.jpg","type":"image\/jpeg"}],"author":"Ivette V. Konstantopoulou","twitter_card":"summary_large_image","twitter_creator":"@Exaudi_News","twitter_site":"@Exaudi_News","twitter_misc":{"Escrito por":"Ivette V. Konstantopoulou","Tiempo de lectura":"8 minutos"},"schema":{"@context":"https:\/\/schema.org","@graph":[{"@type":"Article","@id":"https:\/\/exaudi.org\/es\/un-belen-diferente-en-la-catedral-de-san-dionisio-atenas\/#article","isPartOf":{"@id":"https:\/\/exaudi.org\/es\/un-belen-diferente-en-la-catedral-de-san-dionisio-atenas\/"},"author":{"name":"Ivette V. Konstantopoulou","@id":"https:\/\/exaudi.org\/#\/schema\/person\/75e7139b5b1bb88c79bf3b4e96428a5c"},"headline":"\u201cUn Bel\u00e9n diferente\u201d en la catedral de San Dionisio, Atenas","datePublished":"2021-12-21T08:30:27+00:00","dateModified":"2021-12-22T12:14:55+00:00","mainEntityOfPage":{"@id":"https:\/\/exaudi.org\/es\/un-belen-diferente-en-la-catedral-de-san-dionisio-atenas\/"},"wordCount":1447,"image":{"@id":"https:\/\/exaudi.org\/es\/un-belen-diferente-en-la-catedral-de-san-dionisio-atenas\/#primaryimage"},"thumbnailUrl":"https:\/\/exaudi.org\/wp-content\/uploads\/2021\/12\/FOTO-PRINCIPAL-ARTICULO-NACIMIENTO-4.jpg","keywords":["Atenas","Bel\u00e9n","Catedral de San Dionisio","Grecia","papa francisco"],"articleSection":["Testimonios"],"inLanguage":"es"},{"@type":"WebPage","@id":"https:\/\/exaudi.org\/es\/un-belen-diferente-en-la-catedral-de-san-dionisio-atenas\/","url":"https:\/\/exaudi.org\/es\/un-belen-diferente-en-la-catedral-de-san-dionisio-atenas\/","name":"\u201cUn Bel\u00e9n diferente\u201d en la catedral de San Dionisio, Atenas &#8211; Exaudi","isPartOf":{"@id":"https:\/\/exaudi.org\/#website"},"primaryImageOfPage":{"@id":"https:\/\/exaudi.org\/es\/un-belen-diferente-en-la-catedral-de-san-dionisio-atenas\/#primaryimage"},"image":{"@id":"https:\/\/exaudi.org\/es\/un-belen-diferente-en-la-catedral-de-san-dionisio-atenas\/#primaryimage"},"thumbnailUrl":"https:\/\/exaudi.org\/wp-content\/uploads\/2021\/12\/FOTO-PRINCIPAL-ARTICULO-NACIMIENTO-4.jpg","datePublished":"2021-12-21T08:30:27+00:00","dateModified":"2021-12-22T12:14:55+00:00","author":{"@id":"https:\/\/exaudi.org\/#\/schema\/person\/75e7139b5b1bb88c79bf3b4e96428a5c"},"description":"\u201cUn Bel\u00e9n diferente\u201d en la catedral de San Dioniso, Atenas. Art\u00edculo de Ivette Valle Konstantopoulou, arquitecta responsable del dise\u00f1o del","breadcrumb":{"@id":"https:\/\/exaudi.org\/es\/un-belen-diferente-en-la-catedral-de-san-dionisio-atenas\/#breadcrumb"},"inLanguage":"es","potentialAction":[{"@type":"ReadAction","target":["https:\/\/exaudi.org\/es\/un-belen-diferente-en-la-catedral-de-san-dionisio-atenas\/"]}]},{"@type":"ImageObject","inLanguage":"es","@id":"https:\/\/exaudi.org\/es\/un-belen-diferente-en-la-catedral-de-san-dionisio-atenas\/#primaryimage","url":"https:\/\/exaudi.org\/wp-content\/uploads\/2021\/12\/FOTO-PRINCIPAL-ARTICULO-NACIMIENTO-4.jpg","contentUrl":"https:\/\/exaudi.org\/wp-content\/uploads\/2021\/12\/FOTO-PRINCIPAL-ARTICULO-NACIMIENTO-4.jpg","width":1160,"height":522,"caption":"Bel\u00e9n en la catedral de San Dionisio, Atenas \u00a9 Nefeli Roussou"},{"@type":"BreadcrumbList","@id":"https:\/\/exaudi.org\/es\/un-belen-diferente-en-la-catedral-de-san-dionisio-atenas\/#breadcrumb","itemListElement":[{"@type":"ListItem","position":1,"name":"Portada","item":"https:\/\/exaudi.org\/es\/"},{"@type":"ListItem","position":2,"name":"\u201cUn Bel\u00e9n diferente\u201d en la catedral de San Dionisio, Atenas"}]},{"@type":"WebSite","@id":"https:\/\/exaudi.org\/#website","url":"https:\/\/exaudi.org\/","name":"Exaudi","description":"News","potentialAction":[{"@type":"SearchAction","target":{"@type":"EntryPoint","urlTemplate":"https:\/\/exaudi.org\/?s={search_term_string}"},"query-input":{"@type":"PropertyValueSpecification","valueRequired":true,"valueName":"search_term_string"}}],"inLanguage":"es"},{"@type":"Person","@id":"https:\/\/exaudi.org\/#\/schema\/person\/75e7139b5b1bb88c79bf3b4e96428a5c","name":"Ivette V. Konstantopoulou","image":{"@type":"ImageObject","inLanguage":"es","@id":"https:\/\/secure.gravatar.com\/avatar\/4859825c64061a3eab8db0a889fbb4b7b24e0e7d38266ea89c06b73860c00c0a?s=96&d=mm&r=g","url":"https:\/\/secure.gravatar.com\/avatar\/4859825c64061a3eab8db0a889fbb4b7b24e0e7d38266ea89c06b73860c00c0a?s=96&d=mm&r=g","contentUrl":"https:\/\/secure.gravatar.com\/avatar\/4859825c64061a3eab8db0a889fbb4b7b24e0e7d38266ea89c06b73860c00c0a?s=96&d=mm&r=g","caption":"Ivette V. Konstantopoulou"},"url":"https:\/\/exaudi.org\/es\/author\/ivettekonstantopoulou\/"}]}},"jetpack_featured_media_url":"https:\/\/exaudi.org\/wp-content\/uploads\/2021\/12\/FOTO-PRINCIPAL-ARTICULO-NACIMIENTO-4.jpg","jetpack_shortlink":"https:\/\/wp.me\/pgKjF2-c1r","_links":{"self":[{"href":"https:\/\/exaudi.org\/es\/wp-json\/wp\/v2\/posts\/46217","targetHints":{"allow":["GET"]}}],"collection":[{"href":"https:\/\/exaudi.org\/es\/wp-json\/wp\/v2\/posts"}],"about":[{"href":"https:\/\/exaudi.org\/es\/wp-json\/wp\/v2\/types\/post"}],"author":[{"embeddable":true,"href":"https:\/\/exaudi.org\/es\/wp-json\/wp\/v2\/users\/86"}],"replies":[{"embeddable":true,"href":"https:\/\/exaudi.org\/es\/wp-json\/wp\/v2\/comments?post=46217"}],"version-history":[{"count":0,"href":"https:\/\/exaudi.org\/es\/wp-json\/wp\/v2\/posts\/46217\/revisions"}],"wp:featuredmedia":[{"embeddable":true,"href":"https:\/\/exaudi.org\/es\/wp-json\/wp\/v2\/media\/46662"}],"wp:attachment":[{"href":"https:\/\/exaudi.org\/es\/wp-json\/wp\/v2\/media?parent=46217"}],"wp:term":[{"taxonomy":"category","embeddable":true,"href":"https:\/\/exaudi.org\/es\/wp-json\/wp\/v2\/categories?post=46217"},{"taxonomy":"post_tag","embeddable":true,"href":"https:\/\/exaudi.org\/es\/wp-json\/wp\/v2\/tags?post=46217"}],"curies":[{"name":"wp","href":"https:\/\/api.w.org\/{rel}","templated":true}]}}