{"id":46205,"date":"2021-12-16T15:40:39","date_gmt":"2021-12-16T14:40:39","guid":{"rendered":"https:\/\/exaudi.org\/?p=46205"},"modified":"2021-12-16T16:24:07","modified_gmt":"2021-12-16T15:24:07","slug":"tierra-santa-jefes-de-iglesias-llaman-a-proteger-la-presencia-cristiana","status":"publish","type":"post","link":"https:\/\/exaudi.org\/es\/tierra-santa-jefes-de-iglesias-llaman-a-proteger-la-presencia-cristiana\/","title":{"rendered":"Tierra Santa: Jefes de Iglesias llaman a proteger la presencia cristiana"},"content":{"rendered":"<p>Los patriarcas y jefes de las Iglesias de Tierra Santa hacen un llamamiento en v\u00edsperas de Navidad a los gobiernos locales que actualmente tienen el control de Tierra Santa a \u2018iniciar un di\u00e1logo&#8217; entre ellos y con las Iglesias y comunidades eclesiales all\u00ed presentes. Todo ello, con vistas a crear una \u201czona especial\u201d de protecci\u00f3n cultural que tiene como objetivo \u201csalvaguardar la integridad del barrio cristiano de la Ciudad Vieja de Jerusal\u00e9n\u2019 y \u2018garantizar la conservaci\u00f3n de su car\u00e1cter y patrimonio \u00fanicos para el bien de la comunidad local, de nuestra vida nacional y del mundo entero\u201d. As\u00ed ha informado la agencia Fides en una nota el 15 de diciembre de 2021.<\/p>\n<p>De acuerdo a la misma, el llamamiento, entre otras cosas contiene esta petici\u00f3n-propuesta sin precedentes, centrada en las \u2018amenazas actuales\u2019 a la presencia cristiana en la tierra donde naci\u00f3, muri\u00f3 y resucit\u00f3 Jesucristo. De esta forma, la petici\u00f3n parece hacerse eco, en t\u00e9rminos m\u00e1s atenuados, de las propuestas esbozadas en el pasado por la diplomacia vaticana, que prefiguraban como conveniente la definici\u00f3n de un \u2018estatuto internacionalmente garantizado\u2019 para la parte hist\u00f3rica de la Ciudad Santa, que anclase a nivel internacional la protecci\u00f3n de los Santos Lugares y su accesibilidad a los creyentes de todo el mundo, para preservarlos de las iniciativas unilaterales y de las \u201cpol\u00edticas de hechos consumados\u201d perseguidas y aplicadas por Estados individuales o entidades pol\u00edticas locales.<\/p>\n<p>As\u00ed, el nuevo pronunciamiento de los Patriarcas y jefes de las Iglesias y Comunidades Eclesiales de Tierra Santa constata \u201ccon gratitud\u201d el compromiso asumido por el gobierno israel\u00ed de garantizar una vida segura para los cristianos en Tierra Santa, preservando su presencia como componente indispensable del \u2018mosaico\u2019 comunitario local. \u201cUna prueba de este compromiso &#8211; reconocen los jefes de las Iglesias \u2013 \u201cest\u00e1 representada por los esfuerzos realizados por Israel para facilitar el acceso de millones de cristianos que vienen de todo el mundo a visitar los Santos Lugares como peregrinos\u201d.<\/p>\n<p>Al mismo tiempo, la declaraci\u00f3n de los representantes de las comunidades cristianas locales recuerda los \u201cinnumerables ataques\u201d sufridos por iglesias, monasterios y representantes del clero por parte de \u201cgrupos radicales\u201d. Profanaciones y asaltos perpetrados con el evidente objetivo de \u201cexpulsar\u201d la presencia cristiana de Jerusal\u00e9n y <a href=\"https:\/\/exaudi.org\/es\/tierra-santa-cristianos-sal-levadura\/\" target=\"_blank\" rel=\"noopener\">Tierra Santa<\/a>. Adem\u00e1s, \u201cel car\u00e1cter espiritual y cultural de cada uno de los barrios hist\u00f3ricos de Jerusal\u00e9n -recuerdan los responsables de las Iglesias de Tierra Santa- debe ser protegido, y ya lo est\u00e1 en la legislaci\u00f3n israel\u00ed en lo que respecta al barrio jud\u00edo\u201d.<\/p>\n<p>Sin embargo, \u201clos grupos radicales siguen adquiriendo propiedades estrat\u00e9gicas en el barrio cristiano, con el objetivo de disminuir la presencia cristiana, utilizando a menudo tratos turbios y t\u00e1cticas de intimidaci\u00f3n para desalojar a los residentes de sus hogares\u201d. Los responsables de las Iglesias de Tierra Santa se\u00f1alan tambi\u00e9n que las peregrinaciones cristianas de todo el mundo aportan \u201cgrandes beneficios a la econom\u00eda y la sociedad israel\u00edes\u201d, citando un reciente informe de la Universidad de Birmingham, seg\u00fan el cual el flujo de peregrinos y turistas cristianos \u201ccontribuye con 3.000 millones de d\u00f3lares a la econom\u00eda israel\u00ed\u201d.<\/p>\n<p>Por otra parte, la comunidad cristiana local, aunque disminuye en n\u00famero, sigue ofreciendo a las sociedades civiles de Israel, Jordania y Palestina una red \u201cdesproporcionada\u201d de iniciativas en los \u00e1mbitos estrat\u00e9gicos de la educaci\u00f3n, la sanidad y la asistencia social a los sectores m\u00e1s pobres de la poblaci\u00f3n.<\/p>\n<p>Partiendo de estas premisas, los Jefes y Patriarcas de las Iglesias de Tierra Santa hacen un llamamiento a las autoridades pol\u00edticas de Israel, Palestina y Jordania para que entablen un \u201cdi\u00e1logo urgente\u201d con ellos, con el fin de hacer frente a la emergencia que representan los mencionados \u201cgrupos radicales\u201d y discutir la \u201ccreaci\u00f3n de una zona cultural especial relativa al patrimonio cristiano\u201d, a\u00f1aden. Para \u201csalvaguardar la integridad del barrio cristiano de la Ciudad Vieja de Jerusal\u00e9n y garantizar la conservaci\u00f3n de su car\u00e1cter y patrimonio \u00fanicos por el bien de la comunidad local, de nuestra vida nacional y del mundo entero\u201d, concluyen.<\/p>\n","protected":false},"excerpt":{"rendered":"<p>Para crear una \u201czona especial\u201d de protecci\u00f3n cultural<\/p>\n","protected":false},"author":15,"featured_media":46208,"comment_status":"closed","ping_status":"closed","sticky":false,"template":"","format":"standard","meta":{"_acf_changed":false,"_crdt_document":"","inline_featured_image":false,"footnotes":""},"categories":[74],"tags":[392],"class_list":["post-46205","post","type-post","status-publish","format-standard","has-post-thumbnail","hentry","category-iglesia-y-mundo","tag-tierra-santa"],"acf":[],"yoast_head":"<!-- This site is optimized with the Yoast SEO plugin v27.5 - https:\/\/yoast.com\/product\/yoast-seo-wordpress\/ -->\n<title>Tierra Santa: Jefes de Iglesias llaman a proteger la presencia cristiana &#8211; Exaudi<\/title>\n<meta name=\"description\" content=\"Tierra Santa: Jefes de Iglesias llaman a proteger la presencia cristiana con vistas a crear una \u201czona especial\u201d de protecci\u00f3n cultural.\" \/>\n<meta name=\"robots\" content=\"index, follow, max-snippet:-1, max-image-preview:large, max-video-preview:-1\" \/>\n<link rel=\"canonical\" href=\"https:\/\/exaudi.org\/es\/tierra-santa-jefes-de-iglesias-llaman-a-proteger-la-presencia-cristiana\/\" \/>\n<meta property=\"og:locale\" content=\"es_ES\" \/>\n<meta property=\"og:type\" content=\"article\" \/>\n<meta property=\"og:title\" content=\"Tierra Santa: Jefes de Iglesias llaman a proteger la presencia cristiana &#8211; Exaudi\" \/>\n<meta property=\"og:description\" content=\"Tierra Santa: Jefes de Iglesias llaman a proteger la presencia cristiana con vistas a crear una \u201czona especial\u201d de protecci\u00f3n cultural.\" \/>\n<meta property=\"og:url\" content=\"https:\/\/exaudi.org\/es\/tierra-santa-jefes-de-iglesias-llaman-a-proteger-la-presencia-cristiana\/\" \/>\n<meta property=\"og:site_name\" content=\"Exaudi\" \/>\n<meta property=\"article:publisher\" content=\"https:\/\/www.facebook.com\/ExaudiNews\" \/>\n<meta property=\"article:author\" content=\"https:\/\/www.facebook.com\/ExaudiNoticias\/\" \/>\n<meta property=\"article:published_time\" content=\"2021-12-16T14:40:39+00:00\" \/>\n<meta property=\"article:modified_time\" content=\"2021-12-16T15:24:07+00:00\" \/>\n<meta property=\"og:image\" content=\"https:\/\/exaudi.org\/wp-content\/uploads\/2021\/12\/Disen\u0303o-sin-ti\u0301tulo-1.png\" \/>\n\t<meta property=\"og:image:width\" content=\"991\" \/>\n\t<meta property=\"og:image:height\" content=\"771\" \/>\n\t<meta property=\"og:image:type\" content=\"image\/png\" \/>\n<meta name=\"author\" content=\"Exaudi Redacci\u00f3n\" \/>\n<meta name=\"twitter:card\" content=\"summary_large_image\" \/>\n<meta name=\"twitter:creator\" content=\"@Exaudi_noticias\" \/>\n<meta name=\"twitter:site\" content=\"@Exaudi_News\" \/>\n<meta name=\"twitter:label1\" content=\"Escrito por\" \/>\n\t<meta name=\"twitter:data1\" content=\"Exaudi Redacci\u00f3n\" \/>\n\t<meta name=\"twitter:label2\" content=\"Tiempo de lectura\" \/>\n\t<meta name=\"twitter:data2\" content=\"3 minutos\" \/>\n<script type=\"application\/ld+json\" class=\"yoast-schema-graph\">{\"@context\":\"https:\\\/\\\/schema.org\",\"@graph\":[{\"@type\":\"Article\",\"@id\":\"https:\\\/\\\/exaudi.org\\\/es\\\/tierra-santa-jefes-de-iglesias-llaman-a-proteger-la-presencia-cristiana\\\/#article\",\"isPartOf\":{\"@id\":\"https:\\\/\\\/exaudi.org\\\/es\\\/tierra-santa-jefes-de-iglesias-llaman-a-proteger-la-presencia-cristiana\\\/\"},\"author\":{\"name\":\"Exaudi Redacci\u00f3n\",\"@id\":\"https:\\\/\\\/exaudi.org\\\/#\\\/schema\\\/person\\\/f5fc8f063065e38742da7afe15f25df7\"},\"headline\":\"Tierra Santa: Jefes de Iglesias llaman a proteger la presencia cristiana\",\"datePublished\":\"2021-12-16T14:40:39+00:00\",\"dateModified\":\"2021-12-16T15:24:07+00:00\",\"mainEntityOfPage\":{\"@id\":\"https:\\\/\\\/exaudi.org\\\/es\\\/tierra-santa-jefes-de-iglesias-llaman-a-proteger-la-presencia-cristiana\\\/\"},\"wordCount\":709,\"image\":{\"@id\":\"https:\\\/\\\/exaudi.org\\\/es\\\/tierra-santa-jefes-de-iglesias-llaman-a-proteger-la-presencia-cristiana\\\/#primaryimage\"},\"thumbnailUrl\":\"https:\\\/\\\/exaudi.org\\\/wp-content\\\/uploads\\\/2021\\\/12\\\/Disen\u0303o-sin-ti\u0301tulo-1.png\",\"keywords\":[\"Tierra Santa\"],\"articleSection\":[\"Iglesia y Mundo\"],\"inLanguage\":\"es\"},{\"@type\":\"WebPage\",\"@id\":\"https:\\\/\\\/exaudi.org\\\/es\\\/tierra-santa-jefes-de-iglesias-llaman-a-proteger-la-presencia-cristiana\\\/\",\"url\":\"https:\\\/\\\/exaudi.org\\\/es\\\/tierra-santa-jefes-de-iglesias-llaman-a-proteger-la-presencia-cristiana\\\/\",\"name\":\"Tierra Santa: Jefes de Iglesias llaman a proteger la presencia cristiana &#8211; Exaudi\",\"isPartOf\":{\"@id\":\"https:\\\/\\\/exaudi.org\\\/#website\"},\"primaryImageOfPage\":{\"@id\":\"https:\\\/\\\/exaudi.org\\\/es\\\/tierra-santa-jefes-de-iglesias-llaman-a-proteger-la-presencia-cristiana\\\/#primaryimage\"},\"image\":{\"@id\":\"https:\\\/\\\/exaudi.org\\\/es\\\/tierra-santa-jefes-de-iglesias-llaman-a-proteger-la-presencia-cristiana\\\/#primaryimage\"},\"thumbnailUrl\":\"https:\\\/\\\/exaudi.org\\\/wp-content\\\/uploads\\\/2021\\\/12\\\/Disen\u0303o-sin-ti\u0301tulo-1.png\",\"datePublished\":\"2021-12-16T14:40:39+00:00\",\"dateModified\":\"2021-12-16T15:24:07+00:00\",\"author\":{\"@id\":\"https:\\\/\\\/exaudi.org\\\/#\\\/schema\\\/person\\\/f5fc8f063065e38742da7afe15f25df7\"},\"description\":\"Tierra Santa: Jefes de Iglesias llaman a proteger la presencia cristiana con vistas a crear una \u201czona especial\u201d de protecci\u00f3n cultural.\",\"breadcrumb\":{\"@id\":\"https:\\\/\\\/exaudi.org\\\/es\\\/tierra-santa-jefes-de-iglesias-llaman-a-proteger-la-presencia-cristiana\\\/#breadcrumb\"},\"inLanguage\":\"es\",\"potentialAction\":[{\"@type\":\"ReadAction\",\"target\":[\"https:\\\/\\\/exaudi.org\\\/es\\\/tierra-santa-jefes-de-iglesias-llaman-a-proteger-la-presencia-cristiana\\\/\"]}]},{\"@type\":\"ImageObject\",\"inLanguage\":\"es\",\"@id\":\"https:\\\/\\\/exaudi.org\\\/es\\\/tierra-santa-jefes-de-iglesias-llaman-a-proteger-la-presencia-cristiana\\\/#primaryimage\",\"url\":\"https:\\\/\\\/exaudi.org\\\/wp-content\\\/uploads\\\/2021\\\/12\\\/Disen\u0303o-sin-ti\u0301tulo-1.png\",\"contentUrl\":\"https:\\\/\\\/exaudi.org\\\/wp-content\\\/uploads\\\/2021\\\/12\\\/Disen\u0303o-sin-ti\u0301tulo-1.png\",\"width\":991,\"height\":771,\"caption\":\"Tierra Santa \u00a9 Canva\"},{\"@type\":\"BreadcrumbList\",\"@id\":\"https:\\\/\\\/exaudi.org\\\/es\\\/tierra-santa-jefes-de-iglesias-llaman-a-proteger-la-presencia-cristiana\\\/#breadcrumb\",\"itemListElement\":[{\"@type\":\"ListItem\",\"position\":1,\"name\":\"Portada\",\"item\":\"https:\\\/\\\/exaudi.org\\\/es\\\/\"},{\"@type\":\"ListItem\",\"position\":2,\"name\":\"Tierra Santa: Jefes de Iglesias llaman a proteger la presencia cristiana\"}]},{\"@type\":\"WebSite\",\"@id\":\"https:\\\/\\\/exaudi.org\\\/#website\",\"url\":\"https:\\\/\\\/exaudi.org\\\/\",\"name\":\"Exaudi\",\"description\":\"News\",\"potentialAction\":[{\"@type\":\"SearchAction\",\"target\":{\"@type\":\"EntryPoint\",\"urlTemplate\":\"https:\\\/\\\/exaudi.org\\\/?s={search_term_string}\"},\"query-input\":{\"@type\":\"PropertyValueSpecification\",\"valueRequired\":true,\"valueName\":\"search_term_string\"}}],\"inLanguage\":\"es\"},{\"@type\":\"Person\",\"@id\":\"https:\\\/\\\/exaudi.org\\\/#\\\/schema\\\/person\\\/f5fc8f063065e38742da7afe15f25df7\",\"name\":\"Exaudi Redacci\u00f3n\",\"image\":{\"@type\":\"ImageObject\",\"inLanguage\":\"es\",\"@id\":\"https:\\\/\\\/secure.gravatar.com\\\/avatar\\\/fe0f6a059fb68d9b3e11bc5850dd4899b1c7492091a3cb6dd9b01b56ad828be2?s=96&d=mm&r=g\",\"url\":\"https:\\\/\\\/secure.gravatar.com\\\/avatar\\\/fe0f6a059fb68d9b3e11bc5850dd4899b1c7492091a3cb6dd9b01b56ad828be2?s=96&d=mm&r=g\",\"contentUrl\":\"https:\\\/\\\/secure.gravatar.com\\\/avatar\\\/fe0f6a059fb68d9b3e11bc5850dd4899b1c7492091a3cb6dd9b01b56ad828be2?s=96&d=mm&r=g\",\"caption\":\"Exaudi Redacci\u00f3n\"},\"description\":\"\u00bfQu\u00e9 es Exaudi News? Exaudi News es un medio de comunicaci\u00f3n cat\u00f3lico internacional que informa, forma y transforma, diariamente en espa\u00f1ol, ingl\u00e9s e italiano. A trav\u00e9s de noticias, art\u00edculos de an\u00e1lisis y transmisiones en directo de los eventos del Papa, Exaudi busca fortalecer la unidad de los cristianos y contribuir a la evangelizaci\u00f3n del mundo, siempre guiados por la doctrina social de la Iglesia. Trabajamos para acercar la verdad y los valores cristianos a cada rinc\u00f3n del planeta. \u00a1Ay\u00fadanos a transformar el mundo con Exaudi! En Exaudi creemos que la evangelizaci\u00f3n y la informaci\u00f3n de calidad pueden cambiar vidas. Para continuar con nuestra misi\u00f3n y expandir nuestro alcance, necesitamos tu ayuda. Adem\u00e1s, buscamos personas comprometidas que deseen unirse a nuestro equipo. Con tu apoyo, lograremos llegar a m\u00e1s personas, difundir el mensaje de Cristo y reforzar la unidad de los cristianos. \u00bfTe unes a nuestra misi\u00f3n? Para m\u00e1s informaci\u00f3n sobre c\u00f3mo colaborar, visita Exaudi.org\\\/es o cont\u00e1ctanos directamente: info@exaudi.org Exaudi: Informa, forma y transforma.\",\"sameAs\":[\"https:\\\/\\\/www.facebook.com\\\/ExaudiNoticias\\\/\",\"https:\\\/\\\/www.instagram.com\\\/exaudi_noticias\\\/\",\"https:\\\/\\\/x.com\\\/Exaudi_noticias\",\"https:\\\/\\\/www.youtube.com\\\/@exaudicatholicnews\"],\"url\":\"https:\\\/\\\/exaudi.org\\\/es\\\/author\\\/redaccionexaudi\\\/\"}]}<\/script>\n<!-- \/ Yoast SEO plugin. -->","yoast_head_json":{"title":"Tierra Santa: Jefes de Iglesias llaman a proteger la presencia cristiana &#8211; Exaudi","description":"Tierra Santa: Jefes de Iglesias llaman a proteger la presencia cristiana con vistas a crear una \u201czona especial\u201d de protecci\u00f3n cultural.","robots":{"index":"index","follow":"follow","max-snippet":"max-snippet:-1","max-image-preview":"max-image-preview:large","max-video-preview":"max-video-preview:-1"},"canonical":"https:\/\/exaudi.org\/es\/tierra-santa-jefes-de-iglesias-llaman-a-proteger-la-presencia-cristiana\/","og_locale":"es_ES","og_type":"article","og_title":"Tierra Santa: Jefes de Iglesias llaman a proteger la presencia cristiana &#8211; Exaudi","og_description":"Tierra Santa: Jefes de Iglesias llaman a proteger la presencia cristiana con vistas a crear una \u201czona especial\u201d de protecci\u00f3n cultural.","og_url":"https:\/\/exaudi.org\/es\/tierra-santa-jefes-de-iglesias-llaman-a-proteger-la-presencia-cristiana\/","og_site_name":"Exaudi","article_publisher":"https:\/\/www.facebook.com\/ExaudiNews","article_author":"https:\/\/www.facebook.com\/ExaudiNoticias\/","article_published_time":"2021-12-16T14:40:39+00:00","article_modified_time":"2021-12-16T15:24:07+00:00","og_image":[{"width":991,"height":771,"url":"https:\/\/exaudi.org\/wp-content\/uploads\/2021\/12\/Disen\u0303o-sin-ti\u0301tulo-1.png","type":"image\/png"}],"author":"Exaudi Redacci\u00f3n","twitter_card":"summary_large_image","twitter_creator":"@Exaudi_noticias","twitter_site":"@Exaudi_News","twitter_misc":{"Escrito por":"Exaudi Redacci\u00f3n","Tiempo de lectura":"3 minutos"},"schema":{"@context":"https:\/\/schema.org","@graph":[{"@type":"Article","@id":"https:\/\/exaudi.org\/es\/tierra-santa-jefes-de-iglesias-llaman-a-proteger-la-presencia-cristiana\/#article","isPartOf":{"@id":"https:\/\/exaudi.org\/es\/tierra-santa-jefes-de-iglesias-llaman-a-proteger-la-presencia-cristiana\/"},"author":{"name":"Exaudi Redacci\u00f3n","@id":"https:\/\/exaudi.org\/#\/schema\/person\/f5fc8f063065e38742da7afe15f25df7"},"headline":"Tierra Santa: Jefes de Iglesias llaman a proteger la presencia cristiana","datePublished":"2021-12-16T14:40:39+00:00","dateModified":"2021-12-16T15:24:07+00:00","mainEntityOfPage":{"@id":"https:\/\/exaudi.org\/es\/tierra-santa-jefes-de-iglesias-llaman-a-proteger-la-presencia-cristiana\/"},"wordCount":709,"image":{"@id":"https:\/\/exaudi.org\/es\/tierra-santa-jefes-de-iglesias-llaman-a-proteger-la-presencia-cristiana\/#primaryimage"},"thumbnailUrl":"https:\/\/exaudi.org\/wp-content\/uploads\/2021\/12\/Disen\u0303o-sin-ti\u0301tulo-1.png","keywords":["Tierra Santa"],"articleSection":["Iglesia y Mundo"],"inLanguage":"es"},{"@type":"WebPage","@id":"https:\/\/exaudi.org\/es\/tierra-santa-jefes-de-iglesias-llaman-a-proteger-la-presencia-cristiana\/","url":"https:\/\/exaudi.org\/es\/tierra-santa-jefes-de-iglesias-llaman-a-proteger-la-presencia-cristiana\/","name":"Tierra Santa: Jefes de Iglesias llaman a proteger la presencia cristiana &#8211; Exaudi","isPartOf":{"@id":"https:\/\/exaudi.org\/#website"},"primaryImageOfPage":{"@id":"https:\/\/exaudi.org\/es\/tierra-santa-jefes-de-iglesias-llaman-a-proteger-la-presencia-cristiana\/#primaryimage"},"image":{"@id":"https:\/\/exaudi.org\/es\/tierra-santa-jefes-de-iglesias-llaman-a-proteger-la-presencia-cristiana\/#primaryimage"},"thumbnailUrl":"https:\/\/exaudi.org\/wp-content\/uploads\/2021\/12\/Disen\u0303o-sin-ti\u0301tulo-1.png","datePublished":"2021-12-16T14:40:39+00:00","dateModified":"2021-12-16T15:24:07+00:00","author":{"@id":"https:\/\/exaudi.org\/#\/schema\/person\/f5fc8f063065e38742da7afe15f25df7"},"description":"Tierra Santa: Jefes de Iglesias llaman a proteger la presencia cristiana con vistas a crear una \u201czona especial\u201d de protecci\u00f3n cultural.","breadcrumb":{"@id":"https:\/\/exaudi.org\/es\/tierra-santa-jefes-de-iglesias-llaman-a-proteger-la-presencia-cristiana\/#breadcrumb"},"inLanguage":"es","potentialAction":[{"@type":"ReadAction","target":["https:\/\/exaudi.org\/es\/tierra-santa-jefes-de-iglesias-llaman-a-proteger-la-presencia-cristiana\/"]}]},{"@type":"ImageObject","inLanguage":"es","@id":"https:\/\/exaudi.org\/es\/tierra-santa-jefes-de-iglesias-llaman-a-proteger-la-presencia-cristiana\/#primaryimage","url":"https:\/\/exaudi.org\/wp-content\/uploads\/2021\/12\/Disen\u0303o-sin-ti\u0301tulo-1.png","contentUrl":"https:\/\/exaudi.org\/wp-content\/uploads\/2021\/12\/Disen\u0303o-sin-ti\u0301tulo-1.png","width":991,"height":771,"caption":"Tierra Santa \u00a9 Canva"},{"@type":"BreadcrumbList","@id":"https:\/\/exaudi.org\/es\/tierra-santa-jefes-de-iglesias-llaman-a-proteger-la-presencia-cristiana\/#breadcrumb","itemListElement":[{"@type":"ListItem","position":1,"name":"Portada","item":"https:\/\/exaudi.org\/es\/"},{"@type":"ListItem","position":2,"name":"Tierra Santa: Jefes de Iglesias llaman a proteger la presencia cristiana"}]},{"@type":"WebSite","@id":"https:\/\/exaudi.org\/#website","url":"https:\/\/exaudi.org\/","name":"Exaudi","description":"News","potentialAction":[{"@type":"SearchAction","target":{"@type":"EntryPoint","urlTemplate":"https:\/\/exaudi.org\/?s={search_term_string}"},"query-input":{"@type":"PropertyValueSpecification","valueRequired":true,"valueName":"search_term_string"}}],"inLanguage":"es"},{"@type":"Person","@id":"https:\/\/exaudi.org\/#\/schema\/person\/f5fc8f063065e38742da7afe15f25df7","name":"Exaudi Redacci\u00f3n","image":{"@type":"ImageObject","inLanguage":"es","@id":"https:\/\/secure.gravatar.com\/avatar\/fe0f6a059fb68d9b3e11bc5850dd4899b1c7492091a3cb6dd9b01b56ad828be2?s=96&d=mm&r=g","url":"https:\/\/secure.gravatar.com\/avatar\/fe0f6a059fb68d9b3e11bc5850dd4899b1c7492091a3cb6dd9b01b56ad828be2?s=96&d=mm&r=g","contentUrl":"https:\/\/secure.gravatar.com\/avatar\/fe0f6a059fb68d9b3e11bc5850dd4899b1c7492091a3cb6dd9b01b56ad828be2?s=96&d=mm&r=g","caption":"Exaudi Redacci\u00f3n"},"description":"\u00bfQu\u00e9 es Exaudi News? Exaudi News es un medio de comunicaci\u00f3n cat\u00f3lico internacional que informa, forma y transforma, diariamente en espa\u00f1ol, ingl\u00e9s e italiano. A trav\u00e9s de noticias, art\u00edculos de an\u00e1lisis y transmisiones en directo de los eventos del Papa, Exaudi busca fortalecer la unidad de los cristianos y contribuir a la evangelizaci\u00f3n del mundo, siempre guiados por la doctrina social de la Iglesia. Trabajamos para acercar la verdad y los valores cristianos a cada rinc\u00f3n del planeta. \u00a1Ay\u00fadanos a transformar el mundo con Exaudi! En Exaudi creemos que la evangelizaci\u00f3n y la informaci\u00f3n de calidad pueden cambiar vidas. Para continuar con nuestra misi\u00f3n y expandir nuestro alcance, necesitamos tu ayuda. Adem\u00e1s, buscamos personas comprometidas que deseen unirse a nuestro equipo. Con tu apoyo, lograremos llegar a m\u00e1s personas, difundir el mensaje de Cristo y reforzar la unidad de los cristianos. \u00bfTe unes a nuestra misi\u00f3n? Para m\u00e1s informaci\u00f3n sobre c\u00f3mo colaborar, visita Exaudi.org\/es o cont\u00e1ctanos directamente: info@exaudi.org Exaudi: Informa, forma y transforma.","sameAs":["https:\/\/www.facebook.com\/ExaudiNoticias\/","https:\/\/www.instagram.com\/exaudi_noticias\/","https:\/\/x.com\/Exaudi_noticias","https:\/\/www.youtube.com\/@exaudicatholicnews"],"url":"https:\/\/exaudi.org\/es\/author\/redaccionexaudi\/"}]}},"jetpack_featured_media_url":"https:\/\/exaudi.org\/wp-content\/uploads\/2021\/12\/Disen\u0303o-sin-ti\u0301tulo-1.png","jetpack_shortlink":"https:\/\/wp.me\/pgKjF2-c1f","_links":{"self":[{"href":"https:\/\/exaudi.org\/es\/wp-json\/wp\/v2\/posts\/46205","targetHints":{"allow":["GET"]}}],"collection":[{"href":"https:\/\/exaudi.org\/es\/wp-json\/wp\/v2\/posts"}],"about":[{"href":"https:\/\/exaudi.org\/es\/wp-json\/wp\/v2\/types\/post"}],"author":[{"embeddable":true,"href":"https:\/\/exaudi.org\/es\/wp-json\/wp\/v2\/users\/15"}],"replies":[{"embeddable":true,"href":"https:\/\/exaudi.org\/es\/wp-json\/wp\/v2\/comments?post=46205"}],"version-history":[{"count":0,"href":"https:\/\/exaudi.org\/es\/wp-json\/wp\/v2\/posts\/46205\/revisions"}],"wp:featuredmedia":[{"embeddable":true,"href":"https:\/\/exaudi.org\/es\/wp-json\/wp\/v2\/media\/46208"}],"wp:attachment":[{"href":"https:\/\/exaudi.org\/es\/wp-json\/wp\/v2\/media?parent=46205"}],"wp:term":[{"taxonomy":"category","embeddable":true,"href":"https:\/\/exaudi.org\/es\/wp-json\/wp\/v2\/categories?post=46205"},{"taxonomy":"post_tag","embeddable":true,"href":"https:\/\/exaudi.org\/es\/wp-json\/wp\/v2\/tags?post=46205"}],"curies":[{"name":"wp","href":"https:\/\/api.w.org\/{rel}","templated":true}]}}