{"id":46189,"date":"2025-12-23T07:30:16","date_gmt":"2025-12-23T06:30:16","guid":{"rendered":"https:\/\/exaudi.org\/?p=46189"},"modified":"2025-11-23T19:11:58","modified_gmt":"2025-11-23T18:11:58","slug":"san-juan-cancio-de-kety-presbitero-23-de-diciembre","status":"publish","type":"post","link":"https:\/\/exaudi.org\/es\/san-juan-cancio-de-kety-presbitero-23-de-diciembre\/","title":{"rendered":"San Juan Cancio de Kety, 23 de diciembre"},"content":{"rendered":"<p>Naci\u00f3 en 1397 en la ciudad polaca de Kety (Kanty) \u2013de ah\u00ed su nombre de Cancio\u2013, una localidad perteneciente a la di\u00f3cesis de Cracovia. Era hijo de campesinos acomodados, y lo enviaron a estudiar a la universidad hoy conocida como Jagelloniana. No perdi\u00f3 el tiempo. Su gran talento unido a su amor al estudio hizo que a sus 27 a\u00f1os se convirtiera en un exitoso profesor de Filosof\u00eda. Entretanto, curs\u00f3 Teolog\u00eda y siete a\u00f1os m\u00e1s tarde fue ordenado sacerdote. Doctorado en ambas disciplinas emprendi\u00f3 una etapa de su vida como profesor universitario. Amaba la docencia y pose\u00eda cualidades pedag\u00f3gicas excepcionales que hicieron de \u00e9l un gran maestro. Adem\u00e1s, le preced\u00eda la fama como buen predicador. Tan alta reputaci\u00f3n fue cruz para su acontecer.<\/p>\n<p><iframe title=\"Spotify Embed: San Juan Cancio de Kety, 23 de diciembre\" style=\"border-radius: 12px\" width=\"100%\" height=\"152\" frameborder=\"0\" allowfullscreen allow=\"autoplay; clipboard-write; encrypted-media; fullscreen; picture-in-picture\" loading=\"lazy\" src=\"https:\/\/open.spotify.com\/embed\/episode\/5YSlorhClkDR5FzCp5CNkq?si=bc2bef21959144bd&#038;utm_source=oembed\"><\/iframe><\/p>\n<p>Pronto surgieron en la palestra ambiciones y rivalidades de compa\u00f1eros suyos, que deb\u00edan haber aceptado el prestigio que la magn\u00edfica labor de Juan deparaba a la universidad. Sin embargo, acogieron el \u00e9xito, que el santo no persegu\u00eda, como ofensivo. Su presencia no era de su agrado y de forma insidiosa perseveraron en sus cr\u00edticas hasta que lograron que fuese trasladado a Olkusz. Juan fue designado p\u00e1rroco de la localidad y se dispuso a asumir su misi\u00f3n confi\u00e1ndose a la divina Providencia. All\u00ed se entreg\u00f3 dando lo mejor de s\u00ed. No obstante, le parec\u00eda que su ilusi\u00f3n y esfuerzos chocaban contra la fr\u00eda barrera de los fieles que no demostraban su afecto. Quiz\u00e1 a\u00f1or\u00f3 el calor de las aulas, y parece que experiment\u00f3 el peso de su responsabilidad en la parroquia, pero cuando parti\u00f3 de all\u00ed, los feligreses mostraron cu\u00e1nto sent\u00edan separarse de \u00e9l acompa\u00f1\u00e1ndole durante un trecho del recorrido. Juan ten\u00eda un gran sentido del humor que en \u00e9l era m\u00edstica alegr\u00eda, y les dijo: \u201cLa tristeza no agrada a Dios. Si alg\u00fan bien os he hecho en estos a\u00f1os, cantad un himno de alegr\u00eda\u201d.<\/p>\n<p>La austeridad fue una de las caracter\u00edsticas de su vida. Y cuando alguna vez le reprocharon sus \u201cexcesos\u201d, realizados por amor a Cristo, recordaba que mayores fueron las penitencias de los eremitas en el desierto y, sin embargo, llegaron a ser excepcionalmente longevos. Los signos de caridad con los pobres de este gran asceta eran proverbiales. Les visitaba y donaba todo \u2013incluido su sueldo; manten\u00eda solamente lo justo para su sustento\u2013, e incluso, una vez dio toda la comida que estaba a punto de ingerir a un pobre que pas\u00f3 delante de su casa. En esa ocasi\u00f3n, al regresar milagrosamente su plato volvi\u00f3 a llenarse. En memoria de este hecho, la universidad tom\u00f3 el h\u00e1bito de invitar a un pobre diariamente. Una de las autoridades acad\u00e9micas avisaba de su llegada, diciendo: \u201cUn pobre va a entrar\u201d. Y otro de los responsables respond\u00eda en lat\u00edn: \u201cVa a entrar Jesucristo\u201d. Otro de los signos de la humildad de Juan se produjo al ser invitado a comer en la casa de un noble. Al ver sus vestidos ra\u00eddos, los sirvientes le cerraron la puerta, y volvi\u00f3 a cambiarse su h\u00e1bito. Durante la comida, un criado tuvo la mala fortuna de escanciar una copa sobre \u00e9l, y el santo respondi\u00f3: \u201cNo importa: mis vestidos merec\u00edan ya un poco de comida, puesto que a ellos debo el placer de estar aqu\u00ed\u201d. Se ignora si esta t\u00fanica fue la que luego se utiliz\u00f3 durante tantos a\u00f1os para el acto de investidura de los nuevos doctores.<\/p>\n<p>Juan imparti\u00f3 Sagradas Escrituras en la universidad de Cracovia desde 1440 a 1473. Pero tambi\u00e9n contribuy\u00f3 con su saber en el campo de la ciencia. As\u00ed, intervino ayudando al f\u00edsico Jean Burilan en su teor\u00eda del \u201c\u00edmpetus\u201d. Como peregrino, fue a pie a Tierra Santa y a Jerusal\u00e9n; mantuvo vivo su anhelo de morir m\u00e1rtir, pero no fue la voluntad de Dios que eso se produjera ni antes ni en ese momento, y regres\u00f3 sin contratiempos. Fue un ardiente defensor de la fe, y argument\u00f3 de forma inspirada contra los herejes. Aconsejaba a sus alumnos: \u201cCombatid el error; pero emplead como armas la paciencia, la bondad y el amor. La violencia os har\u00eda mal y da\u00f1ar\u00eda la mejor de las causas\u201d. \u201cCu\u00eddense de ofender, que despu\u00e9s es dif\u00edcil hacer olvidar la ofensa. Eviten murmurar, porque despu\u00e9s resulta muy dif\u00edcil devolver la fama que se ha quitado\u201d. Tuvo el don de milagros. Muri\u00f3 con fama de santidad en Cracovia el 24 de diciembre de 1473, diciendo a sus acompa\u00f1antes: \u201cNo os preocup\u00e9is por la prisi\u00f3n que se derrumba; pensad en el alma que va a salir de ella dentro de unos momentos\u201d. Fue canonizado por Clemente XIII el 16 de julio de 1767.<\/p>\n<p><img loading=\"lazy\" decoding=\"async\" class=\"size-full wp-image-118134 alignnone\" src=\"https:\/\/exaudi.org\/wp-content\/uploads\/2024\/12\/Copia-de-Santoral-3.jpg\" alt=\"\" width=\"1080\" height=\"1080\" srcset=\"https:\/\/exaudi.org\/wp-content\/uploads\/2024\/12\/Copia-de-Santoral-3.jpg 1080w, https:\/\/exaudi.org\/wp-content\/uploads\/2024\/12\/Copia-de-Santoral-3-300x300.jpg 300w, https:\/\/exaudi.org\/wp-content\/uploads\/2024\/12\/Copia-de-Santoral-3-1024x1024.jpg 1024w, https:\/\/exaudi.org\/wp-content\/uploads\/2024\/12\/Copia-de-Santoral-3-100x100.jpg?crop=1 100w, https:\/\/exaudi.org\/wp-content\/uploads\/2024\/12\/Copia-de-Santoral-3-770x770.jpg 770w, https:\/\/exaudi.org\/wp-content\/uploads\/2024\/12\/Copia-de-Santoral-3-500x500.jpg 500w, https:\/\/exaudi.org\/wp-content\/uploads\/2024\/12\/Copia-de-Santoral-3-293x293.jpg 293w, https:\/\/exaudi.org\/wp-content\/uploads\/2024\/12\/Copia-de-Santoral-3-390x390.jpg 390w, https:\/\/exaudi.org\/wp-content\/uploads\/2024\/12\/Copia-de-Santoral-3-585x585.jpg 585w, https:\/\/exaudi.org\/wp-content\/uploads\/2024\/12\/Copia-de-Santoral-3-900x900.jpg 900w\" sizes=\"auto, (max-width: 1080px) 100vw, 1080px\" \/><\/p>\n<h6><em>\u00a9 <a href=\"https:\/\/exaudi.org\/es\/author\/isabelorellana\/\" target=\"_blank\" rel=\"noopener noreferrer\">Isabel Orellana Vilches<\/a>, 2018<\/em><\/h6>\n<h6><em>Autora vinculada a<\/em><\/h6>\n<h6><em><img loading=\"lazy\" decoding=\"async\" class=\"alignright wp-image-2208\" src=\"https:\/\/exaudi.org\/wp-content\/uploads\/2021\/02\/santoral-scaled-1-725x1024.jpg\" alt=\"santoral Isabel Orellana\" width=\"262\" height=\"370\" \/><\/em><img loading=\"lazy\" decoding=\"async\" class=\"alignnone size-full wp-image-41949\" src=\"https:\/\/www.idente.org\/wp-content\/uploads\/logo-cedro-v01-843x295-1-e1603384654546.png\" alt=\"\" width=\"80\" height=\"28\" \/><br \/>\nObra protegida por derechos de autor.<br \/>\nInscrita en el Registro de la Propiedad Intelectual el 24 de noviembre de 2014.<br \/>\n________________<br \/>\nDerechos de edici\u00f3n reservados:<br \/>\n<a href=\"https:\/\/rielo.com\/\" target=\"_blank\" rel=\"noopener noreferrer\">Fundaci\u00f3n Fernando Rielo<\/a><br \/>\nGoya 20, 4.\u00ba izq. int. 28001 Madrid<br \/>\nTlf.: (34) 91 575 40 91<br \/>\nCorreo electr\u00f3nico: fundacion@rielo.com<\/h6>\n<div class=\"page\" title=\"Page 4\">\n<div class=\"layoutArea\">\n<div class=\"column\">\n<h6>Dep\u00f3sito legal: M-18664-2020<br \/>\nISBN: 978-84-946646-6-3<\/h6>\n<\/div>\n<\/div>\n<\/div>\n","protected":false},"excerpt":{"rendered":"<p>Te\u00f3logo y escol\u00e1stico de gran prestigio<\/p>\n","protected":false},"author":23,"featured_media":46920,"comment_status":"closed","ping_status":"closed","sticky":false,"template":"","format":"standard","meta":{"_acf_changed":false,"_crdt_document":"","inline_featured_image":false,"footnotes":""},"categories":[74,2772,7471],"tags":[388,5243,8004,7472,387,4953,58880],"class_list":["post-46189","post","type-post","status-publish","format-standard","has-post-thumbnail","hentry","category-iglesia-y-mundo","category-santoral","category-santoral-2","tag-isabel-orellana-vilches","tag-san-juan-cancio-de-kety-presbitero","tag-san-juan-cancio-de-kety-presbitero-2","tag-santoral-3","tag-santoral","tag-trending-es","tag-trending-es-151"],"acf":[],"yoast_head":"<!-- This site is optimized with the Yoast SEO plugin v27.4 - https:\/\/yoast.com\/product\/yoast-seo-wordpress\/ -->\n<title>San Juan Cancio de Kety, 23 de diciembre &#8211; Exaudi<\/title>\n<meta name=\"description\" content=\"San Juan Cancio de Kety Presb\u00edtero nacido Jan Kanty fue un sacerdote polaco, te\u00f3logo y escol\u00e1stico de gran prestigio en su momento.\" \/>\n<meta name=\"robots\" content=\"index, follow, max-snippet:-1, max-image-preview:large, max-video-preview:-1\" \/>\n<link rel=\"canonical\" href=\"https:\/\/exaudi.org\/es\/san-juan-cancio-de-kety-presbitero-23-de-diciembre\/\" \/>\n<meta property=\"og:locale\" content=\"es_ES\" \/>\n<meta property=\"og:type\" content=\"article\" \/>\n<meta property=\"og:title\" content=\"San Juan Cancio de Kety, 23 de diciembre &#8211; Exaudi\" \/>\n<meta property=\"og:description\" content=\"San Juan Cancio de Kety Presb\u00edtero nacido Jan Kanty fue un sacerdote polaco, te\u00f3logo y escol\u00e1stico de gran prestigio en su momento.\" \/>\n<meta property=\"og:url\" content=\"https:\/\/exaudi.org\/es\/san-juan-cancio-de-kety-presbitero-23-de-diciembre\/\" \/>\n<meta property=\"og:site_name\" content=\"Exaudi\" \/>\n<meta property=\"article:publisher\" content=\"https:\/\/www.facebook.com\/ExaudiNews\" \/>\n<meta property=\"article:published_time\" content=\"2025-12-23T06:30:16+00:00\" \/>\n<meta property=\"og:image\" content=\"https:\/\/exaudi.org\/wp-content\/uploads\/2021\/12\/Disen\u0303o-sin-ti\u0301tulo-72.jpg\" \/>\n\t<meta property=\"og:image:width\" content=\"991\" \/>\n\t<meta property=\"og:image:height\" content=\"771\" \/>\n\t<meta property=\"og:image:type\" content=\"image\/jpeg\" \/>\n<meta name=\"author\" content=\"Isabel Orellana\" \/>\n<meta name=\"twitter:card\" content=\"summary_large_image\" \/>\n<meta name=\"twitter:creator\" content=\"@Exaudi_News\" \/>\n<meta name=\"twitter:site\" content=\"@Exaudi_News\" \/>\n<meta name=\"twitter:label1\" content=\"Escrito por\" \/>\n\t<meta name=\"twitter:data1\" content=\"Isabel Orellana\" \/>\n\t<meta name=\"twitter:label2\" content=\"Tiempo de lectura\" \/>\n\t<meta name=\"twitter:data2\" content=\"4 minutos\" \/>\n<script type=\"application\/ld+json\" class=\"yoast-schema-graph\">{\"@context\":\"https:\\\/\\\/schema.org\",\"@graph\":[{\"@type\":\"Article\",\"@id\":\"https:\\\/\\\/exaudi.org\\\/es\\\/san-juan-cancio-de-kety-presbitero-23-de-diciembre\\\/#article\",\"isPartOf\":{\"@id\":\"https:\\\/\\\/exaudi.org\\\/es\\\/san-juan-cancio-de-kety-presbitero-23-de-diciembre\\\/\"},\"author\":{\"name\":\"Isabel Orellana\",\"@id\":\"https:\\\/\\\/exaudi.org\\\/#\\\/schema\\\/person\\\/64e18b96fd6118559a9217b5b3375fdc\"},\"headline\":\"San Juan Cancio de Kety, 23 de diciembre\",\"datePublished\":\"2025-12-23T06:30:16+00:00\",\"mainEntityOfPage\":{\"@id\":\"https:\\\/\\\/exaudi.org\\\/es\\\/san-juan-cancio-de-kety-presbitero-23-de-diciembre\\\/\"},\"wordCount\":884,\"image\":{\"@id\":\"https:\\\/\\\/exaudi.org\\\/es\\\/san-juan-cancio-de-kety-presbitero-23-de-diciembre\\\/#primaryimage\"},\"thumbnailUrl\":\"https:\\\/\\\/exaudi.org\\\/wp-content\\\/uploads\\\/2021\\\/12\\\/Disen\u0303o-sin-ti\u0301tulo-72.jpg\",\"keywords\":[\"Isabel Orellana Vilches\",\"San Juan Cancio de Kety Presb\u00edtero\",\"san-juan-cancio-de-kety-presbitero\",\"santoral\",\"Santoral\",\"Trending\",\"Trending\"],\"articleSection\":[\"Iglesia y Mundo\",\"Santoral\",\"santoral\"],\"inLanguage\":\"es\"},{\"@type\":\"WebPage\",\"@id\":\"https:\\\/\\\/exaudi.org\\\/es\\\/san-juan-cancio-de-kety-presbitero-23-de-diciembre\\\/\",\"url\":\"https:\\\/\\\/exaudi.org\\\/es\\\/san-juan-cancio-de-kety-presbitero-23-de-diciembre\\\/\",\"name\":\"San Juan Cancio de Kety, 23 de diciembre &#8211; Exaudi\",\"isPartOf\":{\"@id\":\"https:\\\/\\\/exaudi.org\\\/#website\"},\"primaryImageOfPage\":{\"@id\":\"https:\\\/\\\/exaudi.org\\\/es\\\/san-juan-cancio-de-kety-presbitero-23-de-diciembre\\\/#primaryimage\"},\"image\":{\"@id\":\"https:\\\/\\\/exaudi.org\\\/es\\\/san-juan-cancio-de-kety-presbitero-23-de-diciembre\\\/#primaryimage\"},\"thumbnailUrl\":\"https:\\\/\\\/exaudi.org\\\/wp-content\\\/uploads\\\/2021\\\/12\\\/Disen\u0303o-sin-ti\u0301tulo-72.jpg\",\"datePublished\":\"2025-12-23T06:30:16+00:00\",\"author\":{\"@id\":\"https:\\\/\\\/exaudi.org\\\/#\\\/schema\\\/person\\\/64e18b96fd6118559a9217b5b3375fdc\"},\"description\":\"San Juan Cancio de Kety Presb\u00edtero nacido Jan Kanty fue un sacerdote polaco, te\u00f3logo y escol\u00e1stico de gran prestigio en su momento.\",\"breadcrumb\":{\"@id\":\"https:\\\/\\\/exaudi.org\\\/es\\\/san-juan-cancio-de-kety-presbitero-23-de-diciembre\\\/#breadcrumb\"},\"inLanguage\":\"es\",\"potentialAction\":[{\"@type\":\"ReadAction\",\"target\":[\"https:\\\/\\\/exaudi.org\\\/es\\\/san-juan-cancio-de-kety-presbitero-23-de-diciembre\\\/\"]}]},{\"@type\":\"ImageObject\",\"inLanguage\":\"es\",\"@id\":\"https:\\\/\\\/exaudi.org\\\/es\\\/san-juan-cancio-de-kety-presbitero-23-de-diciembre\\\/#primaryimage\",\"url\":\"https:\\\/\\\/exaudi.org\\\/wp-content\\\/uploads\\\/2021\\\/12\\\/Disen\u0303o-sin-ti\u0301tulo-72.jpg\",\"contentUrl\":\"https:\\\/\\\/exaudi.org\\\/wp-content\\\/uploads\\\/2021\\\/12\\\/Disen\u0303o-sin-ti\u0301tulo-72.jpg\",\"width\":991,\"height\":771,\"caption\":\"San Juan Cancio de Kety Presb\u00edtero \u00a9 Sacerdotes cat\u00f3licos Wordpress\"},{\"@type\":\"BreadcrumbList\",\"@id\":\"https:\\\/\\\/exaudi.org\\\/es\\\/san-juan-cancio-de-kety-presbitero-23-de-diciembre\\\/#breadcrumb\",\"itemListElement\":[{\"@type\":\"ListItem\",\"position\":1,\"name\":\"Portada\",\"item\":\"https:\\\/\\\/exaudi.org\\\/es\\\/\"},{\"@type\":\"ListItem\",\"position\":2,\"name\":\"San Juan Cancio de Kety, 23 de diciembre\"}]},{\"@type\":\"WebSite\",\"@id\":\"https:\\\/\\\/exaudi.org\\\/#website\",\"url\":\"https:\\\/\\\/exaudi.org\\\/\",\"name\":\"Exaudi\",\"description\":\"News\",\"potentialAction\":[{\"@type\":\"SearchAction\",\"target\":{\"@type\":\"EntryPoint\",\"urlTemplate\":\"https:\\\/\\\/exaudi.org\\\/?s={search_term_string}\"},\"query-input\":{\"@type\":\"PropertyValueSpecification\",\"valueRequired\":true,\"valueName\":\"search_term_string\"}}],\"inLanguage\":\"es\"},{\"@type\":\"Person\",\"@id\":\"https:\\\/\\\/exaudi.org\\\/#\\\/schema\\\/person\\\/64e18b96fd6118559a9217b5b3375fdc\",\"name\":\"Isabel Orellana\",\"image\":{\"@type\":\"ImageObject\",\"inLanguage\":\"es\",\"@id\":\"https:\\\/\\\/secure.gravatar.com\\\/avatar\\\/51968380bbb6b22ae85c605634860366fd9a2a611c6341125115bca32cd6c171?s=96&d=mm&r=g\",\"url\":\"https:\\\/\\\/secure.gravatar.com\\\/avatar\\\/51968380bbb6b22ae85c605634860366fd9a2a611c6341125115bca32cd6c171?s=96&d=mm&r=g\",\"contentUrl\":\"https:\\\/\\\/secure.gravatar.com\\\/avatar\\\/51968380bbb6b22ae85c605634860366fd9a2a611c6341125115bca32cd6c171?s=96&d=mm&r=g\",\"caption\":\"Isabel Orellana\"},\"description\":\"Isabel Orellana Vilches Misionera idente. Doctora en Filosof\u00eda por la Universidad Aut\u00f3noma de Barcelona con la tesis Realismo y progreso cient\u00edfico en la epistemolog\u00eda popperiana. Ha cursado estudios de teolog\u00eda en la Universidad Pontificia de Salamanca. Con amplia actividad docente desde 1986, ha publicado libros como: Realismo y progreso cient\u00edfico en la epistemolog\u00eda popperiana, Universitat Aut\u00f2noma de Barcelona, 1993; El evangelio habla a los j\u00f3venes, Atenas, Madrid, 1997; Qu\u00e9 es... LA TOLERANCIA, Paulinas, Madrid, 1999; Pedagog\u00eda del dolor. Ensayo antropol\u00f3gico, Palabra, Madrid, 1999; En colaboraci\u00f3n con Enrique Rivera de Ventosa (\u2020) OFM. Cap. San Francisco de As\u00eds y Fernando Rielo: Convergencias. Respuestas desde la fe a los interrogantes del hombre de hoy, Universidad Pontificia, Salamanca, 2001; La \\\"mirada\\\" del cine. Recursos did\u00e1cticos del s\u00e9ptimo arte. Librer\u00eda Cervantes, Salamanca, 2001; Paradojas de la convivencia, San Pablo, Madrid, 2002; En la Universidad T\u00e9cnica Particular de Loja, Ecuador, ha publicado: La confianza. El arte de amar, 2002; Educar para la responsabilidad, 2003; Apuntes de \u00e9tica en Karl R. Popper, 2003; De soledades y comunicaci\u00f3n, 2005; Yo educo; t\u00fa respondes, 2008; Humanismo y fe en un crisol de culturas, 2008; Repensar lo cotidiano, 2008; Convivir: un constante desaf\u00edo, 2009; La l\u00f3gica del amor, 2010; El dolor del amor. Apuntes sobre la enfermedad y el dolor en relaci\u00f3n con la virtud heroica, el martirio y la vida santa. Seminario Diocesano de M\u00e1laga, 2006 y Universidad T\u00e9cnica Particular de Loja, Ecuador (2007). Cuenta con numerosas colaboraciones en obras colectivas, as\u00ed como relatos, cuentos, f\u00e1bula y novela juvenil, adem\u00e1s de art\u00edculos de tem\u00e1tica cient\u00edfica, pedag\u00f3gica y espiritual, que viene publicando en distintas revistas nacionales e internacionales. En 2012 culmin\u00f3 el santoral Llamados a ser santos y poco m\u00e1s tarde Epopeyas de amor prologado por mons. Fernando Sebasti\u00e1n. Es la bi\u00f3grafa oficial del fundador de su familia espiritual, autora de Fernando Rielo Pardal. Fundador de los Misioneros Identes, Descl\u00e9e de Brouwer, Bilbao, 2009. Culmina la biograf\u00eda completa. Encargada del santoral de ZENIT desde 2012 a 2020 y ahora en Exaudi\",\"url\":\"https:\\\/\\\/exaudi.org\\\/es\\\/author\\\/isabelorellana\\\/\"}]}<\/script>\n<!-- \/ Yoast SEO plugin. -->","yoast_head_json":{"title":"San Juan Cancio de Kety, 23 de diciembre &#8211; Exaudi","description":"San Juan Cancio de Kety Presb\u00edtero nacido Jan Kanty fue un sacerdote polaco, te\u00f3logo y escol\u00e1stico de gran prestigio en su momento.","robots":{"index":"index","follow":"follow","max-snippet":"max-snippet:-1","max-image-preview":"max-image-preview:large","max-video-preview":"max-video-preview:-1"},"canonical":"https:\/\/exaudi.org\/es\/san-juan-cancio-de-kety-presbitero-23-de-diciembre\/","og_locale":"es_ES","og_type":"article","og_title":"San Juan Cancio de Kety, 23 de diciembre &#8211; Exaudi","og_description":"San Juan Cancio de Kety Presb\u00edtero nacido Jan Kanty fue un sacerdote polaco, te\u00f3logo y escol\u00e1stico de gran prestigio en su momento.","og_url":"https:\/\/exaudi.org\/es\/san-juan-cancio-de-kety-presbitero-23-de-diciembre\/","og_site_name":"Exaudi","article_publisher":"https:\/\/www.facebook.com\/ExaudiNews","article_published_time":"2025-12-23T06:30:16+00:00","og_image":[{"width":991,"height":771,"url":"https:\/\/exaudi.org\/wp-content\/uploads\/2021\/12\/Disen\u0303o-sin-ti\u0301tulo-72.jpg","type":"image\/jpeg"}],"author":"Isabel Orellana","twitter_card":"summary_large_image","twitter_creator":"@Exaudi_News","twitter_site":"@Exaudi_News","twitter_misc":{"Escrito por":"Isabel Orellana","Tiempo de lectura":"4 minutos"},"schema":{"@context":"https:\/\/schema.org","@graph":[{"@type":"Article","@id":"https:\/\/exaudi.org\/es\/san-juan-cancio-de-kety-presbitero-23-de-diciembre\/#article","isPartOf":{"@id":"https:\/\/exaudi.org\/es\/san-juan-cancio-de-kety-presbitero-23-de-diciembre\/"},"author":{"name":"Isabel Orellana","@id":"https:\/\/exaudi.org\/#\/schema\/person\/64e18b96fd6118559a9217b5b3375fdc"},"headline":"San Juan Cancio de Kety, 23 de diciembre","datePublished":"2025-12-23T06:30:16+00:00","mainEntityOfPage":{"@id":"https:\/\/exaudi.org\/es\/san-juan-cancio-de-kety-presbitero-23-de-diciembre\/"},"wordCount":884,"image":{"@id":"https:\/\/exaudi.org\/es\/san-juan-cancio-de-kety-presbitero-23-de-diciembre\/#primaryimage"},"thumbnailUrl":"https:\/\/exaudi.org\/wp-content\/uploads\/2021\/12\/Disen\u0303o-sin-ti\u0301tulo-72.jpg","keywords":["Isabel Orellana Vilches","San Juan Cancio de Kety Presb\u00edtero","san-juan-cancio-de-kety-presbitero","santoral","Santoral","Trending","Trending"],"articleSection":["Iglesia y Mundo","Santoral","santoral"],"inLanguage":"es"},{"@type":"WebPage","@id":"https:\/\/exaudi.org\/es\/san-juan-cancio-de-kety-presbitero-23-de-diciembre\/","url":"https:\/\/exaudi.org\/es\/san-juan-cancio-de-kety-presbitero-23-de-diciembre\/","name":"San Juan Cancio de Kety, 23 de diciembre &#8211; Exaudi","isPartOf":{"@id":"https:\/\/exaudi.org\/#website"},"primaryImageOfPage":{"@id":"https:\/\/exaudi.org\/es\/san-juan-cancio-de-kety-presbitero-23-de-diciembre\/#primaryimage"},"image":{"@id":"https:\/\/exaudi.org\/es\/san-juan-cancio-de-kety-presbitero-23-de-diciembre\/#primaryimage"},"thumbnailUrl":"https:\/\/exaudi.org\/wp-content\/uploads\/2021\/12\/Disen\u0303o-sin-ti\u0301tulo-72.jpg","datePublished":"2025-12-23T06:30:16+00:00","author":{"@id":"https:\/\/exaudi.org\/#\/schema\/person\/64e18b96fd6118559a9217b5b3375fdc"},"description":"San Juan Cancio de Kety Presb\u00edtero nacido Jan Kanty fue un sacerdote polaco, te\u00f3logo y escol\u00e1stico de gran prestigio en su momento.","breadcrumb":{"@id":"https:\/\/exaudi.org\/es\/san-juan-cancio-de-kety-presbitero-23-de-diciembre\/#breadcrumb"},"inLanguage":"es","potentialAction":[{"@type":"ReadAction","target":["https:\/\/exaudi.org\/es\/san-juan-cancio-de-kety-presbitero-23-de-diciembre\/"]}]},{"@type":"ImageObject","inLanguage":"es","@id":"https:\/\/exaudi.org\/es\/san-juan-cancio-de-kety-presbitero-23-de-diciembre\/#primaryimage","url":"https:\/\/exaudi.org\/wp-content\/uploads\/2021\/12\/Disen\u0303o-sin-ti\u0301tulo-72.jpg","contentUrl":"https:\/\/exaudi.org\/wp-content\/uploads\/2021\/12\/Disen\u0303o-sin-ti\u0301tulo-72.jpg","width":991,"height":771,"caption":"San Juan Cancio de Kety Presb\u00edtero \u00a9 Sacerdotes cat\u00f3licos Wordpress"},{"@type":"BreadcrumbList","@id":"https:\/\/exaudi.org\/es\/san-juan-cancio-de-kety-presbitero-23-de-diciembre\/#breadcrumb","itemListElement":[{"@type":"ListItem","position":1,"name":"Portada","item":"https:\/\/exaudi.org\/es\/"},{"@type":"ListItem","position":2,"name":"San Juan Cancio de Kety, 23 de diciembre"}]},{"@type":"WebSite","@id":"https:\/\/exaudi.org\/#website","url":"https:\/\/exaudi.org\/","name":"Exaudi","description":"News","potentialAction":[{"@type":"SearchAction","target":{"@type":"EntryPoint","urlTemplate":"https:\/\/exaudi.org\/?s={search_term_string}"},"query-input":{"@type":"PropertyValueSpecification","valueRequired":true,"valueName":"search_term_string"}}],"inLanguage":"es"},{"@type":"Person","@id":"https:\/\/exaudi.org\/#\/schema\/person\/64e18b96fd6118559a9217b5b3375fdc","name":"Isabel Orellana","image":{"@type":"ImageObject","inLanguage":"es","@id":"https:\/\/secure.gravatar.com\/avatar\/51968380bbb6b22ae85c605634860366fd9a2a611c6341125115bca32cd6c171?s=96&d=mm&r=g","url":"https:\/\/secure.gravatar.com\/avatar\/51968380bbb6b22ae85c605634860366fd9a2a611c6341125115bca32cd6c171?s=96&d=mm&r=g","contentUrl":"https:\/\/secure.gravatar.com\/avatar\/51968380bbb6b22ae85c605634860366fd9a2a611c6341125115bca32cd6c171?s=96&d=mm&r=g","caption":"Isabel Orellana"},"description":"Isabel Orellana Vilches Misionera idente. Doctora en Filosof\u00eda por la Universidad Aut\u00f3noma de Barcelona con la tesis Realismo y progreso cient\u00edfico en la epistemolog\u00eda popperiana. Ha cursado estudios de teolog\u00eda en la Universidad Pontificia de Salamanca. Con amplia actividad docente desde 1986, ha publicado libros como: Realismo y progreso cient\u00edfico en la epistemolog\u00eda popperiana, Universitat Aut\u00f2noma de Barcelona, 1993; El evangelio habla a los j\u00f3venes, Atenas, Madrid, 1997; Qu\u00e9 es... LA TOLERANCIA, Paulinas, Madrid, 1999; Pedagog\u00eda del dolor. Ensayo antropol\u00f3gico, Palabra, Madrid, 1999; En colaboraci\u00f3n con Enrique Rivera de Ventosa (\u2020) OFM. Cap. San Francisco de As\u00eds y Fernando Rielo: Convergencias. Respuestas desde la fe a los interrogantes del hombre de hoy, Universidad Pontificia, Salamanca, 2001; La \"mirada\" del cine. Recursos did\u00e1cticos del s\u00e9ptimo arte. Librer\u00eda Cervantes, Salamanca, 2001; Paradojas de la convivencia, San Pablo, Madrid, 2002; En la Universidad T\u00e9cnica Particular de Loja, Ecuador, ha publicado: La confianza. El arte de amar, 2002; Educar para la responsabilidad, 2003; Apuntes de \u00e9tica en Karl R. Popper, 2003; De soledades y comunicaci\u00f3n, 2005; Yo educo; t\u00fa respondes, 2008; Humanismo y fe en un crisol de culturas, 2008; Repensar lo cotidiano, 2008; Convivir: un constante desaf\u00edo, 2009; La l\u00f3gica del amor, 2010; El dolor del amor. Apuntes sobre la enfermedad y el dolor en relaci\u00f3n con la virtud heroica, el martirio y la vida santa. Seminario Diocesano de M\u00e1laga, 2006 y Universidad T\u00e9cnica Particular de Loja, Ecuador (2007). Cuenta con numerosas colaboraciones en obras colectivas, as\u00ed como relatos, cuentos, f\u00e1bula y novela juvenil, adem\u00e1s de art\u00edculos de tem\u00e1tica cient\u00edfica, pedag\u00f3gica y espiritual, que viene publicando en distintas revistas nacionales e internacionales. En 2012 culmin\u00f3 el santoral Llamados a ser santos y poco m\u00e1s tarde Epopeyas de amor prologado por mons. Fernando Sebasti\u00e1n. Es la bi\u00f3grafa oficial del fundador de su familia espiritual, autora de Fernando Rielo Pardal. Fundador de los Misioneros Identes, Descl\u00e9e de Brouwer, Bilbao, 2009. Culmina la biograf\u00eda completa. Encargada del santoral de ZENIT desde 2012 a 2020 y ahora en Exaudi","url":"https:\/\/exaudi.org\/es\/author\/isabelorellana\/"}]}},"jetpack_featured_media_url":"https:\/\/exaudi.org\/wp-content\/uploads\/2021\/12\/Disen\u0303o-sin-ti\u0301tulo-72.jpg","jetpack_shortlink":"https:\/\/wp.me\/pgKjF2-c0Z","_links":{"self":[{"href":"https:\/\/exaudi.org\/es\/wp-json\/wp\/v2\/posts\/46189","targetHints":{"allow":["GET"]}}],"collection":[{"href":"https:\/\/exaudi.org\/es\/wp-json\/wp\/v2\/posts"}],"about":[{"href":"https:\/\/exaudi.org\/es\/wp-json\/wp\/v2\/types\/post"}],"author":[{"embeddable":true,"href":"https:\/\/exaudi.org\/es\/wp-json\/wp\/v2\/users\/23"}],"replies":[{"embeddable":true,"href":"https:\/\/exaudi.org\/es\/wp-json\/wp\/v2\/comments?post=46189"}],"version-history":[{"count":1,"href":"https:\/\/exaudi.org\/es\/wp-json\/wp\/v2\/posts\/46189\/revisions"}],"predecessor-version":[{"id":147475,"href":"https:\/\/exaudi.org\/es\/wp-json\/wp\/v2\/posts\/46189\/revisions\/147475"}],"wp:featuredmedia":[{"embeddable":true,"href":"https:\/\/exaudi.org\/es\/wp-json\/wp\/v2\/media\/46920"}],"wp:attachment":[{"href":"https:\/\/exaudi.org\/es\/wp-json\/wp\/v2\/media?parent=46189"}],"wp:term":[{"taxonomy":"category","embeddable":true,"href":"https:\/\/exaudi.org\/es\/wp-json\/wp\/v2\/categories?post=46189"},{"taxonomy":"post_tag","embeddable":true,"href":"https:\/\/exaudi.org\/es\/wp-json\/wp\/v2\/tags?post=46189"}],"curies":[{"name":"wp","href":"https:\/\/api.w.org\/{rel}","templated":true}]}}