{"id":46179,"date":"2025-12-21T07:30:47","date_gmt":"2025-12-21T06:30:47","guid":{"rendered":"https:\/\/exaudi.org\/?p=46179"},"modified":"2025-11-23T19:11:10","modified_gmt":"2025-11-23T18:11:10","slug":"san-pedro-canisio-21-de-diciembre","status":"publish","type":"post","link":"https:\/\/exaudi.org\/es\/san-pedro-canisio-21-de-diciembre\/","title":{"rendered":"San Pedro Canisio, 21 de diciembre"},"content":{"rendered":"<p>Este insigne ap\u00f3stol de Alemania, incansable apologeta que sigui\u00f3 los pasos de san Bonifacio en la evangelizaci\u00f3n germana jesuita, no se concedi\u00f3 ni un instante para s\u00ed, haciendo de su vida un permanente acto de ofrenda a Cristo.<\/p>\n<p><iframe title=\"Spotify Embed: San Pedro Canisio, 21 de diciembre\" style=\"border-radius: 12px\" width=\"100%\" height=\"152\" frameborder=\"0\" allowfullscreen allow=\"autoplay; clipboard-write; encrypted-media; fullscreen; picture-in-picture\" loading=\"lazy\" src=\"https:\/\/open.spotify.com\/embed\/episode\/4nDKN1gApthgIPTcamhJ9X?si=5385c7e3449a44cd&#038;utm_source=oembed\"><\/iframe><\/p>\n<p>Naci\u00f3 el 8 de mayo de 1521 en la localidad holandesa de Nimega. Su influyente familia pertenec\u00eda a la nobleza; su padre era el alcalde de su ciudad natal. Fue el primog\u00e9nito de dos hermanos, y de ocho v\u00e1stagos m\u00e1s que nacieron del segundo matrimonio de su progenitor, quien contrajo nuevas nupcias al enviudar. Todos los hijos fueron educados en la fe tanto por \u00e9l como por sus dos esposas. En 1536 Pedro inici\u00f3 sus estudios en la universidad de Colonia. Y fue all\u00ed donde la eficaz labor apost\u00f3lica de dos sacerdotes le fueron conduciendo hacia una vida espiritual intensa. El segundo, Nicol\u00e1s van Esche, que fue su confesor, le sugiri\u00f3 leer el evangelio todos los d\u00edas y le proporcion\u00f3 las pautas elementales de la oraci\u00f3n. Sol\u00eda frecuentar el monasterio cartujo de santa B\u00e1rbara.<\/p>\n<p>Fue un alumno excepcional. En 1540 obtuvo el Magister en Teolog\u00eda. Entonces viv\u00eda en un estado de b\u00fasqueda, y se hallaba a la espera de que Dios le mostrara el camino a seguir, mientras barajaba la opci\u00f3n sacerdotal. Todo se concret\u00f3 al conocer al jesuita Pedro Fabro en 1543; le hab\u00eda puesto en contacto con \u00e9l otro jesuita compa\u00f1ero de estudios. Se traslad\u00f3 a Maguncia expresamente para hablar con el beato, y qued\u00f3 bajo su amparo. Despu\u00e9s hizo los ejercicios espirituales, y en mayo de ese a\u00f1o ingres\u00f3 en la Compa\u00f1\u00eda de Jes\u00fas. El noviciado coincidi\u00f3 con la muerte de su padre y decidi\u00f3 distribuir los cuantiosos bienes que le legaron entre los pobres, estudiantes sin recursos y tambi\u00e9n entre los jesuitas. Le encomendaron la delicada misi\u00f3n de dirigir como vicesuperior a la reducida comunidad que qued\u00f3 en Colonia tratando de esquivar el decreto de expulsi\u00f3n que pend\u00eda sobre los conventos. Y en 1544 comenz\u00f3 a dedicarse a la predicaci\u00f3n, acci\u00f3n apost\u00f3lica que le distinguir\u00eda y en la que obtuvo grandes conversiones.<\/p>\n<p>Profes\u00f3 en mayo de 1545. Le avalaba su prestigio en la universidad cuando le designaron para participar en la Dieta de Worms donde se dirim\u00edan los conflictos entre protestantes y cat\u00f3licos. Otra de sus actuaciones se produjo en el \u00e1mbito de la diplomacia. Trabajaba arduamente, consciente de que no ten\u00eda ni un instante para s\u00ed, como expresaba al padre Fabro en sus cartas. Fue ordenado en junio de 1546 y en agosto de este a\u00f1o mor\u00eda el beato, noticia que Pedro acogi\u00f3 con incontenible emoci\u00f3n ya que se hab\u00eda formado bajo su tutela. La situaci\u00f3n eclesial era grav\u00edsima porque el arzobispo Max Hermann von Wied se hab\u00eda involucrado en la herej\u00eda y le hab\u00edan excomulgado. Las misiones diplom\u00e1ticas que Canisio llev\u00f3 a cabo fueron esenciales para el mantenimiento de la fe en Colonia; por ellas se le califica como \u201cel m\u00e1s importante e intr\u00e9pido defensor de la religi\u00f3n\u201d. Se distingui\u00f3 por su celo apost\u00f3lico, la oraci\u00f3n, la meditaci\u00f3n y la caridad que mostraba hacia todos. Fue un apologeta de la fe, cuya defensa efectu\u00f3 con rigor y respeto, imbatible en su manera de refutar los errores.<\/p>\n<p>En 1547 particip\u00f3 en el Concilio de Trento, trabajando con Diego La\u00ednez y Alfonso Salmer\u00f3n. En calidad de te\u00f3logo hab\u00eda acompa\u00f1ado al prelado de Austria. Despu\u00e9s se traslad\u00f3 a Roma por indicaci\u00f3n de san Ignacio de Loyola, que se ocup\u00f3 personalmente de completar su formaci\u00f3n. Se doctor\u00f3 en 1549. Humilde, obediente y dispuesto a todo por Cristo, parti\u00f3 a Messina para trabajar en un colegio infantil. Reconoci\u00f3: \u201cMe apego a la obediencia, con el coraz\u00f3n. Obligo al esp\u00edritu a no inclinarse\u201d. Cuando se entrevist\u00f3 con el papa Pablo III, sabiendo que iba a partir a Alemania, se postr\u00f3 de hinojos en la bas\u00edlica de san Pedro rogando fervientemente la bendici\u00f3n de los ap\u00f3stoles Pedro y Pablo. Sali\u00f3 confortado: \u201cAll\u00ed he sentido que un gran consuelo y la presencia de la gracia me eran concedidas por medio de estos intercesores (Pedro y Pablo). Ellos confirmaban mi misi\u00f3n en Alemania y parec\u00edan transmitirme, como ap\u00f3stol de Alemania, el apoyo de su benevolencia. T\u00fa conoces Se\u00f1or, de que manera y cuantas veces en ese mismo d\u00eda me has confiado Alemania, a la que luego cuidar\u00e9 y por la cual deseo vivir y morir\u201d.<\/p>\n<p>Con la magn\u00e1nima resoluci\u00f3n de no defraudar a Cristo y a sus superiores transcurri\u00f3 el resto de su vida entre Alemania, Austria y Holanda, siendo incansable ap\u00f3stol, insigne profesor, ardiente predicador y reconciliador que supo tocar la fibra \u00edntima de los apartados de la fe. Pacificador y mediador en graves conflictos, hombre de gran visi\u00f3n y sabio gobierno, por donde pasaba surg\u00edan vocaciones y, con ellas, el incremento de sacerdotes. Fue fundador de colegios, vice gran canciller y rector universitario, administrador de la di\u00f3cesis de Viena, a su pesar, por expresa indicaci\u00f3n del papa Julio III, y reputado autor. Retazos de sus experiencias m\u00edsticas ponen de relieve su pasi\u00f3n por Cristo: \u201cT\u00fa, al final, como si me pudieses abrir el coraz\u00f3n del Sant\u00edsimo Cuerpo, que me parec\u00eda ver delante de m\u00ed, me has mandado beber en esa fuente, invit\u00e1ndome por decir as\u00ed a sacar las aguas de mi salvaci\u00f3n de tus fuentes, oh, mi Salvador\u201d.<\/p>\n<p>Entre sus obras se halla la famosa Summa de la doctrina cristiana, luego convertida en catecismo, que ser\u00eda objeto de numerosas traducciones y reediciones. En 1556 Ignacio lo design\u00f3 provincial de Alemania hall\u00e1ndose bajo su jurisdicci\u00f3n: Austria, Bohemia, Baviera y el Tirol. En tres d\u00e9cadas recorri\u00f3 miles de kil\u00f3metros evangelizando a las gentes. \u201cDescansaremos en el cielo\u201d, dec\u00eda. Todos, fueran o no creyentes, le estimaban. Fue designado nuncio por P\u00edo IV, y P\u00edo V le encomend\u00f3 asistir a la Dieta de Augsburgo. Los \u00faltimos diecisiete a\u00f1os de su vida los pas\u00f3 en Friburgo, animando, consolando, estudiando, escribiendo e impulsando las fundaciones. Muri\u00f3 el 21 de diciembre de 1597 contemplando a Mar\u00eda. P\u00edo IX lo beatific\u00f3 el 20 de noviembre de 1864. P\u00edo XI lo canoniz\u00f3 y declar\u00f3 doctor de la Iglesia el 21 de mayo de 1925.<\/p>\n<p><img loading=\"lazy\" decoding=\"async\" class=\"size-full wp-image-118140 alignnone\" src=\"https:\/\/exaudi.org\/wp-content\/uploads\/2024\/12\/Copia-de-Santoral-1.jpg\" alt=\"\" width=\"1080\" height=\"1080\" srcset=\"https:\/\/exaudi.org\/wp-content\/uploads\/2024\/12\/Copia-de-Santoral-1.jpg 1080w, https:\/\/exaudi.org\/wp-content\/uploads\/2024\/12\/Copia-de-Santoral-1-300x300.jpg 300w, https:\/\/exaudi.org\/wp-content\/uploads\/2024\/12\/Copia-de-Santoral-1-1024x1024.jpg 1024w, https:\/\/exaudi.org\/wp-content\/uploads\/2024\/12\/Copia-de-Santoral-1-100x100.jpg?crop=1 100w, https:\/\/exaudi.org\/wp-content\/uploads\/2024\/12\/Copia-de-Santoral-1-770x770.jpg 770w, https:\/\/exaudi.org\/wp-content\/uploads\/2024\/12\/Copia-de-Santoral-1-500x500.jpg 500w, https:\/\/exaudi.org\/wp-content\/uploads\/2024\/12\/Copia-de-Santoral-1-293x293.jpg 293w, https:\/\/exaudi.org\/wp-content\/uploads\/2024\/12\/Copia-de-Santoral-1-390x390.jpg 390w, https:\/\/exaudi.org\/wp-content\/uploads\/2024\/12\/Copia-de-Santoral-1-585x585.jpg 585w, https:\/\/exaudi.org\/wp-content\/uploads\/2024\/12\/Copia-de-Santoral-1-900x900.jpg 900w\" sizes=\"auto, (max-width: 1080px) 100vw, 1080px\" \/><\/p>\n<h6><em>\u00a9 <a href=\"https:\/\/exaudi.org\/es\/author\/isabelorellana\/\" target=\"_blank\" rel=\"noopener noreferrer\">Isabel Orellana Vilches<\/a>, 2018<\/em><\/h6>\n<h6><em>Autora vinculada a<\/em><\/h6>\n<h6><em><img loading=\"lazy\" decoding=\"async\" class=\"alignright wp-image-2208\" src=\"https:\/\/exaudi.org\/wp-content\/uploads\/2021\/02\/santoral-scaled-1-725x1024.jpg\" alt=\"santoral Isabel Orellana\" width=\"262\" height=\"370\" \/><\/em><img loading=\"lazy\" decoding=\"async\" class=\"alignnone size-full wp-image-41949\" src=\"https:\/\/www.idente.org\/wp-content\/uploads\/logo-cedro-v01-843x295-1-e1603384654546.png\" alt=\"\" width=\"80\" height=\"28\" \/><br \/>\nObra protegida por derechos de autor.<br \/>\nInscrita en el Registro de la Propiedad Intelectual el 24 de noviembre de 2014.<br \/>\n________________<br \/>\nDerechos de edici\u00f3n reservados:<br \/>\n<a href=\"https:\/\/rielo.com\/\" target=\"_blank\" rel=\"noopener noreferrer\">Fundaci\u00f3n Fernando Rielo<\/a><br \/>\nGoya 20, 4.\u00ba izq. int. 28001 Madrid<br \/>\nTlf.: (34) 91 575 40 91<br \/>\nCorreo electr\u00f3nico: fundacion@rielo.com<\/h6>\n<div class=\"page\" title=\"Page 4\">\n<div class=\"layoutArea\">\n<div class=\"column\">\n<h6>Dep\u00f3sito legal: M-18664-2020<br \/>\nISBN: 978-84-946646-6-3<\/h6>\n<\/div>\n<\/div>\n<\/div>\n","protected":false},"excerpt":{"rendered":"<p>Conocido como el segundo ap\u00f3stol de Alemania<\/p>\n","protected":false},"author":23,"featured_media":46180,"comment_status":"closed","ping_status":"closed","sticky":false,"template":"","format":"standard","meta":{"_acf_changed":false,"_crdt_document":"","inline_featured_image":false,"footnotes":""},"categories":[74,2772,7471],"tags":[388,5241,7992,7472,387,58880,4953],"class_list":["post-46179","post","type-post","status-publish","format-standard","has-post-thumbnail","hentry","category-iglesia-y-mundo","category-santoral","category-santoral-2","tag-isabel-orellana-vilches","tag-san-pedro-canisio","tag-san-pedro-canisio-2","tag-santoral-3","tag-santoral","tag-trending-es-151","tag-trending-es"],"acf":[],"yoast_head":"<!-- This site is optimized with the Yoast SEO plugin v27.4 - https:\/\/yoast.com\/product\/yoast-seo-wordpress\/ -->\n<title>San Pedro Canisio, 21 de diciembre &#8211; Exaudi<\/title>\n<meta name=\"description\" content=\"San Pedro Canisio, conocido como el segundo ap\u00f3stol de Alemania, es doctor de la Iglesia cat\u00f3lica. Su nombre original es Pieter Kanijs.\" \/>\n<meta name=\"robots\" content=\"index, follow, max-snippet:-1, max-image-preview:large, max-video-preview:-1\" \/>\n<link rel=\"canonical\" href=\"https:\/\/exaudi.org\/es\/san-pedro-canisio-21-de-diciembre\/\" \/>\n<meta property=\"og:locale\" content=\"es_ES\" \/>\n<meta property=\"og:type\" content=\"article\" \/>\n<meta property=\"og:title\" content=\"San Pedro Canisio, 21 de diciembre &#8211; Exaudi\" \/>\n<meta property=\"og:description\" content=\"San Pedro Canisio, conocido como el segundo ap\u00f3stol de Alemania, es doctor de la Iglesia cat\u00f3lica. Su nombre original es Pieter Kanijs.\" \/>\n<meta property=\"og:url\" content=\"https:\/\/exaudi.org\/es\/san-pedro-canisio-21-de-diciembre\/\" \/>\n<meta property=\"og:site_name\" content=\"Exaudi\" \/>\n<meta property=\"article:publisher\" content=\"https:\/\/www.facebook.com\/ExaudiNews\" \/>\n<meta property=\"article:published_time\" content=\"2025-12-21T06:30:47+00:00\" \/>\n<meta property=\"og:image\" content=\"https:\/\/exaudi.org\/wp-content\/uploads\/2021\/12\/Disen\u0303o-sin-ti\u0301tulo-55.jpg\" \/>\n\t<meta property=\"og:image:width\" content=\"991\" \/>\n\t<meta property=\"og:image:height\" content=\"771\" \/>\n\t<meta property=\"og:image:type\" content=\"image\/jpeg\" \/>\n<meta name=\"author\" content=\"Isabel Orellana\" \/>\n<meta name=\"twitter:card\" content=\"summary_large_image\" \/>\n<meta name=\"twitter:creator\" content=\"@Exaudi_News\" \/>\n<meta name=\"twitter:site\" content=\"@Exaudi_News\" \/>\n<meta name=\"twitter:label1\" content=\"Escrito por\" \/>\n\t<meta name=\"twitter:data1\" content=\"Isabel Orellana\" \/>\n\t<meta name=\"twitter:label2\" content=\"Tiempo de lectura\" \/>\n\t<meta name=\"twitter:data2\" content=\"6 minutos\" \/>\n<script type=\"application\/ld+json\" class=\"yoast-schema-graph\">{\"@context\":\"https:\\\/\\\/schema.org\",\"@graph\":[{\"@type\":\"Article\",\"@id\":\"https:\\\/\\\/exaudi.org\\\/es\\\/san-pedro-canisio-21-de-diciembre\\\/#article\",\"isPartOf\":{\"@id\":\"https:\\\/\\\/exaudi.org\\\/es\\\/san-pedro-canisio-21-de-diciembre\\\/\"},\"author\":{\"name\":\"Isabel Orellana\",\"@id\":\"https:\\\/\\\/exaudi.org\\\/#\\\/schema\\\/person\\\/64e18b96fd6118559a9217b5b3375fdc\"},\"headline\":\"San Pedro Canisio, 21 de diciembre\",\"datePublished\":\"2025-12-21T06:30:47+00:00\",\"mainEntityOfPage\":{\"@id\":\"https:\\\/\\\/exaudi.org\\\/es\\\/san-pedro-canisio-21-de-diciembre\\\/\"},\"wordCount\":1160,\"image\":{\"@id\":\"https:\\\/\\\/exaudi.org\\\/es\\\/san-pedro-canisio-21-de-diciembre\\\/#primaryimage\"},\"thumbnailUrl\":\"https:\\\/\\\/exaudi.org\\\/wp-content\\\/uploads\\\/2021\\\/12\\\/Disen\u0303o-sin-ti\u0301tulo-55.jpg\",\"keywords\":[\"Isabel Orellana Vilches\",\"San Pedro Canisio\",\"san-pedro-canisio\",\"santoral\",\"Santoral\",\"Trending\",\"Trending\"],\"articleSection\":[\"Iglesia y Mundo\",\"Santoral\",\"santoral\"],\"inLanguage\":\"es\"},{\"@type\":\"WebPage\",\"@id\":\"https:\\\/\\\/exaudi.org\\\/es\\\/san-pedro-canisio-21-de-diciembre\\\/\",\"url\":\"https:\\\/\\\/exaudi.org\\\/es\\\/san-pedro-canisio-21-de-diciembre\\\/\",\"name\":\"San Pedro Canisio, 21 de diciembre &#8211; Exaudi\",\"isPartOf\":{\"@id\":\"https:\\\/\\\/exaudi.org\\\/#website\"},\"primaryImageOfPage\":{\"@id\":\"https:\\\/\\\/exaudi.org\\\/es\\\/san-pedro-canisio-21-de-diciembre\\\/#primaryimage\"},\"image\":{\"@id\":\"https:\\\/\\\/exaudi.org\\\/es\\\/san-pedro-canisio-21-de-diciembre\\\/#primaryimage\"},\"thumbnailUrl\":\"https:\\\/\\\/exaudi.org\\\/wp-content\\\/uploads\\\/2021\\\/12\\\/Disen\u0303o-sin-ti\u0301tulo-55.jpg\",\"datePublished\":\"2025-12-21T06:30:47+00:00\",\"author\":{\"@id\":\"https:\\\/\\\/exaudi.org\\\/#\\\/schema\\\/person\\\/64e18b96fd6118559a9217b5b3375fdc\"},\"description\":\"San Pedro Canisio, conocido como el segundo ap\u00f3stol de Alemania, es doctor de la Iglesia cat\u00f3lica. Su nombre original es Pieter Kanijs.\",\"breadcrumb\":{\"@id\":\"https:\\\/\\\/exaudi.org\\\/es\\\/san-pedro-canisio-21-de-diciembre\\\/#breadcrumb\"},\"inLanguage\":\"es\",\"potentialAction\":[{\"@type\":\"ReadAction\",\"target\":[\"https:\\\/\\\/exaudi.org\\\/es\\\/san-pedro-canisio-21-de-diciembre\\\/\"]}]},{\"@type\":\"ImageObject\",\"inLanguage\":\"es\",\"@id\":\"https:\\\/\\\/exaudi.org\\\/es\\\/san-pedro-canisio-21-de-diciembre\\\/#primaryimage\",\"url\":\"https:\\\/\\\/exaudi.org\\\/wp-content\\\/uploads\\\/2021\\\/12\\\/Disen\u0303o-sin-ti\u0301tulo-55.jpg\",\"contentUrl\":\"https:\\\/\\\/exaudi.org\\\/wp-content\\\/uploads\\\/2021\\\/12\\\/Disen\u0303o-sin-ti\u0301tulo-55.jpg\",\"width\":991,\"height\":771,\"caption\":\"San Pedro Canisio \u00a9 Vatican Media\"},{\"@type\":\"BreadcrumbList\",\"@id\":\"https:\\\/\\\/exaudi.org\\\/es\\\/san-pedro-canisio-21-de-diciembre\\\/#breadcrumb\",\"itemListElement\":[{\"@type\":\"ListItem\",\"position\":1,\"name\":\"Portada\",\"item\":\"https:\\\/\\\/exaudi.org\\\/es\\\/\"},{\"@type\":\"ListItem\",\"position\":2,\"name\":\"San Pedro Canisio, 21 de diciembre\"}]},{\"@type\":\"WebSite\",\"@id\":\"https:\\\/\\\/exaudi.org\\\/#website\",\"url\":\"https:\\\/\\\/exaudi.org\\\/\",\"name\":\"Exaudi\",\"description\":\"News\",\"potentialAction\":[{\"@type\":\"SearchAction\",\"target\":{\"@type\":\"EntryPoint\",\"urlTemplate\":\"https:\\\/\\\/exaudi.org\\\/?s={search_term_string}\"},\"query-input\":{\"@type\":\"PropertyValueSpecification\",\"valueRequired\":true,\"valueName\":\"search_term_string\"}}],\"inLanguage\":\"es\"},{\"@type\":\"Person\",\"@id\":\"https:\\\/\\\/exaudi.org\\\/#\\\/schema\\\/person\\\/64e18b96fd6118559a9217b5b3375fdc\",\"name\":\"Isabel Orellana\",\"image\":{\"@type\":\"ImageObject\",\"inLanguage\":\"es\",\"@id\":\"https:\\\/\\\/secure.gravatar.com\\\/avatar\\\/51968380bbb6b22ae85c605634860366fd9a2a611c6341125115bca32cd6c171?s=96&d=mm&r=g\",\"url\":\"https:\\\/\\\/secure.gravatar.com\\\/avatar\\\/51968380bbb6b22ae85c605634860366fd9a2a611c6341125115bca32cd6c171?s=96&d=mm&r=g\",\"contentUrl\":\"https:\\\/\\\/secure.gravatar.com\\\/avatar\\\/51968380bbb6b22ae85c605634860366fd9a2a611c6341125115bca32cd6c171?s=96&d=mm&r=g\",\"caption\":\"Isabel Orellana\"},\"description\":\"Isabel Orellana Vilches Misionera idente. Doctora en Filosof\u00eda por la Universidad Aut\u00f3noma de Barcelona con la tesis Realismo y progreso cient\u00edfico en la epistemolog\u00eda popperiana. Ha cursado estudios de teolog\u00eda en la Universidad Pontificia de Salamanca. Con amplia actividad docente desde 1986, ha publicado libros como: Realismo y progreso cient\u00edfico en la epistemolog\u00eda popperiana, Universitat Aut\u00f2noma de Barcelona, 1993; El evangelio habla a los j\u00f3venes, Atenas, Madrid, 1997; Qu\u00e9 es... LA TOLERANCIA, Paulinas, Madrid, 1999; Pedagog\u00eda del dolor. Ensayo antropol\u00f3gico, Palabra, Madrid, 1999; En colaboraci\u00f3n con Enrique Rivera de Ventosa (\u2020) OFM. Cap. San Francisco de As\u00eds y Fernando Rielo: Convergencias. Respuestas desde la fe a los interrogantes del hombre de hoy, Universidad Pontificia, Salamanca, 2001; La \\\"mirada\\\" del cine. Recursos did\u00e1cticos del s\u00e9ptimo arte. Librer\u00eda Cervantes, Salamanca, 2001; Paradojas de la convivencia, San Pablo, Madrid, 2002; En la Universidad T\u00e9cnica Particular de Loja, Ecuador, ha publicado: La confianza. El arte de amar, 2002; Educar para la responsabilidad, 2003; Apuntes de \u00e9tica en Karl R. Popper, 2003; De soledades y comunicaci\u00f3n, 2005; Yo educo; t\u00fa respondes, 2008; Humanismo y fe en un crisol de culturas, 2008; Repensar lo cotidiano, 2008; Convivir: un constante desaf\u00edo, 2009; La l\u00f3gica del amor, 2010; El dolor del amor. Apuntes sobre la enfermedad y el dolor en relaci\u00f3n con la virtud heroica, el martirio y la vida santa. Seminario Diocesano de M\u00e1laga, 2006 y Universidad T\u00e9cnica Particular de Loja, Ecuador (2007). Cuenta con numerosas colaboraciones en obras colectivas, as\u00ed como relatos, cuentos, f\u00e1bula y novela juvenil, adem\u00e1s de art\u00edculos de tem\u00e1tica cient\u00edfica, pedag\u00f3gica y espiritual, que viene publicando en distintas revistas nacionales e internacionales. En 2012 culmin\u00f3 el santoral Llamados a ser santos y poco m\u00e1s tarde Epopeyas de amor prologado por mons. Fernando Sebasti\u00e1n. Es la bi\u00f3grafa oficial del fundador de su familia espiritual, autora de Fernando Rielo Pardal. Fundador de los Misioneros Identes, Descl\u00e9e de Brouwer, Bilbao, 2009. Culmina la biograf\u00eda completa. Encargada del santoral de ZENIT desde 2012 a 2020 y ahora en Exaudi\",\"url\":\"https:\\\/\\\/exaudi.org\\\/es\\\/author\\\/isabelorellana\\\/\"}]}<\/script>\n<!-- \/ Yoast SEO plugin. -->","yoast_head_json":{"title":"San Pedro Canisio, 21 de diciembre &#8211; Exaudi","description":"San Pedro Canisio, conocido como el segundo ap\u00f3stol de Alemania, es doctor de la Iglesia cat\u00f3lica. Su nombre original es Pieter Kanijs.","robots":{"index":"index","follow":"follow","max-snippet":"max-snippet:-1","max-image-preview":"max-image-preview:large","max-video-preview":"max-video-preview:-1"},"canonical":"https:\/\/exaudi.org\/es\/san-pedro-canisio-21-de-diciembre\/","og_locale":"es_ES","og_type":"article","og_title":"San Pedro Canisio, 21 de diciembre &#8211; Exaudi","og_description":"San Pedro Canisio, conocido como el segundo ap\u00f3stol de Alemania, es doctor de la Iglesia cat\u00f3lica. Su nombre original es Pieter Kanijs.","og_url":"https:\/\/exaudi.org\/es\/san-pedro-canisio-21-de-diciembre\/","og_site_name":"Exaudi","article_publisher":"https:\/\/www.facebook.com\/ExaudiNews","article_published_time":"2025-12-21T06:30:47+00:00","og_image":[{"width":991,"height":771,"url":"https:\/\/exaudi.org\/wp-content\/uploads\/2021\/12\/Disen\u0303o-sin-ti\u0301tulo-55.jpg","type":"image\/jpeg"}],"author":"Isabel Orellana","twitter_card":"summary_large_image","twitter_creator":"@Exaudi_News","twitter_site":"@Exaudi_News","twitter_misc":{"Escrito por":"Isabel Orellana","Tiempo de lectura":"6 minutos"},"schema":{"@context":"https:\/\/schema.org","@graph":[{"@type":"Article","@id":"https:\/\/exaudi.org\/es\/san-pedro-canisio-21-de-diciembre\/#article","isPartOf":{"@id":"https:\/\/exaudi.org\/es\/san-pedro-canisio-21-de-diciembre\/"},"author":{"name":"Isabel Orellana","@id":"https:\/\/exaudi.org\/#\/schema\/person\/64e18b96fd6118559a9217b5b3375fdc"},"headline":"San Pedro Canisio, 21 de diciembre","datePublished":"2025-12-21T06:30:47+00:00","mainEntityOfPage":{"@id":"https:\/\/exaudi.org\/es\/san-pedro-canisio-21-de-diciembre\/"},"wordCount":1160,"image":{"@id":"https:\/\/exaudi.org\/es\/san-pedro-canisio-21-de-diciembre\/#primaryimage"},"thumbnailUrl":"https:\/\/exaudi.org\/wp-content\/uploads\/2021\/12\/Disen\u0303o-sin-ti\u0301tulo-55.jpg","keywords":["Isabel Orellana Vilches","San Pedro Canisio","san-pedro-canisio","santoral","Santoral","Trending","Trending"],"articleSection":["Iglesia y Mundo","Santoral","santoral"],"inLanguage":"es"},{"@type":"WebPage","@id":"https:\/\/exaudi.org\/es\/san-pedro-canisio-21-de-diciembre\/","url":"https:\/\/exaudi.org\/es\/san-pedro-canisio-21-de-diciembre\/","name":"San Pedro Canisio, 21 de diciembre &#8211; Exaudi","isPartOf":{"@id":"https:\/\/exaudi.org\/#website"},"primaryImageOfPage":{"@id":"https:\/\/exaudi.org\/es\/san-pedro-canisio-21-de-diciembre\/#primaryimage"},"image":{"@id":"https:\/\/exaudi.org\/es\/san-pedro-canisio-21-de-diciembre\/#primaryimage"},"thumbnailUrl":"https:\/\/exaudi.org\/wp-content\/uploads\/2021\/12\/Disen\u0303o-sin-ti\u0301tulo-55.jpg","datePublished":"2025-12-21T06:30:47+00:00","author":{"@id":"https:\/\/exaudi.org\/#\/schema\/person\/64e18b96fd6118559a9217b5b3375fdc"},"description":"San Pedro Canisio, conocido como el segundo ap\u00f3stol de Alemania, es doctor de la Iglesia cat\u00f3lica. Su nombre original es Pieter Kanijs.","breadcrumb":{"@id":"https:\/\/exaudi.org\/es\/san-pedro-canisio-21-de-diciembre\/#breadcrumb"},"inLanguage":"es","potentialAction":[{"@type":"ReadAction","target":["https:\/\/exaudi.org\/es\/san-pedro-canisio-21-de-diciembre\/"]}]},{"@type":"ImageObject","inLanguage":"es","@id":"https:\/\/exaudi.org\/es\/san-pedro-canisio-21-de-diciembre\/#primaryimage","url":"https:\/\/exaudi.org\/wp-content\/uploads\/2021\/12\/Disen\u0303o-sin-ti\u0301tulo-55.jpg","contentUrl":"https:\/\/exaudi.org\/wp-content\/uploads\/2021\/12\/Disen\u0303o-sin-ti\u0301tulo-55.jpg","width":991,"height":771,"caption":"San Pedro Canisio \u00a9 Vatican Media"},{"@type":"BreadcrumbList","@id":"https:\/\/exaudi.org\/es\/san-pedro-canisio-21-de-diciembre\/#breadcrumb","itemListElement":[{"@type":"ListItem","position":1,"name":"Portada","item":"https:\/\/exaudi.org\/es\/"},{"@type":"ListItem","position":2,"name":"San Pedro Canisio, 21 de diciembre"}]},{"@type":"WebSite","@id":"https:\/\/exaudi.org\/#website","url":"https:\/\/exaudi.org\/","name":"Exaudi","description":"News","potentialAction":[{"@type":"SearchAction","target":{"@type":"EntryPoint","urlTemplate":"https:\/\/exaudi.org\/?s={search_term_string}"},"query-input":{"@type":"PropertyValueSpecification","valueRequired":true,"valueName":"search_term_string"}}],"inLanguage":"es"},{"@type":"Person","@id":"https:\/\/exaudi.org\/#\/schema\/person\/64e18b96fd6118559a9217b5b3375fdc","name":"Isabel Orellana","image":{"@type":"ImageObject","inLanguage":"es","@id":"https:\/\/secure.gravatar.com\/avatar\/51968380bbb6b22ae85c605634860366fd9a2a611c6341125115bca32cd6c171?s=96&d=mm&r=g","url":"https:\/\/secure.gravatar.com\/avatar\/51968380bbb6b22ae85c605634860366fd9a2a611c6341125115bca32cd6c171?s=96&d=mm&r=g","contentUrl":"https:\/\/secure.gravatar.com\/avatar\/51968380bbb6b22ae85c605634860366fd9a2a611c6341125115bca32cd6c171?s=96&d=mm&r=g","caption":"Isabel Orellana"},"description":"Isabel Orellana Vilches Misionera idente. Doctora en Filosof\u00eda por la Universidad Aut\u00f3noma de Barcelona con la tesis Realismo y progreso cient\u00edfico en la epistemolog\u00eda popperiana. Ha cursado estudios de teolog\u00eda en la Universidad Pontificia de Salamanca. Con amplia actividad docente desde 1986, ha publicado libros como: Realismo y progreso cient\u00edfico en la epistemolog\u00eda popperiana, Universitat Aut\u00f2noma de Barcelona, 1993; El evangelio habla a los j\u00f3venes, Atenas, Madrid, 1997; Qu\u00e9 es... LA TOLERANCIA, Paulinas, Madrid, 1999; Pedagog\u00eda del dolor. Ensayo antropol\u00f3gico, Palabra, Madrid, 1999; En colaboraci\u00f3n con Enrique Rivera de Ventosa (\u2020) OFM. Cap. San Francisco de As\u00eds y Fernando Rielo: Convergencias. Respuestas desde la fe a los interrogantes del hombre de hoy, Universidad Pontificia, Salamanca, 2001; La \"mirada\" del cine. Recursos did\u00e1cticos del s\u00e9ptimo arte. Librer\u00eda Cervantes, Salamanca, 2001; Paradojas de la convivencia, San Pablo, Madrid, 2002; En la Universidad T\u00e9cnica Particular de Loja, Ecuador, ha publicado: La confianza. El arte de amar, 2002; Educar para la responsabilidad, 2003; Apuntes de \u00e9tica en Karl R. Popper, 2003; De soledades y comunicaci\u00f3n, 2005; Yo educo; t\u00fa respondes, 2008; Humanismo y fe en un crisol de culturas, 2008; Repensar lo cotidiano, 2008; Convivir: un constante desaf\u00edo, 2009; La l\u00f3gica del amor, 2010; El dolor del amor. Apuntes sobre la enfermedad y el dolor en relaci\u00f3n con la virtud heroica, el martirio y la vida santa. Seminario Diocesano de M\u00e1laga, 2006 y Universidad T\u00e9cnica Particular de Loja, Ecuador (2007). Cuenta con numerosas colaboraciones en obras colectivas, as\u00ed como relatos, cuentos, f\u00e1bula y novela juvenil, adem\u00e1s de art\u00edculos de tem\u00e1tica cient\u00edfica, pedag\u00f3gica y espiritual, que viene publicando en distintas revistas nacionales e internacionales. En 2012 culmin\u00f3 el santoral Llamados a ser santos y poco m\u00e1s tarde Epopeyas de amor prologado por mons. Fernando Sebasti\u00e1n. Es la bi\u00f3grafa oficial del fundador de su familia espiritual, autora de Fernando Rielo Pardal. Fundador de los Misioneros Identes, Descl\u00e9e de Brouwer, Bilbao, 2009. Culmina la biograf\u00eda completa. Encargada del santoral de ZENIT desde 2012 a 2020 y ahora en Exaudi","url":"https:\/\/exaudi.org\/es\/author\/isabelorellana\/"}]}},"jetpack_featured_media_url":"https:\/\/exaudi.org\/wp-content\/uploads\/2021\/12\/Disen\u0303o-sin-ti\u0301tulo-55.jpg","jetpack_shortlink":"https:\/\/wp.me\/pgKjF2-c0P","_links":{"self":[{"href":"https:\/\/exaudi.org\/es\/wp-json\/wp\/v2\/posts\/46179","targetHints":{"allow":["GET"]}}],"collection":[{"href":"https:\/\/exaudi.org\/es\/wp-json\/wp\/v2\/posts"}],"about":[{"href":"https:\/\/exaudi.org\/es\/wp-json\/wp\/v2\/types\/post"}],"author":[{"embeddable":true,"href":"https:\/\/exaudi.org\/es\/wp-json\/wp\/v2\/users\/23"}],"replies":[{"embeddable":true,"href":"https:\/\/exaudi.org\/es\/wp-json\/wp\/v2\/comments?post=46179"}],"version-history":[{"count":1,"href":"https:\/\/exaudi.org\/es\/wp-json\/wp\/v2\/posts\/46179\/revisions"}],"predecessor-version":[{"id":147473,"href":"https:\/\/exaudi.org\/es\/wp-json\/wp\/v2\/posts\/46179\/revisions\/147473"}],"wp:featuredmedia":[{"embeddable":true,"href":"https:\/\/exaudi.org\/es\/wp-json\/wp\/v2\/media\/46180"}],"wp:attachment":[{"href":"https:\/\/exaudi.org\/es\/wp-json\/wp\/v2\/media?parent=46179"}],"wp:term":[{"taxonomy":"category","embeddable":true,"href":"https:\/\/exaudi.org\/es\/wp-json\/wp\/v2\/categories?post=46179"},{"taxonomy":"post_tag","embeddable":true,"href":"https:\/\/exaudi.org\/es\/wp-json\/wp\/v2\/tags?post=46179"}],"curies":[{"name":"wp","href":"https:\/\/api.w.org\/{rel}","templated":true}]}}