{"id":46168,"date":"2025-12-19T07:30:48","date_gmt":"2025-12-19T06:30:48","guid":{"rendered":"https:\/\/exaudi.org\/?p=46168"},"modified":"2025-11-13T13:58:05","modified_gmt":"2025-11-13T12:58:05","slug":"beato-urbano-v-19-de-diciembre","status":"publish","type":"post","link":"https:\/\/exaudi.org\/es\/beato-urbano-v-19-de-diciembre\/","title":{"rendered":"Beato Urbano V, 19 de diciembre"},"content":{"rendered":"<p>Vino al mundo hacia el a\u00f1o 1310 en la fortaleza familiar de Grizac perteneciente al actual Loz\u00e8re, Francia. Sus padres eran creyentes y le inculcaron los principios cristianos. Se form\u00f3 en Montpellier y en Toulouse. Sus aptitudes y excepcional inteligencia le abr\u00edan las puertas de la universidad para impartir derecho, pero ya hab\u00eda decidido cu\u00e1l iba a ser su forma de vida: la mon\u00e1stica. Ingres\u00f3 en la abad\u00eda benedictina de Chirac siendo un adolescente de 12 a\u00f1os, con el agrado de sus padres, confiados porque su prior era miembro de la familia, aunque el paso del futuro pont\u00edfice por ella fue breve.<\/p>\n<p><iframe title=\"Spotify Embed: Beato Urbano V, 19 de diciembre\" style=\"border-radius: 12px\" width=\"100%\" height=\"152\" frameborder=\"0\" allowfullscreen allow=\"autoplay; clipboard-write; encrypted-media; fullscreen; picture-in-picture\" loading=\"lazy\" src=\"https:\/\/open.spotify.com\/embed\/episode\/7vX0bvhFO8LCgfX0QXozW3?si=43e984a738f84a13&#038;utm_source=oembed\"><\/iframe><\/p>\n<p>Parti\u00f3 a Marsella a la abad\u00eda de Saint-Victor, y all\u00ed emiti\u00f3 sus votos. Despu\u00e9s de su ordenaci\u00f3n, que se produjo en Chirac, y teniendo el doctorado en derecho can\u00f3nico, imparti\u00f3 clases en Toulouse, Montpellier, Par\u00eds y Avignon. En 1349 fue vicario general en Clermond. Tres a\u00f1os m\u00e1s tarde el papa Clemente VI le encomend\u00f3 la abad\u00eda de San Germ\u00e1n de Auxerre, y en 1357 hizo lo propio con Uz\u00e8s. Guillaume se mantuvo al frente de esta misi\u00f3n hasta que en 1361 Inocencio VI lo nombr\u00f3 abad de San V\u00edctor. Eso da idea de la confianza y aprecio de los pont\u00edfices que vieron en \u00e9l sus virtudes y fidelidad a Cristo y a su Iglesia, unido a su excelente formaci\u00f3n intelectual.<\/p>\n<p>A los dem\u00e1s tampoco les pas\u00f3 desapercibido que estaban ante un hombre de oraci\u00f3n, obediente y humilde, cuyo \u00fanico af\u00e1n era ser santo. Ten\u00eda la gracia de saber llegar al coraz\u00f3n de la gente; ricos y pobres le buscaban para recibir sus sabios consejos. En ese momento la situaci\u00f3n pol\u00edtica no era favorable al papado. Desde principios del siglo XIV la sede del pont\u00edfice se hallaba en Avignon donde los sucesivos papas se hab\u00edan visto obligados a recluirse huyendo de las tropel\u00edas que se consumaban en Roma. El futuro beato medi\u00f3 en varias cuestiones dif\u00edciles de esta \u00edndole por indicaci\u00f3n de Clemente VI, y luego a requerimiento de Inocencio VI mostr\u00f3 su capacidad de disuasi\u00f3n y dotes diplom\u00e1ticas.<\/p>\n<p>Cuando este \u00faltimo Papa muri\u00f3 en 1362, Guillaume era nuncio de N\u00e1poles, y fue elegido para sucederle pese a que no era m\u00e1s que un humilde abad. Tan hondo era su anhelo de alcanzar la santidad que al ser elevado a esta suprema C\u00e1tedra de Pedro, eligi\u00f3 el nombre de Urbano que tambi\u00e9n llevaron otros predecesores porque apreci\u00f3 en todos ellos rasgos de santidad; fue el quinto pont\u00edfice que lo escog\u00eda. La ceremonia de consagraci\u00f3n se efectu\u00f3 en Avignon. Llevando consigo el esp\u00edritu mon\u00e1stico, desech\u00f3 lujos y prebendas en su entorno dando ejemplo con su vida de una edificante austeridad a todos los niveles.<\/p>\n<p>En abril de 1367 pudo regresar a Roma, previa escala en G\u00e9nova y en Viterbo, una vez que el cardenal espa\u00f1ol Albornoz pudo restaurar la paz en los estados pontificios, misi\u00f3n por la que llevaba luchando desde 1353. En los tres a\u00f1os que residi\u00f3 en la Ciudad Eterna actu\u00f3 con firmeza reformando el clero, cercenando de ra\u00edz cualquier \u00e1pice de ostentaci\u00f3n. Y, por supuesto, iba a la cabeza de todos viviendo con esp\u00edritu mon\u00e1stico: frugalidad en su alimentaci\u00f3n, ayunos varias veces por semana, y m\u00ednimo descanso, entre otros signos. Se ha dicho de \u00e9l: \u201cSolamente desahogaba su coraz\u00f3n en Dios, solamente ten\u00eda sus pensamientos en Dios, y se consagraba por entero a su servicio\u201d.<\/p>\n<p>Era un esteta, amante de la belleza del arte y de la liturgia; fue un gran impulsor de los creadores en amplio espectro. Promotor de la cultura, fund\u00f3 universidades, puso en marcha centros de estudio con acceso para todos, aunque no tuvieran recursos, disponiendo becas para estos casos porque sab\u00eda, y as\u00ed lo subrayaba, que la formaci\u00f3n es necesaria para todos; sean cuales sean las circunstancias personales de cada uno, la utilidad de lo aprendido es incuestionable. Es m\u00e1s ve\u00eda el car\u00e1cter vehicular de la ciencia por cuanto ayuda a vivir la virtud. Se ocup\u00f3 de atender las necesidades de los pobres, combati\u00f3 la simon\u00eda, as\u00ed como distintas corrientes her\u00e9ticas, defendi\u00f3 la autonom\u00eda del papado frente a las injerencias de los monarcas, actu\u00f3 con mano firme contra la usura, y condujo a la pr\u00e1ctica de los sacramentos a millares de personas. Fue un hombre de paz, un ardiente ap\u00f3stol que evangeliz\u00f3 gran parte de Europa dando el salto a Mongolia y a China, contando con la ayuda de \u00f3rdenes mendicantes.<\/p>\n<p>Excelente estratega y conciliador logr\u00f3 la conversi\u00f3n del emperador bizantino Juan V Pale\u00f3logo. Cuando retornaron los conflictos pol\u00edticos entre Francia e Inglaterra, vio oportuno abandonar Roma (Italia se hallaba a merced de los insurgentes), y regresar a Avignon confiando en que podr\u00eda mediar entre los regentes de ambos pa\u00edses. Santa Br\u00edgida, que lo abord\u00f3 en las inmediaciones del lago de Bolsena, vaticin\u00f3 que esta decisi\u00f3n supondr\u00eda su muerte. Y as\u00ed fue. Parti\u00f3 el 5 de septiembre de 1370, y falleci\u00f3 el 19 de diciembre de ese a\u00f1o. No pudo ver cumplido el sue\u00f1o que plasm\u00f3 en la enc\u00edclica que hab\u00eda promulgado esa misma primavera: \u201c\u00a1Oh!, si Dios nos concediera la gracia de que, durante nuestro pontificado, la Iglesia Latina y la Iglesia de Oriente pudieran reunificarse, despu\u00e9s de haber estado tanto tiempo separadas, cerrar\u00edamos con gusto nuestros ojos a la luz y entonar\u00edamos el c\u00e1ntico del viejo Sime\u00f3n Nunc dimittis, Domine (Ahora, Se\u00f1or, puedes dejar que tu siervo se vaya en paz)\u201d. Fue beatificado el 10 de marzo de 1870 por P\u00edo IX.<\/p>\n<p><img loading=\"lazy\" decoding=\"async\" class=\"size-full wp-image-146371 alignnone\" src=\"https:\/\/exaudi.org\/wp-content\/uploads\/2025\/12\/486629358_1074522538047102_6889227829481780252_n.jpg\" alt=\"\" width=\"1080\" height=\"1080\" srcset=\"https:\/\/exaudi.org\/wp-content\/uploads\/2025\/12\/486629358_1074522538047102_6889227829481780252_n.jpg 1080w, https:\/\/exaudi.org\/wp-content\/uploads\/2025\/12\/486629358_1074522538047102_6889227829481780252_n-300x300.jpg 300w, https:\/\/exaudi.org\/wp-content\/uploads\/2025\/12\/486629358_1074522538047102_6889227829481780252_n-1024x1024.jpg 1024w, https:\/\/exaudi.org\/wp-content\/uploads\/2025\/12\/486629358_1074522538047102_6889227829481780252_n-100x100.jpg?crop=1 100w, https:\/\/exaudi.org\/wp-content\/uploads\/2025\/12\/486629358_1074522538047102_6889227829481780252_n-770x770.jpg 770w, https:\/\/exaudi.org\/wp-content\/uploads\/2025\/12\/486629358_1074522538047102_6889227829481780252_n-500x500.jpg 500w\" sizes=\"auto, (max-width: 1080px) 100vw, 1080px\" \/><\/p>\n<h6><em>\u00a9 <a href=\"https:\/\/exaudi.org\/es\/author\/isabelorellana\/\" target=\"_blank\" rel=\"noopener noreferrer\">Isabel Orellana Vilches<\/a>, 2018<\/em><\/h6>\n<h6><em>Autora vinculada a<\/em><\/h6>\n<h6><em><img loading=\"lazy\" decoding=\"async\" class=\"alignright wp-image-2208\" src=\"https:\/\/exaudi.org\/wp-content\/uploads\/2021\/02\/santoral-scaled-1-725x1024.jpg\" alt=\"santoral Isabel Orellana\" width=\"262\" height=\"370\" \/><\/em><img loading=\"lazy\" decoding=\"async\" class=\"alignnone size-full wp-image-41949\" src=\"https:\/\/www.idente.org\/wp-content\/uploads\/logo-cedro-v01-843x295-1-e1603384654546.png\" alt=\"\" width=\"80\" height=\"28\" \/><br \/>\nObra protegida por derechos de autor.<br \/>\nInscrita en el Registro de la Propiedad Intelectual el 24 de noviembre de 2014.<br \/>\n________________<br \/>\nDerechos de edici\u00f3n reservados:<br \/>\n<a href=\"https:\/\/rielo.com\/\" target=\"_blank\" rel=\"noopener noreferrer\">Fundaci\u00f3n Fernando Rielo<\/a><br \/>\nGoya 20, 4.\u00ba izq. int. 28001 Madrid<br \/>\nTlf.: (34) 91 575 40 91<br \/>\nCorreo electr\u00f3nico: fundacion@rielo.com<\/h6>\n<div class=\"page\" title=\"Page 4\">\n<div class=\"layoutArea\">\n<div class=\"column\">\n<h6>Dep\u00f3sito legal: M-18664-2020<br \/>\nISBN: 978-84-946646-6-3<\/h6>\n<\/div>\n<\/div>\n<\/div>\n","protected":false},"excerpt":{"rendered":"<p>Fue el papa n.\u00ba 200 de la Iglesia cat\u00f3lica <\/p>\n","protected":false},"author":23,"featured_media":46169,"comment_status":"closed","ping_status":"closed","sticky":false,"template":"","format":"standard","meta":{"_acf_changed":false,"_crdt_document":"","inline_featured_image":false,"footnotes":""},"categories":[74,2772,7471],"tags":[5239,7974,388,7472,387,4953,58880],"class_list":["post-46168","post","type-post","status-publish","format-standard","has-post-thumbnail","hentry","category-iglesia-y-mundo","category-santoral","category-santoral-2","tag-beato-urbano-v","tag-beato-urbano-v-2","tag-isabel-orellana-vilches","tag-santoral-3","tag-santoral","tag-trending-es","tag-trending-es-151"],"acf":[],"yoast_head":"<!-- This site is optimized with the Yoast SEO plugin v27.4 - https:\/\/yoast.com\/product\/yoast-seo-wordpress\/ -->\n<title>Beato Urbano V, 19 de diciembre &#8211; Exaudi<\/title>\n<meta name=\"description\" content=\"Beato Urbano V fue el papa n.\u00ba 200 de la Iglesia cat\u00f3lica de 1362 a 1370 y sexto papa del pontificado de Avi\u00f1\u00f3n.\" \/>\n<meta name=\"robots\" content=\"index, follow, max-snippet:-1, max-image-preview:large, max-video-preview:-1\" \/>\n<link rel=\"canonical\" href=\"https:\/\/exaudi.org\/es\/beato-urbano-v-19-de-diciembre\/\" \/>\n<meta property=\"og:locale\" content=\"es_ES\" \/>\n<meta property=\"og:type\" content=\"article\" \/>\n<meta property=\"og:title\" content=\"Beato Urbano V, 19 de diciembre &#8211; Exaudi\" \/>\n<meta property=\"og:description\" content=\"Beato Urbano V fue el papa n.\u00ba 200 de la Iglesia cat\u00f3lica de 1362 a 1370 y sexto papa del pontificado de Avi\u00f1\u00f3n.\" \/>\n<meta property=\"og:url\" content=\"https:\/\/exaudi.org\/es\/beato-urbano-v-19-de-diciembre\/\" \/>\n<meta property=\"og:site_name\" content=\"Exaudi\" \/>\n<meta property=\"article:publisher\" content=\"https:\/\/www.facebook.com\/ExaudiNews\" \/>\n<meta property=\"article:published_time\" content=\"2025-12-19T06:30:48+00:00\" \/>\n<meta property=\"og:image\" content=\"https:\/\/exaudi.org\/wp-content\/uploads\/2021\/12\/Disen\u0303o-sin-ti\u0301tulo-53.jpg\" \/>\n\t<meta property=\"og:image:width\" content=\"991\" \/>\n\t<meta property=\"og:image:height\" content=\"771\" \/>\n\t<meta property=\"og:image:type\" content=\"image\/jpeg\" \/>\n<meta name=\"author\" content=\"Isabel Orellana\" \/>\n<meta name=\"twitter:card\" content=\"summary_large_image\" \/>\n<meta name=\"twitter:creator\" content=\"@Exaudi_News\" \/>\n<meta name=\"twitter:site\" content=\"@Exaudi_News\" \/>\n<meta name=\"twitter:label1\" content=\"Escrito por\" \/>\n\t<meta name=\"twitter:data1\" content=\"Isabel Orellana\" \/>\n\t<meta name=\"twitter:label2\" content=\"Tiempo de lectura\" \/>\n\t<meta name=\"twitter:data2\" content=\"5 minutos\" \/>\n<script type=\"application\/ld+json\" class=\"yoast-schema-graph\">{\"@context\":\"https:\\\/\\\/schema.org\",\"@graph\":[{\"@type\":\"Article\",\"@id\":\"https:\\\/\\\/exaudi.org\\\/es\\\/beato-urbano-v-19-de-diciembre\\\/#article\",\"isPartOf\":{\"@id\":\"https:\\\/\\\/exaudi.org\\\/es\\\/beato-urbano-v-19-de-diciembre\\\/\"},\"author\":{\"name\":\"Isabel Orellana\",\"@id\":\"https:\\\/\\\/exaudi.org\\\/#\\\/schema\\\/person\\\/64e18b96fd6118559a9217b5b3375fdc\"},\"headline\":\"Beato Urbano V, 19 de diciembre\",\"datePublished\":\"2025-12-19T06:30:48+00:00\",\"mainEntityOfPage\":{\"@id\":\"https:\\\/\\\/exaudi.org\\\/es\\\/beato-urbano-v-19-de-diciembre\\\/\"},\"wordCount\":1048,\"image\":{\"@id\":\"https:\\\/\\\/exaudi.org\\\/es\\\/beato-urbano-v-19-de-diciembre\\\/#primaryimage\"},\"thumbnailUrl\":\"https:\\\/\\\/exaudi.org\\\/wp-content\\\/uploads\\\/2021\\\/12\\\/Disen\u0303o-sin-ti\u0301tulo-53.jpg\",\"keywords\":[\"Beato Urbano V\",\"beato-urbano-v\",\"Isabel Orellana Vilches\",\"santoral\",\"Santoral\",\"Trending\",\"Trending\"],\"articleSection\":[\"Iglesia y Mundo\",\"Santoral\",\"santoral\"],\"inLanguage\":\"es\"},{\"@type\":\"WebPage\",\"@id\":\"https:\\\/\\\/exaudi.org\\\/es\\\/beato-urbano-v-19-de-diciembre\\\/\",\"url\":\"https:\\\/\\\/exaudi.org\\\/es\\\/beato-urbano-v-19-de-diciembre\\\/\",\"name\":\"Beato Urbano V, 19 de diciembre &#8211; Exaudi\",\"isPartOf\":{\"@id\":\"https:\\\/\\\/exaudi.org\\\/#website\"},\"primaryImageOfPage\":{\"@id\":\"https:\\\/\\\/exaudi.org\\\/es\\\/beato-urbano-v-19-de-diciembre\\\/#primaryimage\"},\"image\":{\"@id\":\"https:\\\/\\\/exaudi.org\\\/es\\\/beato-urbano-v-19-de-diciembre\\\/#primaryimage\"},\"thumbnailUrl\":\"https:\\\/\\\/exaudi.org\\\/wp-content\\\/uploads\\\/2021\\\/12\\\/Disen\u0303o-sin-ti\u0301tulo-53.jpg\",\"datePublished\":\"2025-12-19T06:30:48+00:00\",\"author\":{\"@id\":\"https:\\\/\\\/exaudi.org\\\/#\\\/schema\\\/person\\\/64e18b96fd6118559a9217b5b3375fdc\"},\"description\":\"Beato Urbano V fue el papa n.\u00ba 200 de la Iglesia cat\u00f3lica de 1362 a 1370 y sexto papa del pontificado de Avi\u00f1\u00f3n.\",\"breadcrumb\":{\"@id\":\"https:\\\/\\\/exaudi.org\\\/es\\\/beato-urbano-v-19-de-diciembre\\\/#breadcrumb\"},\"inLanguage\":\"es\",\"potentialAction\":[{\"@type\":\"ReadAction\",\"target\":[\"https:\\\/\\\/exaudi.org\\\/es\\\/beato-urbano-v-19-de-diciembre\\\/\"]}]},{\"@type\":\"ImageObject\",\"inLanguage\":\"es\",\"@id\":\"https:\\\/\\\/exaudi.org\\\/es\\\/beato-urbano-v-19-de-diciembre\\\/#primaryimage\",\"url\":\"https:\\\/\\\/exaudi.org\\\/wp-content\\\/uploads\\\/2021\\\/12\\\/Disen\u0303o-sin-ti\u0301tulo-53.jpg\",\"contentUrl\":\"https:\\\/\\\/exaudi.org\\\/wp-content\\\/uploads\\\/2021\\\/12\\\/Disen\u0303o-sin-ti\u0301tulo-53.jpg\",\"width\":991,\"height\":771,\"caption\":\"Beato Urbano V \u00a9 Ipco.org\"},{\"@type\":\"BreadcrumbList\",\"@id\":\"https:\\\/\\\/exaudi.org\\\/es\\\/beato-urbano-v-19-de-diciembre\\\/#breadcrumb\",\"itemListElement\":[{\"@type\":\"ListItem\",\"position\":1,\"name\":\"Portada\",\"item\":\"https:\\\/\\\/exaudi.org\\\/es\\\/\"},{\"@type\":\"ListItem\",\"position\":2,\"name\":\"Beato Urbano V, 19 de diciembre\"}]},{\"@type\":\"WebSite\",\"@id\":\"https:\\\/\\\/exaudi.org\\\/#website\",\"url\":\"https:\\\/\\\/exaudi.org\\\/\",\"name\":\"Exaudi\",\"description\":\"News\",\"potentialAction\":[{\"@type\":\"SearchAction\",\"target\":{\"@type\":\"EntryPoint\",\"urlTemplate\":\"https:\\\/\\\/exaudi.org\\\/?s={search_term_string}\"},\"query-input\":{\"@type\":\"PropertyValueSpecification\",\"valueRequired\":true,\"valueName\":\"search_term_string\"}}],\"inLanguage\":\"es\"},{\"@type\":\"Person\",\"@id\":\"https:\\\/\\\/exaudi.org\\\/#\\\/schema\\\/person\\\/64e18b96fd6118559a9217b5b3375fdc\",\"name\":\"Isabel Orellana\",\"image\":{\"@type\":\"ImageObject\",\"inLanguage\":\"es\",\"@id\":\"https:\\\/\\\/secure.gravatar.com\\\/avatar\\\/51968380bbb6b22ae85c605634860366fd9a2a611c6341125115bca32cd6c171?s=96&d=mm&r=g\",\"url\":\"https:\\\/\\\/secure.gravatar.com\\\/avatar\\\/51968380bbb6b22ae85c605634860366fd9a2a611c6341125115bca32cd6c171?s=96&d=mm&r=g\",\"contentUrl\":\"https:\\\/\\\/secure.gravatar.com\\\/avatar\\\/51968380bbb6b22ae85c605634860366fd9a2a611c6341125115bca32cd6c171?s=96&d=mm&r=g\",\"caption\":\"Isabel Orellana\"},\"description\":\"Isabel Orellana Vilches Misionera idente. Doctora en Filosof\u00eda por la Universidad Aut\u00f3noma de Barcelona con la tesis Realismo y progreso cient\u00edfico en la epistemolog\u00eda popperiana. Ha cursado estudios de teolog\u00eda en la Universidad Pontificia de Salamanca. Con amplia actividad docente desde 1986, ha publicado libros como: Realismo y progreso cient\u00edfico en la epistemolog\u00eda popperiana, Universitat Aut\u00f2noma de Barcelona, 1993; El evangelio habla a los j\u00f3venes, Atenas, Madrid, 1997; Qu\u00e9 es... LA TOLERANCIA, Paulinas, Madrid, 1999; Pedagog\u00eda del dolor. Ensayo antropol\u00f3gico, Palabra, Madrid, 1999; En colaboraci\u00f3n con Enrique Rivera de Ventosa (\u2020) OFM. Cap. San Francisco de As\u00eds y Fernando Rielo: Convergencias. Respuestas desde la fe a los interrogantes del hombre de hoy, Universidad Pontificia, Salamanca, 2001; La \\\"mirada\\\" del cine. Recursos did\u00e1cticos del s\u00e9ptimo arte. Librer\u00eda Cervantes, Salamanca, 2001; Paradojas de la convivencia, San Pablo, Madrid, 2002; En la Universidad T\u00e9cnica Particular de Loja, Ecuador, ha publicado: La confianza. El arte de amar, 2002; Educar para la responsabilidad, 2003; Apuntes de \u00e9tica en Karl R. Popper, 2003; De soledades y comunicaci\u00f3n, 2005; Yo educo; t\u00fa respondes, 2008; Humanismo y fe en un crisol de culturas, 2008; Repensar lo cotidiano, 2008; Convivir: un constante desaf\u00edo, 2009; La l\u00f3gica del amor, 2010; El dolor del amor. Apuntes sobre la enfermedad y el dolor en relaci\u00f3n con la virtud heroica, el martirio y la vida santa. Seminario Diocesano de M\u00e1laga, 2006 y Universidad T\u00e9cnica Particular de Loja, Ecuador (2007). Cuenta con numerosas colaboraciones en obras colectivas, as\u00ed como relatos, cuentos, f\u00e1bula y novela juvenil, adem\u00e1s de art\u00edculos de tem\u00e1tica cient\u00edfica, pedag\u00f3gica y espiritual, que viene publicando en distintas revistas nacionales e internacionales. En 2012 culmin\u00f3 el santoral Llamados a ser santos y poco m\u00e1s tarde Epopeyas de amor prologado por mons. Fernando Sebasti\u00e1n. Es la bi\u00f3grafa oficial del fundador de su familia espiritual, autora de Fernando Rielo Pardal. Fundador de los Misioneros Identes, Descl\u00e9e de Brouwer, Bilbao, 2009. Culmina la biograf\u00eda completa. Encargada del santoral de ZENIT desde 2012 a 2020 y ahora en Exaudi\",\"url\":\"https:\\\/\\\/exaudi.org\\\/es\\\/author\\\/isabelorellana\\\/\"}]}<\/script>\n<!-- \/ Yoast SEO plugin. -->","yoast_head_json":{"title":"Beato Urbano V, 19 de diciembre &#8211; Exaudi","description":"Beato Urbano V fue el papa n.\u00ba 200 de la Iglesia cat\u00f3lica de 1362 a 1370 y sexto papa del pontificado de Avi\u00f1\u00f3n.","robots":{"index":"index","follow":"follow","max-snippet":"max-snippet:-1","max-image-preview":"max-image-preview:large","max-video-preview":"max-video-preview:-1"},"canonical":"https:\/\/exaudi.org\/es\/beato-urbano-v-19-de-diciembre\/","og_locale":"es_ES","og_type":"article","og_title":"Beato Urbano V, 19 de diciembre &#8211; Exaudi","og_description":"Beato Urbano V fue el papa n.\u00ba 200 de la Iglesia cat\u00f3lica de 1362 a 1370 y sexto papa del pontificado de Avi\u00f1\u00f3n.","og_url":"https:\/\/exaudi.org\/es\/beato-urbano-v-19-de-diciembre\/","og_site_name":"Exaudi","article_publisher":"https:\/\/www.facebook.com\/ExaudiNews","article_published_time":"2025-12-19T06:30:48+00:00","og_image":[{"width":991,"height":771,"url":"https:\/\/exaudi.org\/wp-content\/uploads\/2021\/12\/Disen\u0303o-sin-ti\u0301tulo-53.jpg","type":"image\/jpeg"}],"author":"Isabel Orellana","twitter_card":"summary_large_image","twitter_creator":"@Exaudi_News","twitter_site":"@Exaudi_News","twitter_misc":{"Escrito por":"Isabel Orellana","Tiempo de lectura":"5 minutos"},"schema":{"@context":"https:\/\/schema.org","@graph":[{"@type":"Article","@id":"https:\/\/exaudi.org\/es\/beato-urbano-v-19-de-diciembre\/#article","isPartOf":{"@id":"https:\/\/exaudi.org\/es\/beato-urbano-v-19-de-diciembre\/"},"author":{"name":"Isabel Orellana","@id":"https:\/\/exaudi.org\/#\/schema\/person\/64e18b96fd6118559a9217b5b3375fdc"},"headline":"Beato Urbano V, 19 de diciembre","datePublished":"2025-12-19T06:30:48+00:00","mainEntityOfPage":{"@id":"https:\/\/exaudi.org\/es\/beato-urbano-v-19-de-diciembre\/"},"wordCount":1048,"image":{"@id":"https:\/\/exaudi.org\/es\/beato-urbano-v-19-de-diciembre\/#primaryimage"},"thumbnailUrl":"https:\/\/exaudi.org\/wp-content\/uploads\/2021\/12\/Disen\u0303o-sin-ti\u0301tulo-53.jpg","keywords":["Beato Urbano V","beato-urbano-v","Isabel Orellana Vilches","santoral","Santoral","Trending","Trending"],"articleSection":["Iglesia y Mundo","Santoral","santoral"],"inLanguage":"es"},{"@type":"WebPage","@id":"https:\/\/exaudi.org\/es\/beato-urbano-v-19-de-diciembre\/","url":"https:\/\/exaudi.org\/es\/beato-urbano-v-19-de-diciembre\/","name":"Beato Urbano V, 19 de diciembre &#8211; Exaudi","isPartOf":{"@id":"https:\/\/exaudi.org\/#website"},"primaryImageOfPage":{"@id":"https:\/\/exaudi.org\/es\/beato-urbano-v-19-de-diciembre\/#primaryimage"},"image":{"@id":"https:\/\/exaudi.org\/es\/beato-urbano-v-19-de-diciembre\/#primaryimage"},"thumbnailUrl":"https:\/\/exaudi.org\/wp-content\/uploads\/2021\/12\/Disen\u0303o-sin-ti\u0301tulo-53.jpg","datePublished":"2025-12-19T06:30:48+00:00","author":{"@id":"https:\/\/exaudi.org\/#\/schema\/person\/64e18b96fd6118559a9217b5b3375fdc"},"description":"Beato Urbano V fue el papa n.\u00ba 200 de la Iglesia cat\u00f3lica de 1362 a 1370 y sexto papa del pontificado de Avi\u00f1\u00f3n.","breadcrumb":{"@id":"https:\/\/exaudi.org\/es\/beato-urbano-v-19-de-diciembre\/#breadcrumb"},"inLanguage":"es","potentialAction":[{"@type":"ReadAction","target":["https:\/\/exaudi.org\/es\/beato-urbano-v-19-de-diciembre\/"]}]},{"@type":"ImageObject","inLanguage":"es","@id":"https:\/\/exaudi.org\/es\/beato-urbano-v-19-de-diciembre\/#primaryimage","url":"https:\/\/exaudi.org\/wp-content\/uploads\/2021\/12\/Disen\u0303o-sin-ti\u0301tulo-53.jpg","contentUrl":"https:\/\/exaudi.org\/wp-content\/uploads\/2021\/12\/Disen\u0303o-sin-ti\u0301tulo-53.jpg","width":991,"height":771,"caption":"Beato Urbano V \u00a9 Ipco.org"},{"@type":"BreadcrumbList","@id":"https:\/\/exaudi.org\/es\/beato-urbano-v-19-de-diciembre\/#breadcrumb","itemListElement":[{"@type":"ListItem","position":1,"name":"Portada","item":"https:\/\/exaudi.org\/es\/"},{"@type":"ListItem","position":2,"name":"Beato Urbano V, 19 de diciembre"}]},{"@type":"WebSite","@id":"https:\/\/exaudi.org\/#website","url":"https:\/\/exaudi.org\/","name":"Exaudi","description":"News","potentialAction":[{"@type":"SearchAction","target":{"@type":"EntryPoint","urlTemplate":"https:\/\/exaudi.org\/?s={search_term_string}"},"query-input":{"@type":"PropertyValueSpecification","valueRequired":true,"valueName":"search_term_string"}}],"inLanguage":"es"},{"@type":"Person","@id":"https:\/\/exaudi.org\/#\/schema\/person\/64e18b96fd6118559a9217b5b3375fdc","name":"Isabel Orellana","image":{"@type":"ImageObject","inLanguage":"es","@id":"https:\/\/secure.gravatar.com\/avatar\/51968380bbb6b22ae85c605634860366fd9a2a611c6341125115bca32cd6c171?s=96&d=mm&r=g","url":"https:\/\/secure.gravatar.com\/avatar\/51968380bbb6b22ae85c605634860366fd9a2a611c6341125115bca32cd6c171?s=96&d=mm&r=g","contentUrl":"https:\/\/secure.gravatar.com\/avatar\/51968380bbb6b22ae85c605634860366fd9a2a611c6341125115bca32cd6c171?s=96&d=mm&r=g","caption":"Isabel Orellana"},"description":"Isabel Orellana Vilches Misionera idente. Doctora en Filosof\u00eda por la Universidad Aut\u00f3noma de Barcelona con la tesis Realismo y progreso cient\u00edfico en la epistemolog\u00eda popperiana. Ha cursado estudios de teolog\u00eda en la Universidad Pontificia de Salamanca. Con amplia actividad docente desde 1986, ha publicado libros como: Realismo y progreso cient\u00edfico en la epistemolog\u00eda popperiana, Universitat Aut\u00f2noma de Barcelona, 1993; El evangelio habla a los j\u00f3venes, Atenas, Madrid, 1997; Qu\u00e9 es... LA TOLERANCIA, Paulinas, Madrid, 1999; Pedagog\u00eda del dolor. Ensayo antropol\u00f3gico, Palabra, Madrid, 1999; En colaboraci\u00f3n con Enrique Rivera de Ventosa (\u2020) OFM. Cap. San Francisco de As\u00eds y Fernando Rielo: Convergencias. Respuestas desde la fe a los interrogantes del hombre de hoy, Universidad Pontificia, Salamanca, 2001; La \"mirada\" del cine. Recursos did\u00e1cticos del s\u00e9ptimo arte. Librer\u00eda Cervantes, Salamanca, 2001; Paradojas de la convivencia, San Pablo, Madrid, 2002; En la Universidad T\u00e9cnica Particular de Loja, Ecuador, ha publicado: La confianza. El arte de amar, 2002; Educar para la responsabilidad, 2003; Apuntes de \u00e9tica en Karl R. Popper, 2003; De soledades y comunicaci\u00f3n, 2005; Yo educo; t\u00fa respondes, 2008; Humanismo y fe en un crisol de culturas, 2008; Repensar lo cotidiano, 2008; Convivir: un constante desaf\u00edo, 2009; La l\u00f3gica del amor, 2010; El dolor del amor. Apuntes sobre la enfermedad y el dolor en relaci\u00f3n con la virtud heroica, el martirio y la vida santa. Seminario Diocesano de M\u00e1laga, 2006 y Universidad T\u00e9cnica Particular de Loja, Ecuador (2007). Cuenta con numerosas colaboraciones en obras colectivas, as\u00ed como relatos, cuentos, f\u00e1bula y novela juvenil, adem\u00e1s de art\u00edculos de tem\u00e1tica cient\u00edfica, pedag\u00f3gica y espiritual, que viene publicando en distintas revistas nacionales e internacionales. En 2012 culmin\u00f3 el santoral Llamados a ser santos y poco m\u00e1s tarde Epopeyas de amor prologado por mons. Fernando Sebasti\u00e1n. Es la bi\u00f3grafa oficial del fundador de su familia espiritual, autora de Fernando Rielo Pardal. Fundador de los Misioneros Identes, Descl\u00e9e de Brouwer, Bilbao, 2009. Culmina la biograf\u00eda completa. Encargada del santoral de ZENIT desde 2012 a 2020 y ahora en Exaudi","url":"https:\/\/exaudi.org\/es\/author\/isabelorellana\/"}]}},"jetpack_featured_media_url":"https:\/\/exaudi.org\/wp-content\/uploads\/2021\/12\/Disen\u0303o-sin-ti\u0301tulo-53.jpg","jetpack_shortlink":"https:\/\/wp.me\/pgKjF2-c0E","_links":{"self":[{"href":"https:\/\/exaudi.org\/es\/wp-json\/wp\/v2\/posts\/46168","targetHints":{"allow":["GET"]}}],"collection":[{"href":"https:\/\/exaudi.org\/es\/wp-json\/wp\/v2\/posts"}],"about":[{"href":"https:\/\/exaudi.org\/es\/wp-json\/wp\/v2\/types\/post"}],"author":[{"embeddable":true,"href":"https:\/\/exaudi.org\/es\/wp-json\/wp\/v2\/users\/23"}],"replies":[{"embeddable":true,"href":"https:\/\/exaudi.org\/es\/wp-json\/wp\/v2\/comments?post=46168"}],"version-history":[{"count":3,"href":"https:\/\/exaudi.org\/es\/wp-json\/wp\/v2\/posts\/46168\/revisions"}],"predecessor-version":[{"id":146369,"href":"https:\/\/exaudi.org\/es\/wp-json\/wp\/v2\/posts\/46168\/revisions\/146369"}],"wp:featuredmedia":[{"embeddable":true,"href":"https:\/\/exaudi.org\/es\/wp-json\/wp\/v2\/media\/46169"}],"wp:attachment":[{"href":"https:\/\/exaudi.org\/es\/wp-json\/wp\/v2\/media?parent=46168"}],"wp:term":[{"taxonomy":"category","embeddable":true,"href":"https:\/\/exaudi.org\/es\/wp-json\/wp\/v2\/categories?post=46168"},{"taxonomy":"post_tag","embeddable":true,"href":"https:\/\/exaudi.org\/es\/wp-json\/wp\/v2\/tags?post=46168"}],"curies":[{"name":"wp","href":"https:\/\/api.w.org\/{rel}","templated":true}]}}