{"id":46167,"date":"2021-12-16T13:54:54","date_gmt":"2021-12-16T12:54:54","guid":{"rendered":"https:\/\/exaudi.org\/?p=46167"},"modified":"2021-12-16T18:10:37","modified_gmt":"2021-12-16T17:10:37","slug":"el-papa-a-jesuitas-en-atenas-sed-padres-y-no-patrones","status":"publish","type":"post","link":"https:\/\/exaudi.org\/es\/el-papa-a-jesuitas-en-atenas-sed-padres-y-no-patrones\/","title":{"rendered":"El Papa a jesuitas en Atenas: \u201cSed padres y no patrones\u201d"},"content":{"rendered":"<p>El Papa Francisco indic\u00f3 a los jesuitas en Atenas: \u201cSed padres y no patrones\u201d, es necesario \u201chacer las cosas bien y luego retirarse\u201d.<\/p>\n<p>Como es habitual en sus viajes apost\u00f3licos, el Santo Padre se reuni\u00f3 con sus hermanos de la <a href=\"https:\/\/www.jesuits.global\/es\/\" target=\"_blank\" rel=\"noopener\">Compa\u00f1\u00eda de Jes\u00fas<\/a> en Grecia, un grupo de 7 jesuitas de la comunidad de Atenas. El s\u00e1bado 4 de diciembre de 2021, al final de la primera jornada de su <a href=\"https:\/\/exaudi.org\/es\/el-papa-deja-grecia-fin-de-su-35o-viaje-apostolico\/\" target=\"_blank\" rel=\"noopener\">visita al pa\u00eds heleno<\/a>, en torno a las 18:45, Francisco los recibi\u00f3 en la Nunciatura Apost\u00f3lica. La conversaci\u00f3n completa es recogida por el padre Antonio Spadaro, que acompa\u00f1\u00f3 a Francisco en el viaje, en <a href=\"https:\/\/www.laciviltacattolica.es\/2021\/12\/16\/la-logica-de-lo-inexplicable\/\" target=\"_blank\" rel=\"noopener\">La Civilt\u00e0 Cattolica<\/a>.<\/p>\n<p>De acuerdo a dicha revista jesuita, el Papa salud\u00f3 personalmente a los presentes y despu\u00e9s tuvo lugar una conversaci\u00f3n espont\u00e1nea que dur\u00f3 una hora. Cada uno de ellos se present\u00f3, contando algo de s\u00ed mismo e iniciando un breve di\u00e1logo con Francisco, pidi\u00e9ndoles que hicieran preguntas libremente.<\/p>\n<h2><strong>El \u201cbuen ojo\u201d de los hermanos<\/strong><\/h2>\n<p>En primer lugar, intervinieron el padre Pierre Salembier, superior, y el hermano jesuita (religioso no sacerdote) Georges Marangos, que toca el \u00f3rgano y es administrador. El Pont\u00edfice les hizo entonces una confesi\u00f3n: \u201ccuando era provincial ten\u00eda que pedir informaci\u00f3n para la admisi\u00f3n de jesuitas al orden sacerdotal, y me daba cuenta de que la mejor informaci\u00f3n la daban los hermanos\u201d, pues, \u201cnosotros, los sacerdotes, a veces somos abstractos. Los hermanos son concretos y entienden bien los conflictos, las dificultades: tienen buen ojo\u201d. Asimismo, recalc\u00f3 que \u201ccuando se habla de la \u2018promoci\u00f3n\u2019 de un hermano, es siempre necesario considerar que todo \u2013 incluso los estudios \u2013 debe pensarse como un instrumento para su vocaci\u00f3n, que va mucho m\u00e1s all\u00e1 de las cosas que sabe\u201d.<\/p>\n<h2><strong>\u201cPadres, no patrones\u201d<\/strong><\/h2>\n<p>El padre Pierre Chongk Tzoun-Chan, jesuita coreano desde hace 21 a\u00f1os, relat\u00f3 que hoy es p\u00e1rroco de la parroquia del Coraz\u00f3n de Cristo Salvador, fundador y colaborador hoy del Centro Arrupe, un instituto para los ni\u00f1os refugiados.<\/p>\n<p>\u201cEres un \u2018padre\u2019 fundador, expresaste tu creatividad, y sabes bien qu\u00e9 es este Centro y cu\u00e1l es su naturaleza y objetivo\u201d, dijo el Obispo de Roma, y destac\u00f3 el hecho de que ya no sea el responsable de dicho centro. \u201cEsto es algo muy bueno. Cuando uno da comienzo a un proceso, debe dejar que se desarrolle, que la obra crezca, y luego retirarse. Todos los jesuitas tienen que hacer lo mismo. Ninguna obra les pertenece, porque son del Se\u00f1or\u201d. Esta, prosigue \u201ces una gran actitud: hacer todo bien y luego retirarse, sin ser posesivo\u201d, pues, hay que ser \u201cpadres, no patrones, tener la fecundidad del padre\u201d.<\/p>\n<p>Igualmente, remiti\u00f3 a san Ignacio que sostiene que \u201clos grandes principios tienen que encarnarse en las circunstancias de lugar, tiempo y personas. Y esto gracias al discernimiento. Un jesuita que act\u00faa sin discernir no es un jesuita\u201d.<\/p>\n<h2><strong>Debilitamiento de la comunidad jesuita<\/strong><\/h2>\n<p>El padre S\u00e9bastien Freris, de 84 a\u00f1os, por su parte, le cont\u00f3 que hab\u00eda realizado varios trabajos pastorales en parroquias y con j\u00f3venes y que, en Grecia, hubo un tiempo en que la comunidad era numerosa y muy activa, y daba mucho al pa\u00eds. Ahora se\u00f1al que la situaci\u00f3n es \u201cde debilidad\u201d. Los jesuitas \u201chacen lo que pueden con las pocas fuerzas a disposici\u00f3n\u201d.<\/p>\n<p>El Sucesor de Pedro coment\u00f3 entonces que \u201cllama la atenci\u00f3n es el debilitamiento de la Compa\u00f1\u00eda. Cuando yo entr\u00e9 al noviciado \u00e9ramos 33.000 jesuitas. \u00bfCu\u00e1ntos somos hoy? M\u00e1s o menos la mitad. Y seguiremos disminuyendo en n\u00famero\u201d. Esto es algo \u201cpara muchas \u00f3rdenes y congregaciones religiosas\u201d y tiene \u201cun significado, y nosotros debemos preguntarnos cu\u00e1l es\u201d. En definitiva, indic\u00f3 el Pont\u00edfice, \u201cesta disminuci\u00f3n no depende de nosotros. La vocaci\u00f3n la manda el Se\u00f1or. Si no llega, no depende de nosotros. Creo que el Se\u00f1or nos est\u00e1 dando una lecci\u00f3n para la vida religiosa\u201d.<\/p>\n<h2><strong>Acostumbrase a la humillaci\u00f3n<\/strong><\/h2>\n<p>Para los jesuitas, prosigue \u201ctiene un significado en el sentido de la humillaci\u00f3n\u201d. El \u201cjesuita no puede quedarse en el nivel de la explicaci\u00f3n sociol\u00f3gica para entender la crisis vocacional. Esta es, cuanto m\u00e1s, una verdad a medias. La verdad m\u00e1s profunda es que el Se\u00f1or nos lleva a esta humillaci\u00f3n de los n\u00fameros para abrir a cada uno la v\u00eda al \u2018tercer grado de la humildad\u2019, que es la \u00fanica fecundidad jesuita que vale\u201d. Este \u201ctercer grado de humildad es la meta de los Ejercicios\u201d Espirituales de san Ignacio de Loyola. E insisti\u00f3: \u201cDebemos acostumbrarnos a la humillaci\u00f3n\u201d.<\/p>\n<p>Sobre el futuro de la Compa\u00f1\u00eda de Jes\u00fas, Su Santidad <em>considera que <\/em>\u201ctenemos que ser fieles a la cruz de Cristo\u201d, preguntar al Se\u00f1or \u201cqu\u00e9 quiere de nosotros, y as\u00ed somos creativos en Dios: desaf\u00edos concretos, soluciones concretas\u201d. Y les felicit\u00f3 por el di\u00e1logo con los ortodoxos: \u201cSignifica que hab\u00e9is sembrado bien con la oraci\u00f3n, los deseos y las cosas que hab\u00e9is podido hacer\u201d.<\/p>\n<h2><strong>El \u201cbuen cansancio\u201d<\/strong><\/h2>\n<p>El padre Tonny Cornoedus, jesuita belga-flamenco, antes trabajaba en Marruecos, despu\u00e9s como p\u00e1rroco en B\u00e9lgica, y ahora en Grecia, porque se necesitaba un padre que hablara franc\u00e9s con los refugiados. El sacerdote habla de este trabajo de un episodio en el que lo confundieron con un traficante de personas y lo arrestaron.<\/p>\n<p>\u201c\u00a1Una gran humillaci\u00f3n!\u201d, subray\u00f3 el papa jesuita en este sentido: \u201cMientras hablabas, pensaba en c\u00f3mo es el final de un jesuita: es llegar a la vejez lleno de trabajo, tal vez cansado, lleno de contradicciones, pero con una sonrisa, con la alegr\u00eda del trabajo hecho\u201d. Este \u201ces el gran cansancio de un hombre que ha dado su vida. Hay un cansancio feo, neur\u00f3tico, que no ayuda. Pero hay un buen cansancio (\u2026)\u201d. Un jesuita \u201cque alcanza nuestra edad y sigue trabajando, sufriendo contradicciones sin perder la sonrisa, se convierte entonces en un canto de esperanza\u201d.<\/p>\n<p>\u201cComo en la vida, tambi\u00e9n en la muerte el jesuita debe dar testimonio del seguimiento de Jesucristo. Una siembra de alegr\u00eda, \u2018astucia\u2019, y la sonrisa es la gracia de una vida plena. Una vida con pecados, s\u00ed, pero llena de alegr\u00eda al servicio de Dios\u201d, agreg\u00f3.<\/p>\n<h2><strong>Sentido de la vida apost\u00f3lica<\/strong><\/h2>\n<p>M\u00e1s tarde, se present\u00f3 el padre Marcin Baran, polaco de 46 a\u00f1os, que expuso que se encuentra en Grecia porque hay una comunidad polaca grande. Es doctor en Filosof\u00eda, pero su labor ahora es desarrollada entre personas sencillas.<\/p>\n<p>Ante ello, el Santo Padre se mostr\u00f3 conmovido: \u201cRealizaste todos tus estudios en Filosof\u00eda, y luego el Se\u00f1or te envi\u00f3 a los polacos de Atenas. Esta es la indiferencia creativa, que ayuda a seguir adelante. Esta es la vocaci\u00f3n jesuita: vas adonde Dios te muestra su voluntad y te pide obediencia. El Se\u00f1or sabe\u201d. Al principio, apunta, \u201cno vemos el sentido de nuestra vida apost\u00f3lica, lo vemos al final, con la sabidur\u00eda del que mira atr\u00e1s\u201d.<\/p>\n<p>Antes de finalizar el encuentro, el superior regal\u00f3 al Papa Francisco un cuadro hecho por j\u00f3venes del Servicio de Refugiados Jesuita. Finalmente, el Santo Padre y sus hermanos jesuitas rezaron un Ave Mar\u00eda y tomaron una foto de grupo. El Papa se despidi\u00f3 saludando a todos, uno por uno.<\/p>\n<p>Extractos \u00a9 <a href=\"https:\/\/www.laciviltacattolica.es\/\" target=\"_blank\" rel=\"noopener\">La Civilt\u00e0 Cattolica<\/a> 2021<\/p>\n","protected":false},"excerpt":{"rendered":"<p>Reuni\u00f3n de Francisco con la comunidad jesuita en Grecia, durante su viaje apost\u00f3lico al pa\u00eds<\/p>\n","protected":false},"author":5,"featured_media":46173,"comment_status":"closed","ping_status":"closed","sticky":false,"template":"","format":"standard","meta":{"_acf_changed":false,"_crdt_document":"","inline_featured_image":false,"footnotes":""},"categories":[68,120,126],"tags":[5089,2406,2419,4395,2576,158],"class_list":["post-46167","post","type-post","status-publish","format-standard","has-post-thumbnail","hentry","category-leon-xiv","category-viajes","category-viajes-papales","tag-atenas","tag-compania-de-jesus","tag-featured","tag-grecia","tag-jesuitas","tag-papa-francisco"],"acf":[],"yoast_head":"<!-- This site is optimized with the Yoast SEO plugin v27.4 - https:\/\/yoast.com\/product\/yoast-seo-wordpress\/ -->\n<title>El Papa a jesuitas en Atenas: \u201cSed padres y no patrones\u201d &#8211; Exaudi<\/title>\n<meta name=\"description\" content=\"El Papa Francisco indic\u00f3 a los jesuitas en Atenas: \u201cSed padres y no patrones\u201d, es necesario \u201chacer las cosas bien y luego retirarse\u201d.\" \/>\n<meta name=\"robots\" content=\"index, follow, max-snippet:-1, max-image-preview:large, max-video-preview:-1\" \/>\n<link rel=\"canonical\" href=\"https:\/\/exaudi.org\/es\/el-papa-a-jesuitas-en-atenas-sed-padres-y-no-patrones\/\" \/>\n<meta property=\"og:locale\" content=\"es_ES\" \/>\n<meta property=\"og:type\" content=\"article\" \/>\n<meta property=\"og:title\" content=\"El Papa a jesuitas en Atenas: \u201cSed padres y no patrones\u201d &#8211; Exaudi\" \/>\n<meta property=\"og:description\" content=\"El Papa Francisco indic\u00f3 a los jesuitas en Atenas: \u201cSed padres y no patrones\u201d, es necesario \u201chacer las cosas bien y luego retirarse\u201d.\" \/>\n<meta property=\"og:url\" content=\"https:\/\/exaudi.org\/es\/el-papa-a-jesuitas-en-atenas-sed-padres-y-no-patrones\/\" \/>\n<meta property=\"og:site_name\" content=\"Exaudi\" \/>\n<meta property=\"article:publisher\" content=\"https:\/\/www.facebook.com\/ExaudiNews\" \/>\n<meta property=\"article:published_time\" content=\"2021-12-16T12:54:54+00:00\" \/>\n<meta property=\"article:modified_time\" content=\"2021-12-16T17:10:37+00:00\" \/>\n<meta property=\"og:image\" content=\"https:\/\/exaudi.org\/wp-content\/uploads\/2021\/12\/Encuentro-con-miembros-de-la-Compania-de-Jesus-en-Atenas.jpeg\" \/>\n\t<meta property=\"og:image:width\" content=\"1500\" \/>\n\t<meta property=\"og:image:height\" content=\"844\" \/>\n\t<meta property=\"og:image:type\" content=\"image\/jpeg\" \/>\n<meta name=\"author\" content=\"Larissa I. L\u00f3pez\" \/>\n<meta name=\"twitter:card\" content=\"summary_large_image\" \/>\n<meta name=\"twitter:creator\" content=\"@Exaudi_News\" \/>\n<meta name=\"twitter:site\" content=\"@Exaudi_News\" \/>\n<meta name=\"twitter:label1\" content=\"Escrito por\" \/>\n\t<meta name=\"twitter:data1\" content=\"Larissa I. L\u00f3pez\" \/>\n\t<meta name=\"twitter:label2\" content=\"Tiempo de lectura\" \/>\n\t<meta name=\"twitter:data2\" content=\"6 minutos\" \/>\n<script type=\"application\/ld+json\" class=\"yoast-schema-graph\">{\"@context\":\"https:\\\/\\\/schema.org\",\"@graph\":[{\"@type\":\"Article\",\"@id\":\"https:\\\/\\\/exaudi.org\\\/es\\\/el-papa-a-jesuitas-en-atenas-sed-padres-y-no-patrones\\\/#article\",\"isPartOf\":{\"@id\":\"https:\\\/\\\/exaudi.org\\\/es\\\/el-papa-a-jesuitas-en-atenas-sed-padres-y-no-patrones\\\/\"},\"author\":{\"name\":\"Larissa I. L\u00f3pez\",\"@id\":\"https:\\\/\\\/exaudi.org\\\/#\\\/schema\\\/person\\\/7d2f77db033c2c0929edfab6dbe8c588\"},\"headline\":\"El Papa a jesuitas en Atenas: \u201cSed padres y no patrones\u201d\",\"datePublished\":\"2021-12-16T12:54:54+00:00\",\"dateModified\":\"2021-12-16T17:10:37+00:00\",\"mainEntityOfPage\":{\"@id\":\"https:\\\/\\\/exaudi.org\\\/es\\\/el-papa-a-jesuitas-en-atenas-sed-padres-y-no-patrones\\\/\"},\"wordCount\":1255,\"image\":{\"@id\":\"https:\\\/\\\/exaudi.org\\\/es\\\/el-papa-a-jesuitas-en-atenas-sed-padres-y-no-patrones\\\/#primaryimage\"},\"thumbnailUrl\":\"https:\\\/\\\/exaudi.org\\\/wp-content\\\/uploads\\\/2021\\\/12\\\/Encuentro-con-miembros-de-la-Compania-de-Jesus-en-Atenas.jpeg\",\"keywords\":[\"Atenas\",\"Compa\u00f1\u00eda de Jes\u00fas\",\"Featured\",\"Grecia\",\"Jesuitas\",\"papa francisco\"],\"articleSection\":[\"Le\u00f3n XIV\",\"Viajes\",\"Viajes Papales\"],\"inLanguage\":\"es\"},{\"@type\":\"WebPage\",\"@id\":\"https:\\\/\\\/exaudi.org\\\/es\\\/el-papa-a-jesuitas-en-atenas-sed-padres-y-no-patrones\\\/\",\"url\":\"https:\\\/\\\/exaudi.org\\\/es\\\/el-papa-a-jesuitas-en-atenas-sed-padres-y-no-patrones\\\/\",\"name\":\"El Papa a jesuitas en Atenas: \u201cSed padres y no patrones\u201d &#8211; Exaudi\",\"isPartOf\":{\"@id\":\"https:\\\/\\\/exaudi.org\\\/#website\"},\"primaryImageOfPage\":{\"@id\":\"https:\\\/\\\/exaudi.org\\\/es\\\/el-papa-a-jesuitas-en-atenas-sed-padres-y-no-patrones\\\/#primaryimage\"},\"image\":{\"@id\":\"https:\\\/\\\/exaudi.org\\\/es\\\/el-papa-a-jesuitas-en-atenas-sed-padres-y-no-patrones\\\/#primaryimage\"},\"thumbnailUrl\":\"https:\\\/\\\/exaudi.org\\\/wp-content\\\/uploads\\\/2021\\\/12\\\/Encuentro-con-miembros-de-la-Compania-de-Jesus-en-Atenas.jpeg\",\"datePublished\":\"2021-12-16T12:54:54+00:00\",\"dateModified\":\"2021-12-16T17:10:37+00:00\",\"author\":{\"@id\":\"https:\\\/\\\/exaudi.org\\\/#\\\/schema\\\/person\\\/7d2f77db033c2c0929edfab6dbe8c588\"},\"description\":\"El Papa Francisco indic\u00f3 a los jesuitas en Atenas: \u201cSed padres y no patrones\u201d, es necesario \u201chacer las cosas bien y luego retirarse\u201d.\",\"breadcrumb\":{\"@id\":\"https:\\\/\\\/exaudi.org\\\/es\\\/el-papa-a-jesuitas-en-atenas-sed-padres-y-no-patrones\\\/#breadcrumb\"},\"inLanguage\":\"es\",\"potentialAction\":[{\"@type\":\"ReadAction\",\"target\":[\"https:\\\/\\\/exaudi.org\\\/es\\\/el-papa-a-jesuitas-en-atenas-sed-padres-y-no-patrones\\\/\"]}]},{\"@type\":\"ImageObject\",\"inLanguage\":\"es\",\"@id\":\"https:\\\/\\\/exaudi.org\\\/es\\\/el-papa-a-jesuitas-en-atenas-sed-padres-y-no-patrones\\\/#primaryimage\",\"url\":\"https:\\\/\\\/exaudi.org\\\/wp-content\\\/uploads\\\/2021\\\/12\\\/Encuentro-con-miembros-de-la-Compania-de-Jesus-en-Atenas.jpeg\",\"contentUrl\":\"https:\\\/\\\/exaudi.org\\\/wp-content\\\/uploads\\\/2021\\\/12\\\/Encuentro-con-miembros-de-la-Compania-de-Jesus-en-Atenas.jpeg\",\"width\":1500,\"height\":844,\"caption\":\"Encuentro con miembros de la Compa\u00f1\u00eda de Jes\u00fas en Atenas \u00a9 Vatican Media\"},{\"@type\":\"BreadcrumbList\",\"@id\":\"https:\\\/\\\/exaudi.org\\\/es\\\/el-papa-a-jesuitas-en-atenas-sed-padres-y-no-patrones\\\/#breadcrumb\",\"itemListElement\":[{\"@type\":\"ListItem\",\"position\":1,\"name\":\"Portada\",\"item\":\"https:\\\/\\\/exaudi.org\\\/es\\\/\"},{\"@type\":\"ListItem\",\"position\":2,\"name\":\"El Papa a jesuitas en Atenas: \u201cSed padres y no patrones\u201d\"}]},{\"@type\":\"WebSite\",\"@id\":\"https:\\\/\\\/exaudi.org\\\/#website\",\"url\":\"https:\\\/\\\/exaudi.org\\\/\",\"name\":\"Exaudi\",\"description\":\"News\",\"potentialAction\":[{\"@type\":\"SearchAction\",\"target\":{\"@type\":\"EntryPoint\",\"urlTemplate\":\"https:\\\/\\\/exaudi.org\\\/?s={search_term_string}\"},\"query-input\":{\"@type\":\"PropertyValueSpecification\",\"valueRequired\":true,\"valueName\":\"search_term_string\"}}],\"inLanguage\":\"es\"},{\"@type\":\"Person\",\"@id\":\"https:\\\/\\\/exaudi.org\\\/#\\\/schema\\\/person\\\/7d2f77db033c2c0929edfab6dbe8c588\",\"name\":\"Larissa I. L\u00f3pez\",\"image\":{\"@type\":\"ImageObject\",\"inLanguage\":\"es\",\"@id\":\"https:\\\/\\\/secure.gravatar.com\\\/avatar\\\/db3ef399ff343d0bb9d25dc5198bc8ece5ac6d621eca79876697a354dabc1e3f?s=96&d=mm&r=g\",\"url\":\"https:\\\/\\\/secure.gravatar.com\\\/avatar\\\/db3ef399ff343d0bb9d25dc5198bc8ece5ac6d621eca79876697a354dabc1e3f?s=96&d=mm&r=g\",\"contentUrl\":\"https:\\\/\\\/secure.gravatar.com\\\/avatar\\\/db3ef399ff343d0bb9d25dc5198bc8ece5ac6d621eca79876697a354dabc1e3f?s=96&d=mm&r=g\",\"caption\":\"Larissa I. L\u00f3pez\"},\"description\":\"Doctora en Comunicaci\u00f3n. Mi trayectoria profesional ha transcurrido entre el \u00e1mbito de la comunicaci\u00f3n y el de la docencia. En los \u00faltimos a\u00f1os, he trabajado como coordinadora y redactora de la edici\u00f3n de ZENIT en espa\u00f1ol. Como profesora, he impartido clases en la universidad y en centros de FP y bachillerato. Cordobesa de nacimiento, tambi\u00e9n he vivido en Sevilla, Madrid y Roma\",\"url\":\"https:\\\/\\\/exaudi.org\\\/es\\\/author\\\/llopezexaudi-org\\\/\"}]}<\/script>\n<!-- \/ Yoast SEO plugin. -->","yoast_head_json":{"title":"El Papa a jesuitas en Atenas: \u201cSed padres y no patrones\u201d &#8211; Exaudi","description":"El Papa Francisco indic\u00f3 a los jesuitas en Atenas: \u201cSed padres y no patrones\u201d, es necesario \u201chacer las cosas bien y luego retirarse\u201d.","robots":{"index":"index","follow":"follow","max-snippet":"max-snippet:-1","max-image-preview":"max-image-preview:large","max-video-preview":"max-video-preview:-1"},"canonical":"https:\/\/exaudi.org\/es\/el-papa-a-jesuitas-en-atenas-sed-padres-y-no-patrones\/","og_locale":"es_ES","og_type":"article","og_title":"El Papa a jesuitas en Atenas: \u201cSed padres y no patrones\u201d &#8211; Exaudi","og_description":"El Papa Francisco indic\u00f3 a los jesuitas en Atenas: \u201cSed padres y no patrones\u201d, es necesario \u201chacer las cosas bien y luego retirarse\u201d.","og_url":"https:\/\/exaudi.org\/es\/el-papa-a-jesuitas-en-atenas-sed-padres-y-no-patrones\/","og_site_name":"Exaudi","article_publisher":"https:\/\/www.facebook.com\/ExaudiNews","article_published_time":"2021-12-16T12:54:54+00:00","article_modified_time":"2021-12-16T17:10:37+00:00","og_image":[{"width":1500,"height":844,"url":"https:\/\/exaudi.org\/wp-content\/uploads\/2021\/12\/Encuentro-con-miembros-de-la-Compania-de-Jesus-en-Atenas.jpeg","type":"image\/jpeg"}],"author":"Larissa I. L\u00f3pez","twitter_card":"summary_large_image","twitter_creator":"@Exaudi_News","twitter_site":"@Exaudi_News","twitter_misc":{"Escrito por":"Larissa I. L\u00f3pez","Tiempo de lectura":"6 minutos"},"schema":{"@context":"https:\/\/schema.org","@graph":[{"@type":"Article","@id":"https:\/\/exaudi.org\/es\/el-papa-a-jesuitas-en-atenas-sed-padres-y-no-patrones\/#article","isPartOf":{"@id":"https:\/\/exaudi.org\/es\/el-papa-a-jesuitas-en-atenas-sed-padres-y-no-patrones\/"},"author":{"name":"Larissa I. L\u00f3pez","@id":"https:\/\/exaudi.org\/#\/schema\/person\/7d2f77db033c2c0929edfab6dbe8c588"},"headline":"El Papa a jesuitas en Atenas: \u201cSed padres y no patrones\u201d","datePublished":"2021-12-16T12:54:54+00:00","dateModified":"2021-12-16T17:10:37+00:00","mainEntityOfPage":{"@id":"https:\/\/exaudi.org\/es\/el-papa-a-jesuitas-en-atenas-sed-padres-y-no-patrones\/"},"wordCount":1255,"image":{"@id":"https:\/\/exaudi.org\/es\/el-papa-a-jesuitas-en-atenas-sed-padres-y-no-patrones\/#primaryimage"},"thumbnailUrl":"https:\/\/exaudi.org\/wp-content\/uploads\/2021\/12\/Encuentro-con-miembros-de-la-Compania-de-Jesus-en-Atenas.jpeg","keywords":["Atenas","Compa\u00f1\u00eda de Jes\u00fas","Featured","Grecia","Jesuitas","papa francisco"],"articleSection":["Le\u00f3n XIV","Viajes","Viajes Papales"],"inLanguage":"es"},{"@type":"WebPage","@id":"https:\/\/exaudi.org\/es\/el-papa-a-jesuitas-en-atenas-sed-padres-y-no-patrones\/","url":"https:\/\/exaudi.org\/es\/el-papa-a-jesuitas-en-atenas-sed-padres-y-no-patrones\/","name":"El Papa a jesuitas en Atenas: \u201cSed padres y no patrones\u201d &#8211; Exaudi","isPartOf":{"@id":"https:\/\/exaudi.org\/#website"},"primaryImageOfPage":{"@id":"https:\/\/exaudi.org\/es\/el-papa-a-jesuitas-en-atenas-sed-padres-y-no-patrones\/#primaryimage"},"image":{"@id":"https:\/\/exaudi.org\/es\/el-papa-a-jesuitas-en-atenas-sed-padres-y-no-patrones\/#primaryimage"},"thumbnailUrl":"https:\/\/exaudi.org\/wp-content\/uploads\/2021\/12\/Encuentro-con-miembros-de-la-Compania-de-Jesus-en-Atenas.jpeg","datePublished":"2021-12-16T12:54:54+00:00","dateModified":"2021-12-16T17:10:37+00:00","author":{"@id":"https:\/\/exaudi.org\/#\/schema\/person\/7d2f77db033c2c0929edfab6dbe8c588"},"description":"El Papa Francisco indic\u00f3 a los jesuitas en Atenas: \u201cSed padres y no patrones\u201d, es necesario \u201chacer las cosas bien y luego retirarse\u201d.","breadcrumb":{"@id":"https:\/\/exaudi.org\/es\/el-papa-a-jesuitas-en-atenas-sed-padres-y-no-patrones\/#breadcrumb"},"inLanguage":"es","potentialAction":[{"@type":"ReadAction","target":["https:\/\/exaudi.org\/es\/el-papa-a-jesuitas-en-atenas-sed-padres-y-no-patrones\/"]}]},{"@type":"ImageObject","inLanguage":"es","@id":"https:\/\/exaudi.org\/es\/el-papa-a-jesuitas-en-atenas-sed-padres-y-no-patrones\/#primaryimage","url":"https:\/\/exaudi.org\/wp-content\/uploads\/2021\/12\/Encuentro-con-miembros-de-la-Compania-de-Jesus-en-Atenas.jpeg","contentUrl":"https:\/\/exaudi.org\/wp-content\/uploads\/2021\/12\/Encuentro-con-miembros-de-la-Compania-de-Jesus-en-Atenas.jpeg","width":1500,"height":844,"caption":"Encuentro con miembros de la Compa\u00f1\u00eda de Jes\u00fas en Atenas \u00a9 Vatican Media"},{"@type":"BreadcrumbList","@id":"https:\/\/exaudi.org\/es\/el-papa-a-jesuitas-en-atenas-sed-padres-y-no-patrones\/#breadcrumb","itemListElement":[{"@type":"ListItem","position":1,"name":"Portada","item":"https:\/\/exaudi.org\/es\/"},{"@type":"ListItem","position":2,"name":"El Papa a jesuitas en Atenas: \u201cSed padres y no patrones\u201d"}]},{"@type":"WebSite","@id":"https:\/\/exaudi.org\/#website","url":"https:\/\/exaudi.org\/","name":"Exaudi","description":"News","potentialAction":[{"@type":"SearchAction","target":{"@type":"EntryPoint","urlTemplate":"https:\/\/exaudi.org\/?s={search_term_string}"},"query-input":{"@type":"PropertyValueSpecification","valueRequired":true,"valueName":"search_term_string"}}],"inLanguage":"es"},{"@type":"Person","@id":"https:\/\/exaudi.org\/#\/schema\/person\/7d2f77db033c2c0929edfab6dbe8c588","name":"Larissa I. L\u00f3pez","image":{"@type":"ImageObject","inLanguage":"es","@id":"https:\/\/secure.gravatar.com\/avatar\/db3ef399ff343d0bb9d25dc5198bc8ece5ac6d621eca79876697a354dabc1e3f?s=96&d=mm&r=g","url":"https:\/\/secure.gravatar.com\/avatar\/db3ef399ff343d0bb9d25dc5198bc8ece5ac6d621eca79876697a354dabc1e3f?s=96&d=mm&r=g","contentUrl":"https:\/\/secure.gravatar.com\/avatar\/db3ef399ff343d0bb9d25dc5198bc8ece5ac6d621eca79876697a354dabc1e3f?s=96&d=mm&r=g","caption":"Larissa I. L\u00f3pez"},"description":"Doctora en Comunicaci\u00f3n. Mi trayectoria profesional ha transcurrido entre el \u00e1mbito de la comunicaci\u00f3n y el de la docencia. En los \u00faltimos a\u00f1os, he trabajado como coordinadora y redactora de la edici\u00f3n de ZENIT en espa\u00f1ol. Como profesora, he impartido clases en la universidad y en centros de FP y bachillerato. Cordobesa de nacimiento, tambi\u00e9n he vivido en Sevilla, Madrid y Roma","url":"https:\/\/exaudi.org\/es\/author\/llopezexaudi-org\/"}]}},"jetpack_featured_media_url":"https:\/\/exaudi.org\/wp-content\/uploads\/2021\/12\/Encuentro-con-miembros-de-la-Compania-de-Jesus-en-Atenas.jpeg","jetpack_shortlink":"https:\/\/wp.me\/pgKjF2-c0D","_links":{"self":[{"href":"https:\/\/exaudi.org\/es\/wp-json\/wp\/v2\/posts\/46167","targetHints":{"allow":["GET"]}}],"collection":[{"href":"https:\/\/exaudi.org\/es\/wp-json\/wp\/v2\/posts"}],"about":[{"href":"https:\/\/exaudi.org\/es\/wp-json\/wp\/v2\/types\/post"}],"author":[{"embeddable":true,"href":"https:\/\/exaudi.org\/es\/wp-json\/wp\/v2\/users\/5"}],"replies":[{"embeddable":true,"href":"https:\/\/exaudi.org\/es\/wp-json\/wp\/v2\/comments?post=46167"}],"version-history":[{"count":0,"href":"https:\/\/exaudi.org\/es\/wp-json\/wp\/v2\/posts\/46167\/revisions"}],"wp:featuredmedia":[{"embeddable":true,"href":"https:\/\/exaudi.org\/es\/wp-json\/wp\/v2\/media\/46173"}],"wp:attachment":[{"href":"https:\/\/exaudi.org\/es\/wp-json\/wp\/v2\/media?parent=46167"}],"wp:term":[{"taxonomy":"category","embeddable":true,"href":"https:\/\/exaudi.org\/es\/wp-json\/wp\/v2\/categories?post=46167"},{"taxonomy":"post_tag","embeddable":true,"href":"https:\/\/exaudi.org\/es\/wp-json\/wp\/v2\/tags?post=46167"}],"curies":[{"name":"wp","href":"https:\/\/api.w.org\/{rel}","templated":true}]}}