{"id":45805,"date":"2021-12-14T13:26:52","date_gmt":"2021-12-14T12:26:52","guid":{"rendered":"https:\/\/exaudi.org\/?p=45805"},"modified":"2021-12-14T19:10:26","modified_gmt":"2021-12-14T18:10:26","slug":"pesame-papa-victimas-derrumbe-edificios-roma","status":"publish","type":"post","link":"https:\/\/exaudi.org\/es\/pesame-papa-victimas-derrumbe-edificios-roma\/","title":{"rendered":"P\u00e9same del Papa por las v\u00edctimas del derrumbe de edificios al sur de Italia"},"content":{"rendered":"<p>El Papa Francisco manifiesta su p\u00e9same por las v\u00edctimas del derrumbe de algunos edificios el pasado s\u00e1bado en la ciudad de Ravanusa (Agrigento) en el sur de Italia a causa de una explosi\u00f3n de gas metano que hasta ahora se ha cobrado 3 v\u00edctimas mortales y 6 desaparecidas.<\/p>\n<p>El Santo Padre ha enviado hoy 14 de diciembre de 2021, un telegrama firmado por el secretario de estado, el cardenal Pietro Parolin, al arzobispo de Agrigento, monse\u00f1or Alessandro Damiano, ofrecido por la <a href=\"https:\/\/www.vatican.va\/news_services\/press\/index_sp.htm\" target=\"_blank\" rel=\"noopener\">Oficina de Prensa de la Santa Sede<\/a>.<\/p>\n<p>Tras el\u00a0derrumbe de varios edificios en la ciudad de Ravanusa causado por una devastadora explosi\u00f3n, Francisco desea transmitir a los familiares de los fallecidos \u201csus condolencias y su sentimiento de intensa participaci\u00f3n en el dolor de toda la poblaci\u00f3n\u201d. El Pont\u00edfice ha asegurado que \u201clleva en su coraz\u00f3n el sufrimiento de tantas personas, causado tambi\u00e9n por los enormes da\u00f1os causados a muchos\u201d y pide hacer llegar \u201csu m\u00e1s sentido p\u00e9same\u201d asegurando en particular su oraci\u00f3n de sufragio por las v\u00edctimas.<\/p>\n<p>Del mismo modo, Su Santidad ha expresado su agradecimiento \u201ca todos los que trabajaron en las operaciones de rescate, as\u00ed como a la colecta extraordinaria promovida por esta archidi\u00f3cesis en favor de la comunidad ravanusana\u201d. Para finalizar, el Obispo de Roma ha invocado a Dios, por intercesi\u00f3n de la Virgen Mar\u00eda, Consoladora de los Afligidos, el consuelo \u201cpara todos los que sufren las consecuencias de la grave cat\u00e1strofe\u201d y env\u00eda su bendici\u00f3n apost\u00f3lica.<\/p>\n<h2>Los hechos<\/h2>\n<p>De acuerdo a Vatican News, el accidente se produjo por una fuerte explosi\u00f3n causada por una enorme fuga de gas en la red de metano. Esta es la hip\u00f3tesis que barajan los investigadores para explicar el derrumbe de al menos siete edificios en Ravanusa, en la zona de Agrigento.<\/p>\n<p>Por el momento, se han encontrado 3 v\u00edctimas, 2 personas han sido extra\u00eddas con vida de los escombros y 6 personas siguen desaparecidas, entre ellas una joven embarazada que iba a dar a luz pronto. La detonaci\u00f3n puede haber sido provocada por un ascensor en uno de los edificios.<\/p>\n","protected":false},"excerpt":{"rendered":"<p>3 personas han fallecido y otras 6 siguen desaparecidas<\/p>\n","protected":false},"author":81,"featured_media":45806,"comment_status":"closed","ping_status":"closed","sticky":false,"template":"","format":"standard","meta":{"_acf_changed":false,"_crdt_document":"","inline_featured_image":false,"footnotes":""},"categories":[68],"tags":[158,1575,4953],"class_list":["post-45805","post","type-post","status-publish","format-standard","has-post-thumbnail","hentry","category-leon-xiv","tag-papa-francisco","tag-pesame","tag-trending-es"],"acf":[],"yoast_head":"<!-- This site is optimized with the Yoast SEO plugin v27.4 - https:\/\/yoast.com\/product\/yoast-seo-wordpress\/ -->\n<title>P\u00e9same del Papa por las v\u00edctimas del derrumbe de edificios al sur de Italia &#8211; Exaudi<\/title>\n<meta name=\"description\" content=\"El Papa Francisco ha manifestado su p\u00e9same por las v\u00edctimas del derrumbe de algunos edificios el pasado s\u00e1bado en Roma.\" \/>\n<meta name=\"robots\" content=\"index, follow, max-snippet:-1, max-image-preview:large, max-video-preview:-1\" \/>\n<link rel=\"canonical\" href=\"https:\/\/exaudi.org\/es\/pesame-papa-victimas-derrumbe-edificios-roma\/\" \/>\n<meta property=\"og:locale\" content=\"es_ES\" \/>\n<meta property=\"og:type\" content=\"article\" \/>\n<meta property=\"og:title\" content=\"P\u00e9same del Papa por las v\u00edctimas del derrumbe de edificios al sur de Italia &#8211; Exaudi\" \/>\n<meta property=\"og:description\" content=\"El Papa Francisco ha manifestado su p\u00e9same por las v\u00edctimas del derrumbe de algunos edificios el pasado s\u00e1bado en Roma.\" \/>\n<meta property=\"og:url\" content=\"https:\/\/exaudi.org\/es\/pesame-papa-victimas-derrumbe-edificios-roma\/\" \/>\n<meta property=\"og:site_name\" content=\"Exaudi\" \/>\n<meta property=\"article:publisher\" content=\"https:\/\/www.facebook.com\/ExaudiNews\" \/>\n<meta property=\"article:published_time\" content=\"2021-12-14T12:26:52+00:00\" \/>\n<meta property=\"article:modified_time\" content=\"2021-12-14T18:10:26+00:00\" \/>\n<meta property=\"og:image\" content=\"https:\/\/exaudi.org\/wp-content\/uploads\/2021\/12\/cq5dam.thumbnail.cropped.1000.563-6.jpeg\" \/>\n\t<meta property=\"og:image:width\" content=\"1000\" \/>\n\t<meta property=\"og:image:height\" content=\"563\" \/>\n\t<meta property=\"og:image:type\" content=\"image\/jpeg\" \/>\n<meta name=\"author\" content=\"Alba Montalvo\" \/>\n<meta name=\"twitter:card\" content=\"summary_large_image\" \/>\n<meta name=\"twitter:creator\" content=\"@Exaudi_News\" \/>\n<meta name=\"twitter:site\" content=\"@Exaudi_News\" \/>\n<meta name=\"twitter:label1\" content=\"Escrito por\" \/>\n\t<meta name=\"twitter:data1\" content=\"Alba Montalvo\" \/>\n\t<meta name=\"twitter:label2\" content=\"Tiempo de lectura\" \/>\n\t<meta name=\"twitter:data2\" content=\"2 minutos\" \/>\n<script type=\"application\/ld+json\" class=\"yoast-schema-graph\">{\"@context\":\"https:\\\/\\\/schema.org\",\"@graph\":[{\"@type\":\"Article\",\"@id\":\"https:\\\/\\\/exaudi.org\\\/es\\\/pesame-papa-victimas-derrumbe-edificios-roma\\\/#article\",\"isPartOf\":{\"@id\":\"https:\\\/\\\/exaudi.org\\\/es\\\/pesame-papa-victimas-derrumbe-edificios-roma\\\/\"},\"author\":{\"name\":\"Alba Montalvo\",\"@id\":\"https:\\\/\\\/exaudi.org\\\/#\\\/schema\\\/person\\\/fc7b3cbb6f4d66ebcb53bf601d7b7eb1\"},\"headline\":\"P\u00e9same del Papa por las v\u00edctimas del derrumbe de edificios al sur de Italia\",\"datePublished\":\"2021-12-14T12:26:52+00:00\",\"dateModified\":\"2021-12-14T18:10:26+00:00\",\"mainEntityOfPage\":{\"@id\":\"https:\\\/\\\/exaudi.org\\\/es\\\/pesame-papa-victimas-derrumbe-edificios-roma\\\/\"},\"wordCount\":380,\"image\":{\"@id\":\"https:\\\/\\\/exaudi.org\\\/es\\\/pesame-papa-victimas-derrumbe-edificios-roma\\\/#primaryimage\"},\"thumbnailUrl\":\"https:\\\/\\\/exaudi.org\\\/wp-content\\\/uploads\\\/2021\\\/12\\\/cq5dam.thumbnail.cropped.1000.563-6.jpeg\",\"keywords\":[\"papa francisco\",\"P\u00e9same\",\"Trending\"],\"articleSection\":[\"Le\u00f3n XIV\"],\"inLanguage\":\"es\"},{\"@type\":\"WebPage\",\"@id\":\"https:\\\/\\\/exaudi.org\\\/es\\\/pesame-papa-victimas-derrumbe-edificios-roma\\\/\",\"url\":\"https:\\\/\\\/exaudi.org\\\/es\\\/pesame-papa-victimas-derrumbe-edificios-roma\\\/\",\"name\":\"P\u00e9same del Papa por las v\u00edctimas del derrumbe de edificios al sur de Italia &#8211; Exaudi\",\"isPartOf\":{\"@id\":\"https:\\\/\\\/exaudi.org\\\/#website\"},\"primaryImageOfPage\":{\"@id\":\"https:\\\/\\\/exaudi.org\\\/es\\\/pesame-papa-victimas-derrumbe-edificios-roma\\\/#primaryimage\"},\"image\":{\"@id\":\"https:\\\/\\\/exaudi.org\\\/es\\\/pesame-papa-victimas-derrumbe-edificios-roma\\\/#primaryimage\"},\"thumbnailUrl\":\"https:\\\/\\\/exaudi.org\\\/wp-content\\\/uploads\\\/2021\\\/12\\\/cq5dam.thumbnail.cropped.1000.563-6.jpeg\",\"datePublished\":\"2021-12-14T12:26:52+00:00\",\"dateModified\":\"2021-12-14T18:10:26+00:00\",\"author\":{\"@id\":\"https:\\\/\\\/exaudi.org\\\/#\\\/schema\\\/person\\\/fc7b3cbb6f4d66ebcb53bf601d7b7eb1\"},\"description\":\"El Papa Francisco ha manifestado su p\u00e9same por las v\u00edctimas del derrumbe de algunos edificios el pasado s\u00e1bado en Roma.\",\"breadcrumb\":{\"@id\":\"https:\\\/\\\/exaudi.org\\\/es\\\/pesame-papa-victimas-derrumbe-edificios-roma\\\/#breadcrumb\"},\"inLanguage\":\"es\",\"potentialAction\":[{\"@type\":\"ReadAction\",\"target\":[\"https:\\\/\\\/exaudi.org\\\/es\\\/pesame-papa-victimas-derrumbe-edificios-roma\\\/\"]}]},{\"@type\":\"ImageObject\",\"inLanguage\":\"es\",\"@id\":\"https:\\\/\\\/exaudi.org\\\/es\\\/pesame-papa-victimas-derrumbe-edificios-roma\\\/#primaryimage\",\"url\":\"https:\\\/\\\/exaudi.org\\\/wp-content\\\/uploads\\\/2021\\\/12\\\/cq5dam.thumbnail.cropped.1000.563-6.jpeg\",\"contentUrl\":\"https:\\\/\\\/exaudi.org\\\/wp-content\\\/uploads\\\/2021\\\/12\\\/cq5dam.thumbnail.cropped.1000.563-6.jpeg\",\"width\":1000,\"height\":563,\"caption\":\"Papa rezando, foto de archivo \u00a9 Vatican Media\"},{\"@type\":\"BreadcrumbList\",\"@id\":\"https:\\\/\\\/exaudi.org\\\/es\\\/pesame-papa-victimas-derrumbe-edificios-roma\\\/#breadcrumb\",\"itemListElement\":[{\"@type\":\"ListItem\",\"position\":1,\"name\":\"Portada\",\"item\":\"https:\\\/\\\/exaudi.org\\\/es\\\/\"},{\"@type\":\"ListItem\",\"position\":2,\"name\":\"P\u00e9same del Papa por las v\u00edctimas del derrumbe de edificios al sur de Italia\"}]},{\"@type\":\"WebSite\",\"@id\":\"https:\\\/\\\/exaudi.org\\\/#website\",\"url\":\"https:\\\/\\\/exaudi.org\\\/\",\"name\":\"Exaudi\",\"description\":\"News\",\"potentialAction\":[{\"@type\":\"SearchAction\",\"target\":{\"@type\":\"EntryPoint\",\"urlTemplate\":\"https:\\\/\\\/exaudi.org\\\/?s={search_term_string}\"},\"query-input\":{\"@type\":\"PropertyValueSpecification\",\"valueRequired\":true,\"valueName\":\"search_term_string\"}}],\"inLanguage\":\"es\"},{\"@type\":\"Person\",\"@id\":\"https:\\\/\\\/exaudi.org\\\/#\\\/schema\\\/person\\\/fc7b3cbb6f4d66ebcb53bf601d7b7eb1\",\"name\":\"Alba Montalvo\",\"image\":{\"@type\":\"ImageObject\",\"inLanguage\":\"es\",\"@id\":\"https:\\\/\\\/secure.gravatar.com\\\/avatar\\\/1e8c522219a5df52d143b7baf13997ffd4f1814ca862efe7af11a13849275021?s=96&d=mm&r=g\",\"url\":\"https:\\\/\\\/secure.gravatar.com\\\/avatar\\\/1e8c522219a5df52d143b7baf13997ffd4f1814ca862efe7af11a13849275021?s=96&d=mm&r=g\",\"contentUrl\":\"https:\\\/\\\/secure.gravatar.com\\\/avatar\\\/1e8c522219a5df52d143b7baf13997ffd4f1814ca862efe7af11a13849275021?s=96&d=mm&r=g\",\"caption\":\"Alba Montalvo\"},\"description\":\"Licenciada en Periodismo y M\u00e1ster en Periodismo Social. Mi trayectoria profesional ha estado siempre vinculada al \u00e1mbito de la comunicaci\u00f3n en el entorno digital. He trabajado como productora, gestora de contenidos estrat\u00e9gicos para redes y entrevistadora en la Fundaci\u00f3n Mater Mundi TV. Madrile\u00f1a de nacimiento, actualmente vivo en M\u00e1laga.\",\"url\":\"https:\\\/\\\/exaudi.org\\\/es\\\/author\\\/amontalvoexaudi-org\\\/\"}]}<\/script>\n<!-- \/ Yoast SEO plugin. -->","yoast_head_json":{"title":"P\u00e9same del Papa por las v\u00edctimas del derrumbe de edificios al sur de Italia &#8211; Exaudi","description":"El Papa Francisco ha manifestado su p\u00e9same por las v\u00edctimas del derrumbe de algunos edificios el pasado s\u00e1bado en Roma.","robots":{"index":"index","follow":"follow","max-snippet":"max-snippet:-1","max-image-preview":"max-image-preview:large","max-video-preview":"max-video-preview:-1"},"canonical":"https:\/\/exaudi.org\/es\/pesame-papa-victimas-derrumbe-edificios-roma\/","og_locale":"es_ES","og_type":"article","og_title":"P\u00e9same del Papa por las v\u00edctimas del derrumbe de edificios al sur de Italia &#8211; Exaudi","og_description":"El Papa Francisco ha manifestado su p\u00e9same por las v\u00edctimas del derrumbe de algunos edificios el pasado s\u00e1bado en Roma.","og_url":"https:\/\/exaudi.org\/es\/pesame-papa-victimas-derrumbe-edificios-roma\/","og_site_name":"Exaudi","article_publisher":"https:\/\/www.facebook.com\/ExaudiNews","article_published_time":"2021-12-14T12:26:52+00:00","article_modified_time":"2021-12-14T18:10:26+00:00","og_image":[{"width":1000,"height":563,"url":"https:\/\/exaudi.org\/wp-content\/uploads\/2021\/12\/cq5dam.thumbnail.cropped.1000.563-6.jpeg","type":"image\/jpeg"}],"author":"Alba Montalvo","twitter_card":"summary_large_image","twitter_creator":"@Exaudi_News","twitter_site":"@Exaudi_News","twitter_misc":{"Escrito por":"Alba Montalvo","Tiempo de lectura":"2 minutos"},"schema":{"@context":"https:\/\/schema.org","@graph":[{"@type":"Article","@id":"https:\/\/exaudi.org\/es\/pesame-papa-victimas-derrumbe-edificios-roma\/#article","isPartOf":{"@id":"https:\/\/exaudi.org\/es\/pesame-papa-victimas-derrumbe-edificios-roma\/"},"author":{"name":"Alba Montalvo","@id":"https:\/\/exaudi.org\/#\/schema\/person\/fc7b3cbb6f4d66ebcb53bf601d7b7eb1"},"headline":"P\u00e9same del Papa por las v\u00edctimas del derrumbe de edificios al sur de Italia","datePublished":"2021-12-14T12:26:52+00:00","dateModified":"2021-12-14T18:10:26+00:00","mainEntityOfPage":{"@id":"https:\/\/exaudi.org\/es\/pesame-papa-victimas-derrumbe-edificios-roma\/"},"wordCount":380,"image":{"@id":"https:\/\/exaudi.org\/es\/pesame-papa-victimas-derrumbe-edificios-roma\/#primaryimage"},"thumbnailUrl":"https:\/\/exaudi.org\/wp-content\/uploads\/2021\/12\/cq5dam.thumbnail.cropped.1000.563-6.jpeg","keywords":["papa francisco","P\u00e9same","Trending"],"articleSection":["Le\u00f3n XIV"],"inLanguage":"es"},{"@type":"WebPage","@id":"https:\/\/exaudi.org\/es\/pesame-papa-victimas-derrumbe-edificios-roma\/","url":"https:\/\/exaudi.org\/es\/pesame-papa-victimas-derrumbe-edificios-roma\/","name":"P\u00e9same del Papa por las v\u00edctimas del derrumbe de edificios al sur de Italia &#8211; Exaudi","isPartOf":{"@id":"https:\/\/exaudi.org\/#website"},"primaryImageOfPage":{"@id":"https:\/\/exaudi.org\/es\/pesame-papa-victimas-derrumbe-edificios-roma\/#primaryimage"},"image":{"@id":"https:\/\/exaudi.org\/es\/pesame-papa-victimas-derrumbe-edificios-roma\/#primaryimage"},"thumbnailUrl":"https:\/\/exaudi.org\/wp-content\/uploads\/2021\/12\/cq5dam.thumbnail.cropped.1000.563-6.jpeg","datePublished":"2021-12-14T12:26:52+00:00","dateModified":"2021-12-14T18:10:26+00:00","author":{"@id":"https:\/\/exaudi.org\/#\/schema\/person\/fc7b3cbb6f4d66ebcb53bf601d7b7eb1"},"description":"El Papa Francisco ha manifestado su p\u00e9same por las v\u00edctimas del derrumbe de algunos edificios el pasado s\u00e1bado en Roma.","breadcrumb":{"@id":"https:\/\/exaudi.org\/es\/pesame-papa-victimas-derrumbe-edificios-roma\/#breadcrumb"},"inLanguage":"es","potentialAction":[{"@type":"ReadAction","target":["https:\/\/exaudi.org\/es\/pesame-papa-victimas-derrumbe-edificios-roma\/"]}]},{"@type":"ImageObject","inLanguage":"es","@id":"https:\/\/exaudi.org\/es\/pesame-papa-victimas-derrumbe-edificios-roma\/#primaryimage","url":"https:\/\/exaudi.org\/wp-content\/uploads\/2021\/12\/cq5dam.thumbnail.cropped.1000.563-6.jpeg","contentUrl":"https:\/\/exaudi.org\/wp-content\/uploads\/2021\/12\/cq5dam.thumbnail.cropped.1000.563-6.jpeg","width":1000,"height":563,"caption":"Papa rezando, foto de archivo \u00a9 Vatican Media"},{"@type":"BreadcrumbList","@id":"https:\/\/exaudi.org\/es\/pesame-papa-victimas-derrumbe-edificios-roma\/#breadcrumb","itemListElement":[{"@type":"ListItem","position":1,"name":"Portada","item":"https:\/\/exaudi.org\/es\/"},{"@type":"ListItem","position":2,"name":"P\u00e9same del Papa por las v\u00edctimas del derrumbe de edificios al sur de Italia"}]},{"@type":"WebSite","@id":"https:\/\/exaudi.org\/#website","url":"https:\/\/exaudi.org\/","name":"Exaudi","description":"News","potentialAction":[{"@type":"SearchAction","target":{"@type":"EntryPoint","urlTemplate":"https:\/\/exaudi.org\/?s={search_term_string}"},"query-input":{"@type":"PropertyValueSpecification","valueRequired":true,"valueName":"search_term_string"}}],"inLanguage":"es"},{"@type":"Person","@id":"https:\/\/exaudi.org\/#\/schema\/person\/fc7b3cbb6f4d66ebcb53bf601d7b7eb1","name":"Alba Montalvo","image":{"@type":"ImageObject","inLanguage":"es","@id":"https:\/\/secure.gravatar.com\/avatar\/1e8c522219a5df52d143b7baf13997ffd4f1814ca862efe7af11a13849275021?s=96&d=mm&r=g","url":"https:\/\/secure.gravatar.com\/avatar\/1e8c522219a5df52d143b7baf13997ffd4f1814ca862efe7af11a13849275021?s=96&d=mm&r=g","contentUrl":"https:\/\/secure.gravatar.com\/avatar\/1e8c522219a5df52d143b7baf13997ffd4f1814ca862efe7af11a13849275021?s=96&d=mm&r=g","caption":"Alba Montalvo"},"description":"Licenciada en Periodismo y M\u00e1ster en Periodismo Social. Mi trayectoria profesional ha estado siempre vinculada al \u00e1mbito de la comunicaci\u00f3n en el entorno digital. He trabajado como productora, gestora de contenidos estrat\u00e9gicos para redes y entrevistadora en la Fundaci\u00f3n Mater Mundi TV. Madrile\u00f1a de nacimiento, actualmente vivo en M\u00e1laga.","url":"https:\/\/exaudi.org\/es\/author\/amontalvoexaudi-org\/"}]}},"jetpack_featured_media_url":"https:\/\/exaudi.org\/wp-content\/uploads\/2021\/12\/cq5dam.thumbnail.cropped.1000.563-6.jpeg","jetpack_shortlink":"https:\/\/wp.me\/pgKjF2-bUN","_links":{"self":[{"href":"https:\/\/exaudi.org\/es\/wp-json\/wp\/v2\/posts\/45805","targetHints":{"allow":["GET"]}}],"collection":[{"href":"https:\/\/exaudi.org\/es\/wp-json\/wp\/v2\/posts"}],"about":[{"href":"https:\/\/exaudi.org\/es\/wp-json\/wp\/v2\/types\/post"}],"author":[{"embeddable":true,"href":"https:\/\/exaudi.org\/es\/wp-json\/wp\/v2\/users\/81"}],"replies":[{"embeddable":true,"href":"https:\/\/exaudi.org\/es\/wp-json\/wp\/v2\/comments?post=45805"}],"version-history":[{"count":0,"href":"https:\/\/exaudi.org\/es\/wp-json\/wp\/v2\/posts\/45805\/revisions"}],"wp:featuredmedia":[{"embeddable":true,"href":"https:\/\/exaudi.org\/es\/wp-json\/wp\/v2\/media\/45806"}],"wp:attachment":[{"href":"https:\/\/exaudi.org\/es\/wp-json\/wp\/v2\/media?parent=45805"}],"wp:term":[{"taxonomy":"category","embeddable":true,"href":"https:\/\/exaudi.org\/es\/wp-json\/wp\/v2\/categories?post=45805"},{"taxonomy":"post_tag","embeddable":true,"href":"https:\/\/exaudi.org\/es\/wp-json\/wp\/v2\/tags?post=45805"}],"curies":[{"name":"wp","href":"https:\/\/api.w.org\/{rel}","templated":true}]}}