{"id":45800,"date":"2021-12-14T12:52:35","date_gmt":"2021-12-14T11:52:35","guid":{"rendered":"https:\/\/exaudi.org\/?p=45800"},"modified":"2021-12-14T13:30:33","modified_gmt":"2021-12-14T12:30:33","slug":"la-fundacion-centesimus-annus-concede-los-premios-de-2021","status":"publish","type":"post","link":"https:\/\/exaudi.org\/es\/la-fundacion-centesimus-annus-concede-los-premios-de-2021\/","title":{"rendered":"La Fundaci\u00f3n Centesimus Annus concede los premios de 2021"},"content":{"rendered":"<p>La Fundaci\u00f3n <em>Centesimus Annus<\/em> celebrar\u00e1 la quinta edici\u00f3n del Premio Internacional \u201cEconom\u00eda y Sociedad\u201d el jueves 16 de diciembre de 2021.<\/p>\n<p>Las obras <em>Recovering Common Goods<\/em>, de Patrick Riordan (Dubl\u00edn, Veritas 2017) y <em>Ecolog\u00eda integral y La recepci\u00f3n cat\u00f3lica del reto de la sostenibilidad. 1891<\/em> (Rerum Novarum) &#8211; 2015 (Laudato S\u00ec), de Jaime Tatay (Madrid, Biblioteca de Autores Cristianos, BAC 2018) han ganado la quinta edici\u00f3n del Premio Internacional \u201cEconom\u00eda y Sociedad\u201d promovido por la <em>Fundaci\u00f3n Centesimus Annus<\/em> &#8211; Pro Pontifice, en el apartado de \u201cPublicaciones en Doctrina Social\u201d.<\/p>\n<p>El Premio, dotado con un total de 20 mil euros, se concede cada dos a\u00f1os a obras que destacan por su contribuci\u00f3n original a la profundizaci\u00f3n y aplicaci\u00f3n de la Doctrina Social de la Iglesia y que son de reconocida solidez doctrinal, as\u00ed como comprensibles para el p\u00fablico en general.<\/p>\n<p>Este a\u00f1o el premio se conceder\u00e1 en una ceremonia que tendr\u00e1 lugar el jueves 16 de diciembre de 16:30 a 18:30 en el Palacio de la Cancelleria (Piazza della Cancelleria, 1 &#8211; Roma). La ceremonia estar\u00e1 presidida por el cardenal Pietro Parolin, secretario de Estado del Vaticano; el discurso de presentaci\u00f3n correr\u00e1 a cargo de Anna Maria Tarantola, presidenta de <em>la Fundaci\u00f3n Centesimus Annus &#8211; pro-Pontifice<\/em>; el cardenal Reinhard Marx, arzobispo de Munich y Freising, presentar\u00e1 las obras premiadas; el cardenal Silvano Maria Tomasi, delegado especial de la Soberana Orden de Malta, presentar\u00e1 algunas reflexiones sobre el tema del premio de este a\u00f1o.<\/p>\n<p>Anteriormente fueron premiados los siguientes libros: <em>Aquinas and the Market. Toward a Humane Economy<\/em> de Mary L. Hirschfeld; <em>Ciudadan\u00eda, migraciones y religi\u00f3n<\/em> de J. L. Mart\u00ednez; <em>L&#8217;economia del bene comune de Stefano Zamagni; Finance, un regard chr\u00e9tien<\/em> de P. De Lauzun; Prinzip Nachhaltigkeit de M. Vogt.<\/p>\n<p>En la misma ceremonia se entregar\u00e1n tambi\u00e9n los ganadores de las dos primeras becas para j\u00f3venes investigadores, dotadas con 10.000 y\/o 20.000 euros. Este nuevo premio es una novedad para el evento Econom\u00eda y Sociedad y est\u00e1 reservado a j\u00f3venes investigadores de no m\u00e1s de 35 a\u00f1os. A partir del curso 2021\/2022, deber\u00e1n realizar cursos de especializaci\u00f3n y\/o investigaci\u00f3n avanzada en Universidades o Instituciones de Educaci\u00f3n Superior\/Escuelas en el estudio y aplicaci\u00f3n de nuevos modelos de desarrollo socioecon\u00f3mico que, en l\u00ednea con los principios de la Doctrina Social de la Iglesia, sean inclusivos, solidarios y sostenibles.<\/p>\n<p>Las ganadoras de esta primera edici\u00f3n de las becas son Sofia Horsfall y Erminia Florio. El proyecto de investigaci\u00f3n de la doctora Sofia Horsfall en la Universidad La Sapienza de Roma se centra en el papel de las instituciones financieras en la promoci\u00f3n de la integraci\u00f3n de los ESG hacia una evaluaci\u00f3n hol\u00edstica del impacto. El proyecto de Erminia Florioi se centra en el efecto de las campa\u00f1as de informaci\u00f3n sobre la intenci\u00f3n de emigrar de los estudiantes: Evidence from Senegal. La se\u00f1ora Florio tiene actualmente una beca posdoctoral en HEC Montreal, tras haber realizado su doctorado en la Universidad \u201cTor Vergata\u201d de Roma.<\/p>\n","protected":false},"excerpt":{"rendered":"<p>Se conceden cada dos a\u00f1os a obras que contribuyen de forma original a profundizar en la aplicaci\u00f3n de la doctrina social de la Iglesia<\/p>\n","protected":false},"author":15,"featured_media":45801,"comment_status":"closed","ping_status":"closed","sticky":false,"template":"","format":"standard","meta":{"_acf_changed":false,"_crdt_document":"","inline_featured_image":false,"footnotes":""},"categories":[74,94],"tags":[5205],"class_list":["post-45800","post","type-post","status-publish","format-standard","has-post-thumbnail","hentry","category-iglesia-y-mundo","category-justicia-y-paz","tag-fundacion-centesimus-annus"],"acf":[],"yoast_head":"<!-- This site is optimized with the Yoast SEO plugin v27.4 - https:\/\/yoast.com\/product\/yoast-seo-wordpress\/ -->\n<title>La Fundaci\u00f3n Centesimus Annus concede los premios de 2021 &#8211; Exaudi<\/title>\n<meta name=\"description\" content=\"Se conceden cada dos a\u00f1os a obras que contribuyen de forma original a profundizar en la aplicaci\u00f3n de la doctrina social de la Iglesia.\" \/>\n<meta name=\"robots\" content=\"index, follow, max-snippet:-1, max-image-preview:large, max-video-preview:-1\" \/>\n<link rel=\"canonical\" href=\"https:\/\/exaudi.org\/es\/la-fundacion-centesimus-annus-concede-los-premios-de-2021\/\" \/>\n<meta property=\"og:locale\" content=\"es_ES\" \/>\n<meta property=\"og:type\" content=\"article\" \/>\n<meta property=\"og:title\" content=\"La Fundaci\u00f3n Centesimus Annus concede los premios de 2021 &#8211; Exaudi\" \/>\n<meta property=\"og:description\" content=\"Se conceden cada dos a\u00f1os a obras que contribuyen de forma original a profundizar en la aplicaci\u00f3n de la doctrina social de la Iglesia.\" \/>\n<meta property=\"og:url\" content=\"https:\/\/exaudi.org\/es\/la-fundacion-centesimus-annus-concede-los-premios-de-2021\/\" \/>\n<meta property=\"og:site_name\" content=\"Exaudi\" \/>\n<meta property=\"article:publisher\" content=\"https:\/\/www.facebook.com\/ExaudiNews\" \/>\n<meta property=\"article:author\" content=\"https:\/\/www.facebook.com\/ExaudiNoticias\/\" \/>\n<meta property=\"article:published_time\" content=\"2021-12-14T11:52:35+00:00\" \/>\n<meta property=\"article:modified_time\" content=\"2021-12-14T12:30:33+00:00\" \/>\n<meta property=\"og:image\" content=\"https:\/\/exaudi.org\/wp-content\/uploads\/2021\/12\/Disen\u0303o-sin-ti\u0301tulo-44.jpg\" \/>\n\t<meta property=\"og:image:width\" content=\"991\" \/>\n\t<meta property=\"og:image:height\" content=\"771\" \/>\n\t<meta property=\"og:image:type\" content=\"image\/jpeg\" \/>\n<meta name=\"author\" content=\"Exaudi Redacci\u00f3n\" \/>\n<meta name=\"twitter:card\" content=\"summary_large_image\" \/>\n<meta name=\"twitter:creator\" content=\"@Exaudi_noticias\" \/>\n<meta name=\"twitter:site\" content=\"@Exaudi_News\" \/>\n<meta name=\"twitter:label1\" content=\"Escrito por\" \/>\n\t<meta name=\"twitter:data1\" content=\"Exaudi Redacci\u00f3n\" \/>\n\t<meta name=\"twitter:label2\" content=\"Tiempo de lectura\" \/>\n\t<meta name=\"twitter:data2\" content=\"3 minutos\" \/>\n<script type=\"application\/ld+json\" class=\"yoast-schema-graph\">{\"@context\":\"https:\\\/\\\/schema.org\",\"@graph\":[{\"@type\":\"Article\",\"@id\":\"https:\\\/\\\/exaudi.org\\\/es\\\/la-fundacion-centesimus-annus-concede-los-premios-de-2021\\\/#article\",\"isPartOf\":{\"@id\":\"https:\\\/\\\/exaudi.org\\\/es\\\/la-fundacion-centesimus-annus-concede-los-premios-de-2021\\\/\"},\"author\":{\"name\":\"Exaudi Redacci\u00f3n\",\"@id\":\"https:\\\/\\\/exaudi.org\\\/#\\\/schema\\\/person\\\/f5fc8f063065e38742da7afe15f25df7\"},\"headline\":\"La Fundaci\u00f3n Centesimus Annus concede los premios de 2021\",\"datePublished\":\"2021-12-14T11:52:35+00:00\",\"dateModified\":\"2021-12-14T12:30:33+00:00\",\"mainEntityOfPage\":{\"@id\":\"https:\\\/\\\/exaudi.org\\\/es\\\/la-fundacion-centesimus-annus-concede-los-premios-de-2021\\\/\"},\"wordCount\":533,\"image\":{\"@id\":\"https:\\\/\\\/exaudi.org\\\/es\\\/la-fundacion-centesimus-annus-concede-los-premios-de-2021\\\/#primaryimage\"},\"thumbnailUrl\":\"https:\\\/\\\/exaudi.org\\\/wp-content\\\/uploads\\\/2021\\\/12\\\/Disen\u0303o-sin-ti\u0301tulo-44.jpg\",\"keywords\":[\"Fundaci\u00f3n Centesimus Annus\"],\"articleSection\":[\"Iglesia y Mundo\",\"Justicia y Paz\"],\"inLanguage\":\"es\"},{\"@type\":\"WebPage\",\"@id\":\"https:\\\/\\\/exaudi.org\\\/es\\\/la-fundacion-centesimus-annus-concede-los-premios-de-2021\\\/\",\"url\":\"https:\\\/\\\/exaudi.org\\\/es\\\/la-fundacion-centesimus-annus-concede-los-premios-de-2021\\\/\",\"name\":\"La Fundaci\u00f3n Centesimus Annus concede los premios de 2021 &#8211; Exaudi\",\"isPartOf\":{\"@id\":\"https:\\\/\\\/exaudi.org\\\/#website\"},\"primaryImageOfPage\":{\"@id\":\"https:\\\/\\\/exaudi.org\\\/es\\\/la-fundacion-centesimus-annus-concede-los-premios-de-2021\\\/#primaryimage\"},\"image\":{\"@id\":\"https:\\\/\\\/exaudi.org\\\/es\\\/la-fundacion-centesimus-annus-concede-los-premios-de-2021\\\/#primaryimage\"},\"thumbnailUrl\":\"https:\\\/\\\/exaudi.org\\\/wp-content\\\/uploads\\\/2021\\\/12\\\/Disen\u0303o-sin-ti\u0301tulo-44.jpg\",\"datePublished\":\"2021-12-14T11:52:35+00:00\",\"dateModified\":\"2021-12-14T12:30:33+00:00\",\"author\":{\"@id\":\"https:\\\/\\\/exaudi.org\\\/#\\\/schema\\\/person\\\/f5fc8f063065e38742da7afe15f25df7\"},\"description\":\"Se conceden cada dos a\u00f1os a obras que contribuyen de forma original a profundizar en la aplicaci\u00f3n de la doctrina social de la Iglesia.\",\"breadcrumb\":{\"@id\":\"https:\\\/\\\/exaudi.org\\\/es\\\/la-fundacion-centesimus-annus-concede-los-premios-de-2021\\\/#breadcrumb\"},\"inLanguage\":\"es\",\"potentialAction\":[{\"@type\":\"ReadAction\",\"target\":[\"https:\\\/\\\/exaudi.org\\\/es\\\/la-fundacion-centesimus-annus-concede-los-premios-de-2021\\\/\"]}]},{\"@type\":\"ImageObject\",\"inLanguage\":\"es\",\"@id\":\"https:\\\/\\\/exaudi.org\\\/es\\\/la-fundacion-centesimus-annus-concede-los-premios-de-2021\\\/#primaryimage\",\"url\":\"https:\\\/\\\/exaudi.org\\\/wp-content\\\/uploads\\\/2021\\\/12\\\/Disen\u0303o-sin-ti\u0301tulo-44.jpg\",\"contentUrl\":\"https:\\\/\\\/exaudi.org\\\/wp-content\\\/uploads\\\/2021\\\/12\\\/Disen\u0303o-sin-ti\u0301tulo-44.jpg\",\"width\":991,\"height\":771,\"caption\":\"Centesimus Annus premia trabajos sobre ecolog\u00eda integral y bien com\u00fan \u00a9 Alba Montalvo\"},{\"@type\":\"BreadcrumbList\",\"@id\":\"https:\\\/\\\/exaudi.org\\\/es\\\/la-fundacion-centesimus-annus-concede-los-premios-de-2021\\\/#breadcrumb\",\"itemListElement\":[{\"@type\":\"ListItem\",\"position\":1,\"name\":\"Portada\",\"item\":\"https:\\\/\\\/exaudi.org\\\/es\\\/\"},{\"@type\":\"ListItem\",\"position\":2,\"name\":\"La Fundaci\u00f3n Centesimus Annus concede los premios de 2021\"}]},{\"@type\":\"WebSite\",\"@id\":\"https:\\\/\\\/exaudi.org\\\/#website\",\"url\":\"https:\\\/\\\/exaudi.org\\\/\",\"name\":\"Exaudi\",\"description\":\"News\",\"potentialAction\":[{\"@type\":\"SearchAction\",\"target\":{\"@type\":\"EntryPoint\",\"urlTemplate\":\"https:\\\/\\\/exaudi.org\\\/?s={search_term_string}\"},\"query-input\":{\"@type\":\"PropertyValueSpecification\",\"valueRequired\":true,\"valueName\":\"search_term_string\"}}],\"inLanguage\":\"es\"},{\"@type\":\"Person\",\"@id\":\"https:\\\/\\\/exaudi.org\\\/#\\\/schema\\\/person\\\/f5fc8f063065e38742da7afe15f25df7\",\"name\":\"Exaudi Redacci\u00f3n\",\"image\":{\"@type\":\"ImageObject\",\"inLanguage\":\"es\",\"@id\":\"https:\\\/\\\/secure.gravatar.com\\\/avatar\\\/fe0f6a059fb68d9b3e11bc5850dd4899b1c7492091a3cb6dd9b01b56ad828be2?s=96&d=mm&r=g\",\"url\":\"https:\\\/\\\/secure.gravatar.com\\\/avatar\\\/fe0f6a059fb68d9b3e11bc5850dd4899b1c7492091a3cb6dd9b01b56ad828be2?s=96&d=mm&r=g\",\"contentUrl\":\"https:\\\/\\\/secure.gravatar.com\\\/avatar\\\/fe0f6a059fb68d9b3e11bc5850dd4899b1c7492091a3cb6dd9b01b56ad828be2?s=96&d=mm&r=g\",\"caption\":\"Exaudi Redacci\u00f3n\"},\"description\":\"\u00bfQu\u00e9 es Exaudi News? Exaudi News es un medio de comunicaci\u00f3n cat\u00f3lico internacional que informa, forma y transforma, diariamente en espa\u00f1ol, ingl\u00e9s e italiano. A trav\u00e9s de noticias, art\u00edculos de an\u00e1lisis y transmisiones en directo de los eventos del Papa, Exaudi busca fortalecer la unidad de los cristianos y contribuir a la evangelizaci\u00f3n del mundo, siempre guiados por la doctrina social de la Iglesia. Trabajamos para acercar la verdad y los valores cristianos a cada rinc\u00f3n del planeta. \u00a1Ay\u00fadanos a transformar el mundo con Exaudi! En Exaudi creemos que la evangelizaci\u00f3n y la informaci\u00f3n de calidad pueden cambiar vidas. Para continuar con nuestra misi\u00f3n y expandir nuestro alcance, necesitamos tu ayuda. Adem\u00e1s, buscamos personas comprometidas que deseen unirse a nuestro equipo. Con tu apoyo, lograremos llegar a m\u00e1s personas, difundir el mensaje de Cristo y reforzar la unidad de los cristianos. \u00bfTe unes a nuestra misi\u00f3n? Para m\u00e1s informaci\u00f3n sobre c\u00f3mo colaborar, visita Exaudi.org\\\/es o cont\u00e1ctanos directamente: info@exaudi.org Exaudi: Informa, forma y transforma.\",\"sameAs\":[\"https:\\\/\\\/www.facebook.com\\\/ExaudiNoticias\\\/\",\"https:\\\/\\\/www.instagram.com\\\/exaudi_noticias\\\/\",\"https:\\\/\\\/x.com\\\/Exaudi_noticias\",\"https:\\\/\\\/www.youtube.com\\\/@exaudicatholicnews\"],\"url\":\"https:\\\/\\\/exaudi.org\\\/es\\\/author\\\/redaccionexaudi\\\/\"}]}<\/script>\n<!-- \/ Yoast SEO plugin. -->","yoast_head_json":{"title":"La Fundaci\u00f3n Centesimus Annus concede los premios de 2021 &#8211; Exaudi","description":"Se conceden cada dos a\u00f1os a obras que contribuyen de forma original a profundizar en la aplicaci\u00f3n de la doctrina social de la Iglesia.","robots":{"index":"index","follow":"follow","max-snippet":"max-snippet:-1","max-image-preview":"max-image-preview:large","max-video-preview":"max-video-preview:-1"},"canonical":"https:\/\/exaudi.org\/es\/la-fundacion-centesimus-annus-concede-los-premios-de-2021\/","og_locale":"es_ES","og_type":"article","og_title":"La Fundaci\u00f3n Centesimus Annus concede los premios de 2021 &#8211; Exaudi","og_description":"Se conceden cada dos a\u00f1os a obras que contribuyen de forma original a profundizar en la aplicaci\u00f3n de la doctrina social de la Iglesia.","og_url":"https:\/\/exaudi.org\/es\/la-fundacion-centesimus-annus-concede-los-premios-de-2021\/","og_site_name":"Exaudi","article_publisher":"https:\/\/www.facebook.com\/ExaudiNews","article_author":"https:\/\/www.facebook.com\/ExaudiNoticias\/","article_published_time":"2021-12-14T11:52:35+00:00","article_modified_time":"2021-12-14T12:30:33+00:00","og_image":[{"width":991,"height":771,"url":"https:\/\/exaudi.org\/wp-content\/uploads\/2021\/12\/Disen\u0303o-sin-ti\u0301tulo-44.jpg","type":"image\/jpeg"}],"author":"Exaudi Redacci\u00f3n","twitter_card":"summary_large_image","twitter_creator":"@Exaudi_noticias","twitter_site":"@Exaudi_News","twitter_misc":{"Escrito por":"Exaudi Redacci\u00f3n","Tiempo de lectura":"3 minutos"},"schema":{"@context":"https:\/\/schema.org","@graph":[{"@type":"Article","@id":"https:\/\/exaudi.org\/es\/la-fundacion-centesimus-annus-concede-los-premios-de-2021\/#article","isPartOf":{"@id":"https:\/\/exaudi.org\/es\/la-fundacion-centesimus-annus-concede-los-premios-de-2021\/"},"author":{"name":"Exaudi Redacci\u00f3n","@id":"https:\/\/exaudi.org\/#\/schema\/person\/f5fc8f063065e38742da7afe15f25df7"},"headline":"La Fundaci\u00f3n Centesimus Annus concede los premios de 2021","datePublished":"2021-12-14T11:52:35+00:00","dateModified":"2021-12-14T12:30:33+00:00","mainEntityOfPage":{"@id":"https:\/\/exaudi.org\/es\/la-fundacion-centesimus-annus-concede-los-premios-de-2021\/"},"wordCount":533,"image":{"@id":"https:\/\/exaudi.org\/es\/la-fundacion-centesimus-annus-concede-los-premios-de-2021\/#primaryimage"},"thumbnailUrl":"https:\/\/exaudi.org\/wp-content\/uploads\/2021\/12\/Disen\u0303o-sin-ti\u0301tulo-44.jpg","keywords":["Fundaci\u00f3n Centesimus Annus"],"articleSection":["Iglesia y Mundo","Justicia y Paz"],"inLanguage":"es"},{"@type":"WebPage","@id":"https:\/\/exaudi.org\/es\/la-fundacion-centesimus-annus-concede-los-premios-de-2021\/","url":"https:\/\/exaudi.org\/es\/la-fundacion-centesimus-annus-concede-los-premios-de-2021\/","name":"La Fundaci\u00f3n Centesimus Annus concede los premios de 2021 &#8211; Exaudi","isPartOf":{"@id":"https:\/\/exaudi.org\/#website"},"primaryImageOfPage":{"@id":"https:\/\/exaudi.org\/es\/la-fundacion-centesimus-annus-concede-los-premios-de-2021\/#primaryimage"},"image":{"@id":"https:\/\/exaudi.org\/es\/la-fundacion-centesimus-annus-concede-los-premios-de-2021\/#primaryimage"},"thumbnailUrl":"https:\/\/exaudi.org\/wp-content\/uploads\/2021\/12\/Disen\u0303o-sin-ti\u0301tulo-44.jpg","datePublished":"2021-12-14T11:52:35+00:00","dateModified":"2021-12-14T12:30:33+00:00","author":{"@id":"https:\/\/exaudi.org\/#\/schema\/person\/f5fc8f063065e38742da7afe15f25df7"},"description":"Se conceden cada dos a\u00f1os a obras que contribuyen de forma original a profundizar en la aplicaci\u00f3n de la doctrina social de la Iglesia.","breadcrumb":{"@id":"https:\/\/exaudi.org\/es\/la-fundacion-centesimus-annus-concede-los-premios-de-2021\/#breadcrumb"},"inLanguage":"es","potentialAction":[{"@type":"ReadAction","target":["https:\/\/exaudi.org\/es\/la-fundacion-centesimus-annus-concede-los-premios-de-2021\/"]}]},{"@type":"ImageObject","inLanguage":"es","@id":"https:\/\/exaudi.org\/es\/la-fundacion-centesimus-annus-concede-los-premios-de-2021\/#primaryimage","url":"https:\/\/exaudi.org\/wp-content\/uploads\/2021\/12\/Disen\u0303o-sin-ti\u0301tulo-44.jpg","contentUrl":"https:\/\/exaudi.org\/wp-content\/uploads\/2021\/12\/Disen\u0303o-sin-ti\u0301tulo-44.jpg","width":991,"height":771,"caption":"Centesimus Annus premia trabajos sobre ecolog\u00eda integral y bien com\u00fan \u00a9 Alba Montalvo"},{"@type":"BreadcrumbList","@id":"https:\/\/exaudi.org\/es\/la-fundacion-centesimus-annus-concede-los-premios-de-2021\/#breadcrumb","itemListElement":[{"@type":"ListItem","position":1,"name":"Portada","item":"https:\/\/exaudi.org\/es\/"},{"@type":"ListItem","position":2,"name":"La Fundaci\u00f3n Centesimus Annus concede los premios de 2021"}]},{"@type":"WebSite","@id":"https:\/\/exaudi.org\/#website","url":"https:\/\/exaudi.org\/","name":"Exaudi","description":"News","potentialAction":[{"@type":"SearchAction","target":{"@type":"EntryPoint","urlTemplate":"https:\/\/exaudi.org\/?s={search_term_string}"},"query-input":{"@type":"PropertyValueSpecification","valueRequired":true,"valueName":"search_term_string"}}],"inLanguage":"es"},{"@type":"Person","@id":"https:\/\/exaudi.org\/#\/schema\/person\/f5fc8f063065e38742da7afe15f25df7","name":"Exaudi Redacci\u00f3n","image":{"@type":"ImageObject","inLanguage":"es","@id":"https:\/\/secure.gravatar.com\/avatar\/fe0f6a059fb68d9b3e11bc5850dd4899b1c7492091a3cb6dd9b01b56ad828be2?s=96&d=mm&r=g","url":"https:\/\/secure.gravatar.com\/avatar\/fe0f6a059fb68d9b3e11bc5850dd4899b1c7492091a3cb6dd9b01b56ad828be2?s=96&d=mm&r=g","contentUrl":"https:\/\/secure.gravatar.com\/avatar\/fe0f6a059fb68d9b3e11bc5850dd4899b1c7492091a3cb6dd9b01b56ad828be2?s=96&d=mm&r=g","caption":"Exaudi Redacci\u00f3n"},"description":"\u00bfQu\u00e9 es Exaudi News? Exaudi News es un medio de comunicaci\u00f3n cat\u00f3lico internacional que informa, forma y transforma, diariamente en espa\u00f1ol, ingl\u00e9s e italiano. A trav\u00e9s de noticias, art\u00edculos de an\u00e1lisis y transmisiones en directo de los eventos del Papa, Exaudi busca fortalecer la unidad de los cristianos y contribuir a la evangelizaci\u00f3n del mundo, siempre guiados por la doctrina social de la Iglesia. Trabajamos para acercar la verdad y los valores cristianos a cada rinc\u00f3n del planeta. \u00a1Ay\u00fadanos a transformar el mundo con Exaudi! En Exaudi creemos que la evangelizaci\u00f3n y la informaci\u00f3n de calidad pueden cambiar vidas. Para continuar con nuestra misi\u00f3n y expandir nuestro alcance, necesitamos tu ayuda. Adem\u00e1s, buscamos personas comprometidas que deseen unirse a nuestro equipo. Con tu apoyo, lograremos llegar a m\u00e1s personas, difundir el mensaje de Cristo y reforzar la unidad de los cristianos. \u00bfTe unes a nuestra misi\u00f3n? Para m\u00e1s informaci\u00f3n sobre c\u00f3mo colaborar, visita Exaudi.org\/es o cont\u00e1ctanos directamente: info@exaudi.org Exaudi: Informa, forma y transforma.","sameAs":["https:\/\/www.facebook.com\/ExaudiNoticias\/","https:\/\/www.instagram.com\/exaudi_noticias\/","https:\/\/x.com\/Exaudi_noticias","https:\/\/www.youtube.com\/@exaudicatholicnews"],"url":"https:\/\/exaudi.org\/es\/author\/redaccionexaudi\/"}]}},"jetpack_featured_media_url":"https:\/\/exaudi.org\/wp-content\/uploads\/2021\/12\/Disen\u0303o-sin-ti\u0301tulo-44.jpg","jetpack_shortlink":"https:\/\/wp.me\/pgKjF2-bUI","_links":{"self":[{"href":"https:\/\/exaudi.org\/es\/wp-json\/wp\/v2\/posts\/45800","targetHints":{"allow":["GET"]}}],"collection":[{"href":"https:\/\/exaudi.org\/es\/wp-json\/wp\/v2\/posts"}],"about":[{"href":"https:\/\/exaudi.org\/es\/wp-json\/wp\/v2\/types\/post"}],"author":[{"embeddable":true,"href":"https:\/\/exaudi.org\/es\/wp-json\/wp\/v2\/users\/15"}],"replies":[{"embeddable":true,"href":"https:\/\/exaudi.org\/es\/wp-json\/wp\/v2\/comments?post=45800"}],"version-history":[{"count":0,"href":"https:\/\/exaudi.org\/es\/wp-json\/wp\/v2\/posts\/45800\/revisions"}],"wp:featuredmedia":[{"embeddable":true,"href":"https:\/\/exaudi.org\/es\/wp-json\/wp\/v2\/media\/45801"}],"wp:attachment":[{"href":"https:\/\/exaudi.org\/es\/wp-json\/wp\/v2\/media?parent=45800"}],"wp:term":[{"taxonomy":"category","embeddable":true,"href":"https:\/\/exaudi.org\/es\/wp-json\/wp\/v2\/categories?post=45800"},{"taxonomy":"post_tag","embeddable":true,"href":"https:\/\/exaudi.org\/es\/wp-json\/wp\/v2\/tags?post=45800"}],"curies":[{"name":"wp","href":"https:\/\/api.w.org\/{rel}","templated":true}]}}