{"id":45795,"date":"2021-12-14T12:24:19","date_gmt":"2021-12-14T11:24:19","guid":{"rendered":"https:\/\/exaudi.org\/?p=45795"},"modified":"2021-12-14T17:40:37","modified_gmt":"2021-12-14T16:40:37","slug":"europa-la-iglesia-pide-vacunarse-contra-el-covid-19","status":"publish","type":"post","link":"https:\/\/exaudi.org\/es\/europa-la-iglesia-pide-vacunarse-contra-el-covid-19\/","title":{"rendered":"Europa: La Iglesia pide vacunarse contra la COVID-19"},"content":{"rendered":"<p>Instando a la responsabilidad y al cuidado en medio de la actual pandemia de COVID-19, y animando a la vacunaci\u00f3n junto con las medidas sanitarias necesarias, el cardenal Jean-Claude Hollerich, presidente de la Comisi\u00f3n de las Conferencias Episcopales de la Uni\u00f3n Europea (COMECE), y el padre Christian Krieger, presidente de la <a href=\"https:\/\/www.ceceurope.org\/\" target=\"_blank\" rel=\"noopener\">Conferencia de Iglesias Europeas (CEC)<\/a>, han hecho el siguiente llamamiento conjunto. As\u00ed ha informado una nota de la propia <a href=\"http:\/\/www.comece.eu\/site\/en\/home\" target=\"_blank\" rel=\"noopener\">COMECE<\/a> el 14 de diciembre de 2021.<\/p>\n<h2>Responsabilidad y cuidado por todos<\/h2>\n<p>En este tiempo de Adviento, \u201cmanifestemos el amor de Cristo demostrando responsabilidad y cuidado por todos\u201d, se lee en el texto. Mientras la pandemia de COVID-19 contin\u00faa en un segundo a\u00f1o, las Iglesias europeas invitan a todos a observar las medidas sanitarias necesarias y a vacunarse. Seg\u00fan los informes, las infecciones por coronavirus siguen aumentando en Europa, mientras los m\u00e9dicos y los param\u00e9dicos est\u00e1n agotados y los hospitales se enfrentan al riesgo de un colapso inminente.<\/p>\n<p>De acuerdo al comunicado, las diferentes tasas de vacunaci\u00f3n en toda Europa ofrecen claros indicios de las razones de esta dram\u00e1tica situaci\u00f3n. En varios estados miembros de la Uni\u00f3n Europea, la aceptaci\u00f3n de la vacunaci\u00f3n completa, por desgracia, sigue estando muy por debajo del umbral necesario para frenar la propagaci\u00f3n del virus, aunque las vacunas est\u00e1n disponibles.<\/p>\n<p>Tras escuchar a los expertos en ciencia y medicina, \u201ccreemos que la vacunaci\u00f3n es actualmente la forma m\u00e1s eficaz de contrarrestar la pandemia y salvar vidas humanas. La vacunaci\u00f3n ofrece protecci\u00f3n no s\u00f3lo a nosotros mismos, sino tambi\u00e9n a nuestros hermanos y hermanas, especialmente a los m\u00e1s fr\u00e1giles de entre nosotros. Es, por tanto, un acto de amor y cuidado y tambi\u00e9n de responsabilidad y justicia social\u201d, afirman los obispos.<\/p>\n<h2>Contrarrestar cualquier intento de desinformaci\u00f3n<\/h2>\n<p>\u201cReconocemos que la decisi\u00f3n de vacunarse puede no ser f\u00e1cil y las razones para dudar pueden ser m\u00faltiples. Algunos pueden no estar en condiciones de recibir la vacuna debido a condiciones m\u00e9dicas graves. Otros pueden tener miedo o dudas sobre sus efectos. Les animamos a que aclaren sus dudas y tomen una decisi\u00f3n bien informada tras haber buscado el asesoramiento profesional de las autoridades y expertos competentes\u201d, contin\u00faa el mensaje.<\/p>\n<p>\u201cLamentablemente, tambi\u00e9n estamos asistiendo a la difusi\u00f3n de informaci\u00f3n falsa y afirmaciones infundadas en nuestras sociedades con respecto a la vacunaci\u00f3n, instrumentalizando la pandemia al provocar miedo y polarizaci\u00f3n en un momento en que nuestras sociedades necesitan cohesi\u00f3n, unidad y solidaridad\u201d, a\u00f1aden.<\/p>\n<p>De este modo, los prelados europeos \u201chacemos un firme llamamiento a todos los responsables de la sociedad, incluidos los actores pol\u00edticos y los medios de comunicaci\u00f3n, as\u00ed como los miembros de nuestras Iglesias, para que contrarresten cualquier intento de desinformaci\u00f3n\u201d y \u201ca todos\u00a0los actores de la sociedad para que sensibilicen a todo el mundo y les animen a tomar medidas responsables para protegerse a s\u00ed mismos y a los dem\u00e1s, especialmente a aquellos que no pueden vacunarse por razones de salud o de otro tipo\u201d.<\/p>\n<h2>Acceso equitativo a las vacunas<\/h2>\n<p>Por \u00faltimo, \u201ctambi\u00e9n queremos reiterar nuestro llamamiento a la Uni\u00f3n Europea y a sus estados miembros para que cumplan sus compromisos de <a href=\"https:\/\/exaudi.org\/es\/papa-apoyo-distribucion-equitativa-vacunas\/\" target=\"_blank\" rel=\"noopener\">reparto de vacunas<\/a> e intensifiquen los esfuerzos globales para garantizar un acceso equitativo a las vacunas COVID-19 para todos, incluso en las regiones con sistemas sanitarios m\u00e1s d\u00e9biles\u201d.<\/p>\n<p>\u201cMientras nos preparamos para celebrar la Navidad, recordemos: \u2018Una voz grita: En el desierto prepara el camino del Se\u00f1or, endereza en el desierto una calzada para nuestro Dios (Isa\u00edas 40.3)\u2019. Dios envi\u00f3 a su hijo a la tierra para expresar su amor y cuidado por nosotros. Esta buena noticia sigue siendo muy actual. Demos testimonio vivo de ella, mostremos responsabilidad y cuidado\u201d, concluye la nota.<\/p>\n","protected":false},"excerpt":{"rendered":"<p>Instando a la responsabilidad y al cuidado en medio de la actual pandemia<\/p>\n","protected":false},"author":81,"featured_media":45796,"comment_status":"closed","ping_status":"closed","sticky":false,"template":"","format":"standard","meta":{"_acf_changed":false,"_crdt_document":"","inline_featured_image":false,"footnotes":""},"categories":[86],"tags":[541,4953,735],"class_list":["post-45795","post","type-post","status-publish","format-standard","has-post-thumbnail","hentry","category-iglesia-local","tag-covid-19","tag-trending-es","tag-vacuna"],"acf":[],"yoast_head":"<!-- This site is optimized with the Yoast SEO plugin v27.4 - https:\/\/yoast.com\/product\/yoast-seo-wordpress\/ -->\n<title>Europa: La Iglesia pide vacunarse contra la COVID-19 &#8211; Exaudi<\/title>\n<meta name=\"description\" content=\"La Comisi\u00f3n de las Conferencias Episcopales de la Uni\u00f3n Europea pide a la poblaci\u00f3n vacunarse contra el COVID-19.\" \/>\n<meta name=\"robots\" content=\"index, follow, max-snippet:-1, max-image-preview:large, max-video-preview:-1\" \/>\n<link rel=\"canonical\" href=\"https:\/\/exaudi.org\/es\/europa-la-iglesia-pide-vacunarse-contra-el-covid-19\/\" \/>\n<meta property=\"og:locale\" content=\"es_ES\" \/>\n<meta property=\"og:type\" content=\"article\" \/>\n<meta property=\"og:title\" content=\"Europa: La Iglesia pide vacunarse contra la COVID-19 &#8211; Exaudi\" \/>\n<meta property=\"og:description\" content=\"La Comisi\u00f3n de las Conferencias Episcopales de la Uni\u00f3n Europea pide a la poblaci\u00f3n vacunarse contra el COVID-19.\" \/>\n<meta property=\"og:url\" content=\"https:\/\/exaudi.org\/es\/europa-la-iglesia-pide-vacunarse-contra-el-covid-19\/\" \/>\n<meta property=\"og:site_name\" content=\"Exaudi\" \/>\n<meta property=\"article:publisher\" content=\"https:\/\/www.facebook.com\/ExaudiNews\" \/>\n<meta property=\"article:published_time\" content=\"2021-12-14T11:24:19+00:00\" \/>\n<meta property=\"article:modified_time\" content=\"2021-12-14T16:40:37+00:00\" \/>\n<meta property=\"og:image\" content=\"https:\/\/exaudi.org\/wp-content\/uploads\/2021\/12\/Disen\u0303o-sin-ti\u0301tulo-43.jpg\" \/>\n\t<meta property=\"og:image:width\" content=\"991\" \/>\n\t<meta property=\"og:image:height\" content=\"771\" \/>\n\t<meta property=\"og:image:type\" content=\"image\/jpeg\" \/>\n<meta name=\"author\" content=\"Alba Montalvo\" \/>\n<meta name=\"twitter:card\" content=\"summary_large_image\" \/>\n<meta name=\"twitter:creator\" content=\"@Exaudi_News\" \/>\n<meta name=\"twitter:site\" content=\"@Exaudi_News\" \/>\n<meta name=\"twitter:label1\" content=\"Escrito por\" \/>\n\t<meta name=\"twitter:data1\" content=\"Alba Montalvo\" \/>\n\t<meta name=\"twitter:label2\" content=\"Tiempo de lectura\" \/>\n\t<meta name=\"twitter:data2\" content=\"3 minutos\" \/>\n<script type=\"application\/ld+json\" class=\"yoast-schema-graph\">{\"@context\":\"https:\\\/\\\/schema.org\",\"@graph\":[{\"@type\":\"Article\",\"@id\":\"https:\\\/\\\/exaudi.org\\\/es\\\/europa-la-iglesia-pide-vacunarse-contra-el-covid-19\\\/#article\",\"isPartOf\":{\"@id\":\"https:\\\/\\\/exaudi.org\\\/es\\\/europa-la-iglesia-pide-vacunarse-contra-el-covid-19\\\/\"},\"author\":{\"name\":\"Alba Montalvo\",\"@id\":\"https:\\\/\\\/exaudi.org\\\/#\\\/schema\\\/person\\\/fc7b3cbb6f4d66ebcb53bf601d7b7eb1\"},\"headline\":\"Europa: La Iglesia pide vacunarse contra la COVID-19\",\"datePublished\":\"2021-12-14T11:24:19+00:00\",\"dateModified\":\"2021-12-14T16:40:37+00:00\",\"mainEntityOfPage\":{\"@id\":\"https:\\\/\\\/exaudi.org\\\/es\\\/europa-la-iglesia-pide-vacunarse-contra-el-covid-19\\\/\"},\"wordCount\":663,\"image\":{\"@id\":\"https:\\\/\\\/exaudi.org\\\/es\\\/europa-la-iglesia-pide-vacunarse-contra-el-covid-19\\\/#primaryimage\"},\"thumbnailUrl\":\"https:\\\/\\\/exaudi.org\\\/wp-content\\\/uploads\\\/2021\\\/12\\\/Disen\u0303o-sin-ti\u0301tulo-43.jpg\",\"keywords\":[\"COVID-19\",\"Trending\",\"Vacuna\"],\"articleSection\":[\"Iglesia Local\"],\"inLanguage\":\"es\"},{\"@type\":\"WebPage\",\"@id\":\"https:\\\/\\\/exaudi.org\\\/es\\\/europa-la-iglesia-pide-vacunarse-contra-el-covid-19\\\/\",\"url\":\"https:\\\/\\\/exaudi.org\\\/es\\\/europa-la-iglesia-pide-vacunarse-contra-el-covid-19\\\/\",\"name\":\"Europa: La Iglesia pide vacunarse contra la COVID-19 &#8211; Exaudi\",\"isPartOf\":{\"@id\":\"https:\\\/\\\/exaudi.org\\\/#website\"},\"primaryImageOfPage\":{\"@id\":\"https:\\\/\\\/exaudi.org\\\/es\\\/europa-la-iglesia-pide-vacunarse-contra-el-covid-19\\\/#primaryimage\"},\"image\":{\"@id\":\"https:\\\/\\\/exaudi.org\\\/es\\\/europa-la-iglesia-pide-vacunarse-contra-el-covid-19\\\/#primaryimage\"},\"thumbnailUrl\":\"https:\\\/\\\/exaudi.org\\\/wp-content\\\/uploads\\\/2021\\\/12\\\/Disen\u0303o-sin-ti\u0301tulo-43.jpg\",\"datePublished\":\"2021-12-14T11:24:19+00:00\",\"dateModified\":\"2021-12-14T16:40:37+00:00\",\"author\":{\"@id\":\"https:\\\/\\\/exaudi.org\\\/#\\\/schema\\\/person\\\/fc7b3cbb6f4d66ebcb53bf601d7b7eb1\"},\"description\":\"La Comisi\u00f3n de las Conferencias Episcopales de la Uni\u00f3n Europea pide a la poblaci\u00f3n vacunarse contra el COVID-19.\",\"breadcrumb\":{\"@id\":\"https:\\\/\\\/exaudi.org\\\/es\\\/europa-la-iglesia-pide-vacunarse-contra-el-covid-19\\\/#breadcrumb\"},\"inLanguage\":\"es\",\"potentialAction\":[{\"@type\":\"ReadAction\",\"target\":[\"https:\\\/\\\/exaudi.org\\\/es\\\/europa-la-iglesia-pide-vacunarse-contra-el-covid-19\\\/\"]}]},{\"@type\":\"ImageObject\",\"inLanguage\":\"es\",\"@id\":\"https:\\\/\\\/exaudi.org\\\/es\\\/europa-la-iglesia-pide-vacunarse-contra-el-covid-19\\\/#primaryimage\",\"url\":\"https:\\\/\\\/exaudi.org\\\/wp-content\\\/uploads\\\/2021\\\/12\\\/Disen\u0303o-sin-ti\u0301tulo-43.jpg\",\"contentUrl\":\"https:\\\/\\\/exaudi.org\\\/wp-content\\\/uploads\\\/2021\\\/12\\\/Disen\u0303o-sin-ti\u0301tulo-43.jpg\",\"width\":991,\"height\":771,\"caption\":\"Vacuna \u00a9 Alba Montalvo\"},{\"@type\":\"BreadcrumbList\",\"@id\":\"https:\\\/\\\/exaudi.org\\\/es\\\/europa-la-iglesia-pide-vacunarse-contra-el-covid-19\\\/#breadcrumb\",\"itemListElement\":[{\"@type\":\"ListItem\",\"position\":1,\"name\":\"Portada\",\"item\":\"https:\\\/\\\/exaudi.org\\\/es\\\/\"},{\"@type\":\"ListItem\",\"position\":2,\"name\":\"Europa: La Iglesia pide vacunarse contra la COVID-19\"}]},{\"@type\":\"WebSite\",\"@id\":\"https:\\\/\\\/exaudi.org\\\/#website\",\"url\":\"https:\\\/\\\/exaudi.org\\\/\",\"name\":\"Exaudi\",\"description\":\"News\",\"potentialAction\":[{\"@type\":\"SearchAction\",\"target\":{\"@type\":\"EntryPoint\",\"urlTemplate\":\"https:\\\/\\\/exaudi.org\\\/?s={search_term_string}\"},\"query-input\":{\"@type\":\"PropertyValueSpecification\",\"valueRequired\":true,\"valueName\":\"search_term_string\"}}],\"inLanguage\":\"es\"},{\"@type\":\"Person\",\"@id\":\"https:\\\/\\\/exaudi.org\\\/#\\\/schema\\\/person\\\/fc7b3cbb6f4d66ebcb53bf601d7b7eb1\",\"name\":\"Alba Montalvo\",\"image\":{\"@type\":\"ImageObject\",\"inLanguage\":\"es\",\"@id\":\"https:\\\/\\\/secure.gravatar.com\\\/avatar\\\/1e8c522219a5df52d143b7baf13997ffd4f1814ca862efe7af11a13849275021?s=96&d=mm&r=g\",\"url\":\"https:\\\/\\\/secure.gravatar.com\\\/avatar\\\/1e8c522219a5df52d143b7baf13997ffd4f1814ca862efe7af11a13849275021?s=96&d=mm&r=g\",\"contentUrl\":\"https:\\\/\\\/secure.gravatar.com\\\/avatar\\\/1e8c522219a5df52d143b7baf13997ffd4f1814ca862efe7af11a13849275021?s=96&d=mm&r=g\",\"caption\":\"Alba Montalvo\"},\"description\":\"Licenciada en Periodismo y M\u00e1ster en Periodismo Social. Mi trayectoria profesional ha estado siempre vinculada al \u00e1mbito de la comunicaci\u00f3n en el entorno digital. He trabajado como productora, gestora de contenidos estrat\u00e9gicos para redes y entrevistadora en la Fundaci\u00f3n Mater Mundi TV. Madrile\u00f1a de nacimiento, actualmente vivo en M\u00e1laga.\",\"url\":\"https:\\\/\\\/exaudi.org\\\/es\\\/author\\\/amontalvoexaudi-org\\\/\"}]}<\/script>\n<!-- \/ Yoast SEO plugin. -->","yoast_head_json":{"title":"Europa: La Iglesia pide vacunarse contra la COVID-19 &#8211; Exaudi","description":"La Comisi\u00f3n de las Conferencias Episcopales de la Uni\u00f3n Europea pide a la poblaci\u00f3n vacunarse contra el COVID-19.","robots":{"index":"index","follow":"follow","max-snippet":"max-snippet:-1","max-image-preview":"max-image-preview:large","max-video-preview":"max-video-preview:-1"},"canonical":"https:\/\/exaudi.org\/es\/europa-la-iglesia-pide-vacunarse-contra-el-covid-19\/","og_locale":"es_ES","og_type":"article","og_title":"Europa: La Iglesia pide vacunarse contra la COVID-19 &#8211; Exaudi","og_description":"La Comisi\u00f3n de las Conferencias Episcopales de la Uni\u00f3n Europea pide a la poblaci\u00f3n vacunarse contra el COVID-19.","og_url":"https:\/\/exaudi.org\/es\/europa-la-iglesia-pide-vacunarse-contra-el-covid-19\/","og_site_name":"Exaudi","article_publisher":"https:\/\/www.facebook.com\/ExaudiNews","article_published_time":"2021-12-14T11:24:19+00:00","article_modified_time":"2021-12-14T16:40:37+00:00","og_image":[{"width":991,"height":771,"url":"https:\/\/exaudi.org\/wp-content\/uploads\/2021\/12\/Disen\u0303o-sin-ti\u0301tulo-43.jpg","type":"image\/jpeg"}],"author":"Alba Montalvo","twitter_card":"summary_large_image","twitter_creator":"@Exaudi_News","twitter_site":"@Exaudi_News","twitter_misc":{"Escrito por":"Alba Montalvo","Tiempo de lectura":"3 minutos"},"schema":{"@context":"https:\/\/schema.org","@graph":[{"@type":"Article","@id":"https:\/\/exaudi.org\/es\/europa-la-iglesia-pide-vacunarse-contra-el-covid-19\/#article","isPartOf":{"@id":"https:\/\/exaudi.org\/es\/europa-la-iglesia-pide-vacunarse-contra-el-covid-19\/"},"author":{"name":"Alba Montalvo","@id":"https:\/\/exaudi.org\/#\/schema\/person\/fc7b3cbb6f4d66ebcb53bf601d7b7eb1"},"headline":"Europa: La Iglesia pide vacunarse contra la COVID-19","datePublished":"2021-12-14T11:24:19+00:00","dateModified":"2021-12-14T16:40:37+00:00","mainEntityOfPage":{"@id":"https:\/\/exaudi.org\/es\/europa-la-iglesia-pide-vacunarse-contra-el-covid-19\/"},"wordCount":663,"image":{"@id":"https:\/\/exaudi.org\/es\/europa-la-iglesia-pide-vacunarse-contra-el-covid-19\/#primaryimage"},"thumbnailUrl":"https:\/\/exaudi.org\/wp-content\/uploads\/2021\/12\/Disen\u0303o-sin-ti\u0301tulo-43.jpg","keywords":["COVID-19","Trending","Vacuna"],"articleSection":["Iglesia Local"],"inLanguage":"es"},{"@type":"WebPage","@id":"https:\/\/exaudi.org\/es\/europa-la-iglesia-pide-vacunarse-contra-el-covid-19\/","url":"https:\/\/exaudi.org\/es\/europa-la-iglesia-pide-vacunarse-contra-el-covid-19\/","name":"Europa: La Iglesia pide vacunarse contra la COVID-19 &#8211; Exaudi","isPartOf":{"@id":"https:\/\/exaudi.org\/#website"},"primaryImageOfPage":{"@id":"https:\/\/exaudi.org\/es\/europa-la-iglesia-pide-vacunarse-contra-el-covid-19\/#primaryimage"},"image":{"@id":"https:\/\/exaudi.org\/es\/europa-la-iglesia-pide-vacunarse-contra-el-covid-19\/#primaryimage"},"thumbnailUrl":"https:\/\/exaudi.org\/wp-content\/uploads\/2021\/12\/Disen\u0303o-sin-ti\u0301tulo-43.jpg","datePublished":"2021-12-14T11:24:19+00:00","dateModified":"2021-12-14T16:40:37+00:00","author":{"@id":"https:\/\/exaudi.org\/#\/schema\/person\/fc7b3cbb6f4d66ebcb53bf601d7b7eb1"},"description":"La Comisi\u00f3n de las Conferencias Episcopales de la Uni\u00f3n Europea pide a la poblaci\u00f3n vacunarse contra el COVID-19.","breadcrumb":{"@id":"https:\/\/exaudi.org\/es\/europa-la-iglesia-pide-vacunarse-contra-el-covid-19\/#breadcrumb"},"inLanguage":"es","potentialAction":[{"@type":"ReadAction","target":["https:\/\/exaudi.org\/es\/europa-la-iglesia-pide-vacunarse-contra-el-covid-19\/"]}]},{"@type":"ImageObject","inLanguage":"es","@id":"https:\/\/exaudi.org\/es\/europa-la-iglesia-pide-vacunarse-contra-el-covid-19\/#primaryimage","url":"https:\/\/exaudi.org\/wp-content\/uploads\/2021\/12\/Disen\u0303o-sin-ti\u0301tulo-43.jpg","contentUrl":"https:\/\/exaudi.org\/wp-content\/uploads\/2021\/12\/Disen\u0303o-sin-ti\u0301tulo-43.jpg","width":991,"height":771,"caption":"Vacuna \u00a9 Alba Montalvo"},{"@type":"BreadcrumbList","@id":"https:\/\/exaudi.org\/es\/europa-la-iglesia-pide-vacunarse-contra-el-covid-19\/#breadcrumb","itemListElement":[{"@type":"ListItem","position":1,"name":"Portada","item":"https:\/\/exaudi.org\/es\/"},{"@type":"ListItem","position":2,"name":"Europa: La Iglesia pide vacunarse contra la COVID-19"}]},{"@type":"WebSite","@id":"https:\/\/exaudi.org\/#website","url":"https:\/\/exaudi.org\/","name":"Exaudi","description":"News","potentialAction":[{"@type":"SearchAction","target":{"@type":"EntryPoint","urlTemplate":"https:\/\/exaudi.org\/?s={search_term_string}"},"query-input":{"@type":"PropertyValueSpecification","valueRequired":true,"valueName":"search_term_string"}}],"inLanguage":"es"},{"@type":"Person","@id":"https:\/\/exaudi.org\/#\/schema\/person\/fc7b3cbb6f4d66ebcb53bf601d7b7eb1","name":"Alba Montalvo","image":{"@type":"ImageObject","inLanguage":"es","@id":"https:\/\/secure.gravatar.com\/avatar\/1e8c522219a5df52d143b7baf13997ffd4f1814ca862efe7af11a13849275021?s=96&d=mm&r=g","url":"https:\/\/secure.gravatar.com\/avatar\/1e8c522219a5df52d143b7baf13997ffd4f1814ca862efe7af11a13849275021?s=96&d=mm&r=g","contentUrl":"https:\/\/secure.gravatar.com\/avatar\/1e8c522219a5df52d143b7baf13997ffd4f1814ca862efe7af11a13849275021?s=96&d=mm&r=g","caption":"Alba Montalvo"},"description":"Licenciada en Periodismo y M\u00e1ster en Periodismo Social. Mi trayectoria profesional ha estado siempre vinculada al \u00e1mbito de la comunicaci\u00f3n en el entorno digital. He trabajado como productora, gestora de contenidos estrat\u00e9gicos para redes y entrevistadora en la Fundaci\u00f3n Mater Mundi TV. Madrile\u00f1a de nacimiento, actualmente vivo en M\u00e1laga.","url":"https:\/\/exaudi.org\/es\/author\/amontalvoexaudi-org\/"}]}},"jetpack_featured_media_url":"https:\/\/exaudi.org\/wp-content\/uploads\/2021\/12\/Disen\u0303o-sin-ti\u0301tulo-43.jpg","jetpack_shortlink":"https:\/\/wp.me\/pgKjF2-bUD","_links":{"self":[{"href":"https:\/\/exaudi.org\/es\/wp-json\/wp\/v2\/posts\/45795","targetHints":{"allow":["GET"]}}],"collection":[{"href":"https:\/\/exaudi.org\/es\/wp-json\/wp\/v2\/posts"}],"about":[{"href":"https:\/\/exaudi.org\/es\/wp-json\/wp\/v2\/types\/post"}],"author":[{"embeddable":true,"href":"https:\/\/exaudi.org\/es\/wp-json\/wp\/v2\/users\/81"}],"replies":[{"embeddable":true,"href":"https:\/\/exaudi.org\/es\/wp-json\/wp\/v2\/comments?post=45795"}],"version-history":[{"count":0,"href":"https:\/\/exaudi.org\/es\/wp-json\/wp\/v2\/posts\/45795\/revisions"}],"wp:featuredmedia":[{"embeddable":true,"href":"https:\/\/exaudi.org\/es\/wp-json\/wp\/v2\/media\/45796"}],"wp:attachment":[{"href":"https:\/\/exaudi.org\/es\/wp-json\/wp\/v2\/media?parent=45795"}],"wp:term":[{"taxonomy":"category","embeddable":true,"href":"https:\/\/exaudi.org\/es\/wp-json\/wp\/v2\/categories?post=45795"},{"taxonomy":"post_tag","embeddable":true,"href":"https:\/\/exaudi.org\/es\/wp-json\/wp\/v2\/tags?post=45795"}],"curies":[{"name":"wp","href":"https:\/\/api.w.org\/{rel}","templated":true}]}}