{"id":45791,"date":"2021-12-14T11:15:47","date_gmt":"2021-12-14T10:15:47","guid":{"rendered":"https:\/\/exaudi.org\/?p=45791"},"modified":"2021-12-14T14:27:31","modified_gmt":"2021-12-14T13:27:31","slug":"pesebre-san-pedro-fe-pueblo-chopcca","status":"publish","type":"post","link":"https:\/\/exaudi.org\/es\/pesebre-san-pedro-fe-pueblo-chopcca\/","title":{"rendered":"El pesebre de San Pedro \u201crepresenta la fe del pueblo Chopcca\u201d"},"content":{"rendered":"<p class=\"m-t-xs-20 m-b-xs-0 axil-post-title hover-line\">El pesebre de Huancavelica, Per\u00fa, desplegado en la plaza de San Pedro representa la fe del pueblo Chopcca. El pasado 10 de diciembre de 2021 se inaugur\u00f3 <a href=\"https:\/\/exaudi.org\/es\/peru-el-bendecido-pesebre-plaza-de-san-pedro\/\" target=\"_blank\" rel=\"noopener\">el pesebre huancavelicano<\/a> del pueblo de Chocca y el \u00e1rbol de Navidad en la plaza de San Pedro del Vaticano, donde ser\u00e1 exhibido durante 45 d\u00edas. La ceremonia se efectu\u00f3 en el aula Pablo VI\u00a0 de la Santa Sede debido a la fuerte lluvia que ca\u00eda sobre la ciudad de Roma y que ocasion\u00f3 el cambio del acto oficial de inauguraci\u00f3n. As\u00ed inform\u00f3 la <a href=\"https:\/\/www.iglesiacatolica.org.pe\/\" target=\"_blank\" rel=\"noopener\">Conferencia Episcopal Peruana<\/a> en una nota.<\/p>\n<p>En este acto participaron el ministro de Relaciones Exteriores de Per\u00fa, Oscar Ma\u00fartua; la presidenta ejecutiva de la Comisi\u00f3n de Promoci\u00f3n del Per\u00fa para la Exportaci\u00f3n y el Turismo (Promper\u00fa), Amora Carbajal Schumacher; el gobernador regional de Huancavelica, Maciste D\u00edaz Abad; el obispo de Huancavelica, monse\u00f1or Carlos Salcedo; y el representante de los artesanos peruanos, Manuel Bre\u00f1a, entre otros.<\/p>\n<p>Al presentar la ceremonia, el arzobispo Fernando V\u00e9rgez Alzaga, presidente de la Gobernaci\u00f3n del Estado de la Ciudad del Vaticano, record\u00f3 que el \u00e1rbol y el pesebre son signos importantes en este tiempo de Adviento: \u201cEs como alumbrar el camino para el Se\u00f1or que viene\u201d. A continuaci\u00f3n, subray\u00f3 que los habitantes de dos cadenas monta\u00f1osas, los Dolomitas y los Andes, se unen para rendir homenaje al Ni\u00f1o Jes\u00fas.<\/p>\n<p>Asimismo, la m\u00fasica marc\u00f3 esta cita con la proyecci\u00f3n de un video de canciones navide\u00f1as cantadas por los monaguillos la regi\u00f3n peruana de Huancavelica de donde proviene el pesebre. \u201cQuerido Papa Francisco \u2013dice al principio un ni\u00f1o vestido con ropas tradicionales \u2013 ofrecemos un canto para el Ni\u00f1o Jes\u00fas\u201d.<\/p>\n<p>Seg\u00fan el episcopado peruano, el obispo de Huancavelica, monse\u00f1or Carlos Salcedo Ojeda, expres\u00f3 la esperanza de que la humanidad avance en la fraternidad y la amistad social. Rez\u00f3, en particular, \u201cpor nuestra casa com\u00fan afectada por el cambio clim\u00e1tico y para que los ni\u00f1os crezcan en estatura y en la gracia de Dios\u201d.<\/p>\n<p>Despu\u00e9s, se mostr\u00f3 otro video y volvieron a sonar notas relacionadas con la vida de los pueblos de los Andes, como el himno procesional <em>\u201cJanacc pachap cussicuinin\u201d <\/em>compuesto, en 1631 por el sacerdote Juan P\u00e9rez Bocanegra para las fiestas dedicadas a la Virgen Mar\u00eda. Esta es la primera obra polif\u00f3nica representada en el \u201cNuevo Mundo\u201d. Los textos est\u00e1n escritos en lengua quechua.<\/p>\n<p>Por su parte, el ministro de Relaciones Exteriores del gobierno de Per\u00fa, Oscar Ma\u00fartua de Roma\u00f1a, record\u00f3 que este a\u00f1o el pueblo peruano conmemora su historia comunitaria reconociendo los desaf\u00edos que le esperan al pa\u00eds para ser m\u00e1s pr\u00f3spero, sostenible y justo. \u201cEl Per\u00fa cristiano -afirm\u00f3 emocionado- est\u00e1 representado aqu\u00ed, en medio de la \u2018columnata\u2019 de Bernini, con un pesebre proveniente de Huancavelica\u201d.<\/p>\n<p>\u201cEn este pesebre se puede ver todo el mundo simb\u00f3lico y sensorial de esta regi\u00f3n\u201d. \u201cHoy en la Plaza de San Pedro \u2013 subray\u00f3 el ministro \u2013 vemos un pedazo de la humanidad de Huancavelica\u201d. \u201cY se ve la esperanza de un pa\u00eds, el Per\u00fa, que busca reafirmar su alma cristiana\u201d.<\/p>\n<p>Despu\u00e9s de la inauguraci\u00f3n del pesebre, la Banda de M\u00fasica del Cuerpo de Gendarmer\u00eda interpret\u00f3 el himno italiano y se proyect\u00f3 un video con bellos paisajes de la regi\u00f3n de Trento y sus alrededores: monta\u00f1as nevadas, picos soleados y pueblos que se extienden alrededor de campanarios.<\/p>\n","protected":false},"excerpt":{"rendered":"<p>Donado desde Huancavelica, Per\u00fa e inaugurado junto al \u00e1rbol de Navidad el 10 de diciembre<\/p>\n","protected":false},"author":15,"featured_media":45792,"comment_status":"closed","ping_status":"closed","sticky":false,"template":"","format":"standard","meta":{"_acf_changed":false,"_crdt_document":"","inline_featured_image":false,"footnotes":""},"categories":[86,132],"tags":[5204,4953,272],"class_list":["post-45791","post","type-post","status-publish","format-standard","has-post-thumbnail","hentry","category-iglesia-local","category-vaticano-es","tag-pesebre-huancavelicano","tag-trending-es","tag-vaticano-es"],"acf":[],"yoast_head":"<!-- This site is optimized with the Yoast SEO plugin v27.5 - https:\/\/yoast.com\/product\/yoast-seo-wordpress\/ -->\n<title>El pesebre de San Pedro \u201crepresenta la fe del pueblo Chopcca\u201d &#8211; Exaudi<\/title>\n<meta name=\"description\" content=\"El pesebre de Huancavelica, Per\u00fa, desplegado en San Pedro representa la fe del pueblo Chopcca y fue inaugurado junto al \u00e1rbol de Navidad\" \/>\n<meta name=\"robots\" content=\"index, follow, max-snippet:-1, max-image-preview:large, max-video-preview:-1\" \/>\n<link rel=\"canonical\" href=\"https:\/\/exaudi.org\/es\/pesebre-san-pedro-fe-pueblo-chopcca\/\" \/>\n<meta property=\"og:locale\" content=\"es_ES\" \/>\n<meta property=\"og:type\" content=\"article\" \/>\n<meta property=\"og:title\" content=\"El pesebre de San Pedro \u201crepresenta la fe del pueblo Chopcca\u201d &#8211; Exaudi\" \/>\n<meta property=\"og:description\" content=\"El pesebre de Huancavelica, Per\u00fa, desplegado en San Pedro representa la fe del pueblo Chopcca y fue inaugurado junto al \u00e1rbol de Navidad\" \/>\n<meta property=\"og:url\" content=\"https:\/\/exaudi.org\/es\/pesebre-san-pedro-fe-pueblo-chopcca\/\" \/>\n<meta property=\"og:site_name\" content=\"Exaudi\" \/>\n<meta property=\"article:publisher\" content=\"https:\/\/www.facebook.com\/ExaudiNews\" \/>\n<meta property=\"article:author\" content=\"https:\/\/www.facebook.com\/ExaudiNoticias\/\" \/>\n<meta property=\"article:published_time\" content=\"2021-12-14T10:15:47+00:00\" \/>\n<meta property=\"article:modified_time\" content=\"2021-12-14T13:27:31+00:00\" \/>\n<meta property=\"og:image\" content=\"https:\/\/exaudi.org\/wp-content\/uploads\/2021\/12\/Disen\u0303o-sin-ti\u0301tulo-42.jpg\" \/>\n\t<meta property=\"og:image:width\" content=\"991\" \/>\n\t<meta property=\"og:image:height\" content=\"771\" \/>\n\t<meta property=\"og:image:type\" content=\"image\/jpeg\" \/>\n<meta name=\"author\" content=\"Exaudi Redacci\u00f3n\" \/>\n<meta name=\"twitter:card\" content=\"summary_large_image\" \/>\n<meta name=\"twitter:creator\" content=\"@Exaudi_noticias\" \/>\n<meta name=\"twitter:site\" content=\"@Exaudi_News\" \/>\n<meta name=\"twitter:label1\" content=\"Escrito por\" \/>\n\t<meta name=\"twitter:data1\" content=\"Exaudi Redacci\u00f3n\" \/>\n\t<meta name=\"twitter:label2\" content=\"Tiempo de lectura\" \/>\n\t<meta name=\"twitter:data2\" content=\"3 minutos\" \/>\n<script type=\"application\/ld+json\" class=\"yoast-schema-graph\">{\"@context\":\"https:\\\/\\\/schema.org\",\"@graph\":[{\"@type\":\"Article\",\"@id\":\"https:\\\/\\\/exaudi.org\\\/es\\\/pesebre-san-pedro-fe-pueblo-chopcca\\\/#article\",\"isPartOf\":{\"@id\":\"https:\\\/\\\/exaudi.org\\\/es\\\/pesebre-san-pedro-fe-pueblo-chopcca\\\/\"},\"author\":{\"name\":\"Exaudi Redacci\u00f3n\",\"@id\":\"https:\\\/\\\/exaudi.org\\\/#\\\/schema\\\/person\\\/f5fc8f063065e38742da7afe15f25df7\"},\"headline\":\"El pesebre de San Pedro \u201crepresenta la fe del pueblo Chopcca\u201d\",\"datePublished\":\"2021-12-14T10:15:47+00:00\",\"dateModified\":\"2021-12-14T13:27:31+00:00\",\"mainEntityOfPage\":{\"@id\":\"https:\\\/\\\/exaudi.org\\\/es\\\/pesebre-san-pedro-fe-pueblo-chopcca\\\/\"},\"wordCount\":602,\"image\":{\"@id\":\"https:\\\/\\\/exaudi.org\\\/es\\\/pesebre-san-pedro-fe-pueblo-chopcca\\\/#primaryimage\"},\"thumbnailUrl\":\"https:\\\/\\\/exaudi.org\\\/wp-content\\\/uploads\\\/2021\\\/12\\\/Disen\u0303o-sin-ti\u0301tulo-42.jpg\",\"keywords\":[\"pesebre huancavelicano\",\"Trending\",\"Vaticano\"],\"articleSection\":[\"Iglesia Local\",\"Vaticano\"],\"inLanguage\":\"es\"},{\"@type\":\"WebPage\",\"@id\":\"https:\\\/\\\/exaudi.org\\\/es\\\/pesebre-san-pedro-fe-pueblo-chopcca\\\/\",\"url\":\"https:\\\/\\\/exaudi.org\\\/es\\\/pesebre-san-pedro-fe-pueblo-chopcca\\\/\",\"name\":\"El pesebre de San Pedro \u201crepresenta la fe del pueblo Chopcca\u201d &#8211; Exaudi\",\"isPartOf\":{\"@id\":\"https:\\\/\\\/exaudi.org\\\/#website\"},\"primaryImageOfPage\":{\"@id\":\"https:\\\/\\\/exaudi.org\\\/es\\\/pesebre-san-pedro-fe-pueblo-chopcca\\\/#primaryimage\"},\"image\":{\"@id\":\"https:\\\/\\\/exaudi.org\\\/es\\\/pesebre-san-pedro-fe-pueblo-chopcca\\\/#primaryimage\"},\"thumbnailUrl\":\"https:\\\/\\\/exaudi.org\\\/wp-content\\\/uploads\\\/2021\\\/12\\\/Disen\u0303o-sin-ti\u0301tulo-42.jpg\",\"datePublished\":\"2021-12-14T10:15:47+00:00\",\"dateModified\":\"2021-12-14T13:27:31+00:00\",\"author\":{\"@id\":\"https:\\\/\\\/exaudi.org\\\/#\\\/schema\\\/person\\\/f5fc8f063065e38742da7afe15f25df7\"},\"description\":\"El pesebre de Huancavelica, Per\u00fa, desplegado en San Pedro representa la fe del pueblo Chopcca y fue inaugurado junto al \u00e1rbol de Navidad\",\"breadcrumb\":{\"@id\":\"https:\\\/\\\/exaudi.org\\\/es\\\/pesebre-san-pedro-fe-pueblo-chopcca\\\/#breadcrumb\"},\"inLanguage\":\"es\",\"potentialAction\":[{\"@type\":\"ReadAction\",\"target\":[\"https:\\\/\\\/exaudi.org\\\/es\\\/pesebre-san-pedro-fe-pueblo-chopcca\\\/\"]}]},{\"@type\":\"ImageObject\",\"inLanguage\":\"es\",\"@id\":\"https:\\\/\\\/exaudi.org\\\/es\\\/pesebre-san-pedro-fe-pueblo-chopcca\\\/#primaryimage\",\"url\":\"https:\\\/\\\/exaudi.org\\\/wp-content\\\/uploads\\\/2021\\\/12\\\/Disen\u0303o-sin-ti\u0301tulo-42.jpg\",\"contentUrl\":\"https:\\\/\\\/exaudi.org\\\/wp-content\\\/uploads\\\/2021\\\/12\\\/Disen\u0303o-sin-ti\u0301tulo-42.jpg\",\"width\":991,\"height\":771,\"caption\":\"El pesebre huancavelicano en el Vaticano 14 dic.2021 \u00a9 Conferencia Episcopal peruana\"},{\"@type\":\"BreadcrumbList\",\"@id\":\"https:\\\/\\\/exaudi.org\\\/es\\\/pesebre-san-pedro-fe-pueblo-chopcca\\\/#breadcrumb\",\"itemListElement\":[{\"@type\":\"ListItem\",\"position\":1,\"name\":\"Portada\",\"item\":\"https:\\\/\\\/exaudi.org\\\/es\\\/\"},{\"@type\":\"ListItem\",\"position\":2,\"name\":\"El pesebre de San Pedro \u201crepresenta la fe del pueblo Chopcca\u201d\"}]},{\"@type\":\"WebSite\",\"@id\":\"https:\\\/\\\/exaudi.org\\\/#website\",\"url\":\"https:\\\/\\\/exaudi.org\\\/\",\"name\":\"Exaudi\",\"description\":\"News\",\"potentialAction\":[{\"@type\":\"SearchAction\",\"target\":{\"@type\":\"EntryPoint\",\"urlTemplate\":\"https:\\\/\\\/exaudi.org\\\/?s={search_term_string}\"},\"query-input\":{\"@type\":\"PropertyValueSpecification\",\"valueRequired\":true,\"valueName\":\"search_term_string\"}}],\"inLanguage\":\"es\"},{\"@type\":\"Person\",\"@id\":\"https:\\\/\\\/exaudi.org\\\/#\\\/schema\\\/person\\\/f5fc8f063065e38742da7afe15f25df7\",\"name\":\"Exaudi Redacci\u00f3n\",\"image\":{\"@type\":\"ImageObject\",\"inLanguage\":\"es\",\"@id\":\"https:\\\/\\\/secure.gravatar.com\\\/avatar\\\/fe0f6a059fb68d9b3e11bc5850dd4899b1c7492091a3cb6dd9b01b56ad828be2?s=96&d=mm&r=g\",\"url\":\"https:\\\/\\\/secure.gravatar.com\\\/avatar\\\/fe0f6a059fb68d9b3e11bc5850dd4899b1c7492091a3cb6dd9b01b56ad828be2?s=96&d=mm&r=g\",\"contentUrl\":\"https:\\\/\\\/secure.gravatar.com\\\/avatar\\\/fe0f6a059fb68d9b3e11bc5850dd4899b1c7492091a3cb6dd9b01b56ad828be2?s=96&d=mm&r=g\",\"caption\":\"Exaudi Redacci\u00f3n\"},\"description\":\"\u00bfQu\u00e9 es Exaudi News? Exaudi News es un medio de comunicaci\u00f3n cat\u00f3lico internacional que informa, forma y transforma, diariamente en espa\u00f1ol, ingl\u00e9s e italiano. A trav\u00e9s de noticias, art\u00edculos de an\u00e1lisis y transmisiones en directo de los eventos del Papa, Exaudi busca fortalecer la unidad de los cristianos y contribuir a la evangelizaci\u00f3n del mundo, siempre guiados por la doctrina social de la Iglesia. Trabajamos para acercar la verdad y los valores cristianos a cada rinc\u00f3n del planeta. \u00a1Ay\u00fadanos a transformar el mundo con Exaudi! En Exaudi creemos que la evangelizaci\u00f3n y la informaci\u00f3n de calidad pueden cambiar vidas. Para continuar con nuestra misi\u00f3n y expandir nuestro alcance, necesitamos tu ayuda. Adem\u00e1s, buscamos personas comprometidas que deseen unirse a nuestro equipo. Con tu apoyo, lograremos llegar a m\u00e1s personas, difundir el mensaje de Cristo y reforzar la unidad de los cristianos. \u00bfTe unes a nuestra misi\u00f3n? Para m\u00e1s informaci\u00f3n sobre c\u00f3mo colaborar, visita Exaudi.org\\\/es o cont\u00e1ctanos directamente: info@exaudi.org Exaudi: Informa, forma y transforma.\",\"sameAs\":[\"https:\\\/\\\/www.facebook.com\\\/ExaudiNoticias\\\/\",\"https:\\\/\\\/www.instagram.com\\\/exaudi_noticias\\\/\",\"https:\\\/\\\/x.com\\\/Exaudi_noticias\",\"https:\\\/\\\/www.youtube.com\\\/@exaudicatholicnews\"],\"url\":\"https:\\\/\\\/exaudi.org\\\/es\\\/author\\\/redaccionexaudi\\\/\"}]}<\/script>\n<!-- \/ Yoast SEO plugin. -->","yoast_head_json":{"title":"El pesebre de San Pedro \u201crepresenta la fe del pueblo Chopcca\u201d &#8211; Exaudi","description":"El pesebre de Huancavelica, Per\u00fa, desplegado en San Pedro representa la fe del pueblo Chopcca y fue inaugurado junto al \u00e1rbol de Navidad","robots":{"index":"index","follow":"follow","max-snippet":"max-snippet:-1","max-image-preview":"max-image-preview:large","max-video-preview":"max-video-preview:-1"},"canonical":"https:\/\/exaudi.org\/es\/pesebre-san-pedro-fe-pueblo-chopcca\/","og_locale":"es_ES","og_type":"article","og_title":"El pesebre de San Pedro \u201crepresenta la fe del pueblo Chopcca\u201d &#8211; Exaudi","og_description":"El pesebre de Huancavelica, Per\u00fa, desplegado en San Pedro representa la fe del pueblo Chopcca y fue inaugurado junto al \u00e1rbol de Navidad","og_url":"https:\/\/exaudi.org\/es\/pesebre-san-pedro-fe-pueblo-chopcca\/","og_site_name":"Exaudi","article_publisher":"https:\/\/www.facebook.com\/ExaudiNews","article_author":"https:\/\/www.facebook.com\/ExaudiNoticias\/","article_published_time":"2021-12-14T10:15:47+00:00","article_modified_time":"2021-12-14T13:27:31+00:00","og_image":[{"width":991,"height":771,"url":"https:\/\/exaudi.org\/wp-content\/uploads\/2021\/12\/Disen\u0303o-sin-ti\u0301tulo-42.jpg","type":"image\/jpeg"}],"author":"Exaudi Redacci\u00f3n","twitter_card":"summary_large_image","twitter_creator":"@Exaudi_noticias","twitter_site":"@Exaudi_News","twitter_misc":{"Escrito por":"Exaudi Redacci\u00f3n","Tiempo de lectura":"3 minutos"},"schema":{"@context":"https:\/\/schema.org","@graph":[{"@type":"Article","@id":"https:\/\/exaudi.org\/es\/pesebre-san-pedro-fe-pueblo-chopcca\/#article","isPartOf":{"@id":"https:\/\/exaudi.org\/es\/pesebre-san-pedro-fe-pueblo-chopcca\/"},"author":{"name":"Exaudi Redacci\u00f3n","@id":"https:\/\/exaudi.org\/#\/schema\/person\/f5fc8f063065e38742da7afe15f25df7"},"headline":"El pesebre de San Pedro \u201crepresenta la fe del pueblo Chopcca\u201d","datePublished":"2021-12-14T10:15:47+00:00","dateModified":"2021-12-14T13:27:31+00:00","mainEntityOfPage":{"@id":"https:\/\/exaudi.org\/es\/pesebre-san-pedro-fe-pueblo-chopcca\/"},"wordCount":602,"image":{"@id":"https:\/\/exaudi.org\/es\/pesebre-san-pedro-fe-pueblo-chopcca\/#primaryimage"},"thumbnailUrl":"https:\/\/exaudi.org\/wp-content\/uploads\/2021\/12\/Disen\u0303o-sin-ti\u0301tulo-42.jpg","keywords":["pesebre huancavelicano","Trending","Vaticano"],"articleSection":["Iglesia Local","Vaticano"],"inLanguage":"es"},{"@type":"WebPage","@id":"https:\/\/exaudi.org\/es\/pesebre-san-pedro-fe-pueblo-chopcca\/","url":"https:\/\/exaudi.org\/es\/pesebre-san-pedro-fe-pueblo-chopcca\/","name":"El pesebre de San Pedro \u201crepresenta la fe del pueblo Chopcca\u201d &#8211; Exaudi","isPartOf":{"@id":"https:\/\/exaudi.org\/#website"},"primaryImageOfPage":{"@id":"https:\/\/exaudi.org\/es\/pesebre-san-pedro-fe-pueblo-chopcca\/#primaryimage"},"image":{"@id":"https:\/\/exaudi.org\/es\/pesebre-san-pedro-fe-pueblo-chopcca\/#primaryimage"},"thumbnailUrl":"https:\/\/exaudi.org\/wp-content\/uploads\/2021\/12\/Disen\u0303o-sin-ti\u0301tulo-42.jpg","datePublished":"2021-12-14T10:15:47+00:00","dateModified":"2021-12-14T13:27:31+00:00","author":{"@id":"https:\/\/exaudi.org\/#\/schema\/person\/f5fc8f063065e38742da7afe15f25df7"},"description":"El pesebre de Huancavelica, Per\u00fa, desplegado en San Pedro representa la fe del pueblo Chopcca y fue inaugurado junto al \u00e1rbol de Navidad","breadcrumb":{"@id":"https:\/\/exaudi.org\/es\/pesebre-san-pedro-fe-pueblo-chopcca\/#breadcrumb"},"inLanguage":"es","potentialAction":[{"@type":"ReadAction","target":["https:\/\/exaudi.org\/es\/pesebre-san-pedro-fe-pueblo-chopcca\/"]}]},{"@type":"ImageObject","inLanguage":"es","@id":"https:\/\/exaudi.org\/es\/pesebre-san-pedro-fe-pueblo-chopcca\/#primaryimage","url":"https:\/\/exaudi.org\/wp-content\/uploads\/2021\/12\/Disen\u0303o-sin-ti\u0301tulo-42.jpg","contentUrl":"https:\/\/exaudi.org\/wp-content\/uploads\/2021\/12\/Disen\u0303o-sin-ti\u0301tulo-42.jpg","width":991,"height":771,"caption":"El pesebre huancavelicano en el Vaticano 14 dic.2021 \u00a9 Conferencia Episcopal peruana"},{"@type":"BreadcrumbList","@id":"https:\/\/exaudi.org\/es\/pesebre-san-pedro-fe-pueblo-chopcca\/#breadcrumb","itemListElement":[{"@type":"ListItem","position":1,"name":"Portada","item":"https:\/\/exaudi.org\/es\/"},{"@type":"ListItem","position":2,"name":"El pesebre de San Pedro \u201crepresenta la fe del pueblo Chopcca\u201d"}]},{"@type":"WebSite","@id":"https:\/\/exaudi.org\/#website","url":"https:\/\/exaudi.org\/","name":"Exaudi","description":"News","potentialAction":[{"@type":"SearchAction","target":{"@type":"EntryPoint","urlTemplate":"https:\/\/exaudi.org\/?s={search_term_string}"},"query-input":{"@type":"PropertyValueSpecification","valueRequired":true,"valueName":"search_term_string"}}],"inLanguage":"es"},{"@type":"Person","@id":"https:\/\/exaudi.org\/#\/schema\/person\/f5fc8f063065e38742da7afe15f25df7","name":"Exaudi Redacci\u00f3n","image":{"@type":"ImageObject","inLanguage":"es","@id":"https:\/\/secure.gravatar.com\/avatar\/fe0f6a059fb68d9b3e11bc5850dd4899b1c7492091a3cb6dd9b01b56ad828be2?s=96&d=mm&r=g","url":"https:\/\/secure.gravatar.com\/avatar\/fe0f6a059fb68d9b3e11bc5850dd4899b1c7492091a3cb6dd9b01b56ad828be2?s=96&d=mm&r=g","contentUrl":"https:\/\/secure.gravatar.com\/avatar\/fe0f6a059fb68d9b3e11bc5850dd4899b1c7492091a3cb6dd9b01b56ad828be2?s=96&d=mm&r=g","caption":"Exaudi Redacci\u00f3n"},"description":"\u00bfQu\u00e9 es Exaudi News? Exaudi News es un medio de comunicaci\u00f3n cat\u00f3lico internacional que informa, forma y transforma, diariamente en espa\u00f1ol, ingl\u00e9s e italiano. A trav\u00e9s de noticias, art\u00edculos de an\u00e1lisis y transmisiones en directo de los eventos del Papa, Exaudi busca fortalecer la unidad de los cristianos y contribuir a la evangelizaci\u00f3n del mundo, siempre guiados por la doctrina social de la Iglesia. Trabajamos para acercar la verdad y los valores cristianos a cada rinc\u00f3n del planeta. \u00a1Ay\u00fadanos a transformar el mundo con Exaudi! En Exaudi creemos que la evangelizaci\u00f3n y la informaci\u00f3n de calidad pueden cambiar vidas. Para continuar con nuestra misi\u00f3n y expandir nuestro alcance, necesitamos tu ayuda. Adem\u00e1s, buscamos personas comprometidas que deseen unirse a nuestro equipo. Con tu apoyo, lograremos llegar a m\u00e1s personas, difundir el mensaje de Cristo y reforzar la unidad de los cristianos. \u00bfTe unes a nuestra misi\u00f3n? Para m\u00e1s informaci\u00f3n sobre c\u00f3mo colaborar, visita Exaudi.org\/es o cont\u00e1ctanos directamente: info@exaudi.org Exaudi: Informa, forma y transforma.","sameAs":["https:\/\/www.facebook.com\/ExaudiNoticias\/","https:\/\/www.instagram.com\/exaudi_noticias\/","https:\/\/x.com\/Exaudi_noticias","https:\/\/www.youtube.com\/@exaudicatholicnews"],"url":"https:\/\/exaudi.org\/es\/author\/redaccionexaudi\/"}]}},"jetpack_featured_media_url":"https:\/\/exaudi.org\/wp-content\/uploads\/2021\/12\/Disen\u0303o-sin-ti\u0301tulo-42.jpg","jetpack_shortlink":"https:\/\/wp.me\/pgKjF2-bUz","_links":{"self":[{"href":"https:\/\/exaudi.org\/es\/wp-json\/wp\/v2\/posts\/45791","targetHints":{"allow":["GET"]}}],"collection":[{"href":"https:\/\/exaudi.org\/es\/wp-json\/wp\/v2\/posts"}],"about":[{"href":"https:\/\/exaudi.org\/es\/wp-json\/wp\/v2\/types\/post"}],"author":[{"embeddable":true,"href":"https:\/\/exaudi.org\/es\/wp-json\/wp\/v2\/users\/15"}],"replies":[{"embeddable":true,"href":"https:\/\/exaudi.org\/es\/wp-json\/wp\/v2\/comments?post=45791"}],"version-history":[{"count":0,"href":"https:\/\/exaudi.org\/es\/wp-json\/wp\/v2\/posts\/45791\/revisions"}],"wp:featuredmedia":[{"embeddable":true,"href":"https:\/\/exaudi.org\/es\/wp-json\/wp\/v2\/media\/45792"}],"wp:attachment":[{"href":"https:\/\/exaudi.org\/es\/wp-json\/wp\/v2\/media?parent=45791"}],"wp:term":[{"taxonomy":"category","embeddable":true,"href":"https:\/\/exaudi.org\/es\/wp-json\/wp\/v2\/categories?post=45791"},{"taxonomy":"post_tag","embeddable":true,"href":"https:\/\/exaudi.org\/es\/wp-json\/wp\/v2\/tags?post=45791"}],"curies":[{"name":"wp","href":"https:\/\/api.w.org\/{rel}","templated":true}]}}