{"id":45695,"date":"2021-12-13T09:45:22","date_gmt":"2021-12-13T08:45:22","guid":{"rendered":"https:\/\/exaudi.org\/?p=45695"},"modified":"2021-12-13T17:23:42","modified_gmt":"2021-12-13T16:23:42","slug":"espana-papa-recibe-a-vicepresidenta-2a-gobierno","status":"publish","type":"post","link":"https:\/\/exaudi.org\/es\/espana-papa-recibe-a-vicepresidenta-2a-gobierno\/","title":{"rendered":"Espa\u00f1a: El Papa recibe a la vicepresidenta 2\u00aa del Gobierno"},"content":{"rendered":"<p>El Papa Francisco recibi\u00f3 el pasado 11 de diciembre de 2021 a la vicepresidenta 2\u00aa del Gobierno de Espa\u00f1a y ministra de Trabajo y Econom\u00eda Social, Yolanda D\u00edaz.<\/p>\n<p><img loading=\"lazy\" decoding=\"async\" class=\"size-medium wp-image-45703 alignleft\" src=\"https:\/\/exaudi.org\/wp-content\/uploads\/2021\/12\/VM111221110752_0033-300x200.jpg\" alt=\"\" width=\"300\" height=\"200\" srcset=\"https:\/\/exaudi.org\/wp-content\/uploads\/2021\/12\/VM111221110752_0033-300x200.jpg 300w, https:\/\/exaudi.org\/wp-content\/uploads\/2021\/12\/VM111221110752_0033-1024x683.jpg 1024w, https:\/\/exaudi.org\/wp-content\/uploads\/2021\/12\/VM111221110752_0033-770x513.jpg 770w, https:\/\/exaudi.org\/wp-content\/uploads\/2021\/12\/VM111221110752_0033-1536x1024.jpg 1536w, https:\/\/exaudi.org\/wp-content\/uploads\/2021\/12\/VM111221110752_0033-2048x1365.jpg 2048w, https:\/\/exaudi.org\/wp-content\/uploads\/2021\/12\/VM111221110752_0033-360x240.jpg?crop=1 360w, https:\/\/exaudi.org\/wp-content\/uploads\/2021\/12\/VM111221110752_0033-500x333.jpg 500w, https:\/\/exaudi.org\/wp-content\/uploads\/2021\/12\/VM111221110752_0033-1155x770.jpg 1155w, https:\/\/exaudi.org\/wp-content\/uploads\/2021\/12\/VM111221110752_0033-370x247.jpg 370w, https:\/\/exaudi.org\/wp-content\/uploads\/2021\/12\/VM111221110752_0033-293x195.jpg 293w, https:\/\/exaudi.org\/wp-content\/uploads\/2021\/12\/VM111221110752_0033-1400x933.jpg 1400w, https:\/\/exaudi.org\/wp-content\/uploads\/2021\/12\/VM111221110752_0033-120x80.jpg 120w, https:\/\/exaudi.org\/wp-content\/uploads\/2021\/12\/VM111221110752_0033-240x160.jpg 240w, https:\/\/exaudi.org\/wp-content\/uploads\/2021\/12\/VM111221110752_0033-390x260.jpg 390w\" sizes=\"auto, (max-width: 300px) 100vw, 300px\" \/>La reuni\u00f3n dur\u00f3 unos 40 minutos y por parte del Vaticano no hubo ning\u00fan comunicado. De acuerdo a la agencia de noticias EFE,\u00a0 Yolanda D\u00edaz convers\u00f3 con el Santo Padre sobre \u201cla reforma laboral en Espa\u00f1a, as\u00ed como la importancia de acabar con la precariedad y de fomentar la dignidad del trabajo\u201d.<\/p>\n<p>D\u00edaz le regal\u00f3 al Papa una estola de pl\u00e1stico reciclado y bordada por las carmelitas descalzas de Alcal\u00e1 de Henares, y una edici\u00f3n de <em>Follas Novas<\/em> de Rosal\u00eda de Castro, libro que los gallegos llevaban consigo cuando emigraban a Argentina.<\/p>\n<h2><strong>Yolanda D\u00edaz<\/strong><\/h2>\n<p>De acuerdo a la web del <a href=\"https:\/\/www.mites.gob.es\/\" target=\"_blank\" rel=\"noopener\">Ministerio de Trabajo y Econom\u00eda Social espa\u00f1o<\/a>l, naci\u00f3 en Fene (A Coru\u00f1a) en 1971 y Licenciada en Derecho. Realiz\u00f3 varios cursos superiores y de postgrado en relaciones Laborales; Derecho Urban\u00edstico y Ordenaci\u00f3n Territorial y Recursos Humanos. Adem\u00e1s, realiz\u00f3 formaci\u00f3n complementaria en Seguridad Social, contrataci\u00f3n laboral, administraci\u00f3n y poder pol\u00edtico y sobre g\u00e9nero.<\/p>\n<p><img loading=\"lazy\" decoding=\"async\" class=\"size-medium wp-image-45700 alignright\" src=\"https:\/\/exaudi.org\/wp-content\/uploads\/2021\/12\/VM111221114628_0092-300x200.jpg\" alt=\"\" width=\"300\" height=\"200\" srcset=\"https:\/\/exaudi.org\/wp-content\/uploads\/2021\/12\/VM111221114628_0092-300x200.jpg 300w, https:\/\/exaudi.org\/wp-content\/uploads\/2021\/12\/VM111221114628_0092-1024x683.jpg 1024w, https:\/\/exaudi.org\/wp-content\/uploads\/2021\/12\/VM111221114628_0092-770x513.jpg 770w, https:\/\/exaudi.org\/wp-content\/uploads\/2021\/12\/VM111221114628_0092-1536x1024.jpg 1536w, https:\/\/exaudi.org\/wp-content\/uploads\/2021\/12\/VM111221114628_0092-2048x1365.jpg 2048w, https:\/\/exaudi.org\/wp-content\/uploads\/2021\/12\/VM111221114628_0092-360x240.jpg?crop=1 360w, https:\/\/exaudi.org\/wp-content\/uploads\/2021\/12\/VM111221114628_0092-500x333.jpg 500w, https:\/\/exaudi.org\/wp-content\/uploads\/2021\/12\/VM111221114628_0092-1155x770.jpg 1155w, https:\/\/exaudi.org\/wp-content\/uploads\/2021\/12\/VM111221114628_0092-370x247.jpg 370w, https:\/\/exaudi.org\/wp-content\/uploads\/2021\/12\/VM111221114628_0092-293x195.jpg 293w, https:\/\/exaudi.org\/wp-content\/uploads\/2021\/12\/VM111221114628_0092-1400x933.jpg 1400w, https:\/\/exaudi.org\/wp-content\/uploads\/2021\/12\/VM111221114628_0092-120x80.jpg 120w, https:\/\/exaudi.org\/wp-content\/uploads\/2021\/12\/VM111221114628_0092-240x160.jpg 240w, https:\/\/exaudi.org\/wp-content\/uploads\/2021\/12\/VM111221114628_0092-390x260.jpg 390w\" sizes=\"auto, (max-width: 300px) 100vw, 300px\" \/>Empez\u00f3 colaborando con varios despachos de abogados, hasta formar el suyo propio en Ferrol, ciudad en la que actualmente reside. Durante su carrera como letrada abord\u00f3 diversas cuestiones y problem\u00e1ticas laborales y fue asesora de la cofrad\u00eda de pescadores y mujeres.<\/p>\n<p>En el a\u00f1o 2007 fue elegida concejala del Ayuntamiento de Ferrol, donde form\u00f3 un Gobierno de coalici\u00f3n con el Partido Socialista Obrero Espa\u00f1ol\u00a0 (PSOE) y ejerci\u00f3 como teniente de alcalde. En el a\u00f1o 2012 sali\u00f3 elegida diputada en el Parlamento de Galicia, donde ejerci\u00f3 de viceportavoz hasta las elecciones generales de 2016, que result\u00f3 elegida para representar en el Congreso de los diputados a los gallegos.<\/p>\n<p>Desde entonces, ocup\u00f3 varias portavoc\u00edas en Comisiones como Industria, Comercio y Turismo; Comisi\u00f3n de Econom\u00eda y Empresa; Comisi\u00f3n de Econom\u00eda, Industria y Competitividad; portavoz adjunta de la Comisi\u00f3n de Empleo y Seguridad Social; portavoz adjunta de la Comisi\u00f3n de Pol\u00edtica Territorial y Funci\u00f3n P\u00fablica, as\u00ed como portavoz de la Comisi\u00f3n de Seguimiento y Evaluaci\u00f3n de los Acuerdos Pacto de Toledo, adem\u00e1s de portavoz del Grupo Confederal Unidas Podemos &#8211; <em>En Com\u00fa Podem<\/em> &#8211; Galicia en Com\u00fan.<\/p>\n","protected":false},"excerpt":{"rendered":"<p>Yolanda D\u00edaz<\/p>\n","protected":false},"author":5,"featured_media":45697,"comment_status":"closed","ping_status":"closed","sticky":false,"template":"","format":"standard","meta":{"_acf_changed":false,"_crdt_document":"","inline_featured_image":false,"footnotes":""},"categories":[68],"tags":[1008,5192],"class_list":["post-45695","post","type-post","status-publish","format-standard","has-post-thumbnail","hentry","category-leon-xiv","tag-espana","tag-yolanda-diaz"],"acf":[],"yoast_head":"<!-- This site is optimized with the Yoast SEO plugin v27.5 - https:\/\/yoast.com\/product\/yoast-seo-wordpress\/ -->\n<title>Espa\u00f1a: El Papa recibe a la vicepresidenta 2\u00aa del Gobierno &#8211; Exaudi<\/title>\n<meta name=\"description\" content=\"El Papa Francisco recibi\u00f3 el pasado 11 de diciembre de 2021 a la vicepresidenta 2\u00aa del Gobierno de Espa\u00f1a, Yolanda D\u00edaz.\" \/>\n<meta name=\"robots\" content=\"index, follow, max-snippet:-1, max-image-preview:large, max-video-preview:-1\" \/>\n<link rel=\"canonical\" href=\"https:\/\/exaudi.org\/es\/espana-papa-recibe-a-vicepresidenta-2a-gobierno\/\" \/>\n<meta property=\"og:locale\" content=\"es_ES\" \/>\n<meta property=\"og:type\" content=\"article\" \/>\n<meta property=\"og:title\" content=\"Espa\u00f1a: El Papa recibe a la vicepresidenta 2\u00aa del Gobierno &#8211; Exaudi\" \/>\n<meta property=\"og:description\" content=\"El Papa Francisco recibi\u00f3 el pasado 11 de diciembre de 2021 a la vicepresidenta 2\u00aa del Gobierno de Espa\u00f1a, Yolanda D\u00edaz.\" \/>\n<meta property=\"og:url\" content=\"https:\/\/exaudi.org\/es\/espana-papa-recibe-a-vicepresidenta-2a-gobierno\/\" \/>\n<meta property=\"og:site_name\" content=\"Exaudi\" \/>\n<meta property=\"article:publisher\" content=\"https:\/\/www.facebook.com\/ExaudiNews\" \/>\n<meta property=\"article:published_time\" content=\"2021-12-13T08:45:22+00:00\" \/>\n<meta property=\"article:modified_time\" content=\"2021-12-13T16:23:42+00:00\" \/>\n<meta property=\"og:image\" content=\"https:\/\/exaudi.org\/wp-content\/uploads\/2021\/12\/VM111221110734_0026-scaled.jpg\" \/>\n\t<meta property=\"og:image:width\" content=\"2560\" \/>\n\t<meta property=\"og:image:height\" content=\"1707\" \/>\n\t<meta property=\"og:image:type\" content=\"image\/jpeg\" \/>\n<meta name=\"author\" content=\"Larissa I. L\u00f3pez\" \/>\n<meta name=\"twitter:card\" content=\"summary_large_image\" \/>\n<meta name=\"twitter:creator\" content=\"@Exaudi_News\" \/>\n<meta name=\"twitter:site\" content=\"@Exaudi_News\" \/>\n<meta name=\"twitter:label1\" content=\"Escrito por\" \/>\n\t<meta name=\"twitter:data1\" content=\"Larissa I. L\u00f3pez\" \/>\n\t<meta name=\"twitter:label2\" content=\"Tiempo de lectura\" \/>\n\t<meta name=\"twitter:data2\" content=\"2 minutos\" \/>\n<script type=\"application\/ld+json\" class=\"yoast-schema-graph\">{\"@context\":\"https:\\\/\\\/schema.org\",\"@graph\":[{\"@type\":\"Article\",\"@id\":\"https:\\\/\\\/exaudi.org\\\/es\\\/espana-papa-recibe-a-vicepresidenta-2a-gobierno\\\/#article\",\"isPartOf\":{\"@id\":\"https:\\\/\\\/exaudi.org\\\/es\\\/espana-papa-recibe-a-vicepresidenta-2a-gobierno\\\/\"},\"author\":{\"name\":\"Larissa I. L\u00f3pez\",\"@id\":\"https:\\\/\\\/exaudi.org\\\/#\\\/schema\\\/person\\\/7d2f77db033c2c0929edfab6dbe8c588\"},\"headline\":\"Espa\u00f1a: El Papa recibe a la vicepresidenta 2\u00aa del Gobierno\",\"datePublished\":\"2021-12-13T08:45:22+00:00\",\"dateModified\":\"2021-12-13T16:23:42+00:00\",\"mainEntityOfPage\":{\"@id\":\"https:\\\/\\\/exaudi.org\\\/es\\\/espana-papa-recibe-a-vicepresidenta-2a-gobierno\\\/\"},\"wordCount\":408,\"image\":{\"@id\":\"https:\\\/\\\/exaudi.org\\\/es\\\/espana-papa-recibe-a-vicepresidenta-2a-gobierno\\\/#primaryimage\"},\"thumbnailUrl\":\"https:\\\/\\\/exaudi.org\\\/wp-content\\\/uploads\\\/2021\\\/12\\\/VM111221110734_0026-scaled.jpg\",\"keywords\":[\"Espa\u00f1a\",\"Yolanda D\u00edaz\"],\"articleSection\":[\"Le\u00f3n XIV\"],\"inLanguage\":\"es\"},{\"@type\":\"WebPage\",\"@id\":\"https:\\\/\\\/exaudi.org\\\/es\\\/espana-papa-recibe-a-vicepresidenta-2a-gobierno\\\/\",\"url\":\"https:\\\/\\\/exaudi.org\\\/es\\\/espana-papa-recibe-a-vicepresidenta-2a-gobierno\\\/\",\"name\":\"Espa\u00f1a: El Papa recibe a la vicepresidenta 2\u00aa del Gobierno &#8211; Exaudi\",\"isPartOf\":{\"@id\":\"https:\\\/\\\/exaudi.org\\\/#website\"},\"primaryImageOfPage\":{\"@id\":\"https:\\\/\\\/exaudi.org\\\/es\\\/espana-papa-recibe-a-vicepresidenta-2a-gobierno\\\/#primaryimage\"},\"image\":{\"@id\":\"https:\\\/\\\/exaudi.org\\\/es\\\/espana-papa-recibe-a-vicepresidenta-2a-gobierno\\\/#primaryimage\"},\"thumbnailUrl\":\"https:\\\/\\\/exaudi.org\\\/wp-content\\\/uploads\\\/2021\\\/12\\\/VM111221110734_0026-scaled.jpg\",\"datePublished\":\"2021-12-13T08:45:22+00:00\",\"dateModified\":\"2021-12-13T16:23:42+00:00\",\"author\":{\"@id\":\"https:\\\/\\\/exaudi.org\\\/#\\\/schema\\\/person\\\/7d2f77db033c2c0929edfab6dbe8c588\"},\"description\":\"El Papa Francisco recibi\u00f3 el pasado 11 de diciembre de 2021 a la vicepresidenta 2\u00aa del Gobierno de Espa\u00f1a, Yolanda D\u00edaz.\",\"breadcrumb\":{\"@id\":\"https:\\\/\\\/exaudi.org\\\/es\\\/espana-papa-recibe-a-vicepresidenta-2a-gobierno\\\/#breadcrumb\"},\"inLanguage\":\"es\",\"potentialAction\":[{\"@type\":\"ReadAction\",\"target\":[\"https:\\\/\\\/exaudi.org\\\/es\\\/espana-papa-recibe-a-vicepresidenta-2a-gobierno\\\/\"]}]},{\"@type\":\"ImageObject\",\"inLanguage\":\"es\",\"@id\":\"https:\\\/\\\/exaudi.org\\\/es\\\/espana-papa-recibe-a-vicepresidenta-2a-gobierno\\\/#primaryimage\",\"url\":\"https:\\\/\\\/exaudi.org\\\/wp-content\\\/uploads\\\/2021\\\/12\\\/VM111221110734_0026-scaled.jpg\",\"contentUrl\":\"https:\\\/\\\/exaudi.org\\\/wp-content\\\/uploads\\\/2021\\\/12\\\/VM111221110734_0026-scaled.jpg\",\"width\":2560,\"height\":1707,\"caption\":\"El Papa recibe a la vicepresidenta 2\u00aa de\u00f1 Gobierno de Espa\u00f1a \u00a9 Vatican Media\"},{\"@type\":\"BreadcrumbList\",\"@id\":\"https:\\\/\\\/exaudi.org\\\/es\\\/espana-papa-recibe-a-vicepresidenta-2a-gobierno\\\/#breadcrumb\",\"itemListElement\":[{\"@type\":\"ListItem\",\"position\":1,\"name\":\"Portada\",\"item\":\"https:\\\/\\\/exaudi.org\\\/es\\\/\"},{\"@type\":\"ListItem\",\"position\":2,\"name\":\"Espa\u00f1a: El Papa recibe a la vicepresidenta 2\u00aa del Gobierno\"}]},{\"@type\":\"WebSite\",\"@id\":\"https:\\\/\\\/exaudi.org\\\/#website\",\"url\":\"https:\\\/\\\/exaudi.org\\\/\",\"name\":\"Exaudi\",\"description\":\"News\",\"potentialAction\":[{\"@type\":\"SearchAction\",\"target\":{\"@type\":\"EntryPoint\",\"urlTemplate\":\"https:\\\/\\\/exaudi.org\\\/?s={search_term_string}\"},\"query-input\":{\"@type\":\"PropertyValueSpecification\",\"valueRequired\":true,\"valueName\":\"search_term_string\"}}],\"inLanguage\":\"es\"},{\"@type\":\"Person\",\"@id\":\"https:\\\/\\\/exaudi.org\\\/#\\\/schema\\\/person\\\/7d2f77db033c2c0929edfab6dbe8c588\",\"name\":\"Larissa I. L\u00f3pez\",\"image\":{\"@type\":\"ImageObject\",\"inLanguage\":\"es\",\"@id\":\"https:\\\/\\\/secure.gravatar.com\\\/avatar\\\/db3ef399ff343d0bb9d25dc5198bc8ece5ac6d621eca79876697a354dabc1e3f?s=96&d=mm&r=g\",\"url\":\"https:\\\/\\\/secure.gravatar.com\\\/avatar\\\/db3ef399ff343d0bb9d25dc5198bc8ece5ac6d621eca79876697a354dabc1e3f?s=96&d=mm&r=g\",\"contentUrl\":\"https:\\\/\\\/secure.gravatar.com\\\/avatar\\\/db3ef399ff343d0bb9d25dc5198bc8ece5ac6d621eca79876697a354dabc1e3f?s=96&d=mm&r=g\",\"caption\":\"Larissa I. L\u00f3pez\"},\"description\":\"Doctora en Comunicaci\u00f3n. Mi trayectoria profesional ha transcurrido entre el \u00e1mbito de la comunicaci\u00f3n y el de la docencia. En los \u00faltimos a\u00f1os, he trabajado como coordinadora y redactora de la edici\u00f3n de ZENIT en espa\u00f1ol. Como profesora, he impartido clases en la universidad y en centros de FP y bachillerato. Cordobesa de nacimiento, tambi\u00e9n he vivido en Sevilla, Madrid y Roma\",\"url\":\"https:\\\/\\\/exaudi.org\\\/es\\\/author\\\/llopezexaudi-org\\\/\"}]}<\/script>\n<!-- \/ Yoast SEO plugin. -->","yoast_head_json":{"title":"Espa\u00f1a: El Papa recibe a la vicepresidenta 2\u00aa del Gobierno &#8211; Exaudi","description":"El Papa Francisco recibi\u00f3 el pasado 11 de diciembre de 2021 a la vicepresidenta 2\u00aa del Gobierno de Espa\u00f1a, Yolanda D\u00edaz.","robots":{"index":"index","follow":"follow","max-snippet":"max-snippet:-1","max-image-preview":"max-image-preview:large","max-video-preview":"max-video-preview:-1"},"canonical":"https:\/\/exaudi.org\/es\/espana-papa-recibe-a-vicepresidenta-2a-gobierno\/","og_locale":"es_ES","og_type":"article","og_title":"Espa\u00f1a: El Papa recibe a la vicepresidenta 2\u00aa del Gobierno &#8211; Exaudi","og_description":"El Papa Francisco recibi\u00f3 el pasado 11 de diciembre de 2021 a la vicepresidenta 2\u00aa del Gobierno de Espa\u00f1a, Yolanda D\u00edaz.","og_url":"https:\/\/exaudi.org\/es\/espana-papa-recibe-a-vicepresidenta-2a-gobierno\/","og_site_name":"Exaudi","article_publisher":"https:\/\/www.facebook.com\/ExaudiNews","article_published_time":"2021-12-13T08:45:22+00:00","article_modified_time":"2021-12-13T16:23:42+00:00","og_image":[{"width":2560,"height":1707,"url":"https:\/\/exaudi.org\/wp-content\/uploads\/2021\/12\/VM111221110734_0026-scaled.jpg","type":"image\/jpeg"}],"author":"Larissa I. L\u00f3pez","twitter_card":"summary_large_image","twitter_creator":"@Exaudi_News","twitter_site":"@Exaudi_News","twitter_misc":{"Escrito por":"Larissa I. L\u00f3pez","Tiempo de lectura":"2 minutos"},"schema":{"@context":"https:\/\/schema.org","@graph":[{"@type":"Article","@id":"https:\/\/exaudi.org\/es\/espana-papa-recibe-a-vicepresidenta-2a-gobierno\/#article","isPartOf":{"@id":"https:\/\/exaudi.org\/es\/espana-papa-recibe-a-vicepresidenta-2a-gobierno\/"},"author":{"name":"Larissa I. L\u00f3pez","@id":"https:\/\/exaudi.org\/#\/schema\/person\/7d2f77db033c2c0929edfab6dbe8c588"},"headline":"Espa\u00f1a: El Papa recibe a la vicepresidenta 2\u00aa del Gobierno","datePublished":"2021-12-13T08:45:22+00:00","dateModified":"2021-12-13T16:23:42+00:00","mainEntityOfPage":{"@id":"https:\/\/exaudi.org\/es\/espana-papa-recibe-a-vicepresidenta-2a-gobierno\/"},"wordCount":408,"image":{"@id":"https:\/\/exaudi.org\/es\/espana-papa-recibe-a-vicepresidenta-2a-gobierno\/#primaryimage"},"thumbnailUrl":"https:\/\/exaudi.org\/wp-content\/uploads\/2021\/12\/VM111221110734_0026-scaled.jpg","keywords":["Espa\u00f1a","Yolanda D\u00edaz"],"articleSection":["Le\u00f3n XIV"],"inLanguage":"es"},{"@type":"WebPage","@id":"https:\/\/exaudi.org\/es\/espana-papa-recibe-a-vicepresidenta-2a-gobierno\/","url":"https:\/\/exaudi.org\/es\/espana-papa-recibe-a-vicepresidenta-2a-gobierno\/","name":"Espa\u00f1a: El Papa recibe a la vicepresidenta 2\u00aa del Gobierno &#8211; Exaudi","isPartOf":{"@id":"https:\/\/exaudi.org\/#website"},"primaryImageOfPage":{"@id":"https:\/\/exaudi.org\/es\/espana-papa-recibe-a-vicepresidenta-2a-gobierno\/#primaryimage"},"image":{"@id":"https:\/\/exaudi.org\/es\/espana-papa-recibe-a-vicepresidenta-2a-gobierno\/#primaryimage"},"thumbnailUrl":"https:\/\/exaudi.org\/wp-content\/uploads\/2021\/12\/VM111221110734_0026-scaled.jpg","datePublished":"2021-12-13T08:45:22+00:00","dateModified":"2021-12-13T16:23:42+00:00","author":{"@id":"https:\/\/exaudi.org\/#\/schema\/person\/7d2f77db033c2c0929edfab6dbe8c588"},"description":"El Papa Francisco recibi\u00f3 el pasado 11 de diciembre de 2021 a la vicepresidenta 2\u00aa del Gobierno de Espa\u00f1a, Yolanda D\u00edaz.","breadcrumb":{"@id":"https:\/\/exaudi.org\/es\/espana-papa-recibe-a-vicepresidenta-2a-gobierno\/#breadcrumb"},"inLanguage":"es","potentialAction":[{"@type":"ReadAction","target":["https:\/\/exaudi.org\/es\/espana-papa-recibe-a-vicepresidenta-2a-gobierno\/"]}]},{"@type":"ImageObject","inLanguage":"es","@id":"https:\/\/exaudi.org\/es\/espana-papa-recibe-a-vicepresidenta-2a-gobierno\/#primaryimage","url":"https:\/\/exaudi.org\/wp-content\/uploads\/2021\/12\/VM111221110734_0026-scaled.jpg","contentUrl":"https:\/\/exaudi.org\/wp-content\/uploads\/2021\/12\/VM111221110734_0026-scaled.jpg","width":2560,"height":1707,"caption":"El Papa recibe a la vicepresidenta 2\u00aa de\u00f1 Gobierno de Espa\u00f1a \u00a9 Vatican Media"},{"@type":"BreadcrumbList","@id":"https:\/\/exaudi.org\/es\/espana-papa-recibe-a-vicepresidenta-2a-gobierno\/#breadcrumb","itemListElement":[{"@type":"ListItem","position":1,"name":"Portada","item":"https:\/\/exaudi.org\/es\/"},{"@type":"ListItem","position":2,"name":"Espa\u00f1a: El Papa recibe a la vicepresidenta 2\u00aa del Gobierno"}]},{"@type":"WebSite","@id":"https:\/\/exaudi.org\/#website","url":"https:\/\/exaudi.org\/","name":"Exaudi","description":"News","potentialAction":[{"@type":"SearchAction","target":{"@type":"EntryPoint","urlTemplate":"https:\/\/exaudi.org\/?s={search_term_string}"},"query-input":{"@type":"PropertyValueSpecification","valueRequired":true,"valueName":"search_term_string"}}],"inLanguage":"es"},{"@type":"Person","@id":"https:\/\/exaudi.org\/#\/schema\/person\/7d2f77db033c2c0929edfab6dbe8c588","name":"Larissa I. L\u00f3pez","image":{"@type":"ImageObject","inLanguage":"es","@id":"https:\/\/secure.gravatar.com\/avatar\/db3ef399ff343d0bb9d25dc5198bc8ece5ac6d621eca79876697a354dabc1e3f?s=96&d=mm&r=g","url":"https:\/\/secure.gravatar.com\/avatar\/db3ef399ff343d0bb9d25dc5198bc8ece5ac6d621eca79876697a354dabc1e3f?s=96&d=mm&r=g","contentUrl":"https:\/\/secure.gravatar.com\/avatar\/db3ef399ff343d0bb9d25dc5198bc8ece5ac6d621eca79876697a354dabc1e3f?s=96&d=mm&r=g","caption":"Larissa I. L\u00f3pez"},"description":"Doctora en Comunicaci\u00f3n. Mi trayectoria profesional ha transcurrido entre el \u00e1mbito de la comunicaci\u00f3n y el de la docencia. En los \u00faltimos a\u00f1os, he trabajado como coordinadora y redactora de la edici\u00f3n de ZENIT en espa\u00f1ol. Como profesora, he impartido clases en la universidad y en centros de FP y bachillerato. Cordobesa de nacimiento, tambi\u00e9n he vivido en Sevilla, Madrid y Roma","url":"https:\/\/exaudi.org\/es\/author\/llopezexaudi-org\/"}]}},"jetpack_featured_media_url":"https:\/\/exaudi.org\/wp-content\/uploads\/2021\/12\/VM111221110734_0026-scaled.jpg","jetpack_shortlink":"https:\/\/wp.me\/pgKjF2-bT1","_links":{"self":[{"href":"https:\/\/exaudi.org\/es\/wp-json\/wp\/v2\/posts\/45695","targetHints":{"allow":["GET"]}}],"collection":[{"href":"https:\/\/exaudi.org\/es\/wp-json\/wp\/v2\/posts"}],"about":[{"href":"https:\/\/exaudi.org\/es\/wp-json\/wp\/v2\/types\/post"}],"author":[{"embeddable":true,"href":"https:\/\/exaudi.org\/es\/wp-json\/wp\/v2\/users\/5"}],"replies":[{"embeddable":true,"href":"https:\/\/exaudi.org\/es\/wp-json\/wp\/v2\/comments?post=45695"}],"version-history":[{"count":0,"href":"https:\/\/exaudi.org\/es\/wp-json\/wp\/v2\/posts\/45695\/revisions"}],"wp:featuredmedia":[{"embeddable":true,"href":"https:\/\/exaudi.org\/es\/wp-json\/wp\/v2\/media\/45697"}],"wp:attachment":[{"href":"https:\/\/exaudi.org\/es\/wp-json\/wp\/v2\/media?parent=45695"}],"wp:term":[{"taxonomy":"category","embeddable":true,"href":"https:\/\/exaudi.org\/es\/wp-json\/wp\/v2\/categories?post=45695"},{"taxonomy":"post_tag","embeddable":true,"href":"https:\/\/exaudi.org\/es\/wp-json\/wp\/v2\/tags?post=45695"}],"curies":[{"name":"wp","href":"https:\/\/api.w.org\/{rel}","templated":true}]}}