{"id":45601,"date":"2021-12-13T13:50:53","date_gmt":"2021-12-13T12:50:53","guid":{"rendered":"https:\/\/exaudi.org\/?p=45601"},"modified":"2021-12-13T14:04:37","modified_gmt":"2021-12-13T13:04:37","slug":"religiosa-francesa-marie-rivier-sera-canonizada","status":"publish","type":"post","link":"https:\/\/exaudi.org\/es\/religiosa-francesa-marie-rivier-sera-canonizada\/","title":{"rendered":"La religiosa francesa Marie Rivier ser\u00e1 canonizada"},"content":{"rendered":"<p>La religiosa francesa Marie Rivier, fundadora de la Congregaci\u00f3n de las Hermanas de la Presentaci\u00f3n de Mar\u00eda, ser\u00e1 canonizada. Tras recibir este lunes, 13 de diciembre de 2021, al prefecto de la <a href=\"http:\/\/www.causesanti.va\/it.html\" target=\"_blank\" rel=\"noopener\">Congregaci\u00f3n para las Causas de los Santos<\/a>, el Papa Francisco aprob\u00f3 tambi\u00e9n los decretos que permitir\u00e1n que la religiosa italiana Maria Carola Cecchin sea beatificada, mientras que 3 sacerdotes y una monja polaca ser\u00e1n venerables.<\/p>\n<h2><strong>Milagros<\/strong><\/h2>\n<p>Efectivamente, el Santo Padre ha aprobado el milagro de la beata Mar\u00eda Rivier, fundadora de la Congregaci\u00f3n de las Hermanas de la Presentaci\u00f3n de Mar\u00eda. Tras esta confirmaci\u00f3n, ya solo es necesario que se fije la fecha en la que ser\u00e1 canonizada. Asimismo, el Papa tambi\u00e9n ratific\u00f3 el decreto del milagro atribuido a la venerable Mar\u00eda Carola Cecchin (cuyo nombre de pila es Fiorina), religiosa profesa de la Congregaci\u00f3n de San Benito-Cottolengo. De la misma manera, ahora solo queda esperar al anuncio de su beatificaci\u00f3n.<\/p>\n<h2><strong>Virtudes heroicas<\/strong><\/h2>\n<p>En esta ocasi\u00f3n, Francisco tambi\u00e9n aprob\u00f3 las virtudes heroicas de los siervos de Dios: Andr\u00e9s Garrido Perales, sacerdote espa\u00f1ol; Carlo Maria da Abbiategrasso, sacerdote capuchino de Italia; Bernardo Sartori, sacerdote de los misioneros Combonianos ; y Mar\u00eda Margarita de la Cruz de Jes\u00fas Agonizante en el Huerto de Getseman\u00ed, religiosa polaca de la Congregaci\u00f3n de las Hermanas de la Sagrada Familia de Nazareth.<\/p>\n<p>El reconocimiento de las\u00a0virtudes heroicas\u00a0de una persona otorga el t\u00edtulo de venerable. Esta condici\u00f3n ratifica que un fallecido vivi\u00f3 las virtudes teologales (fe, esperanza y caridad), las cardinales (fortaleza, prudencia, templanza y justicia) y todas las dem\u00e1s virtudes de manera heroica, es decir, extraordinaria.<\/p>\n<p>Ser venerable consiste en el primer paso en el proceso oficial de la causa de los santos, antes de ser proclamado beato y santo. Para proseguir hacia la beatificaci\u00f3n hace falta ahora la aprobaci\u00f3n de un milagro obrado por su intercesi\u00f3n.<\/p>\n<h2><strong>Decretos<\/strong><\/h2>\n<p>A continuaci\u00f3n, siguen los Decretos promulgados por el Papa Francisco este 13 de diciembre de 2021, ofrecidos por la Oficina de Prensa de la Santa Sede.<\/p>\n<p>&#8211; milagro atribuido a la intercesi\u00f3n de la beata Marie Rivier, fundadora de la Congregaci\u00f3n de las Hermanas de la Presentaci\u00f3n de Mar\u00eda; nacida el 19 de diciembre de 1768 en Montpezat-sous-Bauzon (Francia) y fallecida en Bourg-Saint-And\u00e9ol (Francia) el 3 de febrero de 1838;<\/p>\n<p>&#8211; el milagro atribuido a la intercesi\u00f3n de la venerable sierva de Dios Mar\u00eda Carola Cecchin (en el siglo Fiorina), monja profesa de la Congregaci\u00f3n de las Hermanas de San Jos\u00e9 Benedicto Cottolengo; nacida el 3 de abril de 1877 en Cittadella (Italia) y fallecida en el barco cuando regresaba de Kenia a Italia el 13 de noviembre de 1925;<\/p>\n<p>&#8211; las virtudes heroicas del siervo de Dios Andr\u00e9s Garrido Perales, sacerdote profeso de la Orden de la Sant\u00edsima Virgen Mar\u00eda de la Merced; nacido el 29 de noviembre de 1663 en Vallada (Espa\u00f1a) y fallecido el 23 de febrero de 1728 en X\u00e1tiva (Espa\u00f1a);<\/p>\n<p>&#8211; las virtudes heroicas del siervo de Dios Carlo Maria da Abbiategrasso (en el siglo: Gaetano Antonio Vigevano), sacerdote profeso de la Orden de los Hermanos Menores Capuchinos; nacido el 30 de agosto de 1825 en Abbiategrasso (Italia) y fallecido el 21 de febrero de 1859 en Casalpusterlengo (Italia);<\/p>\n<p>&#8211; las virtudes heroicas del siervo de Dios Bernardo Sartori, sacerdote profeso de los Misioneros Combonianos del Coraz\u00f3n de Jes\u00fas; nacido el 20 de mayo de 1897 en Falz\u00e9 di Trevignano (Italia) y fallecido el 3 de abril de 1983 en Ombaci (Uganda);<\/p>\n<p>&#8211; las virtudes heroicas de la sierva de Dios Mar\u00eda Margarita del Coraz\u00f3n de Jes\u00fas en agon\u00eda en el Huerto de Getseman\u00ed (en el siglo Ludovica Bana\u015b), religiosa profesa de la Congregaci\u00f3n de las Hermanas de la Sagrada Familia de Nazaret; nacida el 10 de abril de 1896 en Klecza Dolna (Polonia) y fallecida el 26 de abril de 1966 en Nowogr\u00f3dek (actual Bielorrusia).<\/p>\n","protected":false},"excerpt":{"rendered":"<p>El Papa aprueba el Decreto de su milagro y otros 5 m\u00e1s<\/p>\n","protected":false},"author":5,"featured_media":45602,"comment_status":"closed","ping_status":"closed","sticky":false,"template":"","format":"standard","meta":{"_acf_changed":false,"_crdt_document":"","inline_featured_image":false,"footnotes":""},"categories":[134],"tags":[2374,261,4953],"class_list":["post-45601","post","type-post","status-publish","format-standard","has-post-thumbnail","hentry","category-causas-de-santos","tag-causas-de-los-santos","tag-congregacion-para-la-causa-de-los-santos","tag-trending-es"],"acf":[],"yoast_head":"<!-- This site is optimized with the Yoast SEO plugin v27.5 - https:\/\/yoast.com\/product\/yoast-seo-wordpress\/ -->\n<title>La religiosa francesa Marie Rivier ser\u00e1 canonizada &#8211; Exaudi<\/title>\n<meta name=\"description\" content=\"La religiosa francesa Marie Rivier, fundadora de la Congregaci\u00f3n de las Hermanas de la Presentaci\u00f3n de Mar\u00eda, ser\u00e1 canonizada\" \/>\n<meta name=\"robots\" content=\"index, follow, max-snippet:-1, max-image-preview:large, max-video-preview:-1\" \/>\n<link rel=\"canonical\" href=\"https:\/\/exaudi.org\/es\/religiosa-francesa-marie-rivier-sera-canonizada\/\" \/>\n<meta property=\"og:locale\" content=\"es_ES\" \/>\n<meta property=\"og:type\" content=\"article\" \/>\n<meta property=\"og:title\" content=\"La religiosa francesa Marie Rivier ser\u00e1 canonizada &#8211; Exaudi\" \/>\n<meta property=\"og:description\" content=\"La religiosa francesa Marie Rivier, fundadora de la Congregaci\u00f3n de las Hermanas de la Presentaci\u00f3n de Mar\u00eda, ser\u00e1 canonizada\" \/>\n<meta property=\"og:url\" content=\"https:\/\/exaudi.org\/es\/religiosa-francesa-marie-rivier-sera-canonizada\/\" \/>\n<meta property=\"og:site_name\" content=\"Exaudi\" \/>\n<meta property=\"article:publisher\" content=\"https:\/\/www.facebook.com\/ExaudiNews\" \/>\n<meta property=\"article:published_time\" content=\"2021-12-13T12:50:53+00:00\" \/>\n<meta property=\"article:modified_time\" content=\"2021-12-13T13:04:37+00:00\" \/>\n<meta property=\"og:image\" content=\"https:\/\/exaudi.org\/wp-content\/uploads\/2021\/12\/Decretos-de-las-Causas-de-los-Santos-13-dic.-2021.png\" \/>\n\t<meta property=\"og:image:width\" content=\"920\" \/>\n\t<meta property=\"og:image:height\" content=\"772\" \/>\n\t<meta property=\"og:image:type\" content=\"image\/png\" \/>\n<meta name=\"author\" content=\"Larissa I. L\u00f3pez\" \/>\n<meta name=\"twitter:card\" content=\"summary_large_image\" \/>\n<meta name=\"twitter:creator\" content=\"@Exaudi_News\" \/>\n<meta name=\"twitter:site\" content=\"@Exaudi_News\" \/>\n<meta name=\"twitter:label1\" content=\"Escrito por\" \/>\n\t<meta name=\"twitter:data1\" content=\"Larissa I. L\u00f3pez\" \/>\n\t<meta name=\"twitter:label2\" content=\"Tiempo de lectura\" \/>\n\t<meta name=\"twitter:data2\" content=\"3 minutos\" \/>\n<script type=\"application\/ld+json\" class=\"yoast-schema-graph\">{\"@context\":\"https:\\\/\\\/schema.org\",\"@graph\":[{\"@type\":\"Article\",\"@id\":\"https:\\\/\\\/exaudi.org\\\/es\\\/religiosa-francesa-marie-rivier-sera-canonizada\\\/#article\",\"isPartOf\":{\"@id\":\"https:\\\/\\\/exaudi.org\\\/es\\\/religiosa-francesa-marie-rivier-sera-canonizada\\\/\"},\"author\":{\"name\":\"Larissa I. L\u00f3pez\",\"@id\":\"https:\\\/\\\/exaudi.org\\\/#\\\/schema\\\/person\\\/7d2f77db033c2c0929edfab6dbe8c588\"},\"headline\":\"La religiosa francesa Marie Rivier ser\u00e1 canonizada\",\"datePublished\":\"2021-12-13T12:50:53+00:00\",\"dateModified\":\"2021-12-13T13:04:37+00:00\",\"mainEntityOfPage\":{\"@id\":\"https:\\\/\\\/exaudi.org\\\/es\\\/religiosa-francesa-marie-rivier-sera-canonizada\\\/\"},\"wordCount\":666,\"image\":{\"@id\":\"https:\\\/\\\/exaudi.org\\\/es\\\/religiosa-francesa-marie-rivier-sera-canonizada\\\/#primaryimage\"},\"thumbnailUrl\":\"https:\\\/\\\/exaudi.org\\\/wp-content\\\/uploads\\\/2021\\\/12\\\/Decretos-de-las-Causas-de-los-Santos-13-dic.-2021.png\",\"keywords\":[\"Causas de los santos\",\"Congregaci\u00f3n para la Causa de los Santos\",\"Trending\"],\"articleSection\":[\"Causas de Santos\"],\"inLanguage\":\"es\"},{\"@type\":\"WebPage\",\"@id\":\"https:\\\/\\\/exaudi.org\\\/es\\\/religiosa-francesa-marie-rivier-sera-canonizada\\\/\",\"url\":\"https:\\\/\\\/exaudi.org\\\/es\\\/religiosa-francesa-marie-rivier-sera-canonizada\\\/\",\"name\":\"La religiosa francesa Marie Rivier ser\u00e1 canonizada &#8211; Exaudi\",\"isPartOf\":{\"@id\":\"https:\\\/\\\/exaudi.org\\\/#website\"},\"primaryImageOfPage\":{\"@id\":\"https:\\\/\\\/exaudi.org\\\/es\\\/religiosa-francesa-marie-rivier-sera-canonizada\\\/#primaryimage\"},\"image\":{\"@id\":\"https:\\\/\\\/exaudi.org\\\/es\\\/religiosa-francesa-marie-rivier-sera-canonizada\\\/#primaryimage\"},\"thumbnailUrl\":\"https:\\\/\\\/exaudi.org\\\/wp-content\\\/uploads\\\/2021\\\/12\\\/Decretos-de-las-Causas-de-los-Santos-13-dic.-2021.png\",\"datePublished\":\"2021-12-13T12:50:53+00:00\",\"dateModified\":\"2021-12-13T13:04:37+00:00\",\"author\":{\"@id\":\"https:\\\/\\\/exaudi.org\\\/#\\\/schema\\\/person\\\/7d2f77db033c2c0929edfab6dbe8c588\"},\"description\":\"La religiosa francesa Marie Rivier, fundadora de la Congregaci\u00f3n de las Hermanas de la Presentaci\u00f3n de Mar\u00eda, ser\u00e1 canonizada\",\"breadcrumb\":{\"@id\":\"https:\\\/\\\/exaudi.org\\\/es\\\/religiosa-francesa-marie-rivier-sera-canonizada\\\/#breadcrumb\"},\"inLanguage\":\"es\",\"potentialAction\":[{\"@type\":\"ReadAction\",\"target\":[\"https:\\\/\\\/exaudi.org\\\/es\\\/religiosa-francesa-marie-rivier-sera-canonizada\\\/\"]}]},{\"@type\":\"ImageObject\",\"inLanguage\":\"es\",\"@id\":\"https:\\\/\\\/exaudi.org\\\/es\\\/religiosa-francesa-marie-rivier-sera-canonizada\\\/#primaryimage\",\"url\":\"https:\\\/\\\/exaudi.org\\\/wp-content\\\/uploads\\\/2021\\\/12\\\/Decretos-de-las-Causas-de-los-Santos-13-dic.-2021.png\",\"contentUrl\":\"https:\\\/\\\/exaudi.org\\\/wp-content\\\/uploads\\\/2021\\\/12\\\/Decretos-de-las-Causas-de-los-Santos-13-dic.-2021.png\",\"width\":920,\"height\":772,\"caption\":\"Decretos de las Causas de los Santos, 13 dic. 2021 \u00a9 Congregaci\u00f3n para las Causas de los Santos\"},{\"@type\":\"BreadcrumbList\",\"@id\":\"https:\\\/\\\/exaudi.org\\\/es\\\/religiosa-francesa-marie-rivier-sera-canonizada\\\/#breadcrumb\",\"itemListElement\":[{\"@type\":\"ListItem\",\"position\":1,\"name\":\"Portada\",\"item\":\"https:\\\/\\\/exaudi.org\\\/es\\\/\"},{\"@type\":\"ListItem\",\"position\":2,\"name\":\"La religiosa francesa Marie Rivier ser\u00e1 canonizada\"}]},{\"@type\":\"WebSite\",\"@id\":\"https:\\\/\\\/exaudi.org\\\/#website\",\"url\":\"https:\\\/\\\/exaudi.org\\\/\",\"name\":\"Exaudi\",\"description\":\"News\",\"potentialAction\":[{\"@type\":\"SearchAction\",\"target\":{\"@type\":\"EntryPoint\",\"urlTemplate\":\"https:\\\/\\\/exaudi.org\\\/?s={search_term_string}\"},\"query-input\":{\"@type\":\"PropertyValueSpecification\",\"valueRequired\":true,\"valueName\":\"search_term_string\"}}],\"inLanguage\":\"es\"},{\"@type\":\"Person\",\"@id\":\"https:\\\/\\\/exaudi.org\\\/#\\\/schema\\\/person\\\/7d2f77db033c2c0929edfab6dbe8c588\",\"name\":\"Larissa I. L\u00f3pez\",\"image\":{\"@type\":\"ImageObject\",\"inLanguage\":\"es\",\"@id\":\"https:\\\/\\\/secure.gravatar.com\\\/avatar\\\/db3ef399ff343d0bb9d25dc5198bc8ece5ac6d621eca79876697a354dabc1e3f?s=96&d=mm&r=g\",\"url\":\"https:\\\/\\\/secure.gravatar.com\\\/avatar\\\/db3ef399ff343d0bb9d25dc5198bc8ece5ac6d621eca79876697a354dabc1e3f?s=96&d=mm&r=g\",\"contentUrl\":\"https:\\\/\\\/secure.gravatar.com\\\/avatar\\\/db3ef399ff343d0bb9d25dc5198bc8ece5ac6d621eca79876697a354dabc1e3f?s=96&d=mm&r=g\",\"caption\":\"Larissa I. L\u00f3pez\"},\"description\":\"Doctora en Comunicaci\u00f3n. Mi trayectoria profesional ha transcurrido entre el \u00e1mbito de la comunicaci\u00f3n y el de la docencia. En los \u00faltimos a\u00f1os, he trabajado como coordinadora y redactora de la edici\u00f3n de ZENIT en espa\u00f1ol. Como profesora, he impartido clases en la universidad y en centros de FP y bachillerato. Cordobesa de nacimiento, tambi\u00e9n he vivido en Sevilla, Madrid y Roma\",\"url\":\"https:\\\/\\\/exaudi.org\\\/es\\\/author\\\/llopezexaudi-org\\\/\"}]}<\/script>\n<!-- \/ Yoast SEO plugin. -->","yoast_head_json":{"title":"La religiosa francesa Marie Rivier ser\u00e1 canonizada &#8211; Exaudi","description":"La religiosa francesa Marie Rivier, fundadora de la Congregaci\u00f3n de las Hermanas de la Presentaci\u00f3n de Mar\u00eda, ser\u00e1 canonizada","robots":{"index":"index","follow":"follow","max-snippet":"max-snippet:-1","max-image-preview":"max-image-preview:large","max-video-preview":"max-video-preview:-1"},"canonical":"https:\/\/exaudi.org\/es\/religiosa-francesa-marie-rivier-sera-canonizada\/","og_locale":"es_ES","og_type":"article","og_title":"La religiosa francesa Marie Rivier ser\u00e1 canonizada &#8211; Exaudi","og_description":"La religiosa francesa Marie Rivier, fundadora de la Congregaci\u00f3n de las Hermanas de la Presentaci\u00f3n de Mar\u00eda, ser\u00e1 canonizada","og_url":"https:\/\/exaudi.org\/es\/religiosa-francesa-marie-rivier-sera-canonizada\/","og_site_name":"Exaudi","article_publisher":"https:\/\/www.facebook.com\/ExaudiNews","article_published_time":"2021-12-13T12:50:53+00:00","article_modified_time":"2021-12-13T13:04:37+00:00","og_image":[{"width":920,"height":772,"url":"https:\/\/exaudi.org\/wp-content\/uploads\/2021\/12\/Decretos-de-las-Causas-de-los-Santos-13-dic.-2021.png","type":"image\/png"}],"author":"Larissa I. L\u00f3pez","twitter_card":"summary_large_image","twitter_creator":"@Exaudi_News","twitter_site":"@Exaudi_News","twitter_misc":{"Escrito por":"Larissa I. L\u00f3pez","Tiempo de lectura":"3 minutos"},"schema":{"@context":"https:\/\/schema.org","@graph":[{"@type":"Article","@id":"https:\/\/exaudi.org\/es\/religiosa-francesa-marie-rivier-sera-canonizada\/#article","isPartOf":{"@id":"https:\/\/exaudi.org\/es\/religiosa-francesa-marie-rivier-sera-canonizada\/"},"author":{"name":"Larissa I. L\u00f3pez","@id":"https:\/\/exaudi.org\/#\/schema\/person\/7d2f77db033c2c0929edfab6dbe8c588"},"headline":"La religiosa francesa Marie Rivier ser\u00e1 canonizada","datePublished":"2021-12-13T12:50:53+00:00","dateModified":"2021-12-13T13:04:37+00:00","mainEntityOfPage":{"@id":"https:\/\/exaudi.org\/es\/religiosa-francesa-marie-rivier-sera-canonizada\/"},"wordCount":666,"image":{"@id":"https:\/\/exaudi.org\/es\/religiosa-francesa-marie-rivier-sera-canonizada\/#primaryimage"},"thumbnailUrl":"https:\/\/exaudi.org\/wp-content\/uploads\/2021\/12\/Decretos-de-las-Causas-de-los-Santos-13-dic.-2021.png","keywords":["Causas de los santos","Congregaci\u00f3n para la Causa de los Santos","Trending"],"articleSection":["Causas de Santos"],"inLanguage":"es"},{"@type":"WebPage","@id":"https:\/\/exaudi.org\/es\/religiosa-francesa-marie-rivier-sera-canonizada\/","url":"https:\/\/exaudi.org\/es\/religiosa-francesa-marie-rivier-sera-canonizada\/","name":"La religiosa francesa Marie Rivier ser\u00e1 canonizada &#8211; Exaudi","isPartOf":{"@id":"https:\/\/exaudi.org\/#website"},"primaryImageOfPage":{"@id":"https:\/\/exaudi.org\/es\/religiosa-francesa-marie-rivier-sera-canonizada\/#primaryimage"},"image":{"@id":"https:\/\/exaudi.org\/es\/religiosa-francesa-marie-rivier-sera-canonizada\/#primaryimage"},"thumbnailUrl":"https:\/\/exaudi.org\/wp-content\/uploads\/2021\/12\/Decretos-de-las-Causas-de-los-Santos-13-dic.-2021.png","datePublished":"2021-12-13T12:50:53+00:00","dateModified":"2021-12-13T13:04:37+00:00","author":{"@id":"https:\/\/exaudi.org\/#\/schema\/person\/7d2f77db033c2c0929edfab6dbe8c588"},"description":"La religiosa francesa Marie Rivier, fundadora de la Congregaci\u00f3n de las Hermanas de la Presentaci\u00f3n de Mar\u00eda, ser\u00e1 canonizada","breadcrumb":{"@id":"https:\/\/exaudi.org\/es\/religiosa-francesa-marie-rivier-sera-canonizada\/#breadcrumb"},"inLanguage":"es","potentialAction":[{"@type":"ReadAction","target":["https:\/\/exaudi.org\/es\/religiosa-francesa-marie-rivier-sera-canonizada\/"]}]},{"@type":"ImageObject","inLanguage":"es","@id":"https:\/\/exaudi.org\/es\/religiosa-francesa-marie-rivier-sera-canonizada\/#primaryimage","url":"https:\/\/exaudi.org\/wp-content\/uploads\/2021\/12\/Decretos-de-las-Causas-de-los-Santos-13-dic.-2021.png","contentUrl":"https:\/\/exaudi.org\/wp-content\/uploads\/2021\/12\/Decretos-de-las-Causas-de-los-Santos-13-dic.-2021.png","width":920,"height":772,"caption":"Decretos de las Causas de los Santos, 13 dic. 2021 \u00a9 Congregaci\u00f3n para las Causas de los Santos"},{"@type":"BreadcrumbList","@id":"https:\/\/exaudi.org\/es\/religiosa-francesa-marie-rivier-sera-canonizada\/#breadcrumb","itemListElement":[{"@type":"ListItem","position":1,"name":"Portada","item":"https:\/\/exaudi.org\/es\/"},{"@type":"ListItem","position":2,"name":"La religiosa francesa Marie Rivier ser\u00e1 canonizada"}]},{"@type":"WebSite","@id":"https:\/\/exaudi.org\/#website","url":"https:\/\/exaudi.org\/","name":"Exaudi","description":"News","potentialAction":[{"@type":"SearchAction","target":{"@type":"EntryPoint","urlTemplate":"https:\/\/exaudi.org\/?s={search_term_string}"},"query-input":{"@type":"PropertyValueSpecification","valueRequired":true,"valueName":"search_term_string"}}],"inLanguage":"es"},{"@type":"Person","@id":"https:\/\/exaudi.org\/#\/schema\/person\/7d2f77db033c2c0929edfab6dbe8c588","name":"Larissa I. L\u00f3pez","image":{"@type":"ImageObject","inLanguage":"es","@id":"https:\/\/secure.gravatar.com\/avatar\/db3ef399ff343d0bb9d25dc5198bc8ece5ac6d621eca79876697a354dabc1e3f?s=96&d=mm&r=g","url":"https:\/\/secure.gravatar.com\/avatar\/db3ef399ff343d0bb9d25dc5198bc8ece5ac6d621eca79876697a354dabc1e3f?s=96&d=mm&r=g","contentUrl":"https:\/\/secure.gravatar.com\/avatar\/db3ef399ff343d0bb9d25dc5198bc8ece5ac6d621eca79876697a354dabc1e3f?s=96&d=mm&r=g","caption":"Larissa I. L\u00f3pez"},"description":"Doctora en Comunicaci\u00f3n. Mi trayectoria profesional ha transcurrido entre el \u00e1mbito de la comunicaci\u00f3n y el de la docencia. En los \u00faltimos a\u00f1os, he trabajado como coordinadora y redactora de la edici\u00f3n de ZENIT en espa\u00f1ol. Como profesora, he impartido clases en la universidad y en centros de FP y bachillerato. Cordobesa de nacimiento, tambi\u00e9n he vivido en Sevilla, Madrid y Roma","url":"https:\/\/exaudi.org\/es\/author\/llopezexaudi-org\/"}]}},"jetpack_featured_media_url":"https:\/\/exaudi.org\/wp-content\/uploads\/2021\/12\/Decretos-de-las-Causas-de-los-Santos-13-dic.-2021.png","jetpack_shortlink":"https:\/\/wp.me\/pgKjF2-bRv","_links":{"self":[{"href":"https:\/\/exaudi.org\/es\/wp-json\/wp\/v2\/posts\/45601","targetHints":{"allow":["GET"]}}],"collection":[{"href":"https:\/\/exaudi.org\/es\/wp-json\/wp\/v2\/posts"}],"about":[{"href":"https:\/\/exaudi.org\/es\/wp-json\/wp\/v2\/types\/post"}],"author":[{"embeddable":true,"href":"https:\/\/exaudi.org\/es\/wp-json\/wp\/v2\/users\/5"}],"replies":[{"embeddable":true,"href":"https:\/\/exaudi.org\/es\/wp-json\/wp\/v2\/comments?post=45601"}],"version-history":[{"count":0,"href":"https:\/\/exaudi.org\/es\/wp-json\/wp\/v2\/posts\/45601\/revisions"}],"wp:featuredmedia":[{"embeddable":true,"href":"https:\/\/exaudi.org\/es\/wp-json\/wp\/v2\/media\/45602"}],"wp:attachment":[{"href":"https:\/\/exaudi.org\/es\/wp-json\/wp\/v2\/media?parent=45601"}],"wp:term":[{"taxonomy":"category","embeddable":true,"href":"https:\/\/exaudi.org\/es\/wp-json\/wp\/v2\/categories?post=45601"},{"taxonomy":"post_tag","embeddable":true,"href":"https:\/\/exaudi.org\/es\/wp-json\/wp\/v2\/tags?post=45601"}],"curies":[{"name":"wp","href":"https:\/\/api.w.org\/{rel}","templated":true}]}}