{"id":45530,"date":"2026-01-28T07:30:44","date_gmt":"2026-01-28T06:30:44","guid":{"rendered":"https:\/\/exaudi.org\/?p=45530"},"modified":"2025-12-10T12:58:57","modified_gmt":"2025-12-10T11:58:57","slug":"santo-tomas-de-aquino-28-de-enero","status":"publish","type":"post","link":"https:\/\/exaudi.org\/es\/santo-tomas-de-aquino-28-de-enero\/","title":{"rendered":"Santo Tom\u00e1s de Aquino, 28 de enero"},"content":{"rendered":"<p>El 4 de agosto de 1880 fue designado por Le\u00f3n XIII patr\u00f3n de las universidades y escuelas cat\u00f3licas. No pod\u00eda ser de otro modo. Aparte de ser uno de los santos m\u00e1s conocidos y aclamados en la Iglesia, es tambi\u00e9n, seguramente, el que mayor influencia ha ejercido y sigue manteniendo en el \u00e1mbito filos\u00f3fico y teol\u00f3gico.<\/p>\n<p><iframe title=\"Spotify Embed: Santo Tom\u00e1s de Aquino, 28 de enero\" style=\"border-radius: 12px\" width=\"100%\" height=\"152\" frameborder=\"0\" allowfullscreen allow=\"autoplay; clipboard-write; encrypted-media; fullscreen; picture-in-picture\" loading=\"lazy\" src=\"https:\/\/open.spotify.com\/embed\/episode\/3We2PWVM25Z0AymE5nmw3X?si=ce5752779f5a4dcd&#038;utm_source=oembed\"><\/iframe><\/p>\n<p>De la familia de los condes de Aquino y de Teano, emparentada con reyes europeos, vino al mundo en el castillo de Roccasecca, N\u00e1poles, Italia, hacia 1225. Fue el benjam\u00edn de doce hermanos. Precoz en su inter\u00e9s por Dios sobre el que se preguntaba siendo muy peque\u00f1o \u201c\u00bfQu\u00e9 es?\u201d \u2014cuesti\u00f3n a la que tratar\u00eda de dar respuesta toda su vida\u2014, se afanaba en el estudio y en la oraci\u00f3n. Excepcionalmente dotado para la investigaci\u00f3n, pronto super\u00f3 a sus egregios profesores universitarios en N\u00e1poles, Pietro Mart\u00edn y Petrus Hibernos, hecho que se reprodujo con Pedro de Irlanda. El predicador dominico fray Juan de San Giuliano termin\u00f3 de despertar su vocaci\u00f3n a la vida religiosa y, sin plantear esta opci\u00f3n a sus padres, tom\u00f3 el h\u00e1bito a sus 19 a\u00f1os. La condesa se apresur\u00f3 a viajar a N\u00e1poles para ver a su hijo, pero los dominicos ya le hab\u00edan destinado a Roma anticip\u00e1ndose a un hecho que de antemano consideraron ser\u00eda irremediable: que sus padres se llevar\u00edan al novicio con ellos.<\/p>\n<p>La persecuci\u00f3n familiar se puso en marcha. Y sus hermanos, aguerridos soldados al servicio del rey, lo mantuvieron a buen resguardo durante dos a\u00f1os urdiendo tretas diversas, algunas rocambolescas, para derrocar su voluntad de entrega a Dios. La madre se apiad\u00f3 y fue abriendo la mano progresivamente: autorizaci\u00f3n de lecturas de textos eruditos y obras de piedad, adem\u00e1s de las Sagradas Escrituras. Cuando le permitieron abandonar el encierro, su progresi\u00f3n intelectual dej\u00f3 a todos admirados. Fue enviado a Roma, de all\u00ed a Par\u00eds, y luego a Colonia, donde tuvo como maestro a san Alberto Magno. En esta ciudad fue ordenado sacerdote.<\/p>\n<p>Mostraba una gran devoci\u00f3n por Cristo, en particular por la cruz y tambi\u00e9n por la Eucarist\u00eda as\u00ed como por la Virgen Mar\u00eda. Se caracterizaba por su inocencia evang\u00e9lica y esp\u00edritu religioso; era sencillo, cercano, fiel al carisma dominico. Su breve existencia estuvo marcada por la oraci\u00f3n, la predicaci\u00f3n, la ense\u00f1anza y la escritura. La vida espiritual para \u00e9l era fundamentalmente la caridad que culmina en oraci\u00f3n y contemplaci\u00f3n; ambas revierten en un aumento de aquella virtud teologal. Pensaba, y as\u00ed lo dej\u00f3 escrito: que a Dios es mejor amarle que conocerle.<\/p>\n<p>Se hab\u00eda propuesto buscar denodadamente la verdad con este lema: contemplata aliis trajere, esto es, participar a otros el fruto de su reflexi\u00f3n. Hombre de extraordinaria inteligencia y memoria portentosa, siendo alumno se convirti\u00f3 en profesor de filosof\u00eda y de teolog\u00eda. Primeramente, y por deseo de sus superiores, ense\u00f1\u00f3 en Par\u00eds, y luego dar\u00eda clases en Orvieto, Roma y N\u00e1poles. Una de sus aplaudidas tesis es el reconocimiento de que no existe oposici\u00f3n entre fe y raz\u00f3n, sino que ambas se necesitan y complementan.<\/p>\n<p>Para \u00e9l no exist\u00eda el tiempo; se quedaba completamente enfrascado en el estudio. Sus escritos y discursos denotan su sabidur\u00eda y el grado de su hondura espiritual. Y es que el estudio era oraci\u00f3n para \u00e9l y la oraci\u00f3n estudio. Antes de ejercitar la labor docente, discutir, estudiar o escribir, oraba, y muchas veces lo hac\u00eda envuelto en l\u00e1grimas. Dedicaba muchas horas a la oraci\u00f3n, postrado de hinojos ante el crucifijo. As\u00ed brotaron muchas de sus obras. El doctor ang\u00e9lico fue una persona devota que no dej\u00f3 a nadie indiferente. Sus compa\u00f1eros dec\u00edan: \u201cLa ciencia de Tom\u00e1s es muy grande, pero su piedad es m\u00e1s grande todav\u00eda. Pasa horas y horas rezando, y en la misa, despu\u00e9s de la elevaci\u00f3n, parece que estuviera en el para\u00edso. Y hasta se le llena el rostro de resplandores de vez en cuando mientras celebra la Eucarist\u00eda\u201d. Su obra m\u00e1xima, la Summa Theologiae, de 14 tomos, es un ejemplo de s\u00edntesis y de claridad.<\/p>\n<p>Renunci\u00f3 a ser arzobispo de N\u00e1poles en 1265, como deseaba Clemente IV, que acept\u00f3 su decisi\u00f3n. El pont\u00edfice le encarg\u00f3 que escribiera los himnos para la festividad del Cuerpo y Sangre de Cristo, y compuso el Pange lingua (Tantum ergo), Adoro te devote y otros bell\u00edsimos cantos dedicados a la Eucarist\u00eda. Despu\u00e9s de haber escrito tratados hermos\u00edsimos acerca de Jes\u00fas en la Eucarist\u00eda, sinti\u00f3 Tom\u00e1s que se le dec\u00eda en una visi\u00f3n: \u201cTom\u00e1s, has hablado bien de M\u00ed. \u00bfQu\u00e9 quieres a cambio?\u201d. El santo le respondi\u00f3: \u201cSe\u00f1or: lo \u00fanico que yo quiero es amarte, amarte mucho, y agradarte cada vez m\u00e1s\u201d. Brotaba de su interior esta ferviente oraci\u00f3n: \u201cConc\u00e9deme, te ruego, una voluntad que te busque, una sabidur\u00eda que te encuentre, una vida que te agrade, una perseverancia que te espere con confianza y una confianza que al final llegue a poseerte\u201d.<\/p>\n<p>Con frecuencia experimentaba raptos y \u00e9xtasis. En uno de ellos, el 6 de diciembre de 1273, mientras oficiaba la misa las revelaciones que recibi\u00f3 debieron tener tal altura que abandon\u00f3 la pluma para siempre: \u201cNo puedo hacer m\u00e1s. Se me han revelado tales secretos que todo lo que he escrito hasta ahora parece que no vale para nada\u201d.<\/p>\n<p>Muri\u00f3 el 7 de marzo de 1274 en el monasterio cisterciense de Fossanova, cuando part\u00eda hacia el concilio de Lyon. Fue canonizado por Juan XXII el 18 de julio de 1323. San P\u00edo V lo proclam\u00f3 doctor de la Iglesia el 11 de abril de 1567.<\/p>\n<p><img loading=\"lazy\" decoding=\"async\" class=\"size-full wp-image-69289 alignnone\" src=\"https:\/\/exaudi.org\/wp-content\/uploads\/2023\/01\/Santoral-5.jpg\" alt=\"\" width=\"1080\" height=\"1080\" srcset=\"https:\/\/exaudi.org\/wp-content\/uploads\/2023\/01\/Santoral-5.jpg 1080w, https:\/\/exaudi.org\/wp-content\/uploads\/2023\/01\/Santoral-5-300x300.jpg 300w, https:\/\/exaudi.org\/wp-content\/uploads\/2023\/01\/Santoral-5-1024x1024.jpg 1024w, https:\/\/exaudi.org\/wp-content\/uploads\/2023\/01\/Santoral-5-100x100.jpg?crop=1 100w, https:\/\/exaudi.org\/wp-content\/uploads\/2023\/01\/Santoral-5-770x770.jpg 770w, https:\/\/exaudi.org\/wp-content\/uploads\/2023\/01\/Santoral-5-500x500.jpg 500w, https:\/\/exaudi.org\/wp-content\/uploads\/2023\/01\/Santoral-5-293x293.jpg 293w, https:\/\/exaudi.org\/wp-content\/uploads\/2023\/01\/Santoral-5-390x390.jpg 390w, https:\/\/exaudi.org\/wp-content\/uploads\/2023\/01\/Santoral-5-585x585.jpg 585w, https:\/\/exaudi.org\/wp-content\/uploads\/2023\/01\/Santoral-5-900x900.jpg 900w\" sizes=\"auto, (max-width: 1080px) 100vw, 1080px\" \/><\/p>\n<h6><em>\u00a9 <a href=\"https:\/\/exaudi.org\/es\/author\/isabelorellana\/\" target=\"_blank\" rel=\"noopener noreferrer\">Isabel Orellana Vilches<\/a>, 2018<\/em><\/h6>\n<h6><em>Autora vinculada a<\/em><\/h6>\n<h6><em><img loading=\"lazy\" decoding=\"async\" class=\"alignright wp-image-2208\" src=\"https:\/\/exaudi.org\/wp-content\/uploads\/2021\/02\/santoral-scaled-1-725x1024.jpg\" alt=\"santoral Isabel Orellana\" width=\"262\" height=\"370\" \/><\/em><img loading=\"lazy\" decoding=\"async\" class=\"alignnone size-full wp-image-41949\" src=\"https:\/\/www.idente.org\/wp-content\/uploads\/logo-cedro-v01-843x295-1-e1603384654546.png\" alt=\"\" width=\"80\" height=\"28\" \/><br \/>\nObra protegida por derechos de autor.<br \/>\nInscrita en el Registro de la Propiedad Intelectual el 24 de noviembre de 2014.<br \/>\n________________<br \/>\nDerechos de edici\u00f3n reservados:<br \/>\n<a href=\"https:\/\/rielo.com\/\" target=\"_blank\" rel=\"noopener noreferrer\">Fundaci\u00f3n Fernando Rielo<\/a><br \/>\nGoya 20, 4.\u00ba izq. int. 28001 Madrid<br \/>\nTlf.: (34) 91 575 40 91<br \/>\nCorreo electr\u00f3nico: fundacion@rielo.com<\/h6>\n<div class=\"page\" title=\"Page 4\">\n<div class=\"layoutArea\">\n<div class=\"column\">\n<h6>Dep\u00f3sito legal: M-18664-2020<br \/>\nISBN: 978-84-946646-6-3<\/h6>\n<\/div>\n<\/div>\n<\/div>\n","protected":false},"excerpt":{"rendered":"<p>Es considerado el principal representante de la ense\u00f1anza escol\u00e1stica\u200b<\/p>\n","protected":false},"author":23,"featured_media":50481,"comment_status":"closed","ping_status":"closed","sticky":false,"template":"","format":"standard","meta":{"_acf_changed":false,"_crdt_document":"","inline_featured_image":false,"footnotes":""},"categories":[74,2772],"tags":[85342,388,5181,387,58880],"class_list":["post-45530","post","type-post","status-publish","format-standard","has-post-thumbnail","hentry","category-iglesia-y-mundo","category-santoral","tag-ensenanza-escolastica","tag-isabel-orellana-vilches","tag-santo-tomas-de-aquino","tag-santoral","tag-trending-es-151"],"acf":[],"yoast_head":"<!-- This site is optimized with the Yoast SEO plugin v27.4 - https:\/\/yoast.com\/product\/yoast-seo-wordpress\/ -->\n<title>Santo Tom\u00e1s de Aquino, 28 de enero &#8211; Exaudi<\/title>\n<meta name=\"description\" content=\"Santo Tom\u00e1s de Aquino fue un te\u00f3logo y fil\u00f3sofo cat\u00f3lico perteneciente a la Orden de Predicadores, considerado el principal representante de la ense\u00f1anza escol\u00e1stica\u200b\" \/>\n<meta name=\"robots\" content=\"index, follow, max-snippet:-1, max-image-preview:large, max-video-preview:-1\" \/>\n<link rel=\"canonical\" href=\"https:\/\/exaudi.org\/es\/santo-tomas-de-aquino-28-de-enero\/\" \/>\n<meta property=\"og:locale\" content=\"es_ES\" \/>\n<meta property=\"og:type\" content=\"article\" \/>\n<meta property=\"og:title\" content=\"Santo Tom\u00e1s de Aquino, 28 de enero &#8211; Exaudi\" \/>\n<meta property=\"og:description\" content=\"Santo Tom\u00e1s de Aquino fue un te\u00f3logo y fil\u00f3sofo cat\u00f3lico perteneciente a la Orden de Predicadores, considerado el principal representante de la ense\u00f1anza escol\u00e1stica\u200b\" \/>\n<meta property=\"og:url\" content=\"https:\/\/exaudi.org\/es\/santo-tomas-de-aquino-28-de-enero\/\" \/>\n<meta property=\"og:site_name\" content=\"Exaudi\" \/>\n<meta property=\"article:publisher\" content=\"https:\/\/www.facebook.com\/ExaudiNews\" \/>\n<meta property=\"article:published_time\" content=\"2026-01-28T06:30:44+00:00\" \/>\n<meta property=\"og:image\" content=\"https:\/\/exaudi.org\/wp-content\/uploads\/2022\/01\/Disen\u0303o-sin-ti\u0301tulo-60.jpg\" \/>\n\t<meta property=\"og:image:width\" content=\"1500\" \/>\n\t<meta property=\"og:image:height\" content=\"1000\" \/>\n\t<meta property=\"og:image:type\" content=\"image\/jpeg\" \/>\n<meta name=\"author\" content=\"Isabel Orellana\" \/>\n<meta name=\"twitter:card\" content=\"summary_large_image\" \/>\n<meta name=\"twitter:creator\" content=\"@Exaudi_News\" \/>\n<meta name=\"twitter:site\" content=\"@Exaudi_News\" \/>\n<meta name=\"twitter:label1\" content=\"Escrito por\" \/>\n\t<meta name=\"twitter:data1\" content=\"Isabel Orellana\" \/>\n\t<meta name=\"twitter:label2\" content=\"Tiempo de lectura\" \/>\n\t<meta name=\"twitter:data2\" content=\"6 minutos\" \/>\n<script type=\"application\/ld+json\" class=\"yoast-schema-graph\">{\"@context\":\"https:\\\/\\\/schema.org\",\"@graph\":[{\"@type\":\"Article\",\"@id\":\"https:\\\/\\\/exaudi.org\\\/es\\\/santo-tomas-de-aquino-28-de-enero\\\/#article\",\"isPartOf\":{\"@id\":\"https:\\\/\\\/exaudi.org\\\/es\\\/santo-tomas-de-aquino-28-de-enero\\\/\"},\"author\":{\"name\":\"Isabel Orellana\",\"@id\":\"https:\\\/\\\/exaudi.org\\\/#\\\/schema\\\/person\\\/64e18b96fd6118559a9217b5b3375fdc\"},\"headline\":\"Santo Tom\u00e1s de Aquino, 28 de enero\",\"datePublished\":\"2026-01-28T06:30:44+00:00\",\"mainEntityOfPage\":{\"@id\":\"https:\\\/\\\/exaudi.org\\\/es\\\/santo-tomas-de-aquino-28-de-enero\\\/\"},\"wordCount\":1063,\"image\":{\"@id\":\"https:\\\/\\\/exaudi.org\\\/es\\\/santo-tomas-de-aquino-28-de-enero\\\/#primaryimage\"},\"thumbnailUrl\":\"https:\\\/\\\/exaudi.org\\\/wp-content\\\/uploads\\\/2022\\\/01\\\/Disen\u0303o-sin-ti\u0301tulo-60.jpg\",\"keywords\":[\"Ense\u00f1anza Escol\u00e1stica\",\"Isabel Orellana Vilches\",\"Santo Tom\u00e1s de Aquino\",\"Santoral\",\"Trending\"],\"articleSection\":[\"Iglesia y Mundo\",\"Santoral\"],\"inLanguage\":\"es\"},{\"@type\":\"WebPage\",\"@id\":\"https:\\\/\\\/exaudi.org\\\/es\\\/santo-tomas-de-aquino-28-de-enero\\\/\",\"url\":\"https:\\\/\\\/exaudi.org\\\/es\\\/santo-tomas-de-aquino-28-de-enero\\\/\",\"name\":\"Santo Tom\u00e1s de Aquino, 28 de enero &#8211; Exaudi\",\"isPartOf\":{\"@id\":\"https:\\\/\\\/exaudi.org\\\/#website\"},\"primaryImageOfPage\":{\"@id\":\"https:\\\/\\\/exaudi.org\\\/es\\\/santo-tomas-de-aquino-28-de-enero\\\/#primaryimage\"},\"image\":{\"@id\":\"https:\\\/\\\/exaudi.org\\\/es\\\/santo-tomas-de-aquino-28-de-enero\\\/#primaryimage\"},\"thumbnailUrl\":\"https:\\\/\\\/exaudi.org\\\/wp-content\\\/uploads\\\/2022\\\/01\\\/Disen\u0303o-sin-ti\u0301tulo-60.jpg\",\"datePublished\":\"2026-01-28T06:30:44+00:00\",\"author\":{\"@id\":\"https:\\\/\\\/exaudi.org\\\/#\\\/schema\\\/person\\\/64e18b96fd6118559a9217b5b3375fdc\"},\"description\":\"Santo Tom\u00e1s de Aquino fue un te\u00f3logo y fil\u00f3sofo cat\u00f3lico perteneciente a la Orden de Predicadores, considerado el principal representante de la ense\u00f1anza escol\u00e1stica\u200b\",\"breadcrumb\":{\"@id\":\"https:\\\/\\\/exaudi.org\\\/es\\\/santo-tomas-de-aquino-28-de-enero\\\/#breadcrumb\"},\"inLanguage\":\"es\",\"potentialAction\":[{\"@type\":\"ReadAction\",\"target\":[\"https:\\\/\\\/exaudi.org\\\/es\\\/santo-tomas-de-aquino-28-de-enero\\\/\"]}]},{\"@type\":\"ImageObject\",\"inLanguage\":\"es\",\"@id\":\"https:\\\/\\\/exaudi.org\\\/es\\\/santo-tomas-de-aquino-28-de-enero\\\/#primaryimage\",\"url\":\"https:\\\/\\\/exaudi.org\\\/wp-content\\\/uploads\\\/2022\\\/01\\\/Disen\u0303o-sin-ti\u0301tulo-60.jpg\",\"contentUrl\":\"https:\\\/\\\/exaudi.org\\\/wp-content\\\/uploads\\\/2022\\\/01\\\/Disen\u0303o-sin-ti\u0301tulo-60.jpg\",\"width\":1500,\"height\":1000,\"caption\":\"Santo Tom\u00e1s de Aquino \u00a9 Biografias y vidas\"},{\"@type\":\"BreadcrumbList\",\"@id\":\"https:\\\/\\\/exaudi.org\\\/es\\\/santo-tomas-de-aquino-28-de-enero\\\/#breadcrumb\",\"itemListElement\":[{\"@type\":\"ListItem\",\"position\":1,\"name\":\"Portada\",\"item\":\"https:\\\/\\\/exaudi.org\\\/es\\\/\"},{\"@type\":\"ListItem\",\"position\":2,\"name\":\"Santo Tom\u00e1s de Aquino, 28 de enero\"}]},{\"@type\":\"WebSite\",\"@id\":\"https:\\\/\\\/exaudi.org\\\/#website\",\"url\":\"https:\\\/\\\/exaudi.org\\\/\",\"name\":\"Exaudi\",\"description\":\"News\",\"potentialAction\":[{\"@type\":\"SearchAction\",\"target\":{\"@type\":\"EntryPoint\",\"urlTemplate\":\"https:\\\/\\\/exaudi.org\\\/?s={search_term_string}\"},\"query-input\":{\"@type\":\"PropertyValueSpecification\",\"valueRequired\":true,\"valueName\":\"search_term_string\"}}],\"inLanguage\":\"es\"},{\"@type\":\"Person\",\"@id\":\"https:\\\/\\\/exaudi.org\\\/#\\\/schema\\\/person\\\/64e18b96fd6118559a9217b5b3375fdc\",\"name\":\"Isabel Orellana\",\"image\":{\"@type\":\"ImageObject\",\"inLanguage\":\"es\",\"@id\":\"https:\\\/\\\/secure.gravatar.com\\\/avatar\\\/51968380bbb6b22ae85c605634860366fd9a2a611c6341125115bca32cd6c171?s=96&d=mm&r=g\",\"url\":\"https:\\\/\\\/secure.gravatar.com\\\/avatar\\\/51968380bbb6b22ae85c605634860366fd9a2a611c6341125115bca32cd6c171?s=96&d=mm&r=g\",\"contentUrl\":\"https:\\\/\\\/secure.gravatar.com\\\/avatar\\\/51968380bbb6b22ae85c605634860366fd9a2a611c6341125115bca32cd6c171?s=96&d=mm&r=g\",\"caption\":\"Isabel Orellana\"},\"description\":\"Isabel Orellana Vilches Misionera idente. Doctora en Filosof\u00eda por la Universidad Aut\u00f3noma de Barcelona con la tesis Realismo y progreso cient\u00edfico en la epistemolog\u00eda popperiana. Ha cursado estudios de teolog\u00eda en la Universidad Pontificia de Salamanca. Con amplia actividad docente desde 1986, ha publicado libros como: Realismo y progreso cient\u00edfico en la epistemolog\u00eda popperiana, Universitat Aut\u00f2noma de Barcelona, 1993; El evangelio habla a los j\u00f3venes, Atenas, Madrid, 1997; Qu\u00e9 es... LA TOLERANCIA, Paulinas, Madrid, 1999; Pedagog\u00eda del dolor. Ensayo antropol\u00f3gico, Palabra, Madrid, 1999; En colaboraci\u00f3n con Enrique Rivera de Ventosa (\u2020) OFM. Cap. San Francisco de As\u00eds y Fernando Rielo: Convergencias. Respuestas desde la fe a los interrogantes del hombre de hoy, Universidad Pontificia, Salamanca, 2001; La \\\"mirada\\\" del cine. Recursos did\u00e1cticos del s\u00e9ptimo arte. Librer\u00eda Cervantes, Salamanca, 2001; Paradojas de la convivencia, San Pablo, Madrid, 2002; En la Universidad T\u00e9cnica Particular de Loja, Ecuador, ha publicado: La confianza. El arte de amar, 2002; Educar para la responsabilidad, 2003; Apuntes de \u00e9tica en Karl R. Popper, 2003; De soledades y comunicaci\u00f3n, 2005; Yo educo; t\u00fa respondes, 2008; Humanismo y fe en un crisol de culturas, 2008; Repensar lo cotidiano, 2008; Convivir: un constante desaf\u00edo, 2009; La l\u00f3gica del amor, 2010; El dolor del amor. Apuntes sobre la enfermedad y el dolor en relaci\u00f3n con la virtud heroica, el martirio y la vida santa. Seminario Diocesano de M\u00e1laga, 2006 y Universidad T\u00e9cnica Particular de Loja, Ecuador (2007). Cuenta con numerosas colaboraciones en obras colectivas, as\u00ed como relatos, cuentos, f\u00e1bula y novela juvenil, adem\u00e1s de art\u00edculos de tem\u00e1tica cient\u00edfica, pedag\u00f3gica y espiritual, que viene publicando en distintas revistas nacionales e internacionales. En 2012 culmin\u00f3 el santoral Llamados a ser santos y poco m\u00e1s tarde Epopeyas de amor prologado por mons. Fernando Sebasti\u00e1n. Es la bi\u00f3grafa oficial del fundador de su familia espiritual, autora de Fernando Rielo Pardal. Fundador de los Misioneros Identes, Descl\u00e9e de Brouwer, Bilbao, 2009. Culmina la biograf\u00eda completa. Encargada del santoral de ZENIT desde 2012 a 2020 y ahora en Exaudi\",\"url\":\"https:\\\/\\\/exaudi.org\\\/es\\\/author\\\/isabelorellana\\\/\"}]}<\/script>\n<!-- \/ Yoast SEO plugin. -->","yoast_head_json":{"title":"Santo Tom\u00e1s de Aquino, 28 de enero &#8211; Exaudi","description":"Santo Tom\u00e1s de Aquino fue un te\u00f3logo y fil\u00f3sofo cat\u00f3lico perteneciente a la Orden de Predicadores, considerado el principal representante de la ense\u00f1anza escol\u00e1stica\u200b","robots":{"index":"index","follow":"follow","max-snippet":"max-snippet:-1","max-image-preview":"max-image-preview:large","max-video-preview":"max-video-preview:-1"},"canonical":"https:\/\/exaudi.org\/es\/santo-tomas-de-aquino-28-de-enero\/","og_locale":"es_ES","og_type":"article","og_title":"Santo Tom\u00e1s de Aquino, 28 de enero &#8211; Exaudi","og_description":"Santo Tom\u00e1s de Aquino fue un te\u00f3logo y fil\u00f3sofo cat\u00f3lico perteneciente a la Orden de Predicadores, considerado el principal representante de la ense\u00f1anza escol\u00e1stica\u200b","og_url":"https:\/\/exaudi.org\/es\/santo-tomas-de-aquino-28-de-enero\/","og_site_name":"Exaudi","article_publisher":"https:\/\/www.facebook.com\/ExaudiNews","article_published_time":"2026-01-28T06:30:44+00:00","og_image":[{"width":1500,"height":1000,"url":"https:\/\/exaudi.org\/wp-content\/uploads\/2022\/01\/Disen\u0303o-sin-ti\u0301tulo-60.jpg","type":"image\/jpeg"}],"author":"Isabel Orellana","twitter_card":"summary_large_image","twitter_creator":"@Exaudi_News","twitter_site":"@Exaudi_News","twitter_misc":{"Escrito por":"Isabel Orellana","Tiempo de lectura":"6 minutos"},"schema":{"@context":"https:\/\/schema.org","@graph":[{"@type":"Article","@id":"https:\/\/exaudi.org\/es\/santo-tomas-de-aquino-28-de-enero\/#article","isPartOf":{"@id":"https:\/\/exaudi.org\/es\/santo-tomas-de-aquino-28-de-enero\/"},"author":{"name":"Isabel Orellana","@id":"https:\/\/exaudi.org\/#\/schema\/person\/64e18b96fd6118559a9217b5b3375fdc"},"headline":"Santo Tom\u00e1s de Aquino, 28 de enero","datePublished":"2026-01-28T06:30:44+00:00","mainEntityOfPage":{"@id":"https:\/\/exaudi.org\/es\/santo-tomas-de-aquino-28-de-enero\/"},"wordCount":1063,"image":{"@id":"https:\/\/exaudi.org\/es\/santo-tomas-de-aquino-28-de-enero\/#primaryimage"},"thumbnailUrl":"https:\/\/exaudi.org\/wp-content\/uploads\/2022\/01\/Disen\u0303o-sin-ti\u0301tulo-60.jpg","keywords":["Ense\u00f1anza Escol\u00e1stica","Isabel Orellana Vilches","Santo Tom\u00e1s de Aquino","Santoral","Trending"],"articleSection":["Iglesia y Mundo","Santoral"],"inLanguage":"es"},{"@type":"WebPage","@id":"https:\/\/exaudi.org\/es\/santo-tomas-de-aquino-28-de-enero\/","url":"https:\/\/exaudi.org\/es\/santo-tomas-de-aquino-28-de-enero\/","name":"Santo Tom\u00e1s de Aquino, 28 de enero &#8211; Exaudi","isPartOf":{"@id":"https:\/\/exaudi.org\/#website"},"primaryImageOfPage":{"@id":"https:\/\/exaudi.org\/es\/santo-tomas-de-aquino-28-de-enero\/#primaryimage"},"image":{"@id":"https:\/\/exaudi.org\/es\/santo-tomas-de-aquino-28-de-enero\/#primaryimage"},"thumbnailUrl":"https:\/\/exaudi.org\/wp-content\/uploads\/2022\/01\/Disen\u0303o-sin-ti\u0301tulo-60.jpg","datePublished":"2026-01-28T06:30:44+00:00","author":{"@id":"https:\/\/exaudi.org\/#\/schema\/person\/64e18b96fd6118559a9217b5b3375fdc"},"description":"Santo Tom\u00e1s de Aquino fue un te\u00f3logo y fil\u00f3sofo cat\u00f3lico perteneciente a la Orden de Predicadores, considerado el principal representante de la ense\u00f1anza escol\u00e1stica\u200b","breadcrumb":{"@id":"https:\/\/exaudi.org\/es\/santo-tomas-de-aquino-28-de-enero\/#breadcrumb"},"inLanguage":"es","potentialAction":[{"@type":"ReadAction","target":["https:\/\/exaudi.org\/es\/santo-tomas-de-aquino-28-de-enero\/"]}]},{"@type":"ImageObject","inLanguage":"es","@id":"https:\/\/exaudi.org\/es\/santo-tomas-de-aquino-28-de-enero\/#primaryimage","url":"https:\/\/exaudi.org\/wp-content\/uploads\/2022\/01\/Disen\u0303o-sin-ti\u0301tulo-60.jpg","contentUrl":"https:\/\/exaudi.org\/wp-content\/uploads\/2022\/01\/Disen\u0303o-sin-ti\u0301tulo-60.jpg","width":1500,"height":1000,"caption":"Santo Tom\u00e1s de Aquino \u00a9 Biografias y vidas"},{"@type":"BreadcrumbList","@id":"https:\/\/exaudi.org\/es\/santo-tomas-de-aquino-28-de-enero\/#breadcrumb","itemListElement":[{"@type":"ListItem","position":1,"name":"Portada","item":"https:\/\/exaudi.org\/es\/"},{"@type":"ListItem","position":2,"name":"Santo Tom\u00e1s de Aquino, 28 de enero"}]},{"@type":"WebSite","@id":"https:\/\/exaudi.org\/#website","url":"https:\/\/exaudi.org\/","name":"Exaudi","description":"News","potentialAction":[{"@type":"SearchAction","target":{"@type":"EntryPoint","urlTemplate":"https:\/\/exaudi.org\/?s={search_term_string}"},"query-input":{"@type":"PropertyValueSpecification","valueRequired":true,"valueName":"search_term_string"}}],"inLanguage":"es"},{"@type":"Person","@id":"https:\/\/exaudi.org\/#\/schema\/person\/64e18b96fd6118559a9217b5b3375fdc","name":"Isabel Orellana","image":{"@type":"ImageObject","inLanguage":"es","@id":"https:\/\/secure.gravatar.com\/avatar\/51968380bbb6b22ae85c605634860366fd9a2a611c6341125115bca32cd6c171?s=96&d=mm&r=g","url":"https:\/\/secure.gravatar.com\/avatar\/51968380bbb6b22ae85c605634860366fd9a2a611c6341125115bca32cd6c171?s=96&d=mm&r=g","contentUrl":"https:\/\/secure.gravatar.com\/avatar\/51968380bbb6b22ae85c605634860366fd9a2a611c6341125115bca32cd6c171?s=96&d=mm&r=g","caption":"Isabel Orellana"},"description":"Isabel Orellana Vilches Misionera idente. Doctora en Filosof\u00eda por la Universidad Aut\u00f3noma de Barcelona con la tesis Realismo y progreso cient\u00edfico en la epistemolog\u00eda popperiana. Ha cursado estudios de teolog\u00eda en la Universidad Pontificia de Salamanca. Con amplia actividad docente desde 1986, ha publicado libros como: Realismo y progreso cient\u00edfico en la epistemolog\u00eda popperiana, Universitat Aut\u00f2noma de Barcelona, 1993; El evangelio habla a los j\u00f3venes, Atenas, Madrid, 1997; Qu\u00e9 es... LA TOLERANCIA, Paulinas, Madrid, 1999; Pedagog\u00eda del dolor. Ensayo antropol\u00f3gico, Palabra, Madrid, 1999; En colaboraci\u00f3n con Enrique Rivera de Ventosa (\u2020) OFM. Cap. San Francisco de As\u00eds y Fernando Rielo: Convergencias. Respuestas desde la fe a los interrogantes del hombre de hoy, Universidad Pontificia, Salamanca, 2001; La \"mirada\" del cine. Recursos did\u00e1cticos del s\u00e9ptimo arte. Librer\u00eda Cervantes, Salamanca, 2001; Paradojas de la convivencia, San Pablo, Madrid, 2002; En la Universidad T\u00e9cnica Particular de Loja, Ecuador, ha publicado: La confianza. El arte de amar, 2002; Educar para la responsabilidad, 2003; Apuntes de \u00e9tica en Karl R. Popper, 2003; De soledades y comunicaci\u00f3n, 2005; Yo educo; t\u00fa respondes, 2008; Humanismo y fe en un crisol de culturas, 2008; Repensar lo cotidiano, 2008; Convivir: un constante desaf\u00edo, 2009; La l\u00f3gica del amor, 2010; El dolor del amor. Apuntes sobre la enfermedad y el dolor en relaci\u00f3n con la virtud heroica, el martirio y la vida santa. Seminario Diocesano de M\u00e1laga, 2006 y Universidad T\u00e9cnica Particular de Loja, Ecuador (2007). Cuenta con numerosas colaboraciones en obras colectivas, as\u00ed como relatos, cuentos, f\u00e1bula y novela juvenil, adem\u00e1s de art\u00edculos de tem\u00e1tica cient\u00edfica, pedag\u00f3gica y espiritual, que viene publicando en distintas revistas nacionales e internacionales. En 2012 culmin\u00f3 el santoral Llamados a ser santos y poco m\u00e1s tarde Epopeyas de amor prologado por mons. Fernando Sebasti\u00e1n. Es la bi\u00f3grafa oficial del fundador de su familia espiritual, autora de Fernando Rielo Pardal. Fundador de los Misioneros Identes, Descl\u00e9e de Brouwer, Bilbao, 2009. Culmina la biograf\u00eda completa. Encargada del santoral de ZENIT desde 2012 a 2020 y ahora en Exaudi","url":"https:\/\/exaudi.org\/es\/author\/isabelorellana\/"}]}},"jetpack_featured_media_url":"https:\/\/exaudi.org\/wp-content\/uploads\/2022\/01\/Disen\u0303o-sin-ti\u0301tulo-60.jpg","jetpack_shortlink":"https:\/\/wp.me\/pgKjF2-bQm","_links":{"self":[{"href":"https:\/\/exaudi.org\/es\/wp-json\/wp\/v2\/posts\/45530","targetHints":{"allow":["GET"]}}],"collection":[{"href":"https:\/\/exaudi.org\/es\/wp-json\/wp\/v2\/posts"}],"about":[{"href":"https:\/\/exaudi.org\/es\/wp-json\/wp\/v2\/types\/post"}],"author":[{"embeddable":true,"href":"https:\/\/exaudi.org\/es\/wp-json\/wp\/v2\/users\/23"}],"replies":[{"embeddable":true,"href":"https:\/\/exaudi.org\/es\/wp-json\/wp\/v2\/comments?post=45530"}],"version-history":[{"count":1,"href":"https:\/\/exaudi.org\/es\/wp-json\/wp\/v2\/posts\/45530\/revisions"}],"predecessor-version":[{"id":149918,"href":"https:\/\/exaudi.org\/es\/wp-json\/wp\/v2\/posts\/45530\/revisions\/149918"}],"wp:featuredmedia":[{"embeddable":true,"href":"https:\/\/exaudi.org\/es\/wp-json\/wp\/v2\/media\/50481"}],"wp:attachment":[{"href":"https:\/\/exaudi.org\/es\/wp-json\/wp\/v2\/media?parent=45530"}],"wp:term":[{"taxonomy":"category","embeddable":true,"href":"https:\/\/exaudi.org\/es\/wp-json\/wp\/v2\/categories?post=45530"},{"taxonomy":"post_tag","embeddable":true,"href":"https:\/\/exaudi.org\/es\/wp-json\/wp\/v2\/tags?post=45530"}],"curies":[{"name":"wp","href":"https:\/\/api.w.org\/{rel}","templated":true}]}}