{"id":45501,"date":"2026-01-20T07:30:56","date_gmt":"2026-01-20T06:30:56","guid":{"rendered":"https:\/\/exaudi.org\/?p=45501"},"modified":"2025-12-10T12:39:41","modified_gmt":"2025-12-10T11:39:41","slug":"beato-basilio-antonio-maria-moreau-20-de-enero","status":"publish","type":"post","link":"https:\/\/exaudi.org\/es\/beato-basilio-antonio-maria-moreau-20-de-enero\/","title":{"rendered":"Beato Basilio Antonio Mar\u00eda Moreau, 20 de enero"},"content":{"rendered":"<p>En esta festividad de san Sebasti\u00e1n y de san Fabi\u00e1n, la Iglesia celebra la vida de este beato. Como tantos otros fundadores y fundadoras, Antonio sufri\u00f3 mucho para llevar adelante su obra. Fue incomprendido en no pocas ocasiones, pero nunca dej\u00f3 de confiar plenamente en la divina Providencia. En su af\u00e1n de cumplir en todo momento la voluntad de Dios, no dud\u00f3 en entregarse por completo hasta el fin de sus d\u00edas. Este sentimiento de actuar en nombre de Dios, de ser instrumento suyo, lo transmiti\u00f3 a sus hijos espirituales: \u201cLa obra de la Santa Cruz no es obra del hombre, sino obra de Dios mismo [\u2026]. Por eso os exhorto a renovar el esp\u00edritu de vuestra vocaci\u00f3n, que es un esp\u00edritu de pobreza, castidad y obediencia\u201d.<\/p>\n<p><iframe title=\"Spotify Embed: Beato Basilio Antonio Mar\u00eda Moreau, 20 de enero\" style=\"border-radius: 12px\" width=\"100%\" height=\"152\" frameborder=\"0\" allowfullscreen allow=\"autoplay; clipboard-write; encrypted-media; fullscreen; picture-in-picture\" loading=\"lazy\" src=\"https:\/\/open.spotify.com\/embed\/episode\/0iSIUwdlsZSK8dLtZVQrHY?si=182cd418ded54382&#038;utm_source=oembed\"><\/iframe><\/p>\n<p>Hab\u00eda nacido en Laign\u00e9-en-Belin, distrito de Le Mans, Francia, el 11 de febrero de 1799. Formaba parte de una generosa familia de agricultores y comerciantes de vino, compuesta por catorce hermanos, de los que fue el noveno. Cuando decidi\u00f3 ser sacerdote, el p\u00e1rroco le ayud\u00f3 en las ense\u00f1anzas b\u00e1sicas, que despu\u00e9s prosigui\u00f3 en el colegio de Ch\u00e2teau-Gontier y en el seminario de Le Mans. Su vocaci\u00f3n eran las misiones. Y all\u00ed hubiera querido partir cuando se convirti\u00f3 en sacerdote en 1821. Sin embargo, las previsiones de su obispo eran otras. Vio en \u00e9l cualidades para la ense\u00f1anza y formaci\u00f3n de los nuevos seminaristas, y decidi\u00f3 que ampliase estudios fuera de la di\u00f3cesis. Al regresar a Le Mans, junto a su intensa actividad pastoral, impart\u00eda diversas disciplinas en el seminario del que fue profesor desde 1823 a 1836. Tres a\u00f1os antes de cesar en esta tarea, tom\u00f3 contacto con la fundaci\u00f3n del Buen Pastor de Le Mans, instituci\u00f3n destinada a la reeducaci\u00f3n de j\u00f3venes que erraron su camino y se adentraron en los peligrosos derroteros de la delincuencia. Fue una experiencia inolvidable para \u00e9l.<\/p>\n<p>En 1835 conoci\u00f3 de cerca la Congregaci\u00f3n de los Hermanos de San Jos\u00e9 que ten\u00eda como objetivo la formaci\u00f3n de los campesinos. Estaba en manos de laicos comprometidos, y \u00e9l se convirti\u00f3 en su director espiritual. Consciente de la gran tarea pastoral que siempre tienen delante los presb\u00edteros, ese a\u00f1o de 1835 fund\u00f3 la Sociedad de Sacerdotes Auxiliares. Con ella dio un impulso m\u00e1s que notable a su labor, asisti\u00e9ndoles a trav\u00e9s de predicaci\u00f3n, retiros, cursillos y misiones populares. En 1837 surgi\u00f3, como fusi\u00f3n de esta sociedad y la Congregaci\u00f3n de Hermanos de San Jos\u00e9, otra nueva fundaci\u00f3n: la Congregaci\u00f3n de la Santa Cruz con el lema: \u201cSalve, oh, cruz, nuestra \u00fanica esperanza\u201d. Le dio este nombre por el alcance que la cruz ten\u00eda en su vida. Dado que es la se\u00f1al del seguidor de Cristo, siempre alud\u00eda a ella en su direcci\u00f3n espiritual.<\/p>\n<p>Cuatro a\u00f1os m\u00e1s tarde impuls\u00f3 la tercera fundaci\u00f3n: las Marianitas de la Santa Cruz, integrada por religiosas. Sabedor del valor incuestionable de la unidad, fuente de bendiciones que sostiene cualquier empresa, hac\u00eda notar: \u201cLa uni\u00f3n hace la fuerza y la desuni\u00f3n lleva a la ruina\u201d. Unidad, naturalmente, que deb\u00eda estar vinculada en Cristo: \u201cDebemos permanecer unidos en \u00c9l los unos a los otros, de forma que seamos uno solo, como las ramas con el tronco, sostenidas por la misma ra\u00edz y alimentadas por la misma savia, que forman un solo \u00e1rbol\u201d.<\/p>\n<p>Tomando como modelo a la Sagrada Familia denomin\u00f3 a los sacerdotes, Salvatoristas, a los hermanos, Josefinos, y a las religiosas, Marianitas. En conjunto extendieron sus redes en el entorno rural y en otras misiones emprendidas en el extranjero. Educaci\u00f3n y predicaci\u00f3n eran pilares b\u00e1sicos de la acci\u00f3n apost\u00f3lica junto a la labor parroquial y \u201cdifusi\u00f3n de la buena prensa\u201d. Por otro lado, se ocuparon de crear y dirigir casas destinadas a la reinserci\u00f3n de delincuentes j\u00f3venes y a acoger personas sin hogar. Las tres ramas de la Congregaci\u00f3n fueron estableci\u00e9ndose en distintos lugares del mundo: Argelia, Estados Unidos, India y Canad\u00e1, entre otros pa\u00edses. El padre Moreau sigui\u00f3 la expansi\u00f3n desde su morada situada junto al Instituto de la Santa Cruz. Siempre confi\u00f3 plenamente en la divina Providencia: \u201cLa obra de Santa Cruz no es la obra del hombre, sino la obra de Dios. \u2026He aqu\u00ed por qu\u00e9 os suplico que os renov\u00e9is en el esp\u00edritu de vuestra vocaci\u00f3n, que es un esp\u00edritu de pobreza, castidad y obediencia\u2026 As\u00ed podremos confiar en la Providencia\u2026 Porque se encarga de proveer de quienes se dejan guiar por ella al cumplir todos sus deberes\u2026 La obra de Santa Cruz es su obra y por ello no ha permitido su ruina a pesar de los terribles golpes que le ha dado el enemigo del bien; quiere que sobreviva y se desarrolle cada vez m\u00e1s\u201d.<\/p>\n<p>\u00c9l, que tanto am\u00f3 la unidad, durante m\u00e1s de una d\u00e9cada tuvo que padecer su ausencia entre sus hijos. Tanta fue la presi\u00f3n y acusaciones que pon\u00edan en solfa su capacidad gestora, am\u00e9n de otras discrepancias a\u00f1adidas, que se propuso dimitir como superior general en 1860, gesto honroso y edificante que no prosper\u00f3 hasta 1866, a\u00f1o en el que, tras persistir y acentuarse las tropel\u00edas contra su persona, el Papa acogi\u00f3 su deseo. Desamparado por los integrantes de la obra que puso en marcha, solo pudo contar con la asistencia de dos hermanas suyas. Conviviendo junto a ellas, ejerci\u00f3 su labor predicadora por las parroquias colindantes a Le Mans hasta que el 20 de enero de 1873 entreg\u00f3 su alma a Dios. Fue beatificado por Benedicto XVI el 15 de septiembre de 2007.<\/p>\n<p><img loading=\"lazy\" decoding=\"async\" class=\"size-full wp-image-117122 alignnone\" src=\"https:\/\/exaudi.org\/wp-content\/uploads\/2025\/01\/Santoral-3.jpg\" alt=\"\" width=\"1080\" height=\"1080\" srcset=\"https:\/\/exaudi.org\/wp-content\/uploads\/2025\/01\/Santoral-3.jpg 1080w, https:\/\/exaudi.org\/wp-content\/uploads\/2025\/01\/Santoral-3-300x300.jpg 300w, https:\/\/exaudi.org\/wp-content\/uploads\/2025\/01\/Santoral-3-1024x1024.jpg 1024w, https:\/\/exaudi.org\/wp-content\/uploads\/2025\/01\/Santoral-3-100x100.jpg?crop=1 100w, https:\/\/exaudi.org\/wp-content\/uploads\/2025\/01\/Santoral-3-770x770.jpg 770w, https:\/\/exaudi.org\/wp-content\/uploads\/2025\/01\/Santoral-3-500x500.jpg 500w, https:\/\/exaudi.org\/wp-content\/uploads\/2025\/01\/Santoral-3-293x293.jpg 293w, https:\/\/exaudi.org\/wp-content\/uploads\/2025\/01\/Santoral-3-390x390.jpg 390w, https:\/\/exaudi.org\/wp-content\/uploads\/2025\/01\/Santoral-3-585x585.jpg 585w, https:\/\/exaudi.org\/wp-content\/uploads\/2025\/01\/Santoral-3-900x900.jpg 900w\" sizes=\"auto, (max-width: 1080px) 100vw, 1080px\" \/><\/p>\n<h6><em>\u00a9 <a href=\"https:\/\/exaudi.org\/es\/author\/isabelorellana\/\" target=\"_blank\" rel=\"noopener noreferrer\">Isabel Orellana Vilches<\/a>, 2018<\/em><\/h6>\n<h6><em>Autora vinculada a<\/em><\/h6>\n<h6><em><img loading=\"lazy\" decoding=\"async\" class=\"alignright wp-image-2208\" src=\"https:\/\/exaudi.org\/wp-content\/uploads\/2021\/02\/santoral-scaled-1-725x1024.jpg\" alt=\"santoral Isabel Orellana\" width=\"262\" height=\"370\" \/><\/em><img loading=\"lazy\" decoding=\"async\" class=\"alignnone size-full wp-image-41949\" src=\"https:\/\/www.idente.org\/wp-content\/uploads\/logo-cedro-v01-843x295-1-e1603384654546.png\" alt=\"\" width=\"80\" height=\"28\" \/><br \/>\nObra protegida por derechos de autor.<br \/>\nInscrita en el Registro de la Propiedad Intelectual el 24 de noviembre de 2014.<br \/>\n________________<br \/>\nDerechos de edici\u00f3n reservados:<br \/>\n<a href=\"https:\/\/rielo.com\/\" target=\"_blank\" rel=\"noopener noreferrer\">Fundaci\u00f3n Fernando Rielo<\/a><br \/>\nGoya 20, 4.\u00ba izq. int. 28001 Madrid<br \/>\nTlf.: (34) 91 575 40 91<br \/>\nCorreo electr\u00f3nico: fundacion@rielo.com<\/h6>\n<div class=\"page\" title=\"Page 4\">\n<div class=\"layoutArea\">\n<div class=\"column\">\n<h6>Dep\u00f3sito legal: M-18664-2020<br \/>\nISBN: 978-84-946646-6-3<\/h6>\n<\/div>\n<\/div>\n<\/div>\n","protected":false},"excerpt":{"rendered":"<p>Fundador de la Congregaci\u00f3n de los Religiosos y Religiosas de la Santa Cruz<\/p>\n","protected":false},"author":23,"featured_media":45496,"comment_status":"closed","ping_status":"closed","sticky":false,"template":"","format":"standard","meta":{"_acf_changed":false,"_crdt_document":"","inline_featured_image":false,"footnotes":""},"categories":[2772],"tags":[41286,41300,41292,5173,515,3661,41293,8906,41298,20343,41296,41301,41303,41304,41295,28506,41305,10313,41302,1646,41299,41294,12355,12354,387,29025,41297],"class_list":["post-45501","post","type-post","status-publish","format-standard","has-post-thumbnail","hentry","category-santoral","tag-20-de-enero","tag-beatificacion-2007","tag-beato-basilio","tag-beato-basilio-antonio-maria-moreau","tag-benedicto-xvi","tag-castidad","tag-congregacion-de-la-santa-cruz","tag-divina-providencia","tag-educacion-y-predicacion","tag-espiritualidad-catolica","tag-fundadores-religiosos","tag-historia-de-la-iglesia-catolica","tag-laigne-en-belin","tag-le-mans","tag-marianitas-de-la-santa-cruz","tag-mision-evangelizadora","tag-mision-rural","tag-obediencia","tag-obras-de-caridad-cristianas","tag-pobreza","tag-reinsercion-de-jovenes","tag-religiosos-de-la-santa-cruz","tag-san-fabian","tag-san-sebastian","tag-santoral","tag-unidad-en-cristo","tag-vida-de-los-santos"],"acf":[],"yoast_head":"<!-- This site is optimized with the Yoast SEO plugin v27.5 - https:\/\/yoast.com\/product\/yoast-seo-wordpress\/ -->\n<title>Beato Basilio Antonio Mar\u00eda Moreau, 20 de enero &#8211; Exaudi<\/title>\n<meta name=\"description\" content=\"Beato Basilio Antonio Mar\u00eda Moreau fue un presb\u00edtero, fundador de la Congregaci\u00f3n de los Religiosos y Religiosas de la Santa Cruz.\" \/>\n<meta name=\"robots\" content=\"index, follow, max-snippet:-1, max-image-preview:large, max-video-preview:-1\" \/>\n<link rel=\"canonical\" href=\"https:\/\/exaudi.org\/es\/beato-basilio-antonio-maria-moreau-20-de-enero\/\" \/>\n<meta property=\"og:locale\" content=\"es_ES\" \/>\n<meta property=\"og:type\" content=\"article\" \/>\n<meta property=\"og:title\" content=\"Beato Basilio Antonio Mar\u00eda Moreau, 20 de enero &#8211; Exaudi\" \/>\n<meta property=\"og:description\" content=\"Beato Basilio Antonio Mar\u00eda Moreau fue un presb\u00edtero, fundador de la Congregaci\u00f3n de los Religiosos y Religiosas de la Santa Cruz.\" \/>\n<meta property=\"og:url\" content=\"https:\/\/exaudi.org\/es\/beato-basilio-antonio-maria-moreau-20-de-enero\/\" \/>\n<meta property=\"og:site_name\" content=\"Exaudi\" \/>\n<meta property=\"article:publisher\" content=\"https:\/\/www.facebook.com\/ExaudiNews\" \/>\n<meta property=\"article:published_time\" content=\"2026-01-20T06:30:56+00:00\" \/>\n<meta property=\"og:image\" content=\"https:\/\/exaudi.org\/wp-content\/uploads\/2021\/12\/Disen\u0303o-sin-ti\u0301tulo-27.jpg\" \/>\n\t<meta property=\"og:image:width\" content=\"991\" \/>\n\t<meta property=\"og:image:height\" content=\"771\" \/>\n\t<meta property=\"og:image:type\" content=\"image\/jpeg\" \/>\n<meta name=\"author\" content=\"Isabel Orellana\" \/>\n<meta name=\"twitter:card\" content=\"summary_large_image\" \/>\n<meta name=\"twitter:creator\" content=\"@Exaudi_News\" \/>\n<meta name=\"twitter:site\" content=\"@Exaudi_News\" \/>\n<meta name=\"twitter:label1\" content=\"Escrito por\" \/>\n\t<meta name=\"twitter:data1\" content=\"Isabel Orellana\" \/>\n\t<meta name=\"twitter:label2\" content=\"Tiempo de lectura\" \/>\n\t<meta name=\"twitter:data2\" content=\"5 minutos\" \/>\n<script type=\"application\/ld+json\" class=\"yoast-schema-graph\">{\"@context\":\"https:\\\/\\\/schema.org\",\"@graph\":[{\"@type\":\"Article\",\"@id\":\"https:\\\/\\\/exaudi.org\\\/es\\\/beato-basilio-antonio-maria-moreau-20-de-enero\\\/#article\",\"isPartOf\":{\"@id\":\"https:\\\/\\\/exaudi.org\\\/es\\\/beato-basilio-antonio-maria-moreau-20-de-enero\\\/\"},\"author\":{\"name\":\"Isabel Orellana\",\"@id\":\"https:\\\/\\\/exaudi.org\\\/#\\\/schema\\\/person\\\/64e18b96fd6118559a9217b5b3375fdc\"},\"headline\":\"Beato Basilio Antonio Mar\u00eda Moreau, 20 de enero\",\"datePublished\":\"2026-01-20T06:30:56+00:00\",\"mainEntityOfPage\":{\"@id\":\"https:\\\/\\\/exaudi.org\\\/es\\\/beato-basilio-antonio-maria-moreau-20-de-enero\\\/\"},\"wordCount\":1039,\"image\":{\"@id\":\"https:\\\/\\\/exaudi.org\\\/es\\\/beato-basilio-antonio-maria-moreau-20-de-enero\\\/#primaryimage\"},\"thumbnailUrl\":\"https:\\\/\\\/exaudi.org\\\/wp-content\\\/uploads\\\/2021\\\/12\\\/Disen\u0303o-sin-ti\u0301tulo-27.jpg\",\"keywords\":[\"20 de enero\",\"beatificaci\u00f3n 2007\",\"Beato Basilio\",\"Beato Basilio Antonio Mar\u00eda Moreau\",\"Benedicto XVI\",\"Castidad\",\"Congregaci\u00f3n de la Santa Cruz\",\"Divina Providencia\",\"educaci\u00f3n y predicaci\u00f3n\",\"espiritualidad cat\u00f3lica\",\"fundadores religiosos\",\"historia de la Iglesia Cat\u00f3lica\",\"Laign\u00e9-en-Belin\",\"Le Mans\",\"Marianitas de la Santa Cruz\",\"misi\u00f3n evangelizadora\",\"misi\u00f3n rural\",\"obediencia\",\"obras de caridad cristianas\",\"Pobreza\",\"reinserci\u00f3n de j\u00f3venes\",\"Religiosos de la Santa Cruz\",\"San Fabi\u00e1n\",\"San Sebastian\",\"Santoral\",\"unidad en Cristo\",\"vida de los santos\"],\"articleSection\":[\"Santoral\"],\"inLanguage\":\"es\"},{\"@type\":\"WebPage\",\"@id\":\"https:\\\/\\\/exaudi.org\\\/es\\\/beato-basilio-antonio-maria-moreau-20-de-enero\\\/\",\"url\":\"https:\\\/\\\/exaudi.org\\\/es\\\/beato-basilio-antonio-maria-moreau-20-de-enero\\\/\",\"name\":\"Beato Basilio Antonio Mar\u00eda Moreau, 20 de enero &#8211; Exaudi\",\"isPartOf\":{\"@id\":\"https:\\\/\\\/exaudi.org\\\/#website\"},\"primaryImageOfPage\":{\"@id\":\"https:\\\/\\\/exaudi.org\\\/es\\\/beato-basilio-antonio-maria-moreau-20-de-enero\\\/#primaryimage\"},\"image\":{\"@id\":\"https:\\\/\\\/exaudi.org\\\/es\\\/beato-basilio-antonio-maria-moreau-20-de-enero\\\/#primaryimage\"},\"thumbnailUrl\":\"https:\\\/\\\/exaudi.org\\\/wp-content\\\/uploads\\\/2021\\\/12\\\/Disen\u0303o-sin-ti\u0301tulo-27.jpg\",\"datePublished\":\"2026-01-20T06:30:56+00:00\",\"author\":{\"@id\":\"https:\\\/\\\/exaudi.org\\\/#\\\/schema\\\/person\\\/64e18b96fd6118559a9217b5b3375fdc\"},\"description\":\"Beato Basilio Antonio Mar\u00eda Moreau fue un presb\u00edtero, fundador de la Congregaci\u00f3n de los Religiosos y Religiosas de la Santa Cruz.\",\"breadcrumb\":{\"@id\":\"https:\\\/\\\/exaudi.org\\\/es\\\/beato-basilio-antonio-maria-moreau-20-de-enero\\\/#breadcrumb\"},\"inLanguage\":\"es\",\"potentialAction\":[{\"@type\":\"ReadAction\",\"target\":[\"https:\\\/\\\/exaudi.org\\\/es\\\/beato-basilio-antonio-maria-moreau-20-de-enero\\\/\"]}]},{\"@type\":\"ImageObject\",\"inLanguage\":\"es\",\"@id\":\"https:\\\/\\\/exaudi.org\\\/es\\\/beato-basilio-antonio-maria-moreau-20-de-enero\\\/#primaryimage\",\"url\":\"https:\\\/\\\/exaudi.org\\\/wp-content\\\/uploads\\\/2021\\\/12\\\/Disen\u0303o-sin-ti\u0301tulo-27.jpg\",\"contentUrl\":\"https:\\\/\\\/exaudi.org\\\/wp-content\\\/uploads\\\/2021\\\/12\\\/Disen\u0303o-sin-ti\u0301tulo-27.jpg\",\"width\":991,\"height\":771,\"caption\":\"Beato Basilio Antonio Mar\u00eda Moreau \u00a9 Idente\"},{\"@type\":\"BreadcrumbList\",\"@id\":\"https:\\\/\\\/exaudi.org\\\/es\\\/beato-basilio-antonio-maria-moreau-20-de-enero\\\/#breadcrumb\",\"itemListElement\":[{\"@type\":\"ListItem\",\"position\":1,\"name\":\"Portada\",\"item\":\"https:\\\/\\\/exaudi.org\\\/es\\\/\"},{\"@type\":\"ListItem\",\"position\":2,\"name\":\"Beato Basilio Antonio Mar\u00eda Moreau, 20 de enero\"}]},{\"@type\":\"WebSite\",\"@id\":\"https:\\\/\\\/exaudi.org\\\/#website\",\"url\":\"https:\\\/\\\/exaudi.org\\\/\",\"name\":\"Exaudi\",\"description\":\"News\",\"potentialAction\":[{\"@type\":\"SearchAction\",\"target\":{\"@type\":\"EntryPoint\",\"urlTemplate\":\"https:\\\/\\\/exaudi.org\\\/?s={search_term_string}\"},\"query-input\":{\"@type\":\"PropertyValueSpecification\",\"valueRequired\":true,\"valueName\":\"search_term_string\"}}],\"inLanguage\":\"es\"},{\"@type\":\"Person\",\"@id\":\"https:\\\/\\\/exaudi.org\\\/#\\\/schema\\\/person\\\/64e18b96fd6118559a9217b5b3375fdc\",\"name\":\"Isabel Orellana\",\"image\":{\"@type\":\"ImageObject\",\"inLanguage\":\"es\",\"@id\":\"https:\\\/\\\/secure.gravatar.com\\\/avatar\\\/51968380bbb6b22ae85c605634860366fd9a2a611c6341125115bca32cd6c171?s=96&d=mm&r=g\",\"url\":\"https:\\\/\\\/secure.gravatar.com\\\/avatar\\\/51968380bbb6b22ae85c605634860366fd9a2a611c6341125115bca32cd6c171?s=96&d=mm&r=g\",\"contentUrl\":\"https:\\\/\\\/secure.gravatar.com\\\/avatar\\\/51968380bbb6b22ae85c605634860366fd9a2a611c6341125115bca32cd6c171?s=96&d=mm&r=g\",\"caption\":\"Isabel Orellana\"},\"description\":\"Isabel Orellana Vilches Misionera idente. Doctora en Filosof\u00eda por la Universidad Aut\u00f3noma de Barcelona con la tesis Realismo y progreso cient\u00edfico en la epistemolog\u00eda popperiana. Ha cursado estudios de teolog\u00eda en la Universidad Pontificia de Salamanca. Con amplia actividad docente desde 1986, ha publicado libros como: Realismo y progreso cient\u00edfico en la epistemolog\u00eda popperiana, Universitat Aut\u00f2noma de Barcelona, 1993; El evangelio habla a los j\u00f3venes, Atenas, Madrid, 1997; Qu\u00e9 es... LA TOLERANCIA, Paulinas, Madrid, 1999; Pedagog\u00eda del dolor. Ensayo antropol\u00f3gico, Palabra, Madrid, 1999; En colaboraci\u00f3n con Enrique Rivera de Ventosa (\u2020) OFM. Cap. San Francisco de As\u00eds y Fernando Rielo: Convergencias. Respuestas desde la fe a los interrogantes del hombre de hoy, Universidad Pontificia, Salamanca, 2001; La \\\"mirada\\\" del cine. Recursos did\u00e1cticos del s\u00e9ptimo arte. Librer\u00eda Cervantes, Salamanca, 2001; Paradojas de la convivencia, San Pablo, Madrid, 2002; En la Universidad T\u00e9cnica Particular de Loja, Ecuador, ha publicado: La confianza. El arte de amar, 2002; Educar para la responsabilidad, 2003; Apuntes de \u00e9tica en Karl R. Popper, 2003; De soledades y comunicaci\u00f3n, 2005; Yo educo; t\u00fa respondes, 2008; Humanismo y fe en un crisol de culturas, 2008; Repensar lo cotidiano, 2008; Convivir: un constante desaf\u00edo, 2009; La l\u00f3gica del amor, 2010; El dolor del amor. Apuntes sobre la enfermedad y el dolor en relaci\u00f3n con la virtud heroica, el martirio y la vida santa. Seminario Diocesano de M\u00e1laga, 2006 y Universidad T\u00e9cnica Particular de Loja, Ecuador (2007). Cuenta con numerosas colaboraciones en obras colectivas, as\u00ed como relatos, cuentos, f\u00e1bula y novela juvenil, adem\u00e1s de art\u00edculos de tem\u00e1tica cient\u00edfica, pedag\u00f3gica y espiritual, que viene publicando en distintas revistas nacionales e internacionales. En 2012 culmin\u00f3 el santoral Llamados a ser santos y poco m\u00e1s tarde Epopeyas de amor prologado por mons. Fernando Sebasti\u00e1n. Es la bi\u00f3grafa oficial del fundador de su familia espiritual, autora de Fernando Rielo Pardal. Fundador de los Misioneros Identes, Descl\u00e9e de Brouwer, Bilbao, 2009. Culmina la biograf\u00eda completa. Encargada del santoral de ZENIT desde 2012 a 2020 y ahora en Exaudi\",\"url\":\"https:\\\/\\\/exaudi.org\\\/es\\\/author\\\/isabelorellana\\\/\"}]}<\/script>\n<!-- \/ Yoast SEO plugin. -->","yoast_head_json":{"title":"Beato Basilio Antonio Mar\u00eda Moreau, 20 de enero &#8211; Exaudi","description":"Beato Basilio Antonio Mar\u00eda Moreau fue un presb\u00edtero, fundador de la Congregaci\u00f3n de los Religiosos y Religiosas de la Santa Cruz.","robots":{"index":"index","follow":"follow","max-snippet":"max-snippet:-1","max-image-preview":"max-image-preview:large","max-video-preview":"max-video-preview:-1"},"canonical":"https:\/\/exaudi.org\/es\/beato-basilio-antonio-maria-moreau-20-de-enero\/","og_locale":"es_ES","og_type":"article","og_title":"Beato Basilio Antonio Mar\u00eda Moreau, 20 de enero &#8211; Exaudi","og_description":"Beato Basilio Antonio Mar\u00eda Moreau fue un presb\u00edtero, fundador de la Congregaci\u00f3n de los Religiosos y Religiosas de la Santa Cruz.","og_url":"https:\/\/exaudi.org\/es\/beato-basilio-antonio-maria-moreau-20-de-enero\/","og_site_name":"Exaudi","article_publisher":"https:\/\/www.facebook.com\/ExaudiNews","article_published_time":"2026-01-20T06:30:56+00:00","og_image":[{"width":991,"height":771,"url":"https:\/\/exaudi.org\/wp-content\/uploads\/2021\/12\/Disen\u0303o-sin-ti\u0301tulo-27.jpg","type":"image\/jpeg"}],"author":"Isabel Orellana","twitter_card":"summary_large_image","twitter_creator":"@Exaudi_News","twitter_site":"@Exaudi_News","twitter_misc":{"Escrito por":"Isabel Orellana","Tiempo de lectura":"5 minutos"},"schema":{"@context":"https:\/\/schema.org","@graph":[{"@type":"Article","@id":"https:\/\/exaudi.org\/es\/beato-basilio-antonio-maria-moreau-20-de-enero\/#article","isPartOf":{"@id":"https:\/\/exaudi.org\/es\/beato-basilio-antonio-maria-moreau-20-de-enero\/"},"author":{"name":"Isabel Orellana","@id":"https:\/\/exaudi.org\/#\/schema\/person\/64e18b96fd6118559a9217b5b3375fdc"},"headline":"Beato Basilio Antonio Mar\u00eda Moreau, 20 de enero","datePublished":"2026-01-20T06:30:56+00:00","mainEntityOfPage":{"@id":"https:\/\/exaudi.org\/es\/beato-basilio-antonio-maria-moreau-20-de-enero\/"},"wordCount":1039,"image":{"@id":"https:\/\/exaudi.org\/es\/beato-basilio-antonio-maria-moreau-20-de-enero\/#primaryimage"},"thumbnailUrl":"https:\/\/exaudi.org\/wp-content\/uploads\/2021\/12\/Disen\u0303o-sin-ti\u0301tulo-27.jpg","keywords":["20 de enero","beatificaci\u00f3n 2007","Beato Basilio","Beato Basilio Antonio Mar\u00eda Moreau","Benedicto XVI","Castidad","Congregaci\u00f3n de la Santa Cruz","Divina Providencia","educaci\u00f3n y predicaci\u00f3n","espiritualidad cat\u00f3lica","fundadores religiosos","historia de la Iglesia Cat\u00f3lica","Laign\u00e9-en-Belin","Le Mans","Marianitas de la Santa Cruz","misi\u00f3n evangelizadora","misi\u00f3n rural","obediencia","obras de caridad cristianas","Pobreza","reinserci\u00f3n de j\u00f3venes","Religiosos de la Santa Cruz","San Fabi\u00e1n","San Sebastian","Santoral","unidad en Cristo","vida de los santos"],"articleSection":["Santoral"],"inLanguage":"es"},{"@type":"WebPage","@id":"https:\/\/exaudi.org\/es\/beato-basilio-antonio-maria-moreau-20-de-enero\/","url":"https:\/\/exaudi.org\/es\/beato-basilio-antonio-maria-moreau-20-de-enero\/","name":"Beato Basilio Antonio Mar\u00eda Moreau, 20 de enero &#8211; Exaudi","isPartOf":{"@id":"https:\/\/exaudi.org\/#website"},"primaryImageOfPage":{"@id":"https:\/\/exaudi.org\/es\/beato-basilio-antonio-maria-moreau-20-de-enero\/#primaryimage"},"image":{"@id":"https:\/\/exaudi.org\/es\/beato-basilio-antonio-maria-moreau-20-de-enero\/#primaryimage"},"thumbnailUrl":"https:\/\/exaudi.org\/wp-content\/uploads\/2021\/12\/Disen\u0303o-sin-ti\u0301tulo-27.jpg","datePublished":"2026-01-20T06:30:56+00:00","author":{"@id":"https:\/\/exaudi.org\/#\/schema\/person\/64e18b96fd6118559a9217b5b3375fdc"},"description":"Beato Basilio Antonio Mar\u00eda Moreau fue un presb\u00edtero, fundador de la Congregaci\u00f3n de los Religiosos y Religiosas de la Santa Cruz.","breadcrumb":{"@id":"https:\/\/exaudi.org\/es\/beato-basilio-antonio-maria-moreau-20-de-enero\/#breadcrumb"},"inLanguage":"es","potentialAction":[{"@type":"ReadAction","target":["https:\/\/exaudi.org\/es\/beato-basilio-antonio-maria-moreau-20-de-enero\/"]}]},{"@type":"ImageObject","inLanguage":"es","@id":"https:\/\/exaudi.org\/es\/beato-basilio-antonio-maria-moreau-20-de-enero\/#primaryimage","url":"https:\/\/exaudi.org\/wp-content\/uploads\/2021\/12\/Disen\u0303o-sin-ti\u0301tulo-27.jpg","contentUrl":"https:\/\/exaudi.org\/wp-content\/uploads\/2021\/12\/Disen\u0303o-sin-ti\u0301tulo-27.jpg","width":991,"height":771,"caption":"Beato Basilio Antonio Mar\u00eda Moreau \u00a9 Idente"},{"@type":"BreadcrumbList","@id":"https:\/\/exaudi.org\/es\/beato-basilio-antonio-maria-moreau-20-de-enero\/#breadcrumb","itemListElement":[{"@type":"ListItem","position":1,"name":"Portada","item":"https:\/\/exaudi.org\/es\/"},{"@type":"ListItem","position":2,"name":"Beato Basilio Antonio Mar\u00eda Moreau, 20 de enero"}]},{"@type":"WebSite","@id":"https:\/\/exaudi.org\/#website","url":"https:\/\/exaudi.org\/","name":"Exaudi","description":"News","potentialAction":[{"@type":"SearchAction","target":{"@type":"EntryPoint","urlTemplate":"https:\/\/exaudi.org\/?s={search_term_string}"},"query-input":{"@type":"PropertyValueSpecification","valueRequired":true,"valueName":"search_term_string"}}],"inLanguage":"es"},{"@type":"Person","@id":"https:\/\/exaudi.org\/#\/schema\/person\/64e18b96fd6118559a9217b5b3375fdc","name":"Isabel Orellana","image":{"@type":"ImageObject","inLanguage":"es","@id":"https:\/\/secure.gravatar.com\/avatar\/51968380bbb6b22ae85c605634860366fd9a2a611c6341125115bca32cd6c171?s=96&d=mm&r=g","url":"https:\/\/secure.gravatar.com\/avatar\/51968380bbb6b22ae85c605634860366fd9a2a611c6341125115bca32cd6c171?s=96&d=mm&r=g","contentUrl":"https:\/\/secure.gravatar.com\/avatar\/51968380bbb6b22ae85c605634860366fd9a2a611c6341125115bca32cd6c171?s=96&d=mm&r=g","caption":"Isabel Orellana"},"description":"Isabel Orellana Vilches Misionera idente. Doctora en Filosof\u00eda por la Universidad Aut\u00f3noma de Barcelona con la tesis Realismo y progreso cient\u00edfico en la epistemolog\u00eda popperiana. Ha cursado estudios de teolog\u00eda en la Universidad Pontificia de Salamanca. Con amplia actividad docente desde 1986, ha publicado libros como: Realismo y progreso cient\u00edfico en la epistemolog\u00eda popperiana, Universitat Aut\u00f2noma de Barcelona, 1993; El evangelio habla a los j\u00f3venes, Atenas, Madrid, 1997; Qu\u00e9 es... LA TOLERANCIA, Paulinas, Madrid, 1999; Pedagog\u00eda del dolor. Ensayo antropol\u00f3gico, Palabra, Madrid, 1999; En colaboraci\u00f3n con Enrique Rivera de Ventosa (\u2020) OFM. Cap. San Francisco de As\u00eds y Fernando Rielo: Convergencias. Respuestas desde la fe a los interrogantes del hombre de hoy, Universidad Pontificia, Salamanca, 2001; La \"mirada\" del cine. Recursos did\u00e1cticos del s\u00e9ptimo arte. Librer\u00eda Cervantes, Salamanca, 2001; Paradojas de la convivencia, San Pablo, Madrid, 2002; En la Universidad T\u00e9cnica Particular de Loja, Ecuador, ha publicado: La confianza. El arte de amar, 2002; Educar para la responsabilidad, 2003; Apuntes de \u00e9tica en Karl R. Popper, 2003; De soledades y comunicaci\u00f3n, 2005; Yo educo; t\u00fa respondes, 2008; Humanismo y fe en un crisol de culturas, 2008; Repensar lo cotidiano, 2008; Convivir: un constante desaf\u00edo, 2009; La l\u00f3gica del amor, 2010; El dolor del amor. Apuntes sobre la enfermedad y el dolor en relaci\u00f3n con la virtud heroica, el martirio y la vida santa. Seminario Diocesano de M\u00e1laga, 2006 y Universidad T\u00e9cnica Particular de Loja, Ecuador (2007). Cuenta con numerosas colaboraciones en obras colectivas, as\u00ed como relatos, cuentos, f\u00e1bula y novela juvenil, adem\u00e1s de art\u00edculos de tem\u00e1tica cient\u00edfica, pedag\u00f3gica y espiritual, que viene publicando en distintas revistas nacionales e internacionales. En 2012 culmin\u00f3 el santoral Llamados a ser santos y poco m\u00e1s tarde Epopeyas de amor prologado por mons. Fernando Sebasti\u00e1n. Es la bi\u00f3grafa oficial del fundador de su familia espiritual, autora de Fernando Rielo Pardal. Fundador de los Misioneros Identes, Descl\u00e9e de Brouwer, Bilbao, 2009. Culmina la biograf\u00eda completa. Encargada del santoral de ZENIT desde 2012 a 2020 y ahora en Exaudi","url":"https:\/\/exaudi.org\/es\/author\/isabelorellana\/"}]}},"jetpack_featured_media_url":"https:\/\/exaudi.org\/wp-content\/uploads\/2021\/12\/Disen\u0303o-sin-ti\u0301tulo-27.jpg","jetpack_shortlink":"https:\/\/wp.me\/pgKjF2-bPT","_links":{"self":[{"href":"https:\/\/exaudi.org\/es\/wp-json\/wp\/v2\/posts\/45501","targetHints":{"allow":["GET"]}}],"collection":[{"href":"https:\/\/exaudi.org\/es\/wp-json\/wp\/v2\/posts"}],"about":[{"href":"https:\/\/exaudi.org\/es\/wp-json\/wp\/v2\/types\/post"}],"author":[{"embeddable":true,"href":"https:\/\/exaudi.org\/es\/wp-json\/wp\/v2\/users\/23"}],"replies":[{"embeddable":true,"href":"https:\/\/exaudi.org\/es\/wp-json\/wp\/v2\/comments?post=45501"}],"version-history":[{"count":1,"href":"https:\/\/exaudi.org\/es\/wp-json\/wp\/v2\/posts\/45501\/revisions"}],"predecessor-version":[{"id":149869,"href":"https:\/\/exaudi.org\/es\/wp-json\/wp\/v2\/posts\/45501\/revisions\/149869"}],"wp:featuredmedia":[{"embeddable":true,"href":"https:\/\/exaudi.org\/es\/wp-json\/wp\/v2\/media\/45496"}],"wp:attachment":[{"href":"https:\/\/exaudi.org\/es\/wp-json\/wp\/v2\/media?parent=45501"}],"wp:term":[{"taxonomy":"category","embeddable":true,"href":"https:\/\/exaudi.org\/es\/wp-json\/wp\/v2\/categories?post=45501"},{"taxonomy":"post_tag","embeddable":true,"href":"https:\/\/exaudi.org\/es\/wp-json\/wp\/v2\/tags?post=45501"}],"curies":[{"name":"wp","href":"https:\/\/api.w.org\/{rel}","templated":true}]}}