{"id":45482,"date":"2026-01-17T07:30:46","date_gmt":"2026-01-17T06:30:46","guid":{"rendered":"https:\/\/exaudi.org\/?p=45482"},"modified":"2025-12-10T12:37:00","modified_gmt":"2025-12-10T11:37:00","slug":"san-antonio-abad-17-de-enero","status":"publish","type":"post","link":"https:\/\/exaudi.org\/es\/san-antonio-abad-17-de-enero\/","title":{"rendered":"San Antonio Abad, 17 de enero"},"content":{"rendered":"<p>Es uno de los santos m\u00e1s populares, al menos en Espa\u00f1a, por cuanto este d\u00eda existe la tradici\u00f3n de llevar a los animales a las iglesias para ser bendecidos. Su bi\u00f3grafo fue san Atanasio. Antonio naci\u00f3 en el Alto Egipto hacia el a\u00f1o 251, y siendo joven qued\u00f3 conmovido por el pasaje evang\u00e9lico del joven rico que escuch\u00f3 en una iglesia. Entreg\u00f3 su patrimonio a los pobres (pertenec\u00eda a una familia pudiente) y emprendi\u00f3 una vida de severo ascetismo. Durante un tiempo su \u201clecho\u201d fue un sepulcro vac\u00edo, y despu\u00e9s las ruinas de una fortaleza militar que se hallaba en ruinas en el desierto de Nitria hasta que se afinc\u00f3 en un promontorio cerca del Mar Rojo morando en una humilde choza que se construy\u00f3 \u00e9l mismo.<\/p>\n<p><iframe title=\"Spotify Embed: San Antonio Abad, 17 de enero\" style=\"border-radius: 12px\" width=\"100%\" height=\"152\" frameborder=\"0\" allowfullscreen allow=\"autoplay; clipboard-write; encrypted-media; fullscreen; picture-in-picture\" loading=\"lazy\" src=\"https:\/\/open.spotify.com\/embed\/episode\/35rmcdR379s1he6lzc15q7?si=ade5fdb0be7d4f70&#038;utm_source=oembed\"><\/iframe><\/p>\n<p>Muchos j\u00f3venes de su tiempo conmovidos por esta vida de silencio, oraci\u00f3n y penitencia, acud\u00edan all\u00ed para materializar sus sue\u00f1os de perfecci\u00f3n en el yermo. Se hab\u00eda convertido en el punto de referencia para los que llevaban una vida de oraci\u00f3n compartida a ratos comunitariamente y otras en la soledad de las oquedades que convirtieron en sus moradas. Veinte a\u00f1os permaneci\u00f3 Antonio haciendo frente a las tentaciones que quer\u00edan atentar contra su castidad. La violencia de las mismas se aprecia en las palabras que dirigi\u00f3 a sus seguidores: \u201cTerribles y p\u00e9rfidos son nuestros adversarios. Sus multitudes llenan el espacio. Est\u00e1n siempre cerca de nosotros. Entre ellos existe una gran soledad. Dejando a los m\u00e1s sabios explicar su naturaleza, content\u00e9monos con enterarnos de las astucias que usan en sus asaltos contra nosotros\u201d.<\/p>\n<p>La bibliograf\u00eda sobre este santo ermita\u00f1o refleja las m\u00faltiples artima\u00f1as de toda \u00edndole empleadas por el maligno para seducirle. Lo intent\u00f3 todo con objeto de apresarlo entre sus p\u00e9rfidas redes, acos\u00e1ndolo de una forma tremebunda. En una ocasi\u00f3n en la que el rugido de la horda brutal de fieras manipulada por Satan\u00e1s hac\u00eda temblar todo en derredor de Antonio, una inmensa luz desterr\u00f3 instant\u00e1neamente las fieras que campeaban entre tinieblas, y del mismo modo que siglos m\u00e1s tarde le suceder\u00eda a santa Catalina de Siena, exclam\u00f3: \u201c\u00bfD\u00f3nde estabas, mi buen Jes\u00fas? \u00bfD\u00f3nde estabas? \u00bfPor qu\u00e9 no acudiste antes a curar mis heridas?\u201d. La voz de lo alto replic\u00f3: \u201cContigo estaba, Antonio; asist\u00eda a tu generoso combate. No temas; estos monstruos no volver\u00e1n a causarte el menor da\u00f1o\u201d. Pero prosiguieron atorment\u00e1ndole durante un tiempo con otras estrategias m\u00e1s sutiles, hasta que el acoso del inmundo diablo que prosigui\u00f3 tras \u00e9l no le causaba ni la m\u00e1s m\u00ednima turbaci\u00f3n. Sol\u00eda decir: \u201cLos rezos y las l\u00e1grimas purifican hasta lo m\u00e1s impuro\u201d; \u201cLos m\u00e1s puros son los que con m\u00e1s frecuencia se ven acosados por las arteras ma\u00f1as del demonio\u201d.<\/p>\n<p>El denominado \u201cpadre de los monjes\u201d, de vez en cuando abandonaba el desierto y misionaba en Alejandr\u00eda combatiendo el arrianismo. Su m\u00e1xima fue: \u201cesforc\u00e9monos en no poseer nada que no nos podamos llevar a la tumba, es decir, la caridad, la dulzura y la justicia. Toda prueba nos es favorable. Si no hay tentaciones no se salva nadie\u201d. Para todos los que se acercaban a \u00e9l, que fueron multitudes, ten\u00eda un sabio consejo: \u201cNada es tan vano como la desesperaci\u00f3n. Llorad, que las l\u00e1grimas lavan el alma; llorad sin descanso, hasta que la losa de plomo que pesa sobre vosotros se derrita con el calor de vuestras l\u00e1grimas\u201d, dec\u00eda a los que se hallaban al borde del des\u00e1nimo, sopesando su fragilidad espiritual. Un d\u00eda del a\u00f1o 356, siendo de avanzad\u00edsima edad, parece que super\u00f3 con creces los cien a\u00f1os, sinti\u00f3 que su vida se apagaba. Y dio las \u00faltimas indicaciones a sus disc\u00edpulos. Les dej\u00f3 su cilicio, el \u00fanico objeto material que pose\u00eda, y entreg\u00f3 su alma a Dios. San Atanasio conserv\u00f3 su t\u00fanica. Antonio fue canonizado el a\u00f1o 491.<\/p>\n<p><img loading=\"lazy\" decoding=\"async\" class=\"size-full wp-image-68553 alignnone\" src=\"https:\/\/exaudi.org\/wp-content\/uploads\/2023\/01\/Santoral-2.jpg\" alt=\"\" width=\"1080\" height=\"1080\" srcset=\"https:\/\/exaudi.org\/wp-content\/uploads\/2023\/01\/Santoral-2.jpg 1080w, https:\/\/exaudi.org\/wp-content\/uploads\/2023\/01\/Santoral-2-300x300.jpg 300w, https:\/\/exaudi.org\/wp-content\/uploads\/2023\/01\/Santoral-2-1024x1024.jpg 1024w, https:\/\/exaudi.org\/wp-content\/uploads\/2023\/01\/Santoral-2-100x100.jpg?crop=1 100w, https:\/\/exaudi.org\/wp-content\/uploads\/2023\/01\/Santoral-2-770x770.jpg 770w, https:\/\/exaudi.org\/wp-content\/uploads\/2023\/01\/Santoral-2-500x500.jpg 500w, https:\/\/exaudi.org\/wp-content\/uploads\/2023\/01\/Santoral-2-293x293.jpg 293w, https:\/\/exaudi.org\/wp-content\/uploads\/2023\/01\/Santoral-2-390x390.jpg 390w, https:\/\/exaudi.org\/wp-content\/uploads\/2023\/01\/Santoral-2-585x585.jpg 585w, https:\/\/exaudi.org\/wp-content\/uploads\/2023\/01\/Santoral-2-900x900.jpg 900w\" sizes=\"auto, (max-width: 1080px) 100vw, 1080px\" \/><\/p>\n<h6><em>\u00a9 <a href=\"https:\/\/exaudi.org\/es\/author\/isabelorellana\/\" target=\"_blank\" rel=\"noopener noreferrer\">Isabel Orellana Vilches<\/a>, 2018<\/em><\/h6>\n<h6><em>Autora vinculada a<\/em><\/h6>\n<h6><em><img loading=\"lazy\" decoding=\"async\" class=\"alignright wp-image-2208\" src=\"https:\/\/exaudi.org\/wp-content\/uploads\/2021\/02\/santoral-scaled-1-725x1024.jpg\" alt=\"santoral Isabel Orellana\" width=\"262\" height=\"370\" \/><\/em><img loading=\"lazy\" decoding=\"async\" class=\"alignnone size-full wp-image-41949\" src=\"https:\/\/www.idente.org\/wp-content\/uploads\/logo-cedro-v01-843x295-1-e1603384654546.png\" alt=\"\" width=\"80\" height=\"28\" \/><br \/>\nObra protegida por derechos de autor.<br \/>\nInscrita en el Registro de la Propiedad Intelectual el 24 de noviembre de 2014.<br \/>\n________________<br \/>\nDerechos de edici\u00f3n reservados:<br \/>\n<a href=\"https:\/\/rielo.com\/\" target=\"_blank\" rel=\"noopener noreferrer\">Fundaci\u00f3n Fernando Rielo<\/a><br \/>\nGoya 20, 4.\u00ba izq. int. 28001 Madrid<br \/>\nTlf.: (34) 91 575 40 91<br \/>\nCorreo electr\u00f3nico: fundacion@rielo.com<\/h6>\n<div class=\"page\" title=\"Page 4\">\n<div class=\"layoutArea\">\n<div class=\"column\">\n<h6>Dep\u00f3sito legal: M-18664-2020<br \/>\nISBN: 978-84-946646-6-3<\/h6>\n<\/div>\n<\/div>\n<\/div>\n<p>&nbsp;<\/p>\n","protected":false},"excerpt":{"rendered":"<p>Padre de los monjes cristianos, copatrono de los animales<\/p>\n","protected":false},"author":23,"featured_media":45483,"comment_status":"closed","ping_status":"closed","sticky":false,"template":"","format":"standard","meta":{"_acf_changed":false,"_crdt_document":"","inline_featured_image":false,"footnotes":""},"categories":[74,2772],"tags":[388,5170,387,58880],"class_list":["post-45482","post","type-post","status-publish","format-standard","has-post-thumbnail","hentry","category-iglesia-y-mundo","category-santoral","tag-isabel-orellana-vilches","tag-san-antonio-abad","tag-santoral","tag-trending-es-151"],"acf":[],"yoast_head":"<!-- This site is optimized with the Yoast SEO plugin v27.5 - https:\/\/yoast.com\/product\/yoast-seo-wordpress\/ -->\n<title>San Antonio Abad, 17 de enero &#8211; Exaudi<\/title>\n<meta name=\"description\" content=\"San Antonio Abad egipcio e hijo de acaudalados campesinos fue un monje cristiano, fundador del movimiento erem\u00edtico.\" \/>\n<meta name=\"robots\" content=\"index, follow, max-snippet:-1, max-image-preview:large, max-video-preview:-1\" \/>\n<link rel=\"canonical\" href=\"https:\/\/exaudi.org\/es\/san-antonio-abad-17-de-enero\/\" \/>\n<meta property=\"og:locale\" content=\"es_ES\" \/>\n<meta property=\"og:type\" content=\"article\" \/>\n<meta property=\"og:title\" content=\"San Antonio Abad, 17 de enero &#8211; Exaudi\" \/>\n<meta property=\"og:description\" content=\"San Antonio Abad egipcio e hijo de acaudalados campesinos fue un monje cristiano, fundador del movimiento erem\u00edtico.\" \/>\n<meta property=\"og:url\" content=\"https:\/\/exaudi.org\/es\/san-antonio-abad-17-de-enero\/\" \/>\n<meta property=\"og:site_name\" content=\"Exaudi\" \/>\n<meta property=\"article:publisher\" content=\"https:\/\/www.facebook.com\/ExaudiNews\" \/>\n<meta property=\"article:published_time\" content=\"2026-01-17T06:30:46+00:00\" \/>\n<meta property=\"og:image\" content=\"https:\/\/exaudi.org\/wp-content\/uploads\/2021\/12\/Disen\u0303o-sin-ti\u0301tulo-24.jpg\" \/>\n\t<meta property=\"og:image:width\" content=\"991\" \/>\n\t<meta property=\"og:image:height\" content=\"771\" \/>\n\t<meta property=\"og:image:type\" content=\"image\/jpeg\" \/>\n<meta name=\"author\" content=\"Isabel Orellana\" \/>\n<meta name=\"twitter:card\" content=\"summary_large_image\" \/>\n<meta name=\"twitter:creator\" content=\"@Exaudi_News\" \/>\n<meta name=\"twitter:site\" content=\"@Exaudi_News\" \/>\n<meta name=\"twitter:label1\" content=\"Escrito por\" \/>\n\t<meta name=\"twitter:data1\" content=\"Isabel Orellana\" \/>\n\t<meta name=\"twitter:label2\" content=\"Tiempo de lectura\" \/>\n\t<meta name=\"twitter:data2\" content=\"4 minutos\" \/>\n<script type=\"application\/ld+json\" class=\"yoast-schema-graph\">{\"@context\":\"https:\\\/\\\/schema.org\",\"@graph\":[{\"@type\":\"Article\",\"@id\":\"https:\\\/\\\/exaudi.org\\\/es\\\/san-antonio-abad-17-de-enero\\\/#article\",\"isPartOf\":{\"@id\":\"https:\\\/\\\/exaudi.org\\\/es\\\/san-antonio-abad-17-de-enero\\\/\"},\"author\":{\"name\":\"Isabel Orellana\",\"@id\":\"https:\\\/\\\/exaudi.org\\\/#\\\/schema\\\/person\\\/64e18b96fd6118559a9217b5b3375fdc\"},\"headline\":\"San Antonio Abad, 17 de enero\",\"datePublished\":\"2026-01-17T06:30:46+00:00\",\"mainEntityOfPage\":{\"@id\":\"https:\\\/\\\/exaudi.org\\\/es\\\/san-antonio-abad-17-de-enero\\\/\"},\"wordCount\":767,\"image\":{\"@id\":\"https:\\\/\\\/exaudi.org\\\/es\\\/san-antonio-abad-17-de-enero\\\/#primaryimage\"},\"thumbnailUrl\":\"https:\\\/\\\/exaudi.org\\\/wp-content\\\/uploads\\\/2021\\\/12\\\/Disen\u0303o-sin-ti\u0301tulo-24.jpg\",\"keywords\":[\"Isabel Orellana Vilches\",\"San Antonio Abad\",\"Santoral\",\"Trending\"],\"articleSection\":[\"Iglesia y Mundo\",\"Santoral\"],\"inLanguage\":\"es\"},{\"@type\":\"WebPage\",\"@id\":\"https:\\\/\\\/exaudi.org\\\/es\\\/san-antonio-abad-17-de-enero\\\/\",\"url\":\"https:\\\/\\\/exaudi.org\\\/es\\\/san-antonio-abad-17-de-enero\\\/\",\"name\":\"San Antonio Abad, 17 de enero &#8211; Exaudi\",\"isPartOf\":{\"@id\":\"https:\\\/\\\/exaudi.org\\\/#website\"},\"primaryImageOfPage\":{\"@id\":\"https:\\\/\\\/exaudi.org\\\/es\\\/san-antonio-abad-17-de-enero\\\/#primaryimage\"},\"image\":{\"@id\":\"https:\\\/\\\/exaudi.org\\\/es\\\/san-antonio-abad-17-de-enero\\\/#primaryimage\"},\"thumbnailUrl\":\"https:\\\/\\\/exaudi.org\\\/wp-content\\\/uploads\\\/2021\\\/12\\\/Disen\u0303o-sin-ti\u0301tulo-24.jpg\",\"datePublished\":\"2026-01-17T06:30:46+00:00\",\"author\":{\"@id\":\"https:\\\/\\\/exaudi.org\\\/#\\\/schema\\\/person\\\/64e18b96fd6118559a9217b5b3375fdc\"},\"description\":\"San Antonio Abad egipcio e hijo de acaudalados campesinos fue un monje cristiano, fundador del movimiento erem\u00edtico.\",\"breadcrumb\":{\"@id\":\"https:\\\/\\\/exaudi.org\\\/es\\\/san-antonio-abad-17-de-enero\\\/#breadcrumb\"},\"inLanguage\":\"es\",\"potentialAction\":[{\"@type\":\"ReadAction\",\"target\":[\"https:\\\/\\\/exaudi.org\\\/es\\\/san-antonio-abad-17-de-enero\\\/\"]}]},{\"@type\":\"ImageObject\",\"inLanguage\":\"es\",\"@id\":\"https:\\\/\\\/exaudi.org\\\/es\\\/san-antonio-abad-17-de-enero\\\/#primaryimage\",\"url\":\"https:\\\/\\\/exaudi.org\\\/wp-content\\\/uploads\\\/2021\\\/12\\\/Disen\u0303o-sin-ti\u0301tulo-24.jpg\",\"contentUrl\":\"https:\\\/\\\/exaudi.org\\\/wp-content\\\/uploads\\\/2021\\\/12\\\/Disen\u0303o-sin-ti\u0301tulo-24.jpg\",\"width\":991,\"height\":771,\"caption\":\"San Antonio Abad \u00a9 Biograf\u00edas y vidas\"},{\"@type\":\"BreadcrumbList\",\"@id\":\"https:\\\/\\\/exaudi.org\\\/es\\\/san-antonio-abad-17-de-enero\\\/#breadcrumb\",\"itemListElement\":[{\"@type\":\"ListItem\",\"position\":1,\"name\":\"Portada\",\"item\":\"https:\\\/\\\/exaudi.org\\\/es\\\/\"},{\"@type\":\"ListItem\",\"position\":2,\"name\":\"San Antonio Abad, 17 de enero\"}]},{\"@type\":\"WebSite\",\"@id\":\"https:\\\/\\\/exaudi.org\\\/#website\",\"url\":\"https:\\\/\\\/exaudi.org\\\/\",\"name\":\"Exaudi\",\"description\":\"News\",\"potentialAction\":[{\"@type\":\"SearchAction\",\"target\":{\"@type\":\"EntryPoint\",\"urlTemplate\":\"https:\\\/\\\/exaudi.org\\\/?s={search_term_string}\"},\"query-input\":{\"@type\":\"PropertyValueSpecification\",\"valueRequired\":true,\"valueName\":\"search_term_string\"}}],\"inLanguage\":\"es\"},{\"@type\":\"Person\",\"@id\":\"https:\\\/\\\/exaudi.org\\\/#\\\/schema\\\/person\\\/64e18b96fd6118559a9217b5b3375fdc\",\"name\":\"Isabel Orellana\",\"image\":{\"@type\":\"ImageObject\",\"inLanguage\":\"es\",\"@id\":\"https:\\\/\\\/secure.gravatar.com\\\/avatar\\\/51968380bbb6b22ae85c605634860366fd9a2a611c6341125115bca32cd6c171?s=96&d=mm&r=g\",\"url\":\"https:\\\/\\\/secure.gravatar.com\\\/avatar\\\/51968380bbb6b22ae85c605634860366fd9a2a611c6341125115bca32cd6c171?s=96&d=mm&r=g\",\"contentUrl\":\"https:\\\/\\\/secure.gravatar.com\\\/avatar\\\/51968380bbb6b22ae85c605634860366fd9a2a611c6341125115bca32cd6c171?s=96&d=mm&r=g\",\"caption\":\"Isabel Orellana\"},\"description\":\"Isabel Orellana Vilches Misionera idente. Doctora en Filosof\u00eda por la Universidad Aut\u00f3noma de Barcelona con la tesis Realismo y progreso cient\u00edfico en la epistemolog\u00eda popperiana. Ha cursado estudios de teolog\u00eda en la Universidad Pontificia de Salamanca. Con amplia actividad docente desde 1986, ha publicado libros como: Realismo y progreso cient\u00edfico en la epistemolog\u00eda popperiana, Universitat Aut\u00f2noma de Barcelona, 1993; El evangelio habla a los j\u00f3venes, Atenas, Madrid, 1997; Qu\u00e9 es... LA TOLERANCIA, Paulinas, Madrid, 1999; Pedagog\u00eda del dolor. Ensayo antropol\u00f3gico, Palabra, Madrid, 1999; En colaboraci\u00f3n con Enrique Rivera de Ventosa (\u2020) OFM. Cap. San Francisco de As\u00eds y Fernando Rielo: Convergencias. Respuestas desde la fe a los interrogantes del hombre de hoy, Universidad Pontificia, Salamanca, 2001; La \\\"mirada\\\" del cine. Recursos did\u00e1cticos del s\u00e9ptimo arte. Librer\u00eda Cervantes, Salamanca, 2001; Paradojas de la convivencia, San Pablo, Madrid, 2002; En la Universidad T\u00e9cnica Particular de Loja, Ecuador, ha publicado: La confianza. El arte de amar, 2002; Educar para la responsabilidad, 2003; Apuntes de \u00e9tica en Karl R. Popper, 2003; De soledades y comunicaci\u00f3n, 2005; Yo educo; t\u00fa respondes, 2008; Humanismo y fe en un crisol de culturas, 2008; Repensar lo cotidiano, 2008; Convivir: un constante desaf\u00edo, 2009; La l\u00f3gica del amor, 2010; El dolor del amor. Apuntes sobre la enfermedad y el dolor en relaci\u00f3n con la virtud heroica, el martirio y la vida santa. Seminario Diocesano de M\u00e1laga, 2006 y Universidad T\u00e9cnica Particular de Loja, Ecuador (2007). Cuenta con numerosas colaboraciones en obras colectivas, as\u00ed como relatos, cuentos, f\u00e1bula y novela juvenil, adem\u00e1s de art\u00edculos de tem\u00e1tica cient\u00edfica, pedag\u00f3gica y espiritual, que viene publicando en distintas revistas nacionales e internacionales. En 2012 culmin\u00f3 el santoral Llamados a ser santos y poco m\u00e1s tarde Epopeyas de amor prologado por mons. Fernando Sebasti\u00e1n. Es la bi\u00f3grafa oficial del fundador de su familia espiritual, autora de Fernando Rielo Pardal. Fundador de los Misioneros Identes, Descl\u00e9e de Brouwer, Bilbao, 2009. Culmina la biograf\u00eda completa. Encargada del santoral de ZENIT desde 2012 a 2020 y ahora en Exaudi\",\"url\":\"https:\\\/\\\/exaudi.org\\\/es\\\/author\\\/isabelorellana\\\/\"}]}<\/script>\n<!-- \/ Yoast SEO plugin. -->","yoast_head_json":{"title":"San Antonio Abad, 17 de enero &#8211; Exaudi","description":"San Antonio Abad egipcio e hijo de acaudalados campesinos fue un monje cristiano, fundador del movimiento erem\u00edtico.","robots":{"index":"index","follow":"follow","max-snippet":"max-snippet:-1","max-image-preview":"max-image-preview:large","max-video-preview":"max-video-preview:-1"},"canonical":"https:\/\/exaudi.org\/es\/san-antonio-abad-17-de-enero\/","og_locale":"es_ES","og_type":"article","og_title":"San Antonio Abad, 17 de enero &#8211; Exaudi","og_description":"San Antonio Abad egipcio e hijo de acaudalados campesinos fue un monje cristiano, fundador del movimiento erem\u00edtico.","og_url":"https:\/\/exaudi.org\/es\/san-antonio-abad-17-de-enero\/","og_site_name":"Exaudi","article_publisher":"https:\/\/www.facebook.com\/ExaudiNews","article_published_time":"2026-01-17T06:30:46+00:00","og_image":[{"width":991,"height":771,"url":"https:\/\/exaudi.org\/wp-content\/uploads\/2021\/12\/Disen\u0303o-sin-ti\u0301tulo-24.jpg","type":"image\/jpeg"}],"author":"Isabel Orellana","twitter_card":"summary_large_image","twitter_creator":"@Exaudi_News","twitter_site":"@Exaudi_News","twitter_misc":{"Escrito por":"Isabel Orellana","Tiempo de lectura":"4 minutos"},"schema":{"@context":"https:\/\/schema.org","@graph":[{"@type":"Article","@id":"https:\/\/exaudi.org\/es\/san-antonio-abad-17-de-enero\/#article","isPartOf":{"@id":"https:\/\/exaudi.org\/es\/san-antonio-abad-17-de-enero\/"},"author":{"name":"Isabel Orellana","@id":"https:\/\/exaudi.org\/#\/schema\/person\/64e18b96fd6118559a9217b5b3375fdc"},"headline":"San Antonio Abad, 17 de enero","datePublished":"2026-01-17T06:30:46+00:00","mainEntityOfPage":{"@id":"https:\/\/exaudi.org\/es\/san-antonio-abad-17-de-enero\/"},"wordCount":767,"image":{"@id":"https:\/\/exaudi.org\/es\/san-antonio-abad-17-de-enero\/#primaryimage"},"thumbnailUrl":"https:\/\/exaudi.org\/wp-content\/uploads\/2021\/12\/Disen\u0303o-sin-ti\u0301tulo-24.jpg","keywords":["Isabel Orellana Vilches","San Antonio Abad","Santoral","Trending"],"articleSection":["Iglesia y Mundo","Santoral"],"inLanguage":"es"},{"@type":"WebPage","@id":"https:\/\/exaudi.org\/es\/san-antonio-abad-17-de-enero\/","url":"https:\/\/exaudi.org\/es\/san-antonio-abad-17-de-enero\/","name":"San Antonio Abad, 17 de enero &#8211; Exaudi","isPartOf":{"@id":"https:\/\/exaudi.org\/#website"},"primaryImageOfPage":{"@id":"https:\/\/exaudi.org\/es\/san-antonio-abad-17-de-enero\/#primaryimage"},"image":{"@id":"https:\/\/exaudi.org\/es\/san-antonio-abad-17-de-enero\/#primaryimage"},"thumbnailUrl":"https:\/\/exaudi.org\/wp-content\/uploads\/2021\/12\/Disen\u0303o-sin-ti\u0301tulo-24.jpg","datePublished":"2026-01-17T06:30:46+00:00","author":{"@id":"https:\/\/exaudi.org\/#\/schema\/person\/64e18b96fd6118559a9217b5b3375fdc"},"description":"San Antonio Abad egipcio e hijo de acaudalados campesinos fue un monje cristiano, fundador del movimiento erem\u00edtico.","breadcrumb":{"@id":"https:\/\/exaudi.org\/es\/san-antonio-abad-17-de-enero\/#breadcrumb"},"inLanguage":"es","potentialAction":[{"@type":"ReadAction","target":["https:\/\/exaudi.org\/es\/san-antonio-abad-17-de-enero\/"]}]},{"@type":"ImageObject","inLanguage":"es","@id":"https:\/\/exaudi.org\/es\/san-antonio-abad-17-de-enero\/#primaryimage","url":"https:\/\/exaudi.org\/wp-content\/uploads\/2021\/12\/Disen\u0303o-sin-ti\u0301tulo-24.jpg","contentUrl":"https:\/\/exaudi.org\/wp-content\/uploads\/2021\/12\/Disen\u0303o-sin-ti\u0301tulo-24.jpg","width":991,"height":771,"caption":"San Antonio Abad \u00a9 Biograf\u00edas y vidas"},{"@type":"BreadcrumbList","@id":"https:\/\/exaudi.org\/es\/san-antonio-abad-17-de-enero\/#breadcrumb","itemListElement":[{"@type":"ListItem","position":1,"name":"Portada","item":"https:\/\/exaudi.org\/es\/"},{"@type":"ListItem","position":2,"name":"San Antonio Abad, 17 de enero"}]},{"@type":"WebSite","@id":"https:\/\/exaudi.org\/#website","url":"https:\/\/exaudi.org\/","name":"Exaudi","description":"News","potentialAction":[{"@type":"SearchAction","target":{"@type":"EntryPoint","urlTemplate":"https:\/\/exaudi.org\/?s={search_term_string}"},"query-input":{"@type":"PropertyValueSpecification","valueRequired":true,"valueName":"search_term_string"}}],"inLanguage":"es"},{"@type":"Person","@id":"https:\/\/exaudi.org\/#\/schema\/person\/64e18b96fd6118559a9217b5b3375fdc","name":"Isabel Orellana","image":{"@type":"ImageObject","inLanguage":"es","@id":"https:\/\/secure.gravatar.com\/avatar\/51968380bbb6b22ae85c605634860366fd9a2a611c6341125115bca32cd6c171?s=96&d=mm&r=g","url":"https:\/\/secure.gravatar.com\/avatar\/51968380bbb6b22ae85c605634860366fd9a2a611c6341125115bca32cd6c171?s=96&d=mm&r=g","contentUrl":"https:\/\/secure.gravatar.com\/avatar\/51968380bbb6b22ae85c605634860366fd9a2a611c6341125115bca32cd6c171?s=96&d=mm&r=g","caption":"Isabel Orellana"},"description":"Isabel Orellana Vilches Misionera idente. Doctora en Filosof\u00eda por la Universidad Aut\u00f3noma de Barcelona con la tesis Realismo y progreso cient\u00edfico en la epistemolog\u00eda popperiana. Ha cursado estudios de teolog\u00eda en la Universidad Pontificia de Salamanca. Con amplia actividad docente desde 1986, ha publicado libros como: Realismo y progreso cient\u00edfico en la epistemolog\u00eda popperiana, Universitat Aut\u00f2noma de Barcelona, 1993; El evangelio habla a los j\u00f3venes, Atenas, Madrid, 1997; Qu\u00e9 es... LA TOLERANCIA, Paulinas, Madrid, 1999; Pedagog\u00eda del dolor. Ensayo antropol\u00f3gico, Palabra, Madrid, 1999; En colaboraci\u00f3n con Enrique Rivera de Ventosa (\u2020) OFM. Cap. San Francisco de As\u00eds y Fernando Rielo: Convergencias. Respuestas desde la fe a los interrogantes del hombre de hoy, Universidad Pontificia, Salamanca, 2001; La \"mirada\" del cine. Recursos did\u00e1cticos del s\u00e9ptimo arte. Librer\u00eda Cervantes, Salamanca, 2001; Paradojas de la convivencia, San Pablo, Madrid, 2002; En la Universidad T\u00e9cnica Particular de Loja, Ecuador, ha publicado: La confianza. El arte de amar, 2002; Educar para la responsabilidad, 2003; Apuntes de \u00e9tica en Karl R. Popper, 2003; De soledades y comunicaci\u00f3n, 2005; Yo educo; t\u00fa respondes, 2008; Humanismo y fe en un crisol de culturas, 2008; Repensar lo cotidiano, 2008; Convivir: un constante desaf\u00edo, 2009; La l\u00f3gica del amor, 2010; El dolor del amor. Apuntes sobre la enfermedad y el dolor en relaci\u00f3n con la virtud heroica, el martirio y la vida santa. Seminario Diocesano de M\u00e1laga, 2006 y Universidad T\u00e9cnica Particular de Loja, Ecuador (2007). Cuenta con numerosas colaboraciones en obras colectivas, as\u00ed como relatos, cuentos, f\u00e1bula y novela juvenil, adem\u00e1s de art\u00edculos de tem\u00e1tica cient\u00edfica, pedag\u00f3gica y espiritual, que viene publicando en distintas revistas nacionales e internacionales. En 2012 culmin\u00f3 el santoral Llamados a ser santos y poco m\u00e1s tarde Epopeyas de amor prologado por mons. Fernando Sebasti\u00e1n. Es la bi\u00f3grafa oficial del fundador de su familia espiritual, autora de Fernando Rielo Pardal. Fundador de los Misioneros Identes, Descl\u00e9e de Brouwer, Bilbao, 2009. Culmina la biograf\u00eda completa. Encargada del santoral de ZENIT desde 2012 a 2020 y ahora en Exaudi","url":"https:\/\/exaudi.org\/es\/author\/isabelorellana\/"}]}},"jetpack_featured_media_url":"https:\/\/exaudi.org\/wp-content\/uploads\/2021\/12\/Disen\u0303o-sin-ti\u0301tulo-24.jpg","jetpack_shortlink":"https:\/\/wp.me\/pgKjF2-bPA","_links":{"self":[{"href":"https:\/\/exaudi.org\/es\/wp-json\/wp\/v2\/posts\/45482","targetHints":{"allow":["GET"]}}],"collection":[{"href":"https:\/\/exaudi.org\/es\/wp-json\/wp\/v2\/posts"}],"about":[{"href":"https:\/\/exaudi.org\/es\/wp-json\/wp\/v2\/types\/post"}],"author":[{"embeddable":true,"href":"https:\/\/exaudi.org\/es\/wp-json\/wp\/v2\/users\/23"}],"replies":[{"embeddable":true,"href":"https:\/\/exaudi.org\/es\/wp-json\/wp\/v2\/comments?post=45482"}],"version-history":[{"count":1,"href":"https:\/\/exaudi.org\/es\/wp-json\/wp\/v2\/posts\/45482\/revisions"}],"predecessor-version":[{"id":149860,"href":"https:\/\/exaudi.org\/es\/wp-json\/wp\/v2\/posts\/45482\/revisions\/149860"}],"wp:featuredmedia":[{"embeddable":true,"href":"https:\/\/exaudi.org\/es\/wp-json\/wp\/v2\/media\/45483"}],"wp:attachment":[{"href":"https:\/\/exaudi.org\/es\/wp-json\/wp\/v2\/media?parent=45482"}],"wp:term":[{"taxonomy":"category","embeddable":true,"href":"https:\/\/exaudi.org\/es\/wp-json\/wp\/v2\/categories?post=45482"},{"taxonomy":"post_tag","embeddable":true,"href":"https:\/\/exaudi.org\/es\/wp-json\/wp\/v2\/tags?post=45482"}],"curies":[{"name":"wp","href":"https:\/\/api.w.org\/{rel}","templated":true}]}}