{"id":45309,"date":"2021-12-10T15:36:29","date_gmt":"2021-12-10T14:36:29","guid":{"rendered":"https:\/\/exaudi.org\/?p=45309"},"modified":"2021-12-10T16:39:09","modified_gmt":"2021-12-10T15:39:09","slug":"no-vivamos-una-navidad-falsa-dejemonos-envolver-por-la-cercania-de-dios","status":"publish","type":"post","link":"https:\/\/exaudi.org\/es\/no-vivamos-una-navidad-falsa-dejemonos-envolver-por-la-cercania-de-dios\/","title":{"rendered":"Navidad: \u201cDej\u00e9monos envolver por la cercan\u00eda de Dios\u201d"},"content":{"rendered":"<p>\u201cNo vivamos una Navidad falsa, por favor, \u00a1una Navidad comercial! Dej\u00e9monos envolver por la cercan\u00eda de Dios\u201d, ha recordado el Papa Francisco en su discurso.<\/p>\n<p>Hoy, 10 de diciembre de 2021, el Papa ha recibido en audiencia a los miembros de las delegaciones que este a\u00f1o han donado el <a href=\"https:\/\/exaudi.org\/es\/belen-y-arbol-de-navidad-en-san-pedro-inauguracion-el-viernes\/\" target=\"_blank\" rel=\"noopener\">pesebre y el \u00e1rbol de Navidad<\/a> que han sido instalados en la plaza de San Pedro y en el Aula Pablo VI del Vaticano. Por la tarde, se celebrar\u00e1 una peque\u00f1a ceremonia en la plaza de San Pedro para inaugurar el bel\u00e9n y encender el \u00e1rbol de Navidad.<\/p>\n<p>En sus palabras, Francisco ha agradecido y dado la bienvenida a las delegaciones del Per\u00fa, quienes han donado el pesebre para la Plaza de San Pedro; a la delegaci\u00f3n de Trentino, en Italia, quienes han donado el \u00e1rbol de Navidad y a la delegaci\u00f3n de la parroquia de San Bartolom\u00e9 <em>in Gallio<\/em>, en la<a href=\"https:\/\/www.diocesipadova.it\/\" target=\"_blank\" rel=\"noopener\"> di\u00f3cesis de Padua<\/a>, Italia, que han donado el pesebre para el Aula Pablo VI.<\/p>\n<h2>La llamada universal a la salvaci\u00f3n<\/h2>\n<p><img loading=\"lazy\" decoding=\"async\" class=\"size-medium wp-image-45316 alignleft\" src=\"https:\/\/exaudi.org\/wp-content\/uploads\/2021\/12\/cq5dam.web_.800.800-1-14-300x200.jpeg\" alt=\"Navidad falsa cercan\u00eda Dios\" width=\"300\" height=\"200\" srcset=\"https:\/\/exaudi.org\/wp-content\/uploads\/2021\/12\/cq5dam.web_.800.800-1-14-300x200.jpeg 300w, https:\/\/exaudi.org\/wp-content\/uploads\/2021\/12\/cq5dam.web_.800.800-1-14-770x513.jpeg 770w, https:\/\/exaudi.org\/wp-content\/uploads\/2021\/12\/cq5dam.web_.800.800-1-14-360x240.jpeg?crop=1 360w, https:\/\/exaudi.org\/wp-content\/uploads\/2021\/12\/cq5dam.web_.800.800-1-14-500x333.jpeg 500w, https:\/\/exaudi.org\/wp-content\/uploads\/2021\/12\/cq5dam.web_.800.800-1-14-370x247.jpeg 370w, https:\/\/exaudi.org\/wp-content\/uploads\/2021\/12\/cq5dam.web_.800.800-1-14-293x195.jpeg 293w, https:\/\/exaudi.org\/wp-content\/uploads\/2021\/12\/cq5dam.web_.800.800-1-14-120x80.jpeg 120w, https:\/\/exaudi.org\/wp-content\/uploads\/2021\/12\/cq5dam.web_.800.800-1-14-240x160.jpeg 240w, https:\/\/exaudi.org\/wp-content\/uploads\/2021\/12\/cq5dam.web_.800.800-1-14-390x260.jpeg 390w, https:\/\/exaudi.org\/wp-content\/uploads\/2021\/12\/cq5dam.web_.800.800-1-14.jpeg 800w\" sizes=\"auto, (max-width: 300px) 100vw, 300px\" \/>Sobre los personajes del bel\u00e9n, el Pont\u00edfice ha explicado que han sido realizados con materiales y vestimentas propios de esos territorios que \u201crepresentan a los pueblos de los Andes y simbolizan la llamada universal a la salvaci\u00f3n. Jes\u00fas vino a la tierra en la concreci\u00f3n de un pueblo para salvar a todo hombre y mujer, de todas las culturas y nacionalidades. Se hizo peque\u00f1o para que pudi\u00e9ramos acogerlo y recibir el don de la ternura de Dios\u201d.<\/p>\n<p>Del mismo modo, Su Santidad se ha referido a que esta noche, \u201cal final de la ceremonia oficial de entrega, se encender\u00e1n las luces que decoran el \u00e1rbol\u201d. \u201cPermanecer\u00e1 junto al bel\u00e9n hasta el final de la temporada navide\u00f1a y ser\u00e1 admirada por peregrinos de muchos lugares\u201d, a\u00f1ade.<\/p>\n<h2>El abeto \u201ces un signo de Cristo\u201d<\/h2>\n<p><img loading=\"lazy\" decoding=\"async\" class=\"size-medium wp-image-45319 alignright\" src=\"https:\/\/exaudi.org\/wp-content\/uploads\/2021\/12\/cq5dam.web_.800.800-3-9-300x200.jpeg\" alt=\"\" width=\"300\" height=\"200\" srcset=\"https:\/\/exaudi.org\/wp-content\/uploads\/2021\/12\/cq5dam.web_.800.800-3-9-300x200.jpeg 300w, https:\/\/exaudi.org\/wp-content\/uploads\/2021\/12\/cq5dam.web_.800.800-3-9-770x513.jpeg 770w, https:\/\/exaudi.org\/wp-content\/uploads\/2021\/12\/cq5dam.web_.800.800-3-9-360x240.jpeg?crop=1 360w, https:\/\/exaudi.org\/wp-content\/uploads\/2021\/12\/cq5dam.web_.800.800-3-9-500x333.jpeg 500w, https:\/\/exaudi.org\/wp-content\/uploads\/2021\/12\/cq5dam.web_.800.800-3-9-370x247.jpeg 370w, https:\/\/exaudi.org\/wp-content\/uploads\/2021\/12\/cq5dam.web_.800.800-3-9-293x195.jpeg 293w, https:\/\/exaudi.org\/wp-content\/uploads\/2021\/12\/cq5dam.web_.800.800-3-9-120x80.jpeg 120w, https:\/\/exaudi.org\/wp-content\/uploads\/2021\/12\/cq5dam.web_.800.800-3-9-240x160.jpeg 240w, https:\/\/exaudi.org\/wp-content\/uploads\/2021\/12\/cq5dam.web_.800.800-3-9-390x260.jpeg 390w, https:\/\/exaudi.org\/wp-content\/uploads\/2021\/12\/cq5dam.web_.800.800-3-9.jpeg 800w\" sizes=\"auto, (max-width: 300px) 100vw, 300px\" \/>El Santo Padre indica que el abeto \u201ces un signo de Cristo, el \u00e1rbol de la vida (cf. Ap 2,7), un \u00e1rbol al que el hombre no ten\u00eda acceso a causa del pecado (cf. Gn 2,9)\u201d y a\u00f1ade que \u201ccon la Navidad, la vida divina se une a la vida humana\u201d. Por eso, el \u00e1rbol de Navidad, \u201cevoca el renacimiento, el don de Dios que se une al hombre para siempre, que nos da su vida. Las luces del abeto recuerdan la de Jes\u00fas, la luz del amor que sigue brillando en las noches del mundo\u201d.<\/p>\n<p>Asimismo, el Obispo de Roma se\u00f1ala el sentido de la Navidad para no dejar \u201cque se contamine con el consumismo y la indiferencia. Sus s\u00edmbolos, especialmente el pesebre y el \u00e1rbol decorado, nos devuelven a la certeza que llena de paz nuestros corazones, a la alegr\u00eda de la Encarnaci\u00f3n, al Dios que se hace familiar: vive con nosotros, da un ritmo de esperanza a nuestros d\u00edas\u201d.<\/p>\n<h2>\u201cNo vivamos una Navidad falsa\u201d<\/h2>\n<p><img loading=\"lazy\" decoding=\"async\" class=\"size-medium wp-image-45322 alignleft\" src=\"https:\/\/exaudi.org\/wp-content\/uploads\/2021\/12\/cq5dam.web_.800.800-5-6-300x200.jpeg\" alt=\"\" width=\"300\" height=\"200\" srcset=\"https:\/\/exaudi.org\/wp-content\/uploads\/2021\/12\/cq5dam.web_.800.800-5-6-300x200.jpeg 300w, https:\/\/exaudi.org\/wp-content\/uploads\/2021\/12\/cq5dam.web_.800.800-5-6-770x513.jpeg 770w, https:\/\/exaudi.org\/wp-content\/uploads\/2021\/12\/cq5dam.web_.800.800-5-6-360x240.jpeg?crop=1 360w, https:\/\/exaudi.org\/wp-content\/uploads\/2021\/12\/cq5dam.web_.800.800-5-6-500x333.jpeg 500w, https:\/\/exaudi.org\/wp-content\/uploads\/2021\/12\/cq5dam.web_.800.800-5-6-370x247.jpeg 370w, https:\/\/exaudi.org\/wp-content\/uploads\/2021\/12\/cq5dam.web_.800.800-5-6-293x195.jpeg 293w, https:\/\/exaudi.org\/wp-content\/uploads\/2021\/12\/cq5dam.web_.800.800-5-6-120x80.jpeg 120w, https:\/\/exaudi.org\/wp-content\/uploads\/2021\/12\/cq5dam.web_.800.800-5-6-240x160.jpeg 240w, https:\/\/exaudi.org\/wp-content\/uploads\/2021\/12\/cq5dam.web_.800.800-5-6-390x260.jpeg 390w, https:\/\/exaudi.org\/wp-content\/uploads\/2021\/12\/cq5dam.web_.800.800-5-6.jpeg 800w\" sizes=\"auto, (max-width: 300px) 100vw, 300px\" \/>Sobre el \u00e1rbol y el pesebre subraya que \u201cnos introducen en el t\u00edpico ambiente navide\u00f1o que forma parte del patrimonio de nuestras comunidades: un ambiente de ternura, de compartir y de intimidad familiar\u201d. \u201cNo vivamos una Navidad falsa, por favor, \u00a1una Navidad comercial! Dej\u00e9monos envolver por la cercan\u00eda de Dios, esa cercan\u00eda que es compasiva, que es tierna; envueltos por el ambiente navide\u00f1o que el arte, la m\u00fasica, las canciones y las tradiciones traen al coraz\u00f3n\u201d, indica.<\/p>\n<p>Igualmente, el Sucesor de Pedro expone que los que acudan al Aula Pablo VI en los pr\u00f3ximos d\u00edas \u201cpodr\u00e1n saborear este ambiente tambi\u00e9n gracias al bel\u00e9n que ahora se inaugurar\u00e1\u201d y agradece este regalo, \u201cfruto del compromiso y la reflexi\u00f3n sobre la Navidad, la fiesta de la confianza y la esperanza. El motivo de la esperanza es que Dios est\u00e1 con nosotros, conf\u00eda en nosotros y nunca se cansa de nosotros\u201d.<\/p>\n<p>\u201cY \u00e9l no se cansa de perdonar: somos nosotros los que nos cansamos de pedir perd\u00f3n. Viene a morar con los hombres, elige la tierra como morada para estar con nosotros y asumir las realidades donde pasamos nuestros d\u00edas\u201d. Esto \u201ces lo que nos ense\u00f1a el pesebre. En Navidad, Dios se revela no como el que est\u00e1 en lo alto para dominar, sino como el que se abaja, peque\u00f1o y pobre, compa\u00f1ero de camino, para servir: esto significa que para parecerse a \u00c9l, el camino es el del abajamiento, el del servicio\u201d, concluye.<\/p>\n<p>A continuaci\u00f3n, sigue el texto completo del discurso del Papa Francisco, ofrecido por la Oficina de Prensa de la Santa Sede y traducido por Exaudi.<\/p>\n<p>***<\/p>\n<h2><strong>Discurso del Santo Padre<\/strong><\/h2>\n<p>Queridos hermanos y hermanas, \u00a1buenos d\u00edas!<\/p>\n<p>Les doy la bienvenida en el d\u00eda en que se inauguran el \u00e1rbol y el bel\u00e9n instalados en la Plaza de San Pedro, as\u00ed como el bel\u00e9n colocado en esta Casa.<\/p>\n<p>Extiendo un cordial saludo a la Delegaci\u00f3n Peruana de Huancavelica, departamento en el que se encuentra el pueblo de Chopcca, de donde proviene el gran pesebre instalado en la Plaza. Agradezco las palabras de monse\u00f1or Carlos Salcedo Ojeda y hago extensivo mi agradecimiento a las autoridades civiles y eclesi\u00e1sticas, especialmente al ministro de Relaciones Exteriores del Per\u00fa, y a todos los que han colaborado. Los personajes del bel\u00e9n, realizados con materiales y vestimentas propios de esos territorios, representan a los pueblos de los Andes y simbolizan la llamada universal a la salvaci\u00f3n. Jes\u00fas vino a la tierra en la concreci\u00f3n de un pueblo para salvar a todo hombre y mujer, de todas las culturas y nacionalidades. Se hizo peque\u00f1o para que pudi\u00e9ramos acogerlo y recibir el don de la ternura de Dios.<\/p>\n<p>Junto al bel\u00e9n se encuentra el majestuoso abeto de los bosques de Andalo, en Trentino. Saludo a la delegaci\u00f3n que ha venido de all\u00ed: las autoridades, los sacerdotes, los fieles acompa\u00f1ados por el arzobispo Lauro Tisi, a quien agradezco sus palabras. Esta noche, al final de la ceremonia oficial de entrega, se encender\u00e1n las luces que decoran el \u00e1rbol. Permanecer\u00e1 junto al bel\u00e9n hasta el final de la temporada navide\u00f1a y ser\u00e1 admirada por peregrinos de muchos lugares. El abeto es un signo de Cristo, el \u00e1rbol de la vida (cf. Ap 2,7), un \u00e1rbol al que el hombre no ten\u00eda acceso a causa del pecado (cf. Gn 2,9). Pero con la Navidad, la vida divina se une a la vida humana. El \u00e1rbol de Navidad, pues, evoca el renacimiento, el don de Dios que se une al hombre para siempre, que nos da su vida. Las luces del abeto recuerdan la de Jes\u00fas, la luz del amor que sigue brillando en las noches del mundo.<\/p>\n<p>Queridos amigos, la Navidad es esto, no dejemos que se contamine con el consumismo y la indiferencia. Sus s\u00edmbolos, especialmente el pesebre y el \u00e1rbol decorado, nos devuelven a la certeza que llena de paz nuestros corazones, a la alegr\u00eda de la Encarnaci\u00f3n, al Dios que se hace familiar: vive con nosotros, da un ritmo de esperanza a nuestros d\u00edas. El \u00e1rbol y el pesebre nos introducen en el t\u00edpico ambiente navide\u00f1o que forma parte del patrimonio de nuestras comunidades: un ambiente de ternura, de compartir y de intimidad familiar. No vivamos una Navidad falsa, por favor, \u00a1una Navidad comercial! Dej\u00e9monos envolver por la cercan\u00eda de Dios, esa cercan\u00eda que es compasiva, que es tierna; envueltos por el ambiente navide\u00f1o que el arte, la m\u00fasica, las canciones y las tradiciones traen al coraz\u00f3n.<\/p>\n<p>Los que vengan aqu\u00ed, al Aula Pablo VI, en los pr\u00f3ximos d\u00edas podr\u00e1n saborear este ambiente tambi\u00e9n gracias al bel\u00e9n que ahora se inaugurar\u00e1. La hicieron los j\u00f3venes de la parroquia de San Bartolomeo in Gallio, en la di\u00f3cesis de Padua, que est\u00e1n aqu\u00ed presentes con el obispo Claudio Cipolla, a quien agradezco lo que ha dicho. Agradezco este regalo, fruto del compromiso y la reflexi\u00f3n sobre la Navidad, la fiesta de la confianza y la esperanza. El motivo de la esperanza es que Dios est\u00e1 con nosotros, conf\u00eda en nosotros y nunca se cansa de nosotros. Y \u00e9l no se cansa de perdonar: somos nosotros los que nos cansamos de pedir perd\u00f3n. Viene a morar con los hombres, elige la tierra como morada para estar con nosotros y asumir las realidades donde pasamos nuestros d\u00edas.<\/p>\n<p>Esto es lo que nos ense\u00f1a el pesebre. En Navidad, Dios se revela no como el que est\u00e1 en lo alto para dominar, sino como el que se abaja, peque\u00f1o y pobre, compa\u00f1ero de camino, para servir: esto significa que para parecerse a \u00c9l, el camino es el del abajamiento, el del servicio. Para que sea verdaderamente Navidad, no olvidemos esto: Dios viene a estar con nosotros y nos pide que cuidemos de nuestros hermanos, especialmente de los m\u00e1s pobres, los m\u00e1s d\u00e9biles, los m\u00e1s fr\u00e1giles, a los que la pandemia corre el riesgo de marginar a\u00fan m\u00e1s. As\u00ed es como vino Jes\u00fas, y el pesebre nos lo recuerda.<\/p>\n<p>Que la Virgen y San Jos\u00e9 nos ayuden a vivir as\u00ed la Navidad. Renuevo mi gratitud a todos ustedes, a sus pa\u00edses y a sus familias. Que Dios os bendiga. Por favor, no os olvid\u00e9is de rezar por m\u00ed. Gracias.<\/p>\n","protected":false},"excerpt":{"rendered":"<p>Audiencia a los miembros de las delegaciones que este a\u00f1o han donado el pesebre y el \u00e1rbol de Navidad<\/p>\n","protected":false},"author":81,"featured_media":45310,"comment_status":"closed","ping_status":"closed","sticky":false,"template":"","format":"standard","meta":{"_acf_changed":false,"_crdt_document":"","inline_featured_image":false,"footnotes":""},"categories":[124,68],"tags":[158,4953],"class_list":["post-45309","post","type-post","status-publish","format-standard","has-post-thumbnail","hentry","category-discursos","category-leon-xiv","tag-papa-francisco","tag-trending-es"],"acf":[],"yoast_head":"<!-- This site is optimized with the Yoast SEO plugin v27.5 - https:\/\/yoast.com\/product\/yoast-seo-wordpress\/ -->\n<title>Navidad: \u201cDej\u00e9monos envolver por la cercan\u00eda de Dios\u201d &#8211; Exaudi<\/title>\n<meta name=\"description\" content=\"\u201cNo vivamos una Navidad falsa, dej\u00e9monos envolver por la cercan\u00eda de Dios\u201d ha recordado el Papa Francisco en su discurso.\" \/>\n<meta name=\"robots\" content=\"index, follow, max-snippet:-1, max-image-preview:large, max-video-preview:-1\" \/>\n<link rel=\"canonical\" href=\"https:\/\/exaudi.org\/es\/no-vivamos-una-navidad-falsa-dejemonos-envolver-por-la-cercania-de-dios\/\" \/>\n<meta property=\"og:locale\" content=\"es_ES\" \/>\n<meta property=\"og:type\" content=\"article\" \/>\n<meta property=\"og:title\" content=\"Navidad: \u201cDej\u00e9monos envolver por la cercan\u00eda de Dios\u201d &#8211; Exaudi\" \/>\n<meta property=\"og:description\" content=\"\u201cNo vivamos una Navidad falsa, dej\u00e9monos envolver por la cercan\u00eda de Dios\u201d ha recordado el Papa Francisco en su discurso.\" \/>\n<meta property=\"og:url\" content=\"https:\/\/exaudi.org\/es\/no-vivamos-una-navidad-falsa-dejemonos-envolver-por-la-cercania-de-dios\/\" \/>\n<meta property=\"og:site_name\" content=\"Exaudi\" \/>\n<meta property=\"article:publisher\" content=\"https:\/\/www.facebook.com\/ExaudiNews\" \/>\n<meta property=\"article:published_time\" content=\"2021-12-10T14:36:29+00:00\" \/>\n<meta property=\"article:modified_time\" content=\"2021-12-10T15:39:09+00:00\" \/>\n<meta property=\"og:image\" content=\"https:\/\/exaudi.org\/wp-content\/uploads\/2021\/12\/cq5dam.web_.800.800-8-3.jpeg\" \/>\n\t<meta property=\"og:image:width\" content=\"800\" \/>\n\t<meta property=\"og:image:height\" content=\"533\" \/>\n\t<meta property=\"og:image:type\" content=\"image\/jpeg\" \/>\n<meta name=\"author\" content=\"Alba Montalvo\" \/>\n<meta name=\"twitter:card\" content=\"summary_large_image\" \/>\n<meta name=\"twitter:creator\" content=\"@Exaudi_News\" \/>\n<meta name=\"twitter:site\" content=\"@Exaudi_News\" \/>\n<meta name=\"twitter:label1\" content=\"Escrito por\" \/>\n\t<meta name=\"twitter:data1\" content=\"Alba Montalvo\" \/>\n\t<meta name=\"twitter:label2\" content=\"Tiempo de lectura\" \/>\n\t<meta name=\"twitter:data2\" content=\"8 minutos\" \/>\n<script type=\"application\/ld+json\" class=\"yoast-schema-graph\">{\"@context\":\"https:\\\/\\\/schema.org\",\"@graph\":[{\"@type\":\"Article\",\"@id\":\"https:\\\/\\\/exaudi.org\\\/es\\\/no-vivamos-una-navidad-falsa-dejemonos-envolver-por-la-cercania-de-dios\\\/#article\",\"isPartOf\":{\"@id\":\"https:\\\/\\\/exaudi.org\\\/es\\\/no-vivamos-una-navidad-falsa-dejemonos-envolver-por-la-cercania-de-dios\\\/\"},\"author\":{\"name\":\"Alba Montalvo\",\"@id\":\"https:\\\/\\\/exaudi.org\\\/#\\\/schema\\\/person\\\/fc7b3cbb6f4d66ebcb53bf601d7b7eb1\"},\"headline\":\"Navidad: \u201cDej\u00e9monos envolver por la cercan\u00eda de Dios\u201d\",\"datePublished\":\"2021-12-10T14:36:29+00:00\",\"dateModified\":\"2021-12-10T15:39:09+00:00\",\"mainEntityOfPage\":{\"@id\":\"https:\\\/\\\/exaudi.org\\\/es\\\/no-vivamos-una-navidad-falsa-dejemonos-envolver-por-la-cercania-de-dios\\\/\"},\"wordCount\":1604,\"image\":{\"@id\":\"https:\\\/\\\/exaudi.org\\\/es\\\/no-vivamos-una-navidad-falsa-dejemonos-envolver-por-la-cercania-de-dios\\\/#primaryimage\"},\"thumbnailUrl\":\"https:\\\/\\\/exaudi.org\\\/wp-content\\\/uploads\\\/2021\\\/12\\\/cq5dam.web_.800.800-8-3.jpeg\",\"keywords\":[\"papa francisco\",\"Trending\"],\"articleSection\":[\"Discursos\",\"Le\u00f3n XIV\"],\"inLanguage\":\"es\"},{\"@type\":\"WebPage\",\"@id\":\"https:\\\/\\\/exaudi.org\\\/es\\\/no-vivamos-una-navidad-falsa-dejemonos-envolver-por-la-cercania-de-dios\\\/\",\"url\":\"https:\\\/\\\/exaudi.org\\\/es\\\/no-vivamos-una-navidad-falsa-dejemonos-envolver-por-la-cercania-de-dios\\\/\",\"name\":\"Navidad: \u201cDej\u00e9monos envolver por la cercan\u00eda de Dios\u201d &#8211; Exaudi\",\"isPartOf\":{\"@id\":\"https:\\\/\\\/exaudi.org\\\/#website\"},\"primaryImageOfPage\":{\"@id\":\"https:\\\/\\\/exaudi.org\\\/es\\\/no-vivamos-una-navidad-falsa-dejemonos-envolver-por-la-cercania-de-dios\\\/#primaryimage\"},\"image\":{\"@id\":\"https:\\\/\\\/exaudi.org\\\/es\\\/no-vivamos-una-navidad-falsa-dejemonos-envolver-por-la-cercania-de-dios\\\/#primaryimage\"},\"thumbnailUrl\":\"https:\\\/\\\/exaudi.org\\\/wp-content\\\/uploads\\\/2021\\\/12\\\/cq5dam.web_.800.800-8-3.jpeg\",\"datePublished\":\"2021-12-10T14:36:29+00:00\",\"dateModified\":\"2021-12-10T15:39:09+00:00\",\"author\":{\"@id\":\"https:\\\/\\\/exaudi.org\\\/#\\\/schema\\\/person\\\/fc7b3cbb6f4d66ebcb53bf601d7b7eb1\"},\"description\":\"\u201cNo vivamos una Navidad falsa, dej\u00e9monos envolver por la cercan\u00eda de Dios\u201d ha recordado el Papa Francisco en su discurso.\",\"breadcrumb\":{\"@id\":\"https:\\\/\\\/exaudi.org\\\/es\\\/no-vivamos-una-navidad-falsa-dejemonos-envolver-por-la-cercania-de-dios\\\/#breadcrumb\"},\"inLanguage\":\"es\",\"potentialAction\":[{\"@type\":\"ReadAction\",\"target\":[\"https:\\\/\\\/exaudi.org\\\/es\\\/no-vivamos-una-navidad-falsa-dejemonos-envolver-por-la-cercania-de-dios\\\/\"]}]},{\"@type\":\"ImageObject\",\"inLanguage\":\"es\",\"@id\":\"https:\\\/\\\/exaudi.org\\\/es\\\/no-vivamos-una-navidad-falsa-dejemonos-envolver-por-la-cercania-de-dios\\\/#primaryimage\",\"url\":\"https:\\\/\\\/exaudi.org\\\/wp-content\\\/uploads\\\/2021\\\/12\\\/cq5dam.web_.800.800-8-3.jpeg\",\"contentUrl\":\"https:\\\/\\\/exaudi.org\\\/wp-content\\\/uploads\\\/2021\\\/12\\\/cq5dam.web_.800.800-8-3.jpeg\",\"width\":800,\"height\":533,\"caption\":\"Audiencia con los miembros de las delegaciones que este a\u00f1o han donado el pesebre y el \u00e1rbol de Navidad en el Aula Pablo VI \u00a9 Vatican Media\"},{\"@type\":\"BreadcrumbList\",\"@id\":\"https:\\\/\\\/exaudi.org\\\/es\\\/no-vivamos-una-navidad-falsa-dejemonos-envolver-por-la-cercania-de-dios\\\/#breadcrumb\",\"itemListElement\":[{\"@type\":\"ListItem\",\"position\":1,\"name\":\"Portada\",\"item\":\"https:\\\/\\\/exaudi.org\\\/es\\\/\"},{\"@type\":\"ListItem\",\"position\":2,\"name\":\"Navidad: \u201cDej\u00e9monos envolver por la cercan\u00eda de Dios\u201d\"}]},{\"@type\":\"WebSite\",\"@id\":\"https:\\\/\\\/exaudi.org\\\/#website\",\"url\":\"https:\\\/\\\/exaudi.org\\\/\",\"name\":\"Exaudi\",\"description\":\"News\",\"potentialAction\":[{\"@type\":\"SearchAction\",\"target\":{\"@type\":\"EntryPoint\",\"urlTemplate\":\"https:\\\/\\\/exaudi.org\\\/?s={search_term_string}\"},\"query-input\":{\"@type\":\"PropertyValueSpecification\",\"valueRequired\":true,\"valueName\":\"search_term_string\"}}],\"inLanguage\":\"es\"},{\"@type\":\"Person\",\"@id\":\"https:\\\/\\\/exaudi.org\\\/#\\\/schema\\\/person\\\/fc7b3cbb6f4d66ebcb53bf601d7b7eb1\",\"name\":\"Alba Montalvo\",\"image\":{\"@type\":\"ImageObject\",\"inLanguage\":\"es\",\"@id\":\"https:\\\/\\\/secure.gravatar.com\\\/avatar\\\/1e8c522219a5df52d143b7baf13997ffd4f1814ca862efe7af11a13849275021?s=96&d=mm&r=g\",\"url\":\"https:\\\/\\\/secure.gravatar.com\\\/avatar\\\/1e8c522219a5df52d143b7baf13997ffd4f1814ca862efe7af11a13849275021?s=96&d=mm&r=g\",\"contentUrl\":\"https:\\\/\\\/secure.gravatar.com\\\/avatar\\\/1e8c522219a5df52d143b7baf13997ffd4f1814ca862efe7af11a13849275021?s=96&d=mm&r=g\",\"caption\":\"Alba Montalvo\"},\"description\":\"Licenciada en Periodismo y M\u00e1ster en Periodismo Social. Mi trayectoria profesional ha estado siempre vinculada al \u00e1mbito de la comunicaci\u00f3n en el entorno digital. He trabajado como productora, gestora de contenidos estrat\u00e9gicos para redes y entrevistadora en la Fundaci\u00f3n Mater Mundi TV. Madrile\u00f1a de nacimiento, actualmente vivo en M\u00e1laga.\",\"url\":\"https:\\\/\\\/exaudi.org\\\/es\\\/author\\\/amontalvoexaudi-org\\\/\"}]}<\/script>\n<!-- \/ Yoast SEO plugin. -->","yoast_head_json":{"title":"Navidad: \u201cDej\u00e9monos envolver por la cercan\u00eda de Dios\u201d &#8211; Exaudi","description":"\u201cNo vivamos una Navidad falsa, dej\u00e9monos envolver por la cercan\u00eda de Dios\u201d ha recordado el Papa Francisco en su discurso.","robots":{"index":"index","follow":"follow","max-snippet":"max-snippet:-1","max-image-preview":"max-image-preview:large","max-video-preview":"max-video-preview:-1"},"canonical":"https:\/\/exaudi.org\/es\/no-vivamos-una-navidad-falsa-dejemonos-envolver-por-la-cercania-de-dios\/","og_locale":"es_ES","og_type":"article","og_title":"Navidad: \u201cDej\u00e9monos envolver por la cercan\u00eda de Dios\u201d &#8211; Exaudi","og_description":"\u201cNo vivamos una Navidad falsa, dej\u00e9monos envolver por la cercan\u00eda de Dios\u201d ha recordado el Papa Francisco en su discurso.","og_url":"https:\/\/exaudi.org\/es\/no-vivamos-una-navidad-falsa-dejemonos-envolver-por-la-cercania-de-dios\/","og_site_name":"Exaudi","article_publisher":"https:\/\/www.facebook.com\/ExaudiNews","article_published_time":"2021-12-10T14:36:29+00:00","article_modified_time":"2021-12-10T15:39:09+00:00","og_image":[{"width":800,"height":533,"url":"https:\/\/exaudi.org\/wp-content\/uploads\/2021\/12\/cq5dam.web_.800.800-8-3.jpeg","type":"image\/jpeg"}],"author":"Alba Montalvo","twitter_card":"summary_large_image","twitter_creator":"@Exaudi_News","twitter_site":"@Exaudi_News","twitter_misc":{"Escrito por":"Alba Montalvo","Tiempo de lectura":"8 minutos"},"schema":{"@context":"https:\/\/schema.org","@graph":[{"@type":"Article","@id":"https:\/\/exaudi.org\/es\/no-vivamos-una-navidad-falsa-dejemonos-envolver-por-la-cercania-de-dios\/#article","isPartOf":{"@id":"https:\/\/exaudi.org\/es\/no-vivamos-una-navidad-falsa-dejemonos-envolver-por-la-cercania-de-dios\/"},"author":{"name":"Alba Montalvo","@id":"https:\/\/exaudi.org\/#\/schema\/person\/fc7b3cbb6f4d66ebcb53bf601d7b7eb1"},"headline":"Navidad: \u201cDej\u00e9monos envolver por la cercan\u00eda de Dios\u201d","datePublished":"2021-12-10T14:36:29+00:00","dateModified":"2021-12-10T15:39:09+00:00","mainEntityOfPage":{"@id":"https:\/\/exaudi.org\/es\/no-vivamos-una-navidad-falsa-dejemonos-envolver-por-la-cercania-de-dios\/"},"wordCount":1604,"image":{"@id":"https:\/\/exaudi.org\/es\/no-vivamos-una-navidad-falsa-dejemonos-envolver-por-la-cercania-de-dios\/#primaryimage"},"thumbnailUrl":"https:\/\/exaudi.org\/wp-content\/uploads\/2021\/12\/cq5dam.web_.800.800-8-3.jpeg","keywords":["papa francisco","Trending"],"articleSection":["Discursos","Le\u00f3n XIV"],"inLanguage":"es"},{"@type":"WebPage","@id":"https:\/\/exaudi.org\/es\/no-vivamos-una-navidad-falsa-dejemonos-envolver-por-la-cercania-de-dios\/","url":"https:\/\/exaudi.org\/es\/no-vivamos-una-navidad-falsa-dejemonos-envolver-por-la-cercania-de-dios\/","name":"Navidad: \u201cDej\u00e9monos envolver por la cercan\u00eda de Dios\u201d &#8211; Exaudi","isPartOf":{"@id":"https:\/\/exaudi.org\/#website"},"primaryImageOfPage":{"@id":"https:\/\/exaudi.org\/es\/no-vivamos-una-navidad-falsa-dejemonos-envolver-por-la-cercania-de-dios\/#primaryimage"},"image":{"@id":"https:\/\/exaudi.org\/es\/no-vivamos-una-navidad-falsa-dejemonos-envolver-por-la-cercania-de-dios\/#primaryimage"},"thumbnailUrl":"https:\/\/exaudi.org\/wp-content\/uploads\/2021\/12\/cq5dam.web_.800.800-8-3.jpeg","datePublished":"2021-12-10T14:36:29+00:00","dateModified":"2021-12-10T15:39:09+00:00","author":{"@id":"https:\/\/exaudi.org\/#\/schema\/person\/fc7b3cbb6f4d66ebcb53bf601d7b7eb1"},"description":"\u201cNo vivamos una Navidad falsa, dej\u00e9monos envolver por la cercan\u00eda de Dios\u201d ha recordado el Papa Francisco en su discurso.","breadcrumb":{"@id":"https:\/\/exaudi.org\/es\/no-vivamos-una-navidad-falsa-dejemonos-envolver-por-la-cercania-de-dios\/#breadcrumb"},"inLanguage":"es","potentialAction":[{"@type":"ReadAction","target":["https:\/\/exaudi.org\/es\/no-vivamos-una-navidad-falsa-dejemonos-envolver-por-la-cercania-de-dios\/"]}]},{"@type":"ImageObject","inLanguage":"es","@id":"https:\/\/exaudi.org\/es\/no-vivamos-una-navidad-falsa-dejemonos-envolver-por-la-cercania-de-dios\/#primaryimage","url":"https:\/\/exaudi.org\/wp-content\/uploads\/2021\/12\/cq5dam.web_.800.800-8-3.jpeg","contentUrl":"https:\/\/exaudi.org\/wp-content\/uploads\/2021\/12\/cq5dam.web_.800.800-8-3.jpeg","width":800,"height":533,"caption":"Audiencia con los miembros de las delegaciones que este a\u00f1o han donado el pesebre y el \u00e1rbol de Navidad en el Aula Pablo VI \u00a9 Vatican Media"},{"@type":"BreadcrumbList","@id":"https:\/\/exaudi.org\/es\/no-vivamos-una-navidad-falsa-dejemonos-envolver-por-la-cercania-de-dios\/#breadcrumb","itemListElement":[{"@type":"ListItem","position":1,"name":"Portada","item":"https:\/\/exaudi.org\/es\/"},{"@type":"ListItem","position":2,"name":"Navidad: \u201cDej\u00e9monos envolver por la cercan\u00eda de Dios\u201d"}]},{"@type":"WebSite","@id":"https:\/\/exaudi.org\/#website","url":"https:\/\/exaudi.org\/","name":"Exaudi","description":"News","potentialAction":[{"@type":"SearchAction","target":{"@type":"EntryPoint","urlTemplate":"https:\/\/exaudi.org\/?s={search_term_string}"},"query-input":{"@type":"PropertyValueSpecification","valueRequired":true,"valueName":"search_term_string"}}],"inLanguage":"es"},{"@type":"Person","@id":"https:\/\/exaudi.org\/#\/schema\/person\/fc7b3cbb6f4d66ebcb53bf601d7b7eb1","name":"Alba Montalvo","image":{"@type":"ImageObject","inLanguage":"es","@id":"https:\/\/secure.gravatar.com\/avatar\/1e8c522219a5df52d143b7baf13997ffd4f1814ca862efe7af11a13849275021?s=96&d=mm&r=g","url":"https:\/\/secure.gravatar.com\/avatar\/1e8c522219a5df52d143b7baf13997ffd4f1814ca862efe7af11a13849275021?s=96&d=mm&r=g","contentUrl":"https:\/\/secure.gravatar.com\/avatar\/1e8c522219a5df52d143b7baf13997ffd4f1814ca862efe7af11a13849275021?s=96&d=mm&r=g","caption":"Alba Montalvo"},"description":"Licenciada en Periodismo y M\u00e1ster en Periodismo Social. Mi trayectoria profesional ha estado siempre vinculada al \u00e1mbito de la comunicaci\u00f3n en el entorno digital. He trabajado como productora, gestora de contenidos estrat\u00e9gicos para redes y entrevistadora en la Fundaci\u00f3n Mater Mundi TV. Madrile\u00f1a de nacimiento, actualmente vivo en M\u00e1laga.","url":"https:\/\/exaudi.org\/es\/author\/amontalvoexaudi-org\/"}]}},"jetpack_featured_media_url":"https:\/\/exaudi.org\/wp-content\/uploads\/2021\/12\/cq5dam.web_.800.800-8-3.jpeg","jetpack_shortlink":"https:\/\/wp.me\/pgKjF2-bMN","_links":{"self":[{"href":"https:\/\/exaudi.org\/es\/wp-json\/wp\/v2\/posts\/45309","targetHints":{"allow":["GET"]}}],"collection":[{"href":"https:\/\/exaudi.org\/es\/wp-json\/wp\/v2\/posts"}],"about":[{"href":"https:\/\/exaudi.org\/es\/wp-json\/wp\/v2\/types\/post"}],"author":[{"embeddable":true,"href":"https:\/\/exaudi.org\/es\/wp-json\/wp\/v2\/users\/81"}],"replies":[{"embeddable":true,"href":"https:\/\/exaudi.org\/es\/wp-json\/wp\/v2\/comments?post=45309"}],"version-history":[{"count":0,"href":"https:\/\/exaudi.org\/es\/wp-json\/wp\/v2\/posts\/45309\/revisions"}],"wp:featuredmedia":[{"embeddable":true,"href":"https:\/\/exaudi.org\/es\/wp-json\/wp\/v2\/media\/45310"}],"wp:attachment":[{"href":"https:\/\/exaudi.org\/es\/wp-json\/wp\/v2\/media?parent=45309"}],"wp:term":[{"taxonomy":"category","embeddable":true,"href":"https:\/\/exaudi.org\/es\/wp-json\/wp\/v2\/categories?post=45309"},{"taxonomy":"post_tag","embeddable":true,"href":"https:\/\/exaudi.org\/es\/wp-json\/wp\/v2\/tags?post=45309"}],"curies":[{"name":"wp","href":"https:\/\/api.w.org\/{rel}","templated":true}]}}