{"id":45191,"date":"2021-12-10T10:00:42","date_gmt":"2021-12-10T09:00:42","guid":{"rendered":"https:\/\/exaudi.org\/?p=45191"},"modified":"2021-12-13T16:53:50","modified_gmt":"2021-12-13T15:53:50","slug":"que-presencia-tuvo-laudato-si-en-la-asamblea-eclecial","status":"publish","type":"post","link":"https:\/\/exaudi.org\/es\/que-presencia-tuvo-laudato-si-en-la-asamblea-eclecial\/","title":{"rendered":"\u00bfQu\u00e9 presencia tuvo \u2018Laudato Si\u2019 en la Asamblea Eclecial?"},"content":{"rendered":"<p>La <a href=\"https:\/\/asambleaeclesial.lat\/blog\/\">Asamblea Eclesial de Am\u00e9rica Latina y el Caribe<\/a>, celebrada del 21 al 28 de noviembre de 2021 en la Ciudad de M\u00e9xico, es la primera asamblea continental en la historia, reuniendo laicos, religiosos y cl\u00e9rigos; j\u00f3venes y adultos, desde Canad\u00e1 hasta Argentina.<\/p>\n<p><img loading=\"lazy\" decoding=\"async\" class=\"size-medium wp-image-45195 alignleft\" src=\"https:\/\/exaudi.org\/wp-content\/uploads\/2021\/12\/WhatsApp-Image-2021-12-07-at-12.16.22-PM-1-300x225.jpeg\" alt=\"Laudato Si Asamblea \" width=\"300\" height=\"225\" srcset=\"https:\/\/exaudi.org\/wp-content\/uploads\/2021\/12\/WhatsApp-Image-2021-12-07-at-12.16.22-PM-1-300x225.jpeg 300w, https:\/\/exaudi.org\/wp-content\/uploads\/2021\/12\/WhatsApp-Image-2021-12-07-at-12.16.22-PM-1-1024x768.jpeg 1024w, https:\/\/exaudi.org\/wp-content\/uploads\/2021\/12\/WhatsApp-Image-2021-12-07-at-12.16.22-PM-1-770x578.jpeg 770w, https:\/\/exaudi.org\/wp-content\/uploads\/2021\/12\/WhatsApp-Image-2021-12-07-at-12.16.22-PM-1-500x375.jpeg 500w, https:\/\/exaudi.org\/wp-content\/uploads\/2021\/12\/WhatsApp-Image-2021-12-07-at-12.16.22-PM-1-293x220.jpeg 293w, https:\/\/exaudi.org\/wp-content\/uploads\/2021\/12\/WhatsApp-Image-2021-12-07-at-12.16.22-PM-1-390x293.jpeg 390w, https:\/\/exaudi.org\/wp-content\/uploads\/2021\/12\/WhatsApp-Image-2021-12-07-at-12.16.22-PM-1.jpeg 1280w\" sizes=\"auto, (max-width: 300px) 100vw, 300px\" \/>Desde el <a href=\"https:\/\/laudatosimovement.org\/es\/homepage-original-2\/\">Movimiento \u2018Laudato Si\u2019<\/a>, participaron varios representantes, como Ariana D\u00edaz, la coordinadora del Cap\u00edtulo de Costa Rica y, adem\u00e1s, miembro del Consejo Continental y representante de Mesoam\u00e9rica y El Caribe.<\/p>\n<p>La joven te\u00f3loga, que particip\u00f3 como prensa observadora, se encarg\u00f3 de dar a conocer el Movimiento \u2018Laudato Si\u2019 entre los participantes, entablando relaciones que puedan servir a la acci\u00f3n del futuro.<\/p>\n<p>\u201cParticip\u00e9 en las conferencias de prensa y pude plantear algunas preguntas de inter\u00e9s para el movimiento como por ejemplo, \u00bfc\u00f3mo podemos trabajar desde la Iglesia para crear coherencia, en particular en los temas de la ecolog\u00eda integral?\u201d, mencion\u00f3.<\/p>\n<p>De los grupos de discernimiento de la <a href=\"https:\/\/exaudi.org\/es\/centroamerica-obispos-celebran-asamblea-con-la-mirada-puesta-en-la-sinodalidad\/\" target=\"_blank\" rel=\"noopener\">Asamblea<\/a>, surgieron \u201c12 desaf\u00edos\u201d, a los que se dar\u00e1 seguimiento de manera local durante 2022. De all\u00ed, hay tres que hablan directamente de la ecolog\u00eda integral.<\/p>\n<p>Por un lado, el de \u201cescuchar el clamor de los pobres, excluidos y descartados\u201d; luego \u201creformar los itinerarios formativos de los seminarios incluyendo tem\u00e1ticas como ecolog\u00eda integral, pueblos originarios, inculturaci\u00f3n e interculturalidad y pensamiento social de la Iglesia\u201d; y el \u00faltimo \u201creafirmar y dar prioridad a una ecolog\u00eda integral en nuestras comunidades, a partir de los cuatro sue\u00f1os de \u201cQuerida Amazon\u00eda\u201d.<\/p>\n<p><img loading=\"lazy\" decoding=\"async\" class=\"size-medium wp-image-45198 alignright\" src=\"https:\/\/exaudi.org\/wp-content\/uploads\/2021\/12\/WhatsApp-Image-2021-12-07-at-12.21.35-PM-1-300x225.jpeg\" alt=\"\" width=\"300\" height=\"225\" srcset=\"https:\/\/exaudi.org\/wp-content\/uploads\/2021\/12\/WhatsApp-Image-2021-12-07-at-12.21.35-PM-1-300x225.jpeg 300w, https:\/\/exaudi.org\/wp-content\/uploads\/2021\/12\/WhatsApp-Image-2021-12-07-at-12.21.35-PM-1-1024x768.jpeg 1024w, https:\/\/exaudi.org\/wp-content\/uploads\/2021\/12\/WhatsApp-Image-2021-12-07-at-12.21.35-PM-1-770x578.jpeg 770w, https:\/\/exaudi.org\/wp-content\/uploads\/2021\/12\/WhatsApp-Image-2021-12-07-at-12.21.35-PM-1-500x375.jpeg 500w, https:\/\/exaudi.org\/wp-content\/uploads\/2021\/12\/WhatsApp-Image-2021-12-07-at-12.21.35-PM-1-293x220.jpeg 293w, https:\/\/exaudi.org\/wp-content\/uploads\/2021\/12\/WhatsApp-Image-2021-12-07-at-12.21.35-PM-1-390x293.jpeg 390w, https:\/\/exaudi.org\/wp-content\/uploads\/2021\/12\/WhatsApp-Image-2021-12-07-at-12.21.35-PM-1.jpeg 1280w\" sizes=\"auto, (max-width: 300px) 100vw, 300px\" \/>Como iniciativa del MLS y otras 14 organizaciones eclesiales como la CLAR, la CIEC, Iglesias y Miner\u00eda, REMAM, SIGNIS ALC, REPAM entre otras, se consider\u00f3 urgente reforzar el compromiso en el cuidado de la casa com\u00fan, por eso se envi\u00f3 una <a href=\"https:\/\/drive.google.com\/file\/d\/1Hr2_vJiJvYdGFWhj9ZgVaa8Rrca-Jjh7\/view\">carta<\/a> a los participantes de la Asamblea.<\/p>\n<p>Se trat\u00f3 de \u201cuna forma de agradecimiento a los asamble\u00edstas por tocar el tema de \u2018Laudato Si\u2019, porque las personas mostraron mucho inter\u00e9s. Y tambi\u00e9n para incentivar que nuestros temas puedan quedar de una manera m\u00e1s expl\u00edcita en las conclusiones de la asamblea\u201d, indic\u00f3 Ariana D\u00edaz.<\/p>\n<p>La coordinadora del Cap\u00edtulo de Costa Rica, concluye indicando que \u201cnos hace falta mucho pero estamos dando pasos\u201d. Si bien las distintas Iglesias de Latinoam\u00e9rica y El Caribe llevan distintos procesos en cuanto al abordaje de \u2018Laudato Si\u2019, \u201ctenemos la esperanza y la fe de que la semilla est\u00e1 sembrada\u201d.<\/p>\n","protected":false},"excerpt":{"rendered":"<p>Testimonio de la joven te\u00f3loga Ariana D\u00edaz, coordinadora del Cap\u00edtulo de Costa Rica<\/p>\n","protected":false},"author":15,"featured_media":45192,"comment_status":"closed","ping_status":"closed","sticky":false,"template":"","format":"standard","meta":{"_acf_changed":false,"_crdt_document":"","inline_featured_image":false,"footnotes":""},"categories":[98],"tags":[252,3491,4953],"class_list":["post-45191","post","type-post","status-publish","format-standard","has-post-thumbnail","hentry","category-testimonios","tag-asamblea-eclesial-de-america-latina-y-el-caribe","tag-movimiento-laudato-si","tag-trending-es"],"acf":[],"yoast_head":"<!-- This site is optimized with the Yoast SEO plugin v27.5 - https:\/\/yoast.com\/product\/yoast-seo-wordpress\/ -->\n<title>\u00bfQu\u00e9 presencia tuvo \u2018Laudato Si\u2019 en la Asamblea Eclecial? &#8211; Exaudi<\/title>\n<meta name=\"description\" content=\"\u00bfQu\u00e9 presencia tuvo \u2018Laudato Si\u2019 en la Asamblea Eclecial? Ariana D\u00edaz, la coordinadora del Cap\u00edtulo de Costa Rica cuenta su testimonio.\" \/>\n<meta name=\"robots\" content=\"index, follow, max-snippet:-1, max-image-preview:large, max-video-preview:-1\" \/>\n<link rel=\"canonical\" href=\"https:\/\/exaudi.org\/es\/que-presencia-tuvo-laudato-si-en-la-asamblea-eclecial\/\" \/>\n<meta property=\"og:locale\" content=\"es_ES\" \/>\n<meta property=\"og:type\" content=\"article\" \/>\n<meta property=\"og:title\" content=\"\u00bfQu\u00e9 presencia tuvo \u2018Laudato Si\u2019 en la Asamblea Eclecial? &#8211; Exaudi\" \/>\n<meta property=\"og:description\" content=\"\u00bfQu\u00e9 presencia tuvo \u2018Laudato Si\u2019 en la Asamblea Eclecial? Ariana D\u00edaz, la coordinadora del Cap\u00edtulo de Costa Rica cuenta su testimonio.\" \/>\n<meta property=\"og:url\" content=\"https:\/\/exaudi.org\/es\/que-presencia-tuvo-laudato-si-en-la-asamblea-eclecial\/\" \/>\n<meta property=\"og:site_name\" content=\"Exaudi\" \/>\n<meta property=\"article:publisher\" content=\"https:\/\/www.facebook.com\/ExaudiNews\" \/>\n<meta property=\"article:author\" content=\"https:\/\/www.facebook.com\/ExaudiNoticias\/\" \/>\n<meta property=\"article:published_time\" content=\"2021-12-10T09:00:42+00:00\" \/>\n<meta property=\"article:modified_time\" content=\"2021-12-13T15:53:50+00:00\" \/>\n<meta property=\"og:image\" content=\"https:\/\/exaudi.org\/wp-content\/uploads\/2021\/12\/Ariana-Di\u0301az.jpeg\" \/>\n\t<meta property=\"og:image:width\" content=\"1280\" \/>\n\t<meta property=\"og:image:height\" content=\"960\" \/>\n\t<meta property=\"og:image:type\" content=\"image\/jpeg\" \/>\n<meta name=\"author\" content=\"Exaudi Redacci\u00f3n\" \/>\n<meta name=\"twitter:card\" content=\"summary_large_image\" \/>\n<meta name=\"twitter:creator\" content=\"@Exaudi_noticias\" \/>\n<meta name=\"twitter:site\" content=\"@Exaudi_News\" \/>\n<meta name=\"twitter:label1\" content=\"Escrito por\" \/>\n\t<meta name=\"twitter:data1\" content=\"Exaudi Redacci\u00f3n\" \/>\n\t<meta name=\"twitter:label2\" content=\"Tiempo de lectura\" \/>\n\t<meta name=\"twitter:data2\" content=\"3 minutos\" \/>\n<script type=\"application\/ld+json\" class=\"yoast-schema-graph\">{\"@context\":\"https:\\\/\\\/schema.org\",\"@graph\":[{\"@type\":\"Article\",\"@id\":\"https:\\\/\\\/exaudi.org\\\/es\\\/que-presencia-tuvo-laudato-si-en-la-asamblea-eclecial\\\/#article\",\"isPartOf\":{\"@id\":\"https:\\\/\\\/exaudi.org\\\/es\\\/que-presencia-tuvo-laudato-si-en-la-asamblea-eclecial\\\/\"},\"author\":{\"name\":\"Exaudi Redacci\u00f3n\",\"@id\":\"https:\\\/\\\/exaudi.org\\\/#\\\/schema\\\/person\\\/f5fc8f063065e38742da7afe15f25df7\"},\"headline\":\"\u00bfQu\u00e9 presencia tuvo \u2018Laudato Si\u2019 en la Asamblea Eclecial?\",\"datePublished\":\"2021-12-10T09:00:42+00:00\",\"dateModified\":\"2021-12-13T15:53:50+00:00\",\"mainEntityOfPage\":{\"@id\":\"https:\\\/\\\/exaudi.org\\\/es\\\/que-presencia-tuvo-laudato-si-en-la-asamblea-eclecial\\\/\"},\"wordCount\":415,\"image\":{\"@id\":\"https:\\\/\\\/exaudi.org\\\/es\\\/que-presencia-tuvo-laudato-si-en-la-asamblea-eclecial\\\/#primaryimage\"},\"thumbnailUrl\":\"https:\\\/\\\/exaudi.org\\\/wp-content\\\/uploads\\\/2021\\\/12\\\/Ariana-Di\u0301az.jpeg\",\"keywords\":[\"Asamblea Eclesial de Am\u00e9rica Latina y el Caribe\",\"Movimiento Laudato Si'\",\"Trending\"],\"articleSection\":[\"Testimonios\"],\"inLanguage\":\"es\"},{\"@type\":\"WebPage\",\"@id\":\"https:\\\/\\\/exaudi.org\\\/es\\\/que-presencia-tuvo-laudato-si-en-la-asamblea-eclecial\\\/\",\"url\":\"https:\\\/\\\/exaudi.org\\\/es\\\/que-presencia-tuvo-laudato-si-en-la-asamblea-eclecial\\\/\",\"name\":\"\u00bfQu\u00e9 presencia tuvo \u2018Laudato Si\u2019 en la Asamblea Eclecial? &#8211; Exaudi\",\"isPartOf\":{\"@id\":\"https:\\\/\\\/exaudi.org\\\/#website\"},\"primaryImageOfPage\":{\"@id\":\"https:\\\/\\\/exaudi.org\\\/es\\\/que-presencia-tuvo-laudato-si-en-la-asamblea-eclecial\\\/#primaryimage\"},\"image\":{\"@id\":\"https:\\\/\\\/exaudi.org\\\/es\\\/que-presencia-tuvo-laudato-si-en-la-asamblea-eclecial\\\/#primaryimage\"},\"thumbnailUrl\":\"https:\\\/\\\/exaudi.org\\\/wp-content\\\/uploads\\\/2021\\\/12\\\/Ariana-Di\u0301az.jpeg\",\"datePublished\":\"2021-12-10T09:00:42+00:00\",\"dateModified\":\"2021-12-13T15:53:50+00:00\",\"author\":{\"@id\":\"https:\\\/\\\/exaudi.org\\\/#\\\/schema\\\/person\\\/f5fc8f063065e38742da7afe15f25df7\"},\"description\":\"\u00bfQu\u00e9 presencia tuvo \u2018Laudato Si\u2019 en la Asamblea Eclecial? Ariana D\u00edaz, la coordinadora del Cap\u00edtulo de Costa Rica cuenta su testimonio.\",\"breadcrumb\":{\"@id\":\"https:\\\/\\\/exaudi.org\\\/es\\\/que-presencia-tuvo-laudato-si-en-la-asamblea-eclecial\\\/#breadcrumb\"},\"inLanguage\":\"es\",\"potentialAction\":[{\"@type\":\"ReadAction\",\"target\":[\"https:\\\/\\\/exaudi.org\\\/es\\\/que-presencia-tuvo-laudato-si-en-la-asamblea-eclecial\\\/\"]}]},{\"@type\":\"ImageObject\",\"inLanguage\":\"es\",\"@id\":\"https:\\\/\\\/exaudi.org\\\/es\\\/que-presencia-tuvo-laudato-si-en-la-asamblea-eclecial\\\/#primaryimage\",\"url\":\"https:\\\/\\\/exaudi.org\\\/wp-content\\\/uploads\\\/2021\\\/12\\\/Ariana-Di\u0301az.jpeg\",\"contentUrl\":\"https:\\\/\\\/exaudi.org\\\/wp-content\\\/uploads\\\/2021\\\/12\\\/Ariana-Di\u0301az.jpeg\",\"width\":1280,\"height\":960,\"caption\":\"La joven te\u00f3loga Ariana Di\u0301az \u00a9 Laudato Si' movememt\"},{\"@type\":\"BreadcrumbList\",\"@id\":\"https:\\\/\\\/exaudi.org\\\/es\\\/que-presencia-tuvo-laudato-si-en-la-asamblea-eclecial\\\/#breadcrumb\",\"itemListElement\":[{\"@type\":\"ListItem\",\"position\":1,\"name\":\"Portada\",\"item\":\"https:\\\/\\\/exaudi.org\\\/es\\\/\"},{\"@type\":\"ListItem\",\"position\":2,\"name\":\"\u00bfQu\u00e9 presencia tuvo \u2018Laudato Si\u2019 en la Asamblea Eclecial?\"}]},{\"@type\":\"WebSite\",\"@id\":\"https:\\\/\\\/exaudi.org\\\/#website\",\"url\":\"https:\\\/\\\/exaudi.org\\\/\",\"name\":\"Exaudi\",\"description\":\"News\",\"potentialAction\":[{\"@type\":\"SearchAction\",\"target\":{\"@type\":\"EntryPoint\",\"urlTemplate\":\"https:\\\/\\\/exaudi.org\\\/?s={search_term_string}\"},\"query-input\":{\"@type\":\"PropertyValueSpecification\",\"valueRequired\":true,\"valueName\":\"search_term_string\"}}],\"inLanguage\":\"es\"},{\"@type\":\"Person\",\"@id\":\"https:\\\/\\\/exaudi.org\\\/#\\\/schema\\\/person\\\/f5fc8f063065e38742da7afe15f25df7\",\"name\":\"Exaudi Redacci\u00f3n\",\"image\":{\"@type\":\"ImageObject\",\"inLanguage\":\"es\",\"@id\":\"https:\\\/\\\/secure.gravatar.com\\\/avatar\\\/fe0f6a059fb68d9b3e11bc5850dd4899b1c7492091a3cb6dd9b01b56ad828be2?s=96&d=mm&r=g\",\"url\":\"https:\\\/\\\/secure.gravatar.com\\\/avatar\\\/fe0f6a059fb68d9b3e11bc5850dd4899b1c7492091a3cb6dd9b01b56ad828be2?s=96&d=mm&r=g\",\"contentUrl\":\"https:\\\/\\\/secure.gravatar.com\\\/avatar\\\/fe0f6a059fb68d9b3e11bc5850dd4899b1c7492091a3cb6dd9b01b56ad828be2?s=96&d=mm&r=g\",\"caption\":\"Exaudi Redacci\u00f3n\"},\"description\":\"\u00bfQu\u00e9 es Exaudi News? Exaudi News es un medio de comunicaci\u00f3n cat\u00f3lico internacional que informa, forma y transforma, diariamente en espa\u00f1ol, ingl\u00e9s e italiano. A trav\u00e9s de noticias, art\u00edculos de an\u00e1lisis y transmisiones en directo de los eventos del Papa, Exaudi busca fortalecer la unidad de los cristianos y contribuir a la evangelizaci\u00f3n del mundo, siempre guiados por la doctrina social de la Iglesia. Trabajamos para acercar la verdad y los valores cristianos a cada rinc\u00f3n del planeta. \u00a1Ay\u00fadanos a transformar el mundo con Exaudi! En Exaudi creemos que la evangelizaci\u00f3n y la informaci\u00f3n de calidad pueden cambiar vidas. Para continuar con nuestra misi\u00f3n y expandir nuestro alcance, necesitamos tu ayuda. Adem\u00e1s, buscamos personas comprometidas que deseen unirse a nuestro equipo. Con tu apoyo, lograremos llegar a m\u00e1s personas, difundir el mensaje de Cristo y reforzar la unidad de los cristianos. \u00bfTe unes a nuestra misi\u00f3n? Para m\u00e1s informaci\u00f3n sobre c\u00f3mo colaborar, visita Exaudi.org\\\/es o cont\u00e1ctanos directamente: info@exaudi.org Exaudi: Informa, forma y transforma.\",\"sameAs\":[\"https:\\\/\\\/www.facebook.com\\\/ExaudiNoticias\\\/\",\"https:\\\/\\\/www.instagram.com\\\/exaudi_noticias\\\/\",\"https:\\\/\\\/x.com\\\/Exaudi_noticias\",\"https:\\\/\\\/www.youtube.com\\\/@exaudicatholicnews\"],\"url\":\"https:\\\/\\\/exaudi.org\\\/es\\\/author\\\/redaccionexaudi\\\/\"}]}<\/script>\n<!-- \/ Yoast SEO plugin. -->","yoast_head_json":{"title":"\u00bfQu\u00e9 presencia tuvo \u2018Laudato Si\u2019 en la Asamblea Eclecial? &#8211; Exaudi","description":"\u00bfQu\u00e9 presencia tuvo \u2018Laudato Si\u2019 en la Asamblea Eclecial? Ariana D\u00edaz, la coordinadora del Cap\u00edtulo de Costa Rica cuenta su testimonio.","robots":{"index":"index","follow":"follow","max-snippet":"max-snippet:-1","max-image-preview":"max-image-preview:large","max-video-preview":"max-video-preview:-1"},"canonical":"https:\/\/exaudi.org\/es\/que-presencia-tuvo-laudato-si-en-la-asamblea-eclecial\/","og_locale":"es_ES","og_type":"article","og_title":"\u00bfQu\u00e9 presencia tuvo \u2018Laudato Si\u2019 en la Asamblea Eclecial? &#8211; Exaudi","og_description":"\u00bfQu\u00e9 presencia tuvo \u2018Laudato Si\u2019 en la Asamblea Eclecial? Ariana D\u00edaz, la coordinadora del Cap\u00edtulo de Costa Rica cuenta su testimonio.","og_url":"https:\/\/exaudi.org\/es\/que-presencia-tuvo-laudato-si-en-la-asamblea-eclecial\/","og_site_name":"Exaudi","article_publisher":"https:\/\/www.facebook.com\/ExaudiNews","article_author":"https:\/\/www.facebook.com\/ExaudiNoticias\/","article_published_time":"2021-12-10T09:00:42+00:00","article_modified_time":"2021-12-13T15:53:50+00:00","og_image":[{"width":1280,"height":960,"url":"https:\/\/exaudi.org\/wp-content\/uploads\/2021\/12\/Ariana-Di\u0301az.jpeg","type":"image\/jpeg"}],"author":"Exaudi Redacci\u00f3n","twitter_card":"summary_large_image","twitter_creator":"@Exaudi_noticias","twitter_site":"@Exaudi_News","twitter_misc":{"Escrito por":"Exaudi Redacci\u00f3n","Tiempo de lectura":"3 minutos"},"schema":{"@context":"https:\/\/schema.org","@graph":[{"@type":"Article","@id":"https:\/\/exaudi.org\/es\/que-presencia-tuvo-laudato-si-en-la-asamblea-eclecial\/#article","isPartOf":{"@id":"https:\/\/exaudi.org\/es\/que-presencia-tuvo-laudato-si-en-la-asamblea-eclecial\/"},"author":{"name":"Exaudi Redacci\u00f3n","@id":"https:\/\/exaudi.org\/#\/schema\/person\/f5fc8f063065e38742da7afe15f25df7"},"headline":"\u00bfQu\u00e9 presencia tuvo \u2018Laudato Si\u2019 en la Asamblea Eclecial?","datePublished":"2021-12-10T09:00:42+00:00","dateModified":"2021-12-13T15:53:50+00:00","mainEntityOfPage":{"@id":"https:\/\/exaudi.org\/es\/que-presencia-tuvo-laudato-si-en-la-asamblea-eclecial\/"},"wordCount":415,"image":{"@id":"https:\/\/exaudi.org\/es\/que-presencia-tuvo-laudato-si-en-la-asamblea-eclecial\/#primaryimage"},"thumbnailUrl":"https:\/\/exaudi.org\/wp-content\/uploads\/2021\/12\/Ariana-Di\u0301az.jpeg","keywords":["Asamblea Eclesial de Am\u00e9rica Latina y el Caribe","Movimiento Laudato Si'","Trending"],"articleSection":["Testimonios"],"inLanguage":"es"},{"@type":"WebPage","@id":"https:\/\/exaudi.org\/es\/que-presencia-tuvo-laudato-si-en-la-asamblea-eclecial\/","url":"https:\/\/exaudi.org\/es\/que-presencia-tuvo-laudato-si-en-la-asamblea-eclecial\/","name":"\u00bfQu\u00e9 presencia tuvo \u2018Laudato Si\u2019 en la Asamblea Eclecial? &#8211; Exaudi","isPartOf":{"@id":"https:\/\/exaudi.org\/#website"},"primaryImageOfPage":{"@id":"https:\/\/exaudi.org\/es\/que-presencia-tuvo-laudato-si-en-la-asamblea-eclecial\/#primaryimage"},"image":{"@id":"https:\/\/exaudi.org\/es\/que-presencia-tuvo-laudato-si-en-la-asamblea-eclecial\/#primaryimage"},"thumbnailUrl":"https:\/\/exaudi.org\/wp-content\/uploads\/2021\/12\/Ariana-Di\u0301az.jpeg","datePublished":"2021-12-10T09:00:42+00:00","dateModified":"2021-12-13T15:53:50+00:00","author":{"@id":"https:\/\/exaudi.org\/#\/schema\/person\/f5fc8f063065e38742da7afe15f25df7"},"description":"\u00bfQu\u00e9 presencia tuvo \u2018Laudato Si\u2019 en la Asamblea Eclecial? Ariana D\u00edaz, la coordinadora del Cap\u00edtulo de Costa Rica cuenta su testimonio.","breadcrumb":{"@id":"https:\/\/exaudi.org\/es\/que-presencia-tuvo-laudato-si-en-la-asamblea-eclecial\/#breadcrumb"},"inLanguage":"es","potentialAction":[{"@type":"ReadAction","target":["https:\/\/exaudi.org\/es\/que-presencia-tuvo-laudato-si-en-la-asamblea-eclecial\/"]}]},{"@type":"ImageObject","inLanguage":"es","@id":"https:\/\/exaudi.org\/es\/que-presencia-tuvo-laudato-si-en-la-asamblea-eclecial\/#primaryimage","url":"https:\/\/exaudi.org\/wp-content\/uploads\/2021\/12\/Ariana-Di\u0301az.jpeg","contentUrl":"https:\/\/exaudi.org\/wp-content\/uploads\/2021\/12\/Ariana-Di\u0301az.jpeg","width":1280,"height":960,"caption":"La joven te\u00f3loga Ariana Di\u0301az \u00a9 Laudato Si' movememt"},{"@type":"BreadcrumbList","@id":"https:\/\/exaudi.org\/es\/que-presencia-tuvo-laudato-si-en-la-asamblea-eclecial\/#breadcrumb","itemListElement":[{"@type":"ListItem","position":1,"name":"Portada","item":"https:\/\/exaudi.org\/es\/"},{"@type":"ListItem","position":2,"name":"\u00bfQu\u00e9 presencia tuvo \u2018Laudato Si\u2019 en la Asamblea Eclecial?"}]},{"@type":"WebSite","@id":"https:\/\/exaudi.org\/#website","url":"https:\/\/exaudi.org\/","name":"Exaudi","description":"News","potentialAction":[{"@type":"SearchAction","target":{"@type":"EntryPoint","urlTemplate":"https:\/\/exaudi.org\/?s={search_term_string}"},"query-input":{"@type":"PropertyValueSpecification","valueRequired":true,"valueName":"search_term_string"}}],"inLanguage":"es"},{"@type":"Person","@id":"https:\/\/exaudi.org\/#\/schema\/person\/f5fc8f063065e38742da7afe15f25df7","name":"Exaudi Redacci\u00f3n","image":{"@type":"ImageObject","inLanguage":"es","@id":"https:\/\/secure.gravatar.com\/avatar\/fe0f6a059fb68d9b3e11bc5850dd4899b1c7492091a3cb6dd9b01b56ad828be2?s=96&d=mm&r=g","url":"https:\/\/secure.gravatar.com\/avatar\/fe0f6a059fb68d9b3e11bc5850dd4899b1c7492091a3cb6dd9b01b56ad828be2?s=96&d=mm&r=g","contentUrl":"https:\/\/secure.gravatar.com\/avatar\/fe0f6a059fb68d9b3e11bc5850dd4899b1c7492091a3cb6dd9b01b56ad828be2?s=96&d=mm&r=g","caption":"Exaudi Redacci\u00f3n"},"description":"\u00bfQu\u00e9 es Exaudi News? Exaudi News es un medio de comunicaci\u00f3n cat\u00f3lico internacional que informa, forma y transforma, diariamente en espa\u00f1ol, ingl\u00e9s e italiano. A trav\u00e9s de noticias, art\u00edculos de an\u00e1lisis y transmisiones en directo de los eventos del Papa, Exaudi busca fortalecer la unidad de los cristianos y contribuir a la evangelizaci\u00f3n del mundo, siempre guiados por la doctrina social de la Iglesia. Trabajamos para acercar la verdad y los valores cristianos a cada rinc\u00f3n del planeta. \u00a1Ay\u00fadanos a transformar el mundo con Exaudi! En Exaudi creemos que la evangelizaci\u00f3n y la informaci\u00f3n de calidad pueden cambiar vidas. Para continuar con nuestra misi\u00f3n y expandir nuestro alcance, necesitamos tu ayuda. Adem\u00e1s, buscamos personas comprometidas que deseen unirse a nuestro equipo. Con tu apoyo, lograremos llegar a m\u00e1s personas, difundir el mensaje de Cristo y reforzar la unidad de los cristianos. \u00bfTe unes a nuestra misi\u00f3n? Para m\u00e1s informaci\u00f3n sobre c\u00f3mo colaborar, visita Exaudi.org\/es o cont\u00e1ctanos directamente: info@exaudi.org Exaudi: Informa, forma y transforma.","sameAs":["https:\/\/www.facebook.com\/ExaudiNoticias\/","https:\/\/www.instagram.com\/exaudi_noticias\/","https:\/\/x.com\/Exaudi_noticias","https:\/\/www.youtube.com\/@exaudicatholicnews"],"url":"https:\/\/exaudi.org\/es\/author\/redaccionexaudi\/"}]}},"jetpack_featured_media_url":"https:\/\/exaudi.org\/wp-content\/uploads\/2021\/12\/Ariana-Di\u0301az.jpeg","jetpack_shortlink":"https:\/\/wp.me\/pgKjF2-bKT","_links":{"self":[{"href":"https:\/\/exaudi.org\/es\/wp-json\/wp\/v2\/posts\/45191","targetHints":{"allow":["GET"]}}],"collection":[{"href":"https:\/\/exaudi.org\/es\/wp-json\/wp\/v2\/posts"}],"about":[{"href":"https:\/\/exaudi.org\/es\/wp-json\/wp\/v2\/types\/post"}],"author":[{"embeddable":true,"href":"https:\/\/exaudi.org\/es\/wp-json\/wp\/v2\/users\/15"}],"replies":[{"embeddable":true,"href":"https:\/\/exaudi.org\/es\/wp-json\/wp\/v2\/comments?post=45191"}],"version-history":[{"count":0,"href":"https:\/\/exaudi.org\/es\/wp-json\/wp\/v2\/posts\/45191\/revisions"}],"wp:featuredmedia":[{"embeddable":true,"href":"https:\/\/exaudi.org\/es\/wp-json\/wp\/v2\/media\/45192"}],"wp:attachment":[{"href":"https:\/\/exaudi.org\/es\/wp-json\/wp\/v2\/media?parent=45191"}],"wp:term":[{"taxonomy":"category","embeddable":true,"href":"https:\/\/exaudi.org\/es\/wp-json\/wp\/v2\/categories?post=45191"},{"taxonomy":"post_tag","embeddable":true,"href":"https:\/\/exaudi.org\/es\/wp-json\/wp\/v2\/tags?post=45191"}],"curies":[{"name":"wp","href":"https:\/\/api.w.org\/{rel}","templated":true}]}}