{"id":45167,"date":"2021-12-09T16:23:53","date_gmt":"2021-12-09T15:23:53","guid":{"rendered":"https:\/\/exaudi.org\/?p=45167"},"modified":"2021-12-10T13:09:45","modified_gmt":"2021-12-10T12:09:45","slug":"sudan-del-sur-el-papa-ayuda-a-los-afectados-por-las-inundaciones","status":"publish","type":"post","link":"https:\/\/exaudi.org\/es\/sudan-del-sur-el-papa-ayuda-a-los-afectados-por-las-inundaciones\/","title":{"rendered":"Sud\u00e1n del Sur: El Papa ayuda a los afectados por las inundaciones"},"content":{"rendered":"<p>El Papa Francisco ha ayudado a los afectados por las inundaciones en<a href=\"https:\/\/exaudi.org\/es\/ayuda-papa-inundaciones-sudan-incendios-grecia\/\" target=\"_blank\" rel=\"noopener\"> Sud\u00e1n del Sur<\/a> este octubre pasado con el env\u00edo de 75.000 d\u00f3lares. Esta cantidad se suma a la realizada por monse\u00f1or Ionut Paul Strejac, de la nunciatura en el pa\u00eds africano que llev\u00f3 al pueblo de la di\u00f3cesis de Malakal 30.000 d\u00f3lares de parte del cardenal Krajewski en la festividad de la Inmaculada Concepci\u00f3n.<\/p>\n<p>Seg\u00fan ha informado el medio Vatican News, el pasado mes de octubre, el Santo Padre, a trav\u00e9s del<a href=\"https:\/\/www.humandevelopment.va\/es.html\" target=\"_blank\" rel=\"noopener\"> Dicasterio para el Servicio del Desarrollo Humano Integral<\/a>, envi\u00f3 75.000 d\u00f3lares a las personas afectadas por las inundaciones en la di\u00f3cesis de Malakal, en Sud\u00e1n del Sur. Una contribuci\u00f3n que se suma a la de 30.000 d\u00f3lares enviada recientemente por el Limosnero de Su Santidad, el cardenal Konrad Krajewski, para expresar la cercan\u00eda del Papa en una grave emergencia humanitaria.<\/p>\n<p>Seg\u00fan la informaci\u00f3n de Vatican News, esta cercan\u00eda se materializ\u00f3 en la fiesta de la Inmaculada Concepci\u00f3n, cuando el obispo, monse\u00f1or Stephen Nyodho Ador Majwok, acompa\u00f1ado por el encargado de negocios de la Nunciatura, monse\u00f1or Ionut Paul Strejac, llev\u00f3 a la poblaci\u00f3n damnificada una palabra de consuelo en forma de oraci\u00f3n y diversos bienes de urgente necesidad, como lonas de pl\u00e1stico, mantas, colchonetas y tiendas de campa\u00f1a.<\/p>\n<p><img loading=\"lazy\" decoding=\"async\" class=\"size-medium wp-image-45174 alignleft\" src=\"https:\/\/exaudi.org\/wp-content\/uploads\/2021\/12\/cq5dam.thumbnail.cropped.1500.844-1-4-300x169.jpeg\" alt=\"\" width=\"300\" height=\"169\" srcset=\"https:\/\/exaudi.org\/wp-content\/uploads\/2021\/12\/cq5dam.thumbnail.cropped.1500.844-1-4-300x169.jpeg 300w, https:\/\/exaudi.org\/wp-content\/uploads\/2021\/12\/cq5dam.thumbnail.cropped.1500.844-1-4-1024x575.jpeg 1024w, https:\/\/exaudi.org\/wp-content\/uploads\/2021\/12\/cq5dam.thumbnail.cropped.1500.844-1-4-770x433.jpeg 770w, https:\/\/exaudi.org\/wp-content\/uploads\/2021\/12\/cq5dam.thumbnail.cropped.1500.844-1-4-500x281.jpeg 500w, https:\/\/exaudi.org\/wp-content\/uploads\/2021\/12\/cq5dam.thumbnail.cropped.1500.844-1-4-293x165.jpeg 293w, https:\/\/exaudi.org\/wp-content\/uploads\/2021\/12\/cq5dam.thumbnail.cropped.1500.844-1-4-1400x787.jpeg 1400w, https:\/\/exaudi.org\/wp-content\/uploads\/2021\/12\/cq5dam.thumbnail.cropped.1500.844-1-4-390x219.jpeg 390w, https:\/\/exaudi.org\/wp-content\/uploads\/2021\/12\/cq5dam.thumbnail.cropped.1500.844-1-4.jpeg 1500w\" sizes=\"auto, (max-width: 300px) 100vw, 300px\" \/>Cabe destacar que en Bentiu se encuentra el mayor campo de desplazados del pa\u00eds. M\u00e1s de 120.000 personas han encontrado refugio bajo los auspicios de la ONU desde la guerra civil de 2013. Ahora, mientras intentaban regresar a su tierra, se vieron obligados a permanecer en el campo de desplazados internos. Adem\u00e1s, desde agosto han llegado 50.000 personas m\u00e1s a causa de las inundaciones que han anegado gran parte del Estado de Unity.<\/p>\n<p>El medio informa, que el n\u00famero est\u00e1 aumentando. Todos los d\u00edas siguen llegando madres con sus hijos a Bentiu, por ahora la \u00fanica zona que sigue siendo segura, protegida por los diques construidos por la UNMISS (Misi\u00f3n de la ONU en Sud\u00e1n del Sur). Los hombres intentan asegurar el poco ganado que ha sobrevivido, mientras que las cosechas y los suministros de alimentos se han perdido.<\/p>\n<p>De tal manera que m\u00e1s de un mill\u00f3n de personas del pa\u00eds se han visto afectadas por las inundaciones, la mayor\u00eda en la di\u00f3cesis de Malakal, que incluye los estados de Unity, Alto Nilo y Jongley. En la ma\u00f1ana del 8 de diciembre, solemnidad de la Inmaculada Concepci\u00f3n, en la Plaza de Espa\u00f1a, el Obispo de Roma llev\u00f3 en su coraz\u00f3n a estas personas, v\u00edctimas de la guerra y del cambio clim\u00e1tico y las record\u00f3 en la oraci\u00f3n.<\/p>\n<p>&nbsp;<\/p>\n","protected":false},"excerpt":{"rendered":"<p>A trav\u00e9s del Dicasterio para el Servicio del Desarrollo Humano Integral<\/p>\n","protected":false},"author":15,"featured_media":45168,"comment_status":"closed","ping_status":"closed","sticky":false,"template":"","format":"standard","meta":{"_acf_changed":false,"_crdt_document":"","inline_featured_image":false,"footnotes":""},"categories":[68],"tags":[158,1971],"class_list":["post-45167","post","type-post","status-publish","format-standard","has-post-thumbnail","hentry","category-leon-xiv","tag-papa-francisco","tag-sudan-del-sur"],"acf":[],"yoast_head":"<!-- This site is optimized with the Yoast SEO plugin v27.5 - https:\/\/yoast.com\/product\/yoast-seo-wordpress\/ -->\n<title>Sud\u00e1n del Sur: El Papa ayuda a los afectados por las inundaciones &#8211; Exaudi<\/title>\n<meta name=\"description\" content=\"El Papa Francisco ha ayudado a los afectados por las inundaciones en Sud\u00e1n del Sur en octubre pasado con el env\u00edo de 75.000 d\u00f3lares.\" \/>\n<meta name=\"robots\" content=\"index, follow, max-snippet:-1, max-image-preview:large, max-video-preview:-1\" \/>\n<link rel=\"canonical\" href=\"https:\/\/exaudi.org\/es\/sudan-del-sur-el-papa-ayuda-a-los-afectados-por-las-inundaciones\/\" \/>\n<meta property=\"og:locale\" content=\"es_ES\" \/>\n<meta property=\"og:type\" content=\"article\" \/>\n<meta property=\"og:title\" content=\"Sud\u00e1n del Sur: El Papa ayuda a los afectados por las inundaciones &#8211; Exaudi\" \/>\n<meta property=\"og:description\" content=\"El Papa Francisco ha ayudado a los afectados por las inundaciones en Sud\u00e1n del Sur en octubre pasado con el env\u00edo de 75.000 d\u00f3lares.\" \/>\n<meta property=\"og:url\" content=\"https:\/\/exaudi.org\/es\/sudan-del-sur-el-papa-ayuda-a-los-afectados-por-las-inundaciones\/\" \/>\n<meta property=\"og:site_name\" content=\"Exaudi\" \/>\n<meta property=\"article:publisher\" content=\"https:\/\/www.facebook.com\/ExaudiNews\" \/>\n<meta property=\"article:author\" content=\"https:\/\/www.facebook.com\/ExaudiNoticias\/\" \/>\n<meta property=\"article:published_time\" content=\"2021-12-09T15:23:53+00:00\" \/>\n<meta property=\"article:modified_time\" content=\"2021-12-10T12:09:45+00:00\" \/>\n<meta property=\"og:image\" content=\"https:\/\/exaudi.org\/wp-content\/uploads\/2021\/12\/cq5dam.thumbnail.cropped.1500.844-8.jpeg\" \/>\n\t<meta property=\"og:image:width\" content=\"1280\" \/>\n\t<meta property=\"og:image:height\" content=\"720\" \/>\n\t<meta property=\"og:image:type\" content=\"image\/jpeg\" \/>\n<meta name=\"author\" content=\"Exaudi Redacci\u00f3n\" \/>\n<meta name=\"twitter:card\" content=\"summary_large_image\" \/>\n<meta name=\"twitter:creator\" content=\"@Exaudi_noticias\" \/>\n<meta name=\"twitter:site\" content=\"@Exaudi_News\" \/>\n<meta name=\"twitter:label1\" content=\"Escrito por\" \/>\n\t<meta name=\"twitter:data1\" content=\"Exaudi Redacci\u00f3n\" \/>\n\t<meta name=\"twitter:label2\" content=\"Tiempo de lectura\" \/>\n\t<meta name=\"twitter:data2\" content=\"3 minutos\" \/>\n<script type=\"application\/ld+json\" class=\"yoast-schema-graph\">{\"@context\":\"https:\\\/\\\/schema.org\",\"@graph\":[{\"@type\":\"Article\",\"@id\":\"https:\\\/\\\/exaudi.org\\\/es\\\/sudan-del-sur-el-papa-ayuda-a-los-afectados-por-las-inundaciones\\\/#article\",\"isPartOf\":{\"@id\":\"https:\\\/\\\/exaudi.org\\\/es\\\/sudan-del-sur-el-papa-ayuda-a-los-afectados-por-las-inundaciones\\\/\"},\"author\":{\"name\":\"Exaudi Redacci\u00f3n\",\"@id\":\"https:\\\/\\\/exaudi.org\\\/#\\\/schema\\\/person\\\/f5fc8f063065e38742da7afe15f25df7\"},\"headline\":\"Sud\u00e1n del Sur: El Papa ayuda a los afectados por las inundaciones\",\"datePublished\":\"2021-12-09T15:23:53+00:00\",\"dateModified\":\"2021-12-10T12:09:45+00:00\",\"mainEntityOfPage\":{\"@id\":\"https:\\\/\\\/exaudi.org\\\/es\\\/sudan-del-sur-el-papa-ayuda-a-los-afectados-por-las-inundaciones\\\/\"},\"wordCount\":481,\"image\":{\"@id\":\"https:\\\/\\\/exaudi.org\\\/es\\\/sudan-del-sur-el-papa-ayuda-a-los-afectados-por-las-inundaciones\\\/#primaryimage\"},\"thumbnailUrl\":\"https:\\\/\\\/exaudi.org\\\/wp-content\\\/uploads\\\/2021\\\/12\\\/cq5dam.thumbnail.cropped.1500.844-8.jpeg\",\"keywords\":[\"papa francisco\",\"Sud\u00e1n del Sur\"],\"articleSection\":[\"Le\u00f3n XIV\"],\"inLanguage\":\"es\"},{\"@type\":\"WebPage\",\"@id\":\"https:\\\/\\\/exaudi.org\\\/es\\\/sudan-del-sur-el-papa-ayuda-a-los-afectados-por-las-inundaciones\\\/\",\"url\":\"https:\\\/\\\/exaudi.org\\\/es\\\/sudan-del-sur-el-papa-ayuda-a-los-afectados-por-las-inundaciones\\\/\",\"name\":\"Sud\u00e1n del Sur: El Papa ayuda a los afectados por las inundaciones &#8211; Exaudi\",\"isPartOf\":{\"@id\":\"https:\\\/\\\/exaudi.org\\\/#website\"},\"primaryImageOfPage\":{\"@id\":\"https:\\\/\\\/exaudi.org\\\/es\\\/sudan-del-sur-el-papa-ayuda-a-los-afectados-por-las-inundaciones\\\/#primaryimage\"},\"image\":{\"@id\":\"https:\\\/\\\/exaudi.org\\\/es\\\/sudan-del-sur-el-papa-ayuda-a-los-afectados-por-las-inundaciones\\\/#primaryimage\"},\"thumbnailUrl\":\"https:\\\/\\\/exaudi.org\\\/wp-content\\\/uploads\\\/2021\\\/12\\\/cq5dam.thumbnail.cropped.1500.844-8.jpeg\",\"datePublished\":\"2021-12-09T15:23:53+00:00\",\"dateModified\":\"2021-12-10T12:09:45+00:00\",\"author\":{\"@id\":\"https:\\\/\\\/exaudi.org\\\/#\\\/schema\\\/person\\\/f5fc8f063065e38742da7afe15f25df7\"},\"description\":\"El Papa Francisco ha ayudado a los afectados por las inundaciones en Sud\u00e1n del Sur en octubre pasado con el env\u00edo de 75.000 d\u00f3lares.\",\"breadcrumb\":{\"@id\":\"https:\\\/\\\/exaudi.org\\\/es\\\/sudan-del-sur-el-papa-ayuda-a-los-afectados-por-las-inundaciones\\\/#breadcrumb\"},\"inLanguage\":\"es\",\"potentialAction\":[{\"@type\":\"ReadAction\",\"target\":[\"https:\\\/\\\/exaudi.org\\\/es\\\/sudan-del-sur-el-papa-ayuda-a-los-afectados-por-las-inundaciones\\\/\"]}]},{\"@type\":\"ImageObject\",\"inLanguage\":\"es\",\"@id\":\"https:\\\/\\\/exaudi.org\\\/es\\\/sudan-del-sur-el-papa-ayuda-a-los-afectados-por-las-inundaciones\\\/#primaryimage\",\"url\":\"https:\\\/\\\/exaudi.org\\\/wp-content\\\/uploads\\\/2021\\\/12\\\/cq5dam.thumbnail.cropped.1500.844-8.jpeg\",\"contentUrl\":\"https:\\\/\\\/exaudi.org\\\/wp-content\\\/uploads\\\/2021\\\/12\\\/cq5dam.thumbnail.cropped.1500.844-8.jpeg\",\"width\":1280,\"height\":720,\"caption\":\"Inundaciones en Sud\u00e1n del Sur \u00a9 Vatican Media\"},{\"@type\":\"BreadcrumbList\",\"@id\":\"https:\\\/\\\/exaudi.org\\\/es\\\/sudan-del-sur-el-papa-ayuda-a-los-afectados-por-las-inundaciones\\\/#breadcrumb\",\"itemListElement\":[{\"@type\":\"ListItem\",\"position\":1,\"name\":\"Portada\",\"item\":\"https:\\\/\\\/exaudi.org\\\/es\\\/\"},{\"@type\":\"ListItem\",\"position\":2,\"name\":\"Sud\u00e1n del Sur: El Papa ayuda a los afectados por las inundaciones\"}]},{\"@type\":\"WebSite\",\"@id\":\"https:\\\/\\\/exaudi.org\\\/#website\",\"url\":\"https:\\\/\\\/exaudi.org\\\/\",\"name\":\"Exaudi\",\"description\":\"News\",\"potentialAction\":[{\"@type\":\"SearchAction\",\"target\":{\"@type\":\"EntryPoint\",\"urlTemplate\":\"https:\\\/\\\/exaudi.org\\\/?s={search_term_string}\"},\"query-input\":{\"@type\":\"PropertyValueSpecification\",\"valueRequired\":true,\"valueName\":\"search_term_string\"}}],\"inLanguage\":\"es\"},{\"@type\":\"Person\",\"@id\":\"https:\\\/\\\/exaudi.org\\\/#\\\/schema\\\/person\\\/f5fc8f063065e38742da7afe15f25df7\",\"name\":\"Exaudi Redacci\u00f3n\",\"image\":{\"@type\":\"ImageObject\",\"inLanguage\":\"es\",\"@id\":\"https:\\\/\\\/secure.gravatar.com\\\/avatar\\\/fe0f6a059fb68d9b3e11bc5850dd4899b1c7492091a3cb6dd9b01b56ad828be2?s=96&d=mm&r=g\",\"url\":\"https:\\\/\\\/secure.gravatar.com\\\/avatar\\\/fe0f6a059fb68d9b3e11bc5850dd4899b1c7492091a3cb6dd9b01b56ad828be2?s=96&d=mm&r=g\",\"contentUrl\":\"https:\\\/\\\/secure.gravatar.com\\\/avatar\\\/fe0f6a059fb68d9b3e11bc5850dd4899b1c7492091a3cb6dd9b01b56ad828be2?s=96&d=mm&r=g\",\"caption\":\"Exaudi Redacci\u00f3n\"},\"description\":\"\u00bfQu\u00e9 es Exaudi News? Exaudi News es un medio de comunicaci\u00f3n cat\u00f3lico internacional que informa, forma y transforma, diariamente en espa\u00f1ol, ingl\u00e9s e italiano. A trav\u00e9s de noticias, art\u00edculos de an\u00e1lisis y transmisiones en directo de los eventos del Papa, Exaudi busca fortalecer la unidad de los cristianos y contribuir a la evangelizaci\u00f3n del mundo, siempre guiados por la doctrina social de la Iglesia. Trabajamos para acercar la verdad y los valores cristianos a cada rinc\u00f3n del planeta. \u00a1Ay\u00fadanos a transformar el mundo con Exaudi! En Exaudi creemos que la evangelizaci\u00f3n y la informaci\u00f3n de calidad pueden cambiar vidas. Para continuar con nuestra misi\u00f3n y expandir nuestro alcance, necesitamos tu ayuda. Adem\u00e1s, buscamos personas comprometidas que deseen unirse a nuestro equipo. Con tu apoyo, lograremos llegar a m\u00e1s personas, difundir el mensaje de Cristo y reforzar la unidad de los cristianos. \u00bfTe unes a nuestra misi\u00f3n? Para m\u00e1s informaci\u00f3n sobre c\u00f3mo colaborar, visita Exaudi.org\\\/es o cont\u00e1ctanos directamente: info@exaudi.org Exaudi: Informa, forma y transforma.\",\"sameAs\":[\"https:\\\/\\\/www.facebook.com\\\/ExaudiNoticias\\\/\",\"https:\\\/\\\/www.instagram.com\\\/exaudi_noticias\\\/\",\"https:\\\/\\\/x.com\\\/Exaudi_noticias\",\"https:\\\/\\\/www.youtube.com\\\/@exaudicatholicnews\"],\"url\":\"https:\\\/\\\/exaudi.org\\\/es\\\/author\\\/redaccionexaudi\\\/\"}]}<\/script>\n<!-- \/ Yoast SEO plugin. -->","yoast_head_json":{"title":"Sud\u00e1n del Sur: El Papa ayuda a los afectados por las inundaciones &#8211; Exaudi","description":"El Papa Francisco ha ayudado a los afectados por las inundaciones en Sud\u00e1n del Sur en octubre pasado con el env\u00edo de 75.000 d\u00f3lares.","robots":{"index":"index","follow":"follow","max-snippet":"max-snippet:-1","max-image-preview":"max-image-preview:large","max-video-preview":"max-video-preview:-1"},"canonical":"https:\/\/exaudi.org\/es\/sudan-del-sur-el-papa-ayuda-a-los-afectados-por-las-inundaciones\/","og_locale":"es_ES","og_type":"article","og_title":"Sud\u00e1n del Sur: El Papa ayuda a los afectados por las inundaciones &#8211; Exaudi","og_description":"El Papa Francisco ha ayudado a los afectados por las inundaciones en Sud\u00e1n del Sur en octubre pasado con el env\u00edo de 75.000 d\u00f3lares.","og_url":"https:\/\/exaudi.org\/es\/sudan-del-sur-el-papa-ayuda-a-los-afectados-por-las-inundaciones\/","og_site_name":"Exaudi","article_publisher":"https:\/\/www.facebook.com\/ExaudiNews","article_author":"https:\/\/www.facebook.com\/ExaudiNoticias\/","article_published_time":"2021-12-09T15:23:53+00:00","article_modified_time":"2021-12-10T12:09:45+00:00","og_image":[{"width":1280,"height":720,"url":"https:\/\/exaudi.org\/wp-content\/uploads\/2021\/12\/cq5dam.thumbnail.cropped.1500.844-8.jpeg","type":"image\/jpeg"}],"author":"Exaudi Redacci\u00f3n","twitter_card":"summary_large_image","twitter_creator":"@Exaudi_noticias","twitter_site":"@Exaudi_News","twitter_misc":{"Escrito por":"Exaudi Redacci\u00f3n","Tiempo de lectura":"3 minutos"},"schema":{"@context":"https:\/\/schema.org","@graph":[{"@type":"Article","@id":"https:\/\/exaudi.org\/es\/sudan-del-sur-el-papa-ayuda-a-los-afectados-por-las-inundaciones\/#article","isPartOf":{"@id":"https:\/\/exaudi.org\/es\/sudan-del-sur-el-papa-ayuda-a-los-afectados-por-las-inundaciones\/"},"author":{"name":"Exaudi Redacci\u00f3n","@id":"https:\/\/exaudi.org\/#\/schema\/person\/f5fc8f063065e38742da7afe15f25df7"},"headline":"Sud\u00e1n del Sur: El Papa ayuda a los afectados por las inundaciones","datePublished":"2021-12-09T15:23:53+00:00","dateModified":"2021-12-10T12:09:45+00:00","mainEntityOfPage":{"@id":"https:\/\/exaudi.org\/es\/sudan-del-sur-el-papa-ayuda-a-los-afectados-por-las-inundaciones\/"},"wordCount":481,"image":{"@id":"https:\/\/exaudi.org\/es\/sudan-del-sur-el-papa-ayuda-a-los-afectados-por-las-inundaciones\/#primaryimage"},"thumbnailUrl":"https:\/\/exaudi.org\/wp-content\/uploads\/2021\/12\/cq5dam.thumbnail.cropped.1500.844-8.jpeg","keywords":["papa francisco","Sud\u00e1n del Sur"],"articleSection":["Le\u00f3n XIV"],"inLanguage":"es"},{"@type":"WebPage","@id":"https:\/\/exaudi.org\/es\/sudan-del-sur-el-papa-ayuda-a-los-afectados-por-las-inundaciones\/","url":"https:\/\/exaudi.org\/es\/sudan-del-sur-el-papa-ayuda-a-los-afectados-por-las-inundaciones\/","name":"Sud\u00e1n del Sur: El Papa ayuda a los afectados por las inundaciones &#8211; Exaudi","isPartOf":{"@id":"https:\/\/exaudi.org\/#website"},"primaryImageOfPage":{"@id":"https:\/\/exaudi.org\/es\/sudan-del-sur-el-papa-ayuda-a-los-afectados-por-las-inundaciones\/#primaryimage"},"image":{"@id":"https:\/\/exaudi.org\/es\/sudan-del-sur-el-papa-ayuda-a-los-afectados-por-las-inundaciones\/#primaryimage"},"thumbnailUrl":"https:\/\/exaudi.org\/wp-content\/uploads\/2021\/12\/cq5dam.thumbnail.cropped.1500.844-8.jpeg","datePublished":"2021-12-09T15:23:53+00:00","dateModified":"2021-12-10T12:09:45+00:00","author":{"@id":"https:\/\/exaudi.org\/#\/schema\/person\/f5fc8f063065e38742da7afe15f25df7"},"description":"El Papa Francisco ha ayudado a los afectados por las inundaciones en Sud\u00e1n del Sur en octubre pasado con el env\u00edo de 75.000 d\u00f3lares.","breadcrumb":{"@id":"https:\/\/exaudi.org\/es\/sudan-del-sur-el-papa-ayuda-a-los-afectados-por-las-inundaciones\/#breadcrumb"},"inLanguage":"es","potentialAction":[{"@type":"ReadAction","target":["https:\/\/exaudi.org\/es\/sudan-del-sur-el-papa-ayuda-a-los-afectados-por-las-inundaciones\/"]}]},{"@type":"ImageObject","inLanguage":"es","@id":"https:\/\/exaudi.org\/es\/sudan-del-sur-el-papa-ayuda-a-los-afectados-por-las-inundaciones\/#primaryimage","url":"https:\/\/exaudi.org\/wp-content\/uploads\/2021\/12\/cq5dam.thumbnail.cropped.1500.844-8.jpeg","contentUrl":"https:\/\/exaudi.org\/wp-content\/uploads\/2021\/12\/cq5dam.thumbnail.cropped.1500.844-8.jpeg","width":1280,"height":720,"caption":"Inundaciones en Sud\u00e1n del Sur \u00a9 Vatican Media"},{"@type":"BreadcrumbList","@id":"https:\/\/exaudi.org\/es\/sudan-del-sur-el-papa-ayuda-a-los-afectados-por-las-inundaciones\/#breadcrumb","itemListElement":[{"@type":"ListItem","position":1,"name":"Portada","item":"https:\/\/exaudi.org\/es\/"},{"@type":"ListItem","position":2,"name":"Sud\u00e1n del Sur: El Papa ayuda a los afectados por las inundaciones"}]},{"@type":"WebSite","@id":"https:\/\/exaudi.org\/#website","url":"https:\/\/exaudi.org\/","name":"Exaudi","description":"News","potentialAction":[{"@type":"SearchAction","target":{"@type":"EntryPoint","urlTemplate":"https:\/\/exaudi.org\/?s={search_term_string}"},"query-input":{"@type":"PropertyValueSpecification","valueRequired":true,"valueName":"search_term_string"}}],"inLanguage":"es"},{"@type":"Person","@id":"https:\/\/exaudi.org\/#\/schema\/person\/f5fc8f063065e38742da7afe15f25df7","name":"Exaudi Redacci\u00f3n","image":{"@type":"ImageObject","inLanguage":"es","@id":"https:\/\/secure.gravatar.com\/avatar\/fe0f6a059fb68d9b3e11bc5850dd4899b1c7492091a3cb6dd9b01b56ad828be2?s=96&d=mm&r=g","url":"https:\/\/secure.gravatar.com\/avatar\/fe0f6a059fb68d9b3e11bc5850dd4899b1c7492091a3cb6dd9b01b56ad828be2?s=96&d=mm&r=g","contentUrl":"https:\/\/secure.gravatar.com\/avatar\/fe0f6a059fb68d9b3e11bc5850dd4899b1c7492091a3cb6dd9b01b56ad828be2?s=96&d=mm&r=g","caption":"Exaudi Redacci\u00f3n"},"description":"\u00bfQu\u00e9 es Exaudi News? Exaudi News es un medio de comunicaci\u00f3n cat\u00f3lico internacional que informa, forma y transforma, diariamente en espa\u00f1ol, ingl\u00e9s e italiano. A trav\u00e9s de noticias, art\u00edculos de an\u00e1lisis y transmisiones en directo de los eventos del Papa, Exaudi busca fortalecer la unidad de los cristianos y contribuir a la evangelizaci\u00f3n del mundo, siempre guiados por la doctrina social de la Iglesia. Trabajamos para acercar la verdad y los valores cristianos a cada rinc\u00f3n del planeta. \u00a1Ay\u00fadanos a transformar el mundo con Exaudi! En Exaudi creemos que la evangelizaci\u00f3n y la informaci\u00f3n de calidad pueden cambiar vidas. Para continuar con nuestra misi\u00f3n y expandir nuestro alcance, necesitamos tu ayuda. Adem\u00e1s, buscamos personas comprometidas que deseen unirse a nuestro equipo. Con tu apoyo, lograremos llegar a m\u00e1s personas, difundir el mensaje de Cristo y reforzar la unidad de los cristianos. \u00bfTe unes a nuestra misi\u00f3n? Para m\u00e1s informaci\u00f3n sobre c\u00f3mo colaborar, visita Exaudi.org\/es o cont\u00e1ctanos directamente: info@exaudi.org Exaudi: Informa, forma y transforma.","sameAs":["https:\/\/www.facebook.com\/ExaudiNoticias\/","https:\/\/www.instagram.com\/exaudi_noticias\/","https:\/\/x.com\/Exaudi_noticias","https:\/\/www.youtube.com\/@exaudicatholicnews"],"url":"https:\/\/exaudi.org\/es\/author\/redaccionexaudi\/"}]}},"jetpack_featured_media_url":"https:\/\/exaudi.org\/wp-content\/uploads\/2021\/12\/cq5dam.thumbnail.cropped.1500.844-8.jpeg","jetpack_shortlink":"https:\/\/wp.me\/pgKjF2-bKv","_links":{"self":[{"href":"https:\/\/exaudi.org\/es\/wp-json\/wp\/v2\/posts\/45167","targetHints":{"allow":["GET"]}}],"collection":[{"href":"https:\/\/exaudi.org\/es\/wp-json\/wp\/v2\/posts"}],"about":[{"href":"https:\/\/exaudi.org\/es\/wp-json\/wp\/v2\/types\/post"}],"author":[{"embeddable":true,"href":"https:\/\/exaudi.org\/es\/wp-json\/wp\/v2\/users\/15"}],"replies":[{"embeddable":true,"href":"https:\/\/exaudi.org\/es\/wp-json\/wp\/v2\/comments?post=45167"}],"version-history":[{"count":0,"href":"https:\/\/exaudi.org\/es\/wp-json\/wp\/v2\/posts\/45167\/revisions"}],"wp:featuredmedia":[{"embeddable":true,"href":"https:\/\/exaudi.org\/es\/wp-json\/wp\/v2\/media\/45168"}],"wp:attachment":[{"href":"https:\/\/exaudi.org\/es\/wp-json\/wp\/v2\/media?parent=45167"}],"wp:term":[{"taxonomy":"category","embeddable":true,"href":"https:\/\/exaudi.org\/es\/wp-json\/wp\/v2\/categories?post=45167"},{"taxonomy":"post_tag","embeddable":true,"href":"https:\/\/exaudi.org\/es\/wp-json\/wp\/v2\/tags?post=45167"}],"curies":[{"name":"wp","href":"https:\/\/api.w.org\/{rel}","templated":true}]}}