{"id":45116,"date":"2021-12-10T09:56:12","date_gmt":"2021-12-10T08:56:12","guid":{"rendered":"https:\/\/exaudi.org\/?p=45116"},"modified":"2021-12-12T18:31:55","modified_gmt":"2021-12-12T17:31:55","slug":"el-papa-en-grecia-y-chipre-viaje-recordar","status":"publish","type":"post","link":"https:\/\/exaudi.org\/es\/el-papa-en-grecia-y-chipre-viaje-recordar\/","title":{"rendered":"El Papa en Grecia y Chipre, un viaje para recordar"},"content":{"rendered":"<p>La visita apost\u00f3lica del Papa Francisco a <a href=\"https:\/\/exaudi.org\/es\/el-papa-recuerda-con-gratitud-el-viaje-a-chipre-y-grecia\/\" target=\"_blank\" rel=\"noopener\">Grecia y Chipre<\/a> es una visita que se recordar\u00e1.<\/p>\n<p>La directora editorial de Exaudi y corresponsal principal del Vaticano, Deborah Castellano Lubov, estuvo en el vuelo papal y llev\u00f3 a sus lectores una cobertura completa y entrevistas exclusivas del 35\u00ba viaje apost\u00f3lico del Pont\u00edfice al extranjero a estas dos naciones de mayor\u00eda ortodoxa.<\/p>\n<figure id=\"attachment_45251\" aria-describedby=\"caption-attachment-45251\" style=\"width: 560px\" class=\"wp-caption alignnone\"><img loading=\"lazy\" decoding=\"async\" class=\" wp-image-45251\" src=\"https:\/\/exaudi.org\/wp-content\/uploads\/2021\/12\/Disen\u0303o-sin-ti\u0301tulo-9-300x200.jpg\" alt=\"\" width=\"560\" height=\"374\" srcset=\"https:\/\/exaudi.org\/wp-content\/uploads\/2021\/12\/Disen\u0303o-sin-ti\u0301tulo-9-300x200.jpg 300w, https:\/\/exaudi.org\/wp-content\/uploads\/2021\/12\/Disen\u0303o-sin-ti\u0301tulo-9-1024x683.jpg 1024w, https:\/\/exaudi.org\/wp-content\/uploads\/2021\/12\/Disen\u0303o-sin-ti\u0301tulo-9-770x513.jpg 770w, https:\/\/exaudi.org\/wp-content\/uploads\/2021\/12\/Disen\u0303o-sin-ti\u0301tulo-9-360x240.jpg?crop=1 360w, https:\/\/exaudi.org\/wp-content\/uploads\/2021\/12\/Disen\u0303o-sin-ti\u0301tulo-9-500x333.jpg 500w, https:\/\/exaudi.org\/wp-content\/uploads\/2021\/12\/Disen\u0303o-sin-ti\u0301tulo-9-1155x770.jpg 1155w, https:\/\/exaudi.org\/wp-content\/uploads\/2021\/12\/Disen\u0303o-sin-ti\u0301tulo-9-370x247.jpg 370w, https:\/\/exaudi.org\/wp-content\/uploads\/2021\/12\/Disen\u0303o-sin-ti\u0301tulo-9-293x195.jpg 293w, https:\/\/exaudi.org\/wp-content\/uploads\/2021\/12\/Disen\u0303o-sin-ti\u0301tulo-9-1400x933.jpg 1400w, https:\/\/exaudi.org\/wp-content\/uploads\/2021\/12\/Disen\u0303o-sin-ti\u0301tulo-9-120x80.jpg 120w, https:\/\/exaudi.org\/wp-content\/uploads\/2021\/12\/Disen\u0303o-sin-ti\u0301tulo-9-240x160.jpg 240w, https:\/\/exaudi.org\/wp-content\/uploads\/2021\/12\/Disen\u0303o-sin-ti\u0301tulo-9-390x260.jpg 390w, https:\/\/exaudi.org\/wp-content\/uploads\/2021\/12\/Disen\u0303o-sin-ti\u0301tulo-9.jpg 1500w\" sizes=\"auto, (max-width: 560px) 100vw, 560px\" \/><figcaption id=\"caption-attachment-45251\" class=\"wp-caption-text\">La directora editorial de Exaudi, Deborah Castellano Lubov, antes de hablar con el Papa Francisco en el vuelo papal<\/figcaption><\/figure>\n<p>Si bien quienes han seguido los viajes internacionales del Pont\u00edfice no olvidan la indiferencia, o incluso a veces la frialdad, que ha recibido durante sus viajes a los pa\u00edses ortodoxos, se pudo percibir honestamente esta vez una nueva descongelaci\u00f3n del hielo.<\/p>\n<p>A su llegada a Atenas, el Papa se dirigi\u00f3 al presidente y a las autoridades griegas, donde record\u00f3 c\u00f3mo en Grecia \u201cse ampliaron los horizontes del mundo\u201d. Reflexionando tambi\u00e9n sobre la democracia, cuyo concepto se origin\u00f3 en el pa\u00eds, el Papa lament\u00f3 c\u00f3mo la noci\u00f3n de democracia se est\u00e1 deteriorando en todo el mundo.<\/p>\n<blockquote class=\"twitter-tweet\" data-width=\"500\" data-dnt=\"true\">\n<p lang=\"en\" dir=\"ltr\">Pope Francis in Presidential Palace <a href=\"https:\/\/twitter.com\/hashtag\/PopeinGreece?src=hash&amp;ref_src=twsrc%5Etfw\">#PopeinGreece<\/a> <a href=\"https:\/\/twitter.com\/hashtag\/PopeFrancis?src=hash&amp;ref_src=twsrc%5Etfw\">#PopeFrancis<\/a><br \/>(by Exaudi&#39;s <a href=\"https:\/\/twitter.com\/DeborahLubov?ref_src=twsrc%5Etfw\">@DeborahLubov<\/a> ) <a href=\"https:\/\/t.co\/B1IH0rhbIo\">pic.twitter.com\/B1IH0rhbIo<\/a><\/p>\n<p>&mdash; Exaudi (@Exaudi_News) <a href=\"https:\/\/twitter.com\/Exaudi_News\/status\/1467083316629286913?ref_src=twsrc%5Etfw\">December 4, 2021<\/a><\/p><\/blockquote>\n<p><script async src=\"https:\/\/platform.twitter.com\/widgets.js\" charset=\"utf-8\"><\/script><\/p>\n<p>\u201cNo podemos evitar constatar con preocupaci\u00f3n c\u00f3mo hoy, y no s\u00f3lo en Europa\u201d, denunci\u00f3 Francisco, \u201casistimos a un retroceso de la democracia. La democracia requiere participaci\u00f3n e implicaci\u00f3n por parte de todos; en consecuencia, exige trabajo y paciencia&#8230;\u201d Advirti\u00f3 que la democracia, al ser compleja, a menudo se mira de soslayo, por lo que es f\u00e1cil abrir el camino hacia el populismo y el autoritarismo.<\/p>\n<blockquote class=\"twitter-tweet\" data-width=\"500\" data-dnt=\"true\">\n<p lang=\"en\" dir=\"ltr\">Adorable little Greek children waiting to welcome the Pope<a href=\"https:\/\/twitter.com\/hashtag\/PopeinGreece?src=hash&amp;ref_src=twsrc%5Etfw\">#PopeinGreece<\/a> <a href=\"https:\/\/twitter.com\/hashtag\/PopeFrancis?src=hash&amp;ref_src=twsrc%5Etfw\">#PopeFrancis<\/a> (by Exaudi&#39;s <a href=\"https:\/\/twitter.com\/DeborahLubov?ref_src=twsrc%5Etfw\">@DeborahLubov<\/a>) <a href=\"https:\/\/t.co\/94ikW0Rh5D\">pic.twitter.com\/94ikW0Rh5D<\/a><\/p>\n<p>&mdash; Exaudi (@Exaudi_News) <a href=\"https:\/\/twitter.com\/Exaudi_News\/status\/1467761045628461056?ref_src=twsrc%5Etfw\">December 6, 2021<\/a><\/p><\/blockquote>\n<p><script async src=\"https:\/\/platform.twitter.com\/widgets.js\" charset=\"utf-8\"><\/script><\/p>\n<h2><strong>Lleva tu vida ante Dios<\/strong><\/h2>\n<p>El Pont\u00edfice tambi\u00e9n anim\u00f3 a los j\u00f3venes del Colegio San Dionisio, dirigido por las Hermanas Ursulinas, en Marousi, un suburbio al norte de Atenas. El entusiasmo era explosivo all\u00ed por la presencia del Papa. Toda la escuela estaba preparada para recibirlo y un memorable grupo de dulces ni\u00f1as con uniformes de escuela cat\u00f3lica esperaban al Pont\u00edfice con sus m\u00e1scaras. Tambi\u00e9n hubo una actuaci\u00f3n con m\u00fasica y bailes tradicionales griegos una vez que entr\u00f3 el Papa.\u00a0 Despu\u00e9s de los festejos, el Santo Padre exhortaba a los j\u00f3venes y ni\u00f1os a dirigirse siempre al Se\u00f1or.<\/p>\n<p>Antes de rendirse o deprimirse, el Papa Francisco les anim\u00f3 a llevar su vida ante Dios y compartir con \u00c9l sus preocupaciones. Adem\u00e1s, aclar\u00f3, que es normal tener dudas y que no deben ser percibidas como falta de fe, sino como vitaminas de la fe, que pueden fortalecerla y profundizarla.<\/p>\n<blockquote class=\"twitter-tweet\" data-width=\"500\" data-dnt=\"true\">\n<p lang=\"en\" dir=\"ltr\">Festive atmosphere to welcome <a href=\"https:\/\/twitter.com\/hashtag\/PopeinGreece?src=hash&amp;ref_src=twsrc%5Etfw\">#PopeinGreece<\/a>! Traditional music and dance from Greek islands at meeting of <a href=\"https:\/\/twitter.com\/hashtag\/PopeFrancis?src=hash&amp;ref_src=twsrc%5Etfw\">#PopeFrancis<\/a> with young people (Video by Exaudi&#39;s Deborah Lubov) <a href=\"https:\/\/t.co\/0tbAvHpUVP\">pic.twitter.com\/0tbAvHpUVP<\/a><\/p>\n<p>&mdash; Exaudi (@Exaudi_News) <a href=\"https:\/\/twitter.com\/Exaudi_News\/status\/1467781010049966083?ref_src=twsrc%5Etfw\">December 6, 2021<\/a><\/p><\/blockquote>\n<p><script async src=\"https:\/\/platform.twitter.com\/widgets.js\" charset=\"utf-8\"><\/script><\/p>\n<p>Exaudi tambi\u00e9n vio a los ni\u00f1os extasiados por el Papa fuera de la Catedral antes de su encuentro con religiosos, consagrados y seminaristas, antes de que tuviera su tradicional encuentro privado con los jesuitas del pa\u00eds. Los peque\u00f1os que se encontraban fuera de la iglesia agitaban banderas, entonaban cantos de bienvenida y hac\u00edan part\u00edcipe a nuestro peque\u00f1o grupo de prensa para que tambi\u00e9n los pusiera en <em>Facebook y Twitter<\/em>.<\/p>\n<blockquote class=\"twitter-tweet\" data-width=\"500\" data-dnt=\"true\">\n<p lang=\"en\" dir=\"ltr\">Children outside Cathedral thrilled to welcome <a href=\"https:\/\/twitter.com\/hashtag\/PopeinGreece?src=hash&amp;ref_src=twsrc%5Etfw\">#PopeinGreece<\/a><br \/>(\u00a9\ufe0f by Exaudi&#39;s Deborah Lubov) <a href=\"https:\/\/t.co\/QucI95WIpB\">pic.twitter.com\/QucI95WIpB<\/a><\/p>\n<p>&mdash; Exaudi (@Exaudi_News) <a href=\"https:\/\/twitter.com\/Exaudi_News\/status\/1467153303163310082?ref_src=twsrc%5Etfw\">December 4, 2021<\/a><\/p><\/blockquote>\n<p><script async src=\"https:\/\/platform.twitter.com\/widgets.js\" charset=\"utf-8\"><\/script><\/p>\n<p>Durante ese encuentro, el Papa Francisco record\u00f3 c\u00f3mo San Pablo no fue recibido con los brazos abiertos en Grecia, pero c\u00f3mo sigui\u00f3 adelante de todos modos, fortalecido por su confianza en Dios. Sugiri\u00f3 que la peque\u00f1a comunidad cat\u00f3lica de Grecia podr\u00eda identificarse con la no tan c\u00e1lida acogida de Pablo.<\/p>\n<p>\u201cQuiz\u00e1s, muchas veces en el camino, nosotros tambi\u00e9n nos sentimos cansados e incluso frustrados por ser una comunidad peque\u00f1a, una Iglesia con pocos recursos que opera en un clima que no siempre es favorable\u201d, dijo, a\u00f1adiendo: \u201cPensemos en Pablo en Atenas. Estaba solo, en minor\u00eda, no era bienvenido y ten\u00eda pocas posibilidades de \u00e9xito. Pero no se dej\u00f3 vencer por el des\u00e1nimo. No renunci\u00f3 a su misi\u00f3n. Tampoco cedi\u00f3 a la tentaci\u00f3n de quejarse\u201d.<\/p>\n<p>Como San Pablo, que sigui\u00f3 adelante con confianza y coraje, el Papa inst\u00f3 a los cat\u00f3licos de Grecia a ser tambi\u00e9n intr\u00e9pidos. \u201cPablo ten\u00eda esa valent\u00eda. \u00bfDe d\u00f3nde viene? De la confianza en Dios. La suya era la valent\u00eda que nace de la confianza en Dios, que ama realizar grandes cosas a trav\u00e9s de nuestra humildad.\u201d<\/p>\n<h2>Conf\u00eda en \u00c9l y har\u00e1 maravillas<\/h2>\n<p>El Papa Francisco celebrar\u00eda la misa para los cat\u00f3licos de Grecia en un escenario poco convencional, concretamente en una hermosa sala de conciertos, la Sala de Conciertos Megaron para ser exactos, donde les recordar\u00eda que se vuelvan a Cristo, y que cuando confiamos en \u00c9l, \u00c9l hace maravillas.<\/p>\n<blockquote class=\"twitter-tweet\" data-width=\"500\" data-dnt=\"true\">\n<p lang=\"en\" dir=\"ltr\">Mass with Pope Francis in Athens, in its concert hall, begins! <a href=\"https:\/\/twitter.com\/hashtag\/PopeFrancis?src=hash&amp;ref_src=twsrc%5Etfw\">#PopeFrancis<\/a> <a href=\"https:\/\/twitter.com\/hashtag\/PopeinGreece?src=hash&amp;ref_src=twsrc%5Etfw\">#PopeinGreece<\/a> <br \/>(\u00a9\ufe0fExaudi&#39;s Deborah Lubov) <a href=\"https:\/\/t.co\/xlchw7WBuB\">pic.twitter.com\/xlchw7WBuB<\/a><\/p>\n<p>&mdash; Exaudi (@Exaudi_News) <a href=\"https:\/\/twitter.com\/Exaudi_News\/status\/1467524455769513990?ref_src=twsrc%5Etfw\">December 5, 2021<\/a><\/p><\/blockquote>\n<p><script async src=\"https:\/\/platform.twitter.com\/widgets.js\" charset=\"utf-8\"><\/script><\/p>\n<p>\u201cConvertirse -subray\u00f3 Francisco- significa no escuchar a los que ahogan la esperanza, a los que nos dicen que nada cambia en la vida, a los pesimistas de siempre. Significa negarse a creer que estamos destinados a hundirnos en el fango de la mediocridad. \u00a0Significa no rendirse a nuestros miedos interiores, que afloran sobre todo en los momentos de prueba para desanimarnos y decirnos que no lo conseguiremos, que todo ha salido mal y que ser santos no es para nosotros\u201d.<\/p>\n<p>Porque Dios est\u00e1 siempre presente, Francisco dijo que no es as\u00ed.<\/p>\n<p>\u201cTenemos que confiar en \u00c9l -subray\u00f3-, porque es nuestro m\u00e1s all\u00e1, nuestra fuerza. Todo cambia cuando damos el primer lugar al Se\u00f1or. Eso es la conversi\u00f3n. En cuanto a Cristo, s\u00f3lo tenemos que abrir la puerta y dejar que entre y haga sus maravillas. As\u00ed como el desierto y la predicaci\u00f3n de Juan fueron todo lo que se necesit\u00f3 para que Cristo viniera al mundo. El Se\u00f1or no pide nada m\u00e1s\u201d.<\/p>\n<h2>Con los olvidados de Lesbos &#8211;<strong>\u2018Me gustan mucho los cristianos\u2019<\/strong><\/h2>\n<p>Antes, en la isla griega de Lesbos, donde se encuentra el enorme campo de refugiados que el Papa Francisco visit\u00f3 en 2016, fue el momento en el que m\u00faltiples periodistas se acercaron a m\u00ed se\u00f1alando que, durante sus entrevistas, comenzaron a llorar.<\/p>\n<p>Pude entender perfectamente por qu\u00e9&#8230; y experiment\u00e9 ese sentimiento yo mismo&#8230;<\/p>\n<blockquote class=\"twitter-tweet\" data-width=\"500\" data-dnt=\"true\">\n<p lang=\"en\" dir=\"ltr\">Pope personally expresses his closeness to the refugees of Lesbos, walking along a long path to greet many one by one<a href=\"https:\/\/twitter.com\/hashtag\/Lesbos?src=hash&amp;ref_src=twsrc%5Etfw\">#Lesbos<\/a> <a href=\"https:\/\/twitter.com\/hashtag\/PopeinGreece?src=hash&amp;ref_src=twsrc%5Etfw\">#PopeinGreece<\/a> <a href=\"https:\/\/twitter.com\/hashtag\/PopeFrancis?src=hash&amp;ref_src=twsrc%5Etfw\">#PopeFrancis<\/a> (\u00a9\ufe0f Exaudi&#39;s Deborah Lubov) <a href=\"https:\/\/t.co\/42YoedbxmI\">pic.twitter.com\/42YoedbxmI<\/a><\/p>\n<p>&mdash; Exaudi (@Exaudi_News) <a href=\"https:\/\/twitter.com\/Exaudi_News\/status\/1467424388425437186?ref_src=twsrc%5Etfw\">December 5, 2021<\/a><\/p><\/blockquote>\n<p><script async src=\"https:\/\/platform.twitter.com\/widgets.js\" charset=\"utf-8\"><\/script><\/p>\n<p>En este lugar, incluso mientras el Papa volv\u00eda a mostrar su cercan\u00eda a ellos personalmente, saludando a muchos uno por uno, estos individuos han soportado m\u00e1s de lo que uno podr\u00eda saber. Conocimos a muchos refugiados que buscaban asilo desde Siria, Afganist\u00e1n, \u00c1frica e Irak, pero sin mucha suerte.<\/p>\n<p>Sin embargo, lo que me llam\u00f3 la atenci\u00f3n fue la inocencia de los ni\u00f1os, que sonre\u00edan, se re\u00edan y jugaban con un perro callejero, al que llamaban Alex, que decidi\u00f3 sentarse traviesamente en la pasarela por la que caminaba el Papa al entrar en el campamento, para dar sus comentarios.<\/p>\n<p>Desde Afganist\u00e1n hicieron el viaje, en una familia de cinco miembros, cuyo padre, que es musulm\u00e1n, expres\u00f3: \u2018Me gusta mucho la gente cristiana\u2019, llevando con orgullo una cruz al cuello.<\/p>\n<blockquote class=\"twitter-tweet\" data-width=\"500\" data-dnt=\"true\">\n<p lang=\"en\" dir=\"ltr\">This family in <a href=\"https:\/\/twitter.com\/hashtag\/Lesbos?src=hash&amp;ref_src=twsrc%5Etfw\">#Lesbos<\/a> tells Exaudi&#39;s <a href=\"https:\/\/twitter.com\/DeborahLubov?ref_src=twsrc%5Etfw\">@DeborahLubov<\/a> they fled Afghanistan hoping to find an eventual home in Finland, but are living much uncertainty&#8230;<a href=\"https:\/\/twitter.com\/hashtag\/PopeinGreece?src=hash&amp;ref_src=twsrc%5Etfw\">#PopeinGreece<\/a> <a href=\"https:\/\/twitter.com\/hashtag\/PopeFrancis?src=hash&amp;ref_src=twsrc%5Etfw\">#PopeFrancis<\/a> <a href=\"https:\/\/t.co\/MMa0FmLV3a\">pic.twitter.com\/MMa0FmLV3a<\/a><\/p>\n<p>&mdash; Exaudi (@Exaudi_News) <a href=\"https:\/\/twitter.com\/Exaudi_News\/status\/1467417755674628105?ref_src=twsrc%5Etfw\">December 5, 2021<\/a><\/p><\/blockquote>\n<p><script async src=\"https:\/\/platform.twitter.com\/widgets.js\" charset=\"utf-8\"><\/script><\/p>\n<p>Mientras que sobre el Papa dijo en su limitado ingl\u00e9s, \u201cel Papa es un gran [gran] hombre. Me gusta mucho\u201d. Tambi\u00e9n expres\u00f3 que espera llegar a Finlandia.<\/p>\n<p>Tambi\u00e9n de Afganist\u00e1n -se puede ver f\u00e1cilmente esta nueva oleada que llega de esta naci\u00f3n en agitaci\u00f3n- era una joven de diecis\u00e9is a\u00f1os que dijo a Exaudi que lleg\u00f3 con su familia, siete en total, a Lesbos en 2018. \u201cEspero estudiar matem\u00e1ticas\u201d, dijo, se\u00f1alando que si bien se ofrecen algunos cursos en la isla, pero nada adecuado.<\/p>\n<p>En cuanto a las condiciones, admiti\u00f3: \u201cSomos siete personas, en un peque\u00f1o contenedor, sin electricidad. Es muy, muy duro, sobre todo en invierno, cuando hace un fr\u00edo terrible\u201d.<\/p>\n<p>Dijo a Exaudi que esto es mejor que cuando viv\u00edan en el campamento de Moria -que se quem\u00f3-, pero que a\u00fan queda mucho por desear. Por otro lado, un joven camerun\u00e9s, que habla en franc\u00e9s, cuenta que perdi\u00f3 a su mujer en la guerra de Camer\u00fan y que tiene tres hijos. \u201cEste lugar\u201d, se lamenta, \u201cno es lo que han hecho parecer\u201d.<\/p>\n<p>\u201cUn hombre necesita su libertad\u201d, reflexion\u00f3 con franqueza.<\/p>\n<p>Tambi\u00e9n dos j\u00f3venes africanas con trenzas corr\u00edan entre la prensa sonrientes y se alegraban de mostrar una sonrisa y hacerse una foto. A pesar de todo lo que vivieron, sobre todo estos ni\u00f1os, siguen sonriendo y corriendo alegremente en su inocencia, excepto un beb\u00e9 que estaba en brazos y su hermano peque\u00f1o de pie que, dando escalofr\u00edos, ten\u00edan caras de desolaci\u00f3n y desesperaci\u00f3n.<\/p>\n<blockquote class=\"twitter-tweet\" data-width=\"500\" data-dnt=\"true\">\n<p lang=\"en\" dir=\"ltr\"><a href=\"https:\/\/twitter.com\/hashtag\/PopeinGreece?src=hash&amp;ref_src=twsrc%5Etfw\">#PopeinGreece<\/a>: <a href=\"https:\/\/twitter.com\/hashtag\/PopeFrancis?src=hash&amp;ref_src=twsrc%5Etfw\">#PopeFrancis<\/a> has arrived in Athens! Exaudi&#39;s <a href=\"https:\/\/twitter.com\/DeborahLubov?ref_src=twsrc%5Etfw\">@deborahlubov<\/a> is traveling with the Pope on the Papal Flight. <\/p>\n<p>Here&#39;s an Exclusive Interview with Archbishop of Athens, <a href=\"https:\/\/twitter.com\/hashtag\/Theodoros?src=hash&amp;ref_src=twsrc%5Etfw\">#Theodoros<\/a> <a href=\"https:\/\/twitter.com\/hashtag\/Kontidis?src=hash&amp;ref_src=twsrc%5Etfw\">#Kontidis<\/a>, S.J. <a href=\"https:\/\/t.co\/EZdxr26TP3\">https:\/\/t.co\/EZdxr26TP3<\/a><\/p>\n<p>&mdash; Exaudi (@Exaudi_News) <a href=\"https:\/\/twitter.com\/Exaudi_News\/status\/1467126610604314626?ref_src=twsrc%5Etfw\">December 4, 2021<\/a><\/p><\/blockquote>\n<p><script async src=\"https:\/\/platform.twitter.com\/widgets.js\" charset=\"utf-8\"><\/script><\/p>\n<p>El mundo deber\u00eda avergonzarse<\/p>\n<p>En este punto, el Papa en su discurso, dir\u00eda que el mundo deber\u00eda avergonzarse por ser indiferente a los ni\u00f1os que sufren esta realidad.<\/p>\n<p>Tambi\u00e9n observar\u00eda c\u00f3mo el mundo, de alguna manera, se ha unido para trabajar en la lucha contra el cambio clim\u00e1tico, pero que esto a\u00fan no ha sucedido con la migraci\u00f3n.<\/p>\n<p>Exaudi entrevist\u00f3 a los protagonistas del viaje, entre ellos el arzobispo de Atenas, l\u00edder de los cat\u00f3licos de Chipre, el embajador chipriota ante la Santa Sede y el cardenal del Vaticano responsable del ecumenismo. En estas conversaciones en profundidad, arrojan luz sobre la realidad de estas naciones.<\/p>\n<p><strong>No siempre son bienvenidos<\/strong><\/p>\n<p>Por ejemplo, el arzobispo de Atenas, Theodoros Kontidis, S.J., aplaudi\u00f3 los avances logrados entre cat\u00f3licos y ortodoxos en Grecia, pero tambi\u00e9n lament\u00f3 que ning\u00fan obispo ortodoxo del pa\u00eds se arriesgara, por acercarse a los cat\u00f3licos, a un disgusto interno.<\/p>\n<p>De hecho, cuando Exaudi form\u00f3 parte de un grupo de prensa muy restringido para el encuentro del Papa con Su Beatitud, Jer\u00f3nimo II, Primado de Atenas y toda Grecia, se percibi\u00f3 inicialmente una cierta frialdad en la sala mientras sus respectivas delegaciones esperaban a sus l\u00edderes, que sin embargo se calent\u00f3 en momentos agradables y sonrientes entre el Pont\u00edfice y el Arzobispo.<\/p>\n<blockquote class=\"twitter-tweet\" data-width=\"500\" data-dnt=\"true\">\n<p lang=\"en\" dir=\"ltr\"><a href=\"https:\/\/twitter.com\/hashtag\/PopeinGreece?src=hash&amp;ref_src=twsrc%5Etfw\">#PopeinGreece<\/a> with His Beatitude Hieronymos II, Archbishop of Athens and All Greece<br \/>(\u00a9\ufe0f Exaudi&#39;s <a href=\"https:\/\/twitter.com\/DeborahLubov?ref_src=twsrc%5Etfw\">@DeborahLubov<\/a> traveling on papal flight with <a href=\"https:\/\/twitter.com\/hashtag\/PopeFrancis?src=hash&amp;ref_src=twsrc%5Etfw\">#PopeFrancis<\/a>) <a href=\"https:\/\/t.co\/fImSDTUb1F\">pic.twitter.com\/fImSDTUb1F<\/a><\/p>\n<p>&mdash; Exaudi (@Exaudi_News) <a href=\"https:\/\/twitter.com\/Exaudi_News\/status\/1467149662834634758?ref_src=twsrc%5Etfw\">December 4, 2021<\/a><\/p><\/blockquote>\n<p><script async src=\"https:\/\/platform.twitter.com\/widgets.js\" charset=\"utf-8\"><\/script><\/p>\n<p>Sin embargo, esta cordialidad sigui\u00f3 a la menci\u00f3n que hizo Jer\u00f3nimo de las formas en que los cat\u00f3licos hist\u00f3ricamente no siempre hab\u00edan tratado bien a los ortodoxos, y fue seguida por la disculpa del Pont\u00edfice.<\/p>\n<p>Sin embargo, no todos estaban tan entusiasmados con la presencia del Papa, como demostr\u00f3 un anciano sacerdote ortodoxo que nuestro restringido grupo de prensa vio esperando fuera alterado, en ese momento en silencio, que, al entrar el Papa, grit\u00f3 en griego: \u201cPapa, eres un hereje\u201d. La polic\u00eda griega, preocupada, intervino y el hombre cay\u00f3 al suelo.<\/p>\n<blockquote class=\"twitter-tweet\" data-width=\"500\" data-dnt=\"true\">\n<p lang=\"en\" dir=\"ltr\"><a href=\"https:\/\/twitter.com\/hashtag\/PopeinGreece?src=hash&amp;ref_src=twsrc%5Etfw\">#PopeinGreece<\/a> arrives\u00a0at the Orthodox Archbishopric of Greece in Athens for courtesy visit to His Beatitude Hieronymos II, Archbishop of Athens and All Greece<br \/>(\u00a9\ufe0f Exaudi&#39;s <a href=\"https:\/\/twitter.com\/DeborahLubov?ref_src=twsrc%5Etfw\">@DeborahLubov<\/a> traveling on papal flight with <a href=\"https:\/\/twitter.com\/hashtag\/PopeFrancis?src=hash&amp;ref_src=twsrc%5Etfw\">#PopeFrancis<\/a>) <a href=\"https:\/\/t.co\/B9UhtnuvM1\">pic.twitter.com\/B9UhtnuvM1<\/a><\/p>\n<p>&mdash; Exaudi (@Exaudi_News) <a href=\"https:\/\/twitter.com\/Exaudi_News\/status\/1467140965613940745?ref_src=twsrc%5Etfw\">December 4, 2021<\/a><\/p><\/blockquote>\n<p><script async src=\"https:\/\/platform.twitter.com\/widgets.js\" charset=\"utf-8\"><\/script><\/p>\n<h2>Chipre, por la unidad<\/h2>\n<p>En una entrevista, el cardenal Kurt Koch, presidente del <a href=\"http:\/\/www.christianunity.va\/content\/unitacristiani\/it.html\" target=\"_blank\" rel=\"noopener\">Consejo Pontificio para la Promoci\u00f3n de la Unidad de los Cristianos,<\/a> tambi\u00e9n dijo a Exaudi que este viaje contribuir\u00eda a superar mejor los obst\u00e1culos hist\u00f3ricos y a reforzar y redescubrir la unidad entre cat\u00f3licos y ortodoxos.<\/p>\n<p>Sin embargo, tampoco hay que subestimar la importancia de la visita del Pont\u00edfice a Chipre, donde el Papa acudi\u00f3 para promover la unidad de la naci\u00f3n dividida, cuyo tercio norte est\u00e1 ocupado por los turcochipriotas, dejando a los grecochipriotas los dos tercios inferiores.<\/p>\n<p>Dirigi\u00e9ndose a las autoridades a su llegada al Palacio Presidencial, el Pont\u00edfice lament\u00f3 la divisi\u00f3n e hizo un llamamiento al di\u00e1logo y a los esfuerzos por la paz para reparar \u201cla laceraci\u00f3n\u201d. Exaudi estuvo all\u00ed y presenci\u00f3 la gran acogida al Pont\u00edfice y los agradables intercambios entre \u00e9l y el presidente.<\/p>\n<blockquote class=\"twitter-tweet\" data-width=\"500\" data-dnt=\"true\">\n<p lang=\"en\" dir=\"ltr\"><a href=\"https:\/\/twitter.com\/hashtag\/PopeinCyprus?src=hash&amp;ref_src=twsrc%5Etfw\">#PopeinCyprus<\/a>: <a href=\"https:\/\/twitter.com\/hashtag\/PopeFrancis?src=hash&amp;ref_src=twsrc%5Etfw\">#PopeFrancis<\/a> at Presidential Palace in Cyprus (Video \u00a9\ufe0fDeborah Lubov) <a href=\"https:\/\/t.co\/hCOHEPbTuX\">pic.twitter.com\/hCOHEPbTuX<\/a><\/p>\n<p>&mdash; Exaudi (@Exaudi_News) <a href=\"https:\/\/twitter.com\/Exaudi_News\/status\/1466436900168814593?ref_src=twsrc%5Etfw\">December 2, 2021<\/a><\/p><\/blockquote>\n<p><script async src=\"https:\/\/platform.twitter.com\/widgets.js\" charset=\"utf-8\"><\/script><\/p>\n<p>\u201cLa mayor herida que ha sufrido esta tierra -dijo el Papa- ha sido la terrible laceraci\u00f3n que ha padecido en las \u00faltimas d\u00e9cadas. Pienso en el profundo sufrimiento de todas esas personas que no pueden volver a sus casas y a sus lugares de culto.\u201d<\/p>\n<p>Desde la invasi\u00f3n turca de 1974, Chipre est\u00e1 dividida en dos. Es la \u00fanica capital europea que est\u00e1 dividida en dos, en una parte norte y otra sur. Muchos conocedores expresaron su convicci\u00f3n de que Francisco ha venido a impulsar el di\u00e1logo y la unidad.<\/p>\n<p>En la conversaci\u00f3n exclusiva de Exaudi con el padre Gjerzy Kraj, Vicario Patriarcal para Chipre del Patriarcado Latino de Jerusal\u00e9n, explic\u00f3 c\u00f3mo no hay ning\u00fan sacerdote cat\u00f3lico en el norte y c\u00f3mo trabajan para pastorear a los cat\u00f3licos del norte, a pesar de todas las dificultades.<\/p>\n<blockquote class=\"twitter-tweet\" data-width=\"500\" data-dnt=\"true\">\n<p lang=\"en\" dir=\"ltr\">Pope Francis has landed in Cyprus!<\/p>\n<p>Here is Exaudi&#39;s Exclusive Interview with the leader of Cyprus&#39; Catholic community, Father <a href=\"https:\/\/twitter.com\/hashtag\/Jerzy?src=hash&amp;ref_src=twsrc%5Etfw\">#Jerzy<\/a> <a href=\"https:\/\/twitter.com\/hashtag\/Kraj?src=hash&amp;ref_src=twsrc%5Etfw\">#Kraj<\/a>, Patriarchal Vicar for <a href=\"https:\/\/twitter.com\/hashtag\/Cyprus?src=hash&amp;ref_src=twsrc%5Etfw\">#Cyprus<\/a> of Latin Patriarchate of Jerusalem <a href=\"https:\/\/twitter.com\/hashtag\/PopeinCyprus?src=hash&amp;ref_src=twsrc%5Etfw\">#PopeinCyprus<\/a> (Exaudi is traveling with the Pope) <a href=\"https:\/\/t.co\/e5oGMRl0b7\">https:\/\/t.co\/e5oGMRl0b7<\/a><\/p>\n<p>&mdash; Exaudi (@Exaudi_News) <a href=\"https:\/\/twitter.com\/Exaudi_News\/status\/1466419111416799236?ref_src=twsrc%5Etfw\">December 2, 2021<\/a><\/p><\/blockquote>\n<p><script async src=\"https:\/\/platform.twitter.com\/widgets.js\" charset=\"utf-8\"><\/script><\/p>\n<p>Tambi\u00e9n el Pont\u00edfice es muy consciente de la migraci\u00f3n en el pa\u00eds ortodoxo y de su compleja composici\u00f3n cultural. En la misa que el Pont\u00edfice celebr\u00f3 en Chipre, se pudo ver a numerosos fieles, de los cuales casi no son nativos de Chipre, y que en cambio son de Filipinas y de todas partes. En su homil\u00eda subray\u00f3 la necesidad de mirar m\u00e1s all\u00e1 del grupo o comunidad de cada uno, pues de lo contrario nunca habr\u00e1 unidad en la Iglesia.<\/p>\n<p>El embajador de Chipre ante la Santa Sede, George Poulides, tambi\u00e9n dijo a Exaudi que la opini\u00f3n de Francisco en el pa\u00eds es favorable y que este viaje deber\u00eda contribuir a la unidad.<\/p>\n<p>\u201cLos grecochipriotas y los turcochipriotas son hermanos, v\u00edctimas de una agresi\u00f3n militar\u201d, afirm\u00f3 Poulides, se\u00f1alando que \u201cChipre necesita el mensaje imparcial de paz del Papa, dada la dif\u00edcil situaci\u00f3n que vive la isla en su zona ocupada.\u201d Este mensaje, Francisco lo transmiti\u00f3 durante toda su estancia en la naci\u00f3n insular.<\/p>\n<blockquote class=\"twitter-tweet\" data-width=\"500\" data-dnt=\"true\">\n<p lang=\"en\" dir=\"ltr\"><a href=\"https:\/\/twitter.com\/hashtag\/PopeFrancis?src=hash&amp;ref_src=twsrc%5Etfw\">#PopeFrancis<\/a> is leaving Cyprus, and departing soon for Athens, Greece. Exaudi and these other papal flight journalists are getting ready to travel again with the Pope. <a href=\"https:\/\/twitter.com\/hashtag\/PopeinGreece?src=hash&amp;ref_src=twsrc%5Etfw\">#PopeinGreece<\/a> <a href=\"https:\/\/twitter.com\/hashtag\/PopeinCyprus?src=hash&amp;ref_src=twsrc%5Etfw\">#PopeinCyprus<\/a> (\u00a9\ufe0f Exaudi&#39;s Deborah Lubov on the Papal Flight) <a href=\"https:\/\/t.co\/tpBpVDjCyh\">pic.twitter.com\/tpBpVDjCyh<\/a><\/p>\n<p>&mdash; Exaudi (@Exaudi_News) <a href=\"https:\/\/twitter.com\/Exaudi_News\/status\/1467024548574945281?ref_src=twsrc%5Etfw\">December 4, 2021<\/a><\/p><\/blockquote>\n<p><script async src=\"https:\/\/platform.twitter.com\/widgets.js\" charset=\"utf-8\"><\/script><\/p>\n<p>Al recordar esta visita, uno se acuerda de la resistencia del Papa Francisco y de su cercan\u00eda personal a personas que, de otro modo, podr\u00edan haberse sentido abandonadas. Adem\u00e1s, mientras Exaudi observaba al Papa reflexionar sobre la visita en su vuelo de regreso a Roma, uno pod\u00eda sentir que veremos mucho m\u00e1s de este compromiso y energ\u00eda en el futuro.<\/p>\n","protected":false},"excerpt":{"rendered":"<p>Exaudi estuvo con el Pont\u00edfice en el vuelo papal<\/p>\n","protected":false},"author":3,"featured_media":45254,"comment_status":"closed","ping_status":"closed","sticky":false,"template":"","format":"standard","meta":{"_acf_changed":false,"_crdt_document":"","inline_featured_image":false,"footnotes":""},"categories":[72,68,126],"tags":[2647,4395,158,4953],"class_list":["post-45116","post","type-post","status-publish","format-standard","has-post-thumbnail","hentry","category-analisis","category-leon-xiv","category-viajes-papales","tag-chipre","tag-grecia","tag-papa-francisco","tag-trending-es"],"acf":[],"yoast_head":"<!-- This site is optimized with the Yoast SEO plugin v27.4 - https:\/\/yoast.com\/product\/yoast-seo-wordpress\/ -->\n<title>El Papa en Grecia y Chipre, un viaje para recordar &#8211; Exaudi<\/title>\n<meta name=\"description\" content=\"El Papa en Grecia y Chipre, para ser recordado - Exaudi trajo en exclusiva el viaje con el Pont\u00edfice en el vuelo papal.\" \/>\n<meta name=\"robots\" content=\"index, follow, max-snippet:-1, max-image-preview:large, max-video-preview:-1\" \/>\n<link rel=\"canonical\" href=\"https:\/\/exaudi.org\/es\/el-papa-en-grecia-y-chipre-viaje-recordar\/\" \/>\n<meta property=\"og:locale\" content=\"es_ES\" \/>\n<meta property=\"og:type\" content=\"article\" \/>\n<meta property=\"og:title\" content=\"El Papa en Grecia y Chipre, un viaje para recordar &#8211; Exaudi\" \/>\n<meta property=\"og:description\" content=\"El Papa en Grecia y Chipre, para ser recordado - Exaudi trajo en exclusiva el viaje con el Pont\u00edfice en el vuelo papal.\" \/>\n<meta property=\"og:url\" content=\"https:\/\/exaudi.org\/es\/el-papa-en-grecia-y-chipre-viaje-recordar\/\" \/>\n<meta property=\"og:site_name\" content=\"Exaudi\" \/>\n<meta property=\"article:publisher\" content=\"https:\/\/www.facebook.com\/ExaudiNews\" \/>\n<meta property=\"article:published_time\" content=\"2021-12-10T08:56:12+00:00\" \/>\n<meta property=\"article:modified_time\" content=\"2021-12-12T17:31:55+00:00\" \/>\n<meta property=\"og:image\" content=\"https:\/\/exaudi.org\/wp-content\/uploads\/2021\/12\/cq5dam.thumbnail.cropped.750.422-62-1.jpeg\" \/>\n\t<meta property=\"og:image:width\" content=\"750\" \/>\n\t<meta property=\"og:image:height\" content=\"422\" \/>\n\t<meta property=\"og:image:type\" content=\"image\/jpeg\" \/>\n<meta name=\"author\" content=\"Deborah Castellano Lubov\" \/>\n<meta name=\"twitter:card\" content=\"summary_large_image\" \/>\n<meta name=\"twitter:creator\" content=\"@Exaudi_News\" \/>\n<meta name=\"twitter:site\" content=\"@Exaudi_News\" \/>\n<meta name=\"twitter:label1\" content=\"Escrito por\" \/>\n\t<meta name=\"twitter:data1\" content=\"Deborah Castellano Lubov\" \/>\n\t<meta name=\"twitter:label2\" content=\"Tiempo de lectura\" \/>\n\t<meta name=\"twitter:data2\" content=\"10 minutos\" \/>\n<script type=\"application\/ld+json\" class=\"yoast-schema-graph\">{\"@context\":\"https:\\\/\\\/schema.org\",\"@graph\":[{\"@type\":\"Article\",\"@id\":\"https:\\\/\\\/exaudi.org\\\/es\\\/el-papa-en-grecia-y-chipre-viaje-recordar\\\/#article\",\"isPartOf\":{\"@id\":\"https:\\\/\\\/exaudi.org\\\/es\\\/el-papa-en-grecia-y-chipre-viaje-recordar\\\/\"},\"author\":{\"name\":\"Deborah Castellano Lubov\",\"@id\":\"https:\\\/\\\/exaudi.org\\\/#\\\/schema\\\/person\\\/ca36230f63b85cb8badafaa15f06d602\"},\"headline\":\"El Papa en Grecia y Chipre, un viaje para recordar\",\"datePublished\":\"2021-12-10T08:56:12+00:00\",\"dateModified\":\"2021-12-12T17:31:55+00:00\",\"mainEntityOfPage\":{\"@id\":\"https:\\\/\\\/exaudi.org\\\/es\\\/el-papa-en-grecia-y-chipre-viaje-recordar\\\/\"},\"wordCount\":2393,\"image\":{\"@id\":\"https:\\\/\\\/exaudi.org\\\/es\\\/el-papa-en-grecia-y-chipre-viaje-recordar\\\/#primaryimage\"},\"thumbnailUrl\":\"https:\\\/\\\/exaudi.org\\\/wp-content\\\/uploads\\\/2021\\\/12\\\/cq5dam.thumbnail.cropped.750.422-62-1.jpeg\",\"keywords\":[\"Chipre\",\"Grecia\",\"papa francisco\",\"Trending\"],\"articleSection\":[\"An\u00e1lisis\",\"Le\u00f3n XIV\",\"Viajes Papales\"],\"inLanguage\":\"es\"},{\"@type\":\"WebPage\",\"@id\":\"https:\\\/\\\/exaudi.org\\\/es\\\/el-papa-en-grecia-y-chipre-viaje-recordar\\\/\",\"url\":\"https:\\\/\\\/exaudi.org\\\/es\\\/el-papa-en-grecia-y-chipre-viaje-recordar\\\/\",\"name\":\"El Papa en Grecia y Chipre, un viaje para recordar &#8211; Exaudi\",\"isPartOf\":{\"@id\":\"https:\\\/\\\/exaudi.org\\\/#website\"},\"primaryImageOfPage\":{\"@id\":\"https:\\\/\\\/exaudi.org\\\/es\\\/el-papa-en-grecia-y-chipre-viaje-recordar\\\/#primaryimage\"},\"image\":{\"@id\":\"https:\\\/\\\/exaudi.org\\\/es\\\/el-papa-en-grecia-y-chipre-viaje-recordar\\\/#primaryimage\"},\"thumbnailUrl\":\"https:\\\/\\\/exaudi.org\\\/wp-content\\\/uploads\\\/2021\\\/12\\\/cq5dam.thumbnail.cropped.750.422-62-1.jpeg\",\"datePublished\":\"2021-12-10T08:56:12+00:00\",\"dateModified\":\"2021-12-12T17:31:55+00:00\",\"author\":{\"@id\":\"https:\\\/\\\/exaudi.org\\\/#\\\/schema\\\/person\\\/ca36230f63b85cb8badafaa15f06d602\"},\"description\":\"El Papa en Grecia y Chipre, para ser recordado - Exaudi trajo en exclusiva el viaje con el Pont\u00edfice en el vuelo papal.\",\"breadcrumb\":{\"@id\":\"https:\\\/\\\/exaudi.org\\\/es\\\/el-papa-en-grecia-y-chipre-viaje-recordar\\\/#breadcrumb\"},\"inLanguage\":\"es\",\"potentialAction\":[{\"@type\":\"ReadAction\",\"target\":[\"https:\\\/\\\/exaudi.org\\\/es\\\/el-papa-en-grecia-y-chipre-viaje-recordar\\\/\"]}]},{\"@type\":\"ImageObject\",\"inLanguage\":\"es\",\"@id\":\"https:\\\/\\\/exaudi.org\\\/es\\\/el-papa-en-grecia-y-chipre-viaje-recordar\\\/#primaryimage\",\"url\":\"https:\\\/\\\/exaudi.org\\\/wp-content\\\/uploads\\\/2021\\\/12\\\/cq5dam.thumbnail.cropped.750.422-62-1.jpeg\",\"contentUrl\":\"https:\\\/\\\/exaudi.org\\\/wp-content\\\/uploads\\\/2021\\\/12\\\/cq5dam.thumbnail.cropped.750.422-62-1.jpeg\",\"width\":750,\"height\":422,\"caption\":\"El Papa se encuentra con los j\u00f3venes en la escuela San Dionisio de las hermanas ursulinas de Marusi en Atenas \u00a9 Vatican Media\"},{\"@type\":\"BreadcrumbList\",\"@id\":\"https:\\\/\\\/exaudi.org\\\/es\\\/el-papa-en-grecia-y-chipre-viaje-recordar\\\/#breadcrumb\",\"itemListElement\":[{\"@type\":\"ListItem\",\"position\":1,\"name\":\"Portada\",\"item\":\"https:\\\/\\\/exaudi.org\\\/es\\\/\"},{\"@type\":\"ListItem\",\"position\":2,\"name\":\"El Papa en Grecia y Chipre, un viaje para recordar\"}]},{\"@type\":\"WebSite\",\"@id\":\"https:\\\/\\\/exaudi.org\\\/#website\",\"url\":\"https:\\\/\\\/exaudi.org\\\/\",\"name\":\"Exaudi\",\"description\":\"News\",\"potentialAction\":[{\"@type\":\"SearchAction\",\"target\":{\"@type\":\"EntryPoint\",\"urlTemplate\":\"https:\\\/\\\/exaudi.org\\\/?s={search_term_string}\"},\"query-input\":{\"@type\":\"PropertyValueSpecification\",\"valueRequired\":true,\"valueName\":\"search_term_string\"}}],\"inLanguage\":\"es\"},{\"@type\":\"Person\",\"@id\":\"https:\\\/\\\/exaudi.org\\\/#\\\/schema\\\/person\\\/ca36230f63b85cb8badafaa15f06d602\",\"name\":\"Deborah Castellano Lubov\",\"image\":{\"@type\":\"ImageObject\",\"inLanguage\":\"es\",\"@id\":\"https:\\\/\\\/secure.gravatar.com\\\/avatar\\\/1634e49afca8a60560a6701011a51b43f0e7362f22afa1fa6c37dfb70bd8d6a8?s=96&d=mm&r=g\",\"url\":\"https:\\\/\\\/secure.gravatar.com\\\/avatar\\\/1634e49afca8a60560a6701011a51b43f0e7362f22afa1fa6c37dfb70bd8d6a8?s=96&d=mm&r=g\",\"contentUrl\":\"https:\\\/\\\/secure.gravatar.com\\\/avatar\\\/1634e49afca8a60560a6701011a51b43f0e7362f22afa1fa6c37dfb70bd8d6a8?s=96&d=mm&r=g\",\"caption\":\"Deborah Castellano Lubov\"},\"description\":\"Deborah Castellano Lubov is Editorial Director &amp; Senior Vatican &amp; Rome Correspondent for EXAUDI (&amp; Prior, for ZENIT); Author of 'The Other Francis' ('L'Altro Francesco') featuring interviews with those closest to the Pope and preface by Vatican Secretary of State Cardinal Parolin (currently published in 5 languages); Deborah is also NBC &amp; MSNBC Vatican Analyst. She often covers the Pope's travels abroad, often from the Papal Flight (including for historic trips such as to Abu Dhabi and Japan &amp; Thailand), and has also asked him questions on the return-flight press conference on behalf of the English-speaking press present. Lubov has done much TV &amp; radio commentary, including for NBC, Sky, EWTN, BBC, Vatican Radio, AP, Reuters and more. She also has contributed to various books on the Pope and has written for various Catholic publications. For 'The Other Francis': http:\\\/\\\/www.gracewing.co.uk\\\/page219.html or https:\\\/\\\/www.amazon.com\\\/Other-Francis-Everything-They-about\\\/dp\\\/0852449348\\\/\",\"url\":\"https:\\\/\\\/exaudi.org\\\/es\\\/author\\\/dlubovexaudi-org\\\/\"}]}<\/script>\n<!-- \/ Yoast SEO plugin. -->","yoast_head_json":{"title":"El Papa en Grecia y Chipre, un viaje para recordar &#8211; Exaudi","description":"El Papa en Grecia y Chipre, para ser recordado - Exaudi trajo en exclusiva el viaje con el Pont\u00edfice en el vuelo papal.","robots":{"index":"index","follow":"follow","max-snippet":"max-snippet:-1","max-image-preview":"max-image-preview:large","max-video-preview":"max-video-preview:-1"},"canonical":"https:\/\/exaudi.org\/es\/el-papa-en-grecia-y-chipre-viaje-recordar\/","og_locale":"es_ES","og_type":"article","og_title":"El Papa en Grecia y Chipre, un viaje para recordar &#8211; Exaudi","og_description":"El Papa en Grecia y Chipre, para ser recordado - Exaudi trajo en exclusiva el viaje con el Pont\u00edfice en el vuelo papal.","og_url":"https:\/\/exaudi.org\/es\/el-papa-en-grecia-y-chipre-viaje-recordar\/","og_site_name":"Exaudi","article_publisher":"https:\/\/www.facebook.com\/ExaudiNews","article_published_time":"2021-12-10T08:56:12+00:00","article_modified_time":"2021-12-12T17:31:55+00:00","og_image":[{"width":750,"height":422,"url":"https:\/\/exaudi.org\/wp-content\/uploads\/2021\/12\/cq5dam.thumbnail.cropped.750.422-62-1.jpeg","type":"image\/jpeg"}],"author":"Deborah Castellano Lubov","twitter_card":"summary_large_image","twitter_creator":"@Exaudi_News","twitter_site":"@Exaudi_News","twitter_misc":{"Escrito por":"Deborah Castellano Lubov","Tiempo de lectura":"10 minutos"},"schema":{"@context":"https:\/\/schema.org","@graph":[{"@type":"Article","@id":"https:\/\/exaudi.org\/es\/el-papa-en-grecia-y-chipre-viaje-recordar\/#article","isPartOf":{"@id":"https:\/\/exaudi.org\/es\/el-papa-en-grecia-y-chipre-viaje-recordar\/"},"author":{"name":"Deborah Castellano Lubov","@id":"https:\/\/exaudi.org\/#\/schema\/person\/ca36230f63b85cb8badafaa15f06d602"},"headline":"El Papa en Grecia y Chipre, un viaje para recordar","datePublished":"2021-12-10T08:56:12+00:00","dateModified":"2021-12-12T17:31:55+00:00","mainEntityOfPage":{"@id":"https:\/\/exaudi.org\/es\/el-papa-en-grecia-y-chipre-viaje-recordar\/"},"wordCount":2393,"image":{"@id":"https:\/\/exaudi.org\/es\/el-papa-en-grecia-y-chipre-viaje-recordar\/#primaryimage"},"thumbnailUrl":"https:\/\/exaudi.org\/wp-content\/uploads\/2021\/12\/cq5dam.thumbnail.cropped.750.422-62-1.jpeg","keywords":["Chipre","Grecia","papa francisco","Trending"],"articleSection":["An\u00e1lisis","Le\u00f3n XIV","Viajes Papales"],"inLanguage":"es"},{"@type":"WebPage","@id":"https:\/\/exaudi.org\/es\/el-papa-en-grecia-y-chipre-viaje-recordar\/","url":"https:\/\/exaudi.org\/es\/el-papa-en-grecia-y-chipre-viaje-recordar\/","name":"El Papa en Grecia y Chipre, un viaje para recordar &#8211; Exaudi","isPartOf":{"@id":"https:\/\/exaudi.org\/#website"},"primaryImageOfPage":{"@id":"https:\/\/exaudi.org\/es\/el-papa-en-grecia-y-chipre-viaje-recordar\/#primaryimage"},"image":{"@id":"https:\/\/exaudi.org\/es\/el-papa-en-grecia-y-chipre-viaje-recordar\/#primaryimage"},"thumbnailUrl":"https:\/\/exaudi.org\/wp-content\/uploads\/2021\/12\/cq5dam.thumbnail.cropped.750.422-62-1.jpeg","datePublished":"2021-12-10T08:56:12+00:00","dateModified":"2021-12-12T17:31:55+00:00","author":{"@id":"https:\/\/exaudi.org\/#\/schema\/person\/ca36230f63b85cb8badafaa15f06d602"},"description":"El Papa en Grecia y Chipre, para ser recordado - Exaudi trajo en exclusiva el viaje con el Pont\u00edfice en el vuelo papal.","breadcrumb":{"@id":"https:\/\/exaudi.org\/es\/el-papa-en-grecia-y-chipre-viaje-recordar\/#breadcrumb"},"inLanguage":"es","potentialAction":[{"@type":"ReadAction","target":["https:\/\/exaudi.org\/es\/el-papa-en-grecia-y-chipre-viaje-recordar\/"]}]},{"@type":"ImageObject","inLanguage":"es","@id":"https:\/\/exaudi.org\/es\/el-papa-en-grecia-y-chipre-viaje-recordar\/#primaryimage","url":"https:\/\/exaudi.org\/wp-content\/uploads\/2021\/12\/cq5dam.thumbnail.cropped.750.422-62-1.jpeg","contentUrl":"https:\/\/exaudi.org\/wp-content\/uploads\/2021\/12\/cq5dam.thumbnail.cropped.750.422-62-1.jpeg","width":750,"height":422,"caption":"El Papa se encuentra con los j\u00f3venes en la escuela San Dionisio de las hermanas ursulinas de Marusi en Atenas \u00a9 Vatican Media"},{"@type":"BreadcrumbList","@id":"https:\/\/exaudi.org\/es\/el-papa-en-grecia-y-chipre-viaje-recordar\/#breadcrumb","itemListElement":[{"@type":"ListItem","position":1,"name":"Portada","item":"https:\/\/exaudi.org\/es\/"},{"@type":"ListItem","position":2,"name":"El Papa en Grecia y Chipre, un viaje para recordar"}]},{"@type":"WebSite","@id":"https:\/\/exaudi.org\/#website","url":"https:\/\/exaudi.org\/","name":"Exaudi","description":"News","potentialAction":[{"@type":"SearchAction","target":{"@type":"EntryPoint","urlTemplate":"https:\/\/exaudi.org\/?s={search_term_string}"},"query-input":{"@type":"PropertyValueSpecification","valueRequired":true,"valueName":"search_term_string"}}],"inLanguage":"es"},{"@type":"Person","@id":"https:\/\/exaudi.org\/#\/schema\/person\/ca36230f63b85cb8badafaa15f06d602","name":"Deborah Castellano Lubov","image":{"@type":"ImageObject","inLanguage":"es","@id":"https:\/\/secure.gravatar.com\/avatar\/1634e49afca8a60560a6701011a51b43f0e7362f22afa1fa6c37dfb70bd8d6a8?s=96&d=mm&r=g","url":"https:\/\/secure.gravatar.com\/avatar\/1634e49afca8a60560a6701011a51b43f0e7362f22afa1fa6c37dfb70bd8d6a8?s=96&d=mm&r=g","contentUrl":"https:\/\/secure.gravatar.com\/avatar\/1634e49afca8a60560a6701011a51b43f0e7362f22afa1fa6c37dfb70bd8d6a8?s=96&d=mm&r=g","caption":"Deborah Castellano Lubov"},"description":"Deborah Castellano Lubov is Editorial Director &amp; Senior Vatican &amp; Rome Correspondent for EXAUDI (&amp; Prior, for ZENIT); Author of 'The Other Francis' ('L'Altro Francesco') featuring interviews with those closest to the Pope and preface by Vatican Secretary of State Cardinal Parolin (currently published in 5 languages); Deborah is also NBC &amp; MSNBC Vatican Analyst. She often covers the Pope's travels abroad, often from the Papal Flight (including for historic trips such as to Abu Dhabi and Japan &amp; Thailand), and has also asked him questions on the return-flight press conference on behalf of the English-speaking press present. Lubov has done much TV &amp; radio commentary, including for NBC, Sky, EWTN, BBC, Vatican Radio, AP, Reuters and more. She also has contributed to various books on the Pope and has written for various Catholic publications. For 'The Other Francis': http:\/\/www.gracewing.co.uk\/page219.html or https:\/\/www.amazon.com\/Other-Francis-Everything-They-about\/dp\/0852449348\/","url":"https:\/\/exaudi.org\/es\/author\/dlubovexaudi-org\/"}]}},"jetpack_featured_media_url":"https:\/\/exaudi.org\/wp-content\/uploads\/2021\/12\/cq5dam.thumbnail.cropped.750.422-62-1.jpeg","jetpack_shortlink":"https:\/\/wp.me\/pgKjF2-bJG","_links":{"self":[{"href":"https:\/\/exaudi.org\/es\/wp-json\/wp\/v2\/posts\/45116","targetHints":{"allow":["GET"]}}],"collection":[{"href":"https:\/\/exaudi.org\/es\/wp-json\/wp\/v2\/posts"}],"about":[{"href":"https:\/\/exaudi.org\/es\/wp-json\/wp\/v2\/types\/post"}],"author":[{"embeddable":true,"href":"https:\/\/exaudi.org\/es\/wp-json\/wp\/v2\/users\/3"}],"replies":[{"embeddable":true,"href":"https:\/\/exaudi.org\/es\/wp-json\/wp\/v2\/comments?post=45116"}],"version-history":[{"count":0,"href":"https:\/\/exaudi.org\/es\/wp-json\/wp\/v2\/posts\/45116\/revisions"}],"wp:featuredmedia":[{"embeddable":true,"href":"https:\/\/exaudi.org\/es\/wp-json\/wp\/v2\/media\/45254"}],"wp:attachment":[{"href":"https:\/\/exaudi.org\/es\/wp-json\/wp\/v2\/media?parent=45116"}],"wp:term":[{"taxonomy":"category","embeddable":true,"href":"https:\/\/exaudi.org\/es\/wp-json\/wp\/v2\/categories?post=45116"},{"taxonomy":"post_tag","embeddable":true,"href":"https:\/\/exaudi.org\/es\/wp-json\/wp\/v2\/tags?post=45116"}],"curies":[{"name":"wp","href":"https:\/\/api.w.org\/{rel}","templated":true}]}}