{"id":45012,"date":"2021-12-08T16:09:52","date_gmt":"2021-12-08T15:09:52","guid":{"rendered":"https:\/\/exaudi.org\/?p=45012"},"modified":"2021-12-10T13:13:56","modified_gmt":"2021-12-10T12:13:56","slug":"el-papa-recuerda-con-gratitud-el-viaje-a-chipre-y-grecia","status":"publish","type":"post","link":"https:\/\/exaudi.org\/es\/el-papa-recuerda-con-gratitud-el-viaje-a-chipre-y-grecia\/","title":{"rendered":"El Papa recuerda con gratitud el viaje a Chipre y Grecia"},"content":{"rendered":"<p>Tras el rezo del <a href=\"https:\/\/exaudi.org\/es\/en-nazaret-en-el-humilde-hogar-de-maria-dios-cambio-la-historia\/\" target=\"_blank\" rel=\"noopener\">\u00c1ngelus<\/a>, de este mi\u00e9rcoles, 8 de diciembre de 2021, fiesta de la Inmaculada, el Papa record\u00f3 su viaje a Chipre y Grecia, expresando una vez m\u00e1s su gratitud por la acogida recibida. Tambi\u00e9n se refiri\u00f3 a la conclusi\u00f3n hoy del A\u00f1o de San Jos\u00e9 y del Jubileo Lauretano, que finalizar\u00e1 el d\u00eda 10 de diciembre<\/p>\n<p>\u201cChipre \u00a0es una <em>perla en el Mediterr\u00e1neo\u201d<\/em>, coment\u00f3 el Santo Padre, \u201cuna perla de rara belleza, que sin embargo lleva impresa la herida del alambre de p\u00faas, el dolor de un muro que la divide\u201d. \u201cEn Chipre me sent\u00ed como en casa\u201d. Y expres\u00f3 su deseo para que Chipre \u201csea siempre un <em>laboratorio de fraternidad<\/em>, donde el encuentro prevalezca sobre el enfrentamiento, donde el hermano sea acogido, especialmente cuando es pobre, descartado, emigrado. Repito que, frente a la historia, frente a los rostros de los que emigran, no podemos callarnos, no podemos mirar a otro lado\u201d.<\/p>\n<p>Francisco a\u00f1adi\u00f3, \u201cPienso tambi\u00e9n con gratitud en Grecia. All\u00ed tambi\u00e9n recib\u00ed una acogida fraterna\u201d. \u201cEn Atenas me sent\u00ed inmerso en la grandeza de la historia, en esa\u00a0<em>memoria de Europa<\/em>: humanismo, democracia, sabidur\u00eda, fe\u201d. Por \u00faltimo, salud\u00f3 a los fieles y peregrinos reunidos en la plaza de San Pedro, deseando a todos un feliz domingo<\/p>\n<p>A continuaci\u00f3n, siguen las palabras del Papa despu\u00e9s del \u00c1ngelus, ofrecidas por la <a href=\"https:\/\/www.vatican.va\/news_services\/press\/index_sp.htm\" target=\"_blank\" rel=\"noopener\">Oficina de Prensa de la Santa Sede<\/a>:<\/p>\n<p>***<\/p>\n<h4><strong>Palabras del Papa<\/strong><\/h4>\n<p><em>Queridos hermanos y hermanas:<\/em><\/p>\n<p>Hace dos d\u00edas regres\u00e9 de mi\u00a0<a href=\"https:\/\/www.vatican.va\/content\/francesco\/es\/travels\/2021\/outside\/documents\/cipro-grecia-2021.html\">viaje a Chipre y Grecia<\/a>. Doy gracias al Se\u00f1or por esta peregrinaci\u00f3n; les agradezco a todos ustedes por las oraciones que me han acompa\u00f1ado, y a la gente de esos dos queridos pa\u00edses, con sus autoridades civiles y religiosas, por el cari\u00f1o y la amabilidad con que me recibieron. A todos les repito: \u00a1gracias!<\/p>\n<p>Chipre es una\u00a0<em>perla en el Mediterr\u00e1neo<\/em>, una perla de rara belleza, que sin embargo lleva impresa la herida del alambre de p\u00faas, el dolor de un muro que la divide. En Chipre me sent\u00ed como en casa; en todos hall\u00e9 hermanos y hermanas. Guardo cada reuni\u00f3n en mi coraz\u00f3n, especialmente la\u00a0<a href=\"https:\/\/www.vatican.va\/content\/francesco\/es\/events\/event.dir.html\/content\/vaticanevents\/es\/2021\/12\/3\/nicosia-messa.html\">Misa en el estadio de Nicosia<\/a>. Mi querido hermano ortodoxo Chrysostomos me conmovi\u00f3 cuando me habl\u00f3 de la\u00a0<em>Iglesia Madre<\/em>: como cristianos seguimos caminos diferentes, pero somos hijos de la Iglesia de Jes\u00fas, que es Madre y nos acompa\u00f1a, nos protege, nos hace seguir adelante, todos hermanos. Mi deseo para Chipre es que sea siempre un\u00a0<em>laboratorio de fraternidad<\/em>, donde el encuentro prevalezca sobre el enfrentamiento, donde el hermano sea acogido, especialmente cuando es pobre, descartado, emigrado. Repito que, frente a la historia, frente a los rostros de los que emigran, no podemos callarnos, no podemos mirar a otro lado.<\/p>\n<p>En\u00a0<a href=\"https:\/\/www.vatican.va\/content\/francesco\/es\/events\/event.dir.html\/content\/vaticanevents\/es\/2021\/12\/3\/nicosia-migranti.html\">Chipre<\/a>, como en\u00a0<a href=\"https:\/\/www.vatican.va\/content\/francesco\/es\/events\/event.dir.html\/content\/vaticanevents\/es\/2021\/12\/5\/mytilene-rifugiati.html\">Lesbos<\/a>, pude mirar a los ojos este sufrimiento: por favor, miremos a los ojos a las personas descartadas que encontramos, dej\u00e9monos provocar por los rostros de los ni\u00f1os, hijos de migrantes desesperados. Dejemos que su\u00a0<em>sufrimiento<\/em>\u00a0nos excave dentro para reaccionar ante nuestra\u00a0<em>indiferencia<\/em>; \u00a1miremos sus caras, para despertar del sue\u00f1o de la costumbre!<\/p>\n<p>Pienso tambi\u00e9n con gratitud en Grecia. All\u00ed tambi\u00e9n recib\u00ed una acogida fraterna. En Atenas me sent\u00ed inmerso en la grandeza de la historia, en esa\u00a0<em>memoria de Europa<\/em>: humanismo, democracia, sabidur\u00eda, fe. All\u00ed tambi\u00e9n experiment\u00e9\u00a0<em>la m\u00edstica del conjunto<\/em>: en el\u00a0<a href=\"https:\/\/www.vatican.va\/content\/francesco\/es\/events\/event.dir.html\/content\/vaticanevents\/es\/2021\/12\/4\/atene-religiosi.html\">encuentro con los hermanos obispos y la comunidad cat\u00f3lica<\/a>, en la\u00a0<a href=\"https:\/\/www.vatican.va\/content\/francesco\/es\/events\/event.dir.html\/content\/vaticanevents\/es\/2021\/12\/5\/atene-messa.html\">misa festiva<\/a>, celebrada el d\u00eda del Se\u00f1or, y luego con los j\u00f3venes, que ven\u00edan de muchas partes, algunos de muy lejos para vivir y compartir la alegr\u00eda del evangelio. Y nuevamente, experiment\u00e9 el don de abrazar al querido arzobispo ortodoxo Ieronymos: primero me recibi\u00f3 en su casa y al d\u00eda siguiente vino a verme. Guardo esta fraternidad en mi coraz\u00f3n. Encomiendo a la Santa Madre de Dios las muchas semillas de encuentro y esperanza que el Se\u00f1or ha sembrado en esta peregrinaci\u00f3n. Les pido que contin\u00faen orando para que germinen en la paciencia y florezcan en la confianza.<\/p>\n<p>Hoy finaliza el A\u00f1o dedicado a San Jos\u00e9, Patrono de la Iglesia universal. Y pasado ma\u00f1ana, 10 de diciembre, tendr\u00e1 lugar en Loreto la clausura del Jubileo Lauretano. Que la gracia de estos eventos contin\u00fae operando en nuestra vida y en nuestras comunidades. \u00a1Que la Virgen Mar\u00eda y San Jos\u00e9 nos gu\u00eden por el camino de la santidad!<\/p>\n<p>\u00a1Y saludo a todos, romanos y peregrinos! Un deseo especial para la Acci\u00f3n Cat\u00f3lica Italiana: que en las di\u00f3cesis y parroquias sea un campo de entrenamiento para la sinodalidad. Saludo a los ni\u00f1os del Coro \u201cMilleunavoce\u201d, a los fieles de Zaragoza y a los j\u00f3venes de Valdemoro, di\u00f3cesis de Getafe, Espa\u00f1a \u2014los espa\u00f1oles se est\u00e1n haciendo o\u00edr, \u00a1muy bien! \u2014. As\u00ed como a la delegaci\u00f3n del Municipio de Rocca di Papa, con la antorcha que encender\u00e1 la estrella navide\u00f1a en la Fortaleza de la villa. Saludo al grupo de mexicanos del Estado de Puebla.<\/p>\n<p>Les deseo a todos una feliz fiesta, especialmente a los chicos de la Inmaculada, \u00a1es su fiesta! Por favor, no se olviden de rezar por m\u00ed, yo lo hago por ustedes. Buen almuerzo y hasta pronto.<\/p>\n","protected":false},"excerpt":{"rendered":"<p>Palabras despu\u00e9s del \u00c1ngelus<\/p>\n","protected":false},"author":7,"featured_media":45014,"comment_status":"open","ping_status":"open","sticky":false,"template":"","format":"standard","meta":{"_acf_changed":false,"_crdt_document":"","inline_featured_image":false,"footnotes":""},"categories":[70],"tags":[5127],"class_list":["post-45012","post","type-post","status-publish","format-standard","has-post-thumbnail","hentry","category-angelus-es","tag-angelus-8-diciembre-2021"],"acf":[],"yoast_head":"<!-- This site is optimized with the Yoast SEO plugin v27.4 - https:\/\/yoast.com\/product\/yoast-seo-wordpress\/ -->\n<title>El Papa recuerda con gratitud el viaje a Chipre y Grecia &#8211; Exaudi<\/title>\n<meta name=\"description\" content=\"Tras el rezo del \u00c1ngelus, el Papa record\u00f3 su viaje a Chipre y Grecia, expresando una vez m\u00e1s su gratitud por la acogida recibida\" \/>\n<meta name=\"robots\" content=\"index, follow, max-snippet:-1, max-image-preview:large, max-video-preview:-1\" \/>\n<link rel=\"canonical\" href=\"https:\/\/exaudi.org\/es\/el-papa-recuerda-con-gratitud-el-viaje-a-chipre-y-grecia\/\" \/>\n<meta property=\"og:locale\" content=\"es_ES\" \/>\n<meta property=\"og:type\" content=\"article\" \/>\n<meta property=\"og:title\" content=\"El Papa recuerda con gratitud el viaje a Chipre y Grecia &#8211; Exaudi\" \/>\n<meta property=\"og:description\" content=\"Tras el rezo del \u00c1ngelus, el Papa record\u00f3 su viaje a Chipre y Grecia, expresando una vez m\u00e1s su gratitud por la acogida recibida\" \/>\n<meta property=\"og:url\" content=\"https:\/\/exaudi.org\/es\/el-papa-recuerda-con-gratitud-el-viaje-a-chipre-y-grecia\/\" \/>\n<meta property=\"og:site_name\" content=\"Exaudi\" \/>\n<meta property=\"article:publisher\" content=\"https:\/\/www.facebook.com\/ExaudiNews\" \/>\n<meta property=\"article:published_time\" content=\"2021-12-08T15:09:52+00:00\" \/>\n<meta property=\"article:modified_time\" content=\"2021-12-10T12:13:56+00:00\" \/>\n<meta property=\"og:image\" content=\"https:\/\/exaudi.org\/wp-content\/uploads\/2021\/12\/Angelus-8-diciembre-2021.jpeg\" \/>\n\t<meta property=\"og:image:width\" content=\"1000\" \/>\n\t<meta property=\"og:image:height\" content=\"563\" \/>\n\t<meta property=\"og:image:type\" content=\"image\/jpeg\" \/>\n<meta name=\"author\" content=\"Raquel Anillo\" \/>\n<meta name=\"twitter:card\" content=\"summary_large_image\" \/>\n<meta name=\"twitter:creator\" content=\"@Exaudi_News\" \/>\n<meta name=\"twitter:site\" content=\"@Exaudi_News\" \/>\n<meta name=\"twitter:label1\" content=\"Escrito por\" \/>\n\t<meta name=\"twitter:data1\" content=\"Raquel Anillo\" \/>\n\t<meta name=\"twitter:label2\" content=\"Tiempo de lectura\" \/>\n\t<meta name=\"twitter:data2\" content=\"4 minutos\" \/>\n<script type=\"application\/ld+json\" class=\"yoast-schema-graph\">{\"@context\":\"https:\\\/\\\/schema.org\",\"@graph\":[{\"@type\":\"Article\",\"@id\":\"https:\\\/\\\/exaudi.org\\\/es\\\/el-papa-recuerda-con-gratitud-el-viaje-a-chipre-y-grecia\\\/#article\",\"isPartOf\":{\"@id\":\"https:\\\/\\\/exaudi.org\\\/es\\\/el-papa-recuerda-con-gratitud-el-viaje-a-chipre-y-grecia\\\/\"},\"author\":{\"name\":\"Raquel Anillo\",\"@id\":\"https:\\\/\\\/exaudi.org\\\/#\\\/schema\\\/person\\\/6ff0af358a606d657c4b1b6e0d5c85cb\"},\"headline\":\"El Papa recuerda con gratitud el viaje a Chipre y Grecia\",\"datePublished\":\"2021-12-08T15:09:52+00:00\",\"dateModified\":\"2021-12-10T12:13:56+00:00\",\"mainEntityOfPage\":{\"@id\":\"https:\\\/\\\/exaudi.org\\\/es\\\/el-papa-recuerda-con-gratitud-el-viaje-a-chipre-y-grecia\\\/\"},\"wordCount\":913,\"commentCount\":1,\"image\":{\"@id\":\"https:\\\/\\\/exaudi.org\\\/es\\\/el-papa-recuerda-con-gratitud-el-viaje-a-chipre-y-grecia\\\/#primaryimage\"},\"thumbnailUrl\":\"https:\\\/\\\/exaudi.org\\\/wp-content\\\/uploads\\\/2021\\\/12\\\/Angelus-8-diciembre-2021.jpeg\",\"keywords\":[\"\u00c1ngelus 8 diciembre 2021\"],\"articleSection\":[\"\u00c1ngelus\"],\"inLanguage\":\"es\",\"potentialAction\":[{\"@type\":\"CommentAction\",\"name\":\"Comment\",\"target\":[\"https:\\\/\\\/exaudi.org\\\/es\\\/el-papa-recuerda-con-gratitud-el-viaje-a-chipre-y-grecia\\\/#respond\"]}]},{\"@type\":\"WebPage\",\"@id\":\"https:\\\/\\\/exaudi.org\\\/es\\\/el-papa-recuerda-con-gratitud-el-viaje-a-chipre-y-grecia\\\/\",\"url\":\"https:\\\/\\\/exaudi.org\\\/es\\\/el-papa-recuerda-con-gratitud-el-viaje-a-chipre-y-grecia\\\/\",\"name\":\"El Papa recuerda con gratitud el viaje a Chipre y Grecia &#8211; Exaudi\",\"isPartOf\":{\"@id\":\"https:\\\/\\\/exaudi.org\\\/#website\"},\"primaryImageOfPage\":{\"@id\":\"https:\\\/\\\/exaudi.org\\\/es\\\/el-papa-recuerda-con-gratitud-el-viaje-a-chipre-y-grecia\\\/#primaryimage\"},\"image\":{\"@id\":\"https:\\\/\\\/exaudi.org\\\/es\\\/el-papa-recuerda-con-gratitud-el-viaje-a-chipre-y-grecia\\\/#primaryimage\"},\"thumbnailUrl\":\"https:\\\/\\\/exaudi.org\\\/wp-content\\\/uploads\\\/2021\\\/12\\\/Angelus-8-diciembre-2021.jpeg\",\"datePublished\":\"2021-12-08T15:09:52+00:00\",\"dateModified\":\"2021-12-10T12:13:56+00:00\",\"author\":{\"@id\":\"https:\\\/\\\/exaudi.org\\\/#\\\/schema\\\/person\\\/6ff0af358a606d657c4b1b6e0d5c85cb\"},\"description\":\"Tras el rezo del \u00c1ngelus, el Papa record\u00f3 su viaje a Chipre y Grecia, expresando una vez m\u00e1s su gratitud por la acogida recibida\",\"breadcrumb\":{\"@id\":\"https:\\\/\\\/exaudi.org\\\/es\\\/el-papa-recuerda-con-gratitud-el-viaje-a-chipre-y-grecia\\\/#breadcrumb\"},\"inLanguage\":\"es\",\"potentialAction\":[{\"@type\":\"ReadAction\",\"target\":[\"https:\\\/\\\/exaudi.org\\\/es\\\/el-papa-recuerda-con-gratitud-el-viaje-a-chipre-y-grecia\\\/\"]}]},{\"@type\":\"ImageObject\",\"inLanguage\":\"es\",\"@id\":\"https:\\\/\\\/exaudi.org\\\/es\\\/el-papa-recuerda-con-gratitud-el-viaje-a-chipre-y-grecia\\\/#primaryimage\",\"url\":\"https:\\\/\\\/exaudi.org\\\/wp-content\\\/uploads\\\/2021\\\/12\\\/Angelus-8-diciembre-2021.jpeg\",\"contentUrl\":\"https:\\\/\\\/exaudi.org\\\/wp-content\\\/uploads\\\/2021\\\/12\\\/Angelus-8-diciembre-2021.jpeg\",\"width\":1000,\"height\":563,\"caption\":\"\u00c1ngelus 8 diciembre 2021 \u00a9 Vatican Media\"},{\"@type\":\"BreadcrumbList\",\"@id\":\"https:\\\/\\\/exaudi.org\\\/es\\\/el-papa-recuerda-con-gratitud-el-viaje-a-chipre-y-grecia\\\/#breadcrumb\",\"itemListElement\":[{\"@type\":\"ListItem\",\"position\":1,\"name\":\"Portada\",\"item\":\"https:\\\/\\\/exaudi.org\\\/es\\\/\"},{\"@type\":\"ListItem\",\"position\":2,\"name\":\"El Papa recuerda con gratitud el viaje a Chipre y Grecia\"}]},{\"@type\":\"WebSite\",\"@id\":\"https:\\\/\\\/exaudi.org\\\/#website\",\"url\":\"https:\\\/\\\/exaudi.org\\\/\",\"name\":\"Exaudi\",\"description\":\"News\",\"potentialAction\":[{\"@type\":\"SearchAction\",\"target\":{\"@type\":\"EntryPoint\",\"urlTemplate\":\"https:\\\/\\\/exaudi.org\\\/?s={search_term_string}\"},\"query-input\":{\"@type\":\"PropertyValueSpecification\",\"valueRequired\":true,\"valueName\":\"search_term_string\"}}],\"inLanguage\":\"es\"},{\"@type\":\"Person\",\"@id\":\"https:\\\/\\\/exaudi.org\\\/#\\\/schema\\\/person\\\/6ff0af358a606d657c4b1b6e0d5c85cb\",\"name\":\"Raquel Anillo\",\"image\":{\"@type\":\"ImageObject\",\"inLanguage\":\"es\",\"@id\":\"https:\\\/\\\/secure.gravatar.com\\\/avatar\\\/7f88757c095badfcf277fb437d860f221e7a4fb83008b887cccb1f1299f66efb?s=96&d=mm&r=g\",\"url\":\"https:\\\/\\\/secure.gravatar.com\\\/avatar\\\/7f88757c095badfcf277fb437d860f221e7a4fb83008b887cccb1f1299f66efb?s=96&d=mm&r=g\",\"contentUrl\":\"https:\\\/\\\/secure.gravatar.com\\\/avatar\\\/7f88757c095badfcf277fb437d860f221e7a4fb83008b887cccb1f1299f66efb?s=96&d=mm&r=g\",\"caption\":\"Raquel Anillo\"},\"description\":\"Casada. Comprometida con la Iglesia. Traductora e int\u00e9rprete para la Comunidad Emmanuel, especialmente para las sesiones internacionales de Paray le Monial (Francia) 1986 al 2005. Colaboradora de Zenit de 2012-2014 y de 2017-2020 como traductora.\",\"url\":\"https:\\\/\\\/exaudi.org\\\/es\\\/author\\\/ranilloexaudi-org\\\/\"}]}<\/script>\n<!-- \/ Yoast SEO plugin. -->","yoast_head_json":{"title":"El Papa recuerda con gratitud el viaje a Chipre y Grecia &#8211; Exaudi","description":"Tras el rezo del \u00c1ngelus, el Papa record\u00f3 su viaje a Chipre y Grecia, expresando una vez m\u00e1s su gratitud por la acogida recibida","robots":{"index":"index","follow":"follow","max-snippet":"max-snippet:-1","max-image-preview":"max-image-preview:large","max-video-preview":"max-video-preview:-1"},"canonical":"https:\/\/exaudi.org\/es\/el-papa-recuerda-con-gratitud-el-viaje-a-chipre-y-grecia\/","og_locale":"es_ES","og_type":"article","og_title":"El Papa recuerda con gratitud el viaje a Chipre y Grecia &#8211; Exaudi","og_description":"Tras el rezo del \u00c1ngelus, el Papa record\u00f3 su viaje a Chipre y Grecia, expresando una vez m\u00e1s su gratitud por la acogida recibida","og_url":"https:\/\/exaudi.org\/es\/el-papa-recuerda-con-gratitud-el-viaje-a-chipre-y-grecia\/","og_site_name":"Exaudi","article_publisher":"https:\/\/www.facebook.com\/ExaudiNews","article_published_time":"2021-12-08T15:09:52+00:00","article_modified_time":"2021-12-10T12:13:56+00:00","og_image":[{"width":1000,"height":563,"url":"https:\/\/exaudi.org\/wp-content\/uploads\/2021\/12\/Angelus-8-diciembre-2021.jpeg","type":"image\/jpeg"}],"author":"Raquel Anillo","twitter_card":"summary_large_image","twitter_creator":"@Exaudi_News","twitter_site":"@Exaudi_News","twitter_misc":{"Escrito por":"Raquel Anillo","Tiempo de lectura":"4 minutos"},"schema":{"@context":"https:\/\/schema.org","@graph":[{"@type":"Article","@id":"https:\/\/exaudi.org\/es\/el-papa-recuerda-con-gratitud-el-viaje-a-chipre-y-grecia\/#article","isPartOf":{"@id":"https:\/\/exaudi.org\/es\/el-papa-recuerda-con-gratitud-el-viaje-a-chipre-y-grecia\/"},"author":{"name":"Raquel Anillo","@id":"https:\/\/exaudi.org\/#\/schema\/person\/6ff0af358a606d657c4b1b6e0d5c85cb"},"headline":"El Papa recuerda con gratitud el viaje a Chipre y Grecia","datePublished":"2021-12-08T15:09:52+00:00","dateModified":"2021-12-10T12:13:56+00:00","mainEntityOfPage":{"@id":"https:\/\/exaudi.org\/es\/el-papa-recuerda-con-gratitud-el-viaje-a-chipre-y-grecia\/"},"wordCount":913,"commentCount":1,"image":{"@id":"https:\/\/exaudi.org\/es\/el-papa-recuerda-con-gratitud-el-viaje-a-chipre-y-grecia\/#primaryimage"},"thumbnailUrl":"https:\/\/exaudi.org\/wp-content\/uploads\/2021\/12\/Angelus-8-diciembre-2021.jpeg","keywords":["\u00c1ngelus 8 diciembre 2021"],"articleSection":["\u00c1ngelus"],"inLanguage":"es","potentialAction":[{"@type":"CommentAction","name":"Comment","target":["https:\/\/exaudi.org\/es\/el-papa-recuerda-con-gratitud-el-viaje-a-chipre-y-grecia\/#respond"]}]},{"@type":"WebPage","@id":"https:\/\/exaudi.org\/es\/el-papa-recuerda-con-gratitud-el-viaje-a-chipre-y-grecia\/","url":"https:\/\/exaudi.org\/es\/el-papa-recuerda-con-gratitud-el-viaje-a-chipre-y-grecia\/","name":"El Papa recuerda con gratitud el viaje a Chipre y Grecia &#8211; Exaudi","isPartOf":{"@id":"https:\/\/exaudi.org\/#website"},"primaryImageOfPage":{"@id":"https:\/\/exaudi.org\/es\/el-papa-recuerda-con-gratitud-el-viaje-a-chipre-y-grecia\/#primaryimage"},"image":{"@id":"https:\/\/exaudi.org\/es\/el-papa-recuerda-con-gratitud-el-viaje-a-chipre-y-grecia\/#primaryimage"},"thumbnailUrl":"https:\/\/exaudi.org\/wp-content\/uploads\/2021\/12\/Angelus-8-diciembre-2021.jpeg","datePublished":"2021-12-08T15:09:52+00:00","dateModified":"2021-12-10T12:13:56+00:00","author":{"@id":"https:\/\/exaudi.org\/#\/schema\/person\/6ff0af358a606d657c4b1b6e0d5c85cb"},"description":"Tras el rezo del \u00c1ngelus, el Papa record\u00f3 su viaje a Chipre y Grecia, expresando una vez m\u00e1s su gratitud por la acogida recibida","breadcrumb":{"@id":"https:\/\/exaudi.org\/es\/el-papa-recuerda-con-gratitud-el-viaje-a-chipre-y-grecia\/#breadcrumb"},"inLanguage":"es","potentialAction":[{"@type":"ReadAction","target":["https:\/\/exaudi.org\/es\/el-papa-recuerda-con-gratitud-el-viaje-a-chipre-y-grecia\/"]}]},{"@type":"ImageObject","inLanguage":"es","@id":"https:\/\/exaudi.org\/es\/el-papa-recuerda-con-gratitud-el-viaje-a-chipre-y-grecia\/#primaryimage","url":"https:\/\/exaudi.org\/wp-content\/uploads\/2021\/12\/Angelus-8-diciembre-2021.jpeg","contentUrl":"https:\/\/exaudi.org\/wp-content\/uploads\/2021\/12\/Angelus-8-diciembre-2021.jpeg","width":1000,"height":563,"caption":"\u00c1ngelus 8 diciembre 2021 \u00a9 Vatican Media"},{"@type":"BreadcrumbList","@id":"https:\/\/exaudi.org\/es\/el-papa-recuerda-con-gratitud-el-viaje-a-chipre-y-grecia\/#breadcrumb","itemListElement":[{"@type":"ListItem","position":1,"name":"Portada","item":"https:\/\/exaudi.org\/es\/"},{"@type":"ListItem","position":2,"name":"El Papa recuerda con gratitud el viaje a Chipre y Grecia"}]},{"@type":"WebSite","@id":"https:\/\/exaudi.org\/#website","url":"https:\/\/exaudi.org\/","name":"Exaudi","description":"News","potentialAction":[{"@type":"SearchAction","target":{"@type":"EntryPoint","urlTemplate":"https:\/\/exaudi.org\/?s={search_term_string}"},"query-input":{"@type":"PropertyValueSpecification","valueRequired":true,"valueName":"search_term_string"}}],"inLanguage":"es"},{"@type":"Person","@id":"https:\/\/exaudi.org\/#\/schema\/person\/6ff0af358a606d657c4b1b6e0d5c85cb","name":"Raquel Anillo","image":{"@type":"ImageObject","inLanguage":"es","@id":"https:\/\/secure.gravatar.com\/avatar\/7f88757c095badfcf277fb437d860f221e7a4fb83008b887cccb1f1299f66efb?s=96&d=mm&r=g","url":"https:\/\/secure.gravatar.com\/avatar\/7f88757c095badfcf277fb437d860f221e7a4fb83008b887cccb1f1299f66efb?s=96&d=mm&r=g","contentUrl":"https:\/\/secure.gravatar.com\/avatar\/7f88757c095badfcf277fb437d860f221e7a4fb83008b887cccb1f1299f66efb?s=96&d=mm&r=g","caption":"Raquel Anillo"},"description":"Casada. Comprometida con la Iglesia. Traductora e int\u00e9rprete para la Comunidad Emmanuel, especialmente para las sesiones internacionales de Paray le Monial (Francia) 1986 al 2005. Colaboradora de Zenit de 2012-2014 y de 2017-2020 como traductora.","url":"https:\/\/exaudi.org\/es\/author\/ranilloexaudi-org\/"}]}},"jetpack_featured_media_url":"https:\/\/exaudi.org\/wp-content\/uploads\/2021\/12\/Angelus-8-diciembre-2021.jpeg","jetpack_shortlink":"https:\/\/wp.me\/pgKjF2-bI0","_links":{"self":[{"href":"https:\/\/exaudi.org\/es\/wp-json\/wp\/v2\/posts\/45012","targetHints":{"allow":["GET"]}}],"collection":[{"href":"https:\/\/exaudi.org\/es\/wp-json\/wp\/v2\/posts"}],"about":[{"href":"https:\/\/exaudi.org\/es\/wp-json\/wp\/v2\/types\/post"}],"author":[{"embeddable":true,"href":"https:\/\/exaudi.org\/es\/wp-json\/wp\/v2\/users\/7"}],"replies":[{"embeddable":true,"href":"https:\/\/exaudi.org\/es\/wp-json\/wp\/v2\/comments?post=45012"}],"version-history":[{"count":0,"href":"https:\/\/exaudi.org\/es\/wp-json\/wp\/v2\/posts\/45012\/revisions"}],"wp:featuredmedia":[{"embeddable":true,"href":"https:\/\/exaudi.org\/es\/wp-json\/wp\/v2\/media\/45014"}],"wp:attachment":[{"href":"https:\/\/exaudi.org\/es\/wp-json\/wp\/v2\/media?parent=45012"}],"wp:term":[{"taxonomy":"category","embeddable":true,"href":"https:\/\/exaudi.org\/es\/wp-json\/wp\/v2\/categories?post=45012"},{"taxonomy":"post_tag","embeddable":true,"href":"https:\/\/exaudi.org\/es\/wp-json\/wp\/v2\/tags?post=45012"}],"curies":[{"name":"wp","href":"https:\/\/api.w.org\/{rel}","templated":true}]}}