{"id":44970,"date":"2021-12-08T10:11:57","date_gmt":"2021-12-08T09:11:57","guid":{"rendered":"https:\/\/exaudi.org\/?p=44970"},"modified":"2021-12-10T13:15:11","modified_gmt":"2021-12-10T12:15:11","slug":"papa-reza-por-enfermos-ante-inmaculada","status":"publish","type":"post","link":"https:\/\/exaudi.org\/es\/papa-reza-por-enfermos-ante-inmaculada\/","title":{"rendered":"El Papa reza por los enfermos y los que sufren ante la Inmaculada"},"content":{"rendered":"<p>En la ma\u00f1ana de hoy, 8 de diciembre de 2021, el Papa Francisco ha rezado frente a la estatua de la Inmaculada y a la imagen de <em>Mar\u00eda Salus Popoli Romani<\/em>, encomendando a los enfermos y los que sufren las guerras y la crisis clim\u00e1tica.<\/p>\n<p>\u201cEn la <a href=\"https:\/\/exaudi.org\/es\/inmaculada-concepcion-de-maria-concebida-sin-pecado\/\" target=\"_blank\" rel=\"noopener\">solemnidad de la Inmaculada Concepci\u00f3n de la Sant\u00edsima Virgen Mar\u00eda<\/a>, poco antes de las 6:15 horas, el Papa Francisco se dirigi\u00f3 a la plaza de Espa\u00f1a para realizar un acto de veneraci\u00f3n a Mar\u00eda Inmaculada\u201d, ha informado el director de la <a href=\"https:\/\/www.vatican.va\/news_services\/press\/index_sp.htm\" target=\"_blank\" rel=\"noopener\">Oficina de Prensa de la Santa Sede<\/a>, Matteo Bruni.<\/p>\n<p>Tal y como fue <a href=\"https:\/\/exaudi.org\/es\/celebraciones-del-papa-por-la-inmaculada-y-navidad\/\" target=\"_blank\" rel=\"noopener\">anunciado<\/a>, tambi\u00e9n este a\u00f1o, debido a la situaci\u00f3n sanitaria por la pandemia de COVID-19, este acto se ha celebrado de forma privada, con presencia tan solo de los bomberos, algunos comerciantes que sub\u00edan ya sus persianas y un peque\u00f1o grupo de fot\u00f3grafos y fieles.<\/p>\n<p>El Papa, indica Bruni, \u201ccoloc\u00f3 un cesto de rosas blancas en la base de la columna sobre la que se encuentra la estatua de la Virgen y se detuvo en oraci\u00f3n, pidi\u00e9ndole el milagro de la curaci\u00f3n para los numerosos enfermos; de la sanaci\u00f3n para los pueblos que sufren duramente las guerras y la crisis clim\u00e1tica; y de la conversi\u00f3n, para que derrita el coraz\u00f3n p\u00e9treo de los que construyen muros para alejar de s\u00ed mismos el dolor de los dem\u00e1s.<\/p>\n<p>A las 6:20 horas, el Santo Padre sali\u00f3 de la plaza de Espa\u00f1a y se dirigi\u00f3 a Santa Mar\u00eda la Mayor, \u201cdonde continu\u00f3 su oraci\u00f3n ante el icono de <em>Mar\u00eda Salus Populi Romani<\/em>\u201d. Poco despu\u00e9s de las 7 horas \u201cregres\u00f3 al Vaticano\u201d, concluye el comunicado.<\/p>\n<p>Desde hace 60 a\u00f1os, los pont\u00edfices tienen la tradici\u00f3n de acercarse a los pies de la imagen mariana de la Inmaculada tan querida por los habitantes de la capital romana y detenerse para rezar ante ella.<\/p>\n","protected":false},"excerpt":{"rendered":"<p>Acto de car\u00e1cter privado en la solemnidad de la Inmaculada Concepci\u00f3n<\/p>\n","protected":false},"author":5,"featured_media":44974,"comment_status":"open","ping_status":"open","sticky":false,"template":"","format":"standard","meta":{"_acf_changed":false,"_crdt_document":"","inline_featured_image":false,"footnotes":""},"categories":[68],"tags":[2050,158],"class_list":["post-44970","post","type-post","status-publish","format-standard","has-post-thumbnail","hentry","category-leon-xiv","tag-inmaculada-concepcion","tag-papa-francisco"],"acf":[],"yoast_head":"<!-- This site is optimized with the Yoast SEO plugin v27.5 - https:\/\/yoast.com\/product\/yoast-seo-wordpress\/ -->\n<title>El Papa reza por los enfermos y los que sufren ante la Inmaculada &#8211; Exaudi<\/title>\n<meta name=\"description\" content=\"El Papa ha rezado frente a la estatua de la Inmaculada encomendando a los enfermos y los que sufren guerras y el cambio clim\u00e1tico\" \/>\n<meta name=\"robots\" content=\"index, follow, max-snippet:-1, max-image-preview:large, max-video-preview:-1\" \/>\n<link rel=\"canonical\" href=\"https:\/\/exaudi.org\/es\/papa-reza-por-enfermos-ante-inmaculada\/\" \/>\n<meta property=\"og:locale\" content=\"es_ES\" \/>\n<meta property=\"og:type\" content=\"article\" \/>\n<meta property=\"og:title\" content=\"El Papa reza por los enfermos y los que sufren ante la Inmaculada &#8211; Exaudi\" \/>\n<meta property=\"og:description\" content=\"El Papa ha rezado frente a la estatua de la Inmaculada encomendando a los enfermos y los que sufren guerras y el cambio clim\u00e1tico\" \/>\n<meta property=\"og:url\" content=\"https:\/\/exaudi.org\/es\/papa-reza-por-enfermos-ante-inmaculada\/\" \/>\n<meta property=\"og:site_name\" content=\"Exaudi\" \/>\n<meta property=\"article:publisher\" content=\"https:\/\/www.facebook.com\/ExaudiNews\" \/>\n<meta property=\"article:published_time\" content=\"2021-12-08T09:11:57+00:00\" \/>\n<meta property=\"article:modified_time\" content=\"2021-12-10T12:15:11+00:00\" \/>\n<meta property=\"og:image\" content=\"https:\/\/exaudi.org\/wp-content\/uploads\/2021\/12\/1638954688138.jpg\" \/>\n\t<meta property=\"og:image:width\" content=\"2000\" \/>\n\t<meta property=\"og:image:height\" content=\"1126\" \/>\n\t<meta property=\"og:image:type\" content=\"image\/jpeg\" \/>\n<meta name=\"author\" content=\"Larissa I. L\u00f3pez\" \/>\n<meta name=\"twitter:card\" content=\"summary_large_image\" \/>\n<meta name=\"twitter:creator\" content=\"@Exaudi_News\" \/>\n<meta name=\"twitter:site\" content=\"@Exaudi_News\" \/>\n<meta name=\"twitter:label1\" content=\"Escrito por\" \/>\n\t<meta name=\"twitter:data1\" content=\"Larissa I. L\u00f3pez\" \/>\n\t<meta name=\"twitter:label2\" content=\"Tiempo de lectura\" \/>\n\t<meta name=\"twitter:data2\" content=\"2 minutos\" \/>\n<script type=\"application\/ld+json\" class=\"yoast-schema-graph\">{\"@context\":\"https:\\\/\\\/schema.org\",\"@graph\":[{\"@type\":\"Article\",\"@id\":\"https:\\\/\\\/exaudi.org\\\/es\\\/papa-reza-por-enfermos-ante-inmaculada\\\/#article\",\"isPartOf\":{\"@id\":\"https:\\\/\\\/exaudi.org\\\/es\\\/papa-reza-por-enfermos-ante-inmaculada\\\/\"},\"author\":{\"name\":\"Larissa I. L\u00f3pez\",\"@id\":\"https:\\\/\\\/exaudi.org\\\/#\\\/schema\\\/person\\\/7d2f77db033c2c0929edfab6dbe8c588\"},\"headline\":\"El Papa reza por los enfermos y los que sufren ante la Inmaculada\",\"datePublished\":\"2021-12-08T09:11:57+00:00\",\"dateModified\":\"2021-12-10T12:15:11+00:00\",\"mainEntityOfPage\":{\"@id\":\"https:\\\/\\\/exaudi.org\\\/es\\\/papa-reza-por-enfermos-ante-inmaculada\\\/\"},\"wordCount\":346,\"commentCount\":0,\"image\":{\"@id\":\"https:\\\/\\\/exaudi.org\\\/es\\\/papa-reza-por-enfermos-ante-inmaculada\\\/#primaryimage\"},\"thumbnailUrl\":\"https:\\\/\\\/exaudi.org\\\/wp-content\\\/uploads\\\/2021\\\/12\\\/1638954688138.jpg\",\"keywords\":[\"Inmaculada Concepci\u00f3n\",\"papa francisco\"],\"articleSection\":[\"Le\u00f3n XIV\"],\"inLanguage\":\"es\",\"potentialAction\":[{\"@type\":\"CommentAction\",\"name\":\"Comment\",\"target\":[\"https:\\\/\\\/exaudi.org\\\/es\\\/papa-reza-por-enfermos-ante-inmaculada\\\/#respond\"]}]},{\"@type\":\"WebPage\",\"@id\":\"https:\\\/\\\/exaudi.org\\\/es\\\/papa-reza-por-enfermos-ante-inmaculada\\\/\",\"url\":\"https:\\\/\\\/exaudi.org\\\/es\\\/papa-reza-por-enfermos-ante-inmaculada\\\/\",\"name\":\"El Papa reza por los enfermos y los que sufren ante la Inmaculada &#8211; Exaudi\",\"isPartOf\":{\"@id\":\"https:\\\/\\\/exaudi.org\\\/#website\"},\"primaryImageOfPage\":{\"@id\":\"https:\\\/\\\/exaudi.org\\\/es\\\/papa-reza-por-enfermos-ante-inmaculada\\\/#primaryimage\"},\"image\":{\"@id\":\"https:\\\/\\\/exaudi.org\\\/es\\\/papa-reza-por-enfermos-ante-inmaculada\\\/#primaryimage\"},\"thumbnailUrl\":\"https:\\\/\\\/exaudi.org\\\/wp-content\\\/uploads\\\/2021\\\/12\\\/1638954688138.jpg\",\"datePublished\":\"2021-12-08T09:11:57+00:00\",\"dateModified\":\"2021-12-10T12:15:11+00:00\",\"author\":{\"@id\":\"https:\\\/\\\/exaudi.org\\\/#\\\/schema\\\/person\\\/7d2f77db033c2c0929edfab6dbe8c588\"},\"description\":\"El Papa ha rezado frente a la estatua de la Inmaculada encomendando a los enfermos y los que sufren guerras y el cambio clim\u00e1tico\",\"breadcrumb\":{\"@id\":\"https:\\\/\\\/exaudi.org\\\/es\\\/papa-reza-por-enfermos-ante-inmaculada\\\/#breadcrumb\"},\"inLanguage\":\"es\",\"potentialAction\":[{\"@type\":\"ReadAction\",\"target\":[\"https:\\\/\\\/exaudi.org\\\/es\\\/papa-reza-por-enfermos-ante-inmaculada\\\/\"]}]},{\"@type\":\"ImageObject\",\"inLanguage\":\"es\",\"@id\":\"https:\\\/\\\/exaudi.org\\\/es\\\/papa-reza-por-enfermos-ante-inmaculada\\\/#primaryimage\",\"url\":\"https:\\\/\\\/exaudi.org\\\/wp-content\\\/uploads\\\/2021\\\/12\\\/1638954688138.jpg\",\"contentUrl\":\"https:\\\/\\\/exaudi.org\\\/wp-content\\\/uploads\\\/2021\\\/12\\\/1638954688138.jpg\",\"width\":2000,\"height\":1126,\"caption\":\"El Papa Francisco reza en la plaza de Espa\u00f1a frente a la Inmaculada \u00a9 Vatican Media\"},{\"@type\":\"BreadcrumbList\",\"@id\":\"https:\\\/\\\/exaudi.org\\\/es\\\/papa-reza-por-enfermos-ante-inmaculada\\\/#breadcrumb\",\"itemListElement\":[{\"@type\":\"ListItem\",\"position\":1,\"name\":\"Portada\",\"item\":\"https:\\\/\\\/exaudi.org\\\/es\\\/\"},{\"@type\":\"ListItem\",\"position\":2,\"name\":\"El Papa reza por los enfermos y los que sufren ante la Inmaculada\"}]},{\"@type\":\"WebSite\",\"@id\":\"https:\\\/\\\/exaudi.org\\\/#website\",\"url\":\"https:\\\/\\\/exaudi.org\\\/\",\"name\":\"Exaudi\",\"description\":\"News\",\"potentialAction\":[{\"@type\":\"SearchAction\",\"target\":{\"@type\":\"EntryPoint\",\"urlTemplate\":\"https:\\\/\\\/exaudi.org\\\/?s={search_term_string}\"},\"query-input\":{\"@type\":\"PropertyValueSpecification\",\"valueRequired\":true,\"valueName\":\"search_term_string\"}}],\"inLanguage\":\"es\"},{\"@type\":\"Person\",\"@id\":\"https:\\\/\\\/exaudi.org\\\/#\\\/schema\\\/person\\\/7d2f77db033c2c0929edfab6dbe8c588\",\"name\":\"Larissa I. L\u00f3pez\",\"image\":{\"@type\":\"ImageObject\",\"inLanguage\":\"es\",\"@id\":\"https:\\\/\\\/secure.gravatar.com\\\/avatar\\\/db3ef399ff343d0bb9d25dc5198bc8ece5ac6d621eca79876697a354dabc1e3f?s=96&d=mm&r=g\",\"url\":\"https:\\\/\\\/secure.gravatar.com\\\/avatar\\\/db3ef399ff343d0bb9d25dc5198bc8ece5ac6d621eca79876697a354dabc1e3f?s=96&d=mm&r=g\",\"contentUrl\":\"https:\\\/\\\/secure.gravatar.com\\\/avatar\\\/db3ef399ff343d0bb9d25dc5198bc8ece5ac6d621eca79876697a354dabc1e3f?s=96&d=mm&r=g\",\"caption\":\"Larissa I. L\u00f3pez\"},\"description\":\"Doctora en Comunicaci\u00f3n. Mi trayectoria profesional ha transcurrido entre el \u00e1mbito de la comunicaci\u00f3n y el de la docencia. En los \u00faltimos a\u00f1os, he trabajado como coordinadora y redactora de la edici\u00f3n de ZENIT en espa\u00f1ol. Como profesora, he impartido clases en la universidad y en centros de FP y bachillerato. Cordobesa de nacimiento, tambi\u00e9n he vivido en Sevilla, Madrid y Roma\",\"url\":\"https:\\\/\\\/exaudi.org\\\/es\\\/author\\\/llopezexaudi-org\\\/\"}]}<\/script>\n<!-- \/ Yoast SEO plugin. -->","yoast_head_json":{"title":"El Papa reza por los enfermos y los que sufren ante la Inmaculada &#8211; Exaudi","description":"El Papa ha rezado frente a la estatua de la Inmaculada encomendando a los enfermos y los que sufren guerras y el cambio clim\u00e1tico","robots":{"index":"index","follow":"follow","max-snippet":"max-snippet:-1","max-image-preview":"max-image-preview:large","max-video-preview":"max-video-preview:-1"},"canonical":"https:\/\/exaudi.org\/es\/papa-reza-por-enfermos-ante-inmaculada\/","og_locale":"es_ES","og_type":"article","og_title":"El Papa reza por los enfermos y los que sufren ante la Inmaculada &#8211; Exaudi","og_description":"El Papa ha rezado frente a la estatua de la Inmaculada encomendando a los enfermos y los que sufren guerras y el cambio clim\u00e1tico","og_url":"https:\/\/exaudi.org\/es\/papa-reza-por-enfermos-ante-inmaculada\/","og_site_name":"Exaudi","article_publisher":"https:\/\/www.facebook.com\/ExaudiNews","article_published_time":"2021-12-08T09:11:57+00:00","article_modified_time":"2021-12-10T12:15:11+00:00","og_image":[{"width":2000,"height":1126,"url":"https:\/\/exaudi.org\/wp-content\/uploads\/2021\/12\/1638954688138.jpg","type":"image\/jpeg"}],"author":"Larissa I. L\u00f3pez","twitter_card":"summary_large_image","twitter_creator":"@Exaudi_News","twitter_site":"@Exaudi_News","twitter_misc":{"Escrito por":"Larissa I. L\u00f3pez","Tiempo de lectura":"2 minutos"},"schema":{"@context":"https:\/\/schema.org","@graph":[{"@type":"Article","@id":"https:\/\/exaudi.org\/es\/papa-reza-por-enfermos-ante-inmaculada\/#article","isPartOf":{"@id":"https:\/\/exaudi.org\/es\/papa-reza-por-enfermos-ante-inmaculada\/"},"author":{"name":"Larissa I. L\u00f3pez","@id":"https:\/\/exaudi.org\/#\/schema\/person\/7d2f77db033c2c0929edfab6dbe8c588"},"headline":"El Papa reza por los enfermos y los que sufren ante la Inmaculada","datePublished":"2021-12-08T09:11:57+00:00","dateModified":"2021-12-10T12:15:11+00:00","mainEntityOfPage":{"@id":"https:\/\/exaudi.org\/es\/papa-reza-por-enfermos-ante-inmaculada\/"},"wordCount":346,"commentCount":0,"image":{"@id":"https:\/\/exaudi.org\/es\/papa-reza-por-enfermos-ante-inmaculada\/#primaryimage"},"thumbnailUrl":"https:\/\/exaudi.org\/wp-content\/uploads\/2021\/12\/1638954688138.jpg","keywords":["Inmaculada Concepci\u00f3n","papa francisco"],"articleSection":["Le\u00f3n XIV"],"inLanguage":"es","potentialAction":[{"@type":"CommentAction","name":"Comment","target":["https:\/\/exaudi.org\/es\/papa-reza-por-enfermos-ante-inmaculada\/#respond"]}]},{"@type":"WebPage","@id":"https:\/\/exaudi.org\/es\/papa-reza-por-enfermos-ante-inmaculada\/","url":"https:\/\/exaudi.org\/es\/papa-reza-por-enfermos-ante-inmaculada\/","name":"El Papa reza por los enfermos y los que sufren ante la Inmaculada &#8211; Exaudi","isPartOf":{"@id":"https:\/\/exaudi.org\/#website"},"primaryImageOfPage":{"@id":"https:\/\/exaudi.org\/es\/papa-reza-por-enfermos-ante-inmaculada\/#primaryimage"},"image":{"@id":"https:\/\/exaudi.org\/es\/papa-reza-por-enfermos-ante-inmaculada\/#primaryimage"},"thumbnailUrl":"https:\/\/exaudi.org\/wp-content\/uploads\/2021\/12\/1638954688138.jpg","datePublished":"2021-12-08T09:11:57+00:00","dateModified":"2021-12-10T12:15:11+00:00","author":{"@id":"https:\/\/exaudi.org\/#\/schema\/person\/7d2f77db033c2c0929edfab6dbe8c588"},"description":"El Papa ha rezado frente a la estatua de la Inmaculada encomendando a los enfermos y los que sufren guerras y el cambio clim\u00e1tico","breadcrumb":{"@id":"https:\/\/exaudi.org\/es\/papa-reza-por-enfermos-ante-inmaculada\/#breadcrumb"},"inLanguage":"es","potentialAction":[{"@type":"ReadAction","target":["https:\/\/exaudi.org\/es\/papa-reza-por-enfermos-ante-inmaculada\/"]}]},{"@type":"ImageObject","inLanguage":"es","@id":"https:\/\/exaudi.org\/es\/papa-reza-por-enfermos-ante-inmaculada\/#primaryimage","url":"https:\/\/exaudi.org\/wp-content\/uploads\/2021\/12\/1638954688138.jpg","contentUrl":"https:\/\/exaudi.org\/wp-content\/uploads\/2021\/12\/1638954688138.jpg","width":2000,"height":1126,"caption":"El Papa Francisco reza en la plaza de Espa\u00f1a frente a la Inmaculada \u00a9 Vatican Media"},{"@type":"BreadcrumbList","@id":"https:\/\/exaudi.org\/es\/papa-reza-por-enfermos-ante-inmaculada\/#breadcrumb","itemListElement":[{"@type":"ListItem","position":1,"name":"Portada","item":"https:\/\/exaudi.org\/es\/"},{"@type":"ListItem","position":2,"name":"El Papa reza por los enfermos y los que sufren ante la Inmaculada"}]},{"@type":"WebSite","@id":"https:\/\/exaudi.org\/#website","url":"https:\/\/exaudi.org\/","name":"Exaudi","description":"News","potentialAction":[{"@type":"SearchAction","target":{"@type":"EntryPoint","urlTemplate":"https:\/\/exaudi.org\/?s={search_term_string}"},"query-input":{"@type":"PropertyValueSpecification","valueRequired":true,"valueName":"search_term_string"}}],"inLanguage":"es"},{"@type":"Person","@id":"https:\/\/exaudi.org\/#\/schema\/person\/7d2f77db033c2c0929edfab6dbe8c588","name":"Larissa I. L\u00f3pez","image":{"@type":"ImageObject","inLanguage":"es","@id":"https:\/\/secure.gravatar.com\/avatar\/db3ef399ff343d0bb9d25dc5198bc8ece5ac6d621eca79876697a354dabc1e3f?s=96&d=mm&r=g","url":"https:\/\/secure.gravatar.com\/avatar\/db3ef399ff343d0bb9d25dc5198bc8ece5ac6d621eca79876697a354dabc1e3f?s=96&d=mm&r=g","contentUrl":"https:\/\/secure.gravatar.com\/avatar\/db3ef399ff343d0bb9d25dc5198bc8ece5ac6d621eca79876697a354dabc1e3f?s=96&d=mm&r=g","caption":"Larissa I. L\u00f3pez"},"description":"Doctora en Comunicaci\u00f3n. Mi trayectoria profesional ha transcurrido entre el \u00e1mbito de la comunicaci\u00f3n y el de la docencia. En los \u00faltimos a\u00f1os, he trabajado como coordinadora y redactora de la edici\u00f3n de ZENIT en espa\u00f1ol. Como profesora, he impartido clases en la universidad y en centros de FP y bachillerato. Cordobesa de nacimiento, tambi\u00e9n he vivido en Sevilla, Madrid y Roma","url":"https:\/\/exaudi.org\/es\/author\/llopezexaudi-org\/"}]}},"jetpack_featured_media_url":"https:\/\/exaudi.org\/wp-content\/uploads\/2021\/12\/1638954688138.jpg","jetpack_shortlink":"https:\/\/wp.me\/pgKjF2-bHk","_links":{"self":[{"href":"https:\/\/exaudi.org\/es\/wp-json\/wp\/v2\/posts\/44970","targetHints":{"allow":["GET"]}}],"collection":[{"href":"https:\/\/exaudi.org\/es\/wp-json\/wp\/v2\/posts"}],"about":[{"href":"https:\/\/exaudi.org\/es\/wp-json\/wp\/v2\/types\/post"}],"author":[{"embeddable":true,"href":"https:\/\/exaudi.org\/es\/wp-json\/wp\/v2\/users\/5"}],"replies":[{"embeddable":true,"href":"https:\/\/exaudi.org\/es\/wp-json\/wp\/v2\/comments?post=44970"}],"version-history":[{"count":0,"href":"https:\/\/exaudi.org\/es\/wp-json\/wp\/v2\/posts\/44970\/revisions"}],"wp:featuredmedia":[{"embeddable":true,"href":"https:\/\/exaudi.org\/es\/wp-json\/wp\/v2\/media\/44974"}],"wp:attachment":[{"href":"https:\/\/exaudi.org\/es\/wp-json\/wp\/v2\/media?parent=44970"}],"wp:term":[{"taxonomy":"category","embeddable":true,"href":"https:\/\/exaudi.org\/es\/wp-json\/wp\/v2\/categories?post=44970"},{"taxonomy":"post_tag","embeddable":true,"href":"https:\/\/exaudi.org\/es\/wp-json\/wp\/v2\/tags?post=44970"}],"curies":[{"name":"wp","href":"https:\/\/api.w.org\/{rel}","templated":true}]}}