{"id":44914,"date":"2021-12-07T15:01:25","date_gmt":"2021-12-07T14:01:25","guid":{"rendered":"https:\/\/exaudi.org\/?p=44914"},"modified":"2021-12-07T15:01:40","modified_gmt":"2021-12-07T14:01:40","slug":"espana-mons-munilla-nuevo-obispo-de-orihuela-alicante","status":"publish","type":"post","link":"https:\/\/exaudi.org\/es\/espana-mons-munilla-nuevo-obispo-de-orihuela-alicante\/","title":{"rendered":"Espa\u00f1a: Mons. Munilla, nuevo obispo de Orihuela- Alicante"},"content":{"rendered":"<p>El\u00a0Papa Francisco ha nombrado a\u00a0Mons. Jos\u00e9 Ignacio Munilla Aguirre\u00a0obispo de\u00a0<a href=\"https:\/\/www.diocesisoa.org\/\">Orihuela-Alicante<\/a>, tras aceptar la renuncia de Mons. Jes\u00fas Murgui Soriano. As\u00ed ha informado hoy, 7 de diciembre de 2021, la Oficina de Prensa de la Santa Sede.<\/p>\n<p>De acuerdo al Obispado de Orihuela Alicante, Mons. Murgui Soriana present\u00f3 su renuncia el pasado 17 de abril de 2021, fecha en la que cumpl\u00eda 75 a\u00f1os, el l\u00edmite de edad que fija el Derecho Can\u00f3nico para ocupar este cargo. Ha sido obispo de la citada circunscripci\u00f3n desde 2012.<\/p>\n<h2><strong>Mons. Jos\u00e9 Ignacio Munilla<\/strong><\/h2>\n<p>La <a href=\"https:\/\/www.conferenciaepiscopal.es\/\" target=\"_blank\" rel=\"noopener\">Conferencia Episcopal Espa\u00f1ola<\/a> indica que\u00a0naci\u00f3 en San Sebasti\u00e1n el 13 de noviembre de 1961. Inici\u00f3 los estudios eclesi\u00e1sticos en el seminario mayor de Toledo, continu\u00e1ndolos en San Sebasti\u00e1n, donde\u00a0fue ordenado sacerdote el 29 de junio de 1986\u00a0y donde\u00a0desarroll\u00f3 su ministerio sacerdotal. Obtuvo la licenciatura en Teolog\u00eda, especializaci\u00f3n en Espiritualidad, en la\u00a0Facultad de Teolog\u00eda del Norte de Espa\u00f1a, sede de Burgos.<\/p>\n<p>El 24 de junio de\u00a02006\u00a0fue nombrado\u00a0obispo de\u00a0Palencia\u00a0y\u00a0recibi\u00f3 la ordenaci\u00f3n episcopal el 10 de septiembre\u00a0de ese mismo a\u00f1o. El 21 de noviembre de 2009 se hac\u00eda p\u00fablico su nombramiento como\u00a0obispo de San Sebasti\u00e1n.\u00a0Tom\u00f3 posesi\u00f3n de la di\u00f3cesis el 9 de enero de 2010.<\/p>\n<p>En la Conferencia Episcopal Espa\u00f1ola es\u00a0<a href=\"https:\/\/www.conferenciaepiscopal.es\/comisiones\/comunicaciones-sociales\/\">miembro de la Comisi\u00f3n Episcopal para las Comunicaciones Sociales<\/a>.<\/p>\n","protected":false},"excerpt":{"rendered":"<p>Nombrado por el Papa<\/p>\n","protected":false},"author":5,"featured_media":44915,"comment_status":"open","ping_status":"open","sticky":false,"template":"","format":"standard","meta":{"_acf_changed":false,"_crdt_document":"","inline_featured_image":false,"footnotes":""},"categories":[86],"tags":[1008,5120],"class_list":["post-44914","post","type-post","status-publish","format-standard","has-post-thumbnail","hentry","category-iglesia-local","tag-espana","tag-monsenor-jose-ignacio-munilla"],"acf":[],"yoast_head":"<!-- This site is optimized with the Yoast SEO plugin v27.5 - https:\/\/yoast.com\/product\/yoast-seo-wordpress\/ -->\n<title>Espa\u00f1a: Mons. Munilla, nuevo obispo de Orihuela- Alicante &#8211; Exaudi<\/title>\n<meta name=\"description\" content=\"El\u00a0Papa Francisco ha nombrado a\u00a0Mons. Jos\u00e9 Ignacio Munilla Aguirre\u00a0obispo de\u00a0Orihuela-Alicante, tras aceptar la renuncia de Mons. Jes\u00fas Murgui\" \/>\n<meta name=\"robots\" content=\"index, follow, max-snippet:-1, max-image-preview:large, max-video-preview:-1\" \/>\n<link rel=\"canonical\" href=\"https:\/\/exaudi.org\/es\/espana-mons-munilla-nuevo-obispo-de-orihuela-alicante\/\" \/>\n<meta property=\"og:locale\" content=\"es_ES\" \/>\n<meta property=\"og:type\" content=\"article\" \/>\n<meta property=\"og:title\" content=\"Espa\u00f1a: Mons. Munilla, nuevo obispo de Orihuela- Alicante &#8211; Exaudi\" \/>\n<meta property=\"og:description\" content=\"El\u00a0Papa Francisco ha nombrado a\u00a0Mons. Jos\u00e9 Ignacio Munilla Aguirre\u00a0obispo de\u00a0Orihuela-Alicante, tras aceptar la renuncia de Mons. Jes\u00fas Murgui\" \/>\n<meta property=\"og:url\" content=\"https:\/\/exaudi.org\/es\/espana-mons-munilla-nuevo-obispo-de-orihuela-alicante\/\" \/>\n<meta property=\"og:site_name\" content=\"Exaudi\" \/>\n<meta property=\"article:publisher\" content=\"https:\/\/www.facebook.com\/ExaudiNews\" \/>\n<meta property=\"article:published_time\" content=\"2021-12-07T14:01:25+00:00\" \/>\n<meta property=\"article:modified_time\" content=\"2021-12-07T14:01:40+00:00\" \/>\n<meta property=\"og:image\" content=\"https:\/\/exaudi.org\/wp-content\/uploads\/2021\/12\/Mons.-Jose-Ignacio-Munilla.jpg\" \/>\n\t<meta property=\"og:image:width\" content=\"800\" \/>\n\t<meta property=\"og:image:height\" content=\"600\" \/>\n\t<meta property=\"og:image:type\" content=\"image\/jpeg\" \/>\n<meta name=\"author\" content=\"Larissa I. L\u00f3pez\" \/>\n<meta name=\"twitter:card\" content=\"summary_large_image\" \/>\n<meta name=\"twitter:creator\" content=\"@Exaudi_News\" \/>\n<meta name=\"twitter:site\" content=\"@Exaudi_News\" \/>\n<meta name=\"twitter:label1\" content=\"Escrito por\" \/>\n\t<meta name=\"twitter:data1\" content=\"Larissa I. L\u00f3pez\" \/>\n\t<meta name=\"twitter:label2\" content=\"Tiempo de lectura\" \/>\n\t<meta name=\"twitter:data2\" content=\"1 minuto\" \/>\n<script type=\"application\/ld+json\" class=\"yoast-schema-graph\">{\"@context\":\"https:\\\/\\\/schema.org\",\"@graph\":[{\"@type\":\"Article\",\"@id\":\"https:\\\/\\\/exaudi.org\\\/es\\\/espana-mons-munilla-nuevo-obispo-de-orihuela-alicante\\\/#article\",\"isPartOf\":{\"@id\":\"https:\\\/\\\/exaudi.org\\\/es\\\/espana-mons-munilla-nuevo-obispo-de-orihuela-alicante\\\/\"},\"author\":{\"name\":\"Larissa I. L\u00f3pez\",\"@id\":\"https:\\\/\\\/exaudi.org\\\/#\\\/schema\\\/person\\\/7d2f77db033c2c0929edfab6dbe8c588\"},\"headline\":\"Espa\u00f1a: Mons. Munilla, nuevo obispo de Orihuela- Alicante\",\"datePublished\":\"2021-12-07T14:01:25+00:00\",\"dateModified\":\"2021-12-07T14:01:40+00:00\",\"mainEntityOfPage\":{\"@id\":\"https:\\\/\\\/exaudi.org\\\/es\\\/espana-mons-munilla-nuevo-obispo-de-orihuela-alicante\\\/\"},\"wordCount\":241,\"commentCount\":0,\"image\":{\"@id\":\"https:\\\/\\\/exaudi.org\\\/es\\\/espana-mons-munilla-nuevo-obispo-de-orihuela-alicante\\\/#primaryimage\"},\"thumbnailUrl\":\"https:\\\/\\\/exaudi.org\\\/wp-content\\\/uploads\\\/2021\\\/12\\\/Mons.-Jose-Ignacio-Munilla.jpg\",\"keywords\":[\"Espa\u00f1a\",\"Monse\u00f1or Jos\u00e9 Ignacio Munilla\"],\"articleSection\":[\"Iglesia Local\"],\"inLanguage\":\"es\",\"potentialAction\":[{\"@type\":\"CommentAction\",\"name\":\"Comment\",\"target\":[\"https:\\\/\\\/exaudi.org\\\/es\\\/espana-mons-munilla-nuevo-obispo-de-orihuela-alicante\\\/#respond\"]}]},{\"@type\":\"WebPage\",\"@id\":\"https:\\\/\\\/exaudi.org\\\/es\\\/espana-mons-munilla-nuevo-obispo-de-orihuela-alicante\\\/\",\"url\":\"https:\\\/\\\/exaudi.org\\\/es\\\/espana-mons-munilla-nuevo-obispo-de-orihuela-alicante\\\/\",\"name\":\"Espa\u00f1a: Mons. Munilla, nuevo obispo de Orihuela- Alicante &#8211; Exaudi\",\"isPartOf\":{\"@id\":\"https:\\\/\\\/exaudi.org\\\/#website\"},\"primaryImageOfPage\":{\"@id\":\"https:\\\/\\\/exaudi.org\\\/es\\\/espana-mons-munilla-nuevo-obispo-de-orihuela-alicante\\\/#primaryimage\"},\"image\":{\"@id\":\"https:\\\/\\\/exaudi.org\\\/es\\\/espana-mons-munilla-nuevo-obispo-de-orihuela-alicante\\\/#primaryimage\"},\"thumbnailUrl\":\"https:\\\/\\\/exaudi.org\\\/wp-content\\\/uploads\\\/2021\\\/12\\\/Mons.-Jose-Ignacio-Munilla.jpg\",\"datePublished\":\"2021-12-07T14:01:25+00:00\",\"dateModified\":\"2021-12-07T14:01:40+00:00\",\"author\":{\"@id\":\"https:\\\/\\\/exaudi.org\\\/#\\\/schema\\\/person\\\/7d2f77db033c2c0929edfab6dbe8c588\"},\"description\":\"El\u00a0Papa Francisco ha nombrado a\u00a0Mons. Jos\u00e9 Ignacio Munilla Aguirre\u00a0obispo de\u00a0Orihuela-Alicante, tras aceptar la renuncia de Mons. Jes\u00fas Murgui\",\"breadcrumb\":{\"@id\":\"https:\\\/\\\/exaudi.org\\\/es\\\/espana-mons-munilla-nuevo-obispo-de-orihuela-alicante\\\/#breadcrumb\"},\"inLanguage\":\"es\",\"potentialAction\":[{\"@type\":\"ReadAction\",\"target\":[\"https:\\\/\\\/exaudi.org\\\/es\\\/espana-mons-munilla-nuevo-obispo-de-orihuela-alicante\\\/\"]}]},{\"@type\":\"ImageObject\",\"inLanguage\":\"es\",\"@id\":\"https:\\\/\\\/exaudi.org\\\/es\\\/espana-mons-munilla-nuevo-obispo-de-orihuela-alicante\\\/#primaryimage\",\"url\":\"https:\\\/\\\/exaudi.org\\\/wp-content\\\/uploads\\\/2021\\\/12\\\/Mons.-Jose-Ignacio-Munilla.jpg\",\"contentUrl\":\"https:\\\/\\\/exaudi.org\\\/wp-content\\\/uploads\\\/2021\\\/12\\\/Mons.-Jose-Ignacio-Munilla.jpg\",\"width\":800,\"height\":600,\"caption\":\"Mons. Jos\u00e9 Ignacio Munilla \u00a9 CEE\"},{\"@type\":\"BreadcrumbList\",\"@id\":\"https:\\\/\\\/exaudi.org\\\/es\\\/espana-mons-munilla-nuevo-obispo-de-orihuela-alicante\\\/#breadcrumb\",\"itemListElement\":[{\"@type\":\"ListItem\",\"position\":1,\"name\":\"Portada\",\"item\":\"https:\\\/\\\/exaudi.org\\\/es\\\/\"},{\"@type\":\"ListItem\",\"position\":2,\"name\":\"Espa\u00f1a: Mons. Munilla, nuevo obispo de Orihuela- Alicante\"}]},{\"@type\":\"WebSite\",\"@id\":\"https:\\\/\\\/exaudi.org\\\/#website\",\"url\":\"https:\\\/\\\/exaudi.org\\\/\",\"name\":\"Exaudi\",\"description\":\"News\",\"potentialAction\":[{\"@type\":\"SearchAction\",\"target\":{\"@type\":\"EntryPoint\",\"urlTemplate\":\"https:\\\/\\\/exaudi.org\\\/?s={search_term_string}\"},\"query-input\":{\"@type\":\"PropertyValueSpecification\",\"valueRequired\":true,\"valueName\":\"search_term_string\"}}],\"inLanguage\":\"es\"},{\"@type\":\"Person\",\"@id\":\"https:\\\/\\\/exaudi.org\\\/#\\\/schema\\\/person\\\/7d2f77db033c2c0929edfab6dbe8c588\",\"name\":\"Larissa I. L\u00f3pez\",\"image\":{\"@type\":\"ImageObject\",\"inLanguage\":\"es\",\"@id\":\"https:\\\/\\\/secure.gravatar.com\\\/avatar\\\/db3ef399ff343d0bb9d25dc5198bc8ece5ac6d621eca79876697a354dabc1e3f?s=96&d=mm&r=g\",\"url\":\"https:\\\/\\\/secure.gravatar.com\\\/avatar\\\/db3ef399ff343d0bb9d25dc5198bc8ece5ac6d621eca79876697a354dabc1e3f?s=96&d=mm&r=g\",\"contentUrl\":\"https:\\\/\\\/secure.gravatar.com\\\/avatar\\\/db3ef399ff343d0bb9d25dc5198bc8ece5ac6d621eca79876697a354dabc1e3f?s=96&d=mm&r=g\",\"caption\":\"Larissa I. L\u00f3pez\"},\"description\":\"Doctora en Comunicaci\u00f3n. Mi trayectoria profesional ha transcurrido entre el \u00e1mbito de la comunicaci\u00f3n y el de la docencia. En los \u00faltimos a\u00f1os, he trabajado como coordinadora y redactora de la edici\u00f3n de ZENIT en espa\u00f1ol. Como profesora, he impartido clases en la universidad y en centros de FP y bachillerato. Cordobesa de nacimiento, tambi\u00e9n he vivido en Sevilla, Madrid y Roma\",\"url\":\"https:\\\/\\\/exaudi.org\\\/es\\\/author\\\/llopezexaudi-org\\\/\"}]}<\/script>\n<!-- \/ Yoast SEO plugin. -->","yoast_head_json":{"title":"Espa\u00f1a: Mons. Munilla, nuevo obispo de Orihuela- Alicante &#8211; Exaudi","description":"El\u00a0Papa Francisco ha nombrado a\u00a0Mons. Jos\u00e9 Ignacio Munilla Aguirre\u00a0obispo de\u00a0Orihuela-Alicante, tras aceptar la renuncia de Mons. Jes\u00fas Murgui","robots":{"index":"index","follow":"follow","max-snippet":"max-snippet:-1","max-image-preview":"max-image-preview:large","max-video-preview":"max-video-preview:-1"},"canonical":"https:\/\/exaudi.org\/es\/espana-mons-munilla-nuevo-obispo-de-orihuela-alicante\/","og_locale":"es_ES","og_type":"article","og_title":"Espa\u00f1a: Mons. Munilla, nuevo obispo de Orihuela- Alicante &#8211; Exaudi","og_description":"El\u00a0Papa Francisco ha nombrado a\u00a0Mons. Jos\u00e9 Ignacio Munilla Aguirre\u00a0obispo de\u00a0Orihuela-Alicante, tras aceptar la renuncia de Mons. Jes\u00fas Murgui","og_url":"https:\/\/exaudi.org\/es\/espana-mons-munilla-nuevo-obispo-de-orihuela-alicante\/","og_site_name":"Exaudi","article_publisher":"https:\/\/www.facebook.com\/ExaudiNews","article_published_time":"2021-12-07T14:01:25+00:00","article_modified_time":"2021-12-07T14:01:40+00:00","og_image":[{"width":800,"height":600,"url":"https:\/\/exaudi.org\/wp-content\/uploads\/2021\/12\/Mons.-Jose-Ignacio-Munilla.jpg","type":"image\/jpeg"}],"author":"Larissa I. L\u00f3pez","twitter_card":"summary_large_image","twitter_creator":"@Exaudi_News","twitter_site":"@Exaudi_News","twitter_misc":{"Escrito por":"Larissa I. L\u00f3pez","Tiempo de lectura":"1 minuto"},"schema":{"@context":"https:\/\/schema.org","@graph":[{"@type":"Article","@id":"https:\/\/exaudi.org\/es\/espana-mons-munilla-nuevo-obispo-de-orihuela-alicante\/#article","isPartOf":{"@id":"https:\/\/exaudi.org\/es\/espana-mons-munilla-nuevo-obispo-de-orihuela-alicante\/"},"author":{"name":"Larissa I. L\u00f3pez","@id":"https:\/\/exaudi.org\/#\/schema\/person\/7d2f77db033c2c0929edfab6dbe8c588"},"headline":"Espa\u00f1a: Mons. Munilla, nuevo obispo de Orihuela- Alicante","datePublished":"2021-12-07T14:01:25+00:00","dateModified":"2021-12-07T14:01:40+00:00","mainEntityOfPage":{"@id":"https:\/\/exaudi.org\/es\/espana-mons-munilla-nuevo-obispo-de-orihuela-alicante\/"},"wordCount":241,"commentCount":0,"image":{"@id":"https:\/\/exaudi.org\/es\/espana-mons-munilla-nuevo-obispo-de-orihuela-alicante\/#primaryimage"},"thumbnailUrl":"https:\/\/exaudi.org\/wp-content\/uploads\/2021\/12\/Mons.-Jose-Ignacio-Munilla.jpg","keywords":["Espa\u00f1a","Monse\u00f1or Jos\u00e9 Ignacio Munilla"],"articleSection":["Iglesia Local"],"inLanguage":"es","potentialAction":[{"@type":"CommentAction","name":"Comment","target":["https:\/\/exaudi.org\/es\/espana-mons-munilla-nuevo-obispo-de-orihuela-alicante\/#respond"]}]},{"@type":"WebPage","@id":"https:\/\/exaudi.org\/es\/espana-mons-munilla-nuevo-obispo-de-orihuela-alicante\/","url":"https:\/\/exaudi.org\/es\/espana-mons-munilla-nuevo-obispo-de-orihuela-alicante\/","name":"Espa\u00f1a: Mons. Munilla, nuevo obispo de Orihuela- Alicante &#8211; Exaudi","isPartOf":{"@id":"https:\/\/exaudi.org\/#website"},"primaryImageOfPage":{"@id":"https:\/\/exaudi.org\/es\/espana-mons-munilla-nuevo-obispo-de-orihuela-alicante\/#primaryimage"},"image":{"@id":"https:\/\/exaudi.org\/es\/espana-mons-munilla-nuevo-obispo-de-orihuela-alicante\/#primaryimage"},"thumbnailUrl":"https:\/\/exaudi.org\/wp-content\/uploads\/2021\/12\/Mons.-Jose-Ignacio-Munilla.jpg","datePublished":"2021-12-07T14:01:25+00:00","dateModified":"2021-12-07T14:01:40+00:00","author":{"@id":"https:\/\/exaudi.org\/#\/schema\/person\/7d2f77db033c2c0929edfab6dbe8c588"},"description":"El\u00a0Papa Francisco ha nombrado a\u00a0Mons. Jos\u00e9 Ignacio Munilla Aguirre\u00a0obispo de\u00a0Orihuela-Alicante, tras aceptar la renuncia de Mons. Jes\u00fas Murgui","breadcrumb":{"@id":"https:\/\/exaudi.org\/es\/espana-mons-munilla-nuevo-obispo-de-orihuela-alicante\/#breadcrumb"},"inLanguage":"es","potentialAction":[{"@type":"ReadAction","target":["https:\/\/exaudi.org\/es\/espana-mons-munilla-nuevo-obispo-de-orihuela-alicante\/"]}]},{"@type":"ImageObject","inLanguage":"es","@id":"https:\/\/exaudi.org\/es\/espana-mons-munilla-nuevo-obispo-de-orihuela-alicante\/#primaryimage","url":"https:\/\/exaudi.org\/wp-content\/uploads\/2021\/12\/Mons.-Jose-Ignacio-Munilla.jpg","contentUrl":"https:\/\/exaudi.org\/wp-content\/uploads\/2021\/12\/Mons.-Jose-Ignacio-Munilla.jpg","width":800,"height":600,"caption":"Mons. Jos\u00e9 Ignacio Munilla \u00a9 CEE"},{"@type":"BreadcrumbList","@id":"https:\/\/exaudi.org\/es\/espana-mons-munilla-nuevo-obispo-de-orihuela-alicante\/#breadcrumb","itemListElement":[{"@type":"ListItem","position":1,"name":"Portada","item":"https:\/\/exaudi.org\/es\/"},{"@type":"ListItem","position":2,"name":"Espa\u00f1a: Mons. Munilla, nuevo obispo de Orihuela- Alicante"}]},{"@type":"WebSite","@id":"https:\/\/exaudi.org\/#website","url":"https:\/\/exaudi.org\/","name":"Exaudi","description":"News","potentialAction":[{"@type":"SearchAction","target":{"@type":"EntryPoint","urlTemplate":"https:\/\/exaudi.org\/?s={search_term_string}"},"query-input":{"@type":"PropertyValueSpecification","valueRequired":true,"valueName":"search_term_string"}}],"inLanguage":"es"},{"@type":"Person","@id":"https:\/\/exaudi.org\/#\/schema\/person\/7d2f77db033c2c0929edfab6dbe8c588","name":"Larissa I. L\u00f3pez","image":{"@type":"ImageObject","inLanguage":"es","@id":"https:\/\/secure.gravatar.com\/avatar\/db3ef399ff343d0bb9d25dc5198bc8ece5ac6d621eca79876697a354dabc1e3f?s=96&d=mm&r=g","url":"https:\/\/secure.gravatar.com\/avatar\/db3ef399ff343d0bb9d25dc5198bc8ece5ac6d621eca79876697a354dabc1e3f?s=96&d=mm&r=g","contentUrl":"https:\/\/secure.gravatar.com\/avatar\/db3ef399ff343d0bb9d25dc5198bc8ece5ac6d621eca79876697a354dabc1e3f?s=96&d=mm&r=g","caption":"Larissa I. L\u00f3pez"},"description":"Doctora en Comunicaci\u00f3n. Mi trayectoria profesional ha transcurrido entre el \u00e1mbito de la comunicaci\u00f3n y el de la docencia. En los \u00faltimos a\u00f1os, he trabajado como coordinadora y redactora de la edici\u00f3n de ZENIT en espa\u00f1ol. Como profesora, he impartido clases en la universidad y en centros de FP y bachillerato. Cordobesa de nacimiento, tambi\u00e9n he vivido en Sevilla, Madrid y Roma","url":"https:\/\/exaudi.org\/es\/author\/llopezexaudi-org\/"}]}},"jetpack_featured_media_url":"https:\/\/exaudi.org\/wp-content\/uploads\/2021\/12\/Mons.-Jose-Ignacio-Munilla.jpg","jetpack_shortlink":"https:\/\/wp.me\/pgKjF2-bGq","_links":{"self":[{"href":"https:\/\/exaudi.org\/es\/wp-json\/wp\/v2\/posts\/44914","targetHints":{"allow":["GET"]}}],"collection":[{"href":"https:\/\/exaudi.org\/es\/wp-json\/wp\/v2\/posts"}],"about":[{"href":"https:\/\/exaudi.org\/es\/wp-json\/wp\/v2\/types\/post"}],"author":[{"embeddable":true,"href":"https:\/\/exaudi.org\/es\/wp-json\/wp\/v2\/users\/5"}],"replies":[{"embeddable":true,"href":"https:\/\/exaudi.org\/es\/wp-json\/wp\/v2\/comments?post=44914"}],"version-history":[{"count":0,"href":"https:\/\/exaudi.org\/es\/wp-json\/wp\/v2\/posts\/44914\/revisions"}],"wp:featuredmedia":[{"embeddable":true,"href":"https:\/\/exaudi.org\/es\/wp-json\/wp\/v2\/media\/44915"}],"wp:attachment":[{"href":"https:\/\/exaudi.org\/es\/wp-json\/wp\/v2\/media?parent=44914"}],"wp:term":[{"taxonomy":"category","embeddable":true,"href":"https:\/\/exaudi.org\/es\/wp-json\/wp\/v2\/categories?post=44914"},{"taxonomy":"post_tag","embeddable":true,"href":"https:\/\/exaudi.org\/es\/wp-json\/wp\/v2\/tags?post=44914"}],"curies":[{"name":"wp","href":"https:\/\/api.w.org\/{rel}","templated":true}]}}