{"id":44889,"date":"2021-12-08T09:25:45","date_gmt":"2021-12-08T08:25:45","guid":{"rendered":"https:\/\/exaudi.org\/?p=44889"},"modified":"2021-12-10T13:15:24","modified_gmt":"2021-12-10T12:15:24","slug":"iglesia-se-enfrenta-al-desafio-sinodal-2","status":"publish","type":"post","link":"https:\/\/exaudi.org\/es\/iglesia-se-enfrenta-al-desafio-sinodal-2\/","title":{"rendered":"La Iglesia se enfrenta al desaf\u00edo sinodal \u00a0(2)"},"content":{"rendered":"<p><a href=\"https:\/\/exaudi.org\/es\/author\/enriquesoros\/\">Enrique Soros<\/a>, comunicador social, ofrece este art\u00edculo \u201cLa Iglesia se enfrenta al desaf\u00edo sinodal (2)\u201d en el que explica c\u00f3mo es posible el esp\u00edritu sinodal entre visiones divergentes.<\/p>\n<p>***<\/p>\n<p>El <a href=\"https:\/\/exaudi.org\/es\/sinodo-sobre-sinodalidad-preguntas-y-respuestas\/\" target=\"_blank\" rel=\"noopener\">S\u00ednodo de Obispos sobre Sinodalidad<\/a> presenta a la Iglesia un una oportunidad hist\u00f3rica: ser transici\u00f3n entre una Iglesia que tiene respuesta para todo y una Iglesia que en primer lugar escucha; entre una Iglesia que define -Roma locuta, causa finita- y una Iglesia que abraza, que va en busca de quienes se encuentran en la periferia, que abre el coraz\u00f3n a todos.<\/p>\n<p>Nos encontramos hoy en medio de esa dualidad. Pero esto no es un problema en s\u00ed, si solo se trata de distintas perspectivas, por m\u00e1s que sean a veces un tanto o bastante radicales. El disentimiento despierta creatividad en personas nobles. Se trata de una oportunidad de educar la propia personalidad y de apuntar a descubrir los puntos de unidad en medio del disenso.<\/p>\n<h2><strong>Sin esp\u00edritu sinodal no podemos ser Iglesia<\/strong><\/h2>\n<p>El problema serio es cuando una posici\u00f3n se confronta a la otra y se genera divisi\u00f3n. Este hecho se expresa con claridad cuando se ataca al papa con violencia, por sentir que no expresa lo que uno juzga como \u00fanica perspectiva v\u00e1lida. Esa actitud divide, da\u00f1a gravemente la unidad de la Iglesia, y se cierra a una visi\u00f3n de la Iglesia como sinodal, como familia.<\/p>\n<h2><strong><em>Gaudete et Exsultate<\/em><\/strong><\/h2>\n<p>El Papa Francisco resume con valent\u00eda y claridad dos enemigos de la santidad, en el cap\u00edtulo segundo de su exhortaci\u00f3n apost\u00f3lica <a href=\"https:\/\/www.vatican.va\/content\/francesco\/es\/apost_exhortations\/documents\/papa-francesco_esortazione-ap_20180319_gaudete-et-exsultate.html\" target=\"_blank\" rel=\"noopener\"><em>Gaudete et Exsultate<\/em><\/a>, Alegraos y Regocijaos. Define de esta forma el pensamiento mecanicista, que no permite comprender y valorar los contextos, la realidad compleja.<\/p>\n<h2><strong>Sobre el gnosticismo<\/strong><\/h2>\n<p>Uno de estos enemigos es el gnosticismo actual. Lo expresa diciendo que \u201cEl gnosticismo supone una fe encerrada en el subjetivismo, donde solo interesa una determinada experiencia o una serie de razonamientos y conocimientos que supuestamente reconfortan e iluminan, pero en definitiva el sujeto queda clausurado en la inmanencia de su propia razo\u0301n o de sus sentimientos\u2019(EG)\u201d. GE 36.<\/p>\n<h2><strong>Sobre el pelagianismo<\/strong><\/h2>\n<p>Sobre los \u201cpelagianos\u201d, Francisco apunta a que \u201c&#8230; en el fondo solo confi\u0301an en sus propias fuerzas y se sienten superiores a otros por cumplir determinadas normas o por ser inquebrantablemente fieles a cierto estilo cato\u0301lico. Cuando algunos de ellos se dirigen a los de\u0301biles dicie\u0301ndoles que todo se puede con la gracia de Dios, en el fondo suelen transmitir la idea de que todo se puede con la voluntad humana, como si ella fuera algo puro, perfecto, omnipotente, a lo que se an\u0303ade la gracia. Se pretende ignorar que no todos pueden todo, y que en esta vida las fragilidades humanas no son sanadas completa y definitivamente por la gracia\u201d. (cfr. \u00faltima frase: Sto. Tom\u00e1s de Aquino). EG 49.<\/p>\n<h2><strong>El pensamiento org\u00e1nico, sinodal<\/strong><\/h2>\n<p>Al ser conscientes de que no todo se puede con la voluntad humana, podemos ser emp\u00e1ticos con la realidad del otro, comprenderlo en su vivencia personal, escucharle, abrazarle e invitarle a ser parte de una Iglesia que le acoge.<\/p>\n<p>El Papa Francisco responde a las desviaciones planteadas presentando las Bienaventuranzas en el cap\u00edtulo tres de Gaudete et Exsultate. Siempre es el camino de la humildad el que permite encontrar los caminos de Dios, de unidad, de comunidad. \u201cFelices los pobres de esp\u00edritu, felices los mansos, felices los misericordiosos, felices los de coraz\u00f3n limpio, felices los que trabajan por la paz&#8230;\u201d<\/p>\n<p>Un coraz\u00f3n manso y misericordioso est\u00e1 abierto a la escucha, a la diversidad de pensamiento y es consciente de que la verdad es m\u00e1s compleja de lo que cre\u00eda.<\/p>\n<h2><strong>La Asamblea Eclesial de Am\u00e9rica Latina y el Caribe<\/strong><\/h2>\n<p>Ese es el camino que anduvieron los mil asamble\u00edstas de la <a href=\"https:\/\/asambleaeclesial.lat\/\" target=\"_blank\" rel=\"noopener\">Asamblea Eclesial de Am\u00e9rica Latina<\/a> la semana pasada, 100 presencialmente desde Ciudad de M\u00e9xico y 900 virtualmente, desde todo el continente americano. Se espera que los <a href=\"https:\/\/exaudi.org\/es\/asamblea-eclesial-de-america-latina-12-desafios-pastorales\/\" target=\"_blank\" rel=\"noopener\">12 Desaf\u00edos Pastorales<\/a> a los que se arrib\u00f3 en el \u00faltimo d\u00eda de la Asamblea, sirvan de inspiraci\u00f3n para una implementaci\u00f3n profunda del esp\u00edritu de Aparecida en Am\u00e9rica Latina y el Caribe, y que el proceso sinodal caminado sea un aporte para el esp\u00edritu sinodal de la Iglesia universal.<\/p>\n<h2><strong>Es posible el esp\u00edritu sinodal entre visiones seriamente divergentes<\/strong><\/h2>\n<p>En su alocuci\u00f3n en la mencionada Asamblea Eclesial, el <a href=\"https:\/\/exaudi.org\/es\/cardenal-mario-grech-la-iglesia-es-misionera-si-es-sinodal-y-sinodal-si-es-misionera\/\" target=\"_blank\" rel=\"noopener\">cardenal Mario Grech<\/a>, secretario general del <a href=\"https:\/\/www.synod.va\/es.html\" target=\"_blank\" rel=\"noopener\">S\u00ednodo de Obispos<\/a> sobre la Sinodalidad, expres\u00f3 al respecto de marcadas diferencias de perspectiva, que \u201cotro aspecto ha caracterizado la vida eclesial de este continente, desde hace al menos treinta a\u00f1os: el contraste radical entre dos visiones de la Iglesia, que ha dado lugar a una profunda divisi\u00f3n del cuerpo eclesial&#8230; El S\u00ednodo nos pide caminar juntos. No ser\u00e1 posible una conversi\u00f3n misionera si no se lleva a cabo una conversi\u00f3n sinodal, que implica una escucha humilde y respetuosa del otro y de sus razones; que tenga la valent\u00eda de pedir y dar el perd\u00f3n; que quiera la unidad no al precio de la verdad, sino que nunca identifique la verdad con \u2018mi\u2019 verdad. Tal vez este sea el mayor esfuerzo, pero tambi\u00e9n constituir\u00e1 el testimonio m\u00e1s fuerte, que dar\u00e1 contenido al don de la experiencia sinodal que pueden ofrecer a toda la Iglesia\u201d.<\/p>\n<p>En la presentaci\u00f3n anterior hemos analizado las dos prioridades centrales de los 12 Desaf\u00edos Pastorales de la Iglesia de Am\u00e9rica Latina y el Caribe, como conclusi\u00f3n de la Asamblea Eclesial. En la pr\u00f3xima entrega desarrollaremos las doce propuestas.<\/p>\n","protected":false},"excerpt":{"rendered":"<p>C\u00f3mo es posible el esp\u00edritu sinodal entre visiones divergentes<\/p>\n","protected":false},"author":41,"featured_media":44890,"comment_status":"open","ping_status":"open","sticky":false,"template":"","format":"standard","meta":{"_acf_changed":false,"_crdt_document":"","inline_featured_image":false,"footnotes":""},"categories":[72],"tags":[3007],"class_list":["post-44889","post","type-post","status-publish","format-standard","has-post-thumbnail","hentry","category-analisis","tag-sinodalidad-es"],"acf":[],"yoast_head":"<!-- This site is optimized with the Yoast SEO plugin v27.4 - https:\/\/yoast.com\/product\/yoast-seo-wordpress\/ -->\n<title>La Iglesia se enfrenta al desaf\u00edo sinodal \u00a0(2) &#8211; Exaudi<\/title>\n<meta name=\"description\" content=\"Enrique Soros, comunicador social, ofrece este art\u00edculo \u201cLa Iglesia se enfrenta al desaf\u00edo sinodal (2)\u201d sobre c\u00f3mo es posible el mismo\" \/>\n<meta name=\"robots\" content=\"index, follow, max-snippet:-1, max-image-preview:large, max-video-preview:-1\" \/>\n<link rel=\"canonical\" href=\"https:\/\/exaudi.org\/es\/iglesia-se-enfrenta-al-desafio-sinodal-2\/\" \/>\n<meta property=\"og:locale\" content=\"es_ES\" \/>\n<meta property=\"og:type\" content=\"article\" \/>\n<meta property=\"og:title\" content=\"La Iglesia se enfrenta al desaf\u00edo sinodal \u00a0(2) &#8211; Exaudi\" \/>\n<meta property=\"og:description\" content=\"Enrique Soros, comunicador social, ofrece este art\u00edculo \u201cLa Iglesia se enfrenta al desaf\u00edo sinodal (2)\u201d sobre c\u00f3mo es posible el mismo\" \/>\n<meta property=\"og:url\" content=\"https:\/\/exaudi.org\/es\/iglesia-se-enfrenta-al-desafio-sinodal-2\/\" \/>\n<meta property=\"og:site_name\" content=\"Exaudi\" \/>\n<meta property=\"article:publisher\" content=\"https:\/\/www.facebook.com\/ExaudiNews\" \/>\n<meta property=\"article:published_time\" content=\"2021-12-08T08:25:45+00:00\" \/>\n<meta property=\"article:modified_time\" content=\"2021-12-10T12:15:24+00:00\" \/>\n<meta property=\"og:image\" content=\"https:\/\/exaudi.org\/wp-content\/uploads\/2021\/12\/Apertura-del-Sinodo-sobre-Sinodalidad.jpg\" \/>\n\t<meta property=\"og:image:width\" content=\"1920\" \/>\n\t<meta property=\"og:image:height\" content=\"620\" \/>\n\t<meta property=\"og:image:type\" content=\"image\/jpeg\" \/>\n<meta name=\"author\" content=\"Enrique Soros\" \/>\n<meta name=\"twitter:card\" content=\"summary_large_image\" \/>\n<meta name=\"twitter:creator\" content=\"@Exaudi_News\" \/>\n<meta name=\"twitter:site\" content=\"@Exaudi_News\" \/>\n<meta name=\"twitter:label1\" content=\"Escrito por\" \/>\n\t<meta name=\"twitter:data1\" content=\"Enrique Soros\" \/>\n\t<meta name=\"twitter:label2\" content=\"Tiempo de lectura\" \/>\n\t<meta name=\"twitter:data2\" content=\"5 minutos\" \/>\n<script type=\"application\/ld+json\" class=\"yoast-schema-graph\">{\"@context\":\"https:\\\/\\\/schema.org\",\"@graph\":[{\"@type\":\"Article\",\"@id\":\"https:\\\/\\\/exaudi.org\\\/es\\\/iglesia-se-enfrenta-al-desafio-sinodal-2\\\/#article\",\"isPartOf\":{\"@id\":\"https:\\\/\\\/exaudi.org\\\/es\\\/iglesia-se-enfrenta-al-desafio-sinodal-2\\\/\"},\"author\":{\"name\":\"Enrique Soros\",\"@id\":\"https:\\\/\\\/exaudi.org\\\/#\\\/schema\\\/person\\\/b562feb21279ee01cdb5c8cd58ac4e33\"},\"headline\":\"La Iglesia se enfrenta al desaf\u00edo sinodal \u00a0(2)\",\"datePublished\":\"2021-12-08T08:25:45+00:00\",\"dateModified\":\"2021-12-10T12:15:24+00:00\",\"mainEntityOfPage\":{\"@id\":\"https:\\\/\\\/exaudi.org\\\/es\\\/iglesia-se-enfrenta-al-desafio-sinodal-2\\\/\"},\"wordCount\":957,\"commentCount\":0,\"image\":{\"@id\":\"https:\\\/\\\/exaudi.org\\\/es\\\/iglesia-se-enfrenta-al-desafio-sinodal-2\\\/#primaryimage\"},\"thumbnailUrl\":\"https:\\\/\\\/exaudi.org\\\/wp-content\\\/uploads\\\/2021\\\/12\\\/Apertura-del-Sinodo-sobre-Sinodalidad.jpg\",\"keywords\":[\"Sinodalidad\"],\"articleSection\":[\"An\u00e1lisis\"],\"inLanguage\":\"es\",\"potentialAction\":[{\"@type\":\"CommentAction\",\"name\":\"Comment\",\"target\":[\"https:\\\/\\\/exaudi.org\\\/es\\\/iglesia-se-enfrenta-al-desafio-sinodal-2\\\/#respond\"]}]},{\"@type\":\"WebPage\",\"@id\":\"https:\\\/\\\/exaudi.org\\\/es\\\/iglesia-se-enfrenta-al-desafio-sinodal-2\\\/\",\"url\":\"https:\\\/\\\/exaudi.org\\\/es\\\/iglesia-se-enfrenta-al-desafio-sinodal-2\\\/\",\"name\":\"La Iglesia se enfrenta al desaf\u00edo sinodal \u00a0(2) &#8211; Exaudi\",\"isPartOf\":{\"@id\":\"https:\\\/\\\/exaudi.org\\\/#website\"},\"primaryImageOfPage\":{\"@id\":\"https:\\\/\\\/exaudi.org\\\/es\\\/iglesia-se-enfrenta-al-desafio-sinodal-2\\\/#primaryimage\"},\"image\":{\"@id\":\"https:\\\/\\\/exaudi.org\\\/es\\\/iglesia-se-enfrenta-al-desafio-sinodal-2\\\/#primaryimage\"},\"thumbnailUrl\":\"https:\\\/\\\/exaudi.org\\\/wp-content\\\/uploads\\\/2021\\\/12\\\/Apertura-del-Sinodo-sobre-Sinodalidad.jpg\",\"datePublished\":\"2021-12-08T08:25:45+00:00\",\"dateModified\":\"2021-12-10T12:15:24+00:00\",\"author\":{\"@id\":\"https:\\\/\\\/exaudi.org\\\/#\\\/schema\\\/person\\\/b562feb21279ee01cdb5c8cd58ac4e33\"},\"description\":\"Enrique Soros, comunicador social, ofrece este art\u00edculo \u201cLa Iglesia se enfrenta al desaf\u00edo sinodal (2)\u201d sobre c\u00f3mo es posible el mismo\",\"breadcrumb\":{\"@id\":\"https:\\\/\\\/exaudi.org\\\/es\\\/iglesia-se-enfrenta-al-desafio-sinodal-2\\\/#breadcrumb\"},\"inLanguage\":\"es\",\"potentialAction\":[{\"@type\":\"ReadAction\",\"target\":[\"https:\\\/\\\/exaudi.org\\\/es\\\/iglesia-se-enfrenta-al-desafio-sinodal-2\\\/\"]}]},{\"@type\":\"ImageObject\",\"inLanguage\":\"es\",\"@id\":\"https:\\\/\\\/exaudi.org\\\/es\\\/iglesia-se-enfrenta-al-desafio-sinodal-2\\\/#primaryimage\",\"url\":\"https:\\\/\\\/exaudi.org\\\/wp-content\\\/uploads\\\/2021\\\/12\\\/Apertura-del-Sinodo-sobre-Sinodalidad.jpg\",\"contentUrl\":\"https:\\\/\\\/exaudi.org\\\/wp-content\\\/uploads\\\/2021\\\/12\\\/Apertura-del-Sinodo-sobre-Sinodalidad.jpg\",\"width\":1920,\"height\":620,\"caption\":\"Apertura del S\u00ednodo sobre Sinodalidad, octubre 2021 \u00a9 Vatican Media\"},{\"@type\":\"BreadcrumbList\",\"@id\":\"https:\\\/\\\/exaudi.org\\\/es\\\/iglesia-se-enfrenta-al-desafio-sinodal-2\\\/#breadcrumb\",\"itemListElement\":[{\"@type\":\"ListItem\",\"position\":1,\"name\":\"Portada\",\"item\":\"https:\\\/\\\/exaudi.org\\\/es\\\/\"},{\"@type\":\"ListItem\",\"position\":2,\"name\":\"La Iglesia se enfrenta al desaf\u00edo sinodal \u00a0(2)\"}]},{\"@type\":\"WebSite\",\"@id\":\"https:\\\/\\\/exaudi.org\\\/#website\",\"url\":\"https:\\\/\\\/exaudi.org\\\/\",\"name\":\"Exaudi\",\"description\":\"News\",\"potentialAction\":[{\"@type\":\"SearchAction\",\"target\":{\"@type\":\"EntryPoint\",\"urlTemplate\":\"https:\\\/\\\/exaudi.org\\\/?s={search_term_string}\"},\"query-input\":{\"@type\":\"PropertyValueSpecification\",\"valueRequired\":true,\"valueName\":\"search_term_string\"}}],\"inLanguage\":\"es\"},{\"@type\":\"Person\",\"@id\":\"https:\\\/\\\/exaudi.org\\\/#\\\/schema\\\/person\\\/b562feb21279ee01cdb5c8cd58ac4e33\",\"name\":\"Enrique Soros\",\"image\":{\"@type\":\"ImageObject\",\"inLanguage\":\"es\",\"@id\":\"https:\\\/\\\/secure.gravatar.com\\\/avatar\\\/909c464715f2daa91ebbef733cea12657b24a5ddb7284bf9b3bb3911d874bb9e?s=96&d=mm&r=g\",\"url\":\"https:\\\/\\\/secure.gravatar.com\\\/avatar\\\/909c464715f2daa91ebbef733cea12657b24a5ddb7284bf9b3bb3911d874bb9e?s=96&d=mm&r=g\",\"contentUrl\":\"https:\\\/\\\/secure.gravatar.com\\\/avatar\\\/909c464715f2daa91ebbef733cea12657b24a5ddb7284bf9b3bb3911d874bb9e?s=96&d=mm&r=g\",\"caption\":\"Enrique Soros\"},\"description\":\"Argentino. Reside desde hace 27 a\u00f1os en Washington, DC, Estados Unidos, con su esposa Erica, con quien tiene un hijo, Mart\u00edn, de 21 a\u00f1os. Es comunicador social, escritor, traductor p\u00fablico. Act\u00faa como agente pastoral y comunicacional en Estados Unidos, donde es vicepresidente del Consejo Nacional Cat\u00f3lico para el Ministerio Hispano -NCCHM, por sus siglas en ingl\u00e9s-, que tiene como misi\u00f3n la promoci\u00f3n y el trabajo com\u00fan de las fuerzas pastorales hispanas en el pa\u00eds. Participa en proyectos pastorales y comunicacionales en Latinoam\u00e9rica y desde 2012 colabora con el CELAM, Consejo Episcopal Latinoamericano en esfuerzos de integraci\u00f3n pastoral entre dicha instituci\u00f3n y la Iglesia en los Estados Unidos.\",\"url\":\"https:\\\/\\\/exaudi.org\\\/es\\\/author\\\/enriquesoros\\\/\"}]}<\/script>\n<!-- \/ Yoast SEO plugin. -->","yoast_head_json":{"title":"La Iglesia se enfrenta al desaf\u00edo sinodal \u00a0(2) &#8211; Exaudi","description":"Enrique Soros, comunicador social, ofrece este art\u00edculo \u201cLa Iglesia se enfrenta al desaf\u00edo sinodal (2)\u201d sobre c\u00f3mo es posible el mismo","robots":{"index":"index","follow":"follow","max-snippet":"max-snippet:-1","max-image-preview":"max-image-preview:large","max-video-preview":"max-video-preview:-1"},"canonical":"https:\/\/exaudi.org\/es\/iglesia-se-enfrenta-al-desafio-sinodal-2\/","og_locale":"es_ES","og_type":"article","og_title":"La Iglesia se enfrenta al desaf\u00edo sinodal \u00a0(2) &#8211; Exaudi","og_description":"Enrique Soros, comunicador social, ofrece este art\u00edculo \u201cLa Iglesia se enfrenta al desaf\u00edo sinodal (2)\u201d sobre c\u00f3mo es posible el mismo","og_url":"https:\/\/exaudi.org\/es\/iglesia-se-enfrenta-al-desafio-sinodal-2\/","og_site_name":"Exaudi","article_publisher":"https:\/\/www.facebook.com\/ExaudiNews","article_published_time":"2021-12-08T08:25:45+00:00","article_modified_time":"2021-12-10T12:15:24+00:00","og_image":[{"width":1920,"height":620,"url":"https:\/\/exaudi.org\/wp-content\/uploads\/2021\/12\/Apertura-del-Sinodo-sobre-Sinodalidad.jpg","type":"image\/jpeg"}],"author":"Enrique Soros","twitter_card":"summary_large_image","twitter_creator":"@Exaudi_News","twitter_site":"@Exaudi_News","twitter_misc":{"Escrito por":"Enrique Soros","Tiempo de lectura":"5 minutos"},"schema":{"@context":"https:\/\/schema.org","@graph":[{"@type":"Article","@id":"https:\/\/exaudi.org\/es\/iglesia-se-enfrenta-al-desafio-sinodal-2\/#article","isPartOf":{"@id":"https:\/\/exaudi.org\/es\/iglesia-se-enfrenta-al-desafio-sinodal-2\/"},"author":{"name":"Enrique Soros","@id":"https:\/\/exaudi.org\/#\/schema\/person\/b562feb21279ee01cdb5c8cd58ac4e33"},"headline":"La Iglesia se enfrenta al desaf\u00edo sinodal \u00a0(2)","datePublished":"2021-12-08T08:25:45+00:00","dateModified":"2021-12-10T12:15:24+00:00","mainEntityOfPage":{"@id":"https:\/\/exaudi.org\/es\/iglesia-se-enfrenta-al-desafio-sinodal-2\/"},"wordCount":957,"commentCount":0,"image":{"@id":"https:\/\/exaudi.org\/es\/iglesia-se-enfrenta-al-desafio-sinodal-2\/#primaryimage"},"thumbnailUrl":"https:\/\/exaudi.org\/wp-content\/uploads\/2021\/12\/Apertura-del-Sinodo-sobre-Sinodalidad.jpg","keywords":["Sinodalidad"],"articleSection":["An\u00e1lisis"],"inLanguage":"es","potentialAction":[{"@type":"CommentAction","name":"Comment","target":["https:\/\/exaudi.org\/es\/iglesia-se-enfrenta-al-desafio-sinodal-2\/#respond"]}]},{"@type":"WebPage","@id":"https:\/\/exaudi.org\/es\/iglesia-se-enfrenta-al-desafio-sinodal-2\/","url":"https:\/\/exaudi.org\/es\/iglesia-se-enfrenta-al-desafio-sinodal-2\/","name":"La Iglesia se enfrenta al desaf\u00edo sinodal \u00a0(2) &#8211; Exaudi","isPartOf":{"@id":"https:\/\/exaudi.org\/#website"},"primaryImageOfPage":{"@id":"https:\/\/exaudi.org\/es\/iglesia-se-enfrenta-al-desafio-sinodal-2\/#primaryimage"},"image":{"@id":"https:\/\/exaudi.org\/es\/iglesia-se-enfrenta-al-desafio-sinodal-2\/#primaryimage"},"thumbnailUrl":"https:\/\/exaudi.org\/wp-content\/uploads\/2021\/12\/Apertura-del-Sinodo-sobre-Sinodalidad.jpg","datePublished":"2021-12-08T08:25:45+00:00","dateModified":"2021-12-10T12:15:24+00:00","author":{"@id":"https:\/\/exaudi.org\/#\/schema\/person\/b562feb21279ee01cdb5c8cd58ac4e33"},"description":"Enrique Soros, comunicador social, ofrece este art\u00edculo \u201cLa Iglesia se enfrenta al desaf\u00edo sinodal (2)\u201d sobre c\u00f3mo es posible el mismo","breadcrumb":{"@id":"https:\/\/exaudi.org\/es\/iglesia-se-enfrenta-al-desafio-sinodal-2\/#breadcrumb"},"inLanguage":"es","potentialAction":[{"@type":"ReadAction","target":["https:\/\/exaudi.org\/es\/iglesia-se-enfrenta-al-desafio-sinodal-2\/"]}]},{"@type":"ImageObject","inLanguage":"es","@id":"https:\/\/exaudi.org\/es\/iglesia-se-enfrenta-al-desafio-sinodal-2\/#primaryimage","url":"https:\/\/exaudi.org\/wp-content\/uploads\/2021\/12\/Apertura-del-Sinodo-sobre-Sinodalidad.jpg","contentUrl":"https:\/\/exaudi.org\/wp-content\/uploads\/2021\/12\/Apertura-del-Sinodo-sobre-Sinodalidad.jpg","width":1920,"height":620,"caption":"Apertura del S\u00ednodo sobre Sinodalidad, octubre 2021 \u00a9 Vatican Media"},{"@type":"BreadcrumbList","@id":"https:\/\/exaudi.org\/es\/iglesia-se-enfrenta-al-desafio-sinodal-2\/#breadcrumb","itemListElement":[{"@type":"ListItem","position":1,"name":"Portada","item":"https:\/\/exaudi.org\/es\/"},{"@type":"ListItem","position":2,"name":"La Iglesia se enfrenta al desaf\u00edo sinodal \u00a0(2)"}]},{"@type":"WebSite","@id":"https:\/\/exaudi.org\/#website","url":"https:\/\/exaudi.org\/","name":"Exaudi","description":"News","potentialAction":[{"@type":"SearchAction","target":{"@type":"EntryPoint","urlTemplate":"https:\/\/exaudi.org\/?s={search_term_string}"},"query-input":{"@type":"PropertyValueSpecification","valueRequired":true,"valueName":"search_term_string"}}],"inLanguage":"es"},{"@type":"Person","@id":"https:\/\/exaudi.org\/#\/schema\/person\/b562feb21279ee01cdb5c8cd58ac4e33","name":"Enrique Soros","image":{"@type":"ImageObject","inLanguage":"es","@id":"https:\/\/secure.gravatar.com\/avatar\/909c464715f2daa91ebbef733cea12657b24a5ddb7284bf9b3bb3911d874bb9e?s=96&d=mm&r=g","url":"https:\/\/secure.gravatar.com\/avatar\/909c464715f2daa91ebbef733cea12657b24a5ddb7284bf9b3bb3911d874bb9e?s=96&d=mm&r=g","contentUrl":"https:\/\/secure.gravatar.com\/avatar\/909c464715f2daa91ebbef733cea12657b24a5ddb7284bf9b3bb3911d874bb9e?s=96&d=mm&r=g","caption":"Enrique Soros"},"description":"Argentino. Reside desde hace 27 a\u00f1os en Washington, DC, Estados Unidos, con su esposa Erica, con quien tiene un hijo, Mart\u00edn, de 21 a\u00f1os. Es comunicador social, escritor, traductor p\u00fablico. Act\u00faa como agente pastoral y comunicacional en Estados Unidos, donde es vicepresidente del Consejo Nacional Cat\u00f3lico para el Ministerio Hispano -NCCHM, por sus siglas en ingl\u00e9s-, que tiene como misi\u00f3n la promoci\u00f3n y el trabajo com\u00fan de las fuerzas pastorales hispanas en el pa\u00eds. Participa en proyectos pastorales y comunicacionales en Latinoam\u00e9rica y desde 2012 colabora con el CELAM, Consejo Episcopal Latinoamericano en esfuerzos de integraci\u00f3n pastoral entre dicha instituci\u00f3n y la Iglesia en los Estados Unidos.","url":"https:\/\/exaudi.org\/es\/author\/enriquesoros\/"}]}},"jetpack_featured_media_url":"https:\/\/exaudi.org\/wp-content\/uploads\/2021\/12\/Apertura-del-Sinodo-sobre-Sinodalidad.jpg","jetpack_shortlink":"https:\/\/wp.me\/pgKjF2-bG1","_links":{"self":[{"href":"https:\/\/exaudi.org\/es\/wp-json\/wp\/v2\/posts\/44889","targetHints":{"allow":["GET"]}}],"collection":[{"href":"https:\/\/exaudi.org\/es\/wp-json\/wp\/v2\/posts"}],"about":[{"href":"https:\/\/exaudi.org\/es\/wp-json\/wp\/v2\/types\/post"}],"author":[{"embeddable":true,"href":"https:\/\/exaudi.org\/es\/wp-json\/wp\/v2\/users\/41"}],"replies":[{"embeddable":true,"href":"https:\/\/exaudi.org\/es\/wp-json\/wp\/v2\/comments?post=44889"}],"version-history":[{"count":0,"href":"https:\/\/exaudi.org\/es\/wp-json\/wp\/v2\/posts\/44889\/revisions"}],"wp:featuredmedia":[{"embeddable":true,"href":"https:\/\/exaudi.org\/es\/wp-json\/wp\/v2\/media\/44890"}],"wp:attachment":[{"href":"https:\/\/exaudi.org\/es\/wp-json\/wp\/v2\/media?parent=44889"}],"wp:term":[{"taxonomy":"category","embeddable":true,"href":"https:\/\/exaudi.org\/es\/wp-json\/wp\/v2\/categories?post=44889"},{"taxonomy":"post_tag","embeddable":true,"href":"https:\/\/exaudi.org\/es\/wp-json\/wp\/v2\/tags?post=44889"}],"curies":[{"name":"wp","href":"https:\/\/api.w.org\/{rel}","templated":true}]}}