{"id":44668,"date":"2021-12-06T08:35:01","date_gmt":"2021-12-06T07:35:01","guid":{"rendered":"https:\/\/exaudi.org\/?p=44668"},"modified":"2021-12-07T10:04:00","modified_gmt":"2021-12-07T09:04:00","slug":"grecia-visita-de-jeronimo-ii-al-papa-francisco","status":"publish","type":"post","link":"https:\/\/exaudi.org\/es\/grecia-visita-de-jeronimo-ii-al-papa-francisco\/","title":{"rendered":"Papa y Jer\u00f3nimo II: Sigamos \u201cjuntos en este camino de fraternidad\u201d"},"content":{"rendered":"<p>\u201cQue el Se\u00f1or nos d\u00e9 la gracia de seguir juntos en este camino de fraternidad y de paz\u201d, escribi\u00f3 al Papa Francisco dirigi\u00e9ndose a Jer\u00f3nimo II. Ayer, 5 de diciembre de 2021, tras celebrar la <a href=\"https:\/\/exaudi.org\/es\/misa-grecia-senor-prefiere-pequenez-humildad\/\" target=\"_blank\" rel=\"noopener\">Misa en el <em>Megaron Concert Hall<\/em><\/a>, como parte del programa previsto para el Santo Padre en Grecia, Jer\u00f3nimo II, arzobispo de Atenas y de toda Grecia y primado de la Iglesia Ortodoxa Autoc\u00e9fala de Grecia, ha realizado una visita de cortes\u00eda al Pont\u00edfice.<\/p>\n<p><img loading=\"lazy\" decoding=\"async\" class=\"size-medium wp-image-44669 alignleft\" src=\"https:\/\/exaudi.org\/wp-content\/uploads\/2021\/12\/SFO1151_1-300x200.jpg\" alt=\"\" width=\"300\" height=\"200\" srcset=\"https:\/\/exaudi.org\/wp-content\/uploads\/2021\/12\/SFO1151_1-300x200.jpg 300w, https:\/\/exaudi.org\/wp-content\/uploads\/2021\/12\/SFO1151_1-1024x683.jpg 1024w, https:\/\/exaudi.org\/wp-content\/uploads\/2021\/12\/SFO1151_1-770x513.jpg 770w, https:\/\/exaudi.org\/wp-content\/uploads\/2021\/12\/SFO1151_1-1536x1024.jpg 1536w, https:\/\/exaudi.org\/wp-content\/uploads\/2021\/12\/SFO1151_1-2048x1365.jpg 2048w, https:\/\/exaudi.org\/wp-content\/uploads\/2021\/12\/SFO1151_1-360x240.jpg?crop=1 360w, https:\/\/exaudi.org\/wp-content\/uploads\/2021\/12\/SFO1151_1-500x333.jpg 500w, https:\/\/exaudi.org\/wp-content\/uploads\/2021\/12\/SFO1151_1-1155x770.jpg 1155w, https:\/\/exaudi.org\/wp-content\/uploads\/2021\/12\/SFO1151_1-370x247.jpg 370w, https:\/\/exaudi.org\/wp-content\/uploads\/2021\/12\/SFO1151_1-293x195.jpg 293w, https:\/\/exaudi.org\/wp-content\/uploads\/2021\/12\/SFO1151_1-1400x933.jpg 1400w, https:\/\/exaudi.org\/wp-content\/uploads\/2021\/12\/SFO1151_1-120x80.jpg 120w, https:\/\/exaudi.org\/wp-content\/uploads\/2021\/12\/SFO1151_1-240x160.jpg 240w, https:\/\/exaudi.org\/wp-content\/uploads\/2021\/12\/SFO1151_1-390x260.jpg 390w\" sizes=\"auto, (max-width: 300px) 100vw, 300px\" \/>El arzobispo ortodoxo y su s\u00e9quito han acudido a la Nunciatura Apost\u00f3lica en Grecia, donde Francisco se aloja durante su 35\u00aa viaje apost\u00f3lico a Chipre y el pa\u00eds heleno. Esta ha sido la \u00faltima actividad del Sucesor de Pedro en el este 2\u00ba d\u00eda en Grecia, el 4\u00ba y pen\u00faltimo del viaje completo.<\/p>\n<h2><strong>Firma en el libro de honor<\/strong><\/h2>\n<p>La Oficina de Prensa de la Santa Sede inform\u00f3 que Su Beatitud Jer\u00f3nimo lleg\u00f3 a la Nunciatura a las 18:50 (17:50 en Roma). El encuentro entre el arzobispo ortodoxo y el Papa, con sus respectivas comitivas, tuvo lugar en el vest\u00edbulo y finaliz\u00f3 hacia las 19:20 horas.<\/p>\n<p>Durante el encuentro, el Obispo de Roma y el arzobispo firmaron el Libro de Honor. Primero el Arzobispo, escribiendo lo siguiente: \u201cEsta tarde, 5 de diciembre de 2021, fiesta de san Sabas, mi s\u00e9quito y yo hemos venido a agradecer al Pont\u00edfice y Sant\u00edsimo Hermano de Roma, Francisco, su visita a Grecia. Le saludamos y le deseamos un buen viaje. Que el Santo Dios nos bendiga\u201d.<\/p>\n<p><img loading=\"lazy\" decoding=\"async\" class=\"alignright wp-image-44675 size-medium\" src=\"https:\/\/exaudi.org\/wp-content\/uploads\/2021\/12\/SFO1048_1-300x200.jpg\" alt=\"Papa Jer\u00f3nimo II fraternidad\" width=\"300\" height=\"200\" srcset=\"https:\/\/exaudi.org\/wp-content\/uploads\/2021\/12\/SFO1048_1-300x200.jpg 300w, https:\/\/exaudi.org\/wp-content\/uploads\/2021\/12\/SFO1048_1-1024x683.jpg 1024w, https:\/\/exaudi.org\/wp-content\/uploads\/2021\/12\/SFO1048_1-770x513.jpg 770w, https:\/\/exaudi.org\/wp-content\/uploads\/2021\/12\/SFO1048_1-1536x1024.jpg 1536w, https:\/\/exaudi.org\/wp-content\/uploads\/2021\/12\/SFO1048_1-2048x1365.jpg 2048w, https:\/\/exaudi.org\/wp-content\/uploads\/2021\/12\/SFO1048_1-360x240.jpg?crop=1 360w, https:\/\/exaudi.org\/wp-content\/uploads\/2021\/12\/SFO1048_1-500x333.jpg 500w, https:\/\/exaudi.org\/wp-content\/uploads\/2021\/12\/SFO1048_1-1155x770.jpg 1155w, https:\/\/exaudi.org\/wp-content\/uploads\/2021\/12\/SFO1048_1-370x247.jpg 370w, https:\/\/exaudi.org\/wp-content\/uploads\/2021\/12\/SFO1048_1-293x195.jpg 293w, https:\/\/exaudi.org\/wp-content\/uploads\/2021\/12\/SFO1048_1-1400x933.jpg 1400w, https:\/\/exaudi.org\/wp-content\/uploads\/2021\/12\/SFO1048_1-120x80.jpg 120w, https:\/\/exaudi.org\/wp-content\/uploads\/2021\/12\/SFO1048_1-240x160.jpg 240w, https:\/\/exaudi.org\/wp-content\/uploads\/2021\/12\/SFO1048_1-390x260.jpg 390w\" sizes=\"auto, (max-width: 300px) 100vw, 300px\" \/>Posteriormente el Papa Francisco hizo lo mismo: \u201cCon alegr\u00eda y paz me encuentro con mi querido hermano Jer\u00f3nimo II. Le agradezco su bondad fraternal, su mansedumbre, su paciencia. Que el Se\u00f1or nos d\u00e9 la gracia de seguir juntos en este camino de fraternidad y de paz. Agradezco a Su Beatitud Jer\u00f3nimo II su generosidad para ayudarnos a caminar juntos. Que el Se\u00f1or bendiga a nuestras dos Iglesias hermanas y que la Santa Madre de Dios nos ayude\u201d.<\/p>\n<p>Por \u00faltimo, tuvo lugar el intercambio de regalos. Su Beatitud ofreci\u00f3 dos vol\u00famenes, uno sobre la dolorosa historia de los griegos de Asia Menor a principios del siglo XX y otro sobre los muertos de la revoluci\u00f3n griega. Adem\u00e1s, a petici\u00f3n de un sacerdote, llev\u00f3 al Papa una imagen de la Virgen con el Ni\u00f1o Jes\u00fas.<\/p>\n<p>El Santo Padre, por su parte entreg\u00f3 a Su Beatitud la medalla del viaje y el libro sobre la <em>Statio Orbis<\/em> del 27 de marzo de 2020, editado por la Librer\u00eda Editora Vaticana.<\/p>\n<h2><strong>Francisco pidi\u00f3 perd\u00f3n<\/strong><\/h2>\n<p><img loading=\"lazy\" decoding=\"async\" class=\"size-medium wp-image-44678 alignleft\" src=\"https:\/\/exaudi.org\/wp-content\/uploads\/2021\/12\/SFO1011_1-300x200.jpg\" alt=\"\" width=\"300\" height=\"200\" srcset=\"https:\/\/exaudi.org\/wp-content\/uploads\/2021\/12\/SFO1011_1-300x200.jpg 300w, https:\/\/exaudi.org\/wp-content\/uploads\/2021\/12\/SFO1011_1-1024x683.jpg 1024w, https:\/\/exaudi.org\/wp-content\/uploads\/2021\/12\/SFO1011_1-770x513.jpg 770w, https:\/\/exaudi.org\/wp-content\/uploads\/2021\/12\/SFO1011_1-1536x1024.jpg 1536w, https:\/\/exaudi.org\/wp-content\/uploads\/2021\/12\/SFO1011_1-2048x1365.jpg 2048w, https:\/\/exaudi.org\/wp-content\/uploads\/2021\/12\/SFO1011_1-360x240.jpg?crop=1 360w, https:\/\/exaudi.org\/wp-content\/uploads\/2021\/12\/SFO1011_1-500x333.jpg 500w, https:\/\/exaudi.org\/wp-content\/uploads\/2021\/12\/SFO1011_1-1155x770.jpg 1155w, https:\/\/exaudi.org\/wp-content\/uploads\/2021\/12\/SFO1011_1-370x247.jpg 370w, https:\/\/exaudi.org\/wp-content\/uploads\/2021\/12\/SFO1011_1-293x195.jpg 293w, https:\/\/exaudi.org\/wp-content\/uploads\/2021\/12\/SFO1011_1-1400x933.jpg 1400w, https:\/\/exaudi.org\/wp-content\/uploads\/2021\/12\/SFO1011_1-120x80.jpg 120w, https:\/\/exaudi.org\/wp-content\/uploads\/2021\/12\/SFO1011_1-240x160.jpg 240w, https:\/\/exaudi.org\/wp-content\/uploads\/2021\/12\/SFO1011_1-390x260.jpg 390w\" sizes=\"auto, (max-width: 300px) 100vw, 300px\" \/>Previamente, en la tarde del 3 de diciembre de 2021, Francisco se traslad\u00f3 al Palacio Arzobispal Ortodoxo en Atenas para una visita de cortes\u00eda a Jer\u00f3nimo I Grecia y seguir\u00e1 una <a href=\"https:\/\/exaudi.org\/es\/grecia-papa-perdon-errores-catolicos\/\" target=\"_blank\" rel=\"noopener\">reuni\u00f3n oficial con sus respectivos s\u00e9quitos,<\/a>\u00a0en el Sal\u00f3n del Trono.<\/p>\n<p>En el encuentro en la Nunciatura no se ofrecieron alocuciones oficiales, pero, en su <a href=\"https:\/\/exaudi.org\/es\/grecia-papa-perdon-errores-catolicos\/\" target=\"_blank\" rel=\"noopener\">discurso<\/a> del 3 de diciembre, el Obispo de Roma destac\u00f3 las \u201cra\u00edces apost\u00f3licas que comparten ambas iglesias y lament\u00f3 que \u201cdespu\u00e9s hemos crecido alejados: nos han contaminado venenos mortales, la ciza\u00f1a de la sospecha aument\u00f3 la distancia y dejamos de cultivar la comuni\u00f3n\u201d.<\/p>\n<p>Asimismo, expuso que \u201ccon verg\u00fcenza \u2014lo reconozco por la Iglesia cat\u00f3lica\u2014 acciones y decisiones que tienen poco o nada que ver con Jes\u00fas y con el Evangelio, basadas m\u00e1s bien en la sed de ganancias y de poder, han hecho marchitar la comuni\u00f3n\u201d y \u201chemos dejado que la fecundidad estuviera amenazada por las divisiones\u201d. \u201cLa historia tiene su peso y hoy aqu\u00ed siento la necesidad de renovar la s\u00faplica de perd\u00f3n a Dios y a los hermanos por los errores que han cometido tantos cat\u00f3licos\u201d, admiti\u00f3.<\/p>\n<p>El <a href=\"https:\/\/www.vatican.va\/content\/john-paul-ii\/es\/travels\/2001\/travels\/documents\/trav_greece-syria-malta-2001.html\" target=\"_blank\" rel=\"noopener\">papa Juan Pablo II<\/a>, en su visita al pa\u00eds heleno en 2001 tambi\u00e9n manifest\u00f3 un \u201cprofundo arrepentimiento\u201d por los acontecimientos hist\u00f3ricos de 1204, cuando los cruzados atacaron Constantinopla, capital del imperio bizantino, volvi\u00e9ndose contra sus hermanos en la fe.<\/p>\n<h2><strong>Jer\u00f3nimo II<\/strong><\/h2>\n<p><img loading=\"lazy\" decoding=\"async\" class=\"alignright wp-image-44681 size-medium\" src=\"https:\/\/exaudi.org\/wp-content\/uploads\/2021\/12\/SFO0999_1-300x200.jpg\" alt=\"Papa Jer\u00f3nimo II fraternidad\" width=\"300\" height=\"200\" srcset=\"https:\/\/exaudi.org\/wp-content\/uploads\/2021\/12\/SFO0999_1-300x200.jpg 300w, https:\/\/exaudi.org\/wp-content\/uploads\/2021\/12\/SFO0999_1-1024x683.jpg 1024w, https:\/\/exaudi.org\/wp-content\/uploads\/2021\/12\/SFO0999_1-770x513.jpg 770w, https:\/\/exaudi.org\/wp-content\/uploads\/2021\/12\/SFO0999_1-1536x1024.jpg 1536w, https:\/\/exaudi.org\/wp-content\/uploads\/2021\/12\/SFO0999_1-2048x1365.jpg 2048w, https:\/\/exaudi.org\/wp-content\/uploads\/2021\/12\/SFO0999_1-360x240.jpg?crop=1 360w, https:\/\/exaudi.org\/wp-content\/uploads\/2021\/12\/SFO0999_1-500x333.jpg 500w, https:\/\/exaudi.org\/wp-content\/uploads\/2021\/12\/SFO0999_1-1155x770.jpg 1155w, https:\/\/exaudi.org\/wp-content\/uploads\/2021\/12\/SFO0999_1-370x247.jpg 370w, https:\/\/exaudi.org\/wp-content\/uploads\/2021\/12\/SFO0999_1-293x195.jpg 293w, https:\/\/exaudi.org\/wp-content\/uploads\/2021\/12\/SFO0999_1-1400x933.jpg 1400w, https:\/\/exaudi.org\/wp-content\/uploads\/2021\/12\/SFO0999_1-120x80.jpg 120w, https:\/\/exaudi.org\/wp-content\/uploads\/2021\/12\/SFO0999_1-240x160.jpg 240w, https:\/\/exaudi.org\/wp-content\/uploads\/2021\/12\/SFO0999_1-390x260.jpg 390w\" sizes=\"auto, (max-width: 300px) 100vw, 300px\" \/>Nacido Ioannis Liapis, arzobispo de Atenas y de toda Grecia y primado de la Iglesia Ortodoxa Autoc\u00e9fala de Grecia, naci\u00f3 en Oinofyta, Beocia, en 1938 en el seno de una familia de etnia albanesa (arvanita). Se licenci\u00f3 en la Facultad de Filosof\u00eda y en la Facultad de Teolog\u00eda de la Universidad de Atenas, y se licenci\u00f3 en Arqueolog\u00eda, Estudios Bizantinos y Teolog\u00eda. Continu\u00f3 sus estudios universitarios en las universidades de Graz, Austria), Ratisbona y M\u00fanich, Alemania.<\/p>\n<p>Trabaj\u00f3 como profesor asistente en la Sociedad Arqueol\u00f3gica de Atenas con el famoso arque\u00f3logo Anastasios Orlandos, y luego ense\u00f1\u00f3 Literatura en el Liceo Leonin de Atenas y en otras escuelas de la capital y de Asop\u00eda. Fue ordenado di\u00e1cono y luego sacerdote en 1967, abandonando su carrera acad\u00e9mica. Fue protosicelo (vicario) de la di\u00f3cesis de Tebas y Levadeia, <em>aegumen <\/em>(abad) de los monasterios de la Transfiguraci\u00f3n de Sagmata y Hosios Loukas (1971-1981), secretario y luego secretario principal del Santo S\u00ednodo de la Iglesia de Grecia (1978-1981).<\/p>\n<p>En 1981 fue elegido obispo metropolitano de Tebas y Levadeia, y el 7 de febrero de 2008, arzobispo de Atenas y de toda Grecia, tomando posesi\u00f3n de su cargo el 16 de febrero de 2008. Durante su ministerio como obispo metropolitano de Tebas y Levadeia, renov\u00f3 y aport\u00f3 nuevo personal religioso a 6 monasterios y 17 conventos.<\/p>\n<p>Sus iniciativas en el \u00e1mbito social tambi\u00e9n fueron numerosas. Fund\u00f3 internados, introdujo la instituci\u00f3n de las familias de acogida, abri\u00f3 orfanatos, residencias de ancianos, centros de salud mental, un centro de formaci\u00f3n para el empleo creativo de ni\u00f1os con necesidades especiales, un centro de prevenci\u00f3n de la drogadicci\u00f3n, comedores sociales para los pobres, incluidos los inmigrantes, centros de asesoramiento y un centro de estudios hist\u00f3ricos y arqueol\u00f3gicos, manteniendo fuertes relaciones con la comunidad docente de Viotia. Tambi\u00e9n ayud\u00f3 a crear un Centro para sensibilizar a los ciudadanos de su ciudad natal, Oinofyta, sobre los problemas de los inmigrantes.<\/p>\n<h2><strong>Nunciatura Apost\u00f3lica de Grecia<\/strong><\/h2>\n<p><img loading=\"lazy\" decoding=\"async\" class=\"size-medium wp-image-44672 alignleft\" src=\"https:\/\/exaudi.org\/wp-content\/uploads\/2021\/12\/SFO1088_1-300x200.jpg\" alt=\"\" width=\"300\" height=\"200\" srcset=\"https:\/\/exaudi.org\/wp-content\/uploads\/2021\/12\/SFO1088_1-300x200.jpg 300w, https:\/\/exaudi.org\/wp-content\/uploads\/2021\/12\/SFO1088_1-1024x683.jpg 1024w, https:\/\/exaudi.org\/wp-content\/uploads\/2021\/12\/SFO1088_1-770x513.jpg 770w, https:\/\/exaudi.org\/wp-content\/uploads\/2021\/12\/SFO1088_1-1536x1024.jpg 1536w, https:\/\/exaudi.org\/wp-content\/uploads\/2021\/12\/SFO1088_1-2048x1365.jpg 2048w, https:\/\/exaudi.org\/wp-content\/uploads\/2021\/12\/SFO1088_1-360x240.jpg?crop=1 360w, https:\/\/exaudi.org\/wp-content\/uploads\/2021\/12\/SFO1088_1-500x333.jpg 500w, https:\/\/exaudi.org\/wp-content\/uploads\/2021\/12\/SFO1088_1-1155x770.jpg 1155w, https:\/\/exaudi.org\/wp-content\/uploads\/2021\/12\/SFO1088_1-370x247.jpg 370w, https:\/\/exaudi.org\/wp-content\/uploads\/2021\/12\/SFO1088_1-293x195.jpg 293w, https:\/\/exaudi.org\/wp-content\/uploads\/2021\/12\/SFO1088_1-1400x933.jpg 1400w, https:\/\/exaudi.org\/wp-content\/uploads\/2021\/12\/SFO1088_1-120x80.jpg 120w, https:\/\/exaudi.org\/wp-content\/uploads\/2021\/12\/SFO1088_1-240x160.jpg 240w, https:\/\/exaudi.org\/wp-content\/uploads\/2021\/12\/SFO1088_1-390x260.jpg 390w\" sizes=\"auto, (max-width: 300px) 100vw, 300px\" \/>La Nunciatura Apost\u00f3lica de la Santa Sede en Grecia, situada en el barrio de Paleo Psychic\u00f2, es una de las 338 representaciones extranjeras en Grecia y una de las 141 representaciones extranjeras en Atenas. Se estableci\u00f3 en la capital en 1980, despu\u00e9s de que la Santa Sede y Grecia establecieran relaciones diplom\u00e1ticas el 17 de julio de 1979. Sin embargo, fue a partir de 1834 cuando el Vaticano tuvo su propio delegado en la naci\u00f3n hel\u00e9nica. Desde el 28 de septiembre de 2017, la Nunciatura est\u00e1 dirigida por el obispo salesiano Savio Hon Tai-Fai.<\/p>\n","protected":false},"excerpt":{"rendered":"<p>En la Nunciatura Apost\u00f3lica del pa\u00eds<\/p>\n","protected":false},"author":5,"featured_media":44687,"comment_status":"open","ping_status":"open","sticky":false,"template":"","format":"standard","meta":{"_acf_changed":false,"_crdt_document":"","inline_featured_image":false,"footnotes":""},"categories":[120,126],"tags":[4395,5098,158,4953,5035],"class_list":["post-44668","post","type-post","status-publish","format-standard","has-post-thumbnail","hentry","category-viajes","category-viajes-papales","tag-grecia","tag-jeronimo-ii","tag-papa-francisco","tag-trending-es","tag-viaje-del-papa-francisco-a-chipre-y-grecia"],"acf":[],"yoast_head":"<!-- This site is optimized with the Yoast SEO plugin v27.4 - https:\/\/yoast.com\/product\/yoast-seo-wordpress\/ -->\n<title>Papa y Jer\u00f3nimo II: Sigamos \u201cjuntos en este camino de fraternidad\u201d &#8211; Exaudi<\/title>\n<meta name=\"description\" content=\"\u201cQue el Se\u00f1or nos d\u00e9 la gracia de seguir juntos en este camino de fraternidad y de paz\u201d, escribi\u00f3 al Papa Francisco dirigi\u00e9ndose a Jer\u00f3nimo II\" \/>\n<meta name=\"robots\" content=\"index, follow, max-snippet:-1, max-image-preview:large, max-video-preview:-1\" \/>\n<link rel=\"canonical\" href=\"https:\/\/exaudi.org\/es\/grecia-visita-de-jeronimo-ii-al-papa-francisco\/\" \/>\n<meta property=\"og:locale\" content=\"es_ES\" \/>\n<meta property=\"og:type\" content=\"article\" \/>\n<meta property=\"og:title\" content=\"Papa y Jer\u00f3nimo II: Sigamos \u201cjuntos en este camino de fraternidad\u201d &#8211; Exaudi\" \/>\n<meta property=\"og:description\" content=\"\u201cQue el Se\u00f1or nos d\u00e9 la gracia de seguir juntos en este camino de fraternidad y de paz\u201d, escribi\u00f3 al Papa Francisco dirigi\u00e9ndose a Jer\u00f3nimo II\" \/>\n<meta property=\"og:url\" content=\"https:\/\/exaudi.org\/es\/grecia-visita-de-jeronimo-ii-al-papa-francisco\/\" \/>\n<meta property=\"og:site_name\" content=\"Exaudi\" \/>\n<meta property=\"article:publisher\" content=\"https:\/\/www.facebook.com\/ExaudiNews\" \/>\n<meta property=\"article:published_time\" content=\"2021-12-06T07:35:01+00:00\" \/>\n<meta property=\"article:modified_time\" content=\"2021-12-07T09:04:00+00:00\" \/>\n<meta property=\"og:image\" content=\"https:\/\/exaudi.org\/wp-content\/uploads\/2021\/12\/SFO0973_1-1-scaled-e1638776202694.jpg\" \/>\n\t<meta property=\"og:image:width\" content=\"1707\" \/>\n\t<meta property=\"og:image:height\" content=\"1862\" \/>\n\t<meta property=\"og:image:type\" content=\"image\/jpeg\" \/>\n<meta name=\"author\" content=\"Larissa I. L\u00f3pez\" \/>\n<meta name=\"twitter:card\" content=\"summary_large_image\" \/>\n<meta name=\"twitter:creator\" content=\"@Exaudi_News\" \/>\n<meta name=\"twitter:site\" content=\"@Exaudi_News\" \/>\n<meta name=\"twitter:label1\" content=\"Escrito por\" \/>\n\t<meta name=\"twitter:data1\" content=\"Larissa I. L\u00f3pez\" \/>\n\t<meta name=\"twitter:label2\" content=\"Tiempo de lectura\" \/>\n\t<meta name=\"twitter:data2\" content=\"6 minutos\" \/>\n<script type=\"application\/ld+json\" class=\"yoast-schema-graph\">{\"@context\":\"https:\\\/\\\/schema.org\",\"@graph\":[{\"@type\":\"Article\",\"@id\":\"https:\\\/\\\/exaudi.org\\\/es\\\/grecia-visita-de-jeronimo-ii-al-papa-francisco\\\/#article\",\"isPartOf\":{\"@id\":\"https:\\\/\\\/exaudi.org\\\/es\\\/grecia-visita-de-jeronimo-ii-al-papa-francisco\\\/\"},\"author\":{\"name\":\"Larissa I. L\u00f3pez\",\"@id\":\"https:\\\/\\\/exaudi.org\\\/#\\\/schema\\\/person\\\/7d2f77db033c2c0929edfab6dbe8c588\"},\"headline\":\"Papa y Jer\u00f3nimo II: Sigamos \u201cjuntos en este camino de fraternidad\u201d\",\"datePublished\":\"2021-12-06T07:35:01+00:00\",\"dateModified\":\"2021-12-07T09:04:00+00:00\",\"mainEntityOfPage\":{\"@id\":\"https:\\\/\\\/exaudi.org\\\/es\\\/grecia-visita-de-jeronimo-ii-al-papa-francisco\\\/\"},\"wordCount\":1123,\"commentCount\":0,\"image\":{\"@id\":\"https:\\\/\\\/exaudi.org\\\/es\\\/grecia-visita-de-jeronimo-ii-al-papa-francisco\\\/#primaryimage\"},\"thumbnailUrl\":\"https:\\\/\\\/exaudi.org\\\/wp-content\\\/uploads\\\/2021\\\/12\\\/SFO0973_1-1-scaled-e1638776202694.jpg\",\"keywords\":[\"Grecia\",\"Jer\u00f3nimo II\",\"papa francisco\",\"Trending\",\"Viaje del Papa Francisco a Chipre y Grecia\"],\"articleSection\":[\"Viajes\",\"Viajes Papales\"],\"inLanguage\":\"es\",\"potentialAction\":[{\"@type\":\"CommentAction\",\"name\":\"Comment\",\"target\":[\"https:\\\/\\\/exaudi.org\\\/es\\\/grecia-visita-de-jeronimo-ii-al-papa-francisco\\\/#respond\"]}]},{\"@type\":\"WebPage\",\"@id\":\"https:\\\/\\\/exaudi.org\\\/es\\\/grecia-visita-de-jeronimo-ii-al-papa-francisco\\\/\",\"url\":\"https:\\\/\\\/exaudi.org\\\/es\\\/grecia-visita-de-jeronimo-ii-al-papa-francisco\\\/\",\"name\":\"Papa y Jer\u00f3nimo II: Sigamos \u201cjuntos en este camino de fraternidad\u201d &#8211; Exaudi\",\"isPartOf\":{\"@id\":\"https:\\\/\\\/exaudi.org\\\/#website\"},\"primaryImageOfPage\":{\"@id\":\"https:\\\/\\\/exaudi.org\\\/es\\\/grecia-visita-de-jeronimo-ii-al-papa-francisco\\\/#primaryimage\"},\"image\":{\"@id\":\"https:\\\/\\\/exaudi.org\\\/es\\\/grecia-visita-de-jeronimo-ii-al-papa-francisco\\\/#primaryimage\"},\"thumbnailUrl\":\"https:\\\/\\\/exaudi.org\\\/wp-content\\\/uploads\\\/2021\\\/12\\\/SFO0973_1-1-scaled-e1638776202694.jpg\",\"datePublished\":\"2021-12-06T07:35:01+00:00\",\"dateModified\":\"2021-12-07T09:04:00+00:00\",\"author\":{\"@id\":\"https:\\\/\\\/exaudi.org\\\/#\\\/schema\\\/person\\\/7d2f77db033c2c0929edfab6dbe8c588\"},\"description\":\"\u201cQue el Se\u00f1or nos d\u00e9 la gracia de seguir juntos en este camino de fraternidad y de paz\u201d, escribi\u00f3 al Papa Francisco dirigi\u00e9ndose a Jer\u00f3nimo II\",\"breadcrumb\":{\"@id\":\"https:\\\/\\\/exaudi.org\\\/es\\\/grecia-visita-de-jeronimo-ii-al-papa-francisco\\\/#breadcrumb\"},\"inLanguage\":\"es\",\"potentialAction\":[{\"@type\":\"ReadAction\",\"target\":[\"https:\\\/\\\/exaudi.org\\\/es\\\/grecia-visita-de-jeronimo-ii-al-papa-francisco\\\/\"]}]},{\"@type\":\"ImageObject\",\"inLanguage\":\"es\",\"@id\":\"https:\\\/\\\/exaudi.org\\\/es\\\/grecia-visita-de-jeronimo-ii-al-papa-francisco\\\/#primaryimage\",\"url\":\"https:\\\/\\\/exaudi.org\\\/wp-content\\\/uploads\\\/2021\\\/12\\\/SFO0973_1-1-scaled-e1638776202694.jpg\",\"contentUrl\":\"https:\\\/\\\/exaudi.org\\\/wp-content\\\/uploads\\\/2021\\\/12\\\/SFO0973_1-1-scaled-e1638776202694.jpg\",\"width\":1707,\"height\":1862,\"caption\":\"Visita de Su Beatitud Jer\u00f3nimo II a la Nunciatura Apost\u00f3lica \u00a9 Vatican Media\"},{\"@type\":\"BreadcrumbList\",\"@id\":\"https:\\\/\\\/exaudi.org\\\/es\\\/grecia-visita-de-jeronimo-ii-al-papa-francisco\\\/#breadcrumb\",\"itemListElement\":[{\"@type\":\"ListItem\",\"position\":1,\"name\":\"Portada\",\"item\":\"https:\\\/\\\/exaudi.org\\\/es\\\/\"},{\"@type\":\"ListItem\",\"position\":2,\"name\":\"Papa y Jer\u00f3nimo II: Sigamos \u201cjuntos en este camino de fraternidad\u201d\"}]},{\"@type\":\"WebSite\",\"@id\":\"https:\\\/\\\/exaudi.org\\\/#website\",\"url\":\"https:\\\/\\\/exaudi.org\\\/\",\"name\":\"Exaudi\",\"description\":\"News\",\"potentialAction\":[{\"@type\":\"SearchAction\",\"target\":{\"@type\":\"EntryPoint\",\"urlTemplate\":\"https:\\\/\\\/exaudi.org\\\/?s={search_term_string}\"},\"query-input\":{\"@type\":\"PropertyValueSpecification\",\"valueRequired\":true,\"valueName\":\"search_term_string\"}}],\"inLanguage\":\"es\"},{\"@type\":\"Person\",\"@id\":\"https:\\\/\\\/exaudi.org\\\/#\\\/schema\\\/person\\\/7d2f77db033c2c0929edfab6dbe8c588\",\"name\":\"Larissa I. L\u00f3pez\",\"image\":{\"@type\":\"ImageObject\",\"inLanguage\":\"es\",\"@id\":\"https:\\\/\\\/secure.gravatar.com\\\/avatar\\\/db3ef399ff343d0bb9d25dc5198bc8ece5ac6d621eca79876697a354dabc1e3f?s=96&d=mm&r=g\",\"url\":\"https:\\\/\\\/secure.gravatar.com\\\/avatar\\\/db3ef399ff343d0bb9d25dc5198bc8ece5ac6d621eca79876697a354dabc1e3f?s=96&d=mm&r=g\",\"contentUrl\":\"https:\\\/\\\/secure.gravatar.com\\\/avatar\\\/db3ef399ff343d0bb9d25dc5198bc8ece5ac6d621eca79876697a354dabc1e3f?s=96&d=mm&r=g\",\"caption\":\"Larissa I. L\u00f3pez\"},\"description\":\"Doctora en Comunicaci\u00f3n. Mi trayectoria profesional ha transcurrido entre el \u00e1mbito de la comunicaci\u00f3n y el de la docencia. En los \u00faltimos a\u00f1os, he trabajado como coordinadora y redactora de la edici\u00f3n de ZENIT en espa\u00f1ol. Como profesora, he impartido clases en la universidad y en centros de FP y bachillerato. Cordobesa de nacimiento, tambi\u00e9n he vivido en Sevilla, Madrid y Roma\",\"url\":\"https:\\\/\\\/exaudi.org\\\/es\\\/author\\\/llopezexaudi-org\\\/\"}]}<\/script>\n<!-- \/ Yoast SEO plugin. -->","yoast_head_json":{"title":"Papa y Jer\u00f3nimo II: Sigamos \u201cjuntos en este camino de fraternidad\u201d &#8211; Exaudi","description":"\u201cQue el Se\u00f1or nos d\u00e9 la gracia de seguir juntos en este camino de fraternidad y de paz\u201d, escribi\u00f3 al Papa Francisco dirigi\u00e9ndose a Jer\u00f3nimo II","robots":{"index":"index","follow":"follow","max-snippet":"max-snippet:-1","max-image-preview":"max-image-preview:large","max-video-preview":"max-video-preview:-1"},"canonical":"https:\/\/exaudi.org\/es\/grecia-visita-de-jeronimo-ii-al-papa-francisco\/","og_locale":"es_ES","og_type":"article","og_title":"Papa y Jer\u00f3nimo II: Sigamos \u201cjuntos en este camino de fraternidad\u201d &#8211; Exaudi","og_description":"\u201cQue el Se\u00f1or nos d\u00e9 la gracia de seguir juntos en este camino de fraternidad y de paz\u201d, escribi\u00f3 al Papa Francisco dirigi\u00e9ndose a Jer\u00f3nimo II","og_url":"https:\/\/exaudi.org\/es\/grecia-visita-de-jeronimo-ii-al-papa-francisco\/","og_site_name":"Exaudi","article_publisher":"https:\/\/www.facebook.com\/ExaudiNews","article_published_time":"2021-12-06T07:35:01+00:00","article_modified_time":"2021-12-07T09:04:00+00:00","og_image":[{"width":1707,"height":1862,"url":"https:\/\/exaudi.org\/wp-content\/uploads\/2021\/12\/SFO0973_1-1-scaled-e1638776202694.jpg","type":"image\/jpeg"}],"author":"Larissa I. L\u00f3pez","twitter_card":"summary_large_image","twitter_creator":"@Exaudi_News","twitter_site":"@Exaudi_News","twitter_misc":{"Escrito por":"Larissa I. L\u00f3pez","Tiempo de lectura":"6 minutos"},"schema":{"@context":"https:\/\/schema.org","@graph":[{"@type":"Article","@id":"https:\/\/exaudi.org\/es\/grecia-visita-de-jeronimo-ii-al-papa-francisco\/#article","isPartOf":{"@id":"https:\/\/exaudi.org\/es\/grecia-visita-de-jeronimo-ii-al-papa-francisco\/"},"author":{"name":"Larissa I. L\u00f3pez","@id":"https:\/\/exaudi.org\/#\/schema\/person\/7d2f77db033c2c0929edfab6dbe8c588"},"headline":"Papa y Jer\u00f3nimo II: Sigamos \u201cjuntos en este camino de fraternidad\u201d","datePublished":"2021-12-06T07:35:01+00:00","dateModified":"2021-12-07T09:04:00+00:00","mainEntityOfPage":{"@id":"https:\/\/exaudi.org\/es\/grecia-visita-de-jeronimo-ii-al-papa-francisco\/"},"wordCount":1123,"commentCount":0,"image":{"@id":"https:\/\/exaudi.org\/es\/grecia-visita-de-jeronimo-ii-al-papa-francisco\/#primaryimage"},"thumbnailUrl":"https:\/\/exaudi.org\/wp-content\/uploads\/2021\/12\/SFO0973_1-1-scaled-e1638776202694.jpg","keywords":["Grecia","Jer\u00f3nimo II","papa francisco","Trending","Viaje del Papa Francisco a Chipre y Grecia"],"articleSection":["Viajes","Viajes Papales"],"inLanguage":"es","potentialAction":[{"@type":"CommentAction","name":"Comment","target":["https:\/\/exaudi.org\/es\/grecia-visita-de-jeronimo-ii-al-papa-francisco\/#respond"]}]},{"@type":"WebPage","@id":"https:\/\/exaudi.org\/es\/grecia-visita-de-jeronimo-ii-al-papa-francisco\/","url":"https:\/\/exaudi.org\/es\/grecia-visita-de-jeronimo-ii-al-papa-francisco\/","name":"Papa y Jer\u00f3nimo II: Sigamos \u201cjuntos en este camino de fraternidad\u201d &#8211; Exaudi","isPartOf":{"@id":"https:\/\/exaudi.org\/#website"},"primaryImageOfPage":{"@id":"https:\/\/exaudi.org\/es\/grecia-visita-de-jeronimo-ii-al-papa-francisco\/#primaryimage"},"image":{"@id":"https:\/\/exaudi.org\/es\/grecia-visita-de-jeronimo-ii-al-papa-francisco\/#primaryimage"},"thumbnailUrl":"https:\/\/exaudi.org\/wp-content\/uploads\/2021\/12\/SFO0973_1-1-scaled-e1638776202694.jpg","datePublished":"2021-12-06T07:35:01+00:00","dateModified":"2021-12-07T09:04:00+00:00","author":{"@id":"https:\/\/exaudi.org\/#\/schema\/person\/7d2f77db033c2c0929edfab6dbe8c588"},"description":"\u201cQue el Se\u00f1or nos d\u00e9 la gracia de seguir juntos en este camino de fraternidad y de paz\u201d, escribi\u00f3 al Papa Francisco dirigi\u00e9ndose a Jer\u00f3nimo II","breadcrumb":{"@id":"https:\/\/exaudi.org\/es\/grecia-visita-de-jeronimo-ii-al-papa-francisco\/#breadcrumb"},"inLanguage":"es","potentialAction":[{"@type":"ReadAction","target":["https:\/\/exaudi.org\/es\/grecia-visita-de-jeronimo-ii-al-papa-francisco\/"]}]},{"@type":"ImageObject","inLanguage":"es","@id":"https:\/\/exaudi.org\/es\/grecia-visita-de-jeronimo-ii-al-papa-francisco\/#primaryimage","url":"https:\/\/exaudi.org\/wp-content\/uploads\/2021\/12\/SFO0973_1-1-scaled-e1638776202694.jpg","contentUrl":"https:\/\/exaudi.org\/wp-content\/uploads\/2021\/12\/SFO0973_1-1-scaled-e1638776202694.jpg","width":1707,"height":1862,"caption":"Visita de Su Beatitud Jer\u00f3nimo II a la Nunciatura Apost\u00f3lica \u00a9 Vatican Media"},{"@type":"BreadcrumbList","@id":"https:\/\/exaudi.org\/es\/grecia-visita-de-jeronimo-ii-al-papa-francisco\/#breadcrumb","itemListElement":[{"@type":"ListItem","position":1,"name":"Portada","item":"https:\/\/exaudi.org\/es\/"},{"@type":"ListItem","position":2,"name":"Papa y Jer\u00f3nimo II: Sigamos \u201cjuntos en este camino de fraternidad\u201d"}]},{"@type":"WebSite","@id":"https:\/\/exaudi.org\/#website","url":"https:\/\/exaudi.org\/","name":"Exaudi","description":"News","potentialAction":[{"@type":"SearchAction","target":{"@type":"EntryPoint","urlTemplate":"https:\/\/exaudi.org\/?s={search_term_string}"},"query-input":{"@type":"PropertyValueSpecification","valueRequired":true,"valueName":"search_term_string"}}],"inLanguage":"es"},{"@type":"Person","@id":"https:\/\/exaudi.org\/#\/schema\/person\/7d2f77db033c2c0929edfab6dbe8c588","name":"Larissa I. L\u00f3pez","image":{"@type":"ImageObject","inLanguage":"es","@id":"https:\/\/secure.gravatar.com\/avatar\/db3ef399ff343d0bb9d25dc5198bc8ece5ac6d621eca79876697a354dabc1e3f?s=96&d=mm&r=g","url":"https:\/\/secure.gravatar.com\/avatar\/db3ef399ff343d0bb9d25dc5198bc8ece5ac6d621eca79876697a354dabc1e3f?s=96&d=mm&r=g","contentUrl":"https:\/\/secure.gravatar.com\/avatar\/db3ef399ff343d0bb9d25dc5198bc8ece5ac6d621eca79876697a354dabc1e3f?s=96&d=mm&r=g","caption":"Larissa I. L\u00f3pez"},"description":"Doctora en Comunicaci\u00f3n. Mi trayectoria profesional ha transcurrido entre el \u00e1mbito de la comunicaci\u00f3n y el de la docencia. En los \u00faltimos a\u00f1os, he trabajado como coordinadora y redactora de la edici\u00f3n de ZENIT en espa\u00f1ol. Como profesora, he impartido clases en la universidad y en centros de FP y bachillerato. Cordobesa de nacimiento, tambi\u00e9n he vivido en Sevilla, Madrid y Roma","url":"https:\/\/exaudi.org\/es\/author\/llopezexaudi-org\/"}]}},"jetpack_featured_media_url":"https:\/\/exaudi.org\/wp-content\/uploads\/2021\/12\/SFO0973_1-1-scaled-e1638776202694.jpg","jetpack_shortlink":"https:\/\/wp.me\/pgKjF2-bCs","_links":{"self":[{"href":"https:\/\/exaudi.org\/es\/wp-json\/wp\/v2\/posts\/44668","targetHints":{"allow":["GET"]}}],"collection":[{"href":"https:\/\/exaudi.org\/es\/wp-json\/wp\/v2\/posts"}],"about":[{"href":"https:\/\/exaudi.org\/es\/wp-json\/wp\/v2\/types\/post"}],"author":[{"embeddable":true,"href":"https:\/\/exaudi.org\/es\/wp-json\/wp\/v2\/users\/5"}],"replies":[{"embeddable":true,"href":"https:\/\/exaudi.org\/es\/wp-json\/wp\/v2\/comments?post=44668"}],"version-history":[{"count":0,"href":"https:\/\/exaudi.org\/es\/wp-json\/wp\/v2\/posts\/44668\/revisions"}],"wp:featuredmedia":[{"embeddable":true,"href":"https:\/\/exaudi.org\/es\/wp-json\/wp\/v2\/media\/44687"}],"wp:attachment":[{"href":"https:\/\/exaudi.org\/es\/wp-json\/wp\/v2\/media?parent=44668"}],"wp:term":[{"taxonomy":"category","embeddable":true,"href":"https:\/\/exaudi.org\/es\/wp-json\/wp\/v2\/categories?post=44668"},{"taxonomy":"post_tag","embeddable":true,"href":"https:\/\/exaudi.org\/es\/wp-json\/wp\/v2\/tags?post=44668"}],"curies":[{"name":"wp","href":"https:\/\/api.w.org\/{rel}","templated":true}]}}