{"id":43875,"date":"2021-12-03T10:24:17","date_gmt":"2021-12-03T09:24:17","guid":{"rendered":"https:\/\/exaudi.org\/?p=43875"},"modified":"2021-12-03T11:00:21","modified_gmt":"2021-12-03T10:00:21","slug":"chipre-el-papa-se-reune-con-el-santo-sinodo-ortodoxo","status":"publish","type":"post","link":"https:\/\/exaudi.org\/es\/chipre-el-papa-se-reune-con-el-santo-sinodo-ortodoxo\/","title":{"rendered":"Chipre: El Papa se re\u00fane con el Santo S\u00ednodo ortodoxo"},"content":{"rendered":"<p>En torno a las 9 horas\u00a0 (las 8 en Roma), tras su visita a <a href=\"https:\/\/exaudi.org\/es\/chipre-visita-del-papa-a-crisostomos-ii\/\">Cris\u00f3stomos II<\/a>, arzobispo de Nueva Justiniana y de todo Chipre y m\u00e1xima autoridad de la Iglesia Ortodoxa autocefala del pa\u00eds, el Papa Francisco ha participado en un encuentro con el Santo S\u00ednodo en la catedral ortodoxa de San Juan el Te\u00f3logo, dedicada a San Juan el Ap\u00f3stol.<\/p>\n<p>El Santo Padre fue recibido en dicha catedral por Su Beatitud Cris\u00f3stomo II, quien pronunci\u00f3 un breve saludo de bienvenida al Pont\u00edfice. Despu\u00e9s, se escuch\u00f3 el discurso del Obispo de Roma. Al finalizar, Su Beatitud Cris\u00f3stomo II y el Papa se intercambiaron regalos y se dirigieron a la entrada principal para despedirse.<\/p>\n<h2>Santo S\u00ednodo<\/h2>\n<p>El Santo S\u00ednodo es la m\u00e1xima autoridad de la Iglesia Ortodoxa Autoc\u00e9fala de Chipre. Est\u00e1 presidido por el arzobispo de Nueva Justiniana y de todo Chipre, que reside en Nicosia, y est\u00e1 compuesto por el propio arzobispo-sacerdote y los 9 metropolitanos y 7 corepiscopados de Chipre. El actual arzobispo primado es Su Beatitud Cris\u00f3stomo II.<\/p>\n<p>Organizado en 12 comisiones, el Santo S\u00ednodo tiene la tarea de preservar la doctrina, el orden can\u00f3nico y lit\u00fargico de la Iglesia Ortodoxa de Chipre, mantener la comuni\u00f3n con el Patriarcado Ecum\u00e9nico y las dem\u00e1s Iglesias Ortodoxas y gestionar las relaciones ecum\u00e9nicas e interreligiosas. Tambi\u00e9n supervisa la administraci\u00f3n de la justicia eclesi\u00e1stica, la gesti\u00f3n financiera y el funcionamiento de la Oficina de Representaci\u00f3n de la Iglesia de Chipre ante la Uni\u00f3n Europea y supervisa la ense\u00f1anza religiosa. Se convoca a cuatro veces al a\u00f1o por el arzobispo-primado.<\/p>\n<p>La Asamblea de Ordinarios Cat\u00f3licos de Tierra Santa (AOCTS) re\u00fane a los Ordinarios de Rito Latino y Oriental de Israel, Palestina, Jordania y Chipre, y al Custodio de Tierra Santa. Seg\u00fan sus estatutos, aprobados por el papa Juan Pablo II.<\/p>\n<h2>Catedral ortodoxa<\/h2>\n<p><img loading=\"lazy\" decoding=\"async\" class=\"size-medium wp-image-43864 alignright\" src=\"https:\/\/exaudi.org\/wp-content\/uploads\/2021\/12\/RIP4529-200x300.jpg\" alt=\"Papa Santo S\u00ednodo iglesia\" width=\"200\" height=\"300\" srcset=\"https:\/\/exaudi.org\/wp-content\/uploads\/2021\/12\/RIP4529-200x300.jpg 200w, https:\/\/exaudi.org\/wp-content\/uploads\/2021\/12\/RIP4529-683x1024.jpg 683w, https:\/\/exaudi.org\/wp-content\/uploads\/2021\/12\/RIP4529-770x1155.jpg 770w, https:\/\/exaudi.org\/wp-content\/uploads\/2021\/12\/RIP4529-1024x1536.jpg 1024w, https:\/\/exaudi.org\/wp-content\/uploads\/2021\/12\/RIP4529-1365x2048.jpg 1365w, https:\/\/exaudi.org\/wp-content\/uploads\/2021\/12\/RIP4529-500x750.jpg 500w, https:\/\/exaudi.org\/wp-content\/uploads\/2021\/12\/RIP4529-293x440.jpg 293w, https:\/\/exaudi.org\/wp-content\/uploads\/2021\/12\/RIP4529-1400x2100.jpg 1400w, https:\/\/exaudi.org\/wp-content\/uploads\/2021\/12\/RIP4529-390x585.jpg 390w, https:\/\/exaudi.org\/wp-content\/uploads\/2021\/12\/RIP4529-scaled.jpg 1707w\" sizes=\"auto, (max-width: 200px) 100vw, 200px\" \/>La catedral ortodoxa, tambi\u00e9n conocida como catedral de San Juan el Te\u00f3logo, est\u00e1 dedicada a San Juan el Ap\u00f3stol y se construy\u00f3 en el emplazamiento de la antigua capilla del monasterio del mismo nombre, fundada probablemente entre los siglos X y XII. Una inscripci\u00f3n recuerda que la colocaci\u00f3n de la primera piedra fue realizada por el arzobispo Nikiforos el 30 de abril de 1662. Su construcci\u00f3n llevar\u00eda m\u00e1s de 10 a\u00f1os. El edificio tiene una c\u00fapula circular de estilo franco-bizantino y una sola nave con arco apuntado. El sencillo exterior contrasta con el interior ricamente decorado. A los visitantes les sorprenden los frescos que representan escenas de la Biblia -en particular la Crucifixi\u00f3n de Cristo con Mar\u00eda y Juan presenciando la escena- y el descubrimiento de la tumba de San Bernab\u00e9 en Salamina, as\u00ed como los paneles de madera pintados o recubiertos de oro, las l\u00e1mparas de cristal y las esculturas.<\/p>\n<h2>Discurso del Santo Padre<\/h2>\n<p><a href=\"https:\/\/exaudi.org\/es\/el-papa-al-santo-sinodo-una-iglesia-madre-todos-hijos-iglesia-madre\/\" target=\"_blank\" rel=\"noopener\">En su palabras<\/a>, Francisco expuso c\u00f3mo \u201cla gracia de estar aqu\u00ed me lleva a pensar que tenemos un origen apost\u00f3lico com\u00fan: Pablo atraves\u00f3 Chipre y posteriormente lleg\u00f3 a Roma\u201d. Por tanto, \u201cdescendemos del mismo ardor apost\u00f3lico y nos une un \u00fanico camino: el del Evangelio\u201d. Por eso, \u201cme agrada ver que seguimos caminando en la misma direcci\u00f3n, en busca de una fraternidad cada vez mayor y de la unidad plena\u201d.<\/p>\n<p>Asimismo, el Obispo de Roma record\u00f3 que \u201cnuestra Iglesia es madre, y una madre siempre acoge a sus hijos con ternura. Confiamos en esta Madre Iglesia, que nos re\u00fane a todos y que con paciencia, ternura y valent\u00eda nos hace avanzar en el camino del Se\u00f1or. Pero, para sentir la maternidad de la Iglesia, todos debemos ir all\u00ed, donde la Iglesia es madre. Todos, con nuestras diferencias, pero todos hijos de la Iglesia Madre\u201d.<\/p>\n<h2>Intercambio de regalos<\/h2>\n<p><img loading=\"lazy\" decoding=\"async\" class=\"alignleft wp-image-43861 size-medium\" src=\"https:\/\/exaudi.org\/wp-content\/uploads\/2021\/12\/Imagen-2-215x300.png\" alt=\"\" width=\"215\" height=\"300\" srcset=\"https:\/\/exaudi.org\/wp-content\/uploads\/2021\/12\/Imagen-2-215x300.png 215w, https:\/\/exaudi.org\/wp-content\/uploads\/2021\/12\/Imagen-2-500x697.png 500w, https:\/\/exaudi.org\/wp-content\/uploads\/2021\/12\/Imagen-2-293x408.png 293w, https:\/\/exaudi.org\/wp-content\/uploads\/2021\/12\/Imagen-2-390x544.png 390w, https:\/\/exaudi.org\/wp-content\/uploads\/2021\/12\/Imagen-2.png 693w\" sizes=\"auto, (max-width: 215px) 100vw, 215px\" \/><\/p>\n<p>Francisco ofreci\u00f3 como regalo al Santo S\u00ednodo un Codex Pauli. Publicado con motivo del bimilenario del nacimiento de san Pablo, se trata de un volumen \u00fanico de 424 p\u00e1ginas, enriquecido por una minuciosa selecci\u00f3n de frisos, marcos, miniaturas e ilustraciones procedentes de manuscritos de diferentes fechas de la Abad\u00eda de San Pablo Extramuros, en particular de la Biblia carolingia, conservada por los monjes benedictinos desde hace m\u00e1s de mil a\u00f1os.<\/p>\n<p>La portada, recubierta de piel de becerro lisa, presenta ocho paneles de bronce inspirados en la puerta bizantina de la <a href=\"https:\/\/www.vatican.va\/various\/basiliche\/san_paolo\/index_sp.html\" target=\"_blank\" rel=\"noopener\">bas\u00edlica de San Pablo Extramuros<\/a>, con escenas tomadas de los misterios de la vida de Cristo en la portada y de la vida de la Iglesia naciente en la contraportada. Las ocho esquinas est\u00e1n decoradas con la espada, s\u00edmbolo caracter\u00edstico de la iconograf\u00eda paulina.<\/p>\n","protected":false},"excerpt":{"rendered":"<p>En la catedral ortodoxa de San Juan el Te\u00f3logo <\/p>\n","protected":false},"author":81,"featured_media":43876,"comment_status":"open","ping_status":"open","sticky":false,"template":"","format":"standard","meta":{"_acf_changed":false,"_crdt_document":"","inline_featured_image":false,"footnotes":""},"categories":[68,126],"tags":[158,5088,4953],"class_list":["post-43875","post","type-post","status-publish","format-standard","has-post-thumbnail","hentry","category-leon-xiv","category-viajes-papales","tag-papa-francisco","tag-santo-sinodo","tag-trending-es"],"acf":[],"yoast_head":"<!-- This site is optimized with the Yoast SEO plugin v27.5 - https:\/\/yoast.com\/product\/yoast-seo-wordpress\/ -->\n<title>Chipre: El Papa se re\u00fane con el Santo S\u00ednodo ortodoxo &#8211; Exaudi<\/title>\n<meta name=\"description\" content=\"Chipre: El Papa Francisco ha participado en un encuentro con el Santo S\u00ednodo ortodoxo en la catedral ortodoxa de San Juan el Te\u00f3logo\" \/>\n<meta name=\"robots\" content=\"index, follow, max-snippet:-1, max-image-preview:large, max-video-preview:-1\" \/>\n<link rel=\"canonical\" href=\"https:\/\/exaudi.org\/es\/chipre-el-papa-se-reune-con-el-santo-sinodo-ortodoxo\/\" \/>\n<meta property=\"og:locale\" content=\"es_ES\" \/>\n<meta property=\"og:type\" content=\"article\" \/>\n<meta property=\"og:title\" content=\"Chipre: El Papa se re\u00fane con el Santo S\u00ednodo ortodoxo &#8211; Exaudi\" \/>\n<meta property=\"og:description\" content=\"Chipre: El Papa Francisco ha participado en un encuentro con el Santo S\u00ednodo ortodoxo en la catedral ortodoxa de San Juan el Te\u00f3logo\" \/>\n<meta property=\"og:url\" content=\"https:\/\/exaudi.org\/es\/chipre-el-papa-se-reune-con-el-santo-sinodo-ortodoxo\/\" \/>\n<meta property=\"og:site_name\" content=\"Exaudi\" \/>\n<meta property=\"article:publisher\" content=\"https:\/\/www.facebook.com\/ExaudiNews\" \/>\n<meta property=\"article:published_time\" content=\"2021-12-03T09:24:17+00:00\" \/>\n<meta property=\"article:modified_time\" content=\"2021-12-03T10:00:21+00:00\" \/>\n<meta property=\"og:image\" content=\"https:\/\/exaudi.org\/wp-content\/uploads\/2021\/12\/Disen\u0303o-sin-ti\u0301tulo-1-1.jpg\" \/>\n\t<meta property=\"og:image:width\" content=\"991\" \/>\n\t<meta property=\"og:image:height\" content=\"771\" \/>\n\t<meta property=\"og:image:type\" content=\"image\/jpeg\" \/>\n<meta name=\"author\" content=\"Alba Montalvo\" \/>\n<meta name=\"twitter:card\" content=\"summary_large_image\" \/>\n<meta name=\"twitter:creator\" content=\"@Exaudi_News\" \/>\n<meta name=\"twitter:site\" content=\"@Exaudi_News\" \/>\n<meta name=\"twitter:label1\" content=\"Escrito por\" \/>\n\t<meta name=\"twitter:data1\" content=\"Alba Montalvo\" \/>\n\t<meta name=\"twitter:label2\" content=\"Tiempo de lectura\" \/>\n\t<meta name=\"twitter:data2\" content=\"4 minutos\" \/>\n<script type=\"application\/ld+json\" class=\"yoast-schema-graph\">{\"@context\":\"https:\\\/\\\/schema.org\",\"@graph\":[{\"@type\":\"Article\",\"@id\":\"https:\\\/\\\/exaudi.org\\\/es\\\/chipre-el-papa-se-reune-con-el-santo-sinodo-ortodoxo\\\/#article\",\"isPartOf\":{\"@id\":\"https:\\\/\\\/exaudi.org\\\/es\\\/chipre-el-papa-se-reune-con-el-santo-sinodo-ortodoxo\\\/\"},\"author\":{\"name\":\"Alba Montalvo\",\"@id\":\"https:\\\/\\\/exaudi.org\\\/#\\\/schema\\\/person\\\/fc7b3cbb6f4d66ebcb53bf601d7b7eb1\"},\"headline\":\"Chipre: El Papa se re\u00fane con el Santo S\u00ednodo ortodoxo\",\"datePublished\":\"2021-12-03T09:24:17+00:00\",\"dateModified\":\"2021-12-03T10:00:21+00:00\",\"mainEntityOfPage\":{\"@id\":\"https:\\\/\\\/exaudi.org\\\/es\\\/chipre-el-papa-se-reune-con-el-santo-sinodo-ortodoxo\\\/\"},\"wordCount\":803,\"commentCount\":0,\"image\":{\"@id\":\"https:\\\/\\\/exaudi.org\\\/es\\\/chipre-el-papa-se-reune-con-el-santo-sinodo-ortodoxo\\\/#primaryimage\"},\"thumbnailUrl\":\"https:\\\/\\\/exaudi.org\\\/wp-content\\\/uploads\\\/2021\\\/12\\\/Disen\u0303o-sin-ti\u0301tulo-1-1.jpg\",\"keywords\":[\"papa francisco\",\"Santo Sinodo\",\"Trending\"],\"articleSection\":[\"Le\u00f3n XIV\",\"Viajes Papales\"],\"inLanguage\":\"es\",\"potentialAction\":[{\"@type\":\"CommentAction\",\"name\":\"Comment\",\"target\":[\"https:\\\/\\\/exaudi.org\\\/es\\\/chipre-el-papa-se-reune-con-el-santo-sinodo-ortodoxo\\\/#respond\"]}]},{\"@type\":\"WebPage\",\"@id\":\"https:\\\/\\\/exaudi.org\\\/es\\\/chipre-el-papa-se-reune-con-el-santo-sinodo-ortodoxo\\\/\",\"url\":\"https:\\\/\\\/exaudi.org\\\/es\\\/chipre-el-papa-se-reune-con-el-santo-sinodo-ortodoxo\\\/\",\"name\":\"Chipre: El Papa se re\u00fane con el Santo S\u00ednodo ortodoxo &#8211; Exaudi\",\"isPartOf\":{\"@id\":\"https:\\\/\\\/exaudi.org\\\/#website\"},\"primaryImageOfPage\":{\"@id\":\"https:\\\/\\\/exaudi.org\\\/es\\\/chipre-el-papa-se-reune-con-el-santo-sinodo-ortodoxo\\\/#primaryimage\"},\"image\":{\"@id\":\"https:\\\/\\\/exaudi.org\\\/es\\\/chipre-el-papa-se-reune-con-el-santo-sinodo-ortodoxo\\\/#primaryimage\"},\"thumbnailUrl\":\"https:\\\/\\\/exaudi.org\\\/wp-content\\\/uploads\\\/2021\\\/12\\\/Disen\u0303o-sin-ti\u0301tulo-1-1.jpg\",\"datePublished\":\"2021-12-03T09:24:17+00:00\",\"dateModified\":\"2021-12-03T10:00:21+00:00\",\"author\":{\"@id\":\"https:\\\/\\\/exaudi.org\\\/#\\\/schema\\\/person\\\/fc7b3cbb6f4d66ebcb53bf601d7b7eb1\"},\"description\":\"Chipre: El Papa Francisco ha participado en un encuentro con el Santo S\u00ednodo ortodoxo en la catedral ortodoxa de San Juan el Te\u00f3logo\",\"breadcrumb\":{\"@id\":\"https:\\\/\\\/exaudi.org\\\/es\\\/chipre-el-papa-se-reune-con-el-santo-sinodo-ortodoxo\\\/#breadcrumb\"},\"inLanguage\":\"es\",\"potentialAction\":[{\"@type\":\"ReadAction\",\"target\":[\"https:\\\/\\\/exaudi.org\\\/es\\\/chipre-el-papa-se-reune-con-el-santo-sinodo-ortodoxo\\\/\"]}]},{\"@type\":\"ImageObject\",\"inLanguage\":\"es\",\"@id\":\"https:\\\/\\\/exaudi.org\\\/es\\\/chipre-el-papa-se-reune-con-el-santo-sinodo-ortodoxo\\\/#primaryimage\",\"url\":\"https:\\\/\\\/exaudi.org\\\/wp-content\\\/uploads\\\/2021\\\/12\\\/Disen\u0303o-sin-ti\u0301tulo-1-1.jpg\",\"contentUrl\":\"https:\\\/\\\/exaudi.org\\\/wp-content\\\/uploads\\\/2021\\\/12\\\/Disen\u0303o-sin-ti\u0301tulo-1-1.jpg\",\"width\":991,\"height\":771,\"caption\":\"Catedral ortodoxa 3 dic.2021 \u00a9 Vatican Media\"},{\"@type\":\"BreadcrumbList\",\"@id\":\"https:\\\/\\\/exaudi.org\\\/es\\\/chipre-el-papa-se-reune-con-el-santo-sinodo-ortodoxo\\\/#breadcrumb\",\"itemListElement\":[{\"@type\":\"ListItem\",\"position\":1,\"name\":\"Portada\",\"item\":\"https:\\\/\\\/exaudi.org\\\/es\\\/\"},{\"@type\":\"ListItem\",\"position\":2,\"name\":\"Chipre: El Papa se re\u00fane con el Santo S\u00ednodo ortodoxo\"}]},{\"@type\":\"WebSite\",\"@id\":\"https:\\\/\\\/exaudi.org\\\/#website\",\"url\":\"https:\\\/\\\/exaudi.org\\\/\",\"name\":\"Exaudi\",\"description\":\"News\",\"potentialAction\":[{\"@type\":\"SearchAction\",\"target\":{\"@type\":\"EntryPoint\",\"urlTemplate\":\"https:\\\/\\\/exaudi.org\\\/?s={search_term_string}\"},\"query-input\":{\"@type\":\"PropertyValueSpecification\",\"valueRequired\":true,\"valueName\":\"search_term_string\"}}],\"inLanguage\":\"es\"},{\"@type\":\"Person\",\"@id\":\"https:\\\/\\\/exaudi.org\\\/#\\\/schema\\\/person\\\/fc7b3cbb6f4d66ebcb53bf601d7b7eb1\",\"name\":\"Alba Montalvo\",\"image\":{\"@type\":\"ImageObject\",\"inLanguage\":\"es\",\"@id\":\"https:\\\/\\\/secure.gravatar.com\\\/avatar\\\/1e8c522219a5df52d143b7baf13997ffd4f1814ca862efe7af11a13849275021?s=96&d=mm&r=g\",\"url\":\"https:\\\/\\\/secure.gravatar.com\\\/avatar\\\/1e8c522219a5df52d143b7baf13997ffd4f1814ca862efe7af11a13849275021?s=96&d=mm&r=g\",\"contentUrl\":\"https:\\\/\\\/secure.gravatar.com\\\/avatar\\\/1e8c522219a5df52d143b7baf13997ffd4f1814ca862efe7af11a13849275021?s=96&d=mm&r=g\",\"caption\":\"Alba Montalvo\"},\"description\":\"Licenciada en Periodismo y M\u00e1ster en Periodismo Social. Mi trayectoria profesional ha estado siempre vinculada al \u00e1mbito de la comunicaci\u00f3n en el entorno digital. He trabajado como productora, gestora de contenidos estrat\u00e9gicos para redes y entrevistadora en la Fundaci\u00f3n Mater Mundi TV. Madrile\u00f1a de nacimiento, actualmente vivo en M\u00e1laga.\",\"url\":\"https:\\\/\\\/exaudi.org\\\/es\\\/author\\\/amontalvoexaudi-org\\\/\"}]}<\/script>\n<!-- \/ Yoast SEO plugin. -->","yoast_head_json":{"title":"Chipre: El Papa se re\u00fane con el Santo S\u00ednodo ortodoxo &#8211; Exaudi","description":"Chipre: El Papa Francisco ha participado en un encuentro con el Santo S\u00ednodo ortodoxo en la catedral ortodoxa de San Juan el Te\u00f3logo","robots":{"index":"index","follow":"follow","max-snippet":"max-snippet:-1","max-image-preview":"max-image-preview:large","max-video-preview":"max-video-preview:-1"},"canonical":"https:\/\/exaudi.org\/es\/chipre-el-papa-se-reune-con-el-santo-sinodo-ortodoxo\/","og_locale":"es_ES","og_type":"article","og_title":"Chipre: El Papa se re\u00fane con el Santo S\u00ednodo ortodoxo &#8211; Exaudi","og_description":"Chipre: El Papa Francisco ha participado en un encuentro con el Santo S\u00ednodo ortodoxo en la catedral ortodoxa de San Juan el Te\u00f3logo","og_url":"https:\/\/exaudi.org\/es\/chipre-el-papa-se-reune-con-el-santo-sinodo-ortodoxo\/","og_site_name":"Exaudi","article_publisher":"https:\/\/www.facebook.com\/ExaudiNews","article_published_time":"2021-12-03T09:24:17+00:00","article_modified_time":"2021-12-03T10:00:21+00:00","og_image":[{"width":991,"height":771,"url":"https:\/\/exaudi.org\/wp-content\/uploads\/2021\/12\/Disen\u0303o-sin-ti\u0301tulo-1-1.jpg","type":"image\/jpeg"}],"author":"Alba Montalvo","twitter_card":"summary_large_image","twitter_creator":"@Exaudi_News","twitter_site":"@Exaudi_News","twitter_misc":{"Escrito por":"Alba Montalvo","Tiempo de lectura":"4 minutos"},"schema":{"@context":"https:\/\/schema.org","@graph":[{"@type":"Article","@id":"https:\/\/exaudi.org\/es\/chipre-el-papa-se-reune-con-el-santo-sinodo-ortodoxo\/#article","isPartOf":{"@id":"https:\/\/exaudi.org\/es\/chipre-el-papa-se-reune-con-el-santo-sinodo-ortodoxo\/"},"author":{"name":"Alba Montalvo","@id":"https:\/\/exaudi.org\/#\/schema\/person\/fc7b3cbb6f4d66ebcb53bf601d7b7eb1"},"headline":"Chipre: El Papa se re\u00fane con el Santo S\u00ednodo ortodoxo","datePublished":"2021-12-03T09:24:17+00:00","dateModified":"2021-12-03T10:00:21+00:00","mainEntityOfPage":{"@id":"https:\/\/exaudi.org\/es\/chipre-el-papa-se-reune-con-el-santo-sinodo-ortodoxo\/"},"wordCount":803,"commentCount":0,"image":{"@id":"https:\/\/exaudi.org\/es\/chipre-el-papa-se-reune-con-el-santo-sinodo-ortodoxo\/#primaryimage"},"thumbnailUrl":"https:\/\/exaudi.org\/wp-content\/uploads\/2021\/12\/Disen\u0303o-sin-ti\u0301tulo-1-1.jpg","keywords":["papa francisco","Santo Sinodo","Trending"],"articleSection":["Le\u00f3n XIV","Viajes Papales"],"inLanguage":"es","potentialAction":[{"@type":"CommentAction","name":"Comment","target":["https:\/\/exaudi.org\/es\/chipre-el-papa-se-reune-con-el-santo-sinodo-ortodoxo\/#respond"]}]},{"@type":"WebPage","@id":"https:\/\/exaudi.org\/es\/chipre-el-papa-se-reune-con-el-santo-sinodo-ortodoxo\/","url":"https:\/\/exaudi.org\/es\/chipre-el-papa-se-reune-con-el-santo-sinodo-ortodoxo\/","name":"Chipre: El Papa se re\u00fane con el Santo S\u00ednodo ortodoxo &#8211; Exaudi","isPartOf":{"@id":"https:\/\/exaudi.org\/#website"},"primaryImageOfPage":{"@id":"https:\/\/exaudi.org\/es\/chipre-el-papa-se-reune-con-el-santo-sinodo-ortodoxo\/#primaryimage"},"image":{"@id":"https:\/\/exaudi.org\/es\/chipre-el-papa-se-reune-con-el-santo-sinodo-ortodoxo\/#primaryimage"},"thumbnailUrl":"https:\/\/exaudi.org\/wp-content\/uploads\/2021\/12\/Disen\u0303o-sin-ti\u0301tulo-1-1.jpg","datePublished":"2021-12-03T09:24:17+00:00","dateModified":"2021-12-03T10:00:21+00:00","author":{"@id":"https:\/\/exaudi.org\/#\/schema\/person\/fc7b3cbb6f4d66ebcb53bf601d7b7eb1"},"description":"Chipre: El Papa Francisco ha participado en un encuentro con el Santo S\u00ednodo ortodoxo en la catedral ortodoxa de San Juan el Te\u00f3logo","breadcrumb":{"@id":"https:\/\/exaudi.org\/es\/chipre-el-papa-se-reune-con-el-santo-sinodo-ortodoxo\/#breadcrumb"},"inLanguage":"es","potentialAction":[{"@type":"ReadAction","target":["https:\/\/exaudi.org\/es\/chipre-el-papa-se-reune-con-el-santo-sinodo-ortodoxo\/"]}]},{"@type":"ImageObject","inLanguage":"es","@id":"https:\/\/exaudi.org\/es\/chipre-el-papa-se-reune-con-el-santo-sinodo-ortodoxo\/#primaryimage","url":"https:\/\/exaudi.org\/wp-content\/uploads\/2021\/12\/Disen\u0303o-sin-ti\u0301tulo-1-1.jpg","contentUrl":"https:\/\/exaudi.org\/wp-content\/uploads\/2021\/12\/Disen\u0303o-sin-ti\u0301tulo-1-1.jpg","width":991,"height":771,"caption":"Catedral ortodoxa 3 dic.2021 \u00a9 Vatican Media"},{"@type":"BreadcrumbList","@id":"https:\/\/exaudi.org\/es\/chipre-el-papa-se-reune-con-el-santo-sinodo-ortodoxo\/#breadcrumb","itemListElement":[{"@type":"ListItem","position":1,"name":"Portada","item":"https:\/\/exaudi.org\/es\/"},{"@type":"ListItem","position":2,"name":"Chipre: El Papa se re\u00fane con el Santo S\u00ednodo ortodoxo"}]},{"@type":"WebSite","@id":"https:\/\/exaudi.org\/#website","url":"https:\/\/exaudi.org\/","name":"Exaudi","description":"News","potentialAction":[{"@type":"SearchAction","target":{"@type":"EntryPoint","urlTemplate":"https:\/\/exaudi.org\/?s={search_term_string}"},"query-input":{"@type":"PropertyValueSpecification","valueRequired":true,"valueName":"search_term_string"}}],"inLanguage":"es"},{"@type":"Person","@id":"https:\/\/exaudi.org\/#\/schema\/person\/fc7b3cbb6f4d66ebcb53bf601d7b7eb1","name":"Alba Montalvo","image":{"@type":"ImageObject","inLanguage":"es","@id":"https:\/\/secure.gravatar.com\/avatar\/1e8c522219a5df52d143b7baf13997ffd4f1814ca862efe7af11a13849275021?s=96&d=mm&r=g","url":"https:\/\/secure.gravatar.com\/avatar\/1e8c522219a5df52d143b7baf13997ffd4f1814ca862efe7af11a13849275021?s=96&d=mm&r=g","contentUrl":"https:\/\/secure.gravatar.com\/avatar\/1e8c522219a5df52d143b7baf13997ffd4f1814ca862efe7af11a13849275021?s=96&d=mm&r=g","caption":"Alba Montalvo"},"description":"Licenciada en Periodismo y M\u00e1ster en Periodismo Social. Mi trayectoria profesional ha estado siempre vinculada al \u00e1mbito de la comunicaci\u00f3n en el entorno digital. He trabajado como productora, gestora de contenidos estrat\u00e9gicos para redes y entrevistadora en la Fundaci\u00f3n Mater Mundi TV. Madrile\u00f1a de nacimiento, actualmente vivo en M\u00e1laga.","url":"https:\/\/exaudi.org\/es\/author\/amontalvoexaudi-org\/"}]}},"jetpack_featured_media_url":"https:\/\/exaudi.org\/wp-content\/uploads\/2021\/12\/Disen\u0303o-sin-ti\u0301tulo-1-1.jpg","jetpack_shortlink":"https:\/\/wp.me\/pgKjF2-bpF","_links":{"self":[{"href":"https:\/\/exaudi.org\/es\/wp-json\/wp\/v2\/posts\/43875","targetHints":{"allow":["GET"]}}],"collection":[{"href":"https:\/\/exaudi.org\/es\/wp-json\/wp\/v2\/posts"}],"about":[{"href":"https:\/\/exaudi.org\/es\/wp-json\/wp\/v2\/types\/post"}],"author":[{"embeddable":true,"href":"https:\/\/exaudi.org\/es\/wp-json\/wp\/v2\/users\/81"}],"replies":[{"embeddable":true,"href":"https:\/\/exaudi.org\/es\/wp-json\/wp\/v2\/comments?post=43875"}],"version-history":[{"count":0,"href":"https:\/\/exaudi.org\/es\/wp-json\/wp\/v2\/posts\/43875\/revisions"}],"wp:featuredmedia":[{"embeddable":true,"href":"https:\/\/exaudi.org\/es\/wp-json\/wp\/v2\/media\/43876"}],"wp:attachment":[{"href":"https:\/\/exaudi.org\/es\/wp-json\/wp\/v2\/media?parent=43875"}],"wp:term":[{"taxonomy":"category","embeddable":true,"href":"https:\/\/exaudi.org\/es\/wp-json\/wp\/v2\/categories?post=43875"},{"taxonomy":"post_tag","embeddable":true,"href":"https:\/\/exaudi.org\/es\/wp-json\/wp\/v2\/tags?post=43875"}],"curies":[{"name":"wp","href":"https:\/\/api.w.org\/{rel}","templated":true}]}}