{"id":43648,"date":"2021-12-02T16:51:27","date_gmt":"2021-12-02T15:51:27","guid":{"rendered":"https:\/\/exaudi.org\/?p=43648"},"modified":"2021-12-02T23:45:32","modified_gmt":"2021-12-02T22:45:32","slug":"chipre-encuentro-del-papa-con-clero-y-movimientos-eclesiales","status":"publish","type":"post","link":"https:\/\/exaudi.org\/es\/chipre-encuentro-del-papa-con-clero-y-movimientos-eclesiales\/","title":{"rendered":"Chipre: Encuentro del Papa con clero y movimientos eclesiales"},"content":{"rendered":"<p>El Papa Francisco ha presidido hoy, 2 de diciembre de 2021, un encuentro con sacerdotes, religiosos y religiosas, di\u00e1conos, catequistas, asociaciones y movimientos eclesiales de Chipre en la Catedral maronita de Nuestra Se\u00f1ora de las Gracias, Nicosia, en torno a las 16 (hora local), las 15 en Roma.<\/p>\n<p><img loading=\"lazy\" decoding=\"async\" class=\"size-medium wp-image-43717 alignleft\" src=\"https:\/\/exaudi.org\/wp-content\/uploads\/2021\/12\/cq5dam.web_.800.800-2-3-300x200.jpeg\" alt=\"\" width=\"300\" height=\"200\" srcset=\"https:\/\/exaudi.org\/wp-content\/uploads\/2021\/12\/cq5dam.web_.800.800-2-3-300x200.jpeg 300w, https:\/\/exaudi.org\/wp-content\/uploads\/2021\/12\/cq5dam.web_.800.800-2-3-770x513.jpeg 770w, https:\/\/exaudi.org\/wp-content\/uploads\/2021\/12\/cq5dam.web_.800.800-2-3-360x240.jpeg?crop=1 360w, https:\/\/exaudi.org\/wp-content\/uploads\/2021\/12\/cq5dam.web_.800.800-2-3-500x333.jpeg 500w, https:\/\/exaudi.org\/wp-content\/uploads\/2021\/12\/cq5dam.web_.800.800-2-3-370x247.jpeg 370w, https:\/\/exaudi.org\/wp-content\/uploads\/2021\/12\/cq5dam.web_.800.800-2-3-293x195.jpeg 293w, https:\/\/exaudi.org\/wp-content\/uploads\/2021\/12\/cq5dam.web_.800.800-2-3-120x80.jpeg 120w, https:\/\/exaudi.org\/wp-content\/uploads\/2021\/12\/cq5dam.web_.800.800-2-3-240x160.jpeg 240w, https:\/\/exaudi.org\/wp-content\/uploads\/2021\/12\/cq5dam.web_.800.800-2-3-390x260.jpeg 390w, https:\/\/exaudi.org\/wp-content\/uploads\/2021\/12\/cq5dam.web_.800.800-2-3.jpeg 800w\" sizes=\"auto, (max-width: 300px) 100vw, 300px\" \/>Esta ha sido su primera actividad en Nicosia y en Chipre, primera parada de su 35\u00ba viaje apost\u00f3lico, que tambi\u00e9n tiene como destino Grecia. El Santo Padre <a href=\"https:\/\/exaudi.org\/es\/viaje-a-chipre-el-papa-llega-a-larnaca\/\" target=\"_blank\" rel=\"noopener\">lleg\u00f3 al aeropuerto chipriota de L\u00e1rnaca<\/a> en torno a las 15 (hora local), las 14 en Roma.<\/p>\n<h2><strong>Catedral maronita de Nuestra Se\u00f1ora de las Gracias<\/strong><\/h2>\n<p><img loading=\"lazy\" decoding=\"async\" class=\"size-medium wp-image-43737 alignright\" src=\"https:\/\/exaudi.org\/wp-content\/uploads\/2021\/12\/cq5dam.web_.800.800-10-300x200.jpeg\" alt=\"\" width=\"300\" height=\"200\" srcset=\"https:\/\/exaudi.org\/wp-content\/uploads\/2021\/12\/cq5dam.web_.800.800-10-300x200.jpeg 300w, https:\/\/exaudi.org\/wp-content\/uploads\/2021\/12\/cq5dam.web_.800.800-10-770x513.jpeg 770w, https:\/\/exaudi.org\/wp-content\/uploads\/2021\/12\/cq5dam.web_.800.800-10-360x240.jpeg?crop=1 360w, https:\/\/exaudi.org\/wp-content\/uploads\/2021\/12\/cq5dam.web_.800.800-10-500x333.jpeg 500w, https:\/\/exaudi.org\/wp-content\/uploads\/2021\/12\/cq5dam.web_.800.800-10-370x247.jpeg 370w, https:\/\/exaudi.org\/wp-content\/uploads\/2021\/12\/cq5dam.web_.800.800-10-293x195.jpeg 293w, https:\/\/exaudi.org\/wp-content\/uploads\/2021\/12\/cq5dam.web_.800.800-10-120x80.jpeg 120w, https:\/\/exaudi.org\/wp-content\/uploads\/2021\/12\/cq5dam.web_.800.800-10-240x160.jpeg 240w, https:\/\/exaudi.org\/wp-content\/uploads\/2021\/12\/cq5dam.web_.800.800-10-390x260.jpeg 390w, https:\/\/exaudi.org\/wp-content\/uploads\/2021\/12\/cq5dam.web_.800.800-10.jpeg 800w\" sizes=\"auto, (max-width: 300px) 100vw, 300px\" \/>La catedral maronita de Nuestra Se\u00f1ora de las Gracias de Nicosia es la sede de la archieparqu\u00eda de Chipre. Se construy\u00f3 por primera vez en el siglo XVII. Reconstruida hacia 1959, fue inaugurada el 28 de octubre de 1961 por el arzobispo maronita de Chipre, Elias Farah.<\/p>\n<p>Las restauraciones posteriores afectaron sobre todo al altar, que se reconstruy\u00f3 seg\u00fan las normas de la liturgia maronita; tambi\u00e9n se instalaron despu\u00e9s vidrieras que representaban episodios de la vida de los santos maronitas y se realizaron mosaicos en el exterior. Fue visitada el 6 de junio de 2010 por Benedicto XVI, el primer papa que realiz\u00f3 un viaje apost\u00f3lico a Chipre.<\/p>\n<h2><strong>Bienvenida del patriarca de los maronitas<\/strong><\/h2>\n<p><img loading=\"lazy\" decoding=\"async\" class=\"size-medium wp-image-43714 alignleft\" src=\"https:\/\/exaudi.org\/wp-content\/uploads\/2021\/12\/cq5dam.web_.800.800-3-2-300x200.jpeg\" alt=\"\" width=\"300\" height=\"200\" srcset=\"https:\/\/exaudi.org\/wp-content\/uploads\/2021\/12\/cq5dam.web_.800.800-3-2-300x200.jpeg 300w, https:\/\/exaudi.org\/wp-content\/uploads\/2021\/12\/cq5dam.web_.800.800-3-2-770x513.jpeg 770w, https:\/\/exaudi.org\/wp-content\/uploads\/2021\/12\/cq5dam.web_.800.800-3-2-360x240.jpeg?crop=1 360w, https:\/\/exaudi.org\/wp-content\/uploads\/2021\/12\/cq5dam.web_.800.800-3-2-500x333.jpeg 500w, https:\/\/exaudi.org\/wp-content\/uploads\/2021\/12\/cq5dam.web_.800.800-3-2-370x247.jpeg 370w, https:\/\/exaudi.org\/wp-content\/uploads\/2021\/12\/cq5dam.web_.800.800-3-2-293x195.jpeg 293w, https:\/\/exaudi.org\/wp-content\/uploads\/2021\/12\/cq5dam.web_.800.800-3-2-120x80.jpeg 120w, https:\/\/exaudi.org\/wp-content\/uploads\/2021\/12\/cq5dam.web_.800.800-3-2-240x160.jpeg 240w, https:\/\/exaudi.org\/wp-content\/uploads\/2021\/12\/cq5dam.web_.800.800-3-2-390x260.jpeg 390w, https:\/\/exaudi.org\/wp-content\/uploads\/2021\/12\/cq5dam.web_.800.800-3-2.jpeg 800w\" sizes=\"auto, (max-width: 300px) 100vw, 300px\" \/>El Santo Padre ha sido recibido en la entrada principal de la catedral por el patriarca de Antioqu\u00eda de los maronitas, cardenal B\u00e9chara Boutros Ra\u00ef, y el arzobispo, que le entregan la cruz y el agua bendita. A continuaci\u00f3n, se dirigieron juntos al interior de la Catedral.<\/p>\n<p>Tras unos cantos, el cardenal Ra\u00ef ha ofrecido un saludo de bienvenida al Pont\u00edfice en nombre de todos los presentes y de la eparqu\u00eda de los maronitas, todos reunidos \u201cpara escuchar sus luminosas palabras\u201d y \u201cobtener su bendici\u00f3n apost\u00f3lica\u201d, indic\u00f3.<\/p>\n<p>El patriarca se refiri\u00f3 despu\u00e9s a la situaci\u00f3n de divisi\u00f3n en el pa\u00eds desde 1974, momento en el que se produjo la divisi\u00f3n de dos partes, cuando Turqu\u00eda invadi\u00f3 y ocup\u00f3 un tercio de la superficie de esta isla, la parte norte, y de la esperanza de una reunificaci\u00f3n. Tambi\u00e9n habl\u00f3 sobre la presencia milenaria de los maronitas en Chipre. \u201cEl inicio de la migraci\u00f3n desde el L\u00edbano se produjo en el siglo VIII, mucho antes de la llegada de los cruzados (1192). Ya en 1121 el patriarca nombr\u00f3 un superior para el convento de san Juan Cris\u00f3stomo, donde viv\u00edan los religiosos maronitas\u201d.<\/p>\n<p><img loading=\"lazy\" decoding=\"async\" class=\"size-medium wp-image-43733 alignright\" src=\"https:\/\/exaudi.org\/wp-content\/uploads\/2021\/12\/cq5dam.web_.800.800-9-300x200.jpeg\" alt=\"\" width=\"300\" height=\"200\" srcset=\"https:\/\/exaudi.org\/wp-content\/uploads\/2021\/12\/cq5dam.web_.800.800-9-300x200.jpeg 300w, https:\/\/exaudi.org\/wp-content\/uploads\/2021\/12\/cq5dam.web_.800.800-9-770x513.jpeg 770w, https:\/\/exaudi.org\/wp-content\/uploads\/2021\/12\/cq5dam.web_.800.800-9-360x240.jpeg?crop=1 360w, https:\/\/exaudi.org\/wp-content\/uploads\/2021\/12\/cq5dam.web_.800.800-9-500x333.jpeg 500w, https:\/\/exaudi.org\/wp-content\/uploads\/2021\/12\/cq5dam.web_.800.800-9-370x247.jpeg 370w, https:\/\/exaudi.org\/wp-content\/uploads\/2021\/12\/cq5dam.web_.800.800-9-293x195.jpeg 293w, https:\/\/exaudi.org\/wp-content\/uploads\/2021\/12\/cq5dam.web_.800.800-9-120x80.jpeg 120w, https:\/\/exaudi.org\/wp-content\/uploads\/2021\/12\/cq5dam.web_.800.800-9-240x160.jpeg 240w, https:\/\/exaudi.org\/wp-content\/uploads\/2021\/12\/cq5dam.web_.800.800-9-390x260.jpeg 390w, https:\/\/exaudi.org\/wp-content\/uploads\/2021\/12\/cq5dam.web_.800.800-9.jpeg 800w\" sizes=\"auto, (max-width: 300px) 100vw, 300px\" \/>\u201cEn el siglo XIII, el n\u00famero de maronitas era de 80.000 repartidos en 60 aldeas, que se redujo a 39 en 1508 bajo el Imperio Otomano debido a diversas dificultades. El primer obispo maronita fue elegido en el a\u00f1o 1310. En 1735 el superior general de la orden maronita libanesa envi\u00f3 all\u00ed a dos religiosos para fundar un convento y una escuela\u201d, relat\u00f3.<\/p>\n<p>Hoy en d\u00eda, \u201ctras los acontecimientos de 1974 y la divisi\u00f3n de la isla, el n\u00famero de maronitas asciende a unos 7.000 y el n\u00famero de parroquias a 10\u201d, apunt\u00f3. Asimismo, el purpurado expuso que los maronitas de Chipre mantienen muy buenas relaciones con las comunidades latina y armenia y con la Iglesia Ortodoxa griega, as\u00ed como con la Presidencia de la Rep\u00fablica, los ministros y los diputados, y el Cuerpo Diplom\u00e1tico.<\/p>\n<p>\u201cLas distintas comunidades de esta isla acogedora cantan al un\u00edsono: \u2018\u00a1<span id=\"v1\">Qu\u00e9 bueno y qu\u00e9 tierno es<\/span><span id=\"v1\"> ver a esos hermanos vivir juntos<\/span>!&#8217;\u201d (<a href=\"https:\/\/www.sanpablo.es\/biblia-latinoamericana\/la-biblia\/antiguo-testamento\/introduccion-a-los-profetas\/salmos\/133\" target=\"_blank\" rel=\"noopener\">Sal. 133,1<\/a>), concluy\u00f3.<\/p>\n<h2><strong>Testimonio de sor Antonia<\/strong><\/h2>\n<p><img loading=\"lazy\" decoding=\"async\" class=\"alignleft wp-image-43720 size-medium\" src=\"https:\/\/exaudi.org\/wp-content\/uploads\/2021\/12\/cq5dam.web_.800.800-6-1-300x200.jpeg\" alt=\"Chipre Papa clero comunidades\" width=\"300\" height=\"200\" srcset=\"https:\/\/exaudi.org\/wp-content\/uploads\/2021\/12\/cq5dam.web_.800.800-6-1-300x200.jpeg 300w, https:\/\/exaudi.org\/wp-content\/uploads\/2021\/12\/cq5dam.web_.800.800-6-1-770x513.jpeg 770w, https:\/\/exaudi.org\/wp-content\/uploads\/2021\/12\/cq5dam.web_.800.800-6-1-360x240.jpeg?crop=1 360w, https:\/\/exaudi.org\/wp-content\/uploads\/2021\/12\/cq5dam.web_.800.800-6-1-500x333.jpeg 500w, https:\/\/exaudi.org\/wp-content\/uploads\/2021\/12\/cq5dam.web_.800.800-6-1-370x247.jpeg 370w, https:\/\/exaudi.org\/wp-content\/uploads\/2021\/12\/cq5dam.web_.800.800-6-1-293x195.jpeg 293w, https:\/\/exaudi.org\/wp-content\/uploads\/2021\/12\/cq5dam.web_.800.800-6-1-120x80.jpeg 120w, https:\/\/exaudi.org\/wp-content\/uploads\/2021\/12\/cq5dam.web_.800.800-6-1-240x160.jpeg 240w, https:\/\/exaudi.org\/wp-content\/uploads\/2021\/12\/cq5dam.web_.800.800-6-1-390x260.jpeg 390w, https:\/\/exaudi.org\/wp-content\/uploads\/2021\/12\/cq5dam.web_.800.800-6-1.jpeg 800w\" sizes=\"auto, (max-width: 300px) 100vw, 300px\" \/>Despu\u00e9s, sor Antonia Piripitsi, hermana Franciscana Misionera del Sagrado Coraz\u00f3n, ha ofrecido su testimonio. La religiosa cont\u00f3 que en la actualidad solo existen 3 escuelas cat\u00f3licas en Chipre.<\/p>\n<p>En dos de ellas, el <em>Terra Santa College<\/em> y la Escuela de Santa Mar\u00eda est\u00e1n abiertos a chicos y chicas de todas las etnias, mentalidades, culturas y religiones. \u201cUn lugar de encuentro verdaderamente ecum\u00e9nico, sin ninguna discriminaci\u00f3n, donde se construyen puentes, donde los alumnos aprenden a respetarse los unos a los otros en su diversidad, a amarse, a ayudarse, a dialogar, a trabajar juntos para construir un futuro mejor, un futuro en el que todos puedan vivir como hermanos y hermanas, sin distinci\u00f3n de raza, cultura, religi\u00f3n o lengua\u201d, define.<\/p>\n<p><img loading=\"lazy\" decoding=\"async\" class=\"size-medium wp-image-43730 alignright\" src=\"https:\/\/exaudi.org\/wp-content\/uploads\/2021\/12\/cq5dam.web_.800.800-8-1-300x200.jpeg\" alt=\"\" width=\"300\" height=\"200\" srcset=\"https:\/\/exaudi.org\/wp-content\/uploads\/2021\/12\/cq5dam.web_.800.800-8-1-300x200.jpeg 300w, https:\/\/exaudi.org\/wp-content\/uploads\/2021\/12\/cq5dam.web_.800.800-8-1-770x513.jpeg 770w, https:\/\/exaudi.org\/wp-content\/uploads\/2021\/12\/cq5dam.web_.800.800-8-1-360x240.jpeg?crop=1 360w, https:\/\/exaudi.org\/wp-content\/uploads\/2021\/12\/cq5dam.web_.800.800-8-1-500x333.jpeg 500w, https:\/\/exaudi.org\/wp-content\/uploads\/2021\/12\/cq5dam.web_.800.800-8-1-370x247.jpeg 370w, https:\/\/exaudi.org\/wp-content\/uploads\/2021\/12\/cq5dam.web_.800.800-8-1-293x195.jpeg 293w, https:\/\/exaudi.org\/wp-content\/uploads\/2021\/12\/cq5dam.web_.800.800-8-1-120x80.jpeg 120w, https:\/\/exaudi.org\/wp-content\/uploads\/2021\/12\/cq5dam.web_.800.800-8-1-240x160.jpeg 240w, https:\/\/exaudi.org\/wp-content\/uploads\/2021\/12\/cq5dam.web_.800.800-8-1-390x260.jpeg 390w, https:\/\/exaudi.org\/wp-content\/uploads\/2021\/12\/cq5dam.web_.800.800-8-1.jpeg 800w\" sizes=\"auto, (max-width: 300px) 100vw, 300px\" \/>En el pasado, explica sor Antonia, hab\u00eda otras tres escuelas cat\u00f3licas, que se vieron obligadas a abandonar tras la invasi\u00f3n de las fuerzas turcas en 1974: \u201cAlgunas de nuestras hermanas mayores nos cuentan con dolor c\u00f3mo tuvieron que huir sin dudarlo para salvar el pellejo.\u00a0 Pensaron que s\u00f3lo se ir\u00edan una noche y volver\u00edan al d\u00eda siguiente, pero esa noche ha durado 47 a\u00f1os\u201d.<\/p>\n<p>La hermana describi\u00f3 que los sucesos de ese a\u00f1o marcaron una p\u00e1gina dram\u00e1tica en la coexistencia pac\u00edfica entre las poblaciones cristiana grecochipriota y musulmana turcochipriota. La divisi\u00f3n de Chipre \u201ccambi\u00f3 radicalmente no s\u00f3lo la estructura pol\u00edtica y social de la isla, sino tambi\u00e9n nuestra misi\u00f3n en la zona ocupada del norte\u201d. No obstante, a pesar de las diversas dificultades y peligros, las hermanas, ayudadas por los sacerdotes maronitas, nunca han dejado de estar presentes, \u201cpobres entre los pobres, para apoyarlos espiritual y moralmente, y hacer as\u00ed que las campanas de algunas iglesias sigan sonando\u201d.<\/p>\n<h2><strong>Testimonio de sor Perpetua <\/strong><\/h2>\n<p><img loading=\"lazy\" decoding=\"async\" class=\"alignleft wp-image-43723 size-medium\" src=\"https:\/\/exaudi.org\/wp-content\/uploads\/2021\/12\/cq5dam.web_.800.800-5-1-200x300.jpeg\" alt=\"Chipre Papa clero comunidades\" width=\"200\" height=\"300\" srcset=\"https:\/\/exaudi.org\/wp-content\/uploads\/2021\/12\/cq5dam.web_.800.800-5-1-200x300.jpeg 200w, https:\/\/exaudi.org\/wp-content\/uploads\/2021\/12\/cq5dam.web_.800.800-5-1-500x750.jpeg 500w, https:\/\/exaudi.org\/wp-content\/uploads\/2021\/12\/cq5dam.web_.800.800-5-1-293x440.jpeg 293w, https:\/\/exaudi.org\/wp-content\/uploads\/2021\/12\/cq5dam.web_.800.800-5-1-390x585.jpeg 390w, https:\/\/exaudi.org\/wp-content\/uploads\/2021\/12\/cq5dam.web_.800.800-5-1.jpeg 533w\" sizes=\"auto, (max-width: 200px) 100vw, 200px\" \/>Por otro lado, sor Perpetua Nyein Nyein Loo, hermana de San Jos\u00e9 de la Aparici\u00f3n, relat\u00f3 que los 4 institutos femeninos de vida consagrada presentes en Chipre -Misioneras Franciscanas del Sagrado Coraz\u00f3n, Hermanas de San Jos\u00e9 de la Aparici\u00f3n, Hermanas del Perpetuo Socorro de Sri Lanka y Hermanas v Antoninas &#8211; est\u00e1n actualmente comprometidos en una serie de apostolados pastorales, educativos y caritativos en la isla.<\/p>\n<p>Gran parte de su trabajo consiste en defender los derechos humanos b\u00e1sicos de los necesitados y de los trabajadores inmigrantes, \u201cque a menudo deben soportar la carga de deudas desproporcionadas, as\u00ed como un trato duro e injusto, que incluye salarios impagados, jornadas laborales excesivamente largas, abusos verbales y f\u00edsicos y otras formas de discriminaci\u00f3n\u201d.<\/p>\n<p>En este contexto, las comunidades religiosas luchan por restablecer la dignidad humana proporcionando alojamiento y alimentos, legalizando la situaci\u00f3n de los trabajadores y ayud\u00e1ndoles a encontrar empleo y ayuda financiera.<\/p>\n<p>Otra labor vital que realizan tiene que ver con \u201cla educaci\u00f3n de las generaciones futuras\u201d.\u00a0 Con el fin de crear una sociedad \u201cm\u00e1s humana y m\u00e1s respetuosa\u201d con la diversidad cultural y racial.\u00a0 \u201cGracias a la \u00e9tica religiosa inculcada a los j\u00f3venes, que pueden transmitir los valores del Evangelio despu\u00e9s de ponerlos en pr\u00e1ctica en sus propias vidas, nuestro futuro ser\u00e1 a\u00fan m\u00e1s vibrante\u201d, explica la monja.<\/p>\n<p>En esta misi\u00f3n, \u201cha sido muy importante la creaci\u00f3n de centros de atenci\u00f3n digna para los ancianos, particularmente vulnerables debido a las condiciones sociales actuales y a los gastos de la asistencia sanitaria\u201d. Al mismo tiempo, estas congregaciones tambi\u00e9n atienden a los enfermos, a los que sufren y a los excluidos.<\/p>\n<p><img loading=\"lazy\" decoding=\"async\" class=\"size-medium wp-image-43711 alignright\" src=\"https:\/\/exaudi.org\/wp-content\/uploads\/2021\/12\/cq5dam.web_.800.800-4-1-300x200.jpeg\" alt=\"\" width=\"300\" height=\"200\" srcset=\"https:\/\/exaudi.org\/wp-content\/uploads\/2021\/12\/cq5dam.web_.800.800-4-1-300x200.jpeg 300w, https:\/\/exaudi.org\/wp-content\/uploads\/2021\/12\/cq5dam.web_.800.800-4-1-770x513.jpeg 770w, https:\/\/exaudi.org\/wp-content\/uploads\/2021\/12\/cq5dam.web_.800.800-4-1-360x240.jpeg?crop=1 360w, https:\/\/exaudi.org\/wp-content\/uploads\/2021\/12\/cq5dam.web_.800.800-4-1-500x333.jpeg 500w, https:\/\/exaudi.org\/wp-content\/uploads\/2021\/12\/cq5dam.web_.800.800-4-1-370x247.jpeg 370w, https:\/\/exaudi.org\/wp-content\/uploads\/2021\/12\/cq5dam.web_.800.800-4-1-293x195.jpeg 293w, https:\/\/exaudi.org\/wp-content\/uploads\/2021\/12\/cq5dam.web_.800.800-4-1-120x80.jpeg 120w, https:\/\/exaudi.org\/wp-content\/uploads\/2021\/12\/cq5dam.web_.800.800-4-1-240x160.jpeg 240w, https:\/\/exaudi.org\/wp-content\/uploads\/2021\/12\/cq5dam.web_.800.800-4-1-390x260.jpeg 390w, https:\/\/exaudi.org\/wp-content\/uploads\/2021\/12\/cq5dam.web_.800.800-4-1.jpeg 800w\" sizes=\"auto, (max-width: 300px) 100vw, 300px\" \/>Adem\u00e1s, los religiosos de Chipre tambi\u00e9n trabajan en estrecho contacto con las parroquias, \u201cprestando numerosos servicios pastorales que les ayudan a llevar a cabo la celebraci\u00f3n de la Eucarist\u00eda, la preparaci\u00f3n sacramental y la transmisi\u00f3n de la ense\u00f1anza de la Iglesia\u201d.<\/p>\n<p>Finalmente, sor Perpetua indic\u00f3 que su labor se inspira \u201cen la visi\u00f3n pastoral de Su Santidad de ir a las periferias. A pesar de los obst\u00e1culos y las dificultades, con la ayuda de la divina Providencia, continuamos la obra del Se\u00f1or de difundir el Evangelio y hacer que la palabra de Dios, sembrada por los Ap\u00f3stoles Bernab\u00e9 y Pablo, sea fruct\u00edfera y vibrante en Chipre hoy\u201d.<\/p>\n<h2><strong>Paciencia y fraternidad<\/strong><\/h2>\n<p><img loading=\"lazy\" decoding=\"async\" class=\"alignleft wp-image-43727 size-medium\" src=\"https:\/\/exaudi.org\/wp-content\/uploads\/2021\/12\/cq5dam.web_.800.800-7-1-300x200.jpeg\" alt=\"Chipre Papa clero comunidades\" width=\"300\" height=\"200\" srcset=\"https:\/\/exaudi.org\/wp-content\/uploads\/2021\/12\/cq5dam.web_.800.800-7-1-300x200.jpeg 300w, https:\/\/exaudi.org\/wp-content\/uploads\/2021\/12\/cq5dam.web_.800.800-7-1-770x513.jpeg 770w, https:\/\/exaudi.org\/wp-content\/uploads\/2021\/12\/cq5dam.web_.800.800-7-1-360x240.jpeg?crop=1 360w, https:\/\/exaudi.org\/wp-content\/uploads\/2021\/12\/cq5dam.web_.800.800-7-1-500x333.jpeg 500w, https:\/\/exaudi.org\/wp-content\/uploads\/2021\/12\/cq5dam.web_.800.800-7-1-370x247.jpeg 370w, https:\/\/exaudi.org\/wp-content\/uploads\/2021\/12\/cq5dam.web_.800.800-7-1-293x195.jpeg 293w, https:\/\/exaudi.org\/wp-content\/uploads\/2021\/12\/cq5dam.web_.800.800-7-1-120x80.jpeg 120w, https:\/\/exaudi.org\/wp-content\/uploads\/2021\/12\/cq5dam.web_.800.800-7-1-240x160.jpeg 240w, https:\/\/exaudi.org\/wp-content\/uploads\/2021\/12\/cq5dam.web_.800.800-7-1-390x260.jpeg 390w, https:\/\/exaudi.org\/wp-content\/uploads\/2021\/12\/cq5dam.web_.800.800-7-1.jpeg 800w\" sizes=\"auto, (max-width: 300px) 100vw, 300px\" \/>Tras la lectura de los Hechos de los Ap\u00f3stoles (13, 1-4), en italiano, Francisco ha emitido su <a href=\"https:\/\/exaudi.org\/es\/xhipre-ser-siempre-una-iglesia-paciente-y-fraterna\/\" target=\"_blank\" rel=\"noopener\">discurso<\/a>. En \u00e9l, Su Santidad se ha referido a la figura del ap\u00f3stol Bernab\u00e9, \u201chijo de este pueblo, disc\u00edpulo enamorado de Jes\u00fas, intr\u00e9pido anunciador del Evangelio\u201d y ha reflexionado sobre dos cuestiones que tienen que ver con este ap\u00f3stol: la paciencia y la fraternidad. \u201cLes deseo que sean siempre una Iglesia paciente, que discierne, acompa\u00f1a e integra; y una Iglesia fraterna, que hace espacio al otro, que discute, pero permanece unida\u201d, expuso.<\/p>\n<p>Por \u00faltimo, se han rezado unas letan\u00edas a la Virgen, el Papa ha impartido la bendici\u00f3n final y ha recibido como regalo el icono de la Virgen y una cruz.<\/p>\n","protected":false},"excerpt":{"rendered":"<p>En la catedral maronita de Nuestra Se\u00f1ora de las Gracias, Nicosia<\/p>\n","protected":false},"author":5,"featured_media":43649,"comment_status":"open","ping_status":"open","sticky":false,"template":"","format":"standard","meta":{"_acf_changed":false,"_crdt_document":"","inline_featured_image":false,"footnotes":""},"categories":[68,120,126],"tags":[2647,5081,158,4953,5035],"class_list":["post-43648","post","type-post","status-publish","format-standard","has-post-thumbnail","hentry","category-leon-xiv","category-viajes","category-viajes-papales","tag-chipre","tag-nicosia","tag-papa-francisco","tag-trending-es","tag-viaje-del-papa-francisco-a-chipre-y-grecia"],"acf":[],"yoast_head":"<!-- This site is optimized with the Yoast SEO plugin v27.5 - https:\/\/yoast.com\/product\/yoast-seo-wordpress\/ -->\n<title>Chipre: Encuentro del Papa con clero y movimientos eclesiales &#8211; Exaudi<\/title>\n<meta name=\"description\" content=\"Chipre: El Papa ha presidido un encuentro con el clero, sacerdotes, religiosos, di\u00e1conos, catequistas, asociaciones y movimientos eclesiales\" \/>\n<meta name=\"robots\" content=\"index, follow, max-snippet:-1, max-image-preview:large, max-video-preview:-1\" \/>\n<link rel=\"canonical\" href=\"https:\/\/exaudi.org\/es\/chipre-encuentro-del-papa-con-clero-y-movimientos-eclesiales\/\" \/>\n<meta property=\"og:locale\" content=\"es_ES\" \/>\n<meta property=\"og:type\" content=\"article\" \/>\n<meta property=\"og:title\" content=\"Chipre: Encuentro del Papa con clero y movimientos eclesiales &#8211; Exaudi\" \/>\n<meta property=\"og:description\" content=\"Chipre: El Papa ha presidido un encuentro con el clero, sacerdotes, religiosos, di\u00e1conos, catequistas, asociaciones y movimientos eclesiales\" \/>\n<meta property=\"og:url\" content=\"https:\/\/exaudi.org\/es\/chipre-encuentro-del-papa-con-clero-y-movimientos-eclesiales\/\" \/>\n<meta property=\"og:site_name\" content=\"Exaudi\" \/>\n<meta property=\"article:publisher\" content=\"https:\/\/www.facebook.com\/ExaudiNews\" \/>\n<meta property=\"article:published_time\" content=\"2021-12-02T15:51:27+00:00\" \/>\n<meta property=\"article:modified_time\" content=\"2021-12-02T22:45:32+00:00\" \/>\n<meta property=\"og:image\" content=\"https:\/\/exaudi.org\/wp-content\/uploads\/2021\/12\/RIP4257-scaled.jpg\" \/>\n\t<meta property=\"og:image:width\" content=\"2560\" \/>\n\t<meta property=\"og:image:height\" content=\"1707\" \/>\n\t<meta property=\"og:image:type\" content=\"image\/jpeg\" \/>\n<meta name=\"author\" content=\"Larissa I. L\u00f3pez\" \/>\n<meta name=\"twitter:card\" content=\"summary_large_image\" \/>\n<meta name=\"twitter:creator\" content=\"@Exaudi_News\" \/>\n<meta name=\"twitter:site\" content=\"@Exaudi_News\" \/>\n<meta name=\"twitter:label1\" content=\"Escrito por\" \/>\n\t<meta name=\"twitter:data1\" content=\"Larissa I. L\u00f3pez\" \/>\n\t<meta name=\"twitter:label2\" content=\"Tiempo de lectura\" \/>\n\t<meta name=\"twitter:data2\" content=\"8 minutos\" \/>\n<script type=\"application\/ld+json\" class=\"yoast-schema-graph\">{\"@context\":\"https:\\\/\\\/schema.org\",\"@graph\":[{\"@type\":\"Article\",\"@id\":\"https:\\\/\\\/exaudi.org\\\/es\\\/chipre-encuentro-del-papa-con-clero-y-movimientos-eclesiales\\\/#article\",\"isPartOf\":{\"@id\":\"https:\\\/\\\/exaudi.org\\\/es\\\/chipre-encuentro-del-papa-con-clero-y-movimientos-eclesiales\\\/\"},\"author\":{\"name\":\"Larissa I. L\u00f3pez\",\"@id\":\"https:\\\/\\\/exaudi.org\\\/#\\\/schema\\\/person\\\/7d2f77db033c2c0929edfab6dbe8c588\"},\"headline\":\"Chipre: Encuentro del Papa con clero y movimientos eclesiales\",\"datePublished\":\"2021-12-02T15:51:27+00:00\",\"dateModified\":\"2021-12-02T22:45:32+00:00\",\"mainEntityOfPage\":{\"@id\":\"https:\\\/\\\/exaudi.org\\\/es\\\/chipre-encuentro-del-papa-con-clero-y-movimientos-eclesiales\\\/\"},\"wordCount\":1433,\"commentCount\":0,\"image\":{\"@id\":\"https:\\\/\\\/exaudi.org\\\/es\\\/chipre-encuentro-del-papa-con-clero-y-movimientos-eclesiales\\\/#primaryimage\"},\"thumbnailUrl\":\"https:\\\/\\\/exaudi.org\\\/wp-content\\\/uploads\\\/2021\\\/12\\\/RIP4257-scaled.jpg\",\"keywords\":[\"Chipre\",\"Nicosia\",\"papa francisco\",\"Trending\",\"Viaje del Papa Francisco a Chipre y Grecia\"],\"articleSection\":[\"Le\u00f3n XIV\",\"Viajes\",\"Viajes Papales\"],\"inLanguage\":\"es\",\"potentialAction\":[{\"@type\":\"CommentAction\",\"name\":\"Comment\",\"target\":[\"https:\\\/\\\/exaudi.org\\\/es\\\/chipre-encuentro-del-papa-con-clero-y-movimientos-eclesiales\\\/#respond\"]}]},{\"@type\":\"WebPage\",\"@id\":\"https:\\\/\\\/exaudi.org\\\/es\\\/chipre-encuentro-del-papa-con-clero-y-movimientos-eclesiales\\\/\",\"url\":\"https:\\\/\\\/exaudi.org\\\/es\\\/chipre-encuentro-del-papa-con-clero-y-movimientos-eclesiales\\\/\",\"name\":\"Chipre: Encuentro del Papa con clero y movimientos eclesiales &#8211; Exaudi\",\"isPartOf\":{\"@id\":\"https:\\\/\\\/exaudi.org\\\/#website\"},\"primaryImageOfPage\":{\"@id\":\"https:\\\/\\\/exaudi.org\\\/es\\\/chipre-encuentro-del-papa-con-clero-y-movimientos-eclesiales\\\/#primaryimage\"},\"image\":{\"@id\":\"https:\\\/\\\/exaudi.org\\\/es\\\/chipre-encuentro-del-papa-con-clero-y-movimientos-eclesiales\\\/#primaryimage\"},\"thumbnailUrl\":\"https:\\\/\\\/exaudi.org\\\/wp-content\\\/uploads\\\/2021\\\/12\\\/RIP4257-scaled.jpg\",\"datePublished\":\"2021-12-02T15:51:27+00:00\",\"dateModified\":\"2021-12-02T22:45:32+00:00\",\"author\":{\"@id\":\"https:\\\/\\\/exaudi.org\\\/#\\\/schema\\\/person\\\/7d2f77db033c2c0929edfab6dbe8c588\"},\"description\":\"Chipre: El Papa ha presidido un encuentro con el clero, sacerdotes, religiosos, di\u00e1conos, catequistas, asociaciones y movimientos eclesiales\",\"breadcrumb\":{\"@id\":\"https:\\\/\\\/exaudi.org\\\/es\\\/chipre-encuentro-del-papa-con-clero-y-movimientos-eclesiales\\\/#breadcrumb\"},\"inLanguage\":\"es\",\"potentialAction\":[{\"@type\":\"ReadAction\",\"target\":[\"https:\\\/\\\/exaudi.org\\\/es\\\/chipre-encuentro-del-papa-con-clero-y-movimientos-eclesiales\\\/\"]}]},{\"@type\":\"ImageObject\",\"inLanguage\":\"es\",\"@id\":\"https:\\\/\\\/exaudi.org\\\/es\\\/chipre-encuentro-del-papa-con-clero-y-movimientos-eclesiales\\\/#primaryimage\",\"url\":\"https:\\\/\\\/exaudi.org\\\/wp-content\\\/uploads\\\/2021\\\/12\\\/RIP4257-scaled.jpg\",\"contentUrl\":\"https:\\\/\\\/exaudi.org\\\/wp-content\\\/uploads\\\/2021\\\/12\\\/RIP4257-scaled.jpg\",\"width\":2560,\"height\":1707,\"caption\":\"Encuentro con sacerdotes, religiosos y religiosas en la Catedral maronita de Nuestra Se\u00f1ora de las Gracias, Nicosia, 2 dic. 2021 \u00a9\ufe0f Vatican Media\"},{\"@type\":\"BreadcrumbList\",\"@id\":\"https:\\\/\\\/exaudi.org\\\/es\\\/chipre-encuentro-del-papa-con-clero-y-movimientos-eclesiales\\\/#breadcrumb\",\"itemListElement\":[{\"@type\":\"ListItem\",\"position\":1,\"name\":\"Portada\",\"item\":\"https:\\\/\\\/exaudi.org\\\/es\\\/\"},{\"@type\":\"ListItem\",\"position\":2,\"name\":\"Chipre: Encuentro del Papa con clero y movimientos eclesiales\"}]},{\"@type\":\"WebSite\",\"@id\":\"https:\\\/\\\/exaudi.org\\\/#website\",\"url\":\"https:\\\/\\\/exaudi.org\\\/\",\"name\":\"Exaudi\",\"description\":\"News\",\"potentialAction\":[{\"@type\":\"SearchAction\",\"target\":{\"@type\":\"EntryPoint\",\"urlTemplate\":\"https:\\\/\\\/exaudi.org\\\/?s={search_term_string}\"},\"query-input\":{\"@type\":\"PropertyValueSpecification\",\"valueRequired\":true,\"valueName\":\"search_term_string\"}}],\"inLanguage\":\"es\"},{\"@type\":\"Person\",\"@id\":\"https:\\\/\\\/exaudi.org\\\/#\\\/schema\\\/person\\\/7d2f77db033c2c0929edfab6dbe8c588\",\"name\":\"Larissa I. L\u00f3pez\",\"image\":{\"@type\":\"ImageObject\",\"inLanguage\":\"es\",\"@id\":\"https:\\\/\\\/secure.gravatar.com\\\/avatar\\\/db3ef399ff343d0bb9d25dc5198bc8ece5ac6d621eca79876697a354dabc1e3f?s=96&d=mm&r=g\",\"url\":\"https:\\\/\\\/secure.gravatar.com\\\/avatar\\\/db3ef399ff343d0bb9d25dc5198bc8ece5ac6d621eca79876697a354dabc1e3f?s=96&d=mm&r=g\",\"contentUrl\":\"https:\\\/\\\/secure.gravatar.com\\\/avatar\\\/db3ef399ff343d0bb9d25dc5198bc8ece5ac6d621eca79876697a354dabc1e3f?s=96&d=mm&r=g\",\"caption\":\"Larissa I. L\u00f3pez\"},\"description\":\"Doctora en Comunicaci\u00f3n. Mi trayectoria profesional ha transcurrido entre el \u00e1mbito de la comunicaci\u00f3n y el de la docencia. En los \u00faltimos a\u00f1os, he trabajado como coordinadora y redactora de la edici\u00f3n de ZENIT en espa\u00f1ol. Como profesora, he impartido clases en la universidad y en centros de FP y bachillerato. Cordobesa de nacimiento, tambi\u00e9n he vivido en Sevilla, Madrid y Roma\",\"url\":\"https:\\\/\\\/exaudi.org\\\/es\\\/author\\\/llopezexaudi-org\\\/\"}]}<\/script>\n<!-- \/ Yoast SEO plugin. -->","yoast_head_json":{"title":"Chipre: Encuentro del Papa con clero y movimientos eclesiales &#8211; Exaudi","description":"Chipre: El Papa ha presidido un encuentro con el clero, sacerdotes, religiosos, di\u00e1conos, catequistas, asociaciones y movimientos eclesiales","robots":{"index":"index","follow":"follow","max-snippet":"max-snippet:-1","max-image-preview":"max-image-preview:large","max-video-preview":"max-video-preview:-1"},"canonical":"https:\/\/exaudi.org\/es\/chipre-encuentro-del-papa-con-clero-y-movimientos-eclesiales\/","og_locale":"es_ES","og_type":"article","og_title":"Chipre: Encuentro del Papa con clero y movimientos eclesiales &#8211; Exaudi","og_description":"Chipre: El Papa ha presidido un encuentro con el clero, sacerdotes, religiosos, di\u00e1conos, catequistas, asociaciones y movimientos eclesiales","og_url":"https:\/\/exaudi.org\/es\/chipre-encuentro-del-papa-con-clero-y-movimientos-eclesiales\/","og_site_name":"Exaudi","article_publisher":"https:\/\/www.facebook.com\/ExaudiNews","article_published_time":"2021-12-02T15:51:27+00:00","article_modified_time":"2021-12-02T22:45:32+00:00","og_image":[{"width":2560,"height":1707,"url":"https:\/\/exaudi.org\/wp-content\/uploads\/2021\/12\/RIP4257-scaled.jpg","type":"image\/jpeg"}],"author":"Larissa I. L\u00f3pez","twitter_card":"summary_large_image","twitter_creator":"@Exaudi_News","twitter_site":"@Exaudi_News","twitter_misc":{"Escrito por":"Larissa I. L\u00f3pez","Tiempo de lectura":"8 minutos"},"schema":{"@context":"https:\/\/schema.org","@graph":[{"@type":"Article","@id":"https:\/\/exaudi.org\/es\/chipre-encuentro-del-papa-con-clero-y-movimientos-eclesiales\/#article","isPartOf":{"@id":"https:\/\/exaudi.org\/es\/chipre-encuentro-del-papa-con-clero-y-movimientos-eclesiales\/"},"author":{"name":"Larissa I. L\u00f3pez","@id":"https:\/\/exaudi.org\/#\/schema\/person\/7d2f77db033c2c0929edfab6dbe8c588"},"headline":"Chipre: Encuentro del Papa con clero y movimientos eclesiales","datePublished":"2021-12-02T15:51:27+00:00","dateModified":"2021-12-02T22:45:32+00:00","mainEntityOfPage":{"@id":"https:\/\/exaudi.org\/es\/chipre-encuentro-del-papa-con-clero-y-movimientos-eclesiales\/"},"wordCount":1433,"commentCount":0,"image":{"@id":"https:\/\/exaudi.org\/es\/chipre-encuentro-del-papa-con-clero-y-movimientos-eclesiales\/#primaryimage"},"thumbnailUrl":"https:\/\/exaudi.org\/wp-content\/uploads\/2021\/12\/RIP4257-scaled.jpg","keywords":["Chipre","Nicosia","papa francisco","Trending","Viaje del Papa Francisco a Chipre y Grecia"],"articleSection":["Le\u00f3n XIV","Viajes","Viajes Papales"],"inLanguage":"es","potentialAction":[{"@type":"CommentAction","name":"Comment","target":["https:\/\/exaudi.org\/es\/chipre-encuentro-del-papa-con-clero-y-movimientos-eclesiales\/#respond"]}]},{"@type":"WebPage","@id":"https:\/\/exaudi.org\/es\/chipre-encuentro-del-papa-con-clero-y-movimientos-eclesiales\/","url":"https:\/\/exaudi.org\/es\/chipre-encuentro-del-papa-con-clero-y-movimientos-eclesiales\/","name":"Chipre: Encuentro del Papa con clero y movimientos eclesiales &#8211; Exaudi","isPartOf":{"@id":"https:\/\/exaudi.org\/#website"},"primaryImageOfPage":{"@id":"https:\/\/exaudi.org\/es\/chipre-encuentro-del-papa-con-clero-y-movimientos-eclesiales\/#primaryimage"},"image":{"@id":"https:\/\/exaudi.org\/es\/chipre-encuentro-del-papa-con-clero-y-movimientos-eclesiales\/#primaryimage"},"thumbnailUrl":"https:\/\/exaudi.org\/wp-content\/uploads\/2021\/12\/RIP4257-scaled.jpg","datePublished":"2021-12-02T15:51:27+00:00","dateModified":"2021-12-02T22:45:32+00:00","author":{"@id":"https:\/\/exaudi.org\/#\/schema\/person\/7d2f77db033c2c0929edfab6dbe8c588"},"description":"Chipre: El Papa ha presidido un encuentro con el clero, sacerdotes, religiosos, di\u00e1conos, catequistas, asociaciones y movimientos eclesiales","breadcrumb":{"@id":"https:\/\/exaudi.org\/es\/chipre-encuentro-del-papa-con-clero-y-movimientos-eclesiales\/#breadcrumb"},"inLanguage":"es","potentialAction":[{"@type":"ReadAction","target":["https:\/\/exaudi.org\/es\/chipre-encuentro-del-papa-con-clero-y-movimientos-eclesiales\/"]}]},{"@type":"ImageObject","inLanguage":"es","@id":"https:\/\/exaudi.org\/es\/chipre-encuentro-del-papa-con-clero-y-movimientos-eclesiales\/#primaryimage","url":"https:\/\/exaudi.org\/wp-content\/uploads\/2021\/12\/RIP4257-scaled.jpg","contentUrl":"https:\/\/exaudi.org\/wp-content\/uploads\/2021\/12\/RIP4257-scaled.jpg","width":2560,"height":1707,"caption":"Encuentro con sacerdotes, religiosos y religiosas en la Catedral maronita de Nuestra Se\u00f1ora de las Gracias, Nicosia, 2 dic. 2021 \u00a9\ufe0f Vatican Media"},{"@type":"BreadcrumbList","@id":"https:\/\/exaudi.org\/es\/chipre-encuentro-del-papa-con-clero-y-movimientos-eclesiales\/#breadcrumb","itemListElement":[{"@type":"ListItem","position":1,"name":"Portada","item":"https:\/\/exaudi.org\/es\/"},{"@type":"ListItem","position":2,"name":"Chipre: Encuentro del Papa con clero y movimientos eclesiales"}]},{"@type":"WebSite","@id":"https:\/\/exaudi.org\/#website","url":"https:\/\/exaudi.org\/","name":"Exaudi","description":"News","potentialAction":[{"@type":"SearchAction","target":{"@type":"EntryPoint","urlTemplate":"https:\/\/exaudi.org\/?s={search_term_string}"},"query-input":{"@type":"PropertyValueSpecification","valueRequired":true,"valueName":"search_term_string"}}],"inLanguage":"es"},{"@type":"Person","@id":"https:\/\/exaudi.org\/#\/schema\/person\/7d2f77db033c2c0929edfab6dbe8c588","name":"Larissa I. L\u00f3pez","image":{"@type":"ImageObject","inLanguage":"es","@id":"https:\/\/secure.gravatar.com\/avatar\/db3ef399ff343d0bb9d25dc5198bc8ece5ac6d621eca79876697a354dabc1e3f?s=96&d=mm&r=g","url":"https:\/\/secure.gravatar.com\/avatar\/db3ef399ff343d0bb9d25dc5198bc8ece5ac6d621eca79876697a354dabc1e3f?s=96&d=mm&r=g","contentUrl":"https:\/\/secure.gravatar.com\/avatar\/db3ef399ff343d0bb9d25dc5198bc8ece5ac6d621eca79876697a354dabc1e3f?s=96&d=mm&r=g","caption":"Larissa I. L\u00f3pez"},"description":"Doctora en Comunicaci\u00f3n. Mi trayectoria profesional ha transcurrido entre el \u00e1mbito de la comunicaci\u00f3n y el de la docencia. En los \u00faltimos a\u00f1os, he trabajado como coordinadora y redactora de la edici\u00f3n de ZENIT en espa\u00f1ol. Como profesora, he impartido clases en la universidad y en centros de FP y bachillerato. Cordobesa de nacimiento, tambi\u00e9n he vivido en Sevilla, Madrid y Roma","url":"https:\/\/exaudi.org\/es\/author\/llopezexaudi-org\/"}]}},"jetpack_featured_media_url":"https:\/\/exaudi.org\/wp-content\/uploads\/2021\/12\/RIP4257-scaled.jpg","jetpack_shortlink":"https:\/\/wp.me\/pgKjF2-bm0","_links":{"self":[{"href":"https:\/\/exaudi.org\/es\/wp-json\/wp\/v2\/posts\/43648","targetHints":{"allow":["GET"]}}],"collection":[{"href":"https:\/\/exaudi.org\/es\/wp-json\/wp\/v2\/posts"}],"about":[{"href":"https:\/\/exaudi.org\/es\/wp-json\/wp\/v2\/types\/post"}],"author":[{"embeddable":true,"href":"https:\/\/exaudi.org\/es\/wp-json\/wp\/v2\/users\/5"}],"replies":[{"embeddable":true,"href":"https:\/\/exaudi.org\/es\/wp-json\/wp\/v2\/comments?post=43648"}],"version-history":[{"count":0,"href":"https:\/\/exaudi.org\/es\/wp-json\/wp\/v2\/posts\/43648\/revisions"}],"wp:featuredmedia":[{"embeddable":true,"href":"https:\/\/exaudi.org\/es\/wp-json\/wp\/v2\/media\/43649"}],"wp:attachment":[{"href":"https:\/\/exaudi.org\/es\/wp-json\/wp\/v2\/media?parent=43648"}],"wp:term":[{"taxonomy":"category","embeddable":true,"href":"https:\/\/exaudi.org\/es\/wp-json\/wp\/v2\/categories?post=43648"},{"taxonomy":"post_tag","embeddable":true,"href":"https:\/\/exaudi.org\/es\/wp-json\/wp\/v2\/tags?post=43648"}],"curies":[{"name":"wp","href":"https:\/\/api.w.org\/{rel}","templated":true}]}}