{"id":43439,"date":"2021-11-30T18:30:34","date_gmt":"2021-11-30T17:30:34","guid":{"rendered":"https:\/\/exaudi.org\/?p=43439"},"modified":"2021-12-01T13:37:44","modified_gmt":"2021-12-01T12:37:44","slug":"video-papa-diciembre-2021-rezar-catequistas","status":"publish","type":"post","link":"https:\/\/exaudi.org\/es\/video-papa-diciembre-2021-rezar-catequistas\/","title":{"rendered":"Video del Papa diciembre 2021: Rezar por los catequistas"},"content":{"rendered":"<p>En el<a href=\"https:\/\/thepopevideo.org\/?lang=es\">\u00a0video del Papa<\/a>, que recoge la\u00a0<a href=\"https:\/\/exaudi.org\/es\/video-papa-octubre-2021-ser-discipulo-misionero\/\">intenci\u00f3n de oraci\u00f3n<\/a> que el Papa Francisco conf\u00eda a los fieles a trav\u00e9s de la <a href=\"https:\/\/www.popesprayer.va\/es\/\">Red Mundial de Oraci\u00f3n del Papa<\/a>, de este mes de diciembre de 2021, el Santo Padre pide que recemos por los catequistas, \u201cllamados a proclamar la Palabra de Dios: para que sean testigos de ella con valent\u00eda, con creatividad, con la fuerza del Esp\u00edritu Santo, con alegr\u00eda y con mucha paz\u201d.<\/p>\n<p>Francisco indica que los catequistas \u201ctienen una misi\u00f3n insustituible en la transmisi\u00f3n y profundizaci\u00f3n de la fe\u201d y recuerda que \u201cel ministerio laical del catequista es una vocaci\u00f3n, es una misi\u00f3n. Ser catequista significa que uno \u2018es catequista\u2019, no que \u2018trabaja de catequista\u2019\u201d.<\/p>\n<p>As\u00ed, prosigue, \u201ces todo un modo de ser, y hacen falta buenos catequistas que sean a la vez acompa\u00f1antes y pedagogos. Hacen falta personas creativas que anuncien el Evangelio, pero que lo anuncien, no digo con sordina pero no con bocina, sino con su vida, con mansedumbre, con un lenguaje nuevo y abriendo caminos nuevos\u201d.<\/p>\n<p>Asimismo, el Pont\u00edfice resalta: \u201cY en tantas di\u00f3cesis, en tantos continentes, la evangelizaci\u00f3n fundamentalmente est\u00e1 en manos de un catequista. Demos las gracias a los catequistas, a las catequistas, por el entusiasmo interior con que viven esta misi\u00f3n al servicio de la Iglesia\u201d. \u201cRecemos juntos por los catequistas, llamados a proclamar la Palabra de Dios: para que sean testigos de ella con valent\u00eda, con creatividad, con la fuerza del Esp\u00edritu Santo, con alegr\u00eda y con mucha paz\u201d, concluye.<\/p>\n<h2><strong>El catequista: \u00bfun ministerio muy antiguo?<\/strong><\/h2>\n<p>Como indica una nota de la p\u00e1gina oficial del Video del Papa ya en mayo de este a\u00f1o, el Papa Francisco hab\u00eda dado grandes se\u00f1ales hacia los catequistas al instituir su <a href=\"https:\/\/exaudi.org\/es\/ministerio-catequista-reconocimiento-oficial-esperado\/\">ministerio laical<\/a> mediante el\u00a0<em><a href=\"https:\/\/www.vatican.va\/content\/francesco\/es\/motu_proprio\/documents\/papa-francesco-motu-proprio-20210510_antiquum-ministerium.html\">Motu Proprio\u00a0Antiquum ministerium.<\/a><\/em> A punto de terminar el 2021, el Sucesor de Pedro ratifica con este video e intenci\u00f3n de oraci\u00f3n esta forma de servicio que se ha mantenido a lo largo de la historia de la Iglesia, en tanto que \u201cel ministerio laical del catequista es una vocaci\u00f3n, es una misi\u00f3n\u201d.<\/p>\n<p>Un ejemplo de un nuevo lenguaje para la catequesis es precisamente el Video del Papa de este mes, que muestra a catequistas y j\u00f3venes trabajando en un mural. Con sprays y pinturas, decenas de ni\u00f1os y adolescentes -acompa\u00f1ados por sus catequistas- ayudan al artista italiano Paolo Colasanti (en arte Gojo) a reproducir una versi\u00f3n creativa de la escena del lavatorio de los pies, en una pared del oratorio de la parroquia romana de Nuestra Se\u00f1ora de Coromoto.<\/p>\n<h2><strong>Nuevos caminos, nuevos lenguajes<\/strong><\/h2>\n<p>De acuerdo al comunicado, el padre Fr\u00e9d\u00e9ric Fornos, director internacional de la\u00a0<a href=\"https:\/\/www.popesprayer.va\/es\/\">Red Mundial de Oraci\u00f3n del Papa<\/a>, coment\u00f3 a prop\u00f3sito de esta intenci\u00f3n: \u201cEs un gesto elocuente que\u00a0Francisco\u00a0dedique este \u00faltimo mensaje a los catequistas en el mismo a\u00f1o en que instituy\u00f3 su ministerio laical y en que se inici\u00f3 el itinerario Sinodal \u2018como Pueblo de Dios peregrino y misionero\u2019.<\/p>\n<p>\u201cComo lo indica el Documento preparatorio de la XVI Asamblea General Ordinaria del S\u00ednodo de los Obispos el Esp\u00edritu Santo, hoy como ayer, continua a actuar en la historia: \u2018en los surcos excavados por los sufrimientos de todo tipo padecidos por la familia humana y por el Pueblo de Dios est\u00e1n floreciendo nuevos lenguajes de fe y nuevos caminos capaces (\u2026) de encontrar en medio de las pruebas las razones para refundar el camino de la vida cristiana y eclesial. En esta misma l\u00ednea se ha de considerar la reciente instituci\u00f3n del ministerio laical de catequista\u201d (n\u00b07). Recemos pues \u2018por los catequistas, llamados a proclamar la Palabra de Dios: para que sean testigos de ella con valent\u00eda, creatividad y con la fuerza del Esp\u00edritu Santo\u2019\u201d, agrega el sacerdote jesuita.<\/p>\n<p>&nbsp;<\/p>\n<p><iframe loading=\"lazy\" title=\"Los catequistas \u2013 El Video del Papa 12 \u2013 Diciembre 2021\" width=\"500\" height=\"281\" src=\"https:\/\/www.youtube.com\/embed\/Ydhal3njCAc?feature=oembed\" frameborder=\"0\" allow=\"accelerometer; autoplay; clipboard-write; encrypted-media; gyroscope; picture-in-picture; web-share\" referrerpolicy=\"strict-origin-when-cross-origin\" allowfullscreen><\/iframe><\/p>\n","protected":false},"excerpt":{"rendered":"<p>Intenci\u00f3n de oraci\u00f3n que Francisco conf\u00eda a toda la Iglesia<\/p>\n","protected":false},"author":81,"featured_media":43464,"comment_status":"open","ping_status":"open","sticky":false,"template":"","format":"standard","meta":{"_acf_changed":false,"_crdt_document":"","inline_featured_image":false,"footnotes":""},"categories":[68],"tags":[5071,158,236],"class_list":["post-43439","post","type-post","status-publish","format-standard","has-post-thumbnail","hentry","category-leon-xiv","tag-diciembre-2021","tag-papa-francisco","tag-video-del-papa"],"acf":[],"yoast_head":"<!-- This site is optimized with the Yoast SEO plugin v27.5 - https:\/\/yoast.com\/product\/yoast-seo-wordpress\/ -->\n<title>Video del Papa diciembre 2021: Rezar por los catequistas &#8211; Exaudi<\/title>\n<meta name=\"description\" content=\"En el\u00a0video del Papa de este mes de diciembre de 2021, el Santo Padre pide que recemos por los catequistas\" \/>\n<meta name=\"robots\" content=\"index, follow, max-snippet:-1, max-image-preview:large, max-video-preview:-1\" \/>\n<link rel=\"canonical\" href=\"https:\/\/exaudi.org\/es\/video-papa-diciembre-2021-rezar-catequistas\/\" \/>\n<meta property=\"og:locale\" content=\"es_ES\" \/>\n<meta property=\"og:type\" content=\"article\" \/>\n<meta property=\"og:title\" content=\"Video del Papa diciembre 2021: Rezar por los catequistas &#8211; Exaudi\" \/>\n<meta property=\"og:description\" content=\"En el\u00a0video del Papa de este mes de diciembre de 2021, el Santo Padre pide que recemos por los catequistas\" \/>\n<meta property=\"og:url\" content=\"https:\/\/exaudi.org\/es\/video-papa-diciembre-2021-rezar-catequistas\/\" \/>\n<meta property=\"og:site_name\" content=\"Exaudi\" \/>\n<meta property=\"article:publisher\" content=\"https:\/\/www.facebook.com\/ExaudiNews\" \/>\n<meta property=\"article:published_time\" content=\"2021-11-30T17:30:34+00:00\" \/>\n<meta property=\"article:modified_time\" content=\"2021-12-01T12:37:44+00:00\" \/>\n<meta property=\"og:image\" content=\"https:\/\/exaudi.org\/wp-content\/uploads\/2021\/12\/cathopic_1523723490272379-scaled.jpg\" \/>\n\t<meta property=\"og:image:width\" content=\"2560\" \/>\n\t<meta property=\"og:image:height\" content=\"1920\" \/>\n\t<meta property=\"og:image:type\" content=\"image\/jpeg\" \/>\n<meta name=\"author\" content=\"Alba Montalvo\" \/>\n<meta name=\"twitter:card\" content=\"summary_large_image\" \/>\n<meta name=\"twitter:creator\" content=\"@Exaudi_News\" \/>\n<meta name=\"twitter:site\" content=\"@Exaudi_News\" \/>\n<meta name=\"twitter:label1\" content=\"Escrito por\" \/>\n\t<meta name=\"twitter:data1\" content=\"Alba Montalvo\" \/>\n\t<meta name=\"twitter:label2\" content=\"Tiempo de lectura\" \/>\n\t<meta name=\"twitter:data2\" content=\"3 minutos\" \/>\n<script type=\"application\/ld+json\" class=\"yoast-schema-graph\">{\"@context\":\"https:\\\/\\\/schema.org\",\"@graph\":[{\"@type\":\"Article\",\"@id\":\"https:\\\/\\\/exaudi.org\\\/es\\\/video-papa-diciembre-2021-rezar-catequistas\\\/#article\",\"isPartOf\":{\"@id\":\"https:\\\/\\\/exaudi.org\\\/es\\\/video-papa-diciembre-2021-rezar-catequistas\\\/\"},\"author\":{\"name\":\"Alba Montalvo\",\"@id\":\"https:\\\/\\\/exaudi.org\\\/#\\\/schema\\\/person\\\/fc7b3cbb6f4d66ebcb53bf601d7b7eb1\"},\"headline\":\"Video del Papa diciembre 2021: Rezar por los catequistas\",\"datePublished\":\"2021-11-30T17:30:34+00:00\",\"dateModified\":\"2021-12-01T12:37:44+00:00\",\"mainEntityOfPage\":{\"@id\":\"https:\\\/\\\/exaudi.org\\\/es\\\/video-papa-diciembre-2021-rezar-catequistas\\\/\"},\"wordCount\":674,\"commentCount\":0,\"image\":{\"@id\":\"https:\\\/\\\/exaudi.org\\\/es\\\/video-papa-diciembre-2021-rezar-catequistas\\\/#primaryimage\"},\"thumbnailUrl\":\"https:\\\/\\\/exaudi.org\\\/wp-content\\\/uploads\\\/2021\\\/12\\\/cathopic_1523723490272379-scaled.jpg\",\"keywords\":[\"Diciembre 2021\",\"papa francisco\",\"v\u00eddeo del papa\"],\"articleSection\":[\"Le\u00f3n XIV\"],\"inLanguage\":\"es\",\"potentialAction\":[{\"@type\":\"CommentAction\",\"name\":\"Comment\",\"target\":[\"https:\\\/\\\/exaudi.org\\\/es\\\/video-papa-diciembre-2021-rezar-catequistas\\\/#respond\"]}]},{\"@type\":\"WebPage\",\"@id\":\"https:\\\/\\\/exaudi.org\\\/es\\\/video-papa-diciembre-2021-rezar-catequistas\\\/\",\"url\":\"https:\\\/\\\/exaudi.org\\\/es\\\/video-papa-diciembre-2021-rezar-catequistas\\\/\",\"name\":\"Video del Papa diciembre 2021: Rezar por los catequistas &#8211; Exaudi\",\"isPartOf\":{\"@id\":\"https:\\\/\\\/exaudi.org\\\/#website\"},\"primaryImageOfPage\":{\"@id\":\"https:\\\/\\\/exaudi.org\\\/es\\\/video-papa-diciembre-2021-rezar-catequistas\\\/#primaryimage\"},\"image\":{\"@id\":\"https:\\\/\\\/exaudi.org\\\/es\\\/video-papa-diciembre-2021-rezar-catequistas\\\/#primaryimage\"},\"thumbnailUrl\":\"https:\\\/\\\/exaudi.org\\\/wp-content\\\/uploads\\\/2021\\\/12\\\/cathopic_1523723490272379-scaled.jpg\",\"datePublished\":\"2021-11-30T17:30:34+00:00\",\"dateModified\":\"2021-12-01T12:37:44+00:00\",\"author\":{\"@id\":\"https:\\\/\\\/exaudi.org\\\/#\\\/schema\\\/person\\\/fc7b3cbb6f4d66ebcb53bf601d7b7eb1\"},\"description\":\"En el\u00a0video del Papa de este mes de diciembre de 2021, el Santo Padre pide que recemos por los catequistas\",\"breadcrumb\":{\"@id\":\"https:\\\/\\\/exaudi.org\\\/es\\\/video-papa-diciembre-2021-rezar-catequistas\\\/#breadcrumb\"},\"inLanguage\":\"es\",\"potentialAction\":[{\"@type\":\"ReadAction\",\"target\":[\"https:\\\/\\\/exaudi.org\\\/es\\\/video-papa-diciembre-2021-rezar-catequistas\\\/\"]}]},{\"@type\":\"ImageObject\",\"inLanguage\":\"es\",\"@id\":\"https:\\\/\\\/exaudi.org\\\/es\\\/video-papa-diciembre-2021-rezar-catequistas\\\/#primaryimage\",\"url\":\"https:\\\/\\\/exaudi.org\\\/wp-content\\\/uploads\\\/2021\\\/12\\\/cathopic_1523723490272379-scaled.jpg\",\"contentUrl\":\"https:\\\/\\\/exaudi.org\\\/wp-content\\\/uploads\\\/2021\\\/12\\\/cathopic_1523723490272379-scaled.jpg\",\"width\":2560,\"height\":1920},{\"@type\":\"BreadcrumbList\",\"@id\":\"https:\\\/\\\/exaudi.org\\\/es\\\/video-papa-diciembre-2021-rezar-catequistas\\\/#breadcrumb\",\"itemListElement\":[{\"@type\":\"ListItem\",\"position\":1,\"name\":\"Portada\",\"item\":\"https:\\\/\\\/exaudi.org\\\/es\\\/\"},{\"@type\":\"ListItem\",\"position\":2,\"name\":\"Video del Papa diciembre 2021: Rezar por los catequistas\"}]},{\"@type\":\"WebSite\",\"@id\":\"https:\\\/\\\/exaudi.org\\\/#website\",\"url\":\"https:\\\/\\\/exaudi.org\\\/\",\"name\":\"Exaudi\",\"description\":\"News\",\"potentialAction\":[{\"@type\":\"SearchAction\",\"target\":{\"@type\":\"EntryPoint\",\"urlTemplate\":\"https:\\\/\\\/exaudi.org\\\/?s={search_term_string}\"},\"query-input\":{\"@type\":\"PropertyValueSpecification\",\"valueRequired\":true,\"valueName\":\"search_term_string\"}}],\"inLanguage\":\"es\"},{\"@type\":\"Person\",\"@id\":\"https:\\\/\\\/exaudi.org\\\/#\\\/schema\\\/person\\\/fc7b3cbb6f4d66ebcb53bf601d7b7eb1\",\"name\":\"Alba Montalvo\",\"image\":{\"@type\":\"ImageObject\",\"inLanguage\":\"es\",\"@id\":\"https:\\\/\\\/secure.gravatar.com\\\/avatar\\\/1e8c522219a5df52d143b7baf13997ffd4f1814ca862efe7af11a13849275021?s=96&d=mm&r=g\",\"url\":\"https:\\\/\\\/secure.gravatar.com\\\/avatar\\\/1e8c522219a5df52d143b7baf13997ffd4f1814ca862efe7af11a13849275021?s=96&d=mm&r=g\",\"contentUrl\":\"https:\\\/\\\/secure.gravatar.com\\\/avatar\\\/1e8c522219a5df52d143b7baf13997ffd4f1814ca862efe7af11a13849275021?s=96&d=mm&r=g\",\"caption\":\"Alba Montalvo\"},\"description\":\"Licenciada en Periodismo y M\u00e1ster en Periodismo Social. Mi trayectoria profesional ha estado siempre vinculada al \u00e1mbito de la comunicaci\u00f3n en el entorno digital. He trabajado como productora, gestora de contenidos estrat\u00e9gicos para redes y entrevistadora en la Fundaci\u00f3n Mater Mundi TV. Madrile\u00f1a de nacimiento, actualmente vivo en M\u00e1laga.\",\"url\":\"https:\\\/\\\/exaudi.org\\\/es\\\/author\\\/amontalvoexaudi-org\\\/\"}]}<\/script>\n<!-- \/ Yoast SEO plugin. -->","yoast_head_json":{"title":"Video del Papa diciembre 2021: Rezar por los catequistas &#8211; Exaudi","description":"En el\u00a0video del Papa de este mes de diciembre de 2021, el Santo Padre pide que recemos por los catequistas","robots":{"index":"index","follow":"follow","max-snippet":"max-snippet:-1","max-image-preview":"max-image-preview:large","max-video-preview":"max-video-preview:-1"},"canonical":"https:\/\/exaudi.org\/es\/video-papa-diciembre-2021-rezar-catequistas\/","og_locale":"es_ES","og_type":"article","og_title":"Video del Papa diciembre 2021: Rezar por los catequistas &#8211; Exaudi","og_description":"En el\u00a0video del Papa de este mes de diciembre de 2021, el Santo Padre pide que recemos por los catequistas","og_url":"https:\/\/exaudi.org\/es\/video-papa-diciembre-2021-rezar-catequistas\/","og_site_name":"Exaudi","article_publisher":"https:\/\/www.facebook.com\/ExaudiNews","article_published_time":"2021-11-30T17:30:34+00:00","article_modified_time":"2021-12-01T12:37:44+00:00","og_image":[{"width":2560,"height":1920,"url":"https:\/\/exaudi.org\/wp-content\/uploads\/2021\/12\/cathopic_1523723490272379-scaled.jpg","type":"image\/jpeg"}],"author":"Alba Montalvo","twitter_card":"summary_large_image","twitter_creator":"@Exaudi_News","twitter_site":"@Exaudi_News","twitter_misc":{"Escrito por":"Alba Montalvo","Tiempo de lectura":"3 minutos"},"schema":{"@context":"https:\/\/schema.org","@graph":[{"@type":"Article","@id":"https:\/\/exaudi.org\/es\/video-papa-diciembre-2021-rezar-catequistas\/#article","isPartOf":{"@id":"https:\/\/exaudi.org\/es\/video-papa-diciembre-2021-rezar-catequistas\/"},"author":{"name":"Alba Montalvo","@id":"https:\/\/exaudi.org\/#\/schema\/person\/fc7b3cbb6f4d66ebcb53bf601d7b7eb1"},"headline":"Video del Papa diciembre 2021: Rezar por los catequistas","datePublished":"2021-11-30T17:30:34+00:00","dateModified":"2021-12-01T12:37:44+00:00","mainEntityOfPage":{"@id":"https:\/\/exaudi.org\/es\/video-papa-diciembre-2021-rezar-catequistas\/"},"wordCount":674,"commentCount":0,"image":{"@id":"https:\/\/exaudi.org\/es\/video-papa-diciembre-2021-rezar-catequistas\/#primaryimage"},"thumbnailUrl":"https:\/\/exaudi.org\/wp-content\/uploads\/2021\/12\/cathopic_1523723490272379-scaled.jpg","keywords":["Diciembre 2021","papa francisco","v\u00eddeo del papa"],"articleSection":["Le\u00f3n XIV"],"inLanguage":"es","potentialAction":[{"@type":"CommentAction","name":"Comment","target":["https:\/\/exaudi.org\/es\/video-papa-diciembre-2021-rezar-catequistas\/#respond"]}]},{"@type":"WebPage","@id":"https:\/\/exaudi.org\/es\/video-papa-diciembre-2021-rezar-catequistas\/","url":"https:\/\/exaudi.org\/es\/video-papa-diciembre-2021-rezar-catequistas\/","name":"Video del Papa diciembre 2021: Rezar por los catequistas &#8211; Exaudi","isPartOf":{"@id":"https:\/\/exaudi.org\/#website"},"primaryImageOfPage":{"@id":"https:\/\/exaudi.org\/es\/video-papa-diciembre-2021-rezar-catequistas\/#primaryimage"},"image":{"@id":"https:\/\/exaudi.org\/es\/video-papa-diciembre-2021-rezar-catequistas\/#primaryimage"},"thumbnailUrl":"https:\/\/exaudi.org\/wp-content\/uploads\/2021\/12\/cathopic_1523723490272379-scaled.jpg","datePublished":"2021-11-30T17:30:34+00:00","dateModified":"2021-12-01T12:37:44+00:00","author":{"@id":"https:\/\/exaudi.org\/#\/schema\/person\/fc7b3cbb6f4d66ebcb53bf601d7b7eb1"},"description":"En el\u00a0video del Papa de este mes de diciembre de 2021, el Santo Padre pide que recemos por los catequistas","breadcrumb":{"@id":"https:\/\/exaudi.org\/es\/video-papa-diciembre-2021-rezar-catequistas\/#breadcrumb"},"inLanguage":"es","potentialAction":[{"@type":"ReadAction","target":["https:\/\/exaudi.org\/es\/video-papa-diciembre-2021-rezar-catequistas\/"]}]},{"@type":"ImageObject","inLanguage":"es","@id":"https:\/\/exaudi.org\/es\/video-papa-diciembre-2021-rezar-catequistas\/#primaryimage","url":"https:\/\/exaudi.org\/wp-content\/uploads\/2021\/12\/cathopic_1523723490272379-scaled.jpg","contentUrl":"https:\/\/exaudi.org\/wp-content\/uploads\/2021\/12\/cathopic_1523723490272379-scaled.jpg","width":2560,"height":1920},{"@type":"BreadcrumbList","@id":"https:\/\/exaudi.org\/es\/video-papa-diciembre-2021-rezar-catequistas\/#breadcrumb","itemListElement":[{"@type":"ListItem","position":1,"name":"Portada","item":"https:\/\/exaudi.org\/es\/"},{"@type":"ListItem","position":2,"name":"Video del Papa diciembre 2021: Rezar por los catequistas"}]},{"@type":"WebSite","@id":"https:\/\/exaudi.org\/#website","url":"https:\/\/exaudi.org\/","name":"Exaudi","description":"News","potentialAction":[{"@type":"SearchAction","target":{"@type":"EntryPoint","urlTemplate":"https:\/\/exaudi.org\/?s={search_term_string}"},"query-input":{"@type":"PropertyValueSpecification","valueRequired":true,"valueName":"search_term_string"}}],"inLanguage":"es"},{"@type":"Person","@id":"https:\/\/exaudi.org\/#\/schema\/person\/fc7b3cbb6f4d66ebcb53bf601d7b7eb1","name":"Alba Montalvo","image":{"@type":"ImageObject","inLanguage":"es","@id":"https:\/\/secure.gravatar.com\/avatar\/1e8c522219a5df52d143b7baf13997ffd4f1814ca862efe7af11a13849275021?s=96&d=mm&r=g","url":"https:\/\/secure.gravatar.com\/avatar\/1e8c522219a5df52d143b7baf13997ffd4f1814ca862efe7af11a13849275021?s=96&d=mm&r=g","contentUrl":"https:\/\/secure.gravatar.com\/avatar\/1e8c522219a5df52d143b7baf13997ffd4f1814ca862efe7af11a13849275021?s=96&d=mm&r=g","caption":"Alba Montalvo"},"description":"Licenciada en Periodismo y M\u00e1ster en Periodismo Social. Mi trayectoria profesional ha estado siempre vinculada al \u00e1mbito de la comunicaci\u00f3n en el entorno digital. He trabajado como productora, gestora de contenidos estrat\u00e9gicos para redes y entrevistadora en la Fundaci\u00f3n Mater Mundi TV. Madrile\u00f1a de nacimiento, actualmente vivo en M\u00e1laga.","url":"https:\/\/exaudi.org\/es\/author\/amontalvoexaudi-org\/"}]}},"jetpack_featured_media_url":"https:\/\/exaudi.org\/wp-content\/uploads\/2021\/12\/cathopic_1523723490272379-scaled.jpg","jetpack_shortlink":"https:\/\/wp.me\/pgKjF2-biD","_links":{"self":[{"href":"https:\/\/exaudi.org\/es\/wp-json\/wp\/v2\/posts\/43439","targetHints":{"allow":["GET"]}}],"collection":[{"href":"https:\/\/exaudi.org\/es\/wp-json\/wp\/v2\/posts"}],"about":[{"href":"https:\/\/exaudi.org\/es\/wp-json\/wp\/v2\/types\/post"}],"author":[{"embeddable":true,"href":"https:\/\/exaudi.org\/es\/wp-json\/wp\/v2\/users\/81"}],"replies":[{"embeddable":true,"href":"https:\/\/exaudi.org\/es\/wp-json\/wp\/v2\/comments?post=43439"}],"version-history":[{"count":0,"href":"https:\/\/exaudi.org\/es\/wp-json\/wp\/v2\/posts\/43439\/revisions"}],"wp:featuredmedia":[{"embeddable":true,"href":"https:\/\/exaudi.org\/es\/wp-json\/wp\/v2\/media\/43464"}],"wp:attachment":[{"href":"https:\/\/exaudi.org\/es\/wp-json\/wp\/v2\/media?parent=43439"}],"wp:term":[{"taxonomy":"category","embeddable":true,"href":"https:\/\/exaudi.org\/es\/wp-json\/wp\/v2\/categories?post=43439"},{"taxonomy":"post_tag","embeddable":true,"href":"https:\/\/exaudi.org\/es\/wp-json\/wp\/v2\/tags?post=43439"}],"curies":[{"name":"wp","href":"https:\/\/api.w.org\/{rel}","templated":true}]}}