{"id":43350,"date":"2021-11-30T12:29:48","date_gmt":"2021-11-30T11:29:48","guid":{"rendered":"https:\/\/exaudi.wpengine.com\/los-premios-ave-maria-catholic-films-una-fiesta-en-el-cielo-y-en-la-tierra\/"},"modified":"2021-11-30T12:29:48","modified_gmt":"2021-11-30T11:29:48","slug":"los-premios-ave-maria-catholic-films-una-fiesta-en-el-cielo-y-en-la-tierra","status":"publish","type":"post","link":"https:\/\/exaudi.org\/es\/los-premios-ave-maria-catholic-films-una-fiesta-en-el-cielo-y-en-la-tierra\/","title":{"rendered":"Premios \u201cAve Maria Catholic Films\u201d: Fiesta en el cielo y en la tierra"},"content":{"rendered":"<p>Los premios <a href=\"https:\/\/www.avemariaawards.com\/\">Ave Maria Catholic Films Awards<\/a> \u201ces una fiesta en el cielo y la tierra\u201d, de esta forma, Gaby Jacoba presidenta, directora y fundadora del Festival del Cine Internacional de Pel\u00edculas Cat\u00f3licas ha invitado a este evento que tendr\u00e1 lugar el 10 de diciembre a las 8:00 pm, hora local de la Ciudad de M\u00e9xico.<\/p>\n<p>Ser\u00e1 transmitido en la televisi\u00f3n y las redes sociales, a trav\u00e9s de la p\u00e1gina oficial de Facebook de los <a href=\"https:\/\/www.facebook.com\/AveMariaFilmsProductions\">Ave Maria Catholic Films Awards<\/a>. El evento se llevar\u00e1 a cabo en base a las pel\u00edculas del a\u00f1o 2018-2019. Se contar\u00e1 con la presencia de un jurado formado de diferentes pa\u00edses y especialistas en cine y audiovisuales; adem\u00e1s de estar presentes dos sacerdotes y una religiosa que valorar\u00e1n la cuesti\u00f3n doctrinal y espiritual de las pel\u00edculas.<\/p>\n<p>Seg\u00fan explican los organizadores del evento, los Ave Maria Catholic Films Awards surgieron como una inspiraci\u00f3n. Despu\u00e9s de nueve a\u00f1os de haber fundado el Festival del Cine Cat\u00f3lico en Estados Unidos, Gaby Jacoba se dio cuenta que el cine cat\u00f3lico ten\u00eda mucha fuerza para evangelizar y traer conversi\u00f3n a las personas. Por lo que vio la necesidad que existiera un proyecto que fortaleciera el cine cat\u00f3lico y se pudiera extender a otros pa\u00edses, en primera instancia a los pa\u00edses de Am\u00e9rica Latina.<\/p>\n<p>Sin embargo, hace 4 a\u00f1os, al ver las premiaciones al cine de Estados Unidos, de Espa\u00f1a, entre otros, Gaby Jacoba visualiz\u00f3 que ser\u00eda muy especial tener unos premios para el cine cat\u00f3lico. Esto la movi\u00f3 a hacer el proyecto y el nombre deb\u00eda tener en s\u00ed mismo el reconocimiento que es cat\u00f3lico. Al entrar a una iglesia dedicada a la Virgen Mar\u00eda para meditar, se dio cuenta que estaba escrito \u201cAve Mar\u00eda\u201d, comprendiendo que no ha mayor signo para un cat\u00f3lico que el amor a Mar\u00eda Sant\u00edsima; de ah\u00ed surge que se llamara \u201cAve Maria Catholic Films Awards\u201d. A partir de ah\u00ed ha sido un proceso de conocimiento y de experiencia para realizar los eventos de premiaci\u00f3n.<\/p>\n<p>La estatuilla est\u00e1 dise\u00f1ada especialmente para los Ave Maria Catholic Films Awards por un escultor mexicano, quien tard\u00f3 alrededor de 2 a\u00f1os en detallar y pulir la estatuilla inspirada en la Virgen Milagrosa. Desde la organizaci\u00f3n del evento se explica que se van a presentar las nominaciones y premiados, adem\u00e1s se van a transmitir los trailers de las pel\u00edculas del siguiente a\u00f1o. Los Ave Maria Catholic Films Awards tendr\u00e1n un jurado dividido en dos secciones: Por un lado, los expertos en cine y producciones audiovisuales, entre ellos se encuentra Mario Moreno Cantinflas III, Director de Cine; por otro lado, los encargados de evaluar la parte doctrinal y espiritual, el Padre Luis Zazano y el Padre Isidro Ram\u00edrez, y la Hermana Norma Pimentel, la Directora de C\u00e1ritas en Estados Unidos.<\/p>\n<p>Estar\u00e1n diferentes grupos y comunidades de varios pa\u00edses que han sido parte de la historia del Festival Internacional del Cine Cat\u00f3lico. Se contar\u00e1 con la presencia de cantantes cat\u00f3licos y mensajes de sacerdotes y de medios de comunicaci\u00f3n alentando a una vida de fe y conversi\u00f3n. Gaby menciona en su invitaci\u00f3n: \u201cLo que queremos es una fiesta en el cielo y la tierra donde nos fortalezcamos en la fe, en la unidad, en la esperanza y que los Ave Maria Awards puedan ser un punto de encuentro en el mundo para los cat\u00f3licos, para compartir nuestra fe y los diferentes carismas que hay en la Iglesia\u201d.<\/p>\n<p>Las pel\u00edculas nominadas en los Ave Maria Catholic Films Awards son:<\/p>\n<ul>\n<li>Mejor Pel\u00edcula<\/li>\n<\/ul>\n<p><a href=\"https:\/\/exaudi.org\/es\/san-ignacio-de-loyola-31-julio-2021\/\" target=\"_blank\" rel=\"noopener\">San Ignacio de Loyola<\/a><\/p>\n<p>Dirigida por: Paolo Dy, Cathy Azanza<\/p>\n<p>F\u00e1tima, el \u00faltimo misterio<\/p>\n<p>Dirigida por: Andr\u00e9s Garrig\u00f3<\/p>\n<p>Red de Libertad<\/p>\n<p>Dirigida por: Pablo Moreno<\/p>\n<ul>\n<li>Mejor Pel\u00edcula testimonial<\/li>\n<\/ul>\n<p>El misterio del Padre P\u00edo<\/p>\n<p>Dirigida por: Jos\u00e9 Mar\u00eda Zavala<\/p>\n<p>Renacidos del Padre P\u00edo<\/p>\n<p>Dirigida por: Jos\u00e9 Mar\u00eda Zavala<\/p>\n<p>Historias del Rosario: ahora y en la hora de nuestra muerte<\/p>\n<p>Dirigida por: Mariuzs Pilis, Dariusz Walusiak<\/p>\n<ul>\n<li>Mejor Director<\/li>\n<\/ul>\n<p>Jos\u00e9 Mar\u00eda Zavala<\/p>\n<p>Pel\u00edculas: El misterio del Padre P\u00edo; Renacidos por el Padre P\u00edo<\/p>\n<p>Andr\u00e9s Garrig\u00f3<\/p>\n<p>Pel\u00edcula: F\u00e1tima, el \u00faltimo misterio<\/p>\n<p>Pablo Moreno<\/p>\n<p>Pel\u00edcula: Red de libertad<\/p>\n<ul>\n<li>Mejor Actriz<\/li>\n<\/ul>\n<p>Eva Higueras<\/p>\n<p>Pel\u00edcula: F\u00e1tima, el \u00faltimo misterio<\/p>\n<p>Assumpta Serna<\/p>\n<p>Pel\u00edcula: Red de libertad<\/p>\n<p>Tacuara Casares<\/p>\n<p>Pel\u00edcula: Ignacio de Loyola<\/p>\n<ul>\n<li>Mejor Actor<\/li>\n<\/ul>\n<p>Pablo Vi\u00f1a<\/p>\n<p>Pel\u00edcula: Red de libertad<\/p>\n<p>Andreas Mu\u00f1oz<\/p>\n<p>Pel\u00edcula: Ignacio de Loyola<\/p>\n<p>Frank Calvo<\/p>\n<p>Pel\u00edcula: F\u00e1tima, el \u00faltimo misterio<\/p>\n<ul>\n<li>Mejor Gui\u00f3n<\/li>\n<\/ul>\n<p>Andr\u00e9s Garrig\u00f3<\/p>\n<p>Pel\u00edcula: F\u00e1tima, el \u00faltimo misterio<\/p>\n<p>Jos\u00e9 Mar\u00eda Zavala<\/p>\n<p>Pel\u00edcula: Misterio del Padre P\u00edo<\/p>\n<p>Pablo Moreno<\/p>\n<p>Pel\u00edcula: Red de libertad<\/p>\n<ul>\n<li>Mejor Banda Sonora<\/li>\n<\/ul>\n<p>Javier de la Cruz<\/p>\n<p>Pel\u00edcula: Misterio del Padre P\u00edo<\/p>\n<p>Ryan Cayabab<\/p>\n<p>Pel\u00edcula: Ignacio de Loyola<\/p>\n<p>\u00d3scar Mart\u00edn Leanizbarrutia<\/p>\n<p>Pel\u00edcula: Red de libertad<\/p>\n","protected":false},"excerpt":{"rendered":"<p>Cine Internacional de Pel\u00edculas Cat\u00f3licas celebrado el 10 de diciembre<\/p>\n","protected":false},"author":15,"featured_media":43351,"comment_status":"open","ping_status":"open","sticky":false,"template":"","format":"standard","meta":{"_acf_changed":false,"_crdt_document":"","inline_featured_image":false,"footnotes":""},"categories":[76,74,2158,298],"tags":[5066],"class_list":["post-43350","post","type-post","status-publish","format-standard","has-post-thumbnail","hentry","category-arte-y-cultura","category-iglesia-y-mundo","category-top-ultimas-noticias","category-ultimas-noticias","tag-premios-ave-maria-catholic-films-awards"],"acf":[],"yoast_head":"<!-- This site is optimized with the Yoast SEO plugin v27.5 - https:\/\/yoast.com\/product\/yoast-seo-wordpress\/ -->\n<title>Premios \u201cAve Maria Catholic Films\u201d: Fiesta en el cielo y en la tierra &#8211; Exaudi<\/title>\n<meta name=\"description\" content=\"Los premios Ave Maria Catholic Films Awards \u201ces una fiesta en el cielo y la tierra\u201d, ha dicho Gaby Jacoba su directora.\" \/>\n<meta name=\"robots\" content=\"index, follow, max-snippet:-1, max-image-preview:large, max-video-preview:-1\" \/>\n<link rel=\"canonical\" href=\"https:\/\/exaudi.org\/es\/los-premios-ave-maria-catholic-films-una-fiesta-en-el-cielo-y-en-la-tierra\/\" \/>\n<meta property=\"og:locale\" content=\"es_ES\" \/>\n<meta property=\"og:type\" content=\"article\" \/>\n<meta property=\"og:title\" content=\"Premios \u201cAve Maria Catholic Films\u201d: Fiesta en el cielo y en la tierra &#8211; Exaudi\" \/>\n<meta property=\"og:description\" content=\"Los premios Ave Maria Catholic Films Awards \u201ces una fiesta en el cielo y la tierra\u201d, ha dicho Gaby Jacoba su directora.\" \/>\n<meta property=\"og:url\" content=\"https:\/\/exaudi.org\/es\/los-premios-ave-maria-catholic-films-una-fiesta-en-el-cielo-y-en-la-tierra\/\" \/>\n<meta property=\"og:site_name\" content=\"Exaudi\" \/>\n<meta property=\"article:publisher\" content=\"https:\/\/www.facebook.com\/ExaudiNews\" \/>\n<meta property=\"article:author\" content=\"https:\/\/www.facebook.com\/ExaudiNoticias\/\" \/>\n<meta property=\"article:published_time\" content=\"2021-11-30T11:29:48+00:00\" \/>\n<meta property=\"og:image\" content=\"https:\/\/exaudi.org\/wp-content\/uploads\/2021\/11\/WhatsApp-Image-2021-11-30-at-12.22.08.jpeg\" \/>\n\t<meta property=\"og:image:width\" content=\"620\" \/>\n\t<meta property=\"og:image:height\" content=\"348\" \/>\n\t<meta property=\"og:image:type\" content=\"image\/jpeg\" \/>\n<meta name=\"author\" content=\"Exaudi Redacci\u00f3n\" \/>\n<meta name=\"twitter:card\" content=\"summary_large_image\" \/>\n<meta name=\"twitter:creator\" content=\"@Exaudi_noticias\" \/>\n<meta name=\"twitter:site\" content=\"@Exaudi_News\" \/>\n<meta name=\"twitter:label1\" content=\"Escrito por\" \/>\n\t<meta name=\"twitter:data1\" content=\"Exaudi Redacci\u00f3n\" \/>\n\t<meta name=\"twitter:label2\" content=\"Tiempo de lectura\" \/>\n\t<meta name=\"twitter:data2\" content=\"4 minutos\" \/>\n<script type=\"application\/ld+json\" class=\"yoast-schema-graph\">{\"@context\":\"https:\\\/\\\/schema.org\",\"@graph\":[{\"@type\":\"Article\",\"@id\":\"https:\\\/\\\/exaudi.org\\\/es\\\/los-premios-ave-maria-catholic-films-una-fiesta-en-el-cielo-y-en-la-tierra\\\/#article\",\"isPartOf\":{\"@id\":\"https:\\\/\\\/exaudi.org\\\/es\\\/los-premios-ave-maria-catholic-films-una-fiesta-en-el-cielo-y-en-la-tierra\\\/\"},\"author\":{\"name\":\"Exaudi Redacci\u00f3n\",\"@id\":\"https:\\\/\\\/exaudi.org\\\/#\\\/schema\\\/person\\\/f5fc8f063065e38742da7afe15f25df7\"},\"headline\":\"Premios \u201cAve Maria Catholic Films\u201d: Fiesta en el cielo y en la tierra\",\"datePublished\":\"2021-11-30T11:29:48+00:00\",\"mainEntityOfPage\":{\"@id\":\"https:\\\/\\\/exaudi.org\\\/es\\\/los-premios-ave-maria-catholic-films-una-fiesta-en-el-cielo-y-en-la-tierra\\\/\"},\"wordCount\":864,\"commentCount\":0,\"image\":{\"@id\":\"https:\\\/\\\/exaudi.org\\\/es\\\/los-premios-ave-maria-catholic-films-una-fiesta-en-el-cielo-y-en-la-tierra\\\/#primaryimage\"},\"thumbnailUrl\":\"https:\\\/\\\/exaudi.org\\\/wp-content\\\/uploads\\\/2021\\\/11\\\/WhatsApp-Image-2021-11-30-at-12.22.08.jpeg\",\"keywords\":[\"premios Ave Maria Catholic Films Awards\"],\"articleSection\":[\"Arte y Cultura\",\"Iglesia y Mundo\",\"Top Ultimas Noticias\",\"\u00daltimas noticias\"],\"inLanguage\":\"es\",\"potentialAction\":[{\"@type\":\"CommentAction\",\"name\":\"Comment\",\"target\":[\"https:\\\/\\\/exaudi.org\\\/es\\\/los-premios-ave-maria-catholic-films-una-fiesta-en-el-cielo-y-en-la-tierra\\\/#respond\"]}]},{\"@type\":\"WebPage\",\"@id\":\"https:\\\/\\\/exaudi.org\\\/es\\\/los-premios-ave-maria-catholic-films-una-fiesta-en-el-cielo-y-en-la-tierra\\\/\",\"url\":\"https:\\\/\\\/exaudi.org\\\/es\\\/los-premios-ave-maria-catholic-films-una-fiesta-en-el-cielo-y-en-la-tierra\\\/\",\"name\":\"Premios \u201cAve Maria Catholic Films\u201d: Fiesta en el cielo y en la tierra &#8211; Exaudi\",\"isPartOf\":{\"@id\":\"https:\\\/\\\/exaudi.org\\\/#website\"},\"primaryImageOfPage\":{\"@id\":\"https:\\\/\\\/exaudi.org\\\/es\\\/los-premios-ave-maria-catholic-films-una-fiesta-en-el-cielo-y-en-la-tierra\\\/#primaryimage\"},\"image\":{\"@id\":\"https:\\\/\\\/exaudi.org\\\/es\\\/los-premios-ave-maria-catholic-films-una-fiesta-en-el-cielo-y-en-la-tierra\\\/#primaryimage\"},\"thumbnailUrl\":\"https:\\\/\\\/exaudi.org\\\/wp-content\\\/uploads\\\/2021\\\/11\\\/WhatsApp-Image-2021-11-30-at-12.22.08.jpeg\",\"datePublished\":\"2021-11-30T11:29:48+00:00\",\"author\":{\"@id\":\"https:\\\/\\\/exaudi.org\\\/#\\\/schema\\\/person\\\/f5fc8f063065e38742da7afe15f25df7\"},\"description\":\"Los premios Ave Maria Catholic Films Awards \u201ces una fiesta en el cielo y la tierra\u201d, ha dicho Gaby Jacoba su directora.\",\"breadcrumb\":{\"@id\":\"https:\\\/\\\/exaudi.org\\\/es\\\/los-premios-ave-maria-catholic-films-una-fiesta-en-el-cielo-y-en-la-tierra\\\/#breadcrumb\"},\"inLanguage\":\"es\",\"potentialAction\":[{\"@type\":\"ReadAction\",\"target\":[\"https:\\\/\\\/exaudi.org\\\/es\\\/los-premios-ave-maria-catholic-films-una-fiesta-en-el-cielo-y-en-la-tierra\\\/\"]}]},{\"@type\":\"ImageObject\",\"inLanguage\":\"es\",\"@id\":\"https:\\\/\\\/exaudi.org\\\/es\\\/los-premios-ave-maria-catholic-films-una-fiesta-en-el-cielo-y-en-la-tierra\\\/#primaryimage\",\"url\":\"https:\\\/\\\/exaudi.org\\\/wp-content\\\/uploads\\\/2021\\\/11\\\/WhatsApp-Image-2021-11-30-at-12.22.08.jpeg\",\"contentUrl\":\"https:\\\/\\\/exaudi.org\\\/wp-content\\\/uploads\\\/2021\\\/11\\\/WhatsApp-Image-2021-11-30-at-12.22.08.jpeg\",\"width\":620,\"height\":348,\"caption\":\"Premios Ave Maria Catholic Films Awards \u00a9 Gaby Jacoba\"},{\"@type\":\"BreadcrumbList\",\"@id\":\"https:\\\/\\\/exaudi.org\\\/es\\\/los-premios-ave-maria-catholic-films-una-fiesta-en-el-cielo-y-en-la-tierra\\\/#breadcrumb\",\"itemListElement\":[{\"@type\":\"ListItem\",\"position\":1,\"name\":\"Portada\",\"item\":\"https:\\\/\\\/exaudi.org\\\/es\\\/\"},{\"@type\":\"ListItem\",\"position\":2,\"name\":\"Premios \u201cAve Maria Catholic Films\u201d: Fiesta en el cielo y en la tierra\"}]},{\"@type\":\"WebSite\",\"@id\":\"https:\\\/\\\/exaudi.org\\\/#website\",\"url\":\"https:\\\/\\\/exaudi.org\\\/\",\"name\":\"Exaudi\",\"description\":\"News\",\"potentialAction\":[{\"@type\":\"SearchAction\",\"target\":{\"@type\":\"EntryPoint\",\"urlTemplate\":\"https:\\\/\\\/exaudi.org\\\/?s={search_term_string}\"},\"query-input\":{\"@type\":\"PropertyValueSpecification\",\"valueRequired\":true,\"valueName\":\"search_term_string\"}}],\"inLanguage\":\"es\"},{\"@type\":\"Person\",\"@id\":\"https:\\\/\\\/exaudi.org\\\/#\\\/schema\\\/person\\\/f5fc8f063065e38742da7afe15f25df7\",\"name\":\"Exaudi Redacci\u00f3n\",\"image\":{\"@type\":\"ImageObject\",\"inLanguage\":\"es\",\"@id\":\"https:\\\/\\\/secure.gravatar.com\\\/avatar\\\/fe0f6a059fb68d9b3e11bc5850dd4899b1c7492091a3cb6dd9b01b56ad828be2?s=96&d=mm&r=g\",\"url\":\"https:\\\/\\\/secure.gravatar.com\\\/avatar\\\/fe0f6a059fb68d9b3e11bc5850dd4899b1c7492091a3cb6dd9b01b56ad828be2?s=96&d=mm&r=g\",\"contentUrl\":\"https:\\\/\\\/secure.gravatar.com\\\/avatar\\\/fe0f6a059fb68d9b3e11bc5850dd4899b1c7492091a3cb6dd9b01b56ad828be2?s=96&d=mm&r=g\",\"caption\":\"Exaudi Redacci\u00f3n\"},\"description\":\"\u00bfQu\u00e9 es Exaudi News? Exaudi News es un medio de comunicaci\u00f3n cat\u00f3lico internacional que informa, forma y transforma, diariamente en espa\u00f1ol, ingl\u00e9s e italiano. A trav\u00e9s de noticias, art\u00edculos de an\u00e1lisis y transmisiones en directo de los eventos del Papa, Exaudi busca fortalecer la unidad de los cristianos y contribuir a la evangelizaci\u00f3n del mundo, siempre guiados por la doctrina social de la Iglesia. Trabajamos para acercar la verdad y los valores cristianos a cada rinc\u00f3n del planeta. \u00a1Ay\u00fadanos a transformar el mundo con Exaudi! En Exaudi creemos que la evangelizaci\u00f3n y la informaci\u00f3n de calidad pueden cambiar vidas. Para continuar con nuestra misi\u00f3n y expandir nuestro alcance, necesitamos tu ayuda. Adem\u00e1s, buscamos personas comprometidas que deseen unirse a nuestro equipo. Con tu apoyo, lograremos llegar a m\u00e1s personas, difundir el mensaje de Cristo y reforzar la unidad de los cristianos. \u00bfTe unes a nuestra misi\u00f3n? Para m\u00e1s informaci\u00f3n sobre c\u00f3mo colaborar, visita Exaudi.org\\\/es o cont\u00e1ctanos directamente: info@exaudi.org Exaudi: Informa, forma y transforma.\",\"sameAs\":[\"https:\\\/\\\/www.facebook.com\\\/ExaudiNoticias\\\/\",\"https:\\\/\\\/www.instagram.com\\\/exaudi_noticias\\\/\",\"https:\\\/\\\/x.com\\\/Exaudi_noticias\",\"https:\\\/\\\/www.youtube.com\\\/@exaudicatholicnews\"],\"url\":\"https:\\\/\\\/exaudi.org\\\/es\\\/author\\\/redaccionexaudi\\\/\"}]}<\/script>\n<!-- \/ Yoast SEO plugin. -->","yoast_head_json":{"title":"Premios \u201cAve Maria Catholic Films\u201d: Fiesta en el cielo y en la tierra &#8211; Exaudi","description":"Los premios Ave Maria Catholic Films Awards \u201ces una fiesta en el cielo y la tierra\u201d, ha dicho Gaby Jacoba su directora.","robots":{"index":"index","follow":"follow","max-snippet":"max-snippet:-1","max-image-preview":"max-image-preview:large","max-video-preview":"max-video-preview:-1"},"canonical":"https:\/\/exaudi.org\/es\/los-premios-ave-maria-catholic-films-una-fiesta-en-el-cielo-y-en-la-tierra\/","og_locale":"es_ES","og_type":"article","og_title":"Premios \u201cAve Maria Catholic Films\u201d: Fiesta en el cielo y en la tierra &#8211; Exaudi","og_description":"Los premios Ave Maria Catholic Films Awards \u201ces una fiesta en el cielo y la tierra\u201d, ha dicho Gaby Jacoba su directora.","og_url":"https:\/\/exaudi.org\/es\/los-premios-ave-maria-catholic-films-una-fiesta-en-el-cielo-y-en-la-tierra\/","og_site_name":"Exaudi","article_publisher":"https:\/\/www.facebook.com\/ExaudiNews","article_author":"https:\/\/www.facebook.com\/ExaudiNoticias\/","article_published_time":"2021-11-30T11:29:48+00:00","og_image":[{"width":620,"height":348,"url":"https:\/\/exaudi.org\/wp-content\/uploads\/2021\/11\/WhatsApp-Image-2021-11-30-at-12.22.08.jpeg","type":"image\/jpeg"}],"author":"Exaudi Redacci\u00f3n","twitter_card":"summary_large_image","twitter_creator":"@Exaudi_noticias","twitter_site":"@Exaudi_News","twitter_misc":{"Escrito por":"Exaudi Redacci\u00f3n","Tiempo de lectura":"4 minutos"},"schema":{"@context":"https:\/\/schema.org","@graph":[{"@type":"Article","@id":"https:\/\/exaudi.org\/es\/los-premios-ave-maria-catholic-films-una-fiesta-en-el-cielo-y-en-la-tierra\/#article","isPartOf":{"@id":"https:\/\/exaudi.org\/es\/los-premios-ave-maria-catholic-films-una-fiesta-en-el-cielo-y-en-la-tierra\/"},"author":{"name":"Exaudi Redacci\u00f3n","@id":"https:\/\/exaudi.org\/#\/schema\/person\/f5fc8f063065e38742da7afe15f25df7"},"headline":"Premios \u201cAve Maria Catholic Films\u201d: Fiesta en el cielo y en la tierra","datePublished":"2021-11-30T11:29:48+00:00","mainEntityOfPage":{"@id":"https:\/\/exaudi.org\/es\/los-premios-ave-maria-catholic-films-una-fiesta-en-el-cielo-y-en-la-tierra\/"},"wordCount":864,"commentCount":0,"image":{"@id":"https:\/\/exaudi.org\/es\/los-premios-ave-maria-catholic-films-una-fiesta-en-el-cielo-y-en-la-tierra\/#primaryimage"},"thumbnailUrl":"https:\/\/exaudi.org\/wp-content\/uploads\/2021\/11\/WhatsApp-Image-2021-11-30-at-12.22.08.jpeg","keywords":["premios Ave Maria Catholic Films Awards"],"articleSection":["Arte y Cultura","Iglesia y Mundo","Top Ultimas Noticias","\u00daltimas noticias"],"inLanguage":"es","potentialAction":[{"@type":"CommentAction","name":"Comment","target":["https:\/\/exaudi.org\/es\/los-premios-ave-maria-catholic-films-una-fiesta-en-el-cielo-y-en-la-tierra\/#respond"]}]},{"@type":"WebPage","@id":"https:\/\/exaudi.org\/es\/los-premios-ave-maria-catholic-films-una-fiesta-en-el-cielo-y-en-la-tierra\/","url":"https:\/\/exaudi.org\/es\/los-premios-ave-maria-catholic-films-una-fiesta-en-el-cielo-y-en-la-tierra\/","name":"Premios \u201cAve Maria Catholic Films\u201d: Fiesta en el cielo y en la tierra &#8211; Exaudi","isPartOf":{"@id":"https:\/\/exaudi.org\/#website"},"primaryImageOfPage":{"@id":"https:\/\/exaudi.org\/es\/los-premios-ave-maria-catholic-films-una-fiesta-en-el-cielo-y-en-la-tierra\/#primaryimage"},"image":{"@id":"https:\/\/exaudi.org\/es\/los-premios-ave-maria-catholic-films-una-fiesta-en-el-cielo-y-en-la-tierra\/#primaryimage"},"thumbnailUrl":"https:\/\/exaudi.org\/wp-content\/uploads\/2021\/11\/WhatsApp-Image-2021-11-30-at-12.22.08.jpeg","datePublished":"2021-11-30T11:29:48+00:00","author":{"@id":"https:\/\/exaudi.org\/#\/schema\/person\/f5fc8f063065e38742da7afe15f25df7"},"description":"Los premios Ave Maria Catholic Films Awards \u201ces una fiesta en el cielo y la tierra\u201d, ha dicho Gaby Jacoba su directora.","breadcrumb":{"@id":"https:\/\/exaudi.org\/es\/los-premios-ave-maria-catholic-films-una-fiesta-en-el-cielo-y-en-la-tierra\/#breadcrumb"},"inLanguage":"es","potentialAction":[{"@type":"ReadAction","target":["https:\/\/exaudi.org\/es\/los-premios-ave-maria-catholic-films-una-fiesta-en-el-cielo-y-en-la-tierra\/"]}]},{"@type":"ImageObject","inLanguage":"es","@id":"https:\/\/exaudi.org\/es\/los-premios-ave-maria-catholic-films-una-fiesta-en-el-cielo-y-en-la-tierra\/#primaryimage","url":"https:\/\/exaudi.org\/wp-content\/uploads\/2021\/11\/WhatsApp-Image-2021-11-30-at-12.22.08.jpeg","contentUrl":"https:\/\/exaudi.org\/wp-content\/uploads\/2021\/11\/WhatsApp-Image-2021-11-30-at-12.22.08.jpeg","width":620,"height":348,"caption":"Premios Ave Maria Catholic Films Awards \u00a9 Gaby Jacoba"},{"@type":"BreadcrumbList","@id":"https:\/\/exaudi.org\/es\/los-premios-ave-maria-catholic-films-una-fiesta-en-el-cielo-y-en-la-tierra\/#breadcrumb","itemListElement":[{"@type":"ListItem","position":1,"name":"Portada","item":"https:\/\/exaudi.org\/es\/"},{"@type":"ListItem","position":2,"name":"Premios \u201cAve Maria Catholic Films\u201d: Fiesta en el cielo y en la tierra"}]},{"@type":"WebSite","@id":"https:\/\/exaudi.org\/#website","url":"https:\/\/exaudi.org\/","name":"Exaudi","description":"News","potentialAction":[{"@type":"SearchAction","target":{"@type":"EntryPoint","urlTemplate":"https:\/\/exaudi.org\/?s={search_term_string}"},"query-input":{"@type":"PropertyValueSpecification","valueRequired":true,"valueName":"search_term_string"}}],"inLanguage":"es"},{"@type":"Person","@id":"https:\/\/exaudi.org\/#\/schema\/person\/f5fc8f063065e38742da7afe15f25df7","name":"Exaudi Redacci\u00f3n","image":{"@type":"ImageObject","inLanguage":"es","@id":"https:\/\/secure.gravatar.com\/avatar\/fe0f6a059fb68d9b3e11bc5850dd4899b1c7492091a3cb6dd9b01b56ad828be2?s=96&d=mm&r=g","url":"https:\/\/secure.gravatar.com\/avatar\/fe0f6a059fb68d9b3e11bc5850dd4899b1c7492091a3cb6dd9b01b56ad828be2?s=96&d=mm&r=g","contentUrl":"https:\/\/secure.gravatar.com\/avatar\/fe0f6a059fb68d9b3e11bc5850dd4899b1c7492091a3cb6dd9b01b56ad828be2?s=96&d=mm&r=g","caption":"Exaudi Redacci\u00f3n"},"description":"\u00bfQu\u00e9 es Exaudi News? Exaudi News es un medio de comunicaci\u00f3n cat\u00f3lico internacional que informa, forma y transforma, diariamente en espa\u00f1ol, ingl\u00e9s e italiano. A trav\u00e9s de noticias, art\u00edculos de an\u00e1lisis y transmisiones en directo de los eventos del Papa, Exaudi busca fortalecer la unidad de los cristianos y contribuir a la evangelizaci\u00f3n del mundo, siempre guiados por la doctrina social de la Iglesia. Trabajamos para acercar la verdad y los valores cristianos a cada rinc\u00f3n del planeta. \u00a1Ay\u00fadanos a transformar el mundo con Exaudi! En Exaudi creemos que la evangelizaci\u00f3n y la informaci\u00f3n de calidad pueden cambiar vidas. Para continuar con nuestra misi\u00f3n y expandir nuestro alcance, necesitamos tu ayuda. Adem\u00e1s, buscamos personas comprometidas que deseen unirse a nuestro equipo. Con tu apoyo, lograremos llegar a m\u00e1s personas, difundir el mensaje de Cristo y reforzar la unidad de los cristianos. \u00bfTe unes a nuestra misi\u00f3n? Para m\u00e1s informaci\u00f3n sobre c\u00f3mo colaborar, visita Exaudi.org\/es o cont\u00e1ctanos directamente: info@exaudi.org Exaudi: Informa, forma y transforma.","sameAs":["https:\/\/www.facebook.com\/ExaudiNoticias\/","https:\/\/www.instagram.com\/exaudi_noticias\/","https:\/\/x.com\/Exaudi_noticias","https:\/\/www.youtube.com\/@exaudicatholicnews"],"url":"https:\/\/exaudi.org\/es\/author\/redaccionexaudi\/"}]}},"jetpack_featured_media_url":"https:\/\/exaudi.org\/wp-content\/uploads\/2021\/11\/WhatsApp-Image-2021-11-30-at-12.22.08.jpeg","jetpack_shortlink":"https:\/\/wp.me\/pgKjF2-bhc","_links":{"self":[{"href":"https:\/\/exaudi.org\/es\/wp-json\/wp\/v2\/posts\/43350","targetHints":{"allow":["GET"]}}],"collection":[{"href":"https:\/\/exaudi.org\/es\/wp-json\/wp\/v2\/posts"}],"about":[{"href":"https:\/\/exaudi.org\/es\/wp-json\/wp\/v2\/types\/post"}],"author":[{"embeddable":true,"href":"https:\/\/exaudi.org\/es\/wp-json\/wp\/v2\/users\/15"}],"replies":[{"embeddable":true,"href":"https:\/\/exaudi.org\/es\/wp-json\/wp\/v2\/comments?post=43350"}],"version-history":[{"count":0,"href":"https:\/\/exaudi.org\/es\/wp-json\/wp\/v2\/posts\/43350\/revisions"}],"wp:featuredmedia":[{"embeddable":true,"href":"https:\/\/exaudi.org\/es\/wp-json\/wp\/v2\/media\/43351"}],"wp:attachment":[{"href":"https:\/\/exaudi.org\/es\/wp-json\/wp\/v2\/media?parent=43350"}],"wp:term":[{"taxonomy":"category","embeddable":true,"href":"https:\/\/exaudi.org\/es\/wp-json\/wp\/v2\/categories?post=43350"},{"taxonomy":"post_tag","embeddable":true,"href":"https:\/\/exaudi.org\/es\/wp-json\/wp\/v2\/tags?post=43350"}],"curies":[{"name":"wp","href":"https:\/\/api.w.org\/{rel}","templated":true}]}}