{"id":43333,"date":"2021-11-30T08:40:44","date_gmt":"2021-11-30T07:40:44","guid":{"rendered":"https:\/\/exaudi.wpengine.com\/card-canizares-justo-aznar-un-santo-de-la-puerta-de-al-lado\/"},"modified":"2022-01-03T16:03:18","modified_gmt":"2022-01-03T15:03:18","slug":"card-canizares-justo-aznar-un-santo-de-la-puerta-de-al-lado","status":"publish","type":"post","link":"https:\/\/exaudi.org\/es\/card-canizares-justo-aznar-un-santo-de-la-puerta-de-al-lado\/","title":{"rendered":"Card. Ca\u00f1izares: Justo Aznar, un santo de la puerta de al lado"},"content":{"rendered":"<p>El cardenal Ca\u00f1izares asegura que <a href=\"https:\/\/exaudi.org\/es\/fallece-justo-aznar-fundador-del-observatorio-de-bioetica-de-la-ucv\/\" target=\"_blank\" rel=\"noopener\">Justo Aznar<\/a> fue \u201cun hombre de ciencia, un intelectual y un santo de la puerta de al lado\u201d. La parroquia San Jos\u00e9mar\u00eda Escriv\u00e1 acogi\u00f3 ayer, 29 de noviembre de 2021, la celebraci\u00f3n del funeral del fundador del Instituto de Ciencias de la Vida y del <a href=\"https:\/\/www.observatoriobioetica.org\/\" target=\"_blank\" rel=\"noopener\">Observatorio de Bio\u00e9tica de la UCV<\/a> fallecido el s\u00e1bado pasado a los 84 a\u00f1os, seg\u00fan informa la misma instituci\u00f3n.<\/p>\n<p>El funeral ha sido presidido por el cardenal arzobispo de Valencia,\u00a0Antonio Ca\u00f1izares, que ha dedicado unas palabras a Aznar, a quien ha calificado de \u201dsanto de la puerta de al lado\u201d, aludiendo a las palabras del Papa\u00a0Francisco\u00a0en su carta\u00a0\u2018Alegraos y regocijaos\u2019: \u201dJusto fue un hombre de ciencia que conjug\u00f3 perfectamente ciencia con conciencia, fe con raz\u00f3n, y amor con verdad. Demos gracias a Dios por \u00e9l, un hombre que era justo en su nombre y en la realidad. Un hombre prudente, sabio, cabal; un cristiano de cuerpo entero\u201d.<\/p>\n<p><img loading=\"lazy\" decoding=\"async\" class=\"size-medium wp-image-42212 alignleft\" src=\"https:\/\/exaudi.wpengine.com\/wp-content\/uploads\/2021\/11\/Disen\u0303o-sin-ti\u0301tulo-55-300x228.jpg\" alt=\"\" width=\"300\" height=\"228\" \/>Ocupante del primer sill\u00f3n de <a href=\"https:\/\/exaudi.org\/es\/bioetica-libertad-de-expresion-autonomia-y-responsabilidad\/\" target=\"_blank\" rel=\"noopener\">Bio\u00e9tica<\/a> de la Comunidad Valenciana, creado por la Real Academia de Medicina; y ganador de los premios Alberto Sols, Santiago Grisol\u00eda y Salud y Sociedad a la mejor trayectoria profesional de la Comunidad Valenciana otorgado por la Conseller\u00eda de Sanidad, Aznar fue el jefe del departamento de Biopatolog\u00eda Cl\u00ednica del Hospital Universitario La Fe desde 1974 hasta su jubilaci\u00f3n en julio de 2006.<\/p>\n<p>\u201cJusto fue un hombre de fe, de conciencia, de la verdad que nos hace libres, que busc\u00f3 el bien y el bien apoy\u00f3 su conducta, lo que le condujo al amor al pr\u00f3jimo, defendiendo su dignidad. Un verdadero cat\u00f3lico en la vida p\u00fablica, inserto en el mundo, pero sin ser de \u00e9l. Un hombre cristiano que vivi\u00f3 con la certeza de estar en las manos de Dios y por eso caminaba en paz, transmit\u00eda la paz, muri\u00f3 en paz y en las manos de Dios\u201d, ha aseverado el cardenal valenciano.<\/p>\n<p>Para Ca\u00f1izares, Aznar fue \u201dun hombre sabio con la sabidur\u00eda que viene de la fe en Jesucristo, defensor de la vida y del hombre, experto en el nuevo arte de vivir que nos ense\u00f1\u00f3 Jes\u00fas: el de las Bienaventuranzas y la caridad. Un universitario e intelectual que no se dej\u00f3 la cabeza a la puerta del templo. Un fiel cristiano, laico, como los quer\u00eda San Jos\u00e9 Mar\u00eda, como hoy necesitamos, ejemplo y modelo para los laicos\u201d.<\/p>\n<p>Justo Aznar fue un cient\u00edfico apasionado \u201cpor su familia y por la investigaci\u00f3n\u201d que \u201dluch\u00f3 por los m\u00e1s d\u00e9biles, por los m\u00e1s indefensos\u201d. En la homil\u00eda pronunciada en el transcurso de la Eucarist\u00eda, en la que han concelebrado el vicario general de la di\u00f3cesis, Vicente Fontestad, una veintena de presb\u00edteros\u00a0y el p\u00e1rroco Jorge Molinero; el sacerdote\u00a0Juan Pablo Gilabert\u00a0ha destacado la labor de Aznar como \u201cm\u00e9dico pr\u00f3vida\u201d, alguien que \u201cluch\u00f3 por los m\u00e1s d\u00e9biles, los m\u00e1s indefensos\u201d.<\/p>\n<p>\u201cSiempre estuvo implicado en las asociaciones provida: a nivel federal en Espa\u00f1a, fundando la de Valencia, en el Instituto de Ciencias de la Vida y el Observatorio de Bio\u00e9tica de la Universidad Cat\u00f3lica de Valencia en la jubilaci\u00f3n, cuando podr\u00eda estar descansando. Fue miembro de la Pontificia Academia de la Vida\u2026Toda la vida de Justo estuvo muy pegadita a lo relacionado con la vida\u201d, ha asegurado.<\/p>\n<p>El \u201cencuentro con Dios\u201d de Aznar se produjo \u201ca trav\u00e9s de la familia y del trabajo\u201d, seg\u00fan ha se\u00f1alado Gilabert: \u201cUs\u00f3 los talentos recibidos, que no fueron pocos, su inteligencia, su gran capacidad de trabajo, para invertirlo en cosas que merec\u00edan la pena como m\u00e9dico y como investigador. Estos fueron sus ideales: pens\u00f3 que as\u00ed pod\u00eda ser muy feliz. Y lo hizo, ten\u00eda muchos amigos de verdad, acerc\u00f3 con su ejemplo, con\u00a0su simpat\u00eda, con su cari\u00f1o, con su prestigio, a muchas personas a Dios\u201d.<\/p>\n<p>Gilabert se ha referido a c\u00f3mo Justo Aznar compart\u00eda que el esp\u00edritu de la obra que fund\u00f3 San Jos\u00e9 Mar\u00eda Escriv\u00e1 de Balaguer le motiv\u00f3 a ser miembro del Opus Dei. \u201cJusto fue un esposo, un padre, un abuelo y un amigo formidable. Fundar con generosidad una familia cristiana, enamorarse de Vicen, que era su amor desde que ten\u00eda 14 a\u00f1os, fue el inicio de una aventura maravillosa que lleva cada uno de sus diez hijos e hijas. Ha sido, de verdad, un privilegio para todos los que le hemos conocido\u201d, ha aducido.<\/p>\n<p>A la celebraci\u00f3n han asistido amigos y familiares, investigadores y profesores de distintos \u00e1mbitos de la medicina, la ciencia y la filosof\u00eda, as\u00ed como de la Universidad Cat\u00f3lica de Valencia, encabezados por el rector, Jos\u00e9 Manuel Pag\u00e1n.<\/p>\n","protected":false},"excerpt":{"rendered":"<p>Fundador del Instituto de Ciencias de la Vida y del Observatorio de Bio\u00e9tica de la UCV. Colaborador de Exaudi<\/p>\n","protected":false},"author":87,"featured_media":43335,"comment_status":"open","ping_status":"open","sticky":false,"template":"","format":"standard","meta":{"_acf_changed":false,"_crdt_document":"","inline_featured_image":false,"footnotes":""},"categories":[74,98,2158,298],"tags":[5063],"class_list":["post-43333","post","type-post","status-publish","format-standard","has-post-thumbnail","hentry","category-iglesia-y-mundo","category-testimonios","category-top-ultimas-noticias","category-ultimas-noticias","tag-justo-aznar"],"acf":[],"yoast_head":"<!-- This site is optimized with the Yoast SEO plugin v27.4 - https:\/\/yoast.com\/product\/yoast-seo-wordpress\/ -->\n<title>Card. Ca\u00f1izares: Justo Aznar, un santo de la puerta de al lado &#8211; Exaudi<\/title>\n<meta name=\"description\" content=\"El cardenal Ca\u00f1izares asegura que Justo Aznar fue un santo de la puerta de al lado en la celebraci\u00f3n de su funeral.\" \/>\n<meta name=\"robots\" content=\"index, follow, max-snippet:-1, max-image-preview:large, max-video-preview:-1\" \/>\n<link rel=\"canonical\" href=\"https:\/\/exaudi.org\/es\/card-canizares-justo-aznar-un-santo-de-la-puerta-de-al-lado\/\" \/>\n<meta property=\"og:locale\" content=\"es_ES\" \/>\n<meta property=\"og:type\" content=\"article\" \/>\n<meta property=\"og:title\" content=\"Card. Ca\u00f1izares: Justo Aznar, un santo de la puerta de al lado &#8211; Exaudi\" \/>\n<meta property=\"og:description\" content=\"El cardenal Ca\u00f1izares asegura que Justo Aznar fue un santo de la puerta de al lado en la celebraci\u00f3n de su funeral.\" \/>\n<meta property=\"og:url\" content=\"https:\/\/exaudi.org\/es\/card-canizares-justo-aznar-un-santo-de-la-puerta-de-al-lado\/\" \/>\n<meta property=\"og:site_name\" content=\"Exaudi\" \/>\n<meta property=\"article:publisher\" content=\"https:\/\/www.facebook.com\/ExaudiNews\" \/>\n<meta property=\"article:author\" content=\"https:\/\/www.facebook.com\/observatoriodebioetica\/\" \/>\n<meta property=\"article:published_time\" content=\"2021-11-30T07:40:44+00:00\" \/>\n<meta property=\"article:modified_time\" content=\"2022-01-03T15:03:18+00:00\" \/>\n<meta property=\"og:image\" content=\"https:\/\/exaudi.org\/wp-content\/uploads\/2021\/11\/Disen\u0303o-sin-ti\u0301tulo-54.jpg\" \/>\n\t<meta property=\"og:image:width\" content=\"771\" \/>\n\t<meta property=\"og:image:height\" content=\"585\" \/>\n\t<meta property=\"og:image:type\" content=\"image\/jpeg\" \/>\n<meta name=\"author\" content=\"Observatorio de Bio\u00e9tica UCV\" \/>\n<meta name=\"twitter:card\" content=\"summary_large_image\" \/>\n<meta name=\"twitter:creator\" content=\"@obioetica\" \/>\n<meta name=\"twitter:site\" content=\"@Exaudi_News\" \/>\n<meta name=\"twitter:label1\" content=\"Escrito por\" \/>\n\t<meta name=\"twitter:data1\" content=\"Observatorio de Bio\u00e9tica UCV\" \/>\n\t<meta name=\"twitter:label2\" content=\"Tiempo de lectura\" \/>\n\t<meta name=\"twitter:data2\" content=\"4 minutos\" \/>\n<script type=\"application\/ld+json\" class=\"yoast-schema-graph\">{\"@context\":\"https:\\\/\\\/schema.org\",\"@graph\":[{\"@type\":\"Article\",\"@id\":\"https:\\\/\\\/exaudi.org\\\/es\\\/card-canizares-justo-aznar-un-santo-de-la-puerta-de-al-lado\\\/#article\",\"isPartOf\":{\"@id\":\"https:\\\/\\\/exaudi.org\\\/es\\\/card-canizares-justo-aznar-un-santo-de-la-puerta-de-al-lado\\\/\"},\"author\":{\"name\":\"Observatorio de Bio\u00e9tica UCV\",\"@id\":\"https:\\\/\\\/exaudi.org\\\/#\\\/schema\\\/person\\\/05d1c06e56ecb5490e9bff0d27026595\"},\"headline\":\"Card. Ca\u00f1izares: Justo Aznar, un santo de la puerta de al lado\",\"datePublished\":\"2021-11-30T07:40:44+00:00\",\"dateModified\":\"2022-01-03T15:03:18+00:00\",\"mainEntityOfPage\":{\"@id\":\"https:\\\/\\\/exaudi.org\\\/es\\\/card-canizares-justo-aznar-un-santo-de-la-puerta-de-al-lado\\\/\"},\"wordCount\":829,\"commentCount\":0,\"image\":{\"@id\":\"https:\\\/\\\/exaudi.org\\\/es\\\/card-canizares-justo-aznar-un-santo-de-la-puerta-de-al-lado\\\/#primaryimage\"},\"thumbnailUrl\":\"https:\\\/\\\/exaudi.org\\\/wp-content\\\/uploads\\\/2021\\\/11\\\/Disen\u0303o-sin-ti\u0301tulo-54.jpg\",\"keywords\":[\"Justo Aznar\"],\"articleSection\":[\"Iglesia y Mundo\",\"Testimonios\",\"Top Ultimas Noticias\",\"\u00daltimas noticias\"],\"inLanguage\":\"es\",\"potentialAction\":[{\"@type\":\"CommentAction\",\"name\":\"Comment\",\"target\":[\"https:\\\/\\\/exaudi.org\\\/es\\\/card-canizares-justo-aznar-un-santo-de-la-puerta-de-al-lado\\\/#respond\"]}]},{\"@type\":\"WebPage\",\"@id\":\"https:\\\/\\\/exaudi.org\\\/es\\\/card-canizares-justo-aznar-un-santo-de-la-puerta-de-al-lado\\\/\",\"url\":\"https:\\\/\\\/exaudi.org\\\/es\\\/card-canizares-justo-aznar-un-santo-de-la-puerta-de-al-lado\\\/\",\"name\":\"Card. Ca\u00f1izares: Justo Aznar, un santo de la puerta de al lado &#8211; Exaudi\",\"isPartOf\":{\"@id\":\"https:\\\/\\\/exaudi.org\\\/#website\"},\"primaryImageOfPage\":{\"@id\":\"https:\\\/\\\/exaudi.org\\\/es\\\/card-canizares-justo-aznar-un-santo-de-la-puerta-de-al-lado\\\/#primaryimage\"},\"image\":{\"@id\":\"https:\\\/\\\/exaudi.org\\\/es\\\/card-canizares-justo-aznar-un-santo-de-la-puerta-de-al-lado\\\/#primaryimage\"},\"thumbnailUrl\":\"https:\\\/\\\/exaudi.org\\\/wp-content\\\/uploads\\\/2021\\\/11\\\/Disen\u0303o-sin-ti\u0301tulo-54.jpg\",\"datePublished\":\"2021-11-30T07:40:44+00:00\",\"dateModified\":\"2022-01-03T15:03:18+00:00\",\"author\":{\"@id\":\"https:\\\/\\\/exaudi.org\\\/#\\\/schema\\\/person\\\/05d1c06e56ecb5490e9bff0d27026595\"},\"description\":\"El cardenal Ca\u00f1izares asegura que Justo Aznar fue un santo de la puerta de al lado en la celebraci\u00f3n de su funeral.\",\"breadcrumb\":{\"@id\":\"https:\\\/\\\/exaudi.org\\\/es\\\/card-canizares-justo-aznar-un-santo-de-la-puerta-de-al-lado\\\/#breadcrumb\"},\"inLanguage\":\"es\",\"potentialAction\":[{\"@type\":\"ReadAction\",\"target\":[\"https:\\\/\\\/exaudi.org\\\/es\\\/card-canizares-justo-aznar-un-santo-de-la-puerta-de-al-lado\\\/\"]}]},{\"@type\":\"ImageObject\",\"inLanguage\":\"es\",\"@id\":\"https:\\\/\\\/exaudi.org\\\/es\\\/card-canizares-justo-aznar-un-santo-de-la-puerta-de-al-lado\\\/#primaryimage\",\"url\":\"https:\\\/\\\/exaudi.org\\\/wp-content\\\/uploads\\\/2021\\\/11\\\/Disen\u0303o-sin-ti\u0301tulo-54.jpg\",\"contentUrl\":\"https:\\\/\\\/exaudi.org\\\/wp-content\\\/uploads\\\/2021\\\/11\\\/Disen\u0303o-sin-ti\u0301tulo-54.jpg\",\"width\":771,\"height\":585,\"caption\":\"La parroquia de San Jos\u00e9 Mar\u00eda Escriv\u00e1 \u00a9 UCV\"},{\"@type\":\"BreadcrumbList\",\"@id\":\"https:\\\/\\\/exaudi.org\\\/es\\\/card-canizares-justo-aznar-un-santo-de-la-puerta-de-al-lado\\\/#breadcrumb\",\"itemListElement\":[{\"@type\":\"ListItem\",\"position\":1,\"name\":\"Portada\",\"item\":\"https:\\\/\\\/exaudi.org\\\/es\\\/\"},{\"@type\":\"ListItem\",\"position\":2,\"name\":\"Card. Ca\u00f1izares: Justo Aznar, un santo de la puerta de al lado\"}]},{\"@type\":\"WebSite\",\"@id\":\"https:\\\/\\\/exaudi.org\\\/#website\",\"url\":\"https:\\\/\\\/exaudi.org\\\/\",\"name\":\"Exaudi\",\"description\":\"News\",\"potentialAction\":[{\"@type\":\"SearchAction\",\"target\":{\"@type\":\"EntryPoint\",\"urlTemplate\":\"https:\\\/\\\/exaudi.org\\\/?s={search_term_string}\"},\"query-input\":{\"@type\":\"PropertyValueSpecification\",\"valueRequired\":true,\"valueName\":\"search_term_string\"}}],\"inLanguage\":\"es\"},{\"@type\":\"Person\",\"@id\":\"https:\\\/\\\/exaudi.org\\\/#\\\/schema\\\/person\\\/05d1c06e56ecb5490e9bff0d27026595\",\"name\":\"Observatorio de Bio\u00e9tica UCV\",\"image\":{\"@type\":\"ImageObject\",\"inLanguage\":\"es\",\"@id\":\"https:\\\/\\\/secure.gravatar.com\\\/avatar\\\/086563f59595a89fb0851de25d712a03657b1cdfa8af3c9cd0a1ee122fc5d596?s=96&d=mm&r=g\",\"url\":\"https:\\\/\\\/secure.gravatar.com\\\/avatar\\\/086563f59595a89fb0851de25d712a03657b1cdfa8af3c9cd0a1ee122fc5d596?s=96&d=mm&r=g\",\"contentUrl\":\"https:\\\/\\\/secure.gravatar.com\\\/avatar\\\/086563f59595a89fb0851de25d712a03657b1cdfa8af3c9cd0a1ee122fc5d596?s=96&d=mm&r=g\",\"caption\":\"Observatorio de Bio\u00e9tica UCV\"},\"description\":\"El Observatorio de Bio\u00e9tica se encuentra dentro del Instituto Ciencias de la vida de la Universidad Cat\u00f3lica de Valencia \u201cSan Vicente M\u00e1rtir\u201d . En el trasfondo de sus publicaciones, se defiende la vida humana desde la fecundaci\u00f3n a la muerte natural y la dignidad de la persona, teniendo como objetivo aunar esfuerzos para difundir la cultura de la vida como la define la Evangelium Vitae.\",\"sameAs\":[\"https:\\\/\\\/www.observatoriobioetica.org\\\/\",\"https:\\\/\\\/www.facebook.com\\\/observatoriodebioetica\\\/\",\"https:\\\/\\\/x.com\\\/obioetica\",\"https:\\\/\\\/www.youtube.com\\\/channel\\\/UC_Tr4WS5-TXoNo5e1MdQc7w\"],\"url\":\"https:\\\/\\\/exaudi.org\\\/es\\\/author\\\/observatoriodebioeticaucv\\\/\"}]}<\/script>\n<!-- \/ Yoast SEO plugin. -->","yoast_head_json":{"title":"Card. Ca\u00f1izares: Justo Aznar, un santo de la puerta de al lado &#8211; Exaudi","description":"El cardenal Ca\u00f1izares asegura que Justo Aznar fue un santo de la puerta de al lado en la celebraci\u00f3n de su funeral.","robots":{"index":"index","follow":"follow","max-snippet":"max-snippet:-1","max-image-preview":"max-image-preview:large","max-video-preview":"max-video-preview:-1"},"canonical":"https:\/\/exaudi.org\/es\/card-canizares-justo-aznar-un-santo-de-la-puerta-de-al-lado\/","og_locale":"es_ES","og_type":"article","og_title":"Card. Ca\u00f1izares: Justo Aznar, un santo de la puerta de al lado &#8211; Exaudi","og_description":"El cardenal Ca\u00f1izares asegura que Justo Aznar fue un santo de la puerta de al lado en la celebraci\u00f3n de su funeral.","og_url":"https:\/\/exaudi.org\/es\/card-canizares-justo-aznar-un-santo-de-la-puerta-de-al-lado\/","og_site_name":"Exaudi","article_publisher":"https:\/\/www.facebook.com\/ExaudiNews","article_author":"https:\/\/www.facebook.com\/observatoriodebioetica\/","article_published_time":"2021-11-30T07:40:44+00:00","article_modified_time":"2022-01-03T15:03:18+00:00","og_image":[{"width":771,"height":585,"url":"https:\/\/exaudi.org\/wp-content\/uploads\/2021\/11\/Disen\u0303o-sin-ti\u0301tulo-54.jpg","type":"image\/jpeg"}],"author":"Observatorio de Bio\u00e9tica UCV","twitter_card":"summary_large_image","twitter_creator":"@obioetica","twitter_site":"@Exaudi_News","twitter_misc":{"Escrito por":"Observatorio de Bio\u00e9tica UCV","Tiempo de lectura":"4 minutos"},"schema":{"@context":"https:\/\/schema.org","@graph":[{"@type":"Article","@id":"https:\/\/exaudi.org\/es\/card-canizares-justo-aznar-un-santo-de-la-puerta-de-al-lado\/#article","isPartOf":{"@id":"https:\/\/exaudi.org\/es\/card-canizares-justo-aznar-un-santo-de-la-puerta-de-al-lado\/"},"author":{"name":"Observatorio de Bio\u00e9tica UCV","@id":"https:\/\/exaudi.org\/#\/schema\/person\/05d1c06e56ecb5490e9bff0d27026595"},"headline":"Card. Ca\u00f1izares: Justo Aznar, un santo de la puerta de al lado","datePublished":"2021-11-30T07:40:44+00:00","dateModified":"2022-01-03T15:03:18+00:00","mainEntityOfPage":{"@id":"https:\/\/exaudi.org\/es\/card-canizares-justo-aznar-un-santo-de-la-puerta-de-al-lado\/"},"wordCount":829,"commentCount":0,"image":{"@id":"https:\/\/exaudi.org\/es\/card-canizares-justo-aznar-un-santo-de-la-puerta-de-al-lado\/#primaryimage"},"thumbnailUrl":"https:\/\/exaudi.org\/wp-content\/uploads\/2021\/11\/Disen\u0303o-sin-ti\u0301tulo-54.jpg","keywords":["Justo Aznar"],"articleSection":["Iglesia y Mundo","Testimonios","Top Ultimas Noticias","\u00daltimas noticias"],"inLanguage":"es","potentialAction":[{"@type":"CommentAction","name":"Comment","target":["https:\/\/exaudi.org\/es\/card-canizares-justo-aznar-un-santo-de-la-puerta-de-al-lado\/#respond"]}]},{"@type":"WebPage","@id":"https:\/\/exaudi.org\/es\/card-canizares-justo-aznar-un-santo-de-la-puerta-de-al-lado\/","url":"https:\/\/exaudi.org\/es\/card-canizares-justo-aznar-un-santo-de-la-puerta-de-al-lado\/","name":"Card. Ca\u00f1izares: Justo Aznar, un santo de la puerta de al lado &#8211; Exaudi","isPartOf":{"@id":"https:\/\/exaudi.org\/#website"},"primaryImageOfPage":{"@id":"https:\/\/exaudi.org\/es\/card-canizares-justo-aznar-un-santo-de-la-puerta-de-al-lado\/#primaryimage"},"image":{"@id":"https:\/\/exaudi.org\/es\/card-canizares-justo-aznar-un-santo-de-la-puerta-de-al-lado\/#primaryimage"},"thumbnailUrl":"https:\/\/exaudi.org\/wp-content\/uploads\/2021\/11\/Disen\u0303o-sin-ti\u0301tulo-54.jpg","datePublished":"2021-11-30T07:40:44+00:00","dateModified":"2022-01-03T15:03:18+00:00","author":{"@id":"https:\/\/exaudi.org\/#\/schema\/person\/05d1c06e56ecb5490e9bff0d27026595"},"description":"El cardenal Ca\u00f1izares asegura que Justo Aznar fue un santo de la puerta de al lado en la celebraci\u00f3n de su funeral.","breadcrumb":{"@id":"https:\/\/exaudi.org\/es\/card-canizares-justo-aznar-un-santo-de-la-puerta-de-al-lado\/#breadcrumb"},"inLanguage":"es","potentialAction":[{"@type":"ReadAction","target":["https:\/\/exaudi.org\/es\/card-canizares-justo-aznar-un-santo-de-la-puerta-de-al-lado\/"]}]},{"@type":"ImageObject","inLanguage":"es","@id":"https:\/\/exaudi.org\/es\/card-canizares-justo-aznar-un-santo-de-la-puerta-de-al-lado\/#primaryimage","url":"https:\/\/exaudi.org\/wp-content\/uploads\/2021\/11\/Disen\u0303o-sin-ti\u0301tulo-54.jpg","contentUrl":"https:\/\/exaudi.org\/wp-content\/uploads\/2021\/11\/Disen\u0303o-sin-ti\u0301tulo-54.jpg","width":771,"height":585,"caption":"La parroquia de San Jos\u00e9 Mar\u00eda Escriv\u00e1 \u00a9 UCV"},{"@type":"BreadcrumbList","@id":"https:\/\/exaudi.org\/es\/card-canizares-justo-aznar-un-santo-de-la-puerta-de-al-lado\/#breadcrumb","itemListElement":[{"@type":"ListItem","position":1,"name":"Portada","item":"https:\/\/exaudi.org\/es\/"},{"@type":"ListItem","position":2,"name":"Card. Ca\u00f1izares: Justo Aznar, un santo de la puerta de al lado"}]},{"@type":"WebSite","@id":"https:\/\/exaudi.org\/#website","url":"https:\/\/exaudi.org\/","name":"Exaudi","description":"News","potentialAction":[{"@type":"SearchAction","target":{"@type":"EntryPoint","urlTemplate":"https:\/\/exaudi.org\/?s={search_term_string}"},"query-input":{"@type":"PropertyValueSpecification","valueRequired":true,"valueName":"search_term_string"}}],"inLanguage":"es"},{"@type":"Person","@id":"https:\/\/exaudi.org\/#\/schema\/person\/05d1c06e56ecb5490e9bff0d27026595","name":"Observatorio de Bio\u00e9tica UCV","image":{"@type":"ImageObject","inLanguage":"es","@id":"https:\/\/secure.gravatar.com\/avatar\/086563f59595a89fb0851de25d712a03657b1cdfa8af3c9cd0a1ee122fc5d596?s=96&d=mm&r=g","url":"https:\/\/secure.gravatar.com\/avatar\/086563f59595a89fb0851de25d712a03657b1cdfa8af3c9cd0a1ee122fc5d596?s=96&d=mm&r=g","contentUrl":"https:\/\/secure.gravatar.com\/avatar\/086563f59595a89fb0851de25d712a03657b1cdfa8af3c9cd0a1ee122fc5d596?s=96&d=mm&r=g","caption":"Observatorio de Bio\u00e9tica UCV"},"description":"El Observatorio de Bio\u00e9tica se encuentra dentro del Instituto Ciencias de la vida de la Universidad Cat\u00f3lica de Valencia \u201cSan Vicente M\u00e1rtir\u201d . En el trasfondo de sus publicaciones, se defiende la vida humana desde la fecundaci\u00f3n a la muerte natural y la dignidad de la persona, teniendo como objetivo aunar esfuerzos para difundir la cultura de la vida como la define la Evangelium Vitae.","sameAs":["https:\/\/www.observatoriobioetica.org\/","https:\/\/www.facebook.com\/observatoriodebioetica\/","https:\/\/x.com\/obioetica","https:\/\/www.youtube.com\/channel\/UC_Tr4WS5-TXoNo5e1MdQc7w"],"url":"https:\/\/exaudi.org\/es\/author\/observatoriodebioeticaucv\/"}]}},"jetpack_featured_media_url":"https:\/\/exaudi.org\/wp-content\/uploads\/2021\/11\/Disen\u0303o-sin-ti\u0301tulo-54.jpg","jetpack_shortlink":"https:\/\/wp.me\/pgKjF2-bgV","_links":{"self":[{"href":"https:\/\/exaudi.org\/es\/wp-json\/wp\/v2\/posts\/43333","targetHints":{"allow":["GET"]}}],"collection":[{"href":"https:\/\/exaudi.org\/es\/wp-json\/wp\/v2\/posts"}],"about":[{"href":"https:\/\/exaudi.org\/es\/wp-json\/wp\/v2\/types\/post"}],"author":[{"embeddable":true,"href":"https:\/\/exaudi.org\/es\/wp-json\/wp\/v2\/users\/87"}],"replies":[{"embeddable":true,"href":"https:\/\/exaudi.org\/es\/wp-json\/wp\/v2\/comments?post=43333"}],"version-history":[{"count":0,"href":"https:\/\/exaudi.org\/es\/wp-json\/wp\/v2\/posts\/43333\/revisions"}],"wp:featuredmedia":[{"embeddable":true,"href":"https:\/\/exaudi.org\/es\/wp-json\/wp\/v2\/media\/43335"}],"wp:attachment":[{"href":"https:\/\/exaudi.org\/es\/wp-json\/wp\/v2\/media?parent=43333"}],"wp:term":[{"taxonomy":"category","embeddable":true,"href":"https:\/\/exaudi.org\/es\/wp-json\/wp\/v2\/categories?post=43333"},{"taxonomy":"post_tag","embeddable":true,"href":"https:\/\/exaudi.org\/es\/wp-json\/wp\/v2\/tags?post=43333"}],"curies":[{"name":"wp","href":"https:\/\/api.w.org\/{rel}","templated":true}]}}