{"id":43321,"date":"2021-11-30T08:20:10","date_gmt":"2021-11-30T07:20:10","guid":{"rendered":"https:\/\/exaudi.wpengine.com\/nigeria-sacerdote-relata-secuestro-a-manos-de-pastores-fulani\/"},"modified":"2021-12-27T09:53:50","modified_gmt":"2021-12-27T08:53:50","slug":"nigeria-sacerdote-relata-secuestro-a-manos-de-pastores-fulani","status":"publish","type":"post","link":"https:\/\/exaudi.org\/es\/nigeria-sacerdote-relata-secuestro-a-manos-de-pastores-fulani\/","title":{"rendered":"Nigeria: Sacerdote relata secuestro a manos de pastores fulani"},"content":{"rendered":"<p>En Nigeria un sacerdote relata su secuestro a manos de pastores fulani. Los secuestros son una de las se\u00f1as de identidad de grupos terroristas nigerianos como <a href=\"https:\/\/exaudi.org\/es\/nigeria-acn-ayuda-victimas-boko-haram\/\" target=\"_blank\" rel=\"noopener\">Boko Haram<\/a> y el Estado Isl\u00e1mico de la provincia de \u00c1frica Occidental, y uno de sus objetivos cada vez m\u00e1s preferentes es el clero. Durante m\u00e1s de un mes, en la primavera de 2021, el padre Bako Francis Awesuh, de 37 a\u00f1os, sacerdote de la parroquia de San Juan Pablo II en Gadanaji (gobierno local de Kachia, estado de Kaduna), permaneci\u00f3 secuestrado por pastores fulani musulmanes, que son responsables de ataques mortales contra campesinos cristianos en el Cintur\u00f3n Medio de Nigeria. El P. Awesuh ha descrito su calvario en una reciente entrevista con ACN, <a href=\"https:\/\/www.ayudaalaiglesianecesitada.org\/\" target=\"_blank\" rel=\"noopener\">Ayuda a la Iglesia Necesitada<\/a>.<\/p>\n<figure id=\"attachment_42198\" aria-describedby=\"caption-attachment-42198\" style=\"width: 300px\" class=\"wp-caption alignleft\"><img loading=\"lazy\" decoding=\"async\" class=\"size-medium wp-image-42198\" src=\"https:\/\/exaudi.wpengine.com\/wp-content\/uploads\/2021\/11\/ACN-20180920-76968-scaled.jpg\" alt=\"\" width=\"300\" height=\"139\" \/><figcaption id=\"caption-attachment-42198\" class=\"wp-caption-text\">Los pastores Fulani \u00a9 Secretariat of Nigeria (CSN) Directorate of Social Communications<\/figcaption><\/figure>\n<p>\u201cSucedi\u00f3 el 16 de mayo, exactamente a las 11 de la noche. O\u00ed disparos y apagu\u00e9 r\u00e1pidamente el televisor. Al apagar la luz, vi sombras y o\u00ed pasos. Abr\u00ed con cuidado la cortina para ver qu\u00e9 pasaba y vi a cinco pastores fulani armados; los reconoc\u00ed por su vestimenta y por su forma de hablar. Me qued\u00e9 sin saber qu\u00e9 hacer, sab\u00eda que estaba perdido. Llamaron a la puerta. Se me congel\u00f3 la sangre y mi cuerpo se puso r\u00edgido. Sudaba a mares.<\/p>\n<p>\u201cSiguieron llamando, pero, asustado, me negu\u00e9 a abrir la puerta. Entonces la derribaron, entrando por la fuerza. Uno de los hombres me empuj\u00f3 al suelo, me at\u00f3 y me golpe\u00f3 sin piedad, dici\u00e9ndome ka ki ka bude mana kofa da tsori (\u201cte torturamos porque nos has tenido mucho tiempo fuera y te has negado a abrir la puerta cuando llam\u00e1bamos\u201d). Me desnudaron hasta dejarme en calzoncillos.<\/p>\n<p>\u201cMe secuestraron junto con diez de mis feligreses. Caminamos durante tres d\u00edas por el monte sin comida ni agua, aliment\u00e1ndonos \u00fanicamente con mangos. Est\u00e1bamos hambrientos, cansados y d\u00e9biles. Nos dol\u00edan mucho las piernas y ten\u00edamos los pies hinchados porque camin\u00e1bamos descalzos. El segundo y el tercer d\u00eda llovi\u00f3, pero nos obligaron a seguir avanzando.<\/p>\n<p><img loading=\"lazy\" decoding=\"async\" class=\"size-medium wp-image-42201 alignright\" src=\"https:\/\/exaudi.wpengine.com\/wp-content\/uploads\/2021\/11\/ACN-20190320-85564-300x139.jpg\" alt=\"\" width=\"300\" height=\"139\" \/>\u201cAl tercer d\u00eda, llegamos a un campamento en lo profundo del bosque. All\u00ed, nos metieron en una peque\u00f1a caba\u00f1a y nos sirvieron arroz con aceite y sal, como a prisioneros. Eso fue todo lo que comimos durante nuestra estancia en el monte. Las mujeres que fueron secuestradas conmigo se encargaban de cocinar. Pasamos un mes y cinco d\u00edas en el monte.<\/p>\n<p>\u201cNo se nos permiti\u00f3 ba\u00f1arnos durante todo nuestro cautiverio, y ten\u00edamos que orinar y defecar en la caba\u00f1a. Ol\u00edamos a muerto y la caba\u00f1a ol\u00eda como un dep\u00f3sito de cad\u00e1veres.<\/p>\n<p>\u201cNos torturaron y amenazaron de muerte si no se pagaba por nosotros un rescate de 50 millones de nairas (unos 109.000 euros),\u00a0 as\u00ed se lo hicieron saber a nuestras familias. Estas suplicaron y negociaron con nuestros secuestradores, hasta que finalmente aceptaron la suma de 7 millones de nairas (15.200 euros).<\/p>\n<p>\u201cEntretanto, algunos de mis feligreses intentaron rescatarnos,\u00a0 tres personas perdieron la vida en el intento porque consiguieron localizarlos : Jeremiah Madaki, Everest Yero -nuestro secretario parroquial- y un anciano.<\/p>\n<p>\u201cOh, qu\u00e9 dolor me produjo ver c\u00f3mo mataban a sangre fr\u00eda a tres de mis feligreses, delante de mis ojos, y yo sin poder hacer nada. Fue un tormento. En ese momento me sent\u00ed impotente, desesperado e in\u00fatil. Ansiaba morir, pues la escena de estos asesinatos segu\u00eda reproduci\u00e9ndose en mi cabeza. No pod\u00eda rezar porque estaba en shock. Cada vez que abr\u00eda la boca para rezar, las palabras me fallaban. Lo \u00fanico que acertaba a decir era: \u2018Se\u00f1or, ten piedad\u2019.<\/p>\n<p>\u201cFinalmente, nuestras familias lograron pagar el rescate y, gracias a Dios, nos liberaron y salimos vivos. Yo me libr\u00e9 por poco de la muerte, pues s\u00e9 de muchos sacerdotes secuestrados, antes y despu\u00e9s de m\u00ed, que fueron asesinados incluso despu\u00e9s de que se pagara el rescate por ellos.<\/p>\n<p>\u201cA ra\u00edz de todo ello qued\u00e9 traumatizado, recib\u00ed tratamiento, tambi\u00e9n pas\u00e9 alg\u00fan tiempo en el hospital. Hoy, sigo escondido por razones de seguridad y para recuperarme totalmente. El amor que he recibido por parte de mi familia, mis amigos y, sobre todo, de la Iglesia, ha sido enorme.<\/p>\n<p>\u201cLos ataques de los fulani se han vuelto muy habituales en el estado de Kaduna. Por eso ruego a la comunidad internacional que, por favor, acuda a nuestro rescate\u201d.<\/p>\n","protected":false},"excerpt":{"rendered":"<p>El padre Bako Francis Awesuh permaneci\u00f3 secuestrado m\u00e1s de un mes<\/p>\n","protected":false},"author":89,"featured_media":43324,"comment_status":"open","ping_status":"open","sticky":false,"template":"","format":"standard","meta":{"_acf_changed":false,"_crdt_document":"","inline_featured_image":false,"footnotes":""},"categories":[90,86,74,298],"tags":[5062,488],"class_list":["post-43321","post","type-post","status-publish","format-standard","has-post-thumbnail","hentry","category-cristianos-perseguidos","category-iglesia-local","category-iglesia-y-mundo","category-ultimas-noticias","tag-estado-islamico","tag-nigeria-es"],"acf":[],"yoast_head":"<!-- This site is optimized with the Yoast SEO plugin v27.4 - https:\/\/yoast.com\/product\/yoast-seo-wordpress\/ -->\n<title>Nigeria: Sacerdote relata secuestro a manos de pastores fulani &#8211; Exaudi<\/title>\n<meta name=\"description\" content=\"En Nigeria un sacerdote relata su secuestro a manos de pastores fulani. Los secuestros son una se\u00f1a de indentidad de los terroristas.\" \/>\n<meta name=\"robots\" content=\"index, follow, max-snippet:-1, max-image-preview:large, max-video-preview:-1\" \/>\n<link rel=\"canonical\" href=\"https:\/\/exaudi.org\/es\/nigeria-sacerdote-relata-secuestro-a-manos-de-pastores-fulani\/\" \/>\n<meta property=\"og:locale\" content=\"es_ES\" \/>\n<meta property=\"og:type\" content=\"article\" \/>\n<meta property=\"og:title\" content=\"Nigeria: Sacerdote relata secuestro a manos de pastores fulani &#8211; Exaudi\" \/>\n<meta property=\"og:description\" content=\"En Nigeria un sacerdote relata su secuestro a manos de pastores fulani. Los secuestros son una se\u00f1a de indentidad de los terroristas.\" \/>\n<meta property=\"og:url\" content=\"https:\/\/exaudi.org\/es\/nigeria-sacerdote-relata-secuestro-a-manos-de-pastores-fulani\/\" \/>\n<meta property=\"og:site_name\" content=\"Exaudi\" \/>\n<meta property=\"article:publisher\" content=\"https:\/\/www.facebook.com\/ExaudiNews\" \/>\n<meta property=\"article:author\" content=\"https:\/\/www.facebook.com\/ayudaalaiglesianecesitada\/?ref=ts\" \/>\n<meta property=\"article:published_time\" content=\"2021-11-30T07:20:10+00:00\" \/>\n<meta property=\"article:modified_time\" content=\"2021-12-27T08:53:50+00:00\" \/>\n<meta property=\"og:image\" content=\"https:\/\/exaudi.org\/wp-content\/uploads\/2021\/11\/ACN-20211125-119977.jpg\" \/>\n\t<meta property=\"og:image:width\" content=\"1024\" \/>\n\t<meta property=\"og:image:height\" content=\"680\" \/>\n\t<meta property=\"og:image:type\" content=\"image\/jpeg\" \/>\n<meta name=\"author\" content=\"Ayuda a la Iglesia Necesitada\" \/>\n<meta name=\"twitter:card\" content=\"summary_large_image\" \/>\n<meta name=\"twitter:creator\" content=\"@https:\/\/x.com\/AyudaIglesNeces\" \/>\n<meta name=\"twitter:site\" content=\"@Exaudi_News\" \/>\n<meta name=\"twitter:label1\" content=\"Escrito por\" \/>\n\t<meta name=\"twitter:data1\" content=\"Ayuda a la Iglesia Necesitada\" \/>\n\t<meta name=\"twitter:label2\" content=\"Tiempo de lectura\" \/>\n\t<meta name=\"twitter:data2\" content=\"4 minutos\" \/>\n<script type=\"application\/ld+json\" class=\"yoast-schema-graph\">{\"@context\":\"https:\\\/\\\/schema.org\",\"@graph\":[{\"@type\":\"Article\",\"@id\":\"https:\\\/\\\/exaudi.org\\\/es\\\/nigeria-sacerdote-relata-secuestro-a-manos-de-pastores-fulani\\\/#article\",\"isPartOf\":{\"@id\":\"https:\\\/\\\/exaudi.org\\\/es\\\/nigeria-sacerdote-relata-secuestro-a-manos-de-pastores-fulani\\\/\"},\"author\":{\"name\":\"Ayuda a la Iglesia Necesitada\",\"@id\":\"https:\\\/\\\/exaudi.org\\\/#\\\/schema\\\/person\\\/d4906ab3b6c174ffe37d722c51c73317\"},\"headline\":\"Nigeria: Sacerdote relata secuestro a manos de pastores fulani\",\"datePublished\":\"2021-11-30T07:20:10+00:00\",\"dateModified\":\"2021-12-27T08:53:50+00:00\",\"mainEntityOfPage\":{\"@id\":\"https:\\\/\\\/exaudi.org\\\/es\\\/nigeria-sacerdote-relata-secuestro-a-manos-de-pastores-fulani\\\/\"},\"wordCount\":765,\"commentCount\":0,\"image\":{\"@id\":\"https:\\\/\\\/exaudi.org\\\/es\\\/nigeria-sacerdote-relata-secuestro-a-manos-de-pastores-fulani\\\/#primaryimage\"},\"thumbnailUrl\":\"https:\\\/\\\/exaudi.org\\\/wp-content\\\/uploads\\\/2021\\\/11\\\/ACN-20211125-119977.jpg\",\"keywords\":[\"Estado Isl\u00e1mico\",\"nigeria\"],\"articleSection\":[\"Cristianos perseguidos\",\"Iglesia Local\",\"Iglesia y Mundo\",\"\u00daltimas noticias\"],\"inLanguage\":\"es\",\"potentialAction\":[{\"@type\":\"CommentAction\",\"name\":\"Comment\",\"target\":[\"https:\\\/\\\/exaudi.org\\\/es\\\/nigeria-sacerdote-relata-secuestro-a-manos-de-pastores-fulani\\\/#respond\"]}]},{\"@type\":\"WebPage\",\"@id\":\"https:\\\/\\\/exaudi.org\\\/es\\\/nigeria-sacerdote-relata-secuestro-a-manos-de-pastores-fulani\\\/\",\"url\":\"https:\\\/\\\/exaudi.org\\\/es\\\/nigeria-sacerdote-relata-secuestro-a-manos-de-pastores-fulani\\\/\",\"name\":\"Nigeria: Sacerdote relata secuestro a manos de pastores fulani &#8211; Exaudi\",\"isPartOf\":{\"@id\":\"https:\\\/\\\/exaudi.org\\\/#website\"},\"primaryImageOfPage\":{\"@id\":\"https:\\\/\\\/exaudi.org\\\/es\\\/nigeria-sacerdote-relata-secuestro-a-manos-de-pastores-fulani\\\/#primaryimage\"},\"image\":{\"@id\":\"https:\\\/\\\/exaudi.org\\\/es\\\/nigeria-sacerdote-relata-secuestro-a-manos-de-pastores-fulani\\\/#primaryimage\"},\"thumbnailUrl\":\"https:\\\/\\\/exaudi.org\\\/wp-content\\\/uploads\\\/2021\\\/11\\\/ACN-20211125-119977.jpg\",\"datePublished\":\"2021-11-30T07:20:10+00:00\",\"dateModified\":\"2021-12-27T08:53:50+00:00\",\"author\":{\"@id\":\"https:\\\/\\\/exaudi.org\\\/#\\\/schema\\\/person\\\/d4906ab3b6c174ffe37d722c51c73317\"},\"description\":\"En Nigeria un sacerdote relata su secuestro a manos de pastores fulani. Los secuestros son una se\u00f1a de indentidad de los terroristas.\",\"breadcrumb\":{\"@id\":\"https:\\\/\\\/exaudi.org\\\/es\\\/nigeria-sacerdote-relata-secuestro-a-manos-de-pastores-fulani\\\/#breadcrumb\"},\"inLanguage\":\"es\",\"potentialAction\":[{\"@type\":\"ReadAction\",\"target\":[\"https:\\\/\\\/exaudi.org\\\/es\\\/nigeria-sacerdote-relata-secuestro-a-manos-de-pastores-fulani\\\/\"]}]},{\"@type\":\"ImageObject\",\"inLanguage\":\"es\",\"@id\":\"https:\\\/\\\/exaudi.org\\\/es\\\/nigeria-sacerdote-relata-secuestro-a-manos-de-pastores-fulani\\\/#primaryimage\",\"url\":\"https:\\\/\\\/exaudi.org\\\/wp-content\\\/uploads\\\/2021\\\/11\\\/ACN-20211125-119977.jpg\",\"contentUrl\":\"https:\\\/\\\/exaudi.org\\\/wp-content\\\/uploads\\\/2021\\\/11\\\/ACN-20211125-119977.jpg\",\"width\":1024,\"height\":680,\"caption\":\"Padre Bako Francis Awesuh \u00a9 ACN\"},{\"@type\":\"BreadcrumbList\",\"@id\":\"https:\\\/\\\/exaudi.org\\\/es\\\/nigeria-sacerdote-relata-secuestro-a-manos-de-pastores-fulani\\\/#breadcrumb\",\"itemListElement\":[{\"@type\":\"ListItem\",\"position\":1,\"name\":\"Portada\",\"item\":\"https:\\\/\\\/exaudi.org\\\/es\\\/\"},{\"@type\":\"ListItem\",\"position\":2,\"name\":\"Nigeria: Sacerdote relata secuestro a manos de pastores fulani\"}]},{\"@type\":\"WebSite\",\"@id\":\"https:\\\/\\\/exaudi.org\\\/#website\",\"url\":\"https:\\\/\\\/exaudi.org\\\/\",\"name\":\"Exaudi\",\"description\":\"News\",\"potentialAction\":[{\"@type\":\"SearchAction\",\"target\":{\"@type\":\"EntryPoint\",\"urlTemplate\":\"https:\\\/\\\/exaudi.org\\\/?s={search_term_string}\"},\"query-input\":{\"@type\":\"PropertyValueSpecification\",\"valueRequired\":true,\"valueName\":\"search_term_string\"}}],\"inLanguage\":\"es\"},{\"@type\":\"Person\",\"@id\":\"https:\\\/\\\/exaudi.org\\\/#\\\/schema\\\/person\\\/d4906ab3b6c174ffe37d722c51c73317\",\"name\":\"Ayuda a la Iglesia Necesitada\",\"image\":{\"@type\":\"ImageObject\",\"inLanguage\":\"es\",\"@id\":\"https:\\\/\\\/secure.gravatar.com\\\/avatar\\\/18b646e6575a46729bc25d1c374d5965acb9854728a2929ada390e85905160db?s=96&d=mm&r=g\",\"url\":\"https:\\\/\\\/secure.gravatar.com\\\/avatar\\\/18b646e6575a46729bc25d1c374d5965acb9854728a2929ada390e85905160db?s=96&d=mm&r=g\",\"contentUrl\":\"https:\\\/\\\/secure.gravatar.com\\\/avatar\\\/18b646e6575a46729bc25d1c374d5965acb9854728a2929ada390e85905160db?s=96&d=mm&r=g\",\"caption\":\"Ayuda a la Iglesia Necesitada\"},\"description\":\"Ayuda a la Iglesia Necesitada (ACN) es la Fundaci\u00f3n Pontificia que apoya a la Iglesia cat\u00f3lica en su labor evangelizadora en las comunidades m\u00e1s necesitadas, discriminadas y perseguidas del mundo. Cada a\u00f1o, ACN financia m\u00e1s de 5.000 proyectos pastorales y de emergencia humanitaria en m\u00e1s de 130 pa\u00edses. Cuenta con m\u00e1s de 20 oficinas en el mundo (en Espa\u00f1a desde 1965), dedicadas a informar sobre la realidad de estos cristianos; al fomento de la oraci\u00f3n, y a la recaudaci\u00f3n de fondos para la cobertura de proyectos. El 100% de los proyectos que desarrolla ACN se sostienen gracias a los donativos de personas f\u00edsicas u organizaciones que valoran la labor de la Iglesia en el mundo. La Fundaci\u00f3n no recibe subvenciones de organismos p\u00fablicos.\",\"sameAs\":[\"https:\\\/\\\/www.facebook.com\\\/ayudaalaiglesianecesitada\\\/?ref=ts\",\"https:\\\/\\\/www.instagram.com\\\/ayudaiglesianecesitada\\\/\",\"https:\\\/\\\/x.com\\\/https:\\\/\\\/x.com\\\/AyudaIglesNeces\",\"https:\\\/\\\/www.youtube.com\\\/user\\\/AINorg\"],\"url\":\"https:\\\/\\\/exaudi.org\\\/es\\\/author\\\/ayudaalaiglesianecesitada\\\/\"}]}<\/script>\n<!-- \/ Yoast SEO plugin. -->","yoast_head_json":{"title":"Nigeria: Sacerdote relata secuestro a manos de pastores fulani &#8211; Exaudi","description":"En Nigeria un sacerdote relata su secuestro a manos de pastores fulani. Los secuestros son una se\u00f1a de indentidad de los terroristas.","robots":{"index":"index","follow":"follow","max-snippet":"max-snippet:-1","max-image-preview":"max-image-preview:large","max-video-preview":"max-video-preview:-1"},"canonical":"https:\/\/exaudi.org\/es\/nigeria-sacerdote-relata-secuestro-a-manos-de-pastores-fulani\/","og_locale":"es_ES","og_type":"article","og_title":"Nigeria: Sacerdote relata secuestro a manos de pastores fulani &#8211; Exaudi","og_description":"En Nigeria un sacerdote relata su secuestro a manos de pastores fulani. Los secuestros son una se\u00f1a de indentidad de los terroristas.","og_url":"https:\/\/exaudi.org\/es\/nigeria-sacerdote-relata-secuestro-a-manos-de-pastores-fulani\/","og_site_name":"Exaudi","article_publisher":"https:\/\/www.facebook.com\/ExaudiNews","article_author":"https:\/\/www.facebook.com\/ayudaalaiglesianecesitada\/?ref=ts","article_published_time":"2021-11-30T07:20:10+00:00","article_modified_time":"2021-12-27T08:53:50+00:00","og_image":[{"width":1024,"height":680,"url":"https:\/\/exaudi.org\/wp-content\/uploads\/2021\/11\/ACN-20211125-119977.jpg","type":"image\/jpeg"}],"author":"Ayuda a la Iglesia Necesitada","twitter_card":"summary_large_image","twitter_creator":"@https:\/\/x.com\/AyudaIglesNeces","twitter_site":"@Exaudi_News","twitter_misc":{"Escrito por":"Ayuda a la Iglesia Necesitada","Tiempo de lectura":"4 minutos"},"schema":{"@context":"https:\/\/schema.org","@graph":[{"@type":"Article","@id":"https:\/\/exaudi.org\/es\/nigeria-sacerdote-relata-secuestro-a-manos-de-pastores-fulani\/#article","isPartOf":{"@id":"https:\/\/exaudi.org\/es\/nigeria-sacerdote-relata-secuestro-a-manos-de-pastores-fulani\/"},"author":{"name":"Ayuda a la Iglesia Necesitada","@id":"https:\/\/exaudi.org\/#\/schema\/person\/d4906ab3b6c174ffe37d722c51c73317"},"headline":"Nigeria: Sacerdote relata secuestro a manos de pastores fulani","datePublished":"2021-11-30T07:20:10+00:00","dateModified":"2021-12-27T08:53:50+00:00","mainEntityOfPage":{"@id":"https:\/\/exaudi.org\/es\/nigeria-sacerdote-relata-secuestro-a-manos-de-pastores-fulani\/"},"wordCount":765,"commentCount":0,"image":{"@id":"https:\/\/exaudi.org\/es\/nigeria-sacerdote-relata-secuestro-a-manos-de-pastores-fulani\/#primaryimage"},"thumbnailUrl":"https:\/\/exaudi.org\/wp-content\/uploads\/2021\/11\/ACN-20211125-119977.jpg","keywords":["Estado Isl\u00e1mico","nigeria"],"articleSection":["Cristianos perseguidos","Iglesia Local","Iglesia y Mundo","\u00daltimas noticias"],"inLanguage":"es","potentialAction":[{"@type":"CommentAction","name":"Comment","target":["https:\/\/exaudi.org\/es\/nigeria-sacerdote-relata-secuestro-a-manos-de-pastores-fulani\/#respond"]}]},{"@type":"WebPage","@id":"https:\/\/exaudi.org\/es\/nigeria-sacerdote-relata-secuestro-a-manos-de-pastores-fulani\/","url":"https:\/\/exaudi.org\/es\/nigeria-sacerdote-relata-secuestro-a-manos-de-pastores-fulani\/","name":"Nigeria: Sacerdote relata secuestro a manos de pastores fulani &#8211; Exaudi","isPartOf":{"@id":"https:\/\/exaudi.org\/#website"},"primaryImageOfPage":{"@id":"https:\/\/exaudi.org\/es\/nigeria-sacerdote-relata-secuestro-a-manos-de-pastores-fulani\/#primaryimage"},"image":{"@id":"https:\/\/exaudi.org\/es\/nigeria-sacerdote-relata-secuestro-a-manos-de-pastores-fulani\/#primaryimage"},"thumbnailUrl":"https:\/\/exaudi.org\/wp-content\/uploads\/2021\/11\/ACN-20211125-119977.jpg","datePublished":"2021-11-30T07:20:10+00:00","dateModified":"2021-12-27T08:53:50+00:00","author":{"@id":"https:\/\/exaudi.org\/#\/schema\/person\/d4906ab3b6c174ffe37d722c51c73317"},"description":"En Nigeria un sacerdote relata su secuestro a manos de pastores fulani. Los secuestros son una se\u00f1a de indentidad de los terroristas.","breadcrumb":{"@id":"https:\/\/exaudi.org\/es\/nigeria-sacerdote-relata-secuestro-a-manos-de-pastores-fulani\/#breadcrumb"},"inLanguage":"es","potentialAction":[{"@type":"ReadAction","target":["https:\/\/exaudi.org\/es\/nigeria-sacerdote-relata-secuestro-a-manos-de-pastores-fulani\/"]}]},{"@type":"ImageObject","inLanguage":"es","@id":"https:\/\/exaudi.org\/es\/nigeria-sacerdote-relata-secuestro-a-manos-de-pastores-fulani\/#primaryimage","url":"https:\/\/exaudi.org\/wp-content\/uploads\/2021\/11\/ACN-20211125-119977.jpg","contentUrl":"https:\/\/exaudi.org\/wp-content\/uploads\/2021\/11\/ACN-20211125-119977.jpg","width":1024,"height":680,"caption":"Padre Bako Francis Awesuh \u00a9 ACN"},{"@type":"BreadcrumbList","@id":"https:\/\/exaudi.org\/es\/nigeria-sacerdote-relata-secuestro-a-manos-de-pastores-fulani\/#breadcrumb","itemListElement":[{"@type":"ListItem","position":1,"name":"Portada","item":"https:\/\/exaudi.org\/es\/"},{"@type":"ListItem","position":2,"name":"Nigeria: Sacerdote relata secuestro a manos de pastores fulani"}]},{"@type":"WebSite","@id":"https:\/\/exaudi.org\/#website","url":"https:\/\/exaudi.org\/","name":"Exaudi","description":"News","potentialAction":[{"@type":"SearchAction","target":{"@type":"EntryPoint","urlTemplate":"https:\/\/exaudi.org\/?s={search_term_string}"},"query-input":{"@type":"PropertyValueSpecification","valueRequired":true,"valueName":"search_term_string"}}],"inLanguage":"es"},{"@type":"Person","@id":"https:\/\/exaudi.org\/#\/schema\/person\/d4906ab3b6c174ffe37d722c51c73317","name":"Ayuda a la Iglesia Necesitada","image":{"@type":"ImageObject","inLanguage":"es","@id":"https:\/\/secure.gravatar.com\/avatar\/18b646e6575a46729bc25d1c374d5965acb9854728a2929ada390e85905160db?s=96&d=mm&r=g","url":"https:\/\/secure.gravatar.com\/avatar\/18b646e6575a46729bc25d1c374d5965acb9854728a2929ada390e85905160db?s=96&d=mm&r=g","contentUrl":"https:\/\/secure.gravatar.com\/avatar\/18b646e6575a46729bc25d1c374d5965acb9854728a2929ada390e85905160db?s=96&d=mm&r=g","caption":"Ayuda a la Iglesia Necesitada"},"description":"Ayuda a la Iglesia Necesitada (ACN) es la Fundaci\u00f3n Pontificia que apoya a la Iglesia cat\u00f3lica en su labor evangelizadora en las comunidades m\u00e1s necesitadas, discriminadas y perseguidas del mundo. Cada a\u00f1o, ACN financia m\u00e1s de 5.000 proyectos pastorales y de emergencia humanitaria en m\u00e1s de 130 pa\u00edses. Cuenta con m\u00e1s de 20 oficinas en el mundo (en Espa\u00f1a desde 1965), dedicadas a informar sobre la realidad de estos cristianos; al fomento de la oraci\u00f3n, y a la recaudaci\u00f3n de fondos para la cobertura de proyectos. El 100% de los proyectos que desarrolla ACN se sostienen gracias a los donativos de personas f\u00edsicas u organizaciones que valoran la labor de la Iglesia en el mundo. La Fundaci\u00f3n no recibe subvenciones de organismos p\u00fablicos.","sameAs":["https:\/\/www.facebook.com\/ayudaalaiglesianecesitada\/?ref=ts","https:\/\/www.instagram.com\/ayudaiglesianecesitada\/","https:\/\/x.com\/https:\/\/x.com\/AyudaIglesNeces","https:\/\/www.youtube.com\/user\/AINorg"],"url":"https:\/\/exaudi.org\/es\/author\/ayudaalaiglesianecesitada\/"}]}},"jetpack_featured_media_url":"https:\/\/exaudi.org\/wp-content\/uploads\/2021\/11\/ACN-20211125-119977.jpg","jetpack_shortlink":"https:\/\/wp.me\/pgKjF2-bgJ","_links":{"self":[{"href":"https:\/\/exaudi.org\/es\/wp-json\/wp\/v2\/posts\/43321","targetHints":{"allow":["GET"]}}],"collection":[{"href":"https:\/\/exaudi.org\/es\/wp-json\/wp\/v2\/posts"}],"about":[{"href":"https:\/\/exaudi.org\/es\/wp-json\/wp\/v2\/types\/post"}],"author":[{"embeddable":true,"href":"https:\/\/exaudi.org\/es\/wp-json\/wp\/v2\/users\/89"}],"replies":[{"embeddable":true,"href":"https:\/\/exaudi.org\/es\/wp-json\/wp\/v2\/comments?post=43321"}],"version-history":[{"count":0,"href":"https:\/\/exaudi.org\/es\/wp-json\/wp\/v2\/posts\/43321\/revisions"}],"wp:featuredmedia":[{"embeddable":true,"href":"https:\/\/exaudi.org\/es\/wp-json\/wp\/v2\/media\/43324"}],"wp:attachment":[{"href":"https:\/\/exaudi.org\/es\/wp-json\/wp\/v2\/media?parent=43321"}],"wp:term":[{"taxonomy":"category","embeddable":true,"href":"https:\/\/exaudi.org\/es\/wp-json\/wp\/v2\/categories?post=43321"},{"taxonomy":"post_tag","embeddable":true,"href":"https:\/\/exaudi.org\/es\/wp-json\/wp\/v2\/tags?post=43321"}],"curies":[{"name":"wp","href":"https:\/\/api.w.org\/{rel}","templated":true}]}}