{"id":43299,"date":"2021-11-27T19:00:51","date_gmt":"2021-11-27T18:00:51","guid":{"rendered":"https:\/\/exaudi.wpengine.com\/card-hollerich-los-colores-de-la-vida-que-tienen-el-sabor-de-dios\/"},"modified":"2022-01-03T16:14:28","modified_gmt":"2022-01-03T15:14:28","slug":"card-hollerich-los-colores-de-la-vida-que-tienen-el-sabor-de-dios","status":"publish","type":"post","link":"https:\/\/exaudi.org\/es\/card-hollerich-los-colores-de-la-vida-que-tienen-el-sabor-de-dios\/","title":{"rendered":"Card. Hollerich: \u201cLos colores de la vida que tienen el sabor de Dios\u201d"},"content":{"rendered":"<p>\u201cEncontr\u00e9 en la Asamblea los colores de la vida que tienen el sabor de Dios\u201d fue la frase pronunciada por el cardenal Jean-Claude Hollerich, uno de los invitados a la<a href=\"https:\/\/exaudi.org\/es\/asamblea-eclesial-de-america-latina-12-desafios-pastorales\/\" target=\"_blank\" rel=\"noopener\"> Asamblea Eclesial de Am\u00e9rica Latina y el Caribe<\/a>. As\u00ed ha informado\u00a0<a href=\"https:\/\/prensacelam.org\/\">ADN CELAM<\/a>, \u00f3rgano informativo de este organismo eclesial en una nota difundida el 27 de noviembre de 2021.<\/p>\n<p>El presidente de la Comisi\u00f3n de las Conferencias Episcopales de la Uni\u00f3n Europea y Relator General da XVI Asamblea General de los Obispos (2021-2023), comenz\u00f3 agradeciendo de coraz\u00f3n la invitaci\u00f3n.<\/p>\n<h4><strong>Europa, un continente secularizado<\/strong><\/h4>\n<p>Lo que pretendi\u00f3 fue compartir su experiencia, de alguien que vive en Europa, \u201cun viejo continente en el que la Iglesia est\u00e1 a veces un poco cansada\u201d, relatando la realidad de \u201cuna gran secularizaci\u00f3n\u201d, y reconociendo con pesar que \u201chasta ahora no hemos encontrado la manera de afrontarla\u201d. Citaba el ejemplo de Alemania, donde \u201cel n\u00famero de personas sin religi\u00f3n es casi tan grande como el de cat\u00f3licos y protestantes juntos\u201d. Ante eso, agradeci\u00f3 por tener un Papa latinoamericano, \u201cque nos ense\u00f1a que\u00a0hay que buscar y encontrar a Dios en el mundo secularizado de hoy\u201d, e insistiendo em que \u201cDios est\u00e1 presente en la Europa de hoy\u201d.<\/p>\n<h4><strong>Unir en las alegr\u00edas y dolores<\/strong><\/h4>\n<p>El arzobispo de Luxemburgo, ve esta Asamblea como momento para \u201cunirse a muchas realidades donde Dios se encuentra en el plano existencial y personal de cada uno de los participantes\u201d. Se han vivido experiencias en las que \u201cpudieron unirse a las alegr\u00edas y a los dolores de las personas, de sus comunidades y de sus pueblos\u201d. En esa coyuntura, el purpurado afirm\u00f3 que \u201cpudieron discernir la presencia del Dios vivo en estas realidades, pudieron hacer un discernimiento de su llamada, y pudieron dar una respuesta personal y comunitaria a esta llamada\u201d.<\/p>\n<p>Tambi\u00e9n record\u00f3 el cardenal Hollerich su discurso que, como Relator General del S\u00ednodo sobre la Sinodalidad, dio en la abertura del S\u00ednodo el 9 de octubre, donde dijo que \u201cmi hoja est\u00e1 todav\u00eda en blanco, que necesito escuchar las voces de mis hermanas y hermanos para llenar esas p\u00e1ginas\u201d. Unas p\u00e1ginas para las que ya vislumbra contenido, pues \u201csu Asamblea me ayud\u00f3 a ver m\u00e1s claro y me ayud\u00f3 a desarrollar la imagen de las p\u00e1ginas blancas. Las p\u00e1ginas blancas no son el color blanco de la neutralidad, son el color blanco del Evangelio\u201d.<\/p>\n<h4><strong>Necesidad de conversi\u00f3n<\/strong><\/h4>\n<p>En su deseo de ser buen relator del pr\u00f3ximo S\u00ednodo, afirm\u00f3 la necesidad de su \u201cpropia conversi\u00f3n al Evangelio, mi conversi\u00f3n personal y mi conversi\u00f3n como Obispo.\u00a0Sin esta conversi\u00f3n, puedo o\u00edr, pero no puedo escuchar\u201d. Se trata de una conversi\u00f3n, en palabras del cardenal, que le permitir\u00e1 \u201cver la presencia del Se\u00f1or en las declaraciones y palabras de mis hermanos y hermanas\u201d. La Asamblea le ha ayudado a \u201cdar ya color a mis p\u00e1ginas blancas. Colores fuertes que dar\u00e1n forma a mi documento\u201d. Por eso, resaltaba ante quienes le escuchaban que \u201csus experiencias personales y su discernimiento comunitario, representan los primeros colores en mis p\u00e1ginas blancas. Y estos clores son hermosos,\u00a0son los colores de la vida y tienen el sabor de Dios\u201d.<\/p>\n","protected":false},"excerpt":{"rendered":"<p>Fue uno de los invitados a la Asamblea Eclesial de Am\u00e9rica Latina<\/p>\n","protected":false},"author":93,"featured_media":43300,"comment_status":"open","ping_status":"open","sticky":false,"template":"","format":"standard","meta":{"_acf_changed":false,"_crdt_document":"","inline_featured_image":false,"footnotes":""},"categories":[84,86,74,298],"tags":[252],"class_list":["post-43299","post","type-post","status-publish","format-standard","has-post-thumbnail","hentry","category-eventos-internacionales","category-iglesia-local","category-iglesia-y-mundo","category-ultimas-noticias","tag-asamblea-eclesial-de-america-latina-y-el-caribe"],"acf":[],"yoast_head":"<!-- This site is optimized with the Yoast SEO plugin v27.5 - https:\/\/yoast.com\/product\/yoast-seo-wordpress\/ -->\n<title>Card. Hollerich: \u201cLos colores de la vida que tienen el sabor de Dios\u201d &#8211; Exaudi<\/title>\n<meta name=\"description\" content=\"\u201cEncontr\u00e9 en la Asamblea los colores de la vida que tienen el sabor de Dios\u201d fue la frase pronunciada por el cardenal Jean-Claude Hollerich.\" \/>\n<meta name=\"robots\" content=\"index, follow, max-snippet:-1, max-image-preview:large, max-video-preview:-1\" \/>\n<link rel=\"canonical\" href=\"https:\/\/exaudi.org\/es\/card-hollerich-los-colores-de-la-vida-que-tienen-el-sabor-de-dios\/\" \/>\n<meta property=\"og:locale\" content=\"es_ES\" \/>\n<meta property=\"og:type\" content=\"article\" \/>\n<meta property=\"og:title\" content=\"Card. Hollerich: \u201cLos colores de la vida que tienen el sabor de Dios\u201d &#8211; Exaudi\" \/>\n<meta property=\"og:description\" content=\"\u201cEncontr\u00e9 en la Asamblea los colores de la vida que tienen el sabor de Dios\u201d fue la frase pronunciada por el cardenal Jean-Claude Hollerich.\" \/>\n<meta property=\"og:url\" content=\"https:\/\/exaudi.org\/es\/card-hollerich-los-colores-de-la-vida-que-tienen-el-sabor-de-dios\/\" \/>\n<meta property=\"og:site_name\" content=\"Exaudi\" \/>\n<meta property=\"article:publisher\" content=\"https:\/\/www.facebook.com\/ExaudiNews\" \/>\n<meta property=\"article:published_time\" content=\"2021-11-27T18:00:51+00:00\" \/>\n<meta property=\"article:modified_time\" content=\"2022-01-03T15:14:28+00:00\" \/>\n<meta property=\"og:image\" content=\"https:\/\/exaudi.org\/wp-content\/uploads\/2021\/11\/7c143369-cd2d-4883-8219-78b64c9712ae-800x445-1.jpeg\" \/>\n\t<meta property=\"og:image:width\" content=\"800\" \/>\n\t<meta property=\"og:image:height\" content=\"445\" \/>\n\t<meta property=\"og:image:type\" content=\"image\/jpeg\" \/>\n<meta name=\"author\" content=\"ADN CELAM\" \/>\n<meta name=\"twitter:card\" content=\"summary_large_image\" \/>\n<meta name=\"twitter:creator\" content=\"@Exaudi_News\" \/>\n<meta name=\"twitter:site\" content=\"@Exaudi_News\" \/>\n<meta name=\"twitter:label1\" content=\"Escrito por\" \/>\n\t<meta name=\"twitter:data1\" content=\"ADN CELAM\" \/>\n\t<meta name=\"twitter:label2\" content=\"Tiempo de lectura\" \/>\n\t<meta name=\"twitter:data2\" content=\"3 minutos\" \/>\n<script type=\"application\/ld+json\" class=\"yoast-schema-graph\">{\"@context\":\"https:\\\/\\\/schema.org\",\"@graph\":[{\"@type\":\"Article\",\"@id\":\"https:\\\/\\\/exaudi.org\\\/es\\\/card-hollerich-los-colores-de-la-vida-que-tienen-el-sabor-de-dios\\\/#article\",\"isPartOf\":{\"@id\":\"https:\\\/\\\/exaudi.org\\\/es\\\/card-hollerich-los-colores-de-la-vida-que-tienen-el-sabor-de-dios\\\/\"},\"author\":{\"name\":\"ADN CELAM\",\"@id\":\"https:\\\/\\\/exaudi.org\\\/#\\\/schema\\\/person\\\/fbc491ba5ee575299c5e9bc1b11ccc1f\"},\"headline\":\"Card. Hollerich: \u201cLos colores de la vida que tienen el sabor de Dios\u201d\",\"datePublished\":\"2021-11-27T18:00:51+00:00\",\"dateModified\":\"2022-01-03T15:14:28+00:00\",\"mainEntityOfPage\":{\"@id\":\"https:\\\/\\\/exaudi.org\\\/es\\\/card-hollerich-los-colores-de-la-vida-que-tienen-el-sabor-de-dios\\\/\"},\"wordCount\":563,\"commentCount\":0,\"image\":{\"@id\":\"https:\\\/\\\/exaudi.org\\\/es\\\/card-hollerich-los-colores-de-la-vida-que-tienen-el-sabor-de-dios\\\/#primaryimage\"},\"thumbnailUrl\":\"https:\\\/\\\/exaudi.org\\\/wp-content\\\/uploads\\\/2021\\\/11\\\/7c143369-cd2d-4883-8219-78b64c9712ae-800x445-1.jpeg\",\"keywords\":[\"Asamblea Eclesial de Am\u00e9rica Latina y el Caribe\"],\"articleSection\":[\"Eventos internacionales\",\"Iglesia Local\",\"Iglesia y Mundo\",\"\u00daltimas noticias\"],\"inLanguage\":\"es\",\"potentialAction\":[{\"@type\":\"CommentAction\",\"name\":\"Comment\",\"target\":[\"https:\\\/\\\/exaudi.org\\\/es\\\/card-hollerich-los-colores-de-la-vida-que-tienen-el-sabor-de-dios\\\/#respond\"]}]},{\"@type\":\"WebPage\",\"@id\":\"https:\\\/\\\/exaudi.org\\\/es\\\/card-hollerich-los-colores-de-la-vida-que-tienen-el-sabor-de-dios\\\/\",\"url\":\"https:\\\/\\\/exaudi.org\\\/es\\\/card-hollerich-los-colores-de-la-vida-que-tienen-el-sabor-de-dios\\\/\",\"name\":\"Card. Hollerich: \u201cLos colores de la vida que tienen el sabor de Dios\u201d &#8211; Exaudi\",\"isPartOf\":{\"@id\":\"https:\\\/\\\/exaudi.org\\\/#website\"},\"primaryImageOfPage\":{\"@id\":\"https:\\\/\\\/exaudi.org\\\/es\\\/card-hollerich-los-colores-de-la-vida-que-tienen-el-sabor-de-dios\\\/#primaryimage\"},\"image\":{\"@id\":\"https:\\\/\\\/exaudi.org\\\/es\\\/card-hollerich-los-colores-de-la-vida-que-tienen-el-sabor-de-dios\\\/#primaryimage\"},\"thumbnailUrl\":\"https:\\\/\\\/exaudi.org\\\/wp-content\\\/uploads\\\/2021\\\/11\\\/7c143369-cd2d-4883-8219-78b64c9712ae-800x445-1.jpeg\",\"datePublished\":\"2021-11-27T18:00:51+00:00\",\"dateModified\":\"2022-01-03T15:14:28+00:00\",\"author\":{\"@id\":\"https:\\\/\\\/exaudi.org\\\/#\\\/schema\\\/person\\\/fbc491ba5ee575299c5e9bc1b11ccc1f\"},\"description\":\"\u201cEncontr\u00e9 en la Asamblea los colores de la vida que tienen el sabor de Dios\u201d fue la frase pronunciada por el cardenal Jean-Claude Hollerich.\",\"breadcrumb\":{\"@id\":\"https:\\\/\\\/exaudi.org\\\/es\\\/card-hollerich-los-colores-de-la-vida-que-tienen-el-sabor-de-dios\\\/#breadcrumb\"},\"inLanguage\":\"es\",\"potentialAction\":[{\"@type\":\"ReadAction\",\"target\":[\"https:\\\/\\\/exaudi.org\\\/es\\\/card-hollerich-los-colores-de-la-vida-que-tienen-el-sabor-de-dios\\\/\"]}]},{\"@type\":\"ImageObject\",\"inLanguage\":\"es\",\"@id\":\"https:\\\/\\\/exaudi.org\\\/es\\\/card-hollerich-los-colores-de-la-vida-que-tienen-el-sabor-de-dios\\\/#primaryimage\",\"url\":\"https:\\\/\\\/exaudi.org\\\/wp-content\\\/uploads\\\/2021\\\/11\\\/7c143369-cd2d-4883-8219-78b64c9712ae-800x445-1.jpeg\",\"contentUrl\":\"https:\\\/\\\/exaudi.org\\\/wp-content\\\/uploads\\\/2021\\\/11\\\/7c143369-cd2d-4883-8219-78b64c9712ae-800x445-1.jpeg\",\"width\":800,\"height\":445,\"caption\":\"La Asamblea Eclesial de Am\u00e9rica Latina y el Caribe 27 nov. \u00a9 CELAM\"},{\"@type\":\"BreadcrumbList\",\"@id\":\"https:\\\/\\\/exaudi.org\\\/es\\\/card-hollerich-los-colores-de-la-vida-que-tienen-el-sabor-de-dios\\\/#breadcrumb\",\"itemListElement\":[{\"@type\":\"ListItem\",\"position\":1,\"name\":\"Portada\",\"item\":\"https:\\\/\\\/exaudi.org\\\/es\\\/\"},{\"@type\":\"ListItem\",\"position\":2,\"name\":\"Card. Hollerich: \u201cLos colores de la vida que tienen el sabor de Dios\u201d\"}]},{\"@type\":\"WebSite\",\"@id\":\"https:\\\/\\\/exaudi.org\\\/#website\",\"url\":\"https:\\\/\\\/exaudi.org\\\/\",\"name\":\"Exaudi\",\"description\":\"News\",\"potentialAction\":[{\"@type\":\"SearchAction\",\"target\":{\"@type\":\"EntryPoint\",\"urlTemplate\":\"https:\\\/\\\/exaudi.org\\\/?s={search_term_string}\"},\"query-input\":{\"@type\":\"PropertyValueSpecification\",\"valueRequired\":true,\"valueName\":\"search_term_string\"}}],\"inLanguage\":\"es\"},{\"@type\":\"Person\",\"@id\":\"https:\\\/\\\/exaudi.org\\\/#\\\/schema\\\/person\\\/fbc491ba5ee575299c5e9bc1b11ccc1f\",\"name\":\"ADN CELAM\",\"image\":{\"@type\":\"ImageObject\",\"inLanguage\":\"es\",\"@id\":\"https:\\\/\\\/secure.gravatar.com\\\/avatar\\\/9f35251df285dd73b5052c2ea71d63aa960ac375813315353fd23ad8daf7a7ae?s=96&d=mm&r=g\",\"url\":\"https:\\\/\\\/secure.gravatar.com\\\/avatar\\\/9f35251df285dd73b5052c2ea71d63aa960ac375813315353fd23ad8daf7a7ae?s=96&d=mm&r=g\",\"contentUrl\":\"https:\\\/\\\/secure.gravatar.com\\\/avatar\\\/9f35251df285dd73b5052c2ea71d63aa960ac375813315353fd23ad8daf7a7ae?s=96&d=mm&r=g\",\"caption\":\"ADN CELAM\"},\"description\":\"Sistema informativo del Consejo Episcopal Latinoamericano (CELAM)\",\"url\":\"https:\\\/\\\/exaudi.org\\\/es\\\/author\\\/adncelam\\\/\"}]}<\/script>\n<!-- \/ Yoast SEO plugin. -->","yoast_head_json":{"title":"Card. Hollerich: \u201cLos colores de la vida que tienen el sabor de Dios\u201d &#8211; Exaudi","description":"\u201cEncontr\u00e9 en la Asamblea los colores de la vida que tienen el sabor de Dios\u201d fue la frase pronunciada por el cardenal Jean-Claude Hollerich.","robots":{"index":"index","follow":"follow","max-snippet":"max-snippet:-1","max-image-preview":"max-image-preview:large","max-video-preview":"max-video-preview:-1"},"canonical":"https:\/\/exaudi.org\/es\/card-hollerich-los-colores-de-la-vida-que-tienen-el-sabor-de-dios\/","og_locale":"es_ES","og_type":"article","og_title":"Card. Hollerich: \u201cLos colores de la vida que tienen el sabor de Dios\u201d &#8211; Exaudi","og_description":"\u201cEncontr\u00e9 en la Asamblea los colores de la vida que tienen el sabor de Dios\u201d fue la frase pronunciada por el cardenal Jean-Claude Hollerich.","og_url":"https:\/\/exaudi.org\/es\/card-hollerich-los-colores-de-la-vida-que-tienen-el-sabor-de-dios\/","og_site_name":"Exaudi","article_publisher":"https:\/\/www.facebook.com\/ExaudiNews","article_published_time":"2021-11-27T18:00:51+00:00","article_modified_time":"2022-01-03T15:14:28+00:00","og_image":[{"width":800,"height":445,"url":"https:\/\/exaudi.org\/wp-content\/uploads\/2021\/11\/7c143369-cd2d-4883-8219-78b64c9712ae-800x445-1.jpeg","type":"image\/jpeg"}],"author":"ADN CELAM","twitter_card":"summary_large_image","twitter_creator":"@Exaudi_News","twitter_site":"@Exaudi_News","twitter_misc":{"Escrito por":"ADN CELAM","Tiempo de lectura":"3 minutos"},"schema":{"@context":"https:\/\/schema.org","@graph":[{"@type":"Article","@id":"https:\/\/exaudi.org\/es\/card-hollerich-los-colores-de-la-vida-que-tienen-el-sabor-de-dios\/#article","isPartOf":{"@id":"https:\/\/exaudi.org\/es\/card-hollerich-los-colores-de-la-vida-que-tienen-el-sabor-de-dios\/"},"author":{"name":"ADN CELAM","@id":"https:\/\/exaudi.org\/#\/schema\/person\/fbc491ba5ee575299c5e9bc1b11ccc1f"},"headline":"Card. Hollerich: \u201cLos colores de la vida que tienen el sabor de Dios\u201d","datePublished":"2021-11-27T18:00:51+00:00","dateModified":"2022-01-03T15:14:28+00:00","mainEntityOfPage":{"@id":"https:\/\/exaudi.org\/es\/card-hollerich-los-colores-de-la-vida-que-tienen-el-sabor-de-dios\/"},"wordCount":563,"commentCount":0,"image":{"@id":"https:\/\/exaudi.org\/es\/card-hollerich-los-colores-de-la-vida-que-tienen-el-sabor-de-dios\/#primaryimage"},"thumbnailUrl":"https:\/\/exaudi.org\/wp-content\/uploads\/2021\/11\/7c143369-cd2d-4883-8219-78b64c9712ae-800x445-1.jpeg","keywords":["Asamblea Eclesial de Am\u00e9rica Latina y el Caribe"],"articleSection":["Eventos internacionales","Iglesia Local","Iglesia y Mundo","\u00daltimas noticias"],"inLanguage":"es","potentialAction":[{"@type":"CommentAction","name":"Comment","target":["https:\/\/exaudi.org\/es\/card-hollerich-los-colores-de-la-vida-que-tienen-el-sabor-de-dios\/#respond"]}]},{"@type":"WebPage","@id":"https:\/\/exaudi.org\/es\/card-hollerich-los-colores-de-la-vida-que-tienen-el-sabor-de-dios\/","url":"https:\/\/exaudi.org\/es\/card-hollerich-los-colores-de-la-vida-que-tienen-el-sabor-de-dios\/","name":"Card. Hollerich: \u201cLos colores de la vida que tienen el sabor de Dios\u201d &#8211; Exaudi","isPartOf":{"@id":"https:\/\/exaudi.org\/#website"},"primaryImageOfPage":{"@id":"https:\/\/exaudi.org\/es\/card-hollerich-los-colores-de-la-vida-que-tienen-el-sabor-de-dios\/#primaryimage"},"image":{"@id":"https:\/\/exaudi.org\/es\/card-hollerich-los-colores-de-la-vida-que-tienen-el-sabor-de-dios\/#primaryimage"},"thumbnailUrl":"https:\/\/exaudi.org\/wp-content\/uploads\/2021\/11\/7c143369-cd2d-4883-8219-78b64c9712ae-800x445-1.jpeg","datePublished":"2021-11-27T18:00:51+00:00","dateModified":"2022-01-03T15:14:28+00:00","author":{"@id":"https:\/\/exaudi.org\/#\/schema\/person\/fbc491ba5ee575299c5e9bc1b11ccc1f"},"description":"\u201cEncontr\u00e9 en la Asamblea los colores de la vida que tienen el sabor de Dios\u201d fue la frase pronunciada por el cardenal Jean-Claude Hollerich.","breadcrumb":{"@id":"https:\/\/exaudi.org\/es\/card-hollerich-los-colores-de-la-vida-que-tienen-el-sabor-de-dios\/#breadcrumb"},"inLanguage":"es","potentialAction":[{"@type":"ReadAction","target":["https:\/\/exaudi.org\/es\/card-hollerich-los-colores-de-la-vida-que-tienen-el-sabor-de-dios\/"]}]},{"@type":"ImageObject","inLanguage":"es","@id":"https:\/\/exaudi.org\/es\/card-hollerich-los-colores-de-la-vida-que-tienen-el-sabor-de-dios\/#primaryimage","url":"https:\/\/exaudi.org\/wp-content\/uploads\/2021\/11\/7c143369-cd2d-4883-8219-78b64c9712ae-800x445-1.jpeg","contentUrl":"https:\/\/exaudi.org\/wp-content\/uploads\/2021\/11\/7c143369-cd2d-4883-8219-78b64c9712ae-800x445-1.jpeg","width":800,"height":445,"caption":"La Asamblea Eclesial de Am\u00e9rica Latina y el Caribe 27 nov. \u00a9 CELAM"},{"@type":"BreadcrumbList","@id":"https:\/\/exaudi.org\/es\/card-hollerich-los-colores-de-la-vida-que-tienen-el-sabor-de-dios\/#breadcrumb","itemListElement":[{"@type":"ListItem","position":1,"name":"Portada","item":"https:\/\/exaudi.org\/es\/"},{"@type":"ListItem","position":2,"name":"Card. Hollerich: \u201cLos colores de la vida que tienen el sabor de Dios\u201d"}]},{"@type":"WebSite","@id":"https:\/\/exaudi.org\/#website","url":"https:\/\/exaudi.org\/","name":"Exaudi","description":"News","potentialAction":[{"@type":"SearchAction","target":{"@type":"EntryPoint","urlTemplate":"https:\/\/exaudi.org\/?s={search_term_string}"},"query-input":{"@type":"PropertyValueSpecification","valueRequired":true,"valueName":"search_term_string"}}],"inLanguage":"es"},{"@type":"Person","@id":"https:\/\/exaudi.org\/#\/schema\/person\/fbc491ba5ee575299c5e9bc1b11ccc1f","name":"ADN CELAM","image":{"@type":"ImageObject","inLanguage":"es","@id":"https:\/\/secure.gravatar.com\/avatar\/9f35251df285dd73b5052c2ea71d63aa960ac375813315353fd23ad8daf7a7ae?s=96&d=mm&r=g","url":"https:\/\/secure.gravatar.com\/avatar\/9f35251df285dd73b5052c2ea71d63aa960ac375813315353fd23ad8daf7a7ae?s=96&d=mm&r=g","contentUrl":"https:\/\/secure.gravatar.com\/avatar\/9f35251df285dd73b5052c2ea71d63aa960ac375813315353fd23ad8daf7a7ae?s=96&d=mm&r=g","caption":"ADN CELAM"},"description":"Sistema informativo del Consejo Episcopal Latinoamericano (CELAM)","url":"https:\/\/exaudi.org\/es\/author\/adncelam\/"}]}},"jetpack_featured_media_url":"https:\/\/exaudi.org\/wp-content\/uploads\/2021\/11\/7c143369-cd2d-4883-8219-78b64c9712ae-800x445-1.jpeg","jetpack_shortlink":"https:\/\/wp.me\/pgKjF2-bgn","_links":{"self":[{"href":"https:\/\/exaudi.org\/es\/wp-json\/wp\/v2\/posts\/43299","targetHints":{"allow":["GET"]}}],"collection":[{"href":"https:\/\/exaudi.org\/es\/wp-json\/wp\/v2\/posts"}],"about":[{"href":"https:\/\/exaudi.org\/es\/wp-json\/wp\/v2\/types\/post"}],"author":[{"embeddable":true,"href":"https:\/\/exaudi.org\/es\/wp-json\/wp\/v2\/users\/93"}],"replies":[{"embeddable":true,"href":"https:\/\/exaudi.org\/es\/wp-json\/wp\/v2\/comments?post=43299"}],"version-history":[{"count":0,"href":"https:\/\/exaudi.org\/es\/wp-json\/wp\/v2\/posts\/43299\/revisions"}],"wp:featuredmedia":[{"embeddable":true,"href":"https:\/\/exaudi.org\/es\/wp-json\/wp\/v2\/media\/43300"}],"wp:attachment":[{"href":"https:\/\/exaudi.org\/es\/wp-json\/wp\/v2\/media?parent=43299"}],"wp:term":[{"taxonomy":"category","embeddable":true,"href":"https:\/\/exaudi.org\/es\/wp-json\/wp\/v2\/categories?post=43299"},{"taxonomy":"post_tag","embeddable":true,"href":"https:\/\/exaudi.org\/es\/wp-json\/wp\/v2\/tags?post=43299"}],"curies":[{"name":"wp","href":"https:\/\/api.w.org\/{rel}","templated":true}]}}