{"id":43207,"date":"2021-11-29T08:45:29","date_gmt":"2021-11-29T07:45:29","guid":{"rendered":"https:\/\/exaudi.wpengine.com\/siberia-pesame-del-papa-por-la-explosion-de-una-mina\/"},"modified":"2021-11-29T08:45:29","modified_gmt":"2021-11-29T07:45:29","slug":"siberia-pesame-del-papa-por-la-explosion-de-una-mina","status":"publish","type":"post","link":"https:\/\/exaudi.org\/es\/siberia-pesame-del-papa-por-la-explosion-de-una-mina\/","title":{"rendered":"Siberia: P\u00e9same del Papa por explosi\u00f3n de una mina"},"content":{"rendered":"<p>El Papa expres\u00f3 ayer 28 de noviembre su p\u00e9same a las v\u00edctimas de la explosi\u00f3n de la mina del jueves en Siberia que se cobr\u00f3 al menos 52 vidas, entre mineros y rescatadores. La tragedia ocurri\u00f3 en la mina Listvyazhnaya, en la regi\u00f3n de Kemerovo.<\/p>\n<p>Las condolencias del Papa llegaron en el siguiente telegrama al presidente ruso Vladimir Putin, firmado por el secretario de estado del Vaticano, el cardenal Pietro Parolin:<\/p>\n<p>SU EXCELENCIA VLADIMIR PUTIN<\/p>\n<p>PRESIDENTE DE LA FEDERACI\u00d3N RUSA<\/p>\n<p>AL ENTERARSE CON TRISTEZA DE LA TR\u00c1GICA EXPLOSI\u00d3N DE UNA MINA EN SIBERIA, SU SANTIDAD EL PAPA FRANCISCO ENV\u00cdA SUS CONDOLENCIAS A USTED Y AL PUEBLO RUSO. OFRECE LA SEGURIDAD DE SUS ORACIONES POR TODOS LOS QUE HAN MUERTO Y POR LOS QUE LLORAN SU P\u00c9RDIDA. A TODOS LOS QUE PARTICIPAN EN LOS ESFUERZOS DE RECUPERACI\u00d3N, SU SANTIDAD INVOCA LA FUERZA Y LA PAZ DE DIOS TODOPODEROSO.<\/p>\n<p>CARDENAL PIETRO PAROLIN SECRETARIO DE ESTADO<\/p>\n<p><a href=\"https:\/\/news.sky.com\/\" target=\"_blank\" rel=\"noopener\">Sky News<\/a> inform\u00f3 de que la explosi\u00f3n fue causada por una fuga de gas metano a unos 820 pies bajo tierra. Un total de 285 personas se encontraban en la mina en el momento de la explosi\u00f3n; 239 mineros fueron conducidos con \u00e9xito a la superficie.<\/p>\n<p>La explosi\u00f3n del jueves fue el accidente minero m\u00e1s mort\u00edfero en Rusia desde 2010, cuando dos explosiones de metano y un incendio mataron a 91 personas, seg\u00fan Sky. Se ha abierto una investigaci\u00f3n penal sobre la explosi\u00f3n. Las autoridades dicen que el director de la mina, junto con dos altos directivos, han sido detenidos. El presidente Vladimir Putin ha dado el p\u00e9same a las familias de las v\u00edctimas y se han declarado tres d\u00edas de luto en la regi\u00f3n.<\/p>\n<p>La mina Listvyazhnaya forma parte de SDS-Holding, propiedad de la Uni\u00f3n Empresarial de Siberia. Seg\u00fan los medios de comunicaci\u00f3n locales, en 2004, una explosi\u00f3n de metano en la misma mina mat\u00f3 a 13 personas. En 2016, tras la cat\u00e1strofe de la mina de Vorkuta, las autoridades rusas evaluaron la seguridad de 58 minas de carb\u00f3n del pa\u00eds y declararon el 34% de ellas como potencialmente inseguras. Sin embargo, los medios de comunicaci\u00f3n afirman que Listvyazhnaya no estaba entre ellas.<\/p>\n<p>Seg\u00fan el medio de comunicaci\u00f3n Interfax, la \u00faltima inspecci\u00f3n de la mina Listvyazhnaya tuvo lugar el 19 de noviembre. Tras el accidente, las fuerzas del orden declararon que los mineros se hab\u00edan quejado previamente de los altos niveles de metano en la mina.<\/p>\n","protected":false},"excerpt":{"rendered":"<p>Al menos 52 muertos en la explosi\u00f3n del jueves en la mina de carb\u00f3n de Listvyazhnaya<\/p>\n","protected":false},"author":4,"featured_media":43208,"comment_status":"open","ping_status":"open","sticky":false,"template":"","format":"standard","meta":{"_acf_changed":false,"_crdt_document":"","inline_featured_image":false,"footnotes":""},"categories":[68,68,68,68,68,68,68],"tags":[4987],"class_list":{"0":"post-43207","1":"post","2":"type-post","3":"status-publish","4":"format-standard","5":"has-post-thumbnail","6":"hentry","7":"category-leon-xiv","14":"tag-siberia"},"acf":[],"yoast_head":"<!-- This site is optimized with the Yoast SEO plugin v27.5 - https:\/\/yoast.com\/product\/yoast-seo-wordpress\/ -->\n<title>Siberia: P\u00e9same del Papa por explosi\u00f3n de una mina &#8211; Exaudi<\/title>\n<meta name=\"description\" content=\"El Papa env\u00eda el p\u00e9same por la explosi\u00f3n de una mina en Siberia que se cobr\u00f3 al menos 52 vidas, entre mineros y rescatadores.\" \/>\n<meta name=\"robots\" content=\"index, follow, max-snippet:-1, max-image-preview:large, max-video-preview:-1\" \/>\n<link rel=\"canonical\" href=\"https:\/\/exaudi.org\/es\/siberia-pesame-del-papa-por-la-explosion-de-una-mina\/\" \/>\n<meta property=\"og:locale\" content=\"es_ES\" \/>\n<meta property=\"og:type\" content=\"article\" \/>\n<meta property=\"og:title\" content=\"Siberia: P\u00e9same del Papa por explosi\u00f3n de una mina &#8211; Exaudi\" \/>\n<meta property=\"og:description\" content=\"El Papa env\u00eda el p\u00e9same por la explosi\u00f3n de una mina en Siberia que se cobr\u00f3 al menos 52 vidas, entre mineros y rescatadores.\" \/>\n<meta property=\"og:url\" content=\"https:\/\/exaudi.org\/es\/siberia-pesame-del-papa-por-la-explosion-de-una-mina\/\" \/>\n<meta property=\"og:site_name\" content=\"Exaudi\" \/>\n<meta property=\"article:publisher\" content=\"https:\/\/www.facebook.com\/ExaudiNews\" \/>\n<meta property=\"article:published_time\" content=\"2021-11-29T07:45:29+00:00\" \/>\n<meta property=\"og:image\" content=\"https:\/\/exaudi.org\/wp-content\/uploads\/2021\/11\/cq5dam.thumbnail.cropped.750.422-16-2.jpeg\" \/>\n\t<meta property=\"og:image:width\" content=\"750\" \/>\n\t<meta property=\"og:image:height\" content=\"422\" \/>\n\t<meta property=\"og:image:type\" content=\"image\/jpeg\" \/>\n<meta name=\"author\" content=\"Jim Fair\" \/>\n<meta name=\"twitter:card\" content=\"summary_large_image\" \/>\n<meta name=\"twitter:creator\" content=\"@Exaudi_News\" \/>\n<meta name=\"twitter:site\" content=\"@Exaudi_News\" \/>\n<meta name=\"twitter:label1\" content=\"Escrito por\" \/>\n\t<meta name=\"twitter:data1\" content=\"Jim Fair\" \/>\n\t<meta name=\"twitter:label2\" content=\"Tiempo de lectura\" \/>\n\t<meta name=\"twitter:data2\" content=\"2 minutos\" \/>\n<script type=\"application\/ld+json\" class=\"yoast-schema-graph\">{\"@context\":\"https:\\\/\\\/schema.org\",\"@graph\":[{\"@type\":\"Article\",\"@id\":\"https:\\\/\\\/exaudi.org\\\/es\\\/siberia-pesame-del-papa-por-la-explosion-de-una-mina\\\/#article\",\"isPartOf\":{\"@id\":\"https:\\\/\\\/exaudi.org\\\/es\\\/siberia-pesame-del-papa-por-la-explosion-de-una-mina\\\/\"},\"author\":{\"name\":\"Jim Fair\",\"@id\":\"https:\\\/\\\/exaudi.org\\\/#\\\/schema\\\/person\\\/010bdf0d65f801cd06f263d9b37ae0f4\"},\"headline\":\"Siberia: P\u00e9same del Papa por explosi\u00f3n de una mina\",\"datePublished\":\"2021-11-29T07:45:29+00:00\",\"mainEntityOfPage\":{\"@id\":\"https:\\\/\\\/exaudi.org\\\/es\\\/siberia-pesame-del-papa-por-la-explosion-de-una-mina\\\/\"},\"wordCount\":432,\"commentCount\":0,\"image\":{\"@id\":\"https:\\\/\\\/exaudi.org\\\/es\\\/siberia-pesame-del-papa-por-la-explosion-de-una-mina\\\/#primaryimage\"},\"thumbnailUrl\":\"https:\\\/\\\/exaudi.org\\\/wp-content\\\/uploads\\\/2021\\\/11\\\/cq5dam.thumbnail.cropped.750.422-16-2.jpeg\",\"keywords\":[\"siberia\"],\"articleSection\":[\"Le\u00f3n XIV\",\"Le\u00f3n XIV\",\"Le\u00f3n XIV\",\"Le\u00f3n XIV\",\"Le\u00f3n XIV\",\"Le\u00f3n XIV\",\"Le\u00f3n XIV\"],\"inLanguage\":\"es\",\"potentialAction\":[{\"@type\":\"CommentAction\",\"name\":\"Comment\",\"target\":[\"https:\\\/\\\/exaudi.org\\\/es\\\/siberia-pesame-del-papa-por-la-explosion-de-una-mina\\\/#respond\"]}]},{\"@type\":\"WebPage\",\"@id\":\"https:\\\/\\\/exaudi.org\\\/es\\\/siberia-pesame-del-papa-por-la-explosion-de-una-mina\\\/\",\"url\":\"https:\\\/\\\/exaudi.org\\\/es\\\/siberia-pesame-del-papa-por-la-explosion-de-una-mina\\\/\",\"name\":\"Siberia: P\u00e9same del Papa por explosi\u00f3n de una mina &#8211; Exaudi\",\"isPartOf\":{\"@id\":\"https:\\\/\\\/exaudi.org\\\/#website\"},\"primaryImageOfPage\":{\"@id\":\"https:\\\/\\\/exaudi.org\\\/es\\\/siberia-pesame-del-papa-por-la-explosion-de-una-mina\\\/#primaryimage\"},\"image\":{\"@id\":\"https:\\\/\\\/exaudi.org\\\/es\\\/siberia-pesame-del-papa-por-la-explosion-de-una-mina\\\/#primaryimage\"},\"thumbnailUrl\":\"https:\\\/\\\/exaudi.org\\\/wp-content\\\/uploads\\\/2021\\\/11\\\/cq5dam.thumbnail.cropped.750.422-16-2.jpeg\",\"datePublished\":\"2021-11-29T07:45:29+00:00\",\"author\":{\"@id\":\"https:\\\/\\\/exaudi.org\\\/#\\\/schema\\\/person\\\/010bdf0d65f801cd06f263d9b37ae0f4\"},\"description\":\"El Papa env\u00eda el p\u00e9same por la explosi\u00f3n de una mina en Siberia que se cobr\u00f3 al menos 52 vidas, entre mineros y rescatadores.\",\"breadcrumb\":{\"@id\":\"https:\\\/\\\/exaudi.org\\\/es\\\/siberia-pesame-del-papa-por-la-explosion-de-una-mina\\\/#breadcrumb\"},\"inLanguage\":\"es\",\"potentialAction\":[{\"@type\":\"ReadAction\",\"target\":[\"https:\\\/\\\/exaudi.org\\\/es\\\/siberia-pesame-del-papa-por-la-explosion-de-una-mina\\\/\"]}]},{\"@type\":\"ImageObject\",\"inLanguage\":\"es\",\"@id\":\"https:\\\/\\\/exaudi.org\\\/es\\\/siberia-pesame-del-papa-por-la-explosion-de-una-mina\\\/#primaryimage\",\"url\":\"https:\\\/\\\/exaudi.org\\\/wp-content\\\/uploads\\\/2021\\\/11\\\/cq5dam.thumbnail.cropped.750.422-16-2.jpeg\",\"contentUrl\":\"https:\\\/\\\/exaudi.org\\\/wp-content\\\/uploads\\\/2021\\\/11\\\/cq5dam.thumbnail.cropped.750.422-16-2.jpeg\",\"width\":750,\"height\":422,\"caption\":\"El Papa rezando\"},{\"@type\":\"BreadcrumbList\",\"@id\":\"https:\\\/\\\/exaudi.org\\\/es\\\/siberia-pesame-del-papa-por-la-explosion-de-una-mina\\\/#breadcrumb\",\"itemListElement\":[{\"@type\":\"ListItem\",\"position\":1,\"name\":\"Portada\",\"item\":\"https:\\\/\\\/exaudi.org\\\/es\\\/\"},{\"@type\":\"ListItem\",\"position\":2,\"name\":\"Siberia: P\u00e9same del Papa por explosi\u00f3n de una mina\"}]},{\"@type\":\"WebSite\",\"@id\":\"https:\\\/\\\/exaudi.org\\\/#website\",\"url\":\"https:\\\/\\\/exaudi.org\\\/\",\"name\":\"Exaudi\",\"description\":\"News\",\"potentialAction\":[{\"@type\":\"SearchAction\",\"target\":{\"@type\":\"EntryPoint\",\"urlTemplate\":\"https:\\\/\\\/exaudi.org\\\/?s={search_term_string}\"},\"query-input\":{\"@type\":\"PropertyValueSpecification\",\"valueRequired\":true,\"valueName\":\"search_term_string\"}}],\"inLanguage\":\"es\"},{\"@type\":\"Person\",\"@id\":\"https:\\\/\\\/exaudi.org\\\/#\\\/schema\\\/person\\\/010bdf0d65f801cd06f263d9b37ae0f4\",\"name\":\"Jim Fair\",\"image\":{\"@type\":\"ImageObject\",\"inLanguage\":\"es\",\"@id\":\"https:\\\/\\\/secure.gravatar.com\\\/avatar\\\/d9e9a2d31abad3e51c5d8f0279fc9b21b66199b8a85886455445ed562fd46934?s=96&d=mm&r=g\",\"url\":\"https:\\\/\\\/secure.gravatar.com\\\/avatar\\\/d9e9a2d31abad3e51c5d8f0279fc9b21b66199b8a85886455445ed562fd46934?s=96&d=mm&r=g\",\"contentUrl\":\"https:\\\/\\\/secure.gravatar.com\\\/avatar\\\/d9e9a2d31abad3e51c5d8f0279fc9b21b66199b8a85886455445ed562fd46934?s=96&d=mm&r=g\",\"caption\":\"Jim Fair\"},\"description\":\"Jim Fair has spent the past two decades as a communicator for Catholic organizations. He is a convert to the Catholic faith and is grateful to his wife, Charmaine, for her continuing efforts to save his soul. They have a son and daughter, both happily married, and four grandchildren. Before devoting his life full-time to things Catholic, Jim enjoyed a 23-year career in various communications roles for large corporations. Before that, he worked as a newspaper reporter, photographer, and editor. He has served as president of the Chicago Public Relations Forum, chairman of the American Petroleum Institute General Committee on Communications, and a fellow of Greater Leadership Chicago. He was a member of the founding committee of the chemical industry\u2019s Responsible Care Program. Jim is an active member of St. John Vianney Parish in Northlake, Illinois, where he chairs the finance council.\",\"url\":\"https:\\\/\\\/exaudi.org\\\/es\\\/author\\\/jfairexaudi-org\\\/\"}]}<\/script>\n<!-- \/ Yoast SEO plugin. -->","yoast_head_json":{"title":"Siberia: P\u00e9same del Papa por explosi\u00f3n de una mina &#8211; Exaudi","description":"El Papa env\u00eda el p\u00e9same por la explosi\u00f3n de una mina en Siberia que se cobr\u00f3 al menos 52 vidas, entre mineros y rescatadores.","robots":{"index":"index","follow":"follow","max-snippet":"max-snippet:-1","max-image-preview":"max-image-preview:large","max-video-preview":"max-video-preview:-1"},"canonical":"https:\/\/exaudi.org\/es\/siberia-pesame-del-papa-por-la-explosion-de-una-mina\/","og_locale":"es_ES","og_type":"article","og_title":"Siberia: P\u00e9same del Papa por explosi\u00f3n de una mina &#8211; Exaudi","og_description":"El Papa env\u00eda el p\u00e9same por la explosi\u00f3n de una mina en Siberia que se cobr\u00f3 al menos 52 vidas, entre mineros y rescatadores.","og_url":"https:\/\/exaudi.org\/es\/siberia-pesame-del-papa-por-la-explosion-de-una-mina\/","og_site_name":"Exaudi","article_publisher":"https:\/\/www.facebook.com\/ExaudiNews","article_published_time":"2021-11-29T07:45:29+00:00","og_image":[{"width":750,"height":422,"url":"https:\/\/exaudi.org\/wp-content\/uploads\/2021\/11\/cq5dam.thumbnail.cropped.750.422-16-2.jpeg","type":"image\/jpeg"}],"author":"Jim Fair","twitter_card":"summary_large_image","twitter_creator":"@Exaudi_News","twitter_site":"@Exaudi_News","twitter_misc":{"Escrito por":"Jim Fair","Tiempo de lectura":"2 minutos"},"schema":{"@context":"https:\/\/schema.org","@graph":[{"@type":"Article","@id":"https:\/\/exaudi.org\/es\/siberia-pesame-del-papa-por-la-explosion-de-una-mina\/#article","isPartOf":{"@id":"https:\/\/exaudi.org\/es\/siberia-pesame-del-papa-por-la-explosion-de-una-mina\/"},"author":{"name":"Jim Fair","@id":"https:\/\/exaudi.org\/#\/schema\/person\/010bdf0d65f801cd06f263d9b37ae0f4"},"headline":"Siberia: P\u00e9same del Papa por explosi\u00f3n de una mina","datePublished":"2021-11-29T07:45:29+00:00","mainEntityOfPage":{"@id":"https:\/\/exaudi.org\/es\/siberia-pesame-del-papa-por-la-explosion-de-una-mina\/"},"wordCount":432,"commentCount":0,"image":{"@id":"https:\/\/exaudi.org\/es\/siberia-pesame-del-papa-por-la-explosion-de-una-mina\/#primaryimage"},"thumbnailUrl":"https:\/\/exaudi.org\/wp-content\/uploads\/2021\/11\/cq5dam.thumbnail.cropped.750.422-16-2.jpeg","keywords":["siberia"],"articleSection":["Le\u00f3n XIV","Le\u00f3n XIV","Le\u00f3n XIV","Le\u00f3n XIV","Le\u00f3n XIV","Le\u00f3n XIV","Le\u00f3n XIV"],"inLanguage":"es","potentialAction":[{"@type":"CommentAction","name":"Comment","target":["https:\/\/exaudi.org\/es\/siberia-pesame-del-papa-por-la-explosion-de-una-mina\/#respond"]}]},{"@type":"WebPage","@id":"https:\/\/exaudi.org\/es\/siberia-pesame-del-papa-por-la-explosion-de-una-mina\/","url":"https:\/\/exaudi.org\/es\/siberia-pesame-del-papa-por-la-explosion-de-una-mina\/","name":"Siberia: P\u00e9same del Papa por explosi\u00f3n de una mina &#8211; Exaudi","isPartOf":{"@id":"https:\/\/exaudi.org\/#website"},"primaryImageOfPage":{"@id":"https:\/\/exaudi.org\/es\/siberia-pesame-del-papa-por-la-explosion-de-una-mina\/#primaryimage"},"image":{"@id":"https:\/\/exaudi.org\/es\/siberia-pesame-del-papa-por-la-explosion-de-una-mina\/#primaryimage"},"thumbnailUrl":"https:\/\/exaudi.org\/wp-content\/uploads\/2021\/11\/cq5dam.thumbnail.cropped.750.422-16-2.jpeg","datePublished":"2021-11-29T07:45:29+00:00","author":{"@id":"https:\/\/exaudi.org\/#\/schema\/person\/010bdf0d65f801cd06f263d9b37ae0f4"},"description":"El Papa env\u00eda el p\u00e9same por la explosi\u00f3n de una mina en Siberia que se cobr\u00f3 al menos 52 vidas, entre mineros y rescatadores.","breadcrumb":{"@id":"https:\/\/exaudi.org\/es\/siberia-pesame-del-papa-por-la-explosion-de-una-mina\/#breadcrumb"},"inLanguage":"es","potentialAction":[{"@type":"ReadAction","target":["https:\/\/exaudi.org\/es\/siberia-pesame-del-papa-por-la-explosion-de-una-mina\/"]}]},{"@type":"ImageObject","inLanguage":"es","@id":"https:\/\/exaudi.org\/es\/siberia-pesame-del-papa-por-la-explosion-de-una-mina\/#primaryimage","url":"https:\/\/exaudi.org\/wp-content\/uploads\/2021\/11\/cq5dam.thumbnail.cropped.750.422-16-2.jpeg","contentUrl":"https:\/\/exaudi.org\/wp-content\/uploads\/2021\/11\/cq5dam.thumbnail.cropped.750.422-16-2.jpeg","width":750,"height":422,"caption":"El Papa rezando"},{"@type":"BreadcrumbList","@id":"https:\/\/exaudi.org\/es\/siberia-pesame-del-papa-por-la-explosion-de-una-mina\/#breadcrumb","itemListElement":[{"@type":"ListItem","position":1,"name":"Portada","item":"https:\/\/exaudi.org\/es\/"},{"@type":"ListItem","position":2,"name":"Siberia: P\u00e9same del Papa por explosi\u00f3n de una mina"}]},{"@type":"WebSite","@id":"https:\/\/exaudi.org\/#website","url":"https:\/\/exaudi.org\/","name":"Exaudi","description":"News","potentialAction":[{"@type":"SearchAction","target":{"@type":"EntryPoint","urlTemplate":"https:\/\/exaudi.org\/?s={search_term_string}"},"query-input":{"@type":"PropertyValueSpecification","valueRequired":true,"valueName":"search_term_string"}}],"inLanguage":"es"},{"@type":"Person","@id":"https:\/\/exaudi.org\/#\/schema\/person\/010bdf0d65f801cd06f263d9b37ae0f4","name":"Jim Fair","image":{"@type":"ImageObject","inLanguage":"es","@id":"https:\/\/secure.gravatar.com\/avatar\/d9e9a2d31abad3e51c5d8f0279fc9b21b66199b8a85886455445ed562fd46934?s=96&d=mm&r=g","url":"https:\/\/secure.gravatar.com\/avatar\/d9e9a2d31abad3e51c5d8f0279fc9b21b66199b8a85886455445ed562fd46934?s=96&d=mm&r=g","contentUrl":"https:\/\/secure.gravatar.com\/avatar\/d9e9a2d31abad3e51c5d8f0279fc9b21b66199b8a85886455445ed562fd46934?s=96&d=mm&r=g","caption":"Jim Fair"},"description":"Jim Fair has spent the past two decades as a communicator for Catholic organizations. He is a convert to the Catholic faith and is grateful to his wife, Charmaine, for her continuing efforts to save his soul. They have a son and daughter, both happily married, and four grandchildren. Before devoting his life full-time to things Catholic, Jim enjoyed a 23-year career in various communications roles for large corporations. Before that, he worked as a newspaper reporter, photographer, and editor. He has served as president of the Chicago Public Relations Forum, chairman of the American Petroleum Institute General Committee on Communications, and a fellow of Greater Leadership Chicago. He was a member of the founding committee of the chemical industry\u2019s Responsible Care Program. Jim is an active member of St. John Vianney Parish in Northlake, Illinois, where he chairs the finance council.","url":"https:\/\/exaudi.org\/es\/author\/jfairexaudi-org\/"}]}},"jetpack_featured_media_url":"https:\/\/exaudi.org\/wp-content\/uploads\/2021\/11\/cq5dam.thumbnail.cropped.750.422-16-2.jpeg","jetpack_shortlink":"https:\/\/wp.me\/pgKjF2-beT","_links":{"self":[{"href":"https:\/\/exaudi.org\/es\/wp-json\/wp\/v2\/posts\/43207","targetHints":{"allow":["GET"]}}],"collection":[{"href":"https:\/\/exaudi.org\/es\/wp-json\/wp\/v2\/posts"}],"about":[{"href":"https:\/\/exaudi.org\/es\/wp-json\/wp\/v2\/types\/post"}],"author":[{"embeddable":true,"href":"https:\/\/exaudi.org\/es\/wp-json\/wp\/v2\/users\/4"}],"replies":[{"embeddable":true,"href":"https:\/\/exaudi.org\/es\/wp-json\/wp\/v2\/comments?post=43207"}],"version-history":[{"count":0,"href":"https:\/\/exaudi.org\/es\/wp-json\/wp\/v2\/posts\/43207\/revisions"}],"wp:featuredmedia":[{"embeddable":true,"href":"https:\/\/exaudi.org\/es\/wp-json\/wp\/v2\/media\/43208"}],"wp:attachment":[{"href":"https:\/\/exaudi.org\/es\/wp-json\/wp\/v2\/media?parent=43207"}],"wp:term":[{"taxonomy":"category","embeddable":true,"href":"https:\/\/exaudi.org\/es\/wp-json\/wp\/v2\/categories?post=43207"},{"taxonomy":"post_tag","embeddable":true,"href":"https:\/\/exaudi.org\/es\/wp-json\/wp\/v2\/tags?post=43207"}],"curies":[{"name":"wp","href":"https:\/\/api.w.org\/{rel}","templated":true}]}}