{"id":43176,"date":"2025-12-29T07:30:50","date_gmt":"2025-12-29T06:30:50","guid":{"rendered":"https:\/\/exaudi.wpengine.com\/?p=43176"},"modified":"2025-12-28T17:34:09","modified_gmt":"2025-12-28T16:34:09","slug":"santo-tomas-becket-29-de-diciembre","status":"publish","type":"post","link":"https:\/\/exaudi.org\/es\/santo-tomas-becket-29-de-diciembre\/","title":{"rendered":"Santo Tom\u00e1s Becket, 29 de diciembre"},"content":{"rendered":"<p>Naci\u00f3 en Londres, Inglaterra, el 21 de diciembre de 1118. Era hijo de una familia de origen franc\u00e9s; su padre era comerciante. Curs\u00f3 estudios con los can\u00f3nigos regulares de Merton, en Surrey, y tras la p\u00e9rdida de sus padres, entrando ya en la veintena, se gan\u00f3 el sustento trabajando primeramente al servicio de un familiar y luego con un se\u00f1or aficionado a la cineg\u00e9tica y a la cetrer\u00eda, deporte que hered\u00f3 y cultiv\u00f3 durante un tiempo. Era inteligente y sagaz, exquisito en el trato. Hab\u00eda pasado por Par\u00eds y Bolonia donde hab\u00eda cursado teolog\u00eda, de modo que a los 24 a\u00f1os el arzobispo de Canterbury, Teobaldo, lo acogi\u00f3 entre los suyos y obtuvo para \u00e9l muchas prebendas.<\/p>\n<p><iframe title=\"Spotify Embed: Santo Tom\u00e1s Becket, 29 de diciembre\" style=\"border-radius: 12px\" width=\"100%\" height=\"152\" frameborder=\"0\" allowfullscreen allow=\"autoplay; clipboard-write; encrypted-media; fullscreen; picture-in-picture\" loading=\"lazy\" src=\"https:\/\/open.spotify.com\/embed\/episode\/1Te9PKz4laz9pWUMOjud9U?si=38c045a90b5644e4&amp;utm_source=oembed\"><\/iframe><\/p>\n<p>En 1154 despu\u00e9s de recibir el diaconado, el arzobispo lo design\u00f3 arcediano de Canterbury. Hasta la muerte de este, acaecida en 1161, Tom\u00e1s mostr\u00f3 su pericia y delicadeza en asuntos diplom\u00e1ticos de cierta envergadura que el prelado le encomend\u00f3 dentro y fuera de las fronteras. Estas misiones le llevaron en distintas ocasiones a Roma. Teobaldo ve\u00eda en su estrecho colaborador un hombre valiente y fiel, que defend\u00eda la verdad; cont\u00f3 siempre con su aprobaci\u00f3n y confianza. Estas y otras cualidades no pasaron desapercibidas para el rey Enrique II que hacia 1155 le hab\u00eda nombrado canciller suyo. Ambos mantuvieron una estrecha amistad. Fue una relaci\u00f3n entra\u00f1able que sobrepas\u00f3 el v\u00ednculo que les un\u00eda en las dif\u00edciles cuestiones de estado que compart\u00edan.<\/p>\n<p>Tom\u00e1s ten\u00eda una personalidad arrolladora y compleja. Fue templando su orgulloso temperamento, inclinado a la ira y a la violencia, a fuerza de oraci\u00f3n y disciplina. Durante un tiempo fue excesivo en su prodigalidad, pero reconocido en su innegable generosidad a la hora de agasajar a todos, incluidos los ricos, y especialmente a los pobres. Tocante a la defensa de su pa\u00eds, en el campo de batalla no ten\u00eda precio. Era un aguerrido y valiente general que se sent\u00eda c\u00f3modo luchando por los suyos, a la par que vest\u00eda el h\u00e1bito clerical.<\/p>\n<p>Al fallecer Teobaldo, Enrique II lo design\u00f3 sucesor suyo para ocupar la sede arzobispal haciendo uso del privilegio que le hab\u00eda conferido el pont\u00edfice. Al saber que fraguaba este nombramiento, Tom\u00e1s pareci\u00f3 adivinar lo que iba a suceder, y vaticin\u00f3: \u201cSi Dios permite que yo ascienda a la dignidad de arzobispo de Canterbury, no pasar\u00e1 mucho tiempo sin que pierda los favores de Vuestra Majestad, y todo el afecto con que vos me honr\u00e1is se transformar\u00e1 en odio. Puesto que Vuestra Majestad proyectar\u00e1 hacer ciertas cosas que vayan en perjuicio de los derechos de la Iglesia, mucho me temo que Vuestra Majestad requiera de m\u00ed una ayuda o una aprobaci\u00f3n que no podr\u00e9 darle. No faltar\u00e1n personas envidiosas que aprovechen esas ocasiones para alentar una amarga e interminable desavenencia entre vos y yo\u201d.<\/p>\n<p>As\u00ed fue. El 3 de junio de 1162 Tom\u00e1s recibi\u00f3 el sacramento del orden y a continuaci\u00f3n fue consagrado arzobispo. Entregado en cuerpo y alma a su misi\u00f3n, se propuso guardar celosamente los derechos del pueblo y de la Iglesia. De la noche a la ma\u00f1ana dio un cambio radical a su forma de vida, hecho que fue ostensible para quienes le conoc\u00edan. Centrado en la oraci\u00f3n, el ejercicio de la piedad y caridad con los desfavorecidos, templado y moderado al extremo en sus costumbres culinarias, que eran harto frugales, se esforzaba por todas las v\u00edas posibles en seguir el camino de la perfecci\u00f3n. Humildemente pidi\u00f3 que no le ocultaran las flaquezas que advirtieran en \u00e9l: \u201cMuchos ojos ven mejor que dos. Si ven en mi comportamiento algo que no est\u00e1 de acuerdo con mi dignidad de arzobispo, les agradecer\u00e9 de todo coraz\u00f3n si me lo advierten\u201d.<\/p>\n<p>Las disensiones con el rey llegaron pronto. Tom\u00e1s repudiaba cualquier prebenda del monarca sobre sus s\u00fabditos, como propugnaban las \u201cconstituciones\u201d de 1164. Le hab\u00eda apoyado siempre incondicionalmente, pero no pod\u00eda tolerar las presiones que ejerc\u00eda sobre la Iglesia. Su rechazo a las decisiones que tomaba Enrique II oprimiendo al pueblo y haci\u00e9ndole objeto de distintos atropellos, supuso para \u00e9l un destierro de seis a\u00f1os en territorio franc\u00e9s. Primeramente vivi\u00f3 con la comunidad cisterciense de Pontigny, pero la ira del rey que amenazaba la vida de todos si cobijaban a Tom\u00e1s, hizo que en 1166 este se trasladara a la abad\u00eda de San Columba Abbey, en Sens, donde se gozaba de la protecci\u00f3n de Luis VII de Francia. Hasta que el papa Alejandro III medi\u00f3 entre las partes y aunque Tom\u00e1s le rog\u00f3 que lo reemplazase en su misi\u00f3n por otra persona, no logr\u00f3 convencerle, por lo cual regres\u00f3 a Canterbury. Su vuelta estuvo marcada por la convicci\u00f3n de que iba hacia su muerte. Ante la aclamaci\u00f3n de sus seguidores manifest\u00f3: \u201cVuelvo a Inglaterra para morir\u201d. Impugn\u00f3 las decisiones de obispos que acogieron las \u201cconstituciones\u201d poniendo de manifiesto que nada hab\u00eda cambiado en \u00e9l, y actu\u00f3 como mediador de quienes ve\u00edan pisoteados derechos elementales.<\/p>\n<p>Harto y resentido, en un momento dado el rey farfull\u00f3 ante un grupo de personas su deseo de liberarse de aquel \u201ccl\u00e9rigo infernal que le hac\u00eda la vida imposible\u201d. Cuatro componentes de su s\u00e9quito, que le oyeron, tomaron literalmente sus palabras. Buscaron a Tom\u00e1s, le acosaron en el interior de la catedral donde se hallaba, y sin inmutarse ante su valent\u00eda, mientras dec\u00eda: \u201cEn nombre de Jes\u00fas y en defensa de la Iglesia, estoy dispuesto a morir\u201d, lo decapitaron brutalmente el 29 de diciembre de 1170. Alejandro III lo canoniz\u00f3 el 21 de febrero de 1173.<\/p>\n<p><img loading=\"lazy\" decoding=\"async\" class=\"size-full wp-image-147507 alignnone\" src=\"https:\/\/exaudi.org\/wp-content\/uploads\/2025\/12\/Copia-de-Santoral-2.jpg\" alt=\"\" width=\"1080\" height=\"1080\" srcset=\"https:\/\/exaudi.org\/wp-content\/uploads\/2025\/12\/Copia-de-Santoral-2.jpg 1080w, https:\/\/exaudi.org\/wp-content\/uploads\/2025\/12\/Copia-de-Santoral-2-300x300.jpg 300w, https:\/\/exaudi.org\/wp-content\/uploads\/2025\/12\/Copia-de-Santoral-2-1024x1024.jpg 1024w, https:\/\/exaudi.org\/wp-content\/uploads\/2025\/12\/Copia-de-Santoral-2-100x100.jpg?crop=1 100w, https:\/\/exaudi.org\/wp-content\/uploads\/2025\/12\/Copia-de-Santoral-2-770x770.jpg 770w, https:\/\/exaudi.org\/wp-content\/uploads\/2025\/12\/Copia-de-Santoral-2-500x500.jpg 500w\" sizes=\"auto, (max-width: 1080px) 100vw, 1080px\" \/><\/p>\n<h6><em>\u00a9 <a href=\"https:\/\/exaudi.org\/es\/author\/isabelorellana\/\" target=\"_blank\" rel=\"noopener noreferrer\">Isabel Orellana Vilches<\/a>, 2018<\/em><\/h6>\n<h6><em>Autora vinculada a<\/em><\/h6>\n<h6><em><img loading=\"lazy\" decoding=\"async\" class=\"alignright wp-image-2208\" src=\"https:\/\/exaudi.wpengine.com\/wp-content\/uploads\/2021\/11\/santoral-scaled-1-725x1024.jpg\" alt=\"santoral Isabel Orellana\" width=\"262\" height=\"370\" \/><\/em><img loading=\"lazy\" decoding=\"async\" class=\"alignnone size-full wp-image-41949\" src=\"https:\/\/exaudi.wpengine.com\/wp-content\/uploads\/2021\/11\/logo-cedro-v01-843x295-1-e1603384654546.png\" alt=\"\" width=\"80\" height=\"28\" \/><br \/>\nObra protegida por derechos de autor.<br \/>\nInscrita en el Registro de la Propiedad Intelectual el 24 de noviembre de 2014.<br \/>\n________________<br \/>\nDerechos de edici\u00f3n reservados:<br \/>\n<a href=\"https:\/\/rielo.com\/\" target=\"_blank\" rel=\"noopener noreferrer\">Fundaci\u00f3n Fernando Rielo<\/a><br \/>\nGoya 20, 4.\u00ba izq. int. 28001 Madrid<br \/>\nTlf.: (34) 91 575 40 91<br \/>\nCorreo electr\u00f3nico: fundacion@rielo.com<\/h6>\n<div class=\"page\" title=\"Page 4\">\n<div class=\"layoutArea\">\n<div class=\"column\">\n<h6>Dep\u00f3sito legal: M-18664-2020<br \/>\nISBN: 978-84-946646-6-3<\/h6>\n<\/div>\n<\/div>\n<\/div>\n","protected":false},"excerpt":{"rendered":"<p>Noble, pol\u00edtico y religioso cat\u00f3lico ingl\u00e9s, arzobispo de Canterbury<\/p>\n","protected":false},"author":23,"featured_media":43177,"comment_status":"open","ping_status":"open","sticky":false,"template":"","format":"standard","meta":{"_acf_changed":false,"_crdt_document":"","inline_featured_image":false,"footnotes":""},"categories":[74,2772,7471,298],"tags":[388,5046,8031,7472,387,58880,4953],"class_list":["post-43176","post","type-post","status-publish","format-standard","has-post-thumbnail","hentry","category-iglesia-y-mundo","category-santoral","category-santoral-2","category-ultimas-noticias","tag-isabel-orellana-vilches","tag-santo-tomas-becket","tag-santo-tomas-becket-2","tag-santoral-3","tag-santoral","tag-trending-es-151","tag-trending-es"],"acf":[],"yoast_head":"<!-- This site is optimized with the Yoast SEO plugin v27.4 - https:\/\/yoast.com\/product\/yoast-seo-wordpress\/ -->\n<title>Santo Tom\u00e1s Becket, 29 de diciembre &#8211; Exaudi<\/title>\n<meta name=\"description\" content=\"Santo Thomas Becket, conocido tambi\u00e9n como Tom\u00e1s Becket, fue un noble, pol\u00edtico y religioso cat\u00f3lico ingl\u00e9s, arzobispo de Canterbury.\" \/>\n<meta name=\"robots\" content=\"index, follow, max-snippet:-1, max-image-preview:large, max-video-preview:-1\" \/>\n<link rel=\"canonical\" href=\"https:\/\/exaudi.org\/es\/santo-tomas-becket-29-de-diciembre\/\" \/>\n<meta property=\"og:locale\" content=\"es_ES\" \/>\n<meta property=\"og:type\" content=\"article\" \/>\n<meta property=\"og:title\" content=\"Santo Tom\u00e1s Becket, 29 de diciembre &#8211; Exaudi\" \/>\n<meta property=\"og:description\" content=\"Santo Thomas Becket, conocido tambi\u00e9n como Tom\u00e1s Becket, fue un noble, pol\u00edtico y religioso cat\u00f3lico ingl\u00e9s, arzobispo de Canterbury.\" \/>\n<meta property=\"og:url\" content=\"https:\/\/exaudi.org\/es\/santo-tomas-becket-29-de-diciembre\/\" \/>\n<meta property=\"og:site_name\" content=\"Exaudi\" \/>\n<meta property=\"article:publisher\" content=\"https:\/\/www.facebook.com\/ExaudiNews\" \/>\n<meta property=\"article:published_time\" content=\"2025-12-29T06:30:50+00:00\" \/>\n<meta property=\"og:image\" content=\"https:\/\/exaudi.org\/wp-content\/uploads\/2021\/11\/santo_tomas_becket_1734428432-850x475-1.jpeg\" \/>\n\t<meta property=\"og:image:width\" content=\"850\" \/>\n\t<meta property=\"og:image:height\" content=\"475\" \/>\n\t<meta property=\"og:image:type\" content=\"image\/jpeg\" \/>\n<meta name=\"author\" content=\"Isabel Orellana\" \/>\n<meta name=\"twitter:card\" content=\"summary_large_image\" \/>\n<meta name=\"twitter:creator\" content=\"@Exaudi_News\" \/>\n<meta name=\"twitter:site\" content=\"@Exaudi_News\" \/>\n<meta name=\"twitter:label1\" content=\"Escrito por\" \/>\n\t<meta name=\"twitter:data1\" content=\"Isabel Orellana\" \/>\n\t<meta name=\"twitter:label2\" content=\"Tiempo de lectura\" \/>\n\t<meta name=\"twitter:data2\" content=\"5 minutos\" \/>\n<script type=\"application\/ld+json\" class=\"yoast-schema-graph\">{\"@context\":\"https:\\\/\\\/schema.org\",\"@graph\":[{\"@type\":\"Article\",\"@id\":\"https:\\\/\\\/exaudi.org\\\/es\\\/santo-tomas-becket-29-de-diciembre\\\/#article\",\"isPartOf\":{\"@id\":\"https:\\\/\\\/exaudi.org\\\/es\\\/santo-tomas-becket-29-de-diciembre\\\/\"},\"author\":{\"name\":\"Isabel Orellana\",\"@id\":\"https:\\\/\\\/exaudi.org\\\/#\\\/schema\\\/person\\\/64e18b96fd6118559a9217b5b3375fdc\"},\"headline\":\"Santo Tom\u00e1s Becket, 29 de diciembre\",\"datePublished\":\"2025-12-29T06:30:50+00:00\",\"mainEntityOfPage\":{\"@id\":\"https:\\\/\\\/exaudi.org\\\/es\\\/santo-tomas-becket-29-de-diciembre\\\/\"},\"wordCount\":1041,\"commentCount\":0,\"image\":{\"@id\":\"https:\\\/\\\/exaudi.org\\\/es\\\/santo-tomas-becket-29-de-diciembre\\\/#primaryimage\"},\"thumbnailUrl\":\"https:\\\/\\\/exaudi.org\\\/wp-content\\\/uploads\\\/2021\\\/11\\\/santo_tomas_becket_1734428432-850x475-1.jpeg\",\"keywords\":[\"Isabel Orellana Vilches\",\"Santo Tom\u00e1s Becket\",\"santo-tomas-becket\",\"santoral\",\"Santoral\",\"Trending\",\"Trending\"],\"articleSection\":[\"Iglesia y Mundo\",\"Santoral\",\"santoral\",\"\u00daltimas noticias\"],\"inLanguage\":\"es\",\"potentialAction\":[{\"@type\":\"CommentAction\",\"name\":\"Comment\",\"target\":[\"https:\\\/\\\/exaudi.org\\\/es\\\/santo-tomas-becket-29-de-diciembre\\\/#respond\"]}]},{\"@type\":\"WebPage\",\"@id\":\"https:\\\/\\\/exaudi.org\\\/es\\\/santo-tomas-becket-29-de-diciembre\\\/\",\"url\":\"https:\\\/\\\/exaudi.org\\\/es\\\/santo-tomas-becket-29-de-diciembre\\\/\",\"name\":\"Santo Tom\u00e1s Becket, 29 de diciembre &#8211; Exaudi\",\"isPartOf\":{\"@id\":\"https:\\\/\\\/exaudi.org\\\/#website\"},\"primaryImageOfPage\":{\"@id\":\"https:\\\/\\\/exaudi.org\\\/es\\\/santo-tomas-becket-29-de-diciembre\\\/#primaryimage\"},\"image\":{\"@id\":\"https:\\\/\\\/exaudi.org\\\/es\\\/santo-tomas-becket-29-de-diciembre\\\/#primaryimage\"},\"thumbnailUrl\":\"https:\\\/\\\/exaudi.org\\\/wp-content\\\/uploads\\\/2021\\\/11\\\/santo_tomas_becket_1734428432-850x475-1.jpeg\",\"datePublished\":\"2025-12-29T06:30:50+00:00\",\"author\":{\"@id\":\"https:\\\/\\\/exaudi.org\\\/#\\\/schema\\\/person\\\/64e18b96fd6118559a9217b5b3375fdc\"},\"description\":\"Santo Thomas Becket, conocido tambi\u00e9n como Tom\u00e1s Becket, fue un noble, pol\u00edtico y religioso cat\u00f3lico ingl\u00e9s, arzobispo de Canterbury.\",\"breadcrumb\":{\"@id\":\"https:\\\/\\\/exaudi.org\\\/es\\\/santo-tomas-becket-29-de-diciembre\\\/#breadcrumb\"},\"inLanguage\":\"es\",\"potentialAction\":[{\"@type\":\"ReadAction\",\"target\":[\"https:\\\/\\\/exaudi.org\\\/es\\\/santo-tomas-becket-29-de-diciembre\\\/\"]}]},{\"@type\":\"ImageObject\",\"inLanguage\":\"es\",\"@id\":\"https:\\\/\\\/exaudi.org\\\/es\\\/santo-tomas-becket-29-de-diciembre\\\/#primaryimage\",\"url\":\"https:\\\/\\\/exaudi.org\\\/wp-content\\\/uploads\\\/2021\\\/11\\\/santo_tomas_becket_1734428432-850x475-1.jpeg\",\"contentUrl\":\"https:\\\/\\\/exaudi.org\\\/wp-content\\\/uploads\\\/2021\\\/11\\\/santo_tomas_becket_1734428432-850x475-1.jpeg\",\"width\":850,\"height\":475,\"caption\":\"Santo Tom\u00e1s Becket \u00a9 Facultad de Estudios Teol\u00f3gicos y Filosof\u00eda\"},{\"@type\":\"BreadcrumbList\",\"@id\":\"https:\\\/\\\/exaudi.org\\\/es\\\/santo-tomas-becket-29-de-diciembre\\\/#breadcrumb\",\"itemListElement\":[{\"@type\":\"ListItem\",\"position\":1,\"name\":\"Portada\",\"item\":\"https:\\\/\\\/exaudi.org\\\/es\\\/\"},{\"@type\":\"ListItem\",\"position\":2,\"name\":\"Santo Tom\u00e1s Becket, 29 de diciembre\"}]},{\"@type\":\"WebSite\",\"@id\":\"https:\\\/\\\/exaudi.org\\\/#website\",\"url\":\"https:\\\/\\\/exaudi.org\\\/\",\"name\":\"Exaudi\",\"description\":\"News\",\"potentialAction\":[{\"@type\":\"SearchAction\",\"target\":{\"@type\":\"EntryPoint\",\"urlTemplate\":\"https:\\\/\\\/exaudi.org\\\/?s={search_term_string}\"},\"query-input\":{\"@type\":\"PropertyValueSpecification\",\"valueRequired\":true,\"valueName\":\"search_term_string\"}}],\"inLanguage\":\"es\"},{\"@type\":\"Person\",\"@id\":\"https:\\\/\\\/exaudi.org\\\/#\\\/schema\\\/person\\\/64e18b96fd6118559a9217b5b3375fdc\",\"name\":\"Isabel Orellana\",\"image\":{\"@type\":\"ImageObject\",\"inLanguage\":\"es\",\"@id\":\"https:\\\/\\\/secure.gravatar.com\\\/avatar\\\/51968380bbb6b22ae85c605634860366fd9a2a611c6341125115bca32cd6c171?s=96&d=mm&r=g\",\"url\":\"https:\\\/\\\/secure.gravatar.com\\\/avatar\\\/51968380bbb6b22ae85c605634860366fd9a2a611c6341125115bca32cd6c171?s=96&d=mm&r=g\",\"contentUrl\":\"https:\\\/\\\/secure.gravatar.com\\\/avatar\\\/51968380bbb6b22ae85c605634860366fd9a2a611c6341125115bca32cd6c171?s=96&d=mm&r=g\",\"caption\":\"Isabel Orellana\"},\"description\":\"Isabel Orellana Vilches Misionera idente. Doctora en Filosof\u00eda por la Universidad Aut\u00f3noma de Barcelona con la tesis Realismo y progreso cient\u00edfico en la epistemolog\u00eda popperiana. Ha cursado estudios de teolog\u00eda en la Universidad Pontificia de Salamanca. Con amplia actividad docente desde 1986, ha publicado libros como: Realismo y progreso cient\u00edfico en la epistemolog\u00eda popperiana, Universitat Aut\u00f2noma de Barcelona, 1993; El evangelio habla a los j\u00f3venes, Atenas, Madrid, 1997; Qu\u00e9 es... LA TOLERANCIA, Paulinas, Madrid, 1999; Pedagog\u00eda del dolor. Ensayo antropol\u00f3gico, Palabra, Madrid, 1999; En colaboraci\u00f3n con Enrique Rivera de Ventosa (\u2020) OFM. Cap. San Francisco de As\u00eds y Fernando Rielo: Convergencias. Respuestas desde la fe a los interrogantes del hombre de hoy, Universidad Pontificia, Salamanca, 2001; La \\\"mirada\\\" del cine. Recursos did\u00e1cticos del s\u00e9ptimo arte. Librer\u00eda Cervantes, Salamanca, 2001; Paradojas de la convivencia, San Pablo, Madrid, 2002; En la Universidad T\u00e9cnica Particular de Loja, Ecuador, ha publicado: La confianza. El arte de amar, 2002; Educar para la responsabilidad, 2003; Apuntes de \u00e9tica en Karl R. Popper, 2003; De soledades y comunicaci\u00f3n, 2005; Yo educo; t\u00fa respondes, 2008; Humanismo y fe en un crisol de culturas, 2008; Repensar lo cotidiano, 2008; Convivir: un constante desaf\u00edo, 2009; La l\u00f3gica del amor, 2010; El dolor del amor. Apuntes sobre la enfermedad y el dolor en relaci\u00f3n con la virtud heroica, el martirio y la vida santa. Seminario Diocesano de M\u00e1laga, 2006 y Universidad T\u00e9cnica Particular de Loja, Ecuador (2007). Cuenta con numerosas colaboraciones en obras colectivas, as\u00ed como relatos, cuentos, f\u00e1bula y novela juvenil, adem\u00e1s de art\u00edculos de tem\u00e1tica cient\u00edfica, pedag\u00f3gica y espiritual, que viene publicando en distintas revistas nacionales e internacionales. En 2012 culmin\u00f3 el santoral Llamados a ser santos y poco m\u00e1s tarde Epopeyas de amor prologado por mons. Fernando Sebasti\u00e1n. Es la bi\u00f3grafa oficial del fundador de su familia espiritual, autora de Fernando Rielo Pardal. Fundador de los Misioneros Identes, Descl\u00e9e de Brouwer, Bilbao, 2009. Culmina la biograf\u00eda completa. Encargada del santoral de ZENIT desde 2012 a 2020 y ahora en Exaudi\",\"url\":\"https:\\\/\\\/exaudi.org\\\/es\\\/author\\\/isabelorellana\\\/\"}]}<\/script>\n<!-- \/ Yoast SEO plugin. -->","yoast_head_json":{"title":"Santo Tom\u00e1s Becket, 29 de diciembre &#8211; Exaudi","description":"Santo Thomas Becket, conocido tambi\u00e9n como Tom\u00e1s Becket, fue un noble, pol\u00edtico y religioso cat\u00f3lico ingl\u00e9s, arzobispo de Canterbury.","robots":{"index":"index","follow":"follow","max-snippet":"max-snippet:-1","max-image-preview":"max-image-preview:large","max-video-preview":"max-video-preview:-1"},"canonical":"https:\/\/exaudi.org\/es\/santo-tomas-becket-29-de-diciembre\/","og_locale":"es_ES","og_type":"article","og_title":"Santo Tom\u00e1s Becket, 29 de diciembre &#8211; Exaudi","og_description":"Santo Thomas Becket, conocido tambi\u00e9n como Tom\u00e1s Becket, fue un noble, pol\u00edtico y religioso cat\u00f3lico ingl\u00e9s, arzobispo de Canterbury.","og_url":"https:\/\/exaudi.org\/es\/santo-tomas-becket-29-de-diciembre\/","og_site_name":"Exaudi","article_publisher":"https:\/\/www.facebook.com\/ExaudiNews","article_published_time":"2025-12-29T06:30:50+00:00","og_image":[{"width":850,"height":475,"url":"https:\/\/exaudi.org\/wp-content\/uploads\/2021\/11\/santo_tomas_becket_1734428432-850x475-1.jpeg","type":"image\/jpeg"}],"author":"Isabel Orellana","twitter_card":"summary_large_image","twitter_creator":"@Exaudi_News","twitter_site":"@Exaudi_News","twitter_misc":{"Escrito por":"Isabel Orellana","Tiempo de lectura":"5 minutos"},"schema":{"@context":"https:\/\/schema.org","@graph":[{"@type":"Article","@id":"https:\/\/exaudi.org\/es\/santo-tomas-becket-29-de-diciembre\/#article","isPartOf":{"@id":"https:\/\/exaudi.org\/es\/santo-tomas-becket-29-de-diciembre\/"},"author":{"name":"Isabel Orellana","@id":"https:\/\/exaudi.org\/#\/schema\/person\/64e18b96fd6118559a9217b5b3375fdc"},"headline":"Santo Tom\u00e1s Becket, 29 de diciembre","datePublished":"2025-12-29T06:30:50+00:00","mainEntityOfPage":{"@id":"https:\/\/exaudi.org\/es\/santo-tomas-becket-29-de-diciembre\/"},"wordCount":1041,"commentCount":0,"image":{"@id":"https:\/\/exaudi.org\/es\/santo-tomas-becket-29-de-diciembre\/#primaryimage"},"thumbnailUrl":"https:\/\/exaudi.org\/wp-content\/uploads\/2021\/11\/santo_tomas_becket_1734428432-850x475-1.jpeg","keywords":["Isabel Orellana Vilches","Santo Tom\u00e1s Becket","santo-tomas-becket","santoral","Santoral","Trending","Trending"],"articleSection":["Iglesia y Mundo","Santoral","santoral","\u00daltimas noticias"],"inLanguage":"es","potentialAction":[{"@type":"CommentAction","name":"Comment","target":["https:\/\/exaudi.org\/es\/santo-tomas-becket-29-de-diciembre\/#respond"]}]},{"@type":"WebPage","@id":"https:\/\/exaudi.org\/es\/santo-tomas-becket-29-de-diciembre\/","url":"https:\/\/exaudi.org\/es\/santo-tomas-becket-29-de-diciembre\/","name":"Santo Tom\u00e1s Becket, 29 de diciembre &#8211; Exaudi","isPartOf":{"@id":"https:\/\/exaudi.org\/#website"},"primaryImageOfPage":{"@id":"https:\/\/exaudi.org\/es\/santo-tomas-becket-29-de-diciembre\/#primaryimage"},"image":{"@id":"https:\/\/exaudi.org\/es\/santo-tomas-becket-29-de-diciembre\/#primaryimage"},"thumbnailUrl":"https:\/\/exaudi.org\/wp-content\/uploads\/2021\/11\/santo_tomas_becket_1734428432-850x475-1.jpeg","datePublished":"2025-12-29T06:30:50+00:00","author":{"@id":"https:\/\/exaudi.org\/#\/schema\/person\/64e18b96fd6118559a9217b5b3375fdc"},"description":"Santo Thomas Becket, conocido tambi\u00e9n como Tom\u00e1s Becket, fue un noble, pol\u00edtico y religioso cat\u00f3lico ingl\u00e9s, arzobispo de Canterbury.","breadcrumb":{"@id":"https:\/\/exaudi.org\/es\/santo-tomas-becket-29-de-diciembre\/#breadcrumb"},"inLanguage":"es","potentialAction":[{"@type":"ReadAction","target":["https:\/\/exaudi.org\/es\/santo-tomas-becket-29-de-diciembre\/"]}]},{"@type":"ImageObject","inLanguage":"es","@id":"https:\/\/exaudi.org\/es\/santo-tomas-becket-29-de-diciembre\/#primaryimage","url":"https:\/\/exaudi.org\/wp-content\/uploads\/2021\/11\/santo_tomas_becket_1734428432-850x475-1.jpeg","contentUrl":"https:\/\/exaudi.org\/wp-content\/uploads\/2021\/11\/santo_tomas_becket_1734428432-850x475-1.jpeg","width":850,"height":475,"caption":"Santo Tom\u00e1s Becket \u00a9 Facultad de Estudios Teol\u00f3gicos y Filosof\u00eda"},{"@type":"BreadcrumbList","@id":"https:\/\/exaudi.org\/es\/santo-tomas-becket-29-de-diciembre\/#breadcrumb","itemListElement":[{"@type":"ListItem","position":1,"name":"Portada","item":"https:\/\/exaudi.org\/es\/"},{"@type":"ListItem","position":2,"name":"Santo Tom\u00e1s Becket, 29 de diciembre"}]},{"@type":"WebSite","@id":"https:\/\/exaudi.org\/#website","url":"https:\/\/exaudi.org\/","name":"Exaudi","description":"News","potentialAction":[{"@type":"SearchAction","target":{"@type":"EntryPoint","urlTemplate":"https:\/\/exaudi.org\/?s={search_term_string}"},"query-input":{"@type":"PropertyValueSpecification","valueRequired":true,"valueName":"search_term_string"}}],"inLanguage":"es"},{"@type":"Person","@id":"https:\/\/exaudi.org\/#\/schema\/person\/64e18b96fd6118559a9217b5b3375fdc","name":"Isabel Orellana","image":{"@type":"ImageObject","inLanguage":"es","@id":"https:\/\/secure.gravatar.com\/avatar\/51968380bbb6b22ae85c605634860366fd9a2a611c6341125115bca32cd6c171?s=96&d=mm&r=g","url":"https:\/\/secure.gravatar.com\/avatar\/51968380bbb6b22ae85c605634860366fd9a2a611c6341125115bca32cd6c171?s=96&d=mm&r=g","contentUrl":"https:\/\/secure.gravatar.com\/avatar\/51968380bbb6b22ae85c605634860366fd9a2a611c6341125115bca32cd6c171?s=96&d=mm&r=g","caption":"Isabel Orellana"},"description":"Isabel Orellana Vilches Misionera idente. Doctora en Filosof\u00eda por la Universidad Aut\u00f3noma de Barcelona con la tesis Realismo y progreso cient\u00edfico en la epistemolog\u00eda popperiana. Ha cursado estudios de teolog\u00eda en la Universidad Pontificia de Salamanca. Con amplia actividad docente desde 1986, ha publicado libros como: Realismo y progreso cient\u00edfico en la epistemolog\u00eda popperiana, Universitat Aut\u00f2noma de Barcelona, 1993; El evangelio habla a los j\u00f3venes, Atenas, Madrid, 1997; Qu\u00e9 es... LA TOLERANCIA, Paulinas, Madrid, 1999; Pedagog\u00eda del dolor. Ensayo antropol\u00f3gico, Palabra, Madrid, 1999; En colaboraci\u00f3n con Enrique Rivera de Ventosa (\u2020) OFM. Cap. San Francisco de As\u00eds y Fernando Rielo: Convergencias. Respuestas desde la fe a los interrogantes del hombre de hoy, Universidad Pontificia, Salamanca, 2001; La \"mirada\" del cine. Recursos did\u00e1cticos del s\u00e9ptimo arte. Librer\u00eda Cervantes, Salamanca, 2001; Paradojas de la convivencia, San Pablo, Madrid, 2002; En la Universidad T\u00e9cnica Particular de Loja, Ecuador, ha publicado: La confianza. El arte de amar, 2002; Educar para la responsabilidad, 2003; Apuntes de \u00e9tica en Karl R. Popper, 2003; De soledades y comunicaci\u00f3n, 2005; Yo educo; t\u00fa respondes, 2008; Humanismo y fe en un crisol de culturas, 2008; Repensar lo cotidiano, 2008; Convivir: un constante desaf\u00edo, 2009; La l\u00f3gica del amor, 2010; El dolor del amor. Apuntes sobre la enfermedad y el dolor en relaci\u00f3n con la virtud heroica, el martirio y la vida santa. Seminario Diocesano de M\u00e1laga, 2006 y Universidad T\u00e9cnica Particular de Loja, Ecuador (2007). Cuenta con numerosas colaboraciones en obras colectivas, as\u00ed como relatos, cuentos, f\u00e1bula y novela juvenil, adem\u00e1s de art\u00edculos de tem\u00e1tica cient\u00edfica, pedag\u00f3gica y espiritual, que viene publicando en distintas revistas nacionales e internacionales. En 2012 culmin\u00f3 el santoral Llamados a ser santos y poco m\u00e1s tarde Epopeyas de amor prologado por mons. Fernando Sebasti\u00e1n. Es la bi\u00f3grafa oficial del fundador de su familia espiritual, autora de Fernando Rielo Pardal. Fundador de los Misioneros Identes, Descl\u00e9e de Brouwer, Bilbao, 2009. Culmina la biograf\u00eda completa. Encargada del santoral de ZENIT desde 2012 a 2020 y ahora en Exaudi","url":"https:\/\/exaudi.org\/es\/author\/isabelorellana\/"}]}},"jetpack_featured_media_url":"https:\/\/exaudi.org\/wp-content\/uploads\/2021\/11\/santo_tomas_becket_1734428432-850x475-1.jpeg","jetpack_shortlink":"https:\/\/wp.me\/pgKjF2-beo","_links":{"self":[{"href":"https:\/\/exaudi.org\/es\/wp-json\/wp\/v2\/posts\/43176","targetHints":{"allow":["GET"]}}],"collection":[{"href":"https:\/\/exaudi.org\/es\/wp-json\/wp\/v2\/posts"}],"about":[{"href":"https:\/\/exaudi.org\/es\/wp-json\/wp\/v2\/types\/post"}],"author":[{"embeddable":true,"href":"https:\/\/exaudi.org\/es\/wp-json\/wp\/v2\/users\/23"}],"replies":[{"embeddable":true,"href":"https:\/\/exaudi.org\/es\/wp-json\/wp\/v2\/comments?post=43176"}],"version-history":[{"count":4,"href":"https:\/\/exaudi.org\/es\/wp-json\/wp\/v2\/posts\/43176\/revisions"}],"predecessor-version":[{"id":151966,"href":"https:\/\/exaudi.org\/es\/wp-json\/wp\/v2\/posts\/43176\/revisions\/151966"}],"wp:featuredmedia":[{"embeddable":true,"href":"https:\/\/exaudi.org\/es\/wp-json\/wp\/v2\/media\/43177"}],"wp:attachment":[{"href":"https:\/\/exaudi.org\/es\/wp-json\/wp\/v2\/media?parent=43176"}],"wp:term":[{"taxonomy":"category","embeddable":true,"href":"https:\/\/exaudi.org\/es\/wp-json\/wp\/v2\/categories?post=43176"},{"taxonomy":"post_tag","embeddable":true,"href":"https:\/\/exaudi.org\/es\/wp-json\/wp\/v2\/tags?post=43176"}],"curies":[{"name":"wp","href":"https:\/\/api.w.org\/{rel}","templated":true}]}}