{"id":43171,"date":"2025-12-28T07:30:51","date_gmt":"2025-12-28T06:30:51","guid":{"rendered":"https:\/\/exaudi.wpengine.com\/?p=43171"},"modified":"2025-12-27T22:43:58","modified_gmt":"2025-12-27T21:43:58","slug":"santa-catalina-caterina-volpicelli-28-de-diciembre","status":"publish","type":"post","link":"https:\/\/exaudi.org\/es\/santa-catalina-caterina-volpicelli-28-de-diciembre\/","title":{"rendered":"Santa Catalina (Caterina) Volpicelli, 28 de diciembre"},"content":{"rendered":"<p>Hoy festividad de los Santos Inocentes, la Iglesia celebra tambi\u00e9n la vida de santa Catalina. \u201cSer de Cristo, para llevar a Cristo\u201d, fueron las palabras pronunciadas por Benedicto XVI en el transcurso de la homil\u00eda el d\u00eda que fue canonizada por \u00e9l, sintetizando lo esencial de la vida de esta santa fundadora de las Esclavas del Sagrado Coraz\u00f3n.<\/p>\n<p><iframe title=\"Spotify Embed: Santa Catalina (Caterina) Volpicelli, 28 de diciembre\" style=\"border-radius: 12px\" width=\"100%\" height=\"152\" frameborder=\"0\" allowfullscreen allow=\"autoplay; clipboard-write; encrypted-media; fullscreen; picture-in-picture\" loading=\"lazy\" src=\"https:\/\/open.spotify.com\/embed\/episode\/5k4nA3ojZuT3aIO2faR0Ye?si=8UXE1kd6Q4CpBehr8x2tvA&amp;utm_source=oembed\"><\/iframe><\/p>\n<p>Naci\u00f3 en N\u00e1poles, Italia, el 21 de enero de 1839 en el seno de una familia aristocr\u00e1tica. Hasta su adolescencia nada hac\u00eda presagiar que su destino fuera ser fundadora y que alcanzar\u00eda la santidad. Hab\u00eda recibido una educaci\u00f3n esmerada en consonancia con su posici\u00f3n social, y no ocult\u00f3 su dilecci\u00f3n por las fugaces seducciones de una vida acomodada que la envolv\u00eda en ciertos oropeles. En el Colegio Real de San Marcelino hab\u00eda tenido el privilegio de ser formada por la que ser\u00eda cofundadora de las Hermanas Franciscanas Elisabettiane Bigie, Margarita Salatino. Dominaba varios idiomas y se ejercit\u00f3 en la m\u00fasica, completando el estudio de las letras. Las vanidades y anhelos de poseer un brillo m\u00e1s fulgurante que el de su hermana desaparecieron s\u00fabitamente al recibir respuesta a su frecuente pregunta: \u201cSe\u00f1or, \u00bfqu\u00e9 quieres que haga?\u201d, que formulaba ante el Ecce Homo instalado en su casa. La urgencia divina se manifestaba sobre ella protegi\u00e9ndola y rescat\u00e1ndola de lo ef\u00edmero, al tiempo que la predispon\u00eda a emprender un nuevo camino.<\/p>\n<p>Ten\u00eda 15 a\u00f1os cuando conoci\u00f3 a san Ludovico de Casoria, y \u00e9l le sugiri\u00f3 que acudiera a la Orden Franciscana Seglar, infundi\u00e9ndole singular amor al Sagrado Coraz\u00f3n de Jes\u00fas, una devoci\u00f3n que mantuvo viva hasta que exhal\u00f3 el \u00faltimo suspiro. El beato le dec\u00eda. \u201cCaterina, el mundo te atrae, pero Dios vence [\u2026]. Llegar\u00e1 un d\u00eda en el que cerrar\u00e1s todos los libros y Jes\u00fas te abrir\u00e1 su coraz\u00f3n donde la primera p\u00e1gina, la segunda y las dem\u00e1s no dir\u00e1n otra cosa que Amor\u2026 Amor\u2026 Amor\u201d. Estaba convencido de que la joven pod\u00eda hacer inmenso bien. Adem\u00e1s, su privilegiado estatus social le permitir\u00eda convertirse en \u201cpescadora de almas\u201d. Y no err\u00f3 en su juicio. Oraci\u00f3n, mortificaci\u00f3n, lectura del evangelio y obras de m\u00edsticos, fueron el alimento de la santa.<\/p>\n<p>En 1859 por influjo de su confesor, padre Leonardo Matera, ingres\u00f3 en las Adoradoras perpetuas de Jes\u00fas Sacramentado. Pero no era su destino permanecer junto a ellas. Graves problemas de salud se interpusieron en el camino, y tuvo que dejar esta v\u00eda. El vaticinio del padre Ludovico que le hab\u00eda dicho: \u201cEl Coraz\u00f3n de Jes\u00fas, oh, Catalina, \u00a1esta es tu obra!\u201d, se abr\u00eda paso en su acontecer. Su confesor puso en sus manos la hoja \u201cLe Messager du Coeur de Jes\u00fas\u201d editada por el Apostolado de la Oraci\u00f3n, y Catalina no se lo pens\u00f3 dos veces. Dirigi\u00f3 una carta al padre Enrique Rami\u00e8re, m\u00e1ximo responsable de este movimiento en Francia, y este le entreg\u00f3 el diploma de celadora al tiempo que le proporcionaba la informaci\u00f3n que solicit\u00f3.<\/p>\n<p>La espiritualidad subyacente al apostolado fue el germen de la fundaci\u00f3n que la santa impuls\u00f3 en N\u00e1poles. En el est\u00edo de 1867 el padre Rami\u00e8re visit\u00f3 la que ser\u00eda sede de las actividades apost\u00f3licas, Largo Petrone en La Salud. El objetivo de la obra que estaba a punto de fundar ser\u00eda adorar a Cristo Sacramentado con el anhelo de transmitir la noticia de su inmenso amor a todos, con especial dilecci\u00f3n por los que sufren. El cardenal de N\u00e1poles, siervo de Dios Sforza, que vio en el movimiento una novedad dentro de una \u00e9poca de intensa convulsi\u00f3n social, pol\u00edtica y eclesial, aprob\u00f3 el naciente Instituto de Esclavas del Sagrado Coraz\u00f3n que Catalina hab\u00eda puesto en marcha junto a doce mujeres en 1874.<\/p>\n<p>Los primeros momentos fueron dif\u00edciles. Hubo incomprensiones por parte de miembros de la Iglesia, y la fundaci\u00f3n fue vista con recelos por la masoner\u00eda que pensaba que las religiosas atentaban contra sus intereses. Ignoraban que el \u00fanico af\u00e1n de Catalina y de sus hermanas era llevar el amor del Coraz\u00f3n de Cristo por doquier. Incansable ap\u00f3stol, rebosante de caridad hacia su pr\u00f3jimo, cre\u00f3 la Asociaci\u00f3n de las Hijas de Mar\u00eda, un asilo para hu\u00e9rfanas, y una biblioteca de car\u00e1cter circulante, veh\u00edculo que facilitar\u00eda a cualquier interesado su acceso a la cultura. En 1884 durante la epidemia de c\u00f3lera se volc\u00f3 en los damnificados. Ese a\u00f1o fue consagrado el santuario dedicado al Sagrado Coraz\u00f3n de Jes\u00fas mandado erigir por Catalina para la adoraci\u00f3n reparadora solicitada por el Papa; un instrumento apost\u00f3lico para difusi\u00f3n del evangelio y de ayuda a la Iglesia.<\/p>\n<p>Catalina abri\u00f3 nuevas casas, alent\u00f3 y particip\u00f3 en el primer Congreso Eucar\u00edstico Nacional realizado en N\u00e1poles en 1891, que culmin\u00f3 con la confesi\u00f3n y comuni\u00f3n de los participantes. Por influjo de esta santa se produjeron grandes conversiones. Entre otras, la del beato Bartolom\u00e9 Longo que hab\u00eda sido af\u00edn al espiritismo y a la superstici\u00f3n. Catalina muri\u00f3 en N\u00e1poles el 28 de diciembre de 1894, ofreciendo sus sufrimientos por la Iglesia y por el Papa. Juan Pablo II la beatific\u00f3 el 29 de abril de 2001. Y Benedicto XVI la canoniz\u00f3 el 26 de abril de 2009.<\/p>\n<p><img loading=\"lazy\" decoding=\"async\" class=\"size-full wp-image-147501 alignnone\" src=\"https:\/\/exaudi.org\/wp-content\/uploads\/2025\/12\/Copia-de-Santoral-1.jpg\" alt=\"\" width=\"1080\" height=\"1080\" srcset=\"https:\/\/exaudi.org\/wp-content\/uploads\/2025\/12\/Copia-de-Santoral-1.jpg 1080w, https:\/\/exaudi.org\/wp-content\/uploads\/2025\/12\/Copia-de-Santoral-1-300x300.jpg 300w, https:\/\/exaudi.org\/wp-content\/uploads\/2025\/12\/Copia-de-Santoral-1-1024x1024.jpg 1024w, https:\/\/exaudi.org\/wp-content\/uploads\/2025\/12\/Copia-de-Santoral-1-100x100.jpg?crop=1 100w, https:\/\/exaudi.org\/wp-content\/uploads\/2025\/12\/Copia-de-Santoral-1-770x770.jpg 770w, https:\/\/exaudi.org\/wp-content\/uploads\/2025\/12\/Copia-de-Santoral-1-500x500.jpg 500w\" sizes=\"auto, (max-width: 1080px) 100vw, 1080px\" \/><\/p>\n<h6><em>\u00a9 <a href=\"https:\/\/exaudi.org\/es\/author\/isabelorellana\/\" target=\"_blank\" rel=\"noopener noreferrer\">Isabel Orellana Vilches<\/a>, 2018<\/em><\/h6>\n<h6><em>Autora vinculada a<\/em><\/h6>\n<h6><em><img loading=\"lazy\" decoding=\"async\" class=\"alignright wp-image-2208\" src=\"https:\/\/exaudi.wpengine.com\/wp-content\/uploads\/2021\/11\/santoral-scaled-1-725x1024.jpg\" alt=\"santoral Isabel Orellana\" width=\"262\" height=\"370\" \/><\/em><img loading=\"lazy\" decoding=\"async\" class=\"alignnone size-full wp-image-41949\" src=\"https:\/\/exaudi.wpengine.com\/wp-content\/uploads\/2021\/11\/logo-cedro-v01-843x295-1-e1603384654546.png\" alt=\"\" width=\"80\" height=\"28\" \/><br \/>\nObra protegida por derechos de autor.<br \/>\nInscrita en el Registro de la Propiedad Intelectual el 24 de noviembre de 2014.<br \/>\n________________<br \/>\nDerechos de edici\u00f3n reservados:<br \/>\n<a href=\"https:\/\/rielo.com\/\" target=\"_blank\" rel=\"noopener noreferrer\">Fundaci\u00f3n Fernando Rielo<\/a><br \/>\nGoya 20, 4.\u00ba izq. int. 28001 Madrid<br \/>\nTlf.: (34) 91 575 40 91<br \/>\nCorreo electr\u00f3nico: fundacion@rielo.com<\/h6>\n<div class=\"page\" title=\"Page 4\">\n<div class=\"layoutArea\">\n<div class=\"column\">\n<h6>Dep\u00f3sito legal: M-18664-2020<br \/>\nISBN: 978-84-946646-6-3<\/h6>\n<\/div>\n<\/div>\n<\/div>\n","protected":false},"excerpt":{"rendered":"<p>Fundadora de la Congregaci\u00f3n de Esclavas del Sagrado Coraz\u00f3n<\/p>\n","protected":false},"author":23,"featured_media":43172,"comment_status":"open","ping_status":"open","sticky":false,"template":"","format":"standard","meta":{"_acf_changed":false,"_crdt_document":"","inline_featured_image":false,"footnotes":""},"categories":[74,2772],"tags":[388,5045,387,58880],"class_list":["post-43171","post","type-post","status-publish","format-standard","has-post-thumbnail","hentry","category-iglesia-y-mundo","category-santoral","tag-isabel-orellana-vilches","tag-santa-catalina-caterina-volpicelli","tag-santoral","tag-trending-es-151"],"acf":[],"yoast_head":"<!-- This site is optimized with the Yoast SEO plugin v27.4 - https:\/\/yoast.com\/product\/yoast-seo-wordpress\/ -->\n<title>Santa Catalina (Caterina) Volpicelli, 28 de diciembre &#8211; Exaudi<\/title>\n<meta name=\"description\" content=\"Santa Catalina (Caterina) Volpicelli fue una religiosa cat\u00f3lica italiana, fundadora de la Congregaci\u00f3n de Esclavas del Sagrado Coraz\u00f3n.\" \/>\n<meta name=\"robots\" content=\"index, follow, max-snippet:-1, max-image-preview:large, max-video-preview:-1\" \/>\n<link rel=\"canonical\" href=\"https:\/\/exaudi.org\/es\/santa-catalina-caterina-volpicelli-28-de-diciembre\/\" \/>\n<meta property=\"og:locale\" content=\"es_ES\" \/>\n<meta property=\"og:type\" content=\"article\" \/>\n<meta property=\"og:title\" content=\"Santa Catalina (Caterina) Volpicelli, 28 de diciembre &#8211; Exaudi\" \/>\n<meta property=\"og:description\" content=\"Santa Catalina (Caterina) Volpicelli fue una religiosa cat\u00f3lica italiana, fundadora de la Congregaci\u00f3n de Esclavas del Sagrado Coraz\u00f3n.\" \/>\n<meta property=\"og:url\" content=\"https:\/\/exaudi.org\/es\/santa-catalina-caterina-volpicelli-28-de-diciembre\/\" \/>\n<meta property=\"og:site_name\" content=\"Exaudi\" \/>\n<meta property=\"article:publisher\" content=\"https:\/\/www.facebook.com\/ExaudiNews\" \/>\n<meta property=\"article:published_time\" content=\"2025-12-28T06:30:51+00:00\" \/>\n<meta property=\"og:image\" content=\"https:\/\/exaudi.org\/wp-content\/uploads\/2021\/11\/Disen\u0303o-sin-ti\u0301tulo-1-30.jpg\" \/>\n\t<meta property=\"og:image:width\" content=\"771\" \/>\n\t<meta property=\"og:image:height\" content=\"585\" \/>\n\t<meta property=\"og:image:type\" content=\"image\/jpeg\" \/>\n<meta name=\"author\" content=\"Isabel Orellana\" \/>\n<meta name=\"twitter:card\" content=\"summary_large_image\" \/>\n<meta name=\"twitter:creator\" content=\"@Exaudi_News\" \/>\n<meta name=\"twitter:site\" content=\"@Exaudi_News\" \/>\n<meta name=\"twitter:label1\" content=\"Escrito por\" \/>\n\t<meta name=\"twitter:data1\" content=\"Isabel Orellana\" \/>\n\t<meta name=\"twitter:label2\" content=\"Tiempo de lectura\" \/>\n\t<meta name=\"twitter:data2\" content=\"5 minutos\" \/>\n<script type=\"application\/ld+json\" class=\"yoast-schema-graph\">{\"@context\":\"https:\\\/\\\/schema.org\",\"@graph\":[{\"@type\":\"Article\",\"@id\":\"https:\\\/\\\/exaudi.org\\\/es\\\/santa-catalina-caterina-volpicelli-28-de-diciembre\\\/#article\",\"isPartOf\":{\"@id\":\"https:\\\/\\\/exaudi.org\\\/es\\\/santa-catalina-caterina-volpicelli-28-de-diciembre\\\/\"},\"author\":{\"name\":\"Isabel Orellana\",\"@id\":\"https:\\\/\\\/exaudi.org\\\/#\\\/schema\\\/person\\\/64e18b96fd6118559a9217b5b3375fdc\"},\"headline\":\"Santa Catalina (Caterina) Volpicelli, 28 de diciembre\",\"datePublished\":\"2025-12-28T06:30:51+00:00\",\"mainEntityOfPage\":{\"@id\":\"https:\\\/\\\/exaudi.org\\\/es\\\/santa-catalina-caterina-volpicelli-28-de-diciembre\\\/\"},\"wordCount\":998,\"commentCount\":0,\"image\":{\"@id\":\"https:\\\/\\\/exaudi.org\\\/es\\\/santa-catalina-caterina-volpicelli-28-de-diciembre\\\/#primaryimage\"},\"thumbnailUrl\":\"https:\\\/\\\/exaudi.org\\\/wp-content\\\/uploads\\\/2021\\\/11\\\/Disen\u0303o-sin-ti\u0301tulo-1-30.jpg\",\"keywords\":[\"Isabel Orellana Vilches\",\"Santa Catalina (Caterina) Volpicelli\",\"Santoral\",\"Trending\"],\"articleSection\":[\"Iglesia y Mundo\",\"Santoral\"],\"inLanguage\":\"es\",\"potentialAction\":[{\"@type\":\"CommentAction\",\"name\":\"Comment\",\"target\":[\"https:\\\/\\\/exaudi.org\\\/es\\\/santa-catalina-caterina-volpicelli-28-de-diciembre\\\/#respond\"]}]},{\"@type\":\"WebPage\",\"@id\":\"https:\\\/\\\/exaudi.org\\\/es\\\/santa-catalina-caterina-volpicelli-28-de-diciembre\\\/\",\"url\":\"https:\\\/\\\/exaudi.org\\\/es\\\/santa-catalina-caterina-volpicelli-28-de-diciembre\\\/\",\"name\":\"Santa Catalina (Caterina) Volpicelli, 28 de diciembre &#8211; Exaudi\",\"isPartOf\":{\"@id\":\"https:\\\/\\\/exaudi.org\\\/#website\"},\"primaryImageOfPage\":{\"@id\":\"https:\\\/\\\/exaudi.org\\\/es\\\/santa-catalina-caterina-volpicelli-28-de-diciembre\\\/#primaryimage\"},\"image\":{\"@id\":\"https:\\\/\\\/exaudi.org\\\/es\\\/santa-catalina-caterina-volpicelli-28-de-diciembre\\\/#primaryimage\"},\"thumbnailUrl\":\"https:\\\/\\\/exaudi.org\\\/wp-content\\\/uploads\\\/2021\\\/11\\\/Disen\u0303o-sin-ti\u0301tulo-1-30.jpg\",\"datePublished\":\"2025-12-28T06:30:51+00:00\",\"author\":{\"@id\":\"https:\\\/\\\/exaudi.org\\\/#\\\/schema\\\/person\\\/64e18b96fd6118559a9217b5b3375fdc\"},\"description\":\"Santa Catalina (Caterina) Volpicelli fue una religiosa cat\u00f3lica italiana, fundadora de la Congregaci\u00f3n de Esclavas del Sagrado Coraz\u00f3n.\",\"breadcrumb\":{\"@id\":\"https:\\\/\\\/exaudi.org\\\/es\\\/santa-catalina-caterina-volpicelli-28-de-diciembre\\\/#breadcrumb\"},\"inLanguage\":\"es\",\"potentialAction\":[{\"@type\":\"ReadAction\",\"target\":[\"https:\\\/\\\/exaudi.org\\\/es\\\/santa-catalina-caterina-volpicelli-28-de-diciembre\\\/\"]}]},{\"@type\":\"ImageObject\",\"inLanguage\":\"es\",\"@id\":\"https:\\\/\\\/exaudi.org\\\/es\\\/santa-catalina-caterina-volpicelli-28-de-diciembre\\\/#primaryimage\",\"url\":\"https:\\\/\\\/exaudi.org\\\/wp-content\\\/uploads\\\/2021\\\/11\\\/Disen\u0303o-sin-ti\u0301tulo-1-30.jpg\",\"contentUrl\":\"https:\\\/\\\/exaudi.org\\\/wp-content\\\/uploads\\\/2021\\\/11\\\/Disen\u0303o-sin-ti\u0301tulo-1-30.jpg\",\"width\":771,\"height\":585,\"caption\":\"Santa Catalina (Caterina) Volpicelli \u00a9 Vidas Santas\"},{\"@type\":\"BreadcrumbList\",\"@id\":\"https:\\\/\\\/exaudi.org\\\/es\\\/santa-catalina-caterina-volpicelli-28-de-diciembre\\\/#breadcrumb\",\"itemListElement\":[{\"@type\":\"ListItem\",\"position\":1,\"name\":\"Portada\",\"item\":\"https:\\\/\\\/exaudi.org\\\/es\\\/\"},{\"@type\":\"ListItem\",\"position\":2,\"name\":\"Santa Catalina (Caterina) Volpicelli, 28 de diciembre\"}]},{\"@type\":\"WebSite\",\"@id\":\"https:\\\/\\\/exaudi.org\\\/#website\",\"url\":\"https:\\\/\\\/exaudi.org\\\/\",\"name\":\"Exaudi\",\"description\":\"News\",\"potentialAction\":[{\"@type\":\"SearchAction\",\"target\":{\"@type\":\"EntryPoint\",\"urlTemplate\":\"https:\\\/\\\/exaudi.org\\\/?s={search_term_string}\"},\"query-input\":{\"@type\":\"PropertyValueSpecification\",\"valueRequired\":true,\"valueName\":\"search_term_string\"}}],\"inLanguage\":\"es\"},{\"@type\":\"Person\",\"@id\":\"https:\\\/\\\/exaudi.org\\\/#\\\/schema\\\/person\\\/64e18b96fd6118559a9217b5b3375fdc\",\"name\":\"Isabel Orellana\",\"image\":{\"@type\":\"ImageObject\",\"inLanguage\":\"es\",\"@id\":\"https:\\\/\\\/secure.gravatar.com\\\/avatar\\\/51968380bbb6b22ae85c605634860366fd9a2a611c6341125115bca32cd6c171?s=96&d=mm&r=g\",\"url\":\"https:\\\/\\\/secure.gravatar.com\\\/avatar\\\/51968380bbb6b22ae85c605634860366fd9a2a611c6341125115bca32cd6c171?s=96&d=mm&r=g\",\"contentUrl\":\"https:\\\/\\\/secure.gravatar.com\\\/avatar\\\/51968380bbb6b22ae85c605634860366fd9a2a611c6341125115bca32cd6c171?s=96&d=mm&r=g\",\"caption\":\"Isabel Orellana\"},\"description\":\"Isabel Orellana Vilches Misionera idente. Doctora en Filosof\u00eda por la Universidad Aut\u00f3noma de Barcelona con la tesis Realismo y progreso cient\u00edfico en la epistemolog\u00eda popperiana. Ha cursado estudios de teolog\u00eda en la Universidad Pontificia de Salamanca. Con amplia actividad docente desde 1986, ha publicado libros como: Realismo y progreso cient\u00edfico en la epistemolog\u00eda popperiana, Universitat Aut\u00f2noma de Barcelona, 1993; El evangelio habla a los j\u00f3venes, Atenas, Madrid, 1997; Qu\u00e9 es... LA TOLERANCIA, Paulinas, Madrid, 1999; Pedagog\u00eda del dolor. Ensayo antropol\u00f3gico, Palabra, Madrid, 1999; En colaboraci\u00f3n con Enrique Rivera de Ventosa (\u2020) OFM. Cap. San Francisco de As\u00eds y Fernando Rielo: Convergencias. Respuestas desde la fe a los interrogantes del hombre de hoy, Universidad Pontificia, Salamanca, 2001; La \\\"mirada\\\" del cine. Recursos did\u00e1cticos del s\u00e9ptimo arte. Librer\u00eda Cervantes, Salamanca, 2001; Paradojas de la convivencia, San Pablo, Madrid, 2002; En la Universidad T\u00e9cnica Particular de Loja, Ecuador, ha publicado: La confianza. El arte de amar, 2002; Educar para la responsabilidad, 2003; Apuntes de \u00e9tica en Karl R. Popper, 2003; De soledades y comunicaci\u00f3n, 2005; Yo educo; t\u00fa respondes, 2008; Humanismo y fe en un crisol de culturas, 2008; Repensar lo cotidiano, 2008; Convivir: un constante desaf\u00edo, 2009; La l\u00f3gica del amor, 2010; El dolor del amor. Apuntes sobre la enfermedad y el dolor en relaci\u00f3n con la virtud heroica, el martirio y la vida santa. Seminario Diocesano de M\u00e1laga, 2006 y Universidad T\u00e9cnica Particular de Loja, Ecuador (2007). Cuenta con numerosas colaboraciones en obras colectivas, as\u00ed como relatos, cuentos, f\u00e1bula y novela juvenil, adem\u00e1s de art\u00edculos de tem\u00e1tica cient\u00edfica, pedag\u00f3gica y espiritual, que viene publicando en distintas revistas nacionales e internacionales. En 2012 culmin\u00f3 el santoral Llamados a ser santos y poco m\u00e1s tarde Epopeyas de amor prologado por mons. Fernando Sebasti\u00e1n. Es la bi\u00f3grafa oficial del fundador de su familia espiritual, autora de Fernando Rielo Pardal. Fundador de los Misioneros Identes, Descl\u00e9e de Brouwer, Bilbao, 2009. Culmina la biograf\u00eda completa. Encargada del santoral de ZENIT desde 2012 a 2020 y ahora en Exaudi\",\"url\":\"https:\\\/\\\/exaudi.org\\\/es\\\/author\\\/isabelorellana\\\/\"}]}<\/script>\n<!-- \/ Yoast SEO plugin. -->","yoast_head_json":{"title":"Santa Catalina (Caterina) Volpicelli, 28 de diciembre &#8211; Exaudi","description":"Santa Catalina (Caterina) Volpicelli fue una religiosa cat\u00f3lica italiana, fundadora de la Congregaci\u00f3n de Esclavas del Sagrado Coraz\u00f3n.","robots":{"index":"index","follow":"follow","max-snippet":"max-snippet:-1","max-image-preview":"max-image-preview:large","max-video-preview":"max-video-preview:-1"},"canonical":"https:\/\/exaudi.org\/es\/santa-catalina-caterina-volpicelli-28-de-diciembre\/","og_locale":"es_ES","og_type":"article","og_title":"Santa Catalina (Caterina) Volpicelli, 28 de diciembre &#8211; Exaudi","og_description":"Santa Catalina (Caterina) Volpicelli fue una religiosa cat\u00f3lica italiana, fundadora de la Congregaci\u00f3n de Esclavas del Sagrado Coraz\u00f3n.","og_url":"https:\/\/exaudi.org\/es\/santa-catalina-caterina-volpicelli-28-de-diciembre\/","og_site_name":"Exaudi","article_publisher":"https:\/\/www.facebook.com\/ExaudiNews","article_published_time":"2025-12-28T06:30:51+00:00","og_image":[{"width":771,"height":585,"url":"https:\/\/exaudi.org\/wp-content\/uploads\/2021\/11\/Disen\u0303o-sin-ti\u0301tulo-1-30.jpg","type":"image\/jpeg"}],"author":"Isabel Orellana","twitter_card":"summary_large_image","twitter_creator":"@Exaudi_News","twitter_site":"@Exaudi_News","twitter_misc":{"Escrito por":"Isabel Orellana","Tiempo de lectura":"5 minutos"},"schema":{"@context":"https:\/\/schema.org","@graph":[{"@type":"Article","@id":"https:\/\/exaudi.org\/es\/santa-catalina-caterina-volpicelli-28-de-diciembre\/#article","isPartOf":{"@id":"https:\/\/exaudi.org\/es\/santa-catalina-caterina-volpicelli-28-de-diciembre\/"},"author":{"name":"Isabel Orellana","@id":"https:\/\/exaudi.org\/#\/schema\/person\/64e18b96fd6118559a9217b5b3375fdc"},"headline":"Santa Catalina (Caterina) Volpicelli, 28 de diciembre","datePublished":"2025-12-28T06:30:51+00:00","mainEntityOfPage":{"@id":"https:\/\/exaudi.org\/es\/santa-catalina-caterina-volpicelli-28-de-diciembre\/"},"wordCount":998,"commentCount":0,"image":{"@id":"https:\/\/exaudi.org\/es\/santa-catalina-caterina-volpicelli-28-de-diciembre\/#primaryimage"},"thumbnailUrl":"https:\/\/exaudi.org\/wp-content\/uploads\/2021\/11\/Disen\u0303o-sin-ti\u0301tulo-1-30.jpg","keywords":["Isabel Orellana Vilches","Santa Catalina (Caterina) Volpicelli","Santoral","Trending"],"articleSection":["Iglesia y Mundo","Santoral"],"inLanguage":"es","potentialAction":[{"@type":"CommentAction","name":"Comment","target":["https:\/\/exaudi.org\/es\/santa-catalina-caterina-volpicelli-28-de-diciembre\/#respond"]}]},{"@type":"WebPage","@id":"https:\/\/exaudi.org\/es\/santa-catalina-caterina-volpicelli-28-de-diciembre\/","url":"https:\/\/exaudi.org\/es\/santa-catalina-caterina-volpicelli-28-de-diciembre\/","name":"Santa Catalina (Caterina) Volpicelli, 28 de diciembre &#8211; Exaudi","isPartOf":{"@id":"https:\/\/exaudi.org\/#website"},"primaryImageOfPage":{"@id":"https:\/\/exaudi.org\/es\/santa-catalina-caterina-volpicelli-28-de-diciembre\/#primaryimage"},"image":{"@id":"https:\/\/exaudi.org\/es\/santa-catalina-caterina-volpicelli-28-de-diciembre\/#primaryimage"},"thumbnailUrl":"https:\/\/exaudi.org\/wp-content\/uploads\/2021\/11\/Disen\u0303o-sin-ti\u0301tulo-1-30.jpg","datePublished":"2025-12-28T06:30:51+00:00","author":{"@id":"https:\/\/exaudi.org\/#\/schema\/person\/64e18b96fd6118559a9217b5b3375fdc"},"description":"Santa Catalina (Caterina) Volpicelli fue una religiosa cat\u00f3lica italiana, fundadora de la Congregaci\u00f3n de Esclavas del Sagrado Coraz\u00f3n.","breadcrumb":{"@id":"https:\/\/exaudi.org\/es\/santa-catalina-caterina-volpicelli-28-de-diciembre\/#breadcrumb"},"inLanguage":"es","potentialAction":[{"@type":"ReadAction","target":["https:\/\/exaudi.org\/es\/santa-catalina-caterina-volpicelli-28-de-diciembre\/"]}]},{"@type":"ImageObject","inLanguage":"es","@id":"https:\/\/exaudi.org\/es\/santa-catalina-caterina-volpicelli-28-de-diciembre\/#primaryimage","url":"https:\/\/exaudi.org\/wp-content\/uploads\/2021\/11\/Disen\u0303o-sin-ti\u0301tulo-1-30.jpg","contentUrl":"https:\/\/exaudi.org\/wp-content\/uploads\/2021\/11\/Disen\u0303o-sin-ti\u0301tulo-1-30.jpg","width":771,"height":585,"caption":"Santa Catalina (Caterina) Volpicelli \u00a9 Vidas Santas"},{"@type":"BreadcrumbList","@id":"https:\/\/exaudi.org\/es\/santa-catalina-caterina-volpicelli-28-de-diciembre\/#breadcrumb","itemListElement":[{"@type":"ListItem","position":1,"name":"Portada","item":"https:\/\/exaudi.org\/es\/"},{"@type":"ListItem","position":2,"name":"Santa Catalina (Caterina) Volpicelli, 28 de diciembre"}]},{"@type":"WebSite","@id":"https:\/\/exaudi.org\/#website","url":"https:\/\/exaudi.org\/","name":"Exaudi","description":"News","potentialAction":[{"@type":"SearchAction","target":{"@type":"EntryPoint","urlTemplate":"https:\/\/exaudi.org\/?s={search_term_string}"},"query-input":{"@type":"PropertyValueSpecification","valueRequired":true,"valueName":"search_term_string"}}],"inLanguage":"es"},{"@type":"Person","@id":"https:\/\/exaudi.org\/#\/schema\/person\/64e18b96fd6118559a9217b5b3375fdc","name":"Isabel Orellana","image":{"@type":"ImageObject","inLanguage":"es","@id":"https:\/\/secure.gravatar.com\/avatar\/51968380bbb6b22ae85c605634860366fd9a2a611c6341125115bca32cd6c171?s=96&d=mm&r=g","url":"https:\/\/secure.gravatar.com\/avatar\/51968380bbb6b22ae85c605634860366fd9a2a611c6341125115bca32cd6c171?s=96&d=mm&r=g","contentUrl":"https:\/\/secure.gravatar.com\/avatar\/51968380bbb6b22ae85c605634860366fd9a2a611c6341125115bca32cd6c171?s=96&d=mm&r=g","caption":"Isabel Orellana"},"description":"Isabel Orellana Vilches Misionera idente. Doctora en Filosof\u00eda por la Universidad Aut\u00f3noma de Barcelona con la tesis Realismo y progreso cient\u00edfico en la epistemolog\u00eda popperiana. Ha cursado estudios de teolog\u00eda en la Universidad Pontificia de Salamanca. Con amplia actividad docente desde 1986, ha publicado libros como: Realismo y progreso cient\u00edfico en la epistemolog\u00eda popperiana, Universitat Aut\u00f2noma de Barcelona, 1993; El evangelio habla a los j\u00f3venes, Atenas, Madrid, 1997; Qu\u00e9 es... LA TOLERANCIA, Paulinas, Madrid, 1999; Pedagog\u00eda del dolor. Ensayo antropol\u00f3gico, Palabra, Madrid, 1999; En colaboraci\u00f3n con Enrique Rivera de Ventosa (\u2020) OFM. Cap. San Francisco de As\u00eds y Fernando Rielo: Convergencias. Respuestas desde la fe a los interrogantes del hombre de hoy, Universidad Pontificia, Salamanca, 2001; La \"mirada\" del cine. Recursos did\u00e1cticos del s\u00e9ptimo arte. Librer\u00eda Cervantes, Salamanca, 2001; Paradojas de la convivencia, San Pablo, Madrid, 2002; En la Universidad T\u00e9cnica Particular de Loja, Ecuador, ha publicado: La confianza. El arte de amar, 2002; Educar para la responsabilidad, 2003; Apuntes de \u00e9tica en Karl R. Popper, 2003; De soledades y comunicaci\u00f3n, 2005; Yo educo; t\u00fa respondes, 2008; Humanismo y fe en un crisol de culturas, 2008; Repensar lo cotidiano, 2008; Convivir: un constante desaf\u00edo, 2009; La l\u00f3gica del amor, 2010; El dolor del amor. Apuntes sobre la enfermedad y el dolor en relaci\u00f3n con la virtud heroica, el martirio y la vida santa. Seminario Diocesano de M\u00e1laga, 2006 y Universidad T\u00e9cnica Particular de Loja, Ecuador (2007). Cuenta con numerosas colaboraciones en obras colectivas, as\u00ed como relatos, cuentos, f\u00e1bula y novela juvenil, adem\u00e1s de art\u00edculos de tem\u00e1tica cient\u00edfica, pedag\u00f3gica y espiritual, que viene publicando en distintas revistas nacionales e internacionales. En 2012 culmin\u00f3 el santoral Llamados a ser santos y poco m\u00e1s tarde Epopeyas de amor prologado por mons. Fernando Sebasti\u00e1n. Es la bi\u00f3grafa oficial del fundador de su familia espiritual, autora de Fernando Rielo Pardal. Fundador de los Misioneros Identes, Descl\u00e9e de Brouwer, Bilbao, 2009. Culmina la biograf\u00eda completa. Encargada del santoral de ZENIT desde 2012 a 2020 y ahora en Exaudi","url":"https:\/\/exaudi.org\/es\/author\/isabelorellana\/"}]}},"jetpack_featured_media_url":"https:\/\/exaudi.org\/wp-content\/uploads\/2021\/11\/Disen\u0303o-sin-ti\u0301tulo-1-30.jpg","jetpack_shortlink":"https:\/\/wp.me\/pgKjF2-bej","_links":{"self":[{"href":"https:\/\/exaudi.org\/es\/wp-json\/wp\/v2\/posts\/43171","targetHints":{"allow":["GET"]}}],"collection":[{"href":"https:\/\/exaudi.org\/es\/wp-json\/wp\/v2\/posts"}],"about":[{"href":"https:\/\/exaudi.org\/es\/wp-json\/wp\/v2\/types\/post"}],"author":[{"embeddable":true,"href":"https:\/\/exaudi.org\/es\/wp-json\/wp\/v2\/users\/23"}],"replies":[{"embeddable":true,"href":"https:\/\/exaudi.org\/es\/wp-json\/wp\/v2\/comments?post=43171"}],"version-history":[{"count":4,"href":"https:\/\/exaudi.org\/es\/wp-json\/wp\/v2\/posts\/43171\/revisions"}],"predecessor-version":[{"id":151905,"href":"https:\/\/exaudi.org\/es\/wp-json\/wp\/v2\/posts\/43171\/revisions\/151905"}],"wp:featuredmedia":[{"embeddable":true,"href":"https:\/\/exaudi.org\/es\/wp-json\/wp\/v2\/media\/43172"}],"wp:attachment":[{"href":"https:\/\/exaudi.org\/es\/wp-json\/wp\/v2\/media?parent=43171"}],"wp:term":[{"taxonomy":"category","embeddable":true,"href":"https:\/\/exaudi.org\/es\/wp-json\/wp\/v2\/categories?post=43171"},{"taxonomy":"post_tag","embeddable":true,"href":"https:\/\/exaudi.org\/es\/wp-json\/wp\/v2\/tags?post=43171"}],"curies":[{"name":"wp","href":"https:\/\/api.w.org\/{rel}","templated":true}]}}