{"id":43166,"date":"2025-12-27T07:30:07","date_gmt":"2025-12-27T06:30:07","guid":{"rendered":"https:\/\/exaudi.wpengine.com\/?p=43166"},"modified":"2025-12-27T19:39:32","modified_gmt":"2025-12-27T18:39:32","slug":"beato-francisco-spoto-27-de-diciembre","status":"publish","type":"post","link":"https:\/\/exaudi.org\/es\/beato-francisco-spoto-27-de-diciembre\/","title":{"rendered":"Beato Francisco Spoto, 27 de diciembre"},"content":{"rendered":"<p>En esta festividad de san Juan Evangelista, al examinar la vida de Spoto, que tambi\u00e9n celebra hoy la Iglesia, vuelve a detectarse que el equipaje de un ap\u00f3stol no es otro que la cruz. De ella extrae la imponente fortaleza para emular a Cristo encarnando su misi\u00f3n con religiosa intrepidez, dispuesto siempre por amor a \u00c9l a derramar su sangre, si es preciso. En dificil\u00edsimas condiciones, peligrando su vida, Francisco quiso correr la misma suerte que sus hermanos en la fe.<\/p>\n<p><iframe title=\"Spotify Embed: Beato Francisco Spoto, 27 de diciembre\" style=\"border-radius: 12px\" width=\"100%\" height=\"152\" frameborder=\"0\" allowfullscreen allow=\"autoplay; clipboard-write; encrypted-media; fullscreen; picture-in-picture\" loading=\"lazy\" src=\"https:\/\/open.spotify.com\/embed\/episode\/78t829XTrNDzM4tcNODZIQ?si=27ARG-p0Qm2_lMNWT2kLvA&amp;utm_source=oembed\"><\/iframe><\/p>\n<p>Naci\u00f3 el 8 de julio de 1924 en la localidad italiana de Raffadali. Fue uno de los tres hijos de un honrado y creyente matrimonio que viv\u00eda de forma ejemplar. Dieron a sus v\u00e1stagos lo mejor que pose\u00edan: la fe. La madre puso al peque\u00f1o bajo el amparo de san Francisco Javier y pasado el tiempo emular\u00eda a este gran misionero. El cabeza de familia padec\u00eda una discapacidad que afectaba a su pierna izquierda, causada por una lesi\u00f3n contra\u00edda durante la guerra de 1915-1918. Con todas las dificultades afrontaba su d\u00eda a d\u00eda dando testimonio a sus hijos de fortaleza, esforz\u00e1ndose para proveer de lo necesario a su familia, acompa\u00f1ado de su fiel y abnegada esposa. De esa \u00e9poca, el beato recordar\u00eda entra\u00f1ables gestos de piedad aprendidos en el hogar que han sido patrimonio de otras muchas personas, como, por ejemplo, besar el trozo de pan que se ha ca\u00eddo en el suelo por haber apreciado en \u00e9l el s\u00edmbolo del Cuerpo de Cristo.<\/p>\n<p>Seguro que le llenar\u00eda de orgullo y le edificar\u00eda la generosidad y ternura de esos padres que lo educaron y acompa\u00f1aron espiritualmente en esos primeros a\u00f1os de su vida. Y, de hecho, tanto calaron en su esp\u00edritu las ense\u00f1anzas que le dieron, que en 1936 ingres\u00f3 en el seminario de la Congregaci\u00f3n de los Misioneros Siervos de los Pobres. Profes\u00f3 en 1940. En 1951 fue ordenado sacerdote, y en 1959 fue designado superior general. Por encima de su juventud, 35 a\u00f1os, que requirieron dispensa de la Santa Sede para poder asumir este alto oficio, se tuvieron en cuenta sus muchas virtudes y cualidades. Era un asceta, un hombre de aut\u00e9ntica oraci\u00f3n. En ella se fraguaron su caridad, humildad y obediencia manifestadas en todo momento fuesen cuales fuesen las circunstancias de su acontecer.<\/p>\n<p>Se caracteriz\u00f3 por su alto sentido de la responsabilidad, tenacidad y el ardor apost\u00f3lico que lat\u00eda en su alma misionera. Al recibir el sacramento del orden hab\u00eda tomado nota del pasaje evang\u00e9lico \u201cId y predicad\u2026\u201dque sintetizaba sus anhelos. Pas\u00f3 por el orfanato de la Congregaci\u00f3n de V\u00eda Pindemonte en Palermo, ense\u00f1\u00f3 franc\u00e9s y ejerci\u00f3 una intensa misi\u00f3n pastoral junto a las Siervas de los Pobres. En cualquier acci\u00f3n que desempe\u00f1aba, su eficacia al servicio del evangelio era m\u00e1s que patente. Con una gran formaci\u00f3n intelectual, que puso a merced de la evangelizaci\u00f3n, ejerci\u00f3 una encomiable labor period\u00edstica y literaria, sin atisbos de vanidad ni de orgullo, lejos de la fama y oropeles. Dej\u00f3 numerosos escritos. Fue un gran predicador y comunicador; un orador excelente que con su vida de entrega supo transmitir la fuerza de la Palabra de Dios a trav\u00e9s de homil\u00edas cuidadosamente preparadas en la oraci\u00f3n. Era honesto y justo; estaba siempre disponible para todos.<\/p>\n<p>Admirado, respetado y querido tanto por miembros de la Iglesia como por sus hermanos, de los que se ocupaba con gran delicadeza, fue fiel transmisor del carisma de su fundador, el padre Cusmano. Una de sus grandes debilidades fueron los pobres. Con penetrante visi\u00f3n impuls\u00f3 la Orden, promovi\u00f3 vocaciones y abri\u00f3 casas en distintos lugares. Su antecesor fund\u00f3 la misi\u00f3n en el Congo, y \u00e9l continu\u00f3 aliment\u00e1ndola. Precisamente en esta Rep\u00fablica Democr\u00e1tica africana pas\u00f3 la \u00faltima etapa de su vida. Lleg\u00f3 a Biringi en agosto de 1964. La situaci\u00f3n altamente dif\u00edcil y comprometida de sus hermanos, debido a cuestiones de \u00edndole pol\u00edtica, hizo que acudiera a confortarlos personalmente. Entonces muchos religiosos y religiosas derramaban su sangre por Cristo en medio de la persecuci\u00f3n a la que eran sometidos. El beato no ignor\u00f3 que \u00e9l mismo pod\u00eda sumarse a este insigne grupo de ap\u00f3stoles, perdiendo su vida.<\/p>\n<p>En un momento dado, previendo que no regresar\u00eda puso su oficio apost\u00f3lico a merced de la Orden, ya que no estaba dispuesto a dejar a sus hermanos. En noviembre de ese a\u00f1o se inici\u00f3 una dur\u00edsima persecuci\u00f3n contra ellos, que se vieron obligados a huir sin rumbo fijo acosados por los Simba que persegu\u00edan su muerte. En medio de esa tragedia el padre Spoto escribi\u00f3 un diario en el que narraba de forma pormenorizada lo que aconteci\u00f3. El 3 de diciembre de ese a\u00f1o 1964 sus hermanos fueron apresados. En una noche espantosa, lleno de heridas, descalzo, sediento y hambriento sigui\u00f3 corriendo. Al d\u00eda siguiente vio con gozo que sus hermanos hab\u00edan sido liberados. Pero el 11 de diciembre fue atacado con tama\u00f1a furia que qued\u00f3 paral\u00edtico. Y en esas condiciones le portaban por la selva en una improvisada y r\u00fastica camilla huyendo de los captores. Sobrevivi\u00f3 hasta el 27 de diciembre, d\u00eda en que muri\u00f3 en la humilde caba\u00f1a en la que se cobijaron. Sus hermanos, que pudieron regresar a Italia m\u00e1s tarde, depositaron sus restos en un lugar cercano. Fue beatificado por Benedicto XVI el 21 de abril de 2007.<\/p>\n<p><img loading=\"lazy\" decoding=\"async\" class=\"size-full wp-image-147496 alignnone\" src=\"https:\/\/exaudi.org\/wp-content\/uploads\/2025\/12\/Copia-de-Santoral.jpg\" alt=\"\" width=\"1080\" height=\"1080\" srcset=\"https:\/\/exaudi.org\/wp-content\/uploads\/2025\/12\/Copia-de-Santoral.jpg 1080w, https:\/\/exaudi.org\/wp-content\/uploads\/2025\/12\/Copia-de-Santoral-300x300.jpg 300w, https:\/\/exaudi.org\/wp-content\/uploads\/2025\/12\/Copia-de-Santoral-1024x1024.jpg 1024w, https:\/\/exaudi.org\/wp-content\/uploads\/2025\/12\/Copia-de-Santoral-100x100.jpg?crop=1 100w, https:\/\/exaudi.org\/wp-content\/uploads\/2025\/12\/Copia-de-Santoral-770x770.jpg 770w, https:\/\/exaudi.org\/wp-content\/uploads\/2025\/12\/Copia-de-Santoral-500x500.jpg 500w\" sizes=\"auto, (max-width: 1080px) 100vw, 1080px\" \/><\/p>\n<h6><em>\u00a9 <a href=\"https:\/\/exaudi.org\/es\/author\/isabelorellana\/\" target=\"_blank\" rel=\"noopener noreferrer\">Isabel Orellana Vilches<\/a>, 2018<\/em><\/h6>\n<h6><em>Autora vinculada a<\/em><\/h6>\n<h6><em><img loading=\"lazy\" decoding=\"async\" class=\"alignright wp-image-2208\" src=\"https:\/\/exaudi.wpengine.com\/wp-content\/uploads\/2021\/11\/santoral-scaled-1-725x1024.jpg\" alt=\"santoral Isabel Orellana\" width=\"262\" height=\"370\" \/><\/em><img loading=\"lazy\" decoding=\"async\" class=\"alignnone size-full wp-image-41949\" src=\"https:\/\/exaudi.wpengine.com\/wp-content\/uploads\/2021\/11\/logo-cedro-v01-843x295-1-e1603384654546.png\" alt=\"\" width=\"80\" height=\"28\" \/><br \/>\nObra protegida por derechos de autor.<br \/>\nInscrita en el Registro de la Propiedad Intelectual el 24 de noviembre de 2014.<br \/>\n________________<br \/>\nDerechos de edici\u00f3n reservados:<br \/>\n<a href=\"https:\/\/rielo.com\/\" target=\"_blank\" rel=\"noopener noreferrer\">Fundaci\u00f3n Fernando Rielo<\/a><br \/>\nGoya 20, 4.\u00ba izq. int. 28001 Madrid<br \/>\nTlf.: (34) 91 575 40 91<br \/>\nCorreo electr\u00f3nico: fundacion@rielo.com<\/h6>\n<div class=\"page\" title=\"Page 4\">\n<div class=\"layoutArea\">\n<div class=\"column\">\n<h6>Dep\u00f3sito legal: M-18664-2020<br \/>\nISBN: 978-84-946646-6-3<\/h6>\n<\/div>\n<\/div>\n<\/div>\n","protected":false},"excerpt":{"rendered":"<p>Sacerdote de la Congregaci\u00f3n de los Misioneros Siervos de los Pobres<\/p>\n","protected":false},"author":23,"featured_media":43167,"comment_status":"open","ping_status":"open","sticky":false,"template":"","format":"standard","meta":{"_acf_changed":false,"_crdt_document":"","inline_featured_image":false,"footnotes":""},"categories":[74,7471,2772,298],"tags":[5044,8026,388,7472,387,4953,58880],"class_list":["post-43166","post","type-post","status-publish","format-standard","has-post-thumbnail","hentry","category-iglesia-y-mundo","category-santoral-2","category-santoral","category-ultimas-noticias","tag-beato-francisco-spoto","tag-beato-francisco-spoto-2","tag-isabel-orellana-vilches","tag-santoral-3","tag-santoral","tag-trending-es","tag-trending-es-151"],"acf":[],"yoast_head":"<!-- This site is optimized with the Yoast SEO plugin v27.4 - https:\/\/yoast.com\/product\/yoast-seo-wordpress\/ -->\n<title>Beato Francisco Spoto, 27 de diciembre &#8211; Exaudi<\/title>\n<meta name=\"description\" content=\"El beato Francisco Spoto, italiano de Raffadali, fue un sacerdote de la Congregaci\u00f3n de los Misioneros Siervos de los Pobres\" \/>\n<meta name=\"robots\" content=\"index, follow, max-snippet:-1, max-image-preview:large, max-video-preview:-1\" \/>\n<link rel=\"canonical\" href=\"https:\/\/exaudi.org\/es\/beato-francisco-spoto-27-de-diciembre\/\" \/>\n<meta property=\"og:locale\" content=\"es_ES\" \/>\n<meta property=\"og:type\" content=\"article\" \/>\n<meta property=\"og:title\" content=\"Beato Francisco Spoto, 27 de diciembre &#8211; Exaudi\" \/>\n<meta property=\"og:description\" content=\"El beato Francisco Spoto, italiano de Raffadali, fue un sacerdote de la Congregaci\u00f3n de los Misioneros Siervos de los Pobres\" \/>\n<meta property=\"og:url\" content=\"https:\/\/exaudi.org\/es\/beato-francisco-spoto-27-de-diciembre\/\" \/>\n<meta property=\"og:site_name\" content=\"Exaudi\" \/>\n<meta property=\"article:publisher\" content=\"https:\/\/www.facebook.com\/ExaudiNews\" \/>\n<meta property=\"article:published_time\" content=\"2025-12-27T06:30:07+00:00\" \/>\n<meta property=\"article:modified_time\" content=\"2025-12-27T18:39:32+00:00\" \/>\n<meta property=\"og:image\" content=\"https:\/\/exaudi.org\/wp-content\/uploads\/2021\/11\/Disen\u0303o-sin-ti\u0301tulo-1-29.jpg\" \/>\n\t<meta property=\"og:image:width\" content=\"771\" \/>\n\t<meta property=\"og:image:height\" content=\"585\" \/>\n\t<meta property=\"og:image:type\" content=\"image\/jpeg\" \/>\n<meta name=\"author\" content=\"Isabel Orellana\" \/>\n<meta name=\"twitter:card\" content=\"summary_large_image\" \/>\n<meta name=\"twitter:creator\" content=\"@Exaudi_News\" \/>\n<meta name=\"twitter:site\" content=\"@Exaudi_News\" \/>\n<meta name=\"twitter:label1\" content=\"Escrito por\" \/>\n\t<meta name=\"twitter:data1\" content=\"Isabel Orellana\" \/>\n\t<meta name=\"twitter:label2\" content=\"Tiempo de lectura\" \/>\n\t<meta name=\"twitter:data2\" content=\"5 minutos\" \/>\n<script type=\"application\/ld+json\" class=\"yoast-schema-graph\">{\"@context\":\"https:\\\/\\\/schema.org\",\"@graph\":[{\"@type\":\"Article\",\"@id\":\"https:\\\/\\\/exaudi.org\\\/es\\\/beato-francisco-spoto-27-de-diciembre\\\/#article\",\"isPartOf\":{\"@id\":\"https:\\\/\\\/exaudi.org\\\/es\\\/beato-francisco-spoto-27-de-diciembre\\\/\"},\"author\":{\"name\":\"Isabel Orellana\",\"@id\":\"https:\\\/\\\/exaudi.org\\\/#\\\/schema\\\/person\\\/64e18b96fd6118559a9217b5b3375fdc\"},\"headline\":\"Beato Francisco Spoto, 27 de diciembre\",\"datePublished\":\"2025-12-27T06:30:07+00:00\",\"dateModified\":\"2025-12-27T18:39:32+00:00\",\"mainEntityOfPage\":{\"@id\":\"https:\\\/\\\/exaudi.org\\\/es\\\/beato-francisco-spoto-27-de-diciembre\\\/\"},\"wordCount\":1004,\"commentCount\":0,\"image\":{\"@id\":\"https:\\\/\\\/exaudi.org\\\/es\\\/beato-francisco-spoto-27-de-diciembre\\\/#primaryimage\"},\"thumbnailUrl\":\"https:\\\/\\\/exaudi.org\\\/wp-content\\\/uploads\\\/2021\\\/11\\\/Disen\u0303o-sin-ti\u0301tulo-1-29.jpg\",\"keywords\":[\"Beato Francisco Spoto\",\"beato-francisco-spoto\",\"Isabel Orellana Vilches\",\"santoral\",\"Santoral\",\"Trending\",\"Trending\"],\"articleSection\":[\"Iglesia y Mundo\",\"santoral\",\"Santoral\",\"\u00daltimas noticias\"],\"inLanguage\":\"es\",\"potentialAction\":[{\"@type\":\"CommentAction\",\"name\":\"Comment\",\"target\":[\"https:\\\/\\\/exaudi.org\\\/es\\\/beato-francisco-spoto-27-de-diciembre\\\/#respond\"]}]},{\"@type\":\"WebPage\",\"@id\":\"https:\\\/\\\/exaudi.org\\\/es\\\/beato-francisco-spoto-27-de-diciembre\\\/\",\"url\":\"https:\\\/\\\/exaudi.org\\\/es\\\/beato-francisco-spoto-27-de-diciembre\\\/\",\"name\":\"Beato Francisco Spoto, 27 de diciembre &#8211; Exaudi\",\"isPartOf\":{\"@id\":\"https:\\\/\\\/exaudi.org\\\/#website\"},\"primaryImageOfPage\":{\"@id\":\"https:\\\/\\\/exaudi.org\\\/es\\\/beato-francisco-spoto-27-de-diciembre\\\/#primaryimage\"},\"image\":{\"@id\":\"https:\\\/\\\/exaudi.org\\\/es\\\/beato-francisco-spoto-27-de-diciembre\\\/#primaryimage\"},\"thumbnailUrl\":\"https:\\\/\\\/exaudi.org\\\/wp-content\\\/uploads\\\/2021\\\/11\\\/Disen\u0303o-sin-ti\u0301tulo-1-29.jpg\",\"datePublished\":\"2025-12-27T06:30:07+00:00\",\"dateModified\":\"2025-12-27T18:39:32+00:00\",\"author\":{\"@id\":\"https:\\\/\\\/exaudi.org\\\/#\\\/schema\\\/person\\\/64e18b96fd6118559a9217b5b3375fdc\"},\"description\":\"El beato Francisco Spoto, italiano de Raffadali, fue un sacerdote de la Congregaci\u00f3n de los Misioneros Siervos de los Pobres\",\"breadcrumb\":{\"@id\":\"https:\\\/\\\/exaudi.org\\\/es\\\/beato-francisco-spoto-27-de-diciembre\\\/#breadcrumb\"},\"inLanguage\":\"es\",\"potentialAction\":[{\"@type\":\"ReadAction\",\"target\":[\"https:\\\/\\\/exaudi.org\\\/es\\\/beato-francisco-spoto-27-de-diciembre\\\/\"]}]},{\"@type\":\"ImageObject\",\"inLanguage\":\"es\",\"@id\":\"https:\\\/\\\/exaudi.org\\\/es\\\/beato-francisco-spoto-27-de-diciembre\\\/#primaryimage\",\"url\":\"https:\\\/\\\/exaudi.org\\\/wp-content\\\/uploads\\\/2021\\\/11\\\/Disen\u0303o-sin-ti\u0301tulo-1-29.jpg\",\"contentUrl\":\"https:\\\/\\\/exaudi.org\\\/wp-content\\\/uploads\\\/2021\\\/11\\\/Disen\u0303o-sin-ti\u0301tulo-1-29.jpg\",\"width\":771,\"height\":585,\"caption\":\"Beato Francisco Spoto \u00a9 El Pan de los Pobres\"},{\"@type\":\"BreadcrumbList\",\"@id\":\"https:\\\/\\\/exaudi.org\\\/es\\\/beato-francisco-spoto-27-de-diciembre\\\/#breadcrumb\",\"itemListElement\":[{\"@type\":\"ListItem\",\"position\":1,\"name\":\"Portada\",\"item\":\"https:\\\/\\\/exaudi.org\\\/es\\\/\"},{\"@type\":\"ListItem\",\"position\":2,\"name\":\"Beato Francisco Spoto, 27 de diciembre\"}]},{\"@type\":\"WebSite\",\"@id\":\"https:\\\/\\\/exaudi.org\\\/#website\",\"url\":\"https:\\\/\\\/exaudi.org\\\/\",\"name\":\"Exaudi\",\"description\":\"News\",\"potentialAction\":[{\"@type\":\"SearchAction\",\"target\":{\"@type\":\"EntryPoint\",\"urlTemplate\":\"https:\\\/\\\/exaudi.org\\\/?s={search_term_string}\"},\"query-input\":{\"@type\":\"PropertyValueSpecification\",\"valueRequired\":true,\"valueName\":\"search_term_string\"}}],\"inLanguage\":\"es\"},{\"@type\":\"Person\",\"@id\":\"https:\\\/\\\/exaudi.org\\\/#\\\/schema\\\/person\\\/64e18b96fd6118559a9217b5b3375fdc\",\"name\":\"Isabel Orellana\",\"image\":{\"@type\":\"ImageObject\",\"inLanguage\":\"es\",\"@id\":\"https:\\\/\\\/secure.gravatar.com\\\/avatar\\\/51968380bbb6b22ae85c605634860366fd9a2a611c6341125115bca32cd6c171?s=96&d=mm&r=g\",\"url\":\"https:\\\/\\\/secure.gravatar.com\\\/avatar\\\/51968380bbb6b22ae85c605634860366fd9a2a611c6341125115bca32cd6c171?s=96&d=mm&r=g\",\"contentUrl\":\"https:\\\/\\\/secure.gravatar.com\\\/avatar\\\/51968380bbb6b22ae85c605634860366fd9a2a611c6341125115bca32cd6c171?s=96&d=mm&r=g\",\"caption\":\"Isabel Orellana\"},\"description\":\"Isabel Orellana Vilches Misionera idente. Doctora en Filosof\u00eda por la Universidad Aut\u00f3noma de Barcelona con la tesis Realismo y progreso cient\u00edfico en la epistemolog\u00eda popperiana. Ha cursado estudios de teolog\u00eda en la Universidad Pontificia de Salamanca. Con amplia actividad docente desde 1986, ha publicado libros como: Realismo y progreso cient\u00edfico en la epistemolog\u00eda popperiana, Universitat Aut\u00f2noma de Barcelona, 1993; El evangelio habla a los j\u00f3venes, Atenas, Madrid, 1997; Qu\u00e9 es... LA TOLERANCIA, Paulinas, Madrid, 1999; Pedagog\u00eda del dolor. Ensayo antropol\u00f3gico, Palabra, Madrid, 1999; En colaboraci\u00f3n con Enrique Rivera de Ventosa (\u2020) OFM. Cap. San Francisco de As\u00eds y Fernando Rielo: Convergencias. Respuestas desde la fe a los interrogantes del hombre de hoy, Universidad Pontificia, Salamanca, 2001; La \\\"mirada\\\" del cine. Recursos did\u00e1cticos del s\u00e9ptimo arte. Librer\u00eda Cervantes, Salamanca, 2001; Paradojas de la convivencia, San Pablo, Madrid, 2002; En la Universidad T\u00e9cnica Particular de Loja, Ecuador, ha publicado: La confianza. El arte de amar, 2002; Educar para la responsabilidad, 2003; Apuntes de \u00e9tica en Karl R. Popper, 2003; De soledades y comunicaci\u00f3n, 2005; Yo educo; t\u00fa respondes, 2008; Humanismo y fe en un crisol de culturas, 2008; Repensar lo cotidiano, 2008; Convivir: un constante desaf\u00edo, 2009; La l\u00f3gica del amor, 2010; El dolor del amor. Apuntes sobre la enfermedad y el dolor en relaci\u00f3n con la virtud heroica, el martirio y la vida santa. Seminario Diocesano de M\u00e1laga, 2006 y Universidad T\u00e9cnica Particular de Loja, Ecuador (2007). Cuenta con numerosas colaboraciones en obras colectivas, as\u00ed como relatos, cuentos, f\u00e1bula y novela juvenil, adem\u00e1s de art\u00edculos de tem\u00e1tica cient\u00edfica, pedag\u00f3gica y espiritual, que viene publicando en distintas revistas nacionales e internacionales. En 2012 culmin\u00f3 el santoral Llamados a ser santos y poco m\u00e1s tarde Epopeyas de amor prologado por mons. Fernando Sebasti\u00e1n. Es la bi\u00f3grafa oficial del fundador de su familia espiritual, autora de Fernando Rielo Pardal. Fundador de los Misioneros Identes, Descl\u00e9e de Brouwer, Bilbao, 2009. Culmina la biograf\u00eda completa. Encargada del santoral de ZENIT desde 2012 a 2020 y ahora en Exaudi\",\"url\":\"https:\\\/\\\/exaudi.org\\\/es\\\/author\\\/isabelorellana\\\/\"}]}<\/script>\n<!-- \/ Yoast SEO plugin. -->","yoast_head_json":{"title":"Beato Francisco Spoto, 27 de diciembre &#8211; Exaudi","description":"El beato Francisco Spoto, italiano de Raffadali, fue un sacerdote de la Congregaci\u00f3n de los Misioneros Siervos de los Pobres","robots":{"index":"index","follow":"follow","max-snippet":"max-snippet:-1","max-image-preview":"max-image-preview:large","max-video-preview":"max-video-preview:-1"},"canonical":"https:\/\/exaudi.org\/es\/beato-francisco-spoto-27-de-diciembre\/","og_locale":"es_ES","og_type":"article","og_title":"Beato Francisco Spoto, 27 de diciembre &#8211; Exaudi","og_description":"El beato Francisco Spoto, italiano de Raffadali, fue un sacerdote de la Congregaci\u00f3n de los Misioneros Siervos de los Pobres","og_url":"https:\/\/exaudi.org\/es\/beato-francisco-spoto-27-de-diciembre\/","og_site_name":"Exaudi","article_publisher":"https:\/\/www.facebook.com\/ExaudiNews","article_published_time":"2025-12-27T06:30:07+00:00","article_modified_time":"2025-12-27T18:39:32+00:00","og_image":[{"width":771,"height":585,"url":"https:\/\/exaudi.org\/wp-content\/uploads\/2021\/11\/Disen\u0303o-sin-ti\u0301tulo-1-29.jpg","type":"image\/jpeg"}],"author":"Isabel Orellana","twitter_card":"summary_large_image","twitter_creator":"@Exaudi_News","twitter_site":"@Exaudi_News","twitter_misc":{"Escrito por":"Isabel Orellana","Tiempo de lectura":"5 minutos"},"schema":{"@context":"https:\/\/schema.org","@graph":[{"@type":"Article","@id":"https:\/\/exaudi.org\/es\/beato-francisco-spoto-27-de-diciembre\/#article","isPartOf":{"@id":"https:\/\/exaudi.org\/es\/beato-francisco-spoto-27-de-diciembre\/"},"author":{"name":"Isabel Orellana","@id":"https:\/\/exaudi.org\/#\/schema\/person\/64e18b96fd6118559a9217b5b3375fdc"},"headline":"Beato Francisco Spoto, 27 de diciembre","datePublished":"2025-12-27T06:30:07+00:00","dateModified":"2025-12-27T18:39:32+00:00","mainEntityOfPage":{"@id":"https:\/\/exaudi.org\/es\/beato-francisco-spoto-27-de-diciembre\/"},"wordCount":1004,"commentCount":0,"image":{"@id":"https:\/\/exaudi.org\/es\/beato-francisco-spoto-27-de-diciembre\/#primaryimage"},"thumbnailUrl":"https:\/\/exaudi.org\/wp-content\/uploads\/2021\/11\/Disen\u0303o-sin-ti\u0301tulo-1-29.jpg","keywords":["Beato Francisco Spoto","beato-francisco-spoto","Isabel Orellana Vilches","santoral","Santoral","Trending","Trending"],"articleSection":["Iglesia y Mundo","santoral","Santoral","\u00daltimas noticias"],"inLanguage":"es","potentialAction":[{"@type":"CommentAction","name":"Comment","target":["https:\/\/exaudi.org\/es\/beato-francisco-spoto-27-de-diciembre\/#respond"]}]},{"@type":"WebPage","@id":"https:\/\/exaudi.org\/es\/beato-francisco-spoto-27-de-diciembre\/","url":"https:\/\/exaudi.org\/es\/beato-francisco-spoto-27-de-diciembre\/","name":"Beato Francisco Spoto, 27 de diciembre &#8211; Exaudi","isPartOf":{"@id":"https:\/\/exaudi.org\/#website"},"primaryImageOfPage":{"@id":"https:\/\/exaudi.org\/es\/beato-francisco-spoto-27-de-diciembre\/#primaryimage"},"image":{"@id":"https:\/\/exaudi.org\/es\/beato-francisco-spoto-27-de-diciembre\/#primaryimage"},"thumbnailUrl":"https:\/\/exaudi.org\/wp-content\/uploads\/2021\/11\/Disen\u0303o-sin-ti\u0301tulo-1-29.jpg","datePublished":"2025-12-27T06:30:07+00:00","dateModified":"2025-12-27T18:39:32+00:00","author":{"@id":"https:\/\/exaudi.org\/#\/schema\/person\/64e18b96fd6118559a9217b5b3375fdc"},"description":"El beato Francisco Spoto, italiano de Raffadali, fue un sacerdote de la Congregaci\u00f3n de los Misioneros Siervos de los Pobres","breadcrumb":{"@id":"https:\/\/exaudi.org\/es\/beato-francisco-spoto-27-de-diciembre\/#breadcrumb"},"inLanguage":"es","potentialAction":[{"@type":"ReadAction","target":["https:\/\/exaudi.org\/es\/beato-francisco-spoto-27-de-diciembre\/"]}]},{"@type":"ImageObject","inLanguage":"es","@id":"https:\/\/exaudi.org\/es\/beato-francisco-spoto-27-de-diciembre\/#primaryimage","url":"https:\/\/exaudi.org\/wp-content\/uploads\/2021\/11\/Disen\u0303o-sin-ti\u0301tulo-1-29.jpg","contentUrl":"https:\/\/exaudi.org\/wp-content\/uploads\/2021\/11\/Disen\u0303o-sin-ti\u0301tulo-1-29.jpg","width":771,"height":585,"caption":"Beato Francisco Spoto \u00a9 El Pan de los Pobres"},{"@type":"BreadcrumbList","@id":"https:\/\/exaudi.org\/es\/beato-francisco-spoto-27-de-diciembre\/#breadcrumb","itemListElement":[{"@type":"ListItem","position":1,"name":"Portada","item":"https:\/\/exaudi.org\/es\/"},{"@type":"ListItem","position":2,"name":"Beato Francisco Spoto, 27 de diciembre"}]},{"@type":"WebSite","@id":"https:\/\/exaudi.org\/#website","url":"https:\/\/exaudi.org\/","name":"Exaudi","description":"News","potentialAction":[{"@type":"SearchAction","target":{"@type":"EntryPoint","urlTemplate":"https:\/\/exaudi.org\/?s={search_term_string}"},"query-input":{"@type":"PropertyValueSpecification","valueRequired":true,"valueName":"search_term_string"}}],"inLanguage":"es"},{"@type":"Person","@id":"https:\/\/exaudi.org\/#\/schema\/person\/64e18b96fd6118559a9217b5b3375fdc","name":"Isabel Orellana","image":{"@type":"ImageObject","inLanguage":"es","@id":"https:\/\/secure.gravatar.com\/avatar\/51968380bbb6b22ae85c605634860366fd9a2a611c6341125115bca32cd6c171?s=96&d=mm&r=g","url":"https:\/\/secure.gravatar.com\/avatar\/51968380bbb6b22ae85c605634860366fd9a2a611c6341125115bca32cd6c171?s=96&d=mm&r=g","contentUrl":"https:\/\/secure.gravatar.com\/avatar\/51968380bbb6b22ae85c605634860366fd9a2a611c6341125115bca32cd6c171?s=96&d=mm&r=g","caption":"Isabel Orellana"},"description":"Isabel Orellana Vilches Misionera idente. Doctora en Filosof\u00eda por la Universidad Aut\u00f3noma de Barcelona con la tesis Realismo y progreso cient\u00edfico en la epistemolog\u00eda popperiana. Ha cursado estudios de teolog\u00eda en la Universidad Pontificia de Salamanca. Con amplia actividad docente desde 1986, ha publicado libros como: Realismo y progreso cient\u00edfico en la epistemolog\u00eda popperiana, Universitat Aut\u00f2noma de Barcelona, 1993; El evangelio habla a los j\u00f3venes, Atenas, Madrid, 1997; Qu\u00e9 es... LA TOLERANCIA, Paulinas, Madrid, 1999; Pedagog\u00eda del dolor. Ensayo antropol\u00f3gico, Palabra, Madrid, 1999; En colaboraci\u00f3n con Enrique Rivera de Ventosa (\u2020) OFM. Cap. San Francisco de As\u00eds y Fernando Rielo: Convergencias. Respuestas desde la fe a los interrogantes del hombre de hoy, Universidad Pontificia, Salamanca, 2001; La \"mirada\" del cine. Recursos did\u00e1cticos del s\u00e9ptimo arte. Librer\u00eda Cervantes, Salamanca, 2001; Paradojas de la convivencia, San Pablo, Madrid, 2002; En la Universidad T\u00e9cnica Particular de Loja, Ecuador, ha publicado: La confianza. El arte de amar, 2002; Educar para la responsabilidad, 2003; Apuntes de \u00e9tica en Karl R. Popper, 2003; De soledades y comunicaci\u00f3n, 2005; Yo educo; t\u00fa respondes, 2008; Humanismo y fe en un crisol de culturas, 2008; Repensar lo cotidiano, 2008; Convivir: un constante desaf\u00edo, 2009; La l\u00f3gica del amor, 2010; El dolor del amor. Apuntes sobre la enfermedad y el dolor en relaci\u00f3n con la virtud heroica, el martirio y la vida santa. Seminario Diocesano de M\u00e1laga, 2006 y Universidad T\u00e9cnica Particular de Loja, Ecuador (2007). Cuenta con numerosas colaboraciones en obras colectivas, as\u00ed como relatos, cuentos, f\u00e1bula y novela juvenil, adem\u00e1s de art\u00edculos de tem\u00e1tica cient\u00edfica, pedag\u00f3gica y espiritual, que viene publicando en distintas revistas nacionales e internacionales. En 2012 culmin\u00f3 el santoral Llamados a ser santos y poco m\u00e1s tarde Epopeyas de amor prologado por mons. Fernando Sebasti\u00e1n. Es la bi\u00f3grafa oficial del fundador de su familia espiritual, autora de Fernando Rielo Pardal. Fundador de los Misioneros Identes, Descl\u00e9e de Brouwer, Bilbao, 2009. Culmina la biograf\u00eda completa. Encargada del santoral de ZENIT desde 2012 a 2020 y ahora en Exaudi","url":"https:\/\/exaudi.org\/es\/author\/isabelorellana\/"}]}},"jetpack_featured_media_url":"https:\/\/exaudi.org\/wp-content\/uploads\/2021\/11\/Disen\u0303o-sin-ti\u0301tulo-1-29.jpg","jetpack_shortlink":"https:\/\/wp.me\/pgKjF2-bee","_links":{"self":[{"href":"https:\/\/exaudi.org\/es\/wp-json\/wp\/v2\/posts\/43166","targetHints":{"allow":["GET"]}}],"collection":[{"href":"https:\/\/exaudi.org\/es\/wp-json\/wp\/v2\/posts"}],"about":[{"href":"https:\/\/exaudi.org\/es\/wp-json\/wp\/v2\/types\/post"}],"author":[{"embeddable":true,"href":"https:\/\/exaudi.org\/es\/wp-json\/wp\/v2\/users\/23"}],"replies":[{"embeddable":true,"href":"https:\/\/exaudi.org\/es\/wp-json\/wp\/v2\/comments?post=43166"}],"version-history":[{"count":4,"href":"https:\/\/exaudi.org\/es\/wp-json\/wp\/v2\/posts\/43166\/revisions"}],"predecessor-version":[{"id":151902,"href":"https:\/\/exaudi.org\/es\/wp-json\/wp\/v2\/posts\/43166\/revisions\/151902"}],"wp:featuredmedia":[{"embeddable":true,"href":"https:\/\/exaudi.org\/es\/wp-json\/wp\/v2\/media\/43167"}],"wp:attachment":[{"href":"https:\/\/exaudi.org\/es\/wp-json\/wp\/v2\/media?parent=43166"}],"wp:term":[{"taxonomy":"category","embeddable":true,"href":"https:\/\/exaudi.org\/es\/wp-json\/wp\/v2\/categories?post=43166"},{"taxonomy":"post_tag","embeddable":true,"href":"https:\/\/exaudi.org\/es\/wp-json\/wp\/v2\/tags?post=43166"}],"curies":[{"name":"wp","href":"https:\/\/api.w.org\/{rel}","templated":true}]}}